{"id":39113,"date":"2019-02-26T12:38:37","date_gmt":"2019-02-26T15:38:37","guid":{"rendered":"http:\/\/rioonwatch.org.br\/?p=39113"},"modified":"2019-02-28T10:10:02","modified_gmt":"2019-02-28T13:10:02","slug":"bloco-loucura-suburbana-elege-o-samba-doutor-ouco-vozes","status":"publish","type":"post","link":"https:\/\/rioonwatch.org.br\/?p=39113","title":{"rendered":"Bloco Loucura Suburbana Elege o Samba &#8216;Doutor, Ou\u00e7o Vozes&#8217;"},"content":{"rendered":"<p style=\"text-align: right;\"><em><strong><a href=\"http:\/\/bit.ly\/2XwB2eP\" target=\"_blank\" rel=\"noopener noreferrer\">Click Here for English<\/a><a href=\"http:\/\/bit.ly\/2XwB2eP\" target=\"_blank\" rel=\"noopener noreferrer\"><img decoding=\"async\" width=\"20\" height=\"20\" class=\"alignright wp-image-15790\" src=\"http:\/\/rioonwatch.org.br\/wp-content\/uploads\/2012\/08\/EN-standard-e1439583104716.jpg\" \/><\/a><\/strong><\/em><\/p>\n<p><span style=\"font-weight: 400;\">No dia 19 de fevereiro, foi realizado o evento para a escolha do samba do carnaval 2019 do <a href=\"http:\/\/bit.ly\/2SZL9Kb\" target=\"_blank\" rel=\"noopener\">Bloco Carnavalesco Loucura Suburbana<\/a><\/span><span style=\"font-weight: 400;\">\u00a0no <a href=\"http:\/\/bit.ly\/2NskUWZ\" target=\"_blank\" rel=\"noopener\">SESC Engenho de Dentro<\/a><\/span><span style=\"font-weight: 400;\">. O bloco funciona no <a href=\"http:\/\/bit.ly\/2TgymT4\" target=\"_blank\" rel=\"noopener\">Instituto Municipal Nise da Silveira<\/a>\u2014<\/span><span style=\"font-weight: 400;\">mais conhecido como \u201c<a href=\"http:\/\/bit.ly\/2TlyWii\" target=\"_blank\" rel=\"noopener\">Nise<\/a>\u201d\u2014<\/span><span style=\"font-weight: 400;\">e foi criado em 2001 com a proposta de ser uma das ferramentas de tratamento e intera\u00e7\u00e3o entre os pacientes em substitui\u00e7\u00e3o ao modelo asilar (ou manicomial)\u2014n\u00e3o por acaso, isso acontece no mesmo ano em que foi oficializada a <a href=\"http:\/\/bit.ly\/2TjfSRK\" target=\"_blank\" rel=\"noopener\">Reforma Psiqui\u00e1trica<\/a>,<\/span><span style=\"font-weight: 400;\">\u00a0atrav\u00e9s da promulga\u00e7\u00e3o da <a href=\"http:\/\/rioonwatch.org.br\/?p=33367\" target=\"_blank\" rel=\"noopener\">Lei n\u00ba 10.216\/2001<\/a>.\u00a0<\/span><\/p>\n<p><span style=\"font-weight: 400;\">O desfile oficial acontece sempre na quinta-feira que antecede o in\u00edcio do carnaval. Neste ano, portanto, o <a href=\"http:\/\/bit.ly\/2ExsQ6x\" target=\"_blank\" rel=\"noopener\">bloco sai no dia 28 de fevereiro \u00e0s 17h<\/a><\/span><span style=\"font-weight: 400;\">, com concentra\u00e7\u00e3o na Rua <\/span><span style=\"font-weight: 400;\">Ramiro Magalh\u00e3es, n\u00ba 521, no Engenho de Dentro, a partir das 16h. O bloco \u00e9 composto por usu\u00e1rios da Rede de Sa\u00fade Mental, por trabalhadores da \u00e1rea e por qualquer pessoa que quiser participar, j\u00e1 que os <a href=\"http:\/\/bit.ly\/2Xp5rf0\" target=\"_blank\" rel=\"noopener\">ensaios e oficinas s\u00e3o abertos ao p\u00fablico<\/a><\/span><span style=\"font-weight: 400;\">\u00a0como refor\u00e7ou Abel Luis, que \u00e9 o coordenador musical do bloco.<\/span><\/p>\n<p><a href=\"http:\/\/rioonwatch.org.br\/wp-content\/uploads\/2019\/02\/Porta-bandeira-Elisama-Arnaud-e-Mestre-sala-Sidimar-Marinho.jpg\"><img fetchpriority=\"high\" decoding=\"async\" class=\"aligncenter wp-image-39120 size-content\" title=\"Porta-bandeira Elisama Arnaud e Mestre-sala Sidimar Marinho\" src=\"http:\/\/rioonwatch.org.br\/wp-content\/uploads\/2019\/02\/Porta-bandeira-Elisama-Arnaud-e-Mestre-sala-Sidimar-Marinho-620x264.jpg\" alt=\"\" width=\"620\" height=\"264\" srcset=\"https:\/\/rioonwatch.org.br\/wp-content\/uploads\/2019\/02\/Porta-bandeira-Elisama-Arnaud-e-Mestre-sala-Sidimar-Marinho-620x264.jpg 620w, https:\/\/rioonwatch.org.br\/wp-content\/uploads\/2019\/02\/Porta-bandeira-Elisama-Arnaud-e-Mestre-sala-Sidimar-Marinho-940x400.jpg 940w\" sizes=\"(max-width: 620px) 100vw, 620px\" \/><\/a><\/p>\n<h3><b>A import\u00e2ncia de se falar sobre a sa\u00fade mental atrav\u00e9s do carnaval<\/b><\/h3>\n<p><span style=\"font-weight: 400;\">Na abertura do evento, a coordenadora geral do bloco Ariadne de Moura pontuou a import\u00e2ncia do bloco como espa\u00e7o de resist\u00eancia e de <a href=\"http:\/\/bit.ly\/2U6PmbG\" target=\"_blank\" rel=\"noopener\">luta antimanicomial,<\/a> contextualizando sua fala em rela\u00e7\u00e3o a <a href=\"http:\/\/bit.ly\/2Eg7QQp\" target=\"_blank\" rel=\"noopener\">poss\u00edveis retrocessos<\/a> nas pol\u00edticas p\u00fablicas do setor.<\/span><\/p>\n<p>Recentemente, foi divulgada pelo Minist\u00e9rio da Sa\u00fade a <a href=\"http:\/\/bit.ly\/2GKbG7W\" target=\"_blank\" rel=\"noopener\">Nota T\u00e9cnica n\u00ba 11\/2019<\/a>, com mudan\u00e7as e novas diretrizes para a <a href=\"http:\/\/bit.ly\/2T2N159\" target=\"_blank\" rel=\"noopener\">Pol\u00edtica Nacional de Sa\u00fade Mental<\/a> e para a <a href=\"http:\/\/bit.ly\/2GIUKi5\" target=\"_blank\" rel=\"noopener\">Pol\u00edtica Nacional sobre Drogas<\/a>, que causou indigna\u00e7\u00e3o de diversos setores da sa\u00fade, como o <a href=\"http:\/\/bit.ly\/2EzaEcN\" target=\"_blank\" rel=\"noopener\">Conselho Federal de Psicologia<\/a> <span style=\"font-weight: 400;\">e o <a href=\"http:\/\/bit.ly\/2VhFpbr\" target=\"_blank\" rel=\"noopener\">Conselho Federal de Fisioterapia e Terapia Ocupacional<\/a><\/span><span style=\"font-weight: 400;\">.\u00a0<\/span><span style=\"font-weight: 400;\">Alguns dias ap\u00f3s a divulga\u00e7\u00e3o, a Nota T\u00e9cnica <a href=\"http:\/\/bit.ly\/2T2A1fG\" target=\"_blank\" rel=\"noopener\">foi retirada do ar<\/a><\/span><span style=\"font-weight: 400;\">\u00a0pelo pr\u00f3prio Minist\u00e9rio da Sa\u00fade. <\/span><\/p>\n<p><span style=\"font-weight: 400;\">Sidimar Marinho \u00e9 <a href=\"http:\/\/bit.ly\/2tzDDXw\" target=\"_blank\" rel=\"noopener\">integrante da equipe<\/a>\u00a0<\/span><span style=\"font-weight: 400;\">e mestre-sala do bloco desde o in\u00edcio das atividades, em 2001, fazendo dupla com a Porta-bandeira Elisama Arnaud. Ele \u00e9 usu\u00e1rio da Rede de Sa\u00fade Mental e explica as vantagens de realizar o bloco e as oficinas todo ano para as pessoas que est\u00e3o em tratamento: \u201c\u00e0s vezes um colega est\u00e1 em crise, vem para o bloco mesmo assim, e depois do bloco melhora, consegue ir para casa e ficar bem com a fam\u00edlia&#8230; Todo mundo se ajuda e carrega o colega para participar\u201d.<\/span><\/p>\n<p><a href=\"http:\/\/rioonwatch.org.br\/wp-content\/uploads\/2019\/02\/IMG_9636.jpeg\"><img decoding=\"async\" class=\"aligncenter wp-image-39123 size-content\" title=\"Usu\u00e1rios e trabalhadores da Rede no evento]\" src=\"http:\/\/rioonwatch.org.br\/wp-content\/uploads\/2019\/02\/IMG_9636-620x264.jpeg\" alt=\"\" width=\"620\" height=\"264\" srcset=\"https:\/\/rioonwatch.org.br\/wp-content\/uploads\/2019\/02\/IMG_9636-620x264.jpeg 620w, https:\/\/rioonwatch.org.br\/wp-content\/uploads\/2019\/02\/IMG_9636-940x400.jpeg 940w\" sizes=\"(max-width: 620px) 100vw, 620px\" \/><\/a><\/p>\n<p><span style=\"font-weight: 400;\">Sidimar enfatiza o poder da arte e da conex\u00e3o como importantes para a recupera\u00e7\u00e3o de pacientes psiqui\u00e1tricos. Durante o evento, estes usu\u00e1rios puderam exercer o direito \u00e0 conviv\u00eancia comunit\u00e1ria e ao lazer, dan\u00e7ando e cantando ao som dos sambas tocados e tamb\u00e9m apresentando seus pr\u00f3prios sambas, criados na Oficina Livre de M\u00fasica.<\/span><\/p>\n<p><span style=\"font-weight: 400;\">A psiquiatra alagoana Nise da Silveira, que d\u00e1 nome \u00e0 institui\u00e7\u00e3o acolhedora destes usu\u00e1rios, foi pioneira no processo de utiliza\u00e7\u00e3o da arte como terap\u00eautica. Nise\u00a0<a href=\"http:\/\/bit.ly\/2EdlYtD\" target=\"_blank\" rel=\"noopener\">criou em 1946<\/a> a se\u00e7\u00e3o de \u201cTerap\u00eautica Ocupacional\u201d no Centro Psiqui\u00e1trico Nacional\u2014<\/span><span style=\"font-weight: 400;\">antiga Col\u00f4nia de Alienadas do Engenho de Dentro e, hoje, Instituto Municipal Nise da Silveira\u2014onde incentivou o uso de pintura e modelagem tamb\u00e9m como forma de acesso ao inconsciente dos usu\u00e1rios. Com o aumento do acervo de artes produzidas pelos pacientes, ela fundou o <a href=\"http:\/\/bit.ly\/2EyOdV3\" target=\"_blank\" rel=\"noopener\">Museu de Imagens do Inconsciente<\/a><\/span><span style=\"font-weight: 400;\">. Al\u00e9m disso, apontou para desinstitucionaliza\u00e7\u00e3o de pacientes manicomiais, criando o <a href=\"http:\/\/bit.ly\/2Eaad78\" target=\"_blank\" rel=\"noopener\">primeiro servi\u00e7o de egressos<\/a> em 1956,<\/span><span style=\"font-weight: 400;\">\u00a0a <a href=\"http:\/\/bit.ly\/2GJCYLx\" target=\"_blank\" rel=\"noopener\">Casa das Palmeiras<\/a><\/span><span style=\"font-weight: 400;\">, que proporcionava atividades extramuros.<\/span><\/p>\n<p><a href=\"http:\/\/rioonwatch.org.br\/wp-content\/uploads\/2019\/02\/IMG_9641.jpeg\"><img loading=\"lazy\" decoding=\"async\" class=\"aligncenter wp-image-39125 size-content\" title=\"Camisa oficial do Bloco Loucura Suburbana 2019\" src=\"http:\/\/rioonwatch.org.br\/wp-content\/uploads\/2019\/02\/IMG_9641-620x264.jpeg\" alt=\"\" width=\"620\" height=\"264\" srcset=\"https:\/\/rioonwatch.org.br\/wp-content\/uploads\/2019\/02\/IMG_9641-620x264.jpeg 620w, https:\/\/rioonwatch.org.br\/wp-content\/uploads\/2019\/02\/IMG_9641-940x400.jpeg 940w\" sizes=\"(max-width: 620px) 100vw, 620px\" \/><\/a><\/p>\n<h3><b>A escolha do samba<\/b><\/h3>\n<p><span style=\"font-weight: 400;\">O processo de escolha do samba come\u00e7a com a apresenta\u00e7\u00e3o de cada um deles, primeiramente sem m\u00fasica de fundo e, posteriormente, acompanhados do ritmo dos instrumentos da bateria \u201cA Insandecida\u201d. Os jurados, ent\u00e3o, se re\u00fanem, escolhem tr\u00eas finalistas\u2014este ano, dado \u00e0 \u00f3tima qualidade dos sambas, foram eleitos quatro finalistas\u2014e h\u00e1 uma nova apresenta\u00e7\u00e3o. Da\u00ed sai o samba destaque do ano.<\/span><\/p>\n<p><span style=\"font-weight: 400;\">O j\u00fari foi composto por 18 pessoas de diversas institui\u00e7\u00f5es e at\u00e9 representantes de outros blocos carnavalescos. Dentre os nomes escolhidos estavam <a href=\"http:\/\/bit.ly\/2T1aiUM\" target=\"_blank\" rel=\"noopener\">Paulo Amarante<\/a><\/span><span style=\"font-weight: 400;\">, <a href=\"http:\/\/bit.ly\/2VnHaEf\" target=\"_blank\" rel=\"noopener\">D\u00e9bora Resende<\/a><\/span><span style=\"font-weight: 400;\">, Mestre Folia (<a href=\"http:\/\/bit.ly\/2Nvm4Rp\" target=\"_blank\" rel=\"noopener\">T\u00e1 Pirando, Pirado, Pirou<\/a>) e <a href=\"http:\/\/bit.ly\/2Evsj4L\" target=\"_blank\" rel=\"noopener\">Tatiana dos Santos<\/a><\/span><span style=\"font-weight: 400;\">. \u00a0<\/span><\/p>\n<p><span style=\"font-weight: 400;\">Este ano, os sambas finalistas foram: \u201cSou o Loucura Suburbana\u201d, de Elisama Arnaud e Andr\u00e9 Cabral, \u201cPatrim\u00f4nio Popular\u201d, de Michel Indiano, \u201cDo asilo ao Parque Nise da Silveira: \u00e9 o Loucura Suburbana desfilando a hist\u00f3ria\u201d, de Eur\u00edpedes J\u00fanior, e \u201cDoutor eu ou\u00e7o vozes\u201d, de Angela Maria Soares de Carvalho e Paulo Fernando.<\/span><\/p>\n<p><span style=\"font-weight: 400;\">O grande consagrado da noite foi o samba \u201cDoutor eu ou\u00e7o vozes\u201d, que d\u00e1 destaque para a necessidade da resist\u00eancia pol\u00edtica e do tratamento antimanicomial. Confira a letra completa abaixo:<\/span><\/p>\n<blockquote><p><span style=\"font-weight: 400;\">Doutor, eu ou\u00e7o vozes<\/span><br \/>\n<span style=\"font-weight: 400;\">Vozes que v\u00eam do al\u00e9m<\/span><br \/>\n<span style=\"font-weight: 400;\">\u00c9 preciso resistir<\/span><br \/>\n<span style=\"font-weight: 400;\">Ningu\u00e9m solta a m\u00e3o de ningu\u00e9m!!<\/span><\/p>\n<p><span style=\"font-weight: 400;\">\u00c9 rem\u00e9dio pra c\u00e1<\/span><br \/>\n<span style=\"font-weight: 400;\">\u00c9 oficina pra l\u00e1<\/span><br \/>\n<span style=\"font-weight: 400;\">Na terapia, eu vou me encontrando<\/span><br \/>\n<span style=\"font-weight: 400;\">E se a saudade apertar<\/span><br \/>\n<span style=\"font-weight: 400;\">Eu quero apenas amar<\/span><br \/>\n<span style=\"font-weight: 400;\">O Loucura Suburbana vai passar<\/span><\/p>\n<p><span style=\"font-weight: 400;\">O Loucura Suburbana<\/span><br \/>\n<span style=\"font-weight: 400;\">Mais uma vez<\/span><br \/>\n<span style=\"font-weight: 400;\">O Loucura Suburbana com voc\u00eas<\/span><\/p><\/blockquote>\n<p><a href=\"http:\/\/rioonwatch.org.br\/wp-content\/uploads\/2019\/02\/\u00c0-esquerda-Ariadne-de-Moura.-No-centro-Angela-Maria-Soares-de-Carvalho.jpeg\"><img loading=\"lazy\" decoding=\"async\" class=\"aligncenter wp-image-39128 size-content\" title=\"\u00c0 esquerda Ariadne de Moura. No centro ngela Maria Soares de Carvalho, vencedora do Samba 2019\" src=\"http:\/\/rioonwatch.org.br\/wp-content\/uploads\/2019\/02\/\u00c0-esquerda-Ariadne-de-Moura.-No-centro-Angela-Maria-Soares-de-Carvalho-620x264.jpeg\" alt=\"\" width=\"620\" height=\"264\" srcset=\"https:\/\/rioonwatch.org.br\/wp-content\/uploads\/2019\/02\/\u00c0-esquerda-Ariadne-de-Moura.-No-centro-Angela-Maria-Soares-de-Carvalho-620x264.jpeg 620w, https:\/\/rioonwatch.org.br\/wp-content\/uploads\/2019\/02\/\u00c0-esquerda-Ariadne-de-Moura.-No-centro-Angela-Maria-Soares-de-Carvalho-940x400.jpeg 940w\" sizes=\"(max-width: 620px) 100vw, 620px\" \/><\/a><\/p>\n<h3><b>Campanha de financiamento colaborativo no Catarse<\/b><\/h3>\n<p><span style=\"font-weight: 400;\">Apesar de toda a celebra\u00e7\u00e3o e alegria, o bloco vem encontrando dificuldades para a realiza\u00e7\u00e3o de seu desfile por conta da falta de recursos para confec\u00e7\u00e3o de fantasias e de camisetas\/material de divulga\u00e7\u00e3o, aluguel do carro de som e reparo dos instrumentos da bateria, dentre outras necessidades.<\/span> <span style=\"font-weight: 400;\">Por conta disso, est\u00e3o com uma <a href=\"http:\/\/bit.ly\/2GZXaIs\" target=\"_blank\" rel=\"noopener\">campanha de financiamento<\/a> <\/span><span style=\"font-weight: 400;\">aberta para que entusiastas de seu trabalho apoiem e tornem poss\u00edvel o desfile desse ano. <\/span><\/p>\n<p><a href=\"http:\/\/rioonwatch.org.br\/wp-content\/uploads\/2019\/02\/Bateria-\u201cA-Insandecida\u201d-tocando-o-Samba-2019.jpeg\"><img loading=\"lazy\" decoding=\"async\" class=\"aligncenter wp-image-39129 size-content\" title=\"Bateria \u201cA Insandecida\u201d tocando o Samba 2019\" src=\"http:\/\/rioonwatch.org.br\/wp-content\/uploads\/2019\/02\/Bateria-\u201cA-Insandecida\u201d-tocando-o-Samba-2019-620x264.jpeg\" alt=\"\" width=\"620\" height=\"264\" srcset=\"https:\/\/rioonwatch.org.br\/wp-content\/uploads\/2019\/02\/Bateria-\u201cA-Insandecida\u201d-tocando-o-Samba-2019-620x264.jpeg 620w, https:\/\/rioonwatch.org.br\/wp-content\/uploads\/2019\/02\/Bateria-\u201cA-Insandecida\u201d-tocando-o-Samba-2019-940x400.jpeg 940w\" sizes=\"(max-width: 620px) 100vw, 620px\" \/><\/a><\/p>\n<p><strong><em>Para ajudar o Loucura Suburbana colocar o bloco na rua<\/em><\/strong><em>\u00a0<strong><a href=\"http:\/\/bit.ly\/2ExsQ6x\" target=\"_blank\" rel=\"noopener\">no dia 28 de fevereiro<\/a>,\u00a0clique <a href=\"http:\/\/bit.ly\/2GZXaIs\" target=\"_blank\" rel=\"noopener\">aqui<\/a>.<\/strong><\/em><\/p>\n<!-- AddThis Advanced Settings generic via filter on the_content --><!-- AddThis Share Buttons generic via filter on the_content -->","protected":false},"excerpt":{"rendered":"<div class=\"mh-excerpt\"><p>Click Here for English No dia 19 de fevereiro, foi realizado o evento para a escolha do samba do carnaval 2019 do Bloco Carnavalesco Loucura Suburbana\u00a0no SESC Engenho de Dentro. O bloco funciona no Instituto <a class=\"mh-excerpt-more\" href=\"https:\/\/rioonwatch.org.br\/?p=39113\" title=\"Bloco Loucura Suburbana Elege o Samba &#8216;Doutor, Ou\u00e7o Vozes&#8217;\">[&#8230;]<\/a><!-- AddThis Advanced Settings generic via filter on get_the_excerpt --><!-- AddThis Share Buttons generic via filter on get_the_excerpt --><\/p>\n<\/div>","protected":false},"author":129,"featured_media":39116,"comment_status":"closed","ping_status":"closed","sticky":false,"template":"","format":"standard","meta":{"_acf_changed":false,"_monsterinsights_skip_tracking":false,"_monsterinsights_sitenote_active":false,"_monsterinsights_sitenote_note":"","_monsterinsights_sitenote_category":0,"footnotes":""},"categories":[1621,1627,1388,342],"tags":[334,214,719,838,432,650,294,2069,782],"writer":[2537],"translator":[],"source":[],"ilustrador":[],"fotografo":[],"class_list":{"0":"post-39113","1":"post","2":"type-post","3":"status-publish","4":"format-standard","5":"has-post-thumbnail","7":"category-destaque","8":"category-relato-de-evento","9":"category-formas-de-apoiar","10":"category-solucoes","11":"tag-arte","12":"tag-carnaval","13":"tag-lazer","14":"tag-politica-publica","15":"tag-resistencia","16":"tag-samba","17":"tag-saude","18":"tag-saude-mental","19":"tag-sus","20":"writer-renata-queiroz-ramos"},"acf":[],"yoast_head":"<!-- This site is optimized with the Yoast SEO plugin v25.6 - https:\/\/yoast.com\/wordpress\/plugins\/seo\/ -->\n<title>Bloco Loucura Suburbana Elege o Samba &#039;Doutor, Ou\u00e7o Vozes&#039; - RioOnWatch<\/title>\n<meta name=\"robots\" content=\"index, follow, max-snippet:-1, max-image-preview:large, max-video-preview:-1\" \/>\n<link rel=\"canonical\" href=\"https:\/\/rioonwatch.org.br\/?p=39113\" \/>\n<meta property=\"og:locale\" content=\"pt_BR\" \/>\n<meta property=\"og:type\" content=\"article\" \/>\n<meta property=\"og:title\" content=\"Bloco Loucura Suburbana Elege o Samba &#039;Doutor, Ou\u00e7o Vozes&#039; - RioOnWatch\" \/>\n<meta property=\"og:description\" content=\"Click Here for English No dia 19 de fevereiro, foi realizado o evento para a escolha do samba do carnaval 2019 do Bloco Carnavalesco Loucura Suburbana\u00a0no SESC Engenho de Dentro. O bloco funciona no Instituto [...]\" \/>\n<meta property=\"og:url\" content=\"https:\/\/rioonwatch.org.br\/?p=39113\" \/>\n<meta property=\"og:site_name\" content=\"RioOnWatch\" \/>\n<meta property=\"article:published_time\" content=\"2019-02-26T15:38:37+00:00\" \/>\n<meta property=\"article:modified_time\" content=\"2019-02-28T13:10:02+00:00\" \/>\n<meta property=\"og:image\" content=\"https:\/\/rioonwatch.org.br\/wp-content\/uploads\/2019\/02\/Painel-do-Bloco-Loucura-Suburbanaok.jpg\" \/>\n\t<meta property=\"og:image:width\" content=\"1920\" \/>\n\t<meta property=\"og:image:height\" content=\"952\" \/>\n\t<meta property=\"og:image:type\" content=\"image\/jpeg\" \/>\n<meta name=\"author\" content=\"Admin\" \/>\n<meta name=\"twitter:card\" content=\"summary_large_image\" \/>\n<meta name=\"twitter:label1\" content=\"Escrito por\" \/>\n\t<meta name=\"twitter:data1\" content=\"Admin\" \/>\n\t<meta name=\"twitter:label2\" content=\"Est. tempo de leitura\" \/>\n\t<meta name=\"twitter:data2\" content=\"5 minutos\" \/>\n<script type=\"application\/ld+json\" class=\"yoast-schema-graph\">{\"@context\":\"https:\/\/schema.org\",\"@graph\":[{\"@type\":\"Article\",\"@id\":\"https:\/\/rioonwatch.org.br\/?p=39113#article\",\"isPartOf\":{\"@id\":\"https:\/\/rioonwatch.org.br\/?p=39113\"},\"author\":{\"name\":\"Admin\",\"@id\":\"https:\/\/rioonwatch.org.br\/#\/schema\/person\/11d64c290506f9df50c71b850c473f68\"},\"headline\":\"Bloco Loucura Suburbana Elege o Samba &#8216;Doutor, Ou\u00e7o Vozes&#8217;\",\"datePublished\":\"2019-02-26T15:38:37+00:00\",\"dateModified\":\"2019-02-28T13:10:02+00:00\",\"mainEntityOfPage\":{\"@id\":\"https:\/\/rioonwatch.org.br\/?p=39113\"},\"wordCount\":974,\"publisher\":{\"@id\":\"https:\/\/rioonwatch.org.br\/#organization\"},\"image\":{\"@id\":\"https:\/\/rioonwatch.org.br\/?p=39113#primaryimage\"},\"thumbnailUrl\":\"https:\/\/rioonwatch.org.br\/wp-content\/uploads\/2019\/02\/Painel-do-Bloco-Loucura-Suburbanaok.jpg\",\"keywords\":[\"arte\",\"carnaval\",\"lazer\",\"pol\u00edtica p\u00fablica\",\"resist\u00eancia\",\"samba\",\"sa\u00fade\",\"sa\u00fade mental\",\"SUS\"],\"articleSection\":[\"*Destaque\",\"Cobertura de Eventos\",\"Formas de Apoiar\",\"Solu\u00e7\u00f5es\"],\"inLanguage\":\"pt-BR\"},{\"@type\":\"WebPage\",\"@id\":\"https:\/\/rioonwatch.org.br\/?p=39113\",\"url\":\"https:\/\/rioonwatch.org.br\/?p=39113\",\"name\":\"Bloco Loucura Suburbana Elege o Samba 'Doutor, Ou\u00e7o Vozes' - RioOnWatch\",\"isPartOf\":{\"@id\":\"https:\/\/rioonwatch.org.br\/#website\"},\"primaryImageOfPage\":{\"@id\":\"https:\/\/rioonwatch.org.br\/?p=39113#primaryimage\"},\"image\":{\"@id\":\"https:\/\/rioonwatch.org.br\/?p=39113#primaryimage\"},\"thumbnailUrl\":\"https:\/\/rioonwatch.org.br\/wp-content\/uploads\/2019\/02\/Painel-do-Bloco-Loucura-Suburbanaok.jpg\",\"datePublished\":\"2019-02-26T15:38:37+00:00\",\"dateModified\":\"2019-02-28T13:10:02+00:00\",\"breadcrumb\":{\"@id\":\"https:\/\/rioonwatch.org.br\/?p=39113#breadcrumb\"},\"inLanguage\":\"pt-BR\",\"potentialAction\":[{\"@type\":\"ReadAction\",\"target\":[\"https:\/\/rioonwatch.org.br\/?p=39113\"]}]},{\"@type\":\"ImageObject\",\"inLanguage\":\"pt-BR\",\"@id\":\"https:\/\/rioonwatch.org.br\/?p=39113#primaryimage\",\"url\":\"https:\/\/rioonwatch.org.br\/wp-content\/uploads\/2019\/02\/Painel-do-Bloco-Loucura-Suburbanaok.jpg\",\"contentUrl\":\"https:\/\/rioonwatch.org.br\/wp-content\/uploads\/2019\/02\/Painel-do-Bloco-Loucura-Suburbanaok.jpg\",\"width\":1920,\"height\":952},{\"@type\":\"BreadcrumbList\",\"@id\":\"https:\/\/rioonwatch.org.br\/?p=39113#breadcrumb\",\"itemListElement\":[{\"@type\":\"ListItem\",\"position\":1,\"name\":\"In\u00edcio\",\"item\":\"https:\/\/rioonwatch.org.br\/\"},{\"@type\":\"ListItem\",\"position\":2,\"name\":\"Bloco Loucura Suburbana Elege o Samba &#8216;Doutor, Ou\u00e7o Vozes&#8217;\"}]},{\"@type\":\"WebSite\",\"@id\":\"https:\/\/rioonwatch.org.br\/#website\",\"url\":\"https:\/\/rioonwatch.org.br\/\",\"name\":\"RioOnWatch\",\"description\":\"relatos das favelas cariocas\",\"publisher\":{\"@id\":\"https:\/\/rioonwatch.org.br\/#organization\"},\"potentialAction\":[{\"@type\":\"SearchAction\",\"target\":{\"@type\":\"EntryPoint\",\"urlTemplate\":\"https:\/\/rioonwatch.org.br\/?s={search_term_string}\"},\"query-input\":{\"@type\":\"PropertyValueSpecification\",\"valueRequired\":true,\"valueName\":\"search_term_string\"}}],\"inLanguage\":\"pt-BR\"},{\"@type\":\"Organization\",\"@id\":\"https:\/\/rioonwatch.org.br\/#organization\",\"name\":\"RioOnWatch\",\"url\":\"https:\/\/rioonwatch.org.br\/\",\"logo\":{\"@type\":\"ImageObject\",\"inLanguage\":\"pt-BR\",\"@id\":\"https:\/\/rioonwatch.org.br\/#\/schema\/logo\/image\/\",\"url\":\"https:\/\/rioonwatch.org.br\/wp-content\/uploads\/2021\/06\/RioOnWatchcabecalhoPT11anos-2.png\",\"contentUrl\":\"https:\/\/rioonwatch.org.br\/wp-content\/uploads\/2021\/06\/RioOnWatchcabecalhoPT11anos-2.png\",\"width\":779,\"height\":277,\"caption\":\"RioOnWatch\"},\"image\":{\"@id\":\"https:\/\/rioonwatch.org.br\/#\/schema\/logo\/image\/\"}},{\"@type\":\"Person\",\"@id\":\"https:\/\/rioonwatch.org.br\/#\/schema\/person\/11d64c290506f9df50c71b850c473f68\",\"name\":\"Admin\",\"image\":{\"@type\":\"ImageObject\",\"inLanguage\":\"pt-BR\",\"@id\":\"https:\/\/rioonwatch.org.br\/#\/schema\/person\/image\/\",\"url\":\"https:\/\/secure.gravatar.com\/avatar\/56211ac74568383903349a1485e3c325?s=96&d=blank&r=g\",\"contentUrl\":\"https:\/\/secure.gravatar.com\/avatar\/56211ac74568383903349a1485e3c325?s=96&d=blank&r=g\",\"caption\":\"Admin\"},\"url\":\"https:\/\/rioonwatch.org.br\/?author=129\"}]}<\/script>\n<!-- \/ Yoast SEO plugin. -->","yoast_head_json":{"title":"Bloco Loucura Suburbana Elege o Samba 'Doutor, Ou\u00e7o Vozes' - RioOnWatch","robots":{"index":"index","follow":"follow","max-snippet":"max-snippet:-1","max-image-preview":"max-image-preview:large","max-video-preview":"max-video-preview:-1"},"canonical":"https:\/\/rioonwatch.org.br\/?p=39113","og_locale":"pt_BR","og_type":"article","og_title":"Bloco Loucura Suburbana Elege o Samba 'Doutor, Ou\u00e7o Vozes' - RioOnWatch","og_description":"Click Here for English No dia 19 de fevereiro, foi realizado o evento para a escolha do samba do carnaval 2019 do Bloco Carnavalesco Loucura Suburbana\u00a0no SESC Engenho de Dentro. O bloco funciona no Instituto [...]","og_url":"https:\/\/rioonwatch.org.br\/?p=39113","og_site_name":"RioOnWatch","article_published_time":"2019-02-26T15:38:37+00:00","article_modified_time":"2019-02-28T13:10:02+00:00","og_image":[{"width":1920,"height":952,"url":"https:\/\/rioonwatch.org.br\/wp-content\/uploads\/2019\/02\/Painel-do-Bloco-Loucura-Suburbanaok.jpg","type":"image\/jpeg"}],"author":"Admin","twitter_card":"summary_large_image","twitter_misc":{"Escrito por":"Admin","Est. tempo de leitura":"5 minutos"},"schema":{"@context":"https:\/\/schema.org","@graph":[{"@type":"Article","@id":"https:\/\/rioonwatch.org.br\/?p=39113#article","isPartOf":{"@id":"https:\/\/rioonwatch.org.br\/?p=39113"},"author":{"name":"Admin","@id":"https:\/\/rioonwatch.org.br\/#\/schema\/person\/11d64c290506f9df50c71b850c473f68"},"headline":"Bloco Loucura Suburbana Elege o Samba &#8216;Doutor, Ou\u00e7o Vozes&#8217;","datePublished":"2019-02-26T15:38:37+00:00","dateModified":"2019-02-28T13:10:02+00:00","mainEntityOfPage":{"@id":"https:\/\/rioonwatch.org.br\/?p=39113"},"wordCount":974,"publisher":{"@id":"https:\/\/rioonwatch.org.br\/#organization"},"image":{"@id":"https:\/\/rioonwatch.org.br\/?p=39113#primaryimage"},"thumbnailUrl":"https:\/\/rioonwatch.org.br\/wp-content\/uploads\/2019\/02\/Painel-do-Bloco-Loucura-Suburbanaok.jpg","keywords":["arte","carnaval","lazer","pol\u00edtica p\u00fablica","resist\u00eancia","samba","sa\u00fade","sa\u00fade mental","SUS"],"articleSection":["*Destaque","Cobertura de Eventos","Formas de Apoiar","Solu\u00e7\u00f5es"],"inLanguage":"pt-BR"},{"@type":"WebPage","@id":"https:\/\/rioonwatch.org.br\/?p=39113","url":"https:\/\/rioonwatch.org.br\/?p=39113","name":"Bloco Loucura Suburbana Elege o Samba 'Doutor, Ou\u00e7o Vozes' - RioOnWatch","isPartOf":{"@id":"https:\/\/rioonwatch.org.br\/#website"},"primaryImageOfPage":{"@id":"https:\/\/rioonwatch.org.br\/?p=39113#primaryimage"},"image":{"@id":"https:\/\/rioonwatch.org.br\/?p=39113#primaryimage"},"thumbnailUrl":"https:\/\/rioonwatch.org.br\/wp-content\/uploads\/2019\/02\/Painel-do-Bloco-Loucura-Suburbanaok.jpg","datePublished":"2019-02-26T15:38:37+00:00","dateModified":"2019-02-28T13:10:02+00:00","breadcrumb":{"@id":"https:\/\/rioonwatch.org.br\/?p=39113#breadcrumb"},"inLanguage":"pt-BR","potentialAction":[{"@type":"ReadAction","target":["https:\/\/rioonwatch.org.br\/?p=39113"]}]},{"@type":"ImageObject","inLanguage":"pt-BR","@id":"https:\/\/rioonwatch.org.br\/?p=39113#primaryimage","url":"https:\/\/rioonwatch.org.br\/wp-content\/uploads\/2019\/02\/Painel-do-Bloco-Loucura-Suburbanaok.jpg","contentUrl":"https:\/\/rioonwatch.org.br\/wp-content\/uploads\/2019\/02\/Painel-do-Bloco-Loucura-Suburbanaok.jpg","width":1920,"height":952},{"@type":"BreadcrumbList","@id":"https:\/\/rioonwatch.org.br\/?p=39113#breadcrumb","itemListElement":[{"@type":"ListItem","position":1,"name":"In\u00edcio","item":"https:\/\/rioonwatch.org.br\/"},{"@type":"ListItem","position":2,"name":"Bloco Loucura Suburbana Elege o Samba &#8216;Doutor, Ou\u00e7o Vozes&#8217;"}]},{"@type":"WebSite","@id":"https:\/\/rioonwatch.org.br\/#website","url":"https:\/\/rioonwatch.org.br\/","name":"RioOnWatch","description":"relatos das favelas cariocas","publisher":{"@id":"https:\/\/rioonwatch.org.br\/#organization"},"potentialAction":[{"@type":"SearchAction","target":{"@type":"EntryPoint","urlTemplate":"https:\/\/rioonwatch.org.br\/?s={search_term_string}"},"query-input":{"@type":"PropertyValueSpecification","valueRequired":true,"valueName":"search_term_string"}}],"inLanguage":"pt-BR"},{"@type":"Organization","@id":"https:\/\/rioonwatch.org.br\/#organization","name":"RioOnWatch","url":"https:\/\/rioonwatch.org.br\/","logo":{"@type":"ImageObject","inLanguage":"pt-BR","@id":"https:\/\/rioonwatch.org.br\/#\/schema\/logo\/image\/","url":"https:\/\/rioonwatch.org.br\/wp-content\/uploads\/2021\/06\/RioOnWatchcabecalhoPT11anos-2.png","contentUrl":"https:\/\/rioonwatch.org.br\/wp-content\/uploads\/2021\/06\/RioOnWatchcabecalhoPT11anos-2.png","width":779,"height":277,"caption":"RioOnWatch"},"image":{"@id":"https:\/\/rioonwatch.org.br\/#\/schema\/logo\/image\/"}},{"@type":"Person","@id":"https:\/\/rioonwatch.org.br\/#\/schema\/person\/11d64c290506f9df50c71b850c473f68","name":"Admin","image":{"@type":"ImageObject","inLanguage":"pt-BR","@id":"https:\/\/rioonwatch.org.br\/#\/schema\/person\/image\/","url":"https:\/\/secure.gravatar.com\/avatar\/56211ac74568383903349a1485e3c325?s=96&d=blank&r=g","contentUrl":"https:\/\/secure.gravatar.com\/avatar\/56211ac74568383903349a1485e3c325?s=96&d=blank&r=g","caption":"Admin"},"url":"https:\/\/rioonwatch.org.br\/?author=129"}]}},"_links":{"self":[{"href":"https:\/\/rioonwatch.org.br\/index.php?rest_route=\/wp\/v2\/posts\/39113"}],"collection":[{"href":"https:\/\/rioonwatch.org.br\/index.php?rest_route=\/wp\/v2\/posts"}],"about":[{"href":"https:\/\/rioonwatch.org.br\/index.php?rest_route=\/wp\/v2\/types\/post"}],"author":[{"embeddable":true,"href":"https:\/\/rioonwatch.org.br\/index.php?rest_route=\/wp\/v2\/users\/129"}],"replies":[{"embeddable":true,"href":"https:\/\/rioonwatch.org.br\/index.php?rest_route=%2Fwp%2Fv2%2Fcomments&post=39113"}],"version-history":[{"count":25,"href":"https:\/\/rioonwatch.org.br\/index.php?rest_route=\/wp\/v2\/posts\/39113\/revisions"}],"predecessor-version":[{"id":39167,"href":"https:\/\/rioonwatch.org.br\/index.php?rest_route=\/wp\/v2\/posts\/39113\/revisions\/39167"}],"wp:featuredmedia":[{"embeddable":true,"href":"https:\/\/rioonwatch.org.br\/index.php?rest_route=\/wp\/v2\/media\/39116"}],"wp:attachment":[{"href":"https:\/\/rioonwatch.org.br\/index.php?rest_route=%2Fwp%2Fv2%2Fmedia&parent=39113"}],"wp:term":[{"taxonomy":"category","embeddable":true,"href":"https:\/\/rioonwatch.org.br\/index.php?rest_route=%2Fwp%2Fv2%2Fcategories&post=39113"},{"taxonomy":"post_tag","embeddable":true,"href":"https:\/\/rioonwatch.org.br\/index.php?rest_route=%2Fwp%2Fv2%2Ftags&post=39113"},{"taxonomy":"writer","embeddable":true,"href":"https:\/\/rioonwatch.org.br\/index.php?rest_route=%2Fwp%2Fv2%2Fwriter&post=39113"},{"taxonomy":"translator","embeddable":true,"href":"https:\/\/rioonwatch.org.br\/index.php?rest_route=%2Fwp%2Fv2%2Ftranslator&post=39113"},{"taxonomy":"source","embeddable":true,"href":"https:\/\/rioonwatch.org.br\/index.php?rest_route=%2Fwp%2Fv2%2Fsource&post=39113"},{"taxonomy":"ilustrador","embeddable":true,"href":"https:\/\/rioonwatch.org.br\/index.php?rest_route=%2Fwp%2Fv2%2Filustrador&post=39113"},{"taxonomy":"fotografo","embeddable":true,"href":"https:\/\/rioonwatch.org.br\/index.php?rest_route=%2Fwp%2Fv2%2Ffotografo&post=39113"}],"curies":[{"name":"wp","href":"https:\/\/api.w.org\/{rel}","templated":true}]}}