{"id":39213,"date":"2019-03-04T10:07:19","date_gmt":"2019-03-04T13:07:19","guid":{"rendered":"http:\/\/rioonwatch.org.br\/?p=39213"},"modified":"2019-03-04T10:07:38","modified_gmt":"2019-03-04T13:07:38","slug":"acao-coletiva-para-gestao-de-residuos-e-tema-de-debate-nas-favelas-do-complexo-do-alemao","status":"publish","type":"post","link":"https:\/\/rioonwatch.org.br\/?p=39213","title":{"rendered":"A\u00e7\u00e3o Coletiva para Gest\u00e3o de Res\u00edduos \u00e9 Tema de Debate no Complexo do Alem\u00e3o"},"content":{"rendered":"<p style=\"text-align: right;\"><em><strong><a href=\"http:\/\/bit.ly\/2VxMpRU\" target=\"_blank\" rel=\"noopener noreferrer\">Click Here for English<\/a><a href=\"http:\/\/bit.ly\/2VxMpRU\" target=\"_blank\" rel=\"noopener noreferrer\"><img decoding=\"async\" width=\"20\" height=\"20\" class=\"alignright wp-image-15790\" src=\"http:\/\/rioonwatch.org.br\/wp-content\/uploads\/2012\/08\/EN-standard-e1439583104716.jpg\" \/><\/a><\/strong><\/em><\/p>\n<p>No s\u00e1bado, 23 de fevereiro, o <a href=\"http:\/\/bit.ly\/2a2Cjo6\" target=\"_blank\" rel=\"noopener\">Instituto Ra\u00edzes em Movimento<\/a>, organiza\u00e7\u00e3o comunit\u00e1ria de desenvolvimento social e cultural do <a href=\"http:\/\/bit.ly\/2fKoHig\" target=\"_blank\" rel=\"noopener\">Complexo do Alem\u00e3o<\/a>, na <a href=\"http:\/\/bit.ly\/WximDf\" target=\"_blank\" rel=\"noopener\">Zona Norte<\/a> do Rio de Janeiro, sediou o evento &#8220;<a href=\"http:\/\/bit.ly\/2BY3oVS\" target=\"_blank\" rel=\"noopener\">O Lixo: Pol\u00edticas e Desafios<\/a>&#8220;, reunindo moradores e palestrantes convidados para tratar da quest\u00e3o do lixo localmente, nas favelas, e em um contexto global. O evento teve como foco os impactos socioculturais dos res\u00edduos e como, por sua vez, as dimens\u00f5es socioculturais podem fazer parte da solu\u00e7\u00e3o. Vinte moradores participaram do debate, realizado ao ar livre em frente da sede do Ra\u00edzes no Alem\u00e3o, para enfrentar o <a href=\"http:\/\/bit.ly\/2xG10ig\" target=\"_blank\" rel=\"noopener\">desafio cada vez mais urgente do lixo urbano<\/a>.<\/p>\n<p><a href=\"http:\/\/rioonwatch.org.br\/wp-content\/uploads\/2019\/03\/Vamos-Desenrolar-Alema\u0303o.jpg\"><img fetchpriority=\"high\" decoding=\"async\" class=\"aligncenter wp-image-39219 size-content\" title=\"Davi Amen, co-coordenador de comunica\u00e7\u00e3o do Instituto Ra\u00edzes em Movimento.\" src=\"http:\/\/rioonwatch.org.br\/wp-content\/uploads\/2019\/03\/Vamos-Desenrolar-Alema\u0303o-620x264.jpg\" alt=\"\" width=\"620\" height=\"264\" srcset=\"https:\/\/rioonwatch.org.br\/wp-content\/uploads\/2019\/03\/Vamos-Desenrolar-Alema\u0303o-620x264.jpg 620w, https:\/\/rioonwatch.org.br\/wp-content\/uploads\/2019\/03\/Vamos-Desenrolar-Alema\u0303o-940x400.jpg 940w\" sizes=\"(max-width: 620px) 100vw, 620px\" \/><\/a><\/p>\n<p>A discuss\u00e3o, que fazia parte do projeto <a href=\"http:\/\/bit.ly\/2a2Cjo6\" target=\"_blank\" rel=\"noopener\">Vamos Desenrolar<\/a><span style=\"vertical-align: inherit;\">\u2014<\/span>uma iniciativa com o objetivo de promover a discuss\u00e3o sobre quest\u00f5es relevantes na comunidade, com \u00eanfase no meio ambiente em 2018 e 2019<span style=\"vertical-align: inherit;\">\u2014<\/span> forneceu aos participantes o espa\u00e7o para exprimir suas experi\u00eancias e trocar ideias com os palestrantes convidados. Os especialistas em gest\u00e3o de res\u00edduos convidados a participar foram Dona Josefa Maria da Concei\u00e7\u00e3o, artes\u00e3 e volunt\u00e1ria da organiza\u00e7\u00e3o ambiental <a href=\"http:\/\/bit.ly\/18qCd1y\" target=\"_blank\" rel=\"noopener\">Verdejar<\/a>, que atua na regi\u00e3o; Marcio Ranauro, antrop\u00f3logo com foco em pol\u00edticas p\u00fablicas socioambientais; <a href=\"http:\/\/bit.ly\/2QoPhyv\" target=\"_blank\" rel=\"noopener\">Robson Borges<\/a>, fundador da cooperativa de reciclagem <span style=\"vertical-align: inherit;\"><a href=\"http:\/\/bit.ly\/2qRxeq4\" target=\"_blank\" rel=\"noopener\">Eu Quero Liberdade<\/a><\/span>; e <span style=\"vertical-align: inherit;\"><a href=\"http:\/\/bit.ly\/2UcTXZR\" target=\"_blank\" rel=\"noopener\">Alo\u00edsio Caetano de Carvalho<\/a><\/span>, apelidado de &#8220;Sorriso&#8221; por seu carisma e sorriso contagiante, um <a href=\"https:\/\/glo.bo\/2IJ06vy\" target=\"_blank\" rel=\"noopener\">famoso funcion\u00e1rio<\/a> da COMLURB.<\/p>\n<p>Dois pontos-chave surgiram durante a reuni\u00e3o de tr\u00eas horas. O primeiro: a necessidade de maior educa\u00e7\u00e3o, tanto nas escolas como em toda a comunidade, para garantir que as crian\u00e7as cres\u00e7am com consci\u00eancia ambiental, que \u00e9 crucial para as futuras gera\u00e7\u00f5es. De acordo com Robson<span style=\"vertical-align: inherit;\">\u2014<\/span>cuja cooperativa de reciclagem trabalha com indiv\u00edduos anteriormente encarcerados, reutilizando o lixo para eco constru\u00e7\u00f5es<span style=\"vertical-align: inherit;\">\u2014<\/span>a educa\u00e7\u00e3o ambiental \u00e9 vital para possibilitar &#8220;uma s\u00e9rie de benef\u00edcios, um efeito domin\u00f3&#8221; tanto local como globalmente. O segundo ponto chave: a <a href=\"http:\/\/bit.ly\/2RHN4Sn\" target=\"_blank\" rel=\"noopener\">necessidade de a\u00e7\u00e3o coletiva<\/a>. Ricardo Moura, que trabalha com o Instituto Ra\u00edzes em Movimento, concentrou-se nesse ponto, sugerindo que a mudan\u00e7a n\u00e3o vir\u00e1 de for\u00e7as de cima para baixo, mas da pr\u00f3pria comunidade<span style=\"vertical-align: inherit;\">\u2014<\/span>como \u00e9 o caso de muitos dos desafios enfrentados pelos moradores do Alem\u00e3o e outras favelas no Rio. Ricardo comentou: &#8220;N\u00e3o podemos ter a\u00e7\u00e3o individual&#8230; [Para] o que fazemos aqui todos estarem conectados \u00e9 fundamental&#8221;. Houve acordo sobre este ponto<span style=\"vertical-align: inherit;\">\u2014<\/span>a mudan\u00e7a positiva \u00e9 essencial e deve ser liderada pela comunidade. Um morador comentou sobre a import\u00e2ncia de discutir essas quest\u00f5es na comunidade: &#8220;Esse espa\u00e7o \u00e9 extremamente importante e necess\u00e1rio. Preciso estar aqui&#8221;.<\/p>\n<p>Ambos os pontos centraram-se na necessidade de consci\u00eancia da comunidade em torno do lixo. Discutindo a necessidade de consci\u00eancia ambiental coletiva, Robson comentou: &#8220;Outras pessoas dependem da minha consci\u00eancia, minha lideran\u00e7a, meu conhecimento&#8221;.<\/p>\n<p><a href=\"http:\/\/rioonwatch.org.br\/wp-content\/uploads\/2019\/03\/Vamos-Desenrolar-Alema\u0303o-2.jpg\"><img decoding=\"async\" class=\"aligncenter wp-image-39229 size-content\" title=\"Robson Borges e Alo\u00edsio Caetano de Carvalho\" src=\"http:\/\/rioonwatch.org.br\/wp-content\/uploads\/2019\/03\/Vamos-Desenrolar-Alema\u0303o-2-620x264.jpg\" alt=\"\" width=\"620\" height=\"264\" srcset=\"https:\/\/rioonwatch.org.br\/wp-content\/uploads\/2019\/03\/Vamos-Desenrolar-Alema\u0303o-2-620x264.jpg 620w, https:\/\/rioonwatch.org.br\/wp-content\/uploads\/2019\/03\/Vamos-Desenrolar-Alema\u0303o-2-940x400.jpg 940w\" sizes=\"(max-width: 620px) 100vw, 620px\" \/><\/a><\/p>\n<p>Robson e Alo\u00edsio falaram sobre suas experi\u00eancias e trabalhos na \u00e1rea de gest\u00e3o de res\u00edduos. Ambos associavam a palavra &#8220;viol\u00eancia&#8221; \u00e0 rela\u00e7\u00e3o do Rio com o lixo. Robson descreveu o &#8220;ciclo de viol\u00eancia&#8221; que inclui a viol\u00eancia contra o meio ambiente, a viol\u00eancia contra a sa\u00fade p\u00fablica e a viol\u00eancia contra as futuras gera\u00e7\u00f5es. Considerar o <a href=\"http:\/\/bit.ly\/2Hbfyhv\" target=\"_blank\" rel=\"noopener\">lixo como uma forma de viol\u00eancia<\/a> reformula sua disposi\u00e7\u00e3o inadequada como uma escolha, ou um ato deliberado (em vez de passivo), que causa danos ao indiv\u00edduo e \u00e0queles ao seu redor. Esse entendimento fornece uma nova narrativa que pode ajudar a fortalecer a consci\u00eancia ambiental que \u00e9 necess\u00e1ria na comunidade. Ficou claro ao longo do debate que no Alem\u00e3o e em outras favelas, a gest\u00e3o de res\u00edduos e o desenvolvimento humano s\u00e3o vistos como intrinsecamente ligados, e negligenciar um prejudica o outro.<\/p>\n<p><a href=\"http:\/\/rioonwatch.org.br\/wp-content\/uploads\/2019\/03\/Vamos-Desenrolar-Alema\u0303o-3.jpg\"><img loading=\"lazy\" decoding=\"async\" class=\"aligncenter size-content wp-image-39231\" src=\"http:\/\/rioonwatch.org.br\/wp-content\/uploads\/2019\/03\/Vamos-Desenrolar-Alema\u0303o-3-620x264.jpg\" alt=\"\" width=\"620\" height=\"264\" srcset=\"https:\/\/rioonwatch.org.br\/wp-content\/uploads\/2019\/03\/Vamos-Desenrolar-Alema\u0303o-3-620x264.jpg 620w, https:\/\/rioonwatch.org.br\/wp-content\/uploads\/2019\/03\/Vamos-Desenrolar-Alema\u0303o-3-940x400.jpg 940w\" sizes=\"(max-width: 620px) 100vw, 620px\" \/><\/a><\/p>\n<p>Esta reuni\u00e3o ofereceu aos membros da comunidade espa\u00e7o para discutir id\u00e9ias e come\u00e7ar a enfrentar o que \u00e9 um grande desafio n\u00e3o apenas no Alem\u00e3o, mas em todo o Rio e al\u00e9m. Organiza\u00e7\u00f5es como o Instituto Ra\u00edzes em Movimento e eventos como esse nascem da <a href=\"http:\/\/bit.ly\/2aSU5sp\" target=\"_blank\" rel=\"noopener\">resili\u00eancia inerente \u00e0s favelas<\/a> e s\u00e3o alimentados pela persistente necessidade de atuar coletivamente para solucionar os desafios da comunidade. A paix\u00e3o e o amor dos moradores por sua comunidade ficaram evidentes durante toda a discuss\u00e3o. A reuni\u00e3o foi envolvente e inclusiva, dando origem \u00e0 discuss\u00e3o de <a href=\"http:\/\/bit.ly\/1ohZA0h\" target=\"_blank\" rel=\"noopener\">solu\u00e7\u00f5es socioambientais tang\u00edveis<\/a> e forneceu mais um exemplo da vitalidade e engenhosidade das favelas.<\/p>\n<!-- AddThis Advanced Settings generic via filter on the_content --><!-- AddThis Share Buttons generic via filter on the_content -->","protected":false},"excerpt":{"rendered":"<div class=\"mh-excerpt\"><p>Click Here for English No s\u00e1bado, 23 de fevereiro, o Instituto Ra\u00edzes em Movimento, organiza\u00e7\u00e3o comunit\u00e1ria de desenvolvimento social e cultural do Complexo do Alem\u00e3o, na Zona Norte do Rio de Janeiro, sediou o evento <a class=\"mh-excerpt-more\" href=\"https:\/\/rioonwatch.org.br\/?p=39213\" title=\"A\u00e7\u00e3o Coletiva para Gest\u00e3o de Res\u00edduos \u00e9 Tema de Debate no Complexo do Alem\u00e3o\">[&#8230;]<\/a><!-- AddThis Advanced Settings generic via filter on get_the_excerpt --><!-- AddThis Share Buttons generic via filter on get_the_excerpt --><\/p>\n<\/div>","protected":false},"author":129,"featured_media":39216,"comment_status":"closed","ping_status":"closed","sticky":false,"template":"","format":"standard","meta":{"_acf_changed":false,"_monsterinsights_skip_tracking":false,"_monsterinsights_sitenote_active":false,"_monsterinsights_sitenote_note":"","_monsterinsights_sitenote_category":0,"footnotes":""},"categories":[1627,1626,1616,1612,342,1639],"tags":[1910,623,217,421,363,1554,1795,360,106,1151,1304,358,838,1517,361,1347,404,429,218],"writer":[2595],"translator":[273],"source":[],"ilustrador":[],"fotografo":[],"class_list":{"0":"post-39213","1":"post","2":"type-post","3":"status-publish","4":"format-standard","5":"has-post-thumbnail","7":"category-relato-de-evento","8":"category-por-observadores-internacionais","9":"category-qualidades-da-favela","10":"category-sociedade-civil","11":"category-solucoes","12":"category-sustentabilidade","13":"tag-auto-construcao","14":"tag-comlurb","15":"tag-complexo-do-alemao","16":"tag-cultura-da-favela","17":"tag-educacao-ambiental","18":"tag-gestao-de-residuos","19":"tag-lideranca-comunitaria","20":"tag-lixo","21":"tag-meio-ambiente","22":"tag-organizacao","23":"tag-organizacao-criativa","24":"tag-organizacao-comunitaria","25":"tag-politica-publica","26":"tag-raizes-em-movimento","27":"tag-reciclagem","28":"tag-solucao","29":"tag-sustentabilidade","30":"tag-verdejar","31":"tag-zona-norte","32":"writer-daisy-longden","33":"translator-roseli-franco"},"acf":[],"yoast_head":"<!-- This site is optimized with the Yoast SEO plugin v25.6 - https:\/\/yoast.com\/wordpress\/plugins\/seo\/ -->\n<title>A\u00e7\u00e3o Coletiva para Gest\u00e3o de Res\u00edduos \u00e9 Tema de Debate no Complexo do Alem\u00e3o - RioOnWatch<\/title>\n<meta name=\"robots\" content=\"index, follow, max-snippet:-1, max-image-preview:large, max-video-preview:-1\" \/>\n<link rel=\"canonical\" href=\"https:\/\/rioonwatch.org.br\/?p=39213\" \/>\n<meta property=\"og:locale\" content=\"pt_BR\" \/>\n<meta property=\"og:type\" content=\"article\" \/>\n<meta property=\"og:title\" content=\"A\u00e7\u00e3o Coletiva para Gest\u00e3o de Res\u00edduos \u00e9 Tema de Debate no Complexo do Alem\u00e3o - RioOnWatch\" \/>\n<meta property=\"og:description\" content=\"Click Here for English No s\u00e1bado, 23 de fevereiro, o Instituto Ra\u00edzes em Movimento, organiza\u00e7\u00e3o comunit\u00e1ria de desenvolvimento social e cultural do Complexo do Alem\u00e3o, na Zona Norte do Rio de Janeiro, sediou o evento [...]\" \/>\n<meta property=\"og:url\" content=\"https:\/\/rioonwatch.org.br\/?p=39213\" \/>\n<meta property=\"og:site_name\" content=\"RioOnWatch\" \/>\n<meta property=\"article:published_time\" content=\"2019-03-04T13:07:19+00:00\" \/>\n<meta property=\"article:modified_time\" content=\"2019-03-04T13:07:38+00:00\" \/>\n<meta property=\"og:image\" content=\"https:\/\/rioonwatch.org.br\/wp-content\/uploads\/2019\/03\/Alema\u0303o-232.jpg\" \/>\n\t<meta property=\"og:image:width\" content=\"1333\" \/>\n\t<meta property=\"og:image:height\" content=\"1000\" \/>\n\t<meta property=\"og:image:type\" content=\"image\/jpeg\" \/>\n<meta name=\"author\" content=\"Admin\" \/>\n<meta name=\"twitter:card\" content=\"summary_large_image\" \/>\n<meta name=\"twitter:label1\" content=\"Escrito por\" \/>\n\t<meta name=\"twitter:data1\" content=\"Admin\" \/>\n\t<meta name=\"twitter:label2\" content=\"Est. tempo de leitura\" \/>\n\t<meta name=\"twitter:data2\" content=\"4 minutos\" \/>\n<script type=\"application\/ld+json\" class=\"yoast-schema-graph\">{\"@context\":\"https:\/\/schema.org\",\"@graph\":[{\"@type\":\"Article\",\"@id\":\"https:\/\/rioonwatch.org.br\/?p=39213#article\",\"isPartOf\":{\"@id\":\"https:\/\/rioonwatch.org.br\/?p=39213\"},\"author\":{\"name\":\"Admin\",\"@id\":\"https:\/\/rioonwatch.org.br\/#\/schema\/person\/11d64c290506f9df50c71b850c473f68\"},\"headline\":\"A\u00e7\u00e3o Coletiva para Gest\u00e3o de Res\u00edduos \u00e9 Tema de Debate no Complexo do Alem\u00e3o\",\"datePublished\":\"2019-03-04T13:07:19+00:00\",\"dateModified\":\"2019-03-04T13:07:38+00:00\",\"mainEntityOfPage\":{\"@id\":\"https:\/\/rioonwatch.org.br\/?p=39213\"},\"wordCount\":787,\"publisher\":{\"@id\":\"https:\/\/rioonwatch.org.br\/#organization\"},\"image\":{\"@id\":\"https:\/\/rioonwatch.org.br\/?p=39213#primaryimage\"},\"thumbnailUrl\":\"https:\/\/rioonwatch.org.br\/wp-content\/uploads\/2019\/03\/Alema\u0303o-232.jpg\",\"keywords\":[\"autoconstru\u00e7\u00e3o\",\"COMLURB\",\"Complexo do Alem\u00e3o\",\"cultura da favela\",\"educa\u00e7\u00e3o ambiental\",\"gest\u00e3o de res\u00edduos\",\"lideran\u00e7a comunit\u00e1ria\",\"lixo\",\"meio ambiente\",\"mobiliza\u00e7\u00e3o\",\"mobiliza\u00e7\u00e3o criativa\",\"organiza\u00e7\u00e3o comunit\u00e1ria\",\"pol\u00edtica p\u00fablica\",\"Ra\u00edzes em Movimento\",\"reciclagem\",\"solu\u00e7\u00e3o\",\"sustentabilidade\",\"Verdejar\",\"Zona Norte\"],\"articleSection\":[\"Cobertura de Eventos\",\"Escrito por Aliados\",\"Qualidades da Favela\",\"Sociedade Civil\",\"Solu\u00e7\u00f5es\",\"Sustentabilidade\"],\"inLanguage\":\"pt-BR\"},{\"@type\":\"WebPage\",\"@id\":\"https:\/\/rioonwatch.org.br\/?p=39213\",\"url\":\"https:\/\/rioonwatch.org.br\/?p=39213\",\"name\":\"A\u00e7\u00e3o Coletiva para Gest\u00e3o de Res\u00edduos \u00e9 Tema de Debate no Complexo do Alem\u00e3o - RioOnWatch\",\"isPartOf\":{\"@id\":\"https:\/\/rioonwatch.org.br\/#website\"},\"primaryImageOfPage\":{\"@id\":\"https:\/\/rioonwatch.org.br\/?p=39213#primaryimage\"},\"image\":{\"@id\":\"https:\/\/rioonwatch.org.br\/?p=39213#primaryimage\"},\"thumbnailUrl\":\"https:\/\/rioonwatch.org.br\/wp-content\/uploads\/2019\/03\/Alema\u0303o-232.jpg\",\"datePublished\":\"2019-03-04T13:07:19+00:00\",\"dateModified\":\"2019-03-04T13:07:38+00:00\",\"breadcrumb\":{\"@id\":\"https:\/\/rioonwatch.org.br\/?p=39213#breadcrumb\"},\"inLanguage\":\"pt-BR\",\"potentialAction\":[{\"@type\":\"ReadAction\",\"target\":[\"https:\/\/rioonwatch.org.br\/?p=39213\"]}]},{\"@type\":\"ImageObject\",\"inLanguage\":\"pt-BR\",\"@id\":\"https:\/\/rioonwatch.org.br\/?p=39213#primaryimage\",\"url\":\"https:\/\/rioonwatch.org.br\/wp-content\/uploads\/2019\/03\/Alema\u0303o-232.jpg\",\"contentUrl\":\"https:\/\/rioonwatch.org.br\/wp-content\/uploads\/2019\/03\/Alema\u0303o-232.jpg\",\"width\":1333,\"height\":1000},{\"@type\":\"BreadcrumbList\",\"@id\":\"https:\/\/rioonwatch.org.br\/?p=39213#breadcrumb\",\"itemListElement\":[{\"@type\":\"ListItem\",\"position\":1,\"name\":\"In\u00edcio\",\"item\":\"https:\/\/rioonwatch.org.br\/\"},{\"@type\":\"ListItem\",\"position\":2,\"name\":\"A\u00e7\u00e3o Coletiva para Gest\u00e3o de Res\u00edduos \u00e9 Tema de Debate no Complexo do Alem\u00e3o\"}]},{\"@type\":\"WebSite\",\"@id\":\"https:\/\/rioonwatch.org.br\/#website\",\"url\":\"https:\/\/rioonwatch.org.br\/\",\"name\":\"RioOnWatch\",\"description\":\"relatos das favelas cariocas\",\"publisher\":{\"@id\":\"https:\/\/rioonwatch.org.br\/#organization\"},\"potentialAction\":[{\"@type\":\"SearchAction\",\"target\":{\"@type\":\"EntryPoint\",\"urlTemplate\":\"https:\/\/rioonwatch.org.br\/?s={search_term_string}\"},\"query-input\":{\"@type\":\"PropertyValueSpecification\",\"valueRequired\":true,\"valueName\":\"search_term_string\"}}],\"inLanguage\":\"pt-BR\"},{\"@type\":\"Organization\",\"@id\":\"https:\/\/rioonwatch.org.br\/#organization\",\"name\":\"RioOnWatch\",\"url\":\"https:\/\/rioonwatch.org.br\/\",\"logo\":{\"@type\":\"ImageObject\",\"inLanguage\":\"pt-BR\",\"@id\":\"https:\/\/rioonwatch.org.br\/#\/schema\/logo\/image\/\",\"url\":\"https:\/\/rioonwatch.org.br\/wp-content\/uploads\/2021\/06\/RioOnWatchcabecalhoPT11anos-2.png\",\"contentUrl\":\"https:\/\/rioonwatch.org.br\/wp-content\/uploads\/2021\/06\/RioOnWatchcabecalhoPT11anos-2.png\",\"width\":779,\"height\":277,\"caption\":\"RioOnWatch\"},\"image\":{\"@id\":\"https:\/\/rioonwatch.org.br\/#\/schema\/logo\/image\/\"}},{\"@type\":\"Person\",\"@id\":\"https:\/\/rioonwatch.org.br\/#\/schema\/person\/11d64c290506f9df50c71b850c473f68\",\"name\":\"Admin\",\"image\":{\"@type\":\"ImageObject\",\"inLanguage\":\"pt-BR\",\"@id\":\"https:\/\/rioonwatch.org.br\/#\/schema\/person\/image\/\",\"url\":\"https:\/\/secure.gravatar.com\/avatar\/56211ac74568383903349a1485e3c325?s=96&d=blank&r=g\",\"contentUrl\":\"https:\/\/secure.gravatar.com\/avatar\/56211ac74568383903349a1485e3c325?s=96&d=blank&r=g\",\"caption\":\"Admin\"},\"url\":\"https:\/\/rioonwatch.org.br\/?author=129\"}]}<\/script>\n<!-- \/ Yoast SEO plugin. -->","yoast_head_json":{"title":"A\u00e7\u00e3o Coletiva para Gest\u00e3o de Res\u00edduos \u00e9 Tema de Debate no Complexo do Alem\u00e3o - RioOnWatch","robots":{"index":"index","follow":"follow","max-snippet":"max-snippet:-1","max-image-preview":"max-image-preview:large","max-video-preview":"max-video-preview:-1"},"canonical":"https:\/\/rioonwatch.org.br\/?p=39213","og_locale":"pt_BR","og_type":"article","og_title":"A\u00e7\u00e3o Coletiva para Gest\u00e3o de Res\u00edduos \u00e9 Tema de Debate no Complexo do Alem\u00e3o - RioOnWatch","og_description":"Click Here for English No s\u00e1bado, 23 de fevereiro, o Instituto Ra\u00edzes em Movimento, organiza\u00e7\u00e3o comunit\u00e1ria de desenvolvimento social e cultural do Complexo do Alem\u00e3o, na Zona Norte do Rio de Janeiro, sediou o evento [...]","og_url":"https:\/\/rioonwatch.org.br\/?p=39213","og_site_name":"RioOnWatch","article_published_time":"2019-03-04T13:07:19+00:00","article_modified_time":"2019-03-04T13:07:38+00:00","og_image":[{"width":1333,"height":1000,"url":"https:\/\/rioonwatch.org.br\/wp-content\/uploads\/2019\/03\/Alema\u0303o-232.jpg","type":"image\/jpeg"}],"author":"Admin","twitter_card":"summary_large_image","twitter_misc":{"Escrito por":"Admin","Est. tempo de leitura":"4 minutos"},"schema":{"@context":"https:\/\/schema.org","@graph":[{"@type":"Article","@id":"https:\/\/rioonwatch.org.br\/?p=39213#article","isPartOf":{"@id":"https:\/\/rioonwatch.org.br\/?p=39213"},"author":{"name":"Admin","@id":"https:\/\/rioonwatch.org.br\/#\/schema\/person\/11d64c290506f9df50c71b850c473f68"},"headline":"A\u00e7\u00e3o Coletiva para Gest\u00e3o de Res\u00edduos \u00e9 Tema de Debate no Complexo do Alem\u00e3o","datePublished":"2019-03-04T13:07:19+00:00","dateModified":"2019-03-04T13:07:38+00:00","mainEntityOfPage":{"@id":"https:\/\/rioonwatch.org.br\/?p=39213"},"wordCount":787,"publisher":{"@id":"https:\/\/rioonwatch.org.br\/#organization"},"image":{"@id":"https:\/\/rioonwatch.org.br\/?p=39213#primaryimage"},"thumbnailUrl":"https:\/\/rioonwatch.org.br\/wp-content\/uploads\/2019\/03\/Alema\u0303o-232.jpg","keywords":["autoconstru\u00e7\u00e3o","COMLURB","Complexo do Alem\u00e3o","cultura da favela","educa\u00e7\u00e3o ambiental","gest\u00e3o de res\u00edduos","lideran\u00e7a comunit\u00e1ria","lixo","meio ambiente","mobiliza\u00e7\u00e3o","mobiliza\u00e7\u00e3o criativa","organiza\u00e7\u00e3o comunit\u00e1ria","pol\u00edtica p\u00fablica","Ra\u00edzes em Movimento","reciclagem","solu\u00e7\u00e3o","sustentabilidade","Verdejar","Zona Norte"],"articleSection":["Cobertura de Eventos","Escrito por Aliados","Qualidades da Favela","Sociedade Civil","Solu\u00e7\u00f5es","Sustentabilidade"],"inLanguage":"pt-BR"},{"@type":"WebPage","@id":"https:\/\/rioonwatch.org.br\/?p=39213","url":"https:\/\/rioonwatch.org.br\/?p=39213","name":"A\u00e7\u00e3o Coletiva para Gest\u00e3o de Res\u00edduos \u00e9 Tema de Debate no Complexo do Alem\u00e3o - RioOnWatch","isPartOf":{"@id":"https:\/\/rioonwatch.org.br\/#website"},"primaryImageOfPage":{"@id":"https:\/\/rioonwatch.org.br\/?p=39213#primaryimage"},"image":{"@id":"https:\/\/rioonwatch.org.br\/?p=39213#primaryimage"},"thumbnailUrl":"https:\/\/rioonwatch.org.br\/wp-content\/uploads\/2019\/03\/Alema\u0303o-232.jpg","datePublished":"2019-03-04T13:07:19+00:00","dateModified":"2019-03-04T13:07:38+00:00","breadcrumb":{"@id":"https:\/\/rioonwatch.org.br\/?p=39213#breadcrumb"},"inLanguage":"pt-BR","potentialAction":[{"@type":"ReadAction","target":["https:\/\/rioonwatch.org.br\/?p=39213"]}]},{"@type":"ImageObject","inLanguage":"pt-BR","@id":"https:\/\/rioonwatch.org.br\/?p=39213#primaryimage","url":"https:\/\/rioonwatch.org.br\/wp-content\/uploads\/2019\/03\/Alema\u0303o-232.jpg","contentUrl":"https:\/\/rioonwatch.org.br\/wp-content\/uploads\/2019\/03\/Alema\u0303o-232.jpg","width":1333,"height":1000},{"@type":"BreadcrumbList","@id":"https:\/\/rioonwatch.org.br\/?p=39213#breadcrumb","itemListElement":[{"@type":"ListItem","position":1,"name":"In\u00edcio","item":"https:\/\/rioonwatch.org.br\/"},{"@type":"ListItem","position":2,"name":"A\u00e7\u00e3o Coletiva para Gest\u00e3o de Res\u00edduos \u00e9 Tema de Debate no Complexo do Alem\u00e3o"}]},{"@type":"WebSite","@id":"https:\/\/rioonwatch.org.br\/#website","url":"https:\/\/rioonwatch.org.br\/","name":"RioOnWatch","description":"relatos das favelas cariocas","publisher":{"@id":"https:\/\/rioonwatch.org.br\/#organization"},"potentialAction":[{"@type":"SearchAction","target":{"@type":"EntryPoint","urlTemplate":"https:\/\/rioonwatch.org.br\/?s={search_term_string}"},"query-input":{"@type":"PropertyValueSpecification","valueRequired":true,"valueName":"search_term_string"}}],"inLanguage":"pt-BR"},{"@type":"Organization","@id":"https:\/\/rioonwatch.org.br\/#organization","name":"RioOnWatch","url":"https:\/\/rioonwatch.org.br\/","logo":{"@type":"ImageObject","inLanguage":"pt-BR","@id":"https:\/\/rioonwatch.org.br\/#\/schema\/logo\/image\/","url":"https:\/\/rioonwatch.org.br\/wp-content\/uploads\/2021\/06\/RioOnWatchcabecalhoPT11anos-2.png","contentUrl":"https:\/\/rioonwatch.org.br\/wp-content\/uploads\/2021\/06\/RioOnWatchcabecalhoPT11anos-2.png","width":779,"height":277,"caption":"RioOnWatch"},"image":{"@id":"https:\/\/rioonwatch.org.br\/#\/schema\/logo\/image\/"}},{"@type":"Person","@id":"https:\/\/rioonwatch.org.br\/#\/schema\/person\/11d64c290506f9df50c71b850c473f68","name":"Admin","image":{"@type":"ImageObject","inLanguage":"pt-BR","@id":"https:\/\/rioonwatch.org.br\/#\/schema\/person\/image\/","url":"https:\/\/secure.gravatar.com\/avatar\/56211ac74568383903349a1485e3c325?s=96&d=blank&r=g","contentUrl":"https:\/\/secure.gravatar.com\/avatar\/56211ac74568383903349a1485e3c325?s=96&d=blank&r=g","caption":"Admin"},"url":"https:\/\/rioonwatch.org.br\/?author=129"}]}},"_links":{"self":[{"href":"https:\/\/rioonwatch.org.br\/index.php?rest_route=\/wp\/v2\/posts\/39213"}],"collection":[{"href":"https:\/\/rioonwatch.org.br\/index.php?rest_route=\/wp\/v2\/posts"}],"about":[{"href":"https:\/\/rioonwatch.org.br\/index.php?rest_route=\/wp\/v2\/types\/post"}],"author":[{"embeddable":true,"href":"https:\/\/rioonwatch.org.br\/index.php?rest_route=\/wp\/v2\/users\/129"}],"replies":[{"embeddable":true,"href":"https:\/\/rioonwatch.org.br\/index.php?rest_route=%2Fwp%2Fv2%2Fcomments&post=39213"}],"version-history":[{"count":19,"href":"https:\/\/rioonwatch.org.br\/index.php?rest_route=\/wp\/v2\/posts\/39213\/revisions"}],"predecessor-version":[{"id":39237,"href":"https:\/\/rioonwatch.org.br\/index.php?rest_route=\/wp\/v2\/posts\/39213\/revisions\/39237"}],"wp:featuredmedia":[{"embeddable":true,"href":"https:\/\/rioonwatch.org.br\/index.php?rest_route=\/wp\/v2\/media\/39216"}],"wp:attachment":[{"href":"https:\/\/rioonwatch.org.br\/index.php?rest_route=%2Fwp%2Fv2%2Fmedia&parent=39213"}],"wp:term":[{"taxonomy":"category","embeddable":true,"href":"https:\/\/rioonwatch.org.br\/index.php?rest_route=%2Fwp%2Fv2%2Fcategories&post=39213"},{"taxonomy":"post_tag","embeddable":true,"href":"https:\/\/rioonwatch.org.br\/index.php?rest_route=%2Fwp%2Fv2%2Ftags&post=39213"},{"taxonomy":"writer","embeddable":true,"href":"https:\/\/rioonwatch.org.br\/index.php?rest_route=%2Fwp%2Fv2%2Fwriter&post=39213"},{"taxonomy":"translator","embeddable":true,"href":"https:\/\/rioonwatch.org.br\/index.php?rest_route=%2Fwp%2Fv2%2Ftranslator&post=39213"},{"taxonomy":"source","embeddable":true,"href":"https:\/\/rioonwatch.org.br\/index.php?rest_route=%2Fwp%2Fv2%2Fsource&post=39213"},{"taxonomy":"ilustrador","embeddable":true,"href":"https:\/\/rioonwatch.org.br\/index.php?rest_route=%2Fwp%2Fv2%2Filustrador&post=39213"},{"taxonomy":"fotografo","embeddable":true,"href":"https:\/\/rioonwatch.org.br\/index.php?rest_route=%2Fwp%2Fv2%2Ffotografo&post=39213"}],"curies":[{"name":"wp","href":"https:\/\/api.w.org\/{rel}","templated":true}]}}