{"id":39322,"date":"2019-03-14T08:57:41","date_gmt":"2019-03-14T11:57:41","guid":{"rendered":"http:\/\/rioonwatch.org.br\/?p=39322"},"modified":"2022-10-11T09:23:42","modified_gmt":"2022-10-11T12:23:42","slug":"quatro-coisas-que-aprendi-com-a-luta-de-marielle-franco-1anosemmarielle-opiniao","status":"publish","type":"post","link":"https:\/\/rioonwatch.org.br\/?p=39322","title":{"rendered":"Quatro Coisas Que Aprendi Com a Luta de Marielle Franco #1AnoSemMarielle [OPINI\u00c3O]"},"content":{"rendered":"<p style=\"text-align: right;\"><span data-ccp-props=\"{&quot;201341983&quot;:0,&quot;335559739&quot;:160,&quot;335559740&quot;:259}\">\u00a0<\/span><em><strong><a href=\"http:\/\/bit.ly\/2JfgIv6\" target=\"_blank\" rel=\"noopener noreferrer\">Click Here for English<\/a><a href=\"http:\/\/bit.ly\/2JfgIv6&quot;\" target=\"_blank\" rel=\"noopener noreferrer\"><img decoding=\"async\" width=\"20\" height=\"20\" class=\"alignright wp-image-15790\" src=\"http:\/\/rioonwatch.org.br\/wp-content\/uploads\/2012\/08\/EN-standard-e1439583104716.jpg\" \/><\/a><\/strong><\/em><\/p>\n<p>A primeira vez que vi <a href=\"http:\/\/bit.ly\/2ibXBBl\" target=\"_blank\" rel=\"noopener\">Marielle Franco<\/a><span style=\"font-weight: 400;\"> pelas ruas da <a href=\"http:\/\/bit.ly\/10BvARw\" target=\"_blank\" rel=\"noopener\">Mar\u00e9<\/a> foi em 2016. Lembro bem de seu turbante colorido e de estar sentada numa cadeira de bar em pleno s\u00e1bado, assim como os comunicadores de favelas, ativistas e universit\u00e1rios dali. A roda de conversa foi sobre g\u00eanero, ra\u00e7a e juventude, no <a href=\"http:\/\/bit.ly\/2Ckzco3\" target=\"_blank\" rel=\"noopener\">Morro do Timbau<\/a>.<\/span><\/p>\n<p><span style=\"font-weight: 400;\">Marielle se colocava com uma voz forte, mas tamb\u00e9m se comunicava apenas com gestos. Estimulava discuss\u00f5es junto ao atual deputado federal <a href=\"http:\/\/bit.ly\/2cGt79l\" target=\"_blank\" rel=\"noopener\">Marcelo Freixo<\/a> e a deputada estadual <a href=\"http:\/\/bit.ly\/2EUAeaK\" target=\"_blank\" rel=\"noopener\">Renata Souza<\/a>. Depois desse evento, passei a acompanhar ainda mais sua atua\u00e7\u00e3o nas ruas, na pol\u00edtica e nas redes sociais.<\/span><\/p>\n<p><span style=\"font-weight: 400;\">Escrevo este artigo como uma reflex\u00e3o sobre sua luta e seu impacto na caminhada de tantas pessoas. Me identifico com ela n\u00e3o s\u00f3 porque fomos nascidas e criadas na mesma favela, t\u00ednhamos amigos em comum ou por termos passado na universidade como bolsistas. Foi bem mais que isso, pois nesse pouco tempo, ela me ensinou!<\/span><\/p>\n<h3><b>1 &#8211; Aprendi Que Representatividade Importa<\/b><\/h3>\n<p><span style=\"font-weight: 400;\">O pobre conquistou um expressivo espa\u00e7o de defesa de direitos quando Marielle Franco passou a atuar como vereadora do Rio de Janeiro. Era a primeira vez que estava completamente satisfeita em votar. <a href=\"http:\/\/bit.ly\/2dXL8AQ\" target=\"_blank\" rel=\"noopener\">Mais de 46.000 pessoas<\/a>\u00a0pensavam como eu. Marielle passou a ser <a href=\"http:\/\/bit.ly\/2Gp2OnO\" target=\"_blank\" rel=\"noopener\">a voz que pautava os seus<\/a>: pobres, negros, gays, favelados. Ela representava porque sabia ouvir as pessoas. Essa inclus\u00e3o n\u00e3o vem de todos. E essa atitude nos mudou, n\u00f3s que fazemos parte de sua luta.<\/span><\/p>\n<p><a href=\"http:\/\/rioonwatch.org.br\/wp-content\/uploads\/2019\/03\/Foto-FacebookMarielle-Franco.jpg\"><img fetchpriority=\"high\" decoding=\"async\" class=\"aligncenter size-content wp-image-39377\" src=\"http:\/\/rioonwatch.org.br\/wp-content\/uploads\/2019\/03\/Foto-FacebookMarielle-Franco-620x264.jpg\" alt=\"\" width=\"620\" height=\"264\" \/><\/a><\/p>\n<h3><b>2 &#8211; Aprendi Que Entrar na Pol\u00edtica \u00c9 Um Ato de Coragem<\/b><\/h3>\n<p><span style=\"font-weight: 400;\">Marielle Franco agiu apesar do medo e das dificuldades e <a href=\"http:\/\/bit.ly\/2lSNAeO\" target=\"_blank\" rel=\"noopener\">mostrou, na pr\u00e1tica<\/a>, como \u00e9 poss\u00edvel ser reflexo do que acreditamos. Seja com o corpo na rua, reivindicando um direito, seja ocupando a universidade, at\u00e9 mesmo com pensamentos revolucion\u00e1rios. E principalmente com a\u00e7\u00f5es que possam impactar de forma positiva a vida de pessoas que precisam de ajuda e compartilham a mesma dor. Foram menos de dois anos como vereadora e <a href=\"http:\/\/bit.ly\/2ro8hkW\">cinco projetos de lei aprovados<\/a> na <a href=\"http:\/\/bit.ly\/2CkCgAD\" target=\"_blank\" rel=\"noopener\">C\u00e2mara do Rio de Janeiro<\/a>. Uma vida curta mas que\u2014surpreendentemente\u2014se mostrou para o mundo, <a href=\"http:\/\/bit.ly\/2ESfY9U\" target=\"_blank\" rel=\"noopener\">mas de uma forma dif\u00edcil<\/a>.<\/span><\/p>\n<h3><b>3 &#8211; Aprendi Que Defender os Direitos Humanos Mobiliza Pessoas<\/b><\/h3>\n<p><span style=\"font-weight: 400;\">Ela motivou outras pessoas a trabalharem juntas em busca de cada a\u00e7\u00e3o fazer valer a pena. Colocou em pr\u00e1tica: organizou o <a href=\"http:\/\/bit.ly\/2zXOSNX\" target=\"_blank\" rel=\"noopener\">1\u00ba Encontro Direito \u00e0 Favela + Virad\u00e3o de Comunica\u00e7\u00e3o e Cultura<\/a>\u00a0no <a href=\"http:\/\/bit.ly\/2HwjnOv\" target=\"_blank\" rel=\"noopener\">Museu da Mar\u00e9<\/a>. Esse foi um evento muito importante para a cidade. Nele, foram realizados debates e forma\u00e7\u00e3o de pol\u00edticas p\u00fablicas com a participa\u00e7\u00e3o de moradores de favelas em uma madrugada cheia de oficinas. Ali n\u00e3o cabia 46 mil pessoas, mas nas urnas ela j\u00e1 tinha conseguido reuni-las e as transformou em for\u00e7a pol\u00edtica atrav\u00e9s dos votos.<\/span><\/p>\n<p><a href=\"http:\/\/rioonwatch.org.br\/wp-content\/uploads\/2019\/03\/Marielle-Franco-exibe-em-sua-camisa-a-frase-Direita-a-Favela.jpg\"><img decoding=\"async\" class=\"aligncenter wp-image-39379 size-content\" title=\" Marielle fala no 1\u00ba Encontro Direito \u00e0 Favela + Virad\u00e3o de Comunica\u00e7\u00e3o e Cultura\u00a0.\" src=\"http:\/\/rioonwatch.org.br\/wp-content\/uploads\/2019\/03\/Marielle-Franco-exibe-em-sua-camisa-a-frase-Direita-a-Favela-620x264.jpg\" alt=\"\" width=\"620\" height=\"264\" srcset=\"https:\/\/rioonwatch.org.br\/wp-content\/uploads\/2019\/03\/Marielle-Franco-exibe-em-sua-camisa-a-frase-Direita-a-Favela-620x264.jpg 620w, https:\/\/rioonwatch.org.br\/wp-content\/uploads\/2019\/03\/Marielle-Franco-exibe-em-sua-camisa-a-frase-Direita-a-Favela-940x400.jpg 940w\" sizes=\"(max-width: 620px) 100vw, 620px\" \/><\/a><b><\/b><\/p>\n<h3><b>4 &#8211; Aprendi Que Receber Apoio F\u00edsico e Moral Faz a Diferen\u00e7a<\/b><\/h3>\n<p><span style=\"font-weight: 400;\">Ela concretizou objetivos porque sabia onde queria chegar. Se fez presente na inaugura\u00e7\u00e3o do <a href=\"http:\/\/bit.ly\/2TSTteJ\" target=\"_blank\" rel=\"noopener\">N\u00facleo PSOL Mar\u00e9<\/a>, na realiza\u00e7\u00e3o de debates em espa\u00e7os de educa\u00e7\u00e3o, mem\u00f3ria e cultura dentro da favela e sua pr\u00f3pria candidatura <a href=\"http:\/\/bit.ly\/2MUePVf\" target=\"_blank\" rel=\"noopener\">deu uma dire\u00e7\u00e3o<\/a> para todos os que queriam chegar em algum lugar. Como grande exemplo temos a <a href=\"http:\/\/bit.ly\/2EUAeaK\" target=\"_blank\" rel=\"noopener\">Renata Souza<\/a>, amiga e vizinha da Marielle na Mar\u00e9, que se candidatou e <a href=\"http:\/\/bit.ly\/2DHjaWG\" target=\"_blank\" rel=\"noopener\">foi eleita como deputada estadual<\/a> e <a href=\"http:\/\/bit.ly\/2HkiVn9\" target=\"_blank\" rel=\"noopener\">presidente da Comiss\u00e3o dos Direitos Humanos<\/a>\u00a0da<a href=\"http:\/\/bit.ly\/2C4sSSw\" target=\"_blank\" rel=\"noopener\"> ALERJ<\/a>. Era preciso dar continuidade a todas as pautas e projetos de lei.<\/span><\/p>\n<blockquote><p>Pra mim, Marielle foi aprendizado. <span style=\"font-weight: 400;\">Foi um exemplo para os moradores do Conjunto de Favelas da Mar\u00e9, periferia carioca onde foi nascida e criada, e tamb\u00e9m para pessoas de toda a cidade, que se identificavam com as pautas defendidas por ela. Com a repercuss\u00e3o de seu assassinato, que completa um ano neste dia 14 de mar\u00e7o de 2019, ela tamb\u00e9m passou a ensinar para o mundo pelo que vale a pena lutar.<\/span><\/p><\/blockquote>\n<p><em>A jornalista\u00a0comunit\u00e1ria\u00a0<a href=\"http:\/\/bit.ly\/1RLfvW3\" target=\"_blank\" rel=\"noopener\" data-saferedirecturl=\"https:\/\/www.google.com\/url?hl=en&amp;q=http:\/\/bit.ly\/1RLfvW3&amp;source=gmail&amp;ust=1520020709810000&amp;usg=AFQjCNEkzFhTghz5eRPWXzEoor-t2HezHw\">Tha\u00eds Cavalcante<\/a>\u00a0nasceu e foi criada na <a href=\"http:\/\/bit.ly\/2JeLDI2\" target=\"_blank\" rel=\"noopener\">Nova Holanda<\/a>, uma das favelas da Mar\u00e9. Ao atuar como comunicadora comunit\u00e1ria em sua comunidade, decidiu cursar jornalismo na universidade e acredita no poder da informa\u00e7\u00e3o para mudar para melhor sua realidade.<\/em><\/p>\n<!-- AddThis Advanced Settings generic via filter on the_content --><!-- AddThis Share Buttons generic via filter on the_content -->","protected":false},"excerpt":{"rendered":"<div class=\"mh-excerpt\"><p>\u00a0Click Here for English A primeira vez que vi Marielle Franco pelas ruas da Mar\u00e9 foi em 2016. Lembro bem de seu turbante colorido e de estar sentada numa cadeira de bar em pleno s\u00e1bado, <a class=\"mh-excerpt-more\" href=\"https:\/\/rioonwatch.org.br\/?p=39322\" title=\"Quatro Coisas Que Aprendi Com a Luta de Marielle Franco #1AnoSemMarielle [OPINI\u00c3O]\">[&#8230;]<\/a><!-- AddThis Advanced Settings generic via filter on get_the_excerpt --><!-- AddThis Share Buttons generic via filter on get_the_excerpt --><\/p>\n<\/div>","protected":false},"author":129,"featured_media":39392,"comment_status":"closed","ping_status":"closed","sticky":false,"template":"","format":"standard","meta":{"_acf_changed":false,"_monsterinsights_skip_tracking":false,"_monsterinsights_sitenote_active":false,"_monsterinsights_sitenote_note":"","_monsterinsights_sitenote_category":0,"footnotes":""},"categories":[1621,1615,1625,1630],"tags":[1852,1259,1754,1515,332,479,2312,483,2033,1076,1106,350,307,2491,2432,2289,2601,218],"writer":[1294],"translator":[],"source":[],"ilustrador":[],"fotografo":[],"class_list":{"0":"post-39322","1":"post","2":"type-post","3":"status-publish","4":"format-standard","5":"has-post-thumbnail","7":"category-destaque","8":"category-cultura-da-favela","9":"category-por-correspondentes-comunitarios","10":"category-opiniao","11":"tag-alerj","12":"tag-assassinato","13":"tag-camara-dos-vereadores","14":"tag-comissao-de-direitos-humanos-alerj","15":"tag-complexo-da-mare","16":"tag-democracia","17":"tag-legado-de-marielle","18":"tag-marcelo-freixo","19":"tag-marielle-franco","20":"tag-morro-do-timbau","21":"tag-museu-da-mare","22":"tag-nova-holanda","23":"tag-opiniao","24":"tag-renata-souza-psol","25":"tag-representatividade","26":"tag-serie","27":"tag-serie-um-ano-sem-marielle-franco","28":"tag-zona-norte","29":"writer-thais-cavalcante"},"acf":[],"yoast_head":"<!-- This site is optimized with the Yoast SEO plugin v25.6 - https:\/\/yoast.com\/wordpress\/plugins\/seo\/ -->\n<title>Quatro Coisas Que Aprendi Com a Luta de Marielle Franco #1AnoSemMarielle [OPINI\u00c3O] - RioOnWatch<\/title>\n<meta name=\"robots\" content=\"index, follow, max-snippet:-1, max-image-preview:large, max-video-preview:-1\" \/>\n<link rel=\"canonical\" href=\"https:\/\/rioonwatch.org.br\/?p=39322\" \/>\n<meta property=\"og:locale\" content=\"pt_BR\" \/>\n<meta property=\"og:type\" content=\"article\" \/>\n<meta property=\"og:title\" content=\"Quatro Coisas Que Aprendi Com a Luta de Marielle Franco #1AnoSemMarielle [OPINI\u00c3O] - RioOnWatch\" \/>\n<meta property=\"og:description\" content=\"\u00a0Click Here for English A primeira vez que vi Marielle Franco pelas ruas da Mar\u00e9 foi em 2016. Lembro bem de seu turbante colorido e de estar sentada numa cadeira de bar em pleno s\u00e1bado, [...]\" \/>\n<meta property=\"og:url\" content=\"https:\/\/rioonwatch.org.br\/?p=39322\" \/>\n<meta property=\"og:site_name\" content=\"RioOnWatch\" \/>\n<meta property=\"article:published_time\" content=\"2019-03-14T11:57:41+00:00\" \/>\n<meta property=\"article:modified_time\" content=\"2022-10-11T12:23:42+00:00\" \/>\n<meta property=\"og:image\" content=\"https:\/\/rioonwatch.org.br\/wp-content\/uploads\/2019\/03\/Marielle-quadrinhos.jpg\" \/>\n\t<meta property=\"og:image:width\" content=\"706\" \/>\n\t<meta property=\"og:image:height\" content=\"308\" \/>\n\t<meta property=\"og:image:type\" content=\"image\/jpeg\" \/>\n<meta name=\"author\" content=\"Admin\" \/>\n<meta name=\"twitter:card\" content=\"summary_large_image\" \/>\n<meta name=\"twitter:label1\" content=\"Escrito por\" \/>\n\t<meta name=\"twitter:data1\" content=\"Admin\" \/>\n\t<meta name=\"twitter:label2\" content=\"Est. tempo de leitura\" \/>\n\t<meta name=\"twitter:data2\" content=\"4 minutos\" \/>\n<script type=\"application\/ld+json\" class=\"yoast-schema-graph\">{\"@context\":\"https:\/\/schema.org\",\"@graph\":[{\"@type\":\"Article\",\"@id\":\"https:\/\/rioonwatch.org.br\/?p=39322#article\",\"isPartOf\":{\"@id\":\"https:\/\/rioonwatch.org.br\/?p=39322\"},\"author\":{\"name\":\"Admin\",\"@id\":\"https:\/\/rioonwatch.org.br\/#\/schema\/person\/11d64c290506f9df50c71b850c473f68\"},\"headline\":\"Quatro Coisas Que Aprendi Com a Luta de Marielle Franco #1AnoSemMarielle [OPINI\u00c3O]\",\"datePublished\":\"2019-03-14T11:57:41+00:00\",\"dateModified\":\"2022-10-11T12:23:42+00:00\",\"mainEntityOfPage\":{\"@id\":\"https:\/\/rioonwatch.org.br\/?p=39322\"},\"wordCount\":723,\"publisher\":{\"@id\":\"https:\/\/rioonwatch.org.br\/#organization\"},\"image\":{\"@id\":\"https:\/\/rioonwatch.org.br\/?p=39322#primaryimage\"},\"thumbnailUrl\":\"https:\/\/rioonwatch.org.br\/wp-content\/uploads\/2019\/03\/Marielle-quadrinhos.jpg\",\"keywords\":[\"Alerj\",\"assassinato\",\"C\u00e2mara dos Vereadores\",\"Comiss\u00e3o de Direitos Humanos - Alerj\",\"Complexo da Mar\u00e9\",\"Democracia\",\"Legado de Marielle\",\"Marcelo Freixo\",\"Marielle Franco\",\"Morro do Timbau\",\"Museu da Mar\u00e9\",\"Nova Holanda\",\"opini\u00e3o\",\"Renata Souza\",\"representatividade\",\"S\u00e9rie\",\"S\u00e9rie: Um Ano Sem Marielle Franco\",\"Zona Norte\"],\"articleSection\":[\"*Destaque\",\"Cultura da Favela\",\"Escrito por Comunicadores Populares\",\"Opini\u00e3o\"],\"inLanguage\":\"pt-BR\"},{\"@type\":\"WebPage\",\"@id\":\"https:\/\/rioonwatch.org.br\/?p=39322\",\"url\":\"https:\/\/rioonwatch.org.br\/?p=39322\",\"name\":\"Quatro Coisas Que Aprendi Com a Luta de Marielle Franco #1AnoSemMarielle [OPINI\u00c3O] - RioOnWatch\",\"isPartOf\":{\"@id\":\"https:\/\/rioonwatch.org.br\/#website\"},\"primaryImageOfPage\":{\"@id\":\"https:\/\/rioonwatch.org.br\/?p=39322#primaryimage\"},\"image\":{\"@id\":\"https:\/\/rioonwatch.org.br\/?p=39322#primaryimage\"},\"thumbnailUrl\":\"https:\/\/rioonwatch.org.br\/wp-content\/uploads\/2019\/03\/Marielle-quadrinhos.jpg\",\"datePublished\":\"2019-03-14T11:57:41+00:00\",\"dateModified\":\"2022-10-11T12:23:42+00:00\",\"breadcrumb\":{\"@id\":\"https:\/\/rioonwatch.org.br\/?p=39322#breadcrumb\"},\"inLanguage\":\"pt-BR\",\"potentialAction\":[{\"@type\":\"ReadAction\",\"target\":[\"https:\/\/rioonwatch.org.br\/?p=39322\"]}]},{\"@type\":\"ImageObject\",\"inLanguage\":\"pt-BR\",\"@id\":\"https:\/\/rioonwatch.org.br\/?p=39322#primaryimage\",\"url\":\"https:\/\/rioonwatch.org.br\/wp-content\/uploads\/2019\/03\/Marielle-quadrinhos.jpg\",\"contentUrl\":\"https:\/\/rioonwatch.org.br\/wp-content\/uploads\/2019\/03\/Marielle-quadrinhos.jpg\",\"width\":706,\"height\":308},{\"@type\":\"BreadcrumbList\",\"@id\":\"https:\/\/rioonwatch.org.br\/?p=39322#breadcrumb\",\"itemListElement\":[{\"@type\":\"ListItem\",\"position\":1,\"name\":\"In\u00edcio\",\"item\":\"https:\/\/rioonwatch.org.br\/\"},{\"@type\":\"ListItem\",\"position\":2,\"name\":\"Quatro Coisas Que Aprendi Com a Luta de Marielle Franco #1AnoSemMarielle [OPINI\u00c3O]\"}]},{\"@type\":\"WebSite\",\"@id\":\"https:\/\/rioonwatch.org.br\/#website\",\"url\":\"https:\/\/rioonwatch.org.br\/\",\"name\":\"RioOnWatch\",\"description\":\"relatos das favelas cariocas\",\"publisher\":{\"@id\":\"https:\/\/rioonwatch.org.br\/#organization\"},\"potentialAction\":[{\"@type\":\"SearchAction\",\"target\":{\"@type\":\"EntryPoint\",\"urlTemplate\":\"https:\/\/rioonwatch.org.br\/?s={search_term_string}\"},\"query-input\":{\"@type\":\"PropertyValueSpecification\",\"valueRequired\":true,\"valueName\":\"search_term_string\"}}],\"inLanguage\":\"pt-BR\"},{\"@type\":\"Organization\",\"@id\":\"https:\/\/rioonwatch.org.br\/#organization\",\"name\":\"RioOnWatch\",\"url\":\"https:\/\/rioonwatch.org.br\/\",\"logo\":{\"@type\":\"ImageObject\",\"inLanguage\":\"pt-BR\",\"@id\":\"https:\/\/rioonwatch.org.br\/#\/schema\/logo\/image\/\",\"url\":\"https:\/\/rioonwatch.org.br\/wp-content\/uploads\/2021\/06\/RioOnWatchcabecalhoPT11anos-2.png\",\"contentUrl\":\"https:\/\/rioonwatch.org.br\/wp-content\/uploads\/2021\/06\/RioOnWatchcabecalhoPT11anos-2.png\",\"width\":779,\"height\":277,\"caption\":\"RioOnWatch\"},\"image\":{\"@id\":\"https:\/\/rioonwatch.org.br\/#\/schema\/logo\/image\/\"}},{\"@type\":\"Person\",\"@id\":\"https:\/\/rioonwatch.org.br\/#\/schema\/person\/11d64c290506f9df50c71b850c473f68\",\"name\":\"Admin\",\"image\":{\"@type\":\"ImageObject\",\"inLanguage\":\"pt-BR\",\"@id\":\"https:\/\/rioonwatch.org.br\/#\/schema\/person\/image\/\",\"url\":\"https:\/\/secure.gravatar.com\/avatar\/56211ac74568383903349a1485e3c325?s=96&d=blank&r=g\",\"contentUrl\":\"https:\/\/secure.gravatar.com\/avatar\/56211ac74568383903349a1485e3c325?s=96&d=blank&r=g\",\"caption\":\"Admin\"},\"url\":\"https:\/\/rioonwatch.org.br\/?author=129\"}]}<\/script>\n<!-- \/ Yoast SEO plugin. -->","yoast_head_json":{"title":"Quatro Coisas Que Aprendi Com a Luta de Marielle Franco #1AnoSemMarielle [OPINI\u00c3O] - RioOnWatch","robots":{"index":"index","follow":"follow","max-snippet":"max-snippet:-1","max-image-preview":"max-image-preview:large","max-video-preview":"max-video-preview:-1"},"canonical":"https:\/\/rioonwatch.org.br\/?p=39322","og_locale":"pt_BR","og_type":"article","og_title":"Quatro Coisas Que Aprendi Com a Luta de Marielle Franco #1AnoSemMarielle [OPINI\u00c3O] - RioOnWatch","og_description":"\u00a0Click Here for English A primeira vez que vi Marielle Franco pelas ruas da Mar\u00e9 foi em 2016. Lembro bem de seu turbante colorido e de estar sentada numa cadeira de bar em pleno s\u00e1bado, [...]","og_url":"https:\/\/rioonwatch.org.br\/?p=39322","og_site_name":"RioOnWatch","article_published_time":"2019-03-14T11:57:41+00:00","article_modified_time":"2022-10-11T12:23:42+00:00","og_image":[{"width":706,"height":308,"url":"https:\/\/rioonwatch.org.br\/wp-content\/uploads\/2019\/03\/Marielle-quadrinhos.jpg","type":"image\/jpeg"}],"author":"Admin","twitter_card":"summary_large_image","twitter_misc":{"Escrito por":"Admin","Est. tempo de leitura":"4 minutos"},"schema":{"@context":"https:\/\/schema.org","@graph":[{"@type":"Article","@id":"https:\/\/rioonwatch.org.br\/?p=39322#article","isPartOf":{"@id":"https:\/\/rioonwatch.org.br\/?p=39322"},"author":{"name":"Admin","@id":"https:\/\/rioonwatch.org.br\/#\/schema\/person\/11d64c290506f9df50c71b850c473f68"},"headline":"Quatro Coisas Que Aprendi Com a Luta de Marielle Franco #1AnoSemMarielle [OPINI\u00c3O]","datePublished":"2019-03-14T11:57:41+00:00","dateModified":"2022-10-11T12:23:42+00:00","mainEntityOfPage":{"@id":"https:\/\/rioonwatch.org.br\/?p=39322"},"wordCount":723,"publisher":{"@id":"https:\/\/rioonwatch.org.br\/#organization"},"image":{"@id":"https:\/\/rioonwatch.org.br\/?p=39322#primaryimage"},"thumbnailUrl":"https:\/\/rioonwatch.org.br\/wp-content\/uploads\/2019\/03\/Marielle-quadrinhos.jpg","keywords":["Alerj","assassinato","C\u00e2mara dos Vereadores","Comiss\u00e3o de Direitos Humanos - Alerj","Complexo da Mar\u00e9","Democracia","Legado de Marielle","Marcelo Freixo","Marielle Franco","Morro do Timbau","Museu da Mar\u00e9","Nova Holanda","opini\u00e3o","Renata Souza","representatividade","S\u00e9rie","S\u00e9rie: Um Ano Sem Marielle Franco","Zona Norte"],"articleSection":["*Destaque","Cultura da Favela","Escrito por Comunicadores Populares","Opini\u00e3o"],"inLanguage":"pt-BR"},{"@type":"WebPage","@id":"https:\/\/rioonwatch.org.br\/?p=39322","url":"https:\/\/rioonwatch.org.br\/?p=39322","name":"Quatro Coisas Que Aprendi Com a Luta de Marielle Franco #1AnoSemMarielle [OPINI\u00c3O] - RioOnWatch","isPartOf":{"@id":"https:\/\/rioonwatch.org.br\/#website"},"primaryImageOfPage":{"@id":"https:\/\/rioonwatch.org.br\/?p=39322#primaryimage"},"image":{"@id":"https:\/\/rioonwatch.org.br\/?p=39322#primaryimage"},"thumbnailUrl":"https:\/\/rioonwatch.org.br\/wp-content\/uploads\/2019\/03\/Marielle-quadrinhos.jpg","datePublished":"2019-03-14T11:57:41+00:00","dateModified":"2022-10-11T12:23:42+00:00","breadcrumb":{"@id":"https:\/\/rioonwatch.org.br\/?p=39322#breadcrumb"},"inLanguage":"pt-BR","potentialAction":[{"@type":"ReadAction","target":["https:\/\/rioonwatch.org.br\/?p=39322"]}]},{"@type":"ImageObject","inLanguage":"pt-BR","@id":"https:\/\/rioonwatch.org.br\/?p=39322#primaryimage","url":"https:\/\/rioonwatch.org.br\/wp-content\/uploads\/2019\/03\/Marielle-quadrinhos.jpg","contentUrl":"https:\/\/rioonwatch.org.br\/wp-content\/uploads\/2019\/03\/Marielle-quadrinhos.jpg","width":706,"height":308},{"@type":"BreadcrumbList","@id":"https:\/\/rioonwatch.org.br\/?p=39322#breadcrumb","itemListElement":[{"@type":"ListItem","position":1,"name":"In\u00edcio","item":"https:\/\/rioonwatch.org.br\/"},{"@type":"ListItem","position":2,"name":"Quatro Coisas Que Aprendi Com a Luta de Marielle Franco #1AnoSemMarielle [OPINI\u00c3O]"}]},{"@type":"WebSite","@id":"https:\/\/rioonwatch.org.br\/#website","url":"https:\/\/rioonwatch.org.br\/","name":"RioOnWatch","description":"relatos das favelas cariocas","publisher":{"@id":"https:\/\/rioonwatch.org.br\/#organization"},"potentialAction":[{"@type":"SearchAction","target":{"@type":"EntryPoint","urlTemplate":"https:\/\/rioonwatch.org.br\/?s={search_term_string}"},"query-input":{"@type":"PropertyValueSpecification","valueRequired":true,"valueName":"search_term_string"}}],"inLanguage":"pt-BR"},{"@type":"Organization","@id":"https:\/\/rioonwatch.org.br\/#organization","name":"RioOnWatch","url":"https:\/\/rioonwatch.org.br\/","logo":{"@type":"ImageObject","inLanguage":"pt-BR","@id":"https:\/\/rioonwatch.org.br\/#\/schema\/logo\/image\/","url":"https:\/\/rioonwatch.org.br\/wp-content\/uploads\/2021\/06\/RioOnWatchcabecalhoPT11anos-2.png","contentUrl":"https:\/\/rioonwatch.org.br\/wp-content\/uploads\/2021\/06\/RioOnWatchcabecalhoPT11anos-2.png","width":779,"height":277,"caption":"RioOnWatch"},"image":{"@id":"https:\/\/rioonwatch.org.br\/#\/schema\/logo\/image\/"}},{"@type":"Person","@id":"https:\/\/rioonwatch.org.br\/#\/schema\/person\/11d64c290506f9df50c71b850c473f68","name":"Admin","image":{"@type":"ImageObject","inLanguage":"pt-BR","@id":"https:\/\/rioonwatch.org.br\/#\/schema\/person\/image\/","url":"https:\/\/secure.gravatar.com\/avatar\/56211ac74568383903349a1485e3c325?s=96&d=blank&r=g","contentUrl":"https:\/\/secure.gravatar.com\/avatar\/56211ac74568383903349a1485e3c325?s=96&d=blank&r=g","caption":"Admin"},"url":"https:\/\/rioonwatch.org.br\/?author=129"}]}},"_links":{"self":[{"href":"https:\/\/rioonwatch.org.br\/index.php?rest_route=\/wp\/v2\/posts\/39322"}],"collection":[{"href":"https:\/\/rioonwatch.org.br\/index.php?rest_route=\/wp\/v2\/posts"}],"about":[{"href":"https:\/\/rioonwatch.org.br\/index.php?rest_route=\/wp\/v2\/types\/post"}],"author":[{"embeddable":true,"href":"https:\/\/rioonwatch.org.br\/index.php?rest_route=\/wp\/v2\/users\/129"}],"replies":[{"embeddable":true,"href":"https:\/\/rioonwatch.org.br\/index.php?rest_route=%2Fwp%2Fv2%2Fcomments&post=39322"}],"version-history":[{"count":24,"href":"https:\/\/rioonwatch.org.br\/index.php?rest_route=\/wp\/v2\/posts\/39322\/revisions"}],"predecessor-version":[{"id":39445,"href":"https:\/\/rioonwatch.org.br\/index.php?rest_route=\/wp\/v2\/posts\/39322\/revisions\/39445"}],"wp:featuredmedia":[{"embeddable":true,"href":"https:\/\/rioonwatch.org.br\/index.php?rest_route=\/wp\/v2\/media\/39392"}],"wp:attachment":[{"href":"https:\/\/rioonwatch.org.br\/index.php?rest_route=%2Fwp%2Fv2%2Fmedia&parent=39322"}],"wp:term":[{"taxonomy":"category","embeddable":true,"href":"https:\/\/rioonwatch.org.br\/index.php?rest_route=%2Fwp%2Fv2%2Fcategories&post=39322"},{"taxonomy":"post_tag","embeddable":true,"href":"https:\/\/rioonwatch.org.br\/index.php?rest_route=%2Fwp%2Fv2%2Ftags&post=39322"},{"taxonomy":"writer","embeddable":true,"href":"https:\/\/rioonwatch.org.br\/index.php?rest_route=%2Fwp%2Fv2%2Fwriter&post=39322"},{"taxonomy":"translator","embeddable":true,"href":"https:\/\/rioonwatch.org.br\/index.php?rest_route=%2Fwp%2Fv2%2Ftranslator&post=39322"},{"taxonomy":"source","embeddable":true,"href":"https:\/\/rioonwatch.org.br\/index.php?rest_route=%2Fwp%2Fv2%2Fsource&post=39322"},{"taxonomy":"ilustrador","embeddable":true,"href":"https:\/\/rioonwatch.org.br\/index.php?rest_route=%2Fwp%2Fv2%2Filustrador&post=39322"},{"taxonomy":"fotografo","embeddable":true,"href":"https:\/\/rioonwatch.org.br\/index.php?rest_route=%2Fwp%2Fv2%2Ffotografo&post=39322"}],"curies":[{"name":"wp","href":"https:\/\/api.w.org\/{rel}","templated":true}]}}