{"id":39408,"date":"2019-03-14T13:50:52","date_gmt":"2019-03-14T16:50:52","guid":{"rendered":"http:\/\/rioonwatch.org.br\/?p=39408"},"modified":"2024-06-20T13:46:13","modified_gmt":"2024-06-20T16:46:13","slug":"lembrando-a-vida-e-legado-de-marielle-agenda-de-eventos-no-rio-e-ao-redor-do-mundo-1anosemmarielle","status":"publish","type":"post","link":"https:\/\/rioonwatch.org.br\/?p=39408","title":{"rendered":"Lembrando a Vida e Legado de Marielle: Agenda de Eventos no Rio e no Mundo #1AnoSemMarielle"},"content":{"rendered":"<p style=\"text-align: right;\"><span data-ccp-props=\"{&quot;201341983&quot;:0,&quot;335559739&quot;:160,&quot;335559740&quot;:259}\">\u00a0<\/span><em><strong><a href=\"http:\/\/bit.ly\/2THOZaF\" target=\"_blank\" rel=\"noopener noreferrer\">Click Here for English<\/a><a href=\"http:\/\/bit.ly\/2THOZaF\" target=\"_blank\" rel=\"noopener noreferrer\"><img decoding=\"async\" width=\"20\" height=\"20\" class=\"alignright wp-image-15790\" src=\"http:\/\/rioonwatch.org.br\/wp-content\/uploads\/2012\/08\/EN-standard-e1439583104716.jpg\" \/><\/a><\/strong><\/em><\/p>\n<p>Hoje\u2014quinta-feira, 14 de mar\u00e7o de 2019\u2014marca um ano desde o assassinato da vereadora carioca <a href=\"http:\/\/bit.ly\/2rDdtBY\" target=\"_blank\" rel=\"noopener\">Marielle Franco<\/a>\u00a0e seu motorista Anderson Gomes. Nascida e criada na favela da Mar\u00e9, na Zona Norte do Rio, Marielle chegou atrav\u00e9s da adversidade at\u00e9 os corredores da C\u00e2mara Municipal do Rio, onde a soci\u00f3loga e ativista dos direitos humanos representava e defendia numerosas minorias na sua pr\u00f3pria pele e em a\u00e7\u00e3o\u2014afro-brasileiros, mulheres, LGBTs, moradores de favelas, m\u00e3es solteiras\u2014Marielle tornou-se um s\u00edmbolo internacional de resist\u00eancia e gra\u00e7a. De 11 a 17 de mar\u00e7o, movimentos sociais no Rio de Janeiro e em todo o mundo est\u00e3o realizando eventos para comemorar a vida de Marielle, a sua luta e <a href=\"http:\/\/bit.ly\/2Gp2OnO\" target=\"_blank\" rel=\"noopener\">o que seu trabalho representou<\/a>. A lista a seguir inclui tributos em mem\u00f3ria, eventos culturais e pol\u00edticos, exposi\u00e7\u00f5es, palestras e mais eventos programados para acontecer esta semana.<\/p>\n<h2><strong>Agenda de Eventos no Rio de Janeiro<\/strong><\/h2>\n<h3><strong><a href=\"http:\/\/rioonwatch.org.br\/wp-content\/uploads\/2019\/03\/Marielle-na-Mare\u0301.jpg\"><img fetchpriority=\"high\" decoding=\"async\" class=\"aligncenter size-content wp-image-39413\" src=\"http:\/\/rioonwatch.org.br\/wp-content\/uploads\/2019\/03\/Marielle-na-Mare\u0301-620x264.jpg\" alt=\"\" width=\"620\" height=\"264\" srcset=\"https:\/\/rioonwatch.org.br\/wp-content\/uploads\/2019\/03\/Marielle-na-Mare\u0301-620x264.jpg 620w, https:\/\/rioonwatch.org.br\/wp-content\/uploads\/2019\/03\/Marielle-na-Mare\u0301-940x400.jpg 940w\" sizes=\"(max-width: 620px) 100vw, 620px\" \/><\/a><br \/>\nSegunda, 11 de mar\u00e7o<\/strong><\/h3>\n<h4><strong>19:00h \u2013 <\/strong>Abertura Exposi\u00e7\u00e3o &#8220;<a href=\"http:\/\/bit.ly\/2EToLIG\" target=\"_blank\" rel=\"noopener\">Tempos de Marielle<\/a>&#8220;<\/h4>\n<h4><strong>Exposi\u00e7\u00e3o<br \/>\n<\/strong><\/h4>\n<p><a href=\"http:\/\/rioonwatch.org.br\/wp-content\/uploads\/2019\/03\/22Marielles-por-Marcondes-Rocco.jpeg\"><img decoding=\"async\" class=\"aligncenter wp-image-39415 size-content\" title=\"Pintura de Marcondes Rocco para a exposi\u00e7\u00e3o &quot;Tempos de Marielle&quot; no Museu da Mar\u00e9.\" src=\"http:\/\/rioonwatch.org.br\/wp-content\/uploads\/2019\/03\/22Marielles-por-Marcondes-Rocco-620x264.jpeg\" alt=\"\" width=\"620\" height=\"264\" srcset=\"https:\/\/rioonwatch.org.br\/wp-content\/uploads\/2019\/03\/22Marielles-por-Marcondes-Rocco-620x264.jpeg 620w, https:\/\/rioonwatch.org.br\/wp-content\/uploads\/2019\/03\/22Marielles-por-Marcondes-Rocco-940x400.jpeg 940w\" sizes=\"(max-width: 620px) 100vw, 620px\" \/><\/a><\/p>\n<p style=\"padding-left: 30px;\"><strong>Endere\u00e7o: Museu da Mar\u00e9 \u2013 Avenida Guilherme Maxwell, 26 \u2013 Mar\u00e9<\/strong><br \/>\n<em>Organizado por\u00a0<a href=\"http:\/\/bit.ly\/2IG6TWD\" target=\"_blank\" rel=\"noopener\">Centro de Estudos e A\u00e7\u00f5es Solid\u00e1rias da Mar\u00e9<\/a>\u00a0(CEASM) e o\u00a0<a href=\"http:\/\/bit.ly\/2F70IYc\" target=\"_blank\" rel=\"noopener\">Museu da Mar\u00e9<\/a><\/em><\/p>\n<h3><strong>Ter\u00e7a, 12 de mar\u00e7o<\/strong><\/h3>\n<h4><strong>18:00h \u2013 &#8220;<a href=\"http:\/\/bit.ly\/2XQTpeo\" target=\"_blank\" rel=\"noopener\">\u00c9 por Marielle, \u00e9 pelas vidas das Mulheres<\/a>&#8220;<\/strong><\/h4>\n<p style=\"padding-left: 30px;\"><strong>Endere\u00e7o: Museu da Mar\u00e9 \u2013 Avenida Guilherme Maxwell, 26 \u2013 Mar\u00e9<\/strong><br \/>\n<em>Organizado por\u00a0<a href=\"http:\/\/bit.ly\/2UxK9dh\" target=\"_blank\" rel=\"noopener\">n-1 edi\u00e7\u00f5es<\/a>\u00a0e o\u00a0<a href=\"http:\/\/bit.ly\/2JcA9Vm\" target=\"_blank\" rel=\"noopener\">Coletivo Judaico de Esquerda<\/a><\/em><\/p>\n<h3><strong>Quinta, 14 de mar\u00e7o<\/strong><\/h3>\n<h4><strong>Dia Inteiro \u2013 &#8220;Amanhecer por Marielle Franco e Anderson&#8221;<\/strong><\/h4>\n<p style=\"padding-left: 30px;\"><strong>Endere\u00e7o: Pontos de Encontro por todo o Rio de Janeiro<br \/>\n<\/strong><em>Organizado por\u00a0<a href=\"http:\/\/bit.ly\/2u6JOCC\" target=\"_blank\" rel=\"noopener\">Partido Socialismo e Liberdade<\/a> (PSOL) do Rio de Janeiro e outros grupos<\/em><\/p>\n<ul>\n<li><strong>Centro do Rio<\/strong>: <a href=\"http:\/\/bit.ly\/2Jb8GUd\" target=\"_blank\" rel=\"noopener\">Largo do Guimar\u00e3es<\/a> \u2013 Santa Teresa, <a href=\"http:\/\/bit.ly\/2J8dbih\" target=\"_blank\" rel=\"noopener\">Largo das Neves<\/a> \u2013 Santa Teresa, <a href=\"http:\/\/bit.ly\/2J9vwLH\" target=\"_blank\" rel=\"noopener\">Esta\u00e7\u00e3o Est\u00e1cio<\/a>\u00a0\u2013 Est\u00e1cio, <a href=\"http:\/\/bit.ly\/2J7g4j9\" target=\"_blank\" rel=\"noopener\">Esta\u00e7\u00e3o Cinel\u00e2ndia<\/a>\u00a0\u2013 Centro do Rio, <a href=\"http:\/\/bit.ly\/2JbdhFW\" target=\"_blank\" rel=\"noopener\">Esta\u00e7\u00e3o Carioca<\/a>\u00a0\u2013 Centro do Rio, <a href=\"http:\/\/bit.ly\/2JbjsJU\" target=\"_blank\" rel=\"noopener\">Beco do Rato\/Casa Nem<\/a> \u2013 Lapa<\/li>\n<li><strong>Zona Sul<\/strong>:\u00a0<a href=\"http:\/\/bit.ly\/2Ja8TqE\" target=\"_blank\" rel=\"noopener\">General Glic\u00e9rio<\/a> \u2013 Laranjeiras, <a href=\"http:\/\/bit.ly\/2Jkl5F8\" target=\"_blank\" rel=\"noopener\">Esta\u00e7\u00e3o Cardeal Arcoverde<\/a> \u2013 Copacabana<\/li>\n<li><strong>Zona Oeste:<\/strong> <a href=\"http:\/\/bit.ly\/2JaKnpo\" target=\"_blank\" rel=\"noopener\">Esta\u00e7\u00e3o do BRT Salvador Allende<\/a> \u2013 Recreio dos Bandeirantes, <a href=\"http:\/\/bit.ly\/2JbpWZh\" target=\"_blank\" rel=\"noopener\">Largo de Bangu<\/a> \u2013 Bangu, <a href=\"http:\/\/bit.ly\/2JbkeXk\" target=\"_blank\" rel=\"noopener\">Pra\u00e7a do Ringue<\/a> \u2013 Santa Cruz<\/li>\n<li><strong>Zona Norte<\/strong>:\u00a0Pra\u00e7a Agripino Grieco \u2013 Meier<\/li>\n<li><strong>Universidades<\/strong>: <a href=\"http:\/\/bit.ly\/2JbdPM0\" target=\"_blank\" rel=\"noopener\">UERJ<\/a> \u2013 Maracan\u00e3, <a href=\"http:\/\/bit.ly\/2JklpDQ\" target=\"_blank\" rel=\"noopener\">Faculdade de Educa\u00e7\u00e3o<\/a>\u00a0da UERJ \u2013 Maracan\u00e3, <a href=\"http:\/\/bit.ly\/2JbNA8e\" target=\"_blank\" rel=\"noopener\">PUC-Rio<\/a>\u00a0\u2013 G\u00e1vea<\/li>\n<\/ul>\n<h4>Dia Inteiro \u2013\u00a0<strong><a href=\"http:\/\/bit.ly\/2T1NWOm\" target=\"_blank\" rel=\"noopener\">Celebra\u00e7\u00e3o &#8220;Marielle Semente&#8221;<\/a><\/strong><\/h4>\n<p style=\"padding-left: 30px;\"><strong>Endere\u00e7o: Pra\u00e7a da Cinel\u00e2ndia<\/strong><em><br \/>\nOrganizado por\u00a0<a href=\"http:\/\/bit.ly\/2F8aCZE\" target=\"_blank\" rel=\"noopener\">21 Dias de Ativismo Contra o Racismo<\/a><\/em><\/p>\n<h4><strong>Dia Inteiro \u2013\u00a0<a href=\"http:\/\/bit.ly\/2HhBWXD\" target=\"_blank\" rel=\"noopener\">Festival Justi\u00e7a por Marielle e Anderson<\/a><br \/>\n<\/strong><\/h4>\n<p style=\"padding-left: 30px;\"><strong><a href=\"http:\/\/rioonwatch.org.br\/wp-content\/uploads\/2019\/03\/Festival-Justic\u0327a-Marielle.jpg\"><img loading=\"lazy\" decoding=\"async\" class=\"aligncenter wp-image-39418 size-content\" title=\"Foto: Instituto Marielle Franco\" src=\"http:\/\/rioonwatch.org.br\/wp-content\/uploads\/2019\/03\/Festival-Justic\u0327a-Marielle-620x264.jpg\" alt=\"\" width=\"620\" height=\"264\" srcset=\"https:\/\/rioonwatch.org.br\/wp-content\/uploads\/2019\/03\/Festival-Justic\u0327a-Marielle-620x264.jpg 620w, https:\/\/rioonwatch.org.br\/wp-content\/uploads\/2019\/03\/Festival-Justic\u0327a-Marielle-940x400.jpg 940w\" sizes=\"(max-width: 620px) 100vw, 620px\" \/><\/a><br \/>\nEndere\u00e7o: Pra\u00e7a da Cinel\u00e2ndia<\/strong><em><br \/>\nOrganizado por\u00a0<a href=\"http:\/\/bit.ly\/2u592RR\" target=\"_blank\" rel=\"noopener\">Instituto Marielle Franco<\/a><\/em><\/p>\n<ul>\n<li>10:00h \u2013 Missa n\u00e3o-denominacional na Igreja da Candel\u00e1ria<\/li>\n<li>14:00 \u2013 <a href=\"http:\/\/bit.ly\/2TAPGTV\" target=\"_blank\" rel=\"noopener\">Aula Magna: &#8220;Eu Sou Porque N\u00f3s Somos&#8221;<\/a><\/li>\n<li>14:00-22:00h \u2013 &#8220;Por Marielle e Anderson, Eu Me Levanto&#8221;\u00a0Ato Cultural e Pol\u00edtico na Pra\u00e7a da Cinel\u00e2ndia<\/li>\n<\/ul>\n<h4><strong>9:00-14:00h \u2013 <a href=\"http:\/\/bit.ly\/2J9wmZ1\" target=\"_blank\" rel=\"noopener\">Interven\u00e7\u00e3o Teatral por Marielle<\/a><br \/>\n<\/strong><\/h4>\n<p style=\"padding-left: 30px;\"><strong>Endere\u00e7o: Centro de Teatro do Oprimido \u2013 Avenida Mem de S\u00e1, 31 \u2013 Lapa<br \/>\n<\/strong><em>Organizado por\u00a0<a href=\"http:\/\/bit.ly\/2JkkNyq\" target=\"_blank\" rel=\"noopener\">Escola de Teatro Popular<\/a><\/em><\/p>\n<ul>\n<li>9:00-12:00h \u2013 Cria\u00e7\u00e3o da interven\u00e7\u00e3o art\u00edstica<\/li>\n<li>13:00-14:00h \u2013\u00a0Atua\u00e7\u00e3o teatral nas ruas pr\u00f3ximas \u00e0 Pra\u00e7a da Cinel\u00e2ndia<\/li>\n<\/ul>\n<h4><strong>14:00-21:00h \u2013 &#8220;<a href=\"http:\/\/bit.ly\/2TvDcwJ\" target=\"_blank\" rel=\"noopener\">Carolina, Abdias e Marielle: Vidas, Ancestralidade e Continua\u00e7\u00e3o<\/a>&#8220;<\/strong><\/h4>\n<p><a href=\"http:\/\/rioonwatch.org.br\/wp-content\/uploads\/2019\/03\/Carolina-Abdias-Marielle-.png\"><img loading=\"lazy\" decoding=\"async\" class=\"aligncenter size-content wp-image-39421\" src=\"http:\/\/rioonwatch.org.br\/wp-content\/uploads\/2019\/03\/Carolina-Abdias-Marielle--620x264.png\" alt=\"\" width=\"620\" height=\"264\" srcset=\"https:\/\/rioonwatch.org.br\/wp-content\/uploads\/2019\/03\/Carolina-Abdias-Marielle--620x264.png 620w, https:\/\/rioonwatch.org.br\/wp-content\/uploads\/2019\/03\/Carolina-Abdias-Marielle--940x400.png 940w\" sizes=\"(max-width: 620px) 100vw, 620px\" \/><\/a><\/p>\n<p style=\"padding-left: 30px;\"><strong>Endere\u00e7o: <a href=\"http:\/\/bit.ly\/2HgHmSu\" target=\"_blank\" rel=\"noopener\">Centro de Artes da Mar\u00e9<\/a> \u2013 Rua Bittencourt Sampaio, 181 \u2013 Mar\u00e9<\/strong><br \/>\nOrganizado por\u00a0<a href=\"http:\/\/bit.ly\/2J9KBNi\" target=\"_blank\" rel=\"noopener\">Instituto de Pesquisas e Estudos Afro Brasileiros<\/a> (IPEAFRO)<\/p>\n<ul>\n<li>14:00-15:00h \u2013\u00a0Sarau\u00a0IPEAFRO\u00a0\u2013\u00a0Homenagem\u00a0\u00e0s\u00a0Griots da Mar\u00e9<\/li>\n<li>16:00-21:30h \u2013 Cerim\u00f4nia de abertura da exposi\u00e7\u00e3o\u00a0\u2013 &#8220;Abdias Nascimento, a Arte de um Guerreiro&#8221;<\/li>\n<\/ul>\n<h3><strong>Sexta, 15 de mar\u00e7o<\/strong><\/h3>\n<h4><strong>Dia Inteiro \u2013 &#8220;<\/strong><strong><a href=\"http:\/\/bit.ly\/2TvDcwJ\" target=\"_blank\" rel=\"noopener\">Carolina, Abdias e Marielle: Vidas, Ancestralidade e Continua\u00e7\u00e3o<\/a><\/strong><strong>&#8220;<\/strong><\/h4>\n<p style=\"padding-left: 30px;\"><em>Organizado por IPEAFRO<\/em><\/p>\n<ul>\n<li>9:00-15:00h \u2013 \u201cAbdias Nascimento, a Arte de um Guerreiro&#8221; Exposi\u00e7\u00e3o* \u2013 <a href=\"http:\/\/bit.ly\/2HgHmSu\" target=\"_blank\" rel=\"noopener\">Centro de Artes da Mar\u00e9<\/a> \u2013 Rua Bittencourt Sampaio, 181 \u2013 Mar\u00e9<\/li>\n<li>19:00-22:00h \u2013 Sarau IPEAFRO \u2013 Abdias de Nossos Dias \u2013 <a href=\"http:\/\/bit.ly\/2u3WLgw\" target=\"_blank\" rel=\"noopener\">Casa com a M\u00fasica<\/a>, Rua Joaquim Silva, 67 \u2013 Lapa (perto da escadaria Selar\u00f3n)<\/li>\n<\/ul>\n<p><em>*Nota:a exposi\u00e7\u00e3o estar\u00e1 aberta de 15 de mar\u00e7o a 14 de junho, de segunda a sexta das 9:00h \u00e0s 17:00h e aos s\u00e1bados das 9:00h \u00e0s 13:00h<\/em><\/p>\n<h3><strong>Domingo, 17 de mar\u00e7o<\/strong><\/h3>\n<h4><strong>14:00h \u2013\u00a0<a href=\"http:\/\/bit.ly\/2Hfdztt\" target=\"_blank\" rel=\"noopener\">Sarau &#8220;Eu Sou Porque N\u00f3s Somos&#8221;: Homenagem \u00e0 Marielle, Anderson<\/a><\/strong><\/h4>\n<p style=\"padding-left: 30px;\"><strong>Endere\u00e7o:\u00a0Associa\u00e7\u00e3o de Moradores do Conjunto Esperan\u00e7a (AMACE), Rua Manoel Falc\u00e3o A. Maranh\u00e3o, 133 \u2013 Mar\u00e9, Rio de Janeiro<br \/>\n<\/strong><em>Organizado por\u00a0<a href=\"http:\/\/bit.ly\/2EQdgl6\" target=\"_blank\" rel=\"noopener\">Cia bUsina Teatral<\/a><\/em><\/p>\n<hr \/>\n<h2><strong>Agenda de Eventos ao Redor do Mundo<\/strong><\/h2>\n<h3>Segunda, 11 de mar\u00e7o<\/h3>\n<h4 style=\"padding-left: 30px;\"><strong>19:00h \u2013 <a href=\"http:\/\/bit.ly\/2FaKcXa\" target=\"_blank\" rel=\"noopener\">Screening + Q&amp;A: I, a Black Woman Resist<\/a><\/strong><\/h4>\n<p style=\"padding-left: 60px;\"><strong>Endere\u00e7o: Busboys and Poets Takoma, 235 Carroll St NW, Washington, DC \u2014 EUA<\/strong><br \/>\n<em>Organizado por Brazilians for Democracy and Social Justice &#8211; Washington, DC, CODEPINK and National Network for Democracy in Brazil<\/em><\/p>\n<h3>Ter\u00e7a, 12 de mar\u00e7o<\/h3>\n<h4 style=\"padding-left: 30px;\"><strong>17:00-19:00h \u2013 <a href=\"http:\/\/bit.ly\/2Fel169\" target=\"_blank\" rel=\"noopener\">The Other Side of Violence: Marielle Franco and the Struggle for Brazilian Democracy<\/a><\/strong><\/h4>\n<p style=\"padding-left: 60px;\"><strong>Endere\u00e7o: Basement Seminar Room, Robinson Hall, 35 Quincy Street, Cambridge MA \u2014 EUA<\/strong><br \/>\n<em>Organizado por David Rockefeller Center for Latin American Studies &#8211; Harvard University<\/em><\/p>\n<h3>Quinta, 14 de mar\u00e7o<\/h3>\n<h4 style=\"padding-left: 30px;\"><strong><strong><strong>12:00-17:00h \u2013\u00a0<a href=\"http:\/\/bit.ly\/2J7kNBp\" target=\"_blank\" rel=\"noopener\">Marielle Franco: The Legacy of a Powerful Woman<\/a><\/strong><\/strong><\/strong><\/h4>\n<p style=\"padding-left: 60px;\"><strong>Endere\u00e7o: 320 West 37th Street, Nova Iorque \u2013 EUA<\/strong><br \/>\n<em>Organizado por BRADO-NY, The People&#8217;s Forum, and Women of the Resistance Abroad<\/em><\/p>\n<h4 style=\"padding-left: 30px;\"><strong><strong>13:45-19:00h \u2013 <a href=\"http:\/\/bit.ly\/2JdXhmu\" target=\"_blank\" rel=\"noopener\">Black Feminisms Across the Americas: A Tribute to Political Activist Marielle Franco<\/a><\/strong><\/strong><em><br \/>\n<\/em><\/h4>\n<p style=\"padding-left: 60px;\"><strong>Endere\u00e7o: Princeton University, Princeton \u2013 EUA<\/strong><br \/>\n<em>Organizado por Princeton University Brazil LAB<\/em><\/p>\n<h4 style=\"padding-left: 30px;\"><strong>16:00-18:00h \u2013 <a href=\"http:\/\/bit.ly\/2J9ApVm\" target=\"_blank\" rel=\"noopener\">Structural Racism and Marielle Franco&#8217;s Legacy<\/a><br \/>\n<\/strong><\/h4>\n<p style=\"padding-left: 60px;\"><strong>Endere\u00e7o: 4371 UCLA Luskin School of Public Affairs, Los Angeles \u2013 EUA<\/strong><br \/>\n<em>Organized by Collective for a Democratic Brazil<\/em><\/p>\n<h4 style=\"padding-left: 30px;\"><strong>16:00-19:00h \u2013 <a href=\"http:\/\/bit.ly\/2JacvJe\" target=\"_blank\" rel=\"noopener\">Justice for Marielle Franco<\/a><\/strong><\/h4>\n<p style=\"padding-left: 60px;\"><strong>Endere\u00e7o: Dam, 1012, Amsterd\u00e3 \u2013 Holanda<\/strong><br \/>\n<em>Organizado por Amsterdam for Democracy and Against the Coup<\/em><\/p>\n<h4 style=\"padding-left: 30px;\"><strong>17:00-18:30h \u2013 <a href=\"http:\/\/bit.ly\/2TPGzha\" target=\"_blank\" rel=\"noopener\">Remembering Marielle Franco and Anderson Gomes<\/a><\/strong><\/h4>\n<p style=\"padding-left: 60px;\"><strong>Endere\u00e7o: Prime Minister&#8217;s Office, Elgin and Wellington Streets, Ottawa \u2013 Canad\u00e1<\/strong><br \/>\n<em>Organizado por Ottawa-Gatineau Solidarity with Democracy and Amnesty International Canada<\/em><\/p>\n<h4 style=\"padding-left: 30px;\"><strong>17:30h\u2013 <a href=\"http:\/\/bit.ly\/2TMjUm2\" target=\"_blank\" rel=\"noopener\">One Year Without Marielle<\/a><\/strong><\/h4>\n<p style=\"padding-left: 60px;\"><strong>Endere\u00e7o: Faculty of Humanities, Montevid\u00e9u \u2013 Uruguai<\/strong><br \/>\n<em>Organized by Marielle Franco Feminist Collective Uruguay<\/em><\/p>\n<h4 style=\"padding-left: 30px;\"><strong>18:00-19:00h \u2013 <a href=\"http:\/\/bit.ly\/2TIpeXM\" target=\"_blank\" rel=\"noopener\">Act in Memory of Marielle Franco<\/a><\/strong><\/h4>\n<p style=\"padding-left: 60px;\"><strong>Endre\u00e7o: Place des Nations, 1202, Genebra \u2013 Sui\u00e7a<\/strong><br \/>\n<em>Organizado por Coletivo GRITO<\/em><\/p>\n<h4 style=\"padding-left: 30px;\"><strong>18:00-20:00h \u2013 <a href=\"http:\/\/bit.ly\/2TQxSmO\" target=\"_blank\" rel=\"noopener\">Marielle Present in Boston<\/a><\/strong><\/h4>\n<p style=\"padding-left: 60px;\"><strong>Endere\u00e7o: Harvard University Robinson Hall, 35 Quincy Street, Cambridge \u2013 EUA<\/strong><br \/>\n<em>Organizado por Harvard University<br \/>\n<\/em><\/p>\n<h4 style=\"padding-left: 30px;\"><strong>18:00-20:00h\u00a0<\/strong><strong>\u2013 <a href=\"http:\/\/bit.ly\/2TN8qPb\" target=\"_blank\" rel=\"noopener\">Marielle, Present! Justice for Marielle<\/a><\/strong><\/h4>\n<p style=\"padding-left: 60px;\"><strong>Endere\u00e7o: Piazza Giuseppe Verdi, 40126, Bolonha \u2013 It\u00e1lia<\/strong><br \/>\n<em>Organizado por Amnesty Bologna<\/em><\/p>\n<h4 style=\"padding-left: 30px;\"><strong>18:00-20:00h\u00a0<\/strong><strong>\u2013 <a href=\"http:\/\/bit.ly\/2TKuaLx\" target=\"_blank\" rel=\"noopener\">Vigil in Memory of Marielle Franco<\/a><\/strong><\/h4>\n<p style=\"padding-left: 60px;\"><strong>Endere\u00e7o: Embassy of Brazil in London, 14-16 Cockspur Street, Londres \u2013 Reino Unido<\/strong><br \/>\n<em>Organizado por Brazilian Women Against Fascism UK<\/em><\/p>\n<h4 style=\"padding-left: 30px;\"><strong>18:00-21:00h \u2013 <a href=\"http:\/\/bit.ly\/2Jbmaz4\" target=\"_blank\" rel=\"noopener\">Honoring Marielle Franco with Marcia Tiburi and Adjoa Jones<\/a><\/strong><\/h4>\n<p style=\"padding-left: 60px;\"><strong>Endere\u00e7o: NYU Institute for Public Knowledge, 20 Cooper Square, 2nd Floor, Nova Iorque \u2013 EUA<\/strong><br \/>\n<em>Organizado por Defend Democracy in Brazil<\/em><\/p>\n<h4 style=\"padding-left: 30px;\"><strong>18:00-21:00h\u00a0<\/strong>\u2013 <a href=\"http:\/\/bit.ly\/2JdDUdd\" target=\"_blank\" rel=\"noopener\">Flowers for Marielle Franco<\/a><\/h4>\n<p style=\"padding-left: 60px;\"><strong>Endere\u00e7o: Obelisco, Buenos Aires \u2013 Argentina<\/strong><br \/>\n<em>Organizdo por Coletivo Passarinho<\/em><\/p>\n<h4 style=\"padding-left: 30px;\"><strong>18:30h \u2013 <a href=\"http:\/\/bit.ly\/2JaPWUO\" target=\"_blank\" rel=\"noopener\">Vigil in Memory of Marielle Franco and Anderson Gomes<\/a><\/strong><\/h4>\n<p style=\"padding-left: 60px;\"><strong>Endere\u00e7o: Main Green, Brown University, Providence \u2013 EUA<\/strong><br \/>\n<em>Organizado por Brown University<\/em><\/p>\n<h4 style=\"padding-left: 30px;\"><strong>18:30-20:00h \u2013 <a href=\"http:\/\/bit.ly\/2TCk3cz\" target=\"_blank\" rel=\"noopener\">Tribute to Marielle Franco<\/a><\/strong><\/h4>\n<p style=\"padding-left: 60px;\"><strong>Endere\u00e7o: Casa Branca, 1600 Pennsylvania Avenue, Washington, DC \u2014EUA<\/strong><br \/>\n<em>Organizado por Brazilians for Democracy and Social Justice &#8211; Washington, DC, CODEPINK and National Network for Democracy in Brazil<\/em><\/p>\n<h4 style=\"padding-left: 30px;\"><strong>18:30-20:00h \u2013 <a href=\"http:\/\/bit.ly\/2TGARhT\" target=\"_blank\" rel=\"noopener\">Justice for Marielle<\/a><\/strong><\/h4>\n<p style=\"padding-left: 60px;\"><strong>Endere\u00e7o: Brazilian Embassy in Madrid, Fernando el Santo, 6, Madri \u2014 Espanha<\/strong><br \/>\n<em>Organizado por Coletivo Maloka<\/em><\/p>\n<h4 style=\"padding-left: 30px;\"><strong>18:30-20:00h \u2013 <a href=\"http:\/\/bit.ly\/2TQylW6\" target=\"_blank\" rel=\"noopener\">Rally in Honor of Marielle Franco<\/a><\/strong><\/h4>\n<p style=\"padding-left: 60px;\"><strong>Endere\u00e7o: Oscar Grant Plaza, Oakland \u2013 EUA<\/strong><br \/>\n<em>Organizado por Coletivo Desbordar and Brazil Solidarity Network<\/em><\/p>\n<h4 style=\"padding-left: 30px;\">19:00-21:00h \u2013 <a href=\"http:\/\/bit.ly\/2TMSqNg\" target=\"_blank\" rel=\"noopener\">Solidarity: The Legacy of Marielle<\/a><\/h4>\n<p style=\"padding-left: 60px;\"><strong>Endere\u00e7o: State Library of Victoria, 328 Swanston Street, Melbourne \u2014 Austr\u00e1lia<\/strong><br \/>\n<em>Organizado por Melbourne Climate Save<\/em><\/p>\n<h4 style=\"padding-left: 30px;\">19:00-22:00h \u2013<strong>\u00a0<a href=\"http:\/\/bit.ly\/2Ja3Ar2\" target=\"_blank\" rel=\"noopener\">Celebrating the Life of Marielle Franco<\/a><\/strong><\/h4>\n<p style=\"padding-left: 60px;\"><strong>Endere\u00e7o: M\u00f6ckernstra\u00dfe 72, Berlim \u2013 Alemanha<\/strong><br \/>\n<em>Organizado por Afropolitan Berlin<\/em><\/p>\n<h4 style=\"padding-left: 30px;\">19:00-22:00h \u2013<strong>\u00a0<a href=\"http:\/\/bit.ly\/2TOuRDC\" target=\"_blank\" rel=\"noopener\">Rally in Memory of Marielle Franco<\/a><\/strong><\/h4>\n<p style=\"padding-left: 60px;\"><strong>Endere\u00e7o: Waisenhausplatz, 3011, Berna \u2013 Sui\u00e7a<\/strong><br \/>\n<em>Organizado por Cooperaxion<\/em><\/p>\n<h3>Sexta, 15 de mar\u00e7o<\/h3>\n<h4 style=\"padding-left: 30px;\"><strong>10:00-14:00h \u2013 <a href=\"http:\/\/bit.ly\/2JdXhmu\" target=\"_blank\" rel=\"noopener\">Black Feminisms Across the Americas: A Tribute to Political Activist Marielle Franco<\/a><\/strong><\/h4>\n<p style=\"padding-left: 60px;\"><strong>Endere\u00e7o: Princeton University, Princeton \u2013 EUA<\/strong><br \/>\n<em>Organizado por Princeton University Brazil LAB<\/em><\/p>\n<h3>S\u00e1bado, 16 de mar\u00e7o<\/h3>\n<h4 style=\"padding-left: 30px;\"><strong>13:00-15:00h \u2013 <a href=\"http:\/\/bit.ly\/2JkqrR8\" target=\"_blank\" rel=\"noopener\">Demand Justice for Marielle Franco<\/a><\/strong><\/h4>\n<p style=\"padding-left: 60px;\"><strong>Endere\u00e7o: Pacific Avenue (in front of O&#8217;Neill&#8217;s surf shop), Santa Cruz \u2013 EUA<\/strong><br \/>\n<em>Organizado por Grupo Re-Existir<\/em><\/p>\n<h4 style=\"padding-left: 30px;\"><strong>14:00-18:00h \u2013 <a href=\"http:\/\/bit.ly\/2JbeHAk\" target=\"_blank\" rel=\"noopener\">\u00c9v\u00e9nement : Un an apr\u00e8s l&#8217;assassinat de Marielle Franco<\/a><\/strong><\/h4>\n<p style=\"padding-left: 60px;\"><strong>Endere\u00e7o: CICP, 21 ter rue Voltaire, 75011 Paris \u2014 Fran\u00e7a<\/strong><br \/>\n<em>Organizado por Autres Br\u00e9sils and Coletiva Marielles &#8211; France<\/em><\/p>\n<h4 style=\"padding-left: 30px;\"><strong>15:00-17:00h \u2013 <a href=\"http:\/\/bit.ly\/2TJxUgw\" target=\"_blank\" rel=\"noopener\">Marielle&#8217;s March in Boston<\/a><\/strong><\/h4>\n<p style=\"padding-left: 60px;\"><strong>Endere\u00e7o: Boston Common (march toward the Brazilian Consulate), Boston \u2013 EUA<\/strong><br \/>\n<em>Organizado por Resist Brasil<\/em><\/p>\n<h4 style=\"padding-left: 30px;\"><strong>15:00-18:00h \u2013 <a href=\"http:\/\/bit.ly\/2TJaDeB\" target=\"_blank\" rel=\"noopener\">Marielle Present! Anderson Present!<\/a>\u00a0<\/strong><\/h4>\n<p style=\"padding-left: 60px;\"><strong>Endere\u00e7o: Plas des Arts, 175 Rue Ste-Catherine O, Montreal \u2013 Canad\u00e1<\/strong><br \/>\n<em>Organizado por Coletivo Brasil-Montre\u00e1l<\/em><\/p>\n<h4 style=\"padding-left: 30px;\"><strong>16:00-18:00h \u2013 <a href=\"http:\/\/bit.ly\/2TIrZZ8\" target=\"_blank\" rel=\"noopener\">Justice for Marielle Bogot\u00e1<\/a><\/strong><\/h4>\n<p style=\"padding-left: 60px;\"><strong>Endere\u00e7o: Plaza de Bol\u00edvar, Carrera 7, Bogot\u00e1 \u2013 Col\u00f4mbia<\/strong><\/p>\n<!-- AddThis Advanced Settings generic via filter on the_content --><!-- AddThis Share Buttons generic via filter on the_content -->","protected":false},"excerpt":{"rendered":"<div class=\"mh-excerpt\"><p>\u00a0Click Here for English Hoje\u2014quinta-feira, 14 de mar\u00e7o de 2019\u2014marca um ano desde o assassinato da vereadora carioca Marielle Franco\u00a0e seu motorista Anderson Gomes. Nascida e criada na favela da Mar\u00e9, na Zona Norte do <a class=\"mh-excerpt-more\" href=\"https:\/\/rioonwatch.org.br\/?p=39408\" title=\"Lembrando a Vida e Legado de Marielle: Agenda de Eventos no Rio e no Mundo #1AnoSemMarielle\">[&#8230;]<\/a><!-- AddThis Advanced Settings generic via filter on get_the_excerpt --><!-- AddThis Share Buttons generic via filter on get_the_excerpt --><\/p>\n<\/div>","protected":false},"author":129,"featured_media":39411,"comment_status":"closed","ping_status":"closed","sticky":false,"template":"","format":"standard","meta":{"_acf_changed":false,"_monsterinsights_skip_tracking":false,"_monsterinsights_sitenote_active":false,"_monsterinsights_sitenote_note":"","_monsterinsights_sitenote_category":0,"footnotes":""},"categories":[1621,1627,1626,1612],"tags":[334,259,405,332,922,1146,2312,2391,2033,469,1304,1106,763,1989,432,2289,2601,380,2600,2387],"writer":[2598],"translator":[],"source":[],"ilustrador":[],"fotografo":[],"class_list":{"0":"post-39408","1":"post","2":"type-post","3":"status-publish","4":"format-standard","5":"has-post-thumbnail","7":"category-destaque","8":"category-relato-de-evento","9":"category-por-observadores-internacionais","10":"category-sociedade-civil","11":"tag-arte","12":"tag-centro","13":"tag-cinelandia","14":"tag-complexo-da-mare","15":"tag-evento","16":"tag-exposicao","17":"tag-legado-de-marielle","18":"tag-mare-vive","19":"tag-marielle-franco","20":"tag-memoria","21":"tag-organizacao-criativa","22":"tag-museu-da-mare","23":"tag-protesto","24":"tag-psol","25":"tag-resistencia","26":"tag-serie","27":"tag-serie-um-ano-sem-marielle-franco","28":"tag-solidariedade","29":"tag-solidariedade-internacional","30":"tag-violencia-contra-a-mulher","31":"writer-daiana-contini"},"acf":[],"yoast_head":"<!-- This site is optimized with the Yoast SEO plugin v25.6 - https:\/\/yoast.com\/wordpress\/plugins\/seo\/ -->\n<title>Lembrando a Vida e Legado de Marielle: Agenda de Eventos no Rio e no Mundo #1AnoSemMarielle - RioOnWatch<\/title>\n<meta name=\"robots\" content=\"index, follow, max-snippet:-1, max-image-preview:large, max-video-preview:-1\" \/>\n<link rel=\"canonical\" href=\"https:\/\/rioonwatch.org.br\/?p=39408\" \/>\n<meta property=\"og:locale\" content=\"pt_BR\" \/>\n<meta property=\"og:type\" content=\"article\" \/>\n<meta property=\"og:title\" content=\"Lembrando a Vida e Legado de Marielle: Agenda de Eventos no Rio e no Mundo #1AnoSemMarielle - RioOnWatch\" \/>\n<meta property=\"og:description\" content=\"\u00a0Click Here for English Hoje\u2014quinta-feira, 14 de mar\u00e7o de 2019\u2014marca um ano desde o assassinato da vereadora carioca Marielle Franco\u00a0e seu motorista Anderson Gomes. Nascida e criada na favela da Mar\u00e9, na Zona Norte do [...]\" \/>\n<meta property=\"og:url\" content=\"https:\/\/rioonwatch.org.br\/?p=39408\" \/>\n<meta property=\"og:site_name\" content=\"RioOnWatch\" \/>\n<meta property=\"article:published_time\" content=\"2019-03-14T16:50:52+00:00\" \/>\n<meta property=\"article:modified_time\" content=\"2024-06-20T16:46:13+00:00\" \/>\n<meta property=\"og:image\" content=\"https:\/\/rioonwatch.org.br\/wp-content\/uploads\/2019\/03\/Marielle-Presente-.jpg\" \/>\n\t<meta property=\"og:image:width\" content=\"1000\" \/>\n\t<meta property=\"og:image:height\" content=\"667\" \/>\n\t<meta property=\"og:image:type\" content=\"image\/jpeg\" \/>\n<meta name=\"author\" content=\"Admin\" \/>\n<meta name=\"twitter:card\" content=\"summary_large_image\" \/>\n<meta name=\"twitter:label1\" content=\"Escrito por\" \/>\n\t<meta name=\"twitter:data1\" content=\"Admin\" \/>\n\t<meta name=\"twitter:label2\" content=\"Est. tempo de leitura\" \/>\n\t<meta name=\"twitter:data2\" content=\"7 minutos\" \/>\n<script type=\"application\/ld+json\" class=\"yoast-schema-graph\">{\"@context\":\"https:\/\/schema.org\",\"@graph\":[{\"@type\":\"Article\",\"@id\":\"https:\/\/rioonwatch.org.br\/?p=39408#article\",\"isPartOf\":{\"@id\":\"https:\/\/rioonwatch.org.br\/?p=39408\"},\"author\":{\"name\":\"Admin\",\"@id\":\"https:\/\/rioonwatch.org.br\/#\/schema\/person\/11d64c290506f9df50c71b850c473f68\"},\"headline\":\"Lembrando a Vida e Legado de Marielle: Agenda de Eventos no Rio e no Mundo #1AnoSemMarielle\",\"datePublished\":\"2019-03-14T16:50:52+00:00\",\"dateModified\":\"2024-06-20T16:46:13+00:00\",\"mainEntityOfPage\":{\"@id\":\"https:\/\/rioonwatch.org.br\/?p=39408\"},\"wordCount\":1386,\"publisher\":{\"@id\":\"https:\/\/rioonwatch.org.br\/#organization\"},\"image\":{\"@id\":\"https:\/\/rioonwatch.org.br\/?p=39408#primaryimage\"},\"thumbnailUrl\":\"https:\/\/rioonwatch.org.br\/wp-content\/uploads\/2019\/03\/Marielle-Presente-.jpg\",\"keywords\":[\"arte\",\"Centro\",\"Cinel\u00e2ndia\",\"Complexo da Mar\u00e9\",\"evento\",\"exposi\u00e7\u00e3o\",\"Legado de Marielle\",\"Mar\u00e9 Vive\",\"Marielle Franco\",\"Mem\u00f3rias Faveladas\",\"mobiliza\u00e7\u00e3o criativa\",\"Museu da Mar\u00e9\",\"protesto\",\"PSOL\",\"resist\u00eancia\",\"S\u00e9rie\",\"S\u00e9rie: Um Ano Sem Marielle Franco\",\"solidariedade\",\"solidariedade internacional\",\"viol\u00eancia contra a mulher\"],\"articleSection\":[\"*Destaque\",\"Cobertura de Eventos\",\"Escrito por Aliados\",\"Sociedade Civil\"],\"inLanguage\":\"pt-BR\"},{\"@type\":\"WebPage\",\"@id\":\"https:\/\/rioonwatch.org.br\/?p=39408\",\"url\":\"https:\/\/rioonwatch.org.br\/?p=39408\",\"name\":\"Lembrando a Vida e Legado de Marielle: Agenda de Eventos no Rio e no Mundo #1AnoSemMarielle - RioOnWatch\",\"isPartOf\":{\"@id\":\"https:\/\/rioonwatch.org.br\/#website\"},\"primaryImageOfPage\":{\"@id\":\"https:\/\/rioonwatch.org.br\/?p=39408#primaryimage\"},\"image\":{\"@id\":\"https:\/\/rioonwatch.org.br\/?p=39408#primaryimage\"},\"thumbnailUrl\":\"https:\/\/rioonwatch.org.br\/wp-content\/uploads\/2019\/03\/Marielle-Presente-.jpg\",\"datePublished\":\"2019-03-14T16:50:52+00:00\",\"dateModified\":\"2024-06-20T16:46:13+00:00\",\"breadcrumb\":{\"@id\":\"https:\/\/rioonwatch.org.br\/?p=39408#breadcrumb\"},\"inLanguage\":\"pt-BR\",\"potentialAction\":[{\"@type\":\"ReadAction\",\"target\":[\"https:\/\/rioonwatch.org.br\/?p=39408\"]}]},{\"@type\":\"ImageObject\",\"inLanguage\":\"pt-BR\",\"@id\":\"https:\/\/rioonwatch.org.br\/?p=39408#primaryimage\",\"url\":\"https:\/\/rioonwatch.org.br\/wp-content\/uploads\/2019\/03\/Marielle-Presente-.jpg\",\"contentUrl\":\"https:\/\/rioonwatch.org.br\/wp-content\/uploads\/2019\/03\/Marielle-Presente-.jpg\",\"width\":1000,\"height\":667},{\"@type\":\"BreadcrumbList\",\"@id\":\"https:\/\/rioonwatch.org.br\/?p=39408#breadcrumb\",\"itemListElement\":[{\"@type\":\"ListItem\",\"position\":1,\"name\":\"In\u00edcio\",\"item\":\"https:\/\/rioonwatch.org.br\/\"},{\"@type\":\"ListItem\",\"position\":2,\"name\":\"Lembrando a Vida e Legado de Marielle: Agenda de Eventos no Rio e no Mundo #1AnoSemMarielle\"}]},{\"@type\":\"WebSite\",\"@id\":\"https:\/\/rioonwatch.org.br\/#website\",\"url\":\"https:\/\/rioonwatch.org.br\/\",\"name\":\"RioOnWatch\",\"description\":\"relatos das favelas cariocas\",\"publisher\":{\"@id\":\"https:\/\/rioonwatch.org.br\/#organization\"},\"potentialAction\":[{\"@type\":\"SearchAction\",\"target\":{\"@type\":\"EntryPoint\",\"urlTemplate\":\"https:\/\/rioonwatch.org.br\/?s={search_term_string}\"},\"query-input\":{\"@type\":\"PropertyValueSpecification\",\"valueRequired\":true,\"valueName\":\"search_term_string\"}}],\"inLanguage\":\"pt-BR\"},{\"@type\":\"Organization\",\"@id\":\"https:\/\/rioonwatch.org.br\/#organization\",\"name\":\"RioOnWatch\",\"url\":\"https:\/\/rioonwatch.org.br\/\",\"logo\":{\"@type\":\"ImageObject\",\"inLanguage\":\"pt-BR\",\"@id\":\"https:\/\/rioonwatch.org.br\/#\/schema\/logo\/image\/\",\"url\":\"https:\/\/rioonwatch.org.br\/wp-content\/uploads\/2021\/06\/RioOnWatchcabecalhoPT11anos-2.png\",\"contentUrl\":\"https:\/\/rioonwatch.org.br\/wp-content\/uploads\/2021\/06\/RioOnWatchcabecalhoPT11anos-2.png\",\"width\":779,\"height\":277,\"caption\":\"RioOnWatch\"},\"image\":{\"@id\":\"https:\/\/rioonwatch.org.br\/#\/schema\/logo\/image\/\"}},{\"@type\":\"Person\",\"@id\":\"https:\/\/rioonwatch.org.br\/#\/schema\/person\/11d64c290506f9df50c71b850c473f68\",\"name\":\"Admin\",\"image\":{\"@type\":\"ImageObject\",\"inLanguage\":\"pt-BR\",\"@id\":\"https:\/\/rioonwatch.org.br\/#\/schema\/person\/image\/\",\"url\":\"https:\/\/secure.gravatar.com\/avatar\/56211ac74568383903349a1485e3c325?s=96&d=blank&r=g\",\"contentUrl\":\"https:\/\/secure.gravatar.com\/avatar\/56211ac74568383903349a1485e3c325?s=96&d=blank&r=g\",\"caption\":\"Admin\"},\"url\":\"https:\/\/rioonwatch.org.br\/?author=129\"}]}<\/script>\n<!-- \/ Yoast SEO plugin. -->","yoast_head_json":{"title":"Lembrando a Vida e Legado de Marielle: Agenda de Eventos no Rio e no Mundo #1AnoSemMarielle - RioOnWatch","robots":{"index":"index","follow":"follow","max-snippet":"max-snippet:-1","max-image-preview":"max-image-preview:large","max-video-preview":"max-video-preview:-1"},"canonical":"https:\/\/rioonwatch.org.br\/?p=39408","og_locale":"pt_BR","og_type":"article","og_title":"Lembrando a Vida e Legado de Marielle: Agenda de Eventos no Rio e no Mundo #1AnoSemMarielle - RioOnWatch","og_description":"\u00a0Click Here for English Hoje\u2014quinta-feira, 14 de mar\u00e7o de 2019\u2014marca um ano desde o assassinato da vereadora carioca Marielle Franco\u00a0e seu motorista Anderson Gomes. Nascida e criada na favela da Mar\u00e9, na Zona Norte do [...]","og_url":"https:\/\/rioonwatch.org.br\/?p=39408","og_site_name":"RioOnWatch","article_published_time":"2019-03-14T16:50:52+00:00","article_modified_time":"2024-06-20T16:46:13+00:00","og_image":[{"width":1000,"height":667,"url":"https:\/\/rioonwatch.org.br\/wp-content\/uploads\/2019\/03\/Marielle-Presente-.jpg","type":"image\/jpeg"}],"author":"Admin","twitter_card":"summary_large_image","twitter_misc":{"Escrito por":"Admin","Est. tempo de leitura":"7 minutos"},"schema":{"@context":"https:\/\/schema.org","@graph":[{"@type":"Article","@id":"https:\/\/rioonwatch.org.br\/?p=39408#article","isPartOf":{"@id":"https:\/\/rioonwatch.org.br\/?p=39408"},"author":{"name":"Admin","@id":"https:\/\/rioonwatch.org.br\/#\/schema\/person\/11d64c290506f9df50c71b850c473f68"},"headline":"Lembrando a Vida e Legado de Marielle: Agenda de Eventos no Rio e no Mundo #1AnoSemMarielle","datePublished":"2019-03-14T16:50:52+00:00","dateModified":"2024-06-20T16:46:13+00:00","mainEntityOfPage":{"@id":"https:\/\/rioonwatch.org.br\/?p=39408"},"wordCount":1386,"publisher":{"@id":"https:\/\/rioonwatch.org.br\/#organization"},"image":{"@id":"https:\/\/rioonwatch.org.br\/?p=39408#primaryimage"},"thumbnailUrl":"https:\/\/rioonwatch.org.br\/wp-content\/uploads\/2019\/03\/Marielle-Presente-.jpg","keywords":["arte","Centro","Cinel\u00e2ndia","Complexo da Mar\u00e9","evento","exposi\u00e7\u00e3o","Legado de Marielle","Mar\u00e9 Vive","Marielle Franco","Mem\u00f3rias Faveladas","mobiliza\u00e7\u00e3o criativa","Museu da Mar\u00e9","protesto","PSOL","resist\u00eancia","S\u00e9rie","S\u00e9rie: Um Ano Sem Marielle Franco","solidariedade","solidariedade internacional","viol\u00eancia contra a mulher"],"articleSection":["*Destaque","Cobertura de Eventos","Escrito por Aliados","Sociedade Civil"],"inLanguage":"pt-BR"},{"@type":"WebPage","@id":"https:\/\/rioonwatch.org.br\/?p=39408","url":"https:\/\/rioonwatch.org.br\/?p=39408","name":"Lembrando a Vida e Legado de Marielle: Agenda de Eventos no Rio e no Mundo #1AnoSemMarielle - RioOnWatch","isPartOf":{"@id":"https:\/\/rioonwatch.org.br\/#website"},"primaryImageOfPage":{"@id":"https:\/\/rioonwatch.org.br\/?p=39408#primaryimage"},"image":{"@id":"https:\/\/rioonwatch.org.br\/?p=39408#primaryimage"},"thumbnailUrl":"https:\/\/rioonwatch.org.br\/wp-content\/uploads\/2019\/03\/Marielle-Presente-.jpg","datePublished":"2019-03-14T16:50:52+00:00","dateModified":"2024-06-20T16:46:13+00:00","breadcrumb":{"@id":"https:\/\/rioonwatch.org.br\/?p=39408#breadcrumb"},"inLanguage":"pt-BR","potentialAction":[{"@type":"ReadAction","target":["https:\/\/rioonwatch.org.br\/?p=39408"]}]},{"@type":"ImageObject","inLanguage":"pt-BR","@id":"https:\/\/rioonwatch.org.br\/?p=39408#primaryimage","url":"https:\/\/rioonwatch.org.br\/wp-content\/uploads\/2019\/03\/Marielle-Presente-.jpg","contentUrl":"https:\/\/rioonwatch.org.br\/wp-content\/uploads\/2019\/03\/Marielle-Presente-.jpg","width":1000,"height":667},{"@type":"BreadcrumbList","@id":"https:\/\/rioonwatch.org.br\/?p=39408#breadcrumb","itemListElement":[{"@type":"ListItem","position":1,"name":"In\u00edcio","item":"https:\/\/rioonwatch.org.br\/"},{"@type":"ListItem","position":2,"name":"Lembrando a Vida e Legado de Marielle: Agenda de Eventos no Rio e no Mundo #1AnoSemMarielle"}]},{"@type":"WebSite","@id":"https:\/\/rioonwatch.org.br\/#website","url":"https:\/\/rioonwatch.org.br\/","name":"RioOnWatch","description":"relatos das favelas cariocas","publisher":{"@id":"https:\/\/rioonwatch.org.br\/#organization"},"potentialAction":[{"@type":"SearchAction","target":{"@type":"EntryPoint","urlTemplate":"https:\/\/rioonwatch.org.br\/?s={search_term_string}"},"query-input":{"@type":"PropertyValueSpecification","valueRequired":true,"valueName":"search_term_string"}}],"inLanguage":"pt-BR"},{"@type":"Organization","@id":"https:\/\/rioonwatch.org.br\/#organization","name":"RioOnWatch","url":"https:\/\/rioonwatch.org.br\/","logo":{"@type":"ImageObject","inLanguage":"pt-BR","@id":"https:\/\/rioonwatch.org.br\/#\/schema\/logo\/image\/","url":"https:\/\/rioonwatch.org.br\/wp-content\/uploads\/2021\/06\/RioOnWatchcabecalhoPT11anos-2.png","contentUrl":"https:\/\/rioonwatch.org.br\/wp-content\/uploads\/2021\/06\/RioOnWatchcabecalhoPT11anos-2.png","width":779,"height":277,"caption":"RioOnWatch"},"image":{"@id":"https:\/\/rioonwatch.org.br\/#\/schema\/logo\/image\/"}},{"@type":"Person","@id":"https:\/\/rioonwatch.org.br\/#\/schema\/person\/11d64c290506f9df50c71b850c473f68","name":"Admin","image":{"@type":"ImageObject","inLanguage":"pt-BR","@id":"https:\/\/rioonwatch.org.br\/#\/schema\/person\/image\/","url":"https:\/\/secure.gravatar.com\/avatar\/56211ac74568383903349a1485e3c325?s=96&d=blank&r=g","contentUrl":"https:\/\/secure.gravatar.com\/avatar\/56211ac74568383903349a1485e3c325?s=96&d=blank&r=g","caption":"Admin"},"url":"https:\/\/rioonwatch.org.br\/?author=129"}]}},"_links":{"self":[{"href":"https:\/\/rioonwatch.org.br\/index.php?rest_route=\/wp\/v2\/posts\/39408"}],"collection":[{"href":"https:\/\/rioonwatch.org.br\/index.php?rest_route=\/wp\/v2\/posts"}],"about":[{"href":"https:\/\/rioonwatch.org.br\/index.php?rest_route=\/wp\/v2\/types\/post"}],"author":[{"embeddable":true,"href":"https:\/\/rioonwatch.org.br\/index.php?rest_route=\/wp\/v2\/users\/129"}],"replies":[{"embeddable":true,"href":"https:\/\/rioonwatch.org.br\/index.php?rest_route=%2Fwp%2Fv2%2Fcomments&post=39408"}],"version-history":[{"count":25,"href":"https:\/\/rioonwatch.org.br\/index.php?rest_route=\/wp\/v2\/posts\/39408\/revisions"}],"predecessor-version":[{"id":39451,"href":"https:\/\/rioonwatch.org.br\/index.php?rest_route=\/wp\/v2\/posts\/39408\/revisions\/39451"}],"wp:featuredmedia":[{"embeddable":true,"href":"https:\/\/rioonwatch.org.br\/index.php?rest_route=\/wp\/v2\/media\/39411"}],"wp:attachment":[{"href":"https:\/\/rioonwatch.org.br\/index.php?rest_route=%2Fwp%2Fv2%2Fmedia&parent=39408"}],"wp:term":[{"taxonomy":"category","embeddable":true,"href":"https:\/\/rioonwatch.org.br\/index.php?rest_route=%2Fwp%2Fv2%2Fcategories&post=39408"},{"taxonomy":"post_tag","embeddable":true,"href":"https:\/\/rioonwatch.org.br\/index.php?rest_route=%2Fwp%2Fv2%2Ftags&post=39408"},{"taxonomy":"writer","embeddable":true,"href":"https:\/\/rioonwatch.org.br\/index.php?rest_route=%2Fwp%2Fv2%2Fwriter&post=39408"},{"taxonomy":"translator","embeddable":true,"href":"https:\/\/rioonwatch.org.br\/index.php?rest_route=%2Fwp%2Fv2%2Ftranslator&post=39408"},{"taxonomy":"source","embeddable":true,"href":"https:\/\/rioonwatch.org.br\/index.php?rest_route=%2Fwp%2Fv2%2Fsource&post=39408"},{"taxonomy":"ilustrador","embeddable":true,"href":"https:\/\/rioonwatch.org.br\/index.php?rest_route=%2Fwp%2Fv2%2Filustrador&post=39408"},{"taxonomy":"fotografo","embeddable":true,"href":"https:\/\/rioonwatch.org.br\/index.php?rest_route=%2Fwp%2Fv2%2Ffotografo&post=39408"}],"curies":[{"name":"wp","href":"https:\/\/api.w.org\/{rel}","templated":true}]}}