{"id":39452,"date":"2019-03-15T16:50:16","date_gmt":"2019-03-15T19:50:16","guid":{"rendered":"http:\/\/rioonwatch.org.br\/?p=39452"},"modified":"2022-10-11T09:23:41","modified_gmt":"2022-10-11T12:23:41","slug":"__trashed-3","status":"publish","type":"post","link":"https:\/\/rioonwatch.org.br\/?p=39452","title":{"rendered":"Atos Honram a Mem\u00f3ria de Marielle pelo Brasil e pelo Mundo #1AnoSemMarielle [IMAGENS]"},"content":{"rendered":"<p style=\"text-align: right;\"><span data-ccp-props=\"{&quot;201341983&quot;:0,&quot;335559739&quot;:160,&quot;335559740&quot;:259}\">\u00a0<\/span><em><strong><a href=\"http:\/\/bit.ly\/2ObFxXU\" target=\"_blank\" rel=\"noopener noreferrer\">Click Here for English<\/a><a href=\"http:\/\/bit.ly\/2ObFxXU\" target=\"_blank\" rel=\"noopener noreferrer\"><img decoding=\"async\" width=\"20\" height=\"20\" class=\"alignright wp-image-15790\" src=\"http:\/\/rioonwatch.org.br\/wp-content\/uploads\/2012\/08\/EN-standard-e1439583104716.jpg\" \/><\/a><\/strong><\/em><\/p>\n<h3>No Rio de Janeiro<\/h3>\n<p>No Rio de Janeiro, o dia 14 de mar\u00e7o come\u00e7ou com flores, bandeiras e faixas lembrando <a href=\"http:\/\/bit.ly\/2rDdtBY\" target=\"_blank\" rel=\"noopener\">Marielle Franco<\/a> em diversos pontos da cidade. Foi o <a href=\"http:\/\/bit.ly\/2J7g4j9\" target=\"_blank\" rel=\"noopener\">Amanhecer por Marielle e Anderson<\/a>. Nos arcos da <a href=\"http:\/\/bit.ly\/2MRbsMu\" target=\"_blank\" rel=\"noopener\">Lapa<\/a>, um dos principais pontos tur\u00edsticos da cidade, o rosto de Marielle amanheceu emoldurado por um arco-\u00edris. E, diante da <a href=\"https:\/\/glo.bo\/2T3p5tt\" target=\"_blank\" rel=\"noopener\">pris\u00e3o dos executores do crime<\/a> nessa mesma semana, a pergunta que permeou todo o dia foi: &#8220;Quem mandou matar Marielle?&#8221;<\/p>\n<p><a href=\"http:\/\/rioonwatch.org.br\/wp-content\/uploads\/2019\/03\/Lapa-Clarice-Lissovsky.jpg\"><img fetchpriority=\"high\" decoding=\"async\" class=\"aligncenter wp-image-39455 size-medium\" title=\"Os arcos da Lapa amanheceram com o rosto de Marielle emoldurado por um arco-\u00edris. Foto: Clarice Lissovsky.\" src=\"http:\/\/rioonwatch.org.br\/wp-content\/uploads\/2019\/03\/Lapa-Clarice-Lissovsky-620x499.jpg\" alt=\"\" width=\"620\" height=\"499\" srcset=\"https:\/\/rioonwatch.org.br\/wp-content\/uploads\/2019\/03\/Lapa-Clarice-Lissovsky-620x499.jpg 620w, https:\/\/rioonwatch.org.br\/wp-content\/uploads\/2019\/03\/Lapa-Clarice-Lissovsky-328x264.jpg 328w, https:\/\/rioonwatch.org.br\/wp-content\/uploads\/2019\/03\/Lapa-Clarice-Lissovsky-768x618.jpg 768w, https:\/\/rioonwatch.org.br\/wp-content\/uploads\/2019\/03\/Lapa-Clarice-Lissovsky.jpg 960w\" sizes=\"(max-width: 620px) 100vw, 620px\" \/><\/a><\/p>\n<p>No bairro do <a href=\"http:\/\/bit.ly\/2T9SsKK\" target=\"_blank\" rel=\"noopener\">Est\u00e1cio<\/a>, no <a href=\"https:\/\/glo.bo\/2Hoqn0W\" target=\"_blank\" rel=\"noopener\">cruzamento onde os tiros<\/a> que tiraram a sua vida foram disparados, m\u00e3es cujos filhos foram v\u00edtimas da viol\u00eancia de Estado liam poemas em mem\u00f3ria de seus filhos e de Marielle. &#8220;Marielle era tamb\u00e9m um pouco nossa m\u00e3e&#8221;, disse uma delas.<\/p>\n<p><a href=\"http:\/\/rioonwatch.org.br\/wp-content\/uploads\/2019\/03\/mae-vitima-de-violencia-do-estado.jpeg\"><img decoding=\"async\" class=\"aligncenter wp-image-39507 size-medium\" title=\"M\u00e3e v\u00edtima da viol\u00eancia de Estado l\u00ea poema. Foto: Luisa Fenizola.\" src=\"http:\/\/rioonwatch.org.br\/wp-content\/uploads\/2019\/03\/mae-vitima-de-violencia-do-estado-620x465.jpeg\" alt=\"\" width=\"620\" height=\"465\" srcset=\"https:\/\/rioonwatch.org.br\/wp-content\/uploads\/2019\/03\/mae-vitima-de-violencia-do-estado-620x465.jpeg 620w, https:\/\/rioonwatch.org.br\/wp-content\/uploads\/2019\/03\/mae-vitima-de-violencia-do-estado-352x264.jpeg 352w, https:\/\/rioonwatch.org.br\/wp-content\/uploads\/2019\/03\/mae-vitima-de-violencia-do-estado-768x576.jpeg 768w, https:\/\/rioonwatch.org.br\/wp-content\/uploads\/2019\/03\/mae-vitima-de-violencia-do-estado-1024x768.jpeg 1024w, https:\/\/rioonwatch.org.br\/wp-content\/uploads\/2019\/03\/mae-vitima-de-violencia-do-estado-174x131.jpeg 174w, https:\/\/rioonwatch.org.br\/wp-content\/uploads\/2019\/03\/mae-vitima-de-violencia-do-estado-300x225.jpeg 300w, https:\/\/rioonwatch.org.br\/wp-content\/uploads\/2019\/03\/mae-vitima-de-violencia-do-estado-70x53.jpeg 70w, https:\/\/rioonwatch.org.br\/wp-content\/uploads\/2019\/03\/mae-vitima-de-violencia-do-estado.jpeg 1032w\" sizes=\"(max-width: 620px) 100vw, 620px\" \/><\/a><\/p>\n<p>O dia inteiro foi <a href=\"http:\/\/bit.ly\/2HlvWgC\" target=\"_blank\" rel=\"noopener\">marcado por atividades<\/a>. O vereador do <a href=\"http:\/\/bit.ly\/2LPq1yE\" target=\"_blank\" rel=\"noopener\">PSOL<\/a>, <a href=\"http:\/\/bit.ly\/2IabbEx\" target=\"_blank\" rel=\"noopener\">Tarc\u00edsio Motta<\/a>, e os deputados <a href=\"http:\/\/bit.ly\/2EUAeaK\" target=\"_blank\" rel=\"noopener\">Renata Souza<\/a>, <a href=\"http:\/\/bit.ly\/2HC3aro\" target=\"_blank\" rel=\"noopener\">M\u00f4nica Francisco<\/a>, <a href=\"http:\/\/bit.ly\/2UA8S0d\" target=\"_blank\" rel=\"noopener\">Fl\u00e1vio Serafini<\/a> e <a href=\"http:\/\/bit.ly\/2JfJa00\" target=\"_blank\" rel=\"noopener\">Glauber Braga<\/a>, prestaram sua homenagem ocupando a frente da <a href=\"http:\/\/bit.ly\/2HBa93J\" target=\"_blank\" rel=\"noopener\">Alerj<\/a> com 365 girass\u00f3is, um s\u00edmbolo da campanha de Marielle, e uma faixa que refor\u00e7ava a pergunta &#8220;Quem mandou matar Marielle?&#8221;<\/p>\n<p><a href=\"http:\/\/rioonwatch.org.br\/wp-content\/uploads\/2019\/03\/vereadores-alerj-marielle.jpg\"><img loading=\"lazy\" decoding=\"async\" class=\"aligncenter wp-image-39456 size-medium\" title=\"Parlamentares homenageiam Marielle em frente \u00e0 Alerj. Foto: Luna Costa e Dani Orofino.\" src=\"http:\/\/rioonwatch.org.br\/wp-content\/uploads\/2019\/03\/vereadores-alerj-marielle-620x413.jpg\" alt=\"\" width=\"620\" height=\"413\" srcset=\"https:\/\/rioonwatch.org.br\/wp-content\/uploads\/2019\/03\/vereadores-alerj-marielle-620x413.jpg 620w, https:\/\/rioonwatch.org.br\/wp-content\/uploads\/2019\/03\/vereadores-alerj-marielle-396x264.jpg 396w, https:\/\/rioonwatch.org.br\/wp-content\/uploads\/2019\/03\/vereadores-alerj-marielle-768x512.jpg 768w, https:\/\/rioonwatch.org.br\/wp-content\/uploads\/2019\/03\/vereadores-alerj-marielle.jpg 960w\" sizes=\"(max-width: 620px) 100vw, 620px\" \/><\/a><\/p>\n<p>Em outra faixa no mesmo local, sustentada por mulheres em pernas-de-pau, lia-se &#8220;Marielle Gigante&#8221;.<\/p>\n<p><a href=\"http:\/\/rioonwatch.org.br\/wp-content\/uploads\/2019\/03\/marielle-gigante.jpg\"><img loading=\"lazy\" decoding=\"async\" class=\"aligncenter wp-image-39457 size-medium\" title=\"Pernaltas seguram faixa &quot;Marielle Gigante&quot;. Foto: Luna Costa e Dani Orofino.\" src=\"http:\/\/rioonwatch.org.br\/wp-content\/uploads\/2019\/03\/marielle-gigante-620x412.jpg\" alt=\"\" width=\"620\" height=\"412\" srcset=\"https:\/\/rioonwatch.org.br\/wp-content\/uploads\/2019\/03\/marielle-gigante-620x412.jpg 620w, https:\/\/rioonwatch.org.br\/wp-content\/uploads\/2019\/03\/marielle-gigante-397x264.jpg 397w, https:\/\/rioonwatch.org.br\/wp-content\/uploads\/2019\/03\/marielle-gigante-768x510.jpg 768w, https:\/\/rioonwatch.org.br\/wp-content\/uploads\/2019\/03\/marielle-gigante.jpg 960w\" sizes=\"(max-width: 620px) 100vw, 620px\" \/><\/a><\/p>\n<p>De l\u00e1, os parlamentares caminharam at\u00e9 a Candel\u00e1ria, uma das igrejas mais importantes da cidade, palco\u00a0do\u00a0<a title=\"Com\u00edcio da Candel\u00e1ria\" href=\"http:\/\/bit.ly\/2HoHS13\" target=\"_blank\" rel=\"noopener\">Com\u00edcio da Candel\u00e1ria<\/a>\u00a0durante o movimento das\u00a0<a title=\"Diretas J\u00e1\" href=\"http:\/\/bit.ly\/2W28lo9\" target=\"_blank\" rel=\"noopener\">Diretas J\u00e1<\/a>\u00a0mas tamb\u00e9m cen\u00e1rio da\u00a0<a title=\"\" href=\"http:\/\/bit.ly\/29YjPFs\" target=\"_blank\" rel=\"noopener\">Chacina da Candel\u00e1ria<\/a>, na qual a pol\u00edcia matou oito moradores de rua, a maioria jovens, em 1993.<\/p>\n<p><a href=\"http:\/\/rioonwatch.org.br\/wp-content\/uploads\/2019\/03\/candel\u00e1ria-marielle.jpg\"><img loading=\"lazy\" decoding=\"async\" class=\"aligncenter wp-image-39459 size-medium\" src=\"http:\/\/rioonwatch.org.br\/wp-content\/uploads\/2019\/03\/candel\u00e1ria-marielle-620x413.jpg\" alt=\"\" width=\"620\" height=\"413\" srcset=\"https:\/\/rioonwatch.org.br\/wp-content\/uploads\/2019\/03\/candel\u00e1ria-marielle-620x413.jpg 620w, https:\/\/rioonwatch.org.br\/wp-content\/uploads\/2019\/03\/candel\u00e1ria-marielle-396x264.jpg 396w, https:\/\/rioonwatch.org.br\/wp-content\/uploads\/2019\/03\/candel\u00e1ria-marielle-768x512.jpg 768w, https:\/\/rioonwatch.org.br\/wp-content\/uploads\/2019\/03\/candel\u00e1ria-marielle.jpg 960w\" sizes=\"(max-width: 620px) 100vw, 620px\" \/><\/a><\/p>\n<p>Ao final da celebra\u00e7\u00e3o cat\u00f3lica, praticantes de religi\u00f5es afro-brasileiras tocaram tambores e fizeram sua pr\u00f3pria homenagem na porta da igreja.<\/p>\n<p><a href=\"http:\/\/rioonwatch.org.br\/wp-content\/uploads\/2019\/03\/brasil-homenagens-marielle-candel\u00e1ria.jpg\"><img loading=\"lazy\" decoding=\"async\" class=\"aligncenter wp-image-39460 size-medium\" title=\"Pessoas vestidas com trajes de religi\u00f5es afro-brasileiras prestam homenagens \u00e0 vereadora Marielle Franco em frente \u00e0 Igreja da Candel\u00e1ria. Foto: Carl de Souza\/AFP.\" src=\"http:\/\/rioonwatch.org.br\/wp-content\/uploads\/2019\/03\/brasil-homenagens-marielle-candel\u00e1ria-620x413.jpg\" alt=\"\" width=\"620\" height=\"413\" srcset=\"https:\/\/rioonwatch.org.br\/wp-content\/uploads\/2019\/03\/brasil-homenagens-marielle-candel\u00e1ria-620x413.jpg 620w, https:\/\/rioonwatch.org.br\/wp-content\/uploads\/2019\/03\/brasil-homenagens-marielle-candel\u00e1ria-396x264.jpg 396w, https:\/\/rioonwatch.org.br\/wp-content\/uploads\/2019\/03\/brasil-homenagens-marielle-candel\u00e1ria-768x512.jpg 768w, https:\/\/rioonwatch.org.br\/wp-content\/uploads\/2019\/03\/brasil-homenagens-marielle-candel\u00e1ria.jpg 920w\" sizes=\"(max-width: 620px) 100vw, 620px\" \/><\/a><\/p>\n<p>Paralelamente, em <a href=\"http:\/\/bit.ly\/2udgIBm\" target=\"_blank\" rel=\"noopener\">Santa Cruz<\/a>, o ato\u00a0<a href=\"http:\/\/bit.ly\/2JbkeXk\" target=\"_blank\" rel=\"noopener\">Zona Oeste por Marielle<\/a>, organizado pelo\u00a0<a class=\"profileLink\" href=\"http:\/\/bit.ly\/2F3yyvU\" target=\"_blank\" rel=\"noopener\" data-hovercard=\"\/ajax\/hovercard\/page.php?id=112639555909099&amp;extragetparams=%7B%22__tn__%22%3A%22%2CdK-R-R%22%2C%22eid%22%3A%22ARC7eKiLe3ObzIWsv580fd97_lJjcNpFE4KxaFVR88vCCYencbDKq2EN_NaDVK33RhsXiqMIhLGPHoKk%22%2C%22fref%22%3A%22mentions%22%7D\" data-hovercard-prefer-more-content-show=\"1\">Coletivo Piracema<\/a>, homenageou a vereadora em um local onde <a href=\"http:\/\/bit.ly\/2O6tBq9\" target=\"_blank\" rel=\"noopener\">afirmam que<\/a>\u00a0&#8220;moram tantas mulheres pretas, perif\u00e9ricas e que viam em Marielle uma esperan\u00e7a por pol\u00edticas p\u00fablicas voltadas para as mais pobres&#8221;.<\/p>\n<p><a href=\"http:\/\/rioonwatch.org.br\/wp-content\/uploads\/2019\/03\/zona-oeste-por-marielle.jpg\"><img loading=\"lazy\" decoding=\"async\" class=\"aligncenter wp-image-39453 size-medium\" title=\"Zona Oeste por Marielle re\u00fane admiradores e amigos em um local distante do centro da cidade, mas com v\u00e1rios paralelos ao local onde Marielle cresceu. Foto: P\u00e1gina do Facebook de Tudonumacoisas\u00f3.\" src=\"http:\/\/rioonwatch.org.br\/wp-content\/uploads\/2019\/03\/zona-oeste-por-marielle-620x413.jpg\" alt=\"\" width=\"620\" height=\"413\" srcset=\"https:\/\/rioonwatch.org.br\/wp-content\/uploads\/2019\/03\/zona-oeste-por-marielle-620x413.jpg 620w, https:\/\/rioonwatch.org.br\/wp-content\/uploads\/2019\/03\/zona-oeste-por-marielle-396x264.jpg 396w, https:\/\/rioonwatch.org.br\/wp-content\/uploads\/2019\/03\/zona-oeste-por-marielle-768x512.jpg 768w, https:\/\/rioonwatch.org.br\/wp-content\/uploads\/2019\/03\/zona-oeste-por-marielle.jpg 960w\" sizes=\"(max-width: 620px) 100vw, 620px\" \/><\/a><\/p>\n<p>Durante o expediente da Alerj do dia, <a href=\"https:\/\/glo.bo\/2Hm7cof\" target=\"_blank\" rel=\"noopener\">ocorreu ainda a primeira reuni\u00e3o do ano<\/a> da Comiss\u00e3o de Direitos Humanos, presidida pela nova Deputada Estadual Renata Souza.\u00a0Os encaminhamentos da reuni\u00e3o inclu\u00edram duas audi\u00eancias p\u00fablicas, uma para discutir as opera\u00e7\u00f5es policiais em favelas e outra para debater <a href=\"http:\/\/bit.ly\/2Hm5Bic\" target=\"_blank\" rel=\"noopener\">chacinas na Baixada Fluminense<\/a>.<\/p>\n<p><a href=\"http:\/\/rioonwatch.org.br\/wp-content\/uploads\/2019\/03\/renata-souza-comiss\u00e3o-DH-alerj.jpg\"><img loading=\"lazy\" decoding=\"async\" class=\"aligncenter wp-image-39461 size-medium\" title=\"A deputada Renata Souza (PSOL) preside reuni\u00e3o da Comiss\u00e3o de Direitos Humanos Foto: Caio Oliveira \/ Divulga\u00e7\u00e3o.\" src=\"http:\/\/rioonwatch.org.br\/wp-content\/uploads\/2019\/03\/renata-souza-comiss\u00e3o-DH-alerj-620x349.jpg\" alt=\"\" width=\"620\" height=\"349\" srcset=\"https:\/\/rioonwatch.org.br\/wp-content\/uploads\/2019\/03\/renata-souza-comiss\u00e3o-DH-alerj-620x349.jpg 620w, https:\/\/rioonwatch.org.br\/wp-content\/uploads\/2019\/03\/renata-souza-comiss\u00e3o-DH-alerj-469x264.jpg 469w, https:\/\/rioonwatch.org.br\/wp-content\/uploads\/2019\/03\/renata-souza-comiss\u00e3o-DH-alerj-580x326.jpg 580w, https:\/\/rioonwatch.org.br\/wp-content\/uploads\/2019\/03\/renata-souza-comiss\u00e3o-DH-alerj-174x98.jpg 174w, https:\/\/rioonwatch.org.br\/wp-content\/uploads\/2019\/03\/renata-souza-comiss\u00e3o-DH-alerj.jpg 640w\" sizes=\"(max-width: 620px) 100vw, 620px\" \/><\/a><\/p>\n<p>Tamb\u00e9m foi aprovada na Alerj no dia a <a href=\"http:\/\/bit.ly\/2uazh9F\" target=\"_blank\" rel=\"noopener\">concess\u00e3o do pr\u00eamio Dandara \u00e0 Marielle Franco<\/a>.<\/p>\n<p><a href=\"http:\/\/rioonwatch.org.br\/wp-content\/uploads\/2019\/03\/premio-dandara-marielle.jpg\"><img loading=\"lazy\" decoding=\"async\" class=\"aligncenter wp-image-39458 size-medium\" src=\"http:\/\/rioonwatch.org.br\/wp-content\/uploads\/2019\/03\/premio-dandara-marielle-620x413.jpg\" alt=\"\" width=\"620\" height=\"413\" srcset=\"https:\/\/rioonwatch.org.br\/wp-content\/uploads\/2019\/03\/premio-dandara-marielle-620x413.jpg 620w, https:\/\/rioonwatch.org.br\/wp-content\/uploads\/2019\/03\/premio-dandara-marielle-396x264.jpg 396w, https:\/\/rioonwatch.org.br\/wp-content\/uploads\/2019\/03\/premio-dandara-marielle-768x512.jpg 768w, https:\/\/rioonwatch.org.br\/wp-content\/uploads\/2019\/03\/premio-dandara-marielle.jpg 960w\" sizes=\"(max-width: 620px) 100vw, 620px\" \/><\/a><\/p>\n<p>Na parte da tarde, houve na Cinel\u00e2ndia uma <a href=\"http:\/\/bit.ly\/2XTyhnM\" target=\"_blank\" rel=\"noopener\">aula p\u00fablica<\/a> entitulada &#8220;Eu Sou Porque N\u00f3s Somos&#8221;, ministrada por Thula Pires, mulher preta de As\u00e9, professora de Direito Constitucional e coordenadora do <a href=\"http:\/\/bit.ly\/2TDNKtS\" target=\"_blank\" rel=\"noopener\">N\u00facleo Interdisciplinar de Reflex\u00e3o e Mem\u00f3ria Afrodescendente<\/a> da <a href=\"http:\/\/bit.ly\/2JeCslL\" target=\"_blank\" rel=\"noopener\">PUC-Rio<\/a>. A import\u00e2ncia da aula no dia 14 era ainda maior diante da defesa, empreendida por Marielle, da educa\u00e7\u00e3o p\u00fablica e da import\u00e2ncia que ela conferia ao envolvimento de saberes, referenciais e indiv\u00edduos negros no processo de constru\u00e7\u00e3o do conhecimento.<\/p>\n<p><a href=\"http:\/\/rioonwatch.org.br\/wp-content\/uploads\/2019\/03\/aula-magna-marielle-2.jpg\"><img loading=\"lazy\" decoding=\"async\" class=\"aligncenter wp-image-39463 size-medium\" title=\"Aula Magna na Cinel\u00e2ndia em homenagem \u00e0 Marielle. Foto: Luisa Fenizola.\" src=\"http:\/\/rioonwatch.org.br\/wp-content\/uploads\/2019\/03\/aula-magna-marielle-2-620x465.jpg\" alt=\"\" width=\"620\" height=\"465\" srcset=\"https:\/\/rioonwatch.org.br\/wp-content\/uploads\/2019\/03\/aula-magna-marielle-2-620x465.jpg 620w, https:\/\/rioonwatch.org.br\/wp-content\/uploads\/2019\/03\/aula-magna-marielle-2-352x264.jpg 352w, https:\/\/rioonwatch.org.br\/wp-content\/uploads\/2019\/03\/aula-magna-marielle-2-768x576.jpg 768w, https:\/\/rioonwatch.org.br\/wp-content\/uploads\/2019\/03\/aula-magna-marielle-2-1024x768.jpg 1024w, https:\/\/rioonwatch.org.br\/wp-content\/uploads\/2019\/03\/aula-magna-marielle-2-174x131.jpg 174w, https:\/\/rioonwatch.org.br\/wp-content\/uploads\/2019\/03\/aula-magna-marielle-2-300x225.jpg 300w, https:\/\/rioonwatch.org.br\/wp-content\/uploads\/2019\/03\/aula-magna-marielle-2-70x53.jpg 70w, https:\/\/rioonwatch.org.br\/wp-content\/uploads\/2019\/03\/aula-magna-marielle-2.jpg 1032w\" sizes=\"(max-width: 620px) 100vw, 620px\" \/><\/a><\/p>\n<p>Ao mesmo tempo, acontecia no <a href=\"http:\/\/bit.ly\/2HgHmSu\" target=\"_blank\" rel=\"noopener\">Centro de Artes da Mar\u00e9<\/a> o evento &#8220;<a href=\"http:\/\/bit.ly\/2UDWzQH\" target=\"_blank\" rel=\"noopener\">Carolina<\/a><a href=\"http:\/\/bit.ly\/2UDWzQH\" target=\"_blank\" rel=\"noopener\">, Abdias e Marielle: Vidas, Ancestralidade e Continua\u00e7\u00e3o<\/a>&#8220;, celebrando o anivers\u00e1rio de nascimento de\u00a0<a href=\"http:\/\/bit.ly\/1PYUaJt\" target=\"_blank\" rel=\"noopener\">Carolina Maria de Jesus<\/a> \u00a0e <a href=\"http:\/\/bit.ly\/2F4ztwc\" target=\"_blank\" rel=\"noopener\">Abdias do Nascimento<\/a> e de morte de Marielle, tr\u00eas grandes refer\u00eancias intelectuais e negras.<\/p>\n<p><a href=\"http:\/\/rioonwatch.org.br\/wp-content\/uploads\/2019\/03\/mar\u00e9-marielle.jpg\"><img loading=\"lazy\" decoding=\"async\" class=\"aligncenter wp-image-39469 size-medium\" title=\"Deputadas amigas de Marielle no evento na Mar\u00e9, seu local de nascimento. Foto: Facebook M\u00f4nia Francisco.\" src=\"http:\/\/rioonwatch.org.br\/wp-content\/uploads\/2019\/03\/mar\u00e9-marielle-620x413.jpg\" alt=\"\" width=\"620\" height=\"413\" srcset=\"https:\/\/rioonwatch.org.br\/wp-content\/uploads\/2019\/03\/mar\u00e9-marielle-620x413.jpg 620w, https:\/\/rioonwatch.org.br\/wp-content\/uploads\/2019\/03\/mar\u00e9-marielle-396x264.jpg 396w, https:\/\/rioonwatch.org.br\/wp-content\/uploads\/2019\/03\/mar\u00e9-marielle-768x512.jpg 768w, https:\/\/rioonwatch.org.br\/wp-content\/uploads\/2019\/03\/mar\u00e9-marielle.jpg 960w\" sizes=\"(max-width: 620px) 100vw, 620px\" \/><\/a><\/p>\n<p>A noite no Rio de Janeiro foi encerrada por um <a href=\"https:\/\/glo.bo\/2TEZD2y\" target=\"_blank\" rel=\"noopener\">Ato Pol\u00edtico e Cultural na Cinel\u00e2ndia<\/a>, que contou com uma s\u00e9rie de manifesta\u00e7\u00f5es culturais em homenagem \u00e0 Marielle, que iam desde rodas de jongo a perfomances de dan\u00e7a urbana e batalhas de poesias.<\/p>\n<p><a href=\"http:\/\/rioonwatch.org.br\/wp-content\/uploads\/2019\/03\/Marielle-ato-no-O-Globo.jpg\"><img loading=\"lazy\" decoding=\"async\" class=\"aligncenter wp-image-39524 size-content\" title=\"Foto: Guito Moreto \/ O Globo\" src=\"http:\/\/rioonwatch.org.br\/wp-content\/uploads\/2019\/03\/Marielle-ato-no-O-Globo-620x264.jpg\" alt=\"Foto: Guito Moreto \/ O Globo\" width=\"620\" height=\"264\" srcset=\"https:\/\/rioonwatch.org.br\/wp-content\/uploads\/2019\/03\/Marielle-ato-no-O-Globo-620x264.jpg 620w, https:\/\/rioonwatch.org.br\/wp-content\/uploads\/2019\/03\/Marielle-ato-no-O-Globo-940x400.jpg 940w\" sizes=\"(max-width: 620px) 100vw, 620px\" \/><\/a><\/p>\n<p><a href=\"http:\/\/rioonwatch.org.br\/wp-content\/uploads\/2019\/03\/ato-marielle.jpg\"><img loading=\"lazy\" decoding=\"async\" class=\"aligncenter wp-image-39465 size-medium\" src=\"http:\/\/rioonwatch.org.br\/wp-content\/uploads\/2019\/03\/ato-marielle-620x413.jpg\" alt=\"\" width=\"620\" height=\"413\" srcset=\"https:\/\/rioonwatch.org.br\/wp-content\/uploads\/2019\/03\/ato-marielle-620x413.jpg 620w, https:\/\/rioonwatch.org.br\/wp-content\/uploads\/2019\/03\/ato-marielle-396x264.jpg 396w, https:\/\/rioonwatch.org.br\/wp-content\/uploads\/2019\/03\/ato-marielle-768x512.jpg 768w, https:\/\/rioonwatch.org.br\/wp-content\/uploads\/2019\/03\/ato-marielle-1024x682.jpg 1024w, https:\/\/rioonwatch.org.br\/wp-content\/uploads\/2019\/03\/ato-marielle.jpg 1280w\" sizes=\"(max-width: 620px) 100vw, 620px\" \/><\/a><\/p>\n<h3>Em\u00a0Outras Cidades do Brasil<\/h3>\n<p>Tamb\u00e9m aconteceram atos em outras cidades do Brasil.\u00a0Em <a href=\"http:\/\/bit.ly\/2JfMDeQ\" target=\"_blank\" rel=\"noopener\">S\u00e3o Paulo<\/a>, o <a href=\"http:\/\/bit.ly\/2Te6smQ\" target=\"_blank\" rel=\"noopener\">ato come\u00e7ou na Avenida Paulista<\/a> com uma aula p\u00fablica sobre o\u00a0legado de Marielle, ministrada por\u00a0<a href=\"http:\/\/bit.ly\/2u3cADY\" target=\"_blank\" rel=\"noopener\">Jupiara Castro<\/a>, do <a href=\"http:\/\/bit.ly\/2u4wBdG\" target=\"_blank\" rel=\"noopener\">N\u00facleo Consci\u00eancia Negra da USP<\/a>, e pela Deputada Estadual\u00a0<a href=\"http:\/\/bit.ly\/2O84IKA\" target=\"_blank\" rel=\"noopener\">\u00c9rica Malunguinho<\/a> (PSOL), sobre ra\u00e7a e g\u00eanero, ao som de gritos de &#8220;vidas negras importam&#8221;. Tamb\u00e9m houve um ato inter-religioso em homenagem a Marielle e Anderson. A manifesta\u00e7\u00e3o seguiu pela avenida debaixo de chuva.<\/p>\n<p><a href=\"http:\/\/rioonwatch.org.br\/wp-content\/uploads\/2019\/03\/ato-s\u00e3o-paulo-marielle3.jpg\"><img loading=\"lazy\" decoding=\"async\" class=\"aligncenter wp-image-39478 size-medium\" title=\"Mulher em ato em S\u00e3o Paulo. Foto: P\u00e1gina do Facebook Jornal Empoderado.\" src=\"http:\/\/rioonwatch.org.br\/wp-content\/uploads\/2019\/03\/ato-s\u00e3o-paulo-marielle3-620x413.jpg\" alt=\"\" width=\"620\" height=\"413\" srcset=\"https:\/\/rioonwatch.org.br\/wp-content\/uploads\/2019\/03\/ato-s\u00e3o-paulo-marielle3-620x413.jpg 620w, https:\/\/rioonwatch.org.br\/wp-content\/uploads\/2019\/03\/ato-s\u00e3o-paulo-marielle3-397x264.jpg 397w, https:\/\/rioonwatch.org.br\/wp-content\/uploads\/2019\/03\/ato-s\u00e3o-paulo-marielle3-768x511.jpg 768w, https:\/\/rioonwatch.org.br\/wp-content\/uploads\/2019\/03\/ato-s\u00e3o-paulo-marielle3.jpg 960w\" sizes=\"(max-width: 620px) 100vw, 620px\" \/><\/a><\/p>\n<p>Em <a href=\"http:\/\/bit.ly\/2UEiE1q\" target=\"_blank\" rel=\"noopener\">Bras\u00edlia<\/a>, o <a href=\"http:\/\/bit.ly\/2Y03wh7\" target=\"_blank\" rel=\"noopener\">ato capitaneado por parlamentares na C\u00e2mara dos Deputados<\/a>, que cobrava respostas acerca dos mandantes do crime, foi surpreendido com um ato protagonizado por parlamentares do <a href=\"http:\/\/bit.ly\/2pFsMt8\" target=\"_blank\" rel=\"noopener\">PSL<\/a> contra os maus tratos a animais, que <a href=\"http:\/\/bit.ly\/2TT7h8P\" target=\"_blank\" rel=\"noopener\">incluiu \u00e1udios com latidos de cachorros<\/a>, interpretado por muitos como uma tentativa de desviar a aten\u00e7\u00e3o ou mesmo ofender a mem\u00f3ria de Marielle.<\/p>\n<p><a href=\"http:\/\/rioonwatch.org.br\/wp-content\/uploads\/2019\/03\/marielle-franco-c\u00e2mara-deputados-bras\u00edlia.jpg\"><img loading=\"lazy\" decoding=\"async\" class=\"aligncenter wp-image-39472 size-medium\" title=\"Ato na C\u00e2mara dos Deputpados, em Bras\u00edlia. Foto: Michel Jesus\/C\u00e2mara dos Deputados.\" src=\"http:\/\/rioonwatch.org.br\/wp-content\/uploads\/2019\/03\/marielle-franco-c\u00e2mara-deputados-bras\u00edlia-620x413.jpg\" alt=\"\" width=\"620\" height=\"413\" srcset=\"https:\/\/rioonwatch.org.br\/wp-content\/uploads\/2019\/03\/marielle-franco-c\u00e2mara-deputados-bras\u00edlia-620x413.jpg 620w, https:\/\/rioonwatch.org.br\/wp-content\/uploads\/2019\/03\/marielle-franco-c\u00e2mara-deputados-bras\u00edlia-396x264.jpg 396w, https:\/\/rioonwatch.org.br\/wp-content\/uploads\/2019\/03\/marielle-franco-c\u00e2mara-deputados-bras\u00edlia-768x512.jpg 768w, https:\/\/rioonwatch.org.br\/wp-content\/uploads\/2019\/03\/marielle-franco-c\u00e2mara-deputados-bras\u00edlia.jpg 980w\" sizes=\"(max-width: 620px) 100vw, 620px\" \/><\/a><\/p>\n<p>Tamb\u00e9m houve <a href=\"http:\/\/bit.ly\/2ubleR7\" target=\"_blank\" rel=\"noopener\">ato nas ruas de Bras\u00edlia<\/a>, com distribui\u00e7\u00e3o de placas.<\/p>\n<p><a href=\"http:\/\/rioonwatch.org.br\/wp-content\/uploads\/2019\/03\/marielle-bras\u00edlia.jpg\"><img loading=\"lazy\" decoding=\"async\" class=\"aligncenter wp-image-39483 size-medium\" src=\"http:\/\/rioonwatch.org.br\/wp-content\/uploads\/2019\/03\/marielle-bras\u00edlia-620x413.jpg\" alt=\"\" width=\"620\" height=\"413\" srcset=\"https:\/\/rioonwatch.org.br\/wp-content\/uploads\/2019\/03\/marielle-bras\u00edlia-620x413.jpg 620w, https:\/\/rioonwatch.org.br\/wp-content\/uploads\/2019\/03\/marielle-bras\u00edlia-396x264.jpg 396w, https:\/\/rioonwatch.org.br\/wp-content\/uploads\/2019\/03\/marielle-bras\u00edlia-768x512.jpg 768w, https:\/\/rioonwatch.org.br\/wp-content\/uploads\/2019\/03\/marielle-bras\u00edlia-1024x683.jpg 1024w, https:\/\/rioonwatch.org.br\/wp-content\/uploads\/2019\/03\/marielle-bras\u00edlia.jpg 2048w\" sizes=\"(max-width: 620px) 100vw, 620px\" \/><\/a><\/p>\n<p>Em <a href=\"http:\/\/bit.ly\/2T5AtFe\" target=\"_blank\" rel=\"noopener\">Porto Alegre<\/a>, o ato reuniu milhares na <a href=\"http:\/\/bit.ly\/2TFrrEa\" target=\"_blank\" rel=\"noopener\">chamada Esquina Democr\u00e1tica<\/a>, um dos principais pontos de encontros e manifesta\u00e7\u00f5es pol\u00edticas na cidade.<\/p>\n<p><a href=\"http:\/\/rioonwatch.org.br\/wp-content\/uploads\/2019\/03\/marielle-porto-alegra.jpg\"><img loading=\"lazy\" decoding=\"async\" class=\"aligncenter wp-image-39487 size-medium\" title=\"Ato em Porto Alegre. Fotos: Pedro Ant\u00f4nio Heinrich.\" src=\"http:\/\/rioonwatch.org.br\/wp-content\/uploads\/2019\/03\/marielle-porto-alegra-620x413.jpg\" alt=\"\" width=\"620\" height=\"413\" srcset=\"https:\/\/rioonwatch.org.br\/wp-content\/uploads\/2019\/03\/marielle-porto-alegra-620x413.jpg 620w, https:\/\/rioonwatch.org.br\/wp-content\/uploads\/2019\/03\/marielle-porto-alegra-396x264.jpg 396w, https:\/\/rioonwatch.org.br\/wp-content\/uploads\/2019\/03\/marielle-porto-alegra-768x512.jpg 768w, https:\/\/rioonwatch.org.br\/wp-content\/uploads\/2019\/03\/marielle-porto-alegra-1024x683.jpg 1024w, https:\/\/rioonwatch.org.br\/wp-content\/uploads\/2019\/03\/marielle-porto-alegra.jpg 1944w\" sizes=\"(max-width: 620px) 100vw, 620px\" \/><\/a><\/p>\n<p>Em <a href=\"http:\/\/bit.ly\/2TbuU81\" target=\"_blank\" rel=\"noopener\">Fortaleza<\/a>, o <a href=\"http:\/\/bit.ly\/2TH7EnK\" target=\"_blank\" rel=\"noopener\">ato ocorreu<\/a> na Pra\u00e7a da Gentil\u00e2ndia.<\/p>\n<p><a href=\"http:\/\/rioonwatch.org.br\/wp-content\/uploads\/2019\/03\/fortaleza-marielle1.jpg\"><img loading=\"lazy\" decoding=\"async\" class=\"aligncenter wp-image-39479 size-medium\" title=\"Ato em Fortaleza. Foto: P\u00e1gina do Facebook Resist\u00eancia\/PSOL Cear\u00e1.\" src=\"http:\/\/rioonwatch.org.br\/wp-content\/uploads\/2019\/03\/fortaleza-marielle1-620x302.jpg\" alt=\"\" width=\"620\" height=\"302\" srcset=\"https:\/\/rioonwatch.org.br\/wp-content\/uploads\/2019\/03\/fortaleza-marielle1-620x302.jpg 620w, https:\/\/rioonwatch.org.br\/wp-content\/uploads\/2019\/03\/fortaleza-marielle1-543x264.jpg 543w, https:\/\/rioonwatch.org.br\/wp-content\/uploads\/2019\/03\/fortaleza-marielle1-768x373.jpg 768w, https:\/\/rioonwatch.org.br\/wp-content\/uploads\/2019\/03\/fortaleza-marielle1-1024x498.jpg 1024w, https:\/\/rioonwatch.org.br\/wp-content\/uploads\/2019\/03\/fortaleza-marielle1.jpg 1316w\" sizes=\"(max-width: 620px) 100vw, 620px\" \/><\/a><\/p>\n<p>Em <a href=\"http:\/\/bit.ly\/2FeqfhV\" target=\"_blank\" rel=\"noopener\">Bel\u00e9m<\/a>, a <a href=\"http:\/\/bit.ly\/2FgxBSf\" target=\"_blank\" rel=\"noopener\">manifesta\u00e7\u00e3o reuni\u00e3o milhares<\/a> de pessoas em frente ao Mercado S\u00e3o Br\u00e1s.<\/p>\n<p><a href=\"http:\/\/rioonwatch.org.br\/wp-content\/uploads\/2019\/03\/marielle-bel\u00e9m2.jpg\"><img loading=\"lazy\" decoding=\"async\" class=\"aligncenter wp-image-39482 size-medium\" title=\"Ato em Bel\u00e9m. Foto: P\u00e1gina do Facebook Juntos.\" src=\"http:\/\/rioonwatch.org.br\/wp-content\/uploads\/2019\/03\/marielle-bel\u00e9m2-620x465.jpg\" alt=\"\" width=\"620\" height=\"465\" srcset=\"https:\/\/rioonwatch.org.br\/wp-content\/uploads\/2019\/03\/marielle-bel\u00e9m2-620x465.jpg 620w, https:\/\/rioonwatch.org.br\/wp-content\/uploads\/2019\/03\/marielle-bel\u00e9m2-352x264.jpg 352w, https:\/\/rioonwatch.org.br\/wp-content\/uploads\/2019\/03\/marielle-bel\u00e9m2-768x576.jpg 768w, https:\/\/rioonwatch.org.br\/wp-content\/uploads\/2019\/03\/marielle-bel\u00e9m2-1024x768.jpg 1024w, https:\/\/rioonwatch.org.br\/wp-content\/uploads\/2019\/03\/marielle-bel\u00e9m2-174x131.jpg 174w, https:\/\/rioonwatch.org.br\/wp-content\/uploads\/2019\/03\/marielle-bel\u00e9m2-300x225.jpg 300w, https:\/\/rioonwatch.org.br\/wp-content\/uploads\/2019\/03\/marielle-bel\u00e9m2-70x53.jpg 70w, https:\/\/rioonwatch.org.br\/wp-content\/uploads\/2019\/03\/marielle-bel\u00e9m2.jpg 1080w\" sizes=\"(max-width: 620px) 100vw, 620px\" \/><\/a><\/p>\n<p>Em <a href=\"http:\/\/bit.ly\/2UJOSst\" target=\"_blank\" rel=\"noopener\">Belo Horizonte,<\/a> ocorreu um <a href=\"https:\/\/glo.bo\/2UzyTgs\" target=\"_blank\" rel=\"noopener\">ato no Viaduto de Santa Tereza<\/a>.<\/p>\n<p><a href=\"http:\/\/rioonwatch.org.br\/wp-content\/uploads\/2019\/03\/marielle-BH-foto-tam\u00e1s-bodolay.jpg\"><img loading=\"lazy\" decoding=\"async\" class=\"aligncenter wp-image-39485 size-medium\" title=\"Ato em Belo Horizonte. Foto: Tam\u00e1s Bodolay.\" src=\"http:\/\/rioonwatch.org.br\/wp-content\/uploads\/2019\/03\/marielle-BH-foto-tam\u00e1s-bodolay-620x413.jpg\" alt=\"\" width=\"620\" height=\"413\" srcset=\"https:\/\/rioonwatch.org.br\/wp-content\/uploads\/2019\/03\/marielle-BH-foto-tam\u00e1s-bodolay-620x413.jpg 620w, https:\/\/rioonwatch.org.br\/wp-content\/uploads\/2019\/03\/marielle-BH-foto-tam\u00e1s-bodolay-396x264.jpg 396w, https:\/\/rioonwatch.org.br\/wp-content\/uploads\/2019\/03\/marielle-BH-foto-tam\u00e1s-bodolay-768x512.jpg 768w, https:\/\/rioonwatch.org.br\/wp-content\/uploads\/2019\/03\/marielle-BH-foto-tam\u00e1s-bodolay-1024x682.jpg 1024w, https:\/\/rioonwatch.org.br\/wp-content\/uploads\/2019\/03\/marielle-BH-foto-tam\u00e1s-bodolay.jpg 1838w\" sizes=\"(max-width: 620px) 100vw, 620px\" \/><\/a><\/p>\n<p>Em <a href=\"http:\/\/bit.ly\/2UFAXn8\" target=\"_blank\" rel=\"noopener\">Aracaju<\/a>, o <a href=\"http:\/\/bit.ly\/2JqflKq\" target=\"_blank\" rel=\"noopener\">ato foi na frente da C\u00e2mara dos Vereadores<\/a>.<\/p>\n<p><a href=\"http:\/\/rioonwatch.org.br\/wp-content\/uploads\/2019\/03\/aracaju-marielle.jpg\"><img loading=\"lazy\" decoding=\"async\" class=\"aligncenter wp-image-39480 size-medium\" title=\"Ato em Aracaju. Foto: Reprodu\u00e7\u00e3o Facebook.\" src=\"http:\/\/rioonwatch.org.br\/wp-content\/uploads\/2019\/03\/aracaju-marielle-620x465.jpg\" alt=\"\" width=\"620\" height=\"465\" srcset=\"https:\/\/rioonwatch.org.br\/wp-content\/uploads\/2019\/03\/aracaju-marielle-620x465.jpg 620w, https:\/\/rioonwatch.org.br\/wp-content\/uploads\/2019\/03\/aracaju-marielle-352x264.jpg 352w, https:\/\/rioonwatch.org.br\/wp-content\/uploads\/2019\/03\/aracaju-marielle-768x576.jpg 768w, https:\/\/rioonwatch.org.br\/wp-content\/uploads\/2019\/03\/aracaju-marielle-1024x768.jpg 1024w, https:\/\/rioonwatch.org.br\/wp-content\/uploads\/2019\/03\/aracaju-marielle-174x131.jpg 174w, https:\/\/rioonwatch.org.br\/wp-content\/uploads\/2019\/03\/aracaju-marielle-300x225.jpg 300w, https:\/\/rioonwatch.org.br\/wp-content\/uploads\/2019\/03\/aracaju-marielle-70x53.jpg 70w, https:\/\/rioonwatch.org.br\/wp-content\/uploads\/2019\/03\/aracaju-marielle.jpg 1032w\" sizes=\"(max-width: 620px) 100vw, 620px\" \/><\/a><\/p>\n<p>Em <a href=\"http:\/\/bit.ly\/2O4yLmu\" target=\"_blank\" rel=\"noopener\">Pelotas<\/a>, o <a href=\"http:\/\/bit.ly\/2HolkNE\" target=\"_blank\" rel=\"noopener\">ato foi no Chafariz do Cal\u00e7ad\u00e3o<\/a>.<\/p>\n<p><a href=\"http:\/\/rioonwatch.org.br\/wp-content\/uploads\/2019\/03\/pelotas-marielle4.jpg\"><img loading=\"lazy\" decoding=\"async\" class=\"aligncenter wp-image-39488 size-medium\" title=\"Foto: P\u00e1gina Facebook Juntos Pelotas.\" src=\"http:\/\/rioonwatch.org.br\/wp-content\/uploads\/2019\/03\/pelotas-marielle4-620x413.jpg\" alt=\"\" width=\"620\" height=\"413\" srcset=\"https:\/\/rioonwatch.org.br\/wp-content\/uploads\/2019\/03\/pelotas-marielle4-620x413.jpg 620w, https:\/\/rioonwatch.org.br\/wp-content\/uploads\/2019\/03\/pelotas-marielle4-396x264.jpg 396w, https:\/\/rioonwatch.org.br\/wp-content\/uploads\/2019\/03\/pelotas-marielle4-768x512.jpg 768w, https:\/\/rioonwatch.org.br\/wp-content\/uploads\/2019\/03\/pelotas-marielle4-1024x682.jpg 1024w, https:\/\/rioonwatch.org.br\/wp-content\/uploads\/2019\/03\/pelotas-marielle4.jpg 1280w\" sizes=\"(max-width: 620px) 100vw, 620px\" \/><\/a><\/p>\n<h3>Ao Redor do Mundo<\/h3>\n<p><a href=\"http:\/\/bit.ly\/2HlvWgC\" target=\"_blank\" rel=\"noopener\">Diversas cidades ao redor do mundo<\/a> tamb\u00e9m realizaram mobiliza\u00e7\u00f5es em honra \u00e0 Marielle e cobrando a resolu\u00e7\u00e3o do crime. Em Melbourne, Austr\u00e1lia, cerca de 100 pessoas se <a href=\"http:\/\/bit.ly\/2TMSqNg\" target=\"_blank\" rel=\"noopener\">reuniram em frente \u00e0\u00a0Victorian State Library<\/a>, incluindo brasileiros e ativistas locais, alguns dos quais haviam trabalhado com a Marielle no Rio. Dentre v\u00eddeos celebrando a vida de Marielle e cantos da m\u00fasica tema da Mangueira, os presentes declararam que sua morte n\u00e3o foi em v\u00e3o e que ela \u00e9 semente.<\/p>\n<p><a href=\"http:\/\/rioonwatch.org.br\/wp-content\/uploads\/2019\/03\/WhatsApp-Image-2019-03-14-at-09.07.17.jpeg\"><img loading=\"lazy\" decoding=\"async\" class=\"aligncenter wp-image-39470 size-medium\" title=\"Ato em homenagem \u00e0 Marielle em Melbourne, Austr\u00e1lia. Foto: SBS Portuguese.\" src=\"http:\/\/rioonwatch.org.br\/wp-content\/uploads\/2019\/03\/WhatsApp-Image-2019-03-14-at-09.07.17-620x465.jpeg\" alt=\"\" width=\"620\" height=\"465\" srcset=\"https:\/\/rioonwatch.org.br\/wp-content\/uploads\/2019\/03\/WhatsApp-Image-2019-03-14-at-09.07.17-620x465.jpeg 620w, https:\/\/rioonwatch.org.br\/wp-content\/uploads\/2019\/03\/WhatsApp-Image-2019-03-14-at-09.07.17-352x264.jpeg 352w, https:\/\/rioonwatch.org.br\/wp-content\/uploads\/2019\/03\/WhatsApp-Image-2019-03-14-at-09.07.17-768x576.jpeg 768w, https:\/\/rioonwatch.org.br\/wp-content\/uploads\/2019\/03\/WhatsApp-Image-2019-03-14-at-09.07.17.jpeg 1024w, https:\/\/rioonwatch.org.br\/wp-content\/uploads\/2019\/03\/WhatsApp-Image-2019-03-14-at-09.07.17-174x131.jpeg 174w, https:\/\/rioonwatch.org.br\/wp-content\/uploads\/2019\/03\/WhatsApp-Image-2019-03-14-at-09.07.17-300x225.jpeg 300w, https:\/\/rioonwatch.org.br\/wp-content\/uploads\/2019\/03\/WhatsApp-Image-2019-03-14-at-09.07.17-70x53.jpeg 70w\" sizes=\"(max-width: 620px) 100vw, 620px\" \/><\/a><\/p>\n<p>Em Berlim, os presentes demandavam, al\u00e9m de justi\u00e7a para Marielle, a garantia do direito \u00e0 terra dos pequenos produtores e ind\u00edgenas, em face das amea\u00e7as que esses grupos v\u00eam sofrendo no contexto pol\u00edtico atual.<\/p>\n<p><a href=\"http:\/\/rioonwatch.org.br\/wp-content\/uploads\/2019\/03\/marielle-berlin2.jpg\"><img loading=\"lazy\" decoding=\"async\" class=\"aligncenter wp-image-39475 size-medium\" title=\"Ato por Marielle em Berlin.\" src=\"http:\/\/rioonwatch.org.br\/wp-content\/uploads\/2019\/03\/marielle-berlin2-e1552671314748-620x264.jpg\" alt=\"\" width=\"620\" height=\"264\" srcset=\"https:\/\/rioonwatch.org.br\/wp-content\/uploads\/2019\/03\/marielle-berlin2-e1552671314748-620x264.jpg 620w, https:\/\/rioonwatch.org.br\/wp-content\/uploads\/2019\/03\/marielle-berlin2-e1552671314748.jpg 717w\" sizes=\"(max-width: 620px) 100vw, 620px\" \/><\/a><\/p>\n<p>Em Lisboa, Portugal, cerca de 300 pessoas <a href=\"http:\/\/bit.ly\/2UFE527\" target=\"_blank\" rel=\"noopener\">se reuniram na pra\u00e7a Lu\u00eds de Cam\u00f5es,<\/a> para homenagear Marielle.<\/p>\n<p><a href=\"http:\/\/rioonwatch.org.br\/wp-content\/uploads\/2019\/03\/lisboa-marielle.jpg\"><img loading=\"lazy\" decoding=\"async\" class=\"aligncenter wp-image-39499 size-medium\" title=\"Ato em Lisboa. Foto: Karina Morais.\" src=\"http:\/\/rioonwatch.org.br\/wp-content\/uploads\/2019\/03\/lisboa-marielle-e1552676853582-620x265.jpg\" alt=\"\" width=\"620\" height=\"265\" srcset=\"https:\/\/rioonwatch.org.br\/wp-content\/uploads\/2019\/03\/lisboa-marielle-e1552676853582-620x264.jpg 620w, https:\/\/rioonwatch.org.br\/wp-content\/uploads\/2019\/03\/lisboa-marielle-e1552676853582-618x264.jpg 618w, https:\/\/rioonwatch.org.br\/wp-content\/uploads\/2019\/03\/lisboa-marielle-e1552676853582-768x328.jpg 768w, https:\/\/rioonwatch.org.br\/wp-content\/uploads\/2019\/03\/lisboa-marielle-e1552676853582-1024x438.jpg 1024w, https:\/\/rioonwatch.org.br\/wp-content\/uploads\/2019\/03\/lisboa-marielle-e1552676853582-940x400.jpg 940w, https:\/\/rioonwatch.org.br\/wp-content\/uploads\/2019\/03\/lisboa-marielle-e1552676853582.jpg 2048w\" sizes=\"(max-width: 620px) 100vw, 620px\" \/><\/a><\/p>\n<p>No Porto, tamb\u00e9m em Portugal, <a href=\"http:\/\/bit.ly\/2T8JhtZ\" target=\"_blank\" rel=\"noopener\">a manifesta\u00e7\u00e3o<\/a> foi puxada\u00a0pela associa\u00e7\u00e3o Fibra, <a href=\"http:\/\/bit.ly\/2TOvgpI\" target=\"_blank\" rel=\"noopener\">Frente de Imigrantes Brasileiros Antifascistas do Porto<\/a>.<\/p>\n<p><a href=\"http:\/\/rioonwatch.org.br\/wp-content\/uploads\/2019\/03\/porto-marielle.jpg\"><img loading=\"lazy\" decoding=\"async\" class=\"aligncenter wp-image-39500 size-medium\" title=\"Ato no Porto.\" src=\"http:\/\/rioonwatch.org.br\/wp-content\/uploads\/2019\/03\/porto-marielle-620x349.jpg\" alt=\"\" width=\"620\" height=\"349\" srcset=\"https:\/\/rioonwatch.org.br\/wp-content\/uploads\/2019\/03\/porto-marielle-620x349.jpg 620w, https:\/\/rioonwatch.org.br\/wp-content\/uploads\/2019\/03\/porto-marielle-469x264.jpg 469w, https:\/\/rioonwatch.org.br\/wp-content\/uploads\/2019\/03\/porto-marielle-768x432.jpg 768w, https:\/\/rioonwatch.org.br\/wp-content\/uploads\/2019\/03\/porto-marielle-1024x576.jpg 1024w, https:\/\/rioonwatch.org.br\/wp-content\/uploads\/2019\/03\/porto-marielle-580x326.jpg 580w, https:\/\/rioonwatch.org.br\/wp-content\/uploads\/2019\/03\/porto-marielle-174x98.jpg 174w, https:\/\/rioonwatch.org.br\/wp-content\/uploads\/2019\/03\/porto-marielle.jpg 1600w\" sizes=\"(max-width: 620px) 100vw, 620px\" \/><\/a><\/p>\n<p>Em Coimbra, por sua vez, o <a href=\"http:\/\/bit.ly\/2HmFXKr\" target=\"_blank\" rel=\"noopener\">ato ocorreu na Pra\u00e7a 8 de Maio<\/a> e foi convocado pela associa\u00e7\u00e3o <a href=\"http:\/\/bit.ly\/2W370Oc\" target=\"_blank\" rel=\"noopener\">Vozes no Mundo \u2013 Frente pela Democracia no Brasil<\/a>.<\/p>\n<p><a href=\"http:\/\/rioonwatch.org.br\/wp-content\/uploads\/2019\/03\/coimbra-marielle-1.jpg\"><img loading=\"lazy\" decoding=\"async\" class=\"aligncenter wp-image-39502 size-medium\" title=\"Ato em Coimbra.\" src=\"http:\/\/rioonwatch.org.br\/wp-content\/uploads\/2019\/03\/coimbra-marielle-1-620x465.jpg\" alt=\"\" width=\"620\" height=\"465\" srcset=\"https:\/\/rioonwatch.org.br\/wp-content\/uploads\/2019\/03\/coimbra-marielle-1-620x465.jpg 620w, https:\/\/rioonwatch.org.br\/wp-content\/uploads\/2019\/03\/coimbra-marielle-1-352x264.jpg 352w, https:\/\/rioonwatch.org.br\/wp-content\/uploads\/2019\/03\/coimbra-marielle-1-768x576.jpg 768w, https:\/\/rioonwatch.org.br\/wp-content\/uploads\/2019\/03\/coimbra-marielle-1-1024x768.jpg 1024w, https:\/\/rioonwatch.org.br\/wp-content\/uploads\/2019\/03\/coimbra-marielle-1-174x131.jpg 174w, https:\/\/rioonwatch.org.br\/wp-content\/uploads\/2019\/03\/coimbra-marielle-1-300x225.jpg 300w, https:\/\/rioonwatch.org.br\/wp-content\/uploads\/2019\/03\/coimbra-marielle-1-70x53.jpg 70w, https:\/\/rioonwatch.org.br\/wp-content\/uploads\/2019\/03\/coimbra-marielle-1.jpg 1040w\" sizes=\"(max-width: 620px) 100vw, 620px\" \/><\/a><\/p>\n<p>Em Bruxelas, a fachada da <a href=\"http:\/\/bit.ly\/2O65iIU\" target=\"_blank\" rel=\"noopener\">Miss\u00e3o do Brasil Junto \u00e0 Uni\u00e3o Europeia<\/a> amanheceu com picha\u00e7\u00f5es que demandavam esclarecimento do envolvimento do Estado brasileiro com a morte de Marielle.<\/p>\n<p><a href=\"http:\/\/rioonwatch.org.br\/wp-content\/uploads\/2019\/03\/bruxelas-marielle.jpg\"><img loading=\"lazy\" decoding=\"async\" class=\"aligncenter wp-image-39477 size-medium\" title=\"Picha\u00e7\u00f5es em Bruxelas. Foto: Divulga\u00e7\u00e3o.\" src=\"http:\/\/rioonwatch.org.br\/wp-content\/uploads\/2019\/03\/bruxelas-marielle-e1552672512139-620x270.jpg\" alt=\"\" width=\"620\" height=\"270\" srcset=\"https:\/\/rioonwatch.org.br\/wp-content\/uploads\/2019\/03\/bruxelas-marielle-e1552672512139-620x270.jpg 620w, https:\/\/rioonwatch.org.br\/wp-content\/uploads\/2019\/03\/bruxelas-marielle-e1552672512139-606x264.jpg 606w, https:\/\/rioonwatch.org.br\/wp-content\/uploads\/2019\/03\/bruxelas-marielle-e1552672512139-768x335.jpg 768w, https:\/\/rioonwatch.org.br\/wp-content\/uploads\/2019\/03\/bruxelas-marielle-e1552672512139-1024x446.jpg 1024w, https:\/\/rioonwatch.org.br\/wp-content\/uploads\/2019\/03\/bruxelas-marielle-e1552672512139.jpg 1276w\" sizes=\"(max-width: 620px) 100vw, 620px\" \/><\/a><\/p>\n<p>Em Buenos Aires, houve um <a href=\"http:\/\/bit.ly\/2TSf4nj\" target=\"_blank\" rel=\"noopener\">ato em homenagem \u00e0 Marielle no obelisco<\/a>,\u00a0ponto tur\u00edstico mais famoso da cidade, e o <a href=\"http:\/\/bit.ly\/2ubhe36\" target=\"_blank\" rel=\"noopener\">Coletivo Passarinho<\/a> e brasileiros que moram na cidade <a href=\"http:\/\/bit.ly\/2UzC9bG\" target=\"_blank\" rel=\"noopener\">espalharam placas de Marielle pela cidade<\/a>, al\u00e9m de mudarem o nome da esta\u00e7\u00e3o de metr\u00f4 &#8220;Rio de Janeiro&#8221; para &#8220;Rio de Janeiro-Marielle Franco&#8221;.<\/p>\n<p><a href=\"http:\/\/rioonwatch.org.br\/wp-content\/uploads\/2019\/03\/marielle-buenos-aires.jpg\"><img loading=\"lazy\" decoding=\"async\" class=\"aligncenter wp-image-39473 size-medium\" src=\"http:\/\/rioonwatch.org.br\/wp-content\/uploads\/2019\/03\/marielle-buenos-aires-620x413.jpg\" alt=\"\" width=\"620\" height=\"413\" srcset=\"https:\/\/rioonwatch.org.br\/wp-content\/uploads\/2019\/03\/marielle-buenos-aires-620x413.jpg 620w, https:\/\/rioonwatch.org.br\/wp-content\/uploads\/2019\/03\/marielle-buenos-aires-397x264.jpg 397w, https:\/\/rioonwatch.org.br\/wp-content\/uploads\/2019\/03\/marielle-buenos-aires.jpg 640w\" sizes=\"(max-width: 620px) 100vw, 620px\" \/><\/a><\/p>\n<p>Em Montevid\u00e9u, Uruguai, houve <a href=\"http:\/\/bit.ly\/2FfHfo1\" target=\"_blank\" rel=\"noopener\">ato em frente \u00e0 Faculdade de Humanidades<\/a>.<\/p>\n<p><a href=\"http:\/\/rioonwatch.org.br\/wp-content\/uploads\/2019\/03\/uruguai-marielle.jpg\"><img loading=\"lazy\" decoding=\"async\" class=\"aligncenter wp-image-39498 size-medium\" title=\"Ato no Uruguai. Foto: Coletivo Feminista Marielle Franco Uruguay.\" src=\"http:\/\/rioonwatch.org.br\/wp-content\/uploads\/2019\/03\/uruguai-marielle-e1552676578861-620x288.jpg\" alt=\"\" width=\"620\" height=\"288\" srcset=\"https:\/\/rioonwatch.org.br\/wp-content\/uploads\/2019\/03\/uruguai-marielle-e1552676578861-620x288.jpg 620w, https:\/\/rioonwatch.org.br\/wp-content\/uploads\/2019\/03\/uruguai-marielle-e1552676578861-569x264.jpg 569w, https:\/\/rioonwatch.org.br\/wp-content\/uploads\/2019\/03\/uruguai-marielle-e1552676578861-768x356.jpg 768w, https:\/\/rioonwatch.org.br\/wp-content\/uploads\/2019\/03\/uruguai-marielle-e1552676578861.jpg 957w\" sizes=\"(max-width: 620px) 100vw, 620px\" \/><\/a><\/p>\n<p>Em Londres, Inglaterra, o <a href=\"http:\/\/bit.ly\/2Je3xKY\" target=\"_blank\" rel=\"noopener\">ato foi em frente \u00e0 embaixada brasileira<\/a>.<\/p>\n<p><a href=\"http:\/\/rioonwatch.org.br\/wp-content\/uploads\/2019\/03\/marielle-london2.jpg\"><img loading=\"lazy\" decoding=\"async\" class=\"aligncenter wp-image-39495 size-medium\" title=\"Ato em Londres. Foto: @elandrespantoja.\" src=\"http:\/\/rioonwatch.org.br\/wp-content\/uploads\/2019\/03\/marielle-london2-e1552675924951-620x265.jpg\" alt=\"\" width=\"620\" height=\"265\" srcset=\"https:\/\/rioonwatch.org.br\/wp-content\/uploads\/2019\/03\/marielle-london2-e1552675924951-620x264.jpg 620w, https:\/\/rioonwatch.org.br\/wp-content\/uploads\/2019\/03\/marielle-london2-e1552675924951-618x264.jpg 618w, https:\/\/rioonwatch.org.br\/wp-content\/uploads\/2019\/03\/marielle-london2-e1552675924951-768x328.jpg 768w, https:\/\/rioonwatch.org.br\/wp-content\/uploads\/2019\/03\/marielle-london2-e1552675924951-940x400.jpg 940w, https:\/\/rioonwatch.org.br\/wp-content\/uploads\/2019\/03\/marielle-london2-e1552675924951.jpg 960w\" sizes=\"(max-width: 620px) 100vw, 620px\" \/><\/a><\/p>\n<p>Houve tamb\u00e9m <a href=\"http:\/\/bit.ly\/2TTA9hd\" target=\"_blank\" rel=\"noopener\">ato em Madri, Espanha<\/a>.<\/p>\n<p><a href=\"http:\/\/rioonwatch.org.br\/wp-content\/uploads\/2019\/03\/marielle-madrid.jpg\"><img loading=\"lazy\" decoding=\"async\" class=\"aligncenter wp-image-39476 size-medium\" src=\"http:\/\/rioonwatch.org.br\/wp-content\/uploads\/2019\/03\/marielle-madrid-620x446.jpg\" alt=\"\" width=\"620\" height=\"446\" srcset=\"https:\/\/rioonwatch.org.br\/wp-content\/uploads\/2019\/03\/marielle-madrid-620x446.jpg 620w, https:\/\/rioonwatch.org.br\/wp-content\/uploads\/2019\/03\/marielle-madrid-367x264.jpg 367w, https:\/\/rioonwatch.org.br\/wp-content\/uploads\/2019\/03\/marielle-madrid.jpg 719w\" sizes=\"(max-width: 620px) 100vw, 620px\" \/><\/a><\/p>\n<p>E <a href=\"http:\/\/bit.ly\/2JacvJe\" target=\"_blank\" rel=\"noopener\">em Amsterd\u00e3, Holanda<\/a>, com o apoio da Anistia Internacional.<\/p>\n<p><a href=\"http:\/\/rioonwatch.org.br\/wp-content\/uploads\/2019\/03\/amsterdam-marielle.jpg\"><img loading=\"lazy\" decoding=\"async\" class=\"aligncenter wp-image-39492 size-medium\" title=\"Ato em Asmterd\u00e3.\" src=\"http:\/\/rioonwatch.org.br\/wp-content\/uploads\/2019\/03\/amsterdam-marielle-e1552675433836-620x249.jpg\" alt=\"\" width=\"620\" height=\"249\" srcset=\"https:\/\/rioonwatch.org.br\/wp-content\/uploads\/2019\/03\/amsterdam-marielle-e1552675433836-620x249.jpg 620w, https:\/\/rioonwatch.org.br\/wp-content\/uploads\/2019\/03\/amsterdam-marielle-e1552675433836-768x308.jpg 768w, https:\/\/rioonwatch.org.br\/wp-content\/uploads\/2019\/03\/amsterdam-marielle-e1552675433836-1024x411.jpg 1024w, https:\/\/rioonwatch.org.br\/wp-content\/uploads\/2019\/03\/amsterdam-marielle-e1552675433836.jpg 2042w\" sizes=\"(max-width: 620px) 100vw, 620px\" \/><\/a><\/p>\n<p>Na Su\u00ed\u00e7a, <a href=\"http:\/\/bit.ly\/2TOuRDC\" target=\"_blank\" rel=\"noopener\">houve ato na capital Berna<\/a>.<\/p>\n<p><a href=\"http:\/\/rioonwatch.org.br\/wp-content\/uploads\/2019\/03\/bern-su\u00ed\u00e7a-marielle2.jpg\"><img loading=\"lazy\" decoding=\"async\" class=\"aligncenter wp-image-39493 size-full\" title=\"Ato em Berna. Foto: Manu Friederich.\" src=\"http:\/\/rioonwatch.org.br\/wp-content\/uploads\/2019\/03\/bern-su\u00ed\u00e7a-marielle2.jpg\" alt=\"\" width=\"600\" height=\"400\" srcset=\"https:\/\/rioonwatch.org.br\/wp-content\/uploads\/2019\/03\/bern-su\u00ed\u00e7a-marielle2.jpg 600w, https:\/\/rioonwatch.org.br\/wp-content\/uploads\/2019\/03\/bern-su\u00ed\u00e7a-marielle2-396x264.jpg 396w\" sizes=\"(max-width: 600px) 100vw, 600px\" \/><\/a><\/p>\n<p>Uma faixa foi erguida por turistas brasileiros em Pisa, It\u00e1lia.<\/p>\n<p><img loading=\"lazy\" decoding=\"async\" class=\"aligncenter wp-image-39474 size-medium\" src=\"http:\/\/rioonwatch.org.br\/wp-content\/uploads\/2019\/03\/marielle-pisa-620x465.jpg\" alt=\"\" width=\"620\" height=\"465\" srcset=\"https:\/\/rioonwatch.org.br\/wp-content\/uploads\/2019\/03\/marielle-pisa-620x465.jpg 620w, https:\/\/rioonwatch.org.br\/wp-content\/uploads\/2019\/03\/marielle-pisa-352x264.jpg 352w, https:\/\/rioonwatch.org.br\/wp-content\/uploads\/2019\/03\/marielle-pisa-174x131.jpg 174w, https:\/\/rioonwatch.org.br\/wp-content\/uploads\/2019\/03\/marielle-pisa-300x225.jpg 300w, https:\/\/rioonwatch.org.br\/wp-content\/uploads\/2019\/03\/marielle-pisa-70x53.jpg 70w, https:\/\/rioonwatch.org.br\/wp-content\/uploads\/2019\/03\/marielle-pisa.jpg 719w\" sizes=\"(max-width: 620px) 100vw, 620px\" \/><\/p>\n<p>Ainda na It\u00e1lia, <a href=\"http:\/\/bit.ly\/2XZvrOe\" target=\"_blank\" rel=\"noopener\">tamb\u00e9m houve ato em Bologna<\/a>.<\/p>\n<p><a href=\"http:\/\/rioonwatch.org.br\/wp-content\/uploads\/2019\/03\/bologna-marielle.jpg\"><img loading=\"lazy\" decoding=\"async\" class=\"aligncenter wp-image-39494 size-medium\" title=\"Ato em Bologna.\" src=\"http:\/\/rioonwatch.org.br\/wp-content\/uploads\/2019\/03\/bologna-marielle-620x462.jpg\" alt=\"\" width=\"620\" height=\"462\" srcset=\"https:\/\/rioonwatch.org.br\/wp-content\/uploads\/2019\/03\/bologna-marielle-620x462.jpg 620w, https:\/\/rioonwatch.org.br\/wp-content\/uploads\/2019\/03\/bologna-marielle-355x264.jpg 355w, https:\/\/rioonwatch.org.br\/wp-content\/uploads\/2019\/03\/bologna-marielle-768x572.jpg 768w, https:\/\/rioonwatch.org.br\/wp-content\/uploads\/2019\/03\/bologna-marielle-1024x762.jpg 1024w, https:\/\/rioonwatch.org.br\/wp-content\/uploads\/2019\/03\/bologna-marielle-174x131.jpg 174w, https:\/\/rioonwatch.org.br\/wp-content\/uploads\/2019\/03\/bologna-marielle-300x225.jpg 300w, https:\/\/rioonwatch.org.br\/wp-content\/uploads\/2019\/03\/bologna-marielle-70x53.jpg 70w, https:\/\/rioonwatch.org.br\/wp-content\/uploads\/2019\/03\/bologna-marielle.jpg 1440w\" sizes=\"(max-width: 620px) 100vw, 620px\" \/><\/a><\/p>\n<p>Nos Estados Unidos, houve um debate e\u00a0<a href=\"http:\/\/bit.ly\/2Hwo8rz\" target=\"_blank\" rel=\"noopener\">homenagem \u00e0 Marielle na Universidade de Nova York<\/a>, um <a href=\"http:\/\/bit.ly\/2JdXhmu\" target=\"_blank\" rel=\"noopener\">debate sobre feminismos negros em honra a Marielle na Universidade de Princeton<\/a>, um <a href=\"http:\/\/bit.ly\/2J9ApVm\" target=\"_blank\" rel=\"noopener\">debate sobre racismo estrutural e o legado de Marielle na universidade da California em Los Angeles<\/a> (UCLA, onde no domingo aconteceu um ato em frente \u00e0 prefeitura), al\u00e9m de uma <a href=\"http:\/\/bit.ly\/2JaPWUO\" target=\"_blank\" rel=\"noopener\">vig\u00edlia na Brown University<\/a>.<\/p>\n<p><a href=\"http:\/\/rioonwatch.org.br\/wp-content\/uploads\/2019\/03\/LA-marielle.jpg\"><img loading=\"lazy\" decoding=\"async\" class=\"aligncenter wp-image-39490 size-medium\" title=\"Ato em frente \u00e0 prefeitura de Los Angeles no domingo, dia 10 de mar\u00e7o.\" src=\"http:\/\/rioonwatch.org.br\/wp-content\/uploads\/2019\/03\/LA-marielle-620x413.jpg\" alt=\"\" width=\"620\" height=\"413\" srcset=\"https:\/\/rioonwatch.org.br\/wp-content\/uploads\/2019\/03\/LA-marielle-620x413.jpg 620w, https:\/\/rioonwatch.org.br\/wp-content\/uploads\/2019\/03\/LA-marielle-397x264.jpg 397w, https:\/\/rioonwatch.org.br\/wp-content\/uploads\/2019\/03\/LA-marielle-768x511.jpg 768w, https:\/\/rioonwatch.org.br\/wp-content\/uploads\/2019\/03\/LA-marielle.jpg 960w\" sizes=\"(max-width: 620px) 100vw, 620px\" \/><\/a><\/p>\n<p>Tamb\u00e9m <a href=\"http:\/\/bit.ly\/2TCk3cz\" target=\"_blank\" rel=\"noopener\">houve ato na frente \u00e0 Casa Branca em Washington D.C.<\/a>, capital americana.<\/p>\n<p><a href=\"http:\/\/rioonwatch.org.br\/wp-content\/uploads\/2019\/03\/dc-marielle.jpg\"><img loading=\"lazy\" decoding=\"async\" class=\"aligncenter wp-image-39491 size-medium\" title=\"Ato em Washington D.C.. Foto: Chris Harden.\" src=\"http:\/\/rioonwatch.org.br\/wp-content\/uploads\/2019\/03\/dc-marielle-e1552675336822-620x242.jpg\" alt=\"\" width=\"620\" height=\"242\" srcset=\"https:\/\/rioonwatch.org.br\/wp-content\/uploads\/2019\/03\/dc-marielle-e1552675336822-620x242.jpg 620w, https:\/\/rioonwatch.org.br\/wp-content\/uploads\/2019\/03\/dc-marielle-e1552675336822-768x300.jpg 768w, https:\/\/rioonwatch.org.br\/wp-content\/uploads\/2019\/03\/dc-marielle-e1552675336822-1024x400.jpg 1024w, https:\/\/rioonwatch.org.br\/wp-content\/uploads\/2019\/03\/dc-marielle-e1552675336822.jpg 2042w\" sizes=\"(max-width: 620px) 100vw, 620px\" \/><\/a><\/p>\n<p>Em Boston, aconteceram em Harvard na ter\u00e7a-feira, <a href=\"http:\/\/bit.ly\/2TKr4bv\" target=\"_blank\" rel=\"noopener\">dia 12<\/a>, uma aula entitulada &#8220;O Outro Lado da Viol\u00eancia: Marielle Franco e a Luta pela Democracia Brasileira&#8221; e, <a href=\"http:\/\/bit.ly\/2Ff6uXM\" target=\"_blank\" rel=\"noopener\">no dia 14<\/a>, a aula \u201cRacismo, Feminic\u00eddio, Homofobia: Uma Vis\u00e3o Hist\u00f3rica da Trag\u00e9dia Brasileira\u201d, na qual Marielle tamb\u00e9m foi lembrada.<\/p>\n<p><a href=\"http:\/\/rioonwatch.org.br\/wp-content\/uploads\/2019\/03\/marielle-harvard.jpg\"><img loading=\"lazy\" decoding=\"async\" class=\"aligncenter wp-image-39496 size-medium\" title=\"Aula em Harvard no dia 14 de mar\u00e7o.\" src=\"http:\/\/rioonwatch.org.br\/wp-content\/uploads\/2019\/03\/marielle-harvard-620x620.jpg\" alt=\"\" width=\"620\" height=\"620\" srcset=\"https:\/\/rioonwatch.org.br\/wp-content\/uploads\/2019\/03\/marielle-harvard-620x620.jpg 620w, https:\/\/rioonwatch.org.br\/wp-content\/uploads\/2019\/03\/marielle-harvard-264x264.jpg 264w, https:\/\/rioonwatch.org.br\/wp-content\/uploads\/2019\/03\/marielle-harvard-768x768.jpg 768w, https:\/\/rioonwatch.org.br\/wp-content\/uploads\/2019\/03\/marielle-harvard.jpg 960w\" sizes=\"(max-width: 620px) 100vw, 620px\" \/><\/a><\/p>\n<p>Em Ottawa, <a href=\"http:\/\/bit.ly\/2TPGzha\" target=\"_blank\" rel=\"noopener\">aconteceu uma vig\u00edlia<\/a> tamb\u00e9m com o apoio da Anistia Internacional.<\/p>\n<p><a href=\"http:\/\/rioonwatch.org.br\/wp-content\/uploads\/2019\/03\/ottowa-marielle.jpg\"><img loading=\"lazy\" decoding=\"async\" class=\"aligncenter wp-image-39497 size-content\" title=\"Vig\u00edlia em Ottowa. Foto: Amnesty International Canada.\" src=\"http:\/\/rioonwatch.org.br\/wp-content\/uploads\/2019\/03\/ottowa-marielle-620x264.jpg\" alt=\"\" width=\"620\" height=\"264\" srcset=\"https:\/\/rioonwatch.org.br\/wp-content\/uploads\/2019\/03\/ottowa-marielle-620x264.jpg 620w, https:\/\/rioonwatch.org.br\/wp-content\/uploads\/2019\/03\/ottowa-marielle-940x400.jpg 940w\" sizes=\"(max-width: 620px) 100vw, 620px\" \/><\/a><\/p>\n<p>Em Paris, Fran\u00e7a, <a href=\"http:\/\/bit.ly\/2Hn7tY1\" target=\"_blank\" rel=\"noopener\">ocorreu uma vig\u00edlia debaixo de chuva<\/a> no monumento dos combatentes, que contou com a presen\u00e7a da escritora e intelectual negra <a href=\"http:\/\/bit.ly\/2UDzRIp\" target=\"_blank\" rel=\"noopener\">Concei\u00e7\u00e3o Evaristo<\/a>.<\/p>\n<p><a href=\"http:\/\/rioonwatch.org.br\/wp-content\/uploads\/2019\/03\/Ato-Marielle-Paris.jpg\"><img loading=\"lazy\" decoding=\"async\" class=\"aligncenter wp-image-39518 size-medium\" title=\"Vig\u00edlia em Paris com a presen\u00e7a de Concei\u00e7\u00e3o Evaristo- a segunda da direita para a esquerda.\" src=\"http:\/\/rioonwatch.org.br\/wp-content\/uploads\/2019\/03\/Ato-Marielle-Paris-620x465.jpg\" alt=\"\" width=\"620\" height=\"465\" srcset=\"https:\/\/rioonwatch.org.br\/wp-content\/uploads\/2019\/03\/Ato-Marielle-Paris-620x465.jpg 620w, https:\/\/rioonwatch.org.br\/wp-content\/uploads\/2019\/03\/Ato-Marielle-Paris-352x264.jpg 352w, https:\/\/rioonwatch.org.br\/wp-content\/uploads\/2019\/03\/Ato-Marielle-Paris-768x576.jpg 768w, https:\/\/rioonwatch.org.br\/wp-content\/uploads\/2019\/03\/Ato-Marielle-Paris-1024x768.jpg 1024w, https:\/\/rioonwatch.org.br\/wp-content\/uploads\/2019\/03\/Ato-Marielle-Paris-174x131.jpg 174w, https:\/\/rioonwatch.org.br\/wp-content\/uploads\/2019\/03\/Ato-Marielle-Paris-300x225.jpg 300w, https:\/\/rioonwatch.org.br\/wp-content\/uploads\/2019\/03\/Ato-Marielle-Paris-70x53.jpg 70w, https:\/\/rioonwatch.org.br\/wp-content\/uploads\/2019\/03\/Ato-Marielle-Paris.jpg 1600w\" sizes=\"(max-width: 620px) 100vw, 620px\" \/><\/a><\/p>\n<!-- AddThis Advanced Settings generic via filter on the_content --><!-- AddThis Share Buttons generic via filter on the_content -->","protected":false},"excerpt":{"rendered":"<div class=\"mh-excerpt\"><p>\u00a0Click Here for English No Rio de Janeiro No Rio de Janeiro, o dia 14 de mar\u00e7o come\u00e7ou com flores, bandeiras e faixas lembrando Marielle Franco em diversos pontos da cidade. Foi o Amanhecer por <a class=\"mh-excerpt-more\" href=\"https:\/\/rioonwatch.org.br\/?p=39452\" title=\"Atos Honram a Mem\u00f3ria de Marielle pelo Brasil e pelo Mundo #1AnoSemMarielle [IMAGENS]\">[&#8230;]<\/a><!-- AddThis Advanced Settings generic via filter on get_the_excerpt --><!-- AddThis Share Buttons generic via filter on get_the_excerpt --><\/p>\n<\/div>","protected":false},"author":152,"featured_media":39464,"comment_status":"closed","ping_status":"closed","sticky":false,"template":"","format":"standard","meta":{"_acf_changed":false,"_monsterinsights_skip_tracking":false,"_monsterinsights_sitenote_active":false,"_monsterinsights_sitenote_note":"","_monsterinsights_sitenote_category":0,"footnotes":""},"categories":[1621,1627,1612,342],"tags":[2607,1852,1796,1826,959,2519,259,2162,1515,759,332,1929,818,922,1790,2396,2542,2557,2312,594,2033,2490,2605,2531,2606,763,1989,1545,2491,134,998,2289,2601,2600,2336,920,184],"writer":[1994],"translator":[],"source":[],"ilustrador":[],"fotografo":[],"class_list":{"0":"post-39452","1":"post","2":"type-post","3":"status-publish","4":"format-standard","5":"has-post-thumbnail","7":"category-destaque","8":"category-relato-de-evento","9":"category-sociedade-civil","10":"category-solucoes","11":"tag-alemanha","12":"tag-alerj","13":"tag-anistia-internacional","14":"tag-australia","15":"tag-baixada-fluminense","16":"tag-brasilia","17":"tag-centro","18":"tag-chacina-da-candelaria","19":"tag-comissao-de-direitos-humanos-alerj","20":"tag-comparacao-internacional","21":"tag-complexo-da-mare","22":"tag-estacio","23":"tag-eua","24":"tag-evento","25":"tag-feminismo","26":"tag-flavio-serafini","27":"tag-franca","28":"tag-lapa","29":"tag-legado-de-marielle","30":"tag-londres","31":"tag-marielle-franco","32":"tag-monica-francisco-psol","33":"tag-paris","34":"tag-psl","35":"tag-portugal","36":"tag-protesto","37":"tag-psol","38":"tag-puc","39":"tag-renata-souza-psol","40":"tag-santa-cruz","41":"tag-sao-paulo","42":"tag-serie","43":"tag-serie-um-ano-sem-marielle-franco","44":"tag-solidariedade-internacional","45":"tag-vereador-tarcisio-motta-psol","46":"tag-violencia-de-estado","47":"tag-zona-oeste","48":"writer-luisa-fenizola"},"acf":[],"yoast_head":"<!-- This site is optimized with the Yoast SEO plugin v25.6 - https:\/\/yoast.com\/wordpress\/plugins\/seo\/ -->\n<title>Atos Honram a Mem\u00f3ria de Marielle pelo Brasil e pelo Mundo #1AnoSemMarielle [IMAGENS] - RioOnWatch<\/title>\n<meta name=\"robots\" content=\"index, follow, max-snippet:-1, max-image-preview:large, max-video-preview:-1\" \/>\n<link rel=\"canonical\" href=\"https:\/\/rioonwatch.org.br\/?p=39452\" \/>\n<meta property=\"og:locale\" content=\"pt_BR\" \/>\n<meta property=\"og:type\" content=\"article\" \/>\n<meta property=\"og:title\" content=\"Atos Honram a Mem\u00f3ria de Marielle pelo Brasil e pelo Mundo #1AnoSemMarielle [IMAGENS] - RioOnWatch\" \/>\n<meta property=\"og:description\" content=\"\u00a0Click Here for English No Rio de Janeiro No Rio de Janeiro, o dia 14 de mar\u00e7o come\u00e7ou com flores, bandeiras e faixas lembrando Marielle Franco em diversos pontos da cidade. Foi o Amanhecer por [...]\" \/>\n<meta property=\"og:url\" content=\"https:\/\/rioonwatch.org.br\/?p=39452\" \/>\n<meta property=\"og:site_name\" content=\"RioOnWatch\" \/>\n<meta property=\"article:published_time\" content=\"2019-03-15T19:50:16+00:00\" \/>\n<meta property=\"article:modified_time\" content=\"2022-10-11T12:23:41+00:00\" \/>\n<meta property=\"og:image\" content=\"https:\/\/rioonwatch.org.br\/wp-content\/uploads\/2019\/03\/ato-marielle2.jpg\" \/>\n\t<meta property=\"og:image:width\" content=\"960\" \/>\n\t<meta property=\"og:image:height\" content=\"640\" \/>\n\t<meta property=\"og:image:type\" content=\"image\/jpeg\" \/>\n<meta name=\"author\" content=\"Luisa Fenizola\" \/>\n<meta name=\"twitter:card\" content=\"summary_large_image\" \/>\n<meta name=\"twitter:label1\" content=\"Escrito por\" \/>\n\t<meta name=\"twitter:data1\" content=\"Luisa Fenizola\" \/>\n\t<meta name=\"twitter:label2\" content=\"Est. tempo de leitura\" \/>\n\t<meta name=\"twitter:data2\" content=\"7 minutos\" \/>\n<script type=\"application\/ld+json\" class=\"yoast-schema-graph\">{\"@context\":\"https:\/\/schema.org\",\"@graph\":[{\"@type\":\"Article\",\"@id\":\"https:\/\/rioonwatch.org.br\/?p=39452#article\",\"isPartOf\":{\"@id\":\"https:\/\/rioonwatch.org.br\/?p=39452\"},\"author\":{\"name\":\"Luisa Fenizola\",\"@id\":\"https:\/\/rioonwatch.org.br\/#\/schema\/person\/f443c6b55bb6e80842280318076491c5\"},\"headline\":\"Atos Honram a Mem\u00f3ria de Marielle pelo Brasil e pelo Mundo #1AnoSemMarielle [IMAGENS]\",\"datePublished\":\"2019-03-15T19:50:16+00:00\",\"dateModified\":\"2022-10-11T12:23:41+00:00\",\"mainEntityOfPage\":{\"@id\":\"https:\/\/rioonwatch.org.br\/?p=39452\"},\"wordCount\":1376,\"publisher\":{\"@id\":\"https:\/\/rioonwatch.org.br\/#organization\"},\"image\":{\"@id\":\"https:\/\/rioonwatch.org.br\/?p=39452#primaryimage\"},\"thumbnailUrl\":\"https:\/\/rioonwatch.org.br\/wp-content\/uploads\/2019\/03\/ato-marielle2.jpg\",\"keywords\":[\"Alemanha\",\"Alerj\",\"Anistia Internacional\",\"Austr\u00e1lia\",\"Baixada Fluminense\",\"Bras\u00edlia\",\"Centro\",\"chacina da Candel\u00e1ria\",\"Comiss\u00e3o de Direitos Humanos - Alerj\",\"compara\u00e7\u00e3o internacional\",\"Complexo da Mar\u00e9\",\"Est\u00e1cio\",\"EUA\",\"evento\",\"feminismo\",\"Fl\u00e1vio Serafini\",\"Fran\u00e7a\",\"Lapa\",\"Legado de Marielle\",\"Londres\",\"Marielle Franco\",\"Monica Francisco (PSOL)\",\"Paris\",\"Partido Social Liberal (PSL)\",\"Portugal\",\"protesto\",\"PSOL\",\"PUC\",\"Renata Souza\",\"Santa Cruz\",\"S\u00e3o Paulo\",\"S\u00e9rie\",\"S\u00e9rie: Um Ano Sem Marielle Franco\",\"solidariedade internacional\",\"Tarc\u00edsio Motta (PSOL)\",\"viol\u00eancia de Estado\",\"Zona Oeste\"],\"articleSection\":[\"*Destaque\",\"Cobertura de Eventos\",\"Sociedade Civil\",\"Solu\u00e7\u00f5es\"],\"inLanguage\":\"pt-BR\"},{\"@type\":\"WebPage\",\"@id\":\"https:\/\/rioonwatch.org.br\/?p=39452\",\"url\":\"https:\/\/rioonwatch.org.br\/?p=39452\",\"name\":\"Atos Honram a Mem\u00f3ria de Marielle pelo Brasil e pelo Mundo #1AnoSemMarielle [IMAGENS] - RioOnWatch\",\"isPartOf\":{\"@id\":\"https:\/\/rioonwatch.org.br\/#website\"},\"primaryImageOfPage\":{\"@id\":\"https:\/\/rioonwatch.org.br\/?p=39452#primaryimage\"},\"image\":{\"@id\":\"https:\/\/rioonwatch.org.br\/?p=39452#primaryimage\"},\"thumbnailUrl\":\"https:\/\/rioonwatch.org.br\/wp-content\/uploads\/2019\/03\/ato-marielle2.jpg\",\"datePublished\":\"2019-03-15T19:50:16+00:00\",\"dateModified\":\"2022-10-11T12:23:41+00:00\",\"breadcrumb\":{\"@id\":\"https:\/\/rioonwatch.org.br\/?p=39452#breadcrumb\"},\"inLanguage\":\"pt-BR\",\"potentialAction\":[{\"@type\":\"ReadAction\",\"target\":[\"https:\/\/rioonwatch.org.br\/?p=39452\"]}]},{\"@type\":\"ImageObject\",\"inLanguage\":\"pt-BR\",\"@id\":\"https:\/\/rioonwatch.org.br\/?p=39452#primaryimage\",\"url\":\"https:\/\/rioonwatch.org.br\/wp-content\/uploads\/2019\/03\/ato-marielle2.jpg\",\"contentUrl\":\"https:\/\/rioonwatch.org.br\/wp-content\/uploads\/2019\/03\/ato-marielle2.jpg\",\"width\":960,\"height\":640},{\"@type\":\"BreadcrumbList\",\"@id\":\"https:\/\/rioonwatch.org.br\/?p=39452#breadcrumb\",\"itemListElement\":[{\"@type\":\"ListItem\",\"position\":1,\"name\":\"In\u00edcio\",\"item\":\"https:\/\/rioonwatch.org.br\/\"},{\"@type\":\"ListItem\",\"position\":2,\"name\":\"Atos Honram a Mem\u00f3ria de Marielle pelo Brasil e pelo Mundo #1AnoSemMarielle [IMAGENS]\"}]},{\"@type\":\"WebSite\",\"@id\":\"https:\/\/rioonwatch.org.br\/#website\",\"url\":\"https:\/\/rioonwatch.org.br\/\",\"name\":\"RioOnWatch\",\"description\":\"relatos das favelas cariocas\",\"publisher\":{\"@id\":\"https:\/\/rioonwatch.org.br\/#organization\"},\"potentialAction\":[{\"@type\":\"SearchAction\",\"target\":{\"@type\":\"EntryPoint\",\"urlTemplate\":\"https:\/\/rioonwatch.org.br\/?s={search_term_string}\"},\"query-input\":{\"@type\":\"PropertyValueSpecification\",\"valueRequired\":true,\"valueName\":\"search_term_string\"}}],\"inLanguage\":\"pt-BR\"},{\"@type\":\"Organization\",\"@id\":\"https:\/\/rioonwatch.org.br\/#organization\",\"name\":\"RioOnWatch\",\"url\":\"https:\/\/rioonwatch.org.br\/\",\"logo\":{\"@type\":\"ImageObject\",\"inLanguage\":\"pt-BR\",\"@id\":\"https:\/\/rioonwatch.org.br\/#\/schema\/logo\/image\/\",\"url\":\"https:\/\/rioonwatch.org.br\/wp-content\/uploads\/2021\/06\/RioOnWatchcabecalhoPT11anos-2.png\",\"contentUrl\":\"https:\/\/rioonwatch.org.br\/wp-content\/uploads\/2021\/06\/RioOnWatchcabecalhoPT11anos-2.png\",\"width\":779,\"height\":277,\"caption\":\"RioOnWatch\"},\"image\":{\"@id\":\"https:\/\/rioonwatch.org.br\/#\/schema\/logo\/image\/\"}},{\"@type\":\"Person\",\"@id\":\"https:\/\/rioonwatch.org.br\/#\/schema\/person\/f443c6b55bb6e80842280318076491c5\",\"name\":\"Luisa Fenizola\",\"image\":{\"@type\":\"ImageObject\",\"inLanguage\":\"pt-BR\",\"@id\":\"https:\/\/rioonwatch.org.br\/#\/schema\/person\/image\/\",\"url\":\"https:\/\/secure.gravatar.com\/avatar\/a3d551110162b9f876cbbdaaecf75663?s=96&d=blank&r=g\",\"contentUrl\":\"https:\/\/secure.gravatar.com\/avatar\/a3d551110162b9f876cbbdaaecf75663?s=96&d=blank&r=g\",\"caption\":\"Luisa Fenizola\"},\"url\":\"https:\/\/rioonwatch.org.br\/?author=152\"}]}<\/script>\n<!-- \/ Yoast SEO plugin. -->","yoast_head_json":{"title":"Atos Honram a Mem\u00f3ria de Marielle pelo Brasil e pelo Mundo #1AnoSemMarielle [IMAGENS] - RioOnWatch","robots":{"index":"index","follow":"follow","max-snippet":"max-snippet:-1","max-image-preview":"max-image-preview:large","max-video-preview":"max-video-preview:-1"},"canonical":"https:\/\/rioonwatch.org.br\/?p=39452","og_locale":"pt_BR","og_type":"article","og_title":"Atos Honram a Mem\u00f3ria de Marielle pelo Brasil e pelo Mundo #1AnoSemMarielle [IMAGENS] - RioOnWatch","og_description":"\u00a0Click Here for English No Rio de Janeiro No Rio de Janeiro, o dia 14 de mar\u00e7o come\u00e7ou com flores, bandeiras e faixas lembrando Marielle Franco em diversos pontos da cidade. Foi o Amanhecer por [...]","og_url":"https:\/\/rioonwatch.org.br\/?p=39452","og_site_name":"RioOnWatch","article_published_time":"2019-03-15T19:50:16+00:00","article_modified_time":"2022-10-11T12:23:41+00:00","og_image":[{"width":960,"height":640,"url":"https:\/\/rioonwatch.org.br\/wp-content\/uploads\/2019\/03\/ato-marielle2.jpg","type":"image\/jpeg"}],"author":"Luisa Fenizola","twitter_card":"summary_large_image","twitter_misc":{"Escrito por":"Luisa Fenizola","Est. tempo de leitura":"7 minutos"},"schema":{"@context":"https:\/\/schema.org","@graph":[{"@type":"Article","@id":"https:\/\/rioonwatch.org.br\/?p=39452#article","isPartOf":{"@id":"https:\/\/rioonwatch.org.br\/?p=39452"},"author":{"name":"Luisa Fenizola","@id":"https:\/\/rioonwatch.org.br\/#\/schema\/person\/f443c6b55bb6e80842280318076491c5"},"headline":"Atos Honram a Mem\u00f3ria de Marielle pelo Brasil e pelo Mundo #1AnoSemMarielle [IMAGENS]","datePublished":"2019-03-15T19:50:16+00:00","dateModified":"2022-10-11T12:23:41+00:00","mainEntityOfPage":{"@id":"https:\/\/rioonwatch.org.br\/?p=39452"},"wordCount":1376,"publisher":{"@id":"https:\/\/rioonwatch.org.br\/#organization"},"image":{"@id":"https:\/\/rioonwatch.org.br\/?p=39452#primaryimage"},"thumbnailUrl":"https:\/\/rioonwatch.org.br\/wp-content\/uploads\/2019\/03\/ato-marielle2.jpg","keywords":["Alemanha","Alerj","Anistia Internacional","Austr\u00e1lia","Baixada Fluminense","Bras\u00edlia","Centro","chacina da Candel\u00e1ria","Comiss\u00e3o de Direitos Humanos - Alerj","compara\u00e7\u00e3o internacional","Complexo da Mar\u00e9","Est\u00e1cio","EUA","evento","feminismo","Fl\u00e1vio Serafini","Fran\u00e7a","Lapa","Legado de Marielle","Londres","Marielle Franco","Monica Francisco (PSOL)","Paris","Partido Social Liberal (PSL)","Portugal","protesto","PSOL","PUC","Renata Souza","Santa Cruz","S\u00e3o Paulo","S\u00e9rie","S\u00e9rie: Um Ano Sem Marielle Franco","solidariedade internacional","Tarc\u00edsio Motta (PSOL)","viol\u00eancia de Estado","Zona Oeste"],"articleSection":["*Destaque","Cobertura de Eventos","Sociedade Civil","Solu\u00e7\u00f5es"],"inLanguage":"pt-BR"},{"@type":"WebPage","@id":"https:\/\/rioonwatch.org.br\/?p=39452","url":"https:\/\/rioonwatch.org.br\/?p=39452","name":"Atos Honram a Mem\u00f3ria de Marielle pelo Brasil e pelo Mundo #1AnoSemMarielle [IMAGENS] - RioOnWatch","isPartOf":{"@id":"https:\/\/rioonwatch.org.br\/#website"},"primaryImageOfPage":{"@id":"https:\/\/rioonwatch.org.br\/?p=39452#primaryimage"},"image":{"@id":"https:\/\/rioonwatch.org.br\/?p=39452#primaryimage"},"thumbnailUrl":"https:\/\/rioonwatch.org.br\/wp-content\/uploads\/2019\/03\/ato-marielle2.jpg","datePublished":"2019-03-15T19:50:16+00:00","dateModified":"2022-10-11T12:23:41+00:00","breadcrumb":{"@id":"https:\/\/rioonwatch.org.br\/?p=39452#breadcrumb"},"inLanguage":"pt-BR","potentialAction":[{"@type":"ReadAction","target":["https:\/\/rioonwatch.org.br\/?p=39452"]}]},{"@type":"ImageObject","inLanguage":"pt-BR","@id":"https:\/\/rioonwatch.org.br\/?p=39452#primaryimage","url":"https:\/\/rioonwatch.org.br\/wp-content\/uploads\/2019\/03\/ato-marielle2.jpg","contentUrl":"https:\/\/rioonwatch.org.br\/wp-content\/uploads\/2019\/03\/ato-marielle2.jpg","width":960,"height":640},{"@type":"BreadcrumbList","@id":"https:\/\/rioonwatch.org.br\/?p=39452#breadcrumb","itemListElement":[{"@type":"ListItem","position":1,"name":"In\u00edcio","item":"https:\/\/rioonwatch.org.br\/"},{"@type":"ListItem","position":2,"name":"Atos Honram a Mem\u00f3ria de Marielle pelo Brasil e pelo Mundo #1AnoSemMarielle [IMAGENS]"}]},{"@type":"WebSite","@id":"https:\/\/rioonwatch.org.br\/#website","url":"https:\/\/rioonwatch.org.br\/","name":"RioOnWatch","description":"relatos das favelas cariocas","publisher":{"@id":"https:\/\/rioonwatch.org.br\/#organization"},"potentialAction":[{"@type":"SearchAction","target":{"@type":"EntryPoint","urlTemplate":"https:\/\/rioonwatch.org.br\/?s={search_term_string}"},"query-input":{"@type":"PropertyValueSpecification","valueRequired":true,"valueName":"search_term_string"}}],"inLanguage":"pt-BR"},{"@type":"Organization","@id":"https:\/\/rioonwatch.org.br\/#organization","name":"RioOnWatch","url":"https:\/\/rioonwatch.org.br\/","logo":{"@type":"ImageObject","inLanguage":"pt-BR","@id":"https:\/\/rioonwatch.org.br\/#\/schema\/logo\/image\/","url":"https:\/\/rioonwatch.org.br\/wp-content\/uploads\/2021\/06\/RioOnWatchcabecalhoPT11anos-2.png","contentUrl":"https:\/\/rioonwatch.org.br\/wp-content\/uploads\/2021\/06\/RioOnWatchcabecalhoPT11anos-2.png","width":779,"height":277,"caption":"RioOnWatch"},"image":{"@id":"https:\/\/rioonwatch.org.br\/#\/schema\/logo\/image\/"}},{"@type":"Person","@id":"https:\/\/rioonwatch.org.br\/#\/schema\/person\/f443c6b55bb6e80842280318076491c5","name":"Luisa Fenizola","image":{"@type":"ImageObject","inLanguage":"pt-BR","@id":"https:\/\/rioonwatch.org.br\/#\/schema\/person\/image\/","url":"https:\/\/secure.gravatar.com\/avatar\/a3d551110162b9f876cbbdaaecf75663?s=96&d=blank&r=g","contentUrl":"https:\/\/secure.gravatar.com\/avatar\/a3d551110162b9f876cbbdaaecf75663?s=96&d=blank&r=g","caption":"Luisa Fenizola"},"url":"https:\/\/rioonwatch.org.br\/?author=152"}]}},"_links":{"self":[{"href":"https:\/\/rioonwatch.org.br\/index.php?rest_route=\/wp\/v2\/posts\/39452"}],"collection":[{"href":"https:\/\/rioonwatch.org.br\/index.php?rest_route=\/wp\/v2\/posts"}],"about":[{"href":"https:\/\/rioonwatch.org.br\/index.php?rest_route=\/wp\/v2\/types\/post"}],"author":[{"embeddable":true,"href":"https:\/\/rioonwatch.org.br\/index.php?rest_route=\/wp\/v2\/users\/152"}],"replies":[{"embeddable":true,"href":"https:\/\/rioonwatch.org.br\/index.php?rest_route=%2Fwp%2Fv2%2Fcomments&post=39452"}],"version-history":[{"count":26,"href":"https:\/\/rioonwatch.org.br\/index.php?rest_route=\/wp\/v2\/posts\/39452\/revisions"}],"predecessor-version":[{"id":39624,"href":"https:\/\/rioonwatch.org.br\/index.php?rest_route=\/wp\/v2\/posts\/39452\/revisions\/39624"}],"wp:featuredmedia":[{"embeddable":true,"href":"https:\/\/rioonwatch.org.br\/index.php?rest_route=\/wp\/v2\/media\/39464"}],"wp:attachment":[{"href":"https:\/\/rioonwatch.org.br\/index.php?rest_route=%2Fwp%2Fv2%2Fmedia&parent=39452"}],"wp:term":[{"taxonomy":"category","embeddable":true,"href":"https:\/\/rioonwatch.org.br\/index.php?rest_route=%2Fwp%2Fv2%2Fcategories&post=39452"},{"taxonomy":"post_tag","embeddable":true,"href":"https:\/\/rioonwatch.org.br\/index.php?rest_route=%2Fwp%2Fv2%2Ftags&post=39452"},{"taxonomy":"writer","embeddable":true,"href":"https:\/\/rioonwatch.org.br\/index.php?rest_route=%2Fwp%2Fv2%2Fwriter&post=39452"},{"taxonomy":"translator","embeddable":true,"href":"https:\/\/rioonwatch.org.br\/index.php?rest_route=%2Fwp%2Fv2%2Ftranslator&post=39452"},{"taxonomy":"source","embeddable":true,"href":"https:\/\/rioonwatch.org.br\/index.php?rest_route=%2Fwp%2Fv2%2Fsource&post=39452"},{"taxonomy":"ilustrador","embeddable":true,"href":"https:\/\/rioonwatch.org.br\/index.php?rest_route=%2Fwp%2Fv2%2Filustrador&post=39452"},{"taxonomy":"fotografo","embeddable":true,"href":"https:\/\/rioonwatch.org.br\/index.php?rest_route=%2Fwp%2Fv2%2Ffotografo&post=39452"}],"curies":[{"name":"wp","href":"https:\/\/api.w.org\/{rel}","templated":true}]}}