{"id":39586,"date":"2019-03-23T07:00:23","date_gmt":"2019-03-23T10:00:23","guid":{"rendered":"http:\/\/rioonwatch.org.br\/?p=39586"},"modified":"2019-03-25T08:48:54","modified_gmt":"2019-03-25T11:48:54","slug":"ativistas-de-favelas-alertam-sobre-o-aumento-do-uso-de-helicopteros-em-operacoes-policiais","status":"publish","type":"post","link":"https:\/\/rioonwatch.org.br\/?p=39586","title":{"rendered":"Ativistas de Favelas Alertam Sobre o Aumento do Uso de Helic\u00f3pteros em Opera\u00e7\u00f5es Policiais"},"content":{"rendered":"<p style=\"text-align: right;\"><em><strong><a href=\"http:\/\/bit.ly\/2OlRfiz\" target=\"_blank\" rel=\"noopener noreferrer\">Click Here for English<\/a><a href=\"http:\/\/bit.ly\/2OlRfiz\" target=\"_blank\" rel=\"noopener noreferrer\"><img decoding=\"async\" width=\"20\" height=\"20\" class=\"alignright wp-image-15790\" src=\"http:\/\/rioonwatch.org.br\/wp-content\/uploads\/2012\/08\/EN-standard-e1439583104716.jpg\" \/><\/a><\/strong><\/em><\/p>\n<p>\u00c0s 15:14h de quarta-feira, 20 de mar\u00e7o, moradores do <a href=\"http:\/\/bit.ly\/ZKW86Q\" target=\"_blank\" rel=\"noopener\">Morro do Borel<\/a>, na <a href=\"http:\/\/bit.ly\/WximDf\" target=\"_blank\" rel=\"noopener\">Zona Norte<\/a> do Rio de Janeiro relataram, atrav\u00e9s das redes sociais, um intenso tiroteio devido a uma opera\u00e7\u00e3o policial de grande escala. Logo, surgiram v\u00eddeos de dois helic\u00f3pteros da pol\u00edcia circulando baixo, atirando de cima. Moradores se esconderam, e ficaram receosos de que a opera\u00e7\u00e3o tivesse come\u00e7ado no hor\u00e1rio de sa\u00edda da escola.<\/p>\n<p><a href=\"https:\/\/twitter.com\/pdroherc\/status\/1108470439125413895\">https:\/\/twitter.com\/pdroherc\/status\/1108470439125413895<\/a><\/p>\n<p>&#8220;T\u00eam v\u00e1rias crian\u00e7as aqui em hor\u00e1rios [escolares] diversos que circulam&#8221;, disse um morador ao<em> RioOnWatch<\/em>, falando sob condi\u00e7\u00e3o de anonimato. \u201cVoc\u00ea n\u00e3o sabe se a estrutura da sua casa vai aguentar reter o proj\u00e9til de um fuzil superpotente. Eu fiquei desesperado, eu estava com dois filhos aqui em casa.&#8221;<\/p>\n<p>A rec\u00e9m-eleita deputada estadual carioca <a href=\"http:\/\/bit.ly\/2TT8dL2\" target=\"_blank\" rel=\"noopener\">M\u00f4nica Francisco<\/a>, que tamb\u00e9m \u00e9 natural do Borel, imediatamente come\u00e7ou a reportar no Facebook, escrevendo: \u201cOpera\u00e7\u00e3o agora no Borel e comunidades da <a href=\"http:\/\/bit.ly\/1KFTsNJ\" target=\"_blank\" rel=\"noopener\">Tijuca<\/a>. Helic\u00f3pteros est\u00e3o atirando deliberadamente pra baixo em hor\u00e1rio de sa\u00edda de algumas escolas e colocando crian\u00e7as em risco [&#8230;] Isso \u00e9 um absurdo! N\u00e3o queremos chorar mais mortes!&#8221; Na quarta-feira \u00e0 noite, fontes locais relataram quatro mortes resultantes da opera\u00e7\u00e3o policial.<\/p>\n<p><iframe style=\"border: none; overflow: hidden;\" src=\"https:\/\/www.facebook.com\/plugins\/post.php?href=https%3A%2F%2Fwww.facebook.com%2Fmonicafranciscopsol%2Fposts%2F395460157938414&amp;width=620\" width=\"620\" height=\"813\" frameborder=\"0\" scrolling=\"no\"><\/iframe><\/p>\n<p>Em menos de tr\u00eas meses, em 2019, o Rio j\u00e1 viu pelo menos sete distintas opera\u00e7\u00f5es em que helic\u00f3pteros da pol\u00edcia dispararam contra favelas. No Rio, as opera\u00e7\u00f5es policiais normalmente envolvem confrontos armados terrestres com traficantes de drogas em \u00e1reas residenciais (como foi o caso da opera\u00e7\u00e3o da Pol\u00edcia Militar no Complexo do Alem\u00e3o essa quinta-feira, 21 de mar\u00e7o, que deixou um morador <a href=\"https:\/\/glo.bo\/2HHmUK9\" target=\"_blank\" rel=\"noopener\">baleado na m\u00e3o esquerda<\/a>). Sabe-se que a for\u00e7a policial do Rio usava helic\u00f3pteros apenas para apoio a\u00e9reo visual. Agora, no entanto, ativistas locais e moradores alertam que o uso de helic\u00f3pteros como plataformas de tiro est\u00e1 se tornando comum.<\/p>\n<p><a href=\"http:\/\/rioonwatch.org.br\/wp-content\/uploads\/2019\/03\/Tabela-tiros-de-helic\u00f3pteros.jpeg\"><img fetchpriority=\"high\" decoding=\"async\" class=\"aligncenter wp-image-39614 size-full\" title=\"Fontes: FogoCruzado, RioonWatch\" src=\"http:\/\/rioonwatch.org.br\/wp-content\/uploads\/2019\/03\/Tabela-tiros-de-helic\u00f3pteros.jpeg\" alt=\"\" width=\"474\" height=\"395\" srcset=\"https:\/\/rioonwatch.org.br\/wp-content\/uploads\/2019\/03\/Tabela-tiros-de-helic\u00f3pteros.jpeg 474w, https:\/\/rioonwatch.org.br\/wp-content\/uploads\/2019\/03\/Tabela-tiros-de-helic\u00f3pteros-317x264.jpeg 317w\" sizes=\"(max-width: 474px) 100vw, 474px\" \/><\/a><\/p>\n<p>\u201cEu acho que \u00e9 uma novidade\u201d, diz <a href=\"http:\/\/bit.ly\/2B1M933\" target=\"_blank\" rel=\"noopener\">Thain\u00e3 de Medeiros<\/a>, do <a href=\"http:\/\/bit.ly\/2hI4Qo4\" target=\"_blank\" rel=\"noopener\">Coletivo Papo Reto<\/a> no\u00a0<a href=\"http:\/\/bit.ly\/2Jz2yW3\" target=\"_blank\" rel=\"noopener\">Complexo do Alem\u00e3o<\/a>, na Zona Norte do Rio. Recordando dezembro de 2014, quando um helic\u00f3ptero da pol\u00edcia atirou balas de borracha em uma multid\u00e3o para dispersar manifestantes na\u00a0<a href=\"http:\/\/bit.ly\/1mNtUEw\" target=\"_blank\" rel=\"noopener\">Vila Cruzeiro<\/a>, Thain\u00e3 relata casos espor\u00e1dicos de disparos de helic\u00f3pteros policiais na \u00faltima d\u00e9cada, mas adverte que esse tipo de militariza\u00e7\u00e3o est\u00e1 se transformando em pol\u00edtica regular. \u201cDe l\u00e1 para c\u00e1 s\u00f3 piorou. Acontecer uma vez j\u00e1 \u00e9 muito. E n\u00e3o \u00e9 que aconteceu s\u00f3 uma vez, aconteceu v\u00e1rias.&#8221;<\/p>\n<p>H\u00e1 apenas algumas semanas, na \u00faltima sexta-feira do carnaval, moradores do Alem\u00e3o acordaram com tiros disparados de um helic\u00f3ptero. A pol\u00edcia passou pela favela da <a href=\"http:\/\/bit.ly\/2U43INa\" target=\"_blank\" rel=\"noopener\">Fazendinha<\/a> a p\u00e9, enquanto dois helic\u00f3pteros da Pol\u00edcia Civil blindados <a href=\"https:\/\/glo.bo\/2TYcexf\" target=\"_blank\" rel=\"noopener\">atiravam de cima<\/a>.<\/p>\n<p>O ativista de direitos humanos, tamb\u00e9m do Alem\u00e3o e do Coletivo Papo Reto,\u00a0<a href=\"http:\/\/bit.ly\/1cWno5Z\" target=\"_blank\" rel=\"noopener\">Raull Santiago<\/a>, transmitiu ao vivo a opera\u00e7\u00e3o policial no Facebook: \u201cAqui aqui man\u00e9! Dois helic\u00f3pteros, voc\u00eas est\u00e3o ouvindo. V\u00e3o passar perto de casa aqui metendo bala\u201d. Ele diz para seus amigos se comprimirem no ch\u00e3o, gritando para uma vizinha do lado da rua: \u201cTia, desce dessa laje a\u00ed tia!\u201d<\/p>\n<blockquote class=\"twitter-tweet\" data-lang=\"en\">\n<p dir=\"ltr\" lang=\"pt\">ESSE V\u00cdDEO \u00c9 MEU. ESSA VOZ SOU EU! ESSE TERROR SOU EU QUE VIVO, SOMOS N\u00d3S QUE VIVEMOS, POR CAUSA DE VOC\u00caS QUE APLAUDEM ESSA MERDA!<\/p>\n<p>QUE \u00d3DIO! &#x1f62d;&#x1f621; <a href=\"https:\/\/t.co\/16FXXZySwO\">pic.twitter.com\/16FXXZySwO<\/a><\/p>\n<p>\u2014 Santiago, Raull. (@raullsantiago) <a href=\"https:\/\/twitter.com\/raullsantiago\/status\/1103994336499433472?ref_src=twsrc%5Etfw\">March 8, 2019<\/a><\/p><\/blockquote>\n<p><script async src=\"https:\/\/platform.twitter.com\/widgets.js\" charset=\"utf-8\"><\/script><\/p>\n<p>O aumento \u00e9 recente e grupos de direitos humanos apenas come\u00e7aram a monitorar os tiros de helic\u00f3pteros da pol\u00edcia. A ONG\u00a0<a href=\"http:\/\/bit.ly\/1EqXkA7\" target=\"_blank\" rel=\"noopener\">Redes de Desenvolvimento da Mar\u00e9<\/a> marca o m\u00eas de dezembro de 2017 como o in\u00edcio do uso consistente de helic\u00f3pteros. Lidiane Malanquini, coordenadora dos programas de Seguran\u00e7a P\u00fablica e Acesso \u00e0 Justi\u00e7a da Redes da Mar\u00e9, diz que eles come\u00e7aram a pesquisar dados sobre o uso de helic\u00f3pteros ap\u00f3s uma <a href=\"http:\/\/bit.ly\/2Mie5Fx\" target=\"_blank\" rel=\"noopener\">violenta opera\u00e7\u00e3o policial<\/a> no <a href=\"http:\/\/bit.ly\/10BvARw\" target=\"_blank\" rel=\"noopener\">Complexo da Mar\u00e9<\/a> em junho de 2018. Essa opera\u00e7\u00e3o, envolvendo tiros de helic\u00f3pteros, deixou sete mortos\u2014incluindo o estudante de 14 anos <a href=\"https:\/\/glo.bo\/2Cx9ltp\" target=\"_blank\" rel=\"noopener\">Marcos Vinicius da Silva<\/a>.<\/p>\n<p>Segundo dados da Redes da Mar\u00e9, as favelas do Complexo da Mar\u00e9 tiveram:<\/p>\n<ul>\n<li>33 opera\u00e7\u00f5es policiais em 2016, tr\u00eas das quais usaram helic\u00f3pteros, mas nenhuma delas teve tiros a partir de helic\u00f3pteros;<\/li>\n<li>41 opera\u00e7\u00f5es policiais em 2017, quatro envolvendo helic\u00f3pteros, uma delas envolvendo tiros a partir de helic\u00f3pteros; e<\/li>\n<li>16 opera\u00e7\u00f5es em 2018, quatro delas empregaram helic\u00f3pteros\u2014com todas as quatro envolvendo tiros a partir de helic\u00f3pteros nas favelas.<\/li>\n<\/ul>\n<p>&#8220;O uso de helic\u00f3ptero como plataforma de tiro coloca a vida das pessoas em risco e gera p\u00e2nico&#8221;, disse Lidiane. &#8220;Cada vez que o Estado usa um novo aparato b\u00e9lico como se fosse a \u00fanica forma de combater a criminalidade que existe na favela, os moradores t\u00eam que criar novas formas de se protegerem&#8221;.<\/p>\n<p>Os moradores das favelas da Mar\u00e9 j\u00e1 haviam se acostumado \u00e0 viol\u00eancia policial militarizada com o uso do <a href=\"http:\/\/bit.ly\/2TpQXrN\" target=\"_blank\" rel=\"noopener\">ve\u00edculo blindado<\/a>, conhecido localmente como caveir\u00e3o. A pol\u00edcia usa esses ve\u00edculos para se aproximar das favelas sem impedimentos, muitas vezes disparando das\u00a0seteiras dos ve\u00edculos blindados. \u201cEsses helic\u00f3pteros s\u00e3o ainda piores que os caveir\u00f5es\u201d, diz Ana Maria, moradora da Mar\u00e9, que descreve o uso de caveir\u00f5es como uma <a href=\"http:\/\/bit.ly\/2FgtjsE\" target=\"_blank\" rel=\"noopener\">ferramenta de vingan\u00e7a<\/a>. \u201cRasantes [dos helic\u00f3pteros] j\u00e1 rolavam, agora s\u00e3o com tiros. Eu acho <a href=\"https:\/\/glo.bo\/2ze3VSk\" target=\"_blank\" rel=\"noopener\">que \u00e9 estrat\u00e9gico<\/a>.&#8221;<\/p>\n<p>Do outro lado da cidade, na <a href=\"http:\/\/bit.ly\/11tBmFR\" target=\"_blank\" rel=\"noopener\">Zona Oeste<\/a> do Rio, a favela <a href=\"http:\/\/bit.ly\/10BzE4e\" target=\"_blank\" rel=\"noopener\">Cidade de Deus<\/a> havia visto pouca atividade de helic\u00f3ptero at\u00e9 agora, salvo um <a href=\"https:\/\/glo.bo\/2DGEpI9\" target=\"_blank\" rel=\"noopener\">acidente de 2016<\/a> quando um helic\u00f3ptero da Pol\u00edcia Militar caiu por perto durante uma opera\u00e7\u00e3o policial, matando quatro policiais. \u201cUm grande trauma para a Cidade de Deus foi o [a queda do] helic\u00f3ptero\u201d, diz um morador da comunidade, falando sob condi\u00e7\u00e3o de anonimato.<\/p>\n<p>J\u00e1 em 2019, a Cidade de Deus relatou <a href=\"https:\/\/glo.bo\/2U18NWw\" target=\"_blank\" rel=\"noopener\">dois casos<\/a> de tiros disparados de helic\u00f3pteros durante opera\u00e7\u00f5es policiais. Por causa da topografia plana da favela e das estradas abertas, a pol\u00edcia costumava entrar a p\u00e9 ou via caveir\u00f5es. Agora, diz o morador, as coisas come\u00e7aram a mudar.<\/p>\n<p>&#8220;Todas essas coisas \u00e0s quais outras favelas j\u00e1 est\u00e3o familiarizadas, a Cidade de Deus agora est\u00e1 come\u00e7ando a conhecer tamb\u00e9m\u201d, disse ele. &#8220;Acho que na Cidade de Deus voc\u00ea consegue observar essa mudan\u00e7a bem forte. De certo modo, nas outras periferias, [que est\u00e3o] mais no morro, esses caveir\u00f5es voadores sempre estiveram presentes. Agora, eles chegaram para a gente.&#8221;<\/p>\n<!-- AddThis Advanced Settings generic via filter on the_content --><!-- AddThis Share Buttons generic via filter on the_content -->","protected":false},"excerpt":{"rendered":"<div class=\"mh-excerpt\"><p>Click Here for English \u00c0s 15:14h de quarta-feira, 20 de mar\u00e7o, moradores do Morro do Borel, na Zona Norte do Rio de Janeiro relataram, atrav\u00e9s das redes sociais, um intenso tiroteio devido a uma opera\u00e7\u00e3o <a class=\"mh-excerpt-more\" href=\"https:\/\/rioonwatch.org.br\/?p=39586\" title=\"Ativistas de Favelas Alertam Sobre o Aumento do Uso de Helic\u00f3pteros em Opera\u00e7\u00f5es Policiais\">[&#8230;]<\/a><!-- AddThis Advanced Settings generic via filter on get_the_excerpt --><!-- AddThis Share Buttons generic via filter on get_the_excerpt --><\/p>\n<\/div>","protected":false},"author":129,"featured_media":39622,"comment_status":"closed","ping_status":"closed","sticky":false,"template":"","format":"standard","meta":{"_acf_changed":false,"_monsterinsights_skip_tracking":false,"_monsterinsights_sitenote_active":false,"_monsterinsights_sitenote_note":"","_monsterinsights_sitenote_category":0,"footnotes":""},"categories":[1621,346,1626,344,1620],"tags":[704,554,332,217,60,2426,2555,835,774,1107,1001,2394,920,52,218,184],"writer":[2249],"translator":[273],"source":[],"ilustrador":[],"fotografo":[],"class_list":{"0":"post-39586","1":"post","2":"type-post","3":"status-publish","4":"format-standard","5":"has-post-thumbnail","7":"category-destaque","8":"category-denuncias","9":"category-por-observadores-internacionais","10":"category-politicas","11":"category-olhonaupp","12":"tag-borel","13":"tag-cidade-de-deus","14":"tag-complexo-da-mare","15":"tag-complexo-do-alemao","16":"tag-tijuca","17":"tag-helicoptero","18":"tag-monica-francisco","19":"tag-morro-da-fazendinha","20":"tag-policia-militar","21":"tag-redes-da-mare","22":"tag-vila-cruzeiro","23":"tag-vinganca","24":"tag-violencia-de-estado","25":"tag-violencia-policial","26":"tag-zona-norte","27":"tag-zona-oeste","28":"writer-edmund-ruge","29":"translator-roseli-franco"},"acf":[],"yoast_head":"<!-- This site is optimized with the Yoast SEO plugin v25.6 - https:\/\/yoast.com\/wordpress\/plugins\/seo\/ -->\n<title>Ativistas de Favelas Alertam Sobre o Aumento do Uso de Helic\u00f3pteros em Opera\u00e7\u00f5es Policiais - RioOnWatch<\/title>\n<meta name=\"robots\" content=\"index, follow, max-snippet:-1, max-image-preview:large, max-video-preview:-1\" \/>\n<link rel=\"canonical\" href=\"https:\/\/rioonwatch.org.br\/?p=39586\" \/>\n<meta property=\"og:locale\" content=\"pt_BR\" \/>\n<meta property=\"og:type\" content=\"article\" \/>\n<meta property=\"og:title\" content=\"Ativistas de Favelas Alertam Sobre o Aumento do Uso de Helic\u00f3pteros em Opera\u00e7\u00f5es Policiais - RioOnWatch\" \/>\n<meta property=\"og:description\" content=\"Click Here for English \u00c0s 15:14h de quarta-feira, 20 de mar\u00e7o, moradores do Morro do Borel, na Zona Norte do Rio de Janeiro relataram, atrav\u00e9s das redes sociais, um intenso tiroteio devido a uma opera\u00e7\u00e3o [...]\" \/>\n<meta property=\"og:url\" content=\"https:\/\/rioonwatch.org.br\/?p=39586\" \/>\n<meta property=\"og:site_name\" content=\"RioOnWatch\" \/>\n<meta property=\"article:published_time\" content=\"2019-03-23T10:00:23+00:00\" \/>\n<meta property=\"article:modified_time\" content=\"2019-03-25T11:48:54+00:00\" \/>\n<meta property=\"og:image\" content=\"https:\/\/rioonwatch.org.br\/wp-content\/uploads\/2019\/03\/helicoptero.jpg\" \/>\n\t<meta property=\"og:image:width\" content=\"1280\" \/>\n\t<meta property=\"og:image:height\" content=\"720\" \/>\n\t<meta property=\"og:image:type\" content=\"image\/jpeg\" \/>\n<meta name=\"author\" content=\"Admin\" \/>\n<meta name=\"twitter:card\" content=\"summary_large_image\" \/>\n<meta name=\"twitter:label1\" content=\"Escrito por\" \/>\n\t<meta name=\"twitter:data1\" content=\"Admin\" \/>\n\t<meta name=\"twitter:label2\" content=\"Est. tempo de leitura\" \/>\n\t<meta name=\"twitter:data2\" content=\"6 minutos\" \/>\n<script type=\"application\/ld+json\" class=\"yoast-schema-graph\">{\"@context\":\"https:\/\/schema.org\",\"@graph\":[{\"@type\":\"Article\",\"@id\":\"https:\/\/rioonwatch.org.br\/?p=39586#article\",\"isPartOf\":{\"@id\":\"https:\/\/rioonwatch.org.br\/?p=39586\"},\"author\":{\"name\":\"Admin\",\"@id\":\"https:\/\/rioonwatch.org.br\/#\/schema\/person\/11d64c290506f9df50c71b850c473f68\"},\"headline\":\"Ativistas de Favelas Alertam Sobre o Aumento do Uso de Helic\u00f3pteros em Opera\u00e7\u00f5es Policiais\",\"datePublished\":\"2019-03-23T10:00:23+00:00\",\"dateModified\":\"2019-03-25T11:48:54+00:00\",\"mainEntityOfPage\":{\"@id\":\"https:\/\/rioonwatch.org.br\/?p=39586\"},\"wordCount\":1129,\"publisher\":{\"@id\":\"https:\/\/rioonwatch.org.br\/#organization\"},\"image\":{\"@id\":\"https:\/\/rioonwatch.org.br\/?p=39586#primaryimage\"},\"thumbnailUrl\":\"https:\/\/rioonwatch.org.br\/wp-content\/uploads\/2019\/03\/helicoptero.jpg\",\"keywords\":[\"Borel\",\"Cidade de Deus\",\"Complexo da Mar\u00e9\",\"Complexo do Alem\u00e3o\",\"Grande Tijuca\",\"helic\u00f3ptero\",\"M\u00f4nica Francisco\",\"Morro da Fazendinha\",\"Pol\u00edcia Militar\",\"Redes da Mar\u00e9\",\"Vila Cruzeiro\",\"vingan\u00e7a\",\"viol\u00eancia de Estado\",\"viol\u00eancia policial\",\"Zona Norte\",\"Zona Oeste\"],\"articleSection\":[\"*Destaque\",\"Den\u00fancias\",\"Escrito por Aliados\",\"Pol\u00edticas\",\"Seguran\u00e7a P\u00fablica\"],\"inLanguage\":\"pt-BR\"},{\"@type\":\"WebPage\",\"@id\":\"https:\/\/rioonwatch.org.br\/?p=39586\",\"url\":\"https:\/\/rioonwatch.org.br\/?p=39586\",\"name\":\"Ativistas de Favelas Alertam Sobre o Aumento do Uso de Helic\u00f3pteros em Opera\u00e7\u00f5es Policiais - RioOnWatch\",\"isPartOf\":{\"@id\":\"https:\/\/rioonwatch.org.br\/#website\"},\"primaryImageOfPage\":{\"@id\":\"https:\/\/rioonwatch.org.br\/?p=39586#primaryimage\"},\"image\":{\"@id\":\"https:\/\/rioonwatch.org.br\/?p=39586#primaryimage\"},\"thumbnailUrl\":\"https:\/\/rioonwatch.org.br\/wp-content\/uploads\/2019\/03\/helicoptero.jpg\",\"datePublished\":\"2019-03-23T10:00:23+00:00\",\"dateModified\":\"2019-03-25T11:48:54+00:00\",\"breadcrumb\":{\"@id\":\"https:\/\/rioonwatch.org.br\/?p=39586#breadcrumb\"},\"inLanguage\":\"pt-BR\",\"potentialAction\":[{\"@type\":\"ReadAction\",\"target\":[\"https:\/\/rioonwatch.org.br\/?p=39586\"]}]},{\"@type\":\"ImageObject\",\"inLanguage\":\"pt-BR\",\"@id\":\"https:\/\/rioonwatch.org.br\/?p=39586#primaryimage\",\"url\":\"https:\/\/rioonwatch.org.br\/wp-content\/uploads\/2019\/03\/helicoptero.jpg\",\"contentUrl\":\"https:\/\/rioonwatch.org.br\/wp-content\/uploads\/2019\/03\/helicoptero.jpg\",\"width\":1280,\"height\":720},{\"@type\":\"BreadcrumbList\",\"@id\":\"https:\/\/rioonwatch.org.br\/?p=39586#breadcrumb\",\"itemListElement\":[{\"@type\":\"ListItem\",\"position\":1,\"name\":\"In\u00edcio\",\"item\":\"https:\/\/rioonwatch.org.br\/\"},{\"@type\":\"ListItem\",\"position\":2,\"name\":\"Ativistas de Favelas Alertam Sobre o Aumento do Uso de Helic\u00f3pteros em Opera\u00e7\u00f5es Policiais\"}]},{\"@type\":\"WebSite\",\"@id\":\"https:\/\/rioonwatch.org.br\/#website\",\"url\":\"https:\/\/rioonwatch.org.br\/\",\"name\":\"RioOnWatch\",\"description\":\"relatos das favelas cariocas\",\"publisher\":{\"@id\":\"https:\/\/rioonwatch.org.br\/#organization\"},\"potentialAction\":[{\"@type\":\"SearchAction\",\"target\":{\"@type\":\"EntryPoint\",\"urlTemplate\":\"https:\/\/rioonwatch.org.br\/?s={search_term_string}\"},\"query-input\":{\"@type\":\"PropertyValueSpecification\",\"valueRequired\":true,\"valueName\":\"search_term_string\"}}],\"inLanguage\":\"pt-BR\"},{\"@type\":\"Organization\",\"@id\":\"https:\/\/rioonwatch.org.br\/#organization\",\"name\":\"RioOnWatch\",\"url\":\"https:\/\/rioonwatch.org.br\/\",\"logo\":{\"@type\":\"ImageObject\",\"inLanguage\":\"pt-BR\",\"@id\":\"https:\/\/rioonwatch.org.br\/#\/schema\/logo\/image\/\",\"url\":\"https:\/\/rioonwatch.org.br\/wp-content\/uploads\/2021\/06\/RioOnWatchcabecalhoPT11anos-2.png\",\"contentUrl\":\"https:\/\/rioonwatch.org.br\/wp-content\/uploads\/2021\/06\/RioOnWatchcabecalhoPT11anos-2.png\",\"width\":779,\"height\":277,\"caption\":\"RioOnWatch\"},\"image\":{\"@id\":\"https:\/\/rioonwatch.org.br\/#\/schema\/logo\/image\/\"}},{\"@type\":\"Person\",\"@id\":\"https:\/\/rioonwatch.org.br\/#\/schema\/person\/11d64c290506f9df50c71b850c473f68\",\"name\":\"Admin\",\"image\":{\"@type\":\"ImageObject\",\"inLanguage\":\"pt-BR\",\"@id\":\"https:\/\/rioonwatch.org.br\/#\/schema\/person\/image\/\",\"url\":\"https:\/\/secure.gravatar.com\/avatar\/56211ac74568383903349a1485e3c325?s=96&d=blank&r=g\",\"contentUrl\":\"https:\/\/secure.gravatar.com\/avatar\/56211ac74568383903349a1485e3c325?s=96&d=blank&r=g\",\"caption\":\"Admin\"},\"url\":\"https:\/\/rioonwatch.org.br\/?author=129\"}]}<\/script>\n<!-- \/ Yoast SEO plugin. -->","yoast_head_json":{"title":"Ativistas de Favelas Alertam Sobre o Aumento do Uso de Helic\u00f3pteros em Opera\u00e7\u00f5es Policiais - RioOnWatch","robots":{"index":"index","follow":"follow","max-snippet":"max-snippet:-1","max-image-preview":"max-image-preview:large","max-video-preview":"max-video-preview:-1"},"canonical":"https:\/\/rioonwatch.org.br\/?p=39586","og_locale":"pt_BR","og_type":"article","og_title":"Ativistas de Favelas Alertam Sobre o Aumento do Uso de Helic\u00f3pteros em Opera\u00e7\u00f5es Policiais - RioOnWatch","og_description":"Click Here for English \u00c0s 15:14h de quarta-feira, 20 de mar\u00e7o, moradores do Morro do Borel, na Zona Norte do Rio de Janeiro relataram, atrav\u00e9s das redes sociais, um intenso tiroteio devido a uma opera\u00e7\u00e3o [...]","og_url":"https:\/\/rioonwatch.org.br\/?p=39586","og_site_name":"RioOnWatch","article_published_time":"2019-03-23T10:00:23+00:00","article_modified_time":"2019-03-25T11:48:54+00:00","og_image":[{"width":1280,"height":720,"url":"https:\/\/rioonwatch.org.br\/wp-content\/uploads\/2019\/03\/helicoptero.jpg","type":"image\/jpeg"}],"author":"Admin","twitter_card":"summary_large_image","twitter_misc":{"Escrito por":"Admin","Est. tempo de leitura":"6 minutos"},"schema":{"@context":"https:\/\/schema.org","@graph":[{"@type":"Article","@id":"https:\/\/rioonwatch.org.br\/?p=39586#article","isPartOf":{"@id":"https:\/\/rioonwatch.org.br\/?p=39586"},"author":{"name":"Admin","@id":"https:\/\/rioonwatch.org.br\/#\/schema\/person\/11d64c290506f9df50c71b850c473f68"},"headline":"Ativistas de Favelas Alertam Sobre o Aumento do Uso de Helic\u00f3pteros em Opera\u00e7\u00f5es Policiais","datePublished":"2019-03-23T10:00:23+00:00","dateModified":"2019-03-25T11:48:54+00:00","mainEntityOfPage":{"@id":"https:\/\/rioonwatch.org.br\/?p=39586"},"wordCount":1129,"publisher":{"@id":"https:\/\/rioonwatch.org.br\/#organization"},"image":{"@id":"https:\/\/rioonwatch.org.br\/?p=39586#primaryimage"},"thumbnailUrl":"https:\/\/rioonwatch.org.br\/wp-content\/uploads\/2019\/03\/helicoptero.jpg","keywords":["Borel","Cidade de Deus","Complexo da Mar\u00e9","Complexo do Alem\u00e3o","Grande Tijuca","helic\u00f3ptero","M\u00f4nica Francisco","Morro da Fazendinha","Pol\u00edcia Militar","Redes da Mar\u00e9","Vila Cruzeiro","vingan\u00e7a","viol\u00eancia de Estado","viol\u00eancia policial","Zona Norte","Zona Oeste"],"articleSection":["*Destaque","Den\u00fancias","Escrito por Aliados","Pol\u00edticas","Seguran\u00e7a P\u00fablica"],"inLanguage":"pt-BR"},{"@type":"WebPage","@id":"https:\/\/rioonwatch.org.br\/?p=39586","url":"https:\/\/rioonwatch.org.br\/?p=39586","name":"Ativistas de Favelas Alertam Sobre o Aumento do Uso de Helic\u00f3pteros em Opera\u00e7\u00f5es Policiais - RioOnWatch","isPartOf":{"@id":"https:\/\/rioonwatch.org.br\/#website"},"primaryImageOfPage":{"@id":"https:\/\/rioonwatch.org.br\/?p=39586#primaryimage"},"image":{"@id":"https:\/\/rioonwatch.org.br\/?p=39586#primaryimage"},"thumbnailUrl":"https:\/\/rioonwatch.org.br\/wp-content\/uploads\/2019\/03\/helicoptero.jpg","datePublished":"2019-03-23T10:00:23+00:00","dateModified":"2019-03-25T11:48:54+00:00","breadcrumb":{"@id":"https:\/\/rioonwatch.org.br\/?p=39586#breadcrumb"},"inLanguage":"pt-BR","potentialAction":[{"@type":"ReadAction","target":["https:\/\/rioonwatch.org.br\/?p=39586"]}]},{"@type":"ImageObject","inLanguage":"pt-BR","@id":"https:\/\/rioonwatch.org.br\/?p=39586#primaryimage","url":"https:\/\/rioonwatch.org.br\/wp-content\/uploads\/2019\/03\/helicoptero.jpg","contentUrl":"https:\/\/rioonwatch.org.br\/wp-content\/uploads\/2019\/03\/helicoptero.jpg","width":1280,"height":720},{"@type":"BreadcrumbList","@id":"https:\/\/rioonwatch.org.br\/?p=39586#breadcrumb","itemListElement":[{"@type":"ListItem","position":1,"name":"In\u00edcio","item":"https:\/\/rioonwatch.org.br\/"},{"@type":"ListItem","position":2,"name":"Ativistas de Favelas Alertam Sobre o Aumento do Uso de Helic\u00f3pteros em Opera\u00e7\u00f5es Policiais"}]},{"@type":"WebSite","@id":"https:\/\/rioonwatch.org.br\/#website","url":"https:\/\/rioonwatch.org.br\/","name":"RioOnWatch","description":"relatos das favelas cariocas","publisher":{"@id":"https:\/\/rioonwatch.org.br\/#organization"},"potentialAction":[{"@type":"SearchAction","target":{"@type":"EntryPoint","urlTemplate":"https:\/\/rioonwatch.org.br\/?s={search_term_string}"},"query-input":{"@type":"PropertyValueSpecification","valueRequired":true,"valueName":"search_term_string"}}],"inLanguage":"pt-BR"},{"@type":"Organization","@id":"https:\/\/rioonwatch.org.br\/#organization","name":"RioOnWatch","url":"https:\/\/rioonwatch.org.br\/","logo":{"@type":"ImageObject","inLanguage":"pt-BR","@id":"https:\/\/rioonwatch.org.br\/#\/schema\/logo\/image\/","url":"https:\/\/rioonwatch.org.br\/wp-content\/uploads\/2021\/06\/RioOnWatchcabecalhoPT11anos-2.png","contentUrl":"https:\/\/rioonwatch.org.br\/wp-content\/uploads\/2021\/06\/RioOnWatchcabecalhoPT11anos-2.png","width":779,"height":277,"caption":"RioOnWatch"},"image":{"@id":"https:\/\/rioonwatch.org.br\/#\/schema\/logo\/image\/"}},{"@type":"Person","@id":"https:\/\/rioonwatch.org.br\/#\/schema\/person\/11d64c290506f9df50c71b850c473f68","name":"Admin","image":{"@type":"ImageObject","inLanguage":"pt-BR","@id":"https:\/\/rioonwatch.org.br\/#\/schema\/person\/image\/","url":"https:\/\/secure.gravatar.com\/avatar\/56211ac74568383903349a1485e3c325?s=96&d=blank&r=g","contentUrl":"https:\/\/secure.gravatar.com\/avatar\/56211ac74568383903349a1485e3c325?s=96&d=blank&r=g","caption":"Admin"},"url":"https:\/\/rioonwatch.org.br\/?author=129"}]}},"_links":{"self":[{"href":"https:\/\/rioonwatch.org.br\/index.php?rest_route=\/wp\/v2\/posts\/39586"}],"collection":[{"href":"https:\/\/rioonwatch.org.br\/index.php?rest_route=\/wp\/v2\/posts"}],"about":[{"href":"https:\/\/rioonwatch.org.br\/index.php?rest_route=\/wp\/v2\/types\/post"}],"author":[{"embeddable":true,"href":"https:\/\/rioonwatch.org.br\/index.php?rest_route=\/wp\/v2\/users\/129"}],"replies":[{"embeddable":true,"href":"https:\/\/rioonwatch.org.br\/index.php?rest_route=%2Fwp%2Fv2%2Fcomments&post=39586"}],"version-history":[{"count":27,"href":"https:\/\/rioonwatch.org.br\/index.php?rest_route=\/wp\/v2\/posts\/39586\/revisions"}],"predecessor-version":[{"id":39621,"href":"https:\/\/rioonwatch.org.br\/index.php?rest_route=\/wp\/v2\/posts\/39586\/revisions\/39621"}],"wp:featuredmedia":[{"embeddable":true,"href":"https:\/\/rioonwatch.org.br\/index.php?rest_route=\/wp\/v2\/media\/39622"}],"wp:attachment":[{"href":"https:\/\/rioonwatch.org.br\/index.php?rest_route=%2Fwp%2Fv2%2Fmedia&parent=39586"}],"wp:term":[{"taxonomy":"category","embeddable":true,"href":"https:\/\/rioonwatch.org.br\/index.php?rest_route=%2Fwp%2Fv2%2Fcategories&post=39586"},{"taxonomy":"post_tag","embeddable":true,"href":"https:\/\/rioonwatch.org.br\/index.php?rest_route=%2Fwp%2Fv2%2Ftags&post=39586"},{"taxonomy":"writer","embeddable":true,"href":"https:\/\/rioonwatch.org.br\/index.php?rest_route=%2Fwp%2Fv2%2Fwriter&post=39586"},{"taxonomy":"translator","embeddable":true,"href":"https:\/\/rioonwatch.org.br\/index.php?rest_route=%2Fwp%2Fv2%2Ftranslator&post=39586"},{"taxonomy":"source","embeddable":true,"href":"https:\/\/rioonwatch.org.br\/index.php?rest_route=%2Fwp%2Fv2%2Fsource&post=39586"},{"taxonomy":"ilustrador","embeddable":true,"href":"https:\/\/rioonwatch.org.br\/index.php?rest_route=%2Fwp%2Fv2%2Filustrador&post=39586"},{"taxonomy":"fotografo","embeddable":true,"href":"https:\/\/rioonwatch.org.br\/index.php?rest_route=%2Fwp%2Fv2%2Ffotografo&post=39586"}],"curies":[{"name":"wp","href":"https:\/\/api.w.org\/{rel}","templated":true}]}}