{"id":39788,"date":"2019-04-09T18:18:35","date_gmt":"2019-04-09T21:18:35","guid":{"rendered":"http:\/\/rioonwatch.org.br\/?p=39788"},"modified":"2019-09-03T22:17:30","modified_gmt":"2019-09-04T01:17:30","slug":"seminario-na-mare-difunde-metodologias-inovadoras-para-politicas-urbanas-na-perspectiva-da-potencia-da-periferia","status":"publish","type":"post","link":"https:\/\/rioonwatch.org.br\/?p=39788","title":{"rendered":"Semin\u00e1rio Difunde Metodologias para Pol\u00edticas Urbanas na Perspectiva da Pot\u00eancia da Periferia"},"content":{"rendered":"<p style=\"text-align: right;\"><em><strong><a href=\"http:\/\/bit.ly\/2luVbDs\" target=\"_blank\" rel=\"noopener noreferrer\">Click Here for English<\/a><a href=\"http:\/\/bit.ly\/2luVbDs\" target=\"_blank\" rel=\"noopener noreferrer\"><img decoding=\"async\" width=\"20\" height=\"20\" class=\"alignright wp-image-15790\" src=\"http:\/\/rioonwatch.org.br\/wp-content\/uploads\/2012\/08\/EN-standard-e1439583104716.jpg\" \/><\/a><\/strong><\/em><\/p>\n<p style=\"text-align: left;\">Na \u00faltima ter\u00e7a-feira, dia 2 de abril, ocorreu na sede do <a href=\"http:\/\/bit.ly\/2GbTnsI\" target=\"_blank\" rel=\"noopener noreferrer\">Observat\u00f3rio de Favelas<\/a>, no\u00a0<a href=\"http:\/\/bit.ly\/10BvARw\">Complexo da Mar\u00e9<\/a>, o semin\u00e1rio &#8220;<a href=\"http:\/\/bit.ly\/2I1b8el\" target=\"_blank\" rel=\"noopener noreferrer\">Novos Paradigmas para Pol\u00edticas Urbanas na Perspectiva da Pot\u00eancia das Periferias<\/a>&#8220;, com apoio do <a href=\"http:\/\/bit.ly\/2vO6TLD\" target=\"_blank\" rel=\"noopener noreferrer\">CAU\/RJ<\/a>. O semin\u00e1rio faz parte do projeto <a href=\"http:\/\/bit.ly\/2Uo8Ixg\" target=\"_blank\" rel=\"noopener noreferrer\">Territ\u00f3rio Inventivo<\/a>, desenvolvido pelo Observat\u00f3rio em parceria com a <a href=\"http:\/\/bit.ly\/2Lrjf6p\" target=\"_blank\" rel=\"noopener noreferrer\">Redes de Desenvolvimento da Mar\u00e9<\/a>, que visa realizar a\u00e7\u00f5es de forma\u00e7\u00e3o, produ\u00e7\u00e3o e comunica\u00e7\u00e3o no campo da arte, da cultura e da educa\u00e7\u00e3o. O objetivo do semin\u00e1rio foi sistematizar e difundir as metodologias inovadoras e os resultados alcan\u00e7ados at\u00e9 aqui, visando produzir contribui\u00e7\u00f5es para o campo do urbanismo a partir dos territ\u00f3rios favelados.<\/p>\n<p><a href=\"http:\/\/rioonwatch.org.br\/wp-content\/uploads\/2019\/04\/territ\u00f3rio-inventivo.jpg\"><img fetchpriority=\"high\" decoding=\"async\" class=\"aligncenter wp-image-39795 size-medium\" src=\"http:\/\/rioonwatch.org.br\/wp-content\/uploads\/2019\/04\/territ\u00f3rio-inventivo-620x325.jpg\" alt=\"\" width=\"620\" height=\"325\" srcset=\"https:\/\/rioonwatch.org.br\/wp-content\/uploads\/2019\/04\/territ\u00f3rio-inventivo-620x325.jpg 620w, https:\/\/rioonwatch.org.br\/wp-content\/uploads\/2019\/04\/territ\u00f3rio-inventivo-504x264.jpg 504w, https:\/\/rioonwatch.org.br\/wp-content\/uploads\/2019\/04\/territ\u00f3rio-inventivo-768x402.jpg 768w, https:\/\/rioonwatch.org.br\/wp-content\/uploads\/2019\/04\/territ\u00f3rio-inventivo.jpg 1000w\" sizes=\"(max-width: 620px) 100vw, 620px\" \/><\/a><\/p>\n<p>O projeto \u00e9 pautado pelo mesmo paradigma que perpassa todas as a\u00e7\u00f5es do Observat\u00f3rio, o <a href=\"http:\/\/bit.ly\/2LKZvam\" target=\"_blank\" rel=\"noopener noreferrer\">paradigma da pot\u00eancia<\/a>. Segundo ele, a favela n\u00e3o \u00e9 definida pela l\u00f3gica da car\u00eancia e da aus\u00eancia frequentemente associadas a esses espa\u00e7os. &#8220;A \u00fanica forma de construir pol\u00edticas p\u00fablicas para os moradores \u00e9 a partir dos pr\u00f3prios moradores subvertendo essa l\u00f3gica&#8221;, colocou Lino Teixeira, arquiteto que acompanhou o projeto pelo Observat\u00f3rio. Essa subvers\u00e3o est\u00e1 na afirma\u00e7\u00e3o da pot\u00eancia criativa desses moradores.<\/p>\n<p>Aruan Braga, diretor do Observat\u00f3rio, refor\u00e7ou o desejo dessas organiza\u00e7\u00f5es de discutir a cidade a partir da favela: &#8220;N\u00e3o se trata de pensar uma favela melhor, mas uma cidade melhor a partir da favela&#8221;. Jorge Barbosa, um dos fundadores do Observat\u00f3rio, ecoou esse posicionamento, dizendo que o objetivo \u00e9 ter a Mar\u00e9 como refer\u00eancia para a produ\u00e7\u00e3o de um projeto para a cidade, a partir de uma agenda propositiva e de um conhecimento que seja interessado, provocativo, pol\u00edtico. <a href=\"https:\/\/glo.bo\/2fPOFEd\" target=\"_blank\" rel=\"noopener noreferrer\">Jailson Souza e Silva<\/a>, tamb\u00e9m fundador do Observat\u00f3rio, disse que diante de um projeto de pol\u00edtica p\u00fablica orientado pela l\u00f3gica da interven\u00e7\u00e3o, que \u00e9 pontual, eles prop\u00f5em um projeto permanente de disputa de cidade. Isso porque, segundo ele, a favela nunca foi uma exce\u00e7\u00e3o em rela\u00e7\u00e3o a cidade, tampouco um efeito colateral\u2014ele colocou que das 16 favelas que constituem o Complexo da Mar\u00e9, nove foram <a href=\"http:\/\/bit.ly\/2upxtLo\" target=\"_blank\" rel=\"noopener noreferrer\">constru\u00eddas pelo pr\u00f3prio Estado<\/a>, muitas vezes ignorando a realidade local no desenho das habita\u00e7\u00f5es, como quando constr\u00f3i casas com telhados diagonais, que impossibilita o uso da laje como espa\u00e7o de lazer ou de constru\u00e7\u00e3o para gerar renda ou para abrigar fam\u00edlias polinucleares.<\/p>\n<p>Durante o semin\u00e1rio Lino Teixeira recapitulou as a\u00e7\u00f5es anteriores do projeto Territ\u00f3rio Inventivo, expondo que como parte do projeto em 2014 foi feito um diagn\u00f3stico urbano para entender essas pot\u00eancias do territ\u00f3rio. Esse diagn\u00f3stico passou pela produ\u00e7\u00e3o de mapas do territ\u00f3rio, diante da inexist\u00eancia de mapas oficiais, al\u00e9m da produ\u00e7\u00e3o de conceitos, metodologias e formas de incid\u00eancia. O mapeamento foi um esfor\u00e7o manual de Pedro \u00c9vora, arquiteto do <a href=\"http:\/\/bit.ly\/2KjgkMR\" target=\"_blank\" rel=\"noopener noreferrer\">Rua Arquitetos<\/a>, que na \u00e9poca fazia seu trabalho de mestrado. Lino observou que <a href=\"http:\/\/bit.ly\/2eo2c5N\" target=\"_blank\" rel=\"noopener noreferrer\">n\u00e3o estar representado no mapa<\/a> da cidade, seja por estigma ou por burocracia ou pelos dois, tem efeitos pr\u00e1ticos muito fortes.<\/p>\n<p>Foram identificados nesse mapa 3000 pontos de uso na favela, que inclu\u00edam com\u00e9rcio e pr\u00e1ticas culturais. Era um esfor\u00e7o, portanto, para produzir presen\u00e7as e derrubar aus\u00eancias. Al\u00e9m da identifica\u00e7\u00e3o dos pontos, observou-se as condi\u00e7\u00f5es de difus\u00e3o, modo de financiamento, p\u00fablico envolvido e inser\u00e7\u00e3o no territ\u00f3rio. A pesquisa concluiu que as pr\u00e1ticas culturais encontram-se predominantemente na comunidade de <a href=\"http:\/\/bit.ly\/2JeLDI2\" target=\"_blank\" rel=\"noopener noreferrer\">Nova Holanda<\/a> (25,0%) e no <a href=\"http:\/\/bit.ly\/2uVpvZa\" target=\"_blank\" rel=\"noopener noreferrer\">Parque Uni\u00e3o<\/a> (18,3%), seguidas da <a href=\"http:\/\/bit.ly\/2KmkC69\" target=\"_blank\" rel=\"noopener noreferrer\">Vila do Jo\u00e3o<\/a> e do <a href=\"http:\/\/bit.ly\/2Ckzco3\" target=\"_blank\" rel=\"noopener noreferrer\">Morro do Timbau<\/a>, contrastando com as comunidades originadas de conjuntos habitacionais (Vila Pinheiro, Nova Mar\u00e9, <a href=\"http:\/\/bit.ly\/2GcYea7\" target=\"_blank\" rel=\"noopener noreferrer\">Conjunto Pinheiro<\/a>, <a href=\"http:\/\/bit.ly\/2UskgPM\" target=\"_blank\" rel=\"noopener noreferrer\">Conjunto Esperan\u00e7a<\/a>), que apresentam menos densidade de pr\u00e1ticas culturais. Concluiu-se, assim, que os espa\u00e7os produzidos organicamente apresentam mais oportunidades para encontros e uso intenso do espa\u00e7o do que os espa\u00e7os planejados, cujas formas restringem a conviv\u00eancia.<\/p>\n<p><a href=\"http:\/\/rioonwatch.org.br\/wp-content\/uploads\/2019\/04\/da-direita-pra-esquerda-Eliana-Clarisse-Pablo-Benetti-e-Pedro-\u00c9vora3.jpg\"><img decoding=\"async\" class=\"aligncenter wp-image-39812 size-content\" title=\"Da direita pra esquerda Eliana Souza, Clarisse Linke, Pablo Benetti e Pedro \u00c9vora. Foto no Instagram do observat\u00f3rio de favelas\" src=\"http:\/\/rioonwatch.org.br\/wp-content\/uploads\/2019\/04\/da-direita-pra-esquerda-Eliana-Clarisse-Pablo-Benetti-e-Pedro-\u00c9vora3-620x264.jpg\" alt=\"\" width=\"620\" height=\"264\" \/><\/a><\/p>\n<p>Assim como os mapas, <a href=\"http:\/\/bit.ly\/1EAoYJT\" target=\"_blank\" rel=\"noopener noreferrer\">Eliana Sousa Silva<\/a>, diretora da Redes da Mar\u00e9, relembrou o trabalho da Redes em nomear as ruas da Mar\u00e9 e realizar um <a href=\"http:\/\/bit.ly\/2RlXsv6\" target=\"_blank\" rel=\"noopener noreferrer\">censo<\/a> do complexo, produzindo um conhecimento de dentro para fora e preenchendo as lacunas deixadas pelo poder p\u00fablico, que segundo ela nunca age de forma espont\u00e2nea, e por isso o papel importante de organiza\u00e7\u00f5es do territ\u00f3rio em cobr\u00e1-lo. <a href=\"http:\/\/bit.ly\/2P09PwX\" target=\"_blank\" rel=\"noopener noreferrer\">A formaliza\u00e7\u00e3o de todas as ruas<\/a>, por exemplo, ainda depende da assinatura do prefeito em 5 das 16 comunidades. &#8220;A prefeitura est\u00e1 pensando em construir um Parque Mar\u00e9, falando em cidades inteligentes, quando os servi\u00e7os mais b\u00e1sicos n\u00e3o funcionam&#8221;, desabafou ela. Pablo Benetti, arquiteto e professor da UFRJ, concordou e refor\u00e7ou que mesmo diante de tudo que os moradores realizam, n\u00e3o devemos simplesmente abandonar o referencial do Estado: &#8220;\u00c9 preciso estar com um p\u00e9 na cr\u00edtica e um p\u00e9 na cobran\u00e7a. O Estado tem que cumprir o seu papel porque os servi\u00e7os ainda s\u00e3o centralizados nele&#8221;.<\/p>\n<p><a href=\"http:\/\/rioonwatch.org.br\/wp-content\/uploads\/2019\/04\/farol-da-mar\u00e9.jpg\"><img loading=\"lazy\" decoding=\"async\" class=\"wp-image-39794 alignright\" title=\"Projeto do Farol da Mar\u00e9.\" src=\"http:\/\/rioonwatch.org.br\/wp-content\/uploads\/2019\/04\/farol-da-mar\u00e9-490x264.jpg\" alt=\"\" width=\"350\" height=\"211\" srcset=\"https:\/\/rioonwatch.org.br\/wp-content\/uploads\/2019\/04\/farol-da-mar\u00e9-437x264.jpg 437w, https:\/\/rioonwatch.org.br\/wp-content\/uploads\/2019\/04\/farol-da-mar\u00e9.jpg 490w\" sizes=\"(max-width: 350px) 100vw, 350px\" \/><\/a><\/p>\n<p>Em seguida, em 2015, buscou-se identificar e implementar melhorias urbanas e equipamentos no territ\u00f3rio, a partir das voca\u00e7\u00f5es, fortemente ligadas \u00e0 cultura, identificadas no diagn\u00f3stico anterior, como foi o caso da proposta de um <a href=\"http:\/\/bit.ly\/2G3vmAM\" target=\"_blank\" rel=\"noopener noreferrer\">Farol da Mar\u00e9<\/a>, uma torre de dez andares para abrigar atividades culturais e um mirante, ligada por uma ponte de pedestres a <a href=\"http:\/\/bit.ly\/2tQII0c\" target=\"_blank\" rel=\"noopener noreferrer\">Bonsucesso<\/a> e \u00e0 Cidade Universit\u00e1ria, que surgiu tanto para promover o desenvolvimento interno mas tamb\u00e9m para promover novos pontos de vista da cidade e criar uma refer\u00eancia que pudesse ser n\u00e3o s\u00f3 uma centralidade para a Mar\u00e9, mas para a cidade.<\/p>\n<p>Houve tamb\u00e9m em 2016 a oficina &#8220;<a href=\"http:\/\/bit.ly\/2Z0qOUK\" target=\"_blank\" rel=\"noopener noreferrer\">Espa\u00e7o P\u00fablico e Mobilidade: Os desafios da Mar\u00e9<\/a>&#8220;, em parceria com o <a href=\"http:\/\/bit.ly\/1qJG2L9\" target=\"_blank\" rel=\"noopener noreferrer\">Instituto Pereira Passos<\/a> (IPP), a <a href=\"http:\/\/bit.ly\/2KlTbJq\" target=\"_blank\" rel=\"noopener noreferrer\">Secretaria Nacional de Habita\u00e7\u00e3o do Minist\u00e9rio das Cidades<\/a> (SNH\/MCidades), a Faculdade de Arquitetura e Urbanismo (FAU) da UFRJ e o <a href=\"http:\/\/bit.ly\/1izYz8J\" target=\"_blank\" rel=\"noopener noreferrer\">Instituto de Pol\u00edticas de Transporte e Desenvolvimento<\/a> (ITDP Brasil). Participaram da oficina diversas secretarias da prefeitura, t\u00e9cnicos que podiam qualificar a demanda dos moradores e os pr\u00f3prios moradores, que apresentaram suas vis\u00f5es para o entorno das esta\u00e7\u00f5es do <a href=\"http:\/\/bit.ly\/2uU19im\" target=\"_blank\" rel=\"noopener noreferrer\">BRT Transbrasil<\/a>. <a href=\"http:\/\/bit.ly\/2OUWR3L\" target=\"_blank\" rel=\"noopener noreferrer\">Clarisse Linke<\/a>, diretora executiva do ITDP, colocou que as \u00e1reas em um raio de 1 km de esta\u00e7\u00f5es de transporte de m\u00e9dia e alta capacidade devem receber investimentos e concentrar popula\u00e7\u00e3o e servi\u00e7os. Ela ainda lembrou que 90% do Complexo da Mar\u00e9 encontra-se em um raio de 1 km das esta\u00e7\u00f5es do BRT Transbrasil, que ligaria <a href=\"http:\/\/bit.ly\/2U2hJXz\" target=\"_blank\" rel=\"noopener noreferrer\">Deodoro<\/a> ao <a href=\"http:\/\/bit.ly\/1qX7nZG\" target=\"_blank\" rel=\"noopener noreferrer\">Centro<\/a> e <a href=\"http:\/\/bit.ly\/2G82Ejp\" target=\"_blank\" rel=\"noopener noreferrer\">at\u00e9 hoje n\u00e3o conclu\u00eddo<\/a>, configurando como \u00e1rea priorit\u00e1ria para investimentos.<\/p>\n<p><a href=\"http:\/\/rioonwatch.org.br\/wp-content\/uploads\/2019\/04\/oficina-ITDP.jpg\"><img loading=\"lazy\" decoding=\"async\" class=\"aligncenter wp-image-39793 size-content\" title=\"Oficina &quot;Espa\u00e7o P\u00fablico e Mobilidade: os desafios da Mar\u00e9&quot;. Foto: Site ITDP.\" src=\"http:\/\/rioonwatch.org.br\/wp-content\/uploads\/2019\/04\/oficina-ITDP-620x264.jpg\" alt=\"\" width=\"620\" height=\"264\" \/><\/a><\/p>\n<p>Dentre as propostas que surgiram dessas oficinas, estavam a melhoria das cal\u00e7adas ao longo da <a href=\"http:\/\/bit.ly\/2RpOBsy\" target=\"_blank\" rel=\"noopener noreferrer\">Avenida Brasil<\/a>, tornar a rua principal mais segura para pedestres e ciclistas e repensar a esta\u00e7\u00e3o do Parque Uni\u00e3o para n\u00e3o s\u00f3 ser uma esta\u00e7\u00e3o que leva pessoas, mas uma que traz pessoas para a Mar\u00e9. Para Jailson, o projeto como um todo contribui para reconstruir as rela\u00e7\u00f5es da cidade a partir da criatividade na Mar\u00e9 e assim criar um espa\u00e7o democr\u00e1tico e atraente para trazer as pessoas que t\u00eam medo da favela.<\/p>\n<p>Na fase entre 2017 e 2018, focou-se em qualificar os dados quantitativos levantados no diagn\u00f3stico de 2014, de forma a compreender como a cultura se desenrola nesse territ\u00f3rio e desenhar pol\u00edticas p\u00fablicas voltadas para a cultura que tenham como foco o desenvolvimento urbano. Inaugura-se agora uma nova fase do projeto, de sistematiza\u00e7\u00e3o do que foi feito at\u00e9 aqui, e expans\u00e3o para outros territ\u00f3rios, tamb\u00e9m potentes como a Mar\u00e9. J\u00e1 na plateia do semin\u00e1rio, uma jovem demonstrou interesse em levar as discuss\u00f5es para dentro da favela do <a href=\"http:\/\/bit.ly\/2YWihSJ\" target=\"_blank\" rel=\"noopener noreferrer\">Muqui\u00e7o<\/a>, onde mora, tamb\u00e9m nas margens da Avenida Brasil.<\/p>\n<!-- AddThis Advanced Settings generic via filter on the_content --><!-- AddThis Share Buttons generic via filter on the_content -->","protected":false},"excerpt":{"rendered":"<div class=\"mh-excerpt\"><p>Click Here for English Na \u00faltima ter\u00e7a-feira, dia 2 de abril, ocorreu na sede do Observat\u00f3rio de Favelas, no\u00a0Complexo da Mar\u00e9, o semin\u00e1rio &#8220;Novos Paradigmas para Pol\u00edticas Urbanas na Perspectiva da Pot\u00eancia das Periferias&#8220;, com <a class=\"mh-excerpt-more\" href=\"https:\/\/rioonwatch.org.br\/?p=39788\" title=\"Semin\u00e1rio Difunde Metodologias para Pol\u00edticas Urbanas na Perspectiva da Pot\u00eancia da Periferia\">[&#8230;]<\/a><!-- AddThis Advanced Settings generic via filter on get_the_excerpt --><!-- AddThis Share Buttons generic via filter on get_the_excerpt --><\/p>\n<\/div>","protected":false},"author":152,"featured_media":39826,"comment_status":"closed","ping_status":"closed","sticky":false,"template":"","format":"standard","meta":{"_acf_changed":false,"_monsterinsights_skip_tracking":false,"_monsterinsights_sitenote_active":false,"_monsterinsights_sitenote_note":"","_monsterinsights_sitenote_category":0,"footnotes":""},"categories":[1627,1615,345,1616,1612,342],"tags":[2061,497,2232,2071,259,332,1481,2355,2077,1712,560,1076,2612,350,663,349,1107,1081,1311],"writer":[1994],"translator":[],"source":[],"ilustrador":[],"fotografo":[],"class_list":{"0":"post-39788","1":"post","2":"type-post","3":"status-publish","4":"format-standard","5":"has-post-thumbnail","7":"category-relato-de-evento","8":"category-cultura-da-favela","9":"category-favela-e","10":"category-qualidades-da-favela","11":"category-sociedade-civil","12":"category-solucoes","13":"tag-bonsucesso","14":"tag-brt","15":"tag-cau","16":"tag-censo","17":"tag-centro","18":"tag-complexo-da-mare","19":"tag-conjunto-esperanca","20":"tag-conjunto-pinheiro","21":"tag-deodoro","22":"tag-mapa","23":"tag-mobilidade","24":"tag-morro-do-timbau","25":"tag-muquico","26":"tag-nova-holanda","27":"tag-observatorio-de-favelas","28":"tag-parque-uniao","29":"tag-redes-da-mare","30":"tag-vila-do-joao","31":"tag-vila-do-pinheiro","32":"writer-luisa-fenizola"},"acf":[],"yoast_head":"<!-- This site is optimized with the Yoast SEO plugin v25.6 - https:\/\/yoast.com\/wordpress\/plugins\/seo\/ -->\n<title>Semin\u00e1rio Difunde Metodologias para Pol\u00edticas Urbanas na Perspectiva da Pot\u00eancia da Periferia - RioOnWatch<\/title>\n<meta name=\"robots\" content=\"index, follow, max-snippet:-1, max-image-preview:large, max-video-preview:-1\" \/>\n<link rel=\"canonical\" href=\"https:\/\/rioonwatch.org.br\/?p=39788\" \/>\n<meta property=\"og:locale\" content=\"pt_BR\" \/>\n<meta property=\"og:type\" content=\"article\" \/>\n<meta property=\"og:title\" content=\"Semin\u00e1rio Difunde Metodologias para Pol\u00edticas Urbanas na Perspectiva da Pot\u00eancia da Periferia - RioOnWatch\" \/>\n<meta property=\"og:description\" content=\"Click Here for English Na \u00faltima ter\u00e7a-feira, dia 2 de abril, ocorreu na sede do Observat\u00f3rio de Favelas, no\u00a0Complexo da Mar\u00e9, o semin\u00e1rio &#8220;Novos Paradigmas para Pol\u00edticas Urbanas na Perspectiva da Pot\u00eancia das Periferias&#8220;, com [...]\" \/>\n<meta property=\"og:url\" content=\"https:\/\/rioonwatch.org.br\/?p=39788\" \/>\n<meta property=\"og:site_name\" content=\"RioOnWatch\" \/>\n<meta property=\"article:published_time\" content=\"2019-04-09T21:18:35+00:00\" \/>\n<meta property=\"article:modified_time\" content=\"2019-09-04T01:17:30+00:00\" \/>\n<meta property=\"og:image\" content=\"https:\/\/rioonwatch.org.br\/wp-content\/uploads\/2019\/04\/Territorio-inventivo.png\" \/>\n\t<meta property=\"og:image:width\" content=\"714\" \/>\n\t<meta property=\"og:image:height\" content=\"466\" \/>\n\t<meta property=\"og:image:type\" content=\"image\/png\" \/>\n<meta name=\"author\" content=\"Luisa Fenizola\" \/>\n<meta name=\"twitter:card\" content=\"summary_large_image\" \/>\n<meta name=\"twitter:label1\" content=\"Escrito por\" \/>\n\t<meta name=\"twitter:data1\" content=\"Luisa Fenizola\" \/>\n\t<meta name=\"twitter:label2\" content=\"Est. tempo de leitura\" \/>\n\t<meta name=\"twitter:data2\" content=\"7 minutos\" \/>\n<script type=\"application\/ld+json\" class=\"yoast-schema-graph\">{\"@context\":\"https:\/\/schema.org\",\"@graph\":[{\"@type\":\"Article\",\"@id\":\"https:\/\/rioonwatch.org.br\/?p=39788#article\",\"isPartOf\":{\"@id\":\"https:\/\/rioonwatch.org.br\/?p=39788\"},\"author\":{\"name\":\"Luisa Fenizola\",\"@id\":\"https:\/\/rioonwatch.org.br\/#\/schema\/person\/f443c6b55bb6e80842280318076491c5\"},\"headline\":\"Semin\u00e1rio Difunde Metodologias para Pol\u00edticas Urbanas na Perspectiva da Pot\u00eancia da Periferia\",\"datePublished\":\"2019-04-09T21:18:35+00:00\",\"dateModified\":\"2019-09-04T01:17:30+00:00\",\"mainEntityOfPage\":{\"@id\":\"https:\/\/rioonwatch.org.br\/?p=39788\"},\"wordCount\":1338,\"publisher\":{\"@id\":\"https:\/\/rioonwatch.org.br\/#organization\"},\"image\":{\"@id\":\"https:\/\/rioonwatch.org.br\/?p=39788#primaryimage\"},\"thumbnailUrl\":\"https:\/\/rioonwatch.org.br\/wp-content\/uploads\/2019\/04\/Territorio-inventivo.png\",\"keywords\":[\"Bonsucesso\",\"BRT\",\"CAU\",\"censo\",\"Centro\",\"Complexo da Mar\u00e9\",\"Conjunto Esperan\u00e7a\",\"Conjunto Pinheiro\",\"Deodoro\",\"mapa\",\"mobilidade\",\"Morro do Timbau\",\"Muqui\u00e7o\",\"Nova Holanda\",\"Observat\u00f3rio de Favelas\",\"Parque Uni\u00e3o\",\"Redes da Mar\u00e9\",\"Vila do Jo\u00e3o\",\"Vila do Pinheiro\"],\"articleSection\":[\"Cobertura de Eventos\",\"Cultura da Favela\",\"Favela \u00e9\",\"Qualidades da Favela\",\"Sociedade Civil\",\"Solu\u00e7\u00f5es\"],\"inLanguage\":\"pt-BR\"},{\"@type\":\"WebPage\",\"@id\":\"https:\/\/rioonwatch.org.br\/?p=39788\",\"url\":\"https:\/\/rioonwatch.org.br\/?p=39788\",\"name\":\"Semin\u00e1rio Difunde Metodologias para Pol\u00edticas Urbanas na Perspectiva da Pot\u00eancia da Periferia - RioOnWatch\",\"isPartOf\":{\"@id\":\"https:\/\/rioonwatch.org.br\/#website\"},\"primaryImageOfPage\":{\"@id\":\"https:\/\/rioonwatch.org.br\/?p=39788#primaryimage\"},\"image\":{\"@id\":\"https:\/\/rioonwatch.org.br\/?p=39788#primaryimage\"},\"thumbnailUrl\":\"https:\/\/rioonwatch.org.br\/wp-content\/uploads\/2019\/04\/Territorio-inventivo.png\",\"datePublished\":\"2019-04-09T21:18:35+00:00\",\"dateModified\":\"2019-09-04T01:17:30+00:00\",\"breadcrumb\":{\"@id\":\"https:\/\/rioonwatch.org.br\/?p=39788#breadcrumb\"},\"inLanguage\":\"pt-BR\",\"potentialAction\":[{\"@type\":\"ReadAction\",\"target\":[\"https:\/\/rioonwatch.org.br\/?p=39788\"]}]},{\"@type\":\"ImageObject\",\"inLanguage\":\"pt-BR\",\"@id\":\"https:\/\/rioonwatch.org.br\/?p=39788#primaryimage\",\"url\":\"https:\/\/rioonwatch.org.br\/wp-content\/uploads\/2019\/04\/Territorio-inventivo.png\",\"contentUrl\":\"https:\/\/rioonwatch.org.br\/wp-content\/uploads\/2019\/04\/Territorio-inventivo.png\",\"width\":714,\"height\":466},{\"@type\":\"BreadcrumbList\",\"@id\":\"https:\/\/rioonwatch.org.br\/?p=39788#breadcrumb\",\"itemListElement\":[{\"@type\":\"ListItem\",\"position\":1,\"name\":\"In\u00edcio\",\"item\":\"https:\/\/rioonwatch.org.br\/\"},{\"@type\":\"ListItem\",\"position\":2,\"name\":\"Semin\u00e1rio Difunde Metodologias para Pol\u00edticas Urbanas na Perspectiva da Pot\u00eancia da Periferia\"}]},{\"@type\":\"WebSite\",\"@id\":\"https:\/\/rioonwatch.org.br\/#website\",\"url\":\"https:\/\/rioonwatch.org.br\/\",\"name\":\"RioOnWatch\",\"description\":\"relatos das favelas cariocas\",\"publisher\":{\"@id\":\"https:\/\/rioonwatch.org.br\/#organization\"},\"potentialAction\":[{\"@type\":\"SearchAction\",\"target\":{\"@type\":\"EntryPoint\",\"urlTemplate\":\"https:\/\/rioonwatch.org.br\/?s={search_term_string}\"},\"query-input\":{\"@type\":\"PropertyValueSpecification\",\"valueRequired\":true,\"valueName\":\"search_term_string\"}}],\"inLanguage\":\"pt-BR\"},{\"@type\":\"Organization\",\"@id\":\"https:\/\/rioonwatch.org.br\/#organization\",\"name\":\"RioOnWatch\",\"url\":\"https:\/\/rioonwatch.org.br\/\",\"logo\":{\"@type\":\"ImageObject\",\"inLanguage\":\"pt-BR\",\"@id\":\"https:\/\/rioonwatch.org.br\/#\/schema\/logo\/image\/\",\"url\":\"https:\/\/rioonwatch.org.br\/wp-content\/uploads\/2021\/06\/RioOnWatchcabecalhoPT11anos-2.png\",\"contentUrl\":\"https:\/\/rioonwatch.org.br\/wp-content\/uploads\/2021\/06\/RioOnWatchcabecalhoPT11anos-2.png\",\"width\":779,\"height\":277,\"caption\":\"RioOnWatch\"},\"image\":{\"@id\":\"https:\/\/rioonwatch.org.br\/#\/schema\/logo\/image\/\"}},{\"@type\":\"Person\",\"@id\":\"https:\/\/rioonwatch.org.br\/#\/schema\/person\/f443c6b55bb6e80842280318076491c5\",\"name\":\"Luisa Fenizola\",\"image\":{\"@type\":\"ImageObject\",\"inLanguage\":\"pt-BR\",\"@id\":\"https:\/\/rioonwatch.org.br\/#\/schema\/person\/image\/\",\"url\":\"https:\/\/secure.gravatar.com\/avatar\/a3d551110162b9f876cbbdaaecf75663?s=96&d=blank&r=g\",\"contentUrl\":\"https:\/\/secure.gravatar.com\/avatar\/a3d551110162b9f876cbbdaaecf75663?s=96&d=blank&r=g\",\"caption\":\"Luisa Fenizola\"},\"url\":\"https:\/\/rioonwatch.org.br\/?author=152\"}]}<\/script>\n<!-- \/ Yoast SEO plugin. -->","yoast_head_json":{"title":"Semin\u00e1rio Difunde Metodologias para Pol\u00edticas Urbanas na Perspectiva da Pot\u00eancia da Periferia - RioOnWatch","robots":{"index":"index","follow":"follow","max-snippet":"max-snippet:-1","max-image-preview":"max-image-preview:large","max-video-preview":"max-video-preview:-1"},"canonical":"https:\/\/rioonwatch.org.br\/?p=39788","og_locale":"pt_BR","og_type":"article","og_title":"Semin\u00e1rio Difunde Metodologias para Pol\u00edticas Urbanas na Perspectiva da Pot\u00eancia da Periferia - RioOnWatch","og_description":"Click Here for English Na \u00faltima ter\u00e7a-feira, dia 2 de abril, ocorreu na sede do Observat\u00f3rio de Favelas, no\u00a0Complexo da Mar\u00e9, o semin\u00e1rio &#8220;Novos Paradigmas para Pol\u00edticas Urbanas na Perspectiva da Pot\u00eancia das Periferias&#8220;, com [...]","og_url":"https:\/\/rioonwatch.org.br\/?p=39788","og_site_name":"RioOnWatch","article_published_time":"2019-04-09T21:18:35+00:00","article_modified_time":"2019-09-04T01:17:30+00:00","og_image":[{"width":714,"height":466,"url":"https:\/\/rioonwatch.org.br\/wp-content\/uploads\/2019\/04\/Territorio-inventivo.png","type":"image\/png"}],"author":"Luisa Fenizola","twitter_card":"summary_large_image","twitter_misc":{"Escrito por":"Luisa Fenizola","Est. tempo de leitura":"7 minutos"},"schema":{"@context":"https:\/\/schema.org","@graph":[{"@type":"Article","@id":"https:\/\/rioonwatch.org.br\/?p=39788#article","isPartOf":{"@id":"https:\/\/rioonwatch.org.br\/?p=39788"},"author":{"name":"Luisa Fenizola","@id":"https:\/\/rioonwatch.org.br\/#\/schema\/person\/f443c6b55bb6e80842280318076491c5"},"headline":"Semin\u00e1rio Difunde Metodologias para Pol\u00edticas Urbanas na Perspectiva da Pot\u00eancia da Periferia","datePublished":"2019-04-09T21:18:35+00:00","dateModified":"2019-09-04T01:17:30+00:00","mainEntityOfPage":{"@id":"https:\/\/rioonwatch.org.br\/?p=39788"},"wordCount":1338,"publisher":{"@id":"https:\/\/rioonwatch.org.br\/#organization"},"image":{"@id":"https:\/\/rioonwatch.org.br\/?p=39788#primaryimage"},"thumbnailUrl":"https:\/\/rioonwatch.org.br\/wp-content\/uploads\/2019\/04\/Territorio-inventivo.png","keywords":["Bonsucesso","BRT","CAU","censo","Centro","Complexo da Mar\u00e9","Conjunto Esperan\u00e7a","Conjunto Pinheiro","Deodoro","mapa","mobilidade","Morro do Timbau","Muqui\u00e7o","Nova Holanda","Observat\u00f3rio de Favelas","Parque Uni\u00e3o","Redes da Mar\u00e9","Vila do Jo\u00e3o","Vila do Pinheiro"],"articleSection":["Cobertura de Eventos","Cultura da Favela","Favela \u00e9","Qualidades da Favela","Sociedade Civil","Solu\u00e7\u00f5es"],"inLanguage":"pt-BR"},{"@type":"WebPage","@id":"https:\/\/rioonwatch.org.br\/?p=39788","url":"https:\/\/rioonwatch.org.br\/?p=39788","name":"Semin\u00e1rio Difunde Metodologias para Pol\u00edticas Urbanas na Perspectiva da Pot\u00eancia da Periferia - RioOnWatch","isPartOf":{"@id":"https:\/\/rioonwatch.org.br\/#website"},"primaryImageOfPage":{"@id":"https:\/\/rioonwatch.org.br\/?p=39788#primaryimage"},"image":{"@id":"https:\/\/rioonwatch.org.br\/?p=39788#primaryimage"},"thumbnailUrl":"https:\/\/rioonwatch.org.br\/wp-content\/uploads\/2019\/04\/Territorio-inventivo.png","datePublished":"2019-04-09T21:18:35+00:00","dateModified":"2019-09-04T01:17:30+00:00","breadcrumb":{"@id":"https:\/\/rioonwatch.org.br\/?p=39788#breadcrumb"},"inLanguage":"pt-BR","potentialAction":[{"@type":"ReadAction","target":["https:\/\/rioonwatch.org.br\/?p=39788"]}]},{"@type":"ImageObject","inLanguage":"pt-BR","@id":"https:\/\/rioonwatch.org.br\/?p=39788#primaryimage","url":"https:\/\/rioonwatch.org.br\/wp-content\/uploads\/2019\/04\/Territorio-inventivo.png","contentUrl":"https:\/\/rioonwatch.org.br\/wp-content\/uploads\/2019\/04\/Territorio-inventivo.png","width":714,"height":466},{"@type":"BreadcrumbList","@id":"https:\/\/rioonwatch.org.br\/?p=39788#breadcrumb","itemListElement":[{"@type":"ListItem","position":1,"name":"In\u00edcio","item":"https:\/\/rioonwatch.org.br\/"},{"@type":"ListItem","position":2,"name":"Semin\u00e1rio Difunde Metodologias para Pol\u00edticas Urbanas na Perspectiva da Pot\u00eancia da Periferia"}]},{"@type":"WebSite","@id":"https:\/\/rioonwatch.org.br\/#website","url":"https:\/\/rioonwatch.org.br\/","name":"RioOnWatch","description":"relatos das favelas cariocas","publisher":{"@id":"https:\/\/rioonwatch.org.br\/#organization"},"potentialAction":[{"@type":"SearchAction","target":{"@type":"EntryPoint","urlTemplate":"https:\/\/rioonwatch.org.br\/?s={search_term_string}"},"query-input":{"@type":"PropertyValueSpecification","valueRequired":true,"valueName":"search_term_string"}}],"inLanguage":"pt-BR"},{"@type":"Organization","@id":"https:\/\/rioonwatch.org.br\/#organization","name":"RioOnWatch","url":"https:\/\/rioonwatch.org.br\/","logo":{"@type":"ImageObject","inLanguage":"pt-BR","@id":"https:\/\/rioonwatch.org.br\/#\/schema\/logo\/image\/","url":"https:\/\/rioonwatch.org.br\/wp-content\/uploads\/2021\/06\/RioOnWatchcabecalhoPT11anos-2.png","contentUrl":"https:\/\/rioonwatch.org.br\/wp-content\/uploads\/2021\/06\/RioOnWatchcabecalhoPT11anos-2.png","width":779,"height":277,"caption":"RioOnWatch"},"image":{"@id":"https:\/\/rioonwatch.org.br\/#\/schema\/logo\/image\/"}},{"@type":"Person","@id":"https:\/\/rioonwatch.org.br\/#\/schema\/person\/f443c6b55bb6e80842280318076491c5","name":"Luisa Fenizola","image":{"@type":"ImageObject","inLanguage":"pt-BR","@id":"https:\/\/rioonwatch.org.br\/#\/schema\/person\/image\/","url":"https:\/\/secure.gravatar.com\/avatar\/a3d551110162b9f876cbbdaaecf75663?s=96&d=blank&r=g","contentUrl":"https:\/\/secure.gravatar.com\/avatar\/a3d551110162b9f876cbbdaaecf75663?s=96&d=blank&r=g","caption":"Luisa Fenizola"},"url":"https:\/\/rioonwatch.org.br\/?author=152"}]}},"_links":{"self":[{"href":"https:\/\/rioonwatch.org.br\/index.php?rest_route=\/wp\/v2\/posts\/39788"}],"collection":[{"href":"https:\/\/rioonwatch.org.br\/index.php?rest_route=\/wp\/v2\/posts"}],"about":[{"href":"https:\/\/rioonwatch.org.br\/index.php?rest_route=\/wp\/v2\/types\/post"}],"author":[{"embeddable":true,"href":"https:\/\/rioonwatch.org.br\/index.php?rest_route=\/wp\/v2\/users\/152"}],"replies":[{"embeddable":true,"href":"https:\/\/rioonwatch.org.br\/index.php?rest_route=%2Fwp%2Fv2%2Fcomments&post=39788"}],"version-history":[{"count":24,"href":"https:\/\/rioonwatch.org.br\/index.php?rest_route=\/wp\/v2\/posts\/39788\/revisions"}],"predecessor-version":[{"id":42934,"href":"https:\/\/rioonwatch.org.br\/index.php?rest_route=\/wp\/v2\/posts\/39788\/revisions\/42934"}],"wp:featuredmedia":[{"embeddable":true,"href":"https:\/\/rioonwatch.org.br\/index.php?rest_route=\/wp\/v2\/media\/39826"}],"wp:attachment":[{"href":"https:\/\/rioonwatch.org.br\/index.php?rest_route=%2Fwp%2Fv2%2Fmedia&parent=39788"}],"wp:term":[{"taxonomy":"category","embeddable":true,"href":"https:\/\/rioonwatch.org.br\/index.php?rest_route=%2Fwp%2Fv2%2Fcategories&post=39788"},{"taxonomy":"post_tag","embeddable":true,"href":"https:\/\/rioonwatch.org.br\/index.php?rest_route=%2Fwp%2Fv2%2Ftags&post=39788"},{"taxonomy":"writer","embeddable":true,"href":"https:\/\/rioonwatch.org.br\/index.php?rest_route=%2Fwp%2Fv2%2Fwriter&post=39788"},{"taxonomy":"translator","embeddable":true,"href":"https:\/\/rioonwatch.org.br\/index.php?rest_route=%2Fwp%2Fv2%2Ftranslator&post=39788"},{"taxonomy":"source","embeddable":true,"href":"https:\/\/rioonwatch.org.br\/index.php?rest_route=%2Fwp%2Fv2%2Fsource&post=39788"},{"taxonomy":"ilustrador","embeddable":true,"href":"https:\/\/rioonwatch.org.br\/index.php?rest_route=%2Fwp%2Fv2%2Filustrador&post=39788"},{"taxonomy":"fotografo","embeddable":true,"href":"https:\/\/rioonwatch.org.br\/index.php?rest_route=%2Fwp%2Fv2%2Ffotografo&post=39788"}],"curies":[{"name":"wp","href":"https:\/\/api.w.org\/{rel}","templated":true}]}}