{"id":40003,"date":"2019-04-25T21:18:46","date_gmt":"2019-04-26T00:18:46","guid":{"rendered":"http:\/\/rioonwatch.org.br\/?p=40003"},"modified":"2021-01-20T12:18:25","modified_gmt":"2021-01-20T15:18:25","slug":"dia-do-indio-no-parque-lage-exemplo-de-resistencia-em-contexto-de-luta","status":"publish","type":"post","link":"https:\/\/rioonwatch.org.br\/?p=40003","title":{"rendered":"Dia do \u00cdndio no Parque Lage: A Necessidade de Resist\u00eancia e Luta"},"content":{"rendered":"<p style=\"text-align: right;\"><em><strong><a href=\"http:\/\/bit.ly\/2Wt9BBi\" target=\"_blank\" rel=\"noopener noreferrer\">Click Here for English<\/a><a href=\"http:\/\/bit.ly\/2Wt9BBi\" target=\"_blank\" rel=\"noopener noreferrer\"><img decoding=\"async\" width=\"20\" height=\"20\" class=\"alignright wp-image-15790\" src=\"http:\/\/rioonwatch.org.br\/wp-content\/uploads\/2012\/08\/EN-standard-e1439583104716.jpg\" \/><\/a><\/strong><\/em><\/p>\n<p style=\"text-align: left;\">Nos dias 13 e 14 de abril foi realizado o maior evento cultural ind\u00edgena do Rio de Janeiro: o <a href=\"http:\/\/bit.ly\/2UBeK8R\" target=\"_blank\" rel=\"noopener noreferrer\">Dia do \u00cdndio no Parque Lage<\/a>. A <a href=\"http:\/\/bit.ly\/2XA8Ruk\" target=\"_blank\" rel=\"noopener noreferrer\">Associa\u00e7\u00e3o Ind\u00edgena Aldeia Maracan\u00e3<\/a> (AIAM) em parceria com a <a href=\"http:\/\/bit.ly\/2KWRoqe\" target=\"_blank\" rel=\"noopener noreferrer\">Escola de Artes Visuais do Parque Lage<\/a> (EAV), abriram um espa\u00e7o para a exposi\u00e7\u00e3o e venda de artesanato ind\u00edgena tradicional, apresenta\u00e7\u00f5es de grupos culturais, rodas de conversa e mesas de debate sobre a quest\u00e3o ind\u00edgena atual.<\/p>\n<p><span style=\"font-weight: 400;\">A AIAM<\/span><span style=\"font-weight: 400;\">, exemplo de <a href=\"http:\/\/bit.ly\/2aWzg2g\" target=\"_blank\" rel=\"noopener noreferrer\">resist\u00eancia ind\u00edgena<\/a>, acolhe e re\u00fane desde 2006 v\u00e1rias etnias em contexto urbano na cidade do Rio de Janeiro. Para a comemora\u00e7\u00e3o do Dia do \u00cdndio, ela conseguiu congregar mais de cem ind\u00edgenas do Brasil, que pertencem \u00e0s etnias <\/span><span style=\"font-weight: 400;\"><a href=\"http:\/\/bit.ly\/2UxUHbv\" target=\"_blank\" rel=\"noopener noreferrer\">Patax\u00f3<\/a>, <a href=\"http:\/\/bit.ly\/2UAPvU7\" target=\"_blank\" rel=\"noopener noreferrer\">Guarani<\/a>, <a href=\"http:\/\/bit.ly\/2PrpiGv\" target=\"_blank\" rel=\"noopener noreferrer\">Tukano<\/a>, <a href=\"http:\/\/bit.ly\/2VozAwC\" target=\"_blank\" rel=\"noopener noreferrer\">Tikuna<\/a>, <a href=\"http:\/\/bit.ly\/2XEDDlS\" target=\"_blank\" rel=\"noopener noreferrer\">Puri<\/a>, <a href=\"http:\/\/bit.ly\/2UTuGs3\" target=\"_blank\" rel=\"noopener noreferrer\">Potiguaras<\/a>, <a href=\"http:\/\/bit.ly\/2wsX4Ff\" target=\"_blank\" rel=\"noopener noreferrer\">Guajajara<\/a><\/span><span style=\"font-weight: 400;\">, <a href=\"http:\/\/bit.ly\/2UwYeXv\" target=\"_blank\" rel=\"noopener noreferrer\">Huni-kuin<\/a>, <a href=\"http:\/\/bit.ly\/2ZvikVM\" target=\"_blank\" rel=\"noopener noreferrer\">Ashaninka<\/a>, <a href=\"http:\/\/bit.ly\/2IRu8vD\" target=\"_blank\" rel=\"noopener noreferrer\">Uitoto<\/a>, entre outras. <\/span><\/p>\n<p><span style=\"font-weight: 400;\">Ao confraternizar, os povos origin\u00e1rios reconhecem suas pr\u00e1ticas e cren\u00e7as, o que permite a preserva\u00e7\u00e3o de culturas milen\u00e1rias. Al\u00e9m disso, esses tipos de <a href=\"http:\/\/bit.ly\/1CLqcF9\" target=\"_blank\" rel=\"noopener noreferrer\">encontros<\/a> <\/span><span style=\"font-weight: 400;\">servem como oportunidade de jun\u00e7\u00e3o de narrativas, interc\u00e2mbio de estrat\u00e9gias e intera\u00e7\u00e3o entre os povos ind\u00edgenas e pessoas n\u00e3o ind\u00edgenas. \u00c9 necess\u00e1rio abrir portais culturais entre os povos, <\/span><span style=\"font-weight: 400;\">\u201cfortalecendo o esp\u00edrito, centrifugando as for\u00e7as para vencer essa batalha, essa batalha que n\u00e3o \u00e9 s\u00f3 do \u00edndio, pois deve ser a batalha do ser humano\u201d,<\/span><span style=\"font-weight: 400;\"> como disse\u00a0<a href=\"http:\/\/bit.ly\/2W3Dect\" target=\"_blank\" rel=\"noopener noreferrer\">Tobi Ita\u00fana<\/a><\/span><span style=\"font-weight: 400;\">, paj\u00e9 e dono de uma loja de ervas medicinais. O Brasil passa por um contexto onde a uni\u00e3o deve mostrar-se mais potente que nunca, pois a riqueza e diversidade ind\u00edgena est\u00e3o em risco iminente.<\/span><\/p>\n<p><a href=\"http:\/\/rioonwatch.org.br\/wp-content\/uploads\/2019\/04\/Pintura-Pataxo\u0301-DDI2.jpg\"><img fetchpriority=\"high\" decoding=\"async\" class=\"aligncenter wp-image-40032 size-content\" title=\"Pintura patax\u00f3 na feira. Imagem: Carolina Medina \" src=\"http:\/\/rioonwatch.org.br\/wp-content\/uploads\/2019\/04\/Pintura-Pataxo\u0301-DDI2-620x264.jpg\" alt=\"\" width=\"620\" height=\"264\" srcset=\"https:\/\/rioonwatch.org.br\/wp-content\/uploads\/2019\/04\/Pintura-Pataxo\u0301-DDI2-620x264.jpg 620w, https:\/\/rioonwatch.org.br\/wp-content\/uploads\/2019\/04\/Pintura-Pataxo\u0301-DDI2-940x400.jpg 940w\" sizes=\"(max-width: 620px) 100vw, 620px\" \/><\/a><\/p>\n<h3><strong>A terra: import\u00e2ncia da recorr\u00eancia do debate e o que implica para a cultura ind\u00edgena<\/strong><\/h3>\n<p><span style=\"font-weight: 400;\">A protagonista nas rodas de conversas e mesas de debates foi sem d\u00favida a tem\u00e1tica da disputa pela terra. Desde 1500 o sistema colonial subjugou aos povos que moravam nos territ\u00f3rios <\/span><span style=\"font-weight: 400;\">invadidos<\/span><span style=\"font-weight: 400;\">, e tirou-lhes sua cultura e seu lar. Repara\u00e7\u00f5es n\u00e3o se completam por conta da falta de governan\u00e7a nas regi\u00f5es mais afetadas, legisla\u00e7\u00f5es ambientais flex\u00edveis e preconceitos nocivos. Esses elementos fazem da terra uma quest\u00e3o completamente contempor\u00e2nea e um debate necess\u00e1rio. <\/span><\/p>\n<p><span style=\"font-weight: 400;\">Assistimos constantemente grandes <a href=\"https:\/\/glo.bo\/2L4nkNU\" target=\"_blank\" rel=\"noopener noreferrer\">obras desenvolvimentistas<\/a><\/span><span style=\"font-weight: 400;\"> que servem como <\/span><span style=\"font-weight: 400;\">\u201cmotor da economia<\/span><span style=\"font-weight: 400;\">\u201d, por\u00e9m esses projetos atropelam as \u00e1reas protegidas. Efetivamente, a floresta est\u00e1 em perigo gra\u00e7as a um ritmo de explora\u00e7\u00e3o e desejo de crescimento econ\u00f4mico insustent\u00e1vel, que mina todo direito constitucional ou acordo internacional. Por isso, a demarca\u00e7\u00e3o de <a href=\"http:\/\/bit.ly\/2PrEdRg\" target=\"_blank\" rel=\"noopener noreferrer\">Terras Ind\u00edgenas<\/a> (TIs)<\/span><span style=\"font-weight: 400;\"> se tornou o ponto central do debate, pois \u00e9 um dos poucos mecanismos que permite garantir tacitamente a prote\u00e7\u00e3o das florestas e dos povos que dependem dela para viver. <\/span><\/p>\n<p><span style=\"font-weight: 400;\">Para os povos ind\u00edgenas a terra \u00e9 mais do que o espa\u00e7o que os sustenta com as riquezas naturais ali presentes. Em uma das mesas de debates do evento montadas na grande Oca Kupixawa, Tobi Ita\u00fana disse que <\/span><span style=\"font-weight: 400;\">temos que ser conscientes da <\/span><span style=\"font-weight: 400;\">&#8220;import\u00e2ncia e valor da terra\u201d<\/span><span style=\"font-weight: 400;\">. Ele afirmou que a natureza fornece as condi\u00e7\u00f5es necess\u00e1rias para a reprodu\u00e7\u00e3o f\u00edsica e cultural das popula\u00e7\u00f5es ind\u00edgenas, e que a<\/span><span style=\"font-weight: 400;\">tacar a terra \u00e9 atacar as comunidades que nela habitam.<\/span><\/p>\n<p><span style=\"font-weight: 400;\">Tobi Ita\u00fana<\/span><span style=\"font-weight: 400;\"> acabou seu comovedor discurso dizendo que o \u00edndio quer terra <\/span><span style=\"font-weight: 400;\">\u201cpara salvar o planeta\u201d <\/span><span style=\"font-weight: 400;\">porque<\/span><span style=\"font-weight: 400;\"> \u201conde tem terra, tem mata, tem animal e onde tem mata, tem \u00e1gua\u201d<\/span><span style=\"font-weight: 400;\">, elementos que asseguram a base da nossa exist\u00eancia. <\/span><span style=\"font-weight: 400;\">Ali\u00e1s, as Terras Ind\u00edgenas s\u00e3o as \u00e1reas com maior \u00edndice de preserva\u00e7\u00e3o ambiental do Brasil. <\/span><\/p>\n<p><span style=\"font-weight: 400;\">No entanto, o panorama n\u00e3o parece avan\u00e7ar, com o presidente atual tendo prometido que em seu mandato a <a href=\"http:\/\/bit.ly\/2XHxiGi\" target=\"_blank\" rel=\"noopener noreferrer\">terra ind\u00edgena protegida n\u00e3o aumentar\u00e1 nem um cent\u00edmetro<\/a><\/span><span style=\"font-weight: 400;\">. \u00c0 vista disso, o patamar de direitos conquistados cambaleia frente as grandes entraves governamentais<\/span><span style=\"font-weight: 400;\">.<\/span><\/p>\n<p><a href=\"http:\/\/rioonwatch.org.br\/wp-content\/uploads\/2019\/04\/Artesanato-DDIok.jpg\"><img decoding=\"async\" class=\"aligncenter wp-image-40034 size-content\" title=\"Artesanato Tikuna em uma barraca da feira. Imagem: Carolina Medina\" src=\"http:\/\/rioonwatch.org.br\/wp-content\/uploads\/2019\/04\/Artesanato-DDIok-620x264.jpg\" alt=\"\" width=\"620\" height=\"264\" srcset=\"https:\/\/rioonwatch.org.br\/wp-content\/uploads\/2019\/04\/Artesanato-DDIok-620x264.jpg 620w, https:\/\/rioonwatch.org.br\/wp-content\/uploads\/2019\/04\/Artesanato-DDIok-940x400.jpg 940w\" sizes=\"(max-width: 620px) 100vw, 620px\" \/><\/a><\/p>\n<h3><b>A guerra declarada do Estado contra o \u00edndio\u00a0<\/b><\/h3>\n<p><span style=\"font-weight: 400;\">\u201cNo dia em que n\u00e3o houver lugar para o \u00edndio no mundo, n\u00e3o haver\u00e1 lugar para mais ningu\u00e9m\u201d, <a href=\"http:\/\/bit.ly\/2PqxYgm\" target=\"_blank\" rel=\"noopener noreferrer\">j\u00e1 dizia Ailton Krenak<\/a>, uma das maiores lideran\u00e7as do movimento ind\u00edgena brasileiro, <a href=\"http:\/\/bit.ly\/2nIF6b8\" target=\"_blank\" rel=\"noopener noreferrer\">reconhecido por seu discurso<\/a> na Assembleia Constituinte em 1987, quando defendeu a emenda constitucional da Uni\u00e3o de Na\u00e7\u00f5es Ind\u00edgenas. Essa emenda foi considerada uma vit\u00f3ria porque <a href=\"http:\/\/bit.ly\/2ZyqCwb\" target=\"_blank\" rel=\"noopener noreferrer\">reconhecia pela primeira vez<\/a> aos ind\u00edgenas e a sua terra na na\u00e7\u00e3o brasileira.<\/span><\/p>\n<p><span style=\"font-weight: 400;\">No entanto, as institui\u00e7\u00f5es s\u00e3o aquelas que mais agridem aos povos ancestrais.<\/span> <span style=\"font-weight: 400;\">Em pouco mais de 100 dias de governo as ofensivas foram diretas e mercen\u00e1rias: Desde o primeiro dia de governo, Bolsonaro decretou uma <a href=\"http:\/\/bit.ly\/2DweSAE\" target=\"_blank\" rel=\"noopener noreferrer\">Medida Provis\u00f3ria (MP) N\u00ba 870\/2019<\/a><\/span><span style=\"font-weight: 400;\"> que busca transferir a identifica\u00e7\u00e3o das Terras Ind\u00edgenas do Minist\u00e9rio de Justi\u00e7a para o Minist\u00e9rio da Agricultura, Pecu\u00e1ria e Abastecimento, comandado pela <a href=\"http:\/\/bit.ly\/2XMwwbn\" target=\"_blank\" rel=\"noopener noreferrer\">bancada ruralista<\/a><\/span><span style=\"font-weight: 400;\">. De igual maneira, o \u00f3rg\u00e3o federal encarregado das quest\u00f5es ind\u00edgenas, a <a href=\"http:\/\/bit.ly\/1qcRRXq\" target=\"_blank\" rel=\"noopener noreferrer\">Funda\u00e7\u00e3o Nacional do \u00cdndio<\/a> (FUNAI), seria esvaziado e perderia as atribui\u00e7\u00f5es que lhe foram dadas h\u00e1 mais de 50 anos. Pouco tempo depois, a administra\u00e7\u00e3o prop\u00f4s o <a href=\"http:\/\/bit.ly\/2L1FS1o\" target=\"_blank\" rel=\"noopener noreferrer\">desmantelamento<\/a><\/span><span style=\"font-weight: 400;\"> da <a href=\"http:\/\/bit.ly\/2W3S3vC\" target=\"_blank\" rel=\"noopener noreferrer\">Secretaria Especial de Sa\u00fade Ind\u00edgena<\/a> (SESAI)<\/span><span style=\"font-weight: 400;\">. Ademais, membros do Partido Social liberal (<a href=\"http:\/\/bit.ly\/2pFsMt8\" target=\"_blank\" rel=\"noopener noreferrer\">PSL<\/a>) como o deputado <\/span><span style=\"font-weight: 400;\">Rodrigo Amorim <\/span><span style=\"font-weight: 400;\">t\u00eam incitado o \u00f3dio e o preconceito pelos ind\u00edgenas, inclusive <a href=\"http:\/\/bit.ly\/2szLvaW\" target=\"_blank\" rel=\"noopener noreferrer\">injuriando<\/a><\/span><span style=\"font-weight: 400;\"> a Aldeia Maracan\u00e3. <\/span><\/p>\n<p style=\"text-align: left;\"><span style=\"font-weight: 400;\">O desrespeito aos direitos constitucionais desses povos tangencia problemas profundos com respeito ao desmatamento, a <a href=\"http:\/\/bit.ly\/2IFCt6j\" target=\"_blank\" rel=\"noopener noreferrer\">invas\u00e3o de \u00e1reas protegidas<\/a><\/span><span style=\"font-weight: 400;\">, as atividades ilegais de extra\u00e7\u00e3o de madeira e min\u00e9rios, o benef\u00edcio de corpora\u00e7\u00f5es e seguran\u00e7a das <a href=\"http:\/\/bit.ly\/2GyeqCV\" target=\"_blank\" rel=\"noopener noreferrer\">lideran\u00e7as ind\u00edgenas<\/a>.<\/span><\/p>\n<p><a href=\"http:\/\/rioonwatch.org.br\/wp-content\/uploads\/2019\/04\/Cantos-DDIok-2claro.jpg\"><img loading=\"lazy\" decoding=\"async\" class=\"aligncenter wp-image-40036 size-content\" title=\"C\u00e2nticos da tribo Guarani. Imagem: Carolina Medina\" src=\"http:\/\/rioonwatch.org.br\/wp-content\/uploads\/2019\/04\/Cantos-DDIok-2claro-620x264.jpg\" alt=\"\" width=\"620\" height=\"264\" srcset=\"https:\/\/rioonwatch.org.br\/wp-content\/uploads\/2019\/04\/Cantos-DDIok-2claro-620x264.jpg 620w, https:\/\/rioonwatch.org.br\/wp-content\/uploads\/2019\/04\/Cantos-DDIok-2claro-940x400.jpg 940w\" sizes=\"(max-width: 620px) 100vw, 620px\" \/><\/a><\/p>\n<h3><b>Chamamento a todos os ind\u00edgenas e o Acampamento Terra Livre 2019<\/b><\/h3>\n<p><i><span style=\"font-weight: 400;\">\u201c<\/span><\/i><span style=\"font-weight: 400;\">N\u00e3o conseguiram matar as nossas ra\u00edzes. Resistir para lutar. Viver e lutar at\u00e9 morrer e nunca jamais matar. For\u00e7a a todos n\u00f3s! Irm\u00e3os, unidos seremos mais fortes<\/span><span style=\"font-weight: 400;\">\u201d recitava uma l\u00edder ind\u00edgena na cerim\u00f4nia do encerramento do evento no Parque Lage. O forte componente pol\u00edtico do encontro deixou bem esclarecida a vontade dos povos ind\u00edgenas de seguir combatendo contra qualquer constrangimento. Por isso, do 24 ao 26 de abril representantes de todas as comunidades ind\u00edgenas do Brasil t\u00eam se reunido em Bras\u00edlia, na esplanada dos minist\u00e9rios. A ocupa\u00e7\u00e3o desse espa\u00e7o \u00e9 conhecida como o <a href=\"http:\/\/bit.ly\/2UXoShl\" target=\"_blank\" rel=\"noopener noreferrer\">Acampamento Terra Livre<\/a> (ATL)<\/span><span style=\"font-weight: 400;\"> e \u00e9 organizada pela a <a href=\"http:\/\/bit.ly\/2RR95y0\" target=\"_blank\" rel=\"noopener noreferrer\">Articula\u00e7\u00e3o dos Povos Ind\u00edgenas do Brasil<\/a> (APIB). Ela conta com atividades culturais, manifesta\u00e7\u00f5es pol\u00edticas, palestras e contato com personagens de diversas esferas para falar sobre o turvo futuro dos diferentes grupos \u00e9tnicos.<\/span><\/p>\n<p><span style=\"font-weight: 400;\">O l\u00edder <\/span><span style=\"font-weight: 400;\">Patax\u00f3<\/span><span style=\"font-weight: 400;\">, Arassari Patax\u00f3, falou em uma das palestras que a mobiliza\u00e7\u00e3o <\/span><i><span style=\"font-weight: 400;\">\u201c<\/span><\/i><span style=\"font-weight: 400;\">vai come\u00e7ar no 24 de abril, mas vai durar at\u00e9 que ele [o Presidente] aprenda a respeit\u00e1-los<\/span><i><span style=\"font-weight: 400;\">\u201d<\/span><\/i><span style=\"font-weight: 400;\">. Ele acrescenta: <\/span><i><span style=\"font-weight: 400;\">\u201c<\/span><\/i><span style=\"font-weight: 400;\">n\u00f3s estamos aqui antes da conquista, h\u00e1 milhares de anos. N\u00e3o \u00e9 agora que um presidente vai nos destruir<\/span><i><span style=\"font-weight: 400;\">\u201d<\/span><\/i><span style=\"font-weight: 400;\">. As diversas lideran\u00e7as reiteraram no evento que contam com o <a href=\"http:\/\/bit.ly\/2L4enEf\" target=\"_blank\" rel=\"noopener noreferrer\">apoio<\/a> do povo brasileiro<\/span><span style=\"font-weight: 400;\">. <\/span><\/p>\n<h3><b>Perspectivas de<\/b><b>\u00a0futuro\u00a0<\/b><\/h3>\n<p><span style=\"font-weight: 400;\">Dois dias inteiros de cantos, cultura, debate, articula\u00e7\u00f5es pol\u00edticas entre povos ind\u00edgenas geraram resultado. A presidenta do AIAM, Marize Guaran\u00ed, despediu-se do p\u00fablico dizendo que <\/span><i><span style=\"font-weight: 400;\">\u201c<\/span><\/i><span style=\"font-weight: 400;\">voltam para casa felizes com o dever cumprido novamente, mas tamb\u00e9m com a alma cheia de energia por estar aqui, sonhar juntos, levar juntos outros sonhos e outras certezas das lutas que precisam ter nos pr\u00f3ximos meses<\/span><i><span style=\"font-weight: 400;\">\u201d<\/span><\/i><span style=\"font-weight: 400;\">.<\/span><\/p>\n<p><span style=\"font-weight: 400;\">Essas comemora\u00e7\u00f5es permitem desmistificar o outro, acabar com a ignor\u00e2ncia do que significa fazer parte de um povo ind\u00edgena, seu jeito de pensar e suas condi\u00e7\u00f5es fundamentais para perpetuar sua exist\u00eancia. Elas motivam tamb\u00e9m o trabalho em comunh\u00e3o e d\u00e3<\/span><span style=\"font-weight: 400;\">o for\u00e7a para seguir visibilizando as injusti\u00e7as, denunciando os abusos e conservando os direitos ind\u00edgenas. <\/span><\/p>\n<!-- AddThis Advanced Settings generic via filter on the_content --><!-- AddThis Share Buttons generic via filter on the_content -->","protected":false},"excerpt":{"rendered":"<div class=\"mh-excerpt\"><p>Click Here for English Nos dias 13 e 14 de abril foi realizado o maior evento cultural ind\u00edgena do Rio de Janeiro: o Dia do \u00cdndio no Parque Lage. A Associa\u00e7\u00e3o Ind\u00edgena Aldeia Maracan\u00e3 (AIAM) <a class=\"mh-excerpt-more\" href=\"https:\/\/rioonwatch.org.br\/?p=40003\" title=\"Dia do \u00cdndio no Parque Lage: A Necessidade de Resist\u00eancia e Luta\">[&#8230;]<\/a><!-- AddThis Advanced Settings generic via filter on get_the_excerpt --><!-- AddThis Share Buttons generic via filter on get_the_excerpt --><\/p>\n<\/div>","protected":false},"author":163,"featured_media":40031,"comment_status":"closed","ping_status":"closed","sticky":false,"template":"","format":"standard","meta":{"_acf_changed":false,"_monsterinsights_skip_tracking":false,"_monsterinsights_sitenote_active":false,"_monsterinsights_sitenote_note":"","_monsterinsights_sitenote_category":0,"footnotes":""},"categories":[1621,1627,344,1612,342,1639],"tags":[614,2480,898,1226,81,88,922,128,1574,466,1151,358,304,899,432,476,1308,218,383],"writer":[2626],"translator":[],"source":[],"ilustrador":[],"fotografo":[],"class_list":{"0":"post-40003","1":"post","2":"type-post","3":"status-publish","4":"format-standard","5":"has-post-thumbnail","7":"category-destaque","8":"category-relato-de-evento","9":"category-politicas","10":"category-sociedade-civil","11":"category-solucoes","12":"category-sustentabilidade","13":"tag-aldeia-maracana","14":"tag-alteridade","15":"tag-comunidades-tradicionais","16":"tag-constituicao","17":"tag-cultura","18":"tag-direitos-humanos","19":"tag-evento","20":"tag-historia","21":"tag-indigenas","22":"tag-maracana","23":"tag-organizacao","24":"tag-organizacao-comunitaria","25":"tag-participacao","26":"tag-preservacao-de-cultura","27":"tag-resistencia","28":"tag-solucao-comunitaria","29":"tag-taticas-de-organizacao","30":"tag-zona-norte","31":"tag-zona-sul","32":"writer-carolina-medina-zarate"},"acf":[],"yoast_head":"<!-- This site is optimized with the Yoast SEO plugin v25.6 - https:\/\/yoast.com\/wordpress\/plugins\/seo\/ -->\n<title>Dia do \u00cdndio no Parque Lage: A Necessidade de Resist\u00eancia e Luta - RioOnWatch<\/title>\n<meta name=\"robots\" content=\"index, follow, max-snippet:-1, max-image-preview:large, max-video-preview:-1\" \/>\n<link rel=\"canonical\" href=\"https:\/\/rioonwatch.org.br\/?p=40003\" \/>\n<meta property=\"og:locale\" content=\"pt_BR\" \/>\n<meta property=\"og:type\" content=\"article\" \/>\n<meta property=\"og:title\" content=\"Dia do \u00cdndio no Parque Lage: A Necessidade de Resist\u00eancia e Luta - RioOnWatch\" \/>\n<meta property=\"og:description\" content=\"Click Here for English Nos dias 13 e 14 de abril foi realizado o maior evento cultural ind\u00edgena do Rio de Janeiro: o Dia do \u00cdndio no Parque Lage. A Associa\u00e7\u00e3o Ind\u00edgena Aldeia Maracan\u00e3 (AIAM) [...]\" \/>\n<meta property=\"og:url\" content=\"https:\/\/rioonwatch.org.br\/?p=40003\" \/>\n<meta property=\"og:site_name\" content=\"RioOnWatch\" \/>\n<meta property=\"article:published_time\" content=\"2019-04-26T00:18:46+00:00\" \/>\n<meta property=\"article:modified_time\" content=\"2021-01-20T15:18:25+00:00\" \/>\n<meta property=\"og:image\" content=\"https:\/\/rioonwatch.org.br\/wp-content\/uploads\/2019\/04\/Discurso-DDI2-2clara.jpg\" \/>\n\t<meta property=\"og:image:width\" content=\"1500\" \/>\n\t<meta property=\"og:image:height\" content=\"1122\" \/>\n\t<meta property=\"og:image:type\" content=\"image\/jpeg\" \/>\n<meta name=\"author\" content=\"Carolina Medina\" \/>\n<meta name=\"twitter:card\" content=\"summary_large_image\" \/>\n<meta name=\"twitter:label1\" content=\"Escrito por\" \/>\n\t<meta name=\"twitter:data1\" content=\"Carolina Medina\" \/>\n\t<meta name=\"twitter:label2\" content=\"Est. tempo de leitura\" \/>\n\t<meta name=\"twitter:data2\" content=\"7 minutos\" \/>\n<script type=\"application\/ld+json\" class=\"yoast-schema-graph\">{\"@context\":\"https:\/\/schema.org\",\"@graph\":[{\"@type\":\"Article\",\"@id\":\"https:\/\/rioonwatch.org.br\/?p=40003#article\",\"isPartOf\":{\"@id\":\"https:\/\/rioonwatch.org.br\/?p=40003\"},\"author\":{\"name\":\"Carolina Medina\",\"@id\":\"https:\/\/rioonwatch.org.br\/#\/schema\/person\/3469054b77a459396e7d6cbe0d6d1ff9\"},\"headline\":\"Dia do \u00cdndio no Parque Lage: A Necessidade de Resist\u00eancia e Luta\",\"datePublished\":\"2019-04-26T00:18:46+00:00\",\"dateModified\":\"2021-01-20T15:18:25+00:00\",\"mainEntityOfPage\":{\"@id\":\"https:\/\/rioonwatch.org.br\/?p=40003\"},\"wordCount\":1321,\"publisher\":{\"@id\":\"https:\/\/rioonwatch.org.br\/#organization\"},\"image\":{\"@id\":\"https:\/\/rioonwatch.org.br\/?p=40003#primaryimage\"},\"thumbnailUrl\":\"https:\/\/rioonwatch.org.br\/wp-content\/uploads\/2019\/04\/Discurso-DDI2-2clara.jpg\",\"keywords\":[\"Aldeia Maracan\u00e3\",\"alteridade\",\"comunidades tradicionais\",\"constitui\u00e7\u00e3o\",\"cultura\",\"Direitos Humanos\",\"evento\",\"hist\u00f3ria\",\"ind\u00edgenas\",\"Maracan\u00e3\",\"mobiliza\u00e7\u00e3o\",\"organiza\u00e7\u00e3o comunit\u00e1ria\",\"participa\u00e7\u00e3o\",\"preserva\u00e7\u00e3o de cultura\",\"resist\u00eancia\",\"solu\u00e7\u00e3o comunit\u00e1ria\",\"t\u00e1ticas de organiza\u00e7\u00e3o\",\"Zona Norte\",\"Zona Sul\"],\"articleSection\":[\"*Destaque\",\"Cobertura de Eventos\",\"Pol\u00edticas\",\"Sociedade Civil\",\"Solu\u00e7\u00f5es\",\"Sustentabilidade\"],\"inLanguage\":\"pt-BR\"},{\"@type\":\"WebPage\",\"@id\":\"https:\/\/rioonwatch.org.br\/?p=40003\",\"url\":\"https:\/\/rioonwatch.org.br\/?p=40003\",\"name\":\"Dia do \u00cdndio no Parque Lage: A Necessidade de Resist\u00eancia e Luta - RioOnWatch\",\"isPartOf\":{\"@id\":\"https:\/\/rioonwatch.org.br\/#website\"},\"primaryImageOfPage\":{\"@id\":\"https:\/\/rioonwatch.org.br\/?p=40003#primaryimage\"},\"image\":{\"@id\":\"https:\/\/rioonwatch.org.br\/?p=40003#primaryimage\"},\"thumbnailUrl\":\"https:\/\/rioonwatch.org.br\/wp-content\/uploads\/2019\/04\/Discurso-DDI2-2clara.jpg\",\"datePublished\":\"2019-04-26T00:18:46+00:00\",\"dateModified\":\"2021-01-20T15:18:25+00:00\",\"breadcrumb\":{\"@id\":\"https:\/\/rioonwatch.org.br\/?p=40003#breadcrumb\"},\"inLanguage\":\"pt-BR\",\"potentialAction\":[{\"@type\":\"ReadAction\",\"target\":[\"https:\/\/rioonwatch.org.br\/?p=40003\"]}]},{\"@type\":\"ImageObject\",\"inLanguage\":\"pt-BR\",\"@id\":\"https:\/\/rioonwatch.org.br\/?p=40003#primaryimage\",\"url\":\"https:\/\/rioonwatch.org.br\/wp-content\/uploads\/2019\/04\/Discurso-DDI2-2clara.jpg\",\"contentUrl\":\"https:\/\/rioonwatch.org.br\/wp-content\/uploads\/2019\/04\/Discurso-DDI2-2clara.jpg\",\"width\":1500,\"height\":1122},{\"@type\":\"BreadcrumbList\",\"@id\":\"https:\/\/rioonwatch.org.br\/?p=40003#breadcrumb\",\"itemListElement\":[{\"@type\":\"ListItem\",\"position\":1,\"name\":\"In\u00edcio\",\"item\":\"https:\/\/rioonwatch.org.br\/\"},{\"@type\":\"ListItem\",\"position\":2,\"name\":\"Dia do \u00cdndio no Parque Lage: A Necessidade de Resist\u00eancia e Luta\"}]},{\"@type\":\"WebSite\",\"@id\":\"https:\/\/rioonwatch.org.br\/#website\",\"url\":\"https:\/\/rioonwatch.org.br\/\",\"name\":\"RioOnWatch\",\"description\":\"relatos das favelas cariocas\",\"publisher\":{\"@id\":\"https:\/\/rioonwatch.org.br\/#organization\"},\"potentialAction\":[{\"@type\":\"SearchAction\",\"target\":{\"@type\":\"EntryPoint\",\"urlTemplate\":\"https:\/\/rioonwatch.org.br\/?s={search_term_string}\"},\"query-input\":{\"@type\":\"PropertyValueSpecification\",\"valueRequired\":true,\"valueName\":\"search_term_string\"}}],\"inLanguage\":\"pt-BR\"},{\"@type\":\"Organization\",\"@id\":\"https:\/\/rioonwatch.org.br\/#organization\",\"name\":\"RioOnWatch\",\"url\":\"https:\/\/rioonwatch.org.br\/\",\"logo\":{\"@type\":\"ImageObject\",\"inLanguage\":\"pt-BR\",\"@id\":\"https:\/\/rioonwatch.org.br\/#\/schema\/logo\/image\/\",\"url\":\"https:\/\/rioonwatch.org.br\/wp-content\/uploads\/2021\/06\/RioOnWatchcabecalhoPT11anos-2.png\",\"contentUrl\":\"https:\/\/rioonwatch.org.br\/wp-content\/uploads\/2021\/06\/RioOnWatchcabecalhoPT11anos-2.png\",\"width\":779,\"height\":277,\"caption\":\"RioOnWatch\"},\"image\":{\"@id\":\"https:\/\/rioonwatch.org.br\/#\/schema\/logo\/image\/\"}},{\"@type\":\"Person\",\"@id\":\"https:\/\/rioonwatch.org.br\/#\/schema\/person\/3469054b77a459396e7d6cbe0d6d1ff9\",\"name\":\"Carolina Medina\",\"image\":{\"@type\":\"ImageObject\",\"inLanguage\":\"pt-BR\",\"@id\":\"https:\/\/rioonwatch.org.br\/#\/schema\/person\/image\/\",\"url\":\"https:\/\/secure.gravatar.com\/avatar\/3ce5f9a246d49457589a37efa3e42a52?s=96&d=blank&r=g\",\"contentUrl\":\"https:\/\/secure.gravatar.com\/avatar\/3ce5f9a246d49457589a37efa3e42a52?s=96&d=blank&r=g\",\"caption\":\"Carolina Medina\"},\"url\":\"https:\/\/rioonwatch.org.br\/?author=163\"}]}<\/script>\n<!-- \/ Yoast SEO plugin. -->","yoast_head_json":{"title":"Dia do \u00cdndio no Parque Lage: A Necessidade de Resist\u00eancia e Luta - RioOnWatch","robots":{"index":"index","follow":"follow","max-snippet":"max-snippet:-1","max-image-preview":"max-image-preview:large","max-video-preview":"max-video-preview:-1"},"canonical":"https:\/\/rioonwatch.org.br\/?p=40003","og_locale":"pt_BR","og_type":"article","og_title":"Dia do \u00cdndio no Parque Lage: A Necessidade de Resist\u00eancia e Luta - RioOnWatch","og_description":"Click Here for English Nos dias 13 e 14 de abril foi realizado o maior evento cultural ind\u00edgena do Rio de Janeiro: o Dia do \u00cdndio no Parque Lage. A Associa\u00e7\u00e3o Ind\u00edgena Aldeia Maracan\u00e3 (AIAM) [...]","og_url":"https:\/\/rioonwatch.org.br\/?p=40003","og_site_name":"RioOnWatch","article_published_time":"2019-04-26T00:18:46+00:00","article_modified_time":"2021-01-20T15:18:25+00:00","og_image":[{"width":1500,"height":1122,"url":"https:\/\/rioonwatch.org.br\/wp-content\/uploads\/2019\/04\/Discurso-DDI2-2clara.jpg","type":"image\/jpeg"}],"author":"Carolina Medina","twitter_card":"summary_large_image","twitter_misc":{"Escrito por":"Carolina Medina","Est. tempo de leitura":"7 minutos"},"schema":{"@context":"https:\/\/schema.org","@graph":[{"@type":"Article","@id":"https:\/\/rioonwatch.org.br\/?p=40003#article","isPartOf":{"@id":"https:\/\/rioonwatch.org.br\/?p=40003"},"author":{"name":"Carolina Medina","@id":"https:\/\/rioonwatch.org.br\/#\/schema\/person\/3469054b77a459396e7d6cbe0d6d1ff9"},"headline":"Dia do \u00cdndio no Parque Lage: A Necessidade de Resist\u00eancia e Luta","datePublished":"2019-04-26T00:18:46+00:00","dateModified":"2021-01-20T15:18:25+00:00","mainEntityOfPage":{"@id":"https:\/\/rioonwatch.org.br\/?p=40003"},"wordCount":1321,"publisher":{"@id":"https:\/\/rioonwatch.org.br\/#organization"},"image":{"@id":"https:\/\/rioonwatch.org.br\/?p=40003#primaryimage"},"thumbnailUrl":"https:\/\/rioonwatch.org.br\/wp-content\/uploads\/2019\/04\/Discurso-DDI2-2clara.jpg","keywords":["Aldeia Maracan\u00e3","alteridade","comunidades tradicionais","constitui\u00e7\u00e3o","cultura","Direitos Humanos","evento","hist\u00f3ria","ind\u00edgenas","Maracan\u00e3","mobiliza\u00e7\u00e3o","organiza\u00e7\u00e3o comunit\u00e1ria","participa\u00e7\u00e3o","preserva\u00e7\u00e3o de cultura","resist\u00eancia","solu\u00e7\u00e3o comunit\u00e1ria","t\u00e1ticas de organiza\u00e7\u00e3o","Zona Norte","Zona Sul"],"articleSection":["*Destaque","Cobertura de Eventos","Pol\u00edticas","Sociedade Civil","Solu\u00e7\u00f5es","Sustentabilidade"],"inLanguage":"pt-BR"},{"@type":"WebPage","@id":"https:\/\/rioonwatch.org.br\/?p=40003","url":"https:\/\/rioonwatch.org.br\/?p=40003","name":"Dia do \u00cdndio no Parque Lage: A Necessidade de Resist\u00eancia e Luta - RioOnWatch","isPartOf":{"@id":"https:\/\/rioonwatch.org.br\/#website"},"primaryImageOfPage":{"@id":"https:\/\/rioonwatch.org.br\/?p=40003#primaryimage"},"image":{"@id":"https:\/\/rioonwatch.org.br\/?p=40003#primaryimage"},"thumbnailUrl":"https:\/\/rioonwatch.org.br\/wp-content\/uploads\/2019\/04\/Discurso-DDI2-2clara.jpg","datePublished":"2019-04-26T00:18:46+00:00","dateModified":"2021-01-20T15:18:25+00:00","breadcrumb":{"@id":"https:\/\/rioonwatch.org.br\/?p=40003#breadcrumb"},"inLanguage":"pt-BR","potentialAction":[{"@type":"ReadAction","target":["https:\/\/rioonwatch.org.br\/?p=40003"]}]},{"@type":"ImageObject","inLanguage":"pt-BR","@id":"https:\/\/rioonwatch.org.br\/?p=40003#primaryimage","url":"https:\/\/rioonwatch.org.br\/wp-content\/uploads\/2019\/04\/Discurso-DDI2-2clara.jpg","contentUrl":"https:\/\/rioonwatch.org.br\/wp-content\/uploads\/2019\/04\/Discurso-DDI2-2clara.jpg","width":1500,"height":1122},{"@type":"BreadcrumbList","@id":"https:\/\/rioonwatch.org.br\/?p=40003#breadcrumb","itemListElement":[{"@type":"ListItem","position":1,"name":"In\u00edcio","item":"https:\/\/rioonwatch.org.br\/"},{"@type":"ListItem","position":2,"name":"Dia do \u00cdndio no Parque Lage: A Necessidade de Resist\u00eancia e Luta"}]},{"@type":"WebSite","@id":"https:\/\/rioonwatch.org.br\/#website","url":"https:\/\/rioonwatch.org.br\/","name":"RioOnWatch","description":"relatos das favelas cariocas","publisher":{"@id":"https:\/\/rioonwatch.org.br\/#organization"},"potentialAction":[{"@type":"SearchAction","target":{"@type":"EntryPoint","urlTemplate":"https:\/\/rioonwatch.org.br\/?s={search_term_string}"},"query-input":{"@type":"PropertyValueSpecification","valueRequired":true,"valueName":"search_term_string"}}],"inLanguage":"pt-BR"},{"@type":"Organization","@id":"https:\/\/rioonwatch.org.br\/#organization","name":"RioOnWatch","url":"https:\/\/rioonwatch.org.br\/","logo":{"@type":"ImageObject","inLanguage":"pt-BR","@id":"https:\/\/rioonwatch.org.br\/#\/schema\/logo\/image\/","url":"https:\/\/rioonwatch.org.br\/wp-content\/uploads\/2021\/06\/RioOnWatchcabecalhoPT11anos-2.png","contentUrl":"https:\/\/rioonwatch.org.br\/wp-content\/uploads\/2021\/06\/RioOnWatchcabecalhoPT11anos-2.png","width":779,"height":277,"caption":"RioOnWatch"},"image":{"@id":"https:\/\/rioonwatch.org.br\/#\/schema\/logo\/image\/"}},{"@type":"Person","@id":"https:\/\/rioonwatch.org.br\/#\/schema\/person\/3469054b77a459396e7d6cbe0d6d1ff9","name":"Carolina Medina","image":{"@type":"ImageObject","inLanguage":"pt-BR","@id":"https:\/\/rioonwatch.org.br\/#\/schema\/person\/image\/","url":"https:\/\/secure.gravatar.com\/avatar\/3ce5f9a246d49457589a37efa3e42a52?s=96&d=blank&r=g","contentUrl":"https:\/\/secure.gravatar.com\/avatar\/3ce5f9a246d49457589a37efa3e42a52?s=96&d=blank&r=g","caption":"Carolina Medina"},"url":"https:\/\/rioonwatch.org.br\/?author=163"}]}},"_links":{"self":[{"href":"https:\/\/rioonwatch.org.br\/index.php?rest_route=\/wp\/v2\/posts\/40003"}],"collection":[{"href":"https:\/\/rioonwatch.org.br\/index.php?rest_route=\/wp\/v2\/posts"}],"about":[{"href":"https:\/\/rioonwatch.org.br\/index.php?rest_route=\/wp\/v2\/types\/post"}],"author":[{"embeddable":true,"href":"https:\/\/rioonwatch.org.br\/index.php?rest_route=\/wp\/v2\/users\/163"}],"replies":[{"embeddable":true,"href":"https:\/\/rioonwatch.org.br\/index.php?rest_route=%2Fwp%2Fv2%2Fcomments&post=40003"}],"version-history":[{"count":33,"href":"https:\/\/rioonwatch.org.br\/index.php?rest_route=\/wp\/v2\/posts\/40003\/revisions"}],"predecessor-version":[{"id":40231,"href":"https:\/\/rioonwatch.org.br\/index.php?rest_route=\/wp\/v2\/posts\/40003\/revisions\/40231"}],"wp:featuredmedia":[{"embeddable":true,"href":"https:\/\/rioonwatch.org.br\/index.php?rest_route=\/wp\/v2\/media\/40031"}],"wp:attachment":[{"href":"https:\/\/rioonwatch.org.br\/index.php?rest_route=%2Fwp%2Fv2%2Fmedia&parent=40003"}],"wp:term":[{"taxonomy":"category","embeddable":true,"href":"https:\/\/rioonwatch.org.br\/index.php?rest_route=%2Fwp%2Fv2%2Fcategories&post=40003"},{"taxonomy":"post_tag","embeddable":true,"href":"https:\/\/rioonwatch.org.br\/index.php?rest_route=%2Fwp%2Fv2%2Ftags&post=40003"},{"taxonomy":"writer","embeddable":true,"href":"https:\/\/rioonwatch.org.br\/index.php?rest_route=%2Fwp%2Fv2%2Fwriter&post=40003"},{"taxonomy":"translator","embeddable":true,"href":"https:\/\/rioonwatch.org.br\/index.php?rest_route=%2Fwp%2Fv2%2Ftranslator&post=40003"},{"taxonomy":"source","embeddable":true,"href":"https:\/\/rioonwatch.org.br\/index.php?rest_route=%2Fwp%2Fv2%2Fsource&post=40003"},{"taxonomy":"ilustrador","embeddable":true,"href":"https:\/\/rioonwatch.org.br\/index.php?rest_route=%2Fwp%2Fv2%2Filustrador&post=40003"},{"taxonomy":"fotografo","embeddable":true,"href":"https:\/\/rioonwatch.org.br\/index.php?rest_route=%2Fwp%2Fv2%2Ffotografo&post=40003"}],"curies":[{"name":"wp","href":"https:\/\/api.w.org\/{rel}","templated":true}]}}