{"id":4018,"date":"2012-11-21T09:00:29","date_gmt":"2012-11-21T12:00:29","guid":{"rendered":"http:\/\/rioonwatch.org.br\/?p=4018"},"modified":"2024-06-20T16:31:25","modified_gmt":"2024-06-20T19:31:25","slug":"transcarioca-irregularidades-e-remocoes-em-obras-olimpicas","status":"publish","type":"post","link":"https:\/\/rioonwatch.org.br\/?p=4018","title":{"rendered":"Transcarioca: Irregularidades e Remo\u00e7\u00f5es em Obras Ol\u00edmpicas"},"content":{"rendered":"<p style=\"text-align: right;\"><em><strong><a href=\"http:\/\/bit.ly\/24bW00h\" target=\"_blank\" rel=\"noopener noreferrer\">Click Here for English<img decoding=\"async\" width=\"20\" height=\"20\" class=\"alignright wp-image-15790\" src=\"http:\/\/rioonwatch.org.br\/wp-content\/uploads\/2012\/08\/EN-standard-e1439583104716.jpg\" alt=\"\" \/><\/a><\/strong><\/em><\/p>\n<figure id=\"attachment_5731\" aria-describedby=\"caption-attachment-5731\" style=\"width: 300px\" class=\"wp-caption alignright\"><a href=\"http:\/\/rioonwatch.org.br\/?attachment_id=5731\" rel=\"attachment wp-att-5731\"><img fetchpriority=\"high\" decoding=\"async\" class=\"size-medium wp-image-5731\" title=\"Transcarioca BRT, in blue, will connect Rio's west zone with the international airport\" src=\"http:\/\/rioonwatch.org\/wp-content\/uploads\/2012\/10\/trans_mapa-300x225.jpg\" alt=\"Transcarioca BRT, in blue, will connect Rio's west zone with the international airport\" width=\"300\" height=\"225\" \/><\/a><figcaption id=\"caption-attachment-5731\" class=\"wp-caption-text\">A via Transcarioca, em azul, ir\u00e1 ligar a Zona Oeste ao aeroporto internacional<\/figcaption><\/figure>\n<p>Ligando a Barra da Tijuca e o Parque Ol\u00edmpico ao Aeroporto Internacional,\u00a0a auto estrada e rota de BRT (Bus Rapid Transit) Transcarioca \u00e9 o mais vis\u00edvel projeto de infraestrutura de transporte que a cidade est\u00e1 realizando em prepara\u00e7\u00e3o para a Copa do Mundo de 2014 e as Olimp\u00edadas de 2016. As <a href=\"http:\/\/bit.ly\/WiAEIX\">autoridades estimam<\/a> que os 39km da via expressa e suas 45 esta\u00e7\u00f5es de \u00f4nibus servir\u00e3o 400.000 passageiros diariamente, aliviando em 60% o tempo de viagem entre a Barra e o aeroporto. Entretanto, dentre os tr\u00eas projetos de transporte de BRT atualmente em constru\u00e7\u00e3o &#8211; os outros dois sendo a <a href=\"http:\/\/bit.ly\/RRQSZP\">TransOeste<\/a> ligando Santa Cruz \u00e0 Barra, e a <a href=\"http:\/\/bit.ly\/XypOov\">TransOl\u00edmpica<\/a> entre a Barra e Deodoro, onde tamb\u00e9m estar\u00e3o sendo realizadas atividades ol\u00edmpicas \u2013 a respons\u00e1vel pela maior parte das <a href=\"http:\/\/bit.ly\/NWiZ6e\">remo\u00e7\u00f5es<\/a> de moradias \u00e9 a pr\u00f3pria Transcarioca, com uma estimativa de 3630 fam\u00edlias deslocadas no ano passado.<\/p>\n<p>Irregularidades e remo\u00e7\u00f5es podem ser constatadas nas execu\u00e7\u00f5es das obras ao longo da Transcarioca, que passa pelas principais \u00e1reas da movimentada Zona Norte. Em 2011, a comunidade do <a href=\"http:\/\/bit.ly\/xvqeBq\">Largo do Campinho<\/a> foi removida com relatos de uma chegada repentina de equipes de demoli\u00e7\u00e3o, que, sem qualquer an\u00fancio pr\u00e9vio, intimidou e amea\u00e7ou moradores com \u201cmanobras\u201d e tentativas ileg\u00edtimas de recompensa. Atualmente, na Penha, podemos observar ilegalidades semelhantes nas novas \u00e1reas de constru\u00e7\u00e3o.<\/p>\n<p><a href=\"http:\/\/rioonwatch.org.br\/?attachment_id=5733\" rel=\"attachment wp-att-5733\"><img decoding=\"async\" class=\"alignright size-medium wp-image-5733\" title=\"Marcia where her house used to stand\" src=\"http:\/\/rioonwatch.org\/wp-content\/uploads\/2012\/10\/100_3042_opt-300x225.jpg\" alt=\"Marcia where her house used to stand\" width=\"300\" height=\"225\" \/><\/a>Quando a antiga moradora da Penha M\u00e1rcia Cristina Santos Costa, de 49 anos, foi \u00e0 apresenta\u00e7\u00e3o oficial do projeto, organizada em junho de 2010 para a comunidade local, foi-lhe dito que sua casa n\u00e3o seria removida na constru\u00e7\u00e3o da Transcarioca. M\u00e1rcia foi garantida que sua casa de fam\u00edlia, constru\u00edda pela pr\u00f3pria atr\u00e1s da propriedade da fam\u00edlia do marido h\u00e1 trinta anos, permaneceria intacta. Pediram que ela apresentasse seus documentos e resolvesse quaisquer irregularidades caso algum existisse para garantir seu direito.\u00a0Por\u00e9m, apesar da M\u00e1rcia ter respeitado esses pedidos e sua casa n\u00e3o se encontrar dentro da faixa de 12 metros necess\u00e1ria para as obras, funcion\u00e1rios chegaram a sua porta na sexta-feira, 5 de outubro, com uma ordem de despejo, dando a fam\u00edlia uma semana para desocupar o im\u00f3vel, sem oferecer qualquer acomoda\u00e7\u00e3o alternativa, aluguel social ou outro tipo de compensa\u00e7\u00e3o, dado que a propriedade se encontra em processo de julgamento por causa de uma disputa familiar. Desesperada, M\u00e1rcia arranjou locais tempor\u00e1rios para cada membro da fam\u00edlia e seus pertences, e na semana seguinte sua casa foi demolida.<\/p>\n<p>Descrevendo o processo de p\u00e9 em meio aos\u00a0escombros da sua ex-casa, M\u00e1rcia desabafou: &#8220;Um tempo m\u00ednimo \u00e9 necess\u00e1rio para que voc\u00ea possa se organizar. Eles n\u00e3o me deram esse tempo. Os representantes do governo vieram cheios de marretas, sem o m\u00ednimo de sensibilidade. Eles acham que n\u00e3o \u00e9 um problema psicol\u00f3gico, mas \u00e9. Como algu\u00e9m pode desconstruir a vida das pessoas, for\u00e7ando-as a sair de suas casas sem que elas saibam para onde ir?\u201d<\/p>\n<p><a href=\"http:\/\/rioonwatch.org.br\/?attachment_id=5735\" rel=\"attachment wp-att-5735\"><img loading=\"lazy\" decoding=\"async\" class=\"alignright size-medium wp-image-5735\" title=\"Transcarioca under construction\" src=\"http:\/\/rioonwatch.org\/wp-content\/uploads\/2012\/10\/transcarioca_abandono-300x202.jpg\" alt=\"Transcarioca under construction\" width=\"300\" height=\"202\" \/><\/a>M\u00e1rcia disse: &#8220;Fiz tudo que as autoridades pediram de mim. Procurei um arquiteto e um engenheiro que pudessem provar que a minha casa n\u00e3o precisava vir abaixo. As autoridades disseram que, s\u00f3 porque a casa do vizinho est\u00e1 sendo demolida, isso n\u00e3o significa que a sua tamb\u00e9m corre risco. O tempo todo ouvimos uma representante afirmando que \u201cA Prefeitura n\u00e3o quer colocar ningu\u00e9m na rua\u201d. Essa mesma representante disse que mesmo aqueles que tivessem que sair iriam receber uma dada quantia para poder organizar uma outra op\u00e7\u00e3o. Isso n\u00e3o aconteceu comigo.&#8221;<\/p>\n<p>Enquanto isso, seu marido e seus dois filhos est\u00e3o ficando em casas separadas de amigos e parentes, sem qualquer not\u00edcia de compensa\u00e7\u00e3o. M\u00e1rcia nos fala de como sua vida desmoronou desde a remo\u00e7\u00e3o, sem que ela consiga dormir com preocupa\u00e7\u00f5es e sem saber o que fazer. Ela permanece indignada com a forma como foi tratada devido aos avan\u00e7os das obras, se expressando com as seguintes palavras: &#8220;O que est\u00e1 acontecendo com a Transcarioca \u00e9 que as autoridades municipais podem fazer o que quiserem, dizendo ser \u201cpara o bem maior da comunidade e da sociedade&#8221;, mas \u00e9 uma mentira que eles n\u00e3o estejam colocando pessoas na rua. Eu fui posta na rua&#8221;.<\/p>\n<p><a href=\"http:\/\/rioonwatch.org.br\/?attachment_id=5734\" rel=\"attachment wp-att-5734\"><img loading=\"lazy\" decoding=\"async\" class=\"alignright\" title=\"DCFN0003.JPG\" src=\"http:\/\/rioonwatch.org\/wp-content\/uploads\/2012\/10\/transcarioca-300x225.jpg\" alt=\"\" width=\"300\" height=\"225\" \/><\/a><\/p>\n<p>A vis\u00e3o de que as autoridades est\u00e3o agindo sem regulamenta\u00e7\u00e3o ou restri\u00e7\u00e3o pode ser confirmada em relat\u00f3rios t\u00e9cnicos avaliando as obras da Transcarioca, que est\u00e3o sendo conduzidos por um cons\u00f3rcio de empresas privadas. <a href=\"http:\/\/bit.ly\/QMk6Jf\">Relat\u00f3rios do Tribunal de Contas<\/a> do ano passado mostram que os trabalhos come\u00e7am muitas vezes sem planos finalizados, ou que o Plano Diretor \u00e9 alterado durante o processo. Em junho desse ano, <a href=\"http:\/\/bit.ly\/S3ROJh\">organiza\u00e7\u00f5es da sociedade civil entraram com uma a\u00e7\u00e3o<\/a> solicitando o cancelamento da licen\u00e7a ambiental das obras e suspens\u00e3o de financiamento \u00e0 Transcarioca, alegando que a obra est\u00e1 cheia de irregularidades omitindo o real dano social e ambiental que est\u00e1 sendo causado. A a\u00e7\u00e3o prop\u00f5e altera\u00e7\u00f5es de planejamento que acabam por resultar em mais e n\u00e3o menos desapropria\u00e7\u00f5es, em rela\u00e7\u00e3o ao n\u00famero inicialmente estimado. Um especialista que acompanha o projeto da Transcarioca diz ser &#8220;uma bagun\u00e7a total. O objetivo n\u00e3o \u00e9, necessariamente, remover mais casas, mas eles tomam medidas livremente, sem justificar ou consultar a sociedade e os \u00f3rg\u00e3os respons\u00e1veis&#8221;.<\/p>\n<!-- AddThis Advanced Settings generic via filter on the_content --><!-- AddThis Share Buttons generic via filter on the_content -->","protected":false},"excerpt":{"rendered":"<div class=\"mh-excerpt\"><p>Click Here for English Ligando a Barra da Tijuca e o Parque Ol\u00edmpico ao Aeroporto Internacional,\u00a0a auto estrada e rota de BRT (Bus Rapid Transit) Transcarioca \u00e9 o mais vis\u00edvel projeto de infraestrutura de transporte <a class=\"mh-excerpt-more\" href=\"https:\/\/rioonwatch.org.br\/?p=4018\" title=\"Transcarioca: Irregularidades e Remo\u00e7\u00f5es em Obras Ol\u00edmpicas\">[&#8230;]<\/a><!-- AddThis Advanced Settings generic via filter on get_the_excerpt --><!-- AddThis Share Buttons generic via filter on get_the_excerpt --><\/p>\n<\/div>","protected":false},"author":129,"featured_media":4030,"comment_status":"closed","ping_status":"closed","sticky":false,"template":"","format":"standard","meta":{"_acf_changed":false,"_monsterinsights_skip_tracking":false,"_monsterinsights_sitenote_active":false,"_monsterinsights_sitenote_note":"","_monsterinsights_sitenote_category":0,"footnotes":""},"categories":[1614,346,344],"tags":[274,497,42,181,1240,78,498,14,499,122,132,454,764,218,184],"writer":[402],"translator":[399],"source":[],"ilustrador":[],"fotografo":[],"class_list":{"0":"post-4018","1":"post","2":"type-post","3":"status-publish","4":"format-standard","5":"has-post-thumbnail","7":"category-olhonasremocoes","8":"category-denuncias","9":"category-politicas","10":"tag-barra-da-tijuca","11":"tag-brt","12":"tag-genero","13":"tag-campinho","14":"tag-megaeventos","15":"tag-olimpiadas","16":"tag-penha","17":"tag-remocao","18":"tag-terror-psicologico","19":"tag-transcarioca","20":"tag-transoeste","21":"tag-transolimpica","22":"tag-transporte","23":"tag-zona-norte","24":"tag-zona-oeste","25":"writer-felicity-clarke","26":"translator-juliana-m-de-souza"},"acf":[],"yoast_head":"<!-- This site is optimized with the Yoast SEO plugin v25.6 - https:\/\/yoast.com\/wordpress\/plugins\/seo\/ -->\n<title>Transcarioca: Irregularidades e Remo\u00e7\u00f5es em Obras Ol\u00edmpicas - RioOnWatch<\/title>\n<meta name=\"robots\" content=\"index, follow, max-snippet:-1, max-image-preview:large, max-video-preview:-1\" \/>\n<link rel=\"canonical\" href=\"https:\/\/rioonwatch.org.br\/?p=4018\" \/>\n<meta property=\"og:locale\" content=\"pt_BR\" \/>\n<meta property=\"og:type\" content=\"article\" \/>\n<meta property=\"og:title\" content=\"Transcarioca: Irregularidades e Remo\u00e7\u00f5es em Obras Ol\u00edmpicas - RioOnWatch\" \/>\n<meta property=\"og:description\" content=\"Click Here for English Ligando a Barra da Tijuca e o Parque Ol\u00edmpico ao Aeroporto Internacional,\u00a0a auto estrada e rota de BRT (Bus Rapid Transit) Transcarioca \u00e9 o mais vis\u00edvel projeto de infraestrutura de transporte [...]\" \/>\n<meta property=\"og:url\" content=\"https:\/\/rioonwatch.org.br\/?p=4018\" \/>\n<meta property=\"og:site_name\" content=\"RioOnWatch\" \/>\n<meta property=\"article:published_time\" content=\"2012-11-21T12:00:29+00:00\" \/>\n<meta property=\"article:modified_time\" content=\"2024-06-20T19:31:25+00:00\" \/>\n<meta property=\"og:image\" content=\"https:\/\/rioonwatch.org.br\/wp-content\/uploads\/2012\/10\/transcarioca-300x225.jpg\" \/>\n\t<meta property=\"og:image:width\" content=\"300\" \/>\n\t<meta property=\"og:image:height\" content=\"225\" \/>\n\t<meta property=\"og:image:type\" content=\"image\/jpeg\" \/>\n<meta name=\"author\" content=\"Admin\" \/>\n<meta name=\"twitter:card\" content=\"summary_large_image\" \/>\n<meta name=\"twitter:label1\" content=\"Escrito por\" \/>\n\t<meta name=\"twitter:data1\" content=\"Admin\" \/>\n\t<meta name=\"twitter:label2\" content=\"Est. tempo de leitura\" \/>\n\t<meta name=\"twitter:data2\" content=\"5 minutos\" \/>\n<script type=\"application\/ld+json\" class=\"yoast-schema-graph\">{\"@context\":\"https:\/\/schema.org\",\"@graph\":[{\"@type\":\"Article\",\"@id\":\"https:\/\/rioonwatch.org.br\/?p=4018#article\",\"isPartOf\":{\"@id\":\"https:\/\/rioonwatch.org.br\/?p=4018\"},\"author\":{\"name\":\"Admin\",\"@id\":\"https:\/\/rioonwatch.org.br\/#\/schema\/person\/11d64c290506f9df50c71b850c473f68\"},\"headline\":\"Transcarioca: Irregularidades e Remo\u00e7\u00f5es em Obras Ol\u00edmpicas\",\"datePublished\":\"2012-11-21T12:00:29+00:00\",\"dateModified\":\"2024-06-20T19:31:25+00:00\",\"mainEntityOfPage\":{\"@id\":\"https:\/\/rioonwatch.org.br\/?p=4018\"},\"wordCount\":940,\"publisher\":{\"@id\":\"https:\/\/rioonwatch.org.br\/#organization\"},\"image\":{\"@id\":\"https:\/\/rioonwatch.org.br\/?p=4018#primaryimage\"},\"thumbnailUrl\":\"https:\/\/rioonwatch.org.br\/wp-content\/uploads\/2012\/10\/transcarioca-300x225.jpg\",\"keywords\":[\"Barra da Tijuca\",\"BRT\",\"g\u00eanero\",\"Largo do Campinho\",\"Megaeventos\",\"Olimp\u00edadas\",\"Penha\",\"Remo\u00e7\u00e3o\",\"terror psicol\u00f3gico\",\"TransCarioca\",\"TransOeste\",\"TransOl\u00edmpica\",\"transporte\",\"Zona Norte\",\"Zona Oeste\"],\"articleSection\":[\"#OlhoNasRemo\u00e7\u00f5es\",\"Den\u00fancias\",\"Pol\u00edticas\"],\"inLanguage\":\"pt-BR\"},{\"@type\":\"WebPage\",\"@id\":\"https:\/\/rioonwatch.org.br\/?p=4018\",\"url\":\"https:\/\/rioonwatch.org.br\/?p=4018\",\"name\":\"Transcarioca: Irregularidades e Remo\u00e7\u00f5es em Obras Ol\u00edmpicas - RioOnWatch\",\"isPartOf\":{\"@id\":\"https:\/\/rioonwatch.org.br\/#website\"},\"primaryImageOfPage\":{\"@id\":\"https:\/\/rioonwatch.org.br\/?p=4018#primaryimage\"},\"image\":{\"@id\":\"https:\/\/rioonwatch.org.br\/?p=4018#primaryimage\"},\"thumbnailUrl\":\"https:\/\/rioonwatch.org.br\/wp-content\/uploads\/2012\/10\/transcarioca-300x225.jpg\",\"datePublished\":\"2012-11-21T12:00:29+00:00\",\"dateModified\":\"2024-06-20T19:31:25+00:00\",\"breadcrumb\":{\"@id\":\"https:\/\/rioonwatch.org.br\/?p=4018#breadcrumb\"},\"inLanguage\":\"pt-BR\",\"potentialAction\":[{\"@type\":\"ReadAction\",\"target\":[\"https:\/\/rioonwatch.org.br\/?p=4018\"]}]},{\"@type\":\"ImageObject\",\"inLanguage\":\"pt-BR\",\"@id\":\"https:\/\/rioonwatch.org.br\/?p=4018#primaryimage\",\"url\":\"https:\/\/rioonwatch.org.br\/wp-content\/uploads\/2012\/10\/transcarioca-300x225.jpg\",\"contentUrl\":\"https:\/\/rioonwatch.org.br\/wp-content\/uploads\/2012\/10\/transcarioca-300x225.jpg\",\"width\":300,\"height\":225},{\"@type\":\"BreadcrumbList\",\"@id\":\"https:\/\/rioonwatch.org.br\/?p=4018#breadcrumb\",\"itemListElement\":[{\"@type\":\"ListItem\",\"position\":1,\"name\":\"In\u00edcio\",\"item\":\"https:\/\/rioonwatch.org.br\/\"},{\"@type\":\"ListItem\",\"position\":2,\"name\":\"Transcarioca: Irregularidades e Remo\u00e7\u00f5es em Obras Ol\u00edmpicas\"}]},{\"@type\":\"WebSite\",\"@id\":\"https:\/\/rioonwatch.org.br\/#website\",\"url\":\"https:\/\/rioonwatch.org.br\/\",\"name\":\"RioOnWatch\",\"description\":\"relatos das favelas cariocas\",\"publisher\":{\"@id\":\"https:\/\/rioonwatch.org.br\/#organization\"},\"potentialAction\":[{\"@type\":\"SearchAction\",\"target\":{\"@type\":\"EntryPoint\",\"urlTemplate\":\"https:\/\/rioonwatch.org.br\/?s={search_term_string}\"},\"query-input\":{\"@type\":\"PropertyValueSpecification\",\"valueRequired\":true,\"valueName\":\"search_term_string\"}}],\"inLanguage\":\"pt-BR\"},{\"@type\":\"Organization\",\"@id\":\"https:\/\/rioonwatch.org.br\/#organization\",\"name\":\"RioOnWatch\",\"url\":\"https:\/\/rioonwatch.org.br\/\",\"logo\":{\"@type\":\"ImageObject\",\"inLanguage\":\"pt-BR\",\"@id\":\"https:\/\/rioonwatch.org.br\/#\/schema\/logo\/image\/\",\"url\":\"https:\/\/rioonwatch.org.br\/wp-content\/uploads\/2021\/06\/RioOnWatchcabecalhoPT11anos-2.png\",\"contentUrl\":\"https:\/\/rioonwatch.org.br\/wp-content\/uploads\/2021\/06\/RioOnWatchcabecalhoPT11anos-2.png\",\"width\":779,\"height\":277,\"caption\":\"RioOnWatch\"},\"image\":{\"@id\":\"https:\/\/rioonwatch.org.br\/#\/schema\/logo\/image\/\"}},{\"@type\":\"Person\",\"@id\":\"https:\/\/rioonwatch.org.br\/#\/schema\/person\/11d64c290506f9df50c71b850c473f68\",\"name\":\"Admin\",\"image\":{\"@type\":\"ImageObject\",\"inLanguage\":\"pt-BR\",\"@id\":\"https:\/\/rioonwatch.org.br\/#\/schema\/person\/image\/\",\"url\":\"https:\/\/secure.gravatar.com\/avatar\/56211ac74568383903349a1485e3c325?s=96&d=blank&r=g\",\"contentUrl\":\"https:\/\/secure.gravatar.com\/avatar\/56211ac74568383903349a1485e3c325?s=96&d=blank&r=g\",\"caption\":\"Admin\"},\"url\":\"https:\/\/rioonwatch.org.br\/?author=129\"}]}<\/script>\n<!-- \/ Yoast SEO plugin. -->","yoast_head_json":{"title":"Transcarioca: Irregularidades e Remo\u00e7\u00f5es em Obras Ol\u00edmpicas - RioOnWatch","robots":{"index":"index","follow":"follow","max-snippet":"max-snippet:-1","max-image-preview":"max-image-preview:large","max-video-preview":"max-video-preview:-1"},"canonical":"https:\/\/rioonwatch.org.br\/?p=4018","og_locale":"pt_BR","og_type":"article","og_title":"Transcarioca: Irregularidades e Remo\u00e7\u00f5es em Obras Ol\u00edmpicas - RioOnWatch","og_description":"Click Here for English Ligando a Barra da Tijuca e o Parque Ol\u00edmpico ao Aeroporto Internacional,\u00a0a auto estrada e rota de BRT (Bus Rapid Transit) Transcarioca \u00e9 o mais vis\u00edvel projeto de infraestrutura de transporte [...]","og_url":"https:\/\/rioonwatch.org.br\/?p=4018","og_site_name":"RioOnWatch","article_published_time":"2012-11-21T12:00:29+00:00","article_modified_time":"2024-06-20T19:31:25+00:00","og_image":[{"width":300,"height":225,"url":"https:\/\/rioonwatch.org.br\/wp-content\/uploads\/2012\/10\/transcarioca-300x225.jpg","type":"image\/jpeg"}],"author":"Admin","twitter_card":"summary_large_image","twitter_misc":{"Escrito por":"Admin","Est. tempo de leitura":"5 minutos"},"schema":{"@context":"https:\/\/schema.org","@graph":[{"@type":"Article","@id":"https:\/\/rioonwatch.org.br\/?p=4018#article","isPartOf":{"@id":"https:\/\/rioonwatch.org.br\/?p=4018"},"author":{"name":"Admin","@id":"https:\/\/rioonwatch.org.br\/#\/schema\/person\/11d64c290506f9df50c71b850c473f68"},"headline":"Transcarioca: Irregularidades e Remo\u00e7\u00f5es em Obras Ol\u00edmpicas","datePublished":"2012-11-21T12:00:29+00:00","dateModified":"2024-06-20T19:31:25+00:00","mainEntityOfPage":{"@id":"https:\/\/rioonwatch.org.br\/?p=4018"},"wordCount":940,"publisher":{"@id":"https:\/\/rioonwatch.org.br\/#organization"},"image":{"@id":"https:\/\/rioonwatch.org.br\/?p=4018#primaryimage"},"thumbnailUrl":"https:\/\/rioonwatch.org.br\/wp-content\/uploads\/2012\/10\/transcarioca-300x225.jpg","keywords":["Barra da Tijuca","BRT","g\u00eanero","Largo do Campinho","Megaeventos","Olimp\u00edadas","Penha","Remo\u00e7\u00e3o","terror psicol\u00f3gico","TransCarioca","TransOeste","TransOl\u00edmpica","transporte","Zona Norte","Zona Oeste"],"articleSection":["#OlhoNasRemo\u00e7\u00f5es","Den\u00fancias","Pol\u00edticas"],"inLanguage":"pt-BR"},{"@type":"WebPage","@id":"https:\/\/rioonwatch.org.br\/?p=4018","url":"https:\/\/rioonwatch.org.br\/?p=4018","name":"Transcarioca: Irregularidades e Remo\u00e7\u00f5es em Obras Ol\u00edmpicas - RioOnWatch","isPartOf":{"@id":"https:\/\/rioonwatch.org.br\/#website"},"primaryImageOfPage":{"@id":"https:\/\/rioonwatch.org.br\/?p=4018#primaryimage"},"image":{"@id":"https:\/\/rioonwatch.org.br\/?p=4018#primaryimage"},"thumbnailUrl":"https:\/\/rioonwatch.org.br\/wp-content\/uploads\/2012\/10\/transcarioca-300x225.jpg","datePublished":"2012-11-21T12:00:29+00:00","dateModified":"2024-06-20T19:31:25+00:00","breadcrumb":{"@id":"https:\/\/rioonwatch.org.br\/?p=4018#breadcrumb"},"inLanguage":"pt-BR","potentialAction":[{"@type":"ReadAction","target":["https:\/\/rioonwatch.org.br\/?p=4018"]}]},{"@type":"ImageObject","inLanguage":"pt-BR","@id":"https:\/\/rioonwatch.org.br\/?p=4018#primaryimage","url":"https:\/\/rioonwatch.org.br\/wp-content\/uploads\/2012\/10\/transcarioca-300x225.jpg","contentUrl":"https:\/\/rioonwatch.org.br\/wp-content\/uploads\/2012\/10\/transcarioca-300x225.jpg","width":300,"height":225},{"@type":"BreadcrumbList","@id":"https:\/\/rioonwatch.org.br\/?p=4018#breadcrumb","itemListElement":[{"@type":"ListItem","position":1,"name":"In\u00edcio","item":"https:\/\/rioonwatch.org.br\/"},{"@type":"ListItem","position":2,"name":"Transcarioca: Irregularidades e Remo\u00e7\u00f5es em Obras Ol\u00edmpicas"}]},{"@type":"WebSite","@id":"https:\/\/rioonwatch.org.br\/#website","url":"https:\/\/rioonwatch.org.br\/","name":"RioOnWatch","description":"relatos das favelas cariocas","publisher":{"@id":"https:\/\/rioonwatch.org.br\/#organization"},"potentialAction":[{"@type":"SearchAction","target":{"@type":"EntryPoint","urlTemplate":"https:\/\/rioonwatch.org.br\/?s={search_term_string}"},"query-input":{"@type":"PropertyValueSpecification","valueRequired":true,"valueName":"search_term_string"}}],"inLanguage":"pt-BR"},{"@type":"Organization","@id":"https:\/\/rioonwatch.org.br\/#organization","name":"RioOnWatch","url":"https:\/\/rioonwatch.org.br\/","logo":{"@type":"ImageObject","inLanguage":"pt-BR","@id":"https:\/\/rioonwatch.org.br\/#\/schema\/logo\/image\/","url":"https:\/\/rioonwatch.org.br\/wp-content\/uploads\/2021\/06\/RioOnWatchcabecalhoPT11anos-2.png","contentUrl":"https:\/\/rioonwatch.org.br\/wp-content\/uploads\/2021\/06\/RioOnWatchcabecalhoPT11anos-2.png","width":779,"height":277,"caption":"RioOnWatch"},"image":{"@id":"https:\/\/rioonwatch.org.br\/#\/schema\/logo\/image\/"}},{"@type":"Person","@id":"https:\/\/rioonwatch.org.br\/#\/schema\/person\/11d64c290506f9df50c71b850c473f68","name":"Admin","image":{"@type":"ImageObject","inLanguage":"pt-BR","@id":"https:\/\/rioonwatch.org.br\/#\/schema\/person\/image\/","url":"https:\/\/secure.gravatar.com\/avatar\/56211ac74568383903349a1485e3c325?s=96&d=blank&r=g","contentUrl":"https:\/\/secure.gravatar.com\/avatar\/56211ac74568383903349a1485e3c325?s=96&d=blank&r=g","caption":"Admin"},"url":"https:\/\/rioonwatch.org.br\/?author=129"}]}},"_links":{"self":[{"href":"https:\/\/rioonwatch.org.br\/index.php?rest_route=\/wp\/v2\/posts\/4018"}],"collection":[{"href":"https:\/\/rioonwatch.org.br\/index.php?rest_route=\/wp\/v2\/posts"}],"about":[{"href":"https:\/\/rioonwatch.org.br\/index.php?rest_route=\/wp\/v2\/types\/post"}],"author":[{"embeddable":true,"href":"https:\/\/rioonwatch.org.br\/index.php?rest_route=\/wp\/v2\/users\/129"}],"replies":[{"embeddable":true,"href":"https:\/\/rioonwatch.org.br\/index.php?rest_route=%2Fwp%2Fv2%2Fcomments&post=4018"}],"version-history":[{"count":34,"href":"https:\/\/rioonwatch.org.br\/index.php?rest_route=\/wp\/v2\/posts\/4018\/revisions"}],"predecessor-version":[{"id":43993,"href":"https:\/\/rioonwatch.org.br\/index.php?rest_route=\/wp\/v2\/posts\/4018\/revisions\/43993"}],"wp:featuredmedia":[{"embeddable":true,"href":"https:\/\/rioonwatch.org.br\/index.php?rest_route=\/wp\/v2\/media\/4030"}],"wp:attachment":[{"href":"https:\/\/rioonwatch.org.br\/index.php?rest_route=%2Fwp%2Fv2%2Fmedia&parent=4018"}],"wp:term":[{"taxonomy":"category","embeddable":true,"href":"https:\/\/rioonwatch.org.br\/index.php?rest_route=%2Fwp%2Fv2%2Fcategories&post=4018"},{"taxonomy":"post_tag","embeddable":true,"href":"https:\/\/rioonwatch.org.br\/index.php?rest_route=%2Fwp%2Fv2%2Ftags&post=4018"},{"taxonomy":"writer","embeddable":true,"href":"https:\/\/rioonwatch.org.br\/index.php?rest_route=%2Fwp%2Fv2%2Fwriter&post=4018"},{"taxonomy":"translator","embeddable":true,"href":"https:\/\/rioonwatch.org.br\/index.php?rest_route=%2Fwp%2Fv2%2Ftranslator&post=4018"},{"taxonomy":"source","embeddable":true,"href":"https:\/\/rioonwatch.org.br\/index.php?rest_route=%2Fwp%2Fv2%2Fsource&post=4018"},{"taxonomy":"ilustrador","embeddable":true,"href":"https:\/\/rioonwatch.org.br\/index.php?rest_route=%2Fwp%2Fv2%2Filustrador&post=4018"},{"taxonomy":"fotografo","embeddable":true,"href":"https:\/\/rioonwatch.org.br\/index.php?rest_route=%2Fwp%2Fv2%2Ffotografo&post=4018"}],"curies":[{"name":"wp","href":"https:\/\/api.w.org\/{rel}","templated":true}]}}