{"id":40315,"date":"2019-05-14T09:39:33","date_gmt":"2019-05-14T12:39:33","guid":{"rendered":"http:\/\/rioonwatch.org.br\/?p=40315"},"modified":"2019-06-02T22:59:47","modified_gmt":"2019-06-03T01:59:47","slug":"5o-sarau-politico-cultural-politilaje-no-vidigal-debate-a-reforma-da-previdencia","status":"publish","type":"post","link":"https:\/\/rioonwatch.org.br\/?p=40315","title":{"rendered":"5\u00ba Sarau Pol\u00edtico Cultural Politilaje, no Vidigal, Debate a Reforma da Previd\u00eancia"},"content":{"rendered":"<p style=\"text-align: right;\"><em><strong><a href=\"http:\/\/bit.ly\/2VO82wN\" target=\"_blank\" rel=\"noopener noreferrer\">Click Here for English<\/a><a href=\"http:\/\/bit.ly\/2VO82wN\" target=\"_blank\" rel=\"noopener noreferrer\"><img decoding=\"async\" width=\"20\" height=\"20\" class=\"alignright wp-image-15790\" src=\"http:\/\/rioonwatch.org.br\/wp-content\/uploads\/2012\/08\/EN-standard-e1439583104716.jpg\" \/><\/a><\/strong><\/em><\/p>\n<p><span style=\"font-weight: 400;\">No dia 4 de maio foi realizado no <a href=\"http:\/\/bit.ly\/XuDNKV\" target=\"_blank\" rel=\"noopener noreferrer\">Vidigal<\/a>, na <a href=\"http:\/\/bit.ly\/1mNsDyk\" target=\"_blank\" rel=\"noopener noreferrer\">Zona Sul<\/a>, o<a href=\"http:\/\/bit.ly\/2JFdYpt\" target=\"_blank\" rel=\"noopener noreferrer\"> 5\u00ba Sarau Pol\u00edtico Cultural Politilaje<\/a>. Dessa vez, o tema foi &#8216;Favela diz N\u00e3o a reforma da Previd\u00eancia&#8217;. <\/span><\/p>\n<p><span style=\"font-weight: 400;\">O debate da Reforma da Previd\u00eancia n\u00e3o \u00e9 novo: ele come\u00e7ou com as tentativas de mudan\u00e7a impulsionadas pelo ex-presidente <a href=\"http:\/\/bit.ly\/2SiPKmU\" target=\"_blank\" rel=\"noopener noreferrer\">Michel Temer<\/a> e foi relan\u00e7ado no in\u00edcio deste ano com a nova proposta encaminhada pelo governo do <a href=\"http:\/\/bit.ly\/2q9148e\" target=\"_blank\" rel=\"noopener noreferrer\">Presidente Jair Bolsonaro<\/a>. A <a href=\"https:\/\/glo.bo\/2Q1ShB8\" target=\"_blank\" rel=\"noopener noreferrer\">reforma da Previd\u00eancia<\/a> \u00e9 um dos temas com mais cobertura midi\u00e1tica e <a href=\"http:\/\/bit.ly\/2LFpILm\" target=\"_blank\" rel=\"noopener noreferrer\">controv\u00e9rsias<\/a> atualmente no Brasil. Como qualquer mudan\u00e7a no sistema da seguridade social afeta substancialmente a maioria das pessoas, os organizadores do <a href=\"http:\/\/bit.ly\/2JFeBzl\" target=\"_blank\" rel=\"noopener noreferrer\">Politilaje<\/a> consideraram oportuno debater publicamente este tema que diz respeito a todos.<\/span><\/p>\n<h3><b>Politlaje: Espa\u00e7o de Di\u00e1logos da Favela, Com a Favela e Para a Favela<\/b><\/h3>\n<p><span style=\"font-weight: 400;\">O coletivo Politilaje nasceu no Vidigal como uma alternativa \u00e0 pol\u00edtica que \u201cpromete mas n\u00e3o cumpre\u201d, como diz um dos membros fundadores, <\/span><span style=\"font-weight: 400;\">William de Paula, mais conhecido como Ninho<\/span><span style=\"font-weight: 400;\">. \u00c9 o resultado<\/span><span style=\"font-weight: 400;\"> do cansa\u00e7o de \u201cuma pol\u00edtica totalmente cartesiana com palavras dif\u00edceis\u201d. Nesse sentido, Politilaje traz um formato de di\u00e1logo interativo com o intuito de fomentar a discuss\u00e3o pol\u00edtica nas comunidades, instigar o engajamento pol\u00edtico por parte dos moradores e dar protagonismo aos jovens e as mulheres que com frequ\u00eancia ficam afastados e mesmo exclu\u00eddos nesses debates. Seus saraus s\u00e3o encontros pol\u00edtico-<\/span><span style=\"font-weight: 400;\">art\u00edsticos onde se fala de temas da atualidade como a gentrifica\u00e7\u00e3o e pol\u00edticas p\u00fablicas que podem prejudicar as comunidades. Esses encontros se destacam pela forte presen\u00e7a de componentes art\u00edsticos, liter\u00e1rios e musicais. <\/span><\/p>\n<p><span style=\"font-weight: 400;\">A inten\u00e7\u00e3o do 5\u00ba sarau era dialogar sobre a reforma da previd\u00eancia de forma protagonizada pela favela. Entre os palestrantes se encontravam personalidades da m\u00fasica MPB, declamadores de poesia, MCs, jornalistas, moradores e figuras pol\u00edticas vindos do <\/span><span style=\"font-weight: 400;\"><a href=\"http:\/\/bit.ly\/2Hsa6FQ\" target=\"_blank\" rel=\"noopener noreferrer\">Santa Marta<\/a>, <a href=\"http:\/\/bit.ly\/2OECuql\" target=\"_blank\" rel=\"noopener noreferrer\">Jacarezinho<\/a>, <a href=\"http:\/\/bit.ly\/2JkK62y\" target=\"_blank\" rel=\"noopener noreferrer\">Babil\u00f4nia<\/a>, <a href=\"http:\/\/bit.ly\/2vXKj2m\" target=\"_blank\" rel=\"noopener noreferrer\">Vidigal<\/a> e\u00a0<a href=\"http:\/\/bit.ly\/16w2zz1\" target=\"_blank\" rel=\"noopener noreferrer\">Rocinha<\/a>. <\/span><span style=\"font-weight: 400;\">Cada um trazia seus conhecimentos e experi\u00eancias, gerando discuss\u00f5es sobre a reforma. Ninho afirmou que <\/span><span style=\"font-weight: 400;\">\u201ca gente quer entender os motivos [da reforma da Previd\u00eancia], e os motivos at\u00e9 agora apresentados n\u00e3o convencem nenhum dos nossos moradores\u201d. Andr\u00e9 Constantine, ex-presidente <a href=\"http:\/\/bit.ly\/1NbnQ2C\" target=\"_blank\" rel=\"noopener noreferrer\">da Associa\u00e7\u00e3o de Moradores<\/a> e militante da Babil\u00f4nia e do movimento <a href=\"http:\/\/bit.ly\/1aRGdL0\" target=\"_blank\" rel=\"noopener noreferrer\">Favela N\u00e3o se Cala<\/a>, disse que \u201ca reforma n\u00e3o pode acontecer sem um amplo debate com a sociedade. Isso que a comunidade do Vidigal teve a iniciativa de fazer deveria ser uma pr\u00e9-condi\u00e7\u00e3o para o governo se arriscar a <\/span><span style=\"font-weight: 400;\">propor uma reforma da Previd\u00eancia no Congresso\u201d.<\/span><\/p>\n<p><a href=\"http:\/\/rioonwatch.org.br\/wp-content\/uploads\/2019\/05\/Fundadores-e-fundadoras-de-PolitiLaje.-2.jpg\"><img fetchpriority=\"high\" decoding=\"async\" class=\"aligncenter wp-image-40377 size-content\" title=\"Fundadores e fundadoras de PolitiLaje. Foto: Carolina Medina \" src=\"http:\/\/rioonwatch.org.br\/wp-content\/uploads\/2019\/05\/Fundadores-e-fundadoras-de-PolitiLaje.-2-620x264.jpg\" alt=\"\" width=\"620\" height=\"264\" srcset=\"https:\/\/rioonwatch.org.br\/wp-content\/uploads\/2019\/05\/Fundadores-e-fundadoras-de-PolitiLaje.-2-620x264.jpg 620w, https:\/\/rioonwatch.org.br\/wp-content\/uploads\/2019\/05\/Fundadores-e-fundadoras-de-PolitiLaje.-2-940x400.jpg 940w\" sizes=\"(max-width: 620px) 100vw, 620px\" \/><\/a><\/p>\n<h3><b>Quem \u00e9 Afetado pela Reforma da Previd\u00eancia? <\/b><\/h3>\n<p><span style=\"font-weight: 400;\">A Previd\u00eancia Social \u00e9 um seguro social do sistema p\u00fablico que protege os trabalhadores, com o objetivo de garantir o sustento do trabalhador para ele se aposentar ou quando tiver alguma incapacidade. Como disse Andr\u00e9: \u201c<\/span><span style=\"font-weight: 400;\">\u00e9 o maior programa de prote\u00e7\u00e3o social que existe na sociedade brasileira, e \u00e9 para garantir um direito que proteja a vida e dignidade das pessoas\u201d.<\/span> <a href=\"http:\/\/bit.ly\/2HgYKEq\" target=\"_blank\" rel=\"noopener noreferrer\"><span style=\"font-weight: 400;\">O artigo 195<\/span><\/a><span style=\"font-weight: 400;\"> da Constitui\u00e7\u00e3o Federal prev\u00ea que \u201ca<\/span><span style=\"font-weight: 400;\"> seguridade social ser\u00e1 financiada por toda a sociedade, de forma direta e indireta\u201d. <\/span><span style=\"font-weight: 400;\">Ela funciona sob a l\u00f3gica de \u201csolidariedade\u201d, isso quer dizer que quem trabalha hoje contribui para assegurar a subsist\u00eancia dos que j\u00e1 contribu\u00edram.<\/span><span style=\"font-weight: 400;\"> Como Sebasti\u00e3o Aleluia, <\/span><span style=\"font-weight: 400;\">ex-presidente da Associa\u00e7\u00e3o de Moradores do Vidigal, afirmou, a <\/span><span style=\"font-weight: 400;\">\u201cPrevid\u00eancia sugere \u2018prever\u2019, contribuir agora para ter um respaldo para quando eu deixar de trabalhar\u201d.\u00a0<\/span><\/p>\n<p><span style=\"font-weight: 400;\">A <a href=\"https:\/\/bbc.in\/30c3y6C\" target=\"_blank\" rel=\"noopener noreferrer\">Proposta de Emenda \u00e0 Constitui\u00e7\u00e3o<\/a> (PEC) prev\u00ea v\u00e1rias transforma\u00e7\u00f5es, uma delas \u00e9 o estabelecimento<\/span><span style=\"font-weight: 400;\"> de uma idade m\u00ednima para aposentadoria, sendo 62 anos para mulheres e 65 anos para homens, com 20 anos de contribui\u00e7\u00e3o. Hoje, a aposentadoria por idade exige 60 e 65 anos, com 15 anos de contribui\u00e7\u00e3o previdenci\u00e1ria. O problema, segundo deputado estadual pelo <a href=\"http:\/\/bit.ly\/2LPq1yE\" target=\"_blank\" rel=\"noopener noreferrer\">PSOL<\/a>, <a href=\"http:\/\/bit.ly\/2VmsioW\" target=\"_blank\" rel=\"noopener noreferrer\">Flavio Serafini<\/a>, que esteve no debate, \u00e9 que \u201ctem lugares no Brasil, inclusive aqui no Rio de Janeiro, onde a expectativa de vida n\u00e3o chega aos 65 anos. Isso significa que os lugares onde a popula\u00e7\u00e3o \u00e9 mais pobre, e que [as pessoas] t\u00eam que se submeter a um trabalho mais duro, que n\u00e3o t\u00eam saneamento, que n\u00e3o t\u00eam alimenta\u00e7\u00e3o ideal, essas pessoas n\u00e3o v\u00e3o conseguir mais se aposentar\u201d. <a href=\"http:\/\/bit.ly\/2VgzmU5\" target=\"_blank\" rel=\"noopener noreferrer\">Dados do IBGE<\/a> <\/span><span style=\"font-weight: 400;\">mostram que a expectativa de vida dos moradores de grandes favelas cariocas s\u00e3o mais baixas: no Complexo do Alem\u00e3o, em 2000, uma crian\u00e7a ao nascer tinha expectativa de viver por 64 anos. Na Mar\u00e9 e no Jacarezinho, essa expectativa chegava a 66. Al\u00e9m disso, <a href=\"https:\/\/bbc.in\/2VTxbdG\" target=\"_blank\" rel=\"noopener noreferrer\">dados do governo<\/a> mostram que a popula\u00e7\u00e3o mais pobre se aposenta, em geral, pela regra de idade m\u00ednima, porque muitas vezes eles t\u00eam dificuldade para manter o emprego com carteira assinada por longos per\u00edodos<\/span><span style=\"font-weight: 400;\">. A informalidade tamb\u00e9m joga um papel importante nesse processo. Prolongar essa idade atinge por conseguinte um grande p\u00fablico.<\/span><\/p>\n<p><a href=\"http:\/\/rioonwatch.org.br\/wp-content\/uploads\/2019\/05\/Politilaje.jpeg\" target=\"_blank\" rel=\"noopener noreferrer\"><img decoding=\"async\" class=\"aligncenter wp-image-40410 size-content\" title=\"Foto: Facebook do Politilaje\" src=\"http:\/\/rioonwatch.org.br\/wp-content\/uploads\/2019\/05\/Politilaje-620x264.jpeg\" alt=\"\" width=\"620\" height=\"264\" srcset=\"https:\/\/rioonwatch.org.br\/wp-content\/uploads\/2019\/05\/Politilaje-620x264.jpeg 620w, https:\/\/rioonwatch.org.br\/wp-content\/uploads\/2019\/05\/Politilaje-940x400.jpeg 940w\" sizes=\"(max-width: 620px) 100vw, 620px\" \/><\/a><\/p>\n<p><span style=\"font-weight: 400;\">O depoimento pessoal de Sebasti\u00e3o Aleluia, com atualmente 58 anos, tamb\u00e9m ilustra bem essa problem\u00e1tica dos tempos de contribui\u00e7\u00e3o e idade: ele come\u00e7ou a trabalhar como boleiro na quadra de t\u00eanis quando tinha 10 anos. Depois disso, trabalhou de padeiro, entregando o jornal <em>Globo<\/em> e numa empresa de saneamento. \u201cJuntando todo esse tempo de trabalho, tirando a fase de trabalho infantil, eu vou fazer 36 anos de contribui\u00e7\u00e3o religiosamente na Previd\u00eancia. Agora, eu estou preocupado, pois por conta dessa reforma muitos processos est\u00e3o sendo postergados\u201d, disse ele.<\/span><span style=\"font-weight: 400;\"> O poeta do Vidigal, Jo\u00e3o Vitor Nascimento observou que <\/span><span style=\"font-weight: 400;\">\u201ca reforma da Previd\u00eancia \u00e9 uma viol\u00eancia&#8230; \u00c9 quando os justiceiros atacam a luz do dia segurando uma caneta, e as v\u00edtimas muitas vezes nem percebem que a tinta azul mata mais que a p\u00f3lvora da escopeta\u201d. <\/span><\/p>\n<p><span style=\"font-weight: 400;\">Ninho afirmou que \u201c<\/span><span style=\"font-weight: 400;\">os maiores prejudicados [pela reforma] ser\u00e3o os mais idosos\u201d, pois o<\/span><span style=\"font-weight: 400;\"> benef\u00edcio assistencial ao idoso e \u00e0 pessoa com defici\u00eancia, o <a href=\"http:\/\/bit.ly\/2WFwAJP\" target=\"_blank\" rel=\"noopener noreferrer\">Benef\u00edcio de Presta\u00e7\u00e3o Continuada (BPC)<\/a>, \u00e9 o que <\/span><span style=\"font-weight: 400;\">garante um sal\u00e1rio m\u00ednimo mensal \u00e0 pessoa com defici\u00eancia e ao idoso com 65 anos ou mais. Ap\u00f3s a reforma, a pessoa idosa em situa\u00e7\u00e3o de mis\u00e9ria <a href=\"http:\/\/bit.ly\/2WEPeBf\" target=\"_blank\" rel=\"noopener noreferrer\">ter\u00e1 direito a apenas<\/a> <\/span><span style=\"font-weight: 400;\">R$400, e somente quando essa pessoa completar 70 anos ter\u00e1 direito ao sal\u00e1rio m\u00ednimo. Em um pa\u00eds como o Brasil, em que os sal\u00e1rios m\u00e9dios s\u00e3o baixos e as aposentadorias chegam a ser a \u00fanica fonte de renda mensal de fam\u00edlias inteiras, o desmantelamento do BPC \u00e9 problem\u00e1tico.<\/span><\/p>\n<p><span style=\"font-weight: 400;\">Outro ponto destacado no debate foi que as mulheres ser\u00e3o bastante afetadas com as mudan\u00e7as que o governo pretende fazer, j\u00e1 que a idade m\u00ednima para aposentar ir\u00e1 subir sem levar em conta que elas realizam duplas e at\u00e9 triplas jornadas. Como Sebasti\u00e3o<\/span><span style=\"font-weight: 400;\"> afirmou, \u201co dia a dia de todos ser\u00e1 afetado\u201d, por isso \u00e9 importante falar dessa proposta pois \u201cmuitas pessoas nem sabem exatamente o que tem dentro desse projeto da reforma da previd\u00eancia, e que foi colocado em sigilo\u201d<\/span><span style=\"font-weight: 400;\">. <\/span><\/p>\n<p><span style=\"font-weight: 400;\">Por outro lado, a possibilidade de instalar um <a href=\"http:\/\/bit.ly\/2vZpNi4\" target=\"_blank\" rel=\"noopener noreferrer\">regime de capitaliza\u00e7\u00e3o da Previd\u00eancia<\/a> <\/span><span style=\"font-weight: 400;\">tamb\u00e9m foi discutida no debate. <\/span><span style=\"font-weight: 400;\">Nesse regime, cada trabalhador faz uma poupan\u00e7a individual para financiar sua pr\u00f3pria aposentadoria no futuro. Serafini explicou que \u201ca Previd\u00eancia deixa de ser um direito e passa a ser contratada individualmente\u201d e \u201cquem toma conta? Os bancos e agentes financeiros\u201d. Waldeck Carneiro, <\/span><span style=\"font-weight: 400;\">deputado estadual pelo <a href=\"http:\/\/bit.ly\/2cCqyHM\" target=\"_blank\" rel=\"noopener noreferrer\">PT<\/a><\/span><span style=\"font-weight: 400;\"> falou que esse sistema mina a solidariedade, desresponsabiliza ao empregador e deixa \u00e0s entidades privadas regular os recursos das pessoas sem seguran\u00e7a alguma.<\/span><span style=\"font-weight: 400;\"> Sebasti\u00e3o agregou que \u201co que interessa ao empres\u00e1rio certamente n\u00e3o interessa ao trabalhador\u2014s\u00e3o interesses conflitantes\u201d. Andr\u00e9 <\/span><span style=\"font-weight: 400;\">preocupa-se com a instala\u00e7\u00e3o de um sistema previdenci\u00e1rio <\/span><span style=\"font-weight: 400;\">\u201cinspirado no modelo chileno durante a ditadura do Pinochet, de financeiriza\u00e7\u00e3o e mercantiliza\u00e7\u00e3o\u201d <a href=\"http:\/\/bit.ly\/2YiH0zg\">atualmente em crise<\/a><\/span><span style=\"font-weight: 400;\">.<\/span><\/p>\n<p><a href=\"http:\/\/rioonwatch.org.br\/wp-content\/uploads\/2019\/05\/Andr\u00e9-Constantine-e-Waldeck-Carneiro..jpg\"><img loading=\"lazy\" decoding=\"async\" class=\"aligncenter wp-image-40379 size-content\" title=\"Andr\u00e9 Constantine e Waldeck Carneiro. Foto: Carolina Medina \" src=\"http:\/\/rioonwatch.org.br\/wp-content\/uploads\/2019\/05\/Andr\u00e9-Constantine-e-Waldeck-Carneiro.-620x264.jpg\" alt=\"\" width=\"620\" height=\"264\" srcset=\"https:\/\/rioonwatch.org.br\/wp-content\/uploads\/2019\/05\/Andr\u00e9-Constantine-e-Waldeck-Carneiro.-620x264.jpg 620w, https:\/\/rioonwatch.org.br\/wp-content\/uploads\/2019\/05\/Andr\u00e9-Constantine-e-Waldeck-Carneiro.-940x400.jpg 940w\" sizes=\"(max-width: 620px) 100vw, 620px\" \/><\/a><\/p>\n<h3><b>Import\u00e2ncia da M\u00eddia: Desmentindo Mitos <\/b><\/h3>\n<p><span style=\"font-weight: 400;\">Desde que a proposta foi feita, Bolsonaro e os membros de seu governo, como o Ministro da Economia Paulo Guedes e v\u00e1rios deputados, fazem uma defesa enf\u00e1tica dela. O <a href=\"https:\/\/glo.bo\/30aQsXe\" target=\"_blank\" rel=\"noopener noreferrer\">discurso<\/a><\/span><span style=\"font-weight: 400;\"> at\u00e9 vem acompanhado de amea\u00e7as: \u201coutra alternativa se o Brasil continuar tendo d\u00e9ficit ano a ano \u00e9 imprimir moeda, n\u00e3o \u00e9 Paulo Guedes? Eu acho que se imprimir moeda, voc\u00eas sabem o que vem atr\u00e1s, vem infla\u00e7\u00e3o. Outra \u00e9 conseguir empr\u00e9stimo a\u00ed fora. Ser\u00e1 que querem emprestar para n\u00f3s? Com que taxa de juros? N\u00f3s n\u00e3o temos outra alternativa, a reforma da Previd\u00eancia \u00e9 o primeiro grande passo para n\u00f3s conseguirmos aqui a nossa liberdade econ\u00f4mica\u201d, afirmou Bolsonaro. Em rela\u00e7\u00e3o a essas amea\u00e7as, Sebasti\u00e3o<\/span><span style=\"font-weight: 400;\"> observou que \u201co argumento dos empres\u00e1rios e das grandes m\u00eddias de que \u2018se a reforma da Previd\u00eancia n\u00e3o for feita o mundo vai acabar\u2019 j\u00e1 d\u00e1 para nos deixar com uma certa desconfian\u00e7a\u201d. <\/span><\/p>\n<p><span style=\"font-weight: 400;\">Se alardeia que a Previd\u00eancia p\u00fablica brasileira est\u00e1 deficit\u00e1ria desde 1997 e ela responde por 59% dos gastos da Uni\u00e3o, por\u00e9m Andr\u00e9 afirmou no debate que esses fatos s\u00e3o distorcidos e servem para perpetuar falas mal intencionadas. Segundo ele,<\/span><span style=\"font-weight: 400;\"> na verdade, existem v\u00e1rias raz\u00f5es para o desequil\u00edbrio deficit\u00e1rio das contas, entre elas o fato que \u201cas grandes empresas sonegam a contribui\u00e7\u00e3o previdenci\u00e1ria\u201d, que \u201co Estado deixa de recolher contribui\u00e7\u00e3o que deveria recolher&#8221;, e que &#8220;desvia do or\u00e7amento da Previd\u00eancia Social para gastar em outras coisas, em geral, juros e d\u00edvidas\u201d. Isso \u00e9 feito por meio da<\/span><span style=\"font-weight: 400;\"> Desvincula\u00e7\u00e3o de Receitas da Uni\u00e3o <a href=\"http:\/\/bit.ly\/2JAHOLR\">(DRU)<\/a><\/span><span style=\"font-weight: 400;\">, mecanismo que permite ao governo federal usar livremente 20% dos tributos federais vinculados por lei a fundos ou despesas. Sua principal fonte de recursos s\u00e3o as contribui\u00e7\u00f5es sociais.<\/span><\/p>\n<p><a href=\"http:\/\/rioonwatch.org.br\/wp-content\/uploads\/2019\/05\/Politilaje-publico.jpeg\"><img loading=\"lazy\" decoding=\"async\" class=\"aligncenter wp-image-40412 size-content\" title=\"Foto: Facebook da Politilaje\" src=\"http:\/\/rioonwatch.org.br\/wp-content\/uploads\/2019\/05\/Politilaje-publico-620x264.jpeg\" alt=\"\" width=\"620\" height=\"264\" srcset=\"https:\/\/rioonwatch.org.br\/wp-content\/uploads\/2019\/05\/Politilaje-publico-620x264.jpeg 620w, https:\/\/rioonwatch.org.br\/wp-content\/uploads\/2019\/05\/Politilaje-publico-940x400.jpeg 940w\" sizes=\"(max-width: 620px) 100vw, 620px\" \/><\/a><\/p>\n<p><span style=\"font-weight: 400;\">Finalmente, a alta taxa de desemprego influi muito nesse desequil\u00edbrio de contas, porque menos pessoas contribuem ao Instituto Nacional do Seguro Social (INSS). Ali\u00e1s, a popula\u00e7\u00e3o desempregada no Brasil era de 13,1 milh\u00f5es de pessoas em fevereiro. <\/span><span style=\"font-weight: 400;\">Finalmente, <a href=\"https:\/\/glo.bo\/2JgzUYO\" target=\"_blank\" rel=\"noopener noreferrer\">empresas, trabalhadores, estados e munic\u00edpios devem R$488,4 bilh\u00f5es \u00e0 Previd\u00eancia,<\/a> com boa parte dessa d\u00edvida pertencendo a empresas falidas (entre elas Varig, Vasp, Transbrasil,TV Manchete, Editora P\u00e1ginas Amarelas&#8230;). Por isso \u00e9 dif\u00edcil de ser cobrada. <\/span><\/p>\n<p><span style=\"font-weight: 400;\">Serafini <\/span><span style=\"font-weight: 400;\">ent\u00e3o prop\u00f5e como solu\u00e7\u00e3o a esse desequil\u00edbrio a institui\u00e7\u00e3o de \u201cimpostos \u00e0s grandes fortunas, impostos de renda \u00e0s empresas, impostos a artigos de luxo\u201d. Ele agregou \u201cvamos fazer isso em vez de tirar do trabalhador que vive de um sal\u00e1rio, que vive da sua aposentadoria\u201d. <\/span><\/p>\n<p><span style=\"font-weight: 400;\">O jornalista e <\/span><span style=\"font-weight: 400;\">assessor de comunica\u00e7\u00e3o e gestor de redes sociais da <a href=\"http:\/\/bit.ly\/2Hi11jG\" target=\"_blank\" rel=\"noopener noreferrer\">RioFilme<\/a>, <\/span><span style=\"font-weight: 400;\">Andr\u00e9 Balocco, trouxe uma fala sobre a relev\u00e2ncia do jornalismo e das m\u00eddias em espalhar mentiras nas redes sociais. Ele apresentou que a imprensa de massa <a href=\"http:\/\/bit.ly\/2WHnPi9\" target=\"_blank\" rel=\"noopener noreferrer\">quer transmitir s\u00f3 uma ideia<\/a>, a ideia dos mais poderosos. Ele argumentou que com a for\u00e7a de reproduzir e repetir o mesmo argumento, as pessoas o interiorizam. Ele afirma que \u201ca gente n\u00e3o aguenta mais ver essas mentiras e campanhas de \u00f3dio que vemos nas redes sociais e recebemos no WhatsA<\/span><span style=\"font-weight: 400;\">pp\u201d. Segundo ele \u201c[n\u00f3s jornalistas] precisamos nos reinventar, replantar e admitir os erros\u201d. Finalmente, ele recomendou que devemos \u201ctomar cuidado com o que vemos nas redes sociais\u201d. <\/span><\/p>\n<h3><a href=\"http:\/\/rioonwatch.org.br\/wp-content\/uploads\/2019\/05\/Show-de-MCs-e-crian\u00e7as.jpg\"><img loading=\"lazy\" decoding=\"async\" class=\"aligncenter wp-image-40381 size-content\" title=\"Show de MCs e crian\u00e7as. Foto: Carolina Medina \" src=\"http:\/\/rioonwatch.org.br\/wp-content\/uploads\/2019\/05\/Show-de-MCs-e-crian\u00e7as-620x264.jpg\" alt=\"\" width=\"620\" height=\"264\" srcset=\"https:\/\/rioonwatch.org.br\/wp-content\/uploads\/2019\/05\/Show-de-MCs-e-crian\u00e7as-620x264.jpg 620w, https:\/\/rioonwatch.org.br\/wp-content\/uploads\/2019\/05\/Show-de-MCs-e-crian\u00e7as-940x400.jpg 940w\" sizes=\"(max-width: 620px) 100vw, 620px\" \/><\/a><\/h3>\n<h3><b>Outras Quest\u00f5es Trazidas \u00e0 Roda de Conversa: Viol\u00eancia e Resist\u00eancia <\/b><\/h3>\n<p>\u201cQuando a gente fala da reforma da Previd\u00eancia tem v\u00e1rias quest\u00f5es muito interligadas\u201d falou Sebasti\u00e3o. Ele afirma que \u201cessa reforma vai trazer mis\u00e9ria para uma grande por\u00e7\u00e3o da popula\u00e7\u00e3o brasileira e n\u00e3o estou fazendo nenhum exagero com isso. A mis\u00e9ria traz consigo a viol\u00eancia porque em \u2018casa que falta p\u00e3o todos gritam mas ningu\u00e9m tem raz\u00e3o\u2019&#8221;. Essas palavras respondem a um contexto de viol\u00eancia que est\u00e1 ocorrendo no Vidigal, materializada na <a href=\"https:\/\/glo.bo\/2JhmNq2\" target=\"_blank\" rel=\"noopener noreferrer\">morte de William de Mendon\u00e7a Santos<\/a>, um gari da comunidade, durante um tiroteio recente. Freddy, guia de turismo local disse que \u201ca uni\u00e3o da comunidade \u00e9 importante para rememorar a alma dele,&#8230; uma pessoa com todos os motivos para reclamar da vida, mas que era agradecido \u00e0 vida\u201d. Para Andr\u00e9, as mortes de inocentes s\u00e3o o resultado de uma \u201cpol\u00edtica absurda e fracassada no Rio de Janeiro\u201d que \u201cs\u00f3 produz a morte da popula\u00e7\u00e3o jovem e negra por parte do Estado\u201d.<\/p>\n<p><span style=\"font-weight: 400;\">Atualmente, a reforma da Previd\u00eancia est\u00e1 em an\u00e1lise em uma <\/span><a href=\"https:\/\/glo.bo\/2JmtkzU\" target=\"_blank\" rel=\"noopener noreferrer\">comiss\u00e3o especial<\/a><span style=\"font-weight: 400;\">, e o debate continua aberto. O evento, ritmado pelos MCs Leonardo, Pato Roco e Fiel cantou em v\u00e1rias ocasi\u00f5es a conhecida estrofe \u201c<\/span><span style=\"font-weight: 400;\">eu s\u00f3 quero \u00e9 ser feliz \/ andar tranquilamente na favela onde eu nasci \/ e poder me orgulhar \/ ter a consci\u00eancia que o pobre tem o seu lugar\u201d, e foi um bom exemplo de como a pol\u00edtica pode fazer parte da arte de viver coletivamente. <\/span><\/p>\n<p><span style=\"font-weight: 400;\">A fala de Antonio Carlos Ferreira Gabriel, conhecido como <\/span><span style=\"font-weight: 400;\">Rumba Gabriel, compositor da <\/span><span style=\"font-weight: 400;\">Esta\u00e7\u00e3o Primeira de Mangueira, resumiu bem o 5\u00ba Sarau Pol\u00edtico Cultural do Vidigal: \u201cA reforma da Previd\u00eancia deve ser discutida realmente, casa por casa&#8230; Temos que estar atentos, vigiando para que nosso territ\u00f3rio possa ter cidadania. \u00c9 necess\u00e1rio conscientizar nossa popula\u00e7\u00e3o&#8230; [para que] essa galera do morro acredite que temos lideran\u00e7as certas, n\u00f3s precisamos trabalhar no caminho da conscientiza\u00e7\u00e3o, da informa\u00e7\u00e3o\u201d.<\/span><\/p>\n<!-- AddThis Advanced Settings generic via filter on the_content --><!-- AddThis Share Buttons generic via filter on the_content -->","protected":false},"excerpt":{"rendered":"<div class=\"mh-excerpt\"><p>Click Here for English No dia 4 de maio foi realizado no Vidigal, na Zona Sul, o 5\u00ba Sarau Pol\u00edtico Cultural Politilaje. Dessa vez, o tema foi &#8216;Favela diz N\u00e3o a reforma da Previd\u00eancia&#8217;. O <a class=\"mh-excerpt-more\" href=\"https:\/\/rioonwatch.org.br\/?p=40315\" title=\"5\u00ba Sarau Pol\u00edtico Cultural Politilaje, no Vidigal, Debate a Reforma da Previd\u00eancia\">[&#8230;]<\/a><!-- AddThis Advanced Settings generic via filter on get_the_excerpt --><!-- AddThis Share Buttons generic via filter on get_the_excerpt --><\/p>\n<\/div>","protected":false},"author":163,"featured_media":40375,"comment_status":"closed","ping_status":"closed","sticky":false,"template":"","format":"standard","meta":{"_acf_changed":false,"_monsterinsights_skip_tracking":false,"_monsterinsights_sitenote_active":false,"_monsterinsights_sitenote_note":"","_monsterinsights_sitenote_category":0,"footnotes":""},"categories":[1621,1627,1615,1626,344,1612,342],"tags":[1564,1226,421,709,413,88,632,2396,1772,599,2269,1833,1151,708,358,304,2637,1989,1840,1472,432,16,180,354,383],"writer":[2626],"translator":[],"source":[],"ilustrador":[],"fotografo":[],"class_list":{"0":"post-40315","1":"post","2":"type-post","3":"status-publish","4":"format-standard","5":"has-post-thumbnail","7":"category-destaque","8":"category-relato-de-evento","9":"category-cultura-da-favela","10":"category-por-observadores-internacionais","11":"category-politicas","12":"category-sociedade-civil","13":"category-solucoes","14":"tag-congresso","15":"tag-constituicao","16":"tag-cultura-da-favela","17":"tag-debate","18":"tag-desigualdade","19":"tag-direitos-humanos","20":"tag-favela-nao-se-cala","21":"tag-flavio-serafini","22":"tag-inss","23":"tag-jacarezinho","24":"tag-jair-bolsonaro","25":"tag-michel-temer","26":"tag-organizacao","27":"tag-morro-da-babilonia","28":"tag-organizacao-comunitaria","29":"tag-participacao","30":"tag-previdencia","31":"tag-psol","32":"tag-pt","33":"tag-reforma-politica","34":"tag-resistencia","35":"tag-rocinha","36":"tag-santa-marta","37":"tag-vidigal","38":"tag-zona-sul","39":"writer-carolina-medina-zarate"},"acf":[],"yoast_head":"<!-- This site is optimized with the Yoast SEO plugin v25.6 - https:\/\/yoast.com\/wordpress\/plugins\/seo\/ -->\n<title>5\u00ba Sarau Pol\u00edtico Cultural Politilaje, no Vidigal, Debate a Reforma da Previd\u00eancia - RioOnWatch<\/title>\n<meta name=\"robots\" content=\"index, follow, max-snippet:-1, max-image-preview:large, max-video-preview:-1\" \/>\n<link rel=\"canonical\" href=\"https:\/\/rioonwatch.org.br\/?p=40315\" \/>\n<meta property=\"og:locale\" content=\"pt_BR\" \/>\n<meta property=\"og:type\" content=\"article\" \/>\n<meta property=\"og:title\" content=\"5\u00ba Sarau Pol\u00edtico Cultural Politilaje, no Vidigal, Debate a Reforma da Previd\u00eancia - RioOnWatch\" \/>\n<meta property=\"og:description\" content=\"Click Here for English No dia 4 de maio foi realizado no Vidigal, na Zona Sul, o 5\u00ba Sarau Pol\u00edtico Cultural Politilaje. Dessa vez, o tema foi &#8216;Favela diz N\u00e3o a reforma da Previd\u00eancia&#8217;. O [...]\" \/>\n<meta property=\"og:url\" content=\"https:\/\/rioonwatch.org.br\/?p=40315\" \/>\n<meta property=\"og:site_name\" content=\"RioOnWatch\" \/>\n<meta property=\"article:published_time\" content=\"2019-05-14T12:39:33+00:00\" \/>\n<meta property=\"article:modified_time\" content=\"2019-06-03T01:59:47+00:00\" \/>\n<meta property=\"og:image\" content=\"https:\/\/rioonwatch.org.br\/wp-content\/uploads\/2019\/05\/5\u00ba-Sarau-Politico-Cultural-Foto-ok3ok.jpg\" \/>\n\t<meta property=\"og:image:width\" content=\"1500\" \/>\n\t<meta property=\"og:image:height\" content=\"954\" \/>\n\t<meta property=\"og:image:type\" content=\"image\/jpeg\" \/>\n<meta name=\"author\" content=\"Carolina Medina\" \/>\n<meta name=\"twitter:card\" content=\"summary_large_image\" \/>\n<meta name=\"twitter:label1\" content=\"Escrito por\" \/>\n\t<meta name=\"twitter:data1\" content=\"Carolina Medina\" \/>\n\t<meta name=\"twitter:label2\" content=\"Est. tempo de leitura\" \/>\n\t<meta name=\"twitter:data2\" content=\"11 minutos\" \/>\n<script type=\"application\/ld+json\" class=\"yoast-schema-graph\">{\"@context\":\"https:\/\/schema.org\",\"@graph\":[{\"@type\":\"Article\",\"@id\":\"https:\/\/rioonwatch.org.br\/?p=40315#article\",\"isPartOf\":{\"@id\":\"https:\/\/rioonwatch.org.br\/?p=40315\"},\"author\":{\"name\":\"Carolina Medina\",\"@id\":\"https:\/\/rioonwatch.org.br\/#\/schema\/person\/3469054b77a459396e7d6cbe0d6d1ff9\"},\"headline\":\"5\u00ba Sarau Pol\u00edtico Cultural Politilaje, no Vidigal, Debate a Reforma da Previd\u00eancia\",\"datePublished\":\"2019-05-14T12:39:33+00:00\",\"dateModified\":\"2019-06-03T01:59:47+00:00\",\"mainEntityOfPage\":{\"@id\":\"https:\/\/rioonwatch.org.br\/?p=40315\"},\"wordCount\":2256,\"publisher\":{\"@id\":\"https:\/\/rioonwatch.org.br\/#organization\"},\"image\":{\"@id\":\"https:\/\/rioonwatch.org.br\/?p=40315#primaryimage\"},\"thumbnailUrl\":\"https:\/\/rioonwatch.org.br\/wp-content\/uploads\/2019\/05\/5\u00ba-Sarau-Politico-Cultural-Foto-ok3ok.jpg\",\"keywords\":[\"Congresso\",\"constitui\u00e7\u00e3o\",\"cultura da favela\",\"debate\",\"desigualdade\",\"Direitos Humanos\",\"Favela N\u00e3o se Cala\",\"Fl\u00e1vio Serafini\",\"INSS\",\"Jacarezinho\",\"Jair Bolsonaro\",\"Michel Temer\",\"mobiliza\u00e7\u00e3o\",\"Morro da Babil\u00f4nia\",\"organiza\u00e7\u00e3o comunit\u00e1ria\",\"participa\u00e7\u00e3o\",\"previd\u00eancia\",\"PSOL\",\"PT\",\"reforma pol\u00edtica\",\"resist\u00eancia\",\"Rocinha\",\"Santa Marta\",\"Vidigal\",\"Zona Sul\"],\"articleSection\":[\"*Destaque\",\"Cobertura de Eventos\",\"Cultura da Favela\",\"Escrito por Aliados\",\"Pol\u00edticas\",\"Sociedade Civil\",\"Solu\u00e7\u00f5es\"],\"inLanguage\":\"pt-BR\"},{\"@type\":\"WebPage\",\"@id\":\"https:\/\/rioonwatch.org.br\/?p=40315\",\"url\":\"https:\/\/rioonwatch.org.br\/?p=40315\",\"name\":\"5\u00ba Sarau Pol\u00edtico Cultural Politilaje, no Vidigal, Debate a Reforma da Previd\u00eancia - RioOnWatch\",\"isPartOf\":{\"@id\":\"https:\/\/rioonwatch.org.br\/#website\"},\"primaryImageOfPage\":{\"@id\":\"https:\/\/rioonwatch.org.br\/?p=40315#primaryimage\"},\"image\":{\"@id\":\"https:\/\/rioonwatch.org.br\/?p=40315#primaryimage\"},\"thumbnailUrl\":\"https:\/\/rioonwatch.org.br\/wp-content\/uploads\/2019\/05\/5\u00ba-Sarau-Politico-Cultural-Foto-ok3ok.jpg\",\"datePublished\":\"2019-05-14T12:39:33+00:00\",\"dateModified\":\"2019-06-03T01:59:47+00:00\",\"breadcrumb\":{\"@id\":\"https:\/\/rioonwatch.org.br\/?p=40315#breadcrumb\"},\"inLanguage\":\"pt-BR\",\"potentialAction\":[{\"@type\":\"ReadAction\",\"target\":[\"https:\/\/rioonwatch.org.br\/?p=40315\"]}]},{\"@type\":\"ImageObject\",\"inLanguage\":\"pt-BR\",\"@id\":\"https:\/\/rioonwatch.org.br\/?p=40315#primaryimage\",\"url\":\"https:\/\/rioonwatch.org.br\/wp-content\/uploads\/2019\/05\/5\u00ba-Sarau-Politico-Cultural-Foto-ok3ok.jpg\",\"contentUrl\":\"https:\/\/rioonwatch.org.br\/wp-content\/uploads\/2019\/05\/5\u00ba-Sarau-Politico-Cultural-Foto-ok3ok.jpg\",\"width\":1500,\"height\":954},{\"@type\":\"BreadcrumbList\",\"@id\":\"https:\/\/rioonwatch.org.br\/?p=40315#breadcrumb\",\"itemListElement\":[{\"@type\":\"ListItem\",\"position\":1,\"name\":\"In\u00edcio\",\"item\":\"https:\/\/rioonwatch.org.br\/\"},{\"@type\":\"ListItem\",\"position\":2,\"name\":\"5\u00ba Sarau Pol\u00edtico Cultural Politilaje, no Vidigal, Debate a Reforma da Previd\u00eancia\"}]},{\"@type\":\"WebSite\",\"@id\":\"https:\/\/rioonwatch.org.br\/#website\",\"url\":\"https:\/\/rioonwatch.org.br\/\",\"name\":\"RioOnWatch\",\"description\":\"relatos das favelas cariocas\",\"publisher\":{\"@id\":\"https:\/\/rioonwatch.org.br\/#organization\"},\"potentialAction\":[{\"@type\":\"SearchAction\",\"target\":{\"@type\":\"EntryPoint\",\"urlTemplate\":\"https:\/\/rioonwatch.org.br\/?s={search_term_string}\"},\"query-input\":{\"@type\":\"PropertyValueSpecification\",\"valueRequired\":true,\"valueName\":\"search_term_string\"}}],\"inLanguage\":\"pt-BR\"},{\"@type\":\"Organization\",\"@id\":\"https:\/\/rioonwatch.org.br\/#organization\",\"name\":\"RioOnWatch\",\"url\":\"https:\/\/rioonwatch.org.br\/\",\"logo\":{\"@type\":\"ImageObject\",\"inLanguage\":\"pt-BR\",\"@id\":\"https:\/\/rioonwatch.org.br\/#\/schema\/logo\/image\/\",\"url\":\"https:\/\/rioonwatch.org.br\/wp-content\/uploads\/2021\/06\/RioOnWatchcabecalhoPT11anos-2.png\",\"contentUrl\":\"https:\/\/rioonwatch.org.br\/wp-content\/uploads\/2021\/06\/RioOnWatchcabecalhoPT11anos-2.png\",\"width\":779,\"height\":277,\"caption\":\"RioOnWatch\"},\"image\":{\"@id\":\"https:\/\/rioonwatch.org.br\/#\/schema\/logo\/image\/\"}},{\"@type\":\"Person\",\"@id\":\"https:\/\/rioonwatch.org.br\/#\/schema\/person\/3469054b77a459396e7d6cbe0d6d1ff9\",\"name\":\"Carolina Medina\",\"image\":{\"@type\":\"ImageObject\",\"inLanguage\":\"pt-BR\",\"@id\":\"https:\/\/rioonwatch.org.br\/#\/schema\/person\/image\/\",\"url\":\"https:\/\/secure.gravatar.com\/avatar\/3ce5f9a246d49457589a37efa3e42a52?s=96&d=blank&r=g\",\"contentUrl\":\"https:\/\/secure.gravatar.com\/avatar\/3ce5f9a246d49457589a37efa3e42a52?s=96&d=blank&r=g\",\"caption\":\"Carolina Medina\"},\"url\":\"https:\/\/rioonwatch.org.br\/?author=163\"}]}<\/script>\n<!-- \/ Yoast SEO plugin. -->","yoast_head_json":{"title":"5\u00ba Sarau Pol\u00edtico Cultural Politilaje, no Vidigal, Debate a Reforma da Previd\u00eancia - RioOnWatch","robots":{"index":"index","follow":"follow","max-snippet":"max-snippet:-1","max-image-preview":"max-image-preview:large","max-video-preview":"max-video-preview:-1"},"canonical":"https:\/\/rioonwatch.org.br\/?p=40315","og_locale":"pt_BR","og_type":"article","og_title":"5\u00ba Sarau Pol\u00edtico Cultural Politilaje, no Vidigal, Debate a Reforma da Previd\u00eancia - RioOnWatch","og_description":"Click Here for English No dia 4 de maio foi realizado no Vidigal, na Zona Sul, o 5\u00ba Sarau Pol\u00edtico Cultural Politilaje. Dessa vez, o tema foi &#8216;Favela diz N\u00e3o a reforma da Previd\u00eancia&#8217;. O [...]","og_url":"https:\/\/rioonwatch.org.br\/?p=40315","og_site_name":"RioOnWatch","article_published_time":"2019-05-14T12:39:33+00:00","article_modified_time":"2019-06-03T01:59:47+00:00","og_image":[{"width":1500,"height":954,"url":"https:\/\/rioonwatch.org.br\/wp-content\/uploads\/2019\/05\/5\u00ba-Sarau-Politico-Cultural-Foto-ok3ok.jpg","type":"image\/jpeg"}],"author":"Carolina Medina","twitter_card":"summary_large_image","twitter_misc":{"Escrito por":"Carolina Medina","Est. tempo de leitura":"11 minutos"},"schema":{"@context":"https:\/\/schema.org","@graph":[{"@type":"Article","@id":"https:\/\/rioonwatch.org.br\/?p=40315#article","isPartOf":{"@id":"https:\/\/rioonwatch.org.br\/?p=40315"},"author":{"name":"Carolina Medina","@id":"https:\/\/rioonwatch.org.br\/#\/schema\/person\/3469054b77a459396e7d6cbe0d6d1ff9"},"headline":"5\u00ba Sarau Pol\u00edtico Cultural Politilaje, no Vidigal, Debate a Reforma da Previd\u00eancia","datePublished":"2019-05-14T12:39:33+00:00","dateModified":"2019-06-03T01:59:47+00:00","mainEntityOfPage":{"@id":"https:\/\/rioonwatch.org.br\/?p=40315"},"wordCount":2256,"publisher":{"@id":"https:\/\/rioonwatch.org.br\/#organization"},"image":{"@id":"https:\/\/rioonwatch.org.br\/?p=40315#primaryimage"},"thumbnailUrl":"https:\/\/rioonwatch.org.br\/wp-content\/uploads\/2019\/05\/5\u00ba-Sarau-Politico-Cultural-Foto-ok3ok.jpg","keywords":["Congresso","constitui\u00e7\u00e3o","cultura da favela","debate","desigualdade","Direitos Humanos","Favela N\u00e3o se Cala","Fl\u00e1vio Serafini","INSS","Jacarezinho","Jair Bolsonaro","Michel Temer","mobiliza\u00e7\u00e3o","Morro da Babil\u00f4nia","organiza\u00e7\u00e3o comunit\u00e1ria","participa\u00e7\u00e3o","previd\u00eancia","PSOL","PT","reforma pol\u00edtica","resist\u00eancia","Rocinha","Santa Marta","Vidigal","Zona Sul"],"articleSection":["*Destaque","Cobertura de Eventos","Cultura da Favela","Escrito por Aliados","Pol\u00edticas","Sociedade Civil","Solu\u00e7\u00f5es"],"inLanguage":"pt-BR"},{"@type":"WebPage","@id":"https:\/\/rioonwatch.org.br\/?p=40315","url":"https:\/\/rioonwatch.org.br\/?p=40315","name":"5\u00ba Sarau Pol\u00edtico Cultural Politilaje, no Vidigal, Debate a Reforma da Previd\u00eancia - RioOnWatch","isPartOf":{"@id":"https:\/\/rioonwatch.org.br\/#website"},"primaryImageOfPage":{"@id":"https:\/\/rioonwatch.org.br\/?p=40315#primaryimage"},"image":{"@id":"https:\/\/rioonwatch.org.br\/?p=40315#primaryimage"},"thumbnailUrl":"https:\/\/rioonwatch.org.br\/wp-content\/uploads\/2019\/05\/5\u00ba-Sarau-Politico-Cultural-Foto-ok3ok.jpg","datePublished":"2019-05-14T12:39:33+00:00","dateModified":"2019-06-03T01:59:47+00:00","breadcrumb":{"@id":"https:\/\/rioonwatch.org.br\/?p=40315#breadcrumb"},"inLanguage":"pt-BR","potentialAction":[{"@type":"ReadAction","target":["https:\/\/rioonwatch.org.br\/?p=40315"]}]},{"@type":"ImageObject","inLanguage":"pt-BR","@id":"https:\/\/rioonwatch.org.br\/?p=40315#primaryimage","url":"https:\/\/rioonwatch.org.br\/wp-content\/uploads\/2019\/05\/5\u00ba-Sarau-Politico-Cultural-Foto-ok3ok.jpg","contentUrl":"https:\/\/rioonwatch.org.br\/wp-content\/uploads\/2019\/05\/5\u00ba-Sarau-Politico-Cultural-Foto-ok3ok.jpg","width":1500,"height":954},{"@type":"BreadcrumbList","@id":"https:\/\/rioonwatch.org.br\/?p=40315#breadcrumb","itemListElement":[{"@type":"ListItem","position":1,"name":"In\u00edcio","item":"https:\/\/rioonwatch.org.br\/"},{"@type":"ListItem","position":2,"name":"5\u00ba Sarau Pol\u00edtico Cultural Politilaje, no Vidigal, Debate a Reforma da Previd\u00eancia"}]},{"@type":"WebSite","@id":"https:\/\/rioonwatch.org.br\/#website","url":"https:\/\/rioonwatch.org.br\/","name":"RioOnWatch","description":"relatos das favelas cariocas","publisher":{"@id":"https:\/\/rioonwatch.org.br\/#organization"},"potentialAction":[{"@type":"SearchAction","target":{"@type":"EntryPoint","urlTemplate":"https:\/\/rioonwatch.org.br\/?s={search_term_string}"},"query-input":{"@type":"PropertyValueSpecification","valueRequired":true,"valueName":"search_term_string"}}],"inLanguage":"pt-BR"},{"@type":"Organization","@id":"https:\/\/rioonwatch.org.br\/#organization","name":"RioOnWatch","url":"https:\/\/rioonwatch.org.br\/","logo":{"@type":"ImageObject","inLanguage":"pt-BR","@id":"https:\/\/rioonwatch.org.br\/#\/schema\/logo\/image\/","url":"https:\/\/rioonwatch.org.br\/wp-content\/uploads\/2021\/06\/RioOnWatchcabecalhoPT11anos-2.png","contentUrl":"https:\/\/rioonwatch.org.br\/wp-content\/uploads\/2021\/06\/RioOnWatchcabecalhoPT11anos-2.png","width":779,"height":277,"caption":"RioOnWatch"},"image":{"@id":"https:\/\/rioonwatch.org.br\/#\/schema\/logo\/image\/"}},{"@type":"Person","@id":"https:\/\/rioonwatch.org.br\/#\/schema\/person\/3469054b77a459396e7d6cbe0d6d1ff9","name":"Carolina Medina","image":{"@type":"ImageObject","inLanguage":"pt-BR","@id":"https:\/\/rioonwatch.org.br\/#\/schema\/person\/image\/","url":"https:\/\/secure.gravatar.com\/avatar\/3ce5f9a246d49457589a37efa3e42a52?s=96&d=blank&r=g","contentUrl":"https:\/\/secure.gravatar.com\/avatar\/3ce5f9a246d49457589a37efa3e42a52?s=96&d=blank&r=g","caption":"Carolina Medina"},"url":"https:\/\/rioonwatch.org.br\/?author=163"}]}},"_links":{"self":[{"href":"https:\/\/rioonwatch.org.br\/index.php?rest_route=\/wp\/v2\/posts\/40315"}],"collection":[{"href":"https:\/\/rioonwatch.org.br\/index.php?rest_route=\/wp\/v2\/posts"}],"about":[{"href":"https:\/\/rioonwatch.org.br\/index.php?rest_route=\/wp\/v2\/types\/post"}],"author":[{"embeddable":true,"href":"https:\/\/rioonwatch.org.br\/index.php?rest_route=\/wp\/v2\/users\/163"}],"replies":[{"embeddable":true,"href":"https:\/\/rioonwatch.org.br\/index.php?rest_route=%2Fwp%2Fv2%2Fcomments&post=40315"}],"version-history":[{"count":33,"href":"https:\/\/rioonwatch.org.br\/index.php?rest_route=\/wp\/v2\/posts\/40315\/revisions"}],"predecessor-version":[{"id":40907,"href":"https:\/\/rioonwatch.org.br\/index.php?rest_route=\/wp\/v2\/posts\/40315\/revisions\/40907"}],"wp:featuredmedia":[{"embeddable":true,"href":"https:\/\/rioonwatch.org.br\/index.php?rest_route=\/wp\/v2\/media\/40375"}],"wp:attachment":[{"href":"https:\/\/rioonwatch.org.br\/index.php?rest_route=%2Fwp%2Fv2%2Fmedia&parent=40315"}],"wp:term":[{"taxonomy":"category","embeddable":true,"href":"https:\/\/rioonwatch.org.br\/index.php?rest_route=%2Fwp%2Fv2%2Fcategories&post=40315"},{"taxonomy":"post_tag","embeddable":true,"href":"https:\/\/rioonwatch.org.br\/index.php?rest_route=%2Fwp%2Fv2%2Ftags&post=40315"},{"taxonomy":"writer","embeddable":true,"href":"https:\/\/rioonwatch.org.br\/index.php?rest_route=%2Fwp%2Fv2%2Fwriter&post=40315"},{"taxonomy":"translator","embeddable":true,"href":"https:\/\/rioonwatch.org.br\/index.php?rest_route=%2Fwp%2Fv2%2Ftranslator&post=40315"},{"taxonomy":"source","embeddable":true,"href":"https:\/\/rioonwatch.org.br\/index.php?rest_route=%2Fwp%2Fv2%2Fsource&post=40315"},{"taxonomy":"ilustrador","embeddable":true,"href":"https:\/\/rioonwatch.org.br\/index.php?rest_route=%2Fwp%2Fv2%2Filustrador&post=40315"},{"taxonomy":"fotografo","embeddable":true,"href":"https:\/\/rioonwatch.org.br\/index.php?rest_route=%2Fwp%2Fv2%2Ffotografo&post=40315"}],"curies":[{"name":"wp","href":"https:\/\/api.w.org\/{rel}","templated":true}]}}