{"id":40420,"date":"2019-05-22T09:36:25","date_gmt":"2019-05-22T12:36:25","guid":{"rendered":"http:\/\/rioonwatch.org.br\/?p=40420"},"modified":"2024-09-05T13:12:20","modified_gmt":"2024-09-05T16:12:20","slug":"1o-intercambio-da-rede-favela-sustentavel-de-2019-visita-revolusolar-e-favela-organica-na-babilonia","status":"publish","type":"post","link":"https:\/\/rioonwatch.org.br\/?p=40420","title":{"rendered":"1\u00ba Interc\u00e2mbio da Rede Favela Sustent\u00e1vel de 2019: Babil\u00f4nia com Revolusolar e Favela Org\u00e2nica"},"content":{"rendered":"<p style=\"text-align: right;\"><em><strong><a href=\"http:\/\/bit.ly\/2HaiUQa\" target=\"_blank\" rel=\"noopener noreferrer\">Click Here for English<\/a><a href=\"http:\/\/bit.ly\/2HaiUQa\" target=\"_blank\" rel=\"noopener noreferrer\"><img decoding=\"async\" width=\"20\" height=\"20\" class=\"alignright wp-image-15790\" src=\"http:\/\/rioonwatch.org.br\/wp-content\/uploads\/2012\/08\/EN-standard-e1439583104716.jpg\" \/><\/a><\/strong><\/em><\/p>\n<p><em>A\u00a0<a href=\"http:\/\/www.bit.ly\/RFSMapa\" target=\"_blank\" rel=\"noopener noreferrer\">Rede Favela Sustent\u00e1vel<\/a>\u00a0(RFS) \u00e9 um projeto da\u00a0<a href=\"http:\/\/comcat.org\/\" target=\"_blank\" rel=\"noopener noreferrer\">Comunidades Catalisadoras<\/a> (ComCat)* desenhado para construir redes de solidariedade, dar visibilidade, e desenvolver a\u00e7\u00f5es conjuntas que apoiem a expans\u00e3o de iniciativas comunit\u00e1rias que fortalecem a sustentabilidade ambiental e a resili\u00eancia social em favelas de toda a regi\u00e3o metropolitana\u00a0do Rio de Janeiro. O projeto come\u00e7ou em 2012 com a produ\u00e7\u00e3o do filme\u00a0<a href=\"http:\/\/bit.ly\/FavelaModelo\" target=\"_blank\" rel=\"noopener noreferrer\">Favela como Modelo Sustent\u00e1vel<\/a>,\u00a0tendo continuidade em 2017, quando foram\u00a0<a href=\"http:\/\/www.bit.ly\/RFSMapa\" target=\"_blank\" rel=\"noopener noreferrer\">mapeadas 111 iniciativas sustent\u00e1veis<\/a>\u00a0e foi publicado um\u00a0<a href=\"http:\/\/bit.ly\/RFSRelatorio\" target=\"_blank\" rel=\"noopener noreferrer\">relat\u00f3rio final<\/a>\u00a0que analisa os resultados.\u00a0<\/em><\/p>\n<p><em>Em 2018 o projeto realizou\u00a0<a href=\"http:\/\/bit.ly\/IntercambiosRFS\" target=\"_blank\" rel=\"noopener noreferrer\">uma\u00a0s\u00e9rie de interc\u00e2mbios entre oito das mais duradouras e estabelecidas iniciativas<\/a> que foram mapeadas na Rede Favela Sustent\u00e1vel e em seguida foi realizado, no dia 10 de novembro, um dia inteiro de interc\u00e2mbio com toda a Rede Favela Sustent\u00e1vel.\u00a0Assista ao v\u00eddeo que acompanha os interc\u00e2mbios de 2018\u00a0clicando\u00a0<a href=\"http:\/\/bit.ly\/TecendoRFS\" target=\"_blank\" rel=\"noopener noreferrer\">aqui<\/a>.<\/em><\/p>\n<p><em>Em 2019, o projeto est\u00e1 realizando uma segunda rodada de interc\u00e2mbios\u2014dessa vez abertos a todos os membros da RFS e ao p\u00fablico geral\u2014em projetos baseados na Babil\u00f4nia, Mar\u00e9, Manguinhos, Pavuna, S\u00e3o Jo\u00e3o de Meriti e Vila Kennedy. O primeiro interc\u00e2mbio do ano visitou o\u00a0<a href=\"http:\/\/bit.ly\/2IGWlXy\" target=\"_blank\" rel=\"noopener noreferrer\">Revolusolar<\/a> e o <a href=\"http:\/\/bit.ly\/2JA4rBw\" target=\"_blank\" rel=\"noopener noreferrer\">Favela Org\u00e2nica<\/a> na Babil\u00f4nia, seguido por uma roda de capacita\u00e7\u00e3o focada na Elabora\u00e7\u00e3o e Gest\u00e3o de Projetos, ministrada por membros da Rede. O projeto tem o apoio da <a href=\"http:\/\/bit.ly\/1jCIAqW\" target=\"_blank\" rel=\"noopener noreferrer\">Funda\u00e7\u00e3o Heinrich B\u00f6ll Brasil<\/a>.<\/em><\/p>\n<hr \/>\n<h3><strong>A Manh\u00e3 do Primeiro Interc\u00e2mbio<\/strong><\/h3>\n<p><span style=\"font-weight: 400;\">No s\u00e1bado, 27 de abril, 85 pessoas reuniram-se na <a href=\"http:\/\/bit.ly\/110zVNZ\" target=\"_blank\" rel=\"noopener noreferrer\">Babil\u00f4nia<\/a>,\u00a0<a href=\"http:\/\/bit.ly\/1mNsDyk\" target=\"_blank\" rel=\"noopener noreferrer\">Zona Sul<\/a> do Rio de Janeiro, para se engajarem em um di\u00e1logo, de um dia de dura\u00e7\u00e3o, sobre sustentabilidade socioambiental, sendo recebidos pela iniciativa de energia solar <a href=\"http:\/\/bit.ly\/2IGWlXy\" target=\"_blank\" rel=\"noopener noreferrer\">Revolusolar<\/a> e pelo projeto de gastronomia lixo zero\u00a0<a href=\"http:\/\/bit.ly\/2JA4rBw\" target=\"_blank\" rel=\"noopener noreferrer\">Favela Org\u00e2nica<\/a> para o primeiro interc\u00e2mbio da Rede Favela Sustent\u00e1vel de 2019. Na parte da manh\u00e3, o grupo da Rede reuniu-se na entrada da comunidade, onde os participantes foram recepcionados por volunt\u00e1rios da Revolusolar e representantes da Associa\u00e7\u00e3o de Moradores da Babil\u00f4nia. Ap\u00f3s uma breve introdu\u00e7\u00e3o, o grupo partiu para uma caminhada pela comunidade. A primeira parada foi na Escola Tia Perc\u00edlia. L\u00e1, Adalberto Almeida\u2014o primeiro instalador de pain\u00e9is fotovoltaicos na Babil\u00f4nia e co-fundador e atual presidente da Revolusolar\u2014descreveu o <a href=\"http:\/\/bit.ly\/2IGWlXy\" target=\"_blank\" rel=\"noopener noreferrer\">papel da iniciativa<\/a> no empenho da comunidade para apoiar a escola, que recentemente sofreu uma perda de financiamento e uma queda significativa nas matr\u00edculas. Ao instalar pain\u00e9is solares no telhado, o Revolusolar visa ajudar a capacitar e revitalizar o espa\u00e7o. Os pain\u00e9is permitem que a escola produza uma parte significativa de sua pr\u00f3pria energia\u2014<a href=\"http:\/\/bit.ly\/2SOxlCv\" target=\"_blank\" rel=\"noopener noreferrer\">65% do consumo normal da escola<\/a>\u2014e gere uma <a href=\"http:\/\/bit.ly\/2SOxlCv\" target=\"_blank\" rel=\"noopener noreferrer\">economia equivalente a R$5.000 por ano<\/a> ou R$125.000 ao longo dos seus esperados 25 anos de dura\u00e7\u00e3o. Esses fundos que seriam pagos \u00e0 Light, agora podem ser investidos na pr\u00f3pria escola. Al\u00e9m de fornecer servi\u00e7os de instala\u00e7\u00e3o de pain\u00e9is solares, a Revolusolar propaga a educa\u00e7\u00e3o ambiental, a energia solar e realiza oficinas mensais sobre t\u00f3picos de sustentabilidade para crian\u00e7as e jovens.<\/span><\/p>\n<p><a href=\"http:\/\/rioonwatch.org.br\/wp-content\/uploads\/2019\/05\/RFS-Escola-Tia-Perci\u0301lia.jpg\"><img fetchpriority=\"high\" decoding=\"async\" class=\"aligncenter wp-image-40423 size-medium\" title=\"Escola Tia Perc\u00edlia, um dos lugares onde o Revolusolar instalou pain\u00e9is.\" src=\"http:\/\/rioonwatch.org.br\/wp-content\/uploads\/2019\/05\/RFS-Escola-Tia-Perci\u0301lia-620x348.jpg\" alt=\"\" width=\"620\" height=\"348\" srcset=\"https:\/\/rioonwatch.org.br\/wp-content\/uploads\/2019\/05\/RFS-Escola-Tia-Perci\u0301lia-620x348.jpg 620w, https:\/\/rioonwatch.org.br\/wp-content\/uploads\/2019\/05\/RFS-Escola-Tia-Perci\u0301lia-470x264.jpg 470w, https:\/\/rioonwatch.org.br\/wp-content\/uploads\/2019\/05\/RFS-Escola-Tia-Perci\u0301lia-768x431.jpg 768w, https:\/\/rioonwatch.org.br\/wp-content\/uploads\/2019\/05\/RFS-Escola-Tia-Perci\u0301lia-1024x575.jpg 1024w, https:\/\/rioonwatch.org.br\/wp-content\/uploads\/2019\/05\/RFS-Escola-Tia-Perci\u0301lia-580x326.jpg 580w, https:\/\/rioonwatch.org.br\/wp-content\/uploads\/2019\/05\/RFS-Escola-Tia-Perci\u0301lia-174x98.jpg 174w, https:\/\/rioonwatch.org.br\/wp-content\/uploads\/2019\/05\/RFS-Escola-Tia-Perci\u0301lia.jpg 1200w\" sizes=\"(max-width: 620px) 100vw, 620px\" \/><\/a><\/p>\n<p><span style=\"font-weight: 400;\">Ap\u00f3s essa apresenta\u00e7\u00e3o inicial, os participantes foram divididos em dois grupos. Um grupo iniciou um passeio comunit\u00e1rio liderado por <a href=\"http:\/\/bit.ly\/1NbnQ2C\" target=\"_blank\" rel=\"noopener noreferrer\">Andr\u00e9 Constantine<\/a>, um guia comunit\u00e1rio e ativista, membro do movimento Favela N\u00e3o Se Cala e ex-presidente da Associa\u00e7\u00e3o de Moradores da Babil\u00f4nia. O outro grupo partiu para saber mais sobre o Revolusolar, e foram ouvir as falas de Adalberto e outros volunt\u00e1rios.<\/span><\/p>\n<p><span style=\"font-weight: 400;\">Andr\u00e9 \u00e9 amplamente conhecido por sua orat\u00f3ria poderosa, declara\u00e7\u00f5es fortes e opini\u00f5es n\u00e3o adulteradas, que resultam em tours de favela honestos, <a href=\"http:\/\/bit.ly\/2Ly2bvG\" target=\"_blank\" rel=\"noopener noreferrer\">politicamente carregados e extremamente francos<\/a>, que come\u00e7am com a exibi\u00e7\u00e3o de um banner que proclama \u201cFavela N\u00e3o \u00c9 Zool\u00f3gico!\u201d. Durante todo o tour, ele falou com paix\u00e3o sobre racismo e a viol\u00eancia e neglig\u00eancia impostas pelo Estado, que ele detalha como os fatores que produzem as favelas. \u201cTemos que mudar a nossa orat\u00f3ria e fazer essa reflex\u00e3o juntos. N\u00f3s temos a possibilidade de derrubar esse muro invis\u00edvel que divide essa cidade\u201d, disse ele.<\/span><\/p>\n<p><a href=\"http:\/\/rioonwatch.org.br\/wp-content\/uploads\/2019\/05\/Andre-Constantine.jpg\"><img decoding=\"async\" class=\"aligncenter wp-image-40424 size-medium\" title=\"Andr\u00e9 Constantine segura uma faixa no in\u00edcio da visita. Foto: Daiana Contini\" src=\"http:\/\/rioonwatch.org.br\/wp-content\/uploads\/2019\/05\/Andre-Constantine-620x465.jpg\" alt=\"\" width=\"620\" height=\"465\" srcset=\"https:\/\/rioonwatch.org.br\/wp-content\/uploads\/2019\/05\/Andre-Constantine-620x465.jpg 620w, https:\/\/rioonwatch.org.br\/wp-content\/uploads\/2019\/05\/Andre-Constantine-352x264.jpg 352w, https:\/\/rioonwatch.org.br\/wp-content\/uploads\/2019\/05\/Andre-Constantine-768x576.jpg 768w, https:\/\/rioonwatch.org.br\/wp-content\/uploads\/2019\/05\/Andre-Constantine-1024x768.jpg 1024w, https:\/\/rioonwatch.org.br\/wp-content\/uploads\/2019\/05\/Andre-Constantine-174x131.jpg 174w, https:\/\/rioonwatch.org.br\/wp-content\/uploads\/2019\/05\/Andre-Constantine-300x225.jpg 300w, https:\/\/rioonwatch.org.br\/wp-content\/uploads\/2019\/05\/Andre-Constantine-70x53.jpg 70w, https:\/\/rioonwatch.org.br\/wp-content\/uploads\/2019\/05\/Andre-Constantine.jpg 1200w\" sizes=\"(max-width: 620px) 100vw, 620px\" \/><\/a><\/p>\n<p><span style=\"font-weight: 400;\">Mostrando os projetos pilotos da Revolusolar na pousada Babil\u00f4nia Rio Hostel e no restaurante Estrelas da Babil\u00f4nia ao longo do caminho, Andr\u00e9 continuou a expor os desafios que as favelas enfrentam em termos de acesso a servi\u00e7os b\u00e1sicos e devido a <a href=\"http:\/\/bit.ly\/2Ngy1ui\" target=\"_blank\" rel=\"noopener noreferrer\">militariza\u00e7\u00e3o do espa\u00e7o p\u00fablico na favela<\/a>.<\/span><\/p>\n<p><span style=\"font-weight: 400;\">Finalmente, o grupo chegou ao local mais severamente impactado pelas <a href=\"http:\/\/bit.ly\/2DaolgT\" target=\"_blank\" rel=\"noopener noreferrer\">fortes chuvas de abril<\/a>, com danos t\u00e3o extremos resultantes da \u201cfalta de uma pol\u00edtica habitacional decente\u201d, conforme afirmado por Andr\u00e9. Na Babil\u00f4nia, a tempestade e os deslizamentos de terra resultantes, <a href=\"http:\/\/bit.ly\/2DaolgT\" target=\"_blank\" rel=\"noopener noreferrer\">mataram tr\u00eas moradores<\/a>. O risco de deslizamentos de terra est\u00e1 entre os problemas que os membros da Rede Favela Sustent\u00e1vel est\u00e3o envolvidos em identificar e encontrar caminhos para remediar, mas as estrat\u00e9gias de preven\u00e7\u00e3o do governo s\u00e3o fundamentais. Recentemente, <a href=\"http:\/\/bit.ly\/2VqUADF\" target=\"_blank\" rel=\"noopener noreferrer\">fundos destinados a essa preven\u00e7\u00e3o deixaram de ser aplicados<\/a> no Rio.<\/span><\/p>\n<p><a href=\"http:\/\/rioonwatch.org.br\/wp-content\/uploads\/2019\/05\/Babilo\u0302nia-RFS.jpg\"><img loading=\"lazy\" decoding=\"async\" class=\"aligncenter wp-image-40425 size-medium\" title=\"Danos causados pelas fortes chuvas de abril na Babil\u00f4nia. Foto: Daiana Contini\" src=\"http:\/\/rioonwatch.org.br\/wp-content\/uploads\/2019\/05\/Babilo\u0302nia-RFS-620x465.jpg\" alt=\"\" width=\"620\" height=\"465\" srcset=\"https:\/\/rioonwatch.org.br\/wp-content\/uploads\/2019\/05\/Babilo\u0302nia-RFS-620x465.jpg 620w, https:\/\/rioonwatch.org.br\/wp-content\/uploads\/2019\/05\/Babilo\u0302nia-RFS-352x264.jpg 352w, https:\/\/rioonwatch.org.br\/wp-content\/uploads\/2019\/05\/Babilo\u0302nia-RFS-768x576.jpg 768w, https:\/\/rioonwatch.org.br\/wp-content\/uploads\/2019\/05\/Babilo\u0302nia-RFS-1024x768.jpg 1024w, https:\/\/rioonwatch.org.br\/wp-content\/uploads\/2019\/05\/Babilo\u0302nia-RFS-174x131.jpg 174w, https:\/\/rioonwatch.org.br\/wp-content\/uploads\/2019\/05\/Babilo\u0302nia-RFS-300x225.jpg 300w, https:\/\/rioonwatch.org.br\/wp-content\/uploads\/2019\/05\/Babilo\u0302nia-RFS-70x53.jpg 70w, https:\/\/rioonwatch.org.br\/wp-content\/uploads\/2019\/05\/Babilo\u0302nia-RFS.jpg 1200w\" sizes=\"(max-width: 620px) 100vw, 620px\" \/><\/a><\/p>\n<h3><b>Revolusolar Apresenta Solu\u00e7\u00f5es de Energia Sustent\u00e1vel para a Babil\u00f4nia<\/b><\/h3>\n<p><span style=\"font-weight: 400;\">Depois da caminhada, os grupos alternaram suas atividades\u2014o segundo grupo foi fazer o tour guiado por Andr\u00e9 enquanto o grupo que retornava foi visitar o terra\u00e7o da Associa\u00e7\u00e3o de Moradores da Babil\u00f4nia para ouvir e trocar com a Revolusolar. Os representantes e volunt\u00e1rios da Revolusolar expuseram seus principais objetivos em tornar energias renov\u00e1veis\u2014especificamente energia solar\u2014acess\u00edveis e poss\u00edveis para os moradores da Babil\u00f4nia. Um dos principais objetivos do projeto \u00e9 capacitar os moradores, oferecendo oportunidades de carreira no crescente setor de energia solar. Na verdade, a Revolusolar estabeleceu parcerias para dar bolsas de estudo a moradores para eles participarem de treinamento profissional e t\u00e9cnico em instala\u00e7\u00e3o de pain\u00e9is solares: cinco moradores j\u00e1 completaram o treinamento. Eles tamb\u00e9m procuram abordar a participa\u00e7\u00e3o de mulheres, incluindo-as em debates vitais sobre tecnologias de energia sustent\u00e1vel.<\/span><\/p>\n<p><a href=\"http:\/\/rioonwatch.org.br\/wp-content\/uploads\/2019\/05\/Babilo\u0302nia-RFS-paineis.jpg\"><img loading=\"lazy\" decoding=\"async\" class=\"aligncenter wp-image-40426 size-medium\" title=\"Pain\u00e9is solares instalados pelo RevoluSolar no topo do hostel e restaurante Estrelas da Babil\u00f4nia. Foto: Daiana Contini\" src=\"http:\/\/rioonwatch.org.br\/wp-content\/uploads\/2019\/05\/Babilo\u0302nia-RFS-paineis-620x465.jpg\" alt=\"\" width=\"620\" height=\"465\" srcset=\"https:\/\/rioonwatch.org.br\/wp-content\/uploads\/2019\/05\/Babilo\u0302nia-RFS-paineis-620x465.jpg 620w, https:\/\/rioonwatch.org.br\/wp-content\/uploads\/2019\/05\/Babilo\u0302nia-RFS-paineis-352x264.jpg 352w, https:\/\/rioonwatch.org.br\/wp-content\/uploads\/2019\/05\/Babilo\u0302nia-RFS-paineis-768x576.jpg 768w, https:\/\/rioonwatch.org.br\/wp-content\/uploads\/2019\/05\/Babilo\u0302nia-RFS-paineis-1024x768.jpg 1024w, https:\/\/rioonwatch.org.br\/wp-content\/uploads\/2019\/05\/Babilo\u0302nia-RFS-paineis-174x131.jpg 174w, https:\/\/rioonwatch.org.br\/wp-content\/uploads\/2019\/05\/Babilo\u0302nia-RFS-paineis-300x225.jpg 300w, https:\/\/rioonwatch.org.br\/wp-content\/uploads\/2019\/05\/Babilo\u0302nia-RFS-paineis-70x53.jpg 70w, https:\/\/rioonwatch.org.br\/wp-content\/uploads\/2019\/05\/Babilo\u0302nia-RFS-paineis.jpg 1200w\" sizes=\"(max-width: 620px) 100vw, 620px\" \/><\/a><\/p>\n<p><span style=\"font-weight: 400;\">Para os representantes da Revolusolar, a independ\u00eancia energ\u00e9tica est\u00e1 relacionada n\u00e3o apenas com a sustentabilidade ambiental, mas tamb\u00e9m com a sustentabilidade financeira da comunidade. Como tal, a iniciativa visa combater as <a href=\"http:\/\/bit.ly\/1mZ1CnQ\" target=\"_blank\" rel=\"noopener noreferrer\">contas de luz alt\u00edssimas<\/a> que eles explicam que s\u00e3o \u201c<a href=\"http:\/\/bit.ly\/2ry4G4o\" target=\"_blank\" rel=\"noopener noreferrer\">calculadas irresponsavelmente<\/a>\u201d pela Light com base em estimativas, ao inv\u00e9s de consumo real, fazendo com que os moradores gastem mais. A Revolusolar tamb\u00e9m procura abordar o uso clandestino de energia, que, como os representantes da iniciativa observaram durante a discuss\u00e3o, \u201c\u00e9 arriscado e tem um pre\u00e7o muito alto\u201d. Ao criar uma fonte local de energia derivada da energia solar, as instala\u00e7\u00f5es da Revolusolar fornecem seguran\u00e7a e energia limpa para espa\u00e7os comunit\u00e1rios locais como a Escola Tia Perc\u00edlia, ao passo em que evita o fluxo de sa\u00edda de recursos, fortalecendo a economia local.<\/span><\/p>\n<p><span style=\"font-weight: 400;\">Atualmente, a Revolusolar est\u00e1 trabalhando em uma pesquisa com cem fam\u00edlias da comunidade para melhor entender o consumo de energia e seus impactos na comunidade. Durante a apresenta\u00e7\u00e3o, Adalberto falou sobre algumas das li\u00e7\u00f5es iniciais\u2014que a equipe adquiriu a partir do estudo\u2014que ser\u00e3o publicadas no site da Revolusolar at\u00e9 o final do ano. Um dos resultados mais chocantes, ele contou, foi o fato de que v\u00e1rios moradores est\u00e3o lutando para poder alimentar suas fam\u00edlias por consequ\u00eancia de terem que pagar contas de luz exorbitantes.<\/span><\/p>\n<p><a href=\"http:\/\/rioonwatch.org.br\/wp-content\/uploads\/2019\/05\/Babilo\u0302nia-RFS-equipe-revolusolar.jpg\"><img loading=\"lazy\" decoding=\"async\" class=\"aligncenter wp-image-40427 size-content\" title=\"Presidente da RevoluSolar e morador da Babil\u00f4nia Adalberto Almeida (segundo da esquerda para a direita) e volunt\u00e1rios. Foto: Daiana Contini\" src=\"http:\/\/rioonwatch.org.br\/wp-content\/uploads\/2019\/05\/Babilo\u0302nia-RFS-equipe-revolusolar-620x264.jpg\" alt=\"\" width=\"620\" height=\"264\" srcset=\"https:\/\/rioonwatch.org.br\/wp-content\/uploads\/2019\/05\/Babilo\u0302nia-RFS-equipe-revolusolar-620x264.jpg 620w, https:\/\/rioonwatch.org.br\/wp-content\/uploads\/2019\/05\/Babilo\u0302nia-RFS-equipe-revolusolar-940x400.jpg 940w\" sizes=\"(max-width: 620px) 100vw, 620px\" \/><\/a><\/p>\n<p><span style=\"font-weight: 400;\">Perguntas do grupo provocaram um entusiasmado debate sobre como a Revolusolar pode servir de modelo para outras comunidades no Rio de Janeiro e al\u00e9m. Por exemplo, <a href=\"http:\/\/bit.ly\/1LwVyjk\" target=\"_blank\" rel=\"noopener noreferrer\">Mariluce Mari\u00e1<\/a> de Souza e Cleber Ara\u00fajo\u2014organizadores da iniciativa <a href=\"http:\/\/on.fb.me\/1TXd5Xz\" target=\"_blank\" rel=\"noopener noreferrer\">Favela Art<\/a> e moradores do\u00a0<a href=\"http:\/\/bit.ly\/U0MiGm\" target=\"_blank\" rel=\"noopener noreferrer\">Complexo do Alem\u00e3o<\/a>, na\u00a0<a href=\"http:\/\/bit.ly\/WximDf\" target=\"_blank\" rel=\"noopener noreferrer\">Zona Norte<\/a>\u2014perguntaram sobre a estrutura organizacional, os mecanismos de sustentabilidade financeira e as estrat\u00e9gias de envolvimento da comunidade na Revolusolar. \u201c\u00c9 uma ONG, uma associa\u00e7\u00e3o, um projeto ou uma empresa\u2014e como o morador vai ter acesso a isso?\u201d, perguntou Cleber. Ele continuou: &#8220;<\/span>N\u00e3o sei o custo <span style=\"font-weight: 400;\">[dos pain\u00e9is solares]<\/span>, mas \u00e9 caro&#8230; uma coisa inacess\u00edvel para o pobre. Ent\u00e3o, como voc\u00eas v\u00e3o convencer o morador a contribuir?&#8221;<\/p>\n<p><span style=\"font-weight: 400;\">Em resposta, Adalberto descreveu a import\u00e2ncia de dedicar os recursos da Revolusolar a projetos localizados em espa\u00e7os p\u00fablicos para beneficiar a comunidade como um todo: \u201c<\/span>Os apoios que recebemos<span style=\"font-weight: 400;\">\u2014<\/span>por exemplo para a escolinha<span style=\"font-weight: 400;\">\u2014<\/span>n\u00e3o poderiam ser para um morador. N\u00e3o recebemos apoios para escolhermos uma casa <span style=\"font-weight: 400;\"> [para receber a instala\u00e7\u00e3o dos pain\u00e9is solares]<\/span> e dizer assim: \u2018Vai ser <em>aquela<\/em> casa&#8217;. Tem que ser para um espa\u00e7o p\u00fablico coletivo da comunidade&#8221;.<\/p>\n<p><span style=\"font-weight: 400;\">Vitor Chelles, volunt\u00e1rio da Revolusolar, enfatizou que, embora a energia solar seja vista como cara, ela \u00e9 realmente um investimento, dada a economia de longo prazo que os pain\u00e9is geram para a comunidade. Vitor descreveu: \u201c<\/span>Como que vamos continuar [com o projeto]? \u00c9 tendo impacto financeiro. H\u00e1 uma s\u00e9rie de organiza\u00e7\u00f5es, empresas, governos que t\u00eam uma verba para ser utilizada nesses projetos sociais [de energia renov\u00e1vel]. Ent\u00e3o, um dos vi\u00e9s do Revolusolar \u00e9 tentar aplicar para esses editais, para os projetos aqui. A ideia \u00e9 ter uma cooperativa de energia solar aqui e com isso, o custo da energia vai baixar e [as pessoas] ir\u00e3o poder gastar esse dinheiro com outras coisas\u2026 A gente pensa energia como empoderamento dos moradores. A gente pensa que eles podem gerir o seu futuro, o seu destino. N\u00e3o cabe depender do governo para tudo. Com moradores tendo esse poder nas m\u00e3os, eles podem impactar toda a sociedade no seu entorno. A nossa logo \u00e9 isso: &#8216;A Energia \u00c9 Nossa'&#8221;.<\/p>\n<p><span style=\"font-weight: 400;\">Cleber parabenizou os representantes da Revolusolar por seu projeto altamente inovador e expressou apoio \u00e0 ideia de reestrutura\u00e7\u00e3o como um neg\u00f3cio social\u2014adotando algumas pr\u00e1ticas de neg\u00f3cios com o objetivo principal de enfrentar um desafio social e gerar benef\u00edcios para a comunidade. \u201cTornar um projeto de impacto social \u00e9 o melhor caminho para voc\u00eas hoje. Parab\u00e9ns. Quero que isso chegue em outras favelas tamb\u00e9m\u201d. A troca de pensamentos e id\u00e9ias fomentou o interc\u00e2mbio e foi altamente valiosa para os visitantes e para os membros da equipe da Revolusolar.<\/span><\/p>\n<p><a href=\"http:\/\/rioonwatch.org.br\/wp-content\/uploads\/2019\/05\/Babilo\u0302nia-RFS2.jpg\"><img loading=\"lazy\" decoding=\"async\" class=\"aligncenter wp-image-40428 size-medium\" title=\"Tour pela comunidade e debate com o ex-presidente da Associa\u00e7\u00e3o de Moradores Andr\u00e9 Constantine. Foto: Daiana Contini\" src=\"http:\/\/rioonwatch.org.br\/wp-content\/uploads\/2019\/05\/Babilo\u0302nia-RFS2-620x465.jpg\" alt=\"\" width=\"620\" height=\"465\" srcset=\"https:\/\/rioonwatch.org.br\/wp-content\/uploads\/2019\/05\/Babilo\u0302nia-RFS2-620x465.jpg 620w, https:\/\/rioonwatch.org.br\/wp-content\/uploads\/2019\/05\/Babilo\u0302nia-RFS2-352x264.jpg 352w, https:\/\/rioonwatch.org.br\/wp-content\/uploads\/2019\/05\/Babilo\u0302nia-RFS2-768x576.jpg 768w, https:\/\/rioonwatch.org.br\/wp-content\/uploads\/2019\/05\/Babilo\u0302nia-RFS2-1024x768.jpg 1024w, https:\/\/rioonwatch.org.br\/wp-content\/uploads\/2019\/05\/Babilo\u0302nia-RFS2-174x131.jpg 174w, https:\/\/rioonwatch.org.br\/wp-content\/uploads\/2019\/05\/Babilo\u0302nia-RFS2-300x225.jpg 300w, https:\/\/rioonwatch.org.br\/wp-content\/uploads\/2019\/05\/Babilo\u0302nia-RFS2-70x53.jpg 70w, https:\/\/rioonwatch.org.br\/wp-content\/uploads\/2019\/05\/Babilo\u0302nia-RFS2.jpg 1200w\" sizes=\"(max-width: 620px) 100vw, 620px\" \/><\/a><\/p>\n<h3><b>Gastronomia Sustent\u00e1vel: O Favela Org\u00e2nica da Regina Tchelly<\/b><\/h3>\n<p><span style=\"font-weight: 400;\">A troca continuou durante o almo\u00e7o na sede do Favela Org\u00e2nica, onde a chef Regina Tchelly deu boas-vindas ao grupo da Rede Favela Sustent\u00e1vel de bra\u00e7os abertos e com um grande sorriso. Regina relatou sua jornada pessoal\u2014de seu estado natal da Para\u00edba, at\u00e9 a favela da Babil\u00f4nia\u2014e falou sobre como sua paix\u00e3o pela gastronomia sustent\u00e1vel a catapultou para os palcos <a href=\"http:\/\/bit.ly\/2NFIr6g\" target=\"_blank\" rel=\"noopener noreferrer\">nacionais<\/a> e <a href=\"http:\/\/bit.ly\/2xWVP2n\" target=\"_blank\" rel=\"noopener noreferrer\">internacionais<\/a>. Atrav\u00e9s de sua premiada iniciativa, Regina pretende mudar a maneira pela qual sua comunidade e a sociedade como um todo v\u00eaem comida e desperd\u00edcio de alimentos.<\/span><\/p>\n<p><span style=\"font-weight: 400;\">Ap\u00f3s sua apresenta\u00e7\u00e3o, Regina e sua equipe serviram a cada participante um prato de risoto de legumes, salada de caqui com molho de lim\u00e3o e alho e suco de hibisco. Entre outros produtos que Regina preparou para a RFS, estavam geleia de caqui, picol\u00e9s de hibisco e caqui e, finalmente\u2014a pedido dos afortunados o suficiente para ter tido a oportunidade de provar a iguaria em ocasi\u00f5es anteriores\u2014as famosas coxinhas de jaca de Regina.<\/span><\/p>\n<p><a href=\"http:\/\/rioonwatch.org.br\/wp-content\/uploads\/2019\/05\/Regina-Tchelly.jpg\"><img loading=\"lazy\" decoding=\"async\" class=\"aligncenter wp-image-40429 size-medium\" title=\"Regina Tchelly ministra workshop de gastronomia sustent\u00e1vel. Foto: Daiana Contini\" src=\"http:\/\/rioonwatch.org.br\/wp-content\/uploads\/2019\/05\/Regina-Tchelly-620x465.jpg\" alt=\"\" width=\"620\" height=\"465\" srcset=\"https:\/\/rioonwatch.org.br\/wp-content\/uploads\/2019\/05\/Regina-Tchelly-620x465.jpg 620w, https:\/\/rioonwatch.org.br\/wp-content\/uploads\/2019\/05\/Regina-Tchelly-352x264.jpg 352w, https:\/\/rioonwatch.org.br\/wp-content\/uploads\/2019\/05\/Regina-Tchelly-768x576.jpg 768w, https:\/\/rioonwatch.org.br\/wp-content\/uploads\/2019\/05\/Regina-Tchelly-1024x768.jpg 1024w, https:\/\/rioonwatch.org.br\/wp-content\/uploads\/2019\/05\/Regina-Tchelly-174x131.jpg 174w, https:\/\/rioonwatch.org.br\/wp-content\/uploads\/2019\/05\/Regina-Tchelly-300x225.jpg 300w, https:\/\/rioonwatch.org.br\/wp-content\/uploads\/2019\/05\/Regina-Tchelly-70x53.jpg 70w, https:\/\/rioonwatch.org.br\/wp-content\/uploads\/2019\/05\/Regina-Tchelly.jpg 1200w\" sizes=\"(max-width: 620px) 100vw, 620px\" \/><\/a><\/p>\n<p><span style=\"font-weight: 400;\">Ap\u00f3s o almo\u00e7o, Regina realizou uma oficina de culin\u00e1ria, demonstrando a prepara\u00e7\u00e3o de um delicioso pat\u00ea de casca de banana. Em suas oficinas p\u00fablicas, Regina ensina adultos e crian\u00e7as da comunidade a usar praticamente todas as partes de frutas e vegetais\u2014at\u00e9 mesmo a casca, caules, sementes e caro\u00e7os. Regina afirmou que no Favela Org\u00e2nica, ela \u201ctrabalha com o c\u00edrculo da vida\u201d. Os participantes aprendem n\u00e3o apenas como usar as partes normalmente descartadas que sobram ao cozinhar, mas tamb\u00e9m a compostar as partes que s\u00e3o verdadeiramente inutiliz\u00e1veis. Ao faz\u00ea-lo, os moradores locais podem comer alimentos mais saud\u00e1veis, mais acess\u00edveis e ambientalmente respons\u00e1veis em todas as etapas do processo, desde a produ\u00e7\u00e3o at\u00e9 o descarte.<\/span><\/p>\n<p><a href=\"http:\/\/rioonwatch.org.br\/wp-content\/uploads\/2019\/05\/Regina-p\u00fablico.jpg\"><img loading=\"lazy\" decoding=\"async\" class=\"aligncenter wp-image-40430 size-medium\" title=\"Regina fala para a RFS e visitantes sobre sua trajet\u00f3ria inspiradora e sobre o trabalho de lixo zero na Babil\u00f4nia.\" src=\"http:\/\/rioonwatch.org.br\/wp-content\/uploads\/2019\/05\/Regina-p\u00fablico-620x348.jpg\" alt=\"\" width=\"620\" height=\"348\" srcset=\"https:\/\/rioonwatch.org.br\/wp-content\/uploads\/2019\/05\/Regina-p\u00fablico-620x348.jpg 620w, https:\/\/rioonwatch.org.br\/wp-content\/uploads\/2019\/05\/Regina-p\u00fablico-470x264.jpg 470w, https:\/\/rioonwatch.org.br\/wp-content\/uploads\/2019\/05\/Regina-p\u00fablico-768x431.jpg 768w, https:\/\/rioonwatch.org.br\/wp-content\/uploads\/2019\/05\/Regina-p\u00fablico-1024x575.jpg 1024w, https:\/\/rioonwatch.org.br\/wp-content\/uploads\/2019\/05\/Regina-p\u00fablico-580x326.jpg 580w, https:\/\/rioonwatch.org.br\/wp-content\/uploads\/2019\/05\/Regina-p\u00fablico-174x98.jpg 174w, https:\/\/rioonwatch.org.br\/wp-content\/uploads\/2019\/05\/Regina-p\u00fablico.jpg 1200w\" sizes=\"(max-width: 620px) 100vw, 620px\" \/><\/a><\/p>\n<p><span style=\"font-weight: 400;\">A linguagem que Regina fala \u00e9 a linguagem do amor. A voz dela \u00e9 respeitada na Babil\u00f4nia, a qual ela \u00e9 completamente dedicada e devota. \u00c9 onde as ra\u00edzes dela est\u00e3o plantadas. \u201cA gente \u00e0s vezes quer salvar o mundo, mas deixa de olhar o que est\u00e1 ao nosso redor. A gente quer fazer tantas coisas, mas esquece de fazer algo com o que a gente tem agora\u201d, declarou Regina.<\/span><\/p>\n<p><a href=\"http:\/\/rioonwatch.org.br\/wp-content\/uploads\/2019\/05\/RFS-babil\u00f4nia-3.jpeg\"><img loading=\"lazy\" decoding=\"async\" class=\"aligncenter wp-image-40431 size-medium\" title=\"Participantes posam para foto durante o almo\u00e7o no Favela Org\u00e2nica.\" src=\"http:\/\/rioonwatch.org.br\/wp-content\/uploads\/2019\/05\/RFS-babil\u00f4nia-3-620x348.jpeg\" alt=\"\" width=\"620\" height=\"348\" srcset=\"https:\/\/rioonwatch.org.br\/wp-content\/uploads\/2019\/05\/RFS-babil\u00f4nia-3-620x348.jpeg 620w, https:\/\/rioonwatch.org.br\/wp-content\/uploads\/2019\/05\/RFS-babil\u00f4nia-3-470x264.jpeg 470w, https:\/\/rioonwatch.org.br\/wp-content\/uploads\/2019\/05\/RFS-babil\u00f4nia-3-768x431.jpeg 768w, https:\/\/rioonwatch.org.br\/wp-content\/uploads\/2019\/05\/RFS-babil\u00f4nia-3-1024x575.jpeg 1024w, https:\/\/rioonwatch.org.br\/wp-content\/uploads\/2019\/05\/RFS-babil\u00f4nia-3-580x326.jpeg 580w, https:\/\/rioonwatch.org.br\/wp-content\/uploads\/2019\/05\/RFS-babil\u00f4nia-3-174x98.jpeg 174w, https:\/\/rioonwatch.org.br\/wp-content\/uploads\/2019\/05\/RFS-babil\u00f4nia-3.jpeg 1200w\" sizes=\"(max-width: 620px) 100vw, 620px\" \/><\/a><\/p>\n<h3><b>Criando Solu\u00e7\u00f5es Alternativas: Compartilhando Experi\u00eancias e Fortalecendo a Rede<\/b><\/h3>\n<p><span style=\"font-weight: 400;\">Para encerrar o dia, quatro membros da Rede de Favela Sustent\u00e1vel falaram sobre suas experi\u00eancias com elabora\u00e7\u00e3o e gest\u00e3o de projetos, um t\u00f3pico identificado por meio de uma pesquisa sobre as prioridades dos membros da Rede e desejos de treinamento e compartilhamento de conhecimento. Em um formato que combinou mini-palestras com um c\u00edrculo de discuss\u00e3o informal, l\u00edderes comunit\u00e1rios e coordenadores de projetos aproveitaram o espa\u00e7o para compartilhar e trocar conhecimento experiencial e se engajarem em um di\u00e1logo horizontal baseado no enriquecimento m\u00fatuo.<\/span><\/p>\n<p><a href=\"http:\/\/rioonwatch.org.br\/wp-content\/uploads\/2019\/05\/Babilo\u0302nia-RFS-4.jpg\"><img loading=\"lazy\" decoding=\"async\" class=\"aligncenter wp-image-40432 size-content\" title=\"Membros da Rede compartilham sua experi\u00eancia com gest\u00e3o de projetos durante a capacita\u00e7\u00e3o que ocorreu pela tarde. Foto: Daiana Contini\" src=\"http:\/\/rioonwatch.org.br\/wp-content\/uploads\/2019\/05\/Babilo\u0302nia-RFS-4-620x264.jpg\" alt=\"\" width=\"620\" height=\"264\" srcset=\"https:\/\/rioonwatch.org.br\/wp-content\/uploads\/2019\/05\/Babilo\u0302nia-RFS-4-620x264.jpg 620w, https:\/\/rioonwatch.org.br\/wp-content\/uploads\/2019\/05\/Babilo\u0302nia-RFS-4-940x400.jpg 940w\" sizes=\"(max-width: 620px) 100vw, 620px\" \/><\/a><\/p>\n<p><span style=\"font-weight: 400;\">Os oradores foram inspiradores e forneceram bons conselhos, especialmente para os participantes nas primeiras fases do lan\u00e7amento de uma nova iniciativa ou expans\u00e3o de um projeto existente. Gustavo Cunha, do <a href=\"http:\/\/bit.ly\/2weYlNH\" target=\"_blank\" rel=\"noopener noreferrer\">Mundo Livres<\/a>, abriu as falas discorrendo sobre empreendedorismo e estrat\u00e9gias para planejar e adaptar projetos. Carlos Andr\u00e9 do Nascimento (mobilizador comunit\u00e1rio da <a href=\"http:\/\/bit.ly\/21tKRUF\" target=\"_blank\" rel=\"noopener noreferrer\">Pavuna<\/a>, na Zona Norte) falou sobre a sua organiza\u00e7\u00e3o, a <a href=\"http:\/\/bit.ly\/2HHrYwa\" target=\"_blank\" rel=\"noopener noreferrer\">RONGO<\/a>, e a cria\u00e7\u00e3o do <a href=\"http:\/\/bit.ly\/2OuSV7W\" target=\"_blank\" rel=\"noopener noreferrer\">Museu do Graffiti<\/a>\u2014o primeiro do g\u00eanero\u2014e a import\u00e2ncia da perseveran\u00e7a e da constru\u00e7\u00e3o de parcerias. Suzana Mattos, do <a href=\"http:\/\/bit.ly\/2z3ZECm\" target=\"_blank\" rel=\"noopener noreferrer\">SEBRAE<\/a>, compartilhou sua experi\u00eancia em capta\u00e7\u00e3o de recursos e enfatizou a import\u00e2ncia de \u201cmetodologias de solu\u00e7\u00e3o de problemas\u201d. Tha\u00eds Aguiar, rec\u00e9m-formada em engenharia ambiental, encerrou a conversa discutindo a necessidade de cronogramas e outras ferramentas de planejamento para garantir o sucesso dos projetos. Os materiais de apoio de cada um dos apresentadores foram disponibilizados aos participantes ap\u00f3s o evento.<\/span><\/p>\n<p><a href=\"http:\/\/rioonwatch.org.br\/wp-content\/uploads\/2019\/05\/Carlos-Andre-RONGO.jpg\"><img loading=\"lazy\" decoding=\"async\" class=\"aligncenter wp-image-40433 size-medium\" title=\"Carlos Andr\u00e9 do Nascimento, da RONGO e do Museu do Grafitti, compartilha seus conhecimentos.\" src=\"http:\/\/rioonwatch.org.br\/wp-content\/uploads\/2019\/05\/Carlos-Andre-RONGO-620x348.jpg\" alt=\"\" width=\"620\" height=\"348\" srcset=\"https:\/\/rioonwatch.org.br\/wp-content\/uploads\/2019\/05\/Carlos-Andre-RONGO-620x348.jpg 620w, https:\/\/rioonwatch.org.br\/wp-content\/uploads\/2019\/05\/Carlos-Andre-RONGO-470x264.jpg 470w, https:\/\/rioonwatch.org.br\/wp-content\/uploads\/2019\/05\/Carlos-Andre-RONGO-768x431.jpg 768w, https:\/\/rioonwatch.org.br\/wp-content\/uploads\/2019\/05\/Carlos-Andre-RONGO-1024x575.jpg 1024w, https:\/\/rioonwatch.org.br\/wp-content\/uploads\/2019\/05\/Carlos-Andre-RONGO-580x326.jpg 580w, https:\/\/rioonwatch.org.br\/wp-content\/uploads\/2019\/05\/Carlos-Andre-RONGO-174x98.jpg 174w, https:\/\/rioonwatch.org.br\/wp-content\/uploads\/2019\/05\/Carlos-Andre-RONGO.jpg 1200w\" sizes=\"(max-width: 620px) 100vw, 620px\" \/><\/a><\/p>\n<p><span style=\"font-weight: 400;\">O interc\u00e2mbio incorporou a miss\u00e3o da Rede Favela Sustent\u00e1vel de fortalecer e expandir as <a href=\"http:\/\/www.bit.ly\/FavelaModelo\" target=\"_blank\" rel=\"noopener noreferrer\">qualidades sustent\u00e1veis e os movimentos comunit\u00e1rios inerentes<\/a> \u00e0s favelas do Rio de Janeiro. Moldada por sua hist\u00f3ria de resist\u00eancia e resili\u00eancia, Babil\u00f4nia abriga projetos criativos como Revolusolar e Favela Org\u00e2nica que continuar\u00e3o a pavimentar o caminho para o desenvolvimento de solu\u00e7\u00f5es socioambientais no Rio e al\u00e9m.<\/span><\/p>\n<h3>Veja nossas fotos da visita \u00e0 Babil\u00f4nia (ou <a href=\"http:\/\/bit.ly\/2YizQv7\" target=\"_blank\" rel=\"noopener noreferrer\">clique aqui<\/a>):<\/h3>\n<p><a title=\"Interc\u00e2mbio RFS na Babil\u00f4nia | 1st Sustainable Favela Network Exchange of 2019 in Babil\u00f4nia\" href=\"https:\/\/www.flickr.com\/photos\/catcomm\/albums\/72157678024328197\" data-flickr-embed=\"true\"><img loading=\"lazy\" decoding=\"async\" src=\"https:\/\/live.staticflickr.com\/65535\/46832093185_e9679ff8c7_c.jpg\" alt=\"Interc\u00e2mbio RFS na Babil\u00f4nia | 1st Sustainable Favela Network Exchange of 2019 in Babil\u00f4nia\" width=\"620\" height=\"450\" \/><\/a><\/p>\n<p><strong>*RioOnWatch \u00e9 um projeto da\u00a0<a href=\"http:\/\/www.comcat.org\/\" target=\"_blank\" rel=\"noopener noreferrer\">Comunidades Catalisadoras<\/a><\/strong><\/p>\n<!-- AddThis Advanced Settings generic via filter on the_content --><!-- AddThis Share Buttons generic via filter on the_content -->","protected":false},"excerpt":{"rendered":"<div class=\"mh-excerpt\"><p>Click Here for English A\u00a0Rede Favela Sustent\u00e1vel\u00a0(RFS) \u00e9 um projeto da\u00a0Comunidades Catalisadoras (ComCat)* desenhado para construir redes de solidariedade, dar visibilidade, e desenvolver a\u00e7\u00f5es conjuntas que apoiem a expans\u00e3o de iniciativas comunit\u00e1rias que fortalecem a <a class=\"mh-excerpt-more\" href=\"https:\/\/rioonwatch.org.br\/?p=40420\" title=\"1\u00ba Interc\u00e2mbio da Rede Favela Sustent\u00e1vel de 2019: Babil\u00f4nia com Revolusolar e Favela Org\u00e2nica\">[&#8230;]<\/a><!-- AddThis Advanced Settings generic via filter on get_the_excerpt --><!-- AddThis Share Buttons generic via filter on get_the_excerpt --><\/p>\n<\/div>","protected":false},"author":152,"featured_media":40421,"comment_status":"closed","ping_status":"closed","sticky":false,"template":"","format":"standard","meta":{"_acf_changed":false,"_monsterinsights_skip_tracking":false,"_monsterinsights_sitenote_active":false,"_monsterinsights_sitenote_note":"","_monsterinsights_sitenote_category":0,"footnotes":""},"categories":[1621,1626,1616,342,1639],"tags":[299,630,1808,688,1998,1096,2026,504,635,2147,1304,708,358,2901,427,2289,2549,1347,476,1132,404,1457,1130,578,1812],"writer":[2609,2626],"translator":[2377],"source":[],"ilustrador":[],"fotografo":[],"class_list":{"0":"post-40420","1":"post","2":"type-post","3":"status-publish","4":"format-standard","5":"has-post-thumbnail","7":"category-destaque","8":"category-por-observadores-internacionais","9":"category-qualidades-da-favela","10":"category-solucoes","11":"category-sustentabilidade","12":"tag-alimentacao","13":"tag-chapeu-mangueira","14":"tag-criatividade","15":"tag-empoderamento","16":"tag-energia-solar","17":"tag-favela-como-modelo-sustentavel","18":"tag-favela-e-solucao","19":"tag-gastronomia","20":"tag-light","21":"tag-lixo-zero","22":"tag-organizacao-criativa","23":"tag-morro-da-babilonia","24":"tag-organizacao-comunitaria","25":"tag-rfs","26":"tag-risco-de-deslizamento","27":"tag-serie","28":"tag-serie-intercambios-da-rfs","29":"tag-solucao","30":"tag-solucao-comunitaria","31":"tag-suporte-tecnico","32":"tag-sustentabilidade","33":"tag-tecnologia","34":"tag-tecnologia-apropriada","35":"tag-trabalho-e-renda","36":"tag-treinamento","37":"writer-ben-bildsten","38":"writer-carolina-medina-zarate","39":"translator-camila-moraes"},"acf":[],"yoast_head":"<!-- This site is optimized with the Yoast SEO plugin v25.6 - https:\/\/yoast.com\/wordpress\/plugins\/seo\/ -->\n<title>1\u00ba Interc\u00e2mbio da Rede Favela Sustent\u00e1vel de 2019: Babil\u00f4nia com Revolusolar e Favela Org\u00e2nica - RioOnWatch<\/title>\n<meta name=\"robots\" content=\"index, follow, max-snippet:-1, max-image-preview:large, max-video-preview:-1\" \/>\n<link rel=\"canonical\" href=\"https:\/\/rioonwatch.org.br\/?p=40420\" \/>\n<meta property=\"og:locale\" content=\"pt_BR\" \/>\n<meta property=\"og:type\" content=\"article\" \/>\n<meta property=\"og:title\" content=\"1\u00ba Interc\u00e2mbio da Rede Favela Sustent\u00e1vel de 2019: Babil\u00f4nia com Revolusolar e Favela Org\u00e2nica - RioOnWatch\" \/>\n<meta property=\"og:description\" content=\"Click Here for English A\u00a0Rede Favela Sustent\u00e1vel\u00a0(RFS) \u00e9 um projeto da\u00a0Comunidades Catalisadoras (ComCat)* desenhado para construir redes de solidariedade, dar visibilidade, e desenvolver a\u00e7\u00f5es conjuntas que apoiem a expans\u00e3o de iniciativas comunit\u00e1rias que fortalecem a [...]\" \/>\n<meta property=\"og:url\" content=\"https:\/\/rioonwatch.org.br\/?p=40420\" \/>\n<meta property=\"og:site_name\" content=\"RioOnWatch\" \/>\n<meta property=\"article:published_time\" content=\"2019-05-22T12:36:25+00:00\" \/>\n<meta property=\"article:modified_time\" content=\"2024-09-05T16:12:20+00:00\" \/>\n<meta property=\"og:image\" content=\"https:\/\/rioonwatch.org.br\/wp-content\/uploads\/2019\/05\/RFS-babil\u00f4nia.jpeg\" \/>\n\t<meta property=\"og:image:width\" content=\"1200\" \/>\n\t<meta property=\"og:image:height\" content=\"856\" \/>\n\t<meta property=\"og:image:type\" content=\"image\/jpeg\" \/>\n<meta name=\"author\" content=\"Luisa Fenizola\" \/>\n<meta name=\"twitter:card\" content=\"summary_large_image\" \/>\n<meta name=\"twitter:label1\" content=\"Escrito por\" \/>\n\t<meta name=\"twitter:data1\" content=\"Luisa Fenizola\" \/>\n\t<meta name=\"twitter:label2\" content=\"Est. tempo de leitura\" \/>\n\t<meta name=\"twitter:data2\" content=\"16 minutos\" \/>\n<script type=\"application\/ld+json\" class=\"yoast-schema-graph\">{\"@context\":\"https:\/\/schema.org\",\"@graph\":[{\"@type\":\"Article\",\"@id\":\"https:\/\/rioonwatch.org.br\/?p=40420#article\",\"isPartOf\":{\"@id\":\"https:\/\/rioonwatch.org.br\/?p=40420\"},\"author\":{\"name\":\"Luisa Fenizola\",\"@id\":\"https:\/\/rioonwatch.org.br\/#\/schema\/person\/f443c6b55bb6e80842280318076491c5\"},\"headline\":\"1\u00ba Interc\u00e2mbio da Rede Favela Sustent\u00e1vel de 2019: Babil\u00f4nia com Revolusolar e Favela Org\u00e2nica\",\"datePublished\":\"2019-05-22T12:36:25+00:00\",\"dateModified\":\"2024-09-05T16:12:20+00:00\",\"mainEntityOfPage\":{\"@id\":\"https:\/\/rioonwatch.org.br\/?p=40420\"},\"wordCount\":2494,\"publisher\":{\"@id\":\"https:\/\/rioonwatch.org.br\/#organization\"},\"image\":{\"@id\":\"https:\/\/rioonwatch.org.br\/?p=40420#primaryimage\"},\"thumbnailUrl\":\"https:\/\/rioonwatch.org.br\/wp-content\/uploads\/2019\/05\/RFS-babil\u00f4nia.jpeg\",\"keywords\":[\"alimenta\u00e7\u00e3o\",\"Chap\u00e9u Mangueira\",\"criatividade\",\"empoderamento\",\"energia solar\",\"Favela Como Modelo Sustent\u00e1vel\",\"Favela \u00e9 solu\u00e7\u00e3o\",\"gastronomia\",\"Light\",\"lixo zero\",\"mobiliza\u00e7\u00e3o criativa\",\"Morro da Babil\u00f4nia\",\"organiza\u00e7\u00e3o comunit\u00e1ria\",\"Rede Favela Sustent\u00e1vel\",\"risco de deslizamento\",\"S\u00e9rie\",\"S\u00e9rie: Interc\u00e2mbios da RFS\",\"solu\u00e7\u00e3o\",\"solu\u00e7\u00e3o comunit\u00e1ria\",\"suporte t\u00e9cnico\",\"sustentabilidade\",\"tecnologia\",\"tecnologia apropriada\",\"Trabalho e renda\",\"treinamento\"],\"articleSection\":[\"*Destaque\",\"Escrito por Aliados\",\"Qualidades da Favela\",\"Solu\u00e7\u00f5es\",\"Sustentabilidade\"],\"inLanguage\":\"pt-BR\"},{\"@type\":\"WebPage\",\"@id\":\"https:\/\/rioonwatch.org.br\/?p=40420\",\"url\":\"https:\/\/rioonwatch.org.br\/?p=40420\",\"name\":\"1\u00ba Interc\u00e2mbio da Rede Favela Sustent\u00e1vel de 2019: Babil\u00f4nia com Revolusolar e Favela Org\u00e2nica - RioOnWatch\",\"isPartOf\":{\"@id\":\"https:\/\/rioonwatch.org.br\/#website\"},\"primaryImageOfPage\":{\"@id\":\"https:\/\/rioonwatch.org.br\/?p=40420#primaryimage\"},\"image\":{\"@id\":\"https:\/\/rioonwatch.org.br\/?p=40420#primaryimage\"},\"thumbnailUrl\":\"https:\/\/rioonwatch.org.br\/wp-content\/uploads\/2019\/05\/RFS-babil\u00f4nia.jpeg\",\"datePublished\":\"2019-05-22T12:36:25+00:00\",\"dateModified\":\"2024-09-05T16:12:20+00:00\",\"breadcrumb\":{\"@id\":\"https:\/\/rioonwatch.org.br\/?p=40420#breadcrumb\"},\"inLanguage\":\"pt-BR\",\"potentialAction\":[{\"@type\":\"ReadAction\",\"target\":[\"https:\/\/rioonwatch.org.br\/?p=40420\"]}]},{\"@type\":\"ImageObject\",\"inLanguage\":\"pt-BR\",\"@id\":\"https:\/\/rioonwatch.org.br\/?p=40420#primaryimage\",\"url\":\"https:\/\/rioonwatch.org.br\/wp-content\/uploads\/2019\/05\/RFS-babil\u00f4nia.jpeg\",\"contentUrl\":\"https:\/\/rioonwatch.org.br\/wp-content\/uploads\/2019\/05\/RFS-babil\u00f4nia.jpeg\",\"width\":1200,\"height\":856,\"caption\":\"Participantes do encontro que chagaram at\u00e9 o final do dia. Foto: Luiza de Andrade\"},{\"@type\":\"BreadcrumbList\",\"@id\":\"https:\/\/rioonwatch.org.br\/?p=40420#breadcrumb\",\"itemListElement\":[{\"@type\":\"ListItem\",\"position\":1,\"name\":\"In\u00edcio\",\"item\":\"https:\/\/rioonwatch.org.br\/\"},{\"@type\":\"ListItem\",\"position\":2,\"name\":\"1\u00ba Interc\u00e2mbio da Rede Favela Sustent\u00e1vel de 2019: Babil\u00f4nia com Revolusolar e Favela Org\u00e2nica\"}]},{\"@type\":\"WebSite\",\"@id\":\"https:\/\/rioonwatch.org.br\/#website\",\"url\":\"https:\/\/rioonwatch.org.br\/\",\"name\":\"RioOnWatch\",\"description\":\"relatos das favelas cariocas\",\"publisher\":{\"@id\":\"https:\/\/rioonwatch.org.br\/#organization\"},\"potentialAction\":[{\"@type\":\"SearchAction\",\"target\":{\"@type\":\"EntryPoint\",\"urlTemplate\":\"https:\/\/rioonwatch.org.br\/?s={search_term_string}\"},\"query-input\":{\"@type\":\"PropertyValueSpecification\",\"valueRequired\":true,\"valueName\":\"search_term_string\"}}],\"inLanguage\":\"pt-BR\"},{\"@type\":\"Organization\",\"@id\":\"https:\/\/rioonwatch.org.br\/#organization\",\"name\":\"RioOnWatch\",\"url\":\"https:\/\/rioonwatch.org.br\/\",\"logo\":{\"@type\":\"ImageObject\",\"inLanguage\":\"pt-BR\",\"@id\":\"https:\/\/rioonwatch.org.br\/#\/schema\/logo\/image\/\",\"url\":\"https:\/\/rioonwatch.org.br\/wp-content\/uploads\/2021\/06\/RioOnWatchcabecalhoPT11anos-2.png\",\"contentUrl\":\"https:\/\/rioonwatch.org.br\/wp-content\/uploads\/2021\/06\/RioOnWatchcabecalhoPT11anos-2.png\",\"width\":779,\"height\":277,\"caption\":\"RioOnWatch\"},\"image\":{\"@id\":\"https:\/\/rioonwatch.org.br\/#\/schema\/logo\/image\/\"}},{\"@type\":\"Person\",\"@id\":\"https:\/\/rioonwatch.org.br\/#\/schema\/person\/f443c6b55bb6e80842280318076491c5\",\"name\":\"Luisa Fenizola\",\"image\":{\"@type\":\"ImageObject\",\"inLanguage\":\"pt-BR\",\"@id\":\"https:\/\/rioonwatch.org.br\/#\/schema\/person\/image\/\",\"url\":\"https:\/\/secure.gravatar.com\/avatar\/a3d551110162b9f876cbbdaaecf75663?s=96&d=blank&r=g\",\"contentUrl\":\"https:\/\/secure.gravatar.com\/avatar\/a3d551110162b9f876cbbdaaecf75663?s=96&d=blank&r=g\",\"caption\":\"Luisa Fenizola\"},\"url\":\"https:\/\/rioonwatch.org.br\/?author=152\"}]}<\/script>\n<!-- \/ Yoast SEO plugin. -->","yoast_head_json":{"title":"1\u00ba Interc\u00e2mbio da Rede Favela Sustent\u00e1vel de 2019: Babil\u00f4nia com Revolusolar e Favela Org\u00e2nica - RioOnWatch","robots":{"index":"index","follow":"follow","max-snippet":"max-snippet:-1","max-image-preview":"max-image-preview:large","max-video-preview":"max-video-preview:-1"},"canonical":"https:\/\/rioonwatch.org.br\/?p=40420","og_locale":"pt_BR","og_type":"article","og_title":"1\u00ba Interc\u00e2mbio da Rede Favela Sustent\u00e1vel de 2019: Babil\u00f4nia com Revolusolar e Favela Org\u00e2nica - RioOnWatch","og_description":"Click Here for English A\u00a0Rede Favela Sustent\u00e1vel\u00a0(RFS) \u00e9 um projeto da\u00a0Comunidades Catalisadoras (ComCat)* desenhado para construir redes de solidariedade, dar visibilidade, e desenvolver a\u00e7\u00f5es conjuntas que apoiem a expans\u00e3o de iniciativas comunit\u00e1rias que fortalecem a [...]","og_url":"https:\/\/rioonwatch.org.br\/?p=40420","og_site_name":"RioOnWatch","article_published_time":"2019-05-22T12:36:25+00:00","article_modified_time":"2024-09-05T16:12:20+00:00","og_image":[{"width":1200,"height":856,"url":"https:\/\/rioonwatch.org.br\/wp-content\/uploads\/2019\/05\/RFS-babil\u00f4nia.jpeg","type":"image\/jpeg"}],"author":"Luisa Fenizola","twitter_card":"summary_large_image","twitter_misc":{"Escrito por":"Luisa Fenizola","Est. tempo de leitura":"16 minutos"},"schema":{"@context":"https:\/\/schema.org","@graph":[{"@type":"Article","@id":"https:\/\/rioonwatch.org.br\/?p=40420#article","isPartOf":{"@id":"https:\/\/rioonwatch.org.br\/?p=40420"},"author":{"name":"Luisa Fenizola","@id":"https:\/\/rioonwatch.org.br\/#\/schema\/person\/f443c6b55bb6e80842280318076491c5"},"headline":"1\u00ba Interc\u00e2mbio da Rede Favela Sustent\u00e1vel de 2019: Babil\u00f4nia com Revolusolar e Favela Org\u00e2nica","datePublished":"2019-05-22T12:36:25+00:00","dateModified":"2024-09-05T16:12:20+00:00","mainEntityOfPage":{"@id":"https:\/\/rioonwatch.org.br\/?p=40420"},"wordCount":2494,"publisher":{"@id":"https:\/\/rioonwatch.org.br\/#organization"},"image":{"@id":"https:\/\/rioonwatch.org.br\/?p=40420#primaryimage"},"thumbnailUrl":"https:\/\/rioonwatch.org.br\/wp-content\/uploads\/2019\/05\/RFS-babil\u00f4nia.jpeg","keywords":["alimenta\u00e7\u00e3o","Chap\u00e9u Mangueira","criatividade","empoderamento","energia solar","Favela Como Modelo Sustent\u00e1vel","Favela \u00e9 solu\u00e7\u00e3o","gastronomia","Light","lixo zero","mobiliza\u00e7\u00e3o criativa","Morro da Babil\u00f4nia","organiza\u00e7\u00e3o comunit\u00e1ria","Rede Favela Sustent\u00e1vel","risco de deslizamento","S\u00e9rie","S\u00e9rie: Interc\u00e2mbios da RFS","solu\u00e7\u00e3o","solu\u00e7\u00e3o comunit\u00e1ria","suporte t\u00e9cnico","sustentabilidade","tecnologia","tecnologia apropriada","Trabalho e renda","treinamento"],"articleSection":["*Destaque","Escrito por Aliados","Qualidades da Favela","Solu\u00e7\u00f5es","Sustentabilidade"],"inLanguage":"pt-BR"},{"@type":"WebPage","@id":"https:\/\/rioonwatch.org.br\/?p=40420","url":"https:\/\/rioonwatch.org.br\/?p=40420","name":"1\u00ba Interc\u00e2mbio da Rede Favela Sustent\u00e1vel de 2019: Babil\u00f4nia com Revolusolar e Favela Org\u00e2nica - RioOnWatch","isPartOf":{"@id":"https:\/\/rioonwatch.org.br\/#website"},"primaryImageOfPage":{"@id":"https:\/\/rioonwatch.org.br\/?p=40420#primaryimage"},"image":{"@id":"https:\/\/rioonwatch.org.br\/?p=40420#primaryimage"},"thumbnailUrl":"https:\/\/rioonwatch.org.br\/wp-content\/uploads\/2019\/05\/RFS-babil\u00f4nia.jpeg","datePublished":"2019-05-22T12:36:25+00:00","dateModified":"2024-09-05T16:12:20+00:00","breadcrumb":{"@id":"https:\/\/rioonwatch.org.br\/?p=40420#breadcrumb"},"inLanguage":"pt-BR","potentialAction":[{"@type":"ReadAction","target":["https:\/\/rioonwatch.org.br\/?p=40420"]}]},{"@type":"ImageObject","inLanguage":"pt-BR","@id":"https:\/\/rioonwatch.org.br\/?p=40420#primaryimage","url":"https:\/\/rioonwatch.org.br\/wp-content\/uploads\/2019\/05\/RFS-babil\u00f4nia.jpeg","contentUrl":"https:\/\/rioonwatch.org.br\/wp-content\/uploads\/2019\/05\/RFS-babil\u00f4nia.jpeg","width":1200,"height":856,"caption":"Participantes do encontro que chagaram at\u00e9 o final do dia. Foto: Luiza de Andrade"},{"@type":"BreadcrumbList","@id":"https:\/\/rioonwatch.org.br\/?p=40420#breadcrumb","itemListElement":[{"@type":"ListItem","position":1,"name":"In\u00edcio","item":"https:\/\/rioonwatch.org.br\/"},{"@type":"ListItem","position":2,"name":"1\u00ba Interc\u00e2mbio da Rede Favela Sustent\u00e1vel de 2019: Babil\u00f4nia com Revolusolar e Favela Org\u00e2nica"}]},{"@type":"WebSite","@id":"https:\/\/rioonwatch.org.br\/#website","url":"https:\/\/rioonwatch.org.br\/","name":"RioOnWatch","description":"relatos das favelas cariocas","publisher":{"@id":"https:\/\/rioonwatch.org.br\/#organization"},"potentialAction":[{"@type":"SearchAction","target":{"@type":"EntryPoint","urlTemplate":"https:\/\/rioonwatch.org.br\/?s={search_term_string}"},"query-input":{"@type":"PropertyValueSpecification","valueRequired":true,"valueName":"search_term_string"}}],"inLanguage":"pt-BR"},{"@type":"Organization","@id":"https:\/\/rioonwatch.org.br\/#organization","name":"RioOnWatch","url":"https:\/\/rioonwatch.org.br\/","logo":{"@type":"ImageObject","inLanguage":"pt-BR","@id":"https:\/\/rioonwatch.org.br\/#\/schema\/logo\/image\/","url":"https:\/\/rioonwatch.org.br\/wp-content\/uploads\/2021\/06\/RioOnWatchcabecalhoPT11anos-2.png","contentUrl":"https:\/\/rioonwatch.org.br\/wp-content\/uploads\/2021\/06\/RioOnWatchcabecalhoPT11anos-2.png","width":779,"height":277,"caption":"RioOnWatch"},"image":{"@id":"https:\/\/rioonwatch.org.br\/#\/schema\/logo\/image\/"}},{"@type":"Person","@id":"https:\/\/rioonwatch.org.br\/#\/schema\/person\/f443c6b55bb6e80842280318076491c5","name":"Luisa Fenizola","image":{"@type":"ImageObject","inLanguage":"pt-BR","@id":"https:\/\/rioonwatch.org.br\/#\/schema\/person\/image\/","url":"https:\/\/secure.gravatar.com\/avatar\/a3d551110162b9f876cbbdaaecf75663?s=96&d=blank&r=g","contentUrl":"https:\/\/secure.gravatar.com\/avatar\/a3d551110162b9f876cbbdaaecf75663?s=96&d=blank&r=g","caption":"Luisa Fenizola"},"url":"https:\/\/rioonwatch.org.br\/?author=152"}]}},"_links":{"self":[{"href":"https:\/\/rioonwatch.org.br\/index.php?rest_route=\/wp\/v2\/posts\/40420"}],"collection":[{"href":"https:\/\/rioonwatch.org.br\/index.php?rest_route=\/wp\/v2\/posts"}],"about":[{"href":"https:\/\/rioonwatch.org.br\/index.php?rest_route=\/wp\/v2\/types\/post"}],"author":[{"embeddable":true,"href":"https:\/\/rioonwatch.org.br\/index.php?rest_route=\/wp\/v2\/users\/152"}],"replies":[{"embeddable":true,"href":"https:\/\/rioonwatch.org.br\/index.php?rest_route=%2Fwp%2Fv2%2Fcomments&post=40420"}],"version-history":[{"count":26,"href":"https:\/\/rioonwatch.org.br\/index.php?rest_route=\/wp\/v2\/posts\/40420\/revisions"}],"predecessor-version":[{"id":62774,"href":"https:\/\/rioonwatch.org.br\/index.php?rest_route=\/wp\/v2\/posts\/40420\/revisions\/62774"}],"wp:featuredmedia":[{"embeddable":true,"href":"https:\/\/rioonwatch.org.br\/index.php?rest_route=\/wp\/v2\/media\/40421"}],"wp:attachment":[{"href":"https:\/\/rioonwatch.org.br\/index.php?rest_route=%2Fwp%2Fv2%2Fmedia&parent=40420"}],"wp:term":[{"taxonomy":"category","embeddable":true,"href":"https:\/\/rioonwatch.org.br\/index.php?rest_route=%2Fwp%2Fv2%2Fcategories&post=40420"},{"taxonomy":"post_tag","embeddable":true,"href":"https:\/\/rioonwatch.org.br\/index.php?rest_route=%2Fwp%2Fv2%2Ftags&post=40420"},{"taxonomy":"writer","embeddable":true,"href":"https:\/\/rioonwatch.org.br\/index.php?rest_route=%2Fwp%2Fv2%2Fwriter&post=40420"},{"taxonomy":"translator","embeddable":true,"href":"https:\/\/rioonwatch.org.br\/index.php?rest_route=%2Fwp%2Fv2%2Ftranslator&post=40420"},{"taxonomy":"source","embeddable":true,"href":"https:\/\/rioonwatch.org.br\/index.php?rest_route=%2Fwp%2Fv2%2Fsource&post=40420"},{"taxonomy":"ilustrador","embeddable":true,"href":"https:\/\/rioonwatch.org.br\/index.php?rest_route=%2Fwp%2Fv2%2Filustrador&post=40420"},{"taxonomy":"fotografo","embeddable":true,"href":"https:\/\/rioonwatch.org.br\/index.php?rest_route=%2Fwp%2Fv2%2Ffotografo&post=40420"}],"curies":[{"name":"wp","href":"https:\/\/api.w.org\/{rel}","templated":true}]}}