{"id":40447,"date":"2019-05-27T10:53:00","date_gmt":"2019-05-27T13:53:00","guid":{"rendered":"http:\/\/rioonwatch.org.br\/?p=40447"},"modified":"2023-04-08T21:50:57","modified_gmt":"2023-04-09T00:50:57","slug":"essa-terra-e-nossa-vulnerabilizacao-e-resistencia-em-favelas-licoes-do-ttc-do-cano-martin-pena-parte-3","status":"publish","type":"post","link":"https:\/\/rioonwatch.org.br\/?p=40447","title":{"rendered":"Essa Terra \u00c9 Nossa! Vulnerabiliza\u00e7\u00e3o e Resist\u00eancia em Favelas: Li\u00e7\u00f5es do TTC do Ca\u00f1o Mart\u00edn Pe\u00f1a, Parte 3"},"content":{"rendered":"<p style=\"text-align: right;\"><em><strong><a href=\"http:\/\/bit.ly\/2Lsery2\" target=\"_blank\" rel=\"noopener noreferrer\">Click Here for English<\/a><a href=\"http:\/\/bit.ly\/2Lsery2\" target=\"_blank\" rel=\"noopener noreferrer\"><img decoding=\"async\" width=\"20\" height=\"20\" class=\"alignright wp-image-15790\" src=\"http:\/\/rioonwatch.org.br\/wp-content\/uploads\/2012\/08\/EN-standard-e1439583104716.jpg\" \/><\/a><\/strong><\/em><\/p>\n<p><em>Essa \u00e9 a terceira de uma <a href=\"http:\/\/bit.ly\/TTCCano\" target=\"_blank\" rel=\"noopener noreferrer\">s\u00e9rie de cinco mat\u00e9rias<\/a> por <a href=\"http:\/\/bit.ly\/2H1UppT\" target=\"_blank\" rel=\"noopener noreferrer\">Line Algoed<\/a>, doutoranda e pesquisadora da Vrije Universiteit Brussel, e Mar\u00eda E. Hern\u00e1ndez Torrales, professora adjunta na Cl\u00ednica de Assist\u00eancia Jur\u00eddica da Escola de Direito da Universidade de Porto Rico e ex-presidente do conselho administrativo do <a href=\"http:\/\/bit.ly\/2LjM5Wy\" target=\"_blank\" rel=\"noopener noreferrer\">Fideicomiso de la Tierra del Ca\u00f1o Mart\u00edn Pe\u00f1a,<\/a> publicada originalmente na revista Radical Housing Journal, <a href=\"http:\/\/bit.ly\/2Lsery2\" target=\"_blank\" rel=\"noopener noreferrer\">aqui<\/a>.\u00a0<\/em><\/p>\n<p><em>Essa <a href=\"http:\/\/bit.ly\/TTCCano\" target=\"_blank\" rel=\"noopener noreferrer\">s\u00e9rie<\/a> introduz e descreve a cria\u00e7\u00e3o e o funcionamento do <a href=\"http:\/\/bit.ly\/2sDUcQj\" target=\"_blank\" rel=\"noopener noreferrer\">Termo Territorial Coletivo Can\u00f5 Mart\u00edn Pe\u00f1a<\/a>, em Porto Rico, e discorre sobre o capitalismo do desastre ap\u00f3s o <a href=\"http:\/\/bit.ly\/2PK3tlE\" target=\"_blank\" rel=\"noopener noreferrer\">furac\u00e3o Maria<\/a> que fomentou pol\u00edticas de desalojamento na ilha. Ela tamb\u00e9m apresenta como as comunidades do <a href=\"http:\/\/bit.ly\/2Vcs7Sa\" target=\"_blank\" rel=\"noopener noreferrer\">Can\u00f5 Mart\u00edn Pe\u00f1a<\/a> vem respondendo a este quadro, propagando o conhecimento das comunidades do Ca\u00f1o\u2014no \u00e2mbito do <a href=\"http:\/\/bit.ly\/1mig1hx\" target=\"_blank\" rel=\"noopener noreferrer\"> Termo Territorial Coletivo (TTC)<\/a>\u2014e porque esse conhecimento pode ajudar na resist\u00eancia de outras comunidades ao redor do mundo. Leia a s\u00e9rie toda\u00a0<a href=\"http:\/\/bit.ly\/TTCCano\" target=\"_blank\" rel=\"noopener noreferrer\">aqui<\/a>.<\/em><\/p>\n<h3>O Furac\u00e3o Mar\u00eda, o Capitalismo do Desastre e a Resposta dos Moradores do Ca\u00f1o Mart\u00edn Pe\u00f1a<\/h3>\n<p>O <a href=\"http:\/\/bit.ly\/2PK3tlE\" target=\"_blank\" rel=\"noopener noreferrer\">Furac\u00e3o Mar\u00eda<\/a> foi o desastre mais destrutivo em um s\u00e9culo em <a href=\"http:\/\/bit.ly\/2GY6lsH\" target=\"_blank\" rel=\"noopener noreferrer\">Porto Rico<\/a>. \u00c9 estimado que pelo menos <a href=\"https:\/\/glo.bo\/2WXF3YY\" target=\"_blank\" rel=\"noopener noreferrer\">2.975 pessoas morreram<\/a>. Independentemente disso, muitos l\u00edderes pol\u00edticos e elites econ\u00f4micas descreveram os furac\u00f5es como uma oportunidade \u00fanica para reestruturar Porto Rico. &#8220;Este \u00e9 um momento dif\u00edcil, mas tamb\u00e9m \u00e9 uma oportunidade para recome\u00e7ar, para executar reformas adequadas\u2014como a reforma da energia, reformas regulat\u00f3rias, reforma tribut\u00e1ria, reforma educacional e reformas na \u00e1rea da sa\u00fade&#8221;, <a href=\"http:\/\/bit.ly\/2MhQNEN\" target=\"_blank\" rel=\"noopener noreferrer\">afirmou o Governador Rossell\u00f3<\/a><span style=\"font-weight: 400;\">. Apesar de lidar com o processo de recupera\u00e7\u00e3o, o governo tem pressionado por uma agenda de reformas sociais e econ\u00f4micas que foram planejadas antes dos furac\u00f5es, principalmente como parte de medidas de austeridade para lidar com a enorme d\u00edvida p\u00fablica. Sobrecarregados, porto-riquenhos ainda est\u00e3o se recuperando dos efeitos dos furac\u00f5es <a href=\"http:\/\/bit.ly\/2vyb7GF\" target=\"_blank\" rel=\"noopener noreferrer\">Irma<\/a> e Mar\u00eda, tentando reconstruir suas vidas, ao passo que tamb\u00e9m est\u00e3o lidando com o fechamento de escolas, mudan\u00e7as no sistema de pens\u00e3o governamental e leis trabalhistas, acesso limitado a cuidados de sa\u00fade, entre outros.<\/span><\/p>\n<p><a href=\"http:\/\/rioonwatch.org.br\/wp-content\/uploads\/2019\/05\/hurricane-maria-sky-news.jpg\"><img fetchpriority=\"high\" decoding=\"async\" class=\"aligncenter wp-image-40449 size-content\" title=\"Estragos do furac\u00e3o Maria. Foto: Sky News\" src=\"http:\/\/rioonwatch.org.br\/wp-content\/uploads\/2019\/05\/hurricane-maria-sky-news-620x264.jpg\" alt=\"\" width=\"620\" height=\"264\" \/><\/a><\/p>\n<p>Porto Rico tornou-se um grande exemplo do &#8220;<a href=\"http:\/\/bit.ly\/2GYNVry\" target=\"_blank\" rel=\"noopener noreferrer\">capitalismo do desastre<\/a>&#8220;, no qual o trauma coletivo \u00e9 explorado para implementar, mais rapidamente, austeridade extrema e reformas estruturais que j\u00e1 haviam sido planejadas antes do desastre. Tamb\u00e9m incorpora o que Mutter<a href=\"#_ftnb1\" name=\"_ftnrefb1\"><sup>1<\/sup><\/a><span style=\"font-weight: 400;\">\u00a0discute: \u201cos desastres naturais tornam os ricos mais ricos e os pobres ainda mais pobres\u201d. Desastres e o influxo de dinheiro que se segue s\u00e3o uma tenta\u00e7\u00e3o para muitos no poder. \u00c9 uma situa\u00e7\u00e3o que \u00e9 oportuna para manipula\u00e7\u00e3o de ganhos sociais, pol\u00edticos e financeiros.<\/span><\/p>\n<p>A crise econ\u00f4mica sem precedentes da \u00faltima d\u00e9cada, um desastre para a maioria, tem igualmente se tornado uma oportunidade para um pequeno grupo de pessoas que se beneficiam de crises. A d\u00edvida porto-riquenha se tornou um ativo de alta lucratividade para se investir. A imposi\u00e7\u00e3o dos Estados Unidos de uma supervis\u00e3o financeira e um conselho de administra\u00e7\u00e3o n\u00e3o eleitos, por meio do ato de supervis\u00e3o de gest\u00e3o e estabilidade econ\u00f4mica (<a href=\"http:\/\/bit.ly\/2Jwqybi\">PROMESA<\/a>), p\u00f4s um fim \u00e0 j\u00e1 fr\u00e1gil autonomia fiscal do pa\u00eds. Apoiada pela clausula territorial da Constitui\u00e7\u00e3o dos Estados Unidos, o conselho tem o poder de decidir sobre o plano financeiro do pa\u00eds, leis, or\u00e7amento e regula\u00e7\u00f5es a serem impostas a popula\u00e7\u00e3o para pagar <a href=\"http:\/\/bit.ly\/2M8sVTX\" target=\"_blank\" rel=\"noopener noreferrer\">obrigacionistas<\/a>, uma propor\u00e7\u00e3o significativa sendo <a href=\"http:\/\/bit.ly\/2HWczbN\" target=\"_blank\" rel=\"noopener noreferrer\">fundos abutres<\/a>, ou seja, fundos que investem em d\u00edvida que \u00e9 considerada muito fraca e arriscada. Os US$74 bilh\u00f5es da d\u00edvida p\u00fablica porto-riquenha nunca foram auditados e poucos porto-riquenhos conseguem se identificar com o discurso de terem vivido al\u00e9m de suas possibilidades.<\/p>\n<p>Apenas uma crise\u2014real ou percebida\u2014produz uma mudan\u00e7a real, segundo <a href=\"http:\/\/bit.ly\/2WpFGx6\" target=\"_blank\" rel=\"noopener noreferrer\">Milton Friedman<\/a><a href=\"#_ftnb2\" name=\"_ftnrefb2\"><sup>2<\/sup><\/a><span style=\"font-weight: 400;\">. O governo de Porto Rico e a <a href=\"http:\/\/bit.ly\/2WoGfHx\" target=\"_blank\" rel=\"noopener noreferrer\">Junta de Supervis\u00e3o Fiscal<\/a> est\u00e3o de fato usando estas crises econ\u00f4micas e clim\u00e1ticas para produzir mudan\u00e7as reais atrav\u00e9s de uma completa reestrutura\u00e7\u00e3o da sociedade, vendendo ativos p\u00fablicos e instalando uma austeridade brutal.<\/span><\/p>\n<p>Desesperados para melhorar suas condi\u00e7\u00f5es, <a href=\"http:\/\/bit.ly\/2We7DrZ\" target=\"_blank\" rel=\"noopener noreferrer\">estima-se que 400.000<\/a> porto-riquenhos <a href=\"http:\/\/bit.ly\/2MgE2KE\" target=\"_blank\" rel=\"noopener noreferrer\">deixaram a ilha entre outubro de 2017 e fevereiro de 2018<\/a><span style=\"font-weight: 400;\">, al\u00e9m dos <a href=\"http:\/\/bit.ly\/2VVkN92\" target=\"_blank\" rel=\"noopener noreferrer\">estimados 500.000 porto-riquenhos que j\u00e1 haviam sa\u00eddo<\/a> antes dos furac\u00f5es desde a crise econ\u00f4mica iniciada em 2006<a href=\"#_ftnb5\" name=\"_ftnrefb5\"><\/a><span style=\"font-weight: 400;\">. Simultaneamente, o governo de Porto Rico est\u00e1 atraindo estrangeiros ricos a se mudarem para a ilha com o incentivo de um imposto corporativo de 4% aprovado em 2012, em oposi\u00e7\u00e3o ao imposto corporativo de 21% que eles pagariam nos EUA. Estas isen\u00e7\u00f5es fiscais n\u00e3o se aplicam aos porto-riquenhos que j\u00e1 vivem na ilha. Porto Rico est\u00e1 passando por uma troca de popula\u00e7\u00e3o que est\u00e1 de acordo com as pol\u00edticas anteriores de desconcentra\u00e7\u00e3o da pobreza do in\u00edcio do s\u00e9culo XX, quando era dito que havia muitos pobres em Porto Rico e que precisavam de mais \u201chomens com capital, energia e empreendimento\u201d<a href=\"#_ftnb3\" name=\"_ftnrefb3\"><sup>3<\/sup><\/a><a href=\"#_ftnb4\" name=\"_ftnrefb4\"><\/a><span style=\"font-weight: 400;\">. Como Oliver-Smith<a href=\"#_ftnb4\" name=\"_ftnrefb4\"><sup>4<\/sup><\/a>\u00a0<span style=\"font-weight: 400;\">coloca: \u201cO que natureza come\u00e7ou, o governo terminaria\u201d.<\/span><\/span><\/span><\/span><\/p>\n<p><a href=\"http:\/\/rioonwatch.org.br\/wp-content\/uploads\/2019\/05\/puerto-rico-hurricane-maria-ABC-news.jpg\"><img decoding=\"async\" class=\"aligncenter wp-image-40450 size-content\" title=\"Estragos do furac\u00e3o Maria. Foto: ABC News\" src=\"http:\/\/rioonwatch.org.br\/wp-content\/uploads\/2019\/05\/puerto-rico-hurricane-maria-ABC-news-620x264.jpg\" alt=\"\" width=\"620\" height=\"264\" srcset=\"https:\/\/rioonwatch.org.br\/wp-content\/uploads\/2019\/05\/puerto-rico-hurricane-maria-ABC-news-620x264.jpg 620w, https:\/\/rioonwatch.org.br\/wp-content\/uploads\/2019\/05\/puerto-rico-hurricane-maria-ABC-news-940x400.jpg 940w\" sizes=\"(max-width: 620px) 100vw, 620px\" \/><\/a><\/p>\n<h3>A Resposta das Comunidades do Ca\u00f1o para o Furac\u00e3o<\/h3>\n<p>Em 20 de setembro de 2017, duas semanas ap\u00f3s o Furac\u00e3o Irma, o Furac\u00e3o Mar\u00eda atingiu Porto Rico. Na \u00e1rea do Ca\u00f1o, mais de 75 fam\u00edlias ficaram desabrigadas, aproximadamente 1.200 telhados foram perdidos ou severamente danificados, e 70% das terras comunit\u00e1rias foram inundadas por \u00e1gua contaminada. No entanto, a comunidade organizada, seus colaboradores, e no total mais de 700 volunt\u00e1rios, responderam rapidamente para avaliar os danos e fornecer primeiros socorros e al\u00edvio. A organiza\u00e7\u00e3o de base e um forte quadro institucional composto pelo <a href=\"http:\/\/bit.ly\/2OB4v20\">G8<\/a> e suas organiza\u00e7\u00f5es membros, <a href=\"http:\/\/bit.ly\/2NFD75R\" target=\"_blank\" rel=\"noopener noreferrer\">ENLACE<\/a> e o <a href=\"http:\/\/bit.ly\/2CznhQY\" target=\"_blank\" rel=\"noopener noreferrer\">TTC do Ca\u00f1o<\/a>, facilitaram a recupera\u00e7\u00e3o na \u00e1rea.<\/p>\n<p>A falta de eletricidade e comunica\u00e7\u00f5es levou muitos moradores a deixarem Porto Rico e encontrar apoio em fam\u00edlias nos EUA. Algumas fam\u00edlias foram negadas assist\u00eancia pela Ag\u00eancia Federal de Administra\u00e7\u00e3o e Emerg\u00eancias (<a href=\"http:\/\/bit.ly\/2VQUh0f\">FEMA<\/a>) dos EUA e, em vez disso, foram instados a abandonar a ilha como parte das pol\u00edticas de assist\u00eancia. Mas a maior parte dos moradores tiveram a chance de ficar e come\u00e7ar um novo. As comunidades responderam imediatamente \u00e0 situa\u00e7\u00e3o de crise, sabendo que esperar ajuda governamental poderia demorar demais. Dentre um m\u00eas ap\u00f3s o Mar\u00eda, 800 lonas foram entregues pelo Corpo do Ex\u00e9rcito dos EUA e distribu\u00eddos pelo ENLACE, e fam\u00edlias tiveram acesso a alimentos, \u00e1gua, cuidados m\u00e9dicos e at\u00e9 dinheiro. Material vegetativo e detritos foram coletados, e kits para lidar com mosquitos e pragas de ratos foram distribu\u00eddos. Moradores se tornaram atores em vez de v\u00edtimas de desastres, que, segundo Oliver-Smith<span style=\"font-weight: 400;\"><a href=\"#_ftnb5\" name=\"_ftnrefb6\"><sup>5<\/sup><\/a><\/span><span style=\"font-weight: 400;\">, \u00e9 essencial para as comunidades se recuperarem depois de cat\u00e1strofes. Juntamente com doa\u00e7\u00f5es de funda\u00e7\u00f5es locais e norte-americanas, 45 novas parcerias e mais de 700 volunt\u00e1rios externos contribu\u00edram para o esfor\u00e7o. O G-8 selecionou os moradores mais vulner\u00e1veis para ajudar na constru\u00e7\u00e3o de telhados permanentes. Hoje, atividades est\u00e3o em andamento conforme este texto est\u00e1 sendo escrito. Com a ajuda de profissionais, tr\u00eas casas modelo resistentes ser\u00e3o constru\u00eddas.<\/span><\/p>\n<p><a href=\"http:\/\/rioonwatch.org.br\/wp-content\/uploads\/2019\/05\/Furac\u00e3o-Maria-Reconstru\u00e7\u00e3o-de-Telhados.-Foto-El-Nuevo-D\u00eda.jpg\"><img loading=\"lazy\" decoding=\"async\" class=\"aligncenter wp-image-40451 size-content\" title=\"Telhados reconstru\u00eddos ap\u00f3s o Furac\u00e3o Maria. Foto: El Nuevo D\u00eda\" src=\"http:\/\/rioonwatch.org.br\/wp-content\/uploads\/2019\/05\/Furac\u00e3o-Maria-Reconstru\u00e7\u00e3o-de-Telhados.-Foto-El-Nuevo-D\u00eda-620x264.jpg\" alt=\"\" width=\"620\" height=\"264\" \/><\/a><\/p>\n<p>As comunidades do Ca\u00f1o t\u00eam apontado que a implementa\u00e7\u00e3o do <a href=\"http:\/\/bit.ly\/2LDXcJS\" target=\"_blank\" rel=\"noopener noreferrer\">Plano do Distrito<\/a> \u00e9 chave para reduzir os riscos de enchente no Distrito e na \u00c1rea Metropolitana de San Juan, e que o Projeto ENLACE tem o potencial de se tornar um exemplo de a\u00e7\u00e3o justa, equitativa e de recupera\u00e7\u00e3o participativa. Embora inclu\u00eddo na solicita\u00e7\u00e3o do governo de Porto Rico para a assist\u00eancia federal, a restaura\u00e7\u00e3o do ecossistema do Ca\u00f1o por US$215 milh\u00f5es n\u00e3o foi escolhida entre os projetos a serem financiados com os US$15 bilh\u00f5es em fundos de recupera\u00e7\u00e3o designados ao corpo de engenheiros do ex\u00e9rcito dos EUA sob o Or\u00e7amento Bipartid\u00e1rio de 2018 (BBA). O <a href=\"http:\/\/bit.ly\/2QtUMwu\" target=\"_blank\" rel=\"noopener noreferrer\">Departamento de Habita\u00e7\u00e3o e Desenvolvimento Urbano dos EUA (HUD)<\/a> alocou US$20 bilh\u00f5es do Subs\u00eddio Global para Desenvolvimento Comunit\u00e1rio-Recupera\u00e7\u00e3o de Desastres (<a href=\"http:\/\/bit.ly\/2W6vABY\" target=\"_blank\" rel=\"noopener noreferrer\">CDBG-DR<\/a>) de fundos para Porto Rico, cujo uso ser\u00e1 determinado pelo Governo de Porto Rico de acordo com as regula\u00e7\u00f5es do HUD. Esses fundos apresentam uma oportunidade para financiar integralmente os principais aspectos do Plano do Distrito. No entanto, o Plano de A\u00e7\u00e3o apresentado para os primeiros US$8.3 bilh\u00f5es apresenta estrat\u00e9gias que promovem o deslocamento de comunidades vulner\u00e1veis, mesmo onde a mitiga\u00e7\u00e3o de riscos no local \u00e9 vi\u00e1vel. Por exemplo, a estrat\u00e9gia habitacional se concentra em fornecer para fam\u00edlias individuais op\u00e7\u00f5es para se reassentarem fora da v\u00e1rzea que inunda e pro\u00edbe a reconstru\u00e7\u00e3o e reabilita\u00e7\u00e3o dentro da v\u00e1rzea. Em comunidades como Martin Pe\u00f1a, onde a redu\u00e7\u00e3o de enchentes \u00e9 vi\u00e1vel, negar a possibilidade de construir na v\u00e1rzea acima do n\u00edvel de inunda\u00e7\u00e3o pode ter o efeito de deslocar fam\u00edlias necessitadas. Ambos o governador e o secret\u00e1rio de habita\u00e7\u00e3o expressaram recentemente, que a nova pol\u00edtica p\u00fablica sobre comunidades em \u00e1reas sens\u00edveis se sintetiza em \u201cse acab\u00f3 el ay bendito\u201d (a boa vontade acabou). No entanto, parece que esta pol\u00edtica ter\u00e1 como alvo apenas as comunidades de baixa renda, j\u00e1 que a reconstru\u00e7\u00e3o no local est\u00e1 dispon\u00edvel para outros que podem pagar. Apesar de todos os <a href=\"http:\/\/bit.ly\/2hq7gD6\" target=\"_blank\" rel=\"noopener noreferrer\">esfor\u00e7os dos moradores do Ca\u00f1o<\/a> para parar os deslocamentos em suas comunidades, o dano \u00e0s casas est\u00e1 sendo usado pelo governo para incitar moradores a se deslocarem para outros locais. O TTC do Ca\u00f1o est\u00e1 observando isso muito de perto para certificar-se de que moradores podem ficar em seguran\u00e7a em suas terras, reassentando fam\u00edlias somente quando necess\u00e1rio e dentro da comunidade, e com o apoio necess\u00e1rio para superar futuros eventos naturais extremos.<\/p>\n<p><strong>Refer\u00eancias Bibliogr\u00e1ficas<\/strong><\/p>\n<p><span style=\"font-weight: 400;\"><a href=\"#_ftnrefb1\" name=\"_ftnb1\">[1]<\/a> Mutter, J.C. <em>The Disaster Profiteers: How natural disasters make the rich richer and the poor even poorer<\/em>. New York: St. Martin&#8217;s Press (2015: 158-159).<\/span><br \/>\n<span style=\"font-weight: 400;\"><a href=\"#_ftnrefb2\" name=\"_ftnb2\">[2]<\/a> Klein, N. <em>The Shock Doctrine: The Rise of Disaster Capitalism<\/em>. London: Penguin Books (2007: 20).<\/span><br \/>\n<span style=\"font-weight: 400;\"><a href=\"#_ftnrefb3\" name=\"_ftnb3\">[3]<\/a> Whalen, C. T. \u201cColonialism, Citizenship, and the Making of the Puerto Rican Diaspora: An Introduction\u201d, in: C.T. Whalen &amp; V. V\u00e1zquez-Hern\u00e1ndez. <em>The Puerto Rican Diaspora: Historical Perspectives<\/em>, pp. 1-42. Philadelphia: Temple University Press (2005: 7).<\/span><br \/>\n<span style=\"font-weight: 400;\"><a href=\"#_ftnrefb4\" name=\"_ftnb4\">[4]<\/a> Oliver-Smith, A. \u201cCommunities After Catastrophe. Reconstructing the Material, Reconstituting the Social\u201d, in: S.E. Hyland (ed) <em>Community Building in the 21st Century<\/em>, pp. 45-70. Santa Fe: School of American Research Press (2005: 58).<\/span><br \/>\n<span style=\"font-weight: 400;\"><a href=\"#_ftnrefb5\" name=\"_ftnb5\">[5]<\/a> <\/span><span style=\"font-weight: 400;\">Oliver-Smith, A. \u201cCommunities After Catastrophe. Reconstructing the Material, Reconstituting the Social\u201d, in: S.E. Hyland (ed) <em>Community Building in the 21st Century<\/em>, pp. 45-70. Santa Fe: School of American Research Press (2005: 53).<\/span><\/p>\n<p><em>Esta \u00e9 a terceira mat\u00e9ria de uma <a href=\"http:\/\/bit.ly\/TTCCano\" target=\"_blank\" rel=\"noopener noreferrer\">s\u00e9rie de cinco<\/a> apresentando Li\u00e7\u00f5es Oriundas da Vulnerabiliza\u00e7\u00e3o e Resist\u00eancia do TTC Ca\u00f1o Mart\u00edn Pe\u00f1a.<\/em><\/p>\n<!-- AddThis Advanced Settings generic via filter on the_content --><!-- AddThis Share Buttons generic via filter on the_content -->","protected":false},"excerpt":{"rendered":"<div class=\"mh-excerpt\"><p>Click Here for English Essa \u00e9 a terceira de uma s\u00e9rie de cinco mat\u00e9rias por Line Algoed, doutoranda e pesquisadora da Vrije Universiteit Brussel, e Mar\u00eda E. Hern\u00e1ndez Torrales, professora adjunta na Cl\u00ednica de Assist\u00eancia <a class=\"mh-excerpt-more\" href=\"https:\/\/rioonwatch.org.br\/?p=40447\" title=\"Essa Terra \u00c9 Nossa! Vulnerabiliza\u00e7\u00e3o e Resist\u00eancia em Favelas: Li\u00e7\u00f5es do TTC do Ca\u00f1o Mart\u00edn Pe\u00f1a, Parte 3\">[&#8230;]<\/a><!-- AddThis Advanced Settings generic via filter on get_the_excerpt --><!-- AddThis Share Buttons generic via filter on get_the_excerpt --><\/p>\n<\/div>","protected":false},"author":152,"featured_media":40448,"comment_status":"closed","ping_status":"closed","sticky":false,"template":"","format":"standard","meta":{"_acf_changed":false,"_monsterinsights_skip_tracking":false,"_monsterinsights_sitenote_active":false,"_monsterinsights_sitenote_note":"","_monsterinsights_sitenote_category":0,"footnotes":""},"categories":[2323,1621,1632,342,1634],"tags":[911,1170,2633,2522,2629,550,965,396,818,276,2138,14,2289,2636,711],"writer":[2630,2631],"translator":[2521],"source":[2632],"ilustrador":[],"fotografo":[],"class_list":{"0":"post-40447","1":"post","2":"type-post","3":"status-publish","4":"format-standard","5":"has-post-thumbnail","7":"category-urbanismopopular","8":"category-destaque","9":"category-pesquisa-e-analise","10":"category-solucoes","11":"category-traducoes","12":"tag-area-de-risco","13":"tag-america-latina","14":"tag-auto-gestao","15":"tag-cano-martin-pena","16":"tag-caribe","17":"tag-direito-a-terra","18":"tag-enchente","19":"tag-especulacao-imobiliaria","20":"tag-eua","21":"tag-mutirao","22":"tag-porto-rico","23":"tag-remocao","24":"tag-serie","25":"tag-serie-terra-e-nossa","26":"tag-clt","27":"writer-line-algoed","28":"writer-maria-e-hernandez-torrales","29":"translator-helena-bulgarelli","30":"source-radical-housing-journal"},"acf":[],"yoast_head":"<!-- This site is optimized with the Yoast SEO plugin v25.6 - https:\/\/yoast.com\/wordpress\/plugins\/seo\/ -->\n<title>Essa Terra \u00c9 Nossa! Vulnerabiliza\u00e7\u00e3o e Resist\u00eancia em Favelas: Li\u00e7\u00f5es do TTC do Ca\u00f1o Mart\u00edn Pe\u00f1a, Parte 3 - RioOnWatch<\/title>\n<meta name=\"robots\" content=\"index, follow, max-snippet:-1, max-image-preview:large, max-video-preview:-1\" \/>\n<link rel=\"canonical\" href=\"https:\/\/rioonwatch.org.br\/?p=40447\" \/>\n<meta property=\"og:locale\" content=\"pt_BR\" \/>\n<meta property=\"og:type\" content=\"article\" \/>\n<meta property=\"og:title\" content=\"Essa Terra \u00c9 Nossa! Vulnerabiliza\u00e7\u00e3o e Resist\u00eancia em Favelas: Li\u00e7\u00f5es do TTC do Ca\u00f1o Mart\u00edn Pe\u00f1a, Parte 3 - RioOnWatch\" \/>\n<meta property=\"og:description\" content=\"Click Here for English Essa \u00e9 a terceira de uma s\u00e9rie de cinco mat\u00e9rias por Line Algoed, doutoranda e pesquisadora da Vrije Universiteit Brussel, e Mar\u00eda E. Hern\u00e1ndez Torrales, professora adjunta na Cl\u00ednica de Assist\u00eancia [...]\" \/>\n<meta property=\"og:url\" content=\"https:\/\/rioonwatch.org.br\/?p=40447\" \/>\n<meta property=\"og:site_name\" content=\"RioOnWatch\" \/>\n<meta property=\"article:published_time\" content=\"2019-05-27T13:53:00+00:00\" \/>\n<meta property=\"article:modified_time\" content=\"2023-04-09T00:50:57+00:00\" \/>\n<meta property=\"og:image\" content=\"https:\/\/rioonwatch.org.br\/wp-content\/uploads\/2019\/05\/hurricane-maria-wall-street-journal.jpg\" \/>\n\t<meta property=\"og:image:width\" content=\"1280\" \/>\n\t<meta property=\"og:image:height\" content=\"853\" \/>\n\t<meta property=\"og:image:type\" content=\"image\/jpeg\" \/>\n<meta name=\"author\" content=\"Luisa Fenizola\" \/>\n<meta name=\"twitter:card\" content=\"summary_large_image\" \/>\n<meta name=\"twitter:label1\" content=\"Escrito por\" \/>\n\t<meta name=\"twitter:data1\" content=\"Luisa Fenizola\" \/>\n\t<meta name=\"twitter:label2\" content=\"Est. tempo de leitura\" \/>\n\t<meta name=\"twitter:data2\" content=\"9 minutos\" \/>\n<script type=\"application\/ld+json\" class=\"yoast-schema-graph\">{\"@context\":\"https:\/\/schema.org\",\"@graph\":[{\"@type\":\"Article\",\"@id\":\"https:\/\/rioonwatch.org.br\/?p=40447#article\",\"isPartOf\":{\"@id\":\"https:\/\/rioonwatch.org.br\/?p=40447\"},\"author\":{\"name\":\"Luisa Fenizola\",\"@id\":\"https:\/\/rioonwatch.org.br\/#\/schema\/person\/f443c6b55bb6e80842280318076491c5\"},\"headline\":\"Essa Terra \u00c9 Nossa! Vulnerabiliza\u00e7\u00e3o e Resist\u00eancia em Favelas: Li\u00e7\u00f5es do TTC do Ca\u00f1o Mart\u00edn Pe\u00f1a, Parte 3\",\"datePublished\":\"2019-05-27T13:53:00+00:00\",\"dateModified\":\"2023-04-09T00:50:57+00:00\",\"mainEntityOfPage\":{\"@id\":\"https:\/\/rioonwatch.org.br\/?p=40447\"},\"wordCount\":1862,\"publisher\":{\"@id\":\"https:\/\/rioonwatch.org.br\/#organization\"},\"image\":{\"@id\":\"https:\/\/rioonwatch.org.br\/?p=40447#primaryimage\"},\"thumbnailUrl\":\"https:\/\/rioonwatch.org.br\/wp-content\/uploads\/2019\/05\/hurricane-maria-wall-street-journal.jpg\",\"keywords\":[\"\\\"\u00e1rea de risco\\\"\",\"Am\u00e9rica Latina\",\"autogest\u00e3o\",\"Ca\u00f1o Mart\u00edn Pe\u00f1a\",\"Caribe\",\"direito \u00e0 terra\",\"enchente\",\"especula\u00e7\u00e3o imobili\u00e1ria\",\"EUA\",\"mutir\u00e3o\",\"Porto Rico\",\"Remo\u00e7\u00e3o\",\"S\u00e9rie\",\"S\u00e9rie: Terra \u00c9 Nossa\",\"Termo Territorial Coletivo (TTC) \/ Community Land Trust (CLT)\"],\"articleSection\":[\"#UrbanismoPopular\",\"*Destaque\",\"Dados e Pesquisa\",\"Solu\u00e7\u00f5es\",\"Traduzidas do Ingl\u00eas\"],\"inLanguage\":\"pt-BR\"},{\"@type\":\"WebPage\",\"@id\":\"https:\/\/rioonwatch.org.br\/?p=40447\",\"url\":\"https:\/\/rioonwatch.org.br\/?p=40447\",\"name\":\"Essa Terra \u00c9 Nossa! Vulnerabiliza\u00e7\u00e3o e Resist\u00eancia em Favelas: Li\u00e7\u00f5es do TTC do Ca\u00f1o Mart\u00edn Pe\u00f1a, Parte 3 - RioOnWatch\",\"isPartOf\":{\"@id\":\"https:\/\/rioonwatch.org.br\/#website\"},\"primaryImageOfPage\":{\"@id\":\"https:\/\/rioonwatch.org.br\/?p=40447#primaryimage\"},\"image\":{\"@id\":\"https:\/\/rioonwatch.org.br\/?p=40447#primaryimage\"},\"thumbnailUrl\":\"https:\/\/rioonwatch.org.br\/wp-content\/uploads\/2019\/05\/hurricane-maria-wall-street-journal.jpg\",\"datePublished\":\"2019-05-27T13:53:00+00:00\",\"dateModified\":\"2023-04-09T00:50:57+00:00\",\"breadcrumb\":{\"@id\":\"https:\/\/rioonwatch.org.br\/?p=40447#breadcrumb\"},\"inLanguage\":\"pt-BR\",\"potentialAction\":[{\"@type\":\"ReadAction\",\"target\":[\"https:\/\/rioonwatch.org.br\/?p=40447\"]}]},{\"@type\":\"ImageObject\",\"inLanguage\":\"pt-BR\",\"@id\":\"https:\/\/rioonwatch.org.br\/?p=40447#primaryimage\",\"url\":\"https:\/\/rioonwatch.org.br\/wp-content\/uploads\/2019\/05\/hurricane-maria-wall-street-journal.jpg\",\"contentUrl\":\"https:\/\/rioonwatch.org.br\/wp-content\/uploads\/2019\/05\/hurricane-maria-wall-street-journal.jpg\",\"width\":1280,\"height\":853,\"caption\":\"Vias alagadas pelo Furac\u00e3o Maria. Foto: Wall Street Journal\"},{\"@type\":\"BreadcrumbList\",\"@id\":\"https:\/\/rioonwatch.org.br\/?p=40447#breadcrumb\",\"itemListElement\":[{\"@type\":\"ListItem\",\"position\":1,\"name\":\"In\u00edcio\",\"item\":\"https:\/\/rioonwatch.org.br\/\"},{\"@type\":\"ListItem\",\"position\":2,\"name\":\"Essa Terra \u00c9 Nossa! Vulnerabiliza\u00e7\u00e3o e Resist\u00eancia em Favelas: Li\u00e7\u00f5es do TTC do Ca\u00f1o Mart\u00edn Pe\u00f1a, Parte 3\"}]},{\"@type\":\"WebSite\",\"@id\":\"https:\/\/rioonwatch.org.br\/#website\",\"url\":\"https:\/\/rioonwatch.org.br\/\",\"name\":\"RioOnWatch\",\"description\":\"relatos das favelas cariocas\",\"publisher\":{\"@id\":\"https:\/\/rioonwatch.org.br\/#organization\"},\"potentialAction\":[{\"@type\":\"SearchAction\",\"target\":{\"@type\":\"EntryPoint\",\"urlTemplate\":\"https:\/\/rioonwatch.org.br\/?s={search_term_string}\"},\"query-input\":{\"@type\":\"PropertyValueSpecification\",\"valueRequired\":true,\"valueName\":\"search_term_string\"}}],\"inLanguage\":\"pt-BR\"},{\"@type\":\"Organization\",\"@id\":\"https:\/\/rioonwatch.org.br\/#organization\",\"name\":\"RioOnWatch\",\"url\":\"https:\/\/rioonwatch.org.br\/\",\"logo\":{\"@type\":\"ImageObject\",\"inLanguage\":\"pt-BR\",\"@id\":\"https:\/\/rioonwatch.org.br\/#\/schema\/logo\/image\/\",\"url\":\"https:\/\/rioonwatch.org.br\/wp-content\/uploads\/2021\/06\/RioOnWatchcabecalhoPT11anos-2.png\",\"contentUrl\":\"https:\/\/rioonwatch.org.br\/wp-content\/uploads\/2021\/06\/RioOnWatchcabecalhoPT11anos-2.png\",\"width\":779,\"height\":277,\"caption\":\"RioOnWatch\"},\"image\":{\"@id\":\"https:\/\/rioonwatch.org.br\/#\/schema\/logo\/image\/\"}},{\"@type\":\"Person\",\"@id\":\"https:\/\/rioonwatch.org.br\/#\/schema\/person\/f443c6b55bb6e80842280318076491c5\",\"name\":\"Luisa Fenizola\",\"image\":{\"@type\":\"ImageObject\",\"inLanguage\":\"pt-BR\",\"@id\":\"https:\/\/rioonwatch.org.br\/#\/schema\/person\/image\/\",\"url\":\"https:\/\/secure.gravatar.com\/avatar\/a3d551110162b9f876cbbdaaecf75663?s=96&d=blank&r=g\",\"contentUrl\":\"https:\/\/secure.gravatar.com\/avatar\/a3d551110162b9f876cbbdaaecf75663?s=96&d=blank&r=g\",\"caption\":\"Luisa Fenizola\"},\"url\":\"https:\/\/rioonwatch.org.br\/?author=152\"}]}<\/script>\n<!-- \/ Yoast SEO plugin. -->","yoast_head_json":{"title":"Essa Terra \u00c9 Nossa! Vulnerabiliza\u00e7\u00e3o e Resist\u00eancia em Favelas: Li\u00e7\u00f5es do TTC do Ca\u00f1o Mart\u00edn Pe\u00f1a, Parte 3 - RioOnWatch","robots":{"index":"index","follow":"follow","max-snippet":"max-snippet:-1","max-image-preview":"max-image-preview:large","max-video-preview":"max-video-preview:-1"},"canonical":"https:\/\/rioonwatch.org.br\/?p=40447","og_locale":"pt_BR","og_type":"article","og_title":"Essa Terra \u00c9 Nossa! Vulnerabiliza\u00e7\u00e3o e Resist\u00eancia em Favelas: Li\u00e7\u00f5es do TTC do Ca\u00f1o Mart\u00edn Pe\u00f1a, Parte 3 - RioOnWatch","og_description":"Click Here for English Essa \u00e9 a terceira de uma s\u00e9rie de cinco mat\u00e9rias por Line Algoed, doutoranda e pesquisadora da Vrije Universiteit Brussel, e Mar\u00eda E. Hern\u00e1ndez Torrales, professora adjunta na Cl\u00ednica de Assist\u00eancia [...]","og_url":"https:\/\/rioonwatch.org.br\/?p=40447","og_site_name":"RioOnWatch","article_published_time":"2019-05-27T13:53:00+00:00","article_modified_time":"2023-04-09T00:50:57+00:00","og_image":[{"width":1280,"height":853,"url":"https:\/\/rioonwatch.org.br\/wp-content\/uploads\/2019\/05\/hurricane-maria-wall-street-journal.jpg","type":"image\/jpeg"}],"author":"Luisa Fenizola","twitter_card":"summary_large_image","twitter_misc":{"Escrito por":"Luisa Fenizola","Est. tempo de leitura":"9 minutos"},"schema":{"@context":"https:\/\/schema.org","@graph":[{"@type":"Article","@id":"https:\/\/rioonwatch.org.br\/?p=40447#article","isPartOf":{"@id":"https:\/\/rioonwatch.org.br\/?p=40447"},"author":{"name":"Luisa Fenizola","@id":"https:\/\/rioonwatch.org.br\/#\/schema\/person\/f443c6b55bb6e80842280318076491c5"},"headline":"Essa Terra \u00c9 Nossa! Vulnerabiliza\u00e7\u00e3o e Resist\u00eancia em Favelas: Li\u00e7\u00f5es do TTC do Ca\u00f1o Mart\u00edn Pe\u00f1a, Parte 3","datePublished":"2019-05-27T13:53:00+00:00","dateModified":"2023-04-09T00:50:57+00:00","mainEntityOfPage":{"@id":"https:\/\/rioonwatch.org.br\/?p=40447"},"wordCount":1862,"publisher":{"@id":"https:\/\/rioonwatch.org.br\/#organization"},"image":{"@id":"https:\/\/rioonwatch.org.br\/?p=40447#primaryimage"},"thumbnailUrl":"https:\/\/rioonwatch.org.br\/wp-content\/uploads\/2019\/05\/hurricane-maria-wall-street-journal.jpg","keywords":["\"\u00e1rea de risco\"","Am\u00e9rica Latina","autogest\u00e3o","Ca\u00f1o Mart\u00edn Pe\u00f1a","Caribe","direito \u00e0 terra","enchente","especula\u00e7\u00e3o imobili\u00e1ria","EUA","mutir\u00e3o","Porto Rico","Remo\u00e7\u00e3o","S\u00e9rie","S\u00e9rie: Terra \u00c9 Nossa","Termo Territorial Coletivo (TTC) \/ Community Land Trust (CLT)"],"articleSection":["#UrbanismoPopular","*Destaque","Dados e Pesquisa","Solu\u00e7\u00f5es","Traduzidas do Ingl\u00eas"],"inLanguage":"pt-BR"},{"@type":"WebPage","@id":"https:\/\/rioonwatch.org.br\/?p=40447","url":"https:\/\/rioonwatch.org.br\/?p=40447","name":"Essa Terra \u00c9 Nossa! Vulnerabiliza\u00e7\u00e3o e Resist\u00eancia em Favelas: Li\u00e7\u00f5es do TTC do Ca\u00f1o Mart\u00edn Pe\u00f1a, Parte 3 - RioOnWatch","isPartOf":{"@id":"https:\/\/rioonwatch.org.br\/#website"},"primaryImageOfPage":{"@id":"https:\/\/rioonwatch.org.br\/?p=40447#primaryimage"},"image":{"@id":"https:\/\/rioonwatch.org.br\/?p=40447#primaryimage"},"thumbnailUrl":"https:\/\/rioonwatch.org.br\/wp-content\/uploads\/2019\/05\/hurricane-maria-wall-street-journal.jpg","datePublished":"2019-05-27T13:53:00+00:00","dateModified":"2023-04-09T00:50:57+00:00","breadcrumb":{"@id":"https:\/\/rioonwatch.org.br\/?p=40447#breadcrumb"},"inLanguage":"pt-BR","potentialAction":[{"@type":"ReadAction","target":["https:\/\/rioonwatch.org.br\/?p=40447"]}]},{"@type":"ImageObject","inLanguage":"pt-BR","@id":"https:\/\/rioonwatch.org.br\/?p=40447#primaryimage","url":"https:\/\/rioonwatch.org.br\/wp-content\/uploads\/2019\/05\/hurricane-maria-wall-street-journal.jpg","contentUrl":"https:\/\/rioonwatch.org.br\/wp-content\/uploads\/2019\/05\/hurricane-maria-wall-street-journal.jpg","width":1280,"height":853,"caption":"Vias alagadas pelo Furac\u00e3o Maria. Foto: Wall Street Journal"},{"@type":"BreadcrumbList","@id":"https:\/\/rioonwatch.org.br\/?p=40447#breadcrumb","itemListElement":[{"@type":"ListItem","position":1,"name":"In\u00edcio","item":"https:\/\/rioonwatch.org.br\/"},{"@type":"ListItem","position":2,"name":"Essa Terra \u00c9 Nossa! Vulnerabiliza\u00e7\u00e3o e Resist\u00eancia em Favelas: Li\u00e7\u00f5es do TTC do Ca\u00f1o Mart\u00edn Pe\u00f1a, Parte 3"}]},{"@type":"WebSite","@id":"https:\/\/rioonwatch.org.br\/#website","url":"https:\/\/rioonwatch.org.br\/","name":"RioOnWatch","description":"relatos das favelas cariocas","publisher":{"@id":"https:\/\/rioonwatch.org.br\/#organization"},"potentialAction":[{"@type":"SearchAction","target":{"@type":"EntryPoint","urlTemplate":"https:\/\/rioonwatch.org.br\/?s={search_term_string}"},"query-input":{"@type":"PropertyValueSpecification","valueRequired":true,"valueName":"search_term_string"}}],"inLanguage":"pt-BR"},{"@type":"Organization","@id":"https:\/\/rioonwatch.org.br\/#organization","name":"RioOnWatch","url":"https:\/\/rioonwatch.org.br\/","logo":{"@type":"ImageObject","inLanguage":"pt-BR","@id":"https:\/\/rioonwatch.org.br\/#\/schema\/logo\/image\/","url":"https:\/\/rioonwatch.org.br\/wp-content\/uploads\/2021\/06\/RioOnWatchcabecalhoPT11anos-2.png","contentUrl":"https:\/\/rioonwatch.org.br\/wp-content\/uploads\/2021\/06\/RioOnWatchcabecalhoPT11anos-2.png","width":779,"height":277,"caption":"RioOnWatch"},"image":{"@id":"https:\/\/rioonwatch.org.br\/#\/schema\/logo\/image\/"}},{"@type":"Person","@id":"https:\/\/rioonwatch.org.br\/#\/schema\/person\/f443c6b55bb6e80842280318076491c5","name":"Luisa Fenizola","image":{"@type":"ImageObject","inLanguage":"pt-BR","@id":"https:\/\/rioonwatch.org.br\/#\/schema\/person\/image\/","url":"https:\/\/secure.gravatar.com\/avatar\/a3d551110162b9f876cbbdaaecf75663?s=96&d=blank&r=g","contentUrl":"https:\/\/secure.gravatar.com\/avatar\/a3d551110162b9f876cbbdaaecf75663?s=96&d=blank&r=g","caption":"Luisa Fenizola"},"url":"https:\/\/rioonwatch.org.br\/?author=152"}]}},"_links":{"self":[{"href":"https:\/\/rioonwatch.org.br\/index.php?rest_route=\/wp\/v2\/posts\/40447"}],"collection":[{"href":"https:\/\/rioonwatch.org.br\/index.php?rest_route=\/wp\/v2\/posts"}],"about":[{"href":"https:\/\/rioonwatch.org.br\/index.php?rest_route=\/wp\/v2\/types\/post"}],"author":[{"embeddable":true,"href":"https:\/\/rioonwatch.org.br\/index.php?rest_route=\/wp\/v2\/users\/152"}],"replies":[{"embeddable":true,"href":"https:\/\/rioonwatch.org.br\/index.php?rest_route=%2Fwp%2Fv2%2Fcomments&post=40447"}],"version-history":[{"count":38,"href":"https:\/\/rioonwatch.org.br\/index.php?rest_route=\/wp\/v2\/posts\/40447\/revisions"}],"predecessor-version":[{"id":41134,"href":"https:\/\/rioonwatch.org.br\/index.php?rest_route=\/wp\/v2\/posts\/40447\/revisions\/41134"}],"wp:featuredmedia":[{"embeddable":true,"href":"https:\/\/rioonwatch.org.br\/index.php?rest_route=\/wp\/v2\/media\/40448"}],"wp:attachment":[{"href":"https:\/\/rioonwatch.org.br\/index.php?rest_route=%2Fwp%2Fv2%2Fmedia&parent=40447"}],"wp:term":[{"taxonomy":"category","embeddable":true,"href":"https:\/\/rioonwatch.org.br\/index.php?rest_route=%2Fwp%2Fv2%2Fcategories&post=40447"},{"taxonomy":"post_tag","embeddable":true,"href":"https:\/\/rioonwatch.org.br\/index.php?rest_route=%2Fwp%2Fv2%2Ftags&post=40447"},{"taxonomy":"writer","embeddable":true,"href":"https:\/\/rioonwatch.org.br\/index.php?rest_route=%2Fwp%2Fv2%2Fwriter&post=40447"},{"taxonomy":"translator","embeddable":true,"href":"https:\/\/rioonwatch.org.br\/index.php?rest_route=%2Fwp%2Fv2%2Ftranslator&post=40447"},{"taxonomy":"source","embeddable":true,"href":"https:\/\/rioonwatch.org.br\/index.php?rest_route=%2Fwp%2Fv2%2Fsource&post=40447"},{"taxonomy":"ilustrador","embeddable":true,"href":"https:\/\/rioonwatch.org.br\/index.php?rest_route=%2Fwp%2Fv2%2Filustrador&post=40447"},{"taxonomy":"fotografo","embeddable":true,"href":"https:\/\/rioonwatch.org.br\/index.php?rest_route=%2Fwp%2Fv2%2Ffotografo&post=40447"}],"curies":[{"name":"wp","href":"https:\/\/api.w.org\/{rel}","templated":true}]}}