{"id":40457,"date":"2019-05-16T09:27:20","date_gmt":"2019-05-16T12:27:20","guid":{"rendered":"http:\/\/rioonwatch.org.br\/?p=40457"},"modified":"2019-06-02T22:57:25","modified_gmt":"2019-06-03T01:57:25","slug":"rocinha-ainda-enfrenta-as-consequencias-das-ultimas-chuvas","status":"publish","type":"post","link":"https:\/\/rioonwatch.org.br\/?p=40457","title":{"rendered":"Rocinha Ainda Enfrenta as Consequ\u00eancias das \u00daltimas Chuvas"},"content":{"rendered":"<p style=\"text-align: right;\"><em><strong><a href=\"http:\/\/bit.ly\/2VYw34i\" target=\"_blank\" rel=\"noopener noreferrer\">Click Here for English<\/a><a href=\"http:\/\/bit.ly\/2VYw34i\" target=\"_blank\" rel=\"noopener noreferrer\"><img decoding=\"async\" width=\"20\" height=\"20\" class=\"alignright wp-image-15790\" src=\"http:\/\/rioonwatch.org.br\/wp-content\/uploads\/2012\/08\/EN-standard-e1439583104716.jpg\" \/><\/a><\/strong><\/em><\/p>\n<p><span style=\"font-weight: 400;\">Ap\u00f3s um m\u00eas do \u00faltimo temporal do dia 8 de abril, <a href=\"https:\/\/glo.bo\/2OZNFed\" target=\"_blank\" rel=\"noopener noreferrer\">o maior em 22 anos<\/a>, moradores da <a href=\"http:\/\/bit.ly\/16w2zz1\" target=\"_blank\" rel=\"noopener noreferrer\">Rocinha<\/a> ainda <\/span><span style=\"font-weight: 400;\">est\u00e3o aflitos por conta de um deslizamento ocorrido no <a href=\"http:\/\/bit.ly\/2JlLUIl\" target=\"_blank\" rel=\"noopener noreferrer\">Laboriaux<\/a>, a regi\u00e3o localizada na parte alta da favela. Segundo a popula\u00e7\u00e3o do local, a \u00e1rea onde houve o deslizamento ainda corre risco.\u00a0<\/span><\/p>\n<p><span style=\"font-weight: 400;\">Na temporal do dia 10 de abril, dois dias ap\u00f3s a chuva inicial, outra parte de uma casa que estava para desabar ruiu. Atualmente, os moradores relatam que ainda n\u00e3o se sentem seguros em ficar, mesmo com a libera\u00e7\u00e3o da Defesa Civil em alguns pontos. &#8220;<\/span><span style=\"font-weight: 400;\">Eles disseram que aqui n\u00e3o tem perigo. Mas n\u00e3o d\u00e1 para ficar tranquila, porque se a casa da frente cair, leva esse peda\u00e7o junto, inclusive minha casa&#8221;, disse a manicure Helena Lopes, de 58 anos.<\/span><\/p>\n<p><span style=\"font-weight: 400;\">A <a href=\"http:\/\/bit.ly\/30lZZuL\" target=\"_blank\" rel=\"noopener noreferrer\">Secretaria Municipal de Infraestrutura e Habita\u00e7\u00e3o (SMIH)<\/a> informa que a <a href=\"http:\/\/bit.ly\/2JoB18P\" target=\"_blank\" rel=\"noopener noreferrer\">Geo-Rio<\/a> atua, com vistorias e obras de conten\u00e7\u00e3o na Rocinha, desde a madrugada do dia 7 de fevereiro e que as encostas da comunidade s\u00e3o monitoradas constantemente e j\u00e1 sofreram interven\u00e7\u00f5es de engenharia. <\/span><\/p>\n<p><span style=\"font-weight: 400;\">Mas de acordo com moradores, <a href=\"http:\/\/bit.ly\/2HrQx0b\" target=\"_blank\" rel=\"noopener noreferrer\">desde 2010, ap\u00f3s um temporal que matou duas<\/a> pessoas, aquela \u00e1rea oferece perigo. Na \u00e9poca, o lugar foi interditado e algumas pessoas retiradas. No entanto, depois disso nenhuma obra foi feita. Paula Santos, que mora no local h\u00e1 28 anos, teve a sua casa interditada por conta da chuva. Ela ir\u00e1 para a casa do filho, que mora atr\u00e1s. &#8220;<\/span><span style=\"font-weight: 400;\">N\u00e3o tenho condi\u00e7\u00f5es de sair desse lugar e pagar um aluguel. Essa casa \u00e9 minha, eu constru\u00ed e ter que deixar assim \u00e9 muito triste. Ao mesmo tempo eu preciso sair porque se a casa do vizinho, que est\u00e1 desabando, terminar de cair, leva a minha&#8221;, disse ela, que n\u00e3o consegue dormir por conta da preocupa\u00e7\u00e3o. &#8220;<\/span><span style=\"font-weight: 400;\">Estamos todos assustados. Qualquer barulho \u00e9 motivo de medo&#8221;, comentou.<\/span><\/p>\n<p><a href=\"http:\/\/rioonwatch.org.br\/wp-content\/uploads\/2019\/05\/cuvas-Rocinha-4.jpg\"><img fetchpriority=\"high\" decoding=\"async\" class=\"aligncenter wp-image-40471 size-medium\" title=\"Deslizamento em decorr\u00eancia das chuvas, na Rocinha.\" src=\"http:\/\/rioonwatch.org.br\/wp-content\/uploads\/2019\/05\/cuvas-Rocinha-4-620x421.jpg\" alt=\"\" width=\"620\" height=\"421\" srcset=\"https:\/\/rioonwatch.org.br\/wp-content\/uploads\/2019\/05\/cuvas-Rocinha-4-620x421.jpg 620w, https:\/\/rioonwatch.org.br\/wp-content\/uploads\/2019\/05\/cuvas-Rocinha-4-389x264.jpg 389w, https:\/\/rioonwatch.org.br\/wp-content\/uploads\/2019\/05\/cuvas-Rocinha-4-768x522.jpg 768w, https:\/\/rioonwatch.org.br\/wp-content\/uploads\/2019\/05\/cuvas-Rocinha-4.jpg 780w\" sizes=\"(max-width: 620px) 100vw, 620px\" \/><\/a><\/p>\n<p><span style=\"font-weight: 400;\">Os moradores tamb\u00e9m reclamam sobre a falta de informa\u00e7\u00e3o da prefeitura. Segundo eles, fam\u00edlias est\u00e3o em situa\u00e7\u00e3o de vulnerabilidade, e t\u00e9cnicos da Defesa Civil informaram que s\u00f3 ir\u00e3o inspecionar e emitir laudo de interdi\u00e7\u00e3o caso o morador entre em contato. &#8220;<\/span><span style=\"font-weight: 400;\">Est\u00e3o transferindo a responsabilidade para n\u00f3s. N\u00e3o precisamos ligar, pois \u00e9 vis\u00edvel o risco de deslizamento por falta de conten\u00e7\u00f5es. O local cr\u00edtico no Laboriaux onde ocorreram dois desabamentos de casas e um deslizamento \u00e9 exatamente onde est\u00e3o reivindicando obras desde as chuvas fortes de abril de 2010. At\u00e9 agora a Geo-Rio n\u00e3o foi no Laboriaux <a href=\"http:\/\/bit.ly\/JHwxqj\" target=\"_blank\" rel=\"noopener noreferrer\">apresentar projeto de conten\u00e7\u00f5es<\/a>&#8220;, disse uma moradora que n\u00e3o quis se identificar.<\/span><\/p>\n<h3><b>Estragos pela Estrada da G\u00e1vea<\/b><\/h3>\n<p><span style=\"font-weight: 400;\">A <\/span>Estrada da G\u00e1vea, a <span style=\"font-weight: 400;\">principal via da Rocinha, tamb\u00e9m sofre com as consequ\u00eancias dos \u00faltimos temporais. As dificuldades j\u00e1 existentes como lixo, ocupa\u00e7\u00e3o da rua com lixeiras grandes, cal\u00e7adas irregulares, buracos, carros e a falta de sinaliza\u00e7\u00e3o, pioraram depois das chuvas. Al\u00e9m de atrapalhar os pedestres que tentam circular pelas cal\u00e7adas, motoristas tamb\u00e9m reclamam da falta de manuten\u00e7\u00e3o e consertos da rua.<\/span><\/p>\n<p><span style=\"font-weight: 400;\">H\u00e1 quase um ano, o <em>RioOnWatch<\/em> <a href=\"http:\/\/bit.ly\/2l3vzd6\" target=\"_blank\" rel=\"noopener noreferrer\">publicou uma mat\u00e9ria<\/a> sobre os principais problemas da via, por\u00e9m de l\u00e1 para c\u00e1 n\u00e3o mudou muita coisa. <\/span><span style=\"font-weight: 400;\">Na Estrada da G\u00e1vea, h\u00e1 uma disputa por espa\u00e7o, que vai desde quem atravessa entre um ve\u00edculo e outro, at\u00e9 o motorista de \u00f4nibus que passa \u201ctirando um fino\u201d de carros estacionados na rua. Al\u00e9m disso, a falta de sinaliza\u00e7\u00e3o ainda \u00e9 preocupante, pois com a <\/span><span style=\"font-weight: 400;\">car\u00eancia do servi\u00e7o<\/span><span style=\"font-weight: 400;\"> os engarrafamentos formam-se com mais facilidade atrasando quem precisa se locomover.<\/span><\/p>\n<p><a href=\"http:\/\/rioonwatch.org.br\/wp-content\/uploads\/2019\/05\/Estrada-da-G\u00e1veaok.jpg\"><img decoding=\"async\" class=\"aligncenter wp-image-40475 size-content\" title=\"Desn\u00edveis na Estrada da G\u00e1vea. \" src=\"http:\/\/rioonwatch.org.br\/wp-content\/uploads\/2019\/05\/Estrada-da-G\u00e1veaok-620x264.jpg\" alt=\"\" width=\"620\" height=\"264\" \/><\/a><\/p>\n<p><span style=\"font-weight: 400;\">Ainda com uma alta movimenta\u00e7\u00e3o, sobretudo em hor\u00e1rios de pico, a via possui problemas como a aus\u00eancia de espa\u00e7o suficiente para comportar um alto fluxo de pessoas e ve\u00edculos, a falta de sinaliza\u00e7\u00e3o e muitos buracos. <\/span><span style=\"font-weight: 400;\">Luana Santos precisa dirigir diariamente e comenta que a via poderia ter agentes de tr\u00e2nsito.<\/span><span style=\"font-weight: 400;\"> &#8220;<\/span><span style=\"font-weight: 400;\">Essa rua \u00e9 uma via de m\u00e3o dupla, onde existe muito buraco para dificultar nossa vida e ainda t\u00eam muitos carros estacionados indevidamente. Acho que deveriam existir equipes de tr\u00e2nsito para dar suporte onde precisa, porque t\u00eam hor\u00e1rios que se tornam um verdadeiro caos. A popula\u00e7\u00e3o aumenta e o servi\u00e7o que ajuda no hor\u00e1rio de pico, \u00e9 visto poucas vezes.&#8221;<\/span><\/p>\n<p><span style=\"font-weight: 400;\">Em entrevista cedida no dia 22 de maio de 2018 para o <\/span><a href=\"http:\/\/bit.ly\/12VQV9T\"><span style=\"font-weight: 400;\">FavelaDaRocinha.com<\/span><\/a><span style=\"font-weight: 400;\">, a XXVII Regi\u00e3o Administrativa da Rocinha afirmou que a solicita\u00e7\u00e3o para a manuten\u00e7\u00e3o do asfalto estava j\u00e1 prevista. \u201cA Rocinha possui uma demanda muito grande e entendo que h\u00e1 reclama\u00e7\u00f5es, mas existem outras localidades para serem atendidas al\u00e9m da Rocinha, por isso h\u00e1 um atraso. O servi\u00e7o para o asfalto j\u00e1 foi solicitado e durante a semana as obras ser\u00e3o iniciadas. Assim como a sinaliza\u00e7\u00e3o tamb\u00e9m j\u00e1 foi pedida\u201d.<\/span><\/p>\n<p><span style=\"font-weight: 400;\">N<\/span><span style=\"font-weight: 400;\">o entanto, durante esse per\u00edodo, de um ano, foram poucas interven\u00e7\u00f5es, principalmente de sinaliza\u00e7\u00f5es e consertos de buracos na rua que se agravaram com as chuvas. Procurados, os \u00f3rg\u00e3os <a href=\"http:\/\/bit.ly\/2JERdSu\" target=\"_blank\" rel=\"noopener noreferrer\">Secretaria Municipal de Conserva\u00e7\u00e3o e Meio Ambiente (Seconserma)<\/a> e <a href=\"http:\/\/bit.ly\/2JmiSIu\" target=\"_blank\" rel=\"noopener noreferrer\">Cet-Rio<\/a>, que s\u00e3o respons\u00e1veis pelos consertos e sinaliza\u00e7\u00e3o, respectivamente, n\u00e3o se pronunciaram.<\/span><\/p>\n<!-- AddThis Advanced Settings generic via filter on the_content --><!-- AddThis Share Buttons generic via filter on the_content -->","protected":false},"excerpt":{"rendered":"<div class=\"mh-excerpt\"><p>Click Here for English Ap\u00f3s um m\u00eas do \u00faltimo temporal do dia 8 de abril, o maior em 22 anos, moradores da Rocinha ainda est\u00e3o aflitos por conta de um deslizamento ocorrido no Laboriaux, a <a class=\"mh-excerpt-more\" href=\"https:\/\/rioonwatch.org.br\/?p=40457\" title=\"Rocinha Ainda Enfrenta as Consequ\u00eancias das \u00daltimas Chuvas\">[&#8230;]<\/a><!-- AddThis Advanced Settings generic via filter on get_the_excerpt --><!-- AddThis Share Buttons generic via filter on get_the_excerpt --><\/p>\n<\/div>","protected":false},"author":129,"featured_media":40494,"comment_status":"closed","ping_status":"closed","sticky":false,"template":"","format":"standard","meta":{"_acf_changed":false,"_monsterinsights_skip_tracking":false,"_monsterinsights_sitenote_active":false,"_monsterinsights_sitenote_note":"","_monsterinsights_sitenote_category":0,"footnotes":""},"categories":[1857,1621,346,1625],"tags":[911,11,974,2625,634,417,427,16,383],"writer":[2624],"translator":[],"source":[],"ilustrador":[],"fotografo":[],"class_list":{"0":"post-40457","1":"post","2":"type-post","3":"status-publish","4":"format-standard","5":"has-post-thumbnail","7":"category-olhonaurbanizacao","8":"category-destaque","9":"category-denuncias","10":"category-por-correspondentes-comunitarios","11":"tag-area-de-risco","12":"tag-chuvas","13":"tag-contencao-de-encostas","14":"tag-defesa-civil","15":"tag-laboriaux","16":"tag-negligencia-do-estado","17":"tag-risco-de-deslizamento","18":"tag-rocinha","19":"tag-zona-sul","20":"writer-fernanda-gomes"},"acf":[],"yoast_head":"<!-- This site is optimized with the Yoast SEO plugin v25.6 - https:\/\/yoast.com\/wordpress\/plugins\/seo\/ -->\n<title>Rocinha Ainda Enfrenta as Consequ\u00eancias das \u00daltimas Chuvas - RioOnWatch<\/title>\n<meta name=\"robots\" content=\"index, follow, max-snippet:-1, max-image-preview:large, max-video-preview:-1\" \/>\n<link rel=\"canonical\" href=\"https:\/\/rioonwatch.org.br\/?p=40457\" \/>\n<meta property=\"og:locale\" content=\"pt_BR\" \/>\n<meta property=\"og:type\" content=\"article\" \/>\n<meta property=\"og:title\" content=\"Rocinha Ainda Enfrenta as Consequ\u00eancias das \u00daltimas Chuvas - RioOnWatch\" \/>\n<meta property=\"og:description\" content=\"Click Here for English Ap\u00f3s um m\u00eas do \u00faltimo temporal do dia 8 de abril, o maior em 22 anos, moradores da Rocinha ainda est\u00e3o aflitos por conta de um deslizamento ocorrido no Laboriaux, a [...]\" \/>\n<meta property=\"og:url\" content=\"https:\/\/rioonwatch.org.br\/?p=40457\" \/>\n<meta property=\"og:site_name\" content=\"RioOnWatch\" \/>\n<meta property=\"article:published_time\" content=\"2019-05-16T12:27:20+00:00\" \/>\n<meta property=\"article:modified_time\" content=\"2019-06-03T01:57:25+00:00\" \/>\n<meta property=\"og:image\" content=\"https:\/\/rioonwatch.org.br\/wp-content\/uploads\/2019\/05\/Chuvas-Rocinha.jpg\" \/>\n\t<meta property=\"og:image:width\" content=\"780\" \/>\n\t<meta property=\"og:image:height\" content=\"594\" \/>\n\t<meta property=\"og:image:type\" content=\"image\/jpeg\" \/>\n<meta name=\"author\" content=\"Admin\" \/>\n<meta name=\"twitter:card\" content=\"summary_large_image\" \/>\n<meta name=\"twitter:label1\" content=\"Escrito por\" \/>\n\t<meta name=\"twitter:data1\" content=\"Admin\" \/>\n\t<meta name=\"twitter:label2\" content=\"Est. tempo de leitura\" \/>\n\t<meta name=\"twitter:data2\" content=\"4 minutos\" \/>\n<script type=\"application\/ld+json\" class=\"yoast-schema-graph\">{\"@context\":\"https:\/\/schema.org\",\"@graph\":[{\"@type\":\"Article\",\"@id\":\"https:\/\/rioonwatch.org.br\/?p=40457#article\",\"isPartOf\":{\"@id\":\"https:\/\/rioonwatch.org.br\/?p=40457\"},\"author\":{\"name\":\"Admin\",\"@id\":\"https:\/\/rioonwatch.org.br\/#\/schema\/person\/11d64c290506f9df50c71b850c473f68\"},\"headline\":\"Rocinha Ainda Enfrenta as Consequ\u00eancias das \u00daltimas Chuvas\",\"datePublished\":\"2019-05-16T12:27:20+00:00\",\"dateModified\":\"2019-06-03T01:57:25+00:00\",\"mainEntityOfPage\":{\"@id\":\"https:\/\/rioonwatch.org.br\/?p=40457\"},\"wordCount\":899,\"publisher\":{\"@id\":\"https:\/\/rioonwatch.org.br\/#organization\"},\"image\":{\"@id\":\"https:\/\/rioonwatch.org.br\/?p=40457#primaryimage\"},\"thumbnailUrl\":\"https:\/\/rioonwatch.org.br\/wp-content\/uploads\/2019\/05\/Chuvas-Rocinha.jpg\",\"keywords\":[\"\\\"\u00e1rea de risco\\\"\",\"chuvas\",\"conten\u00e7\u00e3o de encostas\",\"Defesa Civil\",\"Laboriaux\",\"Neglig\u00eancia do Estado\",\"risco de deslizamento\",\"Rocinha\",\"Zona Sul\"],\"articleSection\":[\"#OlhoNaUrbaniza\u00e7\u00e3o\",\"*Destaque\",\"Den\u00fancias\",\"Escrito por Comunicadores Populares\"],\"inLanguage\":\"pt-BR\"},{\"@type\":\"WebPage\",\"@id\":\"https:\/\/rioonwatch.org.br\/?p=40457\",\"url\":\"https:\/\/rioonwatch.org.br\/?p=40457\",\"name\":\"Rocinha Ainda Enfrenta as Consequ\u00eancias das \u00daltimas Chuvas - RioOnWatch\",\"isPartOf\":{\"@id\":\"https:\/\/rioonwatch.org.br\/#website\"},\"primaryImageOfPage\":{\"@id\":\"https:\/\/rioonwatch.org.br\/?p=40457#primaryimage\"},\"image\":{\"@id\":\"https:\/\/rioonwatch.org.br\/?p=40457#primaryimage\"},\"thumbnailUrl\":\"https:\/\/rioonwatch.org.br\/wp-content\/uploads\/2019\/05\/Chuvas-Rocinha.jpg\",\"datePublished\":\"2019-05-16T12:27:20+00:00\",\"dateModified\":\"2019-06-03T01:57:25+00:00\",\"breadcrumb\":{\"@id\":\"https:\/\/rioonwatch.org.br\/?p=40457#breadcrumb\"},\"inLanguage\":\"pt-BR\",\"potentialAction\":[{\"@type\":\"ReadAction\",\"target\":[\"https:\/\/rioonwatch.org.br\/?p=40457\"]}]},{\"@type\":\"ImageObject\",\"inLanguage\":\"pt-BR\",\"@id\":\"https:\/\/rioonwatch.org.br\/?p=40457#primaryimage\",\"url\":\"https:\/\/rioonwatch.org.br\/wp-content\/uploads\/2019\/05\/Chuvas-Rocinha.jpg\",\"contentUrl\":\"https:\/\/rioonwatch.org.br\/wp-content\/uploads\/2019\/05\/Chuvas-Rocinha.jpg\",\"width\":780,\"height\":594,\"caption\":\"Deslizamento em decorr\u00eancia das chuvas, na localidade conhecida como 199 - Moradores temem com a possibilidade de chuva para os pr\u00f3ximos dias.\"},{\"@type\":\"BreadcrumbList\",\"@id\":\"https:\/\/rioonwatch.org.br\/?p=40457#breadcrumb\",\"itemListElement\":[{\"@type\":\"ListItem\",\"position\":1,\"name\":\"In\u00edcio\",\"item\":\"https:\/\/rioonwatch.org.br\/\"},{\"@type\":\"ListItem\",\"position\":2,\"name\":\"Rocinha Ainda Enfrenta as Consequ\u00eancias das \u00daltimas Chuvas\"}]},{\"@type\":\"WebSite\",\"@id\":\"https:\/\/rioonwatch.org.br\/#website\",\"url\":\"https:\/\/rioonwatch.org.br\/\",\"name\":\"RioOnWatch\",\"description\":\"relatos das favelas cariocas\",\"publisher\":{\"@id\":\"https:\/\/rioonwatch.org.br\/#organization\"},\"potentialAction\":[{\"@type\":\"SearchAction\",\"target\":{\"@type\":\"EntryPoint\",\"urlTemplate\":\"https:\/\/rioonwatch.org.br\/?s={search_term_string}\"},\"query-input\":{\"@type\":\"PropertyValueSpecification\",\"valueRequired\":true,\"valueName\":\"search_term_string\"}}],\"inLanguage\":\"pt-BR\"},{\"@type\":\"Organization\",\"@id\":\"https:\/\/rioonwatch.org.br\/#organization\",\"name\":\"RioOnWatch\",\"url\":\"https:\/\/rioonwatch.org.br\/\",\"logo\":{\"@type\":\"ImageObject\",\"inLanguage\":\"pt-BR\",\"@id\":\"https:\/\/rioonwatch.org.br\/#\/schema\/logo\/image\/\",\"url\":\"https:\/\/rioonwatch.org.br\/wp-content\/uploads\/2021\/06\/RioOnWatchcabecalhoPT11anos-2.png\",\"contentUrl\":\"https:\/\/rioonwatch.org.br\/wp-content\/uploads\/2021\/06\/RioOnWatchcabecalhoPT11anos-2.png\",\"width\":779,\"height\":277,\"caption\":\"RioOnWatch\"},\"image\":{\"@id\":\"https:\/\/rioonwatch.org.br\/#\/schema\/logo\/image\/\"}},{\"@type\":\"Person\",\"@id\":\"https:\/\/rioonwatch.org.br\/#\/schema\/person\/11d64c290506f9df50c71b850c473f68\",\"name\":\"Admin\",\"image\":{\"@type\":\"ImageObject\",\"inLanguage\":\"pt-BR\",\"@id\":\"https:\/\/rioonwatch.org.br\/#\/schema\/person\/image\/\",\"url\":\"https:\/\/secure.gravatar.com\/avatar\/56211ac74568383903349a1485e3c325?s=96&d=blank&r=g\",\"contentUrl\":\"https:\/\/secure.gravatar.com\/avatar\/56211ac74568383903349a1485e3c325?s=96&d=blank&r=g\",\"caption\":\"Admin\"},\"url\":\"https:\/\/rioonwatch.org.br\/?author=129\"}]}<\/script>\n<!-- \/ Yoast SEO plugin. -->","yoast_head_json":{"title":"Rocinha Ainda Enfrenta as Consequ\u00eancias das \u00daltimas Chuvas - RioOnWatch","robots":{"index":"index","follow":"follow","max-snippet":"max-snippet:-1","max-image-preview":"max-image-preview:large","max-video-preview":"max-video-preview:-1"},"canonical":"https:\/\/rioonwatch.org.br\/?p=40457","og_locale":"pt_BR","og_type":"article","og_title":"Rocinha Ainda Enfrenta as Consequ\u00eancias das \u00daltimas Chuvas - RioOnWatch","og_description":"Click Here for English Ap\u00f3s um m\u00eas do \u00faltimo temporal do dia 8 de abril, o maior em 22 anos, moradores da Rocinha ainda est\u00e3o aflitos por conta de um deslizamento ocorrido no Laboriaux, a [...]","og_url":"https:\/\/rioonwatch.org.br\/?p=40457","og_site_name":"RioOnWatch","article_published_time":"2019-05-16T12:27:20+00:00","article_modified_time":"2019-06-03T01:57:25+00:00","og_image":[{"width":780,"height":594,"url":"https:\/\/rioonwatch.org.br\/wp-content\/uploads\/2019\/05\/Chuvas-Rocinha.jpg","type":"image\/jpeg"}],"author":"Admin","twitter_card":"summary_large_image","twitter_misc":{"Escrito por":"Admin","Est. tempo de leitura":"4 minutos"},"schema":{"@context":"https:\/\/schema.org","@graph":[{"@type":"Article","@id":"https:\/\/rioonwatch.org.br\/?p=40457#article","isPartOf":{"@id":"https:\/\/rioonwatch.org.br\/?p=40457"},"author":{"name":"Admin","@id":"https:\/\/rioonwatch.org.br\/#\/schema\/person\/11d64c290506f9df50c71b850c473f68"},"headline":"Rocinha Ainda Enfrenta as Consequ\u00eancias das \u00daltimas Chuvas","datePublished":"2019-05-16T12:27:20+00:00","dateModified":"2019-06-03T01:57:25+00:00","mainEntityOfPage":{"@id":"https:\/\/rioonwatch.org.br\/?p=40457"},"wordCount":899,"publisher":{"@id":"https:\/\/rioonwatch.org.br\/#organization"},"image":{"@id":"https:\/\/rioonwatch.org.br\/?p=40457#primaryimage"},"thumbnailUrl":"https:\/\/rioonwatch.org.br\/wp-content\/uploads\/2019\/05\/Chuvas-Rocinha.jpg","keywords":["\"\u00e1rea de risco\"","chuvas","conten\u00e7\u00e3o de encostas","Defesa Civil","Laboriaux","Neglig\u00eancia do Estado","risco de deslizamento","Rocinha","Zona Sul"],"articleSection":["#OlhoNaUrbaniza\u00e7\u00e3o","*Destaque","Den\u00fancias","Escrito por Comunicadores Populares"],"inLanguage":"pt-BR"},{"@type":"WebPage","@id":"https:\/\/rioonwatch.org.br\/?p=40457","url":"https:\/\/rioonwatch.org.br\/?p=40457","name":"Rocinha Ainda Enfrenta as Consequ\u00eancias das \u00daltimas Chuvas - RioOnWatch","isPartOf":{"@id":"https:\/\/rioonwatch.org.br\/#website"},"primaryImageOfPage":{"@id":"https:\/\/rioonwatch.org.br\/?p=40457#primaryimage"},"image":{"@id":"https:\/\/rioonwatch.org.br\/?p=40457#primaryimage"},"thumbnailUrl":"https:\/\/rioonwatch.org.br\/wp-content\/uploads\/2019\/05\/Chuvas-Rocinha.jpg","datePublished":"2019-05-16T12:27:20+00:00","dateModified":"2019-06-03T01:57:25+00:00","breadcrumb":{"@id":"https:\/\/rioonwatch.org.br\/?p=40457#breadcrumb"},"inLanguage":"pt-BR","potentialAction":[{"@type":"ReadAction","target":["https:\/\/rioonwatch.org.br\/?p=40457"]}]},{"@type":"ImageObject","inLanguage":"pt-BR","@id":"https:\/\/rioonwatch.org.br\/?p=40457#primaryimage","url":"https:\/\/rioonwatch.org.br\/wp-content\/uploads\/2019\/05\/Chuvas-Rocinha.jpg","contentUrl":"https:\/\/rioonwatch.org.br\/wp-content\/uploads\/2019\/05\/Chuvas-Rocinha.jpg","width":780,"height":594,"caption":"Deslizamento em decorr\u00eancia das chuvas, na localidade conhecida como 199 - Moradores temem com a possibilidade de chuva para os pr\u00f3ximos dias."},{"@type":"BreadcrumbList","@id":"https:\/\/rioonwatch.org.br\/?p=40457#breadcrumb","itemListElement":[{"@type":"ListItem","position":1,"name":"In\u00edcio","item":"https:\/\/rioonwatch.org.br\/"},{"@type":"ListItem","position":2,"name":"Rocinha Ainda Enfrenta as Consequ\u00eancias das \u00daltimas Chuvas"}]},{"@type":"WebSite","@id":"https:\/\/rioonwatch.org.br\/#website","url":"https:\/\/rioonwatch.org.br\/","name":"RioOnWatch","description":"relatos das favelas cariocas","publisher":{"@id":"https:\/\/rioonwatch.org.br\/#organization"},"potentialAction":[{"@type":"SearchAction","target":{"@type":"EntryPoint","urlTemplate":"https:\/\/rioonwatch.org.br\/?s={search_term_string}"},"query-input":{"@type":"PropertyValueSpecification","valueRequired":true,"valueName":"search_term_string"}}],"inLanguage":"pt-BR"},{"@type":"Organization","@id":"https:\/\/rioonwatch.org.br\/#organization","name":"RioOnWatch","url":"https:\/\/rioonwatch.org.br\/","logo":{"@type":"ImageObject","inLanguage":"pt-BR","@id":"https:\/\/rioonwatch.org.br\/#\/schema\/logo\/image\/","url":"https:\/\/rioonwatch.org.br\/wp-content\/uploads\/2021\/06\/RioOnWatchcabecalhoPT11anos-2.png","contentUrl":"https:\/\/rioonwatch.org.br\/wp-content\/uploads\/2021\/06\/RioOnWatchcabecalhoPT11anos-2.png","width":779,"height":277,"caption":"RioOnWatch"},"image":{"@id":"https:\/\/rioonwatch.org.br\/#\/schema\/logo\/image\/"}},{"@type":"Person","@id":"https:\/\/rioonwatch.org.br\/#\/schema\/person\/11d64c290506f9df50c71b850c473f68","name":"Admin","image":{"@type":"ImageObject","inLanguage":"pt-BR","@id":"https:\/\/rioonwatch.org.br\/#\/schema\/person\/image\/","url":"https:\/\/secure.gravatar.com\/avatar\/56211ac74568383903349a1485e3c325?s=96&d=blank&r=g","contentUrl":"https:\/\/secure.gravatar.com\/avatar\/56211ac74568383903349a1485e3c325?s=96&d=blank&r=g","caption":"Admin"},"url":"https:\/\/rioonwatch.org.br\/?author=129"}]}},"_links":{"self":[{"href":"https:\/\/rioonwatch.org.br\/index.php?rest_route=\/wp\/v2\/posts\/40457"}],"collection":[{"href":"https:\/\/rioonwatch.org.br\/index.php?rest_route=\/wp\/v2\/posts"}],"about":[{"href":"https:\/\/rioonwatch.org.br\/index.php?rest_route=\/wp\/v2\/types\/post"}],"author":[{"embeddable":true,"href":"https:\/\/rioonwatch.org.br\/index.php?rest_route=\/wp\/v2\/users\/129"}],"replies":[{"embeddable":true,"href":"https:\/\/rioonwatch.org.br\/index.php?rest_route=%2Fwp%2Fv2%2Fcomments&post=40457"}],"version-history":[{"count":18,"href":"https:\/\/rioonwatch.org.br\/index.php?rest_route=\/wp\/v2\/posts\/40457\/revisions"}],"predecessor-version":[{"id":40906,"href":"https:\/\/rioonwatch.org.br\/index.php?rest_route=\/wp\/v2\/posts\/40457\/revisions\/40906"}],"wp:featuredmedia":[{"embeddable":true,"href":"https:\/\/rioonwatch.org.br\/index.php?rest_route=\/wp\/v2\/media\/40494"}],"wp:attachment":[{"href":"https:\/\/rioonwatch.org.br\/index.php?rest_route=%2Fwp%2Fv2%2Fmedia&parent=40457"}],"wp:term":[{"taxonomy":"category","embeddable":true,"href":"https:\/\/rioonwatch.org.br\/index.php?rest_route=%2Fwp%2Fv2%2Fcategories&post=40457"},{"taxonomy":"post_tag","embeddable":true,"href":"https:\/\/rioonwatch.org.br\/index.php?rest_route=%2Fwp%2Fv2%2Ftags&post=40457"},{"taxonomy":"writer","embeddable":true,"href":"https:\/\/rioonwatch.org.br\/index.php?rest_route=%2Fwp%2Fv2%2Fwriter&post=40457"},{"taxonomy":"translator","embeddable":true,"href":"https:\/\/rioonwatch.org.br\/index.php?rest_route=%2Fwp%2Fv2%2Ftranslator&post=40457"},{"taxonomy":"source","embeddable":true,"href":"https:\/\/rioonwatch.org.br\/index.php?rest_route=%2Fwp%2Fv2%2Fsource&post=40457"},{"taxonomy":"ilustrador","embeddable":true,"href":"https:\/\/rioonwatch.org.br\/index.php?rest_route=%2Fwp%2Fv2%2Filustrador&post=40457"},{"taxonomy":"fotografo","embeddable":true,"href":"https:\/\/rioonwatch.org.br\/index.php?rest_route=%2Fwp%2Fv2%2Ffotografo&post=40457"}],"curies":[{"name":"wp","href":"https:\/\/api.w.org\/{rel}","templated":true}]}}