{"id":40557,"date":"2019-05-23T09:16:11","date_gmt":"2019-05-23T12:16:11","guid":{"rendered":"http:\/\/rioonwatch.org.br\/?p=40557"},"modified":"2024-06-20T13:46:12","modified_gmt":"2024-06-20T16:46:12","slug":"museu-mare-a-ceu-aberto-nucleo-de-memoria-e-identidade-da-mare-prepara-estacoes-de-memoria-na-favela","status":"publish","type":"post","link":"https:\/\/rioonwatch.org.br\/?p=40557","title":{"rendered":"Mar\u00e9 a C\u00e9u Aberto: N\u00facleo de Mem\u00f3ria e Identidade Prepara Esta\u00e7\u00f5es de Mem\u00f3ria na Favela"},"content":{"rendered":"<p style=\"text-align: right;\"><em><strong><a href=\"http:\/\/bit.ly\/2wK8d23\" target=\"_blank\" rel=\"noopener noreferrer\">Click Here for English<\/a><a href=\"http:\/\/bit.ly\/2wK8d23\" target=\"_blank\" rel=\"noopener noreferrer\"><img decoding=\"async\" width=\"20\" height=\"20\" class=\"alignright wp-image-15790\" src=\"http:\/\/rioonwatch.org.br\/wp-content\/uploads\/2012\/08\/EN-standard-e1439583104716.jpg\" \/><\/a><\/strong><\/em><\/p>\n<p><span style=\"font-weight: 400;\">O projeto <\/span><a href=\"http:\/\/bit.ly\/2Qhevz4\" target=\"_blank\" rel=\"noopener noreferrer\">Mar\u00e9 a C\u00e9u Aberto<\/a><span style=\"font-weight: 400;\"> promete trazer uma nova perspectiva museol\u00f3gica para a <a href=\"http:\/\/bit.ly\/10BvARw\" target=\"_blank\" rel=\"noopener noreferrer\">favela da Mar\u00e9<\/a>, na <a href=\"http:\/\/bit.ly\/WximDf\" target=\"_blank\" rel=\"noopener noreferrer\">Zona Norte<\/a>. Roteiro hist\u00f3rico, instala\u00e7\u00e3o de esta\u00e7\u00f5es de mem\u00f3ria e arte urbana s\u00e3o alguns dos componentes do projeto que lembram uma galeria ao ar livre dentro da favela ou, ainda, um museu territorial, de percurso, como <a href=\"http:\/\/bit.ly\/2jZIDQh\" target=\"_blank\" rel=\"noopener noreferrer\">denominaria a museologia social<\/a>.<\/span><\/p>\n<p><span style=\"font-weight: 400;\">A iniciativa parte do N\u00facleo de Mem\u00f3ria e Identidade da Mar\u00e9 (<a href=\"http:\/\/bit.ly\/2wazFWn\" target=\"_blank\" rel=\"noopener noreferrer\">NUMIM<\/a>) da ONG <a href=\"http:\/\/bit.ly\/2X4lu1f\" target=\"_blank\" rel=\"noopener noreferrer\">Redes de Desenvolvimento da Mar\u00e9<\/a>, que realiza desde 2007 trabalhos voltados para preserva\u00e7\u00e3o da mem\u00f3ria e <a href=\"http:\/\/bit.ly\/2upxtLo\" target=\"_blank\" rel=\"noopener noreferrer\">hist\u00f3ria da favela<\/a>, em parceria com <a href=\"http:\/\/bit.ly\/2JvEJxr\" target=\"_blank\" rel=\"noopener noreferrer\">Azulejaria<\/a> e o Ita\u00fa Cultural. Vizinho do premiado <a href=\"http:\/\/bit.ly\/2VYTj77\" target=\"_blank\" rel=\"noopener noreferrer\">Museu da Mar\u00e9<\/a>, fundado em 2006 e tendo na \u00faltima semana <a href=\"http:\/\/bit.ly\/2Qm1C71\" target=\"_blank\" rel=\"noopener noreferrer\">conquistado<\/a><\/span> a posse definitiva do seu im\u00f3vel em mais uma grande vit\u00f3ria, as duas iniciativas colocam a Mar\u00e9 ainda mais no mapa da <a href=\"http:\/\/bit.ly\/2r8iRxL\" target=\"_blank\" rel=\"noopener noreferrer\">museologia social<\/a>. O Rio conta hoje com <a href=\"http:\/\/bit.ly\/2jZIDQh\" target=\"_blank\" rel=\"noopener noreferrer\">mais de uma d\u00fazia de museus comunit\u00e1rios<\/a>.<\/p>\n<p><span style=\"font-weight: 400;\">At\u00e9 o momento, as primeiras a\u00e7\u00f5es do Mar\u00e9 a C\u00e9u Aberto contaram com uma roda de conversa sobre mem\u00f3ria e ancestralidade, realizada no Centro de Artes da Mar\u00e9 (<a href=\"http:\/\/bit.ly\/2rKMv9H\" target=\"_blank\" rel=\"noopener noreferrer\">CAM<\/a>), em fevereiro, com a presen\u00e7a de ativistas e pesquisadores como M\u00e3e Celina de Xang\u00f4, Keyna Eleison Ailton Krenak e Paulo Knauss, <a href=\"http:\/\/bit.ly\/2Voemfa\" target=\"_blank\" rel=\"noopener noreferrer\">al\u00e9m de uma aula-campo<\/a> realizada pela equipe em mar\u00e7o, marcando os caminhos de percurso do Mar\u00e9 a C\u00e9u Aberto.<\/span><\/p>\n<p>O projeto visa instalar, at\u00e9 o final deste ano, cinco esta\u00e7\u00f5es de mem\u00f3ria entre o <a href=\"http:\/\/bit.ly\/2uVpvZa\" target=\"_blank\" rel=\"noopener noreferrer\">Parque Uni\u00e3o<\/a>, <a href=\"http:\/\/bit.ly\/2JeLDI2\" target=\"_blank\" rel=\"noopener noreferrer\">Nova Holanda<\/a>, <a href=\"http:\/\/bit.ly\/2LYdTjx\" target=\"_blank\" rel=\"noopener noreferrer\">Baixa do Sapateiro<\/a> e <a href=\"http:\/\/bit.ly\/2w8xPFJ\" target=\"_blank\" rel=\"noopener noreferrer\">Vila do Pinheiro<\/a>\u2014favelas que fazem parte do Complexo da Mar\u00e9. Mais para frente, conforme a disponibilidade de recursos, novas esta\u00e7\u00f5es dever\u00e3o ser criadas. O historiador Edson Diniz, diretor da Redes da Mar\u00e9 e coordenador-geral do NUMIM, conta que os pontos escolhidos s\u00e3o lugares representativos da favela: \u201cVai ter arte sobre azulejo marcando determinadas passagens hist\u00f3ricas. Vamos convidar artistas da Mar\u00e9 e de fora da Mar\u00e9 para fazerem obras de arte que retratem um pouco dessas hist\u00f3rias. Essas esta\u00e7\u00f5es ser\u00e3o ligadas por caminhos que s\u00e3o ruas hist\u00f3ricas da Mar\u00e9\u201d.<\/p>\n<p><span style=\"font-weight: 400;\">Os pontos eleitos para esta fase do projeto s\u00e3o a Pra\u00e7a do Parque Uni\u00e3o, a <a href=\"http:\/\/bit.ly\/2LZgOIM\" target=\"_blank\" rel=\"noopener noreferrer\">Casa das Mulheres da Mar\u00e9<\/a>, a Pra\u00e7a da Nova Holanda, a Pra\u00e7a do 18 e o <a href=\"http:\/\/bit.ly\/2QG0mtY\" target=\"_blank\" rel=\"noopener noreferrer\">Parque Ecol\u00f3gico da Mar\u00e9<\/a>.<\/span><\/p>\n<p><a href=\"http:\/\/rioonwatch.org.br\/wp-content\/uploads\/2019\/05\/4-Mar\u00e9-C\u00e9u-Aberto-l-\u00a9-Douglas-Lopes-8-de-8.jpg\"><img fetchpriority=\"high\" decoding=\"async\" class=\"aligncenter wp-image-40582 size-content\" title=\"Grupo da aula campo do Mar\u00e9 a C\u00e9u Aberto se re\u00fane em frente a Biblioteca Lima Barreto, na Nova Holanda. Foto: Douglas Lopes\" src=\"http:\/\/rioonwatch.org.br\/wp-content\/uploads\/2019\/05\/4-Mar\u00e9-C\u00e9u-Aberto-l-\u00a9-Douglas-Lopes-8-de-8-620x264.jpg\" alt=\"\" width=\"620\" height=\"264\" srcset=\"https:\/\/rioonwatch.org.br\/wp-content\/uploads\/2019\/05\/4-Mar\u00e9-C\u00e9u-Aberto-l-\u00a9-Douglas-Lopes-8-de-8-620x264.jpg 620w, https:\/\/rioonwatch.org.br\/wp-content\/uploads\/2019\/05\/4-Mar\u00e9-C\u00e9u-Aberto-l-\u00a9-Douglas-Lopes-8-de-8-940x400.jpg 940w\" sizes=\"(max-width: 620px) 100vw, 620px\" \/><\/a><\/p>\n<p><span style=\"font-weight: 400;\">Tereza On\u00e3, pesquisadora e uma das coordenadoras do <\/span>Mar\u00e9 a C\u00e9u Aberto<span style=\"font-weight: 400;\">, conta que a proposta tem sido bem recebida pelos moradores. Na semana passada, coincidindo com a Semana Nacional de Museus, o projeto <a href=\"http:\/\/bit.ly\/2LYiz95\" target=\"_blank\" rel=\"noopener noreferrer\">realizou encontros<\/a> com grupos e entidades da Mar\u00e9, incluindo escolas e associa\u00e7\u00f5es de moradores: \u201cFoi linda a recep\u00e7\u00e3o dos diretores e moradores para conhecer e somar nesse novo e coletivo espa\u00e7o de mem\u00f3ria na Mar\u00e9. Todas as institui\u00e7\u00f5es, de bom grado, disponibilizaram espa\u00e7os para os pontos focais de \u2018recolhimento\u2019 de mem\u00f3ria para que as instala\u00e7\u00f5es tenham a cara e cultura da Mar\u00e9 e de seus moradores\u201d. <\/span><\/p>\n<p>Mar\u00e9 a C\u00e9u Aberto<span style=\"font-weight: 400;\"> tem como refer\u00eancia algumas propostas de turismo sustent\u00e1vel e museologia social, tais como o <a href=\"http:\/\/bit.ly\/2zfFOnr\" target=\"_blank\" rel=\"noopener noreferrer\">Mem\u00f3rias do Cerro Cor\u00e1<\/a> e o <a href=\"http:\/\/bit.ly\/2BFvw0v\" target=\"_blank\" rel=\"noopener noreferrer\">Museu de Favela (MUF)<\/a>, localizados em favelas da <a href=\"http:\/\/bit.ly\/1mNsDyk\" target=\"_blank\" rel=\"noopener noreferrer\">Zona Sul<\/a>, e a <a href=\"http:\/\/bit.ly\/2WkAuL5\" target=\"_blank\" rel=\"noopener noreferrer\">galeria de arte urbana do bairro Padre Cruz<\/a> do Centro Cultural Cardine, em Lisboa. <\/span><\/p>\n<p><span style=\"font-weight: 400;\">\u201cQuando tomei conhecimento do MUF, fiquei encantada com a ideia de um museu territorial vivo. O contato com um museu onde a natureza faz parte da exposi\u00e7\u00e3o\u201d, recorda Tereza On\u00e3 com entusiasmo. \u201cVisito o museu da comunidade do Cerro Cor\u00e1 tamb\u00e9m. O trabalho realizado ali, de mem\u00f3ria dos moradores, \u00e9 fascinante. Admiro muito <a href=\"http:\/\/bit.ly\/2ydmkyh\" target=\"_blank\" rel=\"noopener noreferrer\">Ricardo Rodrigues<\/a>. Mais uma fonte de inspira\u00e7\u00e3o de museu na favela.\u201d<\/span><\/p>\n<p><span style=\"font-weight: 400;\">Trilheira assumida nos finais de semana, Tereza conta que visita v\u00e1rias favelas dessa maneira e tem boas expectativas para o <\/span>Mar\u00e9 a C\u00e9u Aberto<span style=\"font-weight: 400;\">: \u201cEstamos falando de um territ\u00f3rio de 140.000 habitantes, distribu\u00eddos em 17 comunidades, onde arte e cultura s\u00e3o express\u00f5es do territ\u00f3rio\u201d, afirma Tereza. \u201cPenso que as mem\u00f3rias e afetos s\u00e3o grande parte da garantia de desenvolvimento sustent\u00e1vel. Acredito muito nesse projeto como promo\u00e7\u00e3o de autoestima e di\u00e1logo com a cidade do Rio de Janeiro e do mundo. Poder estar junto na constru\u00e7\u00e3o de um museu social, junto com os moradores da Mar\u00e9, sobre arte, cultura, mem\u00f3ria e identidade \u00e9 o vislumbre de transforma\u00e7\u00e3o.\u201d<\/span><\/p>\n<p><a href=\"http:\/\/rioonwatch.org.br\/wp-content\/uploads\/2019\/05\/3-Mar\u00e9-a-C\u00e9u-Aberto-l-\u00a9-Douglas-Lopes-6-de-6.jpg\"><img decoding=\"async\" class=\"aligncenter wp-image-40584 size-content\" title=\"Tereza On\u00e3 (NUMIM) e Laura Taves (Azulejaria) na roda de conversa com o projeto &quot;Mar\u00e9 a C\u00e9u Aberto&quot;no Centro de Artes da Mar\u00e9. Foto: Douglas Lopes\" src=\"http:\/\/rioonwatch.org.br\/wp-content\/uploads\/2019\/05\/3-Mar\u00e9-a-C\u00e9u-Aberto-l-\u00a9-Douglas-Lopes-6-de-6-620x264.jpg\" alt=\"\" width=\"620\" height=\"264\" srcset=\"https:\/\/rioonwatch.org.br\/wp-content\/uploads\/2019\/05\/3-Mar\u00e9-a-C\u00e9u-Aberto-l-\u00a9-Douglas-Lopes-6-de-6-620x264.jpg 620w, https:\/\/rioonwatch.org.br\/wp-content\/uploads\/2019\/05\/3-Mar\u00e9-a-C\u00e9u-Aberto-l-\u00a9-Douglas-Lopes-6-de-6-940x400.jpg 940w\" sizes=\"(max-width: 620px) 100vw, 620px\" \/><\/a><\/p>\n<p><span style=\"font-weight: 400;\">Edson Diniz lembra que a ideia de percurso j\u00e1 foi testada pela Redes da Mar\u00e9 no <a href=\"http:\/\/bit.ly\/1jxboSt\" target=\"_blank\" rel=\"noopener noreferrer\">Festival Comida de Favela,<\/a> realizado em 2015. \u201cO Comida de Favela funcionou parecido com essa ideia porque as pessoas circularam pela favela, e esses bares, restaurantes, estavam em pontos bem conhecidos tamb\u00e9m. Foi muito legal. As pessoas andaram por dentro da Mar\u00e9 para conhecer os pontos de comida e \u00e9 isso que a gente quer fazer de novo, mas que agora as pessoas circulem para conhecer a hist\u00f3ria\u201d. <\/span><\/p>\n<p>Mar\u00e9 a C\u00e9u aberto<span style=\"font-weight: 400;\"> \u00e9 o desdobramento de doze anos de trabalho do NUMIM voltados para preserva\u00e7\u00e3o da mem\u00f3ria e hist\u00f3ria da favela. <\/span><span style=\"font-weight: 400;\">\u201c<\/span><span style=\"font-weight: 400;\">A gente fazia um trabalho mais voltado para pesquisa e produ\u00e7\u00e3o de conhecimento&#8221;, afirmou Edson, respons\u00e1vel pela <a href=\"http:\/\/bit.ly\/2JyGUR0\" target=\"_blank\" rel=\"noopener noreferrer\">s\u00e9rie de livros<\/a> <em>Tecendo Redes de Hist\u00f3rias da Mar\u00e9 <\/em>que publicou as pesquisas <\/span><span style=\"font-weight: 400;\">\u201c<a href=\"http:\/\/bit.ly\/2LZl1MA\" target=\"_blank\" rel=\"noopener noreferrer\">Mem\u00f3ria e Identidade dos Moradores de Nova Holanda<\/a>\u201d em 2012, e <\/span><span style=\"font-weight: 400;\">\u201c<\/span><a href=\"http:\/\/bit.ly\/2WfuG5D\" target=\"_blank\" rel=\"noopener noreferrer\">Mem\u00f3ria e Identidade dos Moradores do Morro do Timbau e do Parque Prolet\u00e1rio da Mar\u00e9<\/a>\u201d, em 2014.<\/p>\n<p><span style=\"font-weight: 400;\">O acervo de depoimentos dos moradores produzido pelo NUMIM est\u00e1 digitalizado e a expectativa \u00e9 que o material esteja dispon\u00edvel para consultas no pr\u00f3ximo ano: \u201c<\/span><span style=\"font-weight: 400;\">A ideia \u00e9 que a gente tenha um portal e que isso fique publicizado, obviamente, com a autoriza\u00e7\u00e3o das fam\u00edlias\u201d. Para al\u00e9m do espa\u00e7o virtual e do percurso territorial, o NUMIM est\u00e1 organizando um centro de documenta\u00e7\u00e3o que ficar\u00e1 aberto para consulta, pesquisa e interc\u00e2mbio de pesquisadores de dentro e de fora da Mar\u00e9: \u201cNa verdade, a gente n\u00e3o quer fazer um museu ou um arquivo fechado, a gente quer que as pessoas possam pesquisar\u201d.<\/span><\/p>\n<p><span style=\"font-weight: 400;\">Mas, para muito al\u00e9m da rela\u00e7\u00e3o profissional com a hist\u00f3ria da Mar\u00e9, Edson Diniz lembra que chegou na favela Nova Holanda com seis meses de vida: \u201cEu nasci na Para\u00edba, numa cidadezinha chamada Serra Branca. Muita gente na Mar\u00e9 veio de l\u00e1. Eu vim naquela hist\u00f3ria dos migrantes. Meu pai veio para c\u00e1 na d\u00e9cada de 70, eu vim com seis meses\u201d, ele recorda. \u201cA\u00ed fiquei, casei na Mar\u00e9, morei por 40 anos. Depois \u00e9 que sai. Mas estou na Mar\u00e9 todo dia. Minha fam\u00edlia mora na Mar\u00e9 at\u00e9 hoje, a minha vida est\u00e1 muito ligada a Mar\u00e9. Eu vivi tudo o que os moradores enfrentam. Eu vivi muito por dentro, ent\u00e3o \u00e9 uma marca identit\u00e1ria, de afeto tamb\u00e9m muito forte. Meu trabalho hoje tem muito a ver com minha experi\u00eancia de vida como morador da Mar\u00e9 e a op\u00e7\u00e3o de trabalhar com mem\u00f3ria e hist\u00f3ria tem muito a ver com esse caminho, essas mem\u00f3rias que eu tenho. O trabalho profissional, militante e pessoal est\u00e3o imbricados.\u201d<\/span><\/p>\n<p><span style=\"font-weight: 400;\">Como lembra Edson, \u201ctudo que acontece na Mar\u00e9 afeta a cidade\u201d. A Mar\u00e9 \u00e9 um bairro atravessado pelas principais vias de acesso ao <a href=\"http:\/\/bit.ly\/1qX7nZG\" target=\"_blank\" rel=\"noopener noreferrer\">Centro<\/a> do Rio\u2014<a href=\"http:\/\/bit.ly\/2YFL90s\" target=\"_blank\" rel=\"noopener noreferrer\">Linha Amarela<\/a>, <a href=\"http:\/\/bit.ly\/2HvI90V\" target=\"_blank\" rel=\"noopener noreferrer\">Linha Vermelha<\/a> e <a href=\"http:\/\/bit.ly\/2VF1UGY\" target=\"_blank\" rel=\"noopener noreferrer\">Avenida Brasil<\/a>\u2014com um fluxo di\u00e1rio de cerca de 1 milh\u00e3o de pessoas, para al\u00e9m dos 140.000 moradores que ocupam o conjunto de favelas da Mar\u00e9.<\/span><\/p>\n<p><span style=\"font-weight: 400;\">\u201cEnt\u00e3o, n\u00e3o \u00e9 s\u00f3 fazer uma mem\u00f3ria para dentro. \u00c9 para dentro, mas \u00e9 tamb\u00e9m para dialogar com a cidade\u201d, afirma o coordenador do NUMIM. \u201cA Mar\u00e9 \u00e9 um espa\u00e7o de mem\u00f3ria, de hist\u00f3rias, de identidades. Vamos marcar isso no territ\u00f3rio.\u201d<\/span><\/p>\n<p><a href=\"http:\/\/rioonwatch.org.br\/wp-content\/uploads\/2019\/05\/griots.jpeg\"><img loading=\"lazy\" decoding=\"async\" class=\"aligncenter wp-image-40587 size-content\" title=\"Griots da Mar\u00e9, grupo de mulheres do NUMIM que trabalham mem\u00f3ria ancestral na favela. Foto: Acervo NUMIM\" src=\"http:\/\/rioonwatch.org.br\/wp-content\/uploads\/2019\/05\/griots-620x264.jpeg\" alt=\"\" width=\"620\" height=\"264\" srcset=\"https:\/\/rioonwatch.org.br\/wp-content\/uploads\/2019\/05\/griots-620x264.jpeg 620w, https:\/\/rioonwatch.org.br\/wp-content\/uploads\/2019\/05\/griots-940x400.jpeg 940w\" sizes=\"(max-width: 620px) 100vw, 620px\" \/><\/a><\/p>\n<p>As pr\u00f3ximas a\u00e7\u00f5es do Mar\u00e9 a C\u00e9u Aberto, neste semestre, contam com oficinas de azulejaria para crian\u00e7as e rodas de conversas com as <a href=\"http:\/\/bit.ly\/2VGcRYS\" target=\"_blank\" rel=\"noopener noreferrer\"><i><span style=\"font-weight: 400;\">griots <\/span><\/i><span style=\"font-weight: 400;\">da Mar\u00e9<\/span><\/a><span style=\"font-weight: 400;\">\u2014grupo formado por mulheres da favela e coordenado por Tereza On\u00e3. J\u00e1 a forma\u00e7\u00e3o de guias est\u00e1 prevista para o pr\u00f3ximo semestre. A expectativa \u00e9 que visitas possam ser agendadas a partir de janeiro do ano que vem.<\/span><\/p>\n<p><em>Miriane Peregrino \u00e9 pesquisadora, jornalista comunit\u00e1ria e educadora, especialista e mestre em Literatura pela UERJ. Criou, em 2013, o projeto de incentivo \u00e0 leitura &#8220;Literatura Comunica!&#8221; que atua em escolas, bibliotecas comunit\u00e1rias e equipamentos culturais. \u00c9 migrante, nasceu no interior do Rio e mora na Vila do Pinheiro, Mar\u00e9.\u00a0\u00a0<\/em><\/p>\n<!-- AddThis Advanced Settings generic via filter on the_content --><!-- AddThis Share Buttons generic via filter on the_content -->","protected":false},"excerpt":{"rendered":"<div class=\"mh-excerpt\"><p>Click Here for English O projeto Mar\u00e9 a C\u00e9u Aberto promete trazer uma nova perspectiva museol\u00f3gica para a favela da Mar\u00e9, na Zona Norte. Roteiro hist\u00f3rico, instala\u00e7\u00e3o de esta\u00e7\u00f5es de mem\u00f3ria e arte urbana s\u00e3o <a class=\"mh-excerpt-more\" href=\"https:\/\/rioonwatch.org.br\/?p=40557\" title=\"Mar\u00e9 a C\u00e9u Aberto: N\u00facleo de Mem\u00f3ria e Identidade Prepara Esta\u00e7\u00f5es de Mem\u00f3ria na Favela\">[&#8230;]<\/a><!-- AddThis Advanced Settings generic via filter on get_the_excerpt --><!-- AddThis Share Buttons generic via filter on get_the_excerpt --><\/p>\n<\/div>","protected":false},"author":129,"featured_media":40581,"comment_status":"closed","ping_status":"closed","sticky":false,"template":"","format":"standard","meta":{"_acf_changed":false,"_monsterinsights_skip_tracking":false,"_monsterinsights_sitenote_active":false,"_monsterinsights_sitenote_note":"","_monsterinsights_sitenote_category":0,"footnotes":""},"categories":[1621,1615,1625,342],"tags":[1854,1256,259,1014,332,2013,2012,469,2132,2188,1193,350,349,899,1297,1107,1311,218,383],"writer":[1932],"translator":[],"source":[],"ilustrador":[],"fotografo":[],"class_list":{"0":"post-40557","1":"post","2":"type-post","3":"status-publish","4":"format-standard","5":"has-post-thumbnail","7":"category-destaque","8":"category-cultura-da-favela","9":"category-por-correspondentes-comunitarios","10":"category-solucoes","11":"tag-avenida-brasil","12":"tag-baixa-do-sapateiro","13":"tag-centro","14":"tag-cerro-cora","15":"tag-complexo-da-mare","16":"tag-linha-amarela","17":"tag-linha-vermelha","18":"tag-memoria","19":"tag-semana-de-museus","20":"tag-museologia-social","21":"tag-museu-de-favela","22":"tag-nova-holanda","23":"tag-parque-uniao","24":"tag-preservacao-de-cultura","25":"tag-preservacao-historica","26":"tag-redes-da-mare","27":"tag-vila-do-pinheiro","28":"tag-zona-norte","29":"tag-zona-sul","30":"writer-miriane-pellegrino"},"acf":[],"yoast_head":"<!-- This site is optimized with the Yoast SEO plugin v25.6 - https:\/\/yoast.com\/wordpress\/plugins\/seo\/ -->\n<title>Mar\u00e9 a C\u00e9u Aberto: N\u00facleo de Mem\u00f3ria e Identidade Prepara Esta\u00e7\u00f5es de Mem\u00f3ria na Favela - RioOnWatch<\/title>\n<meta name=\"robots\" content=\"index, follow, max-snippet:-1, max-image-preview:large, max-video-preview:-1\" \/>\n<link rel=\"canonical\" href=\"https:\/\/rioonwatch.org.br\/?p=40557\" \/>\n<meta property=\"og:locale\" content=\"pt_BR\" \/>\n<meta property=\"og:type\" content=\"article\" \/>\n<meta property=\"og:title\" content=\"Mar\u00e9 a C\u00e9u Aberto: N\u00facleo de Mem\u00f3ria e Identidade Prepara Esta\u00e7\u00f5es de Mem\u00f3ria na Favela - RioOnWatch\" \/>\n<meta property=\"og:description\" content=\"Click Here for English O projeto Mar\u00e9 a C\u00e9u Aberto promete trazer uma nova perspectiva museol\u00f3gica para a favela da Mar\u00e9, na Zona Norte. Roteiro hist\u00f3rico, instala\u00e7\u00e3o de esta\u00e7\u00f5es de mem\u00f3ria e arte urbana s\u00e3o [...]\" \/>\n<meta property=\"og:url\" content=\"https:\/\/rioonwatch.org.br\/?p=40557\" \/>\n<meta property=\"og:site_name\" content=\"RioOnWatch\" \/>\n<meta property=\"article:published_time\" content=\"2019-05-23T12:16:11+00:00\" \/>\n<meta property=\"article:modified_time\" content=\"2024-06-20T16:46:12+00:00\" \/>\n<meta property=\"og:image\" content=\"https:\/\/rioonwatch.org.br\/wp-content\/uploads\/2019\/05\/1-Mar\u00e9-C\u00e9u-Aberto-l-\u00a9-Douglas-Lopes-1-de-8.jpg\" \/>\n\t<meta property=\"og:image:width\" content=\"1500\" \/>\n\t<meta property=\"og:image:height\" content=\"1000\" \/>\n\t<meta property=\"og:image:type\" content=\"image\/jpeg\" \/>\n<meta name=\"author\" content=\"Admin\" \/>\n<meta name=\"twitter:card\" content=\"summary_large_image\" \/>\n<meta name=\"twitter:label1\" content=\"Escrito por\" \/>\n\t<meta name=\"twitter:data1\" content=\"Admin\" \/>\n\t<meta name=\"twitter:label2\" content=\"Est. tempo de leitura\" \/>\n\t<meta name=\"twitter:data2\" content=\"7 minutos\" \/>\n<script type=\"application\/ld+json\" class=\"yoast-schema-graph\">{\"@context\":\"https:\/\/schema.org\",\"@graph\":[{\"@type\":\"Article\",\"@id\":\"https:\/\/rioonwatch.org.br\/?p=40557#article\",\"isPartOf\":{\"@id\":\"https:\/\/rioonwatch.org.br\/?p=40557\"},\"author\":{\"name\":\"Admin\",\"@id\":\"https:\/\/rioonwatch.org.br\/#\/schema\/person\/11d64c290506f9df50c71b850c473f68\"},\"headline\":\"Mar\u00e9 a C\u00e9u Aberto: N\u00facleo de Mem\u00f3ria e Identidade Prepara Esta\u00e7\u00f5es de Mem\u00f3ria na Favela\",\"datePublished\":\"2019-05-23T12:16:11+00:00\",\"dateModified\":\"2024-06-20T16:46:12+00:00\",\"mainEntityOfPage\":{\"@id\":\"https:\/\/rioonwatch.org.br\/?p=40557\"},\"wordCount\":1453,\"publisher\":{\"@id\":\"https:\/\/rioonwatch.org.br\/#organization\"},\"image\":{\"@id\":\"https:\/\/rioonwatch.org.br\/?p=40557#primaryimage\"},\"thumbnailUrl\":\"https:\/\/rioonwatch.org.br\/wp-content\/uploads\/2019\/05\/1-Mar\u00e9-C\u00e9u-Aberto-l-\u00a9-Douglas-Lopes-1-de-8.jpg\",\"keywords\":[\"Avenida Brasil\",\"Baixa do Sapateiro\",\"Centro\",\"Cerro Cor\u00e1\",\"Complexo da Mar\u00e9\",\"Linha Amarela\",\"Linha Vermelha\",\"Mem\u00f3rias Faveladas\",\"M\u00eas dos Museus\",\"museologia social\",\"Museu de Favela\",\"Nova Holanda\",\"Parque Uni\u00e3o\",\"preserva\u00e7\u00e3o de cultura\",\"preserva\u00e7\u00e3o hist\u00f3rica\",\"Redes da Mar\u00e9\",\"Vila do Pinheiro\",\"Zona Norte\",\"Zona Sul\"],\"articleSection\":[\"*Destaque\",\"Cultura da Favela\",\"Escrito por Comunicadores Populares\",\"Solu\u00e7\u00f5es\"],\"inLanguage\":\"pt-BR\"},{\"@type\":\"WebPage\",\"@id\":\"https:\/\/rioonwatch.org.br\/?p=40557\",\"url\":\"https:\/\/rioonwatch.org.br\/?p=40557\",\"name\":\"Mar\u00e9 a C\u00e9u Aberto: N\u00facleo de Mem\u00f3ria e Identidade Prepara Esta\u00e7\u00f5es de Mem\u00f3ria na Favela - RioOnWatch\",\"isPartOf\":{\"@id\":\"https:\/\/rioonwatch.org.br\/#website\"},\"primaryImageOfPage\":{\"@id\":\"https:\/\/rioonwatch.org.br\/?p=40557#primaryimage\"},\"image\":{\"@id\":\"https:\/\/rioonwatch.org.br\/?p=40557#primaryimage\"},\"thumbnailUrl\":\"https:\/\/rioonwatch.org.br\/wp-content\/uploads\/2019\/05\/1-Mar\u00e9-C\u00e9u-Aberto-l-\u00a9-Douglas-Lopes-1-de-8.jpg\",\"datePublished\":\"2019-05-23T12:16:11+00:00\",\"dateModified\":\"2024-06-20T16:46:12+00:00\",\"breadcrumb\":{\"@id\":\"https:\/\/rioonwatch.org.br\/?p=40557#breadcrumb\"},\"inLanguage\":\"pt-BR\",\"potentialAction\":[{\"@type\":\"ReadAction\",\"target\":[\"https:\/\/rioonwatch.org.br\/?p=40557\"]}]},{\"@type\":\"ImageObject\",\"inLanguage\":\"pt-BR\",\"@id\":\"https:\/\/rioonwatch.org.br\/?p=40557#primaryimage\",\"url\":\"https:\/\/rioonwatch.org.br\/wp-content\/uploads\/2019\/05\/1-Mar\u00e9-C\u00e9u-Aberto-l-\u00a9-Douglas-Lopes-1-de-8.jpg\",\"contentUrl\":\"https:\/\/rioonwatch.org.br\/wp-content\/uploads\/2019\/05\/1-Mar\u00e9-C\u00e9u-Aberto-l-\u00a9-Douglas-Lopes-1-de-8.jpg\",\"width\":1500,\"height\":1000},{\"@type\":\"BreadcrumbList\",\"@id\":\"https:\/\/rioonwatch.org.br\/?p=40557#breadcrumb\",\"itemListElement\":[{\"@type\":\"ListItem\",\"position\":1,\"name\":\"In\u00edcio\",\"item\":\"https:\/\/rioonwatch.org.br\/\"},{\"@type\":\"ListItem\",\"position\":2,\"name\":\"Mar\u00e9 a C\u00e9u Aberto: N\u00facleo de Mem\u00f3ria e Identidade Prepara Esta\u00e7\u00f5es de Mem\u00f3ria na Favela\"}]},{\"@type\":\"WebSite\",\"@id\":\"https:\/\/rioonwatch.org.br\/#website\",\"url\":\"https:\/\/rioonwatch.org.br\/\",\"name\":\"RioOnWatch\",\"description\":\"relatos das favelas cariocas\",\"publisher\":{\"@id\":\"https:\/\/rioonwatch.org.br\/#organization\"},\"potentialAction\":[{\"@type\":\"SearchAction\",\"target\":{\"@type\":\"EntryPoint\",\"urlTemplate\":\"https:\/\/rioonwatch.org.br\/?s={search_term_string}\"},\"query-input\":{\"@type\":\"PropertyValueSpecification\",\"valueRequired\":true,\"valueName\":\"search_term_string\"}}],\"inLanguage\":\"pt-BR\"},{\"@type\":\"Organization\",\"@id\":\"https:\/\/rioonwatch.org.br\/#organization\",\"name\":\"RioOnWatch\",\"url\":\"https:\/\/rioonwatch.org.br\/\",\"logo\":{\"@type\":\"ImageObject\",\"inLanguage\":\"pt-BR\",\"@id\":\"https:\/\/rioonwatch.org.br\/#\/schema\/logo\/image\/\",\"url\":\"https:\/\/rioonwatch.org.br\/wp-content\/uploads\/2021\/06\/RioOnWatchcabecalhoPT11anos-2.png\",\"contentUrl\":\"https:\/\/rioonwatch.org.br\/wp-content\/uploads\/2021\/06\/RioOnWatchcabecalhoPT11anos-2.png\",\"width\":779,\"height\":277,\"caption\":\"RioOnWatch\"},\"image\":{\"@id\":\"https:\/\/rioonwatch.org.br\/#\/schema\/logo\/image\/\"}},{\"@type\":\"Person\",\"@id\":\"https:\/\/rioonwatch.org.br\/#\/schema\/person\/11d64c290506f9df50c71b850c473f68\",\"name\":\"Admin\",\"image\":{\"@type\":\"ImageObject\",\"inLanguage\":\"pt-BR\",\"@id\":\"https:\/\/rioonwatch.org.br\/#\/schema\/person\/image\/\",\"url\":\"https:\/\/secure.gravatar.com\/avatar\/56211ac74568383903349a1485e3c325?s=96&d=blank&r=g\",\"contentUrl\":\"https:\/\/secure.gravatar.com\/avatar\/56211ac74568383903349a1485e3c325?s=96&d=blank&r=g\",\"caption\":\"Admin\"},\"url\":\"https:\/\/rioonwatch.org.br\/?author=129\"}]}<\/script>\n<!-- \/ Yoast SEO plugin. -->","yoast_head_json":{"title":"Mar\u00e9 a C\u00e9u Aberto: N\u00facleo de Mem\u00f3ria e Identidade Prepara Esta\u00e7\u00f5es de Mem\u00f3ria na Favela - RioOnWatch","robots":{"index":"index","follow":"follow","max-snippet":"max-snippet:-1","max-image-preview":"max-image-preview:large","max-video-preview":"max-video-preview:-1"},"canonical":"https:\/\/rioonwatch.org.br\/?p=40557","og_locale":"pt_BR","og_type":"article","og_title":"Mar\u00e9 a C\u00e9u Aberto: N\u00facleo de Mem\u00f3ria e Identidade Prepara Esta\u00e7\u00f5es de Mem\u00f3ria na Favela - RioOnWatch","og_description":"Click Here for English O projeto Mar\u00e9 a C\u00e9u Aberto promete trazer uma nova perspectiva museol\u00f3gica para a favela da Mar\u00e9, na Zona Norte. Roteiro hist\u00f3rico, instala\u00e7\u00e3o de esta\u00e7\u00f5es de mem\u00f3ria e arte urbana s\u00e3o [...]","og_url":"https:\/\/rioonwatch.org.br\/?p=40557","og_site_name":"RioOnWatch","article_published_time":"2019-05-23T12:16:11+00:00","article_modified_time":"2024-06-20T16:46:12+00:00","og_image":[{"width":1500,"height":1000,"url":"https:\/\/rioonwatch.org.br\/wp-content\/uploads\/2019\/05\/1-Mar\u00e9-C\u00e9u-Aberto-l-\u00a9-Douglas-Lopes-1-de-8.jpg","type":"image\/jpeg"}],"author":"Admin","twitter_card":"summary_large_image","twitter_misc":{"Escrito por":"Admin","Est. tempo de leitura":"7 minutos"},"schema":{"@context":"https:\/\/schema.org","@graph":[{"@type":"Article","@id":"https:\/\/rioonwatch.org.br\/?p=40557#article","isPartOf":{"@id":"https:\/\/rioonwatch.org.br\/?p=40557"},"author":{"name":"Admin","@id":"https:\/\/rioonwatch.org.br\/#\/schema\/person\/11d64c290506f9df50c71b850c473f68"},"headline":"Mar\u00e9 a C\u00e9u Aberto: N\u00facleo de Mem\u00f3ria e Identidade Prepara Esta\u00e7\u00f5es de Mem\u00f3ria na Favela","datePublished":"2019-05-23T12:16:11+00:00","dateModified":"2024-06-20T16:46:12+00:00","mainEntityOfPage":{"@id":"https:\/\/rioonwatch.org.br\/?p=40557"},"wordCount":1453,"publisher":{"@id":"https:\/\/rioonwatch.org.br\/#organization"},"image":{"@id":"https:\/\/rioonwatch.org.br\/?p=40557#primaryimage"},"thumbnailUrl":"https:\/\/rioonwatch.org.br\/wp-content\/uploads\/2019\/05\/1-Mar\u00e9-C\u00e9u-Aberto-l-\u00a9-Douglas-Lopes-1-de-8.jpg","keywords":["Avenida Brasil","Baixa do Sapateiro","Centro","Cerro Cor\u00e1","Complexo da Mar\u00e9","Linha Amarela","Linha Vermelha","Mem\u00f3rias Faveladas","M\u00eas dos Museus","museologia social","Museu de Favela","Nova Holanda","Parque Uni\u00e3o","preserva\u00e7\u00e3o de cultura","preserva\u00e7\u00e3o hist\u00f3rica","Redes da Mar\u00e9","Vila do Pinheiro","Zona Norte","Zona Sul"],"articleSection":["*Destaque","Cultura da Favela","Escrito por Comunicadores Populares","Solu\u00e7\u00f5es"],"inLanguage":"pt-BR"},{"@type":"WebPage","@id":"https:\/\/rioonwatch.org.br\/?p=40557","url":"https:\/\/rioonwatch.org.br\/?p=40557","name":"Mar\u00e9 a C\u00e9u Aberto: N\u00facleo de Mem\u00f3ria e Identidade Prepara Esta\u00e7\u00f5es de Mem\u00f3ria na Favela - RioOnWatch","isPartOf":{"@id":"https:\/\/rioonwatch.org.br\/#website"},"primaryImageOfPage":{"@id":"https:\/\/rioonwatch.org.br\/?p=40557#primaryimage"},"image":{"@id":"https:\/\/rioonwatch.org.br\/?p=40557#primaryimage"},"thumbnailUrl":"https:\/\/rioonwatch.org.br\/wp-content\/uploads\/2019\/05\/1-Mar\u00e9-C\u00e9u-Aberto-l-\u00a9-Douglas-Lopes-1-de-8.jpg","datePublished":"2019-05-23T12:16:11+00:00","dateModified":"2024-06-20T16:46:12+00:00","breadcrumb":{"@id":"https:\/\/rioonwatch.org.br\/?p=40557#breadcrumb"},"inLanguage":"pt-BR","potentialAction":[{"@type":"ReadAction","target":["https:\/\/rioonwatch.org.br\/?p=40557"]}]},{"@type":"ImageObject","inLanguage":"pt-BR","@id":"https:\/\/rioonwatch.org.br\/?p=40557#primaryimage","url":"https:\/\/rioonwatch.org.br\/wp-content\/uploads\/2019\/05\/1-Mar\u00e9-C\u00e9u-Aberto-l-\u00a9-Douglas-Lopes-1-de-8.jpg","contentUrl":"https:\/\/rioonwatch.org.br\/wp-content\/uploads\/2019\/05\/1-Mar\u00e9-C\u00e9u-Aberto-l-\u00a9-Douglas-Lopes-1-de-8.jpg","width":1500,"height":1000},{"@type":"BreadcrumbList","@id":"https:\/\/rioonwatch.org.br\/?p=40557#breadcrumb","itemListElement":[{"@type":"ListItem","position":1,"name":"In\u00edcio","item":"https:\/\/rioonwatch.org.br\/"},{"@type":"ListItem","position":2,"name":"Mar\u00e9 a C\u00e9u Aberto: N\u00facleo de Mem\u00f3ria e Identidade Prepara Esta\u00e7\u00f5es de Mem\u00f3ria na Favela"}]},{"@type":"WebSite","@id":"https:\/\/rioonwatch.org.br\/#website","url":"https:\/\/rioonwatch.org.br\/","name":"RioOnWatch","description":"relatos das favelas cariocas","publisher":{"@id":"https:\/\/rioonwatch.org.br\/#organization"},"potentialAction":[{"@type":"SearchAction","target":{"@type":"EntryPoint","urlTemplate":"https:\/\/rioonwatch.org.br\/?s={search_term_string}"},"query-input":{"@type":"PropertyValueSpecification","valueRequired":true,"valueName":"search_term_string"}}],"inLanguage":"pt-BR"},{"@type":"Organization","@id":"https:\/\/rioonwatch.org.br\/#organization","name":"RioOnWatch","url":"https:\/\/rioonwatch.org.br\/","logo":{"@type":"ImageObject","inLanguage":"pt-BR","@id":"https:\/\/rioonwatch.org.br\/#\/schema\/logo\/image\/","url":"https:\/\/rioonwatch.org.br\/wp-content\/uploads\/2021\/06\/RioOnWatchcabecalhoPT11anos-2.png","contentUrl":"https:\/\/rioonwatch.org.br\/wp-content\/uploads\/2021\/06\/RioOnWatchcabecalhoPT11anos-2.png","width":779,"height":277,"caption":"RioOnWatch"},"image":{"@id":"https:\/\/rioonwatch.org.br\/#\/schema\/logo\/image\/"}},{"@type":"Person","@id":"https:\/\/rioonwatch.org.br\/#\/schema\/person\/11d64c290506f9df50c71b850c473f68","name":"Admin","image":{"@type":"ImageObject","inLanguage":"pt-BR","@id":"https:\/\/rioonwatch.org.br\/#\/schema\/person\/image\/","url":"https:\/\/secure.gravatar.com\/avatar\/56211ac74568383903349a1485e3c325?s=96&d=blank&r=g","contentUrl":"https:\/\/secure.gravatar.com\/avatar\/56211ac74568383903349a1485e3c325?s=96&d=blank&r=g","caption":"Admin"},"url":"https:\/\/rioonwatch.org.br\/?author=129"}]}},"_links":{"self":[{"href":"https:\/\/rioonwatch.org.br\/index.php?rest_route=\/wp\/v2\/posts\/40557"}],"collection":[{"href":"https:\/\/rioonwatch.org.br\/index.php?rest_route=\/wp\/v2\/posts"}],"about":[{"href":"https:\/\/rioonwatch.org.br\/index.php?rest_route=\/wp\/v2\/types\/post"}],"author":[{"embeddable":true,"href":"https:\/\/rioonwatch.org.br\/index.php?rest_route=\/wp\/v2\/users\/129"}],"replies":[{"embeddable":true,"href":"https:\/\/rioonwatch.org.br\/index.php?rest_route=%2Fwp%2Fv2%2Fcomments&post=40557"}],"version-history":[{"count":31,"href":"https:\/\/rioonwatch.org.br\/index.php?rest_route=\/wp\/v2\/posts\/40557\/revisions"}],"predecessor-version":[{"id":41167,"href":"https:\/\/rioonwatch.org.br\/index.php?rest_route=\/wp\/v2\/posts\/40557\/revisions\/41167"}],"wp:featuredmedia":[{"embeddable":true,"href":"https:\/\/rioonwatch.org.br\/index.php?rest_route=\/wp\/v2\/media\/40581"}],"wp:attachment":[{"href":"https:\/\/rioonwatch.org.br\/index.php?rest_route=%2Fwp%2Fv2%2Fmedia&parent=40557"}],"wp:term":[{"taxonomy":"category","embeddable":true,"href":"https:\/\/rioonwatch.org.br\/index.php?rest_route=%2Fwp%2Fv2%2Fcategories&post=40557"},{"taxonomy":"post_tag","embeddable":true,"href":"https:\/\/rioonwatch.org.br\/index.php?rest_route=%2Fwp%2Fv2%2Ftags&post=40557"},{"taxonomy":"writer","embeddable":true,"href":"https:\/\/rioonwatch.org.br\/index.php?rest_route=%2Fwp%2Fv2%2Fwriter&post=40557"},{"taxonomy":"translator","embeddable":true,"href":"https:\/\/rioonwatch.org.br\/index.php?rest_route=%2Fwp%2Fv2%2Ftranslator&post=40557"},{"taxonomy":"source","embeddable":true,"href":"https:\/\/rioonwatch.org.br\/index.php?rest_route=%2Fwp%2Fv2%2Fsource&post=40557"},{"taxonomy":"ilustrador","embeddable":true,"href":"https:\/\/rioonwatch.org.br\/index.php?rest_route=%2Fwp%2Fv2%2Filustrador&post=40557"},{"taxonomy":"fotografo","embeddable":true,"href":"https:\/\/rioonwatch.org.br\/index.php?rest_route=%2Fwp%2Fv2%2Ffotografo&post=40557"}],"curies":[{"name":"wp","href":"https:\/\/api.w.org\/{rel}","templated":true}]}}