{"id":40745,"date":"2019-06-04T09:10:40","date_gmt":"2019-06-04T12:10:40","guid":{"rendered":"http:\/\/rioonwatch.org.br\/?p=40745"},"modified":"2019-07-26T05:43:27","modified_gmt":"2019-07-26T08:43:27","slug":"a-luta-de-uma-mae-pelos-direitos-das-filhas-com-nanismo-em-mage-na-baixada","status":"publish","type":"post","link":"https:\/\/rioonwatch.org.br\/?p=40745","title":{"rendered":"A Luta de uma M\u00e3e pelos Direitos das Filhas com Nanismo em Mag\u00e9, na Baixada"},"content":{"rendered":"<p style=\"text-align: right;\"><em><strong><a href=\"http:\/\/bit.ly\/2Rm6Wb3\" target=\"_blank\" rel=\"noopener noreferrer\">Click Here for English<\/a><a href=\"http:\/\/bit.ly\/2Rm6Wb3\" target=\"_blank\" rel=\"noopener noreferrer\"><img decoding=\"async\" width=\"20\" height=\"20\" class=\"alignright wp-image-15790\" src=\"http:\/\/rioonwatch.org.br\/wp-content\/uploads\/2012\/08\/EN-standard-e1439583104716.jpg\" \/><\/a><\/strong><\/em><\/p>\n<p><span style=\"font-weight: 400;\"><em>Esta mat\u00e9ria faz parte da s\u00e9rie <a href=\"http:\/\/bit.ly\/2yf7pTO\" target=\"_blank\" rel=\"noopener noreferrer\">Desafios da Vida em Mag\u00e9<\/a>.<\/em><\/span><\/p>\n<p><span style=\"font-weight: 400;\">Ana Silva, 35 anos, j\u00e1 contava 30 semanas de gesta\u00e7\u00e3o quando descobriu que estava esperando beb\u00eas com defici\u00eancia f\u00edsica. Annah Beatriz e Lu\u00edsa foram diagnosticadas com <a href=\"http:\/\/bit.ly\/30T7Q2W\" target=\"_blank\" rel=\"noopener noreferrer\">displasia esquel\u00e9tica<\/a>, uma defici\u00eancia rara que pode alterar a forma, tamanho e constitui\u00e7\u00e3o dos ossos. Ao percorrer o caminho da <a href=\"http:\/\/bit.ly\/1mNsDyk\" target=\"_blank\" rel=\"noopener noreferrer\">Zona Sul<\/a> do Rio, onde foi a consulta, at\u00e9 sua casa em <a href=\"http:\/\/bit.ly\/2M2sIfQ\" target=\"_blank\" rel=\"noopener noreferrer\">Mag\u00e9<\/a>, na <a href=\"http:\/\/bit.ly\/2EF7aoE\" target=\"_blank\" rel=\"noopener noreferrer\">Baixada Fluminense<\/a>, Ana resolveu pesquisar na internet o que significava aquele termo, pois a m\u00e9dica n\u00e3o havia deixado claro. Ali, ela entendeu que suas g\u00eameas teriam um tipo de nanismo. <\/span><span style=\"font-weight: 400;\">J\u00e1 m\u00e3e solo de um filho\u2014Jo\u00e3o Miguel, de 5 anos\u2014seu maior receio com a descoberta veio quando se deu conta que al\u00e9m de haver diversos tipos de displasia esquel\u00e9tica, existia, tamb\u00e9m, a possibilidade da doen\u00e7a ser letal. Um exame gen\u00e9tico confirmou o diagn\u00f3stico de <a href=\"http:\/\/bit.ly\/2WqOW4p\" target=\"_blank\" rel=\"noopener noreferrer\">acondroplasia<\/a>, a forma mais comum de displasia esquel\u00e9tica. Isso significaria que as crian\u00e7as teriam baixa estatura e altera\u00e7\u00e3o do arcabou\u00e7o \u00f3sseo.<\/span><\/p>\n<p><span style=\"font-weight: 400;\"><a href=\"http:\/\/rioonwatch.org.br\/wp-content\/uploads\/2019\/05\/WhatsApp-Image-2019-05-28-at-21.29.50.jpeg\"><img fetchpriority=\"high\" decoding=\"async\" class=\"aligncenter wp-image-40758 size-content\" title=\"Ana brinca com seus filhos: Annah Beatriz, Lu\u00edsa e Jo\u00e3o Miguel.\" src=\"http:\/\/rioonwatch.org.br\/wp-content\/uploads\/2019\/05\/WhatsApp-Image-2019-05-28-at-21.29.50-e1559101810278-620x264.jpeg\" alt=\"\" width=\"620\" height=\"264\" srcset=\"https:\/\/rioonwatch.org.br\/wp-content\/uploads\/2019\/05\/WhatsApp-Image-2019-05-28-at-21.29.50-e1559101810278-620x264.jpeg 620w, https:\/\/rioonwatch.org.br\/wp-content\/uploads\/2019\/05\/WhatsApp-Image-2019-05-28-at-21.29.50-e1559101810278-768x327.jpeg 768w, https:\/\/rioonwatch.org.br\/wp-content\/uploads\/2019\/05\/WhatsApp-Image-2019-05-28-at-21.29.50-e1559101810278-1024x436.jpeg 1024w, https:\/\/rioonwatch.org.br\/wp-content\/uploads\/2019\/05\/WhatsApp-Image-2019-05-28-at-21.29.50-e1559101810278-940x400.jpeg 940w, https:\/\/rioonwatch.org.br\/wp-content\/uploads\/2019\/05\/WhatsApp-Image-2019-05-28-at-21.29.50-e1559101810278.jpeg 1028w\" sizes=\"(max-width: 620px) 100vw, 620px\" \/><\/a><\/span><\/p>\n<p><span style=\"font-weight: 400;\">J\u00e1 no primeiro ano de vida das g\u00eameas apareceram os desafios que crian\u00e7as com defici\u00eancia que moram na Baixada Fluminense precisam enfrentar para ter acesso aos tratamentos espec\u00edficos para a garantia de uma vida saud\u00e1vel. Como moradores do munic\u00edpio de Mag\u00e9, Annah Beatriz e Lu\u00edsa, hoje com tr\u00eas anos de idade, enfrentaram muita burocracia e descaso para conseguirem seus primeiros atendimentos. A fisioterapia, tratamento primordial para quem tem displasia esquel\u00e9tica, ainda n\u00e3o \u00e9 uma rotina na vida das crian\u00e7as, pois o servi\u00e7o p\u00fablico na cidade n\u00e3o oferece essa especialidade. O acompanhamento com profissional de ortopedia s\u00f3 \u00e9 poss\u00edvel pelo <a href=\"http:\/\/bit.ly\/2HKBAI6\" target=\"_blank\" rel=\"noopener noreferrer\">Hospital da Crian\u00e7a<\/a>, em Vila Valqueire, na <\/span><a href=\"http:\/\/bit.ly\/11tBmFR\" target=\"_blank\" rel=\"noopener noreferrer\">Zona Oeste<\/a>\u00a0<span style=\"font-weight: 400;\">do Rio. O tratamento neurol\u00f3gico \u00e9 feito no <a href=\"http:\/\/bit.ly\/2oj4964\" target=\"_blank\" rel=\"noopener noreferrer\">Instituto Fernandes Figueira<\/a>, na Zona Sul, onde elas tiveram o primeiro diagn\u00f3stico, ainda na barriga da m\u00e3e. Um exame de resson\u00e2ncia magn\u00e9tica teve que ser feito em <a href=\"http:\/\/bit.ly\/2V9HN3x\" target=\"_blank\" rel=\"noopener noreferrer\">Nova Igua\u00e7u<\/a>, ap\u00f3s mais de dois anos na fila de espera.<\/span><\/p>\n<p><span style=\"font-weight: 400;\">As <a href=\"http:\/\/bit.ly\/2AHhIPz\" target=\"_blank\" rel=\"noopener noreferrer\">dificuldades na locomo\u00e7\u00e3o<\/a> delas em busca de tratamento ocorrem, tamb\u00e9m, dentro do pr\u00f3prio munic\u00edpio. Mag\u00e9, assim como outras cidades da Baixada Fluminense, conta com infraestrutura urbana prec\u00e1ria, fazendo com que seja muito dif\u00edcil encontrar cal\u00e7amento adequado, faixa de pedestres e, at\u00e9 mesmo, sinaliza\u00e7\u00e3o de tr\u00e2nsito na cidade. \u201cN\u00e3o tenho uma rede de apoio e as minhas dificuldades de locomo\u00e7\u00e3o n\u00e3o s\u00e3o s\u00f3 porque tenho filhas com defici\u00eancia, mas sim porque \u00e9 dif\u00edcil achar uma cal\u00e7ada para andar com seguran\u00e7a, nos bairros daqui\u201d, afirma Ana.<\/span><\/p>\n<p><span style=\"font-weight: 400;\"><a href=\"http:\/\/rioonwatch.org.br\/wp-content\/uploads\/2019\/05\/WhatsApp-Image-2019-05-28-at-21.29.51.jpeg\"><img decoding=\"async\" class=\"aligncenter size-content wp-image-40760\" src=\"http:\/\/rioonwatch.org.br\/wp-content\/uploads\/2019\/05\/WhatsApp-Image-2019-05-28-at-21.29.51-620x264.jpeg\" alt=\"\" width=\"620\" height=\"264\" srcset=\"https:\/\/rioonwatch.org.br\/wp-content\/uploads\/2019\/05\/WhatsApp-Image-2019-05-28-at-21.29.51-620x264.jpeg 620w, https:\/\/rioonwatch.org.br\/wp-content\/uploads\/2019\/05\/WhatsApp-Image-2019-05-28-at-21.29.51-940x400.jpeg 940w\" sizes=\"(max-width: 620px) 100vw, 620px\" \/><\/a><\/span><\/p>\n<p><span style=\"font-weight: 400;\">Outra preocupa\u00e7\u00e3o do dia a dia \u00e9 com a educa\u00e7\u00e3o das meninas. As crian\u00e7as, que estudam em uma creche municipal, n\u00e3o t\u00eam acesso a mob\u00edlia adaptada nas depend\u00eancias da escolinha. Esse gasto sai do bolso da m\u00e3e. Outra preocupa\u00e7\u00e3o de Ana \u00e9 com o acesso que suas filhas ter\u00e3o no futuro a servi\u00e7os\u2014como por exemplo, em bancos e mercados\u2014e com a postura da sociedade diante de pessoas com nanismo. <\/span><span style=\"font-weight: 400;\">Com a voz embargada, ela diz que \u00e9 preciso que as pessoas entendam que nanismo n\u00e3o \u00e9 s\u00f3 ter membros curtos: \u201cNanismo \u00e9 sobre n\u00e3o ter qualidade de vida. \u00c9 sobre ser dependente de algu\u00e9m. Sempre digo para os pais, nas reuni\u00f5es da creche, que todas as crian\u00e7as s\u00e3o iguais mesmo tendo alguma defici\u00eancia e que em alguns lugares, n\u00e3o aqui em Mag\u00e9, mas no Rio e em <a href=\"http:\/\/bit.ly\/2JfMDeQ\" target=\"_blank\" rel=\"noopener noreferrer\">S\u00e3o Paulo<\/a>, alguns bancos j\u00e1 come\u00e7aram a ter caixa eletr\u00f4nico adaptado para pessoas com baixa estatura, servindo, tamb\u00e9m, aos cadeirantes. Ou seja, as pessoas precisam come\u00e7ar a pensar sobre isso\u201d, afirma ela.<\/span><\/p>\n<p><span style=\"font-weight: 400;\">Hoje, Ana faz parte de algumas redes colaborativas para pessoas com defici\u00eancia. Ela percebeu que era preciso fortalecer la\u00e7os como esse. No Facebook, por exemplo, ela faz parte de um grupo com mais de 2.000 integrantes para trocas de experi\u00eancia entre as pessoas que vivem com acondroplasia. O grupo se chama \u201c<\/span><a href=\"http:\/\/bit.ly\/2WmBq1J\" target=\"_blank\" rel=\"noopener noreferrer\"><span style=\"font-weight: 400;\">Acondroplasia sem preconceito<\/span><\/a><span style=\"font-weight: 400;\">\u201d mas tamb\u00e9m acolhe pessoas com outras defici\u00eancias.\u00a0<\/span><span style=\"font-weight: 400;\">Ana tamb\u00e9m est\u00e1 em constante contato com K\u00eania Maria, que convive com a mesma defici\u00eancia que suas filhas, advogada e que ocupa, hoje, a presid\u00eancia da<\/span> <a href=\"http:\/\/bit.ly\/2VZlVZ2\" target=\"_blank\" rel=\"noopener noreferrer\"><span style=\"font-weight: 400;\">ANAERJ<\/span><\/a><span style=\"font-weight: 400;\">, Associa\u00e7\u00e3o de Nanismo do Estado do Rio de Janeiro.<\/span><\/p>\n<p><span style=\"font-weight: 400;\"><a href=\"http:\/\/rioonwatch.org.br\/wp-content\/uploads\/2019\/05\/WhatsApp-Image-2019-05-28-at-21.28.08.jpeg\"><img loading=\"lazy\" decoding=\"async\" class=\"aligncenter wp-image-40756 size-medium\" src=\"http:\/\/rioonwatch.org.br\/wp-content\/uploads\/2019\/05\/WhatsApp-Image-2019-05-28-at-21.28.08-620x465.jpeg\" alt=\"\" width=\"620\" height=\"465\" srcset=\"https:\/\/rioonwatch.org.br\/wp-content\/uploads\/2019\/05\/WhatsApp-Image-2019-05-28-at-21.28.08-620x465.jpeg 620w, https:\/\/rioonwatch.org.br\/wp-content\/uploads\/2019\/05\/WhatsApp-Image-2019-05-28-at-21.28.08-352x264.jpeg 352w, https:\/\/rioonwatch.org.br\/wp-content\/uploads\/2019\/05\/WhatsApp-Image-2019-05-28-at-21.28.08-768x576.jpeg 768w, https:\/\/rioonwatch.org.br\/wp-content\/uploads\/2019\/05\/WhatsApp-Image-2019-05-28-at-21.28.08-1024x768.jpeg 1024w, https:\/\/rioonwatch.org.br\/wp-content\/uploads\/2019\/05\/WhatsApp-Image-2019-05-28-at-21.28.08-174x131.jpeg 174w, https:\/\/rioonwatch.org.br\/wp-content\/uploads\/2019\/05\/WhatsApp-Image-2019-05-28-at-21.28.08-300x225.jpeg 300w, https:\/\/rioonwatch.org.br\/wp-content\/uploads\/2019\/05\/WhatsApp-Image-2019-05-28-at-21.28.08-70x53.jpeg 70w, https:\/\/rioonwatch.org.br\/wp-content\/uploads\/2019\/05\/WhatsApp-Image-2019-05-28-at-21.28.08.jpeg 1040w\" sizes=\"(max-width: 620px) 100vw, 620px\" \/><\/a><\/span><\/p>\n<p><span style=\"font-weight: 400;\">Foi atrav\u00e9s de K\u00eania que a m\u00e3e de Annah Beatriz e Lu\u00edsa p\u00f4de participar do<\/span> <a href=\"http:\/\/bit.ly\/2VVL4nx\" target=\"_blank\" rel=\"noopener noreferrer\"><span style=\"font-weight: 400;\">primeiro congresso de pessoas com nanismo<\/span><\/a><span style=\"font-weight: 400;\"> que aconteceu no Rio em 2016. Nesse espa\u00e7o, Ana acredita que obteve um \u201cnorte\u201d sobre quais caminhos tomar nos cuidados com as crian\u00e7as, sobretudo no \u00e2mbito jur\u00eddico. Para dar entrada no processo judicial de pens\u00e3o aliment\u00edcia, por exemplo, ela teve que enfrentar o preconceito da Defensoria P\u00fablica, que n\u00e3o acatou os laudos m\u00e9dicos das crian\u00e7as, fazendo que a pens\u00e3o tenho sido determinada num valor menor do que o de direito. <\/span><\/p>\n<p><span style=\"font-weight: 400;\">O contato com outras pessoas com defici\u00eancia tamb\u00e9m a permite acompanhar o que est\u00e1 sendo feito em termos legais no Brasil para a garantia da<\/span> <a href=\"http:\/\/bit.ly\/2W2av7a\" target=\"_blank\" rel=\"noopener noreferrer\"><span style=\"font-weight: 400;\">Lei Brasileira de Inclus\u00e3o<\/span><\/a><span style=\"font-weight: 400;\">. Sancionada em 2015, a lei, tamb\u00e9m conhecida como Estatuto da Pessoa com Defici\u00eancia, trouxe mudan\u00e7as significativas, sobretudo na inclus\u00e3o escolar, para os 45 milh\u00f5es de brasileiros que vivem com algum tipo de defici\u00eancia no pa\u00eds. Para Ana, estar com essas pessoas \u00e9 importante para dividir e trocar n\u00e3o s\u00f3 d\u00favidas, como tamb\u00e9m frustra\u00e7\u00f5es. Ana n\u00e3o vive sozinha a realidade dif\u00edcil da busca por direitos. \u201cMuitas vezes eu s\u00f3 consigo atendimento paras as meninas se eu apontar, nas redes sociais, o meu descontentamento com tamanha humilha\u00e7\u00e3o. N\u00e3o teve nenhum encaminhamento m\u00e9dico que tenha sido atendido pela <a href=\"http:\/\/bit.ly\/2EGLmsK\" target=\"_blank\" rel=\"noopener noreferrer\">Secretaria de Sa\u00fade de Mag\u00e9<\/a> sem que eu precisasse gritar e exigir esse direito\u201d. Apesar do<\/span>\u00a0<span style=\"font-weight: 400;\"><a href=\"http:\/\/bit.ly\/2PkJr0K\" target=\"_blank\" rel=\"noopener noreferrer\">Supremo Tribunal Federal<\/a> ter decidido em maio desse ano que as <a href=\"http:\/\/bit.ly\/2JInuZT\" target=\"_blank\" rel=\"noopener noreferrer\">medica\u00e7\u00f5es para as doen\u00e7as raras devem ser fornecidas pelo Estado brasileiro<\/a>, ainda n\u00e3o h\u00e1 medica\u00e7\u00e3o espec\u00edfica para o tratamento da acondroplasia.<\/span><\/p>\n<p><span style=\"font-weight: 400;\"><a href=\"http:\/\/rioonwatch.org.br\/wp-content\/uploads\/2019\/05\/WhatsApp-Image-2019-05-28-at-21.28.09.jpeg\"><img loading=\"lazy\" decoding=\"async\" class=\"aligncenter wp-image-40757 size-content\" src=\"http:\/\/rioonwatch.org.br\/wp-content\/uploads\/2019\/05\/WhatsApp-Image-2019-05-28-at-21.28.09-e1559101763487-620x264.jpeg\" alt=\"\" width=\"620\" height=\"264\" \/><\/a><\/span><\/p>\n<p><span style=\"font-weight: 400;\">\u00c9 indiscut\u00edvel, segundo Ana, o quanto ainda falta de avan\u00e7o para a garantia de uma vida plena em direitos para as pessoas com defici\u00eancia. Para quem \u00e9 perif\u00e9rico e vive em cidades com poucos recursos de sa\u00fade, educa\u00e7\u00e3o e infraestrutura, como \u00e9 a realidade mageense, \u00e9 preciso ter uma boa condi\u00e7\u00e3o financeira familiar para que os direitos b\u00e1sicos dessas pessoas sejam garantidos. \u201cEu t\u00f4 h\u00e1 cinco meses fazendo acompanhamento psicol\u00f3gico, porque eu quero e preciso ser \u00fatil para as minhas crian\u00e7as, para que um dia elas estejam bem e para que eu possa voltar a viver um pouco a minha vida\u201d, desabafa Ana.<\/span><\/p>\n<p><span style=\"font-weight: 400;\"><a href=\"http:\/\/rioonwatch.org.br\/wp-content\/uploads\/2019\/05\/WhatsApp-Image-2019-05-28-at-21.27.33.jpeg\"><img loading=\"lazy\" decoding=\"async\" class=\"aligncenter size-content wp-image-40753\" src=\"http:\/\/rioonwatch.org.br\/wp-content\/uploads\/2019\/05\/WhatsApp-Image-2019-05-28-at-21.27.33-620x264.jpeg\" alt=\"\" width=\"620\" height=\"264\" srcset=\"https:\/\/rioonwatch.org.br\/wp-content\/uploads\/2019\/05\/WhatsApp-Image-2019-05-28-at-21.27.33-620x264.jpeg 620w, https:\/\/rioonwatch.org.br\/wp-content\/uploads\/2019\/05\/WhatsApp-Image-2019-05-28-at-21.27.33-940x400.jpeg 940w\" sizes=\"(max-width: 620px) 100vw, 620px\" \/><\/a><\/span><\/p>\n<p><span style=\"font-weight: 400;\">Perguntada sobre quais perspectivas ela tem para o futuro das filhas, Ana conclui que as demandas atuais s\u00e3o t\u00e3o graves e urgentes que ela precisa se preocupar em garantir o m\u00ednimo de dignidade para as crian\u00e7as agora. Mas, como mulher, ativista e estudante de servi\u00e7o social, ela garante que tem como objetivo ser para outras mulheres, principalmente as pobres e m\u00e3es de crian\u00e7as com defici\u00eancia, o que as assistentes sociais que ela encontrou pelo caminho foram para ela. \u201cA vontade de cursar servi\u00e7o social nasceu pelo ciclo de atendimentos com assistentes sociais em todos os espa\u00e7os que tenho que frequentar. S\u00e3o as pessoas que me d\u00e3o as orienta\u00e7\u00f5es que preciso. Eu gostaria muito de no futuro ajudar outras m\u00e3es que t\u00eam filhos com defici\u00eancia e n\u00e3o t\u00eam rede de apoio, assim como eu n\u00e3o tenho\u201d, finaliza Ana.<\/span><\/p>\n<p><em>Th\u00e1bara Garcia, moradora de Mag\u00e9, \u00e9 professora e faz parte do coletivo <a href=\"http:\/\/bit.ly\/2wyjOkB\" target=\"_blank\" rel=\"noopener noreferrer\">Roda de Mulheres da Baixada<\/a>.<\/em><\/p>\n<!-- AddThis Advanced Settings generic via filter on the_content --><!-- AddThis Share Buttons generic via filter on the_content -->","protected":false},"excerpt":{"rendered":"<div class=\"mh-excerpt\"><p>Click Here for English Esta mat\u00e9ria faz parte da s\u00e9rie Desafios da Vida em Mag\u00e9. Ana Silva, 35 anos, j\u00e1 contava 30 semanas de gesta\u00e7\u00e3o quando descobriu que estava esperando beb\u00eas com defici\u00eancia f\u00edsica. Annah <a class=\"mh-excerpt-more\" href=\"https:\/\/rioonwatch.org.br\/?p=40745\" title=\"A Luta de uma M\u00e3e pelos Direitos das Filhas com Nanismo em Mag\u00e9, na Baixada\">[&#8230;]<\/a><!-- AddThis Advanced Settings generic via filter on get_the_excerpt --><!-- AddThis Share Buttons generic via filter on get_the_excerpt --><\/p>\n<\/div>","protected":false},"author":152,"featured_media":40755,"comment_status":"closed","ping_status":"closed","sticky":false,"template":"","format":"standard","meta":{"_acf_changed":false,"_monsterinsights_skip_tracking":false,"_monsterinsights_sitenote_active":false,"_monsterinsights_sitenote_note":"","_monsterinsights_sitenote_category":0,"footnotes":""},"categories":[1621,346,1625],"tags":[894,959,90,1967,316,1372,1307,324,1179,560,417,961,2451,432,294,2668,184,383],"writer":[2644],"translator":[],"source":[],"ilustrador":[],"fotografo":[],"class_list":{"0":"post-40745","1":"post","2":"type-post","3":"status-publish","4":"format-standard","5":"has-post-thumbnail","7":"category-destaque","8":"category-denuncias","9":"category-por-correspondentes-comunitarios","10":"tag-baixa-qualidade-dos-servicos","11":"tag-baixada-fluminense","12":"tag-defensoria-publica","13":"tag-deficiencia-fisica","14":"tag-educacao","15":"tag-grande-rio","16":"tag-inclusao","17":"tag-infraestrutura","18":"tag-mage","19":"tag-mobilidade","20":"tag-negligencia-do-estado","21":"tag-nova-iguacu","22":"tag-politicas-publicas","23":"tag-resistencia","24":"tag-saude","25":"tag-serie-desafios-da-vida-em-mage","26":"tag-zona-oeste","27":"tag-zona-sul","28":"writer-thabara-garcia"},"acf":[],"yoast_head":"<!-- This site is optimized with the Yoast SEO plugin v25.6 - https:\/\/yoast.com\/wordpress\/plugins\/seo\/ -->\n<title>A Luta de uma M\u00e3e pelos Direitos das Filhas com Nanismo em Mag\u00e9, na Baixada - RioOnWatch<\/title>\n<meta name=\"robots\" content=\"index, follow, max-snippet:-1, max-image-preview:large, max-video-preview:-1\" \/>\n<link rel=\"canonical\" href=\"https:\/\/rioonwatch.org.br\/?p=40745\" \/>\n<meta property=\"og:locale\" content=\"pt_BR\" \/>\n<meta property=\"og:type\" content=\"article\" \/>\n<meta property=\"og:title\" content=\"A Luta de uma M\u00e3e pelos Direitos das Filhas com Nanismo em Mag\u00e9, na Baixada - RioOnWatch\" \/>\n<meta property=\"og:description\" content=\"Click Here for English Esta mat\u00e9ria faz parte da s\u00e9rie Desafios da Vida em Mag\u00e9. Ana Silva, 35 anos, j\u00e1 contava 30 semanas de gesta\u00e7\u00e3o quando descobriu que estava esperando beb\u00eas com defici\u00eancia f\u00edsica. Annah [...]\" \/>\n<meta property=\"og:url\" content=\"https:\/\/rioonwatch.org.br\/?p=40745\" \/>\n<meta property=\"og:site_name\" content=\"RioOnWatch\" \/>\n<meta property=\"article:published_time\" content=\"2019-06-04T12:10:40+00:00\" \/>\n<meta property=\"article:modified_time\" content=\"2019-07-26T08:43:27+00:00\" \/>\n<meta property=\"og:image\" content=\"https:\/\/rioonwatch.org.br\/wp-content\/uploads\/2019\/05\/WhatsApp-Image-2019-05-28-at-21.28.08-1.jpeg\" \/>\n\t<meta property=\"og:image:width\" content=\"1040\" \/>\n\t<meta property=\"og:image:height\" content=\"780\" \/>\n\t<meta property=\"og:image:type\" content=\"image\/jpeg\" \/>\n<meta name=\"author\" content=\"Luisa Fenizola\" \/>\n<meta name=\"twitter:card\" content=\"summary_large_image\" \/>\n<meta name=\"twitter:label1\" content=\"Escrito por\" \/>\n\t<meta name=\"twitter:data1\" content=\"Luisa Fenizola\" \/>\n\t<meta name=\"twitter:label2\" content=\"Est. tempo de leitura\" \/>\n\t<meta name=\"twitter:data2\" content=\"7 minutos\" \/>\n<script type=\"application\/ld+json\" class=\"yoast-schema-graph\">{\"@context\":\"https:\/\/schema.org\",\"@graph\":[{\"@type\":\"Article\",\"@id\":\"https:\/\/rioonwatch.org.br\/?p=40745#article\",\"isPartOf\":{\"@id\":\"https:\/\/rioonwatch.org.br\/?p=40745\"},\"author\":{\"name\":\"Luisa Fenizola\",\"@id\":\"https:\/\/rioonwatch.org.br\/#\/schema\/person\/f443c6b55bb6e80842280318076491c5\"},\"headline\":\"A Luta de uma M\u00e3e pelos Direitos das Filhas com Nanismo em Mag\u00e9, na Baixada\",\"datePublished\":\"2019-06-04T12:10:40+00:00\",\"dateModified\":\"2019-07-26T08:43:27+00:00\",\"mainEntityOfPage\":{\"@id\":\"https:\/\/rioonwatch.org.br\/?p=40745\"},\"wordCount\":1361,\"publisher\":{\"@id\":\"https:\/\/rioonwatch.org.br\/#organization\"},\"image\":{\"@id\":\"https:\/\/rioonwatch.org.br\/?p=40745#primaryimage\"},\"thumbnailUrl\":\"https:\/\/rioonwatch.org.br\/wp-content\/uploads\/2019\/05\/WhatsApp-Image-2019-05-28-at-21.28.08-1.jpeg\",\"keywords\":[\"baixa qualidade dos servi\u00e7os\",\"Baixada Fluminense\",\"Defensoria P\u00fablica\",\"defici\u00eancia f\u00edsica\",\"educa\u00e7\u00e3o\",\"Grande Rio\",\"inclus\u00e3o\",\"infraestrutura\",\"Mag\u00e9\",\"mobilidade\",\"Neglig\u00eancia do Estado\",\"Nova Igua\u00e7u\",\"pol\u00edticas p\u00fablicas\",\"resist\u00eancia\",\"sa\u00fade\",\"S\u00e9rie: Desafios da Vida em Mag\u00e9\",\"Zona Oeste\",\"Zona Sul\"],\"articleSection\":[\"*Destaque\",\"Den\u00fancias\",\"Escrito por Comunicadores Populares\"],\"inLanguage\":\"pt-BR\"},{\"@type\":\"WebPage\",\"@id\":\"https:\/\/rioonwatch.org.br\/?p=40745\",\"url\":\"https:\/\/rioonwatch.org.br\/?p=40745\",\"name\":\"A Luta de uma M\u00e3e pelos Direitos das Filhas com Nanismo em Mag\u00e9, na Baixada - RioOnWatch\",\"isPartOf\":{\"@id\":\"https:\/\/rioonwatch.org.br\/#website\"},\"primaryImageOfPage\":{\"@id\":\"https:\/\/rioonwatch.org.br\/?p=40745#primaryimage\"},\"image\":{\"@id\":\"https:\/\/rioonwatch.org.br\/?p=40745#primaryimage\"},\"thumbnailUrl\":\"https:\/\/rioonwatch.org.br\/wp-content\/uploads\/2019\/05\/WhatsApp-Image-2019-05-28-at-21.28.08-1.jpeg\",\"datePublished\":\"2019-06-04T12:10:40+00:00\",\"dateModified\":\"2019-07-26T08:43:27+00:00\",\"breadcrumb\":{\"@id\":\"https:\/\/rioonwatch.org.br\/?p=40745#breadcrumb\"},\"inLanguage\":\"pt-BR\",\"potentialAction\":[{\"@type\":\"ReadAction\",\"target\":[\"https:\/\/rioonwatch.org.br\/?p=40745\"]}]},{\"@type\":\"ImageObject\",\"inLanguage\":\"pt-BR\",\"@id\":\"https:\/\/rioonwatch.org.br\/?p=40745#primaryimage\",\"url\":\"https:\/\/rioonwatch.org.br\/wp-content\/uploads\/2019\/05\/WhatsApp-Image-2019-05-28-at-21.28.08-1.jpeg\",\"contentUrl\":\"https:\/\/rioonwatch.org.br\/wp-content\/uploads\/2019\/05\/WhatsApp-Image-2019-05-28-at-21.28.08-1.jpeg\",\"width\":1040,\"height\":780},{\"@type\":\"BreadcrumbList\",\"@id\":\"https:\/\/rioonwatch.org.br\/?p=40745#breadcrumb\",\"itemListElement\":[{\"@type\":\"ListItem\",\"position\":1,\"name\":\"In\u00edcio\",\"item\":\"https:\/\/rioonwatch.org.br\/\"},{\"@type\":\"ListItem\",\"position\":2,\"name\":\"A Luta de uma M\u00e3e pelos Direitos das Filhas com Nanismo em Mag\u00e9, na Baixada\"}]},{\"@type\":\"WebSite\",\"@id\":\"https:\/\/rioonwatch.org.br\/#website\",\"url\":\"https:\/\/rioonwatch.org.br\/\",\"name\":\"RioOnWatch\",\"description\":\"relatos das favelas cariocas\",\"publisher\":{\"@id\":\"https:\/\/rioonwatch.org.br\/#organization\"},\"potentialAction\":[{\"@type\":\"SearchAction\",\"target\":{\"@type\":\"EntryPoint\",\"urlTemplate\":\"https:\/\/rioonwatch.org.br\/?s={search_term_string}\"},\"query-input\":{\"@type\":\"PropertyValueSpecification\",\"valueRequired\":true,\"valueName\":\"search_term_string\"}}],\"inLanguage\":\"pt-BR\"},{\"@type\":\"Organization\",\"@id\":\"https:\/\/rioonwatch.org.br\/#organization\",\"name\":\"RioOnWatch\",\"url\":\"https:\/\/rioonwatch.org.br\/\",\"logo\":{\"@type\":\"ImageObject\",\"inLanguage\":\"pt-BR\",\"@id\":\"https:\/\/rioonwatch.org.br\/#\/schema\/logo\/image\/\",\"url\":\"https:\/\/rioonwatch.org.br\/wp-content\/uploads\/2021\/06\/RioOnWatchcabecalhoPT11anos-2.png\",\"contentUrl\":\"https:\/\/rioonwatch.org.br\/wp-content\/uploads\/2021\/06\/RioOnWatchcabecalhoPT11anos-2.png\",\"width\":779,\"height\":277,\"caption\":\"RioOnWatch\"},\"image\":{\"@id\":\"https:\/\/rioonwatch.org.br\/#\/schema\/logo\/image\/\"}},{\"@type\":\"Person\",\"@id\":\"https:\/\/rioonwatch.org.br\/#\/schema\/person\/f443c6b55bb6e80842280318076491c5\",\"name\":\"Luisa Fenizola\",\"image\":{\"@type\":\"ImageObject\",\"inLanguage\":\"pt-BR\",\"@id\":\"https:\/\/rioonwatch.org.br\/#\/schema\/person\/image\/\",\"url\":\"https:\/\/secure.gravatar.com\/avatar\/a3d551110162b9f876cbbdaaecf75663?s=96&d=blank&r=g\",\"contentUrl\":\"https:\/\/secure.gravatar.com\/avatar\/a3d551110162b9f876cbbdaaecf75663?s=96&d=blank&r=g\",\"caption\":\"Luisa Fenizola\"},\"url\":\"https:\/\/rioonwatch.org.br\/?author=152\"}]}<\/script>\n<!-- \/ Yoast SEO plugin. -->","yoast_head_json":{"title":"A Luta de uma M\u00e3e pelos Direitos das Filhas com Nanismo em Mag\u00e9, na Baixada - RioOnWatch","robots":{"index":"index","follow":"follow","max-snippet":"max-snippet:-1","max-image-preview":"max-image-preview:large","max-video-preview":"max-video-preview:-1"},"canonical":"https:\/\/rioonwatch.org.br\/?p=40745","og_locale":"pt_BR","og_type":"article","og_title":"A Luta de uma M\u00e3e pelos Direitos das Filhas com Nanismo em Mag\u00e9, na Baixada - RioOnWatch","og_description":"Click Here for English Esta mat\u00e9ria faz parte da s\u00e9rie Desafios da Vida em Mag\u00e9. Ana Silva, 35 anos, j\u00e1 contava 30 semanas de gesta\u00e7\u00e3o quando descobriu que estava esperando beb\u00eas com defici\u00eancia f\u00edsica. Annah [...]","og_url":"https:\/\/rioonwatch.org.br\/?p=40745","og_site_name":"RioOnWatch","article_published_time":"2019-06-04T12:10:40+00:00","article_modified_time":"2019-07-26T08:43:27+00:00","og_image":[{"width":1040,"height":780,"url":"https:\/\/rioonwatch.org.br\/wp-content\/uploads\/2019\/05\/WhatsApp-Image-2019-05-28-at-21.28.08-1.jpeg","type":"image\/jpeg"}],"author":"Luisa Fenizola","twitter_card":"summary_large_image","twitter_misc":{"Escrito por":"Luisa Fenizola","Est. tempo de leitura":"7 minutos"},"schema":{"@context":"https:\/\/schema.org","@graph":[{"@type":"Article","@id":"https:\/\/rioonwatch.org.br\/?p=40745#article","isPartOf":{"@id":"https:\/\/rioonwatch.org.br\/?p=40745"},"author":{"name":"Luisa Fenizola","@id":"https:\/\/rioonwatch.org.br\/#\/schema\/person\/f443c6b55bb6e80842280318076491c5"},"headline":"A Luta de uma M\u00e3e pelos Direitos das Filhas com Nanismo em Mag\u00e9, na Baixada","datePublished":"2019-06-04T12:10:40+00:00","dateModified":"2019-07-26T08:43:27+00:00","mainEntityOfPage":{"@id":"https:\/\/rioonwatch.org.br\/?p=40745"},"wordCount":1361,"publisher":{"@id":"https:\/\/rioonwatch.org.br\/#organization"},"image":{"@id":"https:\/\/rioonwatch.org.br\/?p=40745#primaryimage"},"thumbnailUrl":"https:\/\/rioonwatch.org.br\/wp-content\/uploads\/2019\/05\/WhatsApp-Image-2019-05-28-at-21.28.08-1.jpeg","keywords":["baixa qualidade dos servi\u00e7os","Baixada Fluminense","Defensoria P\u00fablica","defici\u00eancia f\u00edsica","educa\u00e7\u00e3o","Grande Rio","inclus\u00e3o","infraestrutura","Mag\u00e9","mobilidade","Neglig\u00eancia do Estado","Nova Igua\u00e7u","pol\u00edticas p\u00fablicas","resist\u00eancia","sa\u00fade","S\u00e9rie: Desafios da Vida em Mag\u00e9","Zona Oeste","Zona Sul"],"articleSection":["*Destaque","Den\u00fancias","Escrito por Comunicadores Populares"],"inLanguage":"pt-BR"},{"@type":"WebPage","@id":"https:\/\/rioonwatch.org.br\/?p=40745","url":"https:\/\/rioonwatch.org.br\/?p=40745","name":"A Luta de uma M\u00e3e pelos Direitos das Filhas com Nanismo em Mag\u00e9, na Baixada - RioOnWatch","isPartOf":{"@id":"https:\/\/rioonwatch.org.br\/#website"},"primaryImageOfPage":{"@id":"https:\/\/rioonwatch.org.br\/?p=40745#primaryimage"},"image":{"@id":"https:\/\/rioonwatch.org.br\/?p=40745#primaryimage"},"thumbnailUrl":"https:\/\/rioonwatch.org.br\/wp-content\/uploads\/2019\/05\/WhatsApp-Image-2019-05-28-at-21.28.08-1.jpeg","datePublished":"2019-06-04T12:10:40+00:00","dateModified":"2019-07-26T08:43:27+00:00","breadcrumb":{"@id":"https:\/\/rioonwatch.org.br\/?p=40745#breadcrumb"},"inLanguage":"pt-BR","potentialAction":[{"@type":"ReadAction","target":["https:\/\/rioonwatch.org.br\/?p=40745"]}]},{"@type":"ImageObject","inLanguage":"pt-BR","@id":"https:\/\/rioonwatch.org.br\/?p=40745#primaryimage","url":"https:\/\/rioonwatch.org.br\/wp-content\/uploads\/2019\/05\/WhatsApp-Image-2019-05-28-at-21.28.08-1.jpeg","contentUrl":"https:\/\/rioonwatch.org.br\/wp-content\/uploads\/2019\/05\/WhatsApp-Image-2019-05-28-at-21.28.08-1.jpeg","width":1040,"height":780},{"@type":"BreadcrumbList","@id":"https:\/\/rioonwatch.org.br\/?p=40745#breadcrumb","itemListElement":[{"@type":"ListItem","position":1,"name":"In\u00edcio","item":"https:\/\/rioonwatch.org.br\/"},{"@type":"ListItem","position":2,"name":"A Luta de uma M\u00e3e pelos Direitos das Filhas com Nanismo em Mag\u00e9, na Baixada"}]},{"@type":"WebSite","@id":"https:\/\/rioonwatch.org.br\/#website","url":"https:\/\/rioonwatch.org.br\/","name":"RioOnWatch","description":"relatos das favelas cariocas","publisher":{"@id":"https:\/\/rioonwatch.org.br\/#organization"},"potentialAction":[{"@type":"SearchAction","target":{"@type":"EntryPoint","urlTemplate":"https:\/\/rioonwatch.org.br\/?s={search_term_string}"},"query-input":{"@type":"PropertyValueSpecification","valueRequired":true,"valueName":"search_term_string"}}],"inLanguage":"pt-BR"},{"@type":"Organization","@id":"https:\/\/rioonwatch.org.br\/#organization","name":"RioOnWatch","url":"https:\/\/rioonwatch.org.br\/","logo":{"@type":"ImageObject","inLanguage":"pt-BR","@id":"https:\/\/rioonwatch.org.br\/#\/schema\/logo\/image\/","url":"https:\/\/rioonwatch.org.br\/wp-content\/uploads\/2021\/06\/RioOnWatchcabecalhoPT11anos-2.png","contentUrl":"https:\/\/rioonwatch.org.br\/wp-content\/uploads\/2021\/06\/RioOnWatchcabecalhoPT11anos-2.png","width":779,"height":277,"caption":"RioOnWatch"},"image":{"@id":"https:\/\/rioonwatch.org.br\/#\/schema\/logo\/image\/"}},{"@type":"Person","@id":"https:\/\/rioonwatch.org.br\/#\/schema\/person\/f443c6b55bb6e80842280318076491c5","name":"Luisa Fenizola","image":{"@type":"ImageObject","inLanguage":"pt-BR","@id":"https:\/\/rioonwatch.org.br\/#\/schema\/person\/image\/","url":"https:\/\/secure.gravatar.com\/avatar\/a3d551110162b9f876cbbdaaecf75663?s=96&d=blank&r=g","contentUrl":"https:\/\/secure.gravatar.com\/avatar\/a3d551110162b9f876cbbdaaecf75663?s=96&d=blank&r=g","caption":"Luisa Fenizola"},"url":"https:\/\/rioonwatch.org.br\/?author=152"}]}},"_links":{"self":[{"href":"https:\/\/rioonwatch.org.br\/index.php?rest_route=\/wp\/v2\/posts\/40745"}],"collection":[{"href":"https:\/\/rioonwatch.org.br\/index.php?rest_route=\/wp\/v2\/posts"}],"about":[{"href":"https:\/\/rioonwatch.org.br\/index.php?rest_route=\/wp\/v2\/types\/post"}],"author":[{"embeddable":true,"href":"https:\/\/rioonwatch.org.br\/index.php?rest_route=\/wp\/v2\/users\/152"}],"replies":[{"embeddable":true,"href":"https:\/\/rioonwatch.org.br\/index.php?rest_route=%2Fwp%2Fv2%2Fcomments&post=40745"}],"version-history":[{"count":22,"href":"https:\/\/rioonwatch.org.br\/index.php?rest_route=\/wp\/v2\/posts\/40745\/revisions"}],"predecessor-version":[{"id":42073,"href":"https:\/\/rioonwatch.org.br\/index.php?rest_route=\/wp\/v2\/posts\/40745\/revisions\/42073"}],"wp:featuredmedia":[{"embeddable":true,"href":"https:\/\/rioonwatch.org.br\/index.php?rest_route=\/wp\/v2\/media\/40755"}],"wp:attachment":[{"href":"https:\/\/rioonwatch.org.br\/index.php?rest_route=%2Fwp%2Fv2%2Fmedia&parent=40745"}],"wp:term":[{"taxonomy":"category","embeddable":true,"href":"https:\/\/rioonwatch.org.br\/index.php?rest_route=%2Fwp%2Fv2%2Fcategories&post=40745"},{"taxonomy":"post_tag","embeddable":true,"href":"https:\/\/rioonwatch.org.br\/index.php?rest_route=%2Fwp%2Fv2%2Ftags&post=40745"},{"taxonomy":"writer","embeddable":true,"href":"https:\/\/rioonwatch.org.br\/index.php?rest_route=%2Fwp%2Fv2%2Fwriter&post=40745"},{"taxonomy":"translator","embeddable":true,"href":"https:\/\/rioonwatch.org.br\/index.php?rest_route=%2Fwp%2Fv2%2Ftranslator&post=40745"},{"taxonomy":"source","embeddable":true,"href":"https:\/\/rioonwatch.org.br\/index.php?rest_route=%2Fwp%2Fv2%2Fsource&post=40745"},{"taxonomy":"ilustrador","embeddable":true,"href":"https:\/\/rioonwatch.org.br\/index.php?rest_route=%2Fwp%2Fv2%2Filustrador&post=40745"},{"taxonomy":"fotografo","embeddable":true,"href":"https:\/\/rioonwatch.org.br\/index.php?rest_route=%2Fwp%2Fv2%2Ffotografo&post=40745"}],"curies":[{"name":"wp","href":"https:\/\/api.w.org\/{rel}","templated":true}]}}