{"id":40976,"date":"2019-07-16T05:54:16","date_gmt":"2019-07-16T08:54:16","guid":{"rendered":"https:\/\/rioonwatch.org.br\/?p=40976"},"modified":"2019-07-17T05:22:21","modified_gmt":"2019-07-17T08:22:21","slug":"essa-terra-e-nossa-vulnerabilizacao-e-resistencia-do-ttc-cano-martin-pena-parte-5","status":"publish","type":"post","link":"https:\/\/rioonwatch.org.br\/?p=40976","title":{"rendered":"Essa Terra \u00c9 Nossa! Vulnerabiliza\u00e7\u00e3o e Resist\u00eancia do TTC Ca\u00f1o Mart\u00edn Pe\u00f1a, Parte 5"},"content":{"rendered":"<p style=\"text-align: right;\"><em><strong><a href=\"http:\/\/bit.ly\/2Lsery2\" target=\"_blank\" rel=\"noopener noreferrer\">Click Here for English<\/a><a href=\"http:\/\/bit.ly\/2Lsery2\" target=\"_blank\" rel=\"noopener noreferrer\"><img decoding=\"async\" width=\"20\" height=\"20\" class=\"alignright wp-image-15790\" src=\"http:\/\/rioonwatch.org.br\/wp-content\/uploads\/2012\/08\/EN-standard-e1439583104716.jpg\" \/><\/a><\/strong><\/em><\/p>\n<p><em>Essa \u00e9 a \u00faltima de uma <a href=\"http:\/\/bit.ly\/TTCCano\" target=\"_blank\" rel=\"noopener noreferrer\">s\u00e9rie de cinco mat\u00e9rias<\/a>\u00a0por\u00a0<a href=\"http:\/\/bit.ly\/2H1UppT\" target=\"_blank\" rel=\"noopener noreferrer\">Line Algoed<\/a>, doutoranda e pesquisadora da Vrije Universiteit Brussel, e Mar\u00eda E. Hern\u00e1ndez Torrales, professora adjunta na Cl\u00ednica de Assist\u00eancia Jur\u00eddica da Escola de Direito da Universidade de Porto Rico e ex-presidente do conselho administrativo do\u00a0<a href=\"http:\/\/bit.ly\/2LjM5Wy\" target=\"_blank\" rel=\"noopener noreferrer\">Fideicomiso de la Tierra del Ca\u00f1o Mart\u00edn Pe\u00f1a,<\/a>\u00a0publicada originalmente na revista Radical Housing Journal,\u00a0<a href=\"http:\/\/bit.ly\/2Lsery2\" target=\"_blank\" rel=\"noopener noreferrer\">aqui<\/a>.<\/em><\/p>\n<p><em>Essa\u00a0<a href=\"http:\/\/bit.ly\/TTCCano\" target=\"_blank\" rel=\"noopener noreferrer\">s\u00e9rie<\/a>\u00a0introduz e descreve a cria\u00e7\u00e3o e o funcionamento do\u00a0<a href=\"http:\/\/bit.ly\/2sDUcQj\" target=\"_blank\" rel=\"noopener noreferrer\">Termo Territorial Coletivo Can\u00f5 Mart\u00edn Pe\u00f1a<\/a>, em Porto Rico, e discorre sobre o capitalismo do desastre ap\u00f3s o\u00a0<a href=\"http:\/\/bit.ly\/2PK3tlE\" target=\"_blank\" rel=\"noopener noreferrer\">furac\u00e3o Maria<\/a> que fomentou pol\u00edticas de desalojamento na ilha. Ela tamb\u00e9m apresenta como as comunidades do\u00a0<a href=\"http:\/\/bit.ly\/2Vcs7Sa\" target=\"_blank\" rel=\"noopener noreferrer\">Can\u00f5 Mart\u00edn Pe\u00f1a<\/a>\u00a0vem respondendo a este quadro, propagando o conhecimento das comunidades do Ca\u00f1o\u2014no \u00e2mbito do\u00a0<a href=\"http:\/\/bit.ly\/1mig1hx\" target=\"_blank\" rel=\"noopener noreferrer\">Termo Territorial Coletivo (TTC)<\/a>\u2014e porque esse conhecimento pode ajudar na resist\u00eancia de outras comunidades ao redor do mundo. Leia a s\u00e9rie toda\u00a0<a href=\"http:\/\/bit.ly\/TTCCano\" target=\"_blank\" rel=\"noopener noreferrer\">aqui<\/a>.\u00a0<\/em><\/p>\n<h3><strong>Os Conhecimentos das Comunidades do Ca\u00f1o<\/strong><\/h3>\n<p>A experi\u00eancia das comunidades do Ca\u00f1o nos permite compreender a democratiza\u00e7\u00e3o do planejamento para medidas de sustentabilidade, que ajudam a mitigar a vulnerabiliza\u00e7\u00e3o em um <a href=\"http:\/\/bit.ly\/2J63z5J\" target=\"_blank\" rel=\"noopener noreferrer\">contexto de eventos naturais extremos<\/a> provocados pelas mudan\u00e7as clim\u00e1ticas. Como j\u00e1 descrito, o <a href=\"http:\/\/bit.ly\/2CznhQY\" target=\"_blank\" rel=\"noopener noreferrer\">Termo Territorial Coletivo (TTC) do Ca\u00f1o<\/a> resulta de um <a href=\"http:\/\/bit.ly\/2Ns3xcu\" target=\"_blank\" rel=\"noopener noreferrer\">processo longo e cont\u00ednuo de planejamento popular<\/a>, com o prop\u00f3sito de democratizar o desenvolvimento local e alcan\u00e7ar justi\u00e7a ambiental e sustentabilidade ecol\u00f3gica. O processo \u00e9 conduzido pelo pensamento cr\u00edtico dos moradores, que s\u00e3o encorajados e auxiliados por profissionais a n\u00e3o aceitarem suas atuais condi\u00e7\u00f5es de moradia e a pensarem em alternativas. Nesse sentido, <a href=\"http:\/\/bit.ly\/2WP2qXH\" target=\"_blank\" rel=\"noopener noreferrer\">ecologia pol\u00edtica<\/a>, como definida por Robbins<a href=\"#_ftnb1\" name=\"_ftnrefb1\"><sup>1<\/sup><\/a>, &#8220;busca expor as falhas nas abordagens predominantes ao meio ambiente apoiadas pelo legislativo local e pelas autoridades estaduais e internacionais, trabalhando para demonstrar os impactos indesej\u00e1veis de pol\u00edticas e de condi\u00e7\u00f5es do mercado, especialmente do ponto de vista da popula\u00e7\u00e3o local, dos grupos marginais e de popula\u00e7\u00f5es vulner\u00e1veis&#8221;.<\/p>\n<p>Estudar a resist\u00eancia das comunidades do Ca\u00f1o por <a href=\"http:\/\/bit.ly\/31EDK3B\" target=\"_blank\" rel=\"noopener noreferrer\">uma \u00f3tica ecol\u00f3gica-pol\u00edtica<\/a> nos ajuda a entender o papel do pensamento cr\u00edtico na transforma\u00e7\u00e3o social. O ecologista pol\u00edtico latino-americano Arturo Escobar, que estuda esse papel, examina duas tend\u00eancias-chaves no pensamento cr\u00edtico na Am\u00e9rica Latina: pensamento aut\u00f4nomo\u2014<em>autonomismo<\/em>\u2014e\u00a0<em>el pensamiento de la tierra<\/em>, o pensamento da terra<a href=\"#_ftnb2\" name=\"_ftnrefb2\"><sup>2<\/sup><\/a>. Na tend\u00eancia do <em>autonomismo<\/em>, de acordo com Escobar, o coletivo predomina sobre o individual, a liga\u00e7\u00e3o com a terra predomina sobre a separa\u00e7\u00e3o entre humanos e a natureza, e <em>el buen vivir<\/em> (viver em harmonia com a natureza) sobrepuja o crescimento econ\u00f4mico. <em>Autonomismo<\/em> em Porto Rico \u00e9 pensar em outras dire\u00e7\u00f5es que n\u00e3o aquelas impostas pelo estado colonial capitalista. Isso \u00e9 essencial no TTC Ca\u00f1o e \u00e9 fortalecido diariamente por meio da administra\u00e7\u00e3o e gest\u00e3o coletivas da terra. A outra tend\u00eancia-chave no pensamento cr\u00edtico na <a href=\"http:\/\/bit.ly\/2XNCFYa\" target=\"_blank\" rel=\"noopener noreferrer\">Am\u00e9rica Latina<\/a>, de acordo com Escobar, exige ouvir a terra. Nesses processos, exige-se dos moradores, e daqueles que os acompanham e os estudam, que aprendam a pensar e sentir\u2014<em>sentipensar<\/em>\u2014com a terra, enquanto desaprendem a fixa\u00e7\u00e3o com o individual, com a propriedade privada, com o crescimento da economia, da ci\u00eancia e do mercado. Escobar argumenta que os conhecimentos ligados \u00e0s lutas daqueles que sente-pensam com a terra s\u00e3o mais apropriados ao estudo da transforma\u00e7\u00e3o social do que as muitas formas de conhecimento produzidos na academia atualmente<a href=\"#_ftnb3\" name=\"_ftnrefb3\"><sup>3<\/sup><\/a>.<\/p>\n<p><a href=\"https:\/\/rioonwatch.org.br\/wp-content\/uploads\/2019\/07\/okcanomartinpena.jpg\"><img fetchpriority=\"high\" decoding=\"async\" class=\"aligncenter wp-image-41543 size-content\" title=\"Ca\u00f1o Martins Pe\u00f1a\" src=\"https:\/\/rioonwatch.org.br\/wp-content\/uploads\/2019\/07\/okcanomartinpena-620x264.jpg\" alt=\"\" width=\"620\" height=\"264\" \/><\/a><\/p>\n<p>Essas lutas nos proporcionam conhecimento das profundas transi\u00e7\u00f5es culturais e ecol\u00f3gicas necess\u00e1rias ao enfrentamento da crise ambiental e \u00e0 revers\u00e3o de pol\u00edticas de insustentabilidade. Para Escobar<a href=\"#_ftnb4\" name=\"_ftnrefb4\"><sup>4<\/sup><\/a>, aqueles que produzem esses conhecimentos &#8220;<em>sentipiensan con la tierra<\/em> (sente-pensam com a terra) e se orientam em dire\u00e7\u00e3o ao momento em que seres humanos e o planeta finalmente poder\u00e3o coexistir de maneiras mutuamente enriquecedoras&#8221;. Moradores das comunidades do Ca\u00f1o sente-pensam com a terra que criaram e com seu corpo de \u00e1gua, por cuja prote\u00e7\u00e3o lutam. Considerem, por exemplo, as palavras do morador Jos\u00e9 Caraballo Pag\u00e1n:<\/p>\n<blockquote><p>&#8220;Hidrovias s\u00e3o seres vivos. N\u00e3o falam, n\u00e3o andam, mas fluem, t\u00eam vida. Crescem. E quando voc\u00ea viveu perto de algo que viu desde pequeno, com vida pr\u00f3pria, v\u00ea-lo simplesmente morrer, isso afeta sua mente.&#8221;<sup><a href=\"#_ftnb5\" name=\"_ftnrefb5\">5<\/a><\/sup><\/p><\/blockquote>\n<p>Estudar os conhecimentos produzidos pelas <a href=\"http:\/\/bit.ly\/2WttzQL\" target=\"_blank\" rel=\"noopener noreferrer\">lutas das comunidades do Ca\u00f1o<\/a> na prote\u00e7\u00e3o da terra e na restaura\u00e7\u00e3o do canal em um contexto urbano pode nos ajudar a entender como a transforma\u00e7\u00e3o social em assentamentos informais pode ocorrer. A resist\u00eancia das comunidades do Ca\u00f1o fornece um ant\u00eddoto para a informalidade, regularizando <a href=\"http:\/\/bit.ly\/2KV93ST\" target=\"_blank\" rel=\"noopener noreferrer\">coletivamente a propriedade territorial<\/a> e <a href=\"http:\/\/bit.ly\/2XKnjE2\" target=\"_blank\" rel=\"noopener noreferrer\">fortalecendo o j\u00e1 existente e acess\u00edvel parque habitacional<\/a>. Isso permite \u00e0s comunidades permanecerem no local, apesar do discurso do governo que foca na necessidade de eliminar assentamentos informais <a href=\"http:\/\/bit.ly\/2YBiCcZ\" target=\"_blank\" rel=\"noopener noreferrer\">por meio do deslocamento da popula\u00e7\u00e3o<\/a> para fora de suas comunidades. Como j\u00e1 descrito, a falta de documenta\u00e7\u00e3o da propriedade da terra <a href=\"https:\/\/hrld.us\/2WRJUhg\" target=\"_blank\" rel=\"noopener noreferrer\">tem sido um empecilho<\/a> para muitas comunidades informais em Porto Rico terem acesso \u00e0 ajuda que precisam para se recuperar do <a href=\"http:\/\/bit.ly\/2PK3tlE\" target=\"_blank\" rel=\"noopener noreferrer\">Furac\u00e3o Mar\u00eda<\/a>. Entretanto, os moradores das comunidades do Ca\u00f1o encontraram um ponto de apoio em sua organiza\u00e7\u00e3o, onde podem encontrar orienta\u00e7\u00f5es e um sistema de apoio para suas necessidades espec\u00edficas. Nenhuma ag\u00eancia federal ou local pode legitimamente dizer que os moradores das comunidades do Ca\u00f1o n\u00e3o possuem o t\u00edtulo da terra. A propriedade coletiva da terra tem se mostrado um escudo ao redor dos moradores da comunidade, tornando-os menos vulner\u00e1veis a deslocamentos, apesar de repetidas amea\u00e7as do governo. A implementa\u00e7\u00e3o do <a href=\"http:\/\/bit.ly\/2LDXcJS\" target=\"_blank\" rel=\"noopener noreferrer\">Plano do Distrito<\/a> ir\u00e1 torn\u00e1-los menos vulner\u00e1veis a inunda\u00e7\u00f5es e os ajudar\u00e1 a se prepararem para enfrentar os efeitos das mudan\u00e7as clim\u00e1ticas.<\/p>\n<p>A coletiviza\u00e7\u00e3o da propriedade territorial como uma estrat\u00e9gia para reduzir a vulnerabiliza\u00e7\u00e3o de moradores em assentamentos n\u00e3o planejados e a democratiza\u00e7\u00e3o da sustentabilidade ecol\u00f3gica s\u00e3o baseados nesses processos de pensamento cr\u00edtico e aut\u00f4nomo. Muitas experi\u00eancias de <a href=\"http:\/\/bit.ly\/2IqNoOI\" target=\"_blank\" rel=\"noopener noreferrer\">participa\u00e7\u00e3o de comunidades<\/a> nos processos de desenvolvimento urbano s\u00e3o enfraquecidas pelo cen\u00e1rio antag\u00f4nico em que eles ocorrem, apesar do comprometimento genu\u00edno delas com a transforma\u00e7\u00e3o social<a href=\"#_ftnb6\" name=\"_ftnrefb6\"><sup>6<\/sup><\/a>. Se a cria\u00e7\u00e3o de instrumentos como o Termo Territorial Coletivo n\u00e3o forem apoiados por processos de pensamento cr\u00edtico e aut\u00f4nomo conduzidos pelos moradores, tais esfor\u00e7os se tornar\u00e3o instrumentalismo (quando o instrumento se torna o fim) e desenvolvimentismo. Se a busca por controle pleno pelos cidad\u00e3os n\u00e3o for o objetivo, esses esfor\u00e7os n\u00e3o ser\u00e3o nada diferentes de outras interven\u00e7\u00f5es que chegam de cima para baixo.<\/p>\n<p><a href=\"https:\/\/rioonwatch.org.br\/wp-content\/uploads\/2019\/07\/Enlace.jpg\"><img decoding=\"async\" class=\"aligncenter wp-image-41557 size-content\" title=\"Comunidades do Ca\u00f1o Mart\u00edn Pe\u00f1a, est\u00e3o construindo suas pr\u00f3prias solu\u00e7\u00f5es para o furac\u00e3o Maria. Lyvia Rodr\u00edguez Del Valle (\u00e0 direita) pede a um l\u00edder da juventude que conte aos turistas sobre as oportunidades na \u00e1rea. Foto por Britt Lake\" src=\"https:\/\/rioonwatch.org.br\/wp-content\/uploads\/2019\/07\/Enlace-620x264.jpg\" alt=\"\" width=\"620\" height=\"264\" srcset=\"https:\/\/rioonwatch.org.br\/wp-content\/uploads\/2019\/07\/Enlace-620x264.jpg 620w, https:\/\/rioonwatch.org.br\/wp-content\/uploads\/2019\/07\/Enlace-940x400.jpg 940w\" sizes=\"(max-width: 620px) 100vw, 620px\" \/><\/a><\/p>\n<h3><b>Conclus\u00e3o<\/b><\/h3>\n<p><span style=\"font-weight: 400;\">No texto acima, n\u00f3s apresentamos o TTC Ca\u00f1o como um mecanismo que permite que os moradores mantenham, administrem e gerenciem sua terra com o objetivo de gui\u00e1-los no desenvolvimento mais amplo do pr\u00f3prio bairro. N\u00f3s discutimos que por meio de seu TTC, do <a href=\"http:\/\/bit.ly\/2OB4v20\">G8<\/a> e do projeto <a href=\"http:\/\/bit.ly\/2NFD75R\" target=\"_blank\" rel=\"noopener noreferrer\">ENLACE<\/a>, os moradores realizaram uma \u201cforma mais inclusiva de produ\u00e7\u00e3o ambiental\u201d<a href=\"#_ftnb7\" name=\"_ftnrefb7\"><sup>7<\/sup><\/a>, ou a democratiza\u00e7\u00e3o do planejamento para sustentabilidade social e ecol\u00f3gica. Esse aspecto ataca a vulnerabiliza\u00e7\u00e3o das comunidades pelo fortalecimento delas por meio da reabilita\u00e7\u00e3o participativa no local, restaura\u00e7\u00e3o da qualidade ambiental do canal de mar\u00e9 e redu\u00e7\u00e3o do risco de alagamento, e ao mesmo tempo traz uma <a href=\"http:\/\/bit.ly\/2WttzQL\" target=\"_blank\" rel=\"noopener noreferrer\">solu\u00e7\u00e3o para evitar gentrifica\u00e7\u00e3o e remo\u00e7\u00f5es<\/a> que tais melhorias nas condi\u00e7\u00f5es de vida poderiam trazer. A organiza\u00e7\u00e3o da comunidade e a constru\u00e7\u00e3o de parcerias estrat\u00e9gias continuam a ser cruciais para enfrentar esses e outros novos desafios, como garantir que os fundos do Subs\u00eddio Global para Desenvolvimento Comunit\u00e1rio-Recupera\u00e7\u00e3o de Desastres (<a href=\"http:\/\/bit.ly\/2W6vABY\" target=\"_blank\" rel=\"noopener noreferrer\">CDBG-DR<\/a>) sejam usados para dar apoio para o Plano do Distrito e n\u00e3o para deslocar os necessitados.<\/span><\/p>\n<p><span style=\"font-weight: 400;\">N\u00f3s argumentamos que o estudo da resist\u00eancia das comunidades do Ca\u00f1o pode ajudar a formular estrat\u00e9gias urbanas ecol\u00f3gicas-pol\u00edticas e avan\u00e7ar na pesquisa de exemplos de participa\u00e7\u00e3o verdadeiramente democr\u00e1ticas que lutam contra as \u201cpol\u00edticas de insustentabilidade\u201d, que produzem desigualdades socioambientais profundas em <a href=\"http:\/\/bit.ly\/2GY6lsH\" target=\"_blank\" rel=\"noopener noreferrer\">Porto Rico<\/a>. Vulnerabilidade em assentamentos informais, de fato, n\u00e3o deveria ser estudado sem olhar para desigualdade urbana, que merece mais aten\u00e7\u00e3o do que a que foi dada nesta <a href=\"http:\/\/bit.ly\/TTCCano\" target=\"_blank\" rel=\"noopener noreferrer\">s\u00e9rie de mat\u00e9rias<\/a>. <\/span><\/p>\n<p><span style=\"font-weight: 400;\">Como um dos grandes propriet\u00e1rios de terra em San Juan, a propriedade de terra coletiva deu aos moradores do TTC Ca\u00f1o o poder pol\u00edtico para confrontar o estado e controlar o desenvolvimento de sua \u00e1rea e a prote\u00e7\u00e3o do canal, em um contexto de globaliza\u00e7\u00e3o e colonialismo neoliberal profundo.\u00a0<\/span>Eles est\u00e3o produzindo um ambiente urbano que est\u00e1 alinhado com suas vis\u00f5es de mundo e que se afasta do desenvolvimento liderado pelo mercado enquanto favorece a preserva\u00e7\u00e3o socioecol\u00f3gica. No atual contexto de mudan\u00e7as clim\u00e1ticas e crescente desigualdade, isso \u00e9 exemplar.<\/p>\n<h3><b>Agradecimentos<\/b><\/h3>\n<p><span style=\"font-weight: 400;\">Esta s\u00e9rie de mat\u00e9rias apresenta os conhecimentos produzidos pelas lutas incans\u00e1veis pelo direito \u00e0 cidade e pela justi\u00e7a ambiental de milhares de moradores das comunidades Mart\u00edn Pe\u00f1a e seus colaboradores e aliados. Os autores querem agradecer aos l\u00edderes comunit\u00e1rios do G-8 e equipe da <\/span><i><span style=\"font-weight: 400;\">Corporaci\u00f3n Proyecto ENLACE del Ca\u00f1o Mart\u00edn Pe\u00f1a<\/span><\/i><span style=\"font-weight: 400;\"> e do <\/span><i><span style=\"font-weight: 400;\">Fideicomiso de la Tierra del Ca\u00f1o Mart\u00edn Pe\u00f1a<\/span><\/i><span style=\"font-weight: 400;\">, e especialmente <a href=\"http:\/\/bit.ly\/2NcEBVF\" target=\"_blank\" rel=\"noopener noreferrer\">Lyvia Rodr\u00edguez Del Valle<\/a> por sua contribui\u00e7\u00e3o nessa s\u00e9rie. Os autores tamb\u00e9m querem agradecer <a href=\"http:\/\/bit.ly\/2YsvrWT\" target=\"_blank\" rel=\"noopener noreferrer\">John E. Davis<\/a> e <a href=\"http:\/\/bit.ly\/2LyQa7y\" target=\"_blank\" rel=\"noopener noreferrer\">Antonio Carmona B\u00e1ez<\/a> por suas recomenda\u00e7\u00f5es. <\/span><\/p>\n<p><strong>Refer\u00eancias Bibliogr\u00e1ficas<\/strong><\/p>\n<p><span style=\"font-weight: 400;\"><a href=\"#_ftnrefb1\" name=\"_ftnb1\"><\/a><\/span><span style=\"font-weight: 400;\"><a href=\"#_ftnrefb1\" name=\"_ftnb1\">[1]<\/a> Robbins, P. <em>Political Ecology: A Critical Introduction<\/em>. Hoboken: John Wiley &amp; Sons <a href=\"#_ftnb1\" name=\"_ftnrefb1\"><\/a>(2012: 99).<br \/>\n<a href=\"#_ftnrefb2\" name=\"_ftnb2\">[2]<\/a> Escobar, A. \u201cDesde abajo, por la izquierda, y con la tierra: la diferencia de Abya Yala \/ Afro \/ Latino \/ Am\u00e9rica\u201d, in: H. Alimona &amp; C. Toro P\u00e9rez &amp; F. Mart\u00edn (Eds) <em>Ecolog\u00eda Pol\u00edtica Latinoamericana. Pensamiento Cr\u00edtico, Diferencia Latinoamericana y Rearticulaci\u00f3n Epist\u00e9mica<\/em>, pp. 51-68. Buenos Aires: CLACSO (2017: 58-67).<br \/>\n<a href=\"#_ftnrefb3\" name=\"_ftnb3\">[3]<\/a> Escobar, A. Thinking-feeling with the Earth: Territorial Struggles and the Ontological Dimension of the Epistemologies of the South, <em>Revista de Antropolog\u00eda Iberoamericana<\/em>, 11(1), pp: 12 \u2013 32 (2016: 24).<br \/>\n<a href=\"#_ftnrefb4\" name=\"_ftnb4\">[4]<\/a> Ibidem, p. 14.<br \/>\n<a href=\"#_ftnrefb5\" name=\"_ftnb5\">[5]<\/a> UNC University of North Carolina School of Media and Journalism (Producer). Rooted in el Ca\u00f1o. [Video] (2018). Dispon\u00edvel em: https:\/\/vimeo.com\/264156328 (Acessado em 21 de novembro de 2018).<br \/>\n<a href=\"#_ftnrefb6\" name=\"_ftnb6\">[6]<\/a> Escobar, A. \u201cDesde abajo, por la izquierda, y con la tierra: la diferencia de Abya Yala \/ Afro \/ Latino \/ Am\u00e9rica\u201d, in: H. Alimona &amp; C. Toro P\u00e9rez &amp; F. Mart\u00edn (Eds) <em>Ecolog\u00eda Pol\u00edtica Latinoamericana. Pensamiento Cr\u00edtico, Diferencia Latinoamericana y Rearticulaci\u00f3n Epist\u00e9mica<\/em>, pp. 51-68. Buenos Aires: CLACSO (2017: 66).<\/span><br \/>\n<a href=\"#_ftnrefb7\" name=\"_ftnb7\">[7]<\/a> Swyngedouw. E. and Heynen, N. (2003). Urban Political Ecology, Justice and the Politics of Scale, Antipode, 35(5), pp: 898 &#8211; 918.(2003: 914)<\/p>\n<p><em>Esta \u00e9 a quinta mat\u00e9ria de uma <a href=\"http:\/\/bit.ly\/TTCCano\" target=\"_blank\" rel=\"noopener noreferrer\">s\u00e9rie de cinco<\/a> apresentando Li\u00e7\u00f5es Oriundas da Vulnerabiliza\u00e7\u00e3o e Resist\u00eancia do TTC Ca\u00f1o Mart\u00edn Pe\u00f1a.<\/em><\/p>\n<!-- AddThis Advanced Settings generic via filter on the_content --><!-- AddThis Share Buttons generic via filter on the_content -->","protected":false},"excerpt":{"rendered":"<div class=\"mh-excerpt\"><p>Click Here for English Essa \u00e9 a \u00faltima de uma s\u00e9rie de cinco mat\u00e9rias\u00a0por\u00a0Line Algoed, doutoranda e pesquisadora da Vrije Universiteit Brussel, e Mar\u00eda E. Hern\u00e1ndez Torrales, professora adjunta na Cl\u00ednica de Assist\u00eancia Jur\u00eddica da <a class=\"mh-excerpt-more\" href=\"https:\/\/rioonwatch.org.br\/?p=40976\" title=\"Essa Terra \u00c9 Nossa! Vulnerabiliza\u00e7\u00e3o e Resist\u00eancia do TTC Ca\u00f1o Mart\u00edn Pe\u00f1a, Parte 5\">[&#8230;]<\/a><!-- AddThis Advanced Settings generic via filter on get_the_excerpt --><!-- AddThis Share Buttons generic via filter on get_the_excerpt --><\/p>\n<\/div>","protected":false},"author":129,"featured_media":41562,"comment_status":"closed","ping_status":"closed","sticky":false,"template":"","format":"standard","meta":{"_acf_changed":false,"_monsterinsights_skip_tracking":false,"_monsterinsights_sitenote_active":false,"_monsterinsights_sitenote_note":"","_monsterinsights_sitenote_category":0,"footnotes":""},"categories":[1618,2323,1621,1615,1632,344,1612,342,1639,1634],"tags":[1170,2522,1155,424,550,303,395,1151,304,2400,2138,14,432,2636,1347,711,900,1168],"writer":[2630,2631],"translator":[2610,2646],"source":[2632],"ilustrador":[],"fotografo":[],"class_list":{"0":"post-40976","1":"post","2":"type-post","3":"status-publish","4":"format-standard","5":"has-post-thumbnail","7":"category-olhonaparticipacao","8":"category-urbanismopopular","9":"category-destaque","10":"category-cultura-da-favela","11":"category-pesquisa-e-analise","12":"category-politicas","13":"category-sociedade-civil","14":"category-solucoes","15":"category-sustentabilidade","16":"category-traducoes","17":"tag-america-latina","18":"tag-cano-martin-pena","19":"tag-deslocamento","20":"tag-direito-a-moradia","21":"tag-direito-a-terra","22":"tag-ecologia","23":"tag-gentrificacao-remocao-branca","24":"tag-organizacao","25":"tag-participacao","26":"tag-planejamento-participativo","27":"tag-porto-rico","28":"tag-remocao","29":"tag-resistencia","30":"tag-serie-terra-e-nossa","31":"tag-solucao","32":"tag-clt","33":"tag-titulacao-de-terras","34":"tag-traducao","35":"writer-line-algoed","36":"writer-maria-e-hernandez-torrales","37":"translator-lia-matos-viegas","38":"translator-rodrigo-hiroito-nishizawa-soares","39":"source-radical-housing-journal"},"acf":[],"yoast_head":"<!-- This site is optimized with the Yoast SEO plugin v25.6 - https:\/\/yoast.com\/wordpress\/plugins\/seo\/ -->\n<title>Essa Terra \u00c9 Nossa! Vulnerabiliza\u00e7\u00e3o e Resist\u00eancia do TTC Ca\u00f1o Mart\u00edn Pe\u00f1a, Parte 5 - RioOnWatch<\/title>\n<meta name=\"robots\" content=\"index, follow, max-snippet:-1, max-image-preview:large, max-video-preview:-1\" \/>\n<link rel=\"canonical\" href=\"https:\/\/rioonwatch.org.br\/?p=40976\" \/>\n<meta property=\"og:locale\" content=\"pt_BR\" \/>\n<meta property=\"og:type\" content=\"article\" \/>\n<meta property=\"og:title\" content=\"Essa Terra \u00c9 Nossa! Vulnerabiliza\u00e7\u00e3o e Resist\u00eancia do TTC Ca\u00f1o Mart\u00edn Pe\u00f1a, Parte 5 - RioOnWatch\" \/>\n<meta property=\"og:description\" content=\"Click Here for English Essa \u00e9 a \u00faltima de uma s\u00e9rie de cinco mat\u00e9rias\u00a0por\u00a0Line Algoed, doutoranda e pesquisadora da Vrije Universiteit Brussel, e Mar\u00eda E. Hern\u00e1ndez Torrales, professora adjunta na Cl\u00ednica de Assist\u00eancia Jur\u00eddica da [...]\" \/>\n<meta property=\"og:url\" content=\"https:\/\/rioonwatch.org.br\/?p=40976\" \/>\n<meta property=\"og:site_name\" content=\"RioOnWatch\" \/>\n<meta property=\"article:published_time\" content=\"2019-07-16T08:54:16+00:00\" \/>\n<meta property=\"article:modified_time\" content=\"2019-07-17T08:22:21+00:00\" \/>\n<meta property=\"og:image\" content=\"https:\/\/rioonwatch.org.br\/wp-content\/uploads\/2019\/07\/LineAlgoed_Grupo-rsz.jpg\" \/>\n\t<meta property=\"og:image:width\" content=\"1460\" \/>\n\t<meta property=\"og:image:height\" content=\"830\" \/>\n\t<meta property=\"og:image:type\" content=\"image\/jpeg\" \/>\n<meta name=\"author\" content=\"Admin\" \/>\n<meta name=\"twitter:card\" content=\"summary_large_image\" \/>\n<meta name=\"twitter:label1\" content=\"Escrito por\" \/>\n\t<meta name=\"twitter:data1\" content=\"Admin\" \/>\n\t<meta name=\"twitter:label2\" content=\"Est. tempo de leitura\" \/>\n\t<meta name=\"twitter:data2\" content=\"9 minutos\" \/>\n<script type=\"application\/ld+json\" class=\"yoast-schema-graph\">{\"@context\":\"https:\/\/schema.org\",\"@graph\":[{\"@type\":\"Article\",\"@id\":\"https:\/\/rioonwatch.org.br\/?p=40976#article\",\"isPartOf\":{\"@id\":\"https:\/\/rioonwatch.org.br\/?p=40976\"},\"author\":{\"name\":\"Admin\",\"@id\":\"https:\/\/rioonwatch.org.br\/#\/schema\/person\/11d64c290506f9df50c71b850c473f68\"},\"headline\":\"Essa Terra \u00c9 Nossa! Vulnerabiliza\u00e7\u00e3o e Resist\u00eancia do TTC Ca\u00f1o Mart\u00edn Pe\u00f1a, Parte 5\",\"datePublished\":\"2019-07-16T08:54:16+00:00\",\"dateModified\":\"2019-07-17T08:22:21+00:00\",\"mainEntityOfPage\":{\"@id\":\"https:\/\/rioonwatch.org.br\/?p=40976\"},\"wordCount\":1889,\"publisher\":{\"@id\":\"https:\/\/rioonwatch.org.br\/#organization\"},\"image\":{\"@id\":\"https:\/\/rioonwatch.org.br\/?p=40976#primaryimage\"},\"thumbnailUrl\":\"https:\/\/rioonwatch.org.br\/wp-content\/uploads\/2019\/07\/LineAlgoed_Grupo-rsz.jpg\",\"keywords\":[\"Am\u00e9rica Latina\",\"Ca\u00f1o Mart\u00edn Pe\u00f1a\",\"deslocamento\",\"Direito \u00e0 Moradia\",\"direito \u00e0 terra\",\"ecologia\",\"gentrifica\u00e7\u00e3o\",\"mobiliza\u00e7\u00e3o\",\"participa\u00e7\u00e3o\",\"planejamento participativo\",\"Porto Rico\",\"Remo\u00e7\u00e3o\",\"resist\u00eancia\",\"S\u00e9rie: Terra \u00c9 Nossa\",\"solu\u00e7\u00e3o\",\"Termo Territorial Coletivo (TTC) \/ Community Land Trust (CLT)\",\"titula\u00e7\u00e3o de terras\",\"tradu\u00e7\u00e3o\"],\"articleSection\":[\"#OlhoNaParticipa\u00e7\u00e3o\",\"#UrbanismoPopular\",\"*Destaque\",\"Cultura da Favela\",\"Dados e Pesquisa\",\"Pol\u00edticas\",\"Sociedade Civil\",\"Solu\u00e7\u00f5es\",\"Sustentabilidade\",\"Traduzidas do Ingl\u00eas\"],\"inLanguage\":\"pt-BR\"},{\"@type\":\"WebPage\",\"@id\":\"https:\/\/rioonwatch.org.br\/?p=40976\",\"url\":\"https:\/\/rioonwatch.org.br\/?p=40976\",\"name\":\"Essa Terra \u00c9 Nossa! Vulnerabiliza\u00e7\u00e3o e Resist\u00eancia do TTC Ca\u00f1o Mart\u00edn Pe\u00f1a, Parte 5 - RioOnWatch\",\"isPartOf\":{\"@id\":\"https:\/\/rioonwatch.org.br\/#website\"},\"primaryImageOfPage\":{\"@id\":\"https:\/\/rioonwatch.org.br\/?p=40976#primaryimage\"},\"image\":{\"@id\":\"https:\/\/rioonwatch.org.br\/?p=40976#primaryimage\"},\"thumbnailUrl\":\"https:\/\/rioonwatch.org.br\/wp-content\/uploads\/2019\/07\/LineAlgoed_Grupo-rsz.jpg\",\"datePublished\":\"2019-07-16T08:54:16+00:00\",\"dateModified\":\"2019-07-17T08:22:21+00:00\",\"breadcrumb\":{\"@id\":\"https:\/\/rioonwatch.org.br\/?p=40976#breadcrumb\"},\"inLanguage\":\"pt-BR\",\"potentialAction\":[{\"@type\":\"ReadAction\",\"target\":[\"https:\/\/rioonwatch.org.br\/?p=40976\"]}]},{\"@type\":\"ImageObject\",\"inLanguage\":\"pt-BR\",\"@id\":\"https:\/\/rioonwatch.org.br\/?p=40976#primaryimage\",\"url\":\"https:\/\/rioonwatch.org.br\/wp-content\/uploads\/2019\/07\/LineAlgoed_Grupo-rsz.jpg\",\"contentUrl\":\"https:\/\/rioonwatch.org.br\/wp-content\/uploads\/2019\/07\/LineAlgoed_Grupo-rsz.jpg\",\"width\":1460,\"height\":830},{\"@type\":\"BreadcrumbList\",\"@id\":\"https:\/\/rioonwatch.org.br\/?p=40976#breadcrumb\",\"itemListElement\":[{\"@type\":\"ListItem\",\"position\":1,\"name\":\"In\u00edcio\",\"item\":\"https:\/\/rioonwatch.org.br\/\"},{\"@type\":\"ListItem\",\"position\":2,\"name\":\"Essa Terra \u00c9 Nossa! Vulnerabiliza\u00e7\u00e3o e Resist\u00eancia do TTC Ca\u00f1o Mart\u00edn Pe\u00f1a, Parte 5\"}]},{\"@type\":\"WebSite\",\"@id\":\"https:\/\/rioonwatch.org.br\/#website\",\"url\":\"https:\/\/rioonwatch.org.br\/\",\"name\":\"RioOnWatch\",\"description\":\"relatos das favelas cariocas\",\"publisher\":{\"@id\":\"https:\/\/rioonwatch.org.br\/#organization\"},\"potentialAction\":[{\"@type\":\"SearchAction\",\"target\":{\"@type\":\"EntryPoint\",\"urlTemplate\":\"https:\/\/rioonwatch.org.br\/?s={search_term_string}\"},\"query-input\":{\"@type\":\"PropertyValueSpecification\",\"valueRequired\":true,\"valueName\":\"search_term_string\"}}],\"inLanguage\":\"pt-BR\"},{\"@type\":\"Organization\",\"@id\":\"https:\/\/rioonwatch.org.br\/#organization\",\"name\":\"RioOnWatch\",\"url\":\"https:\/\/rioonwatch.org.br\/\",\"logo\":{\"@type\":\"ImageObject\",\"inLanguage\":\"pt-BR\",\"@id\":\"https:\/\/rioonwatch.org.br\/#\/schema\/logo\/image\/\",\"url\":\"https:\/\/rioonwatch.org.br\/wp-content\/uploads\/2021\/06\/RioOnWatchcabecalhoPT11anos-2.png\",\"contentUrl\":\"https:\/\/rioonwatch.org.br\/wp-content\/uploads\/2021\/06\/RioOnWatchcabecalhoPT11anos-2.png\",\"width\":779,\"height\":277,\"caption\":\"RioOnWatch\"},\"image\":{\"@id\":\"https:\/\/rioonwatch.org.br\/#\/schema\/logo\/image\/\"}},{\"@type\":\"Person\",\"@id\":\"https:\/\/rioonwatch.org.br\/#\/schema\/person\/11d64c290506f9df50c71b850c473f68\",\"name\":\"Admin\",\"image\":{\"@type\":\"ImageObject\",\"inLanguage\":\"pt-BR\",\"@id\":\"https:\/\/rioonwatch.org.br\/#\/schema\/person\/image\/\",\"url\":\"https:\/\/secure.gravatar.com\/avatar\/56211ac74568383903349a1485e3c325?s=96&d=blank&r=g\",\"contentUrl\":\"https:\/\/secure.gravatar.com\/avatar\/56211ac74568383903349a1485e3c325?s=96&d=blank&r=g\",\"caption\":\"Admin\"},\"url\":\"https:\/\/rioonwatch.org.br\/?author=129\"}]}<\/script>\n<!-- \/ Yoast SEO plugin. -->","yoast_head_json":{"title":"Essa Terra \u00c9 Nossa! Vulnerabiliza\u00e7\u00e3o e Resist\u00eancia do TTC Ca\u00f1o Mart\u00edn Pe\u00f1a, Parte 5 - RioOnWatch","robots":{"index":"index","follow":"follow","max-snippet":"max-snippet:-1","max-image-preview":"max-image-preview:large","max-video-preview":"max-video-preview:-1"},"canonical":"https:\/\/rioonwatch.org.br\/?p=40976","og_locale":"pt_BR","og_type":"article","og_title":"Essa Terra \u00c9 Nossa! Vulnerabiliza\u00e7\u00e3o e Resist\u00eancia do TTC Ca\u00f1o Mart\u00edn Pe\u00f1a, Parte 5 - RioOnWatch","og_description":"Click Here for English Essa \u00e9 a \u00faltima de uma s\u00e9rie de cinco mat\u00e9rias\u00a0por\u00a0Line Algoed, doutoranda e pesquisadora da Vrije Universiteit Brussel, e Mar\u00eda E. Hern\u00e1ndez Torrales, professora adjunta na Cl\u00ednica de Assist\u00eancia Jur\u00eddica da [...]","og_url":"https:\/\/rioonwatch.org.br\/?p=40976","og_site_name":"RioOnWatch","article_published_time":"2019-07-16T08:54:16+00:00","article_modified_time":"2019-07-17T08:22:21+00:00","og_image":[{"width":1460,"height":830,"url":"https:\/\/rioonwatch.org.br\/wp-content\/uploads\/2019\/07\/LineAlgoed_Grupo-rsz.jpg","type":"image\/jpeg"}],"author":"Admin","twitter_card":"summary_large_image","twitter_misc":{"Escrito por":"Admin","Est. tempo de leitura":"9 minutos"},"schema":{"@context":"https:\/\/schema.org","@graph":[{"@type":"Article","@id":"https:\/\/rioonwatch.org.br\/?p=40976#article","isPartOf":{"@id":"https:\/\/rioonwatch.org.br\/?p=40976"},"author":{"name":"Admin","@id":"https:\/\/rioonwatch.org.br\/#\/schema\/person\/11d64c290506f9df50c71b850c473f68"},"headline":"Essa Terra \u00c9 Nossa! Vulnerabiliza\u00e7\u00e3o e Resist\u00eancia do TTC Ca\u00f1o Mart\u00edn Pe\u00f1a, Parte 5","datePublished":"2019-07-16T08:54:16+00:00","dateModified":"2019-07-17T08:22:21+00:00","mainEntityOfPage":{"@id":"https:\/\/rioonwatch.org.br\/?p=40976"},"wordCount":1889,"publisher":{"@id":"https:\/\/rioonwatch.org.br\/#organization"},"image":{"@id":"https:\/\/rioonwatch.org.br\/?p=40976#primaryimage"},"thumbnailUrl":"https:\/\/rioonwatch.org.br\/wp-content\/uploads\/2019\/07\/LineAlgoed_Grupo-rsz.jpg","keywords":["Am\u00e9rica Latina","Ca\u00f1o Mart\u00edn Pe\u00f1a","deslocamento","Direito \u00e0 Moradia","direito \u00e0 terra","ecologia","gentrifica\u00e7\u00e3o","mobiliza\u00e7\u00e3o","participa\u00e7\u00e3o","planejamento participativo","Porto Rico","Remo\u00e7\u00e3o","resist\u00eancia","S\u00e9rie: Terra \u00c9 Nossa","solu\u00e7\u00e3o","Termo Territorial Coletivo (TTC) \/ Community Land Trust (CLT)","titula\u00e7\u00e3o de terras","tradu\u00e7\u00e3o"],"articleSection":["#OlhoNaParticipa\u00e7\u00e3o","#UrbanismoPopular","*Destaque","Cultura da Favela","Dados e Pesquisa","Pol\u00edticas","Sociedade Civil","Solu\u00e7\u00f5es","Sustentabilidade","Traduzidas do Ingl\u00eas"],"inLanguage":"pt-BR"},{"@type":"WebPage","@id":"https:\/\/rioonwatch.org.br\/?p=40976","url":"https:\/\/rioonwatch.org.br\/?p=40976","name":"Essa Terra \u00c9 Nossa! Vulnerabiliza\u00e7\u00e3o e Resist\u00eancia do TTC Ca\u00f1o Mart\u00edn Pe\u00f1a, Parte 5 - RioOnWatch","isPartOf":{"@id":"https:\/\/rioonwatch.org.br\/#website"},"primaryImageOfPage":{"@id":"https:\/\/rioonwatch.org.br\/?p=40976#primaryimage"},"image":{"@id":"https:\/\/rioonwatch.org.br\/?p=40976#primaryimage"},"thumbnailUrl":"https:\/\/rioonwatch.org.br\/wp-content\/uploads\/2019\/07\/LineAlgoed_Grupo-rsz.jpg","datePublished":"2019-07-16T08:54:16+00:00","dateModified":"2019-07-17T08:22:21+00:00","breadcrumb":{"@id":"https:\/\/rioonwatch.org.br\/?p=40976#breadcrumb"},"inLanguage":"pt-BR","potentialAction":[{"@type":"ReadAction","target":["https:\/\/rioonwatch.org.br\/?p=40976"]}]},{"@type":"ImageObject","inLanguage":"pt-BR","@id":"https:\/\/rioonwatch.org.br\/?p=40976#primaryimage","url":"https:\/\/rioonwatch.org.br\/wp-content\/uploads\/2019\/07\/LineAlgoed_Grupo-rsz.jpg","contentUrl":"https:\/\/rioonwatch.org.br\/wp-content\/uploads\/2019\/07\/LineAlgoed_Grupo-rsz.jpg","width":1460,"height":830},{"@type":"BreadcrumbList","@id":"https:\/\/rioonwatch.org.br\/?p=40976#breadcrumb","itemListElement":[{"@type":"ListItem","position":1,"name":"In\u00edcio","item":"https:\/\/rioonwatch.org.br\/"},{"@type":"ListItem","position":2,"name":"Essa Terra \u00c9 Nossa! Vulnerabiliza\u00e7\u00e3o e Resist\u00eancia do TTC Ca\u00f1o Mart\u00edn Pe\u00f1a, Parte 5"}]},{"@type":"WebSite","@id":"https:\/\/rioonwatch.org.br\/#website","url":"https:\/\/rioonwatch.org.br\/","name":"RioOnWatch","description":"relatos das favelas cariocas","publisher":{"@id":"https:\/\/rioonwatch.org.br\/#organization"},"potentialAction":[{"@type":"SearchAction","target":{"@type":"EntryPoint","urlTemplate":"https:\/\/rioonwatch.org.br\/?s={search_term_string}"},"query-input":{"@type":"PropertyValueSpecification","valueRequired":true,"valueName":"search_term_string"}}],"inLanguage":"pt-BR"},{"@type":"Organization","@id":"https:\/\/rioonwatch.org.br\/#organization","name":"RioOnWatch","url":"https:\/\/rioonwatch.org.br\/","logo":{"@type":"ImageObject","inLanguage":"pt-BR","@id":"https:\/\/rioonwatch.org.br\/#\/schema\/logo\/image\/","url":"https:\/\/rioonwatch.org.br\/wp-content\/uploads\/2021\/06\/RioOnWatchcabecalhoPT11anos-2.png","contentUrl":"https:\/\/rioonwatch.org.br\/wp-content\/uploads\/2021\/06\/RioOnWatchcabecalhoPT11anos-2.png","width":779,"height":277,"caption":"RioOnWatch"},"image":{"@id":"https:\/\/rioonwatch.org.br\/#\/schema\/logo\/image\/"}},{"@type":"Person","@id":"https:\/\/rioonwatch.org.br\/#\/schema\/person\/11d64c290506f9df50c71b850c473f68","name":"Admin","image":{"@type":"ImageObject","inLanguage":"pt-BR","@id":"https:\/\/rioonwatch.org.br\/#\/schema\/person\/image\/","url":"https:\/\/secure.gravatar.com\/avatar\/56211ac74568383903349a1485e3c325?s=96&d=blank&r=g","contentUrl":"https:\/\/secure.gravatar.com\/avatar\/56211ac74568383903349a1485e3c325?s=96&d=blank&r=g","caption":"Admin"},"url":"https:\/\/rioonwatch.org.br\/?author=129"}]}},"_links":{"self":[{"href":"https:\/\/rioonwatch.org.br\/index.php?rest_route=\/wp\/v2\/posts\/40976"}],"collection":[{"href":"https:\/\/rioonwatch.org.br\/index.php?rest_route=\/wp\/v2\/posts"}],"about":[{"href":"https:\/\/rioonwatch.org.br\/index.php?rest_route=\/wp\/v2\/types\/post"}],"author":[{"embeddable":true,"href":"https:\/\/rioonwatch.org.br\/index.php?rest_route=\/wp\/v2\/users\/129"}],"replies":[{"embeddable":true,"href":"https:\/\/rioonwatch.org.br\/index.php?rest_route=%2Fwp%2Fv2%2Fcomments&post=40976"}],"version-history":[{"count":39,"href":"https:\/\/rioonwatch.org.br\/index.php?rest_route=\/wp\/v2\/posts\/40976\/revisions"}],"predecessor-version":[{"id":41855,"href":"https:\/\/rioonwatch.org.br\/index.php?rest_route=\/wp\/v2\/posts\/40976\/revisions\/41855"}],"wp:featuredmedia":[{"embeddable":true,"href":"https:\/\/rioonwatch.org.br\/index.php?rest_route=\/wp\/v2\/media\/41562"}],"wp:attachment":[{"href":"https:\/\/rioonwatch.org.br\/index.php?rest_route=%2Fwp%2Fv2%2Fmedia&parent=40976"}],"wp:term":[{"taxonomy":"category","embeddable":true,"href":"https:\/\/rioonwatch.org.br\/index.php?rest_route=%2Fwp%2Fv2%2Fcategories&post=40976"},{"taxonomy":"post_tag","embeddable":true,"href":"https:\/\/rioonwatch.org.br\/index.php?rest_route=%2Fwp%2Fv2%2Ftags&post=40976"},{"taxonomy":"writer","embeddable":true,"href":"https:\/\/rioonwatch.org.br\/index.php?rest_route=%2Fwp%2Fv2%2Fwriter&post=40976"},{"taxonomy":"translator","embeddable":true,"href":"https:\/\/rioonwatch.org.br\/index.php?rest_route=%2Fwp%2Fv2%2Ftranslator&post=40976"},{"taxonomy":"source","embeddable":true,"href":"https:\/\/rioonwatch.org.br\/index.php?rest_route=%2Fwp%2Fv2%2Fsource&post=40976"},{"taxonomy":"ilustrador","embeddable":true,"href":"https:\/\/rioonwatch.org.br\/index.php?rest_route=%2Fwp%2Fv2%2Filustrador&post=40976"},{"taxonomy":"fotografo","embeddable":true,"href":"https:\/\/rioonwatch.org.br\/index.php?rest_route=%2Fwp%2Fv2%2Ffotografo&post=40976"}],"curies":[{"name":"wp","href":"https:\/\/api.w.org\/{rel}","templated":true}]}}