{"id":41042,"date":"2019-06-25T13:31:25","date_gmt":"2019-06-25T16:31:25","guid":{"rendered":"https:\/\/rioonwatch.org.br\/?p=41042"},"modified":"2024-06-20T16:16:54","modified_gmt":"2024-06-20T19:16:54","slug":"entre-o-ceu-e-a-favela-promovendo-arte-cultura-e-empreendedorismo-na-providencia-redefavelasustentavel","status":"publish","type":"post","link":"https:\/\/rioonwatch.org.br\/?p=41042","title":{"rendered":"Entre o C\u00e9u e a Favela: Promovendo Arte, Cultura e Empreendedorismo na Provid\u00eancia #RedeFavelaSustent\u00e1vel [PERFIL]"},"content":{"rendered":"<p style=\"text-align: right;\"><em><strong><a href=\"http:\/\/bit.ly\/2VnWmAL\" target=\"_blank\" rel=\"noopener noreferrer\">Click Here for English<\/a><a href=\"http:\/\/bit.ly\/2VnWmAL\" target=\"_blank\" rel=\"noopener noreferrer\"><img decoding=\"async\" width=\"20\" height=\"20\" class=\"alignright wp-image-15790\" src=\"http:\/\/rioonwatch.org.br\/wp-content\/uploads\/2012\/08\/EN-standard-e1439583104716.jpg\" \/><\/a><\/strong><\/em><\/p>\n<div>\n<blockquote><p><span style=\"text-decoration: underline;\"><strong>Iniciativa<\/strong><\/span>: <span class=\"m_-2110044806658228684m_4803058367458513690s1\">Entre o C\u00e9u e a Favela<\/span><br \/>\n<span style=\"text-decoration: underline;\"><b>Contato<\/b><\/span>: <a href=\"http:\/\/bit.ly\/2Dmhe5f\" target=\"_blank\" rel=\"noopener noreferrer\">Instagram<\/a>\u00a0|\u00a0<a href=\"http:\/\/bit.ly\/2EKWClE\" target=\"_blank\" rel=\"noopener noreferrer\">Facebook<\/a>\u00a0|\u00a0<a href=\"mailto:ceu@favelasustentavel.org\">Email<\/a><a href=\"http:\/\/bit.ly\/29Rg1Xk\"><br \/>\n<\/a><span style=\"text-decoration: underline;\"><b>Ano de Funda\u00e7\u00e3o<\/b><\/span>: 2012<br \/>\n<span style=\"text-decoration: underline;\"><b>Comunidade<\/b><\/span>: <span class=\"m_-2110044806658228684m_4803058367458513690s1\">Morro da Provid\u00eancia e Morro do Pinto<\/span><br \/>\n<span style=\"text-decoration: underline;\"><b>Miss\u00e3o<\/b><\/span>: U<span class=\"m_-2110044806658228684m_4803058367458513690s1\">nir, divulgar e valorizar produtores da cultura, arte e desenvolvimento social do Morro da Provid\u00eancia e Morro do Pinto; e oferecer suporte burocr\u00e1tico ao empreendedores culturais locais.<\/span><br \/>\n<span style=\"text-decoration: underline;\"><b>Eventos P\u00fablicos<\/b><\/span>: <span class=\"m_-2110044806658228684m_4803058367458513690s1\">Frequentes produ\u00e7\u00f5es teatrais e oficinas. Confira a p\u00e1gina no Facebook para os pr\u00f3ximos eventos.<\/span><br \/>\n<span style=\"text-decoration: underline;\"><b>Como Contribuir<\/b><\/span>: <span class=\"m_-2110044806658228684m_4803058367458513690s1\">Participe de eventos, seja volunt\u00e1rio e apoie financeiramente a iniciativa.<\/span><\/p><\/blockquote>\n<\/div>\n<p class=\"m_-2110044806658228684m_4803058367458513690p2\"><span class=\"m_-2110044806658228684m_4803058367458513690s1\">Fundada em 1897, a <a href=\"http:\/\/bit.ly\/2OFYRwb\" target=\"_blank\" rel=\"noopener noreferrer\">Provid\u00eancia<\/a>, originalmente chamada de Morro da Favela, foi a <a href=\"http:\/\/bit.ly\/2cUojex\" target=\"_blank\" rel=\"noopener noreferrer\">primeira comunidade conhecida como &#8220;favela&#8221;<\/a>. 122 anos ap\u00f3s sua funda\u00e7\u00e3o, a comunidade \u00e9 um brilhante exemplo da riqueza cultural das favelas e um s\u00edmbolo da <a href=\"http:\/\/bit.ly\/1Fhf4uE\" target=\"_blank\" rel=\"noopener noreferrer\">luta pela justi\u00e7a habitacional<\/a>, e pela <a href=\"http:\/\/bit.ly\/2saIwVc\" target=\"_blank\" rel=\"noopener noreferrer\">import\u00e2ncia hist\u00f3rica da Provid\u00eancia<\/a> para a cidade do Rio e para o mundo todo.<\/span><\/p>\n<p class=\"m_-2110044806658228684m_4803058367458513690p2\"><span class=\"m_-2110044806658228684m_4803058367458513690s1\">Embora a <a href=\"http:\/\/bit.ly\/2Mt5Kno\" target=\"_blank\" rel=\"noopener noreferrer\">Regi\u00e3o Portu\u00e1ria<\/a> tenha sofrido uma renova\u00e7\u00e3o urbana nos \u00faltimos anos, a neglig\u00eancia sist\u00eamica e a estigmatiza\u00e7\u00e3o se prolongaram por muito tempo na Provid\u00eancia, de acordo com Cintia Sant&#8217;Anna. Cintia, que nasceu e cresceu na comunidade, tem grandes sonhos para a juventude local e pelo significado global da Provid\u00eancia. Cintia \u00e9 a fundadora do <a href=\"http:\/\/bit.ly\/2EKWClE\" target=\"_blank\" rel=\"noopener noreferrer\">Entre o C\u00e9u e a Favela<\/a>, que trabalha para preservar a cultura local, oferecendo assist\u00eancia educacional e oportunidades para jovens, artistas e empreendedores. Hoje o coletivo \u00e9 formado por Elen Ferreira (<a href=\"http:\/\/bit.ly\/2Pfi2gP\" target=\"_blank\" rel=\"noopener noreferrer\">Pretinhas Leitoras<\/a>), Andreza Santos (<a href=\"http:\/\/bit.ly\/31PIpzT\" target=\"_blank\" rel=\"noopener noreferrer\">Caiz Store<\/a>), Isabel Meiroz (<a href=\"http:\/\/bit.ly\/2Fmt2nE\" target=\"_blank\" rel=\"noopener noreferrer\">Epicentral<\/a>), Joyce Marques (<a href=\"http:\/\/bit.ly\/2Rx7H0W\" target=\"_blank\" rel=\"noopener noreferrer\">Favelagrafia<\/a>), al\u00e9m da pr\u00f3pria Cintia.<\/span><\/p>\n<p><a href=\"https:\/\/rioonwatch.org.br\/wp-content\/uploads\/2019\/06\/EntreoCe\u0301ueaFavela2.jpg\"><img fetchpriority=\"high\" decoding=\"async\" class=\"aligncenter wp-image-41046 size-content\" title=\"Cintia Sant'Anna (no centro) com outros membros da comunidade. Foto: P\u00e1gina do Facebook do Entre o C\u00e9u e a Favela.\" src=\"https:\/\/rioonwatch.org.br\/wp-content\/uploads\/2019\/06\/EntreoCe\u0301ueaFavela2-620x264.jpg\" alt=\"\" width=\"620\" height=\"264\" \/><\/a><\/p>\n<p class=\"m_-2110044806658228684m_4803058367458513690p2\"><span class=\"m_-2110044806658228684m_4803058367458513690s1\">A partir de 2012, atrav\u00e9s de uma bolsa da <a href=\"http:\/\/bit.ly\/12akQim\">Ag\u00eancia de Redes para Juventude<\/a>, a organiza\u00e7\u00e3o foi fundada com o objetivo de criar o que era, na \u00e9poca, o \u00fanico jornal e fonte de m\u00eddia comunit\u00e1ria da Provid\u00eancia. Embora o jornal comunit\u00e1rio tenha sido ben\u00e9fico para a comunidade, Cintia percebeu que suas habilidades como atriz e artista n\u00e3o estavam sendo utilizadas. \u201cEnt\u00e3o, depois de tr\u00eas meses dirigindo o jornal, e<span style=\"font-weight: 400;\">u comecei a fazer atividades culturais<\/span>\u201d, diz Cintia. \u201c<span style=\"font-weight: 400;\">Comecei ensinar aulas de narrativa e aulas de teatro.<\/span><\/span><span class=\"m_-2110044806658228684m_4803058367458513690s1\">\u201d Foi quando a organiza\u00e7\u00e3o come\u00e7ou a se assemelhar ao que \u00e9 hoje, finalmente desenvolvendo seu pr\u00f3prio site e se estabelecendo em um espa\u00e7o colaborativo para iniciativas de desenvolvimento social, o <a href=\"http:\/\/bit.ly\/2raGCnA\" target=\"_blank\" rel=\"noopener noreferrer\">Epicentral<\/a>, onde a organiza\u00e7\u00e3o est\u00e1 baseada. L\u00e1, realizam reuni\u00f5es comunit\u00e1rias e in\u00fameras oficinas e atividades para crian\u00e7as e produtores culturais.<\/span><\/p>\n<p class=\"m_-2110044806658228684m_4803058367458513690p2\"><span class=\"m_-2110044806658228684m_4803058367458513690s1\"><a href=\"http:\/\/bit.ly\/2Pfi2gP\" target=\"_blank\" rel=\"noopener noreferrer\">Pretinhas Leitoras<\/a>, <a href=\"http:\/\/bit.ly\/2aMZ7t8\" target=\"_blank\" rel=\"noopener noreferrer\">Bando Teatro Favela<\/a> e\u00a0<a href=\"http:\/\/bit.ly\/2UrdDZv\">Produ\u00e7\u00e3o de Guerrilha<\/a> s\u00e3o tr\u00eas projetos produzidos pelo Entre o C\u00e9u e a Favela, e est\u00e3o entre treze projetos nos quais o grupo ajuda na realiza\u00e7\u00e3o, todos engajando jovens e produtores culturais.<\/span><\/p>\n<p><a href=\"https:\/\/rioonwatch.org.br\/wp-content\/uploads\/2019\/06\/cintia.jpg\"><img decoding=\"async\" class=\"aligncenter wp-image-41045 size-content\" title=\"Cintia participa do Rol\u00e9 das Faveladas durante o primeiro festival Mulheres do Mundo (WoW) em 2018. Foto: Bruna Manso\" src=\"https:\/\/rioonwatch.org.br\/wp-content\/uploads\/2019\/06\/cintia-620x264.jpg\" alt=\"\" width=\"620\" height=\"264\" srcset=\"https:\/\/rioonwatch.org.br\/wp-content\/uploads\/2019\/06\/cintia-620x264.jpg 620w, https:\/\/rioonwatch.org.br\/wp-content\/uploads\/2019\/06\/cintia-940x400.jpg 940w\" sizes=\"(max-width: 620px) 100vw, 620px\" \/><\/a><\/p>\n<p class=\"m_-2110044806658228684m_4803058367458513690p2\"><span class=\"m_-2110044806658228684m_4803058367458513690s1\">Apesar de frequentemente carecer de recursos financeiros, o grupo continua a ter sucesso. Cintia acredita que tem a ver com os <a href=\"http:\/\/bit.ly\/2vfXZc6\" target=\"_blank\" rel=\"noopener noreferrer\">sistemas naturais de sustentabilidade econ\u00f4mica<\/a> que existem dentro das favelas, para al\u00e9m da acumula\u00e7\u00e3o e do consumo de capital. \u201c<span style=\"font-weight: 400;\">Funcionamos dentro de um sistema de compartilhamento e troca<\/span>\u201d, ela diz. &#8220;<span style=\"font-weight: 400;\">Eu acho que dentro da favela a gente sempre fez isso, mas agora trouxeram esse nome: sustentabilidade.<\/span><\/span><span class=\"m_-2110044806658228684m_4803058367458513690s1\">\u201d <a href=\"http:\/\/bit.ly\/2hvSQpK\" target=\"_blank\" rel=\"noopener noreferrer\">Sempre ajudando os outros na comunidade<\/a> quando podem, a organiza\u00e7\u00e3o tamb\u00e9m recebe apoio quando precisar\u2014desta forma, se mant\u00eam relacionamentos mutuamente ben\u00e9ficos e se fortalecem la\u00e7os locais.<\/span><\/p>\n<p><a href=\"https:\/\/rioonwatch.org.br\/wp-content\/uploads\/2019\/06\/EntreoCe\u0301ueaFavela1.jpg\"><img loading=\"lazy\" decoding=\"async\" class=\"aligncenter wp-image-41044 size-content\" title=\"Aula no espa\u00e7o Epicentral. Foto: P\u00e1gina do Facebook do Entre o C\u00e9u e a Favela.\" src=\"https:\/\/rioonwatch.org.br\/wp-content\/uploads\/2019\/06\/EntreoCe\u0301ueaFavela1-620x264.jpg\" alt=\"\" width=\"620\" height=\"264\" srcset=\"https:\/\/rioonwatch.org.br\/wp-content\/uploads\/2019\/06\/EntreoCe\u0301ueaFavela1-620x264.jpg 620w, https:\/\/rioonwatch.org.br\/wp-content\/uploads\/2019\/06\/EntreoCe\u0301ueaFavela1-940x400.jpg 940w\" sizes=\"(max-width: 620px) 100vw, 620px\" \/><\/a><\/p>\n<p class=\"m_-2110044806658228684m_4803058367458513690p2\"><span class=\"m_-2110044806658228684m_4803058367458513690s1\">\u201c<\/span><span style=\"font-weight: 400;\">Apesar de estarmos precisando de muitas coisas, n\u00e3o somos carentes. N\u00e3o somos desemparados<\/span><span class=\"m_-2110044806658228684m_4803058367458513690s1\">\u201d, explica Cintia. \u201cNo Rio de Janeiro\u201d, Cintia acredita que \u201c<span style=\"font-weight: 400;\">\u00e9 muito gritante a ilus\u00e3o de achar que a favela n\u00e3o vai conseguir, por\u00e9m consegue [muitas coisas]!<\/span>\u201d. Entre o C\u00e9u e a Favela espera <a href=\"http:\/\/bit.ly\/2y1Be81\" target=\"_blank\" rel=\"noopener noreferrer\">trazer mais gente de fora<\/a> para a Provid\u00eancia para mostrar-lhes o sucesso que h\u00e1 para ser visto na comunidade. Isso, por sua vez, pode ajudar a mudar ideias equivocadas, <a href=\"http:\/\/bit.ly\/2d30Pnn\" target=\"_blank\" rel=\"noopener noreferrer\">eliminar estigmas<\/a> e melhorar a autoestima dos moradores da comunidade, especialmente de crian\u00e7as e adolescentes. Ao oferecer oportunidades e apoio aos jovens da Provid\u00eancia, Cintia acredita poder mostrar-lhes que podem conseguir qualquer coisa: &#8220;<\/span><span style=\"font-weight: 400;\">Queremos mostrar, especialmente para as crian\u00e7as, que elas t\u00eam os mesmos direitos que qualquer pessoa aqui no Rio\u2014a capacidade de ser quem eles querem ser \u00e9 primordial&#8221;.<\/span><\/p>\n<p><a href=\"https:\/\/rioonwatch.org.br\/wp-content\/uploads\/2019\/06\/Entre-o-Ce\u0301u-e-a-Favela-no-mapa.png\"><img loading=\"lazy\" decoding=\"async\" class=\"aligncenter size-content wp-image-41043\" src=\"https:\/\/rioonwatch.org.br\/wp-content\/uploads\/2019\/06\/Entre-o-Ce\u0301u-e-a-Favela-no-mapa-620x264.png\" alt=\"\" width=\"620\" height=\"264\" srcset=\"https:\/\/rioonwatch.org.br\/wp-content\/uploads\/2019\/06\/Entre-o-Ce\u0301u-e-a-Favela-no-mapa-620x264.png 620w, https:\/\/rioonwatch.org.br\/wp-content\/uploads\/2019\/06\/Entre-o-Ce\u0301u-e-a-Favela-no-mapa-940x400.png 940w\" sizes=\"(max-width: 620px) 100vw, 620px\" \/><\/a><\/p>\n<p class=\"m_-2110044806658228684m_4803058367458513690p2\">*Entre o C\u00e9u e a Favela \u00e9 um dos mais de <a href=\"http:\/\/www.bit.ly\/RFSMapa\">100 projetos comunit\u00e1rios mapeados<\/a>\u00a0pela\u00a0<a href=\"http:\/\/bit.ly\/1aI.gif\">Comunidades Catalisadoras<\/a>\u00a0(ComCat)\u2014a organiza\u00e7\u00e3o que publica o\u00a0<i>RioOnWatch\u2014<\/i>como parte do nosso programa paralelo &#8216;<a href=\"http:\/\/bit.ly\/RFSRelatorio\">Rede Favela Sustent\u00e1vel<\/a>&#8216; lan\u00e7ado em 2017 para reconhecer, apoiar, fortalecer e expandir as <a href=\"http:\/\/www.bit.ly\/FavelaModelo\">qualidades sustent\u00e1veis e movimentos comunit\u00e1rios inerentes<\/a>\u00a0\u00e0s favelas do Rio de Janeiro. Siga a\u00a0<a href=\"http:\/\/bit.ly\/FBRFS\">Rede Favela Sustent\u00e1vel no Facebook<\/a>. Leia outros\u00a0<a href=\"http:\/\/bit.ly\/FavelasSustentaveis\">perfis dos projetos da Rede Favela Sustent\u00e1vel aqui<\/a>.<\/p>\n<!-- AddThis Advanced Settings generic via filter on the_content --><!-- AddThis Share Buttons generic via filter on the_content -->","protected":false},"excerpt":{"rendered":"<div class=\"mh-excerpt\"><p>Click Here for English Iniciativa: Entre o C\u00e9u e a Favela Contato: Instagram\u00a0|\u00a0Facebook\u00a0|\u00a0Email Ano de Funda\u00e7\u00e3o: 2012 Comunidade: Morro da Provid\u00eancia e Morro do Pinto Miss\u00e3o: Unir, divulgar e valorizar produtores da cultura, arte e <a class=\"mh-excerpt-more\" href=\"https:\/\/rioonwatch.org.br\/?p=41042\" title=\"Entre o C\u00e9u e a Favela: Promovendo Arte, Cultura e Empreendedorismo na Provid\u00eancia #RedeFavelaSustent\u00e1vel [PERFIL]\">[&#8230;]<\/a><!-- AddThis Advanced Settings generic via filter on get_the_excerpt --><!-- AddThis Share Buttons generic via filter on get_the_excerpt --><\/p>\n<\/div>","protected":false},"author":152,"featured_media":41047,"comment_status":"closed","ping_status":"closed","sticky":false,"template":"","format":"standard","meta":{"_acf_changed":false,"_monsterinsights_skip_tracking":false,"_monsterinsights_sitenote_active":false,"_monsterinsights_sitenote_note":"","_monsterinsights_sitenote_category":0,"footnotes":""},"categories":[1621,1629,1626,1388,1616,1612,342,1639],"tags":[386,1117,334,259,81,421,257,417,2074,899,1412,494,404,335,2167],"writer":[2609],"translator":[1491],"source":[],"ilustrador":[],"fotografo":[],"class_list":{"0":"post-41042","1":"post","2":"type-post","3":"status-publish","4":"format-standard","5":"has-post-thumbnail","7":"category-destaque","8":"category-entrevistas-e-perfis","9":"category-por-observadores-internacionais","10":"category-formas-de-apoiar","11":"category-qualidades-da-favela","12":"category-sociedade-civil","13":"category-solucoes","14":"category-sustentabilidade","15":"tag-estigma","16":"tag-agencia-de-redes-para-juventude","17":"tag-arte","18":"tag-centro","19":"tag-cultura","20":"tag-cultura-da-favela","21":"tag-providencia","22":"tag-negligencia-do-estado","23":"tag-rede-favela-sustentavel","24":"tag-preservacao-de-cultura","25":"tag-producao-cultural","26":"tag-regiao-do-porto","27":"tag-sustentabilidade","28":"tag-teatro","29":"tag-uniao","30":"writer-ben-bildsten","31":"translator-patricia-gomes"},"acf":[],"yoast_head":"<!-- This site is optimized with the Yoast SEO plugin v25.6 - https:\/\/yoast.com\/wordpress\/plugins\/seo\/ -->\n<title>Entre o C\u00e9u e a Favela: Promovendo Arte, Cultura e Empreendedorismo na Provid\u00eancia #RedeFavelaSustent\u00e1vel [PERFIL] - RioOnWatch<\/title>\n<meta name=\"robots\" content=\"index, follow, max-snippet:-1, max-image-preview:large, max-video-preview:-1\" \/>\n<link rel=\"canonical\" href=\"https:\/\/rioonwatch.org.br\/?p=41042\" \/>\n<meta property=\"og:locale\" content=\"pt_BR\" \/>\n<meta property=\"og:type\" content=\"article\" \/>\n<meta property=\"og:title\" content=\"Entre o C\u00e9u e a Favela: Promovendo Arte, Cultura e Empreendedorismo na Provid\u00eancia #RedeFavelaSustent\u00e1vel [PERFIL] - RioOnWatch\" \/>\n<meta property=\"og:description\" content=\"Click Here for English Iniciativa: Entre o C\u00e9u e a Favela Contato: Instagram\u00a0|\u00a0Facebook\u00a0|\u00a0Email Ano de Funda\u00e7\u00e3o: 2012 Comunidade: Morro da Provid\u00eancia e Morro do Pinto Miss\u00e3o: Unir, divulgar e valorizar produtores da cultura, arte e [...]\" \/>\n<meta property=\"og:url\" content=\"https:\/\/rioonwatch.org.br\/?p=41042\" \/>\n<meta property=\"og:site_name\" content=\"RioOnWatch\" \/>\n<meta property=\"article:published_time\" content=\"2019-06-25T16:31:25+00:00\" \/>\n<meta property=\"article:modified_time\" content=\"2024-06-20T19:16:54+00:00\" \/>\n<meta property=\"og:image\" content=\"https:\/\/rioonwatch.org.br\/wp-content\/uploads\/2019\/06\/ECF-na-Casa-Amarela.jpg\" \/>\n\t<meta property=\"og:image:width\" content=\"1040\" \/>\n\t<meta property=\"og:image:height\" content=\"722\" \/>\n\t<meta property=\"og:image:type\" content=\"image\/jpeg\" \/>\n<meta name=\"author\" content=\"Luisa Fenizola\" \/>\n<meta name=\"twitter:card\" content=\"summary_large_image\" \/>\n<meta name=\"twitter:label1\" content=\"Escrito por\" \/>\n\t<meta name=\"twitter:data1\" content=\"Luisa Fenizola\" \/>\n\t<meta name=\"twitter:label2\" content=\"Est. tempo de leitura\" \/>\n\t<meta name=\"twitter:data2\" content=\"4 minutos\" \/>\n<script type=\"application\/ld+json\" class=\"yoast-schema-graph\">{\"@context\":\"https:\/\/schema.org\",\"@graph\":[{\"@type\":\"Article\",\"@id\":\"https:\/\/rioonwatch.org.br\/?p=41042#article\",\"isPartOf\":{\"@id\":\"https:\/\/rioonwatch.org.br\/?p=41042\"},\"author\":{\"name\":\"Luisa Fenizola\",\"@id\":\"https:\/\/rioonwatch.org.br\/#\/schema\/person\/f443c6b55bb6e80842280318076491c5\"},\"headline\":\"Entre o C\u00e9u e a Favela: Promovendo Arte, Cultura e Empreendedorismo na Provid\u00eancia #RedeFavelaSustent\u00e1vel [PERFIL]\",\"datePublished\":\"2019-06-25T16:31:25+00:00\",\"dateModified\":\"2024-06-20T19:16:54+00:00\",\"mainEntityOfPage\":{\"@id\":\"https:\/\/rioonwatch.org.br\/?p=41042\"},\"wordCount\":811,\"publisher\":{\"@id\":\"https:\/\/rioonwatch.org.br\/#organization\"},\"image\":{\"@id\":\"https:\/\/rioonwatch.org.br\/?p=41042#primaryimage\"},\"thumbnailUrl\":\"https:\/\/rioonwatch.org.br\/wp-content\/uploads\/2019\/06\/ECF-na-Casa-Amarela.jpg\",\"keywords\":[\"#StopFavelaStigma\",\"Ag\u00eancia de Redes para Juventude\",\"arte\",\"Centro\",\"cultura\",\"cultura da favela\",\"Morro da Provid\u00eancia\",\"Neglig\u00eancia do Estado\",\"Perfis Integrantes da Rede Favela Sustent\u00e1vel\",\"preserva\u00e7\u00e3o de cultura\",\"produ\u00e7\u00e3o cultural\",\"Regi\u00e3o do Porto\",\"sustentabilidade\",\"teatro\",\"uni\u00e3o\"],\"articleSection\":[\"*Destaque\",\"Entrevistas e Perfis\",\"Escrito por Aliados\",\"Formas de Apoiar\",\"Qualidades da Favela\",\"Sociedade Civil\",\"Solu\u00e7\u00f5es\",\"Sustentabilidade\"],\"inLanguage\":\"pt-BR\"},{\"@type\":\"WebPage\",\"@id\":\"https:\/\/rioonwatch.org.br\/?p=41042\",\"url\":\"https:\/\/rioonwatch.org.br\/?p=41042\",\"name\":\"Entre o C\u00e9u e a Favela: Promovendo Arte, Cultura e Empreendedorismo na Provid\u00eancia #RedeFavelaSustent\u00e1vel [PERFIL] - RioOnWatch\",\"isPartOf\":{\"@id\":\"https:\/\/rioonwatch.org.br\/#website\"},\"primaryImageOfPage\":{\"@id\":\"https:\/\/rioonwatch.org.br\/?p=41042#primaryimage\"},\"image\":{\"@id\":\"https:\/\/rioonwatch.org.br\/?p=41042#primaryimage\"},\"thumbnailUrl\":\"https:\/\/rioonwatch.org.br\/wp-content\/uploads\/2019\/06\/ECF-na-Casa-Amarela.jpg\",\"datePublished\":\"2019-06-25T16:31:25+00:00\",\"dateModified\":\"2024-06-20T19:16:54+00:00\",\"breadcrumb\":{\"@id\":\"https:\/\/rioonwatch.org.br\/?p=41042#breadcrumb\"},\"inLanguage\":\"pt-BR\",\"potentialAction\":[{\"@type\":\"ReadAction\",\"target\":[\"https:\/\/rioonwatch.org.br\/?p=41042\"]}]},{\"@type\":\"ImageObject\",\"inLanguage\":\"pt-BR\",\"@id\":\"https:\/\/rioonwatch.org.br\/?p=41042#primaryimage\",\"url\":\"https:\/\/rioonwatch.org.br\/wp-content\/uploads\/2019\/06\/ECF-na-Casa-Amarela.jpg\",\"contentUrl\":\"https:\/\/rioonwatch.org.br\/wp-content\/uploads\/2019\/06\/ECF-na-Casa-Amarela.jpg\",\"width\":1040,\"height\":722,\"caption\":\"Atividade de Entre o C\u00e9u e a Favela na Casa Amarela. Foto: Douglas Dobby\"},{\"@type\":\"BreadcrumbList\",\"@id\":\"https:\/\/rioonwatch.org.br\/?p=41042#breadcrumb\",\"itemListElement\":[{\"@type\":\"ListItem\",\"position\":1,\"name\":\"In\u00edcio\",\"item\":\"https:\/\/rioonwatch.org.br\/\"},{\"@type\":\"ListItem\",\"position\":2,\"name\":\"Entre o C\u00e9u e a Favela: Promovendo Arte, Cultura e Empreendedorismo na Provid\u00eancia #RedeFavelaSustent\u00e1vel [PERFIL]\"}]},{\"@type\":\"WebSite\",\"@id\":\"https:\/\/rioonwatch.org.br\/#website\",\"url\":\"https:\/\/rioonwatch.org.br\/\",\"name\":\"RioOnWatch\",\"description\":\"relatos das favelas cariocas\",\"publisher\":{\"@id\":\"https:\/\/rioonwatch.org.br\/#organization\"},\"potentialAction\":[{\"@type\":\"SearchAction\",\"target\":{\"@type\":\"EntryPoint\",\"urlTemplate\":\"https:\/\/rioonwatch.org.br\/?s={search_term_string}\"},\"query-input\":{\"@type\":\"PropertyValueSpecification\",\"valueRequired\":true,\"valueName\":\"search_term_string\"}}],\"inLanguage\":\"pt-BR\"},{\"@type\":\"Organization\",\"@id\":\"https:\/\/rioonwatch.org.br\/#organization\",\"name\":\"RioOnWatch\",\"url\":\"https:\/\/rioonwatch.org.br\/\",\"logo\":{\"@type\":\"ImageObject\",\"inLanguage\":\"pt-BR\",\"@id\":\"https:\/\/rioonwatch.org.br\/#\/schema\/logo\/image\/\",\"url\":\"https:\/\/rioonwatch.org.br\/wp-content\/uploads\/2021\/06\/RioOnWatchcabecalhoPT11anos-2.png\",\"contentUrl\":\"https:\/\/rioonwatch.org.br\/wp-content\/uploads\/2021\/06\/RioOnWatchcabecalhoPT11anos-2.png\",\"width\":779,\"height\":277,\"caption\":\"RioOnWatch\"},\"image\":{\"@id\":\"https:\/\/rioonwatch.org.br\/#\/schema\/logo\/image\/\"}},{\"@type\":\"Person\",\"@id\":\"https:\/\/rioonwatch.org.br\/#\/schema\/person\/f443c6b55bb6e80842280318076491c5\",\"name\":\"Luisa Fenizola\",\"image\":{\"@type\":\"ImageObject\",\"inLanguage\":\"pt-BR\",\"@id\":\"https:\/\/rioonwatch.org.br\/#\/schema\/person\/image\/\",\"url\":\"https:\/\/secure.gravatar.com\/avatar\/a3d551110162b9f876cbbdaaecf75663?s=96&d=blank&r=g\",\"contentUrl\":\"https:\/\/secure.gravatar.com\/avatar\/a3d551110162b9f876cbbdaaecf75663?s=96&d=blank&r=g\",\"caption\":\"Luisa Fenizola\"},\"url\":\"https:\/\/rioonwatch.org.br\/?author=152\"}]}<\/script>\n<!-- \/ Yoast SEO plugin. -->","yoast_head_json":{"title":"Entre o C\u00e9u e a Favela: Promovendo Arte, Cultura e Empreendedorismo na Provid\u00eancia #RedeFavelaSustent\u00e1vel [PERFIL] - RioOnWatch","robots":{"index":"index","follow":"follow","max-snippet":"max-snippet:-1","max-image-preview":"max-image-preview:large","max-video-preview":"max-video-preview:-1"},"canonical":"https:\/\/rioonwatch.org.br\/?p=41042","og_locale":"pt_BR","og_type":"article","og_title":"Entre o C\u00e9u e a Favela: Promovendo Arte, Cultura e Empreendedorismo na Provid\u00eancia #RedeFavelaSustent\u00e1vel [PERFIL] - RioOnWatch","og_description":"Click Here for English Iniciativa: Entre o C\u00e9u e a Favela Contato: Instagram\u00a0|\u00a0Facebook\u00a0|\u00a0Email Ano de Funda\u00e7\u00e3o: 2012 Comunidade: Morro da Provid\u00eancia e Morro do Pinto Miss\u00e3o: Unir, divulgar e valorizar produtores da cultura, arte e [...]","og_url":"https:\/\/rioonwatch.org.br\/?p=41042","og_site_name":"RioOnWatch","article_published_time":"2019-06-25T16:31:25+00:00","article_modified_time":"2024-06-20T19:16:54+00:00","og_image":[{"width":1040,"height":722,"url":"https:\/\/rioonwatch.org.br\/wp-content\/uploads\/2019\/06\/ECF-na-Casa-Amarela.jpg","type":"image\/jpeg"}],"author":"Luisa Fenizola","twitter_card":"summary_large_image","twitter_misc":{"Escrito por":"Luisa Fenizola","Est. tempo de leitura":"4 minutos"},"schema":{"@context":"https:\/\/schema.org","@graph":[{"@type":"Article","@id":"https:\/\/rioonwatch.org.br\/?p=41042#article","isPartOf":{"@id":"https:\/\/rioonwatch.org.br\/?p=41042"},"author":{"name":"Luisa Fenizola","@id":"https:\/\/rioonwatch.org.br\/#\/schema\/person\/f443c6b55bb6e80842280318076491c5"},"headline":"Entre o C\u00e9u e a Favela: Promovendo Arte, Cultura e Empreendedorismo na Provid\u00eancia #RedeFavelaSustent\u00e1vel [PERFIL]","datePublished":"2019-06-25T16:31:25+00:00","dateModified":"2024-06-20T19:16:54+00:00","mainEntityOfPage":{"@id":"https:\/\/rioonwatch.org.br\/?p=41042"},"wordCount":811,"publisher":{"@id":"https:\/\/rioonwatch.org.br\/#organization"},"image":{"@id":"https:\/\/rioonwatch.org.br\/?p=41042#primaryimage"},"thumbnailUrl":"https:\/\/rioonwatch.org.br\/wp-content\/uploads\/2019\/06\/ECF-na-Casa-Amarela.jpg","keywords":["#StopFavelaStigma","Ag\u00eancia de Redes para Juventude","arte","Centro","cultura","cultura da favela","Morro da Provid\u00eancia","Neglig\u00eancia do Estado","Perfis Integrantes da Rede Favela Sustent\u00e1vel","preserva\u00e7\u00e3o de cultura","produ\u00e7\u00e3o cultural","Regi\u00e3o do Porto","sustentabilidade","teatro","uni\u00e3o"],"articleSection":["*Destaque","Entrevistas e Perfis","Escrito por Aliados","Formas de Apoiar","Qualidades da Favela","Sociedade Civil","Solu\u00e7\u00f5es","Sustentabilidade"],"inLanguage":"pt-BR"},{"@type":"WebPage","@id":"https:\/\/rioonwatch.org.br\/?p=41042","url":"https:\/\/rioonwatch.org.br\/?p=41042","name":"Entre o C\u00e9u e a Favela: Promovendo Arte, Cultura e Empreendedorismo na Provid\u00eancia #RedeFavelaSustent\u00e1vel [PERFIL] - RioOnWatch","isPartOf":{"@id":"https:\/\/rioonwatch.org.br\/#website"},"primaryImageOfPage":{"@id":"https:\/\/rioonwatch.org.br\/?p=41042#primaryimage"},"image":{"@id":"https:\/\/rioonwatch.org.br\/?p=41042#primaryimage"},"thumbnailUrl":"https:\/\/rioonwatch.org.br\/wp-content\/uploads\/2019\/06\/ECF-na-Casa-Amarela.jpg","datePublished":"2019-06-25T16:31:25+00:00","dateModified":"2024-06-20T19:16:54+00:00","breadcrumb":{"@id":"https:\/\/rioonwatch.org.br\/?p=41042#breadcrumb"},"inLanguage":"pt-BR","potentialAction":[{"@type":"ReadAction","target":["https:\/\/rioonwatch.org.br\/?p=41042"]}]},{"@type":"ImageObject","inLanguage":"pt-BR","@id":"https:\/\/rioonwatch.org.br\/?p=41042#primaryimage","url":"https:\/\/rioonwatch.org.br\/wp-content\/uploads\/2019\/06\/ECF-na-Casa-Amarela.jpg","contentUrl":"https:\/\/rioonwatch.org.br\/wp-content\/uploads\/2019\/06\/ECF-na-Casa-Amarela.jpg","width":1040,"height":722,"caption":"Atividade de Entre o C\u00e9u e a Favela na Casa Amarela. Foto: Douglas Dobby"},{"@type":"BreadcrumbList","@id":"https:\/\/rioonwatch.org.br\/?p=41042#breadcrumb","itemListElement":[{"@type":"ListItem","position":1,"name":"In\u00edcio","item":"https:\/\/rioonwatch.org.br\/"},{"@type":"ListItem","position":2,"name":"Entre o C\u00e9u e a Favela: Promovendo Arte, Cultura e Empreendedorismo na Provid\u00eancia #RedeFavelaSustent\u00e1vel [PERFIL]"}]},{"@type":"WebSite","@id":"https:\/\/rioonwatch.org.br\/#website","url":"https:\/\/rioonwatch.org.br\/","name":"RioOnWatch","description":"relatos das favelas cariocas","publisher":{"@id":"https:\/\/rioonwatch.org.br\/#organization"},"potentialAction":[{"@type":"SearchAction","target":{"@type":"EntryPoint","urlTemplate":"https:\/\/rioonwatch.org.br\/?s={search_term_string}"},"query-input":{"@type":"PropertyValueSpecification","valueRequired":true,"valueName":"search_term_string"}}],"inLanguage":"pt-BR"},{"@type":"Organization","@id":"https:\/\/rioonwatch.org.br\/#organization","name":"RioOnWatch","url":"https:\/\/rioonwatch.org.br\/","logo":{"@type":"ImageObject","inLanguage":"pt-BR","@id":"https:\/\/rioonwatch.org.br\/#\/schema\/logo\/image\/","url":"https:\/\/rioonwatch.org.br\/wp-content\/uploads\/2021\/06\/RioOnWatchcabecalhoPT11anos-2.png","contentUrl":"https:\/\/rioonwatch.org.br\/wp-content\/uploads\/2021\/06\/RioOnWatchcabecalhoPT11anos-2.png","width":779,"height":277,"caption":"RioOnWatch"},"image":{"@id":"https:\/\/rioonwatch.org.br\/#\/schema\/logo\/image\/"}},{"@type":"Person","@id":"https:\/\/rioonwatch.org.br\/#\/schema\/person\/f443c6b55bb6e80842280318076491c5","name":"Luisa Fenizola","image":{"@type":"ImageObject","inLanguage":"pt-BR","@id":"https:\/\/rioonwatch.org.br\/#\/schema\/person\/image\/","url":"https:\/\/secure.gravatar.com\/avatar\/a3d551110162b9f876cbbdaaecf75663?s=96&d=blank&r=g","contentUrl":"https:\/\/secure.gravatar.com\/avatar\/a3d551110162b9f876cbbdaaecf75663?s=96&d=blank&r=g","caption":"Luisa Fenizola"},"url":"https:\/\/rioonwatch.org.br\/?author=152"}]}},"_links":{"self":[{"href":"https:\/\/rioonwatch.org.br\/index.php?rest_route=\/wp\/v2\/posts\/41042"}],"collection":[{"href":"https:\/\/rioonwatch.org.br\/index.php?rest_route=\/wp\/v2\/posts"}],"about":[{"href":"https:\/\/rioonwatch.org.br\/index.php?rest_route=\/wp\/v2\/types\/post"}],"author":[{"embeddable":true,"href":"https:\/\/rioonwatch.org.br\/index.php?rest_route=\/wp\/v2\/users\/152"}],"replies":[{"embeddable":true,"href":"https:\/\/rioonwatch.org.br\/index.php?rest_route=%2Fwp%2Fv2%2Fcomments&post=41042"}],"version-history":[{"count":17,"href":"https:\/\/rioonwatch.org.br\/index.php?rest_route=\/wp\/v2\/posts\/41042\/revisions"}],"predecessor-version":[{"id":42420,"href":"https:\/\/rioonwatch.org.br\/index.php?rest_route=\/wp\/v2\/posts\/41042\/revisions\/42420"}],"wp:featuredmedia":[{"embeddable":true,"href":"https:\/\/rioonwatch.org.br\/index.php?rest_route=\/wp\/v2\/media\/41047"}],"wp:attachment":[{"href":"https:\/\/rioonwatch.org.br\/index.php?rest_route=%2Fwp%2Fv2%2Fmedia&parent=41042"}],"wp:term":[{"taxonomy":"category","embeddable":true,"href":"https:\/\/rioonwatch.org.br\/index.php?rest_route=%2Fwp%2Fv2%2Fcategories&post=41042"},{"taxonomy":"post_tag","embeddable":true,"href":"https:\/\/rioonwatch.org.br\/index.php?rest_route=%2Fwp%2Fv2%2Ftags&post=41042"},{"taxonomy":"writer","embeddable":true,"href":"https:\/\/rioonwatch.org.br\/index.php?rest_route=%2Fwp%2Fv2%2Fwriter&post=41042"},{"taxonomy":"translator","embeddable":true,"href":"https:\/\/rioonwatch.org.br\/index.php?rest_route=%2Fwp%2Fv2%2Ftranslator&post=41042"},{"taxonomy":"source","embeddable":true,"href":"https:\/\/rioonwatch.org.br\/index.php?rest_route=%2Fwp%2Fv2%2Fsource&post=41042"},{"taxonomy":"ilustrador","embeddable":true,"href":"https:\/\/rioonwatch.org.br\/index.php?rest_route=%2Fwp%2Fv2%2Filustrador&post=41042"},{"taxonomy":"fotografo","embeddable":true,"href":"https:\/\/rioonwatch.org.br\/index.php?rest_route=%2Fwp%2Fv2%2Ffotografo&post=41042"}],"curies":[{"name":"wp","href":"https:\/\/api.w.org\/{rel}","templated":true}]}}