{"id":41128,"date":"2019-06-11T10:45:49","date_gmt":"2019-06-11T13:45:49","guid":{"rendered":"https:\/\/rioonwatch.org.br\/?p=41128"},"modified":"2024-06-20T16:16:55","modified_gmt":"2024-06-20T19:16:55","slug":"25-anos-depois-seminario-celebra-o-programa-de-urbanizacao-favela-bairro","status":"publish","type":"post","link":"https:\/\/rioonwatch.org.br\/?p=41128","title":{"rendered":"25 Anos Depois, Semin\u00e1rio Celebra o Programa de Urbaniza\u00e7\u00e3o Favela-Bairro"},"content":{"rendered":"<p style=\"text-align: right;\"><em><strong><a href=\"http:\/\/bit.ly\/2MztXZf\" target=\"_blank\" rel=\"noopener noreferrer\">Click Here for English<\/a><a href=\"http:\/\/bit.ly\/2MztXZf\" target=\"_blank\" rel=\"noopener noreferrer\"><img decoding=\"async\" width=\"20\" height=\"20\" class=\"alignright wp-image-15790\" src=\"http:\/\/rioonwatch.org.br\/wp-content\/uploads\/2012\/08\/EN-standard-e1439583104716.jpg\" \/><\/a><\/strong><\/em><\/p>\n<p><a href=\"http:\/\/bit.ly\/2WUY4P0\" target=\"_blank\" rel=\"noopener noreferrer\"><span style=\"font-weight: 400;\">Favela-Bairro<\/span><\/a><span style=\"font-weight: 400;\"> foi um programa ambicioso estabelecido em 1994 com o objetivo de urbanizar as favelas levando-as ao status de bairros formais por meio de interven\u00e7\u00f5es de infraestrutura, servi\u00e7os p\u00fablicos, instala\u00e7\u00f5es p\u00fablicas e pol\u00edticas p\u00fablicas<\/span><span style=\"font-weight: 400;\">. Implementado, primeiramente, pelo ent\u00e3o prefeito <\/span><a href=\"http:\/\/bit.ly\/2I4fFvq\" target=\"_blank\" rel=\"noopener noreferrer\"><span style=\"font-weight: 400;\">C\u00e9sar Maia<\/span><\/a><span style=\"font-weight: 400;\">, o programa foi desenhado pelo arquiteto <\/span><a href=\"http:\/\/bit.ly\/31knncl\" target=\"_blank\" rel=\"noopener noreferrer\"><span style=\"font-weight: 400;\">Luiz Paulo Conde<\/span><\/a><span style=\"font-weight: 400;\">, que, na \u00e9poca, assumiu a Secret\u00e1ria Municipal de Urbanismo do Rio de Janeiro, antes de ser eleito prefeito nas elei\u00e7\u00f5es de 1996 com o apoio de Maia, que nessa \u00e9poca aspirava o cargo de governador do estado.<\/span><\/p>\n<p><span style=\"font-weight: 400;\">O programa continuou durante o segundo mandato de Maia como prefeito (2001-2005) e foi diminu\u00eddo durante seu terceiro mandato (2006-2010) quando, em seu lugar, o programa <\/span><a href=\"http:\/\/bit.ly\/2IzcStl\" target=\"_blank\" rel=\"noopener noreferrer\"><span style=\"font-weight: 400;\">Morar Carioca<\/span><\/a> <span style=\"font-weight: 400;\">foi desenhado, tendo como base as li\u00e7\u00f5es de seu antecessor. Morar Carioca foi, ent\u00e3o, declarado como uma pol\u00edtica pelo ex-prefeito <\/span><a href=\"http:\/\/bit.ly\/2XByjQA\" target=\"_blank\" rel=\"noopener noreferrer\"><span style=\"font-weight: 400;\">Eduardo Paes<\/span><\/a><span style=\"font-weight: 400;\"> em 2010, embora sua administra\u00e7\u00e3o <\/span><a href=\"http:\/\/bit.ly\/2K4PVRV\" target=\"_blank\" rel=\"noopener noreferrer\"><span style=\"font-weight: 400;\">tenha feito pouco atrav\u00e9s dele<\/span><\/a><span style=\"font-weight: 400;\">. Mais recentemente, o atual prefeito do Rio de Janeiro, <\/span><a href=\"http:\/\/bit.ly\/2K5o9oo\" target=\"_blank\" rel=\"noopener noreferrer\"><span style=\"font-weight: 400;\">Marcelo Crivella<\/span><\/a><span style=\"font-weight: 400;\">, anunciou a<\/span> <a href=\"http:\/\/bit.ly\/2Zawzya\" target=\"_blank\" rel=\"noopener noreferrer\"><span style=\"font-weight: 400;\">retomada do Favela-Bairro<\/span><\/a> <span style=\"font-weight: 400;\">ap\u00f3s sua elei\u00e7\u00e3o, em 2017. De acordo com o governo municipal, a terceira fase do Favela-Bairro beneficiar\u00e1<\/span> <a href=\"http:\/\/bit.ly\/2MaWyUt\" target=\"_blank\" rel=\"noopener noreferrer\"><span style=\"font-weight: 400;\">90.000 pessoas em 23 comunidades<\/span><\/a><span style=\"font-weight: 400;\">.<\/span><\/p>\n<p><a href=\"https:\/\/rioonwatch.org.br\/wp-content\/uploads\/2019\/06\/favela-bairro-engnovo.jpg\"><img fetchpriority=\"high\" decoding=\"async\" class=\"aligncenter wp-image-41141 size-medium\" title=\"\u00c0 esquerda: obras p\u00fablicas realizadas entre 2002 e 2004 na favela Dois de Maio, na Zona Norte do Rio. Foto: Associa\u00e7\u00e3o dos Moradores de Dois de Maio. \u00c0 direita: inunda\u00e7\u00f5es de esgoto devido \u00e0 falta de manuten\u00e7\u00e3o. Foto: Andressa Cabral\" src=\"https:\/\/rioonwatch.org.br\/wp-content\/uploads\/2019\/06\/favela-bairro-engnovo-620x264.jpg\" alt=\"\" width=\"620\" height=\"264\" \/><\/a><\/p>\n<p><span style=\"font-weight: 400;\">Em suas <\/span><a href=\"http:\/\/bit.ly\/2ZdZktN\" target=\"_blank\" rel=\"noopener noreferrer\"><span style=\"font-weight: 400;\">duas primeiras fases<\/span><\/a> <span style=\"font-weight: 400;\">(1994-2000 e 2000-2008), o programa Favela-Bairro foi conhecido por trazer servi\u00e7os de infraestrutura a um in\u00e9dito n\u00famero de comunidades, entre tentativas mundiais de melhorar os assentamentos informais, com mais de 130 favelas e loteamentos irregulares sendo alvo do programa. Ele foi visto pelas institui\u00e7\u00f5es internacionais, como o<\/span> <a href=\"http:\/\/bit.ly\/2IgOnRp\" target=\"_blank\" rel=\"noopener noreferrer\"><span style=\"font-weight: 400;\">Banco Mundial, como um l\u00edder global nessa \u00e1rea<\/span><\/a><span style=\"font-weight: 400;\">.\u00a0<\/span>Dito isto, localmente havia um sentimento generalizado de que, <a href=\"http:\/\/bit.ly\/2WRcjnS\" target=\"_blank\" rel=\"noopener noreferrer\">muitas vezes, ocorreu m\u00e1 implementa\u00e7\u00e3o<\/a>, quer devido a materiais de constru\u00e7\u00e3o de baixa qualidade, a planejamento que n\u00e3o responde \u00e0 comunidade (que \u00e9 corol\u00e1rio da <a href=\"http:\/\/bit.ly\/2IqNoOI\" target=\"_blank\" rel=\"noopener noreferrer\"><span style=\"font-weight: 400;\">participa\u00e7\u00e3o tokenista<\/span><\/a> comum para o projeto), ou a subestima\u00e7\u00e3o do n\u00famero de pessoas que necessitavam de servi\u00e7os (levando \u00e0 presta\u00e7\u00e3o de servi\u00e7os cronicamente insuficiente, por exemplo).<\/p>\n<p><span style=\"font-weight: 400;\">Entre 6 e 8 de maio de 2019, mais de uma d\u00e9cada depois do programa acabar e 25 anos depois do in\u00edcio do Favela-Bairro, arquitetos e urbanistas de todo o Rio de Janeiro se reuniram no <\/span><a href=\"http:\/\/bit.ly\/2H8hR4L\" target=\"_blank\" rel=\"noopener noreferrer\"><span style=\"font-weight: 400;\">Instituto de Arquitetos do Brasil<\/span><\/a> <span style=\"font-weight: 400;\">(IAB\/RJ) para reavaliar as realiza\u00e7\u00f5es e falhas do programa. Respons\u00e1vel pelo lan\u00e7amento da chamada p\u00fablica de propostas e sele\u00e7\u00e3o da metodologia vencedora, que guiaria as interven\u00e7\u00f5es do programa, o IAB foi fundamental para a realiza\u00e7\u00e3o do programa, o que tornou sua sede o local ideal para refletir sobre o seu legado.<\/span><\/p>\n<p><span style=\"font-weight: 400;\">Durante os primeiros dois dias de semin\u00e1rio, o debate foi centralizado na insuficiente e baixa qualidade da participa\u00e7\u00e3o e da transpar\u00eancia que permearam a formula\u00e7\u00e3o do programa e sele\u00e7\u00e3o de projetos (em termos de localiza\u00e7\u00e3o e natureza das interven\u00e7\u00f5es), e em torno do desalinhamento das pol\u00edticas habitacionais urbanas, que deste modo contribuem para a reprodu\u00e7\u00e3o de um modelo excludente de cidade que faz da <a href=\"http:\/\/bit.ly\/31k18U3\" target=\"_blank\" rel=\"noopener noreferrer\">informalidade a \u00fanica escolha para uma parcela significativa da popula\u00e7\u00e3o<\/a>. <\/span><span style=\"font-weight: 400;\">Os debatedores tamb\u00e9m abordaram os obst\u00e1culos ao sucesso dos projetos de infraestrutura prometidos pelo Favela-Bairro, tais como a falta de financiamento seguro para o programa.<\/span><\/p>\n<p><span style=\"font-weight: 400;\">Al\u00e9m de refletir sobre quest\u00f5es financeiras e sobre a m\u00e1 gest\u00e3o que levaram ao fim do programa Favela-Bairro, que envolveu governos municipal e estadual, os participantes levantaram quest\u00f5es de fundo no programa decorrente das <\/span><a href=\"http:\/\/bit.ly\/2XvC2zf\" target=\"_blank\" rel=\"noopener noreferrer\"><span style=\"font-weight: 400;\">percep\u00e7\u00f5es estigmatizadas das favelas e seus moradores<\/span><\/a><span style=\"font-weight: 400;\">. Durante a sess\u00e3o intitulada \u201cFavela-Bairro na Vis\u00e3o dos L\u00edderes Comunit\u00e1rios\u201d\u2014destacando a participa\u00e7\u00e3o de <a href=\"https:\/\/glo.bo\/2fPOFEd\" target=\"_blank\" rel=\"noopener noreferrer\">Jailson de Souza e Silva<\/a><\/span><span style=\"font-weight: 400;\">, fundador<\/span><span style=\"font-weight: 400;\"> do <\/span><a href=\"http:\/\/bit.ly\/2K5GMsr\" target=\"_blank\" rel=\"noopener noreferrer\"><span style=\"font-weight: 400;\">Observat\u00f3rio de Favelas<\/span><\/a><span style=\"font-weight: 400;\">, origin\u00e1rio do <\/span><a href=\"http:\/\/bit.ly\/2K1s59x\" target=\"_blank\" rel=\"noopener noreferrer\"><span style=\"font-weight: 400;\">Complexo da Mar\u00e9<\/span><\/a><span style=\"font-weight: 400;\">; <\/span><span style=\"font-weight: 400;\">Itamar Silva, coordenador do <\/span><a href=\"http:\/\/bit.ly\/2XuB5Y3\"><span style=\"font-weight: 400;\">Instituto Brasileiro de An\u00e1lises Sociais e Econ\u00f4micas<\/span><\/a><span style=\"font-weight: 400;\"> (IBASE), do <\/span><a href=\"http:\/\/bit.ly\/2Zjer5w\" target=\"_blank\" rel=\"noopener noreferrer\"><span style=\"font-weight: 400;\">Santa Marta<\/span><\/a><span style=\"font-weight: 400;\">; e Roberto Lucena, membro do grupo ativista comunit\u00e1rio <\/span><a href=\"http:\/\/bit.ly\/2WwOK4v\" target=\"_blank\" rel=\"noopener noreferrer\"><span style=\"font-weight: 400;\">Rocinha Sem Fronteiras<\/span><\/a><span style=\"font-weight: 400;\">, da Rocinha\u2014os palestrantes discutiram como a sociedade como um todo ignora o <\/span><a href=\"http:\/\/bit.ly\/2K5KW3l\" target=\"_blank\" rel=\"noopener noreferrer\"><span style=\"font-weight: 400;\">potencial das favelas<\/span><\/a><span style=\"font-weight: 400;\"> enquanto, ao mesmo tempo, espera que seus moradores exijam seus direitos de forma mais incisiva do que aqueles que n\u00e3o vivem em favelas.<\/span><\/p>\n<p><span style=\"font-weight: 400;\">O terceiro dia de semin\u00e1rio foi aberto por Pedro da Luz, presidente do IAB do Rio, que apresentou uma vis\u00e3o geral do programa do dia. Primeiro, acad\u00eamicos de universidades do Rio refletiram sobre o programa Favela-Bairro, seguido de um di\u00e1logo com a participa\u00e7\u00e3o da plat\u00e9ia. O segundo segmento consistiu de uma vis\u00e3o geral das pol\u00edticas p\u00fablicas atuais relacionadas ao desenvolvimento, integra\u00e7\u00e3o e urbaniza\u00e7\u00e3o das favelas, conduzida por membros do <\/span><a href=\"http:\/\/bit.ly\/2Gm09dw\" target=\"_blank\" rel=\"noopener noreferrer\"><span style=\"font-weight: 400;\">Conselho de Arquitetura e Urbanismo do Rio de Janeiro <\/span><\/a><span style=\"font-weight: 400;\">(CAU\/RJ). Finalmente, representantes do IAB e CAU e pol\u00edticos locais ofereceram considera\u00e7\u00f5es e reflex\u00f5es finais.<\/span><\/p>\n<p><a href=\"https:\/\/rioonwatch.org.br\/wp-content\/uploads\/2019\/06\/25-favela-bairro.jpg\"><img decoding=\"async\" class=\"aligncenter wp-image-41149 size-content\" title=\"Primeiro grupo de palestrantes, da esquerda para a direita: Ronaldo Brilhante, Maria Alice Rezende, Marcelo Burgos, Francine Helfreich e Adauto Lucio Cardoso\" src=\"https:\/\/rioonwatch.org.br\/wp-content\/uploads\/2019\/06\/25-favela-bairro-620x264.jpg\" alt=\"\" width=\"620\" height=\"264\" srcset=\"https:\/\/rioonwatch.org.br\/wp-content\/uploads\/2019\/06\/25-favela-bairro-620x264.jpg 620w, https:\/\/rioonwatch.org.br\/wp-content\/uploads\/2019\/06\/25-favela-bairro-940x400.jpg 940w\" sizes=\"(max-width: 620px) 100vw, 620px\" \/><\/a><\/p>\n<p><span style=\"font-weight: 400;\">O professor Marcelo Baumann Burgos, da PUC-Rio<\/span>\u00a0<a href=\"http:\/\/bit.ly\/2nykUtN\" target=\"_blank\" rel=\"noopener noreferrer\"><span style=\"font-weight: 400;\">explicou<\/span><\/a> <span style=\"font-weight: 400;\">que apenas na d\u00e9cada de 1990, considerada a \u201cd\u00e9cada das cidades\u201d, que as cidades se tornaram assunto de pesquisa e debate como espa\u00e7os multifacetados e democr\u00e1ticos\u2014n\u00e3o apenas um campo para interven\u00e7\u00e3o governamental, mas para interven\u00e7\u00e3o social tamb\u00e9m. Esses debates n\u00e3o se limitaram a organiza\u00e7\u00f5es da sociedade civil; eles tamb\u00e9m floresceram dentro das universidades, que cada vez mais produziam pesquisas a servi\u00e7o do interesse p\u00fablico.<\/span><\/p>\n<p><span style=\"font-weight: 400;\">Ent\u00e3o, Marcelo e Maria Alice Rezende, tamb\u00e9m professora da PUC, questionaram o <\/span><a href=\"http:\/\/bit.ly\/2nykUtN\" target=\"_blank\" rel=\"noopener noreferrer\"><span style=\"font-weight: 400;\">papel da pesquisa e dos pesquisadores acad\u00eamicos nas favelas<\/span><\/a><span style=\"font-weight: 400;\">. Eles notaram que todos os profissionais que trabalham nas favelas e conduzem pesquisa nessas comunidades deveriam ser equipados com uma educa\u00e7\u00e3o interdisciplinar que inclui treinamento de servi\u00e7o social, de forma a ver as favelas n\u00e3o apenas em termos de necessidade e assist\u00eancia, mas tamb\u00e9m em termos da for\u00e7a e da desenvoltura daqueles que vivem l\u00e1.<\/span><\/p>\n<p><span style=\"font-weight: 400;\">Marcelo discutiu a &#8220;nova marca&#8221; do Favela-Bairro como <\/span><a href=\"http:\/\/bit.ly\/2WyKEsl\" target=\"_blank\" rel=\"noopener noreferrer\"><span style=\"font-weight: 400;\">Morar Carioca<\/span><\/a><span style=\"font-weight: 400;\">, que foi implementado em conjunto com o programa das <\/span><span style=\"font-weight: 400;\">Unidades de Pol\u00edcia Pacificadora<\/span><span style=\"font-weight: 400;\"> (UPPs), explicando que esses programas <a href=\"https:\/\/comcat.org\/dcba\/\" target=\"_blank\" rel=\"noopener noreferrer\">n\u00e3o tiveram sucesso porque eles trataram as favelas como problemas<\/a>\u2014enquanto\u00a0que o Favela-Bairro sinalizou uma poss\u00edvel mudan\u00e7a na abordagem do governo em rela\u00e7\u00e3o \u00e0s favelas, que anteriormente haviam sido consideradas \u201c<\/span><a href=\"http:\/\/bit.ly\/2wF7rDI\" target=\"_blank\" rel=\"noopener noreferrer\"><span style=\"font-weight: 400;\">aberra\u00e7\u00f5es<\/span><\/a><span style=\"font-weight: 400;\">\u201d. Maria Alice, ent\u00e3o, forneceu uma vis\u00e3o geral das<\/span> <a href=\"http:\/\/bit.ly\/2ZdZktN\" target=\"_blank\" rel=\"noopener noreferrer\"><span style=\"font-weight: 400;\">pol\u00edticas do Rio no final do s\u00e9culo XX, que levaram ao desenvolvimento do programa Favela-Bairro<\/span><\/a><span style=\"font-weight: 400;\">. De acordo com Maria Alice, muitos debates que eventualmente deram origem ao Favela-Bairro se concentraram em diminuir as<\/span> <a href=\"https:\/\/bbc.in\/2EpC6t1\" target=\"_blank\" rel=\"noopener noreferrer\"><span style=\"font-weight: 400;\">marcas vis\u00edveis e invis\u00edveis que a ditadura militar brasileira deixou na paisagem urbana do Rio de Janeiro,<\/span><\/a><span style=\"font-weight: 400;\"> que incluiu esfor\u00e7os para integrar fisicamente e socialmente as favelas da cidade. Esse programa foi guiado pela no\u00e7\u00e3o de que \u201c[os moradores da favela] merecem uma cidade, n\u00e3o apenas uma habita\u00e7\u00e3o\u201d, de acordo com Maria Alice. Ela destacou como os l\u00edderes acad\u00eamicos e pol\u00edticos daquele tempo, provavelmente pela primeira vez na <\/span><a href=\"http:\/\/bit.ly\/2ZdZktN\" target=\"_blank\" rel=\"noopener noreferrer\"><span style=\"font-weight: 400;\">hist\u00f3ria de urbaniza\u00e7\u00f5es de favelas do Rio<\/span><\/a><span style=\"font-weight: 400;\">, <\/span><span style=\"font-weight: 400;\">tentaram incluir contribui\u00e7\u00f5es significativas vindas dos moradores. Debates p\u00fablicos e as perspectivas dos moradores que foram ouvidos nesses f\u00f3runs foram centrais para a cria\u00e7\u00e3o do Favela-Bairro.<\/span><\/p>\n<p><a href=\"https:\/\/rioonwatch.org.br\/wp-content\/uploads\/2019\/06\/semin\u00e1rio-favela-bairro.jpg\"><img loading=\"lazy\" decoding=\"async\" class=\"aligncenter wp-image-41151 size-content\" title=\"25 do Favela-Bairro\" src=\"https:\/\/rioonwatch.org.br\/wp-content\/uploads\/2019\/06\/semin\u00e1rio-favela-bairro-620x264.jpg\" alt=\"\" width=\"620\" height=\"264\" srcset=\"https:\/\/rioonwatch.org.br\/wp-content\/uploads\/2019\/06\/semin\u00e1rio-favela-bairro-620x264.jpg 620w, https:\/\/rioonwatch.org.br\/wp-content\/uploads\/2019\/06\/semin\u00e1rio-favela-bairro-940x400.jpg 940w\" sizes=\"(max-width: 620px) 100vw, 620px\" \/><\/a><\/p>\n<p><span style=\"font-weight: 400;\">Adauto Lucio Cardoso da UFRJ, Francine Helfreich e Ronaldo de Moraes Brilhante da UFF discutiram as conquistas do Favela-Bairro e os problemas sofridos pelo programa. O programa Morar Carioca e o <\/span><a href=\"http:\/\/bit.ly\/2XBxR50\" target=\"_blank\" rel=\"noopener noreferrer\"><span style=\"font-weight: 400;\">atual estado do desenvolvimento urbano no n\u00edvel municipal e estadual nas favelas<\/span><\/a><span style=\"font-weight: 400;\"> tamb\u00e9m foram discutidos. Adauto comentou a falta de continuidade t\u00edpica de muitos programas de bem-estar social no Rio e no Brasil como um todo, resultando na inabilidade de se fazer mudan\u00e7as reais. \u201cAtualmente\u201d, ele declara, \u201ca cidade n\u00e3o tem nenhum programa [de desenvolvimento de favela]\u201d, apesar da afirma\u00e7\u00e3o municipal de que o Favela-Bairro ser\u00e1 reativado. Adauto falou sobre quantos outros prefeitos de outras grandes cidades brasileiras investiram em programas de urbaniza\u00e7\u00e3o de favelas no final do s\u00e9culo XX, mas com resultados diversos, em grande parte gra\u00e7as a essa quest\u00e3o de continuidade. Francine, que desenvolveu uma extensiva pesquisa na \u00e1rea de ci\u00eancias sociais sobre as favelas da Mar\u00e9, falou que ela n\u00e3o poderia subestimar os benef\u00edcios da pesquisa\u2014n\u00e3o apenas para as comunidades envolvidas, mas para os pesquisadores tamb\u00e9m. Ela afirmou que \u201c[nossa sociedade] tem um <\/span><a href=\"http:\/\/bit.ly\/2WzPtBS\" target=\"_blank\" rel=\"noopener noreferrer\"><span style=\"font-weight: 400;\">medo despropositado do que \u00e9 pobre<\/span><\/a><span style=\"font-weight: 400;\">\u201d, que \u201cimpede que os l\u00edderes de todos os lados do espectro acad\u00eamico tratem as favelas com respeito. Atrav\u00e9s da realiza\u00e7\u00e3o de pesquisas em comunidades como a Mar\u00e9, esses medos irracionais podem ser eliminados\u201d. Ronaldo fechou o debate resumindo os pontos apresentados anteriormente pelos demais palestrantes. Ele enfatizou a import\u00e2ncia do Favela-Bairro n\u00e3o apenas como um programa de urbaniza\u00e7\u00e3o de favelas, mas tamb\u00e9m como um empreendimento para integrar melhor a sociedade, cuja complexidade vai al\u00e9m de meras interven\u00e7\u00f5es espaciais.<\/span><\/p>\n<p><a href=\"https:\/\/rioonwatch.org.br\/wp-content\/uploads\/2019\/06\/debate-favela-bairro.jpg\"><img loading=\"lazy\" decoding=\"async\" class=\"aligncenter wp-image-41155 size-content\" title=\"Segundo grupo de palestrantes da esquerda: Ger\u00f4nimo Leit\u00e3o, Fl\u00e1vio Serafini, Pedro da Luz e Tarc\u00edsio Motta\" src=\"https:\/\/rioonwatch.org.br\/wp-content\/uploads\/2019\/06\/debate-favela-bairro-620x264.jpg\" alt=\"\" width=\"620\" height=\"264\" srcset=\"https:\/\/rioonwatch.org.br\/wp-content\/uploads\/2019\/06\/debate-favela-bairro-620x264.jpg 620w, https:\/\/rioonwatch.org.br\/wp-content\/uploads\/2019\/06\/debate-favela-bairro-940x400.jpg 940w\" sizes=\"(max-width: 620px) 100vw, 620px\" \/><\/a><\/p>\n<p><span style=\"font-weight: 400;\">Finalmente, na \u00faltima sess\u00e3o, o deputado<\/span><span style=\"font-weight: 400;\"> <a href=\"http:\/\/bit.ly\/2Wza5tM\" target=\"_blank\" rel=\"noopener noreferrer\">Fl\u00e1vio Serafini<\/a> <\/span><span style=\"font-weight: 400;\">e o vereador <\/span><a href=\"http:\/\/bit.ly\/2MBWkpW\" target=\"_blank\" rel=\"noopener noreferrer\"><span style=\"font-weight: 400;\">Tarc\u00edsio Motta<\/span><\/a><span style=\"font-weight: 400;\"> falaram sobre suas preocupa\u00e7\u00f5es com a situa\u00e7\u00e3o pol\u00edtica atual na cidade e no estado do Rio de Janeiro\u2014especialmente em rela\u00e7\u00e3o a seguran\u00e7a, bem-estar e desenvolvimento das favelas. Eles discutiram como falhas no planejamento <\/span><a href=\"http:\/\/bit.ly\/2KBbE3k\" target=\"_blank\" rel=\"noopener noreferrer\"><span style=\"font-weight: 400;\">levaram a um maior n\u00famero de mortes como resultado das chuvas fortes no Rio<\/span><\/a> <span style=\"font-weight: 400;\">e como projetos sociais paralisados e<\/span><span style=\"font-weight: 400;\">\u00a0<\/span><a href=\"http:\/\/bit.ly\/2wK9Aht\" target=\"_blank\" rel=\"noopener noreferrer\"><span style=\"font-weight: 400;\">cortes no or\u00e7amento<\/span><\/a> <span style=\"font-weight: 400;\">entre v\u00e1rios setores prejudicaram mais as comunidades de baixa renda do Rio. Eles encerraram escrevendo uma carta endere\u00e7ada ao Prefeito Crivella e ao Governador <\/span><a href=\"http:\/\/bit.ly\/31lgnw3\" target=\"_blank\" rel=\"noopener noreferrer\"><span style=\"font-weight: 400;\">Wilson Witzel<\/span><\/a><span style=\"font-weight: 400;\"> pedindo que retomem os <a href=\"http:\/\/bit.ly\/2wO9dCg\" target=\"_blank\" rel=\"noopener noreferrer\">projetos de planejamento parados que s\u00e3o cruciais<\/a> para o tecido urbano do Rio como um todo, mas especialmente para as favelas da cidade.<\/span><\/p>\n<!-- AddThis Advanced Settings generic via filter on the_content --><!-- AddThis Share Buttons generic via filter on the_content -->","protected":false},"excerpt":{"rendered":"<div class=\"mh-excerpt\"><p>Click Here for English Favela-Bairro foi um programa ambicioso estabelecido em 1994 com o objetivo de urbanizar as favelas levando-as ao status de bairros formais por meio de interven\u00e7\u00f5es de infraestrutura, servi\u00e7os p\u00fablicos, instala\u00e7\u00f5es p\u00fablicas <a class=\"mh-excerpt-more\" href=\"https:\/\/rioonwatch.org.br\/?p=41128\" title=\"25 Anos Depois, Semin\u00e1rio Celebra o Programa de Urbaniza\u00e7\u00e3o Favela-Bairro\">[&#8230;]<\/a><!-- AddThis Advanced Settings generic via filter on get_the_excerpt --><!-- AddThis Share Buttons generic via filter on get_the_excerpt --><\/p>\n<\/div>","protected":false},"author":129,"featured_media":41131,"comment_status":"closed","ping_status":"closed","sticky":false,"template":"","format":"standard","meta":{"_acf_changed":false,"_monsterinsights_skip_tracking":false,"_monsterinsights_sitenote_active":false,"_monsterinsights_sitenote_note":"","_monsterinsights_sitenote_category":0,"footnotes":""},"categories":[1621,1627,344,1616,342],"tags":[386,1050,622,1917,424,484,271,2396,705,490,1103,324,976,624,1982,1037,270,663,2400,838,1545,2072,2650,2336,2153,2193,92,493,2560],"writer":[2609,1994,2651],"translator":[2610],"source":[],"ilustrador":[],"fotografo":[],"class_list":{"0":"post-41128","1":"post","2":"type-post","3":"status-publish","4":"format-standard","5":"has-post-thumbnail","7":"category-destaque","8":"category-relato-de-evento","9":"category-politicas","10":"category-qualidades-da-favela","11":"category-solucoes","12":"tag-estigma","13":"tag-arquitetura","14":"tag-cesar-maia","15":"tag-comunidade-x-academia","16":"tag-direito-a-moradia","17":"tag-prefeito-eduardo-paes","18":"tag-favela-bairro","19":"tag-flavio-serafini","20":"tag-iab","21":"tag-ibase","22":"tag-informalidade","23":"tag-infraestrutura","24":"tag-integracao","25":"tag-luiz-paulo-conde","26":"tag-marcelo-crivella","27":"tag-moradia","28":"tag-morar-carioca","29":"tag-observatorio-de-favelas","30":"tag-planejamento-participativo","31":"tag-politica-publica","32":"tag-puc","33":"tag-qualidades-da-informalidade","34":"tag-rocinha-sem-fronteiras","35":"tag-vereador-tarcisio-motta-psol","36":"tag-uff","37":"tag-ufrj","38":"tag-upp","39":"tag-urbanizacao","40":"tag-wilson-witzel","41":"writer-ben-bildsten","42":"writer-luisa-fenizola","43":"writer-zaynah-karem","44":"translator-lia-matos-viegas"},"acf":[],"yoast_head":"<!-- This site is optimized with the Yoast SEO plugin v25.6 - https:\/\/yoast.com\/wordpress\/plugins\/seo\/ -->\n<title>25 Anos Depois, Semin\u00e1rio Celebra o Programa de Urbaniza\u00e7\u00e3o Favela-Bairro - RioOnWatch<\/title>\n<meta name=\"robots\" content=\"index, follow, max-snippet:-1, max-image-preview:large, max-video-preview:-1\" \/>\n<link rel=\"canonical\" href=\"https:\/\/rioonwatch.org.br\/?p=41128\" \/>\n<meta property=\"og:locale\" content=\"pt_BR\" \/>\n<meta property=\"og:type\" content=\"article\" \/>\n<meta property=\"og:title\" content=\"25 Anos Depois, Semin\u00e1rio Celebra o Programa de Urbaniza\u00e7\u00e3o Favela-Bairro - RioOnWatch\" \/>\n<meta property=\"og:description\" content=\"Click Here for English Favela-Bairro foi um programa ambicioso estabelecido em 1994 com o objetivo de urbanizar as favelas levando-as ao status de bairros formais por meio de interven\u00e7\u00f5es de infraestrutura, servi\u00e7os p\u00fablicos, instala\u00e7\u00f5es p\u00fablicas [...]\" \/>\n<meta property=\"og:url\" content=\"https:\/\/rioonwatch.org.br\/?p=41128\" \/>\n<meta property=\"og:site_name\" content=\"RioOnWatch\" \/>\n<meta property=\"article:published_time\" content=\"2019-06-11T13:45:49+00:00\" \/>\n<meta property=\"article:modified_time\" content=\"2024-06-20T19:16:55+00:00\" \/>\n<meta property=\"og:image\" content=\"https:\/\/rioonwatch.org.br\/wp-content\/uploads\/2019\/06\/favela-bairro.png\" \/>\n\t<meta property=\"og:image:width\" content=\"979\" \/>\n\t<meta property=\"og:image:height\" content=\"505\" \/>\n\t<meta property=\"og:image:type\" content=\"image\/png\" \/>\n<meta name=\"author\" content=\"Admin\" \/>\n<meta name=\"twitter:card\" content=\"summary_large_image\" \/>\n<meta name=\"twitter:label1\" content=\"Escrito por\" \/>\n\t<meta name=\"twitter:data1\" content=\"Admin\" \/>\n\t<meta name=\"twitter:label2\" content=\"Est. tempo de leitura\" \/>\n\t<meta name=\"twitter:data2\" content=\"8 minutos\" \/>\n<script type=\"application\/ld+json\" class=\"yoast-schema-graph\">{\"@context\":\"https:\/\/schema.org\",\"@graph\":[{\"@type\":\"Article\",\"@id\":\"https:\/\/rioonwatch.org.br\/?p=41128#article\",\"isPartOf\":{\"@id\":\"https:\/\/rioonwatch.org.br\/?p=41128\"},\"author\":{\"name\":\"Admin\",\"@id\":\"https:\/\/rioonwatch.org.br\/#\/schema\/person\/11d64c290506f9df50c71b850c473f68\"},\"headline\":\"25 Anos Depois, Semin\u00e1rio Celebra o Programa de Urbaniza\u00e7\u00e3o Favela-Bairro\",\"datePublished\":\"2019-06-11T13:45:49+00:00\",\"dateModified\":\"2024-06-20T19:16:55+00:00\",\"mainEntityOfPage\":{\"@id\":\"https:\/\/rioonwatch.org.br\/?p=41128\"},\"wordCount\":1631,\"publisher\":{\"@id\":\"https:\/\/rioonwatch.org.br\/#organization\"},\"image\":{\"@id\":\"https:\/\/rioonwatch.org.br\/?p=41128#primaryimage\"},\"thumbnailUrl\":\"https:\/\/rioonwatch.org.br\/wp-content\/uploads\/2019\/06\/favela-bairro.png\",\"keywords\":[\"#StopFavelaStigma\",\"arquitetura\",\"C\u00e9sar Maia\",\"comunidade x academia\",\"Direito \u00e0 Moradia\",\"Eduardo Paes\",\"Favela-Bairro\",\"Fl\u00e1vio Serafini\",\"IAB\",\"iBase\",\"informalidade\",\"infraestrutura\",\"integra\u00e7\u00e3o\",\"Luiz Paulo Conde\",\"Marcelo Crivella\",\"moradia\",\"Morar Carioca\",\"Observat\u00f3rio de Favelas\",\"planejamento participativo\",\"pol\u00edtica p\u00fablica\",\"PUC\",\"qualidades da informalidade\",\"Rocinha Sem Fronteiras\",\"Tarc\u00edsio Motta (PSOL)\",\"UFF\",\"UFRJ\",\"UPP\",\"urbaniza\u00e7\u00e3o\",\"Wilson Witzel\"],\"articleSection\":[\"*Destaque\",\"Cobertura de Eventos\",\"Pol\u00edticas\",\"Qualidades da Favela\",\"Solu\u00e7\u00f5es\"],\"inLanguage\":\"pt-BR\"},{\"@type\":\"WebPage\",\"@id\":\"https:\/\/rioonwatch.org.br\/?p=41128\",\"url\":\"https:\/\/rioonwatch.org.br\/?p=41128\",\"name\":\"25 Anos Depois, Semin\u00e1rio Celebra o Programa de Urbaniza\u00e7\u00e3o Favela-Bairro - RioOnWatch\",\"isPartOf\":{\"@id\":\"https:\/\/rioonwatch.org.br\/#website\"},\"primaryImageOfPage\":{\"@id\":\"https:\/\/rioonwatch.org.br\/?p=41128#primaryimage\"},\"image\":{\"@id\":\"https:\/\/rioonwatch.org.br\/?p=41128#primaryimage\"},\"thumbnailUrl\":\"https:\/\/rioonwatch.org.br\/wp-content\/uploads\/2019\/06\/favela-bairro.png\",\"datePublished\":\"2019-06-11T13:45:49+00:00\",\"dateModified\":\"2024-06-20T19:16:55+00:00\",\"breadcrumb\":{\"@id\":\"https:\/\/rioonwatch.org.br\/?p=41128#breadcrumb\"},\"inLanguage\":\"pt-BR\",\"potentialAction\":[{\"@type\":\"ReadAction\",\"target\":[\"https:\/\/rioonwatch.org.br\/?p=41128\"]}]},{\"@type\":\"ImageObject\",\"inLanguage\":\"pt-BR\",\"@id\":\"https:\/\/rioonwatch.org.br\/?p=41128#primaryimage\",\"url\":\"https:\/\/rioonwatch.org.br\/wp-content\/uploads\/2019\/06\/favela-bairro.png\",\"contentUrl\":\"https:\/\/rioonwatch.org.br\/wp-content\/uploads\/2019\/06\/favela-bairro.png\",\"width\":979,\"height\":505},{\"@type\":\"BreadcrumbList\",\"@id\":\"https:\/\/rioonwatch.org.br\/?p=41128#breadcrumb\",\"itemListElement\":[{\"@type\":\"ListItem\",\"position\":1,\"name\":\"In\u00edcio\",\"item\":\"https:\/\/rioonwatch.org.br\/\"},{\"@type\":\"ListItem\",\"position\":2,\"name\":\"25 Anos Depois, Semin\u00e1rio Celebra o Programa de Urbaniza\u00e7\u00e3o Favela-Bairro\"}]},{\"@type\":\"WebSite\",\"@id\":\"https:\/\/rioonwatch.org.br\/#website\",\"url\":\"https:\/\/rioonwatch.org.br\/\",\"name\":\"RioOnWatch\",\"description\":\"relatos das favelas cariocas\",\"publisher\":{\"@id\":\"https:\/\/rioonwatch.org.br\/#organization\"},\"potentialAction\":[{\"@type\":\"SearchAction\",\"target\":{\"@type\":\"EntryPoint\",\"urlTemplate\":\"https:\/\/rioonwatch.org.br\/?s={search_term_string}\"},\"query-input\":{\"@type\":\"PropertyValueSpecification\",\"valueRequired\":true,\"valueName\":\"search_term_string\"}}],\"inLanguage\":\"pt-BR\"},{\"@type\":\"Organization\",\"@id\":\"https:\/\/rioonwatch.org.br\/#organization\",\"name\":\"RioOnWatch\",\"url\":\"https:\/\/rioonwatch.org.br\/\",\"logo\":{\"@type\":\"ImageObject\",\"inLanguage\":\"pt-BR\",\"@id\":\"https:\/\/rioonwatch.org.br\/#\/schema\/logo\/image\/\",\"url\":\"https:\/\/rioonwatch.org.br\/wp-content\/uploads\/2021\/06\/RioOnWatchcabecalhoPT11anos-2.png\",\"contentUrl\":\"https:\/\/rioonwatch.org.br\/wp-content\/uploads\/2021\/06\/RioOnWatchcabecalhoPT11anos-2.png\",\"width\":779,\"height\":277,\"caption\":\"RioOnWatch\"},\"image\":{\"@id\":\"https:\/\/rioonwatch.org.br\/#\/schema\/logo\/image\/\"}},{\"@type\":\"Person\",\"@id\":\"https:\/\/rioonwatch.org.br\/#\/schema\/person\/11d64c290506f9df50c71b850c473f68\",\"name\":\"Admin\",\"image\":{\"@type\":\"ImageObject\",\"inLanguage\":\"pt-BR\",\"@id\":\"https:\/\/rioonwatch.org.br\/#\/schema\/person\/image\/\",\"url\":\"https:\/\/secure.gravatar.com\/avatar\/56211ac74568383903349a1485e3c325?s=96&d=blank&r=g\",\"contentUrl\":\"https:\/\/secure.gravatar.com\/avatar\/56211ac74568383903349a1485e3c325?s=96&d=blank&r=g\",\"caption\":\"Admin\"},\"url\":\"https:\/\/rioonwatch.org.br\/?author=129\"}]}<\/script>\n<!-- \/ Yoast SEO plugin. -->","yoast_head_json":{"title":"25 Anos Depois, Semin\u00e1rio Celebra o Programa de Urbaniza\u00e7\u00e3o Favela-Bairro - RioOnWatch","robots":{"index":"index","follow":"follow","max-snippet":"max-snippet:-1","max-image-preview":"max-image-preview:large","max-video-preview":"max-video-preview:-1"},"canonical":"https:\/\/rioonwatch.org.br\/?p=41128","og_locale":"pt_BR","og_type":"article","og_title":"25 Anos Depois, Semin\u00e1rio Celebra o Programa de Urbaniza\u00e7\u00e3o Favela-Bairro - RioOnWatch","og_description":"Click Here for English Favela-Bairro foi um programa ambicioso estabelecido em 1994 com o objetivo de urbanizar as favelas levando-as ao status de bairros formais por meio de interven\u00e7\u00f5es de infraestrutura, servi\u00e7os p\u00fablicos, instala\u00e7\u00f5es p\u00fablicas [...]","og_url":"https:\/\/rioonwatch.org.br\/?p=41128","og_site_name":"RioOnWatch","article_published_time":"2019-06-11T13:45:49+00:00","article_modified_time":"2024-06-20T19:16:55+00:00","og_image":[{"width":979,"height":505,"url":"https:\/\/rioonwatch.org.br\/wp-content\/uploads\/2019\/06\/favela-bairro.png","type":"image\/png"}],"author":"Admin","twitter_card":"summary_large_image","twitter_misc":{"Escrito por":"Admin","Est. tempo de leitura":"8 minutos"},"schema":{"@context":"https:\/\/schema.org","@graph":[{"@type":"Article","@id":"https:\/\/rioonwatch.org.br\/?p=41128#article","isPartOf":{"@id":"https:\/\/rioonwatch.org.br\/?p=41128"},"author":{"name":"Admin","@id":"https:\/\/rioonwatch.org.br\/#\/schema\/person\/11d64c290506f9df50c71b850c473f68"},"headline":"25 Anos Depois, Semin\u00e1rio Celebra o Programa de Urbaniza\u00e7\u00e3o Favela-Bairro","datePublished":"2019-06-11T13:45:49+00:00","dateModified":"2024-06-20T19:16:55+00:00","mainEntityOfPage":{"@id":"https:\/\/rioonwatch.org.br\/?p=41128"},"wordCount":1631,"publisher":{"@id":"https:\/\/rioonwatch.org.br\/#organization"},"image":{"@id":"https:\/\/rioonwatch.org.br\/?p=41128#primaryimage"},"thumbnailUrl":"https:\/\/rioonwatch.org.br\/wp-content\/uploads\/2019\/06\/favela-bairro.png","keywords":["#StopFavelaStigma","arquitetura","C\u00e9sar Maia","comunidade x academia","Direito \u00e0 Moradia","Eduardo Paes","Favela-Bairro","Fl\u00e1vio Serafini","IAB","iBase","informalidade","infraestrutura","integra\u00e7\u00e3o","Luiz Paulo Conde","Marcelo Crivella","moradia","Morar Carioca","Observat\u00f3rio de Favelas","planejamento participativo","pol\u00edtica p\u00fablica","PUC","qualidades da informalidade","Rocinha Sem Fronteiras","Tarc\u00edsio Motta (PSOL)","UFF","UFRJ","UPP","urbaniza\u00e7\u00e3o","Wilson Witzel"],"articleSection":["*Destaque","Cobertura de Eventos","Pol\u00edticas","Qualidades da Favela","Solu\u00e7\u00f5es"],"inLanguage":"pt-BR"},{"@type":"WebPage","@id":"https:\/\/rioonwatch.org.br\/?p=41128","url":"https:\/\/rioonwatch.org.br\/?p=41128","name":"25 Anos Depois, Semin\u00e1rio Celebra o Programa de Urbaniza\u00e7\u00e3o Favela-Bairro - RioOnWatch","isPartOf":{"@id":"https:\/\/rioonwatch.org.br\/#website"},"primaryImageOfPage":{"@id":"https:\/\/rioonwatch.org.br\/?p=41128#primaryimage"},"image":{"@id":"https:\/\/rioonwatch.org.br\/?p=41128#primaryimage"},"thumbnailUrl":"https:\/\/rioonwatch.org.br\/wp-content\/uploads\/2019\/06\/favela-bairro.png","datePublished":"2019-06-11T13:45:49+00:00","dateModified":"2024-06-20T19:16:55+00:00","breadcrumb":{"@id":"https:\/\/rioonwatch.org.br\/?p=41128#breadcrumb"},"inLanguage":"pt-BR","potentialAction":[{"@type":"ReadAction","target":["https:\/\/rioonwatch.org.br\/?p=41128"]}]},{"@type":"ImageObject","inLanguage":"pt-BR","@id":"https:\/\/rioonwatch.org.br\/?p=41128#primaryimage","url":"https:\/\/rioonwatch.org.br\/wp-content\/uploads\/2019\/06\/favela-bairro.png","contentUrl":"https:\/\/rioonwatch.org.br\/wp-content\/uploads\/2019\/06\/favela-bairro.png","width":979,"height":505},{"@type":"BreadcrumbList","@id":"https:\/\/rioonwatch.org.br\/?p=41128#breadcrumb","itemListElement":[{"@type":"ListItem","position":1,"name":"In\u00edcio","item":"https:\/\/rioonwatch.org.br\/"},{"@type":"ListItem","position":2,"name":"25 Anos Depois, Semin\u00e1rio Celebra o Programa de Urbaniza\u00e7\u00e3o Favela-Bairro"}]},{"@type":"WebSite","@id":"https:\/\/rioonwatch.org.br\/#website","url":"https:\/\/rioonwatch.org.br\/","name":"RioOnWatch","description":"relatos das favelas cariocas","publisher":{"@id":"https:\/\/rioonwatch.org.br\/#organization"},"potentialAction":[{"@type":"SearchAction","target":{"@type":"EntryPoint","urlTemplate":"https:\/\/rioonwatch.org.br\/?s={search_term_string}"},"query-input":{"@type":"PropertyValueSpecification","valueRequired":true,"valueName":"search_term_string"}}],"inLanguage":"pt-BR"},{"@type":"Organization","@id":"https:\/\/rioonwatch.org.br\/#organization","name":"RioOnWatch","url":"https:\/\/rioonwatch.org.br\/","logo":{"@type":"ImageObject","inLanguage":"pt-BR","@id":"https:\/\/rioonwatch.org.br\/#\/schema\/logo\/image\/","url":"https:\/\/rioonwatch.org.br\/wp-content\/uploads\/2021\/06\/RioOnWatchcabecalhoPT11anos-2.png","contentUrl":"https:\/\/rioonwatch.org.br\/wp-content\/uploads\/2021\/06\/RioOnWatchcabecalhoPT11anos-2.png","width":779,"height":277,"caption":"RioOnWatch"},"image":{"@id":"https:\/\/rioonwatch.org.br\/#\/schema\/logo\/image\/"}},{"@type":"Person","@id":"https:\/\/rioonwatch.org.br\/#\/schema\/person\/11d64c290506f9df50c71b850c473f68","name":"Admin","image":{"@type":"ImageObject","inLanguage":"pt-BR","@id":"https:\/\/rioonwatch.org.br\/#\/schema\/person\/image\/","url":"https:\/\/secure.gravatar.com\/avatar\/56211ac74568383903349a1485e3c325?s=96&d=blank&r=g","contentUrl":"https:\/\/secure.gravatar.com\/avatar\/56211ac74568383903349a1485e3c325?s=96&d=blank&r=g","caption":"Admin"},"url":"https:\/\/rioonwatch.org.br\/?author=129"}]}},"_links":{"self":[{"href":"https:\/\/rioonwatch.org.br\/index.php?rest_route=\/wp\/v2\/posts\/41128"}],"collection":[{"href":"https:\/\/rioonwatch.org.br\/index.php?rest_route=\/wp\/v2\/posts"}],"about":[{"href":"https:\/\/rioonwatch.org.br\/index.php?rest_route=\/wp\/v2\/types\/post"}],"author":[{"embeddable":true,"href":"https:\/\/rioonwatch.org.br\/index.php?rest_route=\/wp\/v2\/users\/129"}],"replies":[{"embeddable":true,"href":"https:\/\/rioonwatch.org.br\/index.php?rest_route=%2Fwp%2Fv2%2Fcomments&post=41128"}],"version-history":[{"count":23,"href":"https:\/\/rioonwatch.org.br\/index.php?rest_route=\/wp\/v2\/posts\/41128\/revisions"}],"predecessor-version":[{"id":41186,"href":"https:\/\/rioonwatch.org.br\/index.php?rest_route=\/wp\/v2\/posts\/41128\/revisions\/41186"}],"wp:featuredmedia":[{"embeddable":true,"href":"https:\/\/rioonwatch.org.br\/index.php?rest_route=\/wp\/v2\/media\/41131"}],"wp:attachment":[{"href":"https:\/\/rioonwatch.org.br\/index.php?rest_route=%2Fwp%2Fv2%2Fmedia&parent=41128"}],"wp:term":[{"taxonomy":"category","embeddable":true,"href":"https:\/\/rioonwatch.org.br\/index.php?rest_route=%2Fwp%2Fv2%2Fcategories&post=41128"},{"taxonomy":"post_tag","embeddable":true,"href":"https:\/\/rioonwatch.org.br\/index.php?rest_route=%2Fwp%2Fv2%2Ftags&post=41128"},{"taxonomy":"writer","embeddable":true,"href":"https:\/\/rioonwatch.org.br\/index.php?rest_route=%2Fwp%2Fv2%2Fwriter&post=41128"},{"taxonomy":"translator","embeddable":true,"href":"https:\/\/rioonwatch.org.br\/index.php?rest_route=%2Fwp%2Fv2%2Ftranslator&post=41128"},{"taxonomy":"source","embeddable":true,"href":"https:\/\/rioonwatch.org.br\/index.php?rest_route=%2Fwp%2Fv2%2Fsource&post=41128"},{"taxonomy":"ilustrador","embeddable":true,"href":"https:\/\/rioonwatch.org.br\/index.php?rest_route=%2Fwp%2Fv2%2Filustrador&post=41128"},{"taxonomy":"fotografo","embeddable":true,"href":"https:\/\/rioonwatch.org.br\/index.php?rest_route=%2Fwp%2Fv2%2Ffotografo&post=41128"}],"curies":[{"name":"wp","href":"https:\/\/api.w.org\/{rel}","templated":true}]}}