{"id":41159,"date":"2019-06-17T20:58:51","date_gmt":"2019-06-17T23:58:51","guid":{"rendered":"https:\/\/rioonwatch.org.br\/?p=41159"},"modified":"2024-06-20T16:16:55","modified_gmt":"2024-06-20T19:16:55","slug":"sexta-roda-de-conversa-universitarixs-faveladxs-organiza-pesquisa-e-debate-sobre-universidade-e-favela","status":"publish","type":"post","link":"https:\/\/rioonwatch.org.br\/?p=41159","title":{"rendered":"6a Roda de Conversa Universit\u00e1rixs Faveladxs Organiza Pesquisa e Debate Universidade e Favela"},"content":{"rendered":"<p>No dia 8 de junho foi realizada a <a href=\"http:\/\/bit.ly\/2ME68Q7\" target=\"_blank\" rel=\"noopener noreferrer\">6a Roda de Conversa Universit\u00e1rixs Faveladxs &#8211; Quais caminhos levam a universidade para a favela e a favela para a universidade?<\/a> no Centro de Recep\u00e7\u00e3o do <a href=\"http:\/\/bit.ly\/1os55uV\" target=\"_blank\" rel=\"noopener noreferrer\">Museu da Vida<\/a> da <a href=\"http:\/\/bit.ly\/2WDhuUk\" target=\"_blank\" rel=\"noopener noreferrer\">Fiocruz<\/a>. O encontro \u00e9 fruto de uma iniciativa que reuniu a <a href=\"http:\/\/bit.ly\/2XQ3Rma\" target=\"_blank\" rel=\"noopener noreferrer\">UFRJ<\/a> e\u00a0organiza\u00e7\u00f5es, lideran\u00e7as e estudantes dos territ\u00f3rios da <a href=\"http:\/\/bit.ly\/2K1s59x\" target=\"_blank\" rel=\"noopener noreferrer\">Mar\u00e9<\/a> e de <a href=\"http:\/\/bit.ly\/2F7nJtG\" target=\"_blank\" rel=\"noopener noreferrer\">Manguinhos<\/a> com o objetivo de ampliar o debate sobre a ci\u00eancia como instrumento de redu\u00e7\u00e3o das desigualdades\u2014que foi a tem\u00e1tica principal da <a href=\"http:\/\/bit.ly\/2WrJoT2\" target=\"_blank\" rel=\"noopener noreferrer\">Semana Nacional de Ci\u00eancia e Tecnologia de 2018<\/a>. As <a href=\"http:\/\/bit.ly\/2Kb31NF\" target=\"_blank\" rel=\"noopener noreferrer\">primeiras duas<\/a> rodas aconteceram no <a href=\"http:\/\/bit.ly\/2XhXQkQ\" target=\"_blank\" rel=\"noopener noreferrer\">Museu da Mar\u00e9<\/a>, a <a href=\"http:\/\/bit.ly\/2KdBACO\" target=\"_blank\" rel=\"noopener noreferrer\">terceira<\/a> no <a href=\"http:\/\/bit.ly\/2NzN011\">Espa\u00e7o Casa Viva<\/a>, a <a href=\"http:\/\/bit.ly\/2wPy7BH\" target=\"_blank\" rel=\"noopener noreferrer\">quarta<\/a> na UFRJ e as \u00faltimas <a href=\"http:\/\/bit.ly\/2X2u97h\" target=\"_blank\" rel=\"noopener noreferrer\">duas<\/a> no Museu da Vida, gerando rotatividade entre os espa\u00e7os.<\/p>\n<p>A 6a Roda reuniu mais de 20 pessoas, entre elas representantes do Centro de Estudos e A\u00e7\u00f5es Solid\u00e1rias da Mar\u00e9 (<a href=\"http:\/\/bit.ly\/2W6tpi1\" target=\"_blank\" rel=\"noopener noreferrer\">CEASM<\/a>), Coordena\u00e7\u00e3o de <a href=\"http:\/\/bit.ly\/2N57tLT\" target=\"_blank\" rel=\"noopener noreferrer\">Coopera\u00e7\u00e3o Social de Fiocruz<\/a>, <a href=\"http:\/\/bit.ly\/31uKZuZ\" target=\"_blank\" rel=\"noopener noreferrer\">Casa de Oswaldo Cruz<\/a>, <a href=\"http:\/\/bit.ly\/2qcva97\" target=\"_blank\" rel=\"noopener noreferrer\">REDECCAP<\/a>, Museu da Vida, Museu da Mar\u00e9, Espa\u00e7o Casa Viva, Escola Nacional de Sa\u00fade P\u00fablica (<a href=\"http:\/\/bit.ly\/2PGwxsG\" target=\"_blank\" rel=\"noopener noreferrer\">ENSP<\/a>), projeto <a href=\"http:\/\/bit.ly\/2MNHvAA\" target=\"_blank\" rel=\"noopener noreferrer\">Educa\u00e7\u00e3o, Sa\u00fade e Cultura em Territ\u00f3rios da Periferia Urbana<\/a>, e alunos da <a href=\"http:\/\/bit.ly\/2O8eITu\" target=\"_blank\" rel=\"noopener noreferrer\">UFF<\/a>, UFRJ e <a href=\"http:\/\/bit.ly\/2KQx9xm\" target=\"_blank\" rel=\"noopener noreferrer\">UERJ<\/a>, al\u00e9m de colaboradores e professores de favelas.<\/p>\n<p><a href=\"https:\/\/rioonwatch.org.br\/wp-content\/uploads\/2019\/06\/Representantes-CEASM-Fiocruzok2.jpg\"><img fetchpriority=\"high\" decoding=\"async\" class=\"aligncenter size-content wp-image-41283\" src=\"https:\/\/rioonwatch.org.br\/wp-content\/uploads\/2019\/06\/Representantes-CEASM-Fiocruzok2-620x264.jpg\" alt=\"\" width=\"620\" height=\"264\" srcset=\"https:\/\/rioonwatch.org.br\/wp-content\/uploads\/2019\/06\/Representantes-CEASM-Fiocruzok2-620x264.jpg 620w, https:\/\/rioonwatch.org.br\/wp-content\/uploads\/2019\/06\/Representantes-CEASM-Fiocruzok2-940x400.jpg 940w\" sizes=\"(max-width: 620px) 100vw, 620px\" \/><\/a><\/p>\n<h3>Repensar a Rela\u00e7\u00e3o Entre as Universidades e as Favelas<\/h3>\n<p>Nas edi\u00e7\u00f5es precedentes, foram diagnosticadas tr\u00eas frentes importantes: o acesso a programas de forma\u00e7\u00e3o e ao estudo de pol\u00edticas p\u00fablicas que foram criadas nos \u00faltimos anos para favorecer o acesso \u00e0 universidade; as disputas comunicacionais frente a uma conjuntura que n\u00e3o favorece o di\u00e1logo; e a quest\u00e3o da gera\u00e7\u00e3o de renda e de condi\u00e7\u00f5es dignas de vida por meio da educa\u00e7\u00e3o. A partir destes eixos, foram discutidas quest\u00f5es sobre a identifica\u00e7\u00e3o e a quantifica\u00e7\u00e3o dos rumos dos estudantes egressos de favelas, as trajet\u00f3rias e os obst\u00e1culos que eles atravessam, e houve a apresenta\u00e7\u00e3o do <a href=\"http:\/\/bit.ly\/2WAV3Uo\">Dicion\u00e1rio de Favelas Marielle Franco.<\/a><\/p>\n<p>Como resultado desses relevantes questionamentos surgiu a proposta da cria\u00e7\u00e3o de grupos de trabalho (GTs) a fim de, segundo o coordenador da Coopera\u00e7\u00e3o Social da Presid\u00eancia da Fiocruz, Jos\u00e9 Leonidio Madureira de Sousa Santos: \u201caprofundar a pesquisa para pensar aonde est\u00e3o esses estudantes egressos da Mar\u00e9 e de Manguinhos&#8230;. [sobre] o impacto da inser\u00e7\u00e3o desses estudantes nas universidades e o que isso reflete no seu entorno&#8230; e [sobre] a produ\u00e7\u00e3o cient\u00edfica\u201d <a href=\"http:\/\/bit.ly\/2Il79bG\" target=\"_blank\" rel=\"noopener noreferrer\">na favela, sobre a favela e para a favela<\/a>. Desta forma, foram criados os seguintes GTs: GT de Pesquisa, para entender mais a fundo as trajet\u00f3rias dos egressos favelados; GT de Sa\u00fade Mental, que se esfor\u00e7a em levantar os <a href=\"http:\/\/bit.ly\/2I7Eyq0\" target=\"_blank\" rel=\"noopener noreferrer\">efeitos psicossociais<\/a> desses processos educacionais mencionados; GT de Comunica\u00e7\u00e3o, para pensar nos modelos de di\u00e1logo atuais e rever novos planos de comunica\u00e7\u00e3o; e finalmente o GT de Participa\u00e7\u00e3o Social, com foco no fortalecimento da quest\u00e3o de mem\u00f3ria, localidade e identidade.<\/p>\n<p>Entre os pr\u00f3ximos projetos foi estabelecida uma jornada cient\u00edfica para valorizar a produ\u00e7\u00e3o de conhecimento nos territ\u00f3rios de Manguinhos e da Mar\u00e9. O objetivo destas jornadas \u00e9 continuar se posicionando em campo, <a href=\"http:\/\/bit.ly\/2XvC2zf\" target=\"_blank\" rel=\"noopener noreferrer\">contra a discrimina\u00e7\u00e3o, o preconceito<\/a>, o racismo e a <a href=\"http:\/\/bit.ly\/2KOksTo\" target=\"_blank\" rel=\"noopener noreferrer\">criminaliza\u00e7\u00e3o que as favelas s\u00e3o sujeitas<\/a>. Alessandro lembrou a \u201cnecessidade da gente <a href=\"http:\/\/bit.ly\/2MR8jjq\" target=\"_blank\" rel=\"noopener noreferrer\">reafirmar esses territ\u00f3rios<\/a> como lugares de saber, de vida, em oposi\u00e7\u00e3o a todo estere\u00f3tipo de que se pode fazer\u201d.<\/p>\n<h3><a href=\"https:\/\/rioonwatch.org.br\/wp-content\/uploads\/2019\/06\/Jose-Leonidio-Madureira-de-Sousa-Santos-fazendo-uma-pautaok.jpg\"><img decoding=\"async\" class=\"aligncenter wp-image-41285 size-content\" title=\"Jose Leonidio Madureira de Sousa Santos fala ao grupo. Foto: Comunica\u00e7\u00e3o Coopera\u00e7\u00e3o Social Fiocruz\" src=\"https:\/\/rioonwatch.org.br\/wp-content\/uploads\/2019\/06\/Jose-Leonidio-Madureira-de-Sousa-Santos-fazendo-uma-pautaok-620x264.jpg\" alt=\"\" width=\"620\" height=\"264\" srcset=\"https:\/\/rioonwatch.org.br\/wp-content\/uploads\/2019\/06\/Jose-Leonidio-Madureira-de-Sousa-Santos-fazendo-uma-pautaok-620x264.jpg 620w, https:\/\/rioonwatch.org.br\/wp-content\/uploads\/2019\/06\/Jose-Leonidio-Madureira-de-Sousa-Santos-fazendo-uma-pautaok-940x400.jpg 940w\" sizes=\"(max-width: 620px) 100vw, 620px\" \/><\/a><\/h3>\n<h3>Reconfigura\u00e7\u00e3o da Roda para Atender Novas Miss\u00f5es e Demandas<\/h3>\n<p>Nesta 6a Roda, um dos principais temas debatidos foi a reconfigura\u00e7\u00e3o da roda de conversa para o formato de f\u00f3rum permanente. Essa quest\u00e3o nasceu do amadurecimento da roda e do estabelecimento de uma certa coes\u00e3o e ades\u00e3o dos participantes, permitindo ao mesmo tempo a flutua\u00e7\u00e3o do p\u00fablico. O f\u00f3rum continuar\u00e1 tendo o apoio da Fiocruz e da UFRJ, que se comprometeram a refor\u00e7ar as iniciativas que forem propostas e dar estruturas b\u00e1sicas para que o f\u00f3rum possa continuar rodando de forma independente e como uma organiza\u00e7\u00e3o mais consistente. Alessandro lembrou aos participantes que \u00e9 preciso manter a \u201cperspectiva progressista, de emancipa\u00e7\u00e3o das pessoas e sua autonomia\u201d.<\/p>\n<p>Al\u00e9m disso, antes de estabelecer o f\u00f3rum, o objetivo \u00e9 produzir um documento que fa\u00e7a um resumo das tem\u00e1ticas que j\u00e1 foram tratadas nas rodas passadas para poder manter um registro das atividades e facilitar a divulga\u00e7\u00e3o oficial do que ocorreu nos eventos. No final, os participantes chegaram ao consenso de que o f\u00f3rum d\u00e1 um car\u00e1ter mais formal e org\u00e2nico aos eventos. Eles pretendem que o f\u00f3rum seja reconhecido e respeitado pelas institui\u00e7\u00f5es p\u00fablicas, privadas e da sociedade civil, apesar de n\u00e3o ter personalidade jur\u00eddica.<\/p>\n<p>Paralelamente, foram expostos os desafios da reconfigura\u00e7\u00e3o para formato de f\u00f3rum. Duas quest\u00f5es importantes foram ressaltadas: as parcerias que deveriam ser constitu\u00eddas com outros atores direta e indiretamente ligados com o \u00e2mbito da educa\u00e7\u00e3o superior\u2014outras universidades como a UERJ, institui\u00e7\u00f5es privadas e pr\u00e9-vestibulares\u2014entidades que s\u00e3o fontes preciosas de arquivos, e de informa\u00e7\u00f5es sobre os egressos e os que est\u00e3o tentando se tornarem egressos; e a poss\u00edvel abertura do f\u00f3rum a outras frentes com respeito \u00e0 territorialidade. O professor da Fiocruz, Enrique, destacou a import\u00e2ncia de abranger outras realidades e entender quest\u00f5es profundas sobre a raz\u00e3o pela qual a universidade consegue chegar a certas favelas e a outras n\u00e3o. Ele colocou a quest\u00e3o da <a href=\"http:\/\/bit.ly\/2xS0izO\" target=\"_blank\" rel=\"noopener noreferrer\">Cidade de Deus<\/a>, onde, segundo ele, os projetos educacionais t\u00eam tend\u00eancia a serem abandonados por causa de dificuldade de aplica\u00e7\u00e3o. Por outro lado, Jefferson Luciano G. Mesquita, estudante da UERJ, assegura que o foco nas favelas de Manguinhos e Mar\u00e9 deve ser mantido, pois elas compartilham cotidianos comuns e olhares muito parecidos. O ideal, para ele, seria que houvesse articula\u00e7\u00e3o com outras favelas, mas sempre desde o eixo Manguinhos-Mar\u00e9.<\/p>\n<p><a href=\"https:\/\/rioonwatch.org.br\/wp-content\/uploads\/2019\/06\/4ok-Jefferson-Luciano-G.-Mesquita-estudante-da-UERJ.jpg\"><img decoding=\"async\" class=\"aligncenter wp-image-41298 size-content\" title=\"Jefferson Luciano G. Mesquita, estudante da UERJ. Foto: Comunica\u00e7\u00e3o Coopera\u00e7\u00e3o Social Fiocruz\" src=\"https:\/\/rioonwatch.org.br\/wp-content\/uploads\/2019\/06\/4ok-Jefferson-Luciano-G.-Mesquita-estudante-da-UERJ-620x264.jpg\" alt=\"\" width=\"620\" height=\"264\" srcset=\"https:\/\/rioonwatch.org.br\/wp-content\/uploads\/2019\/06\/4ok-Jefferson-Luciano-G.-Mesquita-estudante-da-UERJ-620x264.jpg 620w, https:\/\/rioonwatch.org.br\/wp-content\/uploads\/2019\/06\/4ok-Jefferson-Luciano-G.-Mesquita-estudante-da-UERJ-940x400.jpg 940w\" sizes=\"(max-width: 620px) 100vw, 620px\" \/><\/a><\/p>\n<h3>Apresenta\u00e7\u00e3o da Proposta de Levantamento do GT de Pesquisa<\/h3>\n<p>O GT de Pesquisa apresentou a proposta da realiza\u00e7\u00e3o do levantamento da produ\u00e7\u00e3o acad\u00eamica existente sobre os territ\u00f3rios Mar\u00e9 e Manguinhos e da pesquisa sobre a trajet\u00f3ria dos universit\u00e1rios desses locais. Nat\u00e1lia Helou Fazzioni, bolsista da Coopera\u00e7\u00e3o Social da Fiocruz que participa ativamente do GT, explica que a primeira proposta \u00e9 fazer \u201cuma bibliografia comentada do que j\u00e1 foi produzido em termos de pesquisa, na Mar\u00e9 e Manguinhos, pelos universit\u00e1rios ou os j\u00e1 formados das favelas\u201d. Para esta proposta, os membros est\u00e3o analisando diferentes metodologias, e eles t\u00eam a inten\u00e7\u00e3o de se inspirarem nas estrat\u00e9gias utilizadas pelo <a href=\"http:\/\/bit.ly\/2a2Cjo6\" target=\"_blank\" rel=\"noopener noreferrer\">Instituto Ra\u00edzes em Movimento<\/a>, que conseguiu produzir um <a href=\"http:\/\/bit.ly\/2ImR7OC\" target=\"_blank\" rel=\"noopener noreferrer\">levantamento bibliogr\u00e1fico<\/a> sobre o <a href=\"http:\/\/bit.ly\/2wIyn5a\" target=\"_blank\" rel=\"noopener noreferrer\">Complexo do Alem\u00e3o<\/a>. A segunda proposta, com respeito ao projeto de pesquisa sobre as trajet\u00f3rias dos estudantes egressos de favelas, ela assegurou que eles t\u00eam uma vis\u00e3o de \u201cn\u00f3s por n\u00f3s mesmos\u201d pois a ideia \u00e9 que a pesquisa seja feita com os mesmos egressos que participaram nas diferentes rodas. No entanto, essa proposta dever\u00e1 ser desenvolvida pelo GT de Comunica\u00e7\u00e3o e teria um formato audiovisual.<\/p>\n<p><a href=\"https:\/\/rioonwatch.org.br\/wp-content\/uploads\/2019\/06\/ok-Professores-debatando-na-roda.jpg\"><img loading=\"lazy\" decoding=\"async\" class=\"aligncenter wp-image-41293 size-content\" title=\"Professores debatendo na roda. Foto: Comunica\u00e7\u00e3o Coopera\u00e7\u00e3o Social Fiocruz\" src=\"https:\/\/rioonwatch.org.br\/wp-content\/uploads\/2019\/06\/ok-Professores-debatando-na-roda-620x264.jpg\" alt=\"\" width=\"620\" height=\"264\" srcset=\"https:\/\/rioonwatch.org.br\/wp-content\/uploads\/2019\/06\/ok-Professores-debatando-na-roda-620x264.jpg 620w, https:\/\/rioonwatch.org.br\/wp-content\/uploads\/2019\/06\/ok-Professores-debatando-na-roda-940x400.jpg 940w\" sizes=\"(max-width: 620px) 100vw, 620px\" \/><\/a><\/p>\n<h3>An\u00e1lise e Diagn\u00f3stico da Conjuntura<\/h3>\n<p>Ao final, abriu-se um espa\u00e7o para falar em torno da conturbada conjuntura pol\u00edtica sob a qual o Brasil se encontra. Foram citadas algumas a\u00e7\u00f5es que segundo os participantes, fazem parte do programa do desmonte das pol\u00edticas sociais como a <a href=\"http:\/\/bit.ly\/2R5eKhl\" target=\"_blank\" rel=\"noopener noreferrer\">Emenda 95<\/a> de 2016, que congelou os gastos da Uni\u00e3o com despesas prim\u00e1rias por vinte anos, <a href=\"http:\/\/bit.ly\/2YIgAaz\" target=\"_blank\" rel=\"noopener noreferrer\">a Reforma da Previd\u00eancia<\/a>, e os cortes nas verbas das universidades federais pelo Minist\u00e9rio de Educa\u00e7\u00e3o e Cultura (MEC), gerando o <a href=\"https:\/\/glo.bo\/2Zq0xOX\" target=\"_blank\" rel=\"noopener noreferrer\">bloqueio de uma parte do or\u00e7amento<\/a> das 63 universidades e dos 38 institutos federais de ensino.<\/p>\n<p>As falas continuaram com intuito de gerar organiza\u00e7\u00e3o para obter respostas para os novos desafios a partir da perspectiva das favelas, das demandas da sociedade civil e, especialmente, dos <a href=\"http:\/\/bit.ly\/2KmcLVe\" target=\"_blank\" rel=\"noopener noreferrer\">universit\u00e1rixs faveladxs<\/a>.<\/p>\n<!-- AddThis Advanced Settings generic via filter on the_content --><!-- AddThis Share Buttons generic via filter on the_content -->","protected":false},"excerpt":{"rendered":"<div class=\"mh-excerpt\"><p>No dia 8 de junho foi realizada a 6a Roda de Conversa Universit\u00e1rixs Faveladxs &#8211; Quais caminhos levam a universidade para a favela e a favela para a universidade? no Centro de Recep\u00e7\u00e3o do Museu <a class=\"mh-excerpt-more\" href=\"https:\/\/rioonwatch.org.br\/?p=41159\" title=\"6a Roda de Conversa Universit\u00e1rixs Faveladxs Organiza Pesquisa e Debate Universidade e Favela\">[&#8230;]<\/a><!-- AddThis Advanced Settings generic via filter on get_the_excerpt --><!-- AddThis Share Buttons generic via filter on get_the_excerpt --><\/p>\n<\/div>","protected":false},"author":163,"featured_media":41221,"comment_status":"closed","ping_status":"closed","sticky":false,"template":"","format":"standard","meta":{"_acf_changed":false,"_monsterinsights_skip_tracking":false,"_monsterinsights_sitenote_active":false,"_monsterinsights_sitenote_note":"","_monsterinsights_sitenote_category":0,"footnotes":""},"categories":[1627,1626,1616,1612,342],"tags":[386,2402,554,332,217,1917,1239,413,2070,88,316,2146,1307,636,2033,1151,1106,358,104,432,2069,476,404,2037,2153,2193,239,218],"writer":[2626],"translator":[],"source":[],"ilustrador":[],"fotografo":[],"class_list":{"0":"post-41159","1":"post","2":"type-post","3":"status-publish","4":"format-standard","5":"has-post-thumbnail","7":"category-relato-de-evento","8":"category-por-observadores-internacionais","9":"category-qualidades-da-favela","10":"category-sociedade-civil","11":"category-solucoes","12":"tag-estigma","13":"tag-acesso-a-universidade","14":"tag-cidade-de-deus","15":"tag-complexo-da-mare","16":"tag-complexo-do-alemao","17":"tag-comunidade-x-academia","18":"tag-criminalizacao-da-pobreza","19":"tag-desigualdade","20":"tag-direito-a-educacao","21":"tag-direitos-humanos","22":"tag-educacao","23":"tag-fiocruz","24":"tag-inclusao","25":"tag-manguinhos","26":"tag-marielle-franco","27":"tag-organizacao","28":"tag-museu-da-mare","29":"tag-organizacao-comunitaria","30":"tag-pvnc","31":"tag-resistencia","32":"tag-saude-mental","33":"tag-solucao-comunitaria","34":"tag-sustentabilidade","35":"tag-uerj","36":"tag-uff","37":"tag-ufrj","38":"tag-universidade","39":"tag-zona-norte","40":"writer-carolina-medina-zarate"},"acf":[],"yoast_head":"<!-- This site is optimized with the Yoast SEO plugin v25.6 - https:\/\/yoast.com\/wordpress\/plugins\/seo\/ -->\n<title>6a Roda de Conversa Universit\u00e1rixs Faveladxs Organiza Pesquisa e Debate Universidade e Favela - RioOnWatch<\/title>\n<meta name=\"robots\" content=\"index, follow, max-snippet:-1, max-image-preview:large, max-video-preview:-1\" \/>\n<link rel=\"canonical\" href=\"https:\/\/rioonwatch.org.br\/?p=41159\" \/>\n<meta property=\"og:locale\" content=\"pt_BR\" \/>\n<meta property=\"og:type\" content=\"article\" \/>\n<meta property=\"og:title\" content=\"6a Roda de Conversa Universit\u00e1rixs Faveladxs Organiza Pesquisa e Debate Universidade e Favela - RioOnWatch\" \/>\n<meta property=\"og:description\" content=\"No dia 8 de junho foi realizada a 6a Roda de Conversa Universit\u00e1rixs Faveladxs &#8211; Quais caminhos levam a universidade para a favela e a favela para a universidade? no Centro de Recep\u00e7\u00e3o do Museu [...]\" \/>\n<meta property=\"og:url\" content=\"https:\/\/rioonwatch.org.br\/?p=41159\" \/>\n<meta property=\"og:site_name\" content=\"RioOnWatch\" \/>\n<meta property=\"article:published_time\" content=\"2019-06-17T23:58:51+00:00\" \/>\n<meta property=\"article:modified_time\" content=\"2024-06-20T19:16:55+00:00\" \/>\n<meta property=\"og:image\" content=\"https:\/\/rioonwatch.org.br\/wp-content\/uploads\/2019\/06\/IMG_1044-1-scaled.jpg\" \/>\n\t<meta property=\"og:image:width\" content=\"2560\" \/>\n\t<meta property=\"og:image:height\" content=\"1706\" \/>\n\t<meta property=\"og:image:type\" content=\"image\/jpeg\" \/>\n<meta name=\"author\" content=\"Carolina Medina\" \/>\n<meta name=\"twitter:card\" content=\"summary_large_image\" \/>\n<meta name=\"twitter:label1\" content=\"Escrito por\" \/>\n\t<meta name=\"twitter:data1\" content=\"Carolina Medina\" \/>\n\t<meta name=\"twitter:label2\" content=\"Est. tempo de leitura\" \/>\n\t<meta name=\"twitter:data2\" content=\"7 minutos\" \/>\n<script type=\"application\/ld+json\" class=\"yoast-schema-graph\">{\"@context\":\"https:\/\/schema.org\",\"@graph\":[{\"@type\":\"Article\",\"@id\":\"https:\/\/rioonwatch.org.br\/?p=41159#article\",\"isPartOf\":{\"@id\":\"https:\/\/rioonwatch.org.br\/?p=41159\"},\"author\":{\"name\":\"Carolina Medina\",\"@id\":\"https:\/\/rioonwatch.org.br\/#\/schema\/person\/3469054b77a459396e7d6cbe0d6d1ff9\"},\"headline\":\"6a Roda de Conversa Universit\u00e1rixs Faveladxs Organiza Pesquisa e Debate Universidade e Favela\",\"datePublished\":\"2019-06-17T23:58:51+00:00\",\"dateModified\":\"2024-06-20T19:16:55+00:00\",\"mainEntityOfPage\":{\"@id\":\"https:\/\/rioonwatch.org.br\/?p=41159\"},\"wordCount\":1374,\"publisher\":{\"@id\":\"https:\/\/rioonwatch.org.br\/#organization\"},\"image\":{\"@id\":\"https:\/\/rioonwatch.org.br\/?p=41159#primaryimage\"},\"thumbnailUrl\":\"https:\/\/rioonwatch.org.br\/wp-content\/uploads\/2019\/06\/IMG_1044-1-scaled.jpg\",\"keywords\":[\"#StopFavelaStigma\",\"acesso \u00e0 universidade\",\"Cidade de Deus\",\"Complexo da Mar\u00e9\",\"Complexo do Alem\u00e3o\",\"comunidade x academia\",\"criminaliza\u00e7\u00e3o da pobreza\",\"desigualdade\",\"direito \u00e0 educa\u00e7\u00e3o\",\"Direitos Humanos\",\"educa\u00e7\u00e3o\",\"Fiocruz\",\"inclus\u00e3o\",\"Manguinhos\",\"Marielle Franco\",\"mobiliza\u00e7\u00e3o\",\"Museu da Mar\u00e9\",\"organiza\u00e7\u00e3o comunit\u00e1ria\",\"Pr\u00e9-Vestibular\",\"resist\u00eancia\",\"sa\u00fade mental\",\"solu\u00e7\u00e3o comunit\u00e1ria\",\"sustentabilidade\",\"UERJ\",\"UFF\",\"UFRJ\",\"universidade\",\"Zona Norte\"],\"articleSection\":[\"Cobertura de Eventos\",\"Escrito por Aliados\",\"Qualidades da Favela\",\"Sociedade Civil\",\"Solu\u00e7\u00f5es\"],\"inLanguage\":\"pt-BR\"},{\"@type\":\"WebPage\",\"@id\":\"https:\/\/rioonwatch.org.br\/?p=41159\",\"url\":\"https:\/\/rioonwatch.org.br\/?p=41159\",\"name\":\"6a Roda de Conversa Universit\u00e1rixs Faveladxs Organiza Pesquisa e Debate Universidade e Favela - RioOnWatch\",\"isPartOf\":{\"@id\":\"https:\/\/rioonwatch.org.br\/#website\"},\"primaryImageOfPage\":{\"@id\":\"https:\/\/rioonwatch.org.br\/?p=41159#primaryimage\"},\"image\":{\"@id\":\"https:\/\/rioonwatch.org.br\/?p=41159#primaryimage\"},\"thumbnailUrl\":\"https:\/\/rioonwatch.org.br\/wp-content\/uploads\/2019\/06\/IMG_1044-1-scaled.jpg\",\"datePublished\":\"2019-06-17T23:58:51+00:00\",\"dateModified\":\"2024-06-20T19:16:55+00:00\",\"breadcrumb\":{\"@id\":\"https:\/\/rioonwatch.org.br\/?p=41159#breadcrumb\"},\"inLanguage\":\"pt-BR\",\"potentialAction\":[{\"@type\":\"ReadAction\",\"target\":[\"https:\/\/rioonwatch.org.br\/?p=41159\"]}]},{\"@type\":\"ImageObject\",\"inLanguage\":\"pt-BR\",\"@id\":\"https:\/\/rioonwatch.org.br\/?p=41159#primaryimage\",\"url\":\"https:\/\/rioonwatch.org.br\/wp-content\/uploads\/2019\/06\/IMG_1044-1-scaled.jpg\",\"contentUrl\":\"https:\/\/rioonwatch.org.br\/wp-content\/uploads\/2019\/06\/IMG_1044-1-scaled.jpg\",\"width\":2560,\"height\":1706,\"caption\":\"Participantes da 6\u00aa Roda de Conversa Faveladxs e Universitarixs\"},{\"@type\":\"BreadcrumbList\",\"@id\":\"https:\/\/rioonwatch.org.br\/?p=41159#breadcrumb\",\"itemListElement\":[{\"@type\":\"ListItem\",\"position\":1,\"name\":\"In\u00edcio\",\"item\":\"https:\/\/rioonwatch.org.br\/\"},{\"@type\":\"ListItem\",\"position\":2,\"name\":\"6a Roda de Conversa Universit\u00e1rixs Faveladxs Organiza Pesquisa e Debate Universidade e Favela\"}]},{\"@type\":\"WebSite\",\"@id\":\"https:\/\/rioonwatch.org.br\/#website\",\"url\":\"https:\/\/rioonwatch.org.br\/\",\"name\":\"RioOnWatch\",\"description\":\"relatos das favelas cariocas\",\"publisher\":{\"@id\":\"https:\/\/rioonwatch.org.br\/#organization\"},\"potentialAction\":[{\"@type\":\"SearchAction\",\"target\":{\"@type\":\"EntryPoint\",\"urlTemplate\":\"https:\/\/rioonwatch.org.br\/?s={search_term_string}\"},\"query-input\":{\"@type\":\"PropertyValueSpecification\",\"valueRequired\":true,\"valueName\":\"search_term_string\"}}],\"inLanguage\":\"pt-BR\"},{\"@type\":\"Organization\",\"@id\":\"https:\/\/rioonwatch.org.br\/#organization\",\"name\":\"RioOnWatch\",\"url\":\"https:\/\/rioonwatch.org.br\/\",\"logo\":{\"@type\":\"ImageObject\",\"inLanguage\":\"pt-BR\",\"@id\":\"https:\/\/rioonwatch.org.br\/#\/schema\/logo\/image\/\",\"url\":\"https:\/\/rioonwatch.org.br\/wp-content\/uploads\/2021\/06\/RioOnWatchcabecalhoPT11anos-2.png\",\"contentUrl\":\"https:\/\/rioonwatch.org.br\/wp-content\/uploads\/2021\/06\/RioOnWatchcabecalhoPT11anos-2.png\",\"width\":779,\"height\":277,\"caption\":\"RioOnWatch\"},\"image\":{\"@id\":\"https:\/\/rioonwatch.org.br\/#\/schema\/logo\/image\/\"}},{\"@type\":\"Person\",\"@id\":\"https:\/\/rioonwatch.org.br\/#\/schema\/person\/3469054b77a459396e7d6cbe0d6d1ff9\",\"name\":\"Carolina Medina\",\"image\":{\"@type\":\"ImageObject\",\"inLanguage\":\"pt-BR\",\"@id\":\"https:\/\/rioonwatch.org.br\/#\/schema\/person\/image\/\",\"url\":\"https:\/\/secure.gravatar.com\/avatar\/3ce5f9a246d49457589a37efa3e42a52?s=96&d=blank&r=g\",\"contentUrl\":\"https:\/\/secure.gravatar.com\/avatar\/3ce5f9a246d49457589a37efa3e42a52?s=96&d=blank&r=g\",\"caption\":\"Carolina Medina\"},\"url\":\"https:\/\/rioonwatch.org.br\/?author=163\"}]}<\/script>\n<!-- \/ Yoast SEO plugin. -->","yoast_head_json":{"title":"6a Roda de Conversa Universit\u00e1rixs Faveladxs Organiza Pesquisa e Debate Universidade e Favela - RioOnWatch","robots":{"index":"index","follow":"follow","max-snippet":"max-snippet:-1","max-image-preview":"max-image-preview:large","max-video-preview":"max-video-preview:-1"},"canonical":"https:\/\/rioonwatch.org.br\/?p=41159","og_locale":"pt_BR","og_type":"article","og_title":"6a Roda de Conversa Universit\u00e1rixs Faveladxs Organiza Pesquisa e Debate Universidade e Favela - RioOnWatch","og_description":"No dia 8 de junho foi realizada a 6a Roda de Conversa Universit\u00e1rixs Faveladxs &#8211; Quais caminhos levam a universidade para a favela e a favela para a universidade? no Centro de Recep\u00e7\u00e3o do Museu [...]","og_url":"https:\/\/rioonwatch.org.br\/?p=41159","og_site_name":"RioOnWatch","article_published_time":"2019-06-17T23:58:51+00:00","article_modified_time":"2024-06-20T19:16:55+00:00","og_image":[{"width":2560,"height":1706,"url":"https:\/\/rioonwatch.org.br\/wp-content\/uploads\/2019\/06\/IMG_1044-1-scaled.jpg","type":"image\/jpeg"}],"author":"Carolina Medina","twitter_card":"summary_large_image","twitter_misc":{"Escrito por":"Carolina Medina","Est. tempo de leitura":"7 minutos"},"schema":{"@context":"https:\/\/schema.org","@graph":[{"@type":"Article","@id":"https:\/\/rioonwatch.org.br\/?p=41159#article","isPartOf":{"@id":"https:\/\/rioonwatch.org.br\/?p=41159"},"author":{"name":"Carolina Medina","@id":"https:\/\/rioonwatch.org.br\/#\/schema\/person\/3469054b77a459396e7d6cbe0d6d1ff9"},"headline":"6a Roda de Conversa Universit\u00e1rixs Faveladxs Organiza Pesquisa e Debate Universidade e Favela","datePublished":"2019-06-17T23:58:51+00:00","dateModified":"2024-06-20T19:16:55+00:00","mainEntityOfPage":{"@id":"https:\/\/rioonwatch.org.br\/?p=41159"},"wordCount":1374,"publisher":{"@id":"https:\/\/rioonwatch.org.br\/#organization"},"image":{"@id":"https:\/\/rioonwatch.org.br\/?p=41159#primaryimage"},"thumbnailUrl":"https:\/\/rioonwatch.org.br\/wp-content\/uploads\/2019\/06\/IMG_1044-1-scaled.jpg","keywords":["#StopFavelaStigma","acesso \u00e0 universidade","Cidade de Deus","Complexo da Mar\u00e9","Complexo do Alem\u00e3o","comunidade x academia","criminaliza\u00e7\u00e3o da pobreza","desigualdade","direito \u00e0 educa\u00e7\u00e3o","Direitos Humanos","educa\u00e7\u00e3o","Fiocruz","inclus\u00e3o","Manguinhos","Marielle Franco","mobiliza\u00e7\u00e3o","Museu da Mar\u00e9","organiza\u00e7\u00e3o comunit\u00e1ria","Pr\u00e9-Vestibular","resist\u00eancia","sa\u00fade mental","solu\u00e7\u00e3o comunit\u00e1ria","sustentabilidade","UERJ","UFF","UFRJ","universidade","Zona Norte"],"articleSection":["Cobertura de Eventos","Escrito por Aliados","Qualidades da Favela","Sociedade Civil","Solu\u00e7\u00f5es"],"inLanguage":"pt-BR"},{"@type":"WebPage","@id":"https:\/\/rioonwatch.org.br\/?p=41159","url":"https:\/\/rioonwatch.org.br\/?p=41159","name":"6a Roda de Conversa Universit\u00e1rixs Faveladxs Organiza Pesquisa e Debate Universidade e Favela - RioOnWatch","isPartOf":{"@id":"https:\/\/rioonwatch.org.br\/#website"},"primaryImageOfPage":{"@id":"https:\/\/rioonwatch.org.br\/?p=41159#primaryimage"},"image":{"@id":"https:\/\/rioonwatch.org.br\/?p=41159#primaryimage"},"thumbnailUrl":"https:\/\/rioonwatch.org.br\/wp-content\/uploads\/2019\/06\/IMG_1044-1-scaled.jpg","datePublished":"2019-06-17T23:58:51+00:00","dateModified":"2024-06-20T19:16:55+00:00","breadcrumb":{"@id":"https:\/\/rioonwatch.org.br\/?p=41159#breadcrumb"},"inLanguage":"pt-BR","potentialAction":[{"@type":"ReadAction","target":["https:\/\/rioonwatch.org.br\/?p=41159"]}]},{"@type":"ImageObject","inLanguage":"pt-BR","@id":"https:\/\/rioonwatch.org.br\/?p=41159#primaryimage","url":"https:\/\/rioonwatch.org.br\/wp-content\/uploads\/2019\/06\/IMG_1044-1-scaled.jpg","contentUrl":"https:\/\/rioonwatch.org.br\/wp-content\/uploads\/2019\/06\/IMG_1044-1-scaled.jpg","width":2560,"height":1706,"caption":"Participantes da 6\u00aa Roda de Conversa Faveladxs e Universitarixs"},{"@type":"BreadcrumbList","@id":"https:\/\/rioonwatch.org.br\/?p=41159#breadcrumb","itemListElement":[{"@type":"ListItem","position":1,"name":"In\u00edcio","item":"https:\/\/rioonwatch.org.br\/"},{"@type":"ListItem","position":2,"name":"6a Roda de Conversa Universit\u00e1rixs Faveladxs Organiza Pesquisa e Debate Universidade e Favela"}]},{"@type":"WebSite","@id":"https:\/\/rioonwatch.org.br\/#website","url":"https:\/\/rioonwatch.org.br\/","name":"RioOnWatch","description":"relatos das favelas cariocas","publisher":{"@id":"https:\/\/rioonwatch.org.br\/#organization"},"potentialAction":[{"@type":"SearchAction","target":{"@type":"EntryPoint","urlTemplate":"https:\/\/rioonwatch.org.br\/?s={search_term_string}"},"query-input":{"@type":"PropertyValueSpecification","valueRequired":true,"valueName":"search_term_string"}}],"inLanguage":"pt-BR"},{"@type":"Organization","@id":"https:\/\/rioonwatch.org.br\/#organization","name":"RioOnWatch","url":"https:\/\/rioonwatch.org.br\/","logo":{"@type":"ImageObject","inLanguage":"pt-BR","@id":"https:\/\/rioonwatch.org.br\/#\/schema\/logo\/image\/","url":"https:\/\/rioonwatch.org.br\/wp-content\/uploads\/2021\/06\/RioOnWatchcabecalhoPT11anos-2.png","contentUrl":"https:\/\/rioonwatch.org.br\/wp-content\/uploads\/2021\/06\/RioOnWatchcabecalhoPT11anos-2.png","width":779,"height":277,"caption":"RioOnWatch"},"image":{"@id":"https:\/\/rioonwatch.org.br\/#\/schema\/logo\/image\/"}},{"@type":"Person","@id":"https:\/\/rioonwatch.org.br\/#\/schema\/person\/3469054b77a459396e7d6cbe0d6d1ff9","name":"Carolina Medina","image":{"@type":"ImageObject","inLanguage":"pt-BR","@id":"https:\/\/rioonwatch.org.br\/#\/schema\/person\/image\/","url":"https:\/\/secure.gravatar.com\/avatar\/3ce5f9a246d49457589a37efa3e42a52?s=96&d=blank&r=g","contentUrl":"https:\/\/secure.gravatar.com\/avatar\/3ce5f9a246d49457589a37efa3e42a52?s=96&d=blank&r=g","caption":"Carolina Medina"},"url":"https:\/\/rioonwatch.org.br\/?author=163"}]}},"_links":{"self":[{"href":"https:\/\/rioonwatch.org.br\/index.php?rest_route=\/wp\/v2\/posts\/41159"}],"collection":[{"href":"https:\/\/rioonwatch.org.br\/index.php?rest_route=\/wp\/v2\/posts"}],"about":[{"href":"https:\/\/rioonwatch.org.br\/index.php?rest_route=\/wp\/v2\/types\/post"}],"author":[{"embeddable":true,"href":"https:\/\/rioonwatch.org.br\/index.php?rest_route=\/wp\/v2\/users\/163"}],"replies":[{"embeddable":true,"href":"https:\/\/rioonwatch.org.br\/index.php?rest_route=%2Fwp%2Fv2%2Fcomments&post=41159"}],"version-history":[{"count":70,"href":"https:\/\/rioonwatch.org.br\/index.php?rest_route=\/wp\/v2\/posts\/41159\/revisions"}],"predecessor-version":[{"id":41279,"href":"https:\/\/rioonwatch.org.br\/index.php?rest_route=\/wp\/v2\/posts\/41159\/revisions\/41279"}],"wp:featuredmedia":[{"embeddable":true,"href":"https:\/\/rioonwatch.org.br\/index.php?rest_route=\/wp\/v2\/media\/41221"}],"wp:attachment":[{"href":"https:\/\/rioonwatch.org.br\/index.php?rest_route=%2Fwp%2Fv2%2Fmedia&parent=41159"}],"wp:term":[{"taxonomy":"category","embeddable":true,"href":"https:\/\/rioonwatch.org.br\/index.php?rest_route=%2Fwp%2Fv2%2Fcategories&post=41159"},{"taxonomy":"post_tag","embeddable":true,"href":"https:\/\/rioonwatch.org.br\/index.php?rest_route=%2Fwp%2Fv2%2Ftags&post=41159"},{"taxonomy":"writer","embeddable":true,"href":"https:\/\/rioonwatch.org.br\/index.php?rest_route=%2Fwp%2Fv2%2Fwriter&post=41159"},{"taxonomy":"translator","embeddable":true,"href":"https:\/\/rioonwatch.org.br\/index.php?rest_route=%2Fwp%2Fv2%2Ftranslator&post=41159"},{"taxonomy":"source","embeddable":true,"href":"https:\/\/rioonwatch.org.br\/index.php?rest_route=%2Fwp%2Fv2%2Fsource&post=41159"},{"taxonomy":"ilustrador","embeddable":true,"href":"https:\/\/rioonwatch.org.br\/index.php?rest_route=%2Fwp%2Fv2%2Filustrador&post=41159"},{"taxonomy":"fotografo","embeddable":true,"href":"https:\/\/rioonwatch.org.br\/index.php?rest_route=%2Fwp%2Fv2%2Ffotografo&post=41159"}],"curies":[{"name":"wp","href":"https:\/\/api.w.org\/{rel}","templated":true}]}}