{"id":41170,"date":"2019-06-19T07:00:58","date_gmt":"2019-06-19T10:00:58","guid":{"rendered":"https:\/\/rioonwatch.org.br\/?p=41170"},"modified":"2019-06-20T09:18:02","modified_gmt":"2019-06-20T12:18:02","slug":"seminario-percursos-criativos-para-culturas-de-equidade-discute-solucoes-para-a-violencia-na-periferia","status":"publish","type":"post","link":"https:\/\/rioonwatch.org.br\/?p=41170","title":{"rendered":"Semin\u00e1rio &#8216;Percursos Criativos para Culturas de Equidade&#8217; Traz Solu\u00e7\u00f5es para a Viol\u00eancia Perif\u00e9rica"},"content":{"rendered":"<p style=\"text-align: right;\"><em><strong><a href=\"http:\/\/bit.ly\/2Kr1gLx\" target=\"_blank\" rel=\"noopener noreferrer\">Click Here for English<\/a><a href=\"http:\/\/bit.ly\/2Kr1gLx\" target=\"_blank\" rel=\"noopener noreferrer\"><img decoding=\"async\" width=\"20\" height=\"20\" class=\"alignright wp-image-15790\" src=\"http:\/\/rioonwatch.org.br\/wp-content\/uploads\/2012\/08\/EN-standard-e1439583104716.jpg\" \/><\/a><\/strong><\/em><\/p>\n<p>No dia 8 de maio, o semin\u00e1rio \u201c<a href=\"http:\/\/bit.ly\/2MkyjDv\" target=\"_blank\" rel=\"noopener noreferrer\">Viol\u00eancias de Estado: Resist\u00eancia e Pot\u00eancia das Periferias<\/a>\u201d foi realizado na PUC-Rio como parte de uma s\u00e9rie de tr\u00eas dias chamada \u201c<a href=\"http:\/\/bit.ly\/2MfiZYF\" target=\"_blank\" rel=\"noopener noreferrer\">Percursos Criativos para Culturas de Equidade<\/a>\u201d. O evento foi organizado pelo <a href=\"http:\/\/bit.ly\/2MgyXlv\" target=\"_blank\" rel=\"noopener noreferrer\">Global Gender and Cultures of Equity<\/a> (Global GRACE) em parceria com as organiza\u00e7\u00f5es <a href=\"http:\/\/bit.ly\/2MEYqVT\" target=\"_blank\" rel=\"noopener noreferrer\">Promundo Brasil<\/a>, <a href=\"http:\/\/bit.ly\/2FQ6348\" target=\"_blank\" rel=\"noopener noreferrer\">Instituto Maria e Jo\u00e3o Aleixo<\/a> (IMJA),\u00a0 <a href=\"http:\/\/bit.ly\/2GbTnsI\">Observat\u00f3rio de Favelas<\/a> e Instituto de Rela\u00e7\u00f5es Internacionais da PUC-Rio; bem como a organiza\u00e7\u00e3o mexicana <a href=\"http:\/\/bit.ly\/2MhQWYM\" target=\"_blank\" rel=\"noopener noreferrer\">Voces Mesoamericanas<\/a> e a <a href=\"http:\/\/bit.ly\/2Miu4bs\" target=\"_blank\" rel=\"noopener noreferrer\">Universidade Aut\u00f4noma de Chiapas<\/a>. Mediada pela coordenadora de comunica\u00e7\u00e3o do Promundo, Mohara Valle, a sess\u00e3o incluiu apresenta\u00e7\u00f5es de pesquisadores, professores, l\u00edderes de ONGs e artistas locais de toda a Am\u00e9rica Latina, que buscam maneiras de reduzir a viol\u00eancia entre os jovens por meio de alternativas art\u00edsticas e criativas.<\/p>\n<p><a href=\"https:\/\/rioonwatch.org.br\/wp-content\/uploads\/2019\/06\/percursos-criativos2.jpg\"><img fetchpriority=\"high\" decoding=\"async\" class=\"aligncenter size-content wp-image-41172\" src=\"https:\/\/rioonwatch.org.br\/wp-content\/uploads\/2019\/06\/percursos-criativos2-620x264.jpg\" alt=\"\" width=\"620\" height=\"264\" srcset=\"https:\/\/rioonwatch.org.br\/wp-content\/uploads\/2019\/06\/percursos-criativos2-620x264.jpg 620w, https:\/\/rioonwatch.org.br\/wp-content\/uploads\/2019\/06\/percursos-criativos2-940x400.jpg 940w\" sizes=\"(max-width: 620px) 100vw, 620px\" \/><\/a><\/p>\n<p>A sess\u00e3o come\u00e7ou com uma apresenta\u00e7\u00e3o em v\u00eddeo de Jos\u00e9 Manuel Valenzuela, pesquisador e professor do Departamento de Estudos Culturais do <a href=\"http:\/\/bit.ly\/2wkJpxA\" target=\"_blank\" rel=\"noopener noreferrer\">El Colegio de la Frontera Norte<\/a> (COLEF), no M\u00e9xico. Jos\u00e9 Manuel enfocou a viol\u00eancia contra jovens e mulheres em pa\u00edses da Am\u00e9rica Latina, do M\u00e9xico \u00e0 Col\u00f4mbia e no Brasil. Segundo Jos\u00e9 Manuel, estamos testemunhando \u201co <a href=\"http:\/\/bit.ly\/2R86dfR\" target=\"_blank\" rel=\"noopener noreferrer\">crescimento da necropol\u00edtica<\/a> em nossos pa\u00edses\u2014uma pol\u00edtica de morte em que certos grupos t\u00eam a capacidade de decidir quem merece viver e quem deve morrer\u201d. Ele elaborou os paralelos entre as pol\u00edticas atuais promulgadas no Brasil, onde <a href=\"http:\/\/bit.ly\/2R57gdX\" target=\"_blank\" rel=\"noopener noreferrer\">um jovem negro \u00e9 morto a cada 23 minutos<\/a> e no M\u00e9xico: \u201cEstes s\u00e3o [essencialmente] os mesmos jovens que est\u00e3o sendo <a href=\"http:\/\/bit.ly\/2HLocDB\" target=\"_blank\" rel=\"noopener noreferrer\">sistematicamente assassinados no M\u00e9xico<\/a> como parte de uma guerra irrespons\u00e1vel contra supostas organiza\u00e7\u00f5es criminosas\u201d, afirmou Jos\u00e9 Manuel. &#8220;O que estamos observando \u00e9 a <a href=\"http:\/\/bit.ly\/2buISj2\" target=\"_blank\" rel=\"noopener noreferrer\">criminaliza\u00e7\u00e3o da pobreza<\/a>&#8220;.<\/p>\n<p>O discurso de Jos\u00e9 Manuel foi seguido por uma apresenta\u00e7\u00e3o de Luciano Ramos, coordenador de projetos do Promundo\u2014uma organiza\u00e7\u00e3o global inicialmente nascida no Rio de Janeiro, que visa melhorar a igualdade de g\u00eanero em todo o mundo como forma de reduzir a viol\u00eancia. A apresenta\u00e7\u00e3o enfocou a influ\u00eancia da masculinidade na juventude em comunidades de baixa renda e como essa masculinidade contribui para a viol\u00eancia no Brasil. Luciano explicou a miss\u00e3o de sua organiza\u00e7\u00e3o, que trabalha com homens e mulheres jovens para transformar o conceito de masculinidade e assim reduzir a viol\u00eancia na periferia: \u201cA gente tem buscado fazer dentro do Promundo um trabalho com meninos, crian\u00e7as, adolescentes, jovens e tamb\u00e9m com homens adultos dentro das comunidades, na perspectiva da mudan\u00e7a, da desconstru\u00e7\u00e3o de normas de g\u00eanero e do conhecimento de novas masculinidades\u201d. Luciano afirmou que normas de g\u00eanero profundamente arraigadas e fortes identidades masculinas est\u00e3o entre as principais causas de viol\u00eancia e controle procuradas por homens jovens em periferias urbanas, contribuindo tamb\u00e9m para a viol\u00eancia contra as mulheres em comunidades de baixa renda.<\/p>\n<p>Tamb\u00e9m participou do painel Raquel Willadino, coordenadora de direitos humanos do <a href=\"http:\/\/bit.ly\/2GbTnsI\">Observat\u00f3rio de Favelas<\/a>\u2014uma organiza\u00e7\u00e3o de pesquisa, consultoria e a\u00e7\u00e3o p\u00fablica sediada nas favelas do <a href=\"http:\/\/bit.ly\/2K1s59x\" target=\"_blank\" rel=\"noopener noreferrer\">Complexo da Mar\u00e9<\/a>, que visa contribuir para a formula\u00e7\u00e3o de pol\u00edticas p\u00fablicas eficazes para as favelas do Rio de Janeiro. Raquel afirmou que o objetivo de sua organiza\u00e7\u00e3o \u00e9 reduzir as desigualdades sociais, fortalecer a democracia e proteger os direitos nessas comunidades.<\/p>\n<p><a href=\"https:\/\/rioonwatch.org.br\/wp-content\/uploads\/2019\/06\/Raquel-Willadino-percursos-criativos.jpeg\"><img decoding=\"async\" class=\"aligncenter wp-image-41173 size-content\" title=\"Raquel Willadino, diretora de e coordenadora de Direitos Humanos no Observat\u00f3rio de Favelas, fala no evento.\" src=\"https:\/\/rioonwatch.org.br\/wp-content\/uploads\/2019\/06\/Raquel-Willadino-percursos-criativos-620x264.jpeg\" alt=\"\" width=\"620\" height=\"264\" srcset=\"https:\/\/rioonwatch.org.br\/wp-content\/uploads\/2019\/06\/Raquel-Willadino-percursos-criativos-620x264.jpeg 620w, https:\/\/rioonwatch.org.br\/wp-content\/uploads\/2019\/06\/Raquel-Willadino-percursos-criativos-768x327.jpeg 768w, https:\/\/rioonwatch.org.br\/wp-content\/uploads\/2019\/06\/Raquel-Willadino-percursos-criativos-1024x436.jpeg 1024w, https:\/\/rioonwatch.org.br\/wp-content\/uploads\/2019\/06\/Raquel-Willadino-percursos-criativos-940x400.jpeg 940w, https:\/\/rioonwatch.org.br\/wp-content\/uploads\/2019\/06\/Raquel-Willadino-percursos-criativos.jpeg 1200w\" sizes=\"(max-width: 620px) 100vw, 620px\" \/><\/a><\/p>\n<p>Um destaque do semin\u00e1rio foi a perspicaz apresenta\u00e7\u00e3o perspectiva em primeira m\u00e3o de Shyrlei Rosendo, que \u00e9 membro do \u201c<a href=\"http:\/\/bit.ly\/2AAxEaX\" target=\"_blank\" rel=\"noopener noreferrer\">Basta de Viol\u00eancia! Outra Mar\u00e9 \u00e9 Poss\u00edvel!<\/a>\u201d\u2014um f\u00f3rum que conecta diversas associa\u00e7\u00f5es, organiza\u00e7\u00f5es e moradores da Mar\u00e9 para promover a\u00e7\u00f5es coletivas, reduzir a viol\u00eancia e encontrar novas formas de garantir a seguran\u00e7a p\u00fablica. Como moradora da Mar\u00e9, Shyrlei passou minuciosamente pela hist\u00f3ria do <a href=\"http:\/\/bit.ly\/2jQgHwX\" target=\"_blank\" rel=\"noopener noreferrer\">bairro de quase 80 anos<\/a>, enfatizando o fato de que nove das dezesseis favelas da Mar\u00e9 foram <a href=\"http:\/\/bit.ly\/2jQgHwX\" target=\"_blank\" rel=\"noopener noreferrer\">criadas como resultado de interven\u00e7\u00e3o estatal<\/a>, em grande parte como complexos habitacionais destinados a acomodar moradores deslocados pela remo\u00e7\u00e3o de palafitas na \u00e1rea. Ela explicou que a constru\u00e7\u00e3o da favela da Mar\u00e9 est\u00e1 intrinsecamente ligada \u00e0 <a href=\"http:\/\/bit.ly\/2jQgHwX\" target=\"_blank\" rel=\"noopener noreferrer\">constru\u00e7\u00e3o financiada pelo governo<\/a> da <a href=\"http:\/\/bit.ly\/2VF1UGY\" target=\"_blank\" rel=\"noopener noreferrer\">Avenida Brasil<\/a>, da <a href=\"http:\/\/bit.ly\/2ufQj77\" target=\"_blank\" rel=\"noopener noreferrer\">Funda\u00e7\u00e3o Oswaldo Cruz<\/a> (Fiocruz), e a Cidade Universit\u00e1ria da <a href=\"http:\/\/bit.ly\/2Q3NeyJ\" target=\"_blank\" rel=\"noopener noreferrer\">UFRJ<\/a>, uma vez que esses desenvolvimentos estimularam os assentamentos nas regi\u00f5es ao redor. Shyrlei apresentou uma hist\u00f3ria da favela que muitos moradores do Rio de Janeiro desconhecem e enfatizou a import\u00e2ncia dessa hist\u00f3ria para a cria\u00e7\u00e3o de solu\u00e7\u00f5es atuais. Esse entendimento comum \u00e9 essencial para o desenvolvimento da favela e para a garantia dos direitos legais dos moradores.<\/p>\n<p>A segunda parte da apresenta\u00e7\u00e3o de Shyrlei enfocou na quest\u00e3o da seguran\u00e7a p\u00fablica dentro da comunidade da Mar\u00e9. Ela levantou quest\u00f5es sobre a presen\u00e7a de opera\u00e7\u00f5es policiais e policiais na favela e como moradores de favelas s\u00e3o vistos pela sociedade mais ampla do Rio. \u201cOntem, eu fiquei me perguntando se seria poss\u00edvel uma opera\u00e7\u00e3o policial como aquela no <a href=\"http:\/\/bit.ly\/1OKB9XY\" target=\"_blank\" rel=\"noopener noreferrer\">Leblon<\/a>, se <a href=\"http:\/\/bit.ly\/2Jnk6CH\" target=\"_blank\" rel=\"noopener noreferrer\">usariam helic\u00f3pteros<\/a> no meio da pra\u00e7a que tem aqui\u201d, afirmou, questionando a garantia seletiva de seguran\u00e7a p\u00fablica para um determinado segmento da sociedade em detrimento de outro.<\/p>\n<p>As opera\u00e7\u00f5es policiais nas favelas, <a href=\"http:\/\/bit.ly\/1jjhixT\" target=\"_blank\" rel=\"noopener noreferrer\">ao longo da hist\u00f3ria<\/a>, impediram a vida de cidad\u00e3os comuns e causaram a morte desnecess\u00e1ria de pessoas inocentes. Shyrlei apresentou estat\u00edsticas chocantes sobre os efeitos das opera\u00e7\u00f5es policiais nas favelas da Mar\u00e9. Em 2017, a Mar\u00e9 testemunhou <a href=\"http:\/\/bit.ly\/2Mm2o5E\" target=\"_blank\" rel=\"noopener noreferrer\">41 opera\u00e7\u00f5es policiais e 42 mortes<\/a> resultantes de interven\u00e7\u00e3o do governo. No entanto, os efeitos negativos dessas interven\u00e7\u00f5es <a href=\"http:\/\/bit.ly\/2MvfVI1\" target=\"_blank\" rel=\"noopener noreferrer\">v\u00e3o muito al\u00e9m das mortes<\/a>. As opera\u00e7\u00f5es causaram dias e at\u00e9 meses de fechamentos de escolas e centros de sa\u00fade, afetando o dia a dia dos moradores da Mar\u00e9\u2014especialmente os jovens.<\/p>\n<p><a href=\"https:\/\/rioonwatch.org.br\/wp-content\/uploads\/2019\/06\/Shyrlei-Rosendo-percursos-criativos.jpeg\"><img loading=\"lazy\" decoding=\"async\" class=\"aligncenter wp-image-41175 size-content\" title=\"Shyrlei Rosendo, moradora da Mar\u00e9 e membro do F\u00f3rum Basta de Viol\u00eancia! Outra Mar\u00e9 \u00e9 poss\u00edvel, fala no evento.\" src=\"https:\/\/rioonwatch.org.br\/wp-content\/uploads\/2019\/06\/Shyrlei-Rosendo-percursos-criativos-620x264.jpeg\" alt=\"\" width=\"620\" height=\"264\" srcset=\"https:\/\/rioonwatch.org.br\/wp-content\/uploads\/2019\/06\/Shyrlei-Rosendo-percursos-criativos-620x264.jpeg 620w, https:\/\/rioonwatch.org.br\/wp-content\/uploads\/2019\/06\/Shyrlei-Rosendo-percursos-criativos-940x400.jpeg 940w\" sizes=\"(max-width: 620px) 100vw, 620px\" \/><\/a><\/p>\n<p>Shyrlei concluiu sua apresenta\u00e7\u00e3o concentrando-se na <a href=\"http:\/\/bit.ly\/2rQ2UMG\" target=\"_blank\" rel=\"noopener noreferrer\">longa hist\u00f3ria de organiza\u00e7\u00e3o e resist\u00eancia<\/a>\u00a0da Mar\u00e9 e em como a comunidade hoje pode se organizar para garantir melhor a seguran\u00e7a de seus moradores. \u201cAcho que vale a pena dizer que a favela n\u00e3o \u00e9 s\u00f3 um lugar de dor, \u00e9 um lugar de vida\u201d, afirmou. Ela passou a descrever a necessidade de espa\u00e7os comuns e movimentos na Mar\u00e9 para garantir a seguran\u00e7a p\u00fablica, enfatizando a import\u00e2ncia da resist\u00eancia coletiva e da organiza\u00e7\u00e3o. A dedica\u00e7\u00e3o de Shyrlei \u00e0 organiza\u00e7\u00e3o comunit\u00e1ria dentro da favela, juntamente com apresenta\u00e7\u00f5es feitas por outros professores, organizadores de ONGs e pesquisadores, mostraram o potencial da a\u00e7\u00e3o coletiva na produ\u00e7\u00e3o de solu\u00e7\u00f5es para quest\u00f5es de viol\u00eancia na periferia.<\/p>\n<!-- AddThis Advanced Settings generic via filter on the_content --><!-- AddThis Share Buttons generic via filter on the_content -->","protected":false},"excerpt":{"rendered":"<div class=\"mh-excerpt\"><p>Click Here for English No dia 8 de maio, o semin\u00e1rio \u201cViol\u00eancias de Estado: Resist\u00eancia e Pot\u00eancia das Periferias\u201d foi realizado na PUC-Rio como parte de uma s\u00e9rie de tr\u00eas dias chamada \u201cPercursos Criativos para <a class=\"mh-excerpt-more\" href=\"https:\/\/rioonwatch.org.br\/?p=41170\" title=\"Semin\u00e1rio &#8216;Percursos Criativos para Culturas de Equidade&#8217; Traz Solu\u00e7\u00f5es para a Viol\u00eancia Perif\u00e9rica\">[&#8230;]<\/a><!-- AddThis Advanced Settings generic via filter on get_the_excerpt --><!-- AddThis Share Buttons generic via filter on get_the_excerpt --><\/p>\n<\/div>","protected":false},"author":152,"featured_media":41171,"comment_status":"closed","ping_status":"closed","sticky":false,"template":"","format":"standard","meta":{"_acf_changed":false,"_monsterinsights_skip_tracking":false,"_monsterinsights_sitenote_active":false,"_monsterinsights_sitenote_note":"","_monsterinsights_sitenote_category":0,"footnotes":""},"categories":[1627,1631,1626,342],"tags":[1170,1854,759,332,2146,42,2253,2459,113,1560,663,358,304,1545,432,672,476,2193,2387,920,52,1144,218],"writer":[2651],"translator":[1971],"source":[],"ilustrador":[],"fotografo":[],"class_list":{"0":"post-41170","1":"post","2":"type-post","3":"status-publish","4":"format-standard","5":"has-post-thumbnail","7":"category-relato-de-evento","8":"category-entendendo-o-rio","9":"category-por-observadores-internacionais","10":"category-solucoes","11":"tag-america-latina","12":"tag-avenida-brasil","13":"tag-comparacao-internacional","14":"tag-complexo-da-mare","15":"tag-fiocruz","16":"tag-genero","17":"tag-guerra-as-drogas","18":"tag-imja","19":"tag-juventude","20":"tag-mexico","21":"tag-observatorio-de-favelas","22":"tag-organizacao-comunitaria","23":"tag-participacao","24":"tag-puc","25":"tag-resistencia","26":"tag-seguranca-publica","27":"tag-solucao-comunitaria","28":"tag-ufrj","29":"tag-violencia-contra-a-mulher","30":"tag-violencia-de-estado","31":"tag-violencia-policial","32":"tag-violencia-urbana","33":"tag-zona-norte","34":"writer-zaynah-karem","35":"translator-geovanna-giannini"},"acf":[],"yoast_head":"<!-- This site is optimized with the Yoast SEO plugin v25.6 - https:\/\/yoast.com\/wordpress\/plugins\/seo\/ -->\n<title>Semin\u00e1rio &#039;Percursos Criativos para Culturas de Equidade&#039; Traz Solu\u00e7\u00f5es para a Viol\u00eancia Perif\u00e9rica - RioOnWatch<\/title>\n<meta name=\"robots\" content=\"index, follow, max-snippet:-1, max-image-preview:large, max-video-preview:-1\" \/>\n<link rel=\"canonical\" href=\"https:\/\/rioonwatch.org.br\/?p=41170\" \/>\n<meta property=\"og:locale\" content=\"pt_BR\" \/>\n<meta property=\"og:type\" content=\"article\" \/>\n<meta property=\"og:title\" content=\"Semin\u00e1rio &#039;Percursos Criativos para Culturas de Equidade&#039; Traz Solu\u00e7\u00f5es para a Viol\u00eancia Perif\u00e9rica - RioOnWatch\" \/>\n<meta property=\"og:description\" content=\"Click Here for English No dia 8 de maio, o semin\u00e1rio \u201cViol\u00eancias de Estado: Resist\u00eancia e Pot\u00eancia das Periferias\u201d foi realizado na PUC-Rio como parte de uma s\u00e9rie de tr\u00eas dias chamada \u201cPercursos Criativos para [...]\" \/>\n<meta property=\"og:url\" content=\"https:\/\/rioonwatch.org.br\/?p=41170\" \/>\n<meta property=\"og:site_name\" content=\"RioOnWatch\" \/>\n<meta property=\"article:published_time\" content=\"2019-06-19T10:00:58+00:00\" \/>\n<meta property=\"article:modified_time\" content=\"2019-06-20T12:18:02+00:00\" \/>\n<meta property=\"og:image\" content=\"https:\/\/rioonwatch.org.br\/wp-content\/uploads\/2019\/06\/percursos-criativos1.png\" \/>\n\t<meta property=\"og:image:width\" content=\"624\" \/>\n\t<meta property=\"og:image:height\" content=\"251\" \/>\n\t<meta property=\"og:image:type\" content=\"image\/png\" \/>\n<meta name=\"author\" content=\"Luisa Fenizola\" \/>\n<meta name=\"twitter:card\" content=\"summary_large_image\" \/>\n<meta name=\"twitter:label1\" content=\"Escrito por\" \/>\n\t<meta name=\"twitter:data1\" content=\"Luisa Fenizola\" \/>\n\t<meta name=\"twitter:label2\" content=\"Est. tempo de leitura\" \/>\n\t<meta name=\"twitter:data2\" content=\"6 minutos\" \/>\n<script type=\"application\/ld+json\" class=\"yoast-schema-graph\">{\"@context\":\"https:\/\/schema.org\",\"@graph\":[{\"@type\":\"Article\",\"@id\":\"https:\/\/rioonwatch.org.br\/?p=41170#article\",\"isPartOf\":{\"@id\":\"https:\/\/rioonwatch.org.br\/?p=41170\"},\"author\":{\"name\":\"Luisa Fenizola\",\"@id\":\"https:\/\/rioonwatch.org.br\/#\/schema\/person\/f443c6b55bb6e80842280318076491c5\"},\"headline\":\"Semin\u00e1rio &#8216;Percursos Criativos para Culturas de Equidade&#8217; Traz Solu\u00e7\u00f5es para a Viol\u00eancia Perif\u00e9rica\",\"datePublished\":\"2019-06-19T10:00:58+00:00\",\"dateModified\":\"2019-06-20T12:18:02+00:00\",\"mainEntityOfPage\":{\"@id\":\"https:\/\/rioonwatch.org.br\/?p=41170\"},\"wordCount\":1147,\"publisher\":{\"@id\":\"https:\/\/rioonwatch.org.br\/#organization\"},\"image\":{\"@id\":\"https:\/\/rioonwatch.org.br\/?p=41170#primaryimage\"},\"thumbnailUrl\":\"https:\/\/rioonwatch.org.br\/wp-content\/uploads\/2019\/06\/percursos-criativos1.png\",\"keywords\":[\"Am\u00e9rica Latina\",\"Avenida Brasil\",\"compara\u00e7\u00e3o internacional\",\"Complexo da Mar\u00e9\",\"Fiocruz\",\"g\u00eanero\",\"guerra \u00e0s drogas\",\"IMJA\",\"juventude\",\"M\u00e9xico\",\"Observat\u00f3rio de Favelas\",\"organiza\u00e7\u00e3o comunit\u00e1ria\",\"participa\u00e7\u00e3o\",\"PUC\",\"resist\u00eancia\",\"seguran\u00e7a p\u00fablica\",\"solu\u00e7\u00e3o comunit\u00e1ria\",\"UFRJ\",\"viol\u00eancia contra a mulher\",\"viol\u00eancia de Estado\",\"viol\u00eancia policial\",\"viol\u00eancia urbana\",\"Zona Norte\"],\"articleSection\":[\"Cobertura de Eventos\",\"Entendendo o Rio\",\"Escrito por Aliados\",\"Solu\u00e7\u00f5es\"],\"inLanguage\":\"pt-BR\"},{\"@type\":\"WebPage\",\"@id\":\"https:\/\/rioonwatch.org.br\/?p=41170\",\"url\":\"https:\/\/rioonwatch.org.br\/?p=41170\",\"name\":\"Semin\u00e1rio 'Percursos Criativos para Culturas de Equidade' Traz Solu\u00e7\u00f5es para a Viol\u00eancia Perif\u00e9rica - RioOnWatch\",\"isPartOf\":{\"@id\":\"https:\/\/rioonwatch.org.br\/#website\"},\"primaryImageOfPage\":{\"@id\":\"https:\/\/rioonwatch.org.br\/?p=41170#primaryimage\"},\"image\":{\"@id\":\"https:\/\/rioonwatch.org.br\/?p=41170#primaryimage\"},\"thumbnailUrl\":\"https:\/\/rioonwatch.org.br\/wp-content\/uploads\/2019\/06\/percursos-criativos1.png\",\"datePublished\":\"2019-06-19T10:00:58+00:00\",\"dateModified\":\"2019-06-20T12:18:02+00:00\",\"breadcrumb\":{\"@id\":\"https:\/\/rioonwatch.org.br\/?p=41170#breadcrumb\"},\"inLanguage\":\"pt-BR\",\"potentialAction\":[{\"@type\":\"ReadAction\",\"target\":[\"https:\/\/rioonwatch.org.br\/?p=41170\"]}]},{\"@type\":\"ImageObject\",\"inLanguage\":\"pt-BR\",\"@id\":\"https:\/\/rioonwatch.org.br\/?p=41170#primaryimage\",\"url\":\"https:\/\/rioonwatch.org.br\/wp-content\/uploads\/2019\/06\/percursos-criativos1.png\",\"contentUrl\":\"https:\/\/rioonwatch.org.br\/wp-content\/uploads\/2019\/06\/percursos-criativos1.png\",\"width\":624,\"height\":251},{\"@type\":\"BreadcrumbList\",\"@id\":\"https:\/\/rioonwatch.org.br\/?p=41170#breadcrumb\",\"itemListElement\":[{\"@type\":\"ListItem\",\"position\":1,\"name\":\"In\u00edcio\",\"item\":\"https:\/\/rioonwatch.org.br\/\"},{\"@type\":\"ListItem\",\"position\":2,\"name\":\"Semin\u00e1rio &#8216;Percursos Criativos para Culturas de Equidade&#8217; Traz Solu\u00e7\u00f5es para a Viol\u00eancia Perif\u00e9rica\"}]},{\"@type\":\"WebSite\",\"@id\":\"https:\/\/rioonwatch.org.br\/#website\",\"url\":\"https:\/\/rioonwatch.org.br\/\",\"name\":\"RioOnWatch\",\"description\":\"relatos das favelas cariocas\",\"publisher\":{\"@id\":\"https:\/\/rioonwatch.org.br\/#organization\"},\"potentialAction\":[{\"@type\":\"SearchAction\",\"target\":{\"@type\":\"EntryPoint\",\"urlTemplate\":\"https:\/\/rioonwatch.org.br\/?s={search_term_string}\"},\"query-input\":{\"@type\":\"PropertyValueSpecification\",\"valueRequired\":true,\"valueName\":\"search_term_string\"}}],\"inLanguage\":\"pt-BR\"},{\"@type\":\"Organization\",\"@id\":\"https:\/\/rioonwatch.org.br\/#organization\",\"name\":\"RioOnWatch\",\"url\":\"https:\/\/rioonwatch.org.br\/\",\"logo\":{\"@type\":\"ImageObject\",\"inLanguage\":\"pt-BR\",\"@id\":\"https:\/\/rioonwatch.org.br\/#\/schema\/logo\/image\/\",\"url\":\"https:\/\/rioonwatch.org.br\/wp-content\/uploads\/2021\/06\/RioOnWatchcabecalhoPT11anos-2.png\",\"contentUrl\":\"https:\/\/rioonwatch.org.br\/wp-content\/uploads\/2021\/06\/RioOnWatchcabecalhoPT11anos-2.png\",\"width\":779,\"height\":277,\"caption\":\"RioOnWatch\"},\"image\":{\"@id\":\"https:\/\/rioonwatch.org.br\/#\/schema\/logo\/image\/\"}},{\"@type\":\"Person\",\"@id\":\"https:\/\/rioonwatch.org.br\/#\/schema\/person\/f443c6b55bb6e80842280318076491c5\",\"name\":\"Luisa Fenizola\",\"image\":{\"@type\":\"ImageObject\",\"inLanguage\":\"pt-BR\",\"@id\":\"https:\/\/rioonwatch.org.br\/#\/schema\/person\/image\/\",\"url\":\"https:\/\/secure.gravatar.com\/avatar\/a3d551110162b9f876cbbdaaecf75663?s=96&d=blank&r=g\",\"contentUrl\":\"https:\/\/secure.gravatar.com\/avatar\/a3d551110162b9f876cbbdaaecf75663?s=96&d=blank&r=g\",\"caption\":\"Luisa Fenizola\"},\"url\":\"https:\/\/rioonwatch.org.br\/?author=152\"}]}<\/script>\n<!-- \/ Yoast SEO plugin. -->","yoast_head_json":{"title":"Semin\u00e1rio 'Percursos Criativos para Culturas de Equidade' Traz Solu\u00e7\u00f5es para a Viol\u00eancia Perif\u00e9rica - RioOnWatch","robots":{"index":"index","follow":"follow","max-snippet":"max-snippet:-1","max-image-preview":"max-image-preview:large","max-video-preview":"max-video-preview:-1"},"canonical":"https:\/\/rioonwatch.org.br\/?p=41170","og_locale":"pt_BR","og_type":"article","og_title":"Semin\u00e1rio 'Percursos Criativos para Culturas de Equidade' Traz Solu\u00e7\u00f5es para a Viol\u00eancia Perif\u00e9rica - RioOnWatch","og_description":"Click Here for English No dia 8 de maio, o semin\u00e1rio \u201cViol\u00eancias de Estado: Resist\u00eancia e Pot\u00eancia das Periferias\u201d foi realizado na PUC-Rio como parte de uma s\u00e9rie de tr\u00eas dias chamada \u201cPercursos Criativos para [...]","og_url":"https:\/\/rioonwatch.org.br\/?p=41170","og_site_name":"RioOnWatch","article_published_time":"2019-06-19T10:00:58+00:00","article_modified_time":"2019-06-20T12:18:02+00:00","og_image":[{"width":624,"height":251,"url":"https:\/\/rioonwatch.org.br\/wp-content\/uploads\/2019\/06\/percursos-criativos1.png","type":"image\/png"}],"author":"Luisa Fenizola","twitter_card":"summary_large_image","twitter_misc":{"Escrito por":"Luisa Fenizola","Est. tempo de leitura":"6 minutos"},"schema":{"@context":"https:\/\/schema.org","@graph":[{"@type":"Article","@id":"https:\/\/rioonwatch.org.br\/?p=41170#article","isPartOf":{"@id":"https:\/\/rioonwatch.org.br\/?p=41170"},"author":{"name":"Luisa Fenizola","@id":"https:\/\/rioonwatch.org.br\/#\/schema\/person\/f443c6b55bb6e80842280318076491c5"},"headline":"Semin\u00e1rio &#8216;Percursos Criativos para Culturas de Equidade&#8217; Traz Solu\u00e7\u00f5es para a Viol\u00eancia Perif\u00e9rica","datePublished":"2019-06-19T10:00:58+00:00","dateModified":"2019-06-20T12:18:02+00:00","mainEntityOfPage":{"@id":"https:\/\/rioonwatch.org.br\/?p=41170"},"wordCount":1147,"publisher":{"@id":"https:\/\/rioonwatch.org.br\/#organization"},"image":{"@id":"https:\/\/rioonwatch.org.br\/?p=41170#primaryimage"},"thumbnailUrl":"https:\/\/rioonwatch.org.br\/wp-content\/uploads\/2019\/06\/percursos-criativos1.png","keywords":["Am\u00e9rica Latina","Avenida Brasil","compara\u00e7\u00e3o internacional","Complexo da Mar\u00e9","Fiocruz","g\u00eanero","guerra \u00e0s drogas","IMJA","juventude","M\u00e9xico","Observat\u00f3rio de Favelas","organiza\u00e7\u00e3o comunit\u00e1ria","participa\u00e7\u00e3o","PUC","resist\u00eancia","seguran\u00e7a p\u00fablica","solu\u00e7\u00e3o comunit\u00e1ria","UFRJ","viol\u00eancia contra a mulher","viol\u00eancia de Estado","viol\u00eancia policial","viol\u00eancia urbana","Zona Norte"],"articleSection":["Cobertura de Eventos","Entendendo o Rio","Escrito por Aliados","Solu\u00e7\u00f5es"],"inLanguage":"pt-BR"},{"@type":"WebPage","@id":"https:\/\/rioonwatch.org.br\/?p=41170","url":"https:\/\/rioonwatch.org.br\/?p=41170","name":"Semin\u00e1rio 'Percursos Criativos para Culturas de Equidade' Traz Solu\u00e7\u00f5es para a Viol\u00eancia Perif\u00e9rica - RioOnWatch","isPartOf":{"@id":"https:\/\/rioonwatch.org.br\/#website"},"primaryImageOfPage":{"@id":"https:\/\/rioonwatch.org.br\/?p=41170#primaryimage"},"image":{"@id":"https:\/\/rioonwatch.org.br\/?p=41170#primaryimage"},"thumbnailUrl":"https:\/\/rioonwatch.org.br\/wp-content\/uploads\/2019\/06\/percursos-criativos1.png","datePublished":"2019-06-19T10:00:58+00:00","dateModified":"2019-06-20T12:18:02+00:00","breadcrumb":{"@id":"https:\/\/rioonwatch.org.br\/?p=41170#breadcrumb"},"inLanguage":"pt-BR","potentialAction":[{"@type":"ReadAction","target":["https:\/\/rioonwatch.org.br\/?p=41170"]}]},{"@type":"ImageObject","inLanguage":"pt-BR","@id":"https:\/\/rioonwatch.org.br\/?p=41170#primaryimage","url":"https:\/\/rioonwatch.org.br\/wp-content\/uploads\/2019\/06\/percursos-criativos1.png","contentUrl":"https:\/\/rioonwatch.org.br\/wp-content\/uploads\/2019\/06\/percursos-criativos1.png","width":624,"height":251},{"@type":"BreadcrumbList","@id":"https:\/\/rioonwatch.org.br\/?p=41170#breadcrumb","itemListElement":[{"@type":"ListItem","position":1,"name":"In\u00edcio","item":"https:\/\/rioonwatch.org.br\/"},{"@type":"ListItem","position":2,"name":"Semin\u00e1rio &#8216;Percursos Criativos para Culturas de Equidade&#8217; Traz Solu\u00e7\u00f5es para a Viol\u00eancia Perif\u00e9rica"}]},{"@type":"WebSite","@id":"https:\/\/rioonwatch.org.br\/#website","url":"https:\/\/rioonwatch.org.br\/","name":"RioOnWatch","description":"relatos das favelas cariocas","publisher":{"@id":"https:\/\/rioonwatch.org.br\/#organization"},"potentialAction":[{"@type":"SearchAction","target":{"@type":"EntryPoint","urlTemplate":"https:\/\/rioonwatch.org.br\/?s={search_term_string}"},"query-input":{"@type":"PropertyValueSpecification","valueRequired":true,"valueName":"search_term_string"}}],"inLanguage":"pt-BR"},{"@type":"Organization","@id":"https:\/\/rioonwatch.org.br\/#organization","name":"RioOnWatch","url":"https:\/\/rioonwatch.org.br\/","logo":{"@type":"ImageObject","inLanguage":"pt-BR","@id":"https:\/\/rioonwatch.org.br\/#\/schema\/logo\/image\/","url":"https:\/\/rioonwatch.org.br\/wp-content\/uploads\/2021\/06\/RioOnWatchcabecalhoPT11anos-2.png","contentUrl":"https:\/\/rioonwatch.org.br\/wp-content\/uploads\/2021\/06\/RioOnWatchcabecalhoPT11anos-2.png","width":779,"height":277,"caption":"RioOnWatch"},"image":{"@id":"https:\/\/rioonwatch.org.br\/#\/schema\/logo\/image\/"}},{"@type":"Person","@id":"https:\/\/rioonwatch.org.br\/#\/schema\/person\/f443c6b55bb6e80842280318076491c5","name":"Luisa Fenizola","image":{"@type":"ImageObject","inLanguage":"pt-BR","@id":"https:\/\/rioonwatch.org.br\/#\/schema\/person\/image\/","url":"https:\/\/secure.gravatar.com\/avatar\/a3d551110162b9f876cbbdaaecf75663?s=96&d=blank&r=g","contentUrl":"https:\/\/secure.gravatar.com\/avatar\/a3d551110162b9f876cbbdaaecf75663?s=96&d=blank&r=g","caption":"Luisa Fenizola"},"url":"https:\/\/rioonwatch.org.br\/?author=152"}]}},"_links":{"self":[{"href":"https:\/\/rioonwatch.org.br\/index.php?rest_route=\/wp\/v2\/posts\/41170"}],"collection":[{"href":"https:\/\/rioonwatch.org.br\/index.php?rest_route=\/wp\/v2\/posts"}],"about":[{"href":"https:\/\/rioonwatch.org.br\/index.php?rest_route=\/wp\/v2\/types\/post"}],"author":[{"embeddable":true,"href":"https:\/\/rioonwatch.org.br\/index.php?rest_route=\/wp\/v2\/users\/152"}],"replies":[{"embeddable":true,"href":"https:\/\/rioonwatch.org.br\/index.php?rest_route=%2Fwp%2Fv2%2Fcomments&post=41170"}],"version-history":[{"count":15,"href":"https:\/\/rioonwatch.org.br\/index.php?rest_route=\/wp\/v2\/posts\/41170\/revisions"}],"predecessor-version":[{"id":41457,"href":"https:\/\/rioonwatch.org.br\/index.php?rest_route=\/wp\/v2\/posts\/41170\/revisions\/41457"}],"wp:featuredmedia":[{"embeddable":true,"href":"https:\/\/rioonwatch.org.br\/index.php?rest_route=\/wp\/v2\/media\/41171"}],"wp:attachment":[{"href":"https:\/\/rioonwatch.org.br\/index.php?rest_route=%2Fwp%2Fv2%2Fmedia&parent=41170"}],"wp:term":[{"taxonomy":"category","embeddable":true,"href":"https:\/\/rioonwatch.org.br\/index.php?rest_route=%2Fwp%2Fv2%2Fcategories&post=41170"},{"taxonomy":"post_tag","embeddable":true,"href":"https:\/\/rioonwatch.org.br\/index.php?rest_route=%2Fwp%2Fv2%2Ftags&post=41170"},{"taxonomy":"writer","embeddable":true,"href":"https:\/\/rioonwatch.org.br\/index.php?rest_route=%2Fwp%2Fv2%2Fwriter&post=41170"},{"taxonomy":"translator","embeddable":true,"href":"https:\/\/rioonwatch.org.br\/index.php?rest_route=%2Fwp%2Fv2%2Ftranslator&post=41170"},{"taxonomy":"source","embeddable":true,"href":"https:\/\/rioonwatch.org.br\/index.php?rest_route=%2Fwp%2Fv2%2Fsource&post=41170"},{"taxonomy":"ilustrador","embeddable":true,"href":"https:\/\/rioonwatch.org.br\/index.php?rest_route=%2Fwp%2Fv2%2Filustrador&post=41170"},{"taxonomy":"fotografo","embeddable":true,"href":"https:\/\/rioonwatch.org.br\/index.php?rest_route=%2Fwp%2Fv2%2Ffotografo&post=41170"}],"curies":[{"name":"wp","href":"https:\/\/api.w.org\/{rel}","templated":true}]}}