{"id":41229,"date":"2019-06-24T11:52:44","date_gmt":"2019-06-24T14:52:44","guid":{"rendered":"https:\/\/rioonwatch.org.br\/?p=41229"},"modified":"2024-06-20T15:55:37","modified_gmt":"2024-06-20T18:55:37","slug":"documentario-voz-ecoa-destaca-projetos-comunitarios-de-sustentabilidade-em-favelas-resenha","status":"publish","type":"post","link":"https:\/\/rioonwatch.org.br\/?p=41229","title":{"rendered":"Document\u00e1rio &#8216;Voz Ecoa&#8217; Destaca Projetos Comunit\u00e1rios de Sustentabilidade em Favelas"},"content":{"rendered":"<p style=\"text-align: right;\"><em><strong><a href=\"http:\/\/bit.ly\/2KtVOZ9\" target=\"_blank\" rel=\"noopener noreferrer\">Click Here for English<\/a><a href=\"http:\/\/bit.ly\/2KtVOZ9\" target=\"_blank\" rel=\"noopener noreferrer\"><img decoding=\"async\" width=\"20\" height=\"20\" class=\"alignright wp-image-15790\" src=\"http:\/\/rioonwatch.org.br\/wp-content\/uploads\/2012\/08\/EN-standard-e1439583104716.jpg\" \/><\/a><\/strong><\/em><\/p>\n<p>No dia 11 de maio, o jornal comunit\u00e1rio e organiza\u00e7\u00e3o filantr\u00f3pica <em><a href=\"http:\/\/bit.ly\/2JhMwyE\" target=\"_blank\" rel=\"noopener noreferrer\">Voz das Comunidades<\/a>,<\/em> do <a href=\"http:\/\/bit.ly\/2Jz2yW3\" target=\"_blank\" rel=\"noopener noreferrer\">Complexo do Alem\u00e3o<\/a> na <a href=\"http:\/\/bit.ly\/2ETpYR1\" target=\"_blank\" rel=\"noopener noreferrer\">Zona Norte<\/a> do Rio de Janeiro, <a href=\"http:\/\/bit.ly\/2YQTQFl\" target=\"_blank\" rel=\"noopener noreferrer\">lan\u00e7ou seu primeiro document\u00e1rio em curta-metragem<\/a>, o <em>Voz Ecoa: Meio Ambiente e Sustentabilidade na Favela<\/em>. Produzido pelo <em>Voz das Comunidades<\/em> e a Empresa J\u00fanior da PUC-Rio<em>\u2014<\/em>uma empresa de consultaria interdisciplinar gerida por estudantes<em>\u2014<\/em>o document\u00e1rio busca destacar projetos de sustentabilidade nas favelas do Rio de Janeiro e ampliar a conscientiza\u00e7\u00e3o ambiental coletiva dentro dessas comunidades.<\/p>\n<p>Em uma <a href=\"http:\/\/bit.ly\/2JlvDTS\" target=\"_blank\" rel=\"noopener noreferrer\">entrevista<\/a> para o <em>Voz das Comunidades<\/em>, Gabi Coelho, uma lideran\u00e7a do projeto, disse que os produtores do filme queriam \u201cmostrar pra essa galera qual a import\u00e2ncia de trabalhar a pauta ambiental, de mover a nossa vida em prol do meio ambiente&#8230; Assim como em favela a gente trabalha com seguran\u00e7a p\u00fablica por quest\u00f5es \u00f3bvias que \u00e9 a viol\u00eancia, a gente tamb\u00e9m t\u00eam que trabalhar com o meio ambiente\u201d. Gabi citou as <a href=\"http:\/\/bit.ly\/2rBUppD\" target=\"_blank\" rel=\"noopener noreferrer\">hortas comunit\u00e1rias<\/a>, espa\u00e7os verdes, e casas constru\u00eddas de maneira mais eficiente como potenciais benef\u00edcios do ambientalismo para moradores de favelas.<\/p>\n<p><a href=\"https:\/\/rioonwatch.org.br\/wp-content\/uploads\/2019\/06\/Gabi-Coelho.jpeg\"><img fetchpriority=\"high\" decoding=\"async\" class=\"aligncenter wp-image-41231 size-content\" title=\"A jornalista Gabi Coelho. Foto: Voz das Comunidades.\" src=\"https:\/\/rioonwatch.org.br\/wp-content\/uploads\/2019\/06\/Gabi-Coelho-620x264.jpeg\" alt=\"\" width=\"620\" height=\"264\" srcset=\"https:\/\/rioonwatch.org.br\/wp-content\/uploads\/2019\/06\/Gabi-Coelho-620x264.jpeg 620w, https:\/\/rioonwatch.org.br\/wp-content\/uploads\/2019\/06\/Gabi-Coelho-940x400.jpeg 940w\" sizes=\"(max-width: 620px) 100vw, 620px\" \/><\/a><\/p>\n<p>O <a href=\"http:\/\/bit.ly\/2wp05DY\" target=\"_blank\" rel=\"noopener noreferrer\">evento de lan\u00e7amento<\/a> aconteceu na\u00a0<a href=\"http:\/\/bit.ly\/2QtX3aF\" target=\"_blank\" rel=\"noopener noreferrer\">Casa Voz<\/a>, que funciona como sala de reda\u00e7\u00e3o e espa\u00e7o de <em>coworking<\/em> no\u00a0<a href=\"http:\/\/bit.ly\/21Aw5hK\" target=\"_blank\" rel=\"noopener noreferrer\">Morro do Adeus<\/a> do Complexo do Alem\u00e3o. Gabi e a equipe da Empresa J\u00fanior apresentaram o projeto e em seguida exibiram o document\u00e1rio de 11 minutos em sua integridade para o p\u00fablico de moradores da favela, jornalistas, estudantes e organizadores comunit\u00e1rios que estavam presentes.<\/p>\n<p>Os moradores das favelas em destaque no <em>Voz Ecoa<\/em> falam longamente sobre o impacto negativo do lixo e do saneamento inadequado em suas comunidades. Entretanto, o filme tamb\u00e9m serve como instrumento para impulsionar projetos locais de sustentabilidade como o <a href=\"http:\/\/bit.ly\/2IrPdgy\">Eco Mar\u00e9<\/a>, liderado por Juliana Oliveira, moradora do <a href=\"http:\/\/bit.ly\/2K1s59x\" target=\"_blank\" rel=\"noopener noreferrer\">Complexo da Mar\u00e9<\/a>, na Zona Norte. Atrav\u00e9s da sele\u00e7\u00e3o e venda de materiais recicl\u00e1veis descartados, a Eco Mar\u00e9 reduz a quantidade de lixo que se acumula nas ruas da favela.<\/p>\n<p><a href=\"https:\/\/rioonwatch.org.br\/wp-content\/uploads\/2019\/06\/Voz-Ecoa-Documentary.jpeg\"><img decoding=\"async\" class=\"alignright wp-image-41232\" src=\"https:\/\/rioonwatch.org.br\/wp-content\/uploads\/2019\/06\/Voz-Ecoa-Documentary-500x264.jpeg\" alt=\"\" width=\"300\" height=\"158\" srcset=\"https:\/\/rioonwatch.org.br\/wp-content\/uploads\/2019\/06\/Voz-Ecoa-Documentary-500x264.jpeg 500w, https:\/\/rioonwatch.org.br\/wp-content\/uploads\/2019\/06\/Voz-Ecoa-Documentary-620x327.jpeg 620w, https:\/\/rioonwatch.org.br\/wp-content\/uploads\/2019\/06\/Voz-Ecoa-Documentary-768x405.jpeg 768w, https:\/\/rioonwatch.org.br\/wp-content\/uploads\/2019\/06\/Voz-Ecoa-Documentary-1024x541.jpeg 1024w, https:\/\/rioonwatch.org.br\/wp-content\/uploads\/2019\/06\/Voz-Ecoa-Documentary.jpeg 1275w\" sizes=\"(max-width: 300px) 100vw, 300px\" \/><\/a><\/p>\n<p>De acordo com o <em>Voz das Comunidades<\/em>, o Eco Mar\u00e9 representa &#8220;como os projetos de favelas s\u00e3o potentes e podem <a href=\"http:\/\/bit.ly\/2GW171P\" target=\"_blank\" rel=\"noopener noreferrer\">melhorar a realidade<\/a> dos territ\u00f3rios em que est\u00e3o localizados\u201d. Em <em>Voz Ecoa<\/em>, Juliana compartilha sua experi\u00eancia como mobilizadora comunit\u00e1ria e discute os impactos prejudiciais do lixo na Mar\u00e9, incluindo o <a href=\"http:\/\/bit.ly\/2DnVCFL\" target=\"_blank\" rel=\"noopener noreferrer\">saneamento deficit\u00e1rio<\/a> e a falta de orgulho comunit\u00e1rio em rela\u00e7\u00e3o aos espa\u00e7os p\u00fablicos. A Eco Mar\u00e9 busca abordar estes problemas, explica Juliana. \u201cN\u00f3s entendemos que a educa\u00e7\u00e3o tem poder transformador e ent\u00e3o organizamos discuss\u00f5es e conversas cobrindo uma s\u00e9rie de temas ambientais para o p\u00fablico em geral, incluindo crian\u00e7as e jovens.\u201d<\/p>\n<p>Intercalado com a hist\u00f3ria de Juliana, o <em>Voz Ecoa<\/em> apresenta clipes de um bi\u00f3logo da PUC que argumenta que a a\u00e7\u00e3o coletiva \u00e9 importante para o ambientalismo porque \u201cnenhum organismo, nenhum ser vivo \u00e9 individual\u201d. Os cineastas tamb\u00e9m incorporaram toques de narrativas metaf\u00f3ricas como imagens de atores rasgando embalagens pl\u00e1sticas de seus corpos para representar a comunidade se libertando do sufocamento do pl\u00e1stico e lixo. O <em>Voz Ecoa<\/em> termina com uma chamada \u00e0 a\u00e7\u00e3o, incentivando o p\u00fablico a considerar a quest\u00e3o, \u201cse n\u00e3o fizermos nada agora, o que vai acontecer com o meio ambiente?\u201d e enfatiza que j\u00e1 que todos os humanos vivem no mesmo planeta, independentemente de qual regi\u00e3o vivem, o \u201cambiente da favela tamb\u00e9m \u00e9 seu ambiente\u201d e portanto merece prote\u00e7\u00e3o e considera\u00e7\u00e3o igualmente.<\/p>\n<p>Ap\u00f3s a exibi\u00e7\u00e3o, Andr\u00e9 Trigueiro, um jornalista e p\u00f3s-doutor em administra\u00e7\u00e3o ambiental na PUC, liderou uma conversa sobre meio ambiente e sustentabilidade em favelas. Andr\u00e9 enfatizou as liga\u00e7\u00f5es entre a sustentabilidade e outras quest\u00f5es como sa\u00fade p\u00fablica, seguran\u00e7a, custo de vida, e saneamento. \u201cVoc\u00ea n\u00e3o pode falar sobre sustentabilidade sem tamb\u00e9m falar de qualidade de vida\u201d, ele disse ao p\u00fablico.<\/p>\n<p><a href=\"https:\/\/rioonwatch.org.br\/wp-content\/uploads\/2019\/06\/Trigueiro-Voz-Ecoa-1.jpg\"><img loading=\"lazy\" decoding=\"async\" class=\"aligncenter wp-image-41233 size-content\" title=\"Andr\u00e9 Trigueiro ap\u00f3s a exibi\u00e7\u00e3o. Foto: Voz das Comunidades.\" src=\"https:\/\/rioonwatch.org.br\/wp-content\/uploads\/2019\/06\/Trigueiro-Voz-Ecoa-1-620x264.jpg\" alt=\"\" width=\"620\" height=\"264\" srcset=\"https:\/\/rioonwatch.org.br\/wp-content\/uploads\/2019\/06\/Trigueiro-Voz-Ecoa-1-620x264.jpg 620w, https:\/\/rioonwatch.org.br\/wp-content\/uploads\/2019\/06\/Trigueiro-Voz-Ecoa-1-940x400.jpg 940w\" sizes=\"(max-width: 620px) 100vw, 620px\" \/><\/a><\/p>\n<p>Recordando de um encontro com um l\u00edder comunit\u00e1rio na <a href=\"http:\/\/bit.ly\/2XuTtjt\" target=\"_blank\" rel=\"noopener noreferrer\">Rocinha<\/a>, na <a href=\"http:\/\/bit.ly\/2WL6FUi\">Zona Sul<\/a>, que forrou seu teto com caixas de leite refletivas para diminuir a temperatura de sua casa, Andr\u00e9 aplaudiu projetos sustent\u00e1veis simples com recursos locais. Usando \u00e1gua coletada da chuva para \u201climpar janelas, aguar jardins, e lavar Ubers e taxis\u201d, disse Andr\u00e9, \u00e9 outra maneira simples de conservar recursos. \u201cO meio ambiente come\u00e7a com as pessoas\u201d, ele disse, e os moradores das favelas deveriam saber que eles merecem ruas limpas, melhor qualidade de vida e espa\u00e7os verdes.<\/p>\n<p>Andr\u00e9 sugeriu que a educa\u00e7\u00e3o ambiental pode se mostrar importante para melhorar a coleta de lixo e a\u00e7\u00e3o ambiental nas favelas, e afirmou que <a href=\"http:\/\/bit.ly\/2prkLWe\" target=\"_blank\" rel=\"noopener noreferrer\">crian\u00e7as podem conseguir ensinar seus pais<\/a> \u201ca n\u00e3o jogar lixo nas ruas\u201d. Ele tamb\u00e9m encorajou moradores a abordar vizinhos que jogam lixo nas ruas e repreend\u00ea-los por seu comportamento ambiental irrespons\u00e1vel.<\/p>\n<p><a href=\"https:\/\/rioonwatch.org.br\/wp-content\/uploads\/2019\/06\/Palestra-Voz-Ecoa.jpeg\"><img loading=\"lazy\" decoding=\"async\" class=\"aligncenter wp-image-41234 size-content\" title=\"Palestra na Casa Voz ap\u00f3s a exibi\u00e7\u00e3o. Foto: Voz das Comunidades.\" src=\"https:\/\/rioonwatch.org.br\/wp-content\/uploads\/2019\/06\/Palestra-Voz-Ecoa-620x264.jpeg\" alt=\"\" width=\"620\" height=\"264\" srcset=\"https:\/\/rioonwatch.org.br\/wp-content\/uploads\/2019\/06\/Palestra-Voz-Ecoa-620x264.jpeg 620w, https:\/\/rioonwatch.org.br\/wp-content\/uploads\/2019\/06\/Palestra-Voz-Ecoa-940x400.jpeg 940w\" sizes=\"(max-width: 620px) 100vw, 620px\" \/><\/a><\/p>\n<p>No entanto, alguns moradores de favelas presentes discordaram deste m\u00e9todo, preocupando-se que pais n\u00e3o seriam receptivos a seus filhos os censurando, ou que moradores estariam arriscando sua seguran\u00e7a pessoal ao abordar pessoas desconhecidas na rua para pedir que peguem seu lixo do ch\u00e3o. Andr\u00e9 e os participantes no fim conclu\u00edram que mudan\u00e7as na consci\u00eancia ambiental nas favelas devem ser de natureza sist\u00eamica e que outras quest\u00f5es sociais e pol\u00edticas em favelas como as do Complexo do Alem\u00e3o, tal como seguran\u00e7a p\u00fablica, tamb\u00e9m devem ser tratadas como problemas ambientais.<\/p>\n<p>O <em>Voz Ecoa<\/em> ser\u00e1 exibido para crian\u00e7as em escolas e ser\u00e1 utilizado como instrumento educacional por organiza\u00e7\u00f5es comunit\u00e1rias em defesa de favelas por toda a cidade. O document\u00e1rio ser\u00e1 exibido no Museu do Amanh\u00e3 e em outras favelas do Rio, Belo Horizonte e S\u00e3o Paulo.<\/p>\n<!-- AddThis Advanced Settings generic via filter on the_content --><!-- AddThis Share Buttons generic via filter on the_content -->","protected":false},"excerpt":{"rendered":"<div class=\"mh-excerpt\"><p>Click Here for English No dia 11 de maio, o jornal comunit\u00e1rio e organiza\u00e7\u00e3o filantr\u00f3pica Voz das Comunidades, do Complexo do Alem\u00e3o na Zona Norte do Rio de Janeiro, lan\u00e7ou seu primeiro document\u00e1rio em curta-metragem, <a class=\"mh-excerpt-more\" href=\"https:\/\/rioonwatch.org.br\/?p=41229\" title=\"Document\u00e1rio &#8216;Voz Ecoa&#8217; Destaca Projetos Comunit\u00e1rios de Sustentabilidade em Favelas\">[&#8230;]<\/a><!-- AddThis Advanced Settings generic via filter on get_the_excerpt --><!-- AddThis Share Buttons generic via filter on get_the_excerpt --><\/p>\n<\/div>","protected":false},"author":152,"featured_media":41230,"comment_status":"closed","ping_status":"closed","sticky":false,"template":"","format":"standard","meta":{"_acf_changed":false,"_monsterinsights_skip_tracking":false,"_monsterinsights_sitenote_active":false,"_monsterinsights_sitenote_note":"","_monsterinsights_sitenote_category":0,"footnotes":""},"categories":[1621,1627,1626,1613,1624,342,1639],"tags":[2553,332,217,316,363,1147,1368,1554,1097,1166,360,106,1466,358,1545,2139,3437,1370,16,492,294,476,404,2003,218],"writer":[2638,2611],"translator":[2238],"source":[],"ilustrador":[],"fotografo":[],"class_list":{"0":"post-41229","1":"post","2":"type-post","3":"status-publish","4":"format-standard","5":"has-post-thumbnail","7":"category-destaque","8":"category-relato-de-evento","9":"category-por-observadores-internacionais","10":"category-midia-comunitaria","11":"category-resenha","12":"category-solucoes","13":"category-sustentabilidade","14":"tag-coleta-de-lixo","15":"tag-complexo-da-mare","16":"tag-complexo-do-alemao","17":"tag-educacao","18":"tag-educacao-ambiental","19":"tag-espacos-verdes","20":"tag-filme","21":"tag-gestao-de-residuos","22":"tag-horta-comunitaria","23":"tag-jornalismo","24":"tag-lixo","25":"tag-meio-ambiente","26":"tag-morro-do-adeus","27":"tag-organizacao-comunitaria","28":"tag-puc","29":"tag-justica-ambiental","30":"tag-resenha-de-filme","31":"tag-resenha","32":"tag-rocinha","33":"tag-saneamento","34":"tag-saude","35":"tag-solucao-comunitaria","36":"tag-sustentabilidade","37":"tag-voz-das-comunidades","38":"tag-zona-norte","39":"writer-emma-bergman","40":"writer-rachel-mucha","41":"translator-julia-hara-medeiros"},"acf":[],"yoast_head":"<!-- This site is optimized with the Yoast SEO plugin v25.6 - https:\/\/yoast.com\/wordpress\/plugins\/seo\/ -->\n<title>Document\u00e1rio &#039;Voz Ecoa&#039; Destaca Projetos Comunit\u00e1rios de Sustentabilidade em Favelas - RioOnWatch<\/title>\n<meta name=\"robots\" content=\"index, follow, max-snippet:-1, max-image-preview:large, max-video-preview:-1\" \/>\n<link rel=\"canonical\" href=\"https:\/\/rioonwatch.org.br\/?p=41229\" \/>\n<meta property=\"og:locale\" content=\"pt_BR\" \/>\n<meta property=\"og:type\" content=\"article\" \/>\n<meta property=\"og:title\" content=\"Document\u00e1rio &#039;Voz Ecoa&#039; Destaca Projetos Comunit\u00e1rios de Sustentabilidade em Favelas - RioOnWatch\" \/>\n<meta property=\"og:description\" content=\"Click Here for English No dia 11 de maio, o jornal comunit\u00e1rio e organiza\u00e7\u00e3o filantr\u00f3pica Voz das Comunidades, do Complexo do Alem\u00e3o na Zona Norte do Rio de Janeiro, lan\u00e7ou seu primeiro document\u00e1rio em curta-metragem, [...]\" \/>\n<meta property=\"og:url\" content=\"https:\/\/rioonwatch.org.br\/?p=41229\" \/>\n<meta property=\"og:site_name\" content=\"RioOnWatch\" \/>\n<meta property=\"article:published_time\" content=\"2019-06-24T14:52:44+00:00\" \/>\n<meta property=\"article:modified_time\" content=\"2024-06-20T18:55:37+00:00\" \/>\n<meta property=\"og:image\" content=\"https:\/\/rioonwatch.org.br\/wp-content\/uploads\/2019\/06\/Eco-Mare\u0301.jpg\" \/>\n\t<meta property=\"og:image:width\" content=\"1275\" \/>\n\t<meta property=\"og:image:height\" content=\"639\" \/>\n\t<meta property=\"og:image:type\" content=\"image\/jpeg\" \/>\n<meta name=\"author\" content=\"Luisa Fenizola\" \/>\n<meta name=\"twitter:card\" content=\"summary_large_image\" \/>\n<meta name=\"twitter:label1\" content=\"Escrito por\" \/>\n\t<meta name=\"twitter:data1\" content=\"Luisa Fenizola\" \/>\n\t<meta name=\"twitter:label2\" content=\"Est. tempo de leitura\" \/>\n\t<meta name=\"twitter:data2\" content=\"5 minutos\" \/>\n<script type=\"application\/ld+json\" class=\"yoast-schema-graph\">{\"@context\":\"https:\/\/schema.org\",\"@graph\":[{\"@type\":\"Article\",\"@id\":\"https:\/\/rioonwatch.org.br\/?p=41229#article\",\"isPartOf\":{\"@id\":\"https:\/\/rioonwatch.org.br\/?p=41229\"},\"author\":{\"name\":\"Luisa Fenizola\",\"@id\":\"https:\/\/rioonwatch.org.br\/#\/schema\/person\/f443c6b55bb6e80842280318076491c5\"},\"headline\":\"Document\u00e1rio &#8216;Voz Ecoa&#8217; Destaca Projetos Comunit\u00e1rios de Sustentabilidade em Favelas\",\"datePublished\":\"2019-06-24T14:52:44+00:00\",\"dateModified\":\"2024-06-20T18:55:37+00:00\",\"mainEntityOfPage\":{\"@id\":\"https:\/\/rioonwatch.org.br\/?p=41229\"},\"wordCount\":994,\"publisher\":{\"@id\":\"https:\/\/rioonwatch.org.br\/#organization\"},\"image\":{\"@id\":\"https:\/\/rioonwatch.org.br\/?p=41229#primaryimage\"},\"thumbnailUrl\":\"https:\/\/rioonwatch.org.br\/wp-content\/uploads\/2019\/06\/Eco-Mare\u0301.jpg\",\"keywords\":[\"coleta de lixo\",\"Complexo da Mar\u00e9\",\"Complexo do Alem\u00e3o\",\"educa\u00e7\u00e3o\",\"educa\u00e7\u00e3o ambiental\",\"espa\u00e7os verdes\",\"filme\",\"gest\u00e3o de res\u00edduos\",\"horta comunit\u00e1ria\",\"jornalismo\",\"lixo\",\"meio ambiente\",\"Morro do Adeus\",\"organiza\u00e7\u00e3o comunit\u00e1ria\",\"PUC\",\"Racismo ambiental\",\"Resenha de filme\",\"Resenhas\",\"Rocinha\",\"saneamento\",\"sa\u00fade\",\"solu\u00e7\u00e3o comunit\u00e1ria\",\"sustentabilidade\",\"Voz das Comunidades\",\"Zona Norte\"],\"articleSection\":[\"*Destaque\",\"Cobertura de Eventos\",\"Escrito por Aliados\",\"M\u00eddia Comunit\u00e1ria\",\"Resenhas\",\"Solu\u00e7\u00f5es\",\"Sustentabilidade\"],\"inLanguage\":\"pt-BR\"},{\"@type\":\"WebPage\",\"@id\":\"https:\/\/rioonwatch.org.br\/?p=41229\",\"url\":\"https:\/\/rioonwatch.org.br\/?p=41229\",\"name\":\"Document\u00e1rio 'Voz Ecoa' Destaca Projetos Comunit\u00e1rios de Sustentabilidade em Favelas - RioOnWatch\",\"isPartOf\":{\"@id\":\"https:\/\/rioonwatch.org.br\/#website\"},\"primaryImageOfPage\":{\"@id\":\"https:\/\/rioonwatch.org.br\/?p=41229#primaryimage\"},\"image\":{\"@id\":\"https:\/\/rioonwatch.org.br\/?p=41229#primaryimage\"},\"thumbnailUrl\":\"https:\/\/rioonwatch.org.br\/wp-content\/uploads\/2019\/06\/Eco-Mare\u0301.jpg\",\"datePublished\":\"2019-06-24T14:52:44+00:00\",\"dateModified\":\"2024-06-20T18:55:37+00:00\",\"breadcrumb\":{\"@id\":\"https:\/\/rioonwatch.org.br\/?p=41229#breadcrumb\"},\"inLanguage\":\"pt-BR\",\"potentialAction\":[{\"@type\":\"ReadAction\",\"target\":[\"https:\/\/rioonwatch.org.br\/?p=41229\"]}]},{\"@type\":\"ImageObject\",\"inLanguage\":\"pt-BR\",\"@id\":\"https:\/\/rioonwatch.org.br\/?p=41229#primaryimage\",\"url\":\"https:\/\/rioonwatch.org.br\/wp-content\/uploads\/2019\/06\/Eco-Mare\u0301.jpg\",\"contentUrl\":\"https:\/\/rioonwatch.org.br\/wp-content\/uploads\/2019\/06\/Eco-Mare\u0301.jpg\",\"width\":1275,\"height\":639},{\"@type\":\"BreadcrumbList\",\"@id\":\"https:\/\/rioonwatch.org.br\/?p=41229#breadcrumb\",\"itemListElement\":[{\"@type\":\"ListItem\",\"position\":1,\"name\":\"In\u00edcio\",\"item\":\"https:\/\/rioonwatch.org.br\/\"},{\"@type\":\"ListItem\",\"position\":2,\"name\":\"Document\u00e1rio &#8216;Voz Ecoa&#8217; Destaca Projetos Comunit\u00e1rios de Sustentabilidade em Favelas\"}]},{\"@type\":\"WebSite\",\"@id\":\"https:\/\/rioonwatch.org.br\/#website\",\"url\":\"https:\/\/rioonwatch.org.br\/\",\"name\":\"RioOnWatch\",\"description\":\"relatos das favelas cariocas\",\"publisher\":{\"@id\":\"https:\/\/rioonwatch.org.br\/#organization\"},\"potentialAction\":[{\"@type\":\"SearchAction\",\"target\":{\"@type\":\"EntryPoint\",\"urlTemplate\":\"https:\/\/rioonwatch.org.br\/?s={search_term_string}\"},\"query-input\":{\"@type\":\"PropertyValueSpecification\",\"valueRequired\":true,\"valueName\":\"search_term_string\"}}],\"inLanguage\":\"pt-BR\"},{\"@type\":\"Organization\",\"@id\":\"https:\/\/rioonwatch.org.br\/#organization\",\"name\":\"RioOnWatch\",\"url\":\"https:\/\/rioonwatch.org.br\/\",\"logo\":{\"@type\":\"ImageObject\",\"inLanguage\":\"pt-BR\",\"@id\":\"https:\/\/rioonwatch.org.br\/#\/schema\/logo\/image\/\",\"url\":\"https:\/\/rioonwatch.org.br\/wp-content\/uploads\/2021\/06\/RioOnWatchcabecalhoPT11anos-2.png\",\"contentUrl\":\"https:\/\/rioonwatch.org.br\/wp-content\/uploads\/2021\/06\/RioOnWatchcabecalhoPT11anos-2.png\",\"width\":779,\"height\":277,\"caption\":\"RioOnWatch\"},\"image\":{\"@id\":\"https:\/\/rioonwatch.org.br\/#\/schema\/logo\/image\/\"}},{\"@type\":\"Person\",\"@id\":\"https:\/\/rioonwatch.org.br\/#\/schema\/person\/f443c6b55bb6e80842280318076491c5\",\"name\":\"Luisa Fenizola\",\"image\":{\"@type\":\"ImageObject\",\"inLanguage\":\"pt-BR\",\"@id\":\"https:\/\/rioonwatch.org.br\/#\/schema\/person\/image\/\",\"url\":\"https:\/\/secure.gravatar.com\/avatar\/a3d551110162b9f876cbbdaaecf75663?s=96&d=blank&r=g\",\"contentUrl\":\"https:\/\/secure.gravatar.com\/avatar\/a3d551110162b9f876cbbdaaecf75663?s=96&d=blank&r=g\",\"caption\":\"Luisa Fenizola\"},\"url\":\"https:\/\/rioonwatch.org.br\/?author=152\"}]}<\/script>\n<!-- \/ Yoast SEO plugin. -->","yoast_head_json":{"title":"Document\u00e1rio 'Voz Ecoa' Destaca Projetos Comunit\u00e1rios de Sustentabilidade em Favelas - RioOnWatch","robots":{"index":"index","follow":"follow","max-snippet":"max-snippet:-1","max-image-preview":"max-image-preview:large","max-video-preview":"max-video-preview:-1"},"canonical":"https:\/\/rioonwatch.org.br\/?p=41229","og_locale":"pt_BR","og_type":"article","og_title":"Document\u00e1rio 'Voz Ecoa' Destaca Projetos Comunit\u00e1rios de Sustentabilidade em Favelas - RioOnWatch","og_description":"Click Here for English No dia 11 de maio, o jornal comunit\u00e1rio e organiza\u00e7\u00e3o filantr\u00f3pica Voz das Comunidades, do Complexo do Alem\u00e3o na Zona Norte do Rio de Janeiro, lan\u00e7ou seu primeiro document\u00e1rio em curta-metragem, [...]","og_url":"https:\/\/rioonwatch.org.br\/?p=41229","og_site_name":"RioOnWatch","article_published_time":"2019-06-24T14:52:44+00:00","article_modified_time":"2024-06-20T18:55:37+00:00","og_image":[{"width":1275,"height":639,"url":"https:\/\/rioonwatch.org.br\/wp-content\/uploads\/2019\/06\/Eco-Mare\u0301.jpg","type":"image\/jpeg"}],"author":"Luisa Fenizola","twitter_card":"summary_large_image","twitter_misc":{"Escrito por":"Luisa Fenizola","Est. tempo de leitura":"5 minutos"},"schema":{"@context":"https:\/\/schema.org","@graph":[{"@type":"Article","@id":"https:\/\/rioonwatch.org.br\/?p=41229#article","isPartOf":{"@id":"https:\/\/rioonwatch.org.br\/?p=41229"},"author":{"name":"Luisa Fenizola","@id":"https:\/\/rioonwatch.org.br\/#\/schema\/person\/f443c6b55bb6e80842280318076491c5"},"headline":"Document\u00e1rio &#8216;Voz Ecoa&#8217; Destaca Projetos Comunit\u00e1rios de Sustentabilidade em Favelas","datePublished":"2019-06-24T14:52:44+00:00","dateModified":"2024-06-20T18:55:37+00:00","mainEntityOfPage":{"@id":"https:\/\/rioonwatch.org.br\/?p=41229"},"wordCount":994,"publisher":{"@id":"https:\/\/rioonwatch.org.br\/#organization"},"image":{"@id":"https:\/\/rioonwatch.org.br\/?p=41229#primaryimage"},"thumbnailUrl":"https:\/\/rioonwatch.org.br\/wp-content\/uploads\/2019\/06\/Eco-Mare\u0301.jpg","keywords":["coleta de lixo","Complexo da Mar\u00e9","Complexo do Alem\u00e3o","educa\u00e7\u00e3o","educa\u00e7\u00e3o ambiental","espa\u00e7os verdes","filme","gest\u00e3o de res\u00edduos","horta comunit\u00e1ria","jornalismo","lixo","meio ambiente","Morro do Adeus","organiza\u00e7\u00e3o comunit\u00e1ria","PUC","Racismo ambiental","Resenha de filme","Resenhas","Rocinha","saneamento","sa\u00fade","solu\u00e7\u00e3o comunit\u00e1ria","sustentabilidade","Voz das Comunidades","Zona Norte"],"articleSection":["*Destaque","Cobertura de Eventos","Escrito por Aliados","M\u00eddia Comunit\u00e1ria","Resenhas","Solu\u00e7\u00f5es","Sustentabilidade"],"inLanguage":"pt-BR"},{"@type":"WebPage","@id":"https:\/\/rioonwatch.org.br\/?p=41229","url":"https:\/\/rioonwatch.org.br\/?p=41229","name":"Document\u00e1rio 'Voz Ecoa' Destaca Projetos Comunit\u00e1rios de Sustentabilidade em Favelas - RioOnWatch","isPartOf":{"@id":"https:\/\/rioonwatch.org.br\/#website"},"primaryImageOfPage":{"@id":"https:\/\/rioonwatch.org.br\/?p=41229#primaryimage"},"image":{"@id":"https:\/\/rioonwatch.org.br\/?p=41229#primaryimage"},"thumbnailUrl":"https:\/\/rioonwatch.org.br\/wp-content\/uploads\/2019\/06\/Eco-Mare\u0301.jpg","datePublished":"2019-06-24T14:52:44+00:00","dateModified":"2024-06-20T18:55:37+00:00","breadcrumb":{"@id":"https:\/\/rioonwatch.org.br\/?p=41229#breadcrumb"},"inLanguage":"pt-BR","potentialAction":[{"@type":"ReadAction","target":["https:\/\/rioonwatch.org.br\/?p=41229"]}]},{"@type":"ImageObject","inLanguage":"pt-BR","@id":"https:\/\/rioonwatch.org.br\/?p=41229#primaryimage","url":"https:\/\/rioonwatch.org.br\/wp-content\/uploads\/2019\/06\/Eco-Mare\u0301.jpg","contentUrl":"https:\/\/rioonwatch.org.br\/wp-content\/uploads\/2019\/06\/Eco-Mare\u0301.jpg","width":1275,"height":639},{"@type":"BreadcrumbList","@id":"https:\/\/rioonwatch.org.br\/?p=41229#breadcrumb","itemListElement":[{"@type":"ListItem","position":1,"name":"In\u00edcio","item":"https:\/\/rioonwatch.org.br\/"},{"@type":"ListItem","position":2,"name":"Document\u00e1rio &#8216;Voz Ecoa&#8217; Destaca Projetos Comunit\u00e1rios de Sustentabilidade em Favelas"}]},{"@type":"WebSite","@id":"https:\/\/rioonwatch.org.br\/#website","url":"https:\/\/rioonwatch.org.br\/","name":"RioOnWatch","description":"relatos das favelas cariocas","publisher":{"@id":"https:\/\/rioonwatch.org.br\/#organization"},"potentialAction":[{"@type":"SearchAction","target":{"@type":"EntryPoint","urlTemplate":"https:\/\/rioonwatch.org.br\/?s={search_term_string}"},"query-input":{"@type":"PropertyValueSpecification","valueRequired":true,"valueName":"search_term_string"}}],"inLanguage":"pt-BR"},{"@type":"Organization","@id":"https:\/\/rioonwatch.org.br\/#organization","name":"RioOnWatch","url":"https:\/\/rioonwatch.org.br\/","logo":{"@type":"ImageObject","inLanguage":"pt-BR","@id":"https:\/\/rioonwatch.org.br\/#\/schema\/logo\/image\/","url":"https:\/\/rioonwatch.org.br\/wp-content\/uploads\/2021\/06\/RioOnWatchcabecalhoPT11anos-2.png","contentUrl":"https:\/\/rioonwatch.org.br\/wp-content\/uploads\/2021\/06\/RioOnWatchcabecalhoPT11anos-2.png","width":779,"height":277,"caption":"RioOnWatch"},"image":{"@id":"https:\/\/rioonwatch.org.br\/#\/schema\/logo\/image\/"}},{"@type":"Person","@id":"https:\/\/rioonwatch.org.br\/#\/schema\/person\/f443c6b55bb6e80842280318076491c5","name":"Luisa Fenizola","image":{"@type":"ImageObject","inLanguage":"pt-BR","@id":"https:\/\/rioonwatch.org.br\/#\/schema\/person\/image\/","url":"https:\/\/secure.gravatar.com\/avatar\/a3d551110162b9f876cbbdaaecf75663?s=96&d=blank&r=g","contentUrl":"https:\/\/secure.gravatar.com\/avatar\/a3d551110162b9f876cbbdaaecf75663?s=96&d=blank&r=g","caption":"Luisa Fenizola"},"url":"https:\/\/rioonwatch.org.br\/?author=152"}]}},"_links":{"self":[{"href":"https:\/\/rioonwatch.org.br\/index.php?rest_route=\/wp\/v2\/posts\/41229"}],"collection":[{"href":"https:\/\/rioonwatch.org.br\/index.php?rest_route=\/wp\/v2\/posts"}],"about":[{"href":"https:\/\/rioonwatch.org.br\/index.php?rest_route=\/wp\/v2\/types\/post"}],"author":[{"embeddable":true,"href":"https:\/\/rioonwatch.org.br\/index.php?rest_route=\/wp\/v2\/users\/152"}],"replies":[{"embeddable":true,"href":"https:\/\/rioonwatch.org.br\/index.php?rest_route=%2Fwp%2Fv2%2Fcomments&post=41229"}],"version-history":[{"count":13,"href":"https:\/\/rioonwatch.org.br\/index.php?rest_route=\/wp\/v2\/posts\/41229\/revisions"}],"predecessor-version":[{"id":41483,"href":"https:\/\/rioonwatch.org.br\/index.php?rest_route=\/wp\/v2\/posts\/41229\/revisions\/41483"}],"wp:featuredmedia":[{"embeddable":true,"href":"https:\/\/rioonwatch.org.br\/index.php?rest_route=\/wp\/v2\/media\/41230"}],"wp:attachment":[{"href":"https:\/\/rioonwatch.org.br\/index.php?rest_route=%2Fwp%2Fv2%2Fmedia&parent=41229"}],"wp:term":[{"taxonomy":"category","embeddable":true,"href":"https:\/\/rioonwatch.org.br\/index.php?rest_route=%2Fwp%2Fv2%2Fcategories&post=41229"},{"taxonomy":"post_tag","embeddable":true,"href":"https:\/\/rioonwatch.org.br\/index.php?rest_route=%2Fwp%2Fv2%2Ftags&post=41229"},{"taxonomy":"writer","embeddable":true,"href":"https:\/\/rioonwatch.org.br\/index.php?rest_route=%2Fwp%2Fv2%2Fwriter&post=41229"},{"taxonomy":"translator","embeddable":true,"href":"https:\/\/rioonwatch.org.br\/index.php?rest_route=%2Fwp%2Fv2%2Ftranslator&post=41229"},{"taxonomy":"source","embeddable":true,"href":"https:\/\/rioonwatch.org.br\/index.php?rest_route=%2Fwp%2Fv2%2Fsource&post=41229"},{"taxonomy":"ilustrador","embeddable":true,"href":"https:\/\/rioonwatch.org.br\/index.php?rest_route=%2Fwp%2Fv2%2Filustrador&post=41229"},{"taxonomy":"fotografo","embeddable":true,"href":"https:\/\/rioonwatch.org.br\/index.php?rest_route=%2Fwp%2Fv2%2Ffotografo&post=41229"}],"curies":[{"name":"wp","href":"https:\/\/api.w.org\/{rel}","templated":true}]}}