{"id":4124,"date":"2012-11-28T08:07:26","date_gmt":"2012-11-28T11:07:26","guid":{"rendered":"http:\/\/rioonwatch.org.br\/?p=4124"},"modified":"2024-06-20T13:36:53","modified_gmt":"2024-06-20T16:36:53","slug":"a-historia-de-uma-familia-do-morro-da-providencia","status":"publish","type":"post","link":"https:\/\/rioonwatch.org.br\/?p=4124","title":{"rendered":"A Hist\u00f3ria de Uma Fam\u00edlia do Morro da Provid\u00eancia"},"content":{"rendered":"<p style=\"text-align: right;\"><em><strong><a href=\"http:\/\/bit.ly\/20Iw344\" target=\"_blank\" rel=\"noopener\">Click Here for English<img decoding=\"async\" width=\"20\" height=\"20\" class=\"alignright wp-image-15790\" src=\"http:\/\/rioonwatch.org.br\/wp-content\/uploads\/2012\/08\/EN-standard-e1439583104716.jpg\" alt=\"\" \/><\/a><\/strong><\/em><\/p>\n<p><a href=\"http:\/\/rioonwatch.org.br\/?attachment_id=4125\" rel=\"attachment wp-att-4125\"><img fetchpriority=\"high\" decoding=\"async\" class=\"alignright size-medium wp-image-4125\" title=\"A fam\u00edlia na fachada de casa\" src=\"http:\/\/rioonwatch.org.br\/wp-content\/uploads\/2012\/11\/robprov1-300x225.jpg\" alt=\"A fam\u00edlia na fachada de casa\" width=\"300\" height=\"225\" srcset=\"https:\/\/rioonwatch.org.br\/wp-content\/uploads\/2012\/11\/robprov1-300x225.jpg 300w, https:\/\/rioonwatch.org.br\/wp-content\/uploads\/2012\/11\/robprov1-352x264.jpg 352w, https:\/\/rioonwatch.org.br\/wp-content\/uploads\/2012\/11\/robprov1-620x465.jpg 620w, https:\/\/rioonwatch.org.br\/wp-content\/uploads\/2012\/11\/robprov1-174x131.jpg 174w, https:\/\/rioonwatch.org.br\/wp-content\/uploads\/2012\/11\/robprov1-70x53.jpg 70w, https:\/\/rioonwatch.org.br\/wp-content\/uploads\/2012\/11\/robprov1.jpg 640w\" sizes=\"(max-width: 300px) 100vw, 300px\" \/><\/a>Esta \u00e9 a hist\u00f3ria da minha fam\u00edlia no <a href=\"http:\/\/bit.ly\/UBMUVJ\">Morro da Provid\u00eancia<\/a>, que apesar das investidas da Prefeitura ainda consegue permanecer no seu local desde quando aqui chegou. Assim come\u00e7ou a hist\u00f3ria de Bernardino e Aurora&#8230;<\/p>\n<p>Vieram para o Rio de Janeiro em 1942, especificamente para o Morro da Provid\u00eancia onde um conhecido de Bernadino indicou o lugar dentro da possibilidade que ele podia pagar. Bernardino conta aos netos como vieram do Nordeste na \u00e9poca da 2\u00aa Guerra Mundial, de navio, correndo o risco da embarca\u00e7\u00e3o ser alvejada por submarinos alem\u00e3es que atacavam os navios na costa brasileira. Quando chegaram, ele tinha por volta de 32 anos e j\u00e1 era aposentado por conta de um acidente de bonde em Alagoas. Aurora tinha 22 anos. Instalaram-se aqui, se casaram e tiveram 12 filhos.<\/p>\n<p>Em uma casa bem pequena e simples, feita de estuque (madeira e barro), Bernadino iniciou sua hist\u00f3ria de vida com as dificuldades peculiares do local e da \u00e9poca. Imaginem subir todo o material de constru\u00e7\u00e3o necess\u00e1rio para construir o que se tem hoje, por uma escadaria \u00edngreme e extensa como \u00e9 esta da Provid\u00eancia. Para se ter uma ideia, fazia-se uma fileira de familiares e amigos ao longo da escadaria para que fosse poss\u00edvel subir materiais de constru\u00e7\u00e3o como tijolos, areia e pedra e n\u00e3o ficar cansativo para ningu\u00e9m. S\u00e3o mais de 70 anos de lutas e dificuldades. Tudo que se tem hoje estabelecido no n\u00famero 241 da Ladeira do Barroso foi consequ\u00eancia de muito suor, esfor\u00e7o f\u00edsico e econ\u00f4mico de meu av\u00f4 e de seus filhos e netos. N\u00e3o podemos esquecer os muitos amigos e vizinhos que tamb\u00e9m fazem parte dessa hist\u00f3ria.<\/p>\n<p>Nesta hist\u00f3ria, todos os 12 filhos e muitos netos e bisnetos nasceram e foram criados aqui. Atualmente, vivem neste n\u00facleo familiar 4 filhos, 7 netos, 3 bisnetos e suas respectivas esposas, correspondente a 8 fam\u00edlias. Para dimensionar a situa\u00e7\u00e3o, quando nos reunimos aqui em datas comemorativas e de fim de ano chegamos a mais ou menos 33 familiares.<\/p>\n<p><a href=\"http:\/\/rioonwatch.org.br\/?attachment_id=4126\" rel=\"attachment wp-att-4126\"><img decoding=\"async\" class=\"alignright size-medium wp-image-4126\" title=\"A subida da escadaria\" src=\"http:\/\/rioonwatch.org.br\/wp-content\/uploads\/2012\/11\/robprov2-300x225.jpg\" alt=\"A subida da escadaria\" width=\"300\" height=\"225\" srcset=\"https:\/\/rioonwatch.org.br\/wp-content\/uploads\/2012\/11\/robprov2-300x225.jpg 300w, https:\/\/rioonwatch.org.br\/wp-content\/uploads\/2012\/11\/robprov2-352x264.jpg 352w, https:\/\/rioonwatch.org.br\/wp-content\/uploads\/2012\/11\/robprov2-620x465.jpg 620w, https:\/\/rioonwatch.org.br\/wp-content\/uploads\/2012\/11\/robprov2-174x131.jpg 174w, https:\/\/rioonwatch.org.br\/wp-content\/uploads\/2012\/11\/robprov2-70x53.jpg 70w, https:\/\/rioonwatch.org.br\/wp-content\/uploads\/2012\/11\/robprov2.jpg 640w\" sizes=\"(max-width: 300px) 100vw, 300px\" \/><\/a>N\u00e3o somos contr\u00e1rios ao progresso no Morro da Provid\u00eancia. Tamb\u00e9m queremos fazer parte deste progresso tendo um lugar compat\u00edvel com o que temos hoje, no mesmo local, pois todo o nosso c\u00edrculo de conviv\u00eancia e de vida est\u00e1 neste bairro, ou seja, escola, mercado, trabalho, igreja, amigos entre outras coisas. Sem contar das dificuldades que temos com alguns de nossos familiares que est\u00e3o acamados e necessitam de cuidados cont\u00ednuos e di\u00e1rios.<\/p>\n<p>Propomo-nos a tentar negociar algumas vezes com o Sr. Secret\u00e1rio Municipal de Habita\u00e7\u00e3o em nossa casa e na pr\u00f3pria SMH e todas essas negocia\u00e7\u00f5es n\u00e3o sa\u00edram do plano das promessas e dos acertos verbais. O que a Prefeitura nos oferece n\u00e3o condiz com as nossas necessidades e exig\u00eancias. As propostas feitas pela Prefeitura foram: aluguel social temporariamente at\u00e9 a conclus\u00e3o da constru\u00e7\u00e3o de pr\u00e9dios residenciais; indeniza\u00e7\u00e3o em moeda corrente; compra assistida pela SMH e moradia em apartamentos bem distantes do nosso bairro, como Santa Cruz, Senador Camar\u00e1 e Bangu.<\/p>\n<p>A proposta de aluguel social \u00e9 invi\u00e1vel, pois o valor pago pela Prefeitura do aluguel social \u00e9 bem inferior aos valores de alugueis cobrados na redondeza. J\u00e1 os valores oferecidos pela prefeitura nas indeniza\u00e7\u00f5es n\u00e3o s\u00e3o suficientes para comprar nem um quitinete nos arredores da Provid\u00eancia. E a compra assistida j\u00e1 causou e continua causando em uma fam\u00edlia moradora da Provid\u00eancia um transtorno sem fim, pois foi feito uma compra de uma posse de um terceiro que n\u00e3o era o atual propriet\u00e1rio e at\u00e9 hoje n\u00e3o chegaram numa solu\u00e7\u00e3o \u00e0 respeito. Vale lembrar, a dificuldade que \u00e9 de encontrar algo habit\u00e1vel e no valor dispon\u00edvel e estipulado pela Prefeitura.<\/p>\n<p><a href=\"http:\/\/rioonwatch.org.br\/?attachment_id=4127\" rel=\"attachment wp-att-4127\"><img loading=\"lazy\" decoding=\"async\" class=\"alignright size-medium wp-image-4127\" title=\"A faixada baixa da casa\" src=\"http:\/\/rioonwatch.org.br\/wp-content\/uploads\/2012\/11\/robprov3-300x225.jpg\" alt=\"A faixada baixa da casa\" width=\"300\" height=\"225\" srcset=\"https:\/\/rioonwatch.org.br\/wp-content\/uploads\/2012\/11\/robprov3-300x225.jpg 300w, https:\/\/rioonwatch.org.br\/wp-content\/uploads\/2012\/11\/robprov3-352x264.jpg 352w, https:\/\/rioonwatch.org.br\/wp-content\/uploads\/2012\/11\/robprov3-620x465.jpg 620w, https:\/\/rioonwatch.org.br\/wp-content\/uploads\/2012\/11\/robprov3-174x131.jpg 174w, https:\/\/rioonwatch.org.br\/wp-content\/uploads\/2012\/11\/robprov3-70x53.jpg 70w, https:\/\/rioonwatch.org.br\/wp-content\/uploads\/2012\/11\/robprov3.jpg 640w\" sizes=\"(max-width: 300px) 100vw, 300px\" \/><\/a>A prefeitura por interesse politico e financeiro, j\u00e1 demoliu algumas casas ao longo da escadaria e quer demolir n\u00e3o s\u00f3 as estruturas do n\u00facleo familiar da nossa fam\u00edlia como toda hist\u00f3ria acumulada at\u00e9 aqui. Somos pessoas que batalhamos pelos nossos direitos como qualquer outro cidad\u00e3o carioca, queremos igualdade de direito nas quest\u00f5es referentes \u00e0 moradia. S\u00f3 quem mora e vive aqui sabe verdadeiramente as necessidades da comunidade. N\u00e3o adianta subir o morro para construir um <a href=\"http:\/\/bit.ly\/Sh0wXv\">telef\u00e9rico<\/a> e achar que tudo vai mudar e melhorar. A prefeitura vive dizendo que as obras do <a href=\"http:\/\/bit.ly\/UR7rn7\">Porto Maravilha<\/a> e do <a href=\"http:\/\/bit.ly\/yUD1ZW\">Morar Carioca<\/a>\u00a0s\u00e3o para integrar a cidade. A \u00fanica integra\u00e7\u00e3o que conseguimos enxergar \u00e9 a integra\u00e7\u00e3o entre a cidade e os turistas, pois essas obras n\u00e3o integram e nem v\u00e3o integrar o cidad\u00e3o carioca morador desta comunidade e nem de qualquer outra semelhante a essa, pois o interesse do governo municipal n\u00e3o \u00e9 esse.<\/p>\n<p>S\u00f3 queremos um im\u00f3vel em troca do nosso atual com as mesmas disposi\u00e7\u00f5es e localiza\u00e7\u00e3o. Chave por chave. Isso n\u00e3o \u00e9 uma exig\u00eancia s\u00f3 nossa, e sim de todos os moradores envolvidos nessa luta, ou seja, moradores do Morro da Provid\u00eancia amea\u00e7ados pela remo\u00e7\u00e3o.<\/p>\n<p>Estas s\u00e3o as reivindica\u00e7\u00f5es de todos os moradores do Morro da Provid\u00eancia feitas desde o come\u00e7o das obras:<\/p>\n<ul>\n<li>Moradia digna para todos e todas do morro da Provid\u00eancia;<\/li>\n<li>Informa\u00e7\u00e3o sobre o projeto da prefeitura para todos os moradores com informativo espec\u00edfico para as oito \u00e1reas atingidas;<\/li>\n<li>Participa\u00e7\u00e3o da comunidade na defini\u00e7\u00e3o dos projetos. A voz da comunidade deve ser considerada e sua posi\u00e7\u00e3o deve ser incorporada nas decis\u00f5es relativas aos projetos;<\/li>\n<li>No caso da necessidade de reassentamentos, que estes sejam realizados na \u00e1rea e que o reassentamento seja realizado ap\u00f3s a conclus\u00e3o da constru\u00e7\u00e3o das habita\u00e7\u00f5es, garantindo a troca das chaves;<\/li>\n<li>No caso de reassentamentos justificados pelo fato da \u00e1rea ser caracterizada como \u00e1rea de risco, reivindica-se um laudo t\u00e9cnico aut\u00f4nomo. Caso este laudo comprove o risco, a comunidade aceita sair para outra \u00e1rea pr\u00f3xima, ap\u00f3s a conclus\u00e3o das novas unidades habitacionais, garantindo-se a troca de chave. Se o laudo n\u00e3o comprovar o risco, a \u00e1rea deve ser urbanizada, garantindo-se a perman\u00eancia da comunidade.<\/li>\n<\/ul>\n<p>A interven\u00e7\u00e3o na Provid\u00eancia deve promover, nesta ordem, (1) a perman\u00eancia dos moradores no seu atual local da moradia; (2) o reassentamento na mesma \u00e1rea; (3) indeniza\u00e7\u00f5es, nas situa\u00e7\u00f5es excepcionais, somente quando essa for a op\u00e7\u00e3o do morador.<\/p>\n<p>Conhe\u00e7a a hist\u00f3ria da fam\u00edlia em fotos:<\/p>\n<p><object width=\"500\" height=\"375\" classid=\"clsid:d27cdb6e-ae6d-11cf-96b8-444553540000\" codebase=\"http:\/\/download.macromedia.com\/pub\/shockwave\/cabs\/flash\/swflash.cab#version=6,0,40,0\"><param name=\"flashvars\" value=\"offsite=true&amp;lang=en-us&amp;page_show_url=%2Fphotos%2Fcatcomm%2Fsets%2F72157632084572893%2Fshow%2F&amp;page_show_back_url=%2Fphotos%2Fcatcomm%2Fsets%2F72157632084572893%2F&amp;set_id=72157632084572893&amp;jump_to=\" \/><param name=\"allowFullScreen\" value=\"true\" \/><param name=\"src\" value=\"http:\/\/www.flickr.com\/apps\/slideshow\/show.swf?v=122138\" \/><param name=\"allowfullscreen\" value=\"true\" \/><embed width=\"500\" height=\"375\" type=\"application\/x-shockwave-flash\" src=\"http:\/\/www.flickr.com\/apps\/slideshow\/show.swf?v=122138\" flashvars=\"offsite=true&amp;lang=en-us&amp;page_show_url=%2Fphotos%2Fcatcomm%2Fsets%2F72157632084572893%2Fshow%2F&amp;page_show_back_url=%2Fphotos%2Fcatcomm%2Fsets%2F72157632084572893%2F&amp;set_id=72157632084572893&amp;jump_to=\" allowfullscreen=\"allowfullscreen\" allowfullscreen=\"allowfullscreen\" \/><\/object><\/p>\n<p>O autor desta mat\u00e9ria mant\u00e9m um perfil no Facebook, <a href=\"http:\/\/on.fb.me\/V7OUU0\">Ideais de Uma Luta Morro da Provid\u00eancia<\/a>, para divulgar os fatos e acontecimentos que contam de dentro para fora a realidade das obras que ocorrem dentro da Provid\u00eancia.<\/p>\n<!-- AddThis Advanced Settings generic via filter on the_content --><!-- AddThis Share Buttons generic via filter on the_content -->","protected":false},"excerpt":{"rendered":"<div class=\"mh-excerpt\"><p>Click Here for English Esta \u00e9 a hist\u00f3ria da minha fam\u00edlia no Morro da Provid\u00eancia, que apesar das investidas da Prefeitura ainda consegue permanecer no seu local desde quando aqui chegou. Assim come\u00e7ou a hist\u00f3ria <a class=\"mh-excerpt-more\" href=\"https:\/\/rioonwatch.org.br\/?p=4124\" title=\"A Hist\u00f3ria de Uma Fam\u00edlia do Morro da Provid\u00eancia\">[&#8230;]<\/a><!-- AddThis Advanced Settings generic via filter on get_the_excerpt --><!-- AddThis Share Buttons generic via filter on get_the_excerpt --><\/p>\n<\/div>","protected":false},"author":132,"featured_media":4224,"comment_status":"closed","ping_status":"closed","sticky":false,"template":"","format":"standard","meta":{"_acf_changed":false,"_monsterinsights_skip_tracking":false,"_monsterinsights_sitenote_active":false,"_monsterinsights_sitenote_note":"","_monsterinsights_sitenote_category":0,"footnotes":""},"categories":[1614,346,344],"tags":[17,1530,424,270,257,433,14,262],"writer":[512],"translator":[],"source":[],"ilustrador":[],"fotografo":[],"class_list":{"0":"post-4124","1":"post","2":"type-post","3":"status-publish","4":"format-standard","5":"has-post-thumbnail","7":"category-olhonasremocoes","8":"category-denuncias","9":"category-politicas","10":"tag-aluguel-social","11":"tag-midia-comunitaria","12":"tag-direito-a-moradia","13":"tag-morar-carioca","14":"tag-providencia","15":"tag-porto-maravilha","16":"tag-remocao","17":"tag-teleferico","18":"writer-roberto-marinho"},"acf":[],"yoast_head":"<!-- This site is optimized with the Yoast SEO plugin v25.6 - https:\/\/yoast.com\/wordpress\/plugins\/seo\/ -->\n<title>A Hist\u00f3ria de Uma Fam\u00edlia do Morro da Provid\u00eancia - RioOnWatch<\/title>\n<meta name=\"robots\" content=\"index, follow, max-snippet:-1, max-image-preview:large, max-video-preview:-1\" \/>\n<link rel=\"canonical\" href=\"https:\/\/rioonwatch.org.br\/?p=4124\" \/>\n<meta property=\"og:locale\" content=\"pt_BR\" \/>\n<meta property=\"og:type\" content=\"article\" \/>\n<meta property=\"og:title\" content=\"A Hist\u00f3ria de Uma Fam\u00edlia do Morro da Provid\u00eancia - RioOnWatch\" \/>\n<meta property=\"og:description\" content=\"Click Here for English Esta \u00e9 a hist\u00f3ria da minha fam\u00edlia no Morro da Provid\u00eancia, que apesar das investidas da Prefeitura ainda consegue permanecer no seu local desde quando aqui chegou. Assim come\u00e7ou a hist\u00f3ria [...]\" \/>\n<meta property=\"og:url\" content=\"https:\/\/rioonwatch.org.br\/?p=4124\" \/>\n<meta property=\"og:site_name\" content=\"RioOnWatch\" \/>\n<meta property=\"article:published_time\" content=\"2012-11-28T11:07:26+00:00\" \/>\n<meta property=\"article:modified_time\" content=\"2024-06-20T16:36:53+00:00\" \/>\n<meta property=\"og:image\" content=\"https:\/\/rioonwatch.org.br\/wp-content\/uploads\/2012\/11\/provicapa.jpg\" \/>\n\t<meta property=\"og:image:width\" content=\"300\" \/>\n\t<meta property=\"og:image:height\" content=\"211\" \/>\n\t<meta property=\"og:image:type\" content=\"image\/jpeg\" \/>\n<meta name=\"author\" content=\"Felicity\" \/>\n<meta name=\"twitter:card\" content=\"summary_large_image\" \/>\n<meta name=\"twitter:label1\" content=\"Escrito por\" \/>\n\t<meta name=\"twitter:data1\" content=\"Felicity\" \/>\n\t<meta name=\"twitter:label2\" content=\"Est. tempo de leitura\" \/>\n\t<meta name=\"twitter:data2\" content=\"6 minutos\" \/>\n<script type=\"application\/ld+json\" class=\"yoast-schema-graph\">{\"@context\":\"https:\/\/schema.org\",\"@graph\":[{\"@type\":\"Article\",\"@id\":\"https:\/\/rioonwatch.org.br\/?p=4124#article\",\"isPartOf\":{\"@id\":\"https:\/\/rioonwatch.org.br\/?p=4124\"},\"author\":{\"name\":\"Felicity\",\"@id\":\"https:\/\/rioonwatch.org.br\/#\/schema\/person\/4d05cf5053c358ab740b3edd75a173f2\"},\"headline\":\"A Hist\u00f3ria de Uma Fam\u00edlia do Morro da Provid\u00eancia\",\"datePublished\":\"2012-11-28T11:07:26+00:00\",\"dateModified\":\"2024-06-20T16:36:53+00:00\",\"mainEntityOfPage\":{\"@id\":\"https:\/\/rioonwatch.org.br\/?p=4124\"},\"wordCount\":1153,\"publisher\":{\"@id\":\"https:\/\/rioonwatch.org.br\/#organization\"},\"image\":{\"@id\":\"https:\/\/rioonwatch.org.br\/?p=4124#primaryimage\"},\"thumbnailUrl\":\"https:\/\/rioonwatch.org.br\/wp-content\/uploads\/2012\/11\/provicapa.jpg\",\"keywords\":[\"Aluguel social\",\"Comunica\u00e7\u00e3o Comunit\u00e1ria\",\"Direito \u00e0 Moradia\",\"Morar Carioca\",\"Morro da Provid\u00eancia\",\"Porto Maravilha\",\"Remo\u00e7\u00e3o\",\"telef\u00e9rico\"],\"articleSection\":[\"#OlhoNasRemo\u00e7\u00f5es\",\"Den\u00fancias\",\"Pol\u00edticas\"],\"inLanguage\":\"pt-BR\"},{\"@type\":\"WebPage\",\"@id\":\"https:\/\/rioonwatch.org.br\/?p=4124\",\"url\":\"https:\/\/rioonwatch.org.br\/?p=4124\",\"name\":\"A Hist\u00f3ria de Uma Fam\u00edlia do Morro da Provid\u00eancia - RioOnWatch\",\"isPartOf\":{\"@id\":\"https:\/\/rioonwatch.org.br\/#website\"},\"primaryImageOfPage\":{\"@id\":\"https:\/\/rioonwatch.org.br\/?p=4124#primaryimage\"},\"image\":{\"@id\":\"https:\/\/rioonwatch.org.br\/?p=4124#primaryimage\"},\"thumbnailUrl\":\"https:\/\/rioonwatch.org.br\/wp-content\/uploads\/2012\/11\/provicapa.jpg\",\"datePublished\":\"2012-11-28T11:07:26+00:00\",\"dateModified\":\"2024-06-20T16:36:53+00:00\",\"breadcrumb\":{\"@id\":\"https:\/\/rioonwatch.org.br\/?p=4124#breadcrumb\"},\"inLanguage\":\"pt-BR\",\"potentialAction\":[{\"@type\":\"ReadAction\",\"target\":[\"https:\/\/rioonwatch.org.br\/?p=4124\"]}]},{\"@type\":\"ImageObject\",\"inLanguage\":\"pt-BR\",\"@id\":\"https:\/\/rioonwatch.org.br\/?p=4124#primaryimage\",\"url\":\"https:\/\/rioonwatch.org.br\/wp-content\/uploads\/2012\/11\/provicapa.jpg\",\"contentUrl\":\"https:\/\/rioonwatch.org.br\/wp-content\/uploads\/2012\/11\/provicapa.jpg\",\"width\":300,\"height\":211},{\"@type\":\"BreadcrumbList\",\"@id\":\"https:\/\/rioonwatch.org.br\/?p=4124#breadcrumb\",\"itemListElement\":[{\"@type\":\"ListItem\",\"position\":1,\"name\":\"In\u00edcio\",\"item\":\"https:\/\/rioonwatch.org.br\/\"},{\"@type\":\"ListItem\",\"position\":2,\"name\":\"A Hist\u00f3ria de Uma Fam\u00edlia do Morro da Provid\u00eancia\"}]},{\"@type\":\"WebSite\",\"@id\":\"https:\/\/rioonwatch.org.br\/#website\",\"url\":\"https:\/\/rioonwatch.org.br\/\",\"name\":\"RioOnWatch\",\"description\":\"relatos das favelas cariocas\",\"publisher\":{\"@id\":\"https:\/\/rioonwatch.org.br\/#organization\"},\"potentialAction\":[{\"@type\":\"SearchAction\",\"target\":{\"@type\":\"EntryPoint\",\"urlTemplate\":\"https:\/\/rioonwatch.org.br\/?s={search_term_string}\"},\"query-input\":{\"@type\":\"PropertyValueSpecification\",\"valueRequired\":true,\"valueName\":\"search_term_string\"}}],\"inLanguage\":\"pt-BR\"},{\"@type\":\"Organization\",\"@id\":\"https:\/\/rioonwatch.org.br\/#organization\",\"name\":\"RioOnWatch\",\"url\":\"https:\/\/rioonwatch.org.br\/\",\"logo\":{\"@type\":\"ImageObject\",\"inLanguage\":\"pt-BR\",\"@id\":\"https:\/\/rioonwatch.org.br\/#\/schema\/logo\/image\/\",\"url\":\"https:\/\/rioonwatch.org.br\/wp-content\/uploads\/2021\/06\/RioOnWatchcabecalhoPT11anos-2.png\",\"contentUrl\":\"https:\/\/rioonwatch.org.br\/wp-content\/uploads\/2021\/06\/RioOnWatchcabecalhoPT11anos-2.png\",\"width\":779,\"height\":277,\"caption\":\"RioOnWatch\"},\"image\":{\"@id\":\"https:\/\/rioonwatch.org.br\/#\/schema\/logo\/image\/\"}},{\"@type\":\"Person\",\"@id\":\"https:\/\/rioonwatch.org.br\/#\/schema\/person\/4d05cf5053c358ab740b3edd75a173f2\",\"name\":\"Felicity\",\"image\":{\"@type\":\"ImageObject\",\"inLanguage\":\"pt-BR\",\"@id\":\"https:\/\/rioonwatch.org.br\/#\/schema\/person\/image\/\",\"url\":\"https:\/\/secure.gravatar.com\/avatar\/bfc904486dc0bba6015410a00fe3fc27?s=96&d=blank&r=g\",\"contentUrl\":\"https:\/\/secure.gravatar.com\/avatar\/bfc904486dc0bba6015410a00fe3fc27?s=96&d=blank&r=g\",\"caption\":\"Felicity\"},\"url\":\"https:\/\/rioonwatch.org.br\/?author=132\"}]}<\/script>\n<!-- \/ Yoast SEO plugin. -->","yoast_head_json":{"title":"A Hist\u00f3ria de Uma Fam\u00edlia do Morro da Provid\u00eancia - RioOnWatch","robots":{"index":"index","follow":"follow","max-snippet":"max-snippet:-1","max-image-preview":"max-image-preview:large","max-video-preview":"max-video-preview:-1"},"canonical":"https:\/\/rioonwatch.org.br\/?p=4124","og_locale":"pt_BR","og_type":"article","og_title":"A Hist\u00f3ria de Uma Fam\u00edlia do Morro da Provid\u00eancia - RioOnWatch","og_description":"Click Here for English Esta \u00e9 a hist\u00f3ria da minha fam\u00edlia no Morro da Provid\u00eancia, que apesar das investidas da Prefeitura ainda consegue permanecer no seu local desde quando aqui chegou. Assim come\u00e7ou a hist\u00f3ria [...]","og_url":"https:\/\/rioonwatch.org.br\/?p=4124","og_site_name":"RioOnWatch","article_published_time":"2012-11-28T11:07:26+00:00","article_modified_time":"2024-06-20T16:36:53+00:00","og_image":[{"width":300,"height":211,"url":"https:\/\/rioonwatch.org.br\/wp-content\/uploads\/2012\/11\/provicapa.jpg","type":"image\/jpeg"}],"author":"Felicity","twitter_card":"summary_large_image","twitter_misc":{"Escrito por":"Felicity","Est. tempo de leitura":"6 minutos"},"schema":{"@context":"https:\/\/schema.org","@graph":[{"@type":"Article","@id":"https:\/\/rioonwatch.org.br\/?p=4124#article","isPartOf":{"@id":"https:\/\/rioonwatch.org.br\/?p=4124"},"author":{"name":"Felicity","@id":"https:\/\/rioonwatch.org.br\/#\/schema\/person\/4d05cf5053c358ab740b3edd75a173f2"},"headline":"A Hist\u00f3ria de Uma Fam\u00edlia do Morro da Provid\u00eancia","datePublished":"2012-11-28T11:07:26+00:00","dateModified":"2024-06-20T16:36:53+00:00","mainEntityOfPage":{"@id":"https:\/\/rioonwatch.org.br\/?p=4124"},"wordCount":1153,"publisher":{"@id":"https:\/\/rioonwatch.org.br\/#organization"},"image":{"@id":"https:\/\/rioonwatch.org.br\/?p=4124#primaryimage"},"thumbnailUrl":"https:\/\/rioonwatch.org.br\/wp-content\/uploads\/2012\/11\/provicapa.jpg","keywords":["Aluguel social","Comunica\u00e7\u00e3o Comunit\u00e1ria","Direito \u00e0 Moradia","Morar Carioca","Morro da Provid\u00eancia","Porto Maravilha","Remo\u00e7\u00e3o","telef\u00e9rico"],"articleSection":["#OlhoNasRemo\u00e7\u00f5es","Den\u00fancias","Pol\u00edticas"],"inLanguage":"pt-BR"},{"@type":"WebPage","@id":"https:\/\/rioonwatch.org.br\/?p=4124","url":"https:\/\/rioonwatch.org.br\/?p=4124","name":"A Hist\u00f3ria de Uma Fam\u00edlia do Morro da Provid\u00eancia - RioOnWatch","isPartOf":{"@id":"https:\/\/rioonwatch.org.br\/#website"},"primaryImageOfPage":{"@id":"https:\/\/rioonwatch.org.br\/?p=4124#primaryimage"},"image":{"@id":"https:\/\/rioonwatch.org.br\/?p=4124#primaryimage"},"thumbnailUrl":"https:\/\/rioonwatch.org.br\/wp-content\/uploads\/2012\/11\/provicapa.jpg","datePublished":"2012-11-28T11:07:26+00:00","dateModified":"2024-06-20T16:36:53+00:00","breadcrumb":{"@id":"https:\/\/rioonwatch.org.br\/?p=4124#breadcrumb"},"inLanguage":"pt-BR","potentialAction":[{"@type":"ReadAction","target":["https:\/\/rioonwatch.org.br\/?p=4124"]}]},{"@type":"ImageObject","inLanguage":"pt-BR","@id":"https:\/\/rioonwatch.org.br\/?p=4124#primaryimage","url":"https:\/\/rioonwatch.org.br\/wp-content\/uploads\/2012\/11\/provicapa.jpg","contentUrl":"https:\/\/rioonwatch.org.br\/wp-content\/uploads\/2012\/11\/provicapa.jpg","width":300,"height":211},{"@type":"BreadcrumbList","@id":"https:\/\/rioonwatch.org.br\/?p=4124#breadcrumb","itemListElement":[{"@type":"ListItem","position":1,"name":"In\u00edcio","item":"https:\/\/rioonwatch.org.br\/"},{"@type":"ListItem","position":2,"name":"A Hist\u00f3ria de Uma Fam\u00edlia do Morro da Provid\u00eancia"}]},{"@type":"WebSite","@id":"https:\/\/rioonwatch.org.br\/#website","url":"https:\/\/rioonwatch.org.br\/","name":"RioOnWatch","description":"relatos das favelas cariocas","publisher":{"@id":"https:\/\/rioonwatch.org.br\/#organization"},"potentialAction":[{"@type":"SearchAction","target":{"@type":"EntryPoint","urlTemplate":"https:\/\/rioonwatch.org.br\/?s={search_term_string}"},"query-input":{"@type":"PropertyValueSpecification","valueRequired":true,"valueName":"search_term_string"}}],"inLanguage":"pt-BR"},{"@type":"Organization","@id":"https:\/\/rioonwatch.org.br\/#organization","name":"RioOnWatch","url":"https:\/\/rioonwatch.org.br\/","logo":{"@type":"ImageObject","inLanguage":"pt-BR","@id":"https:\/\/rioonwatch.org.br\/#\/schema\/logo\/image\/","url":"https:\/\/rioonwatch.org.br\/wp-content\/uploads\/2021\/06\/RioOnWatchcabecalhoPT11anos-2.png","contentUrl":"https:\/\/rioonwatch.org.br\/wp-content\/uploads\/2021\/06\/RioOnWatchcabecalhoPT11anos-2.png","width":779,"height":277,"caption":"RioOnWatch"},"image":{"@id":"https:\/\/rioonwatch.org.br\/#\/schema\/logo\/image\/"}},{"@type":"Person","@id":"https:\/\/rioonwatch.org.br\/#\/schema\/person\/4d05cf5053c358ab740b3edd75a173f2","name":"Felicity","image":{"@type":"ImageObject","inLanguage":"pt-BR","@id":"https:\/\/rioonwatch.org.br\/#\/schema\/person\/image\/","url":"https:\/\/secure.gravatar.com\/avatar\/bfc904486dc0bba6015410a00fe3fc27?s=96&d=blank&r=g","contentUrl":"https:\/\/secure.gravatar.com\/avatar\/bfc904486dc0bba6015410a00fe3fc27?s=96&d=blank&r=g","caption":"Felicity"},"url":"https:\/\/rioonwatch.org.br\/?author=132"}]}},"_links":{"self":[{"href":"https:\/\/rioonwatch.org.br\/index.php?rest_route=\/wp\/v2\/posts\/4124"}],"collection":[{"href":"https:\/\/rioonwatch.org.br\/index.php?rest_route=\/wp\/v2\/posts"}],"about":[{"href":"https:\/\/rioonwatch.org.br\/index.php?rest_route=\/wp\/v2\/types\/post"}],"author":[{"embeddable":true,"href":"https:\/\/rioonwatch.org.br\/index.php?rest_route=\/wp\/v2\/users\/132"}],"replies":[{"embeddable":true,"href":"https:\/\/rioonwatch.org.br\/index.php?rest_route=%2Fwp%2Fv2%2Fcomments&post=4124"}],"version-history":[{"count":35,"href":"https:\/\/rioonwatch.org.br\/index.php?rest_route=\/wp\/v2\/posts\/4124\/revisions"}],"predecessor-version":[{"id":74157,"href":"https:\/\/rioonwatch.org.br\/index.php?rest_route=\/wp\/v2\/posts\/4124\/revisions\/74157"}],"wp:featuredmedia":[{"embeddable":true,"href":"https:\/\/rioonwatch.org.br\/index.php?rest_route=\/wp\/v2\/media\/4224"}],"wp:attachment":[{"href":"https:\/\/rioonwatch.org.br\/index.php?rest_route=%2Fwp%2Fv2%2Fmedia&parent=4124"}],"wp:term":[{"taxonomy":"category","embeddable":true,"href":"https:\/\/rioonwatch.org.br\/index.php?rest_route=%2Fwp%2Fv2%2Fcategories&post=4124"},{"taxonomy":"post_tag","embeddable":true,"href":"https:\/\/rioonwatch.org.br\/index.php?rest_route=%2Fwp%2Fv2%2Ftags&post=4124"},{"taxonomy":"writer","embeddable":true,"href":"https:\/\/rioonwatch.org.br\/index.php?rest_route=%2Fwp%2Fv2%2Fwriter&post=4124"},{"taxonomy":"translator","embeddable":true,"href":"https:\/\/rioonwatch.org.br\/index.php?rest_route=%2Fwp%2Fv2%2Ftranslator&post=4124"},{"taxonomy":"source","embeddable":true,"href":"https:\/\/rioonwatch.org.br\/index.php?rest_route=%2Fwp%2Fv2%2Fsource&post=4124"},{"taxonomy":"ilustrador","embeddable":true,"href":"https:\/\/rioonwatch.org.br\/index.php?rest_route=%2Fwp%2Fv2%2Filustrador&post=4124"},{"taxonomy":"fotografo","embeddable":true,"href":"https:\/\/rioonwatch.org.br\/index.php?rest_route=%2Fwp%2Fv2%2Ffotografo&post=4124"}],"curies":[{"name":"wp","href":"https:\/\/api.w.org\/{rel}","templated":true}]}}