{"id":41269,"date":"2019-06-18T07:47:01","date_gmt":"2019-06-18T10:47:01","guid":{"rendered":"https:\/\/rioonwatch.org.br\/?p=41269"},"modified":"2019-06-19T10:36:25","modified_gmt":"2019-06-19T13:36:25","slug":"painel-da-semana-do-museu-discute-o-papel-dos-museus-na-representacao-de-pessoas-e-lugares","status":"publish","type":"post","link":"https:\/\/rioonwatch.org.br\/?p=41269","title":{"rendered":"Semana do Museu Discute Papel dos Museus na Representa\u00e7\u00e3o de Pessoas e Lugares"},"content":{"rendered":"<p style=\"text-align: right;\"><em><strong><a href=\"http:\/\/bit.ly\/2wRivNT\" target=\"_blank\" rel=\"noopener noreferrer\">Click Here for English<\/a><a href=\"http:\/\/bit.ly\/2wRivNT\" target=\"_blank\" rel=\"noopener noreferrer\"><img decoding=\"async\" width=\"20\" height=\"20\" class=\"alignright wp-image-15790\" src=\"http:\/\/rioonwatch.org.br\/wp-content\/uploads\/2012\/08\/EN-standard-e1439583104716.jpg\" \/><\/a><\/strong><\/em><\/p>\n<p>\u201cOs museus contam nossas hist\u00f3rias?\u201d Essa foi a quest\u00e3o central abordada durante um painel intitulado \u201c<a href=\"http:\/\/bit.ly\/2K3OfrF\" target=\"_blank\" rel=\"noopener noreferrer\">Museus, Territorialidade e Representatividade: Deixe eu contar minha hist\u00f3ria<\/a>\u201d, realizado no dia 22 de maio no <a href=\"http:\/\/bit.ly\/2WCcnUd\" target=\"_blank\" rel=\"noopener noreferrer\">Lab Oi Futuro<\/a>, no <a href=\"http:\/\/bit.ly\/2pJprrU\" target=\"_blank\" rel=\"noopener noreferrer\">Flamengo<\/a>, <a href=\"http:\/\/bit.ly\/2WL6FUi\" target=\"_blank\" rel=\"noopener noreferrer\">Zona Sul<\/a>. Como parte da <a href=\"http:\/\/bit.ly\/2K0hiwz\" target=\"_blank\" rel=\"noopener noreferrer\">17\u00aa Semana Nacional dos Museus<\/a>\u2014que teve como foco tem\u00e1tico \u201cMuseus como N\u00facleos Culturais: O Futuro das Tradi\u00e7\u00f5es\u201d\u2014o painel reuniu representantes da Rede de Museus do Estado do Rio de Janeiro, um ramo da Secretaria de Estado de Cultura e Economia Criativa; o <a href=\"http:\/\/bit.ly\/2KZxrj9\" target=\"_blank\" rel=\"noopener noreferrer\">Museu de Favela<\/a>\u00a0(MUF) do <a href=\"http:\/\/bit.ly\/2R0DzKR\" target=\"_blank\" rel=\"noopener noreferrer\">Cantagalo<\/a> e <a href=\"http:\/\/bit.ly\/11x89ZX\" target=\"_blank\" rel=\"noopener noreferrer\"><u>Pav\u00e3o-Pav\u00e3ozinho<\/u><\/a>; o <a href=\"http:\/\/bit.ly\/2rMLFLa\" target=\"_blank\" rel=\"noopener noreferrer\">Museu Sankofa<\/a>, na <a href=\"http:\/\/bit.ly\/2XuTtjt\" target=\"_blank\" rel=\"noopener noreferrer\">Rocinha<\/a>; e o <a href=\"http:\/\/bit.ly\/2K2lyLL\" target=\"_blank\" rel=\"noopener noreferrer\">Grupo de Museologia Experimental e Imagem<\/a> da UniRio, que trabalha com o <a href=\"http:\/\/bit.ly\/2MYiIog\" target=\"_blank\" rel=\"noopener noreferrer\">Museu das Remo\u00e7\u00f5es<\/a> na\u00a0<a href=\"http:\/\/bit.ly\/Nfddvg\" target=\"_blank\" rel=\"noopener noreferrer\">Vila Aut\u00f3dromo<\/a>.<\/p>\n<p>Al\u00e9m de seus 235 museus, o Estado do Rio de Janeiro abriga 21 Casas de Cultura, tr\u00eas institutos de pesquisa, oito centros de mem\u00f3ria, dezoito centros culturais, quatro memoriais e dezessete parques mapeados pela Rede Estadual de Museus. A superintendente Lucienne Figueiredo afirmou que, em resposta a demandas por treinamento e recursos, a Rede de Museus do Estado promove oficinas e auxilia na circula\u00e7\u00e3o de cole\u00e7\u00f5es e na cria\u00e7\u00e3o de novos museus, al\u00e9m de oferecer apoio a <a href=\"http:\/\/bit.ly\/2Lm952p\" target=\"_blank\" rel=\"noopener noreferrer\">museus comunit\u00e1rios<\/a>. Outros participantes do painel trabalham com museus comunit\u00e1rios e oferecem perspectivas de base sobre resist\u00eancia e representa\u00e7\u00e3o.<\/p>\n<p><a href=\"https:\/\/rioonwatch.org.br\/wp-content\/uploads\/2019\/06\/Museu-de-Favela-Oi-Painel-Museus-Comunit\u00e1rios.jpg\"><img fetchpriority=\"high\" decoding=\"async\" class=\"aligncenter size-content wp-image-41271\" src=\"https:\/\/rioonwatch.org.br\/wp-content\/uploads\/2019\/06\/Museu-de-Favela-Oi-Painel-Museus-Comunit\u00e1rios-620x264.jpg\" alt=\"\" width=\"620\" height=\"264\" srcset=\"https:\/\/rioonwatch.org.br\/wp-content\/uploads\/2019\/06\/Museu-de-Favela-Oi-Painel-Museus-Comunit\u00e1rios-620x264.jpg 620w, https:\/\/rioonwatch.org.br\/wp-content\/uploads\/2019\/06\/Museu-de-Favela-Oi-Painel-Museus-Comunit\u00e1rios-940x400.jpg 940w\" sizes=\"(max-width: 620px) 100vw, 620px\" \/><\/a><\/p>\n<p>Representantes do <a href=\"http:\/\/bit.ly\/2IGWNlt\" target=\"_blank\" rel=\"noopener noreferrer\">Museu de Favela<\/a> afirmaram que o <a href=\"http:\/\/bit.ly\/MuseusComunitarios\" target=\"_blank\" rel=\"noopener noreferrer\">trabalho do museu comunit\u00e1rio<\/a> \u00e9 uma iniciativa de base para criar conex\u00f5es entre moradores e a cultura local do Pav\u00e3o-Pav\u00e3ozinho e Cantagalo (PPG). Ao estabelecer o MUF em 2008, eles queriam <a href=\"http:\/\/bit.ly\/2d30Pnn\" target=\"_blank\" rel=\"noopener noreferrer\">mudar a perspectiva de que favelas s\u00e3o algo negativo<\/a>. Como tal, o museu se concentra em temas como a hist\u00f3ria da forma\u00e7\u00e3o da favela, as origens culturais do samba e a migra\u00e7\u00e3o do nordeste. Dos dezesseis fundadores do MUF, 13 s\u00e3o moradores da comunidade, incluindo M\u00e1rcia Souza\u2014engenheira de forma\u00e7\u00e3o que hoje \u00e9 uma \u201cmuse\u00f3loga emp\u00edrica\u201d com uma d\u00e9cada de experi\u00eancia. Representando o MUF no painel, ela falou sobre os moradores de sua comunidade: \u201cN\u00e3o somos objetos de pesquisa, somos um laborat\u00f3rio\u201d. Seu projeto favorito do MUF \u00e9 o pr\u00eamio <a href=\"http:\/\/bit.ly\/1RpeCEq\" target=\"_blank\" rel=\"noopener noreferrer\">Mulheres Guerreiras<\/a>, que reconhece mulheres que mant\u00eam viva a mem\u00f3ria e a cultura das favelas do PGG.<\/p>\n<p>Os alunos da UniRio que trabalham com o Museu das Remo\u00e7\u00f5es da Vila Aut\u00f3dromo apresentaram o museu com um pequeno v\u00eddeo, que descreve que o Museu das Remo\u00e7\u00f5es \u00e9 um museu de resist\u00eancia destinado a preservar a mem\u00f3ria, e que pode servir de modelo para outras comunidades em rela\u00e7\u00e3o \u00e0s causas de amea\u00e7as de gentrifica\u00e7\u00e3o e remo\u00e7\u00f5es. O museu tem um alcance global. O exemplo mais recente foi o contato que organizadores do Jap\u00e3o fizeram com o Museu das Remo\u00e7\u00f5es antes das Olimp\u00edadas de T\u00f3quio em 2020. Alex Ven\u00e2ncio, estudante da UniRio, argumentou que <a href=\"http:\/\/bit.ly\/1VrS59R\" target=\"_blank\" rel=\"noopener noreferrer\">todos os eventos Ol\u00edmpicos t\u00eam um efeito de gentrifica\u00e7\u00e3o<\/a>. Ele disse que a representa\u00e7\u00e3o no museu implica algo que n\u00e3o pode estar (ou que n\u00e3o est\u00e1 mais) presente. \u00c9 o caso da Vila Aut\u00f3dromo: o espa\u00e7o onde a comunidade permanece, mas os pr\u00e9dios originais desapareceram. O <a href=\"http:\/\/bit.ly\/2ItAzD0\" target=\"_blank\" rel=\"noopener noreferrer\">percurso a p\u00e9 do Museu das Remo\u00e7\u00f5es<\/a> reconhece 21 locais de mem\u00f3ria que marcam os locais de casas e com\u00e9rcios locais demolidos.<\/p>\n<p><iframe src=\"https:\/\/www.youtube.com\/embed\/z0e9EmxlpMU\" width=\"620\" height=\"349\" frameborder=\"0\" allowfullscreen=\"allowfullscreen\"><\/iframe><\/p>\n<p>Ant\u00f4nio Carlos Firmino, morador da Rocinha, iniciou sua apresenta\u00e7\u00e3o sobre o <a href=\"http:\/\/bit.ly\/2WGpSqZ\" target=\"_blank\" rel=\"noopener noreferrer\">Museu Sankofa<\/a> afirmando que os <a href=\"http:\/\/bit.ly\/2ZnDPXF\" target=\"_blank\" rel=\"noopener noreferrer\">direitos culturais s\u00e3o direitos humanos<\/a>. Ele disse que os organizadores do museu procuravam evitar cometer erros frequentemente cometidos na documenta\u00e7\u00e3o da hist\u00f3ria \u201coficial\u201d\u2014como apagar e negar certos aspectos da hist\u00f3ria. Um dos focos de Sankofa \u00e9 a promo\u00e7\u00e3o de <a href=\"http:\/\/bit.ly\/2ZsSq3V\" target=\"_blank\" rel=\"noopener noreferrer\">mutir\u00f5es<\/a> na comunidade. Ele mostrou fotos de mulheres realizando mutir\u00f5es e afirmou que uma grande quantidade de trabalho\u2014relacionado ao fornecimento de \u00e1gua e eletricidade em resposta a eventos clim\u00e1ticos extremos\u2014\u00e9 realizada principalmente por mulheres. Ele argumentou que \u00e9 importante que os museus reconhe\u00e7am o papel das mulheres no desenvolvimento das favelas. O museu Sankofa documenta a <a href=\"http:\/\/bit.ly\/2INryUQ\" target=\"_blank\" rel=\"noopener noreferrer\">luta pelo saneamento b\u00e1sico na Rocinha<\/a>, bem como outros eventos da hist\u00f3ria da comunidade\u2014desde a constru\u00e7\u00e3o da igreja de <a href=\"http:\/\/bit.ly\/2Xh664J\" target=\"_blank\" rel=\"noopener noreferrer\">Nossa Senhora da Boa Viagem<\/a>, nos anos 1930, at\u00e9 a visita de um sheik nos anos 1980.<\/p>\n<p><a href=\"https:\/\/rioonwatch.org.br\/wp-content\/uploads\/2019\/06\/Oi-Futuro-Museus.jpg\"><img decoding=\"async\" class=\"aligncenter size-content wp-image-41272\" src=\"https:\/\/rioonwatch.org.br\/wp-content\/uploads\/2019\/06\/Oi-Futuro-Museus-620x264.jpg\" alt=\"\" width=\"620\" height=\"264\" srcset=\"https:\/\/rioonwatch.org.br\/wp-content\/uploads\/2019\/06\/Oi-Futuro-Museus-620x264.jpg 620w, https:\/\/rioonwatch.org.br\/wp-content\/uploads\/2019\/06\/Oi-Futuro-Museus-940x400.jpg 940w\" sizes=\"(max-width: 620px) 100vw, 620px\" \/><\/a><\/p>\n<p>Os <a href=\"http:\/\/bit.ly\/2tJO7kw\" target=\"_blank\" rel=\"noopener noreferrer\">museus comunit\u00e1rios do Rio<\/a> est\u00e3o trabalhando para serem mais acess\u00edveis a todos, incluindo deficientes visuais, ao coletar e compartilhar hist\u00f3rias orais. M\u00e1rcia Souza, do Museu de Favela, afirmou que trabalha com emo\u00e7\u00e3o: devagar e sempre, com sorrisos e abra\u00e7os, vai de porta em porta entrevistar moradores de sua comunidade. M\u00e1rcia afirmou que o MUF est\u00e1 atualmente procurando volunt\u00e1rios para realizar entrevistas, no entanto, as atividades do museu foram recentemente dificultadas por interven\u00e7\u00f5es policiais na comunidade. O museu Sankofa lida com desafios semelhantes. Para enriquecer suas cole\u00e7\u00f5es hist\u00f3ricas com uma ampla variedade de perspectivas, Sankofa organiza o \u201cCh\u00e1 da Tarde no Museu\u201d, convidando os moradores de longa data para falar sobre diferentes assuntos.<\/p>\n<p>A troca descontra\u00edda continuou com refrescos ap\u00f3s o encerramento do painel oficial. Com reconhecimento compartilhado, muito pode ser aprendido nos museus comunit\u00e1rios do Rio. Esses espa\u00e7os de troca, de base, documentam a hist\u00f3ria e apresentam as quest\u00f5es de seus territ\u00f3rios enquanto mant\u00eam um di\u00e1logo aberto dentro e entre comunidades.<\/p>\n<!-- AddThis Advanced Settings generic via filter on the_content --><!-- AddThis Share Buttons generic via filter on the_content -->","protected":false},"excerpt":{"rendered":"<div class=\"mh-excerpt\"><p>Click Here for English \u201cOs museus contam nossas hist\u00f3rias?\u201d Essa foi a quest\u00e3o central abordada durante um painel intitulado \u201cMuseus, Territorialidade e Representatividade: Deixe eu contar minha hist\u00f3ria\u201d, realizado no dia 22 de maio no <a class=\"mh-excerpt-more\" href=\"https:\/\/rioonwatch.org.br\/?p=41269\" title=\"Semana do Museu Discute Papel dos Museus na Representa\u00e7\u00e3o de Pessoas e Lugares\">[&#8230;]<\/a><!-- AddThis Advanced Settings generic via filter on get_the_excerpt --><!-- AddThis Share Buttons generic via filter on get_the_excerpt --><\/p>\n<\/div>","protected":false},"author":152,"featured_media":41270,"comment_status":"closed","ping_status":"closed","sticky":false,"template":"","format":"standard","meta":{"_acf_changed":false,"_monsterinsights_skip_tracking":false,"_monsterinsights_sitenote_active":false,"_monsterinsights_sitenote_note":"","_monsterinsights_sitenote_category":0,"footnotes":""},"categories":[1627,1615,1626,1616,342],"tags":[229,81,421,128,841,2132,2368,1206,2040,1193,276,358,439,14,432,16,476,55,383],"writer":[1124],"translator":[1491],"source":[],"ilustrador":[],"fotografo":[],"class_list":{"0":"post-41269","1":"post","2":"type-post","3":"status-publish","4":"format-standard","5":"has-post-thumbnail","7":"category-relato-de-evento","8":"category-cultura-da-favela","9":"category-por-observadores-internacionais","10":"category-qualidades-da-favela","11":"category-solucoes","12":"tag-cantagalo","13":"tag-cultura","14":"tag-cultura-da-favela","15":"tag-historia","16":"tag-historia-oral","17":"tag-semana-de-museus","18":"tag-museu-comunitario","19":"tag-museu-da-rocinha-sankofa","20":"tag-museu-das-remocoes","21":"tag-museu-de-favela","22":"tag-mutirao","23":"tag-organizacao-comunitaria","24":"tag-pavao-pavaozinho","25":"tag-remocao","26":"tag-resistencia","27":"tag-rocinha","28":"tag-solucao-comunitaria","29":"tag-vila-autodromo","30":"tag-zona-sul","31":"writer-jessica-goodenough","32":"translator-patricia-gomes"},"acf":[],"yoast_head":"<!-- This site is optimized with the Yoast SEO plugin v25.6 - https:\/\/yoast.com\/wordpress\/plugins\/seo\/ -->\n<title>Semana do Museu Discute Papel dos Museus na Representa\u00e7\u00e3o de Pessoas e Lugares - RioOnWatch<\/title>\n<meta name=\"robots\" content=\"index, follow, max-snippet:-1, max-image-preview:large, max-video-preview:-1\" \/>\n<link rel=\"canonical\" href=\"https:\/\/rioonwatch.org.br\/?p=41269\" \/>\n<meta property=\"og:locale\" content=\"pt_BR\" \/>\n<meta property=\"og:type\" content=\"article\" \/>\n<meta property=\"og:title\" content=\"Semana do Museu Discute Papel dos Museus na Representa\u00e7\u00e3o de Pessoas e Lugares - RioOnWatch\" \/>\n<meta property=\"og:description\" content=\"Click Here for English \u201cOs museus contam nossas hist\u00f3rias?\u201d Essa foi a quest\u00e3o central abordada durante um painel intitulado \u201cMuseus, Territorialidade e Representatividade: Deixe eu contar minha hist\u00f3ria\u201d, realizado no dia 22 de maio no [...]\" \/>\n<meta property=\"og:url\" content=\"https:\/\/rioonwatch.org.br\/?p=41269\" \/>\n<meta property=\"og:site_name\" content=\"RioOnWatch\" \/>\n<meta property=\"article:published_time\" content=\"2019-06-18T10:47:01+00:00\" \/>\n<meta property=\"article:modified_time\" content=\"2019-06-19T13:36:25+00:00\" \/>\n<meta property=\"og:image\" content=\"https:\/\/rioonwatch.org.br\/wp-content\/uploads\/2019\/06\/Museums-Territorialidade-e-Representa\u00e7\u00e3o-839x629.jpg\" \/>\n\t<meta property=\"og:image:width\" content=\"839\" \/>\n\t<meta property=\"og:image:height\" content=\"629\" \/>\n\t<meta property=\"og:image:type\" content=\"image\/jpeg\" \/>\n<meta name=\"author\" content=\"Luisa Fenizola\" \/>\n<meta name=\"twitter:card\" content=\"summary_large_image\" \/>\n<meta name=\"twitter:label1\" content=\"Escrito por\" \/>\n\t<meta name=\"twitter:data1\" content=\"Luisa Fenizola\" \/>\n\t<meta name=\"twitter:label2\" content=\"Est. tempo de leitura\" \/>\n\t<meta name=\"twitter:data2\" content=\"5 minutos\" \/>\n<script type=\"application\/ld+json\" class=\"yoast-schema-graph\">{\"@context\":\"https:\/\/schema.org\",\"@graph\":[{\"@type\":\"Article\",\"@id\":\"https:\/\/rioonwatch.org.br\/?p=41269#article\",\"isPartOf\":{\"@id\":\"https:\/\/rioonwatch.org.br\/?p=41269\"},\"author\":{\"name\":\"Luisa Fenizola\",\"@id\":\"https:\/\/rioonwatch.org.br\/#\/schema\/person\/f443c6b55bb6e80842280318076491c5\"},\"headline\":\"Semana do Museu Discute Papel dos Museus na Representa\u00e7\u00e3o de Pessoas e Lugares\",\"datePublished\":\"2019-06-18T10:47:01+00:00\",\"dateModified\":\"2019-06-19T13:36:25+00:00\",\"mainEntityOfPage\":{\"@id\":\"https:\/\/rioonwatch.org.br\/?p=41269\"},\"wordCount\":938,\"publisher\":{\"@id\":\"https:\/\/rioonwatch.org.br\/#organization\"},\"image\":{\"@id\":\"https:\/\/rioonwatch.org.br\/?p=41269#primaryimage\"},\"thumbnailUrl\":\"https:\/\/rioonwatch.org.br\/wp-content\/uploads\/2019\/06\/Museums-Territorialidade-e-Representa\u00e7\u00e3o.jpg\",\"keywords\":[\"Cantagalo\",\"cultura\",\"cultura da favela\",\"hist\u00f3ria\",\"hist\u00f3ria oral\",\"M\u00eas dos Museus\",\"Museu comunit\u00e1rio\",\"Museu da Rocinha Sankofa\",\"Museu das Remo\u00e7\u00f5es\",\"Museu de Favela\",\"mutir\u00e3o\",\"organiza\u00e7\u00e3o comunit\u00e1ria\",\"Pav\u00e3o-Pav\u00e3ozinho\",\"Remo\u00e7\u00e3o\",\"resist\u00eancia\",\"Rocinha\",\"solu\u00e7\u00e3o comunit\u00e1ria\",\"Vila Aut\u00f3dromo\",\"Zona Sul\"],\"articleSection\":[\"Cobertura de Eventos\",\"Cultura da Favela\",\"Escrito por Aliados\",\"Qualidades da Favela\",\"Solu\u00e7\u00f5es\"],\"inLanguage\":\"pt-BR\"},{\"@type\":\"WebPage\",\"@id\":\"https:\/\/rioonwatch.org.br\/?p=41269\",\"url\":\"https:\/\/rioonwatch.org.br\/?p=41269\",\"name\":\"Semana do Museu Discute Papel dos Museus na Representa\u00e7\u00e3o de Pessoas e Lugares - RioOnWatch\",\"isPartOf\":{\"@id\":\"https:\/\/rioonwatch.org.br\/#website\"},\"primaryImageOfPage\":{\"@id\":\"https:\/\/rioonwatch.org.br\/?p=41269#primaryimage\"},\"image\":{\"@id\":\"https:\/\/rioonwatch.org.br\/?p=41269#primaryimage\"},\"thumbnailUrl\":\"https:\/\/rioonwatch.org.br\/wp-content\/uploads\/2019\/06\/Museums-Territorialidade-e-Representa\u00e7\u00e3o.jpg\",\"datePublished\":\"2019-06-18T10:47:01+00:00\",\"dateModified\":\"2019-06-19T13:36:25+00:00\",\"breadcrumb\":{\"@id\":\"https:\/\/rioonwatch.org.br\/?p=41269#breadcrumb\"},\"inLanguage\":\"pt-BR\",\"potentialAction\":[{\"@type\":\"ReadAction\",\"target\":[\"https:\/\/rioonwatch.org.br\/?p=41269\"]}]},{\"@type\":\"ImageObject\",\"inLanguage\":\"pt-BR\",\"@id\":\"https:\/\/rioonwatch.org.br\/?p=41269#primaryimage\",\"url\":\"https:\/\/rioonwatch.org.br\/wp-content\/uploads\/2019\/06\/Museums-Territorialidade-e-Representa\u00e7\u00e3o.jpg\",\"contentUrl\":\"https:\/\/rioonwatch.org.br\/wp-content\/uploads\/2019\/06\/Museums-Territorialidade-e-Representa\u00e7\u00e3o.jpg\",\"width\":2000,\"height\":1500},{\"@type\":\"BreadcrumbList\",\"@id\":\"https:\/\/rioonwatch.org.br\/?p=41269#breadcrumb\",\"itemListElement\":[{\"@type\":\"ListItem\",\"position\":1,\"name\":\"In\u00edcio\",\"item\":\"https:\/\/rioonwatch.org.br\/\"},{\"@type\":\"ListItem\",\"position\":2,\"name\":\"Semana do Museu Discute Papel dos Museus na Representa\u00e7\u00e3o de Pessoas e Lugares\"}]},{\"@type\":\"WebSite\",\"@id\":\"https:\/\/rioonwatch.org.br\/#website\",\"url\":\"https:\/\/rioonwatch.org.br\/\",\"name\":\"RioOnWatch\",\"description\":\"relatos das favelas cariocas\",\"publisher\":{\"@id\":\"https:\/\/rioonwatch.org.br\/#organization\"},\"potentialAction\":[{\"@type\":\"SearchAction\",\"target\":{\"@type\":\"EntryPoint\",\"urlTemplate\":\"https:\/\/rioonwatch.org.br\/?s={search_term_string}\"},\"query-input\":{\"@type\":\"PropertyValueSpecification\",\"valueRequired\":true,\"valueName\":\"search_term_string\"}}],\"inLanguage\":\"pt-BR\"},{\"@type\":\"Organization\",\"@id\":\"https:\/\/rioonwatch.org.br\/#organization\",\"name\":\"RioOnWatch\",\"url\":\"https:\/\/rioonwatch.org.br\/\",\"logo\":{\"@type\":\"ImageObject\",\"inLanguage\":\"pt-BR\",\"@id\":\"https:\/\/rioonwatch.org.br\/#\/schema\/logo\/image\/\",\"url\":\"https:\/\/rioonwatch.org.br\/wp-content\/uploads\/2021\/06\/RioOnWatchcabecalhoPT11anos-2.png\",\"contentUrl\":\"https:\/\/rioonwatch.org.br\/wp-content\/uploads\/2021\/06\/RioOnWatchcabecalhoPT11anos-2.png\",\"width\":779,\"height\":277,\"caption\":\"RioOnWatch\"},\"image\":{\"@id\":\"https:\/\/rioonwatch.org.br\/#\/schema\/logo\/image\/\"}},{\"@type\":\"Person\",\"@id\":\"https:\/\/rioonwatch.org.br\/#\/schema\/person\/f443c6b55bb6e80842280318076491c5\",\"name\":\"Luisa Fenizola\",\"image\":{\"@type\":\"ImageObject\",\"inLanguage\":\"pt-BR\",\"@id\":\"https:\/\/rioonwatch.org.br\/#\/schema\/person\/image\/\",\"url\":\"https:\/\/secure.gravatar.com\/avatar\/a3d551110162b9f876cbbdaaecf75663?s=96&d=blank&r=g\",\"contentUrl\":\"https:\/\/secure.gravatar.com\/avatar\/a3d551110162b9f876cbbdaaecf75663?s=96&d=blank&r=g\",\"caption\":\"Luisa Fenizola\"},\"url\":\"https:\/\/rioonwatch.org.br\/?author=152\"}]}<\/script>\n<!-- \/ Yoast SEO plugin. -->","yoast_head_json":{"title":"Semana do Museu Discute Papel dos Museus na Representa\u00e7\u00e3o de Pessoas e Lugares - RioOnWatch","robots":{"index":"index","follow":"follow","max-snippet":"max-snippet:-1","max-image-preview":"max-image-preview:large","max-video-preview":"max-video-preview:-1"},"canonical":"https:\/\/rioonwatch.org.br\/?p=41269","og_locale":"pt_BR","og_type":"article","og_title":"Semana do Museu Discute Papel dos Museus na Representa\u00e7\u00e3o de Pessoas e Lugares - RioOnWatch","og_description":"Click Here for English \u201cOs museus contam nossas hist\u00f3rias?\u201d Essa foi a quest\u00e3o central abordada durante um painel intitulado \u201cMuseus, Territorialidade e Representatividade: Deixe eu contar minha hist\u00f3ria\u201d, realizado no dia 22 de maio no [...]","og_url":"https:\/\/rioonwatch.org.br\/?p=41269","og_site_name":"RioOnWatch","article_published_time":"2019-06-18T10:47:01+00:00","article_modified_time":"2019-06-19T13:36:25+00:00","og_image":[{"width":839,"height":629,"url":"https:\/\/rioonwatch.org.br\/wp-content\/uploads\/2019\/06\/Museums-Territorialidade-e-Representa\u00e7\u00e3o-839x629.jpg","type":"image\/jpeg"}],"author":"Luisa Fenizola","twitter_card":"summary_large_image","twitter_misc":{"Escrito por":"Luisa Fenizola","Est. tempo de leitura":"5 minutos"},"schema":{"@context":"https:\/\/schema.org","@graph":[{"@type":"Article","@id":"https:\/\/rioonwatch.org.br\/?p=41269#article","isPartOf":{"@id":"https:\/\/rioonwatch.org.br\/?p=41269"},"author":{"name":"Luisa Fenizola","@id":"https:\/\/rioonwatch.org.br\/#\/schema\/person\/f443c6b55bb6e80842280318076491c5"},"headline":"Semana do Museu Discute Papel dos Museus na Representa\u00e7\u00e3o de Pessoas e Lugares","datePublished":"2019-06-18T10:47:01+00:00","dateModified":"2019-06-19T13:36:25+00:00","mainEntityOfPage":{"@id":"https:\/\/rioonwatch.org.br\/?p=41269"},"wordCount":938,"publisher":{"@id":"https:\/\/rioonwatch.org.br\/#organization"},"image":{"@id":"https:\/\/rioonwatch.org.br\/?p=41269#primaryimage"},"thumbnailUrl":"https:\/\/rioonwatch.org.br\/wp-content\/uploads\/2019\/06\/Museums-Territorialidade-e-Representa\u00e7\u00e3o.jpg","keywords":["Cantagalo","cultura","cultura da favela","hist\u00f3ria","hist\u00f3ria oral","M\u00eas dos Museus","Museu comunit\u00e1rio","Museu da Rocinha Sankofa","Museu das Remo\u00e7\u00f5es","Museu de Favela","mutir\u00e3o","organiza\u00e7\u00e3o comunit\u00e1ria","Pav\u00e3o-Pav\u00e3ozinho","Remo\u00e7\u00e3o","resist\u00eancia","Rocinha","solu\u00e7\u00e3o comunit\u00e1ria","Vila Aut\u00f3dromo","Zona Sul"],"articleSection":["Cobertura de Eventos","Cultura da Favela","Escrito por Aliados","Qualidades da Favela","Solu\u00e7\u00f5es"],"inLanguage":"pt-BR"},{"@type":"WebPage","@id":"https:\/\/rioonwatch.org.br\/?p=41269","url":"https:\/\/rioonwatch.org.br\/?p=41269","name":"Semana do Museu Discute Papel dos Museus na Representa\u00e7\u00e3o de Pessoas e Lugares - RioOnWatch","isPartOf":{"@id":"https:\/\/rioonwatch.org.br\/#website"},"primaryImageOfPage":{"@id":"https:\/\/rioonwatch.org.br\/?p=41269#primaryimage"},"image":{"@id":"https:\/\/rioonwatch.org.br\/?p=41269#primaryimage"},"thumbnailUrl":"https:\/\/rioonwatch.org.br\/wp-content\/uploads\/2019\/06\/Museums-Territorialidade-e-Representa\u00e7\u00e3o.jpg","datePublished":"2019-06-18T10:47:01+00:00","dateModified":"2019-06-19T13:36:25+00:00","breadcrumb":{"@id":"https:\/\/rioonwatch.org.br\/?p=41269#breadcrumb"},"inLanguage":"pt-BR","potentialAction":[{"@type":"ReadAction","target":["https:\/\/rioonwatch.org.br\/?p=41269"]}]},{"@type":"ImageObject","inLanguage":"pt-BR","@id":"https:\/\/rioonwatch.org.br\/?p=41269#primaryimage","url":"https:\/\/rioonwatch.org.br\/wp-content\/uploads\/2019\/06\/Museums-Territorialidade-e-Representa\u00e7\u00e3o.jpg","contentUrl":"https:\/\/rioonwatch.org.br\/wp-content\/uploads\/2019\/06\/Museums-Territorialidade-e-Representa\u00e7\u00e3o.jpg","width":2000,"height":1500},{"@type":"BreadcrumbList","@id":"https:\/\/rioonwatch.org.br\/?p=41269#breadcrumb","itemListElement":[{"@type":"ListItem","position":1,"name":"In\u00edcio","item":"https:\/\/rioonwatch.org.br\/"},{"@type":"ListItem","position":2,"name":"Semana do Museu Discute Papel dos Museus na Representa\u00e7\u00e3o de Pessoas e Lugares"}]},{"@type":"WebSite","@id":"https:\/\/rioonwatch.org.br\/#website","url":"https:\/\/rioonwatch.org.br\/","name":"RioOnWatch","description":"relatos das favelas cariocas","publisher":{"@id":"https:\/\/rioonwatch.org.br\/#organization"},"potentialAction":[{"@type":"SearchAction","target":{"@type":"EntryPoint","urlTemplate":"https:\/\/rioonwatch.org.br\/?s={search_term_string}"},"query-input":{"@type":"PropertyValueSpecification","valueRequired":true,"valueName":"search_term_string"}}],"inLanguage":"pt-BR"},{"@type":"Organization","@id":"https:\/\/rioonwatch.org.br\/#organization","name":"RioOnWatch","url":"https:\/\/rioonwatch.org.br\/","logo":{"@type":"ImageObject","inLanguage":"pt-BR","@id":"https:\/\/rioonwatch.org.br\/#\/schema\/logo\/image\/","url":"https:\/\/rioonwatch.org.br\/wp-content\/uploads\/2021\/06\/RioOnWatchcabecalhoPT11anos-2.png","contentUrl":"https:\/\/rioonwatch.org.br\/wp-content\/uploads\/2021\/06\/RioOnWatchcabecalhoPT11anos-2.png","width":779,"height":277,"caption":"RioOnWatch"},"image":{"@id":"https:\/\/rioonwatch.org.br\/#\/schema\/logo\/image\/"}},{"@type":"Person","@id":"https:\/\/rioonwatch.org.br\/#\/schema\/person\/f443c6b55bb6e80842280318076491c5","name":"Luisa Fenizola","image":{"@type":"ImageObject","inLanguage":"pt-BR","@id":"https:\/\/rioonwatch.org.br\/#\/schema\/person\/image\/","url":"https:\/\/secure.gravatar.com\/avatar\/a3d551110162b9f876cbbdaaecf75663?s=96&d=blank&r=g","contentUrl":"https:\/\/secure.gravatar.com\/avatar\/a3d551110162b9f876cbbdaaecf75663?s=96&d=blank&r=g","caption":"Luisa Fenizola"},"url":"https:\/\/rioonwatch.org.br\/?author=152"}]}},"_links":{"self":[{"href":"https:\/\/rioonwatch.org.br\/index.php?rest_route=\/wp\/v2\/posts\/41269"}],"collection":[{"href":"https:\/\/rioonwatch.org.br\/index.php?rest_route=\/wp\/v2\/posts"}],"about":[{"href":"https:\/\/rioonwatch.org.br\/index.php?rest_route=\/wp\/v2\/types\/post"}],"author":[{"embeddable":true,"href":"https:\/\/rioonwatch.org.br\/index.php?rest_route=\/wp\/v2\/users\/152"}],"replies":[{"embeddable":true,"href":"https:\/\/rioonwatch.org.br\/index.php?rest_route=%2Fwp%2Fv2%2Fcomments&post=41269"}],"version-history":[{"count":18,"href":"https:\/\/rioonwatch.org.br\/index.php?rest_route=\/wp\/v2\/posts\/41269\/revisions"}],"predecessor-version":[{"id":41407,"href":"https:\/\/rioonwatch.org.br\/index.php?rest_route=\/wp\/v2\/posts\/41269\/revisions\/41407"}],"wp:featuredmedia":[{"embeddable":true,"href":"https:\/\/rioonwatch.org.br\/index.php?rest_route=\/wp\/v2\/media\/41270"}],"wp:attachment":[{"href":"https:\/\/rioonwatch.org.br\/index.php?rest_route=%2Fwp%2Fv2%2Fmedia&parent=41269"}],"wp:term":[{"taxonomy":"category","embeddable":true,"href":"https:\/\/rioonwatch.org.br\/index.php?rest_route=%2Fwp%2Fv2%2Fcategories&post=41269"},{"taxonomy":"post_tag","embeddable":true,"href":"https:\/\/rioonwatch.org.br\/index.php?rest_route=%2Fwp%2Fv2%2Ftags&post=41269"},{"taxonomy":"writer","embeddable":true,"href":"https:\/\/rioonwatch.org.br\/index.php?rest_route=%2Fwp%2Fv2%2Fwriter&post=41269"},{"taxonomy":"translator","embeddable":true,"href":"https:\/\/rioonwatch.org.br\/index.php?rest_route=%2Fwp%2Fv2%2Ftranslator&post=41269"},{"taxonomy":"source","embeddable":true,"href":"https:\/\/rioonwatch.org.br\/index.php?rest_route=%2Fwp%2Fv2%2Fsource&post=41269"},{"taxonomy":"ilustrador","embeddable":true,"href":"https:\/\/rioonwatch.org.br\/index.php?rest_route=%2Fwp%2Fv2%2Filustrador&post=41269"},{"taxonomy":"fotografo","embeddable":true,"href":"https:\/\/rioonwatch.org.br\/index.php?rest_route=%2Fwp%2Fv2%2Ffotografo&post=41269"}],"curies":[{"name":"wp","href":"https:\/\/api.w.org\/{rel}","templated":true}]}}