{"id":41392,"date":"2019-06-22T11:28:32","date_gmt":"2019-06-22T14:28:32","guid":{"rendered":"https:\/\/rioonwatch.org.br\/?p=41392"},"modified":"2019-06-25T13:31:43","modified_gmt":"2019-06-25T16:31:43","slug":"subsecretario-de-defesa-civil-do-rio-nao-comparece-na-8a-sessao-da-cpi-das-enchentes","status":"publish","type":"post","link":"https:\/\/rioonwatch.org.br\/?p=41392","title":{"rendered":"Subsecret\u00e1rio da Defesa Civil N\u00e3o Comparece \u00e0 8\u00aa Sess\u00e3o da CPI das Enchentes"},"content":{"rendered":"<p style=\"text-align: right;\"><em><strong><a href=\"http:\/\/bit.ly\/2IflhTG\" target=\"_blank\" rel=\"noopener noreferrer\">Click Here for English<\/a><a href=\"http:\/\/bit.ly\/2IflhTG\" target=\"_blank\" rel=\"noopener noreferrer\"><img decoding=\"async\" width=\"20\" height=\"20\" class=\"alignright wp-image-15790\" src=\"http:\/\/rioonwatch.org.br\/wp-content\/uploads\/2012\/08\/EN-standard-e1439583104716.jpg\" \/><\/a><\/strong><\/em><\/p>\n<p>No dia 30 de maio foi realizada a <a href=\"http:\/\/bit.ly\/2Kpe2Ki\" target=\"_blank\" rel=\"noopener noreferrer\">oitava sess\u00e3o<\/a> da <a href=\"http:\/\/bit.ly\/2Iq2rIt\" target=\"_blank\" rel=\"noopener noreferrer\">CPI das Enchentes<\/a>, na C\u00e2mara Municipal do Rio de Janeiro. O presidente da CPI, <a href=\"http:\/\/bit.ly\/2MBWkpW\" target=\"_blank\" rel=\"noopener noreferrer\">Tarc\u00edsio Motta<\/a> (<a href=\"http:\/\/bit.ly\/2wFaPhQ\" target=\"_blank\" rel=\"noopener noreferrer\">PSOL<\/a>), o relator <a href=\"http:\/\/bit.ly\/2Wpp5Wr\" target=\"_blank\" rel=\"noopener noreferrer\">Renato Cinco<\/a> (PSOL), os membros do comit\u00ea Rosa Fernandes (<a href=\"http:\/\/bit.ly\/2WxiSMU\" target=\"_blank\" rel=\"noopener noreferrer\">PMDB<\/a>) e Ti\u00e3ozinho do Jacar\u00e9 (<a href=\"http:\/\/bit.ly\/2IqNMOc\" target=\"_blank\" rel=\"noopener noreferrer\">PRB<\/a>) e os suplentes Teresa Bergher (<a href=\"http:\/\/bit.ly\/2wJMmrK\" target=\"_blank\" rel=\"noopener noreferrer\">PSDB<\/a>) e Elitusalem Freitas (<a href=\"http:\/\/bit.ly\/2WYVJDz\" target=\"_blank\" rel=\"noopener noreferrer\">PSC<\/a>) ouviram quatro t\u00e9cnicos que representaram a <a href=\"http:\/\/bit.ly\/2XZs3m2\" target=\"_blank\" rel=\"noopener noreferrer\">Defesa Civil<\/a> do munic\u00edpio, sendo eles: Ivana Soares, Leandro Vianna, Eduardo Pierre e S\u00e9rgio Gomes Ribeiro.<\/p>\n<p><a href=\"https:\/\/rioonwatch.org.br\/wp-content\/uploads\/2019\/06\/Defesa-Civil.jpg\"><img fetchpriority=\"high\" decoding=\"async\" class=\"aligncenter wp-image-41418 size-content\" title=\"T\u00e9cnicos da Defesa Civil do Rio falam na audi\u00eancia.\" src=\"https:\/\/rioonwatch.org.br\/wp-content\/uploads\/2019\/06\/Defesa-Civil-620x264.jpg\" alt=\"\" width=\"620\" height=\"264\" srcset=\"https:\/\/rioonwatch.org.br\/wp-content\/uploads\/2019\/06\/Defesa-Civil-620x264.jpg 620w, https:\/\/rioonwatch.org.br\/wp-content\/uploads\/2019\/06\/Defesa-Civil-940x400.jpg 940w\" sizes=\"(max-width: 620px) 100vw, 620px\" \/><\/a><\/p>\n<p>O subsecret\u00e1rio de Defesa Civil do Rio de Janeiro, <a href=\"http:\/\/bit.ly\/2wAoR46\" target=\"_blank\" rel=\"noopener noreferrer\">Edson Tavares da Silva<\/a>, coronel bombeiro reformado, notavelmente se ausentou\u2014afirmando que era \u201cimposs\u00edvel para ele comparecer\u201d naquela data, mas n\u00e3o especificou o motivo.<\/p>\n<div>\n<p>A Defesa Civil do Rio de Janeiro foi criada em 1976 pelo <a href=\"http:\/\/bit.ly\/31sCRLv\" target=\"_blank\" rel=\"noopener noreferrer\">Decreto Municipal 353<\/a>, em resposta a uma crescente necessidade de assist\u00eancia e preven\u00e7\u00e3o para o aumento de danos causados por enchentes e deslizamentos de terra na cidade. O \u00f3rg\u00e3o atualmente emprega 156 trabalhadores, incluindo 56 funcion\u00e1rios p\u00fablicos transferidos de outras ag\u00eancias municipais, 24 arquitetos e engenheiros e oito bombeiros. Anteriormente, subordinada \u00e0 Secretaria Municipal de Sa\u00fade e \u00e0 Secretaria Municipal de Conserva\u00e7\u00e3o, a Defesa Civil est\u00e1, atualmente, subordinada \u00e0 <a href=\"http:\/\/bit.ly\/2HSkjgb\" target=\"_blank\" rel=\"noopener noreferrer\">Secretaria Municipal de Ordem P\u00fablica<\/a>. Durante a reuni\u00e3o, foi revelado que outros funcion\u00e1rios da secretaria estavam <a href=\"http:\/\/bit.ly\/2KbjuBj\" target=\"_blank\" rel=\"noopener noreferrer\">recebendo gratifica\u00e7\u00f5es<\/a> destinadas a engenheiros da Defesa Civil.<\/p>\n<p>Na aus\u00eancia de Edson Tavares da Silva, os quatro representantes da Defesa Civil do Rio presentes falaram ao comit\u00ea sobre quest\u00f5es relacionadas ao or\u00e7amento, programas de treinamento e infraestrutura da Defesa Civil. Elitusalem Freitas perguntou ao grupo sobre o or\u00e7amento de R$15,7 milh\u00f5es para assist\u00eancia nas inunda\u00e7\u00f5es e deslizamentos de terra. Eduardo Pierre e S\u00e9rgio Gomes Ribeiro revelaram que R$13 milh\u00f5es do or\u00e7amento v\u00e3o para custos de pessoal, enquanto os R$2,7 milh\u00f5es restantes, aproximadamente 17% do or\u00e7amento total, s\u00e3o reservados para log\u00edstica e infraestrutura.<\/p>\n<\/div>\n<p>Outros detalhes preocupantes envolvendo programas de treinamento e infraestrutura\u2014ou a falta deles\u2014 surgiram. Por exemplo, a Defesa Civil tem apenas 14 ve\u00edculos \u00e0 sua disposi\u00e7\u00e3o, dos quais 11 s\u00e3o alugados, e, embora os representantes tenham informado que houve muito di\u00e1logo entre a Defesa Civil e os l\u00edderes comunit\u00e1rios, os <a href=\"http:\/\/bit.ly\/2KKPBHD\" target=\"_blank\" rel=\"noopener noreferrer\">programas formais de treinamento e educa\u00e7\u00e3o<\/a> realizados pela Defesa Civil sofreram descontinuidade.<\/p>\n<p><a href=\"https:\/\/rioonwatch.org.br\/wp-content\/uploads\/2019\/06\/Tarcisio.jpg\"><img decoding=\"async\" class=\"aligncenter wp-image-41423 size-content\" title=\"Presidente do CPI das Enchentes, Tarc\u00edsio Motta (\u00e0 esquerda), preside a 8\u00aa sess\u00e3o.\" src=\"https:\/\/rioonwatch.org.br\/wp-content\/uploads\/2019\/06\/Tarcisio-620x264.jpg\" alt=\"\" width=\"620\" height=\"264\" srcset=\"https:\/\/rioonwatch.org.br\/wp-content\/uploads\/2019\/06\/Tarcisio-620x264.jpg 620w, https:\/\/rioonwatch.org.br\/wp-content\/uploads\/2019\/06\/Tarcisio-940x400.jpg 940w\" sizes=\"(max-width: 620px) 100vw, 620px\" \/><\/a><\/p>\n<p>Al\u00e9m disso, enquanto 194 pontos de evacua\u00e7\u00e3o foram instalados para fornecer abrigo tempor\u00e1rio para pessoas que moram nas <a href=\"https:\/\/glo.bo\/31tm1MN\" target=\"_blank\" rel=\"noopener noreferrer\">103 \u00e1reas<\/a> consideradas altamente suscet\u00edveis a deslizamentos de terra, o mapa de risco n\u00e3o foi atualizado <a href=\"https:\/\/glo.bo\/2KKLwTG\" target=\"_blank\" rel=\"noopener noreferrer\">desde 2011<\/a>. Apenas 27,2% (<a href=\"http:\/\/bit.ly\/2Xm4zak\" target=\"_blank\" rel=\"noopener noreferrer\">28 de 103<\/a>) das \u00e1reas da cidade de risco t\u00eam centros de recursos comunit\u00e1rios da Defesa Civil em funcionamento.<\/p>\n<p>Os t\u00e9cnicos da Defesa Civil afirmaram que, em circunst\u00e2ncias \u201cnormais\u201d, os recursos do \u00f3rg\u00e3o seriam mais do que suficientes para responder aos desastres naturais em todo o Rio. No entanto, o n\u00famero de pedidos de ajuda tem aumentado nos \u00faltimos meses, especialmente ap\u00f3s os deslizamentos de <a href=\"http:\/\/bit.ly\/2tcgme8\" target=\"_blank\" rel=\"noopener noreferrer\">fevereiro<\/a> e <a href=\"http:\/\/bit.ly\/2KBbE3k\" target=\"_blank\" rel=\"noopener noreferrer\">abril<\/a>. Durante um ano t\u00edpico, a Defesa Civil recebe cerca de 12.000-13.000 chamadas solicitando socorro por deslizamentos de terra. Este ano, j\u00e1 havia mais de 14.000 no m\u00eas de maio. Devido \u00e0 falta de recursos, a Defesa Civil n\u00e3o conseguiu responder cerca de 15% dessas chamadas, relataram os t\u00e9cnicos.<\/p>\n<p>O aumento da demanda, devido a desastres que o Rio tem visto nos \u00faltimos tempos, pode ser atribu\u00eddo aos <a href=\"http:\/\/bit.ly\/2Iw9zRS\" target=\"_blank\" rel=\"noopener noreferrer\">efeitos crescentes das mudan\u00e7as clim\u00e1ticas globais<\/a>. Sem investimento suficiente, m\u00e3o de obra, infraestrutura e agentes comunit\u00e1rios treinados, a cidade do Rio como um todo, suas favelas e \u00e1reas adjacentes continuar\u00e3o a enfrentar a crescente vulnerabilidade frente a desastres naturais.<\/p>\n<p>Em abril, o Rio registrou <a href=\"https:\/\/glo.bo\/2KOnDe7\" target=\"_blank\" rel=\"noopener noreferrer\">300mm de chuva<\/a> ao longo de 24 horas\u2014mais do que o dobro da precipita\u00e7\u00e3o prevista para todo o m\u00eas de abril e a maior precipita\u00e7\u00e3o em 22 anos. Em \u00e1reas de vulnerabilidade, perpetuadas por essas mudan\u00e7as clim\u00e1ticas, <a href=\"http:\/\/bit.ly\/2WBA8Qs\" target=\"_blank\" rel=\"noopener noreferrer\">dura\u00e7\u00f5es mais curtas de chuvas com intensidades de precipita\u00e7\u00e3o mais altas<\/a> podem facilmente transformar tempestades em desastres fatais que acabam prejudicando \u00e1reas vulner\u00e1veis e sem acesso f\u00e1cil a socorro, como as favelas cronicamente negligenciadas na cidade. As chuvas de abril resultaram em deslizamentos de terra que <a href=\"http:\/\/bit.ly\/2KBbE3k\" target=\"_blank\" rel=\"noopener noreferrer\">causaram dez mortes<\/a>.<\/p>\n<p>Tarc\u00edsio Motta e Renato Cinco come\u00e7aram a redigir uma carta solicitando esclarecimentos sobre o pagamento de gratifica\u00e7\u00f5es, que eram destinados aos engenheiros, concedidos a funcion\u00e1rios da Secretaria da Ordem P\u00fablica. Rosa Fernandes e Teresa Bergher tamb\u00e9m reiteraram a necessidade de programas formais de treinamento para l\u00edderes comunit\u00e1rios das favelas e um mapeamento de risco atualizado, dadas as mudan\u00e7as f\u00edsicas nas terras causadas por uma combina\u00e7\u00e3o de assentamentos humanos e desastres naturais.<\/p>\n<p><a href=\"https:\/\/rioonwatch.org.br\/wp-content\/uploads\/2019\/06\/RocinhaMauroPimentel.png\"><img loading=\"lazy\" decoding=\"async\" class=\"aligncenter wp-image-41430 size-content\" title=\"Danos resultantes das recentes chuvas no Rio. Foto: Mauro Pimentel \/ LA Times\" src=\"https:\/\/rioonwatch.org.br\/wp-content\/uploads\/2019\/06\/RocinhaMauroPimentel-620x264.png\" alt=\"\" width=\"620\" height=\"264\" srcset=\"https:\/\/rioonwatch.org.br\/wp-content\/uploads\/2019\/06\/RocinhaMauroPimentel-620x264.png 620w, https:\/\/rioonwatch.org.br\/wp-content\/uploads\/2019\/06\/RocinhaMauroPimentel-940x400.png 940w\" sizes=\"(max-width: 620px) 100vw, 620px\" \/><\/a><\/p>\n<p>No final da audi\u00eancia, Tarc\u00edsio Motta anunciou que, devido \u00e0 falta de ajuda humanit\u00e1ria na <a href=\"http:\/\/bit.ly\/2Ieuiv3\" target=\"_blank\" rel=\"noopener noreferrer\">Rocinha<\/a>\u2014que membros da CPI <a href=\"http:\/\/bit.ly\/2KOV3Ji\" target=\"_blank\" rel=\"noopener noreferrer\">testemunharam<\/a> na semana anterior\u2014ele est\u00e1 solicitando uma prorroga\u00e7\u00e3o das audi\u00eancias da CPI, originalmente programada para terminar em 19 de julho. A CPI tamb\u00e9m realizar\u00e1 uma segunda s\u00e9rie de reuni\u00f5es com a Defesa Civil, em um empenho para falar com Edson Tavares da Silva e <a href=\"http:\/\/bit.ly\/2EQoRlf\" target=\"_blank\" rel=\"noopener noreferrer\">Paulo Cesar Am\u00eandola de Souza<\/a>, nomeado chefe da Secretaria de Ordem P\u00fablica pelo prefeito do Rio de Janeiro, <a href=\"http:\/\/bit.ly\/311OQzr\" target=\"_blank\" rel=\"noopener noreferrer\">Marcelo Crivella<\/a>. Ap\u00f3s a audi\u00eancia com a Defesa Civil, foram realizadas sess\u00f5es subsequentes em 6 de junho e 10 de junho com representantes da COMLURB, e do Centro de Opera\u00e7\u00f5es do Rio (COR), respectivamente.<\/p>\n<!-- AddThis Advanced Settings generic via filter on the_content --><!-- AddThis Share Buttons generic via filter on the_content -->","protected":false},"excerpt":{"rendered":"<div class=\"mh-excerpt\"><p>Click Here for English No dia 30 de maio foi realizada a oitava sess\u00e3o da CPI das Enchentes, na C\u00e2mara Municipal do Rio de Janeiro. O presidente da CPI, Tarc\u00edsio Motta (PSOL), o relator Renato <a class=\"mh-excerpt-more\" href=\"https:\/\/rioonwatch.org.br\/?p=41392\" title=\"Subsecret\u00e1rio da Defesa Civil N\u00e3o Comparece \u00e0 8\u00aa Sess\u00e3o da CPI das Enchentes\">[&#8230;]<\/a><!-- AddThis Advanced Settings generic via filter on get_the_excerpt --><!-- AddThis Share Buttons generic via filter on get_the_excerpt --><\/p>\n<\/div>","protected":false},"author":129,"featured_media":41416,"comment_status":"closed","ping_status":"closed","sticky":false,"template":"","format":"standard","meta":{"_acf_changed":false,"_monsterinsights_skip_tracking":false,"_monsterinsights_sitenote_active":false,"_monsterinsights_sitenote_note":"","_monsterinsights_sitenote_category":0,"footnotes":""},"categories":[2089,1621,1627,1626,344],"tags":[911,1754,1446,11,250,424,88,965,324,1982,1719,417,1839,839,2514,1988,1989,2337,427,964,16,2332,2655,404,2336,2649],"writer":[2647],"translator":[2377],"source":[],"ilustrador":[],"fotografo":[],"class_list":{"0":"post-41392","1":"post","2":"type-post","3":"status-publish","4":"format-standard","5":"has-post-thumbnail","7":"category-monitoramento","8":"category-destaque","9":"category-relato-de-evento","10":"category-por-observadores-internacionais","11":"category-politicas","12":"tag-area-de-risco","13":"tag-camara-dos-vereadores","14":"tag-capacitacao","15":"tag-chuvas","16":"tag-cpi","17":"tag-direito-a-moradia","18":"tag-direitos-humanos","19":"tag-enchente","20":"tag-infraestrutura","21":"tag-marcelo-crivella","22":"tag-mudancas-climaticas","23":"tag-negligencia-do-estado","24":"tag-pmdb","25":"tag-prioridades-publicas-equivocadas","26":"tag-psc","27":"tag-psdb","28":"tag-psol","29":"tag-vereador-renato-cinco-psol","30":"tag-risco-de-deslizamento","31":"tag-risco-de-enchente","32":"tag-rocinha","33":"tag-rosa-fernandes-pmdb","34":"tag-secretaria-municipal-de-ordem-publica","35":"tag-sustentabilidade","36":"tag-vereador-tarcisio-motta-psol","37":"tag-teresa-bergher-psdb","38":"writer-abby-hanna","39":"translator-camila-moraes"},"acf":[],"yoast_head":"<!-- This site is optimized with the Yoast SEO plugin v25.6 - https:\/\/yoast.com\/wordpress\/plugins\/seo\/ -->\n<title>Subsecret\u00e1rio da Defesa Civil N\u00e3o Comparece \u00e0 8\u00aa Sess\u00e3o da CPI das Enchentes - RioOnWatch<\/title>\n<meta name=\"robots\" content=\"index, follow, max-snippet:-1, max-image-preview:large, max-video-preview:-1\" \/>\n<link rel=\"canonical\" href=\"https:\/\/rioonwatch.org.br\/?p=41392\" \/>\n<meta property=\"og:locale\" content=\"pt_BR\" \/>\n<meta property=\"og:type\" content=\"article\" \/>\n<meta property=\"og:title\" content=\"Subsecret\u00e1rio da Defesa Civil N\u00e3o Comparece \u00e0 8\u00aa Sess\u00e3o da CPI das Enchentes - RioOnWatch\" \/>\n<meta property=\"og:description\" content=\"Click Here for English No dia 30 de maio foi realizada a oitava sess\u00e3o da CPI das Enchentes, na C\u00e2mara Municipal do Rio de Janeiro. O presidente da CPI, Tarc\u00edsio Motta (PSOL), o relator Renato [...]\" \/>\n<meta property=\"og:url\" content=\"https:\/\/rioonwatch.org.br\/?p=41392\" \/>\n<meta property=\"og:site_name\" content=\"RioOnWatch\" \/>\n<meta property=\"article:published_time\" content=\"2019-06-22T14:28:32+00:00\" \/>\n<meta property=\"article:modified_time\" content=\"2019-06-25T16:31:43+00:00\" \/>\n<meta property=\"og:image\" content=\"https:\/\/rioonwatch.org.br\/wp-content\/uploads\/2019\/06\/CPI-das-Enchentes-1.jpg\" \/>\n\t<meta property=\"og:image:width\" content=\"1200\" \/>\n\t<meta property=\"og:image:height\" content=\"674\" \/>\n\t<meta property=\"og:image:type\" content=\"image\/jpeg\" \/>\n<meta name=\"author\" content=\"Admin\" \/>\n<meta name=\"twitter:card\" content=\"summary_large_image\" \/>\n<meta name=\"twitter:label1\" content=\"Escrito por\" \/>\n\t<meta name=\"twitter:data1\" content=\"Admin\" \/>\n\t<meta name=\"twitter:label2\" content=\"Est. tempo de leitura\" \/>\n\t<meta name=\"twitter:data2\" content=\"5 minutos\" \/>\n<script type=\"application\/ld+json\" class=\"yoast-schema-graph\">{\"@context\":\"https:\/\/schema.org\",\"@graph\":[{\"@type\":\"Article\",\"@id\":\"https:\/\/rioonwatch.org.br\/?p=41392#article\",\"isPartOf\":{\"@id\":\"https:\/\/rioonwatch.org.br\/?p=41392\"},\"author\":{\"name\":\"Admin\",\"@id\":\"https:\/\/rioonwatch.org.br\/#\/schema\/person\/11d64c290506f9df50c71b850c473f68\"},\"headline\":\"Subsecret\u00e1rio da Defesa Civil N\u00e3o Comparece \u00e0 8\u00aa Sess\u00e3o da CPI das Enchentes\",\"datePublished\":\"2019-06-22T14:28:32+00:00\",\"dateModified\":\"2019-06-25T16:31:43+00:00\",\"mainEntityOfPage\":{\"@id\":\"https:\/\/rioonwatch.org.br\/?p=41392\"},\"wordCount\":943,\"publisher\":{\"@id\":\"https:\/\/rioonwatch.org.br\/#organization\"},\"image\":{\"@id\":\"https:\/\/rioonwatch.org.br\/?p=41392#primaryimage\"},\"thumbnailUrl\":\"https:\/\/rioonwatch.org.br\/wp-content\/uploads\/2019\/06\/CPI-das-Enchentes-1.jpg\",\"keywords\":[\"\\\"\u00e1rea de risco\\\"\",\"C\u00e2mara dos Vereadores\",\"capacita\u00e7\u00e3o\",\"chuvas\",\"CPI\",\"Direito \u00e0 Moradia\",\"Direitos Humanos\",\"enchente\",\"infraestrutura\",\"Marcelo Crivella\",\"mudan\u00e7as clim\u00e1ticas\",\"Neglig\u00eancia do Estado\",\"PMDB\",\"prioridades p\u00fablicas equivocadas\",\"PSC\",\"PSDB\",\"PSOL\",\"Renato Cinco (PSOL)\",\"risco de deslizamento\",\"risco de enchente\",\"Rocinha\",\"Rosa Fernandes (PMDB)\",\"Secretaria Municipal de Ordem P\u00fablica\",\"sustentabilidade\",\"Tarc\u00edsio Motta (PSOL)\",\"Teresa Bergher (PSDB)\"],\"articleSection\":[\"#Monitoramento\",\"*Destaque\",\"Cobertura de Eventos\",\"Escrito por Aliados\",\"Pol\u00edticas\"],\"inLanguage\":\"pt-BR\"},{\"@type\":\"WebPage\",\"@id\":\"https:\/\/rioonwatch.org.br\/?p=41392\",\"url\":\"https:\/\/rioonwatch.org.br\/?p=41392\",\"name\":\"Subsecret\u00e1rio da Defesa Civil N\u00e3o Comparece \u00e0 8\u00aa Sess\u00e3o da CPI das Enchentes - RioOnWatch\",\"isPartOf\":{\"@id\":\"https:\/\/rioonwatch.org.br\/#website\"},\"primaryImageOfPage\":{\"@id\":\"https:\/\/rioonwatch.org.br\/?p=41392#primaryimage\"},\"image\":{\"@id\":\"https:\/\/rioonwatch.org.br\/?p=41392#primaryimage\"},\"thumbnailUrl\":\"https:\/\/rioonwatch.org.br\/wp-content\/uploads\/2019\/06\/CPI-das-Enchentes-1.jpg\",\"datePublished\":\"2019-06-22T14:28:32+00:00\",\"dateModified\":\"2019-06-25T16:31:43+00:00\",\"breadcrumb\":{\"@id\":\"https:\/\/rioonwatch.org.br\/?p=41392#breadcrumb\"},\"inLanguage\":\"pt-BR\",\"potentialAction\":[{\"@type\":\"ReadAction\",\"target\":[\"https:\/\/rioonwatch.org.br\/?p=41392\"]}]},{\"@type\":\"ImageObject\",\"inLanguage\":\"pt-BR\",\"@id\":\"https:\/\/rioonwatch.org.br\/?p=41392#primaryimage\",\"url\":\"https:\/\/rioonwatch.org.br\/wp-content\/uploads\/2019\/06\/CPI-das-Enchentes-1.jpg\",\"contentUrl\":\"https:\/\/rioonwatch.org.br\/wp-content\/uploads\/2019\/06\/CPI-das-Enchentes-1.jpg\",\"width\":1200,\"height\":674},{\"@type\":\"BreadcrumbList\",\"@id\":\"https:\/\/rioonwatch.org.br\/?p=41392#breadcrumb\",\"itemListElement\":[{\"@type\":\"ListItem\",\"position\":1,\"name\":\"In\u00edcio\",\"item\":\"https:\/\/rioonwatch.org.br\/\"},{\"@type\":\"ListItem\",\"position\":2,\"name\":\"Subsecret\u00e1rio da Defesa Civil N\u00e3o Comparece \u00e0 8\u00aa Sess\u00e3o da CPI das Enchentes\"}]},{\"@type\":\"WebSite\",\"@id\":\"https:\/\/rioonwatch.org.br\/#website\",\"url\":\"https:\/\/rioonwatch.org.br\/\",\"name\":\"RioOnWatch\",\"description\":\"relatos das favelas cariocas\",\"publisher\":{\"@id\":\"https:\/\/rioonwatch.org.br\/#organization\"},\"potentialAction\":[{\"@type\":\"SearchAction\",\"target\":{\"@type\":\"EntryPoint\",\"urlTemplate\":\"https:\/\/rioonwatch.org.br\/?s={search_term_string}\"},\"query-input\":{\"@type\":\"PropertyValueSpecification\",\"valueRequired\":true,\"valueName\":\"search_term_string\"}}],\"inLanguage\":\"pt-BR\"},{\"@type\":\"Organization\",\"@id\":\"https:\/\/rioonwatch.org.br\/#organization\",\"name\":\"RioOnWatch\",\"url\":\"https:\/\/rioonwatch.org.br\/\",\"logo\":{\"@type\":\"ImageObject\",\"inLanguage\":\"pt-BR\",\"@id\":\"https:\/\/rioonwatch.org.br\/#\/schema\/logo\/image\/\",\"url\":\"https:\/\/rioonwatch.org.br\/wp-content\/uploads\/2021\/06\/RioOnWatchcabecalhoPT11anos-2.png\",\"contentUrl\":\"https:\/\/rioonwatch.org.br\/wp-content\/uploads\/2021\/06\/RioOnWatchcabecalhoPT11anos-2.png\",\"width\":779,\"height\":277,\"caption\":\"RioOnWatch\"},\"image\":{\"@id\":\"https:\/\/rioonwatch.org.br\/#\/schema\/logo\/image\/\"}},{\"@type\":\"Person\",\"@id\":\"https:\/\/rioonwatch.org.br\/#\/schema\/person\/11d64c290506f9df50c71b850c473f68\",\"name\":\"Admin\",\"image\":{\"@type\":\"ImageObject\",\"inLanguage\":\"pt-BR\",\"@id\":\"https:\/\/rioonwatch.org.br\/#\/schema\/person\/image\/\",\"url\":\"https:\/\/secure.gravatar.com\/avatar\/56211ac74568383903349a1485e3c325?s=96&d=blank&r=g\",\"contentUrl\":\"https:\/\/secure.gravatar.com\/avatar\/56211ac74568383903349a1485e3c325?s=96&d=blank&r=g\",\"caption\":\"Admin\"},\"url\":\"https:\/\/rioonwatch.org.br\/?author=129\"}]}<\/script>\n<!-- \/ Yoast SEO plugin. -->","yoast_head_json":{"title":"Subsecret\u00e1rio da Defesa Civil N\u00e3o Comparece \u00e0 8\u00aa Sess\u00e3o da CPI das Enchentes - RioOnWatch","robots":{"index":"index","follow":"follow","max-snippet":"max-snippet:-1","max-image-preview":"max-image-preview:large","max-video-preview":"max-video-preview:-1"},"canonical":"https:\/\/rioonwatch.org.br\/?p=41392","og_locale":"pt_BR","og_type":"article","og_title":"Subsecret\u00e1rio da Defesa Civil N\u00e3o Comparece \u00e0 8\u00aa Sess\u00e3o da CPI das Enchentes - RioOnWatch","og_description":"Click Here for English No dia 30 de maio foi realizada a oitava sess\u00e3o da CPI das Enchentes, na C\u00e2mara Municipal do Rio de Janeiro. O presidente da CPI, Tarc\u00edsio Motta (PSOL), o relator Renato [...]","og_url":"https:\/\/rioonwatch.org.br\/?p=41392","og_site_name":"RioOnWatch","article_published_time":"2019-06-22T14:28:32+00:00","article_modified_time":"2019-06-25T16:31:43+00:00","og_image":[{"width":1200,"height":674,"url":"https:\/\/rioonwatch.org.br\/wp-content\/uploads\/2019\/06\/CPI-das-Enchentes-1.jpg","type":"image\/jpeg"}],"author":"Admin","twitter_card":"summary_large_image","twitter_misc":{"Escrito por":"Admin","Est. tempo de leitura":"5 minutos"},"schema":{"@context":"https:\/\/schema.org","@graph":[{"@type":"Article","@id":"https:\/\/rioonwatch.org.br\/?p=41392#article","isPartOf":{"@id":"https:\/\/rioonwatch.org.br\/?p=41392"},"author":{"name":"Admin","@id":"https:\/\/rioonwatch.org.br\/#\/schema\/person\/11d64c290506f9df50c71b850c473f68"},"headline":"Subsecret\u00e1rio da Defesa Civil N\u00e3o Comparece \u00e0 8\u00aa Sess\u00e3o da CPI das Enchentes","datePublished":"2019-06-22T14:28:32+00:00","dateModified":"2019-06-25T16:31:43+00:00","mainEntityOfPage":{"@id":"https:\/\/rioonwatch.org.br\/?p=41392"},"wordCount":943,"publisher":{"@id":"https:\/\/rioonwatch.org.br\/#organization"},"image":{"@id":"https:\/\/rioonwatch.org.br\/?p=41392#primaryimage"},"thumbnailUrl":"https:\/\/rioonwatch.org.br\/wp-content\/uploads\/2019\/06\/CPI-das-Enchentes-1.jpg","keywords":["\"\u00e1rea de risco\"","C\u00e2mara dos Vereadores","capacita\u00e7\u00e3o","chuvas","CPI","Direito \u00e0 Moradia","Direitos Humanos","enchente","infraestrutura","Marcelo Crivella","mudan\u00e7as clim\u00e1ticas","Neglig\u00eancia do Estado","PMDB","prioridades p\u00fablicas equivocadas","PSC","PSDB","PSOL","Renato Cinco (PSOL)","risco de deslizamento","risco de enchente","Rocinha","Rosa Fernandes (PMDB)","Secretaria Municipal de Ordem P\u00fablica","sustentabilidade","Tarc\u00edsio Motta (PSOL)","Teresa Bergher (PSDB)"],"articleSection":["#Monitoramento","*Destaque","Cobertura de Eventos","Escrito por Aliados","Pol\u00edticas"],"inLanguage":"pt-BR"},{"@type":"WebPage","@id":"https:\/\/rioonwatch.org.br\/?p=41392","url":"https:\/\/rioonwatch.org.br\/?p=41392","name":"Subsecret\u00e1rio da Defesa Civil N\u00e3o Comparece \u00e0 8\u00aa Sess\u00e3o da CPI das Enchentes - RioOnWatch","isPartOf":{"@id":"https:\/\/rioonwatch.org.br\/#website"},"primaryImageOfPage":{"@id":"https:\/\/rioonwatch.org.br\/?p=41392#primaryimage"},"image":{"@id":"https:\/\/rioonwatch.org.br\/?p=41392#primaryimage"},"thumbnailUrl":"https:\/\/rioonwatch.org.br\/wp-content\/uploads\/2019\/06\/CPI-das-Enchentes-1.jpg","datePublished":"2019-06-22T14:28:32+00:00","dateModified":"2019-06-25T16:31:43+00:00","breadcrumb":{"@id":"https:\/\/rioonwatch.org.br\/?p=41392#breadcrumb"},"inLanguage":"pt-BR","potentialAction":[{"@type":"ReadAction","target":["https:\/\/rioonwatch.org.br\/?p=41392"]}]},{"@type":"ImageObject","inLanguage":"pt-BR","@id":"https:\/\/rioonwatch.org.br\/?p=41392#primaryimage","url":"https:\/\/rioonwatch.org.br\/wp-content\/uploads\/2019\/06\/CPI-das-Enchentes-1.jpg","contentUrl":"https:\/\/rioonwatch.org.br\/wp-content\/uploads\/2019\/06\/CPI-das-Enchentes-1.jpg","width":1200,"height":674},{"@type":"BreadcrumbList","@id":"https:\/\/rioonwatch.org.br\/?p=41392#breadcrumb","itemListElement":[{"@type":"ListItem","position":1,"name":"In\u00edcio","item":"https:\/\/rioonwatch.org.br\/"},{"@type":"ListItem","position":2,"name":"Subsecret\u00e1rio da Defesa Civil N\u00e3o Comparece \u00e0 8\u00aa Sess\u00e3o da CPI das Enchentes"}]},{"@type":"WebSite","@id":"https:\/\/rioonwatch.org.br\/#website","url":"https:\/\/rioonwatch.org.br\/","name":"RioOnWatch","description":"relatos das favelas cariocas","publisher":{"@id":"https:\/\/rioonwatch.org.br\/#organization"},"potentialAction":[{"@type":"SearchAction","target":{"@type":"EntryPoint","urlTemplate":"https:\/\/rioonwatch.org.br\/?s={search_term_string}"},"query-input":{"@type":"PropertyValueSpecification","valueRequired":true,"valueName":"search_term_string"}}],"inLanguage":"pt-BR"},{"@type":"Organization","@id":"https:\/\/rioonwatch.org.br\/#organization","name":"RioOnWatch","url":"https:\/\/rioonwatch.org.br\/","logo":{"@type":"ImageObject","inLanguage":"pt-BR","@id":"https:\/\/rioonwatch.org.br\/#\/schema\/logo\/image\/","url":"https:\/\/rioonwatch.org.br\/wp-content\/uploads\/2021\/06\/RioOnWatchcabecalhoPT11anos-2.png","contentUrl":"https:\/\/rioonwatch.org.br\/wp-content\/uploads\/2021\/06\/RioOnWatchcabecalhoPT11anos-2.png","width":779,"height":277,"caption":"RioOnWatch"},"image":{"@id":"https:\/\/rioonwatch.org.br\/#\/schema\/logo\/image\/"}},{"@type":"Person","@id":"https:\/\/rioonwatch.org.br\/#\/schema\/person\/11d64c290506f9df50c71b850c473f68","name":"Admin","image":{"@type":"ImageObject","inLanguage":"pt-BR","@id":"https:\/\/rioonwatch.org.br\/#\/schema\/person\/image\/","url":"https:\/\/secure.gravatar.com\/avatar\/56211ac74568383903349a1485e3c325?s=96&d=blank&r=g","contentUrl":"https:\/\/secure.gravatar.com\/avatar\/56211ac74568383903349a1485e3c325?s=96&d=blank&r=g","caption":"Admin"},"url":"https:\/\/rioonwatch.org.br\/?author=129"}]}},"_links":{"self":[{"href":"https:\/\/rioonwatch.org.br\/index.php?rest_route=\/wp\/v2\/posts\/41392"}],"collection":[{"href":"https:\/\/rioonwatch.org.br\/index.php?rest_route=\/wp\/v2\/posts"}],"about":[{"href":"https:\/\/rioonwatch.org.br\/index.php?rest_route=\/wp\/v2\/types\/post"}],"author":[{"embeddable":true,"href":"https:\/\/rioonwatch.org.br\/index.php?rest_route=\/wp\/v2\/users\/129"}],"replies":[{"embeddable":true,"href":"https:\/\/rioonwatch.org.br\/index.php?rest_route=%2Fwp%2Fv2%2Fcomments&post=41392"}],"version-history":[{"count":29,"href":"https:\/\/rioonwatch.org.br\/index.php?rest_route=\/wp\/v2\/posts\/41392\/revisions"}],"predecessor-version":[{"id":41470,"href":"https:\/\/rioonwatch.org.br\/index.php?rest_route=\/wp\/v2\/posts\/41392\/revisions\/41470"}],"wp:featuredmedia":[{"embeddable":true,"href":"https:\/\/rioonwatch.org.br\/index.php?rest_route=\/wp\/v2\/media\/41416"}],"wp:attachment":[{"href":"https:\/\/rioonwatch.org.br\/index.php?rest_route=%2Fwp%2Fv2%2Fmedia&parent=41392"}],"wp:term":[{"taxonomy":"category","embeddable":true,"href":"https:\/\/rioonwatch.org.br\/index.php?rest_route=%2Fwp%2Fv2%2Fcategories&post=41392"},{"taxonomy":"post_tag","embeddable":true,"href":"https:\/\/rioonwatch.org.br\/index.php?rest_route=%2Fwp%2Fv2%2Ftags&post=41392"},{"taxonomy":"writer","embeddable":true,"href":"https:\/\/rioonwatch.org.br\/index.php?rest_route=%2Fwp%2Fv2%2Fwriter&post=41392"},{"taxonomy":"translator","embeddable":true,"href":"https:\/\/rioonwatch.org.br\/index.php?rest_route=%2Fwp%2Fv2%2Ftranslator&post=41392"},{"taxonomy":"source","embeddable":true,"href":"https:\/\/rioonwatch.org.br\/index.php?rest_route=%2Fwp%2Fv2%2Fsource&post=41392"},{"taxonomy":"ilustrador","embeddable":true,"href":"https:\/\/rioonwatch.org.br\/index.php?rest_route=%2Fwp%2Fv2%2Filustrador&post=41392"},{"taxonomy":"fotografo","embeddable":true,"href":"https:\/\/rioonwatch.org.br\/index.php?rest_route=%2Fwp%2Fv2%2Ffotografo&post=41392"}],"curies":[{"name":"wp","href":"https:\/\/api.w.org\/{rel}","templated":true}]}}