{"id":41568,"date":"2019-07-04T15:17:50","date_gmt":"2019-07-04T18:17:50","guid":{"rendered":"https:\/\/rioonwatch.org.br\/?p=41568"},"modified":"2019-07-12T12:18:21","modified_gmt":"2019-07-12T15:18:21","slug":"slam-mare-cheia-realiza-batalha-de-poesia-itinerante-na-favela-da-mare","status":"publish","type":"post","link":"https:\/\/rioonwatch.org.br\/?p=41568","title":{"rendered":"Slam Mar\u00e9 Cheia Realiza Batalha de Poesia Itinerante na Favela da Mar\u00e9"},"content":{"rendered":"<p style=\"text-align: right;\"><em><strong><a href=\"http:\/\/bit.ly\/2LlKCy6\" target=\"_blank\" rel=\"noopener noreferrer\">Click Here for English<\/a><a href=\"http:\/\/bit.ly\/2LlKCy6\" target=\"_blank\" rel=\"noopener noreferrer\"><img decoding=\"async\" width=\"20\" height=\"20\" class=\"alignright wp-image-15790\" src=\"http:\/\/rioonwatch.org.br\/wp-content\/uploads\/2012\/08\/EN-standard-e1439583104716.jpg\" \/><\/a><\/strong><\/em><\/p>\n<p><span style=\"font-weight: 400;\">A batalha de poesia do <a href=\"http:\/\/bit.ly\/2K1s59x\" target=\"_blank\" rel=\"noopener noreferrer\">Complexo da Mar\u00e9<\/a>, <a href=\"http:\/\/bit.ly\/2xt4jv6\" target=\"_blank\" rel=\"noopener noreferrer\">Slam Mar\u00e9 Cheia<\/a>, realizou no \u00faltimo domingo, 30 de junho, sua <a href=\"http:\/\/bit.ly\/303XBHS\" target=\"_blank\" rel=\"noopener noreferrer\">terceira edi\u00e7\u00e3o<\/a> na Pra\u00e7a do Skate do <a href=\"http:\/\/bit.ly\/329sBby\" target=\"_blank\" rel=\"noopener noreferrer\">Parque Uni\u00e3o<\/a>. O primeiro a chegar e se inscrever para a batalha daquela tarde foi o morador da <a href=\"http:\/\/bit.ly\/31j24rI\" target=\"_blank\" rel=\"noopener noreferrer\">Nova Holanda<\/a>, Sillas Alves Nascimento, conhecido no rap como SL MC. \u201cSempre tive vontade de fazer slam devido a letra ser mais valorizada\u201d, contou Sillas, \u201cNo rap, os outros prestam aten\u00e7\u00e3o na letra, mas procuram mais a batida perfeita.\u201d<\/span><\/p>\n<p><span style=\"font-weight: 400;\">Aos poucos, o p\u00fablico tamb\u00e9m foi chegando e ocupando o banco da pra\u00e7a. Karoline Rodrigues, moradora da <a href=\"http:\/\/bit.ly\/2FMTjwP\" target=\"_blank\" rel=\"noopener noreferrer\">Vila do Jo\u00e3o<\/a>, contou que era a primeira vez que ia \u00e0 Pra\u00e7a do Skate e que aquela era a segunda competi\u00e7\u00e3o de slam que assistia na Mar\u00e9: \u201cEu sempre vou no <a href=\"http:\/\/bit.ly\/2Nu29pN\" target=\"_blank\" rel=\"noopener noreferrer\">Slam das Minas<\/a>, gosto muito. E a\u00ed, quando vi essa iniciativa aqui na Mar\u00e9 eu disse: \u2018Tenho que ir, tenho que ir!\u2019\u201d <\/span><span style=\"font-weight: 400;\">Karoline lembrou que devido a uma reuni\u00e3o acabou n\u00e3o podendo ir na <a href=\"http:\/\/bit.ly\/2LxuMja\" target=\"_blank\" rel=\"noopener noreferrer\">primeira edi\u00e7\u00e3o<\/a> do Slam Mar\u00e9 Cheia, realizada em mar\u00e7o deste ano na Nova Holanda, mas assistiu a <a href=\"http:\/\/bit.ly\/2JmpRPp\" target=\"_blank\" rel=\"noopener noreferrer\">segunda edi\u00e7\u00e3o<\/a> que ocorreu na <a href=\"http:\/\/bit.ly\/2XkWQsj\" target=\"_blank\" rel=\"noopener noreferrer\">Vila do Pinheiro<\/a>, em abril.\u00a0<\/span><span style=\"font-weight: 400;\">\u201cGeralmente, as coisas acontecem na Nova Holanda e l\u00e1 no Pinheiro nunca tem nada. Eu falei, \u2018cara a gente tem que ocupar esse espa\u00e7o mesmo\u2019\u201d, lembra Karoline. \u201cEnt\u00e3o, eu achei muito legal essa iniciativa do slam de percorrer a Mar\u00e9 inteira\u201d, disse ela.<\/span><\/p>\n<p><a href=\"https:\/\/rioonwatch.org.br\/wp-content\/uploads\/2019\/07\/ok-Competidores-do-3o-Slam.jpg\"><img fetchpriority=\"high\" decoding=\"async\" class=\"aligncenter wp-image-41630 size-content\" title=\"SL MC e Profeta MC, moradores da Mar\u00e9, foram os competidores da 3\u00aa Edi\u00e7\u00e3o do Slam Mar\u00e9 Cheia. Foto Naldinho Louren\u00e7o\" src=\"https:\/\/rioonwatch.org.br\/wp-content\/uploads\/2019\/07\/ok-Competidores-do-3o-Slam-620x264.jpg\" alt=\"\" width=\"620\" height=\"264\" \/><\/a><\/p>\n<p><span style=\"font-weight: 400;\">O logotipo do evento criado por Matheus de Ara\u00fajo, poeta e idealizador do Slam Mar\u00e9 Cheia, traz a imagem do mapa do conjunto de favelas da Mar\u00e9. \u201cEu tentei buscar algo que fosse representativo para os 140.000 habitantes\u201d, contou Matheus. \u201cPensei em algo que lembrasse uma palafita que \u00e9 como a Mar\u00e9 surgiu, mas eu queria algo mais atual. A\u00ed veio a ideia do mapa da Mar\u00e9 que \u00e9 muito emblem\u00e1tico. A Mar\u00e9 \u00e9 um ponto estrat\u00e9gico na cidade do Rio, quem entra e sai [do Rio] tem que passar pela Mar\u00e9\u201d.\u00a0<\/span><\/p>\n<p><span style=\"font-weight: 400;\">Na programa\u00e7\u00e3o do dia estava tamb\u00e9m o <a href=\"http:\/\/bit.ly\/2XjAY0B\" target=\"_blank\" rel=\"noopener noreferrer\">lan\u00e7amento<\/a> do jornal <a href=\"http:\/\/bit.ly\/2KYHzLW\" target=\"_blank\" rel=\"noopener noreferrer\"><em>Literatura Comunica!<\/em><\/a> <\/span><span style=\"font-weight: 400;\">em comemora\u00e7\u00e3o aos seis anos do projeto, que leva <a href=\"http:\/\/bit.ly\/32bHREX\" target=\"_blank\" rel=\"noopener noreferrer\">o mesmo nome<\/a>. O jornal liter\u00e1rio destaca as rodas de leitura realizadas em torno das obras da escritora <a href=\"http:\/\/bit.ly\/2J9ymi0\" target=\"_blank\" rel=\"noopener noreferrer\">Carolina de Jesus<\/a><\/span><span style=\"font-weight: 400;\">\u00a0e re\u00fane artigos e depoimentos, sobretudo, de moradores da Mar\u00e9, <a href=\"http:\/\/bit.ly\/307bLIr\" target=\"_blank\" rel=\"noopener noreferrer\">Cerro Cor\u00e1<\/a> e <a href=\"http:\/\/bit.ly\/2x3RcjK\" target=\"_blank\" rel=\"noopener noreferrer\">Vila Aut\u00f3dromo<\/a> que participaram de atividades do projeto. <\/span><\/p>\n<p><span style=\"font-weight: 400;\">Gabrielle Alves, moradora da Vila do Pinheiro, contou como foi escrever o artigo <em>Educa\u00e7\u00e3o e racismo em Carolina Maria de Jesus<\/em>\u00a0que faz parte deste primeiro n\u00famero:\u00a0<\/span><span style=\"font-weight: 400;\">\u201cEsse foi meu primeiro artigo [publicado]. Ent\u00e3o, quando comecei foi um grande desafio, uma grande batalha porque eu n\u00e3o estou acostumada. Eu tinha escrito esse texto h\u00e1 uns dois anos e quando fui reler para publicar, eu senti que poderia ter escrito de outra forma. Achei isso interessante porque pensava que eu n\u00e3o tinha evolu\u00eddo, n\u00e3o tinha mudado muito. Mas percebi que evolui bastante, consegui ter outros tipos de percep\u00e7\u00f5es e me expressar de outra forma que eu n\u00e3o conseguia me expressar antes\u201d, lembra Gabrielle. \u201cA\u00ed, eu escrevi a segunda vez e me senti muito mais preparada na hora de montar o texto. O entrosamento que eu tive com o livro de Carolina de Jesus ajudou. Eu acho que ficou mais simples, mais f\u00e1cil, at\u00e9 porque a linguagem dela inspira nossa linguagem tamb\u00e9m.\u201d<\/span><\/p>\n<p><a href=\"https:\/\/rioonwatch.org.br\/wp-content\/uploads\/2019\/07\/ok3-Lan\u00e7amento-jornal-Literatura-Comunica.jpg\"><img decoding=\"async\" class=\"aligncenter wp-image-41628 size-content\" title=\"Lan\u00e7amento do Jornal Literatura Comunica! Foto: Naldinho Louren\u00e7o\" src=\"https:\/\/rioonwatch.org.br\/wp-content\/uploads\/2019\/07\/ok3-Lan\u00e7amento-jornal-Literatura-Comunica-620x264.jpg\" alt=\"\" width=\"620\" height=\"264\" \/><\/a><\/p>\n<p><span style=\"font-weight: 400;\">Gabriel da Matta, professor do <a href=\"http:\/\/bit.ly\/2XoJQaa\" target=\"_blank\" rel=\"noopener noreferrer\">Pr\u00e9-vestibular Machado de Assis<\/a>, no <a href=\"http:\/\/bit.ly\/2KUZXFB\" target=\"_blank\" rel=\"noopener noreferrer\">Morro da Provid\u00eancia<\/a>, falou sobre a experi\u00eancia das rodas de leitura que realizou com mais duas professoras em escolas ocupadas do Rio de Janeiro, em 2016: \u201cRever as fotos e relembrar os eventos que aconteceram, as escolas por onde a gente passou&#8230; no Rio, <a href=\"http:\/\/bit.ly\/2xtrOnO\" target=\"_blank\" rel=\"noopener noreferrer\">Niter\u00f3i<\/a>, <a href=\"http:\/\/bit.ly\/2KWOFkm\" target=\"_blank\" rel=\"noopener noreferrer\">S\u00e3o Gon\u00e7alo<\/a>&#8230; Embora n\u00e3o tenha sido h\u00e1 muito tempo, foi um exerc\u00edcio de mem\u00f3ria tamb\u00e9m, foi bem interessante\u201d.<\/span><\/p>\n<p><span style=\"font-weight: 400;\">Ap\u00f3s a distribui\u00e7\u00e3o do jornal, os slammasters do Mar\u00e9 Cheia, Rejane Barcelos e Matheus de Ara\u00fajo, iniciaram a apresenta\u00e7\u00e3o dos competidores da terceira edi\u00e7\u00e3o: SL MC e Profeta MC, ambos moradores da Mar\u00e9. Na primeira edi\u00e7\u00e3o, a vencedora da batalha foi a poeta Valentine, moradora de <a href=\"http:\/\/bit.ly\/2KMwrB3\" target=\"_blank\" rel=\"noopener noreferrer\">Caxias,<\/a> e na segunda, foi Dudu Neves da <a href=\"http:\/\/bit.ly\/2KY6nDO\" target=\"_blank\" rel=\"noopener noreferrer\">Cidade de Deus<\/a>.\u00a0<\/span><\/p>\n<blockquote><p><i><span style=\"font-weight: 400;\">&#8220;Em busca da paz, quebrando barreiras, SLAM MAR\u00c9 CHEIA!&#8221;<\/span><\/i><span style=\"font-weight: 400;\"> &#8211; Rejane Barcelos puxou o grito do slam junto \u00e0 plateia<\/span><\/p><\/blockquote>\n<p><span style=\"font-weight: 400;\">O vencedor da batalha foi SL MC que ganhou o livro de poesia <em><a href=\"https:\/\/amzn.to\/2ROdlvK\" target=\"_blank\" rel=\"noopener noreferrer\">Mar\u00e9 Cheia<\/a><\/em>, de Matheus de Ara\u00fajo e uma vaga para a final do Slam Mar\u00e9 Cheia em setembro, na <a href=\"http:\/\/bit.ly\/2qqmQm8\" target=\"_blank\" rel=\"noopener noreferrer\">Lona Cultural da Mar\u00e9<\/a>. Desta batalha final, sair\u00e1 o representante do Mar\u00e9 Cheia <span style=\"color: #000000;\">para a competi\u00e7\u00e3o estadual do Rio de Janeiro, <\/span><span style=\"color: #ff0000;\"><a href=\"http:\/\/bit.ly\/2Jl7Y3q\" target=\"_blank\" rel=\"noopener noreferrer\">Slam RJ<\/a><\/span>.<\/span><\/p>\n<p><a href=\"https:\/\/rioonwatch.org.br\/wp-content\/uploads\/2019\/07\/5-SL-MC-vencedor.jpeg\"><img loading=\"lazy\" decoding=\"async\" class=\"aligncenter wp-image-41635 size-content\" title=\"SL MC venceu a batalha de poesias e participar\u00e1 da final do Slam Mar\u00e9 Cheia, em setembro deste ano. Foto: Naldinho Louren\u00e7o\" src=\"https:\/\/rioonwatch.org.br\/wp-content\/uploads\/2019\/07\/5-SL-MC-vencedor-620x264.jpeg\" alt=\"\" width=\"620\" height=\"264\" \/><\/a><\/p>\n<p><span style=\"font-weight: 400;\">No Rio de Janeiro, as competi\u00e7\u00f5es de slam tiveram in\u00edcio em 2013 e ganharam for\u00e7a em 2014 quando a Festa Liter\u00e1ria das Periferias (<a href=\"http:\/\/bit.ly\/2Yz6NDW\" target=\"_blank\" rel=\"noopener noreferrer\">FLUP<\/a>) realizou a <a href=\"http:\/\/bit.ly\/2J9Q9FO\" target=\"_blank\" rel=\"noopener noreferrer\">primeira edi\u00e7\u00e3o do Rio Poetry Slam<\/a> sob curadoria de Roberta Estrela D\u2019Alva. Em 2008, ap\u00f3s um interc\u00e2mbio nos <a href=\"http:\/\/bit.ly\/2IkrFrI\" target=\"_blank\" rel=\"noopener noreferrer\">Estados Unidos)<\/a>\u2014onde conheceu as batalhas de poesia de l\u00e1 denominadas \u201cslam\u201d)\u2014Roberta Estrela D\u2019Alva fundou o primeiro slam do Brasil, o <a href=\"http:\/\/bit.ly\/2XD21Z1\" target=\"_blank\" rel=\"noopener noreferrer\">ZAP! (Zona Aut\u00f4noma da Palavra)<\/a>, no bairro de Pompeia, em <a href=\"http:\/\/bit.ly\/2RR28KT\" target=\"_blank\" rel=\"noopener noreferrer\">S\u00e3o Paulo<\/a>. A partir da\u00ed, o slam foi se espalhando pelo pa\u00eds. A modalidade liter\u00e1ria-competitiva foi criada pelo norte-americano <a href=\"http:\/\/bit.ly\/2xptgYe\" target=\"_blank\" rel=\"noopener noreferrer\">Marc Smith<\/a> num bairro branco e oper\u00e1rio de Chicago, como Roberta Estrela D\u2019Alva conta no document\u00e1rio <em><a href=\"http:\/\/bit.ly\/2FKViSz\" target=\"_blank\" rel=\"noopener noreferrer\">Slam: Voz de Levante<\/a>,<\/em>\u00a0de 2017.<\/span><\/p>\n<p><span style=\"font-weight: 400;\">A Mar\u00e9 entrou para o circuito dos slams em 24 de mar\u00e7o de 2019 pelas m\u00e3os do mareense Matheus de Ara\u00fajo: \u201cEu idealizei, mas n\u00e3o fa\u00e7o ele sozinho. T\u00eam a Thais Ayomine, Isadora Gran e Rejane Camel\u00f4 tamb\u00e9m. E o Patrick Mendes que tem fotografado pra gente as edi\u00e7\u00f5es\u201d.\u00a0<\/span><\/p>\n<p><span style=\"font-weight: 400;\">A <a href=\"http:\/\/bit.ly\/2RR3Mw3\" target=\"_blank\" rel=\"noopener noreferrer\">Rainha do Verso <\/a><\/span><span style=\"font-weight: 400;\">, Rejane Barcelos, nasceu em Itaperuna e mora h\u00e1 um ano e meio na Vila do Pinheiro, na Mar\u00e9. Descobriu-se poeta desde que foi alfabetizada, faz parte da antologia <em><a href=\"http:\/\/bit.ly\/3206gwS\" target=\"_blank\" rel=\"noopener noreferrer\">Brutas flores<\/a><\/em>, j\u00e1 lan\u00e7ou v\u00e1rios <a href=\"http:\/\/bit.ly\/2FRffap\" target=\"_blank\" rel=\"noopener noreferrer\">zines<\/a> e <em>Reza forte<\/em>, seu mais novo zine, ser\u00e1 lan\u00e7ado na FLIP deste ano. <\/span><span style=\"font-weight: 400;\">\u201cEu sou mulher preta. Ent\u00e3o, mulher preta n\u00e3o tem como se dedicar a uma coisa s\u00f3. Eu fa\u00e7o v\u00e1rias coisas: sou faxineira, sou camel\u00f4, fa\u00e7o faculdade de letras-\u00e1rabe na <a href=\"http:\/\/bit.ly\/2XQ3Rma\" target=\"_blank\" rel=\"noopener noreferrer\">UFRJ<\/a> e o que aparecer, gosto de mergulhar\u201d, nos contou Rejane, uma das organizadoras do Slam Mar\u00e9 Cheia. <\/span><\/p>\n<p><a href=\"https:\/\/rioonwatch.org.br\/wp-content\/uploads\/2019\/07\/ok-Rejane-Barcelos.jpg\"><img loading=\"lazy\" decoding=\"async\" class=\"aligncenter wp-image-41639 size-content\" title=\"Rejane Barcelos, a Rainha do Verso, \u00e9 uma das organizadoras do Slam Mar\u00e9 Cheia. Foto: Naldinho Louren\u00e7o\" src=\"https:\/\/rioonwatch.org.br\/wp-content\/uploads\/2019\/07\/ok-Rejane-Barcelos-620x264.jpg\" alt=\"\" width=\"620\" height=\"264\" \/><\/a><\/p>\n<p><span style=\"font-weight: 400;\">Rejane anunciou que organizou um curso de poesia de rua, uma oficina baseada na metodologia do slam. O curso est\u00e1 com inscri\u00e7\u00f5es abertas e vai ser realizado no <a href=\"http:\/\/bit.ly\/Yip8FS\" target=\"_blank\" rel=\"noopener noreferrer\">Centro de Refer\u00eancia de Mulheres da Mar\u00e9<\/a> (CRMM)<\/span><span style=\"font-weight: 400;\">, na Vila do Jo\u00e3o, duas vezes por semana. As inscri\u00e7\u00f5es podem ser feitas diretamente no CRMM ou com a pr\u00f3pria Rejane em suas <a href=\"http:\/\/bit.ly\/2RR3Mw3\" target=\"_blank\" rel=\"noopener noreferrer\">redes sociais<\/a>.<\/span><\/p>\n<p><span style=\"font-weight: 400;\">Matheus de Ara\u00fajo, cria da <a href=\"http:\/\/bit.ly\/2XqB0sa\" target=\"_blank\" rel=\"noopener noreferrer\">Rubens Vaz<\/a>, na Mar\u00e9, tamb\u00e9m \u00e9 estudante de letras na UFRJ, mas sua rela\u00e7\u00e3o com a literatura \u00e9 muito anterior \u00e0 universidade. Matheus afirma que ela vem da rua, dos saraus liter\u00e1rios, dos slams. Ele participou da <a href=\"http:\/\/bit.ly\/30aFsIK\" target=\"_blank\" rel=\"noopener noreferrer\">FLUP Pensa 2016<\/a> e em janeiro de 2018, <a href=\"http:\/\/bit.ly\/2Nwwx2Q\" target=\"_blank\" rel=\"noopener noreferrer\">lan\u00e7ou seu primeiro livro<\/a> de poesia, <em>Mar\u00e9 Cheia<\/em>, no <a href=\"http:\/\/bit.ly\/2rKMv9H\" target=\"_blank\" rel=\"noopener noreferrer\">Centro de Artes da Mar\u00e9<\/a> (CAM). <\/span><span style=\"font-weight: 400;\">\u201cFoi bem no meu processo de autoconhecimento sobre as quest\u00f5es sociais e raciais\u201d, disse Matheus de Ara\u00fajo. \u201cLancei o livro, no CAM, aqui na Mar\u00e9 e n\u00e3o poderia ser diferente, foi aqui que nasci e \u00e9 daqui que eu falo, sempre que carrego minha palavra para todos os lugares. Ent\u00e3o, nada mais justo do que meu primeiro passo ser aqui tamb\u00e9m.\u201d<\/span><\/p>\n<p><span style=\"font-weight: 400;\">Depois do lan\u00e7amento na Mar\u00e9, Matheus lan\u00e7ou a obra em outras favelas e tamb\u00e9m na <a href=\"http:\/\/bit.ly\/2XFhCqX\" target=\"_blank\" rel=\"noopener noreferrer\">FLIP de 2018<\/a>, em Paraty. O livro tem pref\u00e1cio da slammer Mel Duarte e foi publicado pela editora Multifoco. \u201cMar\u00e9 Cheia surgiu para o livro, mas carrega um conceito, n\u00f3s devemos ser mar\u00e9 cheia, superar os aterros da sociedade. \u00c9 uma rela\u00e7\u00e3o metaf\u00f3rica, eu quis levar isso para o slam tamb\u00e9m\u201d, disse Matheus.<\/span><\/p>\n<p><a href=\"https:\/\/rioonwatch.org.br\/wp-content\/uploads\/2019\/07\/7-Matheus-de-Araujo.jpeg\"><img loading=\"lazy\" decoding=\"async\" class=\"aligncenter wp-image-41640 size-content\" title=\"Matheus de Ara\u00fajo mostra seu livro Mar\u00e9 Cheia. Foto de Naldinho Louren\u00e7o\" src=\"https:\/\/rioonwatch.org.br\/wp-content\/uploads\/2019\/07\/7-Matheus-de-Araujo-620x264.jpeg\" alt=\"\" width=\"620\" height=\"264\" \/><\/a><\/p>\n<p><span style=\"font-weight: 400;\">A Pra\u00e7a do Skate do Parque Uni\u00e3o tamb\u00e9m \u00e9 palco de outra atividade: a <a href=\"http:\/\/bit.ly\/2JacVNS\" target=\"_blank\" rel=\"noopener noreferrer\">Roda Cultural do Parque Uni\u00e3o<\/a> que movimenta o local h\u00e1 dois anos. Andr\u00e9 Luiz Vasconcelos, um dos organizadores da Roda Cultural, tamb\u00e9m assistiu a competi\u00e7\u00e3o do Slam Mar\u00e9 Cheia: \u201cPra mim \u00e9 uma honra ver isso aqui na Mar\u00e9\u201d, disse Andr\u00e9. \u201cO Matheus eu conhe\u00e7o de muito tempo. Cheguei a estudar na mesma escola que ele, e ver ele tamb\u00e9m se aprofundar no conhecimento da poesia \u00e9 uma honra\u201d, disse ele.<\/span><\/p>\n<p><span style=\"font-weight: 400;\">A Roda Cultural do Parque Uni\u00e3o ocorria toda sexta-feira, mas desde que ficaram sem equipamento de som, ela ficou suspensa. O grupo, no entanto, continua em a\u00e7\u00e3o, promovendo aos s\u00e1bados e domingos a\u00e7\u00f5es comunit\u00e1rias para revitaliza\u00e7\u00e3o da pra\u00e7a. O Slam Mar\u00e9 Cheia tamb\u00e9m est\u00e1 sem equipamento de som e \u00e9 realizado no gog\u00f3, ou seja, usando toda a pot\u00eancia da voz sem microfone e caixa de som. Quem quiser conhecer mais os projetos e colaborar, pode entrar em contato diretamente com eles pelas redes sociais: <\/span><span style=\"font-weight: 400;\">Slam Mar\u00e9 Cheia, <a href=\"http:\/\/bit.ly\/2xt4jv6\">aqui<\/a> e da\u00a0<\/span><span style=\"font-weight: 400;\">Roda Cultural do Parque Uni\u00e3o, <a href=\"http:\/\/bit.ly\/2JacVNS\" target=\"_blank\" rel=\"noopener noreferrer\">aqui<\/a>.<\/span><b><\/b><\/p>\n<p><em>Miriane Peregrino \u00e9 pesquisadora, jornalista comunit\u00e1ria e educadora, especialista e mestre em Literatura pela UERJ. Criou o projeto de incentivo \u00e0 leitura \u201cLiteratura Comunica!\u201d que atua em escolas, bibliotecas comunit\u00e1rias e equipamentos culturais h\u00e1 seis anos. Nascida no interior do Rio, atua na Mar\u00e9 desde 2013.<\/em><\/p>\n<!-- AddThis Advanced Settings generic via filter on the_content --><!-- AddThis Share Buttons generic via filter on the_content -->","protected":false},"excerpt":{"rendered":"<div class=\"mh-excerpt\"><p>Click Here for English A batalha de poesia do Complexo da Mar\u00e9, Slam Mar\u00e9 Cheia, realizou no \u00faltimo domingo, 30 de junho, sua terceira edi\u00e7\u00e3o na Pra\u00e7a do Skate do Parque Uni\u00e3o. O primeiro a <a class=\"mh-excerpt-more\" href=\"https:\/\/rioonwatch.org.br\/?p=41568\" title=\"Slam Mar\u00e9 Cheia Realiza Batalha de Poesia Itinerante na Favela da Mar\u00e9\">[&#8230;]<\/a><!-- AddThis Advanced Settings generic via filter on get_the_excerpt --><!-- AddThis Share Buttons generic via filter on get_the_excerpt --><\/p>\n<\/div>","protected":false},"author":129,"featured_media":41622,"comment_status":"closed","ping_status":"closed","sticky":false,"template":"","format":"standard","meta":{"_acf_changed":false,"_monsterinsights_skip_tracking":false,"_monsterinsights_sitenote_active":false,"_monsterinsights_sitenote_note":"","_monsterinsights_sitenote_category":0,"footnotes":""},"categories":[1621,1627,1615,1625,342],"tags":[334,1014,554,332,81,421,1091,922,503,113,511,257,10,350,349,102,1789,231,2193,55,1081,1311],"writer":[1932],"translator":[],"source":[],"ilustrador":[],"fotografo":[],"class_list":{"0":"post-41568","1":"post","2":"type-post","3":"status-publish","4":"format-standard","5":"has-post-thumbnail","7":"category-destaque","8":"category-relato-de-evento","9":"category-cultura-da-favela","10":"category-por-correspondentes-comunitarios","11":"category-solucoes","12":"tag-arte","13":"tag-cerro-cora","14":"tag-cidade-de-deus","15":"tag-complexo-da-mare","16":"tag-cultura","17":"tag-cultura-da-favela","18":"tag-duque-de-caxias","19":"tag-evento","20":"tag-flupp","21":"tag-juventude","22":"tag-literatura","23":"tag-providencia","24":"tag-niteroi","25":"tag-nova-holanda","26":"tag-parque-uniao","27":"tag-poesia","28":"tag-rubens-vaz","29":"tag-sao-goncalo","30":"tag-ufrj","31":"tag-vila-autodromo","32":"tag-vila-do-joao","33":"tag-vila-do-pinheiro","34":"writer-miriane-pellegrino"},"acf":[],"yoast_head":"<!-- This site is optimized with the Yoast SEO plugin v25.6 - https:\/\/yoast.com\/wordpress\/plugins\/seo\/ -->\n<title>Slam Mar\u00e9 Cheia Realiza Batalha de Poesia Itinerante na Favela da Mar\u00e9 - RioOnWatch<\/title>\n<meta name=\"robots\" content=\"index, follow, max-snippet:-1, max-image-preview:large, max-video-preview:-1\" \/>\n<link rel=\"canonical\" href=\"https:\/\/rioonwatch.org.br\/?p=41568\" \/>\n<meta property=\"og:locale\" content=\"pt_BR\" \/>\n<meta property=\"og:type\" content=\"article\" \/>\n<meta property=\"og:title\" content=\"Slam Mar\u00e9 Cheia Realiza Batalha de Poesia Itinerante na Favela da Mar\u00e9 - RioOnWatch\" \/>\n<meta property=\"og:description\" content=\"Click Here for English A batalha de poesia do Complexo da Mar\u00e9, Slam Mar\u00e9 Cheia, realizou no \u00faltimo domingo, 30 de junho, sua terceira edi\u00e7\u00e3o na Pra\u00e7a do Skate do Parque Uni\u00e3o. O primeiro a [...]\" \/>\n<meta property=\"og:url\" content=\"https:\/\/rioonwatch.org.br\/?p=41568\" \/>\n<meta property=\"og:site_name\" content=\"RioOnWatch\" \/>\n<meta property=\"article:published_time\" content=\"2019-07-04T18:17:50+00:00\" \/>\n<meta property=\"article:modified_time\" content=\"2019-07-12T15:18:21+00:00\" \/>\n<meta property=\"og:image\" content=\"https:\/\/rioonwatch.org.br\/wp-content\/uploads\/2019\/07\/8-Pra\u00e7a-do-Skate.jpeg\" \/>\n\t<meta property=\"og:image:width\" content=\"900\" \/>\n\t<meta property=\"og:image:height\" content=\"600\" \/>\n\t<meta property=\"og:image:type\" content=\"image\/jpeg\" \/>\n<meta name=\"author\" content=\"Admin\" \/>\n<meta name=\"twitter:card\" content=\"summary_large_image\" \/>\n<meta name=\"twitter:label1\" content=\"Escrito por\" \/>\n\t<meta name=\"twitter:data1\" content=\"Admin\" \/>\n\t<meta name=\"twitter:label2\" content=\"Est. tempo de leitura\" \/>\n\t<meta name=\"twitter:data2\" content=\"8 minutos\" \/>\n<script type=\"application\/ld+json\" class=\"yoast-schema-graph\">{\"@context\":\"https:\/\/schema.org\",\"@graph\":[{\"@type\":\"Article\",\"@id\":\"https:\/\/rioonwatch.org.br\/?p=41568#article\",\"isPartOf\":{\"@id\":\"https:\/\/rioonwatch.org.br\/?p=41568\"},\"author\":{\"name\":\"Admin\",\"@id\":\"https:\/\/rioonwatch.org.br\/#\/schema\/person\/11d64c290506f9df50c71b850c473f68\"},\"headline\":\"Slam Mar\u00e9 Cheia Realiza Batalha de Poesia Itinerante na Favela da Mar\u00e9\",\"datePublished\":\"2019-07-04T18:17:50+00:00\",\"dateModified\":\"2019-07-12T15:18:21+00:00\",\"mainEntityOfPage\":{\"@id\":\"https:\/\/rioonwatch.org.br\/?p=41568\"},\"wordCount\":1622,\"publisher\":{\"@id\":\"https:\/\/rioonwatch.org.br\/#organization\"},\"image\":{\"@id\":\"https:\/\/rioonwatch.org.br\/?p=41568#primaryimage\"},\"thumbnailUrl\":\"https:\/\/rioonwatch.org.br\/wp-content\/uploads\/2019\/07\/8-Pra\u00e7a-do-Skate.jpeg\",\"keywords\":[\"arte\",\"Cerro Cor\u00e1\",\"Cidade de Deus\",\"Complexo da Mar\u00e9\",\"cultura\",\"cultura da favela\",\"Duque de Caxias\",\"evento\",\"FLUP\",\"juventude\",\"literatura\",\"Morro da Provid\u00eancia\",\"Niter\u00f3i\",\"Nova Holanda\",\"Parque Uni\u00e3o\",\"poesia\",\"Rubens Vaz\",\"S\u00e3o Gon\u00e7alo\",\"UFRJ\",\"Vila Aut\u00f3dromo\",\"Vila do Jo\u00e3o\",\"Vila do Pinheiro\"],\"articleSection\":[\"*Destaque\",\"Cobertura de Eventos\",\"Cultura da Favela\",\"Escrito por Comunicadores Populares\",\"Solu\u00e7\u00f5es\"],\"inLanguage\":\"pt-BR\"},{\"@type\":\"WebPage\",\"@id\":\"https:\/\/rioonwatch.org.br\/?p=41568\",\"url\":\"https:\/\/rioonwatch.org.br\/?p=41568\",\"name\":\"Slam Mar\u00e9 Cheia Realiza Batalha de Poesia Itinerante na Favela da Mar\u00e9 - RioOnWatch\",\"isPartOf\":{\"@id\":\"https:\/\/rioonwatch.org.br\/#website\"},\"primaryImageOfPage\":{\"@id\":\"https:\/\/rioonwatch.org.br\/?p=41568#primaryimage\"},\"image\":{\"@id\":\"https:\/\/rioonwatch.org.br\/?p=41568#primaryimage\"},\"thumbnailUrl\":\"https:\/\/rioonwatch.org.br\/wp-content\/uploads\/2019\/07\/8-Pra\u00e7a-do-Skate.jpeg\",\"datePublished\":\"2019-07-04T18:17:50+00:00\",\"dateModified\":\"2019-07-12T15:18:21+00:00\",\"breadcrumb\":{\"@id\":\"https:\/\/rioonwatch.org.br\/?p=41568#breadcrumb\"},\"inLanguage\":\"pt-BR\",\"potentialAction\":[{\"@type\":\"ReadAction\",\"target\":[\"https:\/\/rioonwatch.org.br\/?p=41568\"]}]},{\"@type\":\"ImageObject\",\"inLanguage\":\"pt-BR\",\"@id\":\"https:\/\/rioonwatch.org.br\/?p=41568#primaryimage\",\"url\":\"https:\/\/rioonwatch.org.br\/wp-content\/uploads\/2019\/07\/8-Pra\u00e7a-do-Skate.jpeg\",\"contentUrl\":\"https:\/\/rioonwatch.org.br\/wp-content\/uploads\/2019\/07\/8-Pra\u00e7a-do-Skate.jpeg\",\"width\":900,\"height\":600},{\"@type\":\"BreadcrumbList\",\"@id\":\"https:\/\/rioonwatch.org.br\/?p=41568#breadcrumb\",\"itemListElement\":[{\"@type\":\"ListItem\",\"position\":1,\"name\":\"In\u00edcio\",\"item\":\"https:\/\/rioonwatch.org.br\/\"},{\"@type\":\"ListItem\",\"position\":2,\"name\":\"Slam Mar\u00e9 Cheia Realiza Batalha de Poesia Itinerante na Favela da Mar\u00e9\"}]},{\"@type\":\"WebSite\",\"@id\":\"https:\/\/rioonwatch.org.br\/#website\",\"url\":\"https:\/\/rioonwatch.org.br\/\",\"name\":\"RioOnWatch\",\"description\":\"relatos das favelas cariocas\",\"publisher\":{\"@id\":\"https:\/\/rioonwatch.org.br\/#organization\"},\"potentialAction\":[{\"@type\":\"SearchAction\",\"target\":{\"@type\":\"EntryPoint\",\"urlTemplate\":\"https:\/\/rioonwatch.org.br\/?s={search_term_string}\"},\"query-input\":{\"@type\":\"PropertyValueSpecification\",\"valueRequired\":true,\"valueName\":\"search_term_string\"}}],\"inLanguage\":\"pt-BR\"},{\"@type\":\"Organization\",\"@id\":\"https:\/\/rioonwatch.org.br\/#organization\",\"name\":\"RioOnWatch\",\"url\":\"https:\/\/rioonwatch.org.br\/\",\"logo\":{\"@type\":\"ImageObject\",\"inLanguage\":\"pt-BR\",\"@id\":\"https:\/\/rioonwatch.org.br\/#\/schema\/logo\/image\/\",\"url\":\"https:\/\/rioonwatch.org.br\/wp-content\/uploads\/2021\/06\/RioOnWatchcabecalhoPT11anos-2.png\",\"contentUrl\":\"https:\/\/rioonwatch.org.br\/wp-content\/uploads\/2021\/06\/RioOnWatchcabecalhoPT11anos-2.png\",\"width\":779,\"height\":277,\"caption\":\"RioOnWatch\"},\"image\":{\"@id\":\"https:\/\/rioonwatch.org.br\/#\/schema\/logo\/image\/\"}},{\"@type\":\"Person\",\"@id\":\"https:\/\/rioonwatch.org.br\/#\/schema\/person\/11d64c290506f9df50c71b850c473f68\",\"name\":\"Admin\",\"image\":{\"@type\":\"ImageObject\",\"inLanguage\":\"pt-BR\",\"@id\":\"https:\/\/rioonwatch.org.br\/#\/schema\/person\/image\/\",\"url\":\"https:\/\/secure.gravatar.com\/avatar\/56211ac74568383903349a1485e3c325?s=96&d=blank&r=g\",\"contentUrl\":\"https:\/\/secure.gravatar.com\/avatar\/56211ac74568383903349a1485e3c325?s=96&d=blank&r=g\",\"caption\":\"Admin\"},\"url\":\"https:\/\/rioonwatch.org.br\/?author=129\"}]}<\/script>\n<!-- \/ Yoast SEO plugin. -->","yoast_head_json":{"title":"Slam Mar\u00e9 Cheia Realiza Batalha de Poesia Itinerante na Favela da Mar\u00e9 - RioOnWatch","robots":{"index":"index","follow":"follow","max-snippet":"max-snippet:-1","max-image-preview":"max-image-preview:large","max-video-preview":"max-video-preview:-1"},"canonical":"https:\/\/rioonwatch.org.br\/?p=41568","og_locale":"pt_BR","og_type":"article","og_title":"Slam Mar\u00e9 Cheia Realiza Batalha de Poesia Itinerante na Favela da Mar\u00e9 - RioOnWatch","og_description":"Click Here for English A batalha de poesia do Complexo da Mar\u00e9, Slam Mar\u00e9 Cheia, realizou no \u00faltimo domingo, 30 de junho, sua terceira edi\u00e7\u00e3o na Pra\u00e7a do Skate do Parque Uni\u00e3o. O primeiro a [...]","og_url":"https:\/\/rioonwatch.org.br\/?p=41568","og_site_name":"RioOnWatch","article_published_time":"2019-07-04T18:17:50+00:00","article_modified_time":"2019-07-12T15:18:21+00:00","og_image":[{"width":900,"height":600,"url":"https:\/\/rioonwatch.org.br\/wp-content\/uploads\/2019\/07\/8-Pra\u00e7a-do-Skate.jpeg","type":"image\/jpeg"}],"author":"Admin","twitter_card":"summary_large_image","twitter_misc":{"Escrito por":"Admin","Est. tempo de leitura":"8 minutos"},"schema":{"@context":"https:\/\/schema.org","@graph":[{"@type":"Article","@id":"https:\/\/rioonwatch.org.br\/?p=41568#article","isPartOf":{"@id":"https:\/\/rioonwatch.org.br\/?p=41568"},"author":{"name":"Admin","@id":"https:\/\/rioonwatch.org.br\/#\/schema\/person\/11d64c290506f9df50c71b850c473f68"},"headline":"Slam Mar\u00e9 Cheia Realiza Batalha de Poesia Itinerante na Favela da Mar\u00e9","datePublished":"2019-07-04T18:17:50+00:00","dateModified":"2019-07-12T15:18:21+00:00","mainEntityOfPage":{"@id":"https:\/\/rioonwatch.org.br\/?p=41568"},"wordCount":1622,"publisher":{"@id":"https:\/\/rioonwatch.org.br\/#organization"},"image":{"@id":"https:\/\/rioonwatch.org.br\/?p=41568#primaryimage"},"thumbnailUrl":"https:\/\/rioonwatch.org.br\/wp-content\/uploads\/2019\/07\/8-Pra\u00e7a-do-Skate.jpeg","keywords":["arte","Cerro Cor\u00e1","Cidade de Deus","Complexo da Mar\u00e9","cultura","cultura da favela","Duque de Caxias","evento","FLUP","juventude","literatura","Morro da Provid\u00eancia","Niter\u00f3i","Nova Holanda","Parque Uni\u00e3o","poesia","Rubens Vaz","S\u00e3o Gon\u00e7alo","UFRJ","Vila Aut\u00f3dromo","Vila do Jo\u00e3o","Vila do Pinheiro"],"articleSection":["*Destaque","Cobertura de Eventos","Cultura da Favela","Escrito por Comunicadores Populares","Solu\u00e7\u00f5es"],"inLanguage":"pt-BR"},{"@type":"WebPage","@id":"https:\/\/rioonwatch.org.br\/?p=41568","url":"https:\/\/rioonwatch.org.br\/?p=41568","name":"Slam Mar\u00e9 Cheia Realiza Batalha de Poesia Itinerante na Favela da Mar\u00e9 - RioOnWatch","isPartOf":{"@id":"https:\/\/rioonwatch.org.br\/#website"},"primaryImageOfPage":{"@id":"https:\/\/rioonwatch.org.br\/?p=41568#primaryimage"},"image":{"@id":"https:\/\/rioonwatch.org.br\/?p=41568#primaryimage"},"thumbnailUrl":"https:\/\/rioonwatch.org.br\/wp-content\/uploads\/2019\/07\/8-Pra\u00e7a-do-Skate.jpeg","datePublished":"2019-07-04T18:17:50+00:00","dateModified":"2019-07-12T15:18:21+00:00","breadcrumb":{"@id":"https:\/\/rioonwatch.org.br\/?p=41568#breadcrumb"},"inLanguage":"pt-BR","potentialAction":[{"@type":"ReadAction","target":["https:\/\/rioonwatch.org.br\/?p=41568"]}]},{"@type":"ImageObject","inLanguage":"pt-BR","@id":"https:\/\/rioonwatch.org.br\/?p=41568#primaryimage","url":"https:\/\/rioonwatch.org.br\/wp-content\/uploads\/2019\/07\/8-Pra\u00e7a-do-Skate.jpeg","contentUrl":"https:\/\/rioonwatch.org.br\/wp-content\/uploads\/2019\/07\/8-Pra\u00e7a-do-Skate.jpeg","width":900,"height":600},{"@type":"BreadcrumbList","@id":"https:\/\/rioonwatch.org.br\/?p=41568#breadcrumb","itemListElement":[{"@type":"ListItem","position":1,"name":"In\u00edcio","item":"https:\/\/rioonwatch.org.br\/"},{"@type":"ListItem","position":2,"name":"Slam Mar\u00e9 Cheia Realiza Batalha de Poesia Itinerante na Favela da Mar\u00e9"}]},{"@type":"WebSite","@id":"https:\/\/rioonwatch.org.br\/#website","url":"https:\/\/rioonwatch.org.br\/","name":"RioOnWatch","description":"relatos das favelas cariocas","publisher":{"@id":"https:\/\/rioonwatch.org.br\/#organization"},"potentialAction":[{"@type":"SearchAction","target":{"@type":"EntryPoint","urlTemplate":"https:\/\/rioonwatch.org.br\/?s={search_term_string}"},"query-input":{"@type":"PropertyValueSpecification","valueRequired":true,"valueName":"search_term_string"}}],"inLanguage":"pt-BR"},{"@type":"Organization","@id":"https:\/\/rioonwatch.org.br\/#organization","name":"RioOnWatch","url":"https:\/\/rioonwatch.org.br\/","logo":{"@type":"ImageObject","inLanguage":"pt-BR","@id":"https:\/\/rioonwatch.org.br\/#\/schema\/logo\/image\/","url":"https:\/\/rioonwatch.org.br\/wp-content\/uploads\/2021\/06\/RioOnWatchcabecalhoPT11anos-2.png","contentUrl":"https:\/\/rioonwatch.org.br\/wp-content\/uploads\/2021\/06\/RioOnWatchcabecalhoPT11anos-2.png","width":779,"height":277,"caption":"RioOnWatch"},"image":{"@id":"https:\/\/rioonwatch.org.br\/#\/schema\/logo\/image\/"}},{"@type":"Person","@id":"https:\/\/rioonwatch.org.br\/#\/schema\/person\/11d64c290506f9df50c71b850c473f68","name":"Admin","image":{"@type":"ImageObject","inLanguage":"pt-BR","@id":"https:\/\/rioonwatch.org.br\/#\/schema\/person\/image\/","url":"https:\/\/secure.gravatar.com\/avatar\/56211ac74568383903349a1485e3c325?s=96&d=blank&r=g","contentUrl":"https:\/\/secure.gravatar.com\/avatar\/56211ac74568383903349a1485e3c325?s=96&d=blank&r=g","caption":"Admin"},"url":"https:\/\/rioonwatch.org.br\/?author=129"}]}},"_links":{"self":[{"href":"https:\/\/rioonwatch.org.br\/index.php?rest_route=\/wp\/v2\/posts\/41568"}],"collection":[{"href":"https:\/\/rioonwatch.org.br\/index.php?rest_route=\/wp\/v2\/posts"}],"about":[{"href":"https:\/\/rioonwatch.org.br\/index.php?rest_route=\/wp\/v2\/types\/post"}],"author":[{"embeddable":true,"href":"https:\/\/rioonwatch.org.br\/index.php?rest_route=\/wp\/v2\/users\/129"}],"replies":[{"embeddable":true,"href":"https:\/\/rioonwatch.org.br\/index.php?rest_route=%2Fwp%2Fv2%2Fcomments&post=41568"}],"version-history":[{"count":35,"href":"https:\/\/rioonwatch.org.br\/index.php?rest_route=\/wp\/v2\/posts\/41568\/revisions"}],"predecessor-version":[{"id":41814,"href":"https:\/\/rioonwatch.org.br\/index.php?rest_route=\/wp\/v2\/posts\/41568\/revisions\/41814"}],"wp:featuredmedia":[{"embeddable":true,"href":"https:\/\/rioonwatch.org.br\/index.php?rest_route=\/wp\/v2\/media\/41622"}],"wp:attachment":[{"href":"https:\/\/rioonwatch.org.br\/index.php?rest_route=%2Fwp%2Fv2%2Fmedia&parent=41568"}],"wp:term":[{"taxonomy":"category","embeddable":true,"href":"https:\/\/rioonwatch.org.br\/index.php?rest_route=%2Fwp%2Fv2%2Fcategories&post=41568"},{"taxonomy":"post_tag","embeddable":true,"href":"https:\/\/rioonwatch.org.br\/index.php?rest_route=%2Fwp%2Fv2%2Ftags&post=41568"},{"taxonomy":"writer","embeddable":true,"href":"https:\/\/rioonwatch.org.br\/index.php?rest_route=%2Fwp%2Fv2%2Fwriter&post=41568"},{"taxonomy":"translator","embeddable":true,"href":"https:\/\/rioonwatch.org.br\/index.php?rest_route=%2Fwp%2Fv2%2Ftranslator&post=41568"},{"taxonomy":"source","embeddable":true,"href":"https:\/\/rioonwatch.org.br\/index.php?rest_route=%2Fwp%2Fv2%2Fsource&post=41568"},{"taxonomy":"ilustrador","embeddable":true,"href":"https:\/\/rioonwatch.org.br\/index.php?rest_route=%2Fwp%2Fv2%2Filustrador&post=41568"},{"taxonomy":"fotografo","embeddable":true,"href":"https:\/\/rioonwatch.org.br\/index.php?rest_route=%2Fwp%2Fv2%2Ffotografo&post=41568"}],"curies":[{"name":"wp","href":"https:\/\/api.w.org\/{rel}","templated":true}]}}