{"id":41570,"date":"2015-05-29T09:39:27","date_gmt":"2015-05-29T12:39:27","guid":{"rendered":"https:\/\/rioonwatch.org.br\/?p=41570"},"modified":"2019-07-11T09:58:23","modified_gmt":"2019-07-11T12:58:23","slug":"trabalhadores-e-comerciantes-da-favela-do-metro-sao-removidos-sem-aviso-previo-ao-lado-do-estadio-olimpico","status":"publish","type":"post","link":"https:\/\/rioonwatch.org.br\/?p=41570","title":{"rendered":"Trabalhadores e Comerciantes da Favela do Metr\u00f4 S\u00e3o Removidos Sem Aviso Pr\u00e9vio ao Lado do Est\u00e1dio Ol\u00edmpico"},"content":{"rendered":"<p style=\"text-align: right;\"><em><strong><a href=\"http:\/\/bit.ly\/2ZNRBTG\" target=\"_blank\" rel=\"noopener noreferrer\">Click Here for English<\/a><a href=\"http:\/\/bit.ly\/2ZNRBTG\" target=\"_blank\" rel=\"noopener noreferrer\"><img decoding=\"async\" width=\"20\" height=\"20\" class=\"alignright wp-image-15790\" src=\"http:\/\/rioonwatch.org.br\/wp-content\/uploads\/2012\/08\/EN-standard-e1439583104716.jpg\" \/><\/a><\/strong><\/em><\/p>\n<p>Diversos levas de moradores da <a href=\"http:\/\/bit.ly\/2XmNCAS\" target=\"_blank\" rel=\"noopener noreferrer\">Favela Metr\u00f4-Mangueira<\/a>, na Zona Norte do Rio, est\u00e3o lutando contra \u00e0s remo\u00e7\u00f5es <a href=\"http:\/\/bit.ly\/1HAYAia\">desde novembro de 2010<\/a>. O epis\u00f3dio de remo\u00e7\u00e3o mais recente come\u00e7ou na quarta-feira, 27 de maio, quando a prefeitura come\u00e7ou a demolir lojas e propriedades na favela sem aviso pr\u00e9vio.<\/p>\n<p>Esse epis\u00f3dio \u00e9 o mais recente de uma <a href=\"http:\/\/bit.ly\/1iujcCk\">s\u00e9rie<\/a>\u00a0de\u00a0<a href=\"http:\/\/bit.ly\/2XmNCAS\" target=\"_blank\" rel=\"noopener noreferrer\">diversas remo\u00e7\u00f5es<\/a> na comunidade, que j\u00e1 foi <a href=\"http:\/\/bit.ly\/1iWPjJJ\" target=\"_blank\" rel=\"noopener noreferrer\">pega de surpresa com as demoli\u00e7\u00f5es de propriedades anteriormente<\/a>. A Favela do Metr\u00f4 fica localizada pr\u00f3ximo ao est\u00e1dio do Maracan\u00e3, onde ocorreu a final da <a href=\"http:\/\/bit.ly\/1ox7RzB\" target=\"_blank\" rel=\"noopener noreferrer\">Copa do Mundo<\/a>\u00a0de 2014 e onde ser\u00e1 realizada a cerim\u00f4nia de abertura das Olimp\u00edadas de 2016.<\/p>\n<p><a href=\"https:\/\/rioonwatch.org.br\/wp-content\/uploads\/2019\/07\/favela-do-metr\u00f4.jpg\"><img fetchpriority=\"high\" decoding=\"async\" class=\"aligncenter wp-image-41572 size-content\" title=\"Im\u00f3veis destru\u00eddos na Favela do Metr\u00f4. Foto: Caio Cezar de Oliveira.\" src=\"https:\/\/rioonwatch.org.br\/wp-content\/uploads\/2019\/07\/favela-do-metr\u00f4-620x264.jpg\" alt=\"\" width=\"620\" height=\"264\" srcset=\"https:\/\/rioonwatch.org.br\/wp-content\/uploads\/2019\/07\/favela-do-metr\u00f4-620x264.jpg 620w, https:\/\/rioonwatch.org.br\/wp-content\/uploads\/2019\/07\/favela-do-metr\u00f4-940x400.jpg 940w\" sizes=\"(max-width: 620px) 100vw, 620px\" \/><\/a><\/p>\n<p>Na quinta-feira, 28 de maio, aconteceu um protesto de moradores, com apoio de estudantes da UERJ, contra as a\u00e7\u00f5es da prefeitura. Na sequ\u00eancia, ocorreram atos de viol\u00eancia, obrigando os moradores e estudantes a se esconderem enquanto a pol\u00edcia usava g\u00e1s lacrimog\u00eaneo para dispersar a multid\u00e3o. Os estudantes <a href=\"http:\/\/on.fb.me\/1Ktfjqv\">documentaram a viol\u00eancia por meio de v\u00eddeos<\/a>\u00a0e publicaram no Facebook.<\/p>\n<p><a href=\"http:\/\/glo.bo\/1EBr6OB\">De acordo com o portal de not\u00edcias\u00a0<\/a><em><a href=\"http:\/\/glo.bo\/1EBr6OB\">G1<\/a><\/em>, tr\u00eas propriedades foram demolidas at\u00e9 agora, com a prefeitura declarando que elas estavam <a href=\"http:\/\/bit.ly\/1HWz3m6\">abandonadas e desabitadas<\/a>. No entanto, os comerciantes e moradores da \u00e1rea afirmam que aproximadamente 100 empregos foram perdidos e algumas fam\u00edlias foram removidas de suas casas por conta das demoli\u00e7\u00f5es.<\/p>\n<p><a href=\"https:\/\/rioonwatch.org.br\/wp-content\/uploads\/2019\/07\/Favela-do-Metro-protesto.jpg\"><img decoding=\"async\" class=\"aligncenter wp-image-41573 size-content\" title=\"UERJ ap\u00f3s o protesto. Foto: P\u00e1gina do Facebook da UERJ da Depress\u00e3o.\" src=\"https:\/\/rioonwatch.org.br\/wp-content\/uploads\/2019\/07\/Favela-do-Metro-protesto-620x264.jpg\" alt=\"\" width=\"620\" height=\"264\" srcset=\"https:\/\/rioonwatch.org.br\/wp-content\/uploads\/2019\/07\/Favela-do-Metro-protesto-620x264.jpg 620w, https:\/\/rioonwatch.org.br\/wp-content\/uploads\/2019\/07\/Favela-do-Metro-protesto-940x400.jpg 940w\" sizes=\"(max-width: 620px) 100vw, 620px\" \/><\/a><\/p>\n<p>O comerciante Gustavo Duarte, 41 anos, afirma que a comunidade est\u00e1 em choque no dia de hoje, sexta-feira, 29 de maio. Ele afirma que, apesar das promessas de novos espa\u00e7os para os comerciantes da \u00e1rea, todos receberam um aviso de retirada da permiss\u00e3o para operar no local. O aviso \u201cn\u00e3o falava o motivo, mas n\u00f3s recebemos dez dias para contestar\u201d.<\/p>\n<p>\u201cAs pessoas tentaram lutar contra a ordem [de retirada da permiss\u00e3o], mas a resposta que recebemos deles foi essa demoli\u00e7\u00e3o\u201d, explica.<\/p>\n<p>Embora 80% das lojas ainda estejam em funcionamento, ele afirma que \u201ca situa\u00e7\u00e3o \u00e9 tensa, a viol\u00eancia pode acontecer novamente, n\u00f3s estamos preocupados\u201d. O tr\u00e2nsito na \u00e1rea \u00e9 ca\u00f3tico e a rua est\u00e1 sendo fortemente patrulhada pela pol\u00edcia. Se todas as lojas forem retiradas, isso resultaria na perda de 500 empregos.<\/p>\n<p>Gustavo acrescenta: \u201cEu gostaria de enfatizar que, em setembro de 2013, aconteceu uma reuni\u00e3o com o Prefeito Eduardo Paes na igreja evang\u00e9lica da comunidade e ali ele afirmou que qualquer pessoa que morasse aqui teria uma casa, o que n\u00e3o aconteceu em todos os casos, e quem trabalhasse aqui continuaria a ganhar seu sustento na <a href=\"http:\/\/bit.ly\/1ox7RzB\" target=\"_blank\" rel=\"noopener noreferrer\">nova \u00e1rea comercial<\/a>, o que n\u00e3o aconteceu. A resposta que n\u00f3s recebemos das autoridades foi a demoli\u00e7\u00e3o e \u00e9 uma total falta de respeito com os trabalhadores e moradores desta comunidade\u201d.<\/p>\n<p>A Comiss\u00e3o de Direitos Humanos da Assembleia Legislativa do Rio de Janeiro (Alerj) foi at\u00e9 a \u00e1rea e est\u00e1 tentando ajudar os comerciantes e moradores.<\/p>\n<p><a href=\"https:\/\/rioonwatch.org.br\/wp-content\/uploads\/2019\/07\/Policia-na-UERJ.jpg\"><img loading=\"lazy\" decoding=\"async\" class=\"aligncenter wp-image-41574 size-content\" title=\"A \u00e1rea conta com presen\u00e7a pesada da pol\u00edcia militar. Foto: P\u00e1gina do Facebook da UERJ da Depress\u00e3o.\" src=\"https:\/\/rioonwatch.org.br\/wp-content\/uploads\/2019\/07\/Policia-na-UERJ-620x264.jpg\" alt=\"\" width=\"620\" height=\"264\" \/><\/a><\/p>\n<p>Dentre as 700 fam\u00edlias originais que ocupavam a Favela do Metr\u00f4 e foram desalojadas h\u00e1 dois anos da comunidade, <a href=\"http:\/\/bit.ly\/1iujcCk\">Eomar Freitas<\/a> ainda continua operando seu bar na \u00e1rea comercial. Agora ele tem medo de perder sua fonte de renda e afirma que a prefeitura mentiu \u00e0 imprensa ao dizer que os pr\u00e9dios demolidos estavam desocupados.<\/p>\n<p>\u201cEm 8 de maio, a prefeitura veio e perguntou quem tinha licen\u00e7a para operar aqui\u201d, afirma ele. \u201cNos deram uma intima\u00e7\u00e3o para legalizar nosso neg\u00f3cio e pediram para que n\u00f3s f\u00f4ssemos at\u00e9 \u00e0 prefeitura para regularizar nossa situa\u00e7\u00e3o. Ent\u00e3o, nesta semana, eles come\u00e7aram a demolir tudo. Eles falam para a imprensa que est\u00e3o demolindo propriedades vazias, e isso \u00e9 mentira. E n\u00f3s precisamos dar um jeito de pagar nossas contas. Meu bar funciona aqui h\u00e1 cinco anos. O Prefeito nos enganou, disse que haveria um local para n\u00f3s trabalharmos, mas \u00e9 uma mentira\u201d.<\/p>\n<p>Marcia, a irm\u00e3 de um trabalhador que foi retirado de seu neg\u00f3cio para que ele fosse demolido, descreveu como a remo\u00e7\u00e3o aconteceu.<\/p>\n<p>\u201cEm poucos minutos, eles pediram para que ele sa\u00edsse. Disseram: \u2018Voc\u00ea tem alguns minutos para tirar suas coisas&#8217;, e por sorte n\u00f3s somos unidos e nos juntamos para tirar toda a mercadoria. Meu irm\u00e3o perdeu seu sustento, ele perdeu o emprego, ele \u00e9 pai e agora n\u00e3o tem dinheiro para pagar a pens\u00e3o. Eles est\u00e3o fazendo tudo ao contr\u00e1rio do que foi prometido\u201d.<\/p>\n<p>Ela tamb\u00e9m disse que \u201cprecisaram tirar o dono de um lix\u00e3o \u00e0 for\u00e7a\u201d para demolir outra propriedade que a prefeitura declarou que estava abandonada.<\/p>\n<p>As promessas feitas \u00e0s pessoas que trabalham nas lojas da \u00e1rea eram grandes. A prefeitura se comprometeu a construir um novo corredor comercial\u00a0 em uma \u00e1rea que, <a href=\"http:\/\/glo.bo\/198lpI6\">de acordo com o secret\u00e1rio municipal de habita\u00e7\u00e3o, Pierre Batista<\/a>, \u201cimpactaria fortemente as pessoas, pois o com\u00e9rcio atualmente \u00e9 feito de maneira prec\u00e1ria. Agora, eles ser\u00e3o regularizados\u201d.<\/p>\n<p>O propriet\u00e1rio do bar, no entanto, est\u00e1 preocupado, pois n\u00e3o conseguir\u00e1 alimentar seu filho de um ano se a prefeitura continuar removendo de forma for\u00e7ada as pessoas da comunidade.<\/p>\n<p>\u201cSe ao menos o prefeito pagasse nossas contas, pois isto aqui \u00e9 o meu sustento\u201d, afirmou ele.<\/p>\n<!-- AddThis Advanced Settings generic via filter on the_content --><!-- AddThis Share Buttons generic via filter on the_content -->","protected":false},"excerpt":{"rendered":"<div class=\"mh-excerpt\"><p>Click Here for English Diversos levas de moradores da Favela Metr\u00f4-Mangueira, na Zona Norte do Rio, est\u00e3o lutando contra \u00e0s remo\u00e7\u00f5es desde novembro de 2010. O epis\u00f3dio de remo\u00e7\u00e3o mais recente come\u00e7ou na quarta-feira, 27 <a class=\"mh-excerpt-more\" href=\"https:\/\/rioonwatch.org.br\/?p=41570\" title=\"Trabalhadores e Comerciantes da Favela do Metr\u00f4 S\u00e3o Removidos Sem Aviso Pr\u00e9vio ao Lado do Est\u00e1dio Ol\u00edmpico\">[&#8230;]<\/a><!-- AddThis Advanced Settings generic via filter on get_the_excerpt --><!-- AddThis Share Buttons generic via filter on get_the_excerpt --><\/p>\n<\/div>","protected":false},"author":152,"featured_media":41571,"comment_status":"closed","ping_status":"closed","sticky":false,"template":"","format":"standard","meta":{"_acf_changed":false,"_monsterinsights_skip_tracking":false,"_monsterinsights_sitenote_active":false,"_monsterinsights_sitenote_note":"","_monsterinsights_sitenote_category":0,"footnotes":""},"categories":[1614,1626,1612],"tags":[1515,484,437,1024,393,774,14,52,218],"writer":[1657],"translator":[1948],"source":[],"ilustrador":[],"fotografo":[],"class_list":{"0":"post-41570","1":"post","2":"type-post","3":"status-publish","4":"format-standard","5":"has-post-thumbnail","7":"category-olhonasremocoes","8":"category-por-observadores-internacionais","9":"category-sociedade-civil","10":"tag-comissao-de-direitos-humanos-alerj","11":"tag-prefeito-eduardo-paes","12":"tag-favela-do-metro","13":"tag-intimidacao-policial","14":"tag-metro-mangueira","15":"tag-policia-militar","16":"tag-remocao","17":"tag-violencia-policial","18":"tag-zona-norte","19":"writer-nicole-froio","20":"translator-larissa-troitino"},"acf":[],"yoast_head":"<!-- This site is optimized with the Yoast SEO plugin v25.6 - https:\/\/yoast.com\/wordpress\/plugins\/seo\/ -->\n<title>Trabalhadores e Comerciantes da Favela do Metr\u00f4 S\u00e3o Removidos Sem Aviso Pr\u00e9vio ao Lado do Est\u00e1dio Ol\u00edmpico - RioOnWatch<\/title>\n<meta name=\"robots\" content=\"index, follow, max-snippet:-1, max-image-preview:large, max-video-preview:-1\" \/>\n<link rel=\"canonical\" href=\"https:\/\/rioonwatch.org.br\/?p=41570\" \/>\n<meta property=\"og:locale\" content=\"pt_BR\" \/>\n<meta property=\"og:type\" content=\"article\" \/>\n<meta property=\"og:title\" content=\"Trabalhadores e Comerciantes da Favela do Metr\u00f4 S\u00e3o Removidos Sem Aviso Pr\u00e9vio ao Lado do Est\u00e1dio Ol\u00edmpico - RioOnWatch\" \/>\n<meta property=\"og:description\" content=\"Click Here for English Diversos levas de moradores da Favela Metr\u00f4-Mangueira, na Zona Norte do Rio, est\u00e3o lutando contra \u00e0s remo\u00e7\u00f5es desde novembro de 2010. O epis\u00f3dio de remo\u00e7\u00e3o mais recente come\u00e7ou na quarta-feira, 27 [...]\" \/>\n<meta property=\"og:url\" content=\"https:\/\/rioonwatch.org.br\/?p=41570\" \/>\n<meta property=\"og:site_name\" content=\"RioOnWatch\" \/>\n<meta property=\"article:published_time\" content=\"2015-05-29T12:39:27+00:00\" \/>\n<meta property=\"article:modified_time\" content=\"2019-07-11T12:58:23+00:00\" \/>\n<meta property=\"og:image\" content=\"https:\/\/rioonwatch.org.br\/wp-content\/uploads\/2019\/07\/Favela-do-metro-remo\u00e7\u00e3o.jpg\" \/>\n\t<meta property=\"og:image:width\" content=\"1000\" \/>\n\t<meta property=\"og:image:height\" content=\"682\" \/>\n\t<meta property=\"og:image:type\" content=\"image\/jpeg\" \/>\n<meta name=\"author\" content=\"Luisa Fenizola\" \/>\n<meta name=\"twitter:card\" content=\"summary_large_image\" \/>\n<meta name=\"twitter:label1\" content=\"Escrito por\" \/>\n\t<meta name=\"twitter:data1\" content=\"Luisa Fenizola\" \/>\n\t<meta name=\"twitter:label2\" content=\"Est. tempo de leitura\" \/>\n\t<meta name=\"twitter:data2\" content=\"4 minutos\" \/>\n<script type=\"application\/ld+json\" class=\"yoast-schema-graph\">{\"@context\":\"https:\/\/schema.org\",\"@graph\":[{\"@type\":\"Article\",\"@id\":\"https:\/\/rioonwatch.org.br\/?p=41570#article\",\"isPartOf\":{\"@id\":\"https:\/\/rioonwatch.org.br\/?p=41570\"},\"author\":{\"name\":\"Luisa Fenizola\",\"@id\":\"https:\/\/rioonwatch.org.br\/#\/schema\/person\/f443c6b55bb6e80842280318076491c5\"},\"headline\":\"Trabalhadores e Comerciantes da Favela do Metr\u00f4 S\u00e3o Removidos Sem Aviso Pr\u00e9vio ao Lado do Est\u00e1dio Ol\u00edmpico\",\"datePublished\":\"2015-05-29T12:39:27+00:00\",\"dateModified\":\"2019-07-11T12:58:23+00:00\",\"mainEntityOfPage\":{\"@id\":\"https:\/\/rioonwatch.org.br\/?p=41570\"},\"wordCount\":896,\"publisher\":{\"@id\":\"https:\/\/rioonwatch.org.br\/#organization\"},\"image\":{\"@id\":\"https:\/\/rioonwatch.org.br\/?p=41570#primaryimage\"},\"thumbnailUrl\":\"https:\/\/rioonwatch.org.br\/wp-content\/uploads\/2019\/07\/Favela-do-metro-remo\u00e7\u00e3o.jpg\",\"keywords\":[\"Comiss\u00e3o de Direitos Humanos - Alerj\",\"Eduardo Paes\",\"Favela do Metr\u00f4\",\"intimida\u00e7\u00e3o policial\",\"Metr\u00f4-Mangueira\",\"Pol\u00edcia Militar\",\"Remo\u00e7\u00e3o\",\"viol\u00eancia policial\",\"Zona Norte\"],\"articleSection\":[\"#OlhoNasRemo\u00e7\u00f5es\",\"Escrito por Aliados\",\"Sociedade Civil\"],\"inLanguage\":\"pt-BR\"},{\"@type\":\"WebPage\",\"@id\":\"https:\/\/rioonwatch.org.br\/?p=41570\",\"url\":\"https:\/\/rioonwatch.org.br\/?p=41570\",\"name\":\"Trabalhadores e Comerciantes da Favela do Metr\u00f4 S\u00e3o Removidos Sem Aviso Pr\u00e9vio ao Lado do Est\u00e1dio Ol\u00edmpico - RioOnWatch\",\"isPartOf\":{\"@id\":\"https:\/\/rioonwatch.org.br\/#website\"},\"primaryImageOfPage\":{\"@id\":\"https:\/\/rioonwatch.org.br\/?p=41570#primaryimage\"},\"image\":{\"@id\":\"https:\/\/rioonwatch.org.br\/?p=41570#primaryimage\"},\"thumbnailUrl\":\"https:\/\/rioonwatch.org.br\/wp-content\/uploads\/2019\/07\/Favela-do-metro-remo\u00e7\u00e3o.jpg\",\"datePublished\":\"2015-05-29T12:39:27+00:00\",\"dateModified\":\"2019-07-11T12:58:23+00:00\",\"breadcrumb\":{\"@id\":\"https:\/\/rioonwatch.org.br\/?p=41570#breadcrumb\"},\"inLanguage\":\"pt-BR\",\"potentialAction\":[{\"@type\":\"ReadAction\",\"target\":[\"https:\/\/rioonwatch.org.br\/?p=41570\"]}]},{\"@type\":\"ImageObject\",\"inLanguage\":\"pt-BR\",\"@id\":\"https:\/\/rioonwatch.org.br\/?p=41570#primaryimage\",\"url\":\"https:\/\/rioonwatch.org.br\/wp-content\/uploads\/2019\/07\/Favela-do-metro-remo\u00e7\u00e3o.jpg\",\"contentUrl\":\"https:\/\/rioonwatch.org.br\/wp-content\/uploads\/2019\/07\/Favela-do-metro-remo\u00e7\u00e3o.jpg\",\"width\":1000,\"height\":682},{\"@type\":\"BreadcrumbList\",\"@id\":\"https:\/\/rioonwatch.org.br\/?p=41570#breadcrumb\",\"itemListElement\":[{\"@type\":\"ListItem\",\"position\":1,\"name\":\"In\u00edcio\",\"item\":\"https:\/\/rioonwatch.org.br\/\"},{\"@type\":\"ListItem\",\"position\":2,\"name\":\"Trabalhadores e Comerciantes da Favela do Metr\u00f4 S\u00e3o Removidos Sem Aviso Pr\u00e9vio ao Lado do Est\u00e1dio Ol\u00edmpico\"}]},{\"@type\":\"WebSite\",\"@id\":\"https:\/\/rioonwatch.org.br\/#website\",\"url\":\"https:\/\/rioonwatch.org.br\/\",\"name\":\"RioOnWatch\",\"description\":\"relatos das favelas cariocas\",\"publisher\":{\"@id\":\"https:\/\/rioonwatch.org.br\/#organization\"},\"potentialAction\":[{\"@type\":\"SearchAction\",\"target\":{\"@type\":\"EntryPoint\",\"urlTemplate\":\"https:\/\/rioonwatch.org.br\/?s={search_term_string}\"},\"query-input\":{\"@type\":\"PropertyValueSpecification\",\"valueRequired\":true,\"valueName\":\"search_term_string\"}}],\"inLanguage\":\"pt-BR\"},{\"@type\":\"Organization\",\"@id\":\"https:\/\/rioonwatch.org.br\/#organization\",\"name\":\"RioOnWatch\",\"url\":\"https:\/\/rioonwatch.org.br\/\",\"logo\":{\"@type\":\"ImageObject\",\"inLanguage\":\"pt-BR\",\"@id\":\"https:\/\/rioonwatch.org.br\/#\/schema\/logo\/image\/\",\"url\":\"https:\/\/rioonwatch.org.br\/wp-content\/uploads\/2021\/06\/RioOnWatchcabecalhoPT11anos-2.png\",\"contentUrl\":\"https:\/\/rioonwatch.org.br\/wp-content\/uploads\/2021\/06\/RioOnWatchcabecalhoPT11anos-2.png\",\"width\":779,\"height\":277,\"caption\":\"RioOnWatch\"},\"image\":{\"@id\":\"https:\/\/rioonwatch.org.br\/#\/schema\/logo\/image\/\"}},{\"@type\":\"Person\",\"@id\":\"https:\/\/rioonwatch.org.br\/#\/schema\/person\/f443c6b55bb6e80842280318076491c5\",\"name\":\"Luisa Fenizola\",\"image\":{\"@type\":\"ImageObject\",\"inLanguage\":\"pt-BR\",\"@id\":\"https:\/\/rioonwatch.org.br\/#\/schema\/person\/image\/\",\"url\":\"https:\/\/secure.gravatar.com\/avatar\/a3d551110162b9f876cbbdaaecf75663?s=96&d=blank&r=g\",\"contentUrl\":\"https:\/\/secure.gravatar.com\/avatar\/a3d551110162b9f876cbbdaaecf75663?s=96&d=blank&r=g\",\"caption\":\"Luisa Fenizola\"},\"url\":\"https:\/\/rioonwatch.org.br\/?author=152\"}]}<\/script>\n<!-- \/ Yoast SEO plugin. -->","yoast_head_json":{"title":"Trabalhadores e Comerciantes da Favela do Metr\u00f4 S\u00e3o Removidos Sem Aviso Pr\u00e9vio ao Lado do Est\u00e1dio Ol\u00edmpico - RioOnWatch","robots":{"index":"index","follow":"follow","max-snippet":"max-snippet:-1","max-image-preview":"max-image-preview:large","max-video-preview":"max-video-preview:-1"},"canonical":"https:\/\/rioonwatch.org.br\/?p=41570","og_locale":"pt_BR","og_type":"article","og_title":"Trabalhadores e Comerciantes da Favela do Metr\u00f4 S\u00e3o Removidos Sem Aviso Pr\u00e9vio ao Lado do Est\u00e1dio Ol\u00edmpico - RioOnWatch","og_description":"Click Here for English Diversos levas de moradores da Favela Metr\u00f4-Mangueira, na Zona Norte do Rio, est\u00e3o lutando contra \u00e0s remo\u00e7\u00f5es desde novembro de 2010. O epis\u00f3dio de remo\u00e7\u00e3o mais recente come\u00e7ou na quarta-feira, 27 [...]","og_url":"https:\/\/rioonwatch.org.br\/?p=41570","og_site_name":"RioOnWatch","article_published_time":"2015-05-29T12:39:27+00:00","article_modified_time":"2019-07-11T12:58:23+00:00","og_image":[{"width":1000,"height":682,"url":"https:\/\/rioonwatch.org.br\/wp-content\/uploads\/2019\/07\/Favela-do-metro-remo\u00e7\u00e3o.jpg","type":"image\/jpeg"}],"author":"Luisa Fenizola","twitter_card":"summary_large_image","twitter_misc":{"Escrito por":"Luisa Fenizola","Est. tempo de leitura":"4 minutos"},"schema":{"@context":"https:\/\/schema.org","@graph":[{"@type":"Article","@id":"https:\/\/rioonwatch.org.br\/?p=41570#article","isPartOf":{"@id":"https:\/\/rioonwatch.org.br\/?p=41570"},"author":{"name":"Luisa Fenizola","@id":"https:\/\/rioonwatch.org.br\/#\/schema\/person\/f443c6b55bb6e80842280318076491c5"},"headline":"Trabalhadores e Comerciantes da Favela do Metr\u00f4 S\u00e3o Removidos Sem Aviso Pr\u00e9vio ao Lado do Est\u00e1dio Ol\u00edmpico","datePublished":"2015-05-29T12:39:27+00:00","dateModified":"2019-07-11T12:58:23+00:00","mainEntityOfPage":{"@id":"https:\/\/rioonwatch.org.br\/?p=41570"},"wordCount":896,"publisher":{"@id":"https:\/\/rioonwatch.org.br\/#organization"},"image":{"@id":"https:\/\/rioonwatch.org.br\/?p=41570#primaryimage"},"thumbnailUrl":"https:\/\/rioonwatch.org.br\/wp-content\/uploads\/2019\/07\/Favela-do-metro-remo\u00e7\u00e3o.jpg","keywords":["Comiss\u00e3o de Direitos Humanos - Alerj","Eduardo Paes","Favela do Metr\u00f4","intimida\u00e7\u00e3o policial","Metr\u00f4-Mangueira","Pol\u00edcia Militar","Remo\u00e7\u00e3o","viol\u00eancia policial","Zona Norte"],"articleSection":["#OlhoNasRemo\u00e7\u00f5es","Escrito por Aliados","Sociedade Civil"],"inLanguage":"pt-BR"},{"@type":"WebPage","@id":"https:\/\/rioonwatch.org.br\/?p=41570","url":"https:\/\/rioonwatch.org.br\/?p=41570","name":"Trabalhadores e Comerciantes da Favela do Metr\u00f4 S\u00e3o Removidos Sem Aviso Pr\u00e9vio ao Lado do Est\u00e1dio Ol\u00edmpico - RioOnWatch","isPartOf":{"@id":"https:\/\/rioonwatch.org.br\/#website"},"primaryImageOfPage":{"@id":"https:\/\/rioonwatch.org.br\/?p=41570#primaryimage"},"image":{"@id":"https:\/\/rioonwatch.org.br\/?p=41570#primaryimage"},"thumbnailUrl":"https:\/\/rioonwatch.org.br\/wp-content\/uploads\/2019\/07\/Favela-do-metro-remo\u00e7\u00e3o.jpg","datePublished":"2015-05-29T12:39:27+00:00","dateModified":"2019-07-11T12:58:23+00:00","breadcrumb":{"@id":"https:\/\/rioonwatch.org.br\/?p=41570#breadcrumb"},"inLanguage":"pt-BR","potentialAction":[{"@type":"ReadAction","target":["https:\/\/rioonwatch.org.br\/?p=41570"]}]},{"@type":"ImageObject","inLanguage":"pt-BR","@id":"https:\/\/rioonwatch.org.br\/?p=41570#primaryimage","url":"https:\/\/rioonwatch.org.br\/wp-content\/uploads\/2019\/07\/Favela-do-metro-remo\u00e7\u00e3o.jpg","contentUrl":"https:\/\/rioonwatch.org.br\/wp-content\/uploads\/2019\/07\/Favela-do-metro-remo\u00e7\u00e3o.jpg","width":1000,"height":682},{"@type":"BreadcrumbList","@id":"https:\/\/rioonwatch.org.br\/?p=41570#breadcrumb","itemListElement":[{"@type":"ListItem","position":1,"name":"In\u00edcio","item":"https:\/\/rioonwatch.org.br\/"},{"@type":"ListItem","position":2,"name":"Trabalhadores e Comerciantes da Favela do Metr\u00f4 S\u00e3o Removidos Sem Aviso Pr\u00e9vio ao Lado do Est\u00e1dio Ol\u00edmpico"}]},{"@type":"WebSite","@id":"https:\/\/rioonwatch.org.br\/#website","url":"https:\/\/rioonwatch.org.br\/","name":"RioOnWatch","description":"relatos das favelas cariocas","publisher":{"@id":"https:\/\/rioonwatch.org.br\/#organization"},"potentialAction":[{"@type":"SearchAction","target":{"@type":"EntryPoint","urlTemplate":"https:\/\/rioonwatch.org.br\/?s={search_term_string}"},"query-input":{"@type":"PropertyValueSpecification","valueRequired":true,"valueName":"search_term_string"}}],"inLanguage":"pt-BR"},{"@type":"Organization","@id":"https:\/\/rioonwatch.org.br\/#organization","name":"RioOnWatch","url":"https:\/\/rioonwatch.org.br\/","logo":{"@type":"ImageObject","inLanguage":"pt-BR","@id":"https:\/\/rioonwatch.org.br\/#\/schema\/logo\/image\/","url":"https:\/\/rioonwatch.org.br\/wp-content\/uploads\/2021\/06\/RioOnWatchcabecalhoPT11anos-2.png","contentUrl":"https:\/\/rioonwatch.org.br\/wp-content\/uploads\/2021\/06\/RioOnWatchcabecalhoPT11anos-2.png","width":779,"height":277,"caption":"RioOnWatch"},"image":{"@id":"https:\/\/rioonwatch.org.br\/#\/schema\/logo\/image\/"}},{"@type":"Person","@id":"https:\/\/rioonwatch.org.br\/#\/schema\/person\/f443c6b55bb6e80842280318076491c5","name":"Luisa Fenizola","image":{"@type":"ImageObject","inLanguage":"pt-BR","@id":"https:\/\/rioonwatch.org.br\/#\/schema\/person\/image\/","url":"https:\/\/secure.gravatar.com\/avatar\/a3d551110162b9f876cbbdaaecf75663?s=96&d=blank&r=g","contentUrl":"https:\/\/secure.gravatar.com\/avatar\/a3d551110162b9f876cbbdaaecf75663?s=96&d=blank&r=g","caption":"Luisa Fenizola"},"url":"https:\/\/rioonwatch.org.br\/?author=152"}]}},"_links":{"self":[{"href":"https:\/\/rioonwatch.org.br\/index.php?rest_route=\/wp\/v2\/posts\/41570"}],"collection":[{"href":"https:\/\/rioonwatch.org.br\/index.php?rest_route=\/wp\/v2\/posts"}],"about":[{"href":"https:\/\/rioonwatch.org.br\/index.php?rest_route=\/wp\/v2\/types\/post"}],"author":[{"embeddable":true,"href":"https:\/\/rioonwatch.org.br\/index.php?rest_route=\/wp\/v2\/users\/152"}],"replies":[{"embeddable":true,"href":"https:\/\/rioonwatch.org.br\/index.php?rest_route=%2Fwp%2Fv2%2Fcomments&post=41570"}],"version-history":[{"count":12,"href":"https:\/\/rioonwatch.org.br\/index.php?rest_route=\/wp\/v2\/posts\/41570\/revisions"}],"predecessor-version":[{"id":41789,"href":"https:\/\/rioonwatch.org.br\/index.php?rest_route=\/wp\/v2\/posts\/41570\/revisions\/41789"}],"wp:featuredmedia":[{"embeddable":true,"href":"https:\/\/rioonwatch.org.br\/index.php?rest_route=\/wp\/v2\/media\/41571"}],"wp:attachment":[{"href":"https:\/\/rioonwatch.org.br\/index.php?rest_route=%2Fwp%2Fv2%2Fmedia&parent=41570"}],"wp:term":[{"taxonomy":"category","embeddable":true,"href":"https:\/\/rioonwatch.org.br\/index.php?rest_route=%2Fwp%2Fv2%2Fcategories&post=41570"},{"taxonomy":"post_tag","embeddable":true,"href":"https:\/\/rioonwatch.org.br\/index.php?rest_route=%2Fwp%2Fv2%2Ftags&post=41570"},{"taxonomy":"writer","embeddable":true,"href":"https:\/\/rioonwatch.org.br\/index.php?rest_route=%2Fwp%2Fv2%2Fwriter&post=41570"},{"taxonomy":"translator","embeddable":true,"href":"https:\/\/rioonwatch.org.br\/index.php?rest_route=%2Fwp%2Fv2%2Ftranslator&post=41570"},{"taxonomy":"source","embeddable":true,"href":"https:\/\/rioonwatch.org.br\/index.php?rest_route=%2Fwp%2Fv2%2Fsource&post=41570"},{"taxonomy":"ilustrador","embeddable":true,"href":"https:\/\/rioonwatch.org.br\/index.php?rest_route=%2Fwp%2Fv2%2Filustrador&post=41570"},{"taxonomy":"fotografo","embeddable":true,"href":"https:\/\/rioonwatch.org.br\/index.php?rest_route=%2Fwp%2Fv2%2Ffotografo&post=41570"}],"curies":[{"name":"wp","href":"https:\/\/api.w.org\/{rel}","templated":true}]}}