{"id":41651,"date":"2010-11-04T09:28:37","date_gmt":"2010-11-04T12:28:37","guid":{"rendered":"https:\/\/rioonwatch.org.br\/?p=41651"},"modified":"2024-08-26T09:22:15","modified_gmt":"2024-08-26T12:22:15","slug":"remocoes-na-favela-do-metro-abrem-caminho-para-o-estacionamento-da-copa","status":"publish","type":"post","link":"https:\/\/rioonwatch.org.br\/?p=41651","title":{"rendered":"Remo\u00e7\u00f5es na Favela do Metr\u00f4 Abrem Caminho para o Estacionamento da Copa"},"content":{"rendered":"<p style=\"text-align: right;\"><em><strong><a href=\"http:\/\/bit.ly\/2Nc4JQV\" target=\"_blank\" rel=\"noopener noreferrer\">Click Here for English<\/a><a href=\"http:\/\/bit.ly\/2Nc4JQV\" target=\"_blank\" rel=\"noopener noreferrer\"><img decoding=\"async\" width=\"20\" height=\"20\" class=\"alignright wp-image-15790\" src=\"http:\/\/rioonwatch.org.br\/wp-content\/uploads\/2012\/08\/EN-standard-e1439583104716.jpg\" \/><\/a><\/strong><\/em><\/p>\n<p><a href=\"https:\/\/rioonwatch.org.br\/wp-content\/uploads\/2019\/07\/metro1.jpeg\"><img fetchpriority=\"high\" decoding=\"async\" class=\"alignright wp-image-41652 size-content\" title=\"Devastada enquanto a casa que ela construiu \u00e9 destru\u00edda por trabalhadores da prefeitura.\" src=\"https:\/\/rioonwatch.org.br\/wp-content\/uploads\/2019\/07\/metro1-200x264.jpeg\" alt=\"\" width=\"200\" height=\"264\" \/><\/a><strong>4 de novembro de 2010\u2014<\/strong>Esta semana, os moradores da <a href=\"http:\/\/bit.ly\/2XmNCAS\" target=\"_blank\" rel=\"noopener noreferrer\">Favela Metr\u00f4-Mangueira<\/a>, perto do est\u00e1dio do Maracan\u00e3, despertaram com a chegada da equipe de remo\u00e7\u00e3o e de demoli\u00e7\u00e3o da Prefeitura do Rio de Janeiro, com a miss\u00e3o de remov\u00ea-los das suas casas. Hoje, pelo menos duas d\u00fazias de casas foram desocupadas. Janelas e telhados foram quebrados e o processo de demoli\u00e7\u00e3o continuou.<\/p>\n<p>As remo\u00e7\u00f5es e a destrui\u00e7\u00e3o n\u00e3o tinham um padr\u00e3o discern\u00edvel, eram simplesmente um ataque aleat\u00f3rio pela vizinhan\u00e7a. O estresse era evidente, muitas pessoas apenas tentavam se acalmar, esperando por sua vez, sem saber se a remo\u00e7\u00e3o deles viria hoje, na pr\u00f3xima semana ou no pr\u00f3ximo m\u00eas.<\/p>\n<p>As pessoas acreditam que a comunidade est\u00e1 sendo removida para dar lugar a um estacionamento que atender\u00e1 ao est\u00e1dio do Maracan\u00e3 durante a <a href=\"http:\/\/bit.ly\/1ox7RzB\" target=\"_blank\" rel=\"noopener noreferrer\">Copa do Mundo<\/a> e os <a href=\"http:\/\/bit.ly\/2x1r6O2\" target=\"_blank\" rel=\"noopener noreferrer\">Jogos Ol\u00edmpicos<\/a>. A prefeitura, no entanto, normalmente usa um pretexto de sa\u00fade p\u00fablica e preocupa\u00e7\u00f5es de seguran\u00e7a como justificativa para remo\u00e7\u00f5es. A hipocrisia dessa &#8220;preocupa\u00e7\u00e3o&#8221; tornou-se bastante clara quando o processo de remo\u00e7\u00e3o come\u00e7ou.<\/p>\n<p><a href=\"https:\/\/rioonwatch.org.br\/wp-content\/uploads\/2019\/07\/metro2-1.jpg\"><img decoding=\"async\" class=\"alignleft wp-image-41659 size-content\" title=\"Casas foram danificadas para impedir a reocupa\u00e7\u00e3o.\" src=\"https:\/\/rioonwatch.org.br\/wp-content\/uploads\/2019\/07\/metro2-1-225x264.jpg\" alt=\"\" width=\"225\" height=\"264\" \/><\/a>Uma vez que uma fam\u00edlia \u00e9 removida, a casa \u00e9 danificada pelos trabalhadores da prefeitura para evitar a reocupa\u00e7\u00e3o. Nenhum esfor\u00e7o \u00e9 feito (ou seja, n\u00e3o h\u00e1 dinheiro gasto) em demoli\u00e7\u00e3o adequada, fechamento do local, sinais de alerta ou mesmo fita de per\u00edmetro. A casa \u00e9 deixada aberta para qualquer um entrar, incluindo crian\u00e7as e pessoas desesperadas que precisam de algum tipo de abrigo. H\u00e1 vigas de a\u00e7os saindo, buracos no andar de cima das casas, telhados afundados, fia\u00e7\u00e3o solta e pr\u00e9dios deixados em estados prec\u00e1rios que podem desmoronar a qualquer momento.<\/p>\n<p>Al\u00e9m disso, o entulho \u00e9 deixado onde est\u00e1, <a href=\"http:\/\/bit.ly\/2GWGCld\" target=\"_blank\" rel=\"noopener noreferrer\">bloqueando os esgotos, gerando \u00e1guas estagnadas<\/a>, gerando pragas e parasitas. \u00c9 uma t\u00e1tica cruel e deliberada. \u00c9 a prefeitura que est\u00e1 tornando o bairro inseguro, insalubre, insuport\u00e1vel.<\/p>\n<p>Moradores da favela alegaram que uma oferta havia sido feita originalmente para mov\u00ea-los para uma curta dist\u00e2ncia, muitos responderam que essa era uma escolha indesej\u00e1vel, mas pelo menos aceit\u00e1vel. Eles tamb\u00e9m alegaram que receberam uma ajuda de R$400 por m\u00eas durante tr\u00eas meses para ajudar com os custos de reassentamento. A proposta parece ter desaparecido e agora os moradores est\u00e3o sendo levados para Cosmos, um sub\u00farbio na periferia da cidade, distante e longe de tudo que \u00e9 familiar \u00e0 comunidade.<\/p>\n<p><a href=\"https:\/\/rioonwatch.org.br\/wp-content\/uploads\/2019\/07\/metro3.jpg\"><img loading=\"lazy\" decoding=\"async\" class=\"alignleft wp-image-41660\" title=\"Moradores que n\u00e3o t\u00eam para onde ir s\u00e3o levados para abrigos de \u00f4nibus.\" src=\"https:\/\/rioonwatch.org.br\/wp-content\/uploads\/2019\/07\/metro3.jpg\" alt=\"\" width=\"250\" height=\"188\" srcset=\"https:\/\/rioonwatch.org.br\/wp-content\/uploads\/2019\/07\/metro3.jpg 300w, https:\/\/rioonwatch.org.br\/wp-content\/uploads\/2019\/07\/metro3-174x131.jpg 174w, https:\/\/rioonwatch.org.br\/wp-content\/uploads\/2019\/07\/metro3-70x53.jpg 70w\" sizes=\"(max-width: 250px) 100vw, 250px\" \/><\/a>Eu perguntei a uma mulher, olhando desolada em torno de uma sala agora vazia, se esta era a sua casa e quando ela silenciosamente quebrou o sil\u00eancio, ela simplesmente disse: &#8220;Foi&#8221;.<\/p>\n<p><em>Samuca atua como fot\u00f3grafo volunt\u00e1rio na <a href=\"http:\/\/bit.ly\/1aIQgif\" target=\"_blank\" rel=\"noopener noreferrer\">Comunidades Catalisadoras<\/a>.<\/em><\/p>\n<!-- AddThis Advanced Settings generic via filter on the_content --><!-- AddThis Share Buttons generic via filter on the_content -->","protected":false},"excerpt":{"rendered":"<div class=\"mh-excerpt\"><p>Click Here for English 4 de novembro de 2010\u2014Esta semana, os moradores da Favela Metr\u00f4-Mangueira, perto do est\u00e1dio do Maracan\u00e3, despertaram com a chegada da equipe de remo\u00e7\u00e3o e de demoli\u00e7\u00e3o da Prefeitura do Rio <a class=\"mh-excerpt-more\" href=\"https:\/\/rioonwatch.org.br\/?p=41651\" title=\"Remo\u00e7\u00f5es na Favela do Metr\u00f4 Abrem Caminho para o Estacionamento da Copa\">[&#8230;]<\/a><!-- AddThis Advanced Settings generic via filter on get_the_excerpt --><!-- AddThis Share Buttons generic via filter on get_the_excerpt --><\/p>\n<\/div>","protected":false},"author":152,"featured_media":41652,"comment_status":"closed","ping_status":"closed","sticky":false,"template":"","format":"standard","meta":{"_acf_changed":false,"_monsterinsights_skip_tracking":false,"_monsterinsights_sitenote_active":false,"_monsterinsights_sitenote_note":"","_monsterinsights_sitenote_category":0,"footnotes":""},"categories":[1614,1635,346],"tags":[484,466,1240,393,78,14,2263,499],"writer":[2656],"translator":[1491],"source":[],"ilustrador":[],"fotografo":[],"class_list":{"0":"post-41651","1":"post","2":"type-post","3":"status-publish","4":"format-standard","5":"has-post-thumbnail","7":"category-olhonasremocoes","8":"category-1635","9":"category-denuncias","10":"tag-prefeito-eduardo-paes","11":"tag-maracana","12":"tag-megaeventos","13":"tag-metro-mangueira","14":"tag-olimpiadas","15":"tag-remocao","16":"tag-taticas-de-remocao-intimidacao","17":"tag-terror-psicologico","18":"writer-sam-faigen","19":"translator-patricia-gomes"},"acf":[],"yoast_head":"<!-- This site is optimized with the Yoast SEO plugin v25.6 - https:\/\/yoast.com\/wordpress\/plugins\/seo\/ -->\n<title>Remo\u00e7\u00f5es na Favela do Metr\u00f4 Abrem Caminho para o Estacionamento da Copa - RioOnWatch<\/title>\n<meta name=\"robots\" content=\"index, follow, max-snippet:-1, max-image-preview:large, max-video-preview:-1\" \/>\n<link rel=\"canonical\" href=\"https:\/\/rioonwatch.org.br\/?p=41651\" \/>\n<meta property=\"og:locale\" content=\"pt_BR\" \/>\n<meta property=\"og:type\" content=\"article\" \/>\n<meta property=\"og:title\" content=\"Remo\u00e7\u00f5es na Favela do Metr\u00f4 Abrem Caminho para o Estacionamento da Copa - RioOnWatch\" \/>\n<meta property=\"og:description\" content=\"Click Here for English 4 de novembro de 2010\u2014Esta semana, os moradores da Favela Metr\u00f4-Mangueira, perto do est\u00e1dio do Maracan\u00e3, despertaram com a chegada da equipe de remo\u00e7\u00e3o e de demoli\u00e7\u00e3o da Prefeitura do Rio [...]\" \/>\n<meta property=\"og:url\" content=\"https:\/\/rioonwatch.org.br\/?p=41651\" \/>\n<meta property=\"og:site_name\" content=\"RioOnWatch\" \/>\n<meta property=\"article:published_time\" content=\"2010-11-04T12:28:37+00:00\" \/>\n<meta property=\"article:modified_time\" content=\"2024-08-26T12:22:15+00:00\" \/>\n<meta property=\"og:image\" content=\"https:\/\/rioonwatch.org.br\/wp-content\/uploads\/2019\/07\/metro1.jpeg\" \/>\n\t<meta property=\"og:image:width\" content=\"200\" \/>\n\t<meta property=\"og:image:height\" content=\"300\" \/>\n\t<meta property=\"og:image:type\" content=\"image\/jpeg\" \/>\n<meta name=\"author\" content=\"Luisa Fenizola\" \/>\n<meta name=\"twitter:card\" content=\"summary_large_image\" \/>\n<meta name=\"twitter:label1\" content=\"Escrito por\" \/>\n\t<meta name=\"twitter:data1\" content=\"Luisa Fenizola\" \/>\n\t<meta name=\"twitter:label2\" content=\"Est. tempo de leitura\" \/>\n\t<meta name=\"twitter:data2\" content=\"4 minutos\" \/>\n<script type=\"application\/ld+json\" class=\"yoast-schema-graph\">{\"@context\":\"https:\/\/schema.org\",\"@graph\":[{\"@type\":\"Article\",\"@id\":\"https:\/\/rioonwatch.org.br\/?p=41651#article\",\"isPartOf\":{\"@id\":\"https:\/\/rioonwatch.org.br\/?p=41651\"},\"author\":{\"name\":\"Luisa Fenizola\",\"@id\":\"https:\/\/rioonwatch.org.br\/#\/schema\/person\/f443c6b55bb6e80842280318076491c5\"},\"headline\":\"Remo\u00e7\u00f5es na Favela do Metr\u00f4 Abrem Caminho para o Estacionamento da Copa\",\"datePublished\":\"2010-11-04T12:28:37+00:00\",\"dateModified\":\"2024-08-26T12:22:15+00:00\",\"mainEntityOfPage\":{\"@id\":\"https:\/\/rioonwatch.org.br\/?p=41651\"},\"wordCount\":477,\"publisher\":{\"@id\":\"https:\/\/rioonwatch.org.br\/#organization\"},\"image\":{\"@id\":\"https:\/\/rioonwatch.org.br\/?p=41651#primaryimage\"},\"thumbnailUrl\":\"https:\/\/rioonwatch.org.br\/wp-content\/uploads\/2019\/07\/metro1.jpeg\",\"keywords\":[\"Eduardo Paes\",\"Maracan\u00e3\",\"Megaeventos\",\"Metr\u00f4-Mangueira\",\"Olimp\u00edadas\",\"Remo\u00e7\u00e3o\",\"T\u00e1ticas de remo\u00e7\u00e3o: intimida\u00e7\u00e3o\",\"terror psicol\u00f3gico\"],\"articleSection\":[\"#OlhoNasRemo\u00e7\u00f5es\",\"#Rio2016\",\"Den\u00fancias\"],\"inLanguage\":\"pt-BR\"},{\"@type\":\"WebPage\",\"@id\":\"https:\/\/rioonwatch.org.br\/?p=41651\",\"url\":\"https:\/\/rioonwatch.org.br\/?p=41651\",\"name\":\"Remo\u00e7\u00f5es na Favela do Metr\u00f4 Abrem Caminho para o Estacionamento da Copa - RioOnWatch\",\"isPartOf\":{\"@id\":\"https:\/\/rioonwatch.org.br\/#website\"},\"primaryImageOfPage\":{\"@id\":\"https:\/\/rioonwatch.org.br\/?p=41651#primaryimage\"},\"image\":{\"@id\":\"https:\/\/rioonwatch.org.br\/?p=41651#primaryimage\"},\"thumbnailUrl\":\"https:\/\/rioonwatch.org.br\/wp-content\/uploads\/2019\/07\/metro1.jpeg\",\"datePublished\":\"2010-11-04T12:28:37+00:00\",\"dateModified\":\"2024-08-26T12:22:15+00:00\",\"breadcrumb\":{\"@id\":\"https:\/\/rioonwatch.org.br\/?p=41651#breadcrumb\"},\"inLanguage\":\"pt-BR\",\"potentialAction\":[{\"@type\":\"ReadAction\",\"target\":[\"https:\/\/rioonwatch.org.br\/?p=41651\"]}]},{\"@type\":\"ImageObject\",\"inLanguage\":\"pt-BR\",\"@id\":\"https:\/\/rioonwatch.org.br\/?p=41651#primaryimage\",\"url\":\"https:\/\/rioonwatch.org.br\/wp-content\/uploads\/2019\/07\/metro1.jpeg\",\"contentUrl\":\"https:\/\/rioonwatch.org.br\/wp-content\/uploads\/2019\/07\/metro1.jpeg\",\"width\":200,\"height\":300},{\"@type\":\"BreadcrumbList\",\"@id\":\"https:\/\/rioonwatch.org.br\/?p=41651#breadcrumb\",\"itemListElement\":[{\"@type\":\"ListItem\",\"position\":1,\"name\":\"In\u00edcio\",\"item\":\"https:\/\/rioonwatch.org.br\/\"},{\"@type\":\"ListItem\",\"position\":2,\"name\":\"Remo\u00e7\u00f5es na Favela do Metr\u00f4 Abrem Caminho para o Estacionamento da Copa\"}]},{\"@type\":\"WebSite\",\"@id\":\"https:\/\/rioonwatch.org.br\/#website\",\"url\":\"https:\/\/rioonwatch.org.br\/\",\"name\":\"RioOnWatch\",\"description\":\"relatos das favelas cariocas\",\"publisher\":{\"@id\":\"https:\/\/rioonwatch.org.br\/#organization\"},\"potentialAction\":[{\"@type\":\"SearchAction\",\"target\":{\"@type\":\"EntryPoint\",\"urlTemplate\":\"https:\/\/rioonwatch.org.br\/?s={search_term_string}\"},\"query-input\":{\"@type\":\"PropertyValueSpecification\",\"valueRequired\":true,\"valueName\":\"search_term_string\"}}],\"inLanguage\":\"pt-BR\"},{\"@type\":\"Organization\",\"@id\":\"https:\/\/rioonwatch.org.br\/#organization\",\"name\":\"RioOnWatch\",\"url\":\"https:\/\/rioonwatch.org.br\/\",\"logo\":{\"@type\":\"ImageObject\",\"inLanguage\":\"pt-BR\",\"@id\":\"https:\/\/rioonwatch.org.br\/#\/schema\/logo\/image\/\",\"url\":\"https:\/\/rioonwatch.org.br\/wp-content\/uploads\/2021\/06\/RioOnWatchcabecalhoPT11anos-2.png\",\"contentUrl\":\"https:\/\/rioonwatch.org.br\/wp-content\/uploads\/2021\/06\/RioOnWatchcabecalhoPT11anos-2.png\",\"width\":779,\"height\":277,\"caption\":\"RioOnWatch\"},\"image\":{\"@id\":\"https:\/\/rioonwatch.org.br\/#\/schema\/logo\/image\/\"}},{\"@type\":\"Person\",\"@id\":\"https:\/\/rioonwatch.org.br\/#\/schema\/person\/f443c6b55bb6e80842280318076491c5\",\"name\":\"Luisa Fenizola\",\"image\":{\"@type\":\"ImageObject\",\"inLanguage\":\"pt-BR\",\"@id\":\"https:\/\/rioonwatch.org.br\/#\/schema\/person\/image\/\",\"url\":\"https:\/\/secure.gravatar.com\/avatar\/a3d551110162b9f876cbbdaaecf75663?s=96&d=blank&r=g\",\"contentUrl\":\"https:\/\/secure.gravatar.com\/avatar\/a3d551110162b9f876cbbdaaecf75663?s=96&d=blank&r=g\",\"caption\":\"Luisa Fenizola\"},\"url\":\"https:\/\/rioonwatch.org.br\/?author=152\"}]}<\/script>\n<!-- \/ Yoast SEO plugin. -->","yoast_head_json":{"title":"Remo\u00e7\u00f5es na Favela do Metr\u00f4 Abrem Caminho para o Estacionamento da Copa - RioOnWatch","robots":{"index":"index","follow":"follow","max-snippet":"max-snippet:-1","max-image-preview":"max-image-preview:large","max-video-preview":"max-video-preview:-1"},"canonical":"https:\/\/rioonwatch.org.br\/?p=41651","og_locale":"pt_BR","og_type":"article","og_title":"Remo\u00e7\u00f5es na Favela do Metr\u00f4 Abrem Caminho para o Estacionamento da Copa - RioOnWatch","og_description":"Click Here for English 4 de novembro de 2010\u2014Esta semana, os moradores da Favela Metr\u00f4-Mangueira, perto do est\u00e1dio do Maracan\u00e3, despertaram com a chegada da equipe de remo\u00e7\u00e3o e de demoli\u00e7\u00e3o da Prefeitura do Rio [...]","og_url":"https:\/\/rioonwatch.org.br\/?p=41651","og_site_name":"RioOnWatch","article_published_time":"2010-11-04T12:28:37+00:00","article_modified_time":"2024-08-26T12:22:15+00:00","og_image":[{"width":200,"height":300,"url":"https:\/\/rioonwatch.org.br\/wp-content\/uploads\/2019\/07\/metro1.jpeg","type":"image\/jpeg"}],"author":"Luisa Fenizola","twitter_card":"summary_large_image","twitter_misc":{"Escrito por":"Luisa Fenizola","Est. tempo de leitura":"4 minutos"},"schema":{"@context":"https:\/\/schema.org","@graph":[{"@type":"Article","@id":"https:\/\/rioonwatch.org.br\/?p=41651#article","isPartOf":{"@id":"https:\/\/rioonwatch.org.br\/?p=41651"},"author":{"name":"Luisa Fenizola","@id":"https:\/\/rioonwatch.org.br\/#\/schema\/person\/f443c6b55bb6e80842280318076491c5"},"headline":"Remo\u00e7\u00f5es na Favela do Metr\u00f4 Abrem Caminho para o Estacionamento da Copa","datePublished":"2010-11-04T12:28:37+00:00","dateModified":"2024-08-26T12:22:15+00:00","mainEntityOfPage":{"@id":"https:\/\/rioonwatch.org.br\/?p=41651"},"wordCount":477,"publisher":{"@id":"https:\/\/rioonwatch.org.br\/#organization"},"image":{"@id":"https:\/\/rioonwatch.org.br\/?p=41651#primaryimage"},"thumbnailUrl":"https:\/\/rioonwatch.org.br\/wp-content\/uploads\/2019\/07\/metro1.jpeg","keywords":["Eduardo Paes","Maracan\u00e3","Megaeventos","Metr\u00f4-Mangueira","Olimp\u00edadas","Remo\u00e7\u00e3o","T\u00e1ticas de remo\u00e7\u00e3o: intimida\u00e7\u00e3o","terror psicol\u00f3gico"],"articleSection":["#OlhoNasRemo\u00e7\u00f5es","#Rio2016","Den\u00fancias"],"inLanguage":"pt-BR"},{"@type":"WebPage","@id":"https:\/\/rioonwatch.org.br\/?p=41651","url":"https:\/\/rioonwatch.org.br\/?p=41651","name":"Remo\u00e7\u00f5es na Favela do Metr\u00f4 Abrem Caminho para o Estacionamento da Copa - RioOnWatch","isPartOf":{"@id":"https:\/\/rioonwatch.org.br\/#website"},"primaryImageOfPage":{"@id":"https:\/\/rioonwatch.org.br\/?p=41651#primaryimage"},"image":{"@id":"https:\/\/rioonwatch.org.br\/?p=41651#primaryimage"},"thumbnailUrl":"https:\/\/rioonwatch.org.br\/wp-content\/uploads\/2019\/07\/metro1.jpeg","datePublished":"2010-11-04T12:28:37+00:00","dateModified":"2024-08-26T12:22:15+00:00","breadcrumb":{"@id":"https:\/\/rioonwatch.org.br\/?p=41651#breadcrumb"},"inLanguage":"pt-BR","potentialAction":[{"@type":"ReadAction","target":["https:\/\/rioonwatch.org.br\/?p=41651"]}]},{"@type":"ImageObject","inLanguage":"pt-BR","@id":"https:\/\/rioonwatch.org.br\/?p=41651#primaryimage","url":"https:\/\/rioonwatch.org.br\/wp-content\/uploads\/2019\/07\/metro1.jpeg","contentUrl":"https:\/\/rioonwatch.org.br\/wp-content\/uploads\/2019\/07\/metro1.jpeg","width":200,"height":300},{"@type":"BreadcrumbList","@id":"https:\/\/rioonwatch.org.br\/?p=41651#breadcrumb","itemListElement":[{"@type":"ListItem","position":1,"name":"In\u00edcio","item":"https:\/\/rioonwatch.org.br\/"},{"@type":"ListItem","position":2,"name":"Remo\u00e7\u00f5es na Favela do Metr\u00f4 Abrem Caminho para o Estacionamento da Copa"}]},{"@type":"WebSite","@id":"https:\/\/rioonwatch.org.br\/#website","url":"https:\/\/rioonwatch.org.br\/","name":"RioOnWatch","description":"relatos das favelas cariocas","publisher":{"@id":"https:\/\/rioonwatch.org.br\/#organization"},"potentialAction":[{"@type":"SearchAction","target":{"@type":"EntryPoint","urlTemplate":"https:\/\/rioonwatch.org.br\/?s={search_term_string}"},"query-input":{"@type":"PropertyValueSpecification","valueRequired":true,"valueName":"search_term_string"}}],"inLanguage":"pt-BR"},{"@type":"Organization","@id":"https:\/\/rioonwatch.org.br\/#organization","name":"RioOnWatch","url":"https:\/\/rioonwatch.org.br\/","logo":{"@type":"ImageObject","inLanguage":"pt-BR","@id":"https:\/\/rioonwatch.org.br\/#\/schema\/logo\/image\/","url":"https:\/\/rioonwatch.org.br\/wp-content\/uploads\/2021\/06\/RioOnWatchcabecalhoPT11anos-2.png","contentUrl":"https:\/\/rioonwatch.org.br\/wp-content\/uploads\/2021\/06\/RioOnWatchcabecalhoPT11anos-2.png","width":779,"height":277,"caption":"RioOnWatch"},"image":{"@id":"https:\/\/rioonwatch.org.br\/#\/schema\/logo\/image\/"}},{"@type":"Person","@id":"https:\/\/rioonwatch.org.br\/#\/schema\/person\/f443c6b55bb6e80842280318076491c5","name":"Luisa Fenizola","image":{"@type":"ImageObject","inLanguage":"pt-BR","@id":"https:\/\/rioonwatch.org.br\/#\/schema\/person\/image\/","url":"https:\/\/secure.gravatar.com\/avatar\/a3d551110162b9f876cbbdaaecf75663?s=96&d=blank&r=g","contentUrl":"https:\/\/secure.gravatar.com\/avatar\/a3d551110162b9f876cbbdaaecf75663?s=96&d=blank&r=g","caption":"Luisa Fenizola"},"url":"https:\/\/rioonwatch.org.br\/?author=152"}]}},"_links":{"self":[{"href":"https:\/\/rioonwatch.org.br\/index.php?rest_route=\/wp\/v2\/posts\/41651"}],"collection":[{"href":"https:\/\/rioonwatch.org.br\/index.php?rest_route=\/wp\/v2\/posts"}],"about":[{"href":"https:\/\/rioonwatch.org.br\/index.php?rest_route=\/wp\/v2\/types\/post"}],"author":[{"embeddable":true,"href":"https:\/\/rioonwatch.org.br\/index.php?rest_route=\/wp\/v2\/users\/152"}],"replies":[{"embeddable":true,"href":"https:\/\/rioonwatch.org.br\/index.php?rest_route=%2Fwp%2Fv2%2Fcomments&post=41651"}],"version-history":[{"count":11,"href":"https:\/\/rioonwatch.org.br\/index.php?rest_route=\/wp\/v2\/posts\/41651\/revisions"}],"predecessor-version":[{"id":41785,"href":"https:\/\/rioonwatch.org.br\/index.php?rest_route=\/wp\/v2\/posts\/41651\/revisions\/41785"}],"wp:featuredmedia":[{"embeddable":true,"href":"https:\/\/rioonwatch.org.br\/index.php?rest_route=\/wp\/v2\/media\/41652"}],"wp:attachment":[{"href":"https:\/\/rioonwatch.org.br\/index.php?rest_route=%2Fwp%2Fv2%2Fmedia&parent=41651"}],"wp:term":[{"taxonomy":"category","embeddable":true,"href":"https:\/\/rioonwatch.org.br\/index.php?rest_route=%2Fwp%2Fv2%2Fcategories&post=41651"},{"taxonomy":"post_tag","embeddable":true,"href":"https:\/\/rioonwatch.org.br\/index.php?rest_route=%2Fwp%2Fv2%2Ftags&post=41651"},{"taxonomy":"writer","embeddable":true,"href":"https:\/\/rioonwatch.org.br\/index.php?rest_route=%2Fwp%2Fv2%2Fwriter&post=41651"},{"taxonomy":"translator","embeddable":true,"href":"https:\/\/rioonwatch.org.br\/index.php?rest_route=%2Fwp%2Fv2%2Ftranslator&post=41651"},{"taxonomy":"source","embeddable":true,"href":"https:\/\/rioonwatch.org.br\/index.php?rest_route=%2Fwp%2Fv2%2Fsource&post=41651"},{"taxonomy":"ilustrador","embeddable":true,"href":"https:\/\/rioonwatch.org.br\/index.php?rest_route=%2Fwp%2Fv2%2Filustrador&post=41651"},{"taxonomy":"fotografo","embeddable":true,"href":"https:\/\/rioonwatch.org.br\/index.php?rest_route=%2Fwp%2Fv2%2Ffotografo&post=41651"}],"curies":[{"name":"wp","href":"https:\/\/api.w.org\/{rel}","templated":true}]}}