{"id":41694,"date":"2019-07-08T10:03:39","date_gmt":"2019-07-08T13:03:39","guid":{"rendered":"https:\/\/rioonwatch.org.br\/?p=41694"},"modified":"2023-05-09T09:55:25","modified_gmt":"2023-05-09T12:55:25","slug":"audiencia-na-alerj-debate-moradia-acessivel-e-ma-gestao-orcamentaria","status":"publish","type":"post","link":"https:\/\/rioonwatch.org.br\/?p=41694","title":{"rendered":"Audi\u00eancia na ALERJ Debate Acesso \u00e0 Moradia e M\u00e1 Gest\u00e3o Or\u00e7ament\u00e1ria"},"content":{"rendered":"<p style=\"text-align: right;\"><em><strong><a href=\"http:\/\/bit.ly\/2XqOX4w\" target=\"_blank\" rel=\"noopener noreferrer\">Click Here for English<\/a><a href=\"http:\/\/bit.ly\/2XqOX4w\" target=\"_blank\" rel=\"noopener noreferrer\"><img decoding=\"async\" width=\"20\" height=\"20\" class=\"alignright wp-image-15790\" src=\"http:\/\/rioonwatch.org.br\/wp-content\/uploads\/2012\/08\/EN-standard-e1439583104716.jpg\" \/><\/a><\/strong><\/em><\/p>\n<p>No dia 26 de junho, ativistas do direito \u00e0 moradia e l\u00edderes comunit\u00e1rios lotaram a Assembl\u00e9ia Legislativa do Estado do Rio de Janeiro (ALERJ) para <a href=\"http:\/\/bit.ly\/2J6WeCM\" target=\"_blank\" rel=\"noopener noreferrer\">uma audi\u00eancia p\u00fablica sobre pol\u00edtica de moradia<\/a>\u00a0no estado do Rio de Janeiro. Convocados por membros da <a href=\"http:\/\/bit.ly\/2L2rRzD\" target=\"_blank\" rel=\"noopener noreferrer\">Comiss\u00e3o de Defesa dos Direitos Humanos e Cidadania<\/a>, da Comiss\u00e3o de Pol\u00edtica Urbana, Habita\u00e7\u00e3o e Assuntos Fundi\u00e1rios e da Comiss\u00e3o Especial da Regi\u00e3o Metropolitana da ALERJ, representantes discutiram medidas para supervisionar mais de perto a aloca\u00e7\u00e3o de recursos para moradia pelo governo, devido \u00e0 <a href=\"http:\/\/bit.ly\/2J78QtN\" target=\"_blank\" rel=\"noopener noreferrer\">m\u00e1 gest\u00e3o or\u00e7ament\u00e1ria e ao descumprimento de mecanismos de financiamento legalmente estabelecidos<\/a> nos \u00faltimos anos.<\/p>\n<p><a href=\"https:\/\/rioonwatch.org.br\/wp-content\/uploads\/2019\/07\/audi\u00eancia-moradia.jpg\"><img fetchpriority=\"high\" decoding=\"async\" class=\"aligncenter size-content wp-image-41696\" src=\"https:\/\/rioonwatch.org.br\/wp-content\/uploads\/2019\/07\/audi\u00eancia-moradia-620x264.jpg\" alt=\"\" width=\"620\" height=\"264\" srcset=\"https:\/\/rioonwatch.org.br\/wp-content\/uploads\/2019\/07\/audi\u00eancia-moradia-620x264.jpg 620w, https:\/\/rioonwatch.org.br\/wp-content\/uploads\/2019\/07\/audi\u00eancia-moradia-940x400.jpg 940w\" sizes=\"(max-width: 620px) 100vw, 620px\" \/><\/a><\/p>\n<p>Segundo Lurdinha Lopes, coordenadora do <a href=\"http:\/\/bit.ly\/198ZCU1\" target=\"_blank\" rel=\"noopener noreferrer\">Movimento Nacional de Luta pela Moradia<\/a>\u00a0(MNLM), cerca de meio milh\u00e3o de fam\u00edlias est\u00e3o desabrigadas ou vivem em condi\u00e7\u00f5es inseguras ou prec\u00e1rias no estado do Rio de Janeiro, e a <a href=\"http:\/\/bit.ly\/2SWShqO\" target=\"_blank\" rel=\"noopener noreferrer\">normaliza\u00e7\u00e3o das condi\u00e7\u00f5es prec\u00e1rias de moradia<\/a> impediu a a\u00e7\u00e3o do governo sobre o assunto. Problemas constantes enfrentados pelos moradores que vivem em condi\u00e7\u00f5es de vida prec\u00e1rias incluem risco por conta do saneamento inadequado, inunda\u00e7\u00f5es resultantes de problemas de drenagem e deslizamentos de terra, entre outros. \u201cNos \u00faltimos anos esta situa\u00e7\u00e3o se intensificou, j\u00e1 que mais de R$1 bilh\u00e3o foi desviado da pasta da habita\u00e7\u00e3o para outros fins\u201d, disse Lurdinha durante seu discurso na audi\u00eancia.<\/p>\n<p><a href=\"https:\/\/rioonwatch.org.br\/wp-content\/uploads\/2019\/07\/Banner-morar-dignamente.jpg\"><img decoding=\"async\" class=\"aligncenter wp-image-41697 size-content\" title=\"Foto: P\u00e1gina do Facebook da Uni\u00e3o por Moradia Popular do Rio de Janeiro.\" src=\"https:\/\/rioonwatch.org.br\/wp-content\/uploads\/2019\/07\/Banner-morar-dignamente-620x264.jpg\" alt=\"\" width=\"620\" height=\"264\" srcset=\"https:\/\/rioonwatch.org.br\/wp-content\/uploads\/2019\/07\/Banner-morar-dignamente-620x264.jpg 620w, https:\/\/rioonwatch.org.br\/wp-content\/uploads\/2019\/07\/Banner-morar-dignamente-940x400.jpg 940w\" sizes=\"(max-width: 620px) 100vw, 620px\" \/><\/a><\/p>\n<p>Nesse contexto, o objetivo principal da audi\u00eancia era exigir que o financiamento adequado para moradia, conforme exigido por lei, fosse implementado, em vez de desviado para outros fins, como os gastos p\u00fablicos em obras vi\u00e1rias. Dentre os deputados estaduais, participaram Flavio Serafini, <a href=\"http:\/\/bit.ly\/2MVxDF1\" target=\"_blank\" rel=\"noopener noreferrer\">Renata Souza<\/a> e <a href=\"http:\/\/bit.ly\/30dTwkx\" target=\"_blank\" rel=\"noopener noreferrer\">Eliomar Coelho<\/a>, do <a href=\"http:\/\/bit.ly\/2FuT6P5\" target=\"_blank\" rel=\"noopener noreferrer\">PSOL<\/a>, e Waldeck Carneiro da Silva e Zeidan Lula, do <a href=\"http:\/\/bit.ly\/2OcbEWR\" target=\"_blank\" rel=\"noopener noreferrer\">PT<\/a>.<\/p>\n<p><a href=\"https:\/\/rioonwatch.org.br\/wp-content\/uploads\/2019\/07\/audi\u00eancia-moradia2.jpg\"><img loading=\"lazy\" decoding=\"async\" class=\"aligncenter wp-image-41698 size-content\" title=\"Foto: P\u00e1gina do Facebook da Uni\u00e3o por Moradia Popular do Rio de Janeiro.\" src=\"https:\/\/rioonwatch.org.br\/wp-content\/uploads\/2019\/07\/audi\u00eancia-moradia2-620x264.jpg\" alt=\"\" width=\"620\" height=\"264\" srcset=\"https:\/\/rioonwatch.org.br\/wp-content\/uploads\/2019\/07\/audi\u00eancia-moradia2-620x264.jpg 620w, https:\/\/rioonwatch.org.br\/wp-content\/uploads\/2019\/07\/audi\u00eancia-moradia2-940x400.jpg 940w\" sizes=\"(max-width: 620px) 100vw, 620px\" \/><\/a><\/p>\n<p>Zeidan Lula, presidente da Comiss\u00e3o de Moradia da ALERJ, enfatizou que a moradia acess\u00edvel e segura n\u00e3o \u00e9 apenas um direito humano, mas tamb\u00e9m um direito de acordo com a <a href=\"http:\/\/bit.ly\/2KYcqIi\" target=\"_blank\" rel=\"noopener noreferrer\">Constitui\u00e7\u00e3o Brasileira<\/a>. Todavia, devido ao fracasso consistente do governo estadual em alocar adequadamente fundos para moradia, os representantes que presidiram a audi\u00eancia enfatizaram a urg\u00eancia do cumprimento da <a href=\"http:\/\/bit.ly\/2J4HJiS\" target=\"_blank\" rel=\"noopener noreferrer\">Lei 4.962\/06<\/a>, que estabeleceu o Fundo Estadual de Habita\u00e7\u00e3o de Interesse Social (FEHIS). A lei identifica fontes de financiamento permanentes para projetos habitacionais para popula\u00e7\u00f5es de baixa-renda, incluindo a <a href=\"http:\/\/bit.ly\/2J78QtN\" target=\"_blank\" rel=\"noopener noreferrer\">aloca\u00e7\u00e3o de 5% da receita do Fundo Estadual de Combate \u00e0 Pobreza<\/a> (FECP), a fim de eliminar o d\u00e9ficit habitacional do estado a m\u00e9dio e longo prazo, garantir condi\u00e7\u00f5es dignas e moradia decente para as popula\u00e7\u00f5es de baixa renda, e salvaguardar os direitos humanos, entre outros objetivos. Segundo representantes dos movimentos sociais, as disposi\u00e7\u00f5es da lei <a href=\"http:\/\/bit.ly\/2J78QtN\" target=\"_blank\" rel=\"noopener noreferrer\">n\u00e3o foram cumpridas desde 2016<\/a>.<\/p>\n<p>O deputado Waldeck apontou a inadequa\u00e7\u00e3o da oferta de aluguel social, destinada a servir como uma medida tempor\u00e1ria para ajudar fam\u00edlias necessitadas, como uma solu\u00e7\u00e3o pol\u00edtica: \u201cAluguel social \u00e9 uma pol\u00edtica assistencial transit\u00f3ria para momentos emergenciais que devem, a partir de uma pol\u00edtica de Estado, ser substitu\u00edda pela constru\u00e7\u00e3o de moradias dignas. H\u00e1 instrumentos legais j\u00e1 dispon\u00edveis, n\u00e3o nos faltam arcabou\u00e7os legais, o que nos falta \u00e9 que os governos cumpram a lei&#8221;.<\/p>\n<p>Al\u00e9m do desrespeito \u00e0 lei, Adauto Cardoso, professor da UFRJ e pesquisador do <a href=\"http:\/\/bit.ly\/2eI3i8H\" target=\"_blank\" rel=\"noopener noreferrer\">Observat\u00f3rio das Metr\u00f3poles<\/a>, identificou a falta de dados como um obst\u00e1culo adicional \u00e0 garantia de moradia adequada: \u201cPrecisamos ter pesquisas mais sistem\u00e1ticas e direcionadas para o tema, como existem em outros pa\u00edses. S\u00f3 assim teremos uma no\u00e7\u00e3o mais real do que a gente vive, n\u00e3o s\u00f3 do d\u00e9ficit habitacional, como tamb\u00e9m da quantidade de moradias em situa\u00e7\u00e3o prec\u00e1ria. Mas hoje est\u00e1 acontecendo o contr\u00e1rio, est\u00e1 havendo uma <a href=\"http:\/\/bit.ly\/30bs0V2\" target=\"_blank\" rel=\"noopener noreferrer\">redu\u00e7\u00e3o no tamanho do Censo<\/a>\u201d, observou ele.<\/p>\n<p><a href=\"https:\/\/rioonwatch.org.br\/wp-content\/uploads\/2019\/07\/Renata-Souza-audi\u00eancia-moradia.jpg\"><img loading=\"lazy\" decoding=\"async\" class=\"aligncenter wp-image-41699 size-content\" title=\"Foto: Rafael Wallce\/Imprensa ALERJ\" src=\"https:\/\/rioonwatch.org.br\/wp-content\/uploads\/2019\/07\/Renata-Souza-audi\u00eancia-moradia-620x264.jpg\" alt=\"\" width=\"620\" height=\"264\" srcset=\"https:\/\/rioonwatch.org.br\/wp-content\/uploads\/2019\/07\/Renata-Souza-audi\u00eancia-moradia-620x264.jpg 620w, https:\/\/rioonwatch.org.br\/wp-content\/uploads\/2019\/07\/Renata-Souza-audi\u00eancia-moradia-940x400.jpg 940w\" sizes=\"(max-width: 620px) 100vw, 620px\" \/><\/a><\/p>\n<p>Outra debatedora foi a Deputada Estadual Renata Souza (PSOL), que atua como presidente da Comiss\u00e3o de Direitos Humanos e Cidadania da ALERJ. Renata afirmou que os representantes presentes planejavam propor uma emenda constitucional para exigir uma fonte cont\u00ednua de financiamento para a habita\u00e7\u00e3o p\u00fablica. Essa emenda exigiria que o Estado alocasse 1% da receita do Imposto sobre Circula\u00e7\u00e3o de Mercadorias e Servi\u00e7os (ICMS) para moradia, com o financiamento gerenciado diretamente pelo Fundo Estadual de Habita\u00e7\u00e3o de Interesse Social. Segundo Renata, isso criaria um v\u00ednculo mais direto entre a gest\u00e3o e a implementa\u00e7\u00e3o efetiva do financiamento, garantindo a aloca\u00e7\u00e3o oportuna de financiamento para projetos, gerando resultados mais tang\u00edveis em termos de melhores resultados habitacionais.<\/p>\n<p><a href=\"https:\/\/rioonwatch.org.br\/wp-content\/uploads\/2019\/07\/audi\u00eancia-moradia3.jpg\"><img loading=\"lazy\" decoding=\"async\" class=\"aligncenter wp-image-41700 size-content\" title=\"Foto: P\u00e1gina do Facebook da Uni\u00e3o por Moradia Popular do Rio de Janeiro.\" src=\"https:\/\/rioonwatch.org.br\/wp-content\/uploads\/2019\/07\/audi\u00eancia-moradia3-620x264.jpg\" alt=\"\" width=\"620\" height=\"264\" srcset=\"https:\/\/rioonwatch.org.br\/wp-content\/uploads\/2019\/07\/audi\u00eancia-moradia3-620x264.jpg 620w, https:\/\/rioonwatch.org.br\/wp-content\/uploads\/2019\/07\/audi\u00eancia-moradia3-940x400.jpg 940w\" sizes=\"(max-width: 620px) 100vw, 620px\" \/><\/a><\/p>\n<p>Renata enfatizou a import\u00e2ncia da audi\u00eancia p\u00fablica como um espa\u00e7o para grupos engajados em lutas pela moradia e para aqueles que precisam de moradia para participar do processo pol\u00edtico. Como a falta de financiamento tem sido o resultado da m\u00e1 administra\u00e7\u00e3o e do fracasso do governo em ouvir as demandas dos moradores envolvidos em lutas pela moradia, \u00e9 essencial que o p\u00fablico compreenda a emenda proposta e participe ativamente da luta por moradia adequada. \u201cQuando realizamos uma audi\u00eancia p\u00fablica, estamos aqui para ouvir as demandas da sociedade\u201d, afirmou Renata. \u201cO principal objetivo desta audi\u00eancia p\u00fablica n\u00e3o \u00e9 apenas a popula\u00e7\u00e3o declarar suas demandas, mas tamb\u00e9m entender que h\u00e1 muitos representantes p\u00fablicos que querem colaborar com a luta por moradia decente e acesso real \u00e0 cidade.\u201d<\/p>\n<!-- AddThis Advanced Settings generic via filter on the_content --><!-- AddThis Share Buttons generic via filter on the_content -->","protected":false},"excerpt":{"rendered":"<div class=\"mh-excerpt\"><p>Click Here for English No dia 26 de junho, ativistas do direito \u00e0 moradia e l\u00edderes comunit\u00e1rios lotaram a Assembl\u00e9ia Legislativa do Estado do Rio de Janeiro (ALERJ) para uma audi\u00eancia p\u00fablica sobre pol\u00edtica de <a class=\"mh-excerpt-more\" href=\"https:\/\/rioonwatch.org.br\/?p=41694\" title=\"Audi\u00eancia na ALERJ Debate Acesso \u00e0 Moradia e M\u00e1 Gest\u00e3o Or\u00e7ament\u00e1ria\">[&#8230;]<\/a><!-- AddThis Advanced Settings generic via filter on get_the_excerpt --><!-- AddThis Share Buttons generic via filter on get_the_excerpt --><\/p>\n<\/div>","protected":false},"author":152,"featured_media":41695,"comment_status":"closed","ping_status":"closed","sticky":false,"template":"","format":"standard","meta":{"_acf_changed":false,"_monsterinsights_skip_tracking":false,"_monsterinsights_sitenote_active":false,"_monsterinsights_sitenote_note":"","_monsterinsights_sitenote_category":0,"footnotes":""},"categories":[1618,1621,1627,1626,344,1612,342],"tags":[1852,17,2071,1515,1220,424,88,256,1660,2396,909,994,2558,780,1037,728,417,727,1989,1840,2491,2193,2657,2658],"writer":[2651],"translator":[1971],"source":[],"ilustrador":[],"fotografo":[],"class_list":{"0":"post-41694","1":"post","2":"type-post","3":"status-publish","4":"format-standard","5":"has-post-thumbnail","7":"category-olhonaparticipacao","8":"category-destaque","9":"category-relato-de-evento","10":"category-por-observadores-internacionais","11":"category-politicas","12":"category-sociedade-civil","13":"category-solucoes","14":"tag-alerj","15":"tag-aluguel-social","16":"tag-censo","17":"tag-comissao-de-direitos-humanos-alerj","18":"tag-deficit-habitacional","19":"tag-direito-a-moradia","20":"tag-direitos-humanos","21":"tag-eliomar-coelho","22":"tag-estado-do-rio","23":"tag-flavio-serafini","24":"tag-habitacao-acessivel","25":"tag-habitacao-publica","26":"tag-lei-de-habitacao","27":"tag-mnlm","28":"tag-moradia","29":"tag-moradias-precarias","30":"tag-negligencia-do-estado","31":"tag-pobreza","32":"tag-psol","33":"tag-pt","34":"tag-renata-souza-psol","35":"tag-ufrj","36":"tag-waldeck-carneiro-da-silva-pt","37":"tag-zeidan-lula-pt","38":"writer-zaynah-karem","39":"translator-geovanna-giannini"},"acf":[],"yoast_head":"<!-- This site is optimized with the Yoast SEO plugin v25.6 - https:\/\/yoast.com\/wordpress\/plugins\/seo\/ -->\n<title>Audi\u00eancia na ALERJ Debate Acesso \u00e0 Moradia e M\u00e1 Gest\u00e3o Or\u00e7ament\u00e1ria - RioOnWatch<\/title>\n<meta name=\"robots\" content=\"index, follow, max-snippet:-1, max-image-preview:large, max-video-preview:-1\" \/>\n<link rel=\"canonical\" href=\"https:\/\/rioonwatch.org.br\/?p=41694\" \/>\n<meta property=\"og:locale\" content=\"pt_BR\" \/>\n<meta property=\"og:type\" content=\"article\" \/>\n<meta property=\"og:title\" content=\"Audi\u00eancia na ALERJ Debate Acesso \u00e0 Moradia e M\u00e1 Gest\u00e3o Or\u00e7ament\u00e1ria - RioOnWatch\" \/>\n<meta property=\"og:description\" content=\"Click Here for English No dia 26 de junho, ativistas do direito \u00e0 moradia e l\u00edderes comunit\u00e1rios lotaram a Assembl\u00e9ia Legislativa do Estado do Rio de Janeiro (ALERJ) para uma audi\u00eancia p\u00fablica sobre pol\u00edtica de [...]\" \/>\n<meta property=\"og:url\" content=\"https:\/\/rioonwatch.org.br\/?p=41694\" \/>\n<meta property=\"og:site_name\" content=\"RioOnWatch\" \/>\n<meta property=\"article:published_time\" content=\"2019-07-08T13:03:39+00:00\" \/>\n<meta property=\"article:modified_time\" content=\"2023-05-09T12:55:25+00:00\" \/>\n<meta property=\"og:image\" content=\"https:\/\/rioonwatch.org.br\/wp-content\/uploads\/2019\/07\/Alerja-moradia.jpg\" \/>\n\t<meta property=\"og:image:width\" content=\"1200\" \/>\n\t<meta property=\"og:image:height\" content=\"800\" \/>\n\t<meta property=\"og:image:type\" content=\"image\/jpeg\" \/>\n<meta name=\"author\" content=\"Luisa Fenizola\" \/>\n<meta name=\"twitter:card\" content=\"summary_large_image\" \/>\n<meta name=\"twitter:label1\" content=\"Escrito por\" \/>\n\t<meta name=\"twitter:data1\" content=\"Luisa Fenizola\" \/>\n\t<meta name=\"twitter:label2\" content=\"Est. tempo de leitura\" \/>\n\t<meta name=\"twitter:data2\" content=\"5 minutos\" \/>\n<script type=\"application\/ld+json\" class=\"yoast-schema-graph\">{\"@context\":\"https:\/\/schema.org\",\"@graph\":[{\"@type\":\"Article\",\"@id\":\"https:\/\/rioonwatch.org.br\/?p=41694#article\",\"isPartOf\":{\"@id\":\"https:\/\/rioonwatch.org.br\/?p=41694\"},\"author\":{\"name\":\"Luisa Fenizola\",\"@id\":\"https:\/\/rioonwatch.org.br\/#\/schema\/person\/f443c6b55bb6e80842280318076491c5\"},\"headline\":\"Audi\u00eancia na ALERJ Debate Acesso \u00e0 Moradia e M\u00e1 Gest\u00e3o Or\u00e7ament\u00e1ria\",\"datePublished\":\"2019-07-08T13:03:39+00:00\",\"dateModified\":\"2023-05-09T12:55:25+00:00\",\"mainEntityOfPage\":{\"@id\":\"https:\/\/rioonwatch.org.br\/?p=41694\"},\"wordCount\":923,\"publisher\":{\"@id\":\"https:\/\/rioonwatch.org.br\/#organization\"},\"image\":{\"@id\":\"https:\/\/rioonwatch.org.br\/?p=41694#primaryimage\"},\"thumbnailUrl\":\"https:\/\/rioonwatch.org.br\/wp-content\/uploads\/2019\/07\/Alerja-moradia.jpg\",\"keywords\":[\"Alerj\",\"Aluguel social\",\"censo\",\"Comiss\u00e3o de Direitos Humanos - Alerj\",\"d\u00e9ficit habitacional\",\"Direito \u00e0 Moradia\",\"Direitos Humanos\",\"Eliomar Coelho (PSB)\",\"Estado do Rio\",\"Fl\u00e1vio Serafini\",\"habita\u00e7\u00e3o acess\u00edvel\",\"habita\u00e7\u00e3o p\u00fablica\",\"lei de habita\u00e7\u00e3o\",\"MNLM\",\"moradia\",\"moradias prec\u00e1rias\",\"Neglig\u00eancia do Estado\",\"pobreza\",\"PSOL\",\"PT\",\"Renata Souza\",\"UFRJ\",\"Waldeck Carneiro da Silva (PSB)\",\"Zeidan Lula (PT)\"],\"articleSection\":[\"#OlhoNaParticipa\u00e7\u00e3o\",\"*Destaque\",\"Cobertura de Eventos\",\"Escrito por Aliados\",\"Pol\u00edticas\",\"Sociedade Civil\",\"Solu\u00e7\u00f5es\"],\"inLanguage\":\"pt-BR\"},{\"@type\":\"WebPage\",\"@id\":\"https:\/\/rioonwatch.org.br\/?p=41694\",\"url\":\"https:\/\/rioonwatch.org.br\/?p=41694\",\"name\":\"Audi\u00eancia na ALERJ Debate Acesso \u00e0 Moradia e M\u00e1 Gest\u00e3o Or\u00e7ament\u00e1ria - RioOnWatch\",\"isPartOf\":{\"@id\":\"https:\/\/rioonwatch.org.br\/#website\"},\"primaryImageOfPage\":{\"@id\":\"https:\/\/rioonwatch.org.br\/?p=41694#primaryimage\"},\"image\":{\"@id\":\"https:\/\/rioonwatch.org.br\/?p=41694#primaryimage\"},\"thumbnailUrl\":\"https:\/\/rioonwatch.org.br\/wp-content\/uploads\/2019\/07\/Alerja-moradia.jpg\",\"datePublished\":\"2019-07-08T13:03:39+00:00\",\"dateModified\":\"2023-05-09T12:55:25+00:00\",\"breadcrumb\":{\"@id\":\"https:\/\/rioonwatch.org.br\/?p=41694#breadcrumb\"},\"inLanguage\":\"pt-BR\",\"potentialAction\":[{\"@type\":\"ReadAction\",\"target\":[\"https:\/\/rioonwatch.org.br\/?p=41694\"]}]},{\"@type\":\"ImageObject\",\"inLanguage\":\"pt-BR\",\"@id\":\"https:\/\/rioonwatch.org.br\/?p=41694#primaryimage\",\"url\":\"https:\/\/rioonwatch.org.br\/wp-content\/uploads\/2019\/07\/Alerja-moradia.jpg\",\"contentUrl\":\"https:\/\/rioonwatch.org.br\/wp-content\/uploads\/2019\/07\/Alerja-moradia.jpg\",\"width\":1200,\"height\":800},{\"@type\":\"BreadcrumbList\",\"@id\":\"https:\/\/rioonwatch.org.br\/?p=41694#breadcrumb\",\"itemListElement\":[{\"@type\":\"ListItem\",\"position\":1,\"name\":\"In\u00edcio\",\"item\":\"https:\/\/rioonwatch.org.br\/\"},{\"@type\":\"ListItem\",\"position\":2,\"name\":\"Audi\u00eancia na ALERJ Debate Acesso \u00e0 Moradia e M\u00e1 Gest\u00e3o Or\u00e7ament\u00e1ria\"}]},{\"@type\":\"WebSite\",\"@id\":\"https:\/\/rioonwatch.org.br\/#website\",\"url\":\"https:\/\/rioonwatch.org.br\/\",\"name\":\"RioOnWatch\",\"description\":\"relatos das favelas cariocas\",\"publisher\":{\"@id\":\"https:\/\/rioonwatch.org.br\/#organization\"},\"potentialAction\":[{\"@type\":\"SearchAction\",\"target\":{\"@type\":\"EntryPoint\",\"urlTemplate\":\"https:\/\/rioonwatch.org.br\/?s={search_term_string}\"},\"query-input\":{\"@type\":\"PropertyValueSpecification\",\"valueRequired\":true,\"valueName\":\"search_term_string\"}}],\"inLanguage\":\"pt-BR\"},{\"@type\":\"Organization\",\"@id\":\"https:\/\/rioonwatch.org.br\/#organization\",\"name\":\"RioOnWatch\",\"url\":\"https:\/\/rioonwatch.org.br\/\",\"logo\":{\"@type\":\"ImageObject\",\"inLanguage\":\"pt-BR\",\"@id\":\"https:\/\/rioonwatch.org.br\/#\/schema\/logo\/image\/\",\"url\":\"https:\/\/rioonwatch.org.br\/wp-content\/uploads\/2021\/06\/RioOnWatchcabecalhoPT11anos-2.png\",\"contentUrl\":\"https:\/\/rioonwatch.org.br\/wp-content\/uploads\/2021\/06\/RioOnWatchcabecalhoPT11anos-2.png\",\"width\":779,\"height\":277,\"caption\":\"RioOnWatch\"},\"image\":{\"@id\":\"https:\/\/rioonwatch.org.br\/#\/schema\/logo\/image\/\"}},{\"@type\":\"Person\",\"@id\":\"https:\/\/rioonwatch.org.br\/#\/schema\/person\/f443c6b55bb6e80842280318076491c5\",\"name\":\"Luisa Fenizola\",\"image\":{\"@type\":\"ImageObject\",\"inLanguage\":\"pt-BR\",\"@id\":\"https:\/\/rioonwatch.org.br\/#\/schema\/person\/image\/\",\"url\":\"https:\/\/secure.gravatar.com\/avatar\/a3d551110162b9f876cbbdaaecf75663?s=96&d=blank&r=g\",\"contentUrl\":\"https:\/\/secure.gravatar.com\/avatar\/a3d551110162b9f876cbbdaaecf75663?s=96&d=blank&r=g\",\"caption\":\"Luisa Fenizola\"},\"url\":\"https:\/\/rioonwatch.org.br\/?author=152\"}]}<\/script>\n<!-- \/ Yoast SEO plugin. -->","yoast_head_json":{"title":"Audi\u00eancia na ALERJ Debate Acesso \u00e0 Moradia e M\u00e1 Gest\u00e3o Or\u00e7ament\u00e1ria - RioOnWatch","robots":{"index":"index","follow":"follow","max-snippet":"max-snippet:-1","max-image-preview":"max-image-preview:large","max-video-preview":"max-video-preview:-1"},"canonical":"https:\/\/rioonwatch.org.br\/?p=41694","og_locale":"pt_BR","og_type":"article","og_title":"Audi\u00eancia na ALERJ Debate Acesso \u00e0 Moradia e M\u00e1 Gest\u00e3o Or\u00e7ament\u00e1ria - RioOnWatch","og_description":"Click Here for English No dia 26 de junho, ativistas do direito \u00e0 moradia e l\u00edderes comunit\u00e1rios lotaram a Assembl\u00e9ia Legislativa do Estado do Rio de Janeiro (ALERJ) para uma audi\u00eancia p\u00fablica sobre pol\u00edtica de [...]","og_url":"https:\/\/rioonwatch.org.br\/?p=41694","og_site_name":"RioOnWatch","article_published_time":"2019-07-08T13:03:39+00:00","article_modified_time":"2023-05-09T12:55:25+00:00","og_image":[{"width":1200,"height":800,"url":"https:\/\/rioonwatch.org.br\/wp-content\/uploads\/2019\/07\/Alerja-moradia.jpg","type":"image\/jpeg"}],"author":"Luisa Fenizola","twitter_card":"summary_large_image","twitter_misc":{"Escrito por":"Luisa Fenizola","Est. tempo de leitura":"5 minutos"},"schema":{"@context":"https:\/\/schema.org","@graph":[{"@type":"Article","@id":"https:\/\/rioonwatch.org.br\/?p=41694#article","isPartOf":{"@id":"https:\/\/rioonwatch.org.br\/?p=41694"},"author":{"name":"Luisa Fenizola","@id":"https:\/\/rioonwatch.org.br\/#\/schema\/person\/f443c6b55bb6e80842280318076491c5"},"headline":"Audi\u00eancia na ALERJ Debate Acesso \u00e0 Moradia e M\u00e1 Gest\u00e3o Or\u00e7ament\u00e1ria","datePublished":"2019-07-08T13:03:39+00:00","dateModified":"2023-05-09T12:55:25+00:00","mainEntityOfPage":{"@id":"https:\/\/rioonwatch.org.br\/?p=41694"},"wordCount":923,"publisher":{"@id":"https:\/\/rioonwatch.org.br\/#organization"},"image":{"@id":"https:\/\/rioonwatch.org.br\/?p=41694#primaryimage"},"thumbnailUrl":"https:\/\/rioonwatch.org.br\/wp-content\/uploads\/2019\/07\/Alerja-moradia.jpg","keywords":["Alerj","Aluguel social","censo","Comiss\u00e3o de Direitos Humanos - Alerj","d\u00e9ficit habitacional","Direito \u00e0 Moradia","Direitos Humanos","Eliomar Coelho (PSB)","Estado do Rio","Fl\u00e1vio Serafini","habita\u00e7\u00e3o acess\u00edvel","habita\u00e7\u00e3o p\u00fablica","lei de habita\u00e7\u00e3o","MNLM","moradia","moradias prec\u00e1rias","Neglig\u00eancia do Estado","pobreza","PSOL","PT","Renata Souza","UFRJ","Waldeck Carneiro da Silva (PSB)","Zeidan Lula (PT)"],"articleSection":["#OlhoNaParticipa\u00e7\u00e3o","*Destaque","Cobertura de Eventos","Escrito por Aliados","Pol\u00edticas","Sociedade Civil","Solu\u00e7\u00f5es"],"inLanguage":"pt-BR"},{"@type":"WebPage","@id":"https:\/\/rioonwatch.org.br\/?p=41694","url":"https:\/\/rioonwatch.org.br\/?p=41694","name":"Audi\u00eancia na ALERJ Debate Acesso \u00e0 Moradia e M\u00e1 Gest\u00e3o Or\u00e7ament\u00e1ria - RioOnWatch","isPartOf":{"@id":"https:\/\/rioonwatch.org.br\/#website"},"primaryImageOfPage":{"@id":"https:\/\/rioonwatch.org.br\/?p=41694#primaryimage"},"image":{"@id":"https:\/\/rioonwatch.org.br\/?p=41694#primaryimage"},"thumbnailUrl":"https:\/\/rioonwatch.org.br\/wp-content\/uploads\/2019\/07\/Alerja-moradia.jpg","datePublished":"2019-07-08T13:03:39+00:00","dateModified":"2023-05-09T12:55:25+00:00","breadcrumb":{"@id":"https:\/\/rioonwatch.org.br\/?p=41694#breadcrumb"},"inLanguage":"pt-BR","potentialAction":[{"@type":"ReadAction","target":["https:\/\/rioonwatch.org.br\/?p=41694"]}]},{"@type":"ImageObject","inLanguage":"pt-BR","@id":"https:\/\/rioonwatch.org.br\/?p=41694#primaryimage","url":"https:\/\/rioonwatch.org.br\/wp-content\/uploads\/2019\/07\/Alerja-moradia.jpg","contentUrl":"https:\/\/rioonwatch.org.br\/wp-content\/uploads\/2019\/07\/Alerja-moradia.jpg","width":1200,"height":800},{"@type":"BreadcrumbList","@id":"https:\/\/rioonwatch.org.br\/?p=41694#breadcrumb","itemListElement":[{"@type":"ListItem","position":1,"name":"In\u00edcio","item":"https:\/\/rioonwatch.org.br\/"},{"@type":"ListItem","position":2,"name":"Audi\u00eancia na ALERJ Debate Acesso \u00e0 Moradia e M\u00e1 Gest\u00e3o Or\u00e7ament\u00e1ria"}]},{"@type":"WebSite","@id":"https:\/\/rioonwatch.org.br\/#website","url":"https:\/\/rioonwatch.org.br\/","name":"RioOnWatch","description":"relatos das favelas cariocas","publisher":{"@id":"https:\/\/rioonwatch.org.br\/#organization"},"potentialAction":[{"@type":"SearchAction","target":{"@type":"EntryPoint","urlTemplate":"https:\/\/rioonwatch.org.br\/?s={search_term_string}"},"query-input":{"@type":"PropertyValueSpecification","valueRequired":true,"valueName":"search_term_string"}}],"inLanguage":"pt-BR"},{"@type":"Organization","@id":"https:\/\/rioonwatch.org.br\/#organization","name":"RioOnWatch","url":"https:\/\/rioonwatch.org.br\/","logo":{"@type":"ImageObject","inLanguage":"pt-BR","@id":"https:\/\/rioonwatch.org.br\/#\/schema\/logo\/image\/","url":"https:\/\/rioonwatch.org.br\/wp-content\/uploads\/2021\/06\/RioOnWatchcabecalhoPT11anos-2.png","contentUrl":"https:\/\/rioonwatch.org.br\/wp-content\/uploads\/2021\/06\/RioOnWatchcabecalhoPT11anos-2.png","width":779,"height":277,"caption":"RioOnWatch"},"image":{"@id":"https:\/\/rioonwatch.org.br\/#\/schema\/logo\/image\/"}},{"@type":"Person","@id":"https:\/\/rioonwatch.org.br\/#\/schema\/person\/f443c6b55bb6e80842280318076491c5","name":"Luisa Fenizola","image":{"@type":"ImageObject","inLanguage":"pt-BR","@id":"https:\/\/rioonwatch.org.br\/#\/schema\/person\/image\/","url":"https:\/\/secure.gravatar.com\/avatar\/a3d551110162b9f876cbbdaaecf75663?s=96&d=blank&r=g","contentUrl":"https:\/\/secure.gravatar.com\/avatar\/a3d551110162b9f876cbbdaaecf75663?s=96&d=blank&r=g","caption":"Luisa Fenizola"},"url":"https:\/\/rioonwatch.org.br\/?author=152"}]}},"_links":{"self":[{"href":"https:\/\/rioonwatch.org.br\/index.php?rest_route=\/wp\/v2\/posts\/41694"}],"collection":[{"href":"https:\/\/rioonwatch.org.br\/index.php?rest_route=\/wp\/v2\/posts"}],"about":[{"href":"https:\/\/rioonwatch.org.br\/index.php?rest_route=\/wp\/v2\/types\/post"}],"author":[{"embeddable":true,"href":"https:\/\/rioonwatch.org.br\/index.php?rest_route=\/wp\/v2\/users\/152"}],"replies":[{"embeddable":true,"href":"https:\/\/rioonwatch.org.br\/index.php?rest_route=%2Fwp%2Fv2%2Fcomments&post=41694"}],"version-history":[{"count":14,"href":"https:\/\/rioonwatch.org.br\/index.php?rest_route=\/wp\/v2\/posts\/41694\/revisions"}],"predecessor-version":[{"id":41719,"href":"https:\/\/rioonwatch.org.br\/index.php?rest_route=\/wp\/v2\/posts\/41694\/revisions\/41719"}],"wp:featuredmedia":[{"embeddable":true,"href":"https:\/\/rioonwatch.org.br\/index.php?rest_route=\/wp\/v2\/media\/41695"}],"wp:attachment":[{"href":"https:\/\/rioonwatch.org.br\/index.php?rest_route=%2Fwp%2Fv2%2Fmedia&parent=41694"}],"wp:term":[{"taxonomy":"category","embeddable":true,"href":"https:\/\/rioonwatch.org.br\/index.php?rest_route=%2Fwp%2Fv2%2Fcategories&post=41694"},{"taxonomy":"post_tag","embeddable":true,"href":"https:\/\/rioonwatch.org.br\/index.php?rest_route=%2Fwp%2Fv2%2Ftags&post=41694"},{"taxonomy":"writer","embeddable":true,"href":"https:\/\/rioonwatch.org.br\/index.php?rest_route=%2Fwp%2Fv2%2Fwriter&post=41694"},{"taxonomy":"translator","embeddable":true,"href":"https:\/\/rioonwatch.org.br\/index.php?rest_route=%2Fwp%2Fv2%2Ftranslator&post=41694"},{"taxonomy":"source","embeddable":true,"href":"https:\/\/rioonwatch.org.br\/index.php?rest_route=%2Fwp%2Fv2%2Fsource&post=41694"},{"taxonomy":"ilustrador","embeddable":true,"href":"https:\/\/rioonwatch.org.br\/index.php?rest_route=%2Fwp%2Fv2%2Filustrador&post=41694"},{"taxonomy":"fotografo","embeddable":true,"href":"https:\/\/rioonwatch.org.br\/index.php?rest_route=%2Fwp%2Fv2%2Ffotografo&post=41694"}],"curies":[{"name":"wp","href":"https:\/\/api.w.org\/{rel}","templated":true}]}}