{"id":41770,"date":"2019-07-15T07:00:56","date_gmt":"2019-07-15T10:00:56","guid":{"rendered":"https:\/\/rioonwatch.org.br\/?p=41770"},"modified":"2021-01-21T11:40:35","modified_gmt":"2021-01-21T14:40:35","slug":"e-voices-o-uso-de-redes-digitais-para-promover-conectividade-em-favelas-do-sul-global","status":"publish","type":"post","link":"https:\/\/rioonwatch.org.br\/?p=41770","title":{"rendered":"E-Voices: O Uso de Redes Digitais para Promover Conectividade em Favelas do Sul Global"},"content":{"rendered":"<p style=\"text-align: right;\"><em><strong><a href=\"http:\/\/bit.ly\/2LIUql8\" target=\"_blank\" rel=\"noopener noreferrer\">Click Here for English<\/a><a href=\"http:\/\/bit.ly\/2LIUql8\" target=\"_blank\" rel=\"noopener noreferrer\"><img decoding=\"async\" width=\"20\" height=\"20\" class=\"alignright wp-image-15790\" src=\"http:\/\/rioonwatch.org.br\/wp-content\/uploads\/2012\/08\/EN-standard-e1439583104716.jpg\" \/><\/a><\/strong><\/em><\/p>\n<p>No dia 18 de junho, o semin\u00e1rio entitulado &#8220;<a href=\"http:\/\/bit.ly\/31xToxZ\" target=\"_blank\" rel=\"noopener noreferrer\">Experi\u00eancias Ativistas do Brasil e do Sul Global<\/a>&#8221; foi realizado na <a href=\"http:\/\/bit.ly\/2wR1FPk\" target=\"_blank\" rel=\"noopener noreferrer\">UFF<\/a>\u00a0em <a href=\"http:\/\/bit.ly\/2xtrOnO\" target=\"_blank\" rel=\"noopener noreferrer\">Niter\u00f3i<\/a>. O evento, com dura\u00e7\u00e3o de um dia inteiro, enfocou em formas pelas quais os pa\u00edses do Sul Global podem conectar-se atrav\u00e9s de plataformas digitais para promover o ativismo por direitos humanos numa escala global. Os palestrantes apresentaram ideias sobre o uso das tecnologias e m\u00eddias sociais para promover direitos pol\u00edticos em favelas.<\/p>\n<p><a href=\"https:\/\/rioonwatch.org.br\/wp-content\/uploads\/2019\/07\/eVoices-jornalistas-comunit\u00e1rios.jpg\"><img fetchpriority=\"high\" decoding=\"async\" class=\"aligncenter wp-image-41773 size-medium\" title=\"Imagem: P\u00e1gina do Facebook do Dissemina\" src=\"https:\/\/rioonwatch.org.br\/wp-content\/uploads\/2019\/07\/eVoices-jornalistas-comunit\u00e1rios-620x370.jpg\" alt=\"\" width=\"620\" height=\"370\" srcset=\"https:\/\/rioonwatch.org.br\/wp-content\/uploads\/2019\/07\/eVoices-jornalistas-comunit\u00e1rios-620x370.jpg 620w, https:\/\/rioonwatch.org.br\/wp-content\/uploads\/2019\/07\/eVoices-jornalistas-comunit\u00e1rios-442x264.jpg 442w, https:\/\/rioonwatch.org.br\/wp-content\/uploads\/2019\/07\/eVoices-jornalistas-comunit\u00e1rios-768x459.jpg 768w, https:\/\/rioonwatch.org.br\/wp-content\/uploads\/2019\/07\/eVoices-jornalistas-comunit\u00e1rios-1024x612.jpg 1024w, https:\/\/rioonwatch.org.br\/wp-content\/uploads\/2019\/07\/eVoices-jornalistas-comunit\u00e1rios.jpg 1200w\" sizes=\"(max-width: 620px) 100vw, 620px\" \/><\/a><\/p>\n<p>O semin\u00e1rio come\u00e7ou com uma s\u00e9rie de atividades sobre o tema &#8220;<a href=\"http:\/\/bit.ly\/2rbupiT\" target=\"_blank\" rel=\"noopener noreferrer\">Redes e Pontes entre Brasil e \u00c1frica<\/a>&#8220;, seguido por um painel de discuss\u00e3o sobre &#8220;Artivismo e A\u00e7\u00f5es Criativas para Combater a Marginaliza\u00e7\u00e3o&#8221; com os comunicadores comunit\u00e1rios <a href=\"http:\/\/bit.ly\/2B1M933\" target=\"_blank\" rel=\"noopener noreferrer\">Thain\u00e3 de Medeiros<\/a> do <a href=\"http:\/\/bit.ly\/2j30cx7\" target=\"_blank\" rel=\"noopener noreferrer\">Coletivo Papo Reto<\/a>, Anderson Caboi da <a href=\"http:\/\/bit.ly\/2hLTvmu\">Mar\u00e9 0800<\/a>, Andressa N\u00fabia do <a href=\"http:\/\/bit.ly\/2bg2p8p\">coletivo GatoM\u00cdDIA<\/a>\u00a0e Tatiana Lima do <a href=\"http:\/\/bit.ly\/2KFfglT\">N\u00facleo Piratininga de Comunica\u00e7\u00e3o<\/a>.<\/p>\n<p>Apresentando o \u00faltimo painel do dia, sobre o t\u00f3pico &#8220;Tecnologias, Ra\u00e7a, G\u00eanero e Direitos Humanos no Sul Global&#8221;, a professora da UFF Andrea Medrado falou sobre o <a href=\"http:\/\/bit.ly\/2LNwayk\" target=\"_blank\" rel=\"noopener noreferrer\">Guia <em>e-Voices<\/em> para Praticantes sobre &#8220;Ativismo, Art-ivismo e M\u00eddia Digital para Reduzir a Marginaliza\u00e7\u00e3o&#8221;<\/a> organizado pelo <a href=\"http:\/\/bit.ly\/2KI2y5G\" target=\"_blank\" rel=\"noopener noreferrer\">projeto de extens\u00e3o Dissemina<\/a>\u00a0da UFF, em parceria com <em><a href=\"http:\/\/bit.ly\/2Ky7Dtf\">e-Voices Redressing Marginality<\/a><\/em> (<em>e-Voices<\/em> Rediscutindo a Marginaliza\u00e7\u00e3o), uma rede que investiga como grupos marginalizados no Brasil, Qu\u00eania, e S\u00edria usam as m\u00eddias sociais para promover a cidadania ativa e direitos pol\u00edticos. O guia detalha formas pelas quais uma rede internacional de acad\u00eamicos e ativistas que focaram, primeiramente, no Sul Global podem explorar o tema da marginaliza\u00e7\u00e3o e tamb\u00e9m como a m\u00eddia social pode ser usada como ferramenta por grupos marginalizados para que suas vozes sejam ouvidas.<\/p>\n<p><a href=\"https:\/\/rioonwatch.org.br\/wp-content\/uploads\/2019\/07\/P\u00fablico-eVoices.jpg\"><img decoding=\"async\" class=\"aligncenter wp-image-41774 size-content\" title=\"Imagem: P\u00e1gina do Facebook do Dissemina\" src=\"https:\/\/rioonwatch.org.br\/wp-content\/uploads\/2019\/07\/P\u00fablico-eVoices-620x264.jpg\" alt=\"\" width=\"620\" height=\"264\" srcset=\"https:\/\/rioonwatch.org.br\/wp-content\/uploads\/2019\/07\/P\u00fablico-eVoices-620x264.jpg 620w, https:\/\/rioonwatch.org.br\/wp-content\/uploads\/2019\/07\/P\u00fablico-eVoices-940x400.jpg 940w\" sizes=\"(max-width: 620px) 100vw, 620px\" \/><\/a><\/p>\n<p>Como Andrea explicou, o Guia <em>e-Voices<\/em> para Praticantes baseia-se nas experi\u00eancias de ativistas, moradores de favelas e profissionais que usam a m\u00eddia para combater a marginaliza\u00e7\u00e3o. O guia discute tanto as vantagens quanto os desafios que as m\u00eddias sociais trazem aos ativistas de favelas, focando em dois grupos proeminentes baseados em favelas do Rio: o <a href=\"http:\/\/bit.ly\/2hmyYmP\" target=\"_blank\" rel=\"noopener noreferrer\">Mar\u00e9 Vive<\/a>, no <a href=\"http:\/\/bit.ly\/2K1s59x\" target=\"_blank\" rel=\"noopener noreferrer\">Complexo da Mar\u00e9<\/a> e o Coletivo Papo Reto, no <a href=\"http:\/\/bit.ly\/2Jz2yW3\" target=\"_blank\" rel=\"noopener noreferrer\">Complexo do Alem\u00e3o<\/a>.<\/p>\n<p>Mar\u00e9 Vive foi criado em 2014 para cobrir a <a href=\"http:\/\/bit.ly\/2Y0ip5N\" target=\"_blank\" rel=\"noopener noreferrer\">ocupa\u00e7\u00e3o militar da Mar\u00e9<\/a> antes da Copa do Mundo <a href=\"http:\/\/bit.ly\/1qwYRu4\" target=\"_blank\" rel=\"noopener noreferrer\">atrav\u00e9s da perspectiva dos moradores<\/a>, usando a m\u00eddia social\u2014principalmente a p\u00e1gina do grupo <a href=\"http:\/\/bit.ly\/2c78Meb\">no Facebook<\/a>\u2014como uma plataforma para compartilhar informa\u00e7\u00f5es e atualiza\u00e7\u00f5es ao vivo sobre as opera\u00e7\u00f5es policiais na comunidade, para manter os moradores seguros. Nos anos que se seguiram, Mar\u00e9 Vive tornou-se uma plataforma onde os moradores tamb\u00e9m podem postar oportunidades de emprego, realiza\u00e7\u00f5es, eventos, e cursos dispon\u00edveis aos moradores da Mar\u00e9. Da mesma forma, o Coletivo Papo Reto foi criado no Complexo do Alem\u00e3o como uma rede para moradores durante tempos de crise, servindo para informar uns aos outros sobre a situa\u00e7\u00e3o das fam\u00edlias afetadas <a href=\"http:\/\/bit.ly\/2Jw87T7\" target=\"_blank\" rel=\"noopener noreferrer\">pelas fortes chuvas, <\/a><a href=\"http:\/\/bit.ly\/2Jw87T7\" target=\"_blank\" rel=\"noopener noreferrer\">particularmente devastadoras,<\/a><a href=\"http:\/\/bit.ly\/2Jw87T7\" target=\"_blank\" rel=\"noopener noreferrer\"> de 2013<\/a>, e para mobilizar a comunidade para reunir-se e distribuir alimentos, roupas e outros produtos b\u00e1sicos para os afetados. Ao longo dos anos, o grupo tornou-se uma ampla rede de jornalistas cidad\u00e3os e ativistas trabalhando para <a href=\"http:\/\/bit.ly\/2LNWto8\" target=\"_blank\" rel=\"noopener noreferrer\">disputar narrativas com a grande m\u00eddia<\/a>, documentar abusos policiais, e compartilhar not\u00edcias da comunidade atrav\u00e9s do uso estrat\u00e9gico das m\u00eddias sociais.<\/p>\n<p>Estas plataformas de m\u00eddia online t\u00eam dado aos ativistas, ONGs, e moradores a oportunidade n\u00e3o apenas de <a href=\"http:\/\/bit.ly\/2N7Ivzc\" target=\"_blank\" rel=\"noopener noreferrer\">melhorar a conectividade dentro das favelas<\/a> numa <a href=\"http:\/\/bit.ly\/2AGWohf\" target=\"_blank\" rel=\"noopener noreferrer\">escala sem precedentes<\/a>, como tamb\u00e9m de conectar diferentes favelas por toda a cidade. Fora do Rio, as plataformas t\u00eam atra\u00eddo aten\u00e7\u00e3o internacional e formado redes bem-sucedidas com organiza\u00e7\u00f5es especializadas em tecnologia de m\u00eddia e seguran\u00e7a de dados em todo o mundo, como a\u00a0organiza\u00e7\u00e3o de direitos humanos baseada em Nova Iorque, <a href=\"http:\/\/bit.ly\/1Ptz1mh\" target=\"_blank\" rel=\"noopener noreferrer\">Witness<\/a>, que \u00e9 parceira do Coletivo Papo Reto. Estas redes solid\u00e1rias permitem que os moradores continuem o seu ativismo num n\u00edvel local com plataformas criadas e administradas por eles mesmos\u2014guiadas pelo princ\u00edpio de &#8220;n\u00f3s por n\u00f3s&#8221;\u2014ao passo que tamb\u00e9m ganham o conhecimento e recursos dos profissionais de m\u00eddia e tecnologia que podem ajudar a proteger a seguran\u00e7a pessoal dos ativistas.<\/p>\n<p>Refletindo sobre as experi\u00eancias do Coletivo Papo Reto e da Mar\u00e9 Vive, o <a href=\"http:\/\/bit.ly\/2LNwayk\" target=\"_blank\" rel=\"noopener noreferrer\">Guia <em>e-Voices<\/em> enumera<\/a> uma lista de li\u00e7\u00f5es e estrat\u00e9gias que contribu\u00edram para a efic\u00e1cia destes grupos como plataformas comunit\u00e1rias com alcance global:<\/p>\n<ol>\n<li>Iniciativas que v\u00eam debaixo para cima<\/li>\n<li>Conhecimento local e relev\u00e2ncia<\/li>\n<li>Expertise em m\u00eddia comunit\u00e1ria<\/li>\n<li>Redes entre favelas<\/li>\n<li>Redes internacionais<\/li>\n<li>Seguran\u00e7a de dados<\/li>\n<li>Prote\u00e7\u00e3o online no dia a dia<\/li>\n<li>Orgulho da favela<\/li>\n<li>Entrar na pol\u00edtica institucionalizada<\/li>\n<\/ol>\n<p>Da mesma forma, o guia detalha os muitos desafios enfrentados por estes grupos ativistas, incluindo &#8220;sustentabilidade financeira, desconfian\u00e7a generalizada a cerca das ONGs, desconfian\u00e7a generalizada acerca da m\u00eddia comercial convencional, profissionalismo versus autenticidade, [necessidade de] mais conex\u00e3o entre as iniciativas, regulamenta\u00e7\u00e3o e concorr\u00eancia da m\u00eddia, descr\u00e9dito do judici\u00e1rio, e vigil\u00e2ncia&#8221;.<\/p>\n<p>Para abordar este desafio de conectividade entre iniciativas, uma das metas da Rede<em> e-Voices<\/em> \u00e9 conectar favelas e outras comunidades informais em todo o Sul Global por meio das m\u00eddias sociais. Embora haja muito ativismo com a finalidade de promover conex\u00f5es digitais e presenciais entre os moradores de favelas no Brasil, levar estas conex\u00f5es ao n\u00edvel global traz o seu pr\u00f3prio conjunto de desafios. &#8220;Estas trocas entre pa\u00edses do Sul Global na verdade s\u00e3o raras. N\u00f3s n\u00e3o trocamos, n\u00e3o conversamos diretamente&#8221;, afirmou Andrea. Para promover a conectividade internacional, a Rede<em> e-Voices<\/em> busca &#8220;reunir acad\u00eamicos, pesquisadores, ativistas, profissionais e ONGs para realizar a troca uns com os outros&#8221;.<\/p>\n<p><a href=\"https:\/\/rioonwatch.org.br\/wp-content\/uploads\/2019\/07\/evoices2.jpg\"><img loading=\"lazy\" decoding=\"async\" class=\"aligncenter wp-image-41775 size-full\" title=\"Painel com Renata Souza, \u00c1tila Roque e Andrea Medrado\" src=\"https:\/\/rioonwatch.org.br\/wp-content\/uploads\/2019\/07\/evoices2.jpg\" alt=\"\" width=\"620\" height=\"264\" \/><\/a><\/p>\n<p>Outra palestrante destacada no semin\u00e1rio foi a Deputada Estadual <a href=\"http:\/\/bit.ly\/2MVxDF1\" target=\"_blank\" rel=\"noopener noreferrer\">Renata Souza<\/a>, que tamb\u00e9m \u00e9 membro da Rede <em>e-Voices<\/em>. Renata falou sobre a import\u00e2ncia das m\u00eddias sociais para os moradores de favelas, n\u00e3o somente para conectar com ativistas, pesquisadores e promover os seus direitos pol\u00edticos e sociais, mas tamb\u00e9m para <a href=\"http:\/\/bit.ly\/2N7Ivzc\" target=\"_blank\" rel=\"noopener noreferrer\">afirmar o seu direito \u00e0 visibilidade<\/a>. Para os moradores das comunidades sistematicamente negligenciadas, as m\u00eddias sociais podem servir como uma plataforma indispens\u00e1vel para torn\u00e1-los vis\u00edveis e fazer com que sejam ouvidos.<\/p>\n<p>Renata tamb\u00e9m ressaltou a import\u00e2ncia das m\u00eddias sociais e da conectividade como ferramentas para os moradores de favelas criarem as suas pr\u00f3prias hist\u00f3rias e se retratarem de formas que lhes sejam ben\u00e9ficas e que os ajudem na sua luta por direitos. &#8220;Quando as pessoas querem criar as suas pr\u00f3prias hist\u00f3rias, elas precisam ser reconhecidas\u2014elas precisam ser vistas&#8221;, ela afirmou.<\/p>\n<!-- AddThis Advanced Settings generic via filter on the_content --><!-- AddThis Share Buttons generic via filter on the_content -->","protected":false},"excerpt":{"rendered":"<div class=\"mh-excerpt\"><p>Click Here for English No dia 18 de junho, o semin\u00e1rio entitulado &#8220;Experi\u00eancias Ativistas do Brasil e do Sul Global&#8221; foi realizado na UFF\u00a0em Niter\u00f3i. O evento, com dura\u00e7\u00e3o de um dia inteiro, enfocou em <a class=\"mh-excerpt-more\" href=\"https:\/\/rioonwatch.org.br\/?p=41770\" title=\"E-Voices: O Uso de Redes Digitais para Promover Conectividade em Favelas do Sul Global\">[&#8230;]<\/a><!-- AddThis Advanced Settings generic via filter on get_the_excerpt --><!-- AddThis Share Buttons generic via filter on get_the_excerpt --><\/p>\n<\/div>","protected":false},"author":152,"featured_media":41772,"comment_status":"closed","ping_status":"closed","sticky":false,"template":"","format":"standard","meta":{"_acf_changed":false,"_monsterinsights_skip_tracking":false,"_monsterinsights_sitenote_active":false,"_monsterinsights_sitenote_note":"","_monsterinsights_sitenote_category":0,"footnotes":""},"categories":[1627,1626,1613,342],"tags":[329,309,948,759,332,217,1917,333,88,2057,379,1760,2104,2491,1457,2662,2153],"writer":[2651],"translator":[1875],"source":[],"ilustrador":[],"fotografo":[],"class_list":{"0":"post-41770","1":"post","2":"type-post","3":"status-publish","4":"format-standard","5":"has-post-thumbnail","7":"category-relato-de-evento","8":"category-por-observadores-internacionais","9":"category-midia-comunitaria","10":"category-solucoes","11":"tag-africa","12":"tag-ativismo","13":"tag-coletivo","14":"tag-comparacao-internacional","15":"tag-complexo-da-mare","16":"tag-complexo-do-alemao","17":"tag-comunidade-x-academia","18":"tag-diaspora","19":"tag-direitos-humanos","20":"tag-midia-alternativa","21":"tag-midia-social","22":"tag-narrativa-midiatica","23":"tag-quenia","24":"tag-renata-souza-psol","25":"tag-tecnologia","26":"tag-tecnologia-criativa","27":"tag-uff","28":"writer-zaynah-karem","29":"translator-marina-hennies"},"acf":[],"yoast_head":"<!-- This site is optimized with the Yoast SEO plugin v25.6 - https:\/\/yoast.com\/wordpress\/plugins\/seo\/ -->\n<title>E-Voices: O Uso de Redes Digitais para Promover Conectividade em Favelas do Sul Global - RioOnWatch<\/title>\n<meta name=\"robots\" content=\"index, follow, max-snippet:-1, max-image-preview:large, max-video-preview:-1\" \/>\n<link rel=\"canonical\" href=\"https:\/\/rioonwatch.org.br\/?p=41770\" \/>\n<meta property=\"og:locale\" content=\"pt_BR\" \/>\n<meta property=\"og:type\" content=\"article\" \/>\n<meta property=\"og:title\" content=\"E-Voices: O Uso de Redes Digitais para Promover Conectividade em Favelas do Sul Global - RioOnWatch\" \/>\n<meta property=\"og:description\" content=\"Click Here for English No dia 18 de junho, o semin\u00e1rio entitulado &#8220;Experi\u00eancias Ativistas do Brasil e do Sul Global&#8221; foi realizado na UFF\u00a0em Niter\u00f3i. O evento, com dura\u00e7\u00e3o de um dia inteiro, enfocou em [...]\" \/>\n<meta property=\"og:url\" content=\"https:\/\/rioonwatch.org.br\/?p=41770\" \/>\n<meta property=\"og:site_name\" content=\"RioOnWatch\" \/>\n<meta property=\"article:published_time\" content=\"2019-07-15T10:00:56+00:00\" \/>\n<meta property=\"article:modified_time\" content=\"2021-01-21T14:40:35+00:00\" \/>\n<meta property=\"og:image\" content=\"https:\/\/rioonwatch.org.br\/wp-content\/uploads\/2019\/07\/eVoices-Dissemina1.jpg\" \/>\n\t<meta property=\"og:image:width\" content=\"1200\" \/>\n\t<meta property=\"og:image:height\" content=\"900\" \/>\n\t<meta property=\"og:image:type\" content=\"image\/jpeg\" \/>\n<meta name=\"author\" content=\"Luisa Fenizola\" \/>\n<meta name=\"twitter:card\" content=\"summary_large_image\" \/>\n<meta name=\"twitter:label1\" content=\"Escrito por\" \/>\n\t<meta name=\"twitter:data1\" content=\"Luisa Fenizola\" \/>\n\t<meta name=\"twitter:label2\" content=\"Est. tempo de leitura\" \/>\n\t<meta name=\"twitter:data2\" content=\"6 minutos\" \/>\n<script type=\"application\/ld+json\" class=\"yoast-schema-graph\">{\"@context\":\"https:\/\/schema.org\",\"@graph\":[{\"@type\":\"Article\",\"@id\":\"https:\/\/rioonwatch.org.br\/?p=41770#article\",\"isPartOf\":{\"@id\":\"https:\/\/rioonwatch.org.br\/?p=41770\"},\"author\":{\"name\":\"Luisa Fenizola\",\"@id\":\"https:\/\/rioonwatch.org.br\/#\/schema\/person\/f443c6b55bb6e80842280318076491c5\"},\"headline\":\"E-Voices: O Uso de Redes Digitais para Promover Conectividade em Favelas do Sul Global\",\"datePublished\":\"2019-07-15T10:00:56+00:00\",\"dateModified\":\"2021-01-21T14:40:35+00:00\",\"mainEntityOfPage\":{\"@id\":\"https:\/\/rioonwatch.org.br\/?p=41770\"},\"wordCount\":1159,\"publisher\":{\"@id\":\"https:\/\/rioonwatch.org.br\/#organization\"},\"image\":{\"@id\":\"https:\/\/rioonwatch.org.br\/?p=41770#primaryimage\"},\"thumbnailUrl\":\"https:\/\/rioonwatch.org.br\/wp-content\/uploads\/2019\/07\/eVoices-Dissemina1.jpg\",\"keywords\":[\"\u00c1frica\",\"ativismo\",\"coletivo\",\"compara\u00e7\u00e3o internacional\",\"Complexo da Mar\u00e9\",\"Complexo do Alem\u00e3o\",\"comunidade x academia\",\"Di\u00e1spora Africana\",\"Direitos Humanos\",\"m\u00eddia alternativa\",\"m\u00eddia social\",\"narrativa midi\u00e1tica\",\"Qu\u00eania\",\"Renata Souza\",\"tecnologia\",\"tecnologia criativa\",\"UFF\"],\"articleSection\":[\"Cobertura de Eventos\",\"Escrito por Aliados\",\"M\u00eddia Comunit\u00e1ria\",\"Solu\u00e7\u00f5es\"],\"inLanguage\":\"pt-BR\"},{\"@type\":\"WebPage\",\"@id\":\"https:\/\/rioonwatch.org.br\/?p=41770\",\"url\":\"https:\/\/rioonwatch.org.br\/?p=41770\",\"name\":\"E-Voices: O Uso de Redes Digitais para Promover Conectividade em Favelas do Sul Global - RioOnWatch\",\"isPartOf\":{\"@id\":\"https:\/\/rioonwatch.org.br\/#website\"},\"primaryImageOfPage\":{\"@id\":\"https:\/\/rioonwatch.org.br\/?p=41770#primaryimage\"},\"image\":{\"@id\":\"https:\/\/rioonwatch.org.br\/?p=41770#primaryimage\"},\"thumbnailUrl\":\"https:\/\/rioonwatch.org.br\/wp-content\/uploads\/2019\/07\/eVoices-Dissemina1.jpg\",\"datePublished\":\"2019-07-15T10:00:56+00:00\",\"dateModified\":\"2021-01-21T14:40:35+00:00\",\"breadcrumb\":{\"@id\":\"https:\/\/rioonwatch.org.br\/?p=41770#breadcrumb\"},\"inLanguage\":\"pt-BR\",\"potentialAction\":[{\"@type\":\"ReadAction\",\"target\":[\"https:\/\/rioonwatch.org.br\/?p=41770\"]}]},{\"@type\":\"ImageObject\",\"inLanguage\":\"pt-BR\",\"@id\":\"https:\/\/rioonwatch.org.br\/?p=41770#primaryimage\",\"url\":\"https:\/\/rioonwatch.org.br\/wp-content\/uploads\/2019\/07\/eVoices-Dissemina1.jpg\",\"contentUrl\":\"https:\/\/rioonwatch.org.br\/wp-content\/uploads\/2019\/07\/eVoices-Dissemina1.jpg\",\"width\":1200,\"height\":900,\"caption\":\"Imagem: P\u00e1gina do Facebook do Dissemina\"},{\"@type\":\"BreadcrumbList\",\"@id\":\"https:\/\/rioonwatch.org.br\/?p=41770#breadcrumb\",\"itemListElement\":[{\"@type\":\"ListItem\",\"position\":1,\"name\":\"In\u00edcio\",\"item\":\"https:\/\/rioonwatch.org.br\/\"},{\"@type\":\"ListItem\",\"position\":2,\"name\":\"E-Voices: O Uso de Redes Digitais para Promover Conectividade em Favelas do Sul Global\"}]},{\"@type\":\"WebSite\",\"@id\":\"https:\/\/rioonwatch.org.br\/#website\",\"url\":\"https:\/\/rioonwatch.org.br\/\",\"name\":\"RioOnWatch\",\"description\":\"relatos das favelas cariocas\",\"publisher\":{\"@id\":\"https:\/\/rioonwatch.org.br\/#organization\"},\"potentialAction\":[{\"@type\":\"SearchAction\",\"target\":{\"@type\":\"EntryPoint\",\"urlTemplate\":\"https:\/\/rioonwatch.org.br\/?s={search_term_string}\"},\"query-input\":{\"@type\":\"PropertyValueSpecification\",\"valueRequired\":true,\"valueName\":\"search_term_string\"}}],\"inLanguage\":\"pt-BR\"},{\"@type\":\"Organization\",\"@id\":\"https:\/\/rioonwatch.org.br\/#organization\",\"name\":\"RioOnWatch\",\"url\":\"https:\/\/rioonwatch.org.br\/\",\"logo\":{\"@type\":\"ImageObject\",\"inLanguage\":\"pt-BR\",\"@id\":\"https:\/\/rioonwatch.org.br\/#\/schema\/logo\/image\/\",\"url\":\"https:\/\/rioonwatch.org.br\/wp-content\/uploads\/2021\/06\/RioOnWatchcabecalhoPT11anos-2.png\",\"contentUrl\":\"https:\/\/rioonwatch.org.br\/wp-content\/uploads\/2021\/06\/RioOnWatchcabecalhoPT11anos-2.png\",\"width\":779,\"height\":277,\"caption\":\"RioOnWatch\"},\"image\":{\"@id\":\"https:\/\/rioonwatch.org.br\/#\/schema\/logo\/image\/\"}},{\"@type\":\"Person\",\"@id\":\"https:\/\/rioonwatch.org.br\/#\/schema\/person\/f443c6b55bb6e80842280318076491c5\",\"name\":\"Luisa Fenizola\",\"image\":{\"@type\":\"ImageObject\",\"inLanguage\":\"pt-BR\",\"@id\":\"https:\/\/rioonwatch.org.br\/#\/schema\/person\/image\/\",\"url\":\"https:\/\/secure.gravatar.com\/avatar\/a3d551110162b9f876cbbdaaecf75663?s=96&d=blank&r=g\",\"contentUrl\":\"https:\/\/secure.gravatar.com\/avatar\/a3d551110162b9f876cbbdaaecf75663?s=96&d=blank&r=g\",\"caption\":\"Luisa Fenizola\"},\"url\":\"https:\/\/rioonwatch.org.br\/?author=152\"}]}<\/script>\n<!-- \/ Yoast SEO plugin. -->","yoast_head_json":{"title":"E-Voices: O Uso de Redes Digitais para Promover Conectividade em Favelas do Sul Global - RioOnWatch","robots":{"index":"index","follow":"follow","max-snippet":"max-snippet:-1","max-image-preview":"max-image-preview:large","max-video-preview":"max-video-preview:-1"},"canonical":"https:\/\/rioonwatch.org.br\/?p=41770","og_locale":"pt_BR","og_type":"article","og_title":"E-Voices: O Uso de Redes Digitais para Promover Conectividade em Favelas do Sul Global - RioOnWatch","og_description":"Click Here for English No dia 18 de junho, o semin\u00e1rio entitulado &#8220;Experi\u00eancias Ativistas do Brasil e do Sul Global&#8221; foi realizado na UFF\u00a0em Niter\u00f3i. O evento, com dura\u00e7\u00e3o de um dia inteiro, enfocou em [...]","og_url":"https:\/\/rioonwatch.org.br\/?p=41770","og_site_name":"RioOnWatch","article_published_time":"2019-07-15T10:00:56+00:00","article_modified_time":"2021-01-21T14:40:35+00:00","og_image":[{"width":1200,"height":900,"url":"https:\/\/rioonwatch.org.br\/wp-content\/uploads\/2019\/07\/eVoices-Dissemina1.jpg","type":"image\/jpeg"}],"author":"Luisa Fenizola","twitter_card":"summary_large_image","twitter_misc":{"Escrito por":"Luisa Fenizola","Est. tempo de leitura":"6 minutos"},"schema":{"@context":"https:\/\/schema.org","@graph":[{"@type":"Article","@id":"https:\/\/rioonwatch.org.br\/?p=41770#article","isPartOf":{"@id":"https:\/\/rioonwatch.org.br\/?p=41770"},"author":{"name":"Luisa Fenizola","@id":"https:\/\/rioonwatch.org.br\/#\/schema\/person\/f443c6b55bb6e80842280318076491c5"},"headline":"E-Voices: O Uso de Redes Digitais para Promover Conectividade em Favelas do Sul Global","datePublished":"2019-07-15T10:00:56+00:00","dateModified":"2021-01-21T14:40:35+00:00","mainEntityOfPage":{"@id":"https:\/\/rioonwatch.org.br\/?p=41770"},"wordCount":1159,"publisher":{"@id":"https:\/\/rioonwatch.org.br\/#organization"},"image":{"@id":"https:\/\/rioonwatch.org.br\/?p=41770#primaryimage"},"thumbnailUrl":"https:\/\/rioonwatch.org.br\/wp-content\/uploads\/2019\/07\/eVoices-Dissemina1.jpg","keywords":["\u00c1frica","ativismo","coletivo","compara\u00e7\u00e3o internacional","Complexo da Mar\u00e9","Complexo do Alem\u00e3o","comunidade x academia","Di\u00e1spora Africana","Direitos Humanos","m\u00eddia alternativa","m\u00eddia social","narrativa midi\u00e1tica","Qu\u00eania","Renata Souza","tecnologia","tecnologia criativa","UFF"],"articleSection":["Cobertura de Eventos","Escrito por Aliados","M\u00eddia Comunit\u00e1ria","Solu\u00e7\u00f5es"],"inLanguage":"pt-BR"},{"@type":"WebPage","@id":"https:\/\/rioonwatch.org.br\/?p=41770","url":"https:\/\/rioonwatch.org.br\/?p=41770","name":"E-Voices: O Uso de Redes Digitais para Promover Conectividade em Favelas do Sul Global - RioOnWatch","isPartOf":{"@id":"https:\/\/rioonwatch.org.br\/#website"},"primaryImageOfPage":{"@id":"https:\/\/rioonwatch.org.br\/?p=41770#primaryimage"},"image":{"@id":"https:\/\/rioonwatch.org.br\/?p=41770#primaryimage"},"thumbnailUrl":"https:\/\/rioonwatch.org.br\/wp-content\/uploads\/2019\/07\/eVoices-Dissemina1.jpg","datePublished":"2019-07-15T10:00:56+00:00","dateModified":"2021-01-21T14:40:35+00:00","breadcrumb":{"@id":"https:\/\/rioonwatch.org.br\/?p=41770#breadcrumb"},"inLanguage":"pt-BR","potentialAction":[{"@type":"ReadAction","target":["https:\/\/rioonwatch.org.br\/?p=41770"]}]},{"@type":"ImageObject","inLanguage":"pt-BR","@id":"https:\/\/rioonwatch.org.br\/?p=41770#primaryimage","url":"https:\/\/rioonwatch.org.br\/wp-content\/uploads\/2019\/07\/eVoices-Dissemina1.jpg","contentUrl":"https:\/\/rioonwatch.org.br\/wp-content\/uploads\/2019\/07\/eVoices-Dissemina1.jpg","width":1200,"height":900,"caption":"Imagem: P\u00e1gina do Facebook do Dissemina"},{"@type":"BreadcrumbList","@id":"https:\/\/rioonwatch.org.br\/?p=41770#breadcrumb","itemListElement":[{"@type":"ListItem","position":1,"name":"In\u00edcio","item":"https:\/\/rioonwatch.org.br\/"},{"@type":"ListItem","position":2,"name":"E-Voices: O Uso de Redes Digitais para Promover Conectividade em Favelas do Sul Global"}]},{"@type":"WebSite","@id":"https:\/\/rioonwatch.org.br\/#website","url":"https:\/\/rioonwatch.org.br\/","name":"RioOnWatch","description":"relatos das favelas cariocas","publisher":{"@id":"https:\/\/rioonwatch.org.br\/#organization"},"potentialAction":[{"@type":"SearchAction","target":{"@type":"EntryPoint","urlTemplate":"https:\/\/rioonwatch.org.br\/?s={search_term_string}"},"query-input":{"@type":"PropertyValueSpecification","valueRequired":true,"valueName":"search_term_string"}}],"inLanguage":"pt-BR"},{"@type":"Organization","@id":"https:\/\/rioonwatch.org.br\/#organization","name":"RioOnWatch","url":"https:\/\/rioonwatch.org.br\/","logo":{"@type":"ImageObject","inLanguage":"pt-BR","@id":"https:\/\/rioonwatch.org.br\/#\/schema\/logo\/image\/","url":"https:\/\/rioonwatch.org.br\/wp-content\/uploads\/2021\/06\/RioOnWatchcabecalhoPT11anos-2.png","contentUrl":"https:\/\/rioonwatch.org.br\/wp-content\/uploads\/2021\/06\/RioOnWatchcabecalhoPT11anos-2.png","width":779,"height":277,"caption":"RioOnWatch"},"image":{"@id":"https:\/\/rioonwatch.org.br\/#\/schema\/logo\/image\/"}},{"@type":"Person","@id":"https:\/\/rioonwatch.org.br\/#\/schema\/person\/f443c6b55bb6e80842280318076491c5","name":"Luisa Fenizola","image":{"@type":"ImageObject","inLanguage":"pt-BR","@id":"https:\/\/rioonwatch.org.br\/#\/schema\/person\/image\/","url":"https:\/\/secure.gravatar.com\/avatar\/a3d551110162b9f876cbbdaaecf75663?s=96&d=blank&r=g","contentUrl":"https:\/\/secure.gravatar.com\/avatar\/a3d551110162b9f876cbbdaaecf75663?s=96&d=blank&r=g","caption":"Luisa Fenizola"},"url":"https:\/\/rioonwatch.org.br\/?author=152"}]}},"_links":{"self":[{"href":"https:\/\/rioonwatch.org.br\/index.php?rest_route=\/wp\/v2\/posts\/41770"}],"collection":[{"href":"https:\/\/rioonwatch.org.br\/index.php?rest_route=\/wp\/v2\/posts"}],"about":[{"href":"https:\/\/rioonwatch.org.br\/index.php?rest_route=\/wp\/v2\/types\/post"}],"author":[{"embeddable":true,"href":"https:\/\/rioonwatch.org.br\/index.php?rest_route=\/wp\/v2\/users\/152"}],"replies":[{"embeddable":true,"href":"https:\/\/rioonwatch.org.br\/index.php?rest_route=%2Fwp%2Fv2%2Fcomments&post=41770"}],"version-history":[{"count":22,"href":"https:\/\/rioonwatch.org.br\/index.php?rest_route=\/wp\/v2\/posts\/41770\/revisions"}],"predecessor-version":[{"id":41846,"href":"https:\/\/rioonwatch.org.br\/index.php?rest_route=\/wp\/v2\/posts\/41770\/revisions\/41846"}],"wp:featuredmedia":[{"embeddable":true,"href":"https:\/\/rioonwatch.org.br\/index.php?rest_route=\/wp\/v2\/media\/41772"}],"wp:attachment":[{"href":"https:\/\/rioonwatch.org.br\/index.php?rest_route=%2Fwp%2Fv2%2Fmedia&parent=41770"}],"wp:term":[{"taxonomy":"category","embeddable":true,"href":"https:\/\/rioonwatch.org.br\/index.php?rest_route=%2Fwp%2Fv2%2Fcategories&post=41770"},{"taxonomy":"post_tag","embeddable":true,"href":"https:\/\/rioonwatch.org.br\/index.php?rest_route=%2Fwp%2Fv2%2Ftags&post=41770"},{"taxonomy":"writer","embeddable":true,"href":"https:\/\/rioonwatch.org.br\/index.php?rest_route=%2Fwp%2Fv2%2Fwriter&post=41770"},{"taxonomy":"translator","embeddable":true,"href":"https:\/\/rioonwatch.org.br\/index.php?rest_route=%2Fwp%2Fv2%2Ftranslator&post=41770"},{"taxonomy":"source","embeddable":true,"href":"https:\/\/rioonwatch.org.br\/index.php?rest_route=%2Fwp%2Fv2%2Fsource&post=41770"},{"taxonomy":"ilustrador","embeddable":true,"href":"https:\/\/rioonwatch.org.br\/index.php?rest_route=%2Fwp%2Fv2%2Filustrador&post=41770"},{"taxonomy":"fotografo","embeddable":true,"href":"https:\/\/rioonwatch.org.br\/index.php?rest_route=%2Fwp%2Fv2%2Ffotografo&post=41770"}],"curies":[{"name":"wp","href":"https:\/\/api.w.org\/{rel}","templated":true}]}}