{"id":41818,"date":"2019-07-17T05:17:58","date_gmt":"2019-07-17T08:17:58","guid":{"rendered":"https:\/\/rioonwatch.org.br\/?p=41818"},"modified":"2019-07-22T10:45:16","modified_gmt":"2019-07-22T13:45:16","slug":"ato-celebra-dois-anos-da-marcha-basta-de-violencia-outra-mare-e-possivel-e-reivindica-volta-de-acao-civil-publica-imagens","status":"publish","type":"post","link":"https:\/\/rioonwatch.org.br\/?p=41818","title":{"rendered":"Ato Celebra 2 Anos do &#8216;Basta de Viol\u00eancia! Outra Mar\u00e9 \u00e9 Poss\u00edvel&#8217; e Reivindica A\u00e7\u00e3o Civil P\u00fablica"},"content":{"rendered":"<p style=\"text-align: right;\"><em><strong><a href=\"http:\/\/bit.ly\/2xYOsog\" target=\"_blank\" rel=\"noopener noreferrer\">Click Here for English<\/a><a href=\"http:\/\/bit.ly\/2xYOsog\" target=\"_blank\" rel=\"noopener noreferrer\"><img decoding=\"async\" width=\"20\" height=\"20\" class=\"alignright wp-image-15790\" src=\"http:\/\/rioonwatch.org.br\/wp-content\/uploads\/2012\/08\/EN-standard-e1439583104716.jpg\" \/><\/a><\/strong><\/em><\/p>\n<p>Na \u00faltima quarta-feira, dia 10 de julho, estiveram reunidos no <a href=\"http:\/\/bit.ly\/10BvARw\" target=\"_blank\" rel=\"noopener noreferrer\">Complexo da Mar\u00e9<\/a> moradores e representantes de organiza\u00e7\u00f5es locais para o ato que celebrou os dois anos da <a href=\"http:\/\/bit.ly\/2rouam7\" target=\"_blank\" rel=\"noopener noreferrer\">Marcha Basta de Viol\u00eancia! Outra Mar\u00e9 \u00e9 Poss\u00edvel<\/a>, organizada pelo <a href=\"http:\/\/bit.ly\/2nDEeXT\" target=\"_blank\" rel=\"noopener noreferrer\">F\u00f3rum<\/a> do mesmo nome junto com a <a href=\"http:\/\/bit.ly\/2X4lu1f\" target=\"_blank\" rel=\"noopener noreferrer\">Redes da Mar\u00e9<\/a>, o <a href=\"http:\/\/bit.ly\/2U1lQYT\" target=\"_blank\" rel=\"noopener noreferrer\">Observat\u00f3rio de Favelas<\/a> e a <a href=\"http:\/\/bit.ly\/1LtPfRl\">Luta Pela Paz<\/a>. O f\u00f3rum re\u00fane mensalmente lideran\u00e7as, moradores e organiza\u00e7\u00f5es locais <a href=\"http:\/\/bit.ly\/2AAxEaX\" target=\"_blank\" rel=\"noopener noreferrer\">para debater a seguran\u00e7a p\u00fablica na Mar\u00e9<\/a>.<\/p>\n<p><a href=\"https:\/\/rioonwatch.org.br\/wp-content\/uploads\/2019\/07\/DSC_7148-2.jpg\"><img fetchpriority=\"high\" decoding=\"async\" class=\"aligncenter wp-image-41825 size-medium\" title=\"Grafites feitos no pr\u00e9dio cujas paredes s\u00e3o cravadas por marcas de bala, na regi\u00e3o conhecida como Divisa. Foto: Luisa Fenizola\" src=\"https:\/\/rioonwatch.org.br\/wp-content\/uploads\/2019\/07\/DSC_7148-2-620x411.jpg\" alt=\"\" width=\"620\" height=\"411\" srcset=\"https:\/\/rioonwatch.org.br\/wp-content\/uploads\/2019\/07\/DSC_7148-2-620x411.jpg 620w, https:\/\/rioonwatch.org.br\/wp-content\/uploads\/2019\/07\/DSC_7148-2-399x264.jpg 399w, https:\/\/rioonwatch.org.br\/wp-content\/uploads\/2019\/07\/DSC_7148-2-768x509.jpg 768w, https:\/\/rioonwatch.org.br\/wp-content\/uploads\/2019\/07\/DSC_7148-2-1024x678.jpg 1024w\" sizes=\"(max-width: 620px) 100vw, 620px\" \/><\/a><\/p>\n<p>O local escolhido para o ato, n\u00e3o por acaso, foi o mesmo de dois anos antes: a chamada Divisa, local marcado por confrontos entre grupos civis armados.<\/p>\n<p><a href=\"https:\/\/rioonwatch.org.br\/wp-content\/uploads\/2019\/07\/DSC_7128-2.jpg\"><img decoding=\"async\" class=\"aligncenter wp-image-41822 size-medium\" title=\"Crian\u00e7as brincam na Pra\u00e7a da Paz durante o ato. Foto: Luisa Fenizola\" src=\"https:\/\/rioonwatch.org.br\/wp-content\/uploads\/2019\/07\/DSC_7128-2-620x411.jpg\" alt=\"\" width=\"620\" height=\"411\" srcset=\"https:\/\/rioonwatch.org.br\/wp-content\/uploads\/2019\/07\/DSC_7128-2-620x411.jpg 620w, https:\/\/rioonwatch.org.br\/wp-content\/uploads\/2019\/07\/DSC_7128-2-399x264.jpg 399w, https:\/\/rioonwatch.org.br\/wp-content\/uploads\/2019\/07\/DSC_7128-2-768x509.jpg 768w, https:\/\/rioonwatch.org.br\/wp-content\/uploads\/2019\/07\/DSC_7128-2-1024x678.jpg 1024w\" sizes=\"(max-width: 620px) 100vw, 620px\" \/><\/a><\/p>\n<p>Na divisa, dividem espa\u00e7o uma pra\u00e7a conhecida como Pra\u00e7a da Paz, que conta com equipamentos para brincadeiras das crian\u00e7as, e um pr\u00e9dio residencial cuja parede \u00e9 cravada por buracos de balas. Ao longo do tempo, as janelas foram reduzindo de tamanho e as paredes foram revestidas at\u00e9 a grossura de tr\u00eas paredes normais.<\/p>\n<p><a href=\"https:\/\/rioonwatch.org.br\/wp-content\/uploads\/2019\/07\/DSC_7144-2.jpg\"><img loading=\"lazy\" decoding=\"async\" class=\"aligncenter wp-image-41824 size-medium\" title=\"\u00c0 esquerda no topo, parede com os buracos de bala ainda n\u00e3o tapados. Foto: Luisa Fenizola\" src=\"https:\/\/rioonwatch.org.br\/wp-content\/uploads\/2019\/07\/DSC_7144-2-620x411.jpg\" alt=\"\" width=\"620\" height=\"411\" srcset=\"https:\/\/rioonwatch.org.br\/wp-content\/uploads\/2019\/07\/DSC_7144-2-620x411.jpg 620w, https:\/\/rioonwatch.org.br\/wp-content\/uploads\/2019\/07\/DSC_7144-2-399x264.jpg 399w, https:\/\/rioonwatch.org.br\/wp-content\/uploads\/2019\/07\/DSC_7144-2-768x509.jpg 768w, https:\/\/rioonwatch.org.br\/wp-content\/uploads\/2019\/07\/DSC_7144-2-1024x678.jpg 1024w\" sizes=\"(max-width: 620px) 100vw, 620px\" \/><\/a><\/p>\n<p>Durante o ato foi feita uma interven\u00e7\u00e3o no pr\u00e9dio. Os buracos de bala foram cobertos e as paredes deram ent\u00e3o lugar a grafites e stencils pelas m\u00e3os de integrantes dos grupos <a href=\"http:\/\/bit.ly\/30yrKzg\" target=\"_blank\" rel=\"noopener noreferrer\">Mar\u00e9 Crew<\/a> e <a href=\"http:\/\/bit.ly\/2XOPXQt\" target=\"_blank\" rel=\"noopener noreferrer\">Nata Fam\u00edlia<\/a>.<\/p>\n<p><a href=\"https:\/\/rioonwatch.org.br\/wp-content\/uploads\/2019\/07\/DSC_7122-2.jpg\"><img loading=\"lazy\" decoding=\"async\" class=\"aligncenter wp-image-41820 size-medium\" title=\"Grafite em constru\u00e7\u00e3o ap\u00f3s os buracos de bala terem sido tapados. Foto: Luisa Fenizola\" src=\"https:\/\/rioonwatch.org.br\/wp-content\/uploads\/2019\/07\/DSC_7122-2-620x411.jpg\" alt=\"\" width=\"620\" height=\"411\" srcset=\"https:\/\/rioonwatch.org.br\/wp-content\/uploads\/2019\/07\/DSC_7122-2-620x411.jpg 620w, https:\/\/rioonwatch.org.br\/wp-content\/uploads\/2019\/07\/DSC_7122-2-399x264.jpg 399w, https:\/\/rioonwatch.org.br\/wp-content\/uploads\/2019\/07\/DSC_7122-2-768x509.jpg 768w, https:\/\/rioonwatch.org.br\/wp-content\/uploads\/2019\/07\/DSC_7122-2-1024x678.jpg 1024w\" sizes=\"(max-width: 620px) 100vw, 620px\" \/><\/a><\/p>\n<p>Na Pra\u00e7a houve ainda um mutir\u00e3o de revitaliza\u00e7\u00e3o e plantio de mudas.<\/p>\n<p><a href=\"https:\/\/rioonwatch.org.br\/wp-content\/uploads\/2019\/07\/DSC_7160-2.jpg\"><img loading=\"lazy\" decoding=\"async\" class=\"aligncenter wp-image-41828 size-medium\" title=\"Mudas plantadas durante o mutir\u00e3o. Foto: Luisa Fenizola\" src=\"https:\/\/rioonwatch.org.br\/wp-content\/uploads\/2019\/07\/DSC_7160-2-620x411.jpg\" alt=\"\" width=\"620\" height=\"411\" srcset=\"https:\/\/rioonwatch.org.br\/wp-content\/uploads\/2019\/07\/DSC_7160-2-620x411.jpg 620w, https:\/\/rioonwatch.org.br\/wp-content\/uploads\/2019\/07\/DSC_7160-2-399x264.jpg 399w, https:\/\/rioonwatch.org.br\/wp-content\/uploads\/2019\/07\/DSC_7160-2-768x509.jpg 768w, https:\/\/rioonwatch.org.br\/wp-content\/uploads\/2019\/07\/DSC_7160-2-1024x678.jpg 1024w\" sizes=\"(max-width: 620px) 100vw, 620px\" \/><\/a><\/p>\n<p>O ato tamb\u00e9m marcou um protesto contra a <a href=\"https:\/\/glo.bo\/2xhyC7X\" target=\"_blank\" rel=\"noopener noreferrer\">suspens\u00e3o da A\u00e7\u00e3o Civil P\u00fablica que estabelecia medidas para opera\u00e7\u00f5es policiais na Mar\u00e9, no m\u00eas passado<\/a> pela ju\u00edza Regina Lucia Chuquer de Almeida Costa Castro, considerada pelos integrantes do f\u00f3rum como um grande retrocesso. O argumento da ju\u00edza para suspender a a\u00e7\u00e3o foi de que &#8220;A forma para o seu enfrentamento [do crime organizado] faz parte da compet\u00eancia atribu\u00edda ao Governador do Estado, por sua Secretaria de Seguran\u00e7a e das Pol\u00edcias&#8221;. Pedro Strozenberg, ouvidor-geral da <a href=\"http:\/\/bit.ly\/2LQuuEh\" target=\"_blank\" rel=\"noopener noreferrer\">Defensoria P\u00fablica<\/a> do Estado do Rio de Janeiro, em sua fala colocou que a Defensoria est\u00e1 preparando um recurso \u00e0 decis\u00e3o.<\/p>\n<p><a href=\"https:\/\/rioonwatch.org.br\/wp-content\/uploads\/2019\/07\/DSC_7138-2.jpg\"><img loading=\"lazy\" decoding=\"async\" class=\"aligncenter wp-image-41823 size-medium\" title=\"Flavinha C\u00e2ndido, educadora da Mar\u00e9, fala sobre a A\u00e7\u00e3o Civil P\u00fablica. Foto: Luisa Fenizola\" src=\"https:\/\/rioonwatch.org.br\/wp-content\/uploads\/2019\/07\/DSC_7138-2-620x411.jpg\" alt=\"\" width=\"620\" height=\"411\" srcset=\"https:\/\/rioonwatch.org.br\/wp-content\/uploads\/2019\/07\/DSC_7138-2-620x411.jpg 620w, https:\/\/rioonwatch.org.br\/wp-content\/uploads\/2019\/07\/DSC_7138-2-399x264.jpg 399w, https:\/\/rioonwatch.org.br\/wp-content\/uploads\/2019\/07\/DSC_7138-2-768x509.jpg 768w, https:\/\/rioonwatch.org.br\/wp-content\/uploads\/2019\/07\/DSC_7138-2-1024x678.jpg 1024w\" sizes=\"(max-width: 620px) 100vw, 620px\" \/><\/a><\/p>\n<p>A <a href=\"http:\/\/bit.ly\/2suC61L\" target=\"_blank\" rel=\"noopener noreferrer\">a\u00e7\u00e3o foi requerida pela Defensoria P\u00fablica<\/a> em 2016 ap\u00f3s uma violenta opera\u00e7\u00e3o. A a\u00e7\u00e3o demandava da pol\u00edcia a apresenta\u00e7\u00e3o de um plano de redu\u00e7\u00e3o de danos para opera\u00e7\u00f5es, o que nunca foi feito, al\u00e9m de demandar a presen\u00e7a de ambul\u00e2ncias nas opera\u00e7\u00f5es, a instala\u00e7\u00e3o de c\u00e2meras e GPS nas viaturas e um protocolo de comunica\u00e7\u00e3o entre as autoridades e as unidades de ensino e sa\u00fade. Segundo Flavinha C\u00e2ndido, educadora da Mar\u00e9, a A\u00e7\u00e3o Civil P\u00fablica era um &#8220;cobertor furado, mas ainda assim um cobertor, um m\u00ednimo de garantia. Quando a ju\u00edza suspende isso, ela diz que o Estado pode continuar nos matando, acabando com nossa sa\u00fade&#8221;. &#8220;A gente t\u00e1 aqui sobrevivendo e n\u00e3o vivendo. Mas a Mar\u00e9 tem um nome e esse nome \u00e9 resist\u00eancia&#8221;, finalizou ela.<\/p>\n<p><a href=\"https:\/\/rioonwatch.org.br\/wp-content\/uploads\/2019\/07\/DSC_7125-2.jpg\"><img loading=\"lazy\" decoding=\"async\" class=\"aligncenter wp-image-41821 size-medium\" title=\"P\u00e2mela Carvalho, coordenadora do produ\u00e7\u00e3o da Lona Cultural Hebert Vianna e o Centro de Artes da Mar\u00e9, fala no ato. Foto: Luisa Fenizola\" src=\"https:\/\/rioonwatch.org.br\/wp-content\/uploads\/2019\/07\/DSC_7125-2-620x411.jpg\" alt=\"\" width=\"620\" height=\"411\" srcset=\"https:\/\/rioonwatch.org.br\/wp-content\/uploads\/2019\/07\/DSC_7125-2-620x411.jpg 620w, https:\/\/rioonwatch.org.br\/wp-content\/uploads\/2019\/07\/DSC_7125-2-399x264.jpg 399w, https:\/\/rioonwatch.org.br\/wp-content\/uploads\/2019\/07\/DSC_7125-2-768x509.jpg 768w, https:\/\/rioonwatch.org.br\/wp-content\/uploads\/2019\/07\/DSC_7125-2-1024x678.jpg 1024w\" sizes=\"(max-width: 620px) 100vw, 620px\" \/><\/a><\/p>\n<p>O ato contou ainda com falas emocionantes de Bruna Silva, m\u00e3e do menino <a href=\"http:\/\/bit.ly\/2Mf7PhK\" target=\"_blank\" rel=\"noopener noreferrer\">Marcos Vin\u00edcius, morto em junho do ano passado pela pol\u00edcia<\/a> quando estava uniformizado a caminho da escola, na Mar\u00e9, e Irone Santiago, <a href=\"http:\/\/bit.ly\/2YTA24y\" target=\"_blank\" rel=\"noopener noreferrer\">cujo filho ficou parapl\u00e9gico<\/a> tamb\u00e9m devido \u00e0 viol\u00eancia policial.<\/p>\n<p><a href=\"https:\/\/rioonwatch.org.br\/wp-content\/uploads\/2019\/07\/DSC_7117-2.jpg\"><img loading=\"lazy\" decoding=\"async\" class=\"aligncenter wp-image-41819 size-medium\" title=\"Irone Santiago e Bruna Silva. Foto: Luisa Fenizola\" src=\"https:\/\/rioonwatch.org.br\/wp-content\/uploads\/2019\/07\/DSC_7117-2-620x411.jpg\" alt=\"\" width=\"620\" height=\"411\" srcset=\"https:\/\/rioonwatch.org.br\/wp-content\/uploads\/2019\/07\/DSC_7117-2-620x411.jpg 620w, https:\/\/rioonwatch.org.br\/wp-content\/uploads\/2019\/07\/DSC_7117-2-399x264.jpg 399w, https:\/\/rioonwatch.org.br\/wp-content\/uploads\/2019\/07\/DSC_7117-2-768x509.jpg 768w, https:\/\/rioonwatch.org.br\/wp-content\/uploads\/2019\/07\/DSC_7117-2-1024x678.jpg 1024w\" sizes=\"(max-width: 620px) 100vw, 620px\" \/><\/a><\/p>\n<p>A participa\u00e7\u00e3o da <a href=\"http:\/\/bit.ly\/2G7ThzN\" target=\"_blank\" rel=\"noopener noreferrer\">Orquestra Mar\u00e9 do Amanh\u00e3<\/a>, fundada em 2010, trouxe desde o cl\u00e1ssico <a href=\"http:\/\/bit.ly\/2JydAZz\" target=\"_blank\" rel=\"noopener noreferrer\">Rap da Felicidade<\/a> at\u00e9 m\u00fasicas da Anitta, <a href=\"https:\/\/glo.bo\/2xIxudp\" target=\"_blank\" rel=\"noopener noreferrer\">com quem eles tocaram no \u00faltimo Reveillon<\/a> em Copacabana.<\/p>\n<p><a href=\"https:\/\/rioonwatch.org.br\/wp-content\/uploads\/2019\/07\/DSC_7156-2.jpg\"><img loading=\"lazy\" decoding=\"async\" class=\"aligncenter wp-image-41827 size-medium\" title=\"Orquestra Mar\u00e9 do Amanh\u00e3 se apresenta. Foto: Luisa Fenizola\" src=\"https:\/\/rioonwatch.org.br\/wp-content\/uploads\/2019\/07\/DSC_7156-2-620x411.jpg\" alt=\"\" width=\"620\" height=\"411\" srcset=\"https:\/\/rioonwatch.org.br\/wp-content\/uploads\/2019\/07\/DSC_7156-2-620x411.jpg 620w, https:\/\/rioonwatch.org.br\/wp-content\/uploads\/2019\/07\/DSC_7156-2-399x264.jpg 399w, https:\/\/rioonwatch.org.br\/wp-content\/uploads\/2019\/07\/DSC_7156-2-768x509.jpg 768w, https:\/\/rioonwatch.org.br\/wp-content\/uploads\/2019\/07\/DSC_7156-2-1024x678.jpg 1024w\" sizes=\"(max-width: 620px) 100vw, 620px\" \/><\/a><\/p>\n<p>As crian\u00e7as do <a href=\"http:\/\/bit.ly\/2GdneOZ\" target=\"_blank\" rel=\"noopener noreferrer\">projeto Nenhum a Menos<\/a>, um projeto da Redes da Mar\u00e9 de complementa\u00e7\u00e3o pedag\u00f3gica para melhorar a leitura e a escrita das crian\u00e7as, tamb\u00e9m se apresentaram e deram um recado atrav\u00e9s da m\u00fasica: &#8220;j\u00e1 acabou a paci\u00eancia, basta de viol\u00eancia&#8221;.<\/p>\n<p><a href=\"https:\/\/rioonwatch.org.br\/wp-content\/uploads\/2019\/07\/DSC_7134-2.jpg\"><img loading=\"lazy\" decoding=\"async\" class=\"aligncenter wp-image-41837 size-medium\" title=\"Apresenta\u00e7\u00e3o das crian\u00e7as do projeto Nenhum a Menos. Foto: Luisa Fenizola\" src=\"https:\/\/rioonwatch.org.br\/wp-content\/uploads\/2019\/07\/DSC_7134-2-620x411.jpg\" alt=\"\" width=\"620\" height=\"411\" srcset=\"https:\/\/rioonwatch.org.br\/wp-content\/uploads\/2019\/07\/DSC_7134-2-620x411.jpg 620w, https:\/\/rioonwatch.org.br\/wp-content\/uploads\/2019\/07\/DSC_7134-2-399x264.jpg 399w, https:\/\/rioonwatch.org.br\/wp-content\/uploads\/2019\/07\/DSC_7134-2-768x509.jpg 768w, https:\/\/rioonwatch.org.br\/wp-content\/uploads\/2019\/07\/DSC_7134-2-1024x678.jpg 1024w\" sizes=\"(max-width: 620px) 100vw, 620px\" \/><\/a><\/p>\n<p>Houve tamb\u00e9m apresenta\u00e7\u00f5es de integrantes da <a href=\"http:\/\/bit.ly\/2JHsSK6\" target=\"_blank\" rel=\"noopener noreferrer\">Roda Cultural do P.U.<\/a>, em alus\u00e3o ao <a href=\"http:\/\/bit.ly\/329sBby\" target=\"_blank\" rel=\"noopener noreferrer\">Parque Uni\u00e3o<\/a>, uma das 16 favelas que comp\u00f5em o Complexo da Mar\u00e9. Um deles, Erick\u00e3o, disse que sua emo\u00e7\u00e3o por estar ali era porque ele foi nascido e criado na divisa. A sua letra dizia &#8220;a interven\u00e7\u00e3o que a gente precisa \u00e9 interven\u00e7\u00e3o cultural&#8221;.<\/p>\n<p><a href=\"https:\/\/rioonwatch.org.br\/wp-content\/uploads\/2019\/07\/DSC_7174-2.jpg\"><img loading=\"lazy\" decoding=\"async\" class=\"aligncenter wp-image-41830 size-medium\" title=\"\u00c9rick\u00e3o, da Roda Cultural do P.U., d\u00e1 o recado. Foto: Luisa Fenizola\" src=\"https:\/\/rioonwatch.org.br\/wp-content\/uploads\/2019\/07\/DSC_7174-2-620x411.jpg\" alt=\"\" width=\"620\" height=\"411\" srcset=\"https:\/\/rioonwatch.org.br\/wp-content\/uploads\/2019\/07\/DSC_7174-2-620x411.jpg 620w, https:\/\/rioonwatch.org.br\/wp-content\/uploads\/2019\/07\/DSC_7174-2-399x264.jpg 399w, https:\/\/rioonwatch.org.br\/wp-content\/uploads\/2019\/07\/DSC_7174-2-768x509.jpg 768w, https:\/\/rioonwatch.org.br\/wp-content\/uploads\/2019\/07\/DSC_7174-2-1024x678.jpg 1024w\" sizes=\"(max-width: 620px) 100vw, 620px\" \/><\/a><\/p>\n<p>Segundo os outros integrantes, a Roda Cultural encontra-se parada por falta de equipamento de som. Nessa mesma semana eles fizeram um mutir\u00e3o de limpeza e revitaliza\u00e7\u00e3o da pra\u00e7a onde a Roda ocorre e anunciaram um evento beneficente para arrecadar dinheiro para a compra de um novo equipamento.<\/p>\n<p><a href=\"https:\/\/rioonwatch.org.br\/wp-content\/uploads\/2019\/07\/DSC_7162-2.jpg\"><img loading=\"lazy\" decoding=\"async\" class=\"aligncenter wp-image-41829 size-medium\" title=\"Imagem na Pra\u00e7a da Paz. Foto: Luisa Fenizola\" src=\"https:\/\/rioonwatch.org.br\/wp-content\/uploads\/2019\/07\/DSC_7162-2-620x411.jpg\" alt=\"\" width=\"620\" height=\"411\" srcset=\"https:\/\/rioonwatch.org.br\/wp-content\/uploads\/2019\/07\/DSC_7162-2-620x411.jpg 620w, https:\/\/rioonwatch.org.br\/wp-content\/uploads\/2019\/07\/DSC_7162-2-399x264.jpg 399w, https:\/\/rioonwatch.org.br\/wp-content\/uploads\/2019\/07\/DSC_7162-2-768x509.jpg 768w, https:\/\/rioonwatch.org.br\/wp-content\/uploads\/2019\/07\/DSC_7162-2-1024x678.jpg 1024w\" sizes=\"(max-width: 620px) 100vw, 620px\" \/><\/a><\/p>\n<p>Outras atividades inclu\u00edram uma roda de capoeira, atividades para as crian\u00e7as e uma exposi\u00e7\u00e3o de fotos da comunidade.<\/p>\n<p><a href=\"https:\/\/rioonwatch.org.br\/wp-content\/uploads\/2019\/07\/DSC_7129-2.jpg\"><img loading=\"lazy\" decoding=\"async\" class=\"aligncenter wp-image-41836 size-medium\" title=\"Exposi\u00e7\u00e3o de fotos durante o ato. Foto: Luisa Fenizola\" src=\"https:\/\/rioonwatch.org.br\/wp-content\/uploads\/2019\/07\/DSC_7129-2-620x411.jpg\" alt=\"\" width=\"620\" height=\"411\" srcset=\"https:\/\/rioonwatch.org.br\/wp-content\/uploads\/2019\/07\/DSC_7129-2-620x411.jpg 620w, https:\/\/rioonwatch.org.br\/wp-content\/uploads\/2019\/07\/DSC_7129-2-399x264.jpg 399w, https:\/\/rioonwatch.org.br\/wp-content\/uploads\/2019\/07\/DSC_7129-2-768x509.jpg 768w, https:\/\/rioonwatch.org.br\/wp-content\/uploads\/2019\/07\/DSC_7129-2-1024x678.jpg 1024w\" sizes=\"(max-width: 620px) 100vw, 620px\" \/><\/a><\/p>\n<!-- AddThis Advanced Settings generic via filter on the_content --><!-- AddThis Share Buttons generic via filter on the_content -->","protected":false},"excerpt":{"rendered":"<div class=\"mh-excerpt\"><p>Click Here for English Na \u00faltima quarta-feira, dia 10 de julho, estiveram reunidos no Complexo da Mar\u00e9 moradores e representantes de organiza\u00e7\u00f5es locais para o ato que celebrou os dois anos da Marcha Basta de <a class=\"mh-excerpt-more\" href=\"https:\/\/rioonwatch.org.br\/?p=41818\" title=\"Ato Celebra 2 Anos do &#8216;Basta de Viol\u00eancia! Outra Mar\u00e9 \u00e9 Poss\u00edvel&#8217; e Reivindica A\u00e7\u00e3o Civil P\u00fablica\">[&#8230;]<\/a><!-- AddThis Advanced Settings generic via filter on get_the_excerpt --><!-- AddThis Share Buttons generic via filter on get_the_excerpt --><\/p>\n<\/div>","protected":false},"author":152,"featured_media":41879,"comment_status":"closed","ping_status":"closed","sticky":false,"template":"","format":"standard","meta":{"_acf_changed":false,"_monsterinsights_skip_tracking":false,"_monsterinsights_sitenote_active":false,"_monsterinsights_sitenote_note":"","_monsterinsights_sitenote_category":0,"footnotes":""},"categories":[1621,1627,1633,1620,1612],"tags":[334,332,421,90,922,1314,663,349,1511,763,1107,432,672,920,52,218],"writer":[1994],"translator":[],"source":[],"ilustrador":[],"fotografo":[],"class_list":{"0":"post-41818","1":"post","2":"type-post","3":"status-publish","4":"format-standard","5":"has-post-thumbnail","7":"category-destaque","8":"category-relato-de-evento","9":"category-foto-reportagens","10":"category-olhonaupp","11":"category-sociedade-civil","12":"tag-arte","13":"tag-complexo-da-mare","14":"tag-cultura-da-favela","15":"tag-defensoria-publica","16":"tag-evento","17":"tag-grafite","18":"tag-observatorio-de-favelas","19":"tag-parque-uniao","20":"tag-politica-de-seguranca","21":"tag-protesto","22":"tag-redes-da-mare","23":"tag-resistencia","24":"tag-seguranca-publica","25":"tag-violencia-de-estado","26":"tag-violencia-policial","27":"tag-zona-norte","28":"writer-luisa-fenizola"},"acf":[],"yoast_head":"<!-- This site is optimized with the Yoast SEO plugin v25.6 - https:\/\/yoast.com\/wordpress\/plugins\/seo\/ -->\n<title>Ato Celebra 2 Anos do &#039;Basta de Viol\u00eancia! Outra Mar\u00e9 \u00e9 Poss\u00edvel&#039; e Reivindica A\u00e7\u00e3o Civil P\u00fablica - RioOnWatch<\/title>\n<meta name=\"robots\" content=\"index, follow, max-snippet:-1, max-image-preview:large, max-video-preview:-1\" \/>\n<link rel=\"canonical\" href=\"https:\/\/rioonwatch.org.br\/?p=41818\" \/>\n<meta property=\"og:locale\" content=\"pt_BR\" \/>\n<meta property=\"og:type\" content=\"article\" \/>\n<meta property=\"og:title\" content=\"Ato Celebra 2 Anos do &#039;Basta de Viol\u00eancia! Outra Mar\u00e9 \u00e9 Poss\u00edvel&#039; e Reivindica A\u00e7\u00e3o Civil P\u00fablica - RioOnWatch\" \/>\n<meta property=\"og:description\" content=\"Click Here for English Na \u00faltima quarta-feira, dia 10 de julho, estiveram reunidos no Complexo da Mar\u00e9 moradores e representantes de organiza\u00e7\u00f5es locais para o ato que celebrou os dois anos da Marcha Basta de [...]\" \/>\n<meta property=\"og:url\" content=\"https:\/\/rioonwatch.org.br\/?p=41818\" \/>\n<meta property=\"og:site_name\" content=\"RioOnWatch\" \/>\n<meta property=\"article:published_time\" content=\"2019-07-17T08:17:58+00:00\" \/>\n<meta property=\"article:modified_time\" content=\"2019-07-22T13:45:16+00:00\" \/>\n<meta property=\"og:image\" content=\"https:\/\/rioonwatch.org.br\/wp-content\/uploads\/2019\/07\/Outra-Mare-E-Possivel.jpg\" \/>\n\t<meta property=\"og:image:width\" content=\"2000\" \/>\n\t<meta property=\"og:image:height\" content=\"1325\" \/>\n\t<meta property=\"og:image:type\" content=\"image\/jpeg\" \/>\n<meta name=\"author\" content=\"Luisa Fenizola\" \/>\n<meta name=\"twitter:card\" content=\"summary_large_image\" \/>\n<meta name=\"twitter:label1\" content=\"Escrito por\" \/>\n\t<meta name=\"twitter:data1\" content=\"Luisa Fenizola\" \/>\n\t<meta name=\"twitter:label2\" content=\"Est. tempo de leitura\" \/>\n\t<meta name=\"twitter:data2\" content=\"4 minutos\" \/>\n<script type=\"application\/ld+json\" class=\"yoast-schema-graph\">{\"@context\":\"https:\/\/schema.org\",\"@graph\":[{\"@type\":\"Article\",\"@id\":\"https:\/\/rioonwatch.org.br\/?p=41818#article\",\"isPartOf\":{\"@id\":\"https:\/\/rioonwatch.org.br\/?p=41818\"},\"author\":{\"name\":\"Luisa Fenizola\",\"@id\":\"https:\/\/rioonwatch.org.br\/#\/schema\/person\/f443c6b55bb6e80842280318076491c5\"},\"headline\":\"Ato Celebra 2 Anos do &#8216;Basta de Viol\u00eancia! Outra Mar\u00e9 \u00e9 Poss\u00edvel&#8217; e Reivindica A\u00e7\u00e3o Civil P\u00fablica\",\"datePublished\":\"2019-07-17T08:17:58+00:00\",\"dateModified\":\"2019-07-22T13:45:16+00:00\",\"mainEntityOfPage\":{\"@id\":\"https:\/\/rioonwatch.org.br\/?p=41818\"},\"wordCount\":785,\"publisher\":{\"@id\":\"https:\/\/rioonwatch.org.br\/#organization\"},\"image\":{\"@id\":\"https:\/\/rioonwatch.org.br\/?p=41818#primaryimage\"},\"thumbnailUrl\":\"https:\/\/rioonwatch.org.br\/wp-content\/uploads\/2019\/07\/Outra-Mare-E-Possivel.jpg\",\"keywords\":[\"arte\",\"Complexo da Mar\u00e9\",\"cultura da favela\",\"Defensoria P\u00fablica\",\"evento\",\"grafite\",\"Observat\u00f3rio de Favelas\",\"Parque Uni\u00e3o\",\"pol\u00edtica de seguran\u00e7a\",\"protesto\",\"Redes da Mar\u00e9\",\"resist\u00eancia\",\"seguran\u00e7a p\u00fablica\",\"viol\u00eancia de Estado\",\"viol\u00eancia policial\",\"Zona Norte\"],\"articleSection\":[\"*Destaque\",\"Cobertura de Eventos\",\"Fotorreportagens\",\"Seguran\u00e7a P\u00fablica\",\"Sociedade Civil\"],\"inLanguage\":\"pt-BR\"},{\"@type\":\"WebPage\",\"@id\":\"https:\/\/rioonwatch.org.br\/?p=41818\",\"url\":\"https:\/\/rioonwatch.org.br\/?p=41818\",\"name\":\"Ato Celebra 2 Anos do 'Basta de Viol\u00eancia! Outra Mar\u00e9 \u00e9 Poss\u00edvel' e Reivindica A\u00e7\u00e3o Civil P\u00fablica - RioOnWatch\",\"isPartOf\":{\"@id\":\"https:\/\/rioonwatch.org.br\/#website\"},\"primaryImageOfPage\":{\"@id\":\"https:\/\/rioonwatch.org.br\/?p=41818#primaryimage\"},\"image\":{\"@id\":\"https:\/\/rioonwatch.org.br\/?p=41818#primaryimage\"},\"thumbnailUrl\":\"https:\/\/rioonwatch.org.br\/wp-content\/uploads\/2019\/07\/Outra-Mare-E-Possivel.jpg\",\"datePublished\":\"2019-07-17T08:17:58+00:00\",\"dateModified\":\"2019-07-22T13:45:16+00:00\",\"breadcrumb\":{\"@id\":\"https:\/\/rioonwatch.org.br\/?p=41818#breadcrumb\"},\"inLanguage\":\"pt-BR\",\"potentialAction\":[{\"@type\":\"ReadAction\",\"target\":[\"https:\/\/rioonwatch.org.br\/?p=41818\"]}]},{\"@type\":\"ImageObject\",\"inLanguage\":\"pt-BR\",\"@id\":\"https:\/\/rioonwatch.org.br\/?p=41818#primaryimage\",\"url\":\"https:\/\/rioonwatch.org.br\/wp-content\/uploads\/2019\/07\/Outra-Mare-E-Possivel.jpg\",\"contentUrl\":\"https:\/\/rioonwatch.org.br\/wp-content\/uploads\/2019\/07\/Outra-Mare-E-Possivel.jpg\",\"width\":2000,\"height\":1325},{\"@type\":\"BreadcrumbList\",\"@id\":\"https:\/\/rioonwatch.org.br\/?p=41818#breadcrumb\",\"itemListElement\":[{\"@type\":\"ListItem\",\"position\":1,\"name\":\"In\u00edcio\",\"item\":\"https:\/\/rioonwatch.org.br\/\"},{\"@type\":\"ListItem\",\"position\":2,\"name\":\"Ato Celebra 2 Anos do &#8216;Basta de Viol\u00eancia! Outra Mar\u00e9 \u00e9 Poss\u00edvel&#8217; e Reivindica A\u00e7\u00e3o Civil P\u00fablica\"}]},{\"@type\":\"WebSite\",\"@id\":\"https:\/\/rioonwatch.org.br\/#website\",\"url\":\"https:\/\/rioonwatch.org.br\/\",\"name\":\"RioOnWatch\",\"description\":\"relatos das favelas cariocas\",\"publisher\":{\"@id\":\"https:\/\/rioonwatch.org.br\/#organization\"},\"potentialAction\":[{\"@type\":\"SearchAction\",\"target\":{\"@type\":\"EntryPoint\",\"urlTemplate\":\"https:\/\/rioonwatch.org.br\/?s={search_term_string}\"},\"query-input\":{\"@type\":\"PropertyValueSpecification\",\"valueRequired\":true,\"valueName\":\"search_term_string\"}}],\"inLanguage\":\"pt-BR\"},{\"@type\":\"Organization\",\"@id\":\"https:\/\/rioonwatch.org.br\/#organization\",\"name\":\"RioOnWatch\",\"url\":\"https:\/\/rioonwatch.org.br\/\",\"logo\":{\"@type\":\"ImageObject\",\"inLanguage\":\"pt-BR\",\"@id\":\"https:\/\/rioonwatch.org.br\/#\/schema\/logo\/image\/\",\"url\":\"https:\/\/rioonwatch.org.br\/wp-content\/uploads\/2021\/06\/RioOnWatchcabecalhoPT11anos-2.png\",\"contentUrl\":\"https:\/\/rioonwatch.org.br\/wp-content\/uploads\/2021\/06\/RioOnWatchcabecalhoPT11anos-2.png\",\"width\":779,\"height\":277,\"caption\":\"RioOnWatch\"},\"image\":{\"@id\":\"https:\/\/rioonwatch.org.br\/#\/schema\/logo\/image\/\"}},{\"@type\":\"Person\",\"@id\":\"https:\/\/rioonwatch.org.br\/#\/schema\/person\/f443c6b55bb6e80842280318076491c5\",\"name\":\"Luisa Fenizola\",\"image\":{\"@type\":\"ImageObject\",\"inLanguage\":\"pt-BR\",\"@id\":\"https:\/\/rioonwatch.org.br\/#\/schema\/person\/image\/\",\"url\":\"https:\/\/secure.gravatar.com\/avatar\/a3d551110162b9f876cbbdaaecf75663?s=96&d=blank&r=g\",\"contentUrl\":\"https:\/\/secure.gravatar.com\/avatar\/a3d551110162b9f876cbbdaaecf75663?s=96&d=blank&r=g\",\"caption\":\"Luisa Fenizola\"},\"url\":\"https:\/\/rioonwatch.org.br\/?author=152\"}]}<\/script>\n<!-- \/ Yoast SEO plugin. -->","yoast_head_json":{"title":"Ato Celebra 2 Anos do 'Basta de Viol\u00eancia! Outra Mar\u00e9 \u00e9 Poss\u00edvel' e Reivindica A\u00e7\u00e3o Civil P\u00fablica - RioOnWatch","robots":{"index":"index","follow":"follow","max-snippet":"max-snippet:-1","max-image-preview":"max-image-preview:large","max-video-preview":"max-video-preview:-1"},"canonical":"https:\/\/rioonwatch.org.br\/?p=41818","og_locale":"pt_BR","og_type":"article","og_title":"Ato Celebra 2 Anos do 'Basta de Viol\u00eancia! Outra Mar\u00e9 \u00e9 Poss\u00edvel' e Reivindica A\u00e7\u00e3o Civil P\u00fablica - RioOnWatch","og_description":"Click Here for English Na \u00faltima quarta-feira, dia 10 de julho, estiveram reunidos no Complexo da Mar\u00e9 moradores e representantes de organiza\u00e7\u00f5es locais para o ato que celebrou os dois anos da Marcha Basta de [...]","og_url":"https:\/\/rioonwatch.org.br\/?p=41818","og_site_name":"RioOnWatch","article_published_time":"2019-07-17T08:17:58+00:00","article_modified_time":"2019-07-22T13:45:16+00:00","og_image":[{"width":2000,"height":1325,"url":"https:\/\/rioonwatch.org.br\/wp-content\/uploads\/2019\/07\/Outra-Mare-E-Possivel.jpg","type":"image\/jpeg"}],"author":"Luisa Fenizola","twitter_card":"summary_large_image","twitter_misc":{"Escrito por":"Luisa Fenizola","Est. tempo de leitura":"4 minutos"},"schema":{"@context":"https:\/\/schema.org","@graph":[{"@type":"Article","@id":"https:\/\/rioonwatch.org.br\/?p=41818#article","isPartOf":{"@id":"https:\/\/rioonwatch.org.br\/?p=41818"},"author":{"name":"Luisa Fenizola","@id":"https:\/\/rioonwatch.org.br\/#\/schema\/person\/f443c6b55bb6e80842280318076491c5"},"headline":"Ato Celebra 2 Anos do &#8216;Basta de Viol\u00eancia! Outra Mar\u00e9 \u00e9 Poss\u00edvel&#8217; e Reivindica A\u00e7\u00e3o Civil P\u00fablica","datePublished":"2019-07-17T08:17:58+00:00","dateModified":"2019-07-22T13:45:16+00:00","mainEntityOfPage":{"@id":"https:\/\/rioonwatch.org.br\/?p=41818"},"wordCount":785,"publisher":{"@id":"https:\/\/rioonwatch.org.br\/#organization"},"image":{"@id":"https:\/\/rioonwatch.org.br\/?p=41818#primaryimage"},"thumbnailUrl":"https:\/\/rioonwatch.org.br\/wp-content\/uploads\/2019\/07\/Outra-Mare-E-Possivel.jpg","keywords":["arte","Complexo da Mar\u00e9","cultura da favela","Defensoria P\u00fablica","evento","grafite","Observat\u00f3rio de Favelas","Parque Uni\u00e3o","pol\u00edtica de seguran\u00e7a","protesto","Redes da Mar\u00e9","resist\u00eancia","seguran\u00e7a p\u00fablica","viol\u00eancia de Estado","viol\u00eancia policial","Zona Norte"],"articleSection":["*Destaque","Cobertura de Eventos","Fotorreportagens","Seguran\u00e7a P\u00fablica","Sociedade Civil"],"inLanguage":"pt-BR"},{"@type":"WebPage","@id":"https:\/\/rioonwatch.org.br\/?p=41818","url":"https:\/\/rioonwatch.org.br\/?p=41818","name":"Ato Celebra 2 Anos do 'Basta de Viol\u00eancia! Outra Mar\u00e9 \u00e9 Poss\u00edvel' e Reivindica A\u00e7\u00e3o Civil P\u00fablica - RioOnWatch","isPartOf":{"@id":"https:\/\/rioonwatch.org.br\/#website"},"primaryImageOfPage":{"@id":"https:\/\/rioonwatch.org.br\/?p=41818#primaryimage"},"image":{"@id":"https:\/\/rioonwatch.org.br\/?p=41818#primaryimage"},"thumbnailUrl":"https:\/\/rioonwatch.org.br\/wp-content\/uploads\/2019\/07\/Outra-Mare-E-Possivel.jpg","datePublished":"2019-07-17T08:17:58+00:00","dateModified":"2019-07-22T13:45:16+00:00","breadcrumb":{"@id":"https:\/\/rioonwatch.org.br\/?p=41818#breadcrumb"},"inLanguage":"pt-BR","potentialAction":[{"@type":"ReadAction","target":["https:\/\/rioonwatch.org.br\/?p=41818"]}]},{"@type":"ImageObject","inLanguage":"pt-BR","@id":"https:\/\/rioonwatch.org.br\/?p=41818#primaryimage","url":"https:\/\/rioonwatch.org.br\/wp-content\/uploads\/2019\/07\/Outra-Mare-E-Possivel.jpg","contentUrl":"https:\/\/rioonwatch.org.br\/wp-content\/uploads\/2019\/07\/Outra-Mare-E-Possivel.jpg","width":2000,"height":1325},{"@type":"BreadcrumbList","@id":"https:\/\/rioonwatch.org.br\/?p=41818#breadcrumb","itemListElement":[{"@type":"ListItem","position":1,"name":"In\u00edcio","item":"https:\/\/rioonwatch.org.br\/"},{"@type":"ListItem","position":2,"name":"Ato Celebra 2 Anos do &#8216;Basta de Viol\u00eancia! Outra Mar\u00e9 \u00e9 Poss\u00edvel&#8217; e Reivindica A\u00e7\u00e3o Civil P\u00fablica"}]},{"@type":"WebSite","@id":"https:\/\/rioonwatch.org.br\/#website","url":"https:\/\/rioonwatch.org.br\/","name":"RioOnWatch","description":"relatos das favelas cariocas","publisher":{"@id":"https:\/\/rioonwatch.org.br\/#organization"},"potentialAction":[{"@type":"SearchAction","target":{"@type":"EntryPoint","urlTemplate":"https:\/\/rioonwatch.org.br\/?s={search_term_string}"},"query-input":{"@type":"PropertyValueSpecification","valueRequired":true,"valueName":"search_term_string"}}],"inLanguage":"pt-BR"},{"@type":"Organization","@id":"https:\/\/rioonwatch.org.br\/#organization","name":"RioOnWatch","url":"https:\/\/rioonwatch.org.br\/","logo":{"@type":"ImageObject","inLanguage":"pt-BR","@id":"https:\/\/rioonwatch.org.br\/#\/schema\/logo\/image\/","url":"https:\/\/rioonwatch.org.br\/wp-content\/uploads\/2021\/06\/RioOnWatchcabecalhoPT11anos-2.png","contentUrl":"https:\/\/rioonwatch.org.br\/wp-content\/uploads\/2021\/06\/RioOnWatchcabecalhoPT11anos-2.png","width":779,"height":277,"caption":"RioOnWatch"},"image":{"@id":"https:\/\/rioonwatch.org.br\/#\/schema\/logo\/image\/"}},{"@type":"Person","@id":"https:\/\/rioonwatch.org.br\/#\/schema\/person\/f443c6b55bb6e80842280318076491c5","name":"Luisa Fenizola","image":{"@type":"ImageObject","inLanguage":"pt-BR","@id":"https:\/\/rioonwatch.org.br\/#\/schema\/person\/image\/","url":"https:\/\/secure.gravatar.com\/avatar\/a3d551110162b9f876cbbdaaecf75663?s=96&d=blank&r=g","contentUrl":"https:\/\/secure.gravatar.com\/avatar\/a3d551110162b9f876cbbdaaecf75663?s=96&d=blank&r=g","caption":"Luisa Fenizola"},"url":"https:\/\/rioonwatch.org.br\/?author=152"}]}},"_links":{"self":[{"href":"https:\/\/rioonwatch.org.br\/index.php?rest_route=\/wp\/v2\/posts\/41818"}],"collection":[{"href":"https:\/\/rioonwatch.org.br\/index.php?rest_route=\/wp\/v2\/posts"}],"about":[{"href":"https:\/\/rioonwatch.org.br\/index.php?rest_route=\/wp\/v2\/types\/post"}],"author":[{"embeddable":true,"href":"https:\/\/rioonwatch.org.br\/index.php?rest_route=\/wp\/v2\/users\/152"}],"replies":[{"embeddable":true,"href":"https:\/\/rioonwatch.org.br\/index.php?rest_route=%2Fwp%2Fv2%2Fcomments&post=41818"}],"version-history":[{"count":16,"href":"https:\/\/rioonwatch.org.br\/index.php?rest_route=\/wp\/v2\/posts\/41818\/revisions"}],"predecessor-version":[{"id":41979,"href":"https:\/\/rioonwatch.org.br\/index.php?rest_route=\/wp\/v2\/posts\/41818\/revisions\/41979"}],"wp:featuredmedia":[{"embeddable":true,"href":"https:\/\/rioonwatch.org.br\/index.php?rest_route=\/wp\/v2\/media\/41879"}],"wp:attachment":[{"href":"https:\/\/rioonwatch.org.br\/index.php?rest_route=%2Fwp%2Fv2%2Fmedia&parent=41818"}],"wp:term":[{"taxonomy":"category","embeddable":true,"href":"https:\/\/rioonwatch.org.br\/index.php?rest_route=%2Fwp%2Fv2%2Fcategories&post=41818"},{"taxonomy":"post_tag","embeddable":true,"href":"https:\/\/rioonwatch.org.br\/index.php?rest_route=%2Fwp%2Fv2%2Ftags&post=41818"},{"taxonomy":"writer","embeddable":true,"href":"https:\/\/rioonwatch.org.br\/index.php?rest_route=%2Fwp%2Fv2%2Fwriter&post=41818"},{"taxonomy":"translator","embeddable":true,"href":"https:\/\/rioonwatch.org.br\/index.php?rest_route=%2Fwp%2Fv2%2Ftranslator&post=41818"},{"taxonomy":"source","embeddable":true,"href":"https:\/\/rioonwatch.org.br\/index.php?rest_route=%2Fwp%2Fv2%2Fsource&post=41818"},{"taxonomy":"ilustrador","embeddable":true,"href":"https:\/\/rioonwatch.org.br\/index.php?rest_route=%2Fwp%2Fv2%2Filustrador&post=41818"},{"taxonomy":"fotografo","embeddable":true,"href":"https:\/\/rioonwatch.org.br\/index.php?rest_route=%2Fwp%2Fv2%2Ffotografo&post=41818"}],"curies":[{"name":"wp","href":"https:\/\/api.w.org\/{rel}","templated":true}]}}