{"id":41981,"date":"2019-07-24T03:59:21","date_gmt":"2019-07-24T06:59:21","guid":{"rendered":"https:\/\/rioonwatch.org.br\/?p=41981"},"modified":"2023-08-22T21:08:07","modified_gmt":"2023-08-23T00:08:07","slug":"reconectando-se-aos-sentidos-sabores-e-saberes-da-serra-da-misericordia","status":"publish","type":"post","link":"https:\/\/rioonwatch.org.br\/?p=41981","title":{"rendered":"Se Reconectando Aos &#8216;Sentidos, Sabores e Saberes&#8217; da Serra da Miseric\u00f3rdia"},"content":{"rendered":"<p style=\"text-align: right;\"><em><strong><a href=\"http:\/\/bit.ly\/2XHbD5A\" target=\"_blank\" rel=\"noopener noreferrer\">Click Here for English<\/a><a href=\"http:\/\/bit.ly\/2XHbD5A\" target=\"_blank\" rel=\"noopener noreferrer\"><img decoding=\"async\" width=\"20\" height=\"20\" class=\"alignright wp-image-15790\" src=\"http:\/\/rioonwatch.org.br\/wp-content\/uploads\/2012\/08\/EN-standard-e1439583104716.jpg\" \/><\/a><\/strong><\/em><\/p>\n<p>No dia 29 de junho, o <a href=\"http:\/\/bit.ly\/18qCd1y\" target=\"_blank\" rel=\"noopener noreferrer\">Verdejar<\/a>, uma organiza\u00e7\u00e3o socioambiental do <a href=\"http:\/\/bit.ly\/2Jz2yW3\" target=\"_blank\" rel=\"noopener noreferrer\">Complexo do Alem\u00e3o<\/a>, na <a href=\"http:\/\/bit.ly\/2ETpYR1\" target=\"_blank\" rel=\"noopener noreferrer\">Zona Norte<\/a> do Rio de Janeiro, realizou um <a href=\"http:\/\/bit.ly\/2Y6hsJv\" target=\"_blank\" rel=\"noopener noreferrer\">evento<\/a> para celebrar o meio ambiente da Serra da Miseric\u00f3rdia (o maior fragmento de floresta remanescente na densamente povoada Zona Norte do Rio) com comida, m\u00fasica, curtas-metragens e jogos para envolver os sentidos. As festividades do dia exibiram os resultados da mais recente fase de trabalho ecol\u00f3gico do Verdejar, que come\u00e7ou em 2014.<\/p>\n<p>Algumas das festividades do dia aconteceram no <a href=\"http:\/\/bit.ly\/2SfPgOR\" target=\"_blank\" rel=\"noopener noreferrer\">Ponto de Cultura Luiz Poeta<\/a>, no <a href=\"http:\/\/bit.ly\/2O424G5\" target=\"_blank\" rel=\"noopener noreferrer\">Engenho da Rainha<\/a>, em homenagem ao falecido <a href=\"http:\/\/bit.ly\/2JMqjIk\" target=\"_blank\" rel=\"noopener noreferrer\">Luiz \u2018Poeta&#8217; Euz<\/a>, fundador do Verdejar. Luiz Poeta <a href=\"http:\/\/bit.ly\/2RqJERn\" target=\"_blank\" rel=\"noopener noreferrer\">come\u00e7ou a plantar \u00e1rvores<\/a> na d\u00e9cada de 1980 e por fim <a href=\"http:\/\/bit.ly\/2hID9Lo\" target=\"_blank\" rel=\"noopener noreferrer\">reflorestou<\/a> a \u00e1rea circundante e fundou o Verdejar, em 1997. Desde ent\u00e3o, o grupo tem se dedicado a manter a Serra da Miseric\u00f3rdia reflorestada, elevando a consci\u00eancia ecol\u00f3gica entre os moradores e lutando para fortalecer pol\u00edticas de prote\u00e7\u00e3o ambiental da prefeitura.<\/p>\n<p>A Serra da Miseric\u00f3rdia abrange 27 bairros da Zona Norte e, gra\u00e7as aos esfor\u00e7os do Verdejar, j\u00e1 foi designada para se tornar um <a href=\"http:\/\/bit.ly\/1Kq48Sn\" target=\"_blank\" rel=\"noopener noreferrer\">parque urbano p\u00fablico<\/a> com trilhas, p\u00e1tios e ciclovias para educa\u00e7\u00e3o ambiental. A Prefeitura do Rio <a href=\"http:\/\/bit.ly\/1Kq48Sn\" target=\"_blank\" rel=\"noopener noreferrer\">abandonou o projeto<\/a> em 2014, pois o ent\u00e3o Prefeito Eduardo Paes, a pessoa que havia assinado o projeto quatro anos antes, descartou os planos e retirou milh\u00f5es destinados aos investimentos. Um parque de bicicleta solit\u00e1rio que mede 2,5 hectares da \u00e1rea \u00e9 tudo o que resta, do que teria se tornado o parque urbano da Leopoldina.<\/p>\n<p><a href=\"https:\/\/rioonwatch.org.br\/wp-content\/uploads\/2019\/07\/Verdejar-Faixa-Boas-vindas.jpg\"><img fetchpriority=\"high\" decoding=\"async\" class=\"aligncenter wp-image-41984 size-content\" title=\"Foto: Abby Hanna\" src=\"https:\/\/rioonwatch.org.br\/wp-content\/uploads\/2019\/07\/Verdejar-Faixa-Boas-vindas-620x264.jpg\" alt=\"\" width=\"620\" height=\"264\" srcset=\"https:\/\/rioonwatch.org.br\/wp-content\/uploads\/2019\/07\/Verdejar-Faixa-Boas-vindas-620x264.jpg 620w, https:\/\/rioonwatch.org.br\/wp-content\/uploads\/2019\/07\/Verdejar-Faixa-Boas-vindas-940x400.jpg 940w\" sizes=\"(max-width: 620px) 100vw, 620px\" \/><\/a><\/p>\n<p>A designa\u00e7\u00e3o da Serra como \u00c1rea de Prote\u00e7\u00e3o Ambiental e Recupera\u00e7\u00e3o Urbana (APARU) em 2000 <a href=\"http:\/\/bit.ly\/1Kq48Sn\" target=\"_blank\" rel=\"noopener noreferrer\">n\u00e3o impede<\/a> que pedreiras operem na regi\u00e3o, e os organizadores do evento relatam que a dinamite \u00e9 detonada a menos de 1.000 metros de dist\u00e2ncia dos moradores. As explos\u00f5es t\u00eam criado nuvens de poeira cobrindo v\u00e1rios bairros, levando alergias e problemas respirat\u00f3rios \u00e0s comunidades. A destrui\u00e7\u00e3o de nascentes e outros corpos de \u00e1gua tamb\u00e9m gerou uma grande <a href=\"http:\/\/bit.ly\/1RiZS9W\" target=\"_blank\" rel=\"noopener noreferrer\">ilha de calor<\/a>.<\/p>\n<p>Foi nesse contexto de degrada\u00e7\u00e3o ambiental que, desde 2014, o Verdejar busca focar na participa\u00e7\u00e3o e educa\u00e7\u00e3o de jovens na preserva\u00e7\u00e3o da mem\u00f3ria do territ\u00f3rio, apresentando fotos e v\u00eddeos de projetos em andamento. Fotos tiradas anos atr\u00e1s para a exposi\u00e7\u00e3o &#8220;<a href=\"http:\/\/bit.ly\/2xJk2pQ\" target=\"_blank\" rel=\"noopener noreferrer\">Olhares da Miseric\u00f3rdia<\/a>&#8221; foram mostradas, bem como dois curtas-metragens de alunos, &#8220;Verdejantes&#8221; e &#8220;Caixa Limpa&#8221;, produzidos com o apoio do <a href=\"http:\/\/bit.ly\/2SkI3wP\" target=\"_blank\" rel=\"noopener noreferrer\">Cineserra<\/a> e o CIEP Frederico Fellini.<\/p>\n<p><a href=\"https:\/\/rioonwatch.org.br\/wp-content\/uploads\/2019\/07\/Verdejar-Flores-na-garrafa-PET.jpg\"><img decoding=\"async\" class=\"aligncenter wp-image-41985 size-content\" title=\"Foto: Abby Hanna\" src=\"https:\/\/rioonwatch.org.br\/wp-content\/uploads\/2019\/07\/Verdejar-Flores-na-garrafa-PET-620x264.jpg\" alt=\"\" width=\"620\" height=\"264\" srcset=\"https:\/\/rioonwatch.org.br\/wp-content\/uploads\/2019\/07\/Verdejar-Flores-na-garrafa-PET-620x264.jpg 620w, https:\/\/rioonwatch.org.br\/wp-content\/uploads\/2019\/07\/Verdejar-Flores-na-garrafa-PET-940x400.jpg 940w\" sizes=\"(max-width: 620px) 100vw, 620px\" \/><\/a><br \/>\n\ufffcAs atividades foram realizadas ao ar livre, com tendas dedicadas \u00e0 conscientiza\u00e7\u00e3o ambiental. Em uma tenda os participantes aprenderam a criar flores e outras decora\u00e7\u00f5es a partir de garrafas pl\u00e1sticas (acima). Em outra (abaixo) os participantes foram orientados, de olhos vendados e descal\u00e7os, a pisarem sobre folhas e terra antes de enfiarem os p\u00e9s em po\u00e7as de \u00e1gua, enquanto estavam sendo ventilados por uma folha de palmeira grande. Ao expor os participantes ao seu ambiente natural e envolv\u00ea-los com o meio ambiente, os organizadores do evento esperavam reconstruir um sentimento de pertencimento \u00e0 comunidade local.<\/p>\n<p>Um professor do curso de Teatro Ambiental e Mem\u00f3ria do Verdejar atuou em outra \u00e1rea do evento, mostrando aos participantes como criar colares com uma pequena garrafa com peda\u00e7os de rocha, terra e planta dentro. Para o professor, os colares ajudaram a manter os usu\u00e1rios conscientes do ambiente ao seu redor, &#8220;carregando um pouco de terra com voc\u00ea o tempo todo&#8221;.<\/p>\n<p><a href=\"https:\/\/rioonwatch.org.br\/wp-content\/uploads\/2019\/07\/Verdejar-Oficina-de-cord\u00e3o.jpg\"><img loading=\"lazy\" decoding=\"async\" class=\"aligncenter wp-image-41986 size-medium\" title=\"Foto: Abby Hanna\" src=\"https:\/\/rioonwatch.org.br\/wp-content\/uploads\/2019\/07\/Verdejar-Oficina-de-cord\u00e3o-620x465.jpg\" alt=\"\" width=\"620\" height=\"465\" srcset=\"https:\/\/rioonwatch.org.br\/wp-content\/uploads\/2019\/07\/Verdejar-Oficina-de-cord\u00e3o-620x465.jpg 620w, https:\/\/rioonwatch.org.br\/wp-content\/uploads\/2019\/07\/Verdejar-Oficina-de-cord\u00e3o-352x264.jpg 352w, https:\/\/rioonwatch.org.br\/wp-content\/uploads\/2019\/07\/Verdejar-Oficina-de-cord\u00e3o-768x576.jpg 768w, https:\/\/rioonwatch.org.br\/wp-content\/uploads\/2019\/07\/Verdejar-Oficina-de-cord\u00e3o-174x131.jpg 174w, https:\/\/rioonwatch.org.br\/wp-content\/uploads\/2019\/07\/Verdejar-Oficina-de-cord\u00e3o-300x225.jpg 300w, https:\/\/rioonwatch.org.br\/wp-content\/uploads\/2019\/07\/Verdejar-Oficina-de-cord\u00e3o-70x53.jpg 70w, https:\/\/rioonwatch.org.br\/wp-content\/uploads\/2019\/07\/Verdejar-Oficina-de-cord\u00e3o.jpg 1000w\" sizes=\"(max-width: 620px) 100vw, 620px\" \/><\/a><\/p>\n<p>As comidas e bebidas do dia, foram produzidas no local. Os organizadores do evento serviram um card\u00e1pio sem carne, com p\u00e3o de banana, molho picante de manga e salada maluca, todos temperados com um senso de import\u00e2ncia ambiental e cultural.<\/p>\n<p>Os cariocas n\u00e3o foram os \u00fanicos presentes neste evento\u2014Susana Soledad Alegria Sepulveda, uma <a href=\"http:\/\/bit.ly\/2XVWjS1\" target=\"_blank\" rel=\"noopener noreferrer\">artista de tape\u00e7aria chilena<\/a> que se mudou para o Engenho da Rainha h\u00e1 alguns anos, chegou em busca de ideias para seus pr\u00f3prios projetos ambientais. Susana, que viveu e trabalhou em uma comunidade art\u00edstica do Rio por v\u00e1rios anos, est\u00e1 atualmente trabalhando em uma tape\u00e7aria que retrata a hist\u00f3ria da favela da <a href=\"http:\/\/bit.ly\/2XuTtjt\" target=\"_blank\" rel=\"noopener noreferrer\">Rocinha<\/a>, localizada na <a href=\"http:\/\/bit.ly\/2WL6FUi\" target=\"_blank\" rel=\"noopener noreferrer\">Zona Sul<\/a> da cidade.<\/p>\n<p><a href=\"https:\/\/rioonwatch.org.br\/wp-content\/uploads\/2019\/07\/Chilena-Soledad-Verdejar.jpg\"><img loading=\"lazy\" decoding=\"async\" class=\"aligncenter wp-image-41987 size-content\" title=\"A artista chilena de tape\u00e7aria Soledad Alegria Sepulveda. Foto: Abby Hanna\" src=\"https:\/\/rioonwatch.org.br\/wp-content\/uploads\/2019\/07\/Chilena-Soledad-Verdejar-620x264.jpg\" alt=\"\" width=\"620\" height=\"264\" srcset=\"https:\/\/rioonwatch.org.br\/wp-content\/uploads\/2019\/07\/Chilena-Soledad-Verdejar-620x264.jpg 620w, https:\/\/rioonwatch.org.br\/wp-content\/uploads\/2019\/07\/Chilena-Soledad-Verdejar-940x400.jpg 940w\" sizes=\"(max-width: 620px) 100vw, 620px\" \/><\/a><\/p>\n<p>Contra um <a href=\"http:\/\/bit.ly\/2Z2k6gw\" target=\"_blank\" rel=\"noopener noreferrer\">cen\u00e1rio nacional de desmatamento na Amaz\u00f4nia<\/a>, recorrentes desastres de minera\u00e7\u00e3o e uma <a href=\"http:\/\/bit.ly\/2QfSSPC\" target=\"_blank\" rel=\"noopener noreferrer\">tend\u00eancia implac\u00e1vel de desastres ambientais<\/a> em toda a cidade do Rio de Janeiro, eventos como este oferecem esperan\u00e7a. O Verdejar tem estado ativo desde que a prefeitura abandonou o projeto do Parque da Miseric\u00f3rdia, em 2014, e mostra que o legado de Luiz Poeta, no Rio, continua vivo, incentivando todos n\u00f3s a nos movermos com a coreografia do nosso ambiente natural e de forma positiva.<\/p>\n<p><a href=\"https:\/\/rioonwatch.org.br\/wp-content\/uploads\/2019\/07\/Soledad-Tapete.jpg\"><img loading=\"lazy\" decoding=\"async\" class=\"aligncenter wp-image-41988 size-large\" title=\"Tape\u00e7aria com tem\u00e1tica do Rio, parte de um projeto criativo de Soledad. Foto: Abby Hanna\" src=\"https:\/\/rioonwatch.org.br\/wp-content\/uploads\/2019\/07\/Soledad-Tapete-768x1024.jpg\" alt=\"\" width=\"620\" height=\"827\" srcset=\"https:\/\/rioonwatch.org.br\/wp-content\/uploads\/2019\/07\/Soledad-Tapete-768x1024.jpg 768w, https:\/\/rioonwatch.org.br\/wp-content\/uploads\/2019\/07\/Soledad-Tapete-198x264.jpg 198w, https:\/\/rioonwatch.org.br\/wp-content\/uploads\/2019\/07\/Soledad-Tapete-465x620.jpg 465w, https:\/\/rioonwatch.org.br\/wp-content\/uploads\/2019\/07\/Soledad-Tapete.jpg 1000w\" sizes=\"(max-width: 620px) 100vw, 620px\" \/><\/a><\/p>\n<!-- AddThis Advanced Settings generic via filter on the_content --><!-- AddThis Share Buttons generic via filter on the_content -->","protected":false},"excerpt":{"rendered":"<div class=\"mh-excerpt\"><p>Click Here for English No dia 29 de junho, o Verdejar, uma organiza\u00e7\u00e3o socioambiental do Complexo do Alem\u00e3o, na Zona Norte do Rio de Janeiro, realizou um evento para celebrar o meio ambiente da Serra <a class=\"mh-excerpt-more\" href=\"https:\/\/rioonwatch.org.br\/?p=41981\" title=\"Se Reconectando Aos &#8216;Sentidos, Sabores e Saberes&#8217; da Serra da Miseric\u00f3rdia\">[&#8230;]<\/a><!-- AddThis Advanced Settings generic via filter on get_the_excerpt --><!-- AddThis Share Buttons generic via filter on get_the_excerpt --><\/p>\n<\/div>","protected":false},"author":152,"featured_media":41982,"comment_status":"closed","ping_status":"closed","sticky":false,"template":"","format":"standard","meta":{"_acf_changed":false,"_monsterinsights_skip_tracking":false,"_monsterinsights_sitenote_active":false,"_monsterinsights_sitenote_note":"","_monsterinsights_sitenote_category":0,"footnotes":""},"categories":[1621,1627,1626,1612,342,1639],"tags":[573,1030,217,484,316,363,1805,1147,83,1148,106,358,297,16,295,1347,476,404,429,218],"writer":[2647],"translator":[1491],"source":[],"ilustrador":[],"fotografo":[],"class_list":{"0":"post-41981","1":"post","2":"type-post","3":"status-publish","4":"format-standard","5":"has-post-thumbnail","7":"category-destaque","8":"category-relato-de-evento","9":"category-por-observadores-internacionais","10":"category-sociedade-civil","11":"category-solucoes","12":"category-sustentabilidade","13":"tag-artesanato","14":"tag-ciep","15":"tag-complexo-do-alemao","16":"tag-prefeito-eduardo-paes","17":"tag-educacao","18":"tag-educacao-ambiental","19":"tag-engenho-da-rainha","20":"tag-espacos-verdes","21":"tag-fotografia","22":"tag-ilhas-de-calor","23":"tag-meio-ambiente","24":"tag-organizacao-comunitaria","25":"tag-reflorestamento","26":"tag-rocinha","27":"tag-serra-da-misericordia","28":"tag-solucao","29":"tag-solucao-comunitaria","30":"tag-sustentabilidade","31":"tag-verdejar","32":"tag-zona-norte","33":"writer-abby-hanna","34":"translator-patricia-gomes"},"acf":[],"yoast_head":"<!-- This site is optimized with the Yoast SEO plugin v25.6 - https:\/\/yoast.com\/wordpress\/plugins\/seo\/ -->\n<title>Se Reconectando Aos &#039;Sentidos, Sabores e Saberes&#039; da Serra da Miseric\u00f3rdia - RioOnWatch<\/title>\n<meta name=\"robots\" content=\"index, follow, max-snippet:-1, max-image-preview:large, max-video-preview:-1\" \/>\n<link rel=\"canonical\" href=\"https:\/\/rioonwatch.org.br\/?p=41981\" \/>\n<meta property=\"og:locale\" content=\"pt_BR\" \/>\n<meta property=\"og:type\" content=\"article\" \/>\n<meta property=\"og:title\" content=\"Se Reconectando Aos &#039;Sentidos, Sabores e Saberes&#039; da Serra da Miseric\u00f3rdia - RioOnWatch\" \/>\n<meta property=\"og:description\" content=\"Click Here for English No dia 29 de junho, o Verdejar, uma organiza\u00e7\u00e3o socioambiental do Complexo do Alem\u00e3o, na Zona Norte do Rio de Janeiro, realizou um evento para celebrar o meio ambiente da Serra [...]\" \/>\n<meta property=\"og:url\" content=\"https:\/\/rioonwatch.org.br\/?p=41981\" \/>\n<meta property=\"og:site_name\" content=\"RioOnWatch\" \/>\n<meta property=\"article:published_time\" content=\"2019-07-24T06:59:21+00:00\" \/>\n<meta property=\"article:modified_time\" content=\"2023-08-23T00:08:07+00:00\" \/>\n<meta property=\"og:image\" content=\"https:\/\/rioonwatch.org.br\/wp-content\/uploads\/2019\/07\/Jogo-Sensorial-Verdejar.jpg\" \/>\n\t<meta property=\"og:image:width\" content=\"1000\" \/>\n\t<meta property=\"og:image:height\" content=\"750\" \/>\n\t<meta property=\"og:image:type\" content=\"image\/jpeg\" \/>\n<meta name=\"author\" content=\"Luisa Fenizola\" \/>\n<meta name=\"twitter:card\" content=\"summary_large_image\" \/>\n<meta name=\"twitter:label1\" content=\"Escrito por\" \/>\n\t<meta name=\"twitter:data1\" content=\"Luisa Fenizola\" \/>\n\t<meta name=\"twitter:label2\" content=\"Est. tempo de leitura\" \/>\n\t<meta name=\"twitter:data2\" content=\"4 minutos\" \/>\n<script type=\"application\/ld+json\" class=\"yoast-schema-graph\">{\"@context\":\"https:\/\/schema.org\",\"@graph\":[{\"@type\":\"Article\",\"@id\":\"https:\/\/rioonwatch.org.br\/?p=41981#article\",\"isPartOf\":{\"@id\":\"https:\/\/rioonwatch.org.br\/?p=41981\"},\"author\":{\"name\":\"Luisa Fenizola\",\"@id\":\"https:\/\/rioonwatch.org.br\/#\/schema\/person\/f443c6b55bb6e80842280318076491c5\"},\"headline\":\"Se Reconectando Aos &#8216;Sentidos, Sabores e Saberes&#8217; da Serra da Miseric\u00f3rdia\",\"datePublished\":\"2019-07-24T06:59:21+00:00\",\"dateModified\":\"2023-08-23T00:08:07+00:00\",\"mainEntityOfPage\":{\"@id\":\"https:\/\/rioonwatch.org.br\/?p=41981\"},\"wordCount\":813,\"publisher\":{\"@id\":\"https:\/\/rioonwatch.org.br\/#organization\"},\"image\":{\"@id\":\"https:\/\/rioonwatch.org.br\/?p=41981#primaryimage\"},\"thumbnailUrl\":\"https:\/\/rioonwatch.org.br\/wp-content\/uploads\/2019\/07\/Jogo-Sensorial-Verdejar.jpg\",\"keywords\":[\"artesanato\",\"CIEP\",\"Complexo do Alem\u00e3o\",\"Eduardo Paes\",\"educa\u00e7\u00e3o\",\"educa\u00e7\u00e3o ambiental\",\"Engenho da Rainha\",\"espa\u00e7os verdes\",\"fotografia\",\"Ilhas de Calor\",\"meio ambiente\",\"organiza\u00e7\u00e3o comunit\u00e1ria\",\"reflorestamento\",\"Rocinha\",\"Serra da Miseric\u00f3rdia\",\"solu\u00e7\u00e3o\",\"solu\u00e7\u00e3o comunit\u00e1ria\",\"sustentabilidade\",\"Verdejar\",\"Zona Norte\"],\"articleSection\":[\"*Destaque\",\"Cobertura de Eventos\",\"Escrito por Aliados\",\"Sociedade Civil\",\"Solu\u00e7\u00f5es\",\"Sustentabilidade\"],\"inLanguage\":\"pt-BR\"},{\"@type\":\"WebPage\",\"@id\":\"https:\/\/rioonwatch.org.br\/?p=41981\",\"url\":\"https:\/\/rioonwatch.org.br\/?p=41981\",\"name\":\"Se Reconectando Aos 'Sentidos, Sabores e Saberes' da Serra da Miseric\u00f3rdia - RioOnWatch\",\"isPartOf\":{\"@id\":\"https:\/\/rioonwatch.org.br\/#website\"},\"primaryImageOfPage\":{\"@id\":\"https:\/\/rioonwatch.org.br\/?p=41981#primaryimage\"},\"image\":{\"@id\":\"https:\/\/rioonwatch.org.br\/?p=41981#primaryimage\"},\"thumbnailUrl\":\"https:\/\/rioonwatch.org.br\/wp-content\/uploads\/2019\/07\/Jogo-Sensorial-Verdejar.jpg\",\"datePublished\":\"2019-07-24T06:59:21+00:00\",\"dateModified\":\"2023-08-23T00:08:07+00:00\",\"breadcrumb\":{\"@id\":\"https:\/\/rioonwatch.org.br\/?p=41981#breadcrumb\"},\"inLanguage\":\"pt-BR\",\"potentialAction\":[{\"@type\":\"ReadAction\",\"target\":[\"https:\/\/rioonwatch.org.br\/?p=41981\"]}]},{\"@type\":\"ImageObject\",\"inLanguage\":\"pt-BR\",\"@id\":\"https:\/\/rioonwatch.org.br\/?p=41981#primaryimage\",\"url\":\"https:\/\/rioonwatch.org.br\/wp-content\/uploads\/2019\/07\/Jogo-Sensorial-Verdejar.jpg\",\"contentUrl\":\"https:\/\/rioonwatch.org.br\/wp-content\/uploads\/2019\/07\/Jogo-Sensorial-Verdejar.jpg\",\"width\":1000,\"height\":750},{\"@type\":\"BreadcrumbList\",\"@id\":\"https:\/\/rioonwatch.org.br\/?p=41981#breadcrumb\",\"itemListElement\":[{\"@type\":\"ListItem\",\"position\":1,\"name\":\"In\u00edcio\",\"item\":\"https:\/\/rioonwatch.org.br\/\"},{\"@type\":\"ListItem\",\"position\":2,\"name\":\"Se Reconectando Aos &#8216;Sentidos, Sabores e Saberes&#8217; da Serra da Miseric\u00f3rdia\"}]},{\"@type\":\"WebSite\",\"@id\":\"https:\/\/rioonwatch.org.br\/#website\",\"url\":\"https:\/\/rioonwatch.org.br\/\",\"name\":\"RioOnWatch\",\"description\":\"relatos das favelas cariocas\",\"publisher\":{\"@id\":\"https:\/\/rioonwatch.org.br\/#organization\"},\"potentialAction\":[{\"@type\":\"SearchAction\",\"target\":{\"@type\":\"EntryPoint\",\"urlTemplate\":\"https:\/\/rioonwatch.org.br\/?s={search_term_string}\"},\"query-input\":{\"@type\":\"PropertyValueSpecification\",\"valueRequired\":true,\"valueName\":\"search_term_string\"}}],\"inLanguage\":\"pt-BR\"},{\"@type\":\"Organization\",\"@id\":\"https:\/\/rioonwatch.org.br\/#organization\",\"name\":\"RioOnWatch\",\"url\":\"https:\/\/rioonwatch.org.br\/\",\"logo\":{\"@type\":\"ImageObject\",\"inLanguage\":\"pt-BR\",\"@id\":\"https:\/\/rioonwatch.org.br\/#\/schema\/logo\/image\/\",\"url\":\"https:\/\/rioonwatch.org.br\/wp-content\/uploads\/2021\/06\/RioOnWatchcabecalhoPT11anos-2.png\",\"contentUrl\":\"https:\/\/rioonwatch.org.br\/wp-content\/uploads\/2021\/06\/RioOnWatchcabecalhoPT11anos-2.png\",\"width\":779,\"height\":277,\"caption\":\"RioOnWatch\"},\"image\":{\"@id\":\"https:\/\/rioonwatch.org.br\/#\/schema\/logo\/image\/\"}},{\"@type\":\"Person\",\"@id\":\"https:\/\/rioonwatch.org.br\/#\/schema\/person\/f443c6b55bb6e80842280318076491c5\",\"name\":\"Luisa Fenizola\",\"image\":{\"@type\":\"ImageObject\",\"inLanguage\":\"pt-BR\",\"@id\":\"https:\/\/rioonwatch.org.br\/#\/schema\/person\/image\/\",\"url\":\"https:\/\/secure.gravatar.com\/avatar\/a3d551110162b9f876cbbdaaecf75663?s=96&d=blank&r=g\",\"contentUrl\":\"https:\/\/secure.gravatar.com\/avatar\/a3d551110162b9f876cbbdaaecf75663?s=96&d=blank&r=g\",\"caption\":\"Luisa Fenizola\"},\"url\":\"https:\/\/rioonwatch.org.br\/?author=152\"}]}<\/script>\n<!-- \/ Yoast SEO plugin. -->","yoast_head_json":{"title":"Se Reconectando Aos 'Sentidos, Sabores e Saberes' da Serra da Miseric\u00f3rdia - RioOnWatch","robots":{"index":"index","follow":"follow","max-snippet":"max-snippet:-1","max-image-preview":"max-image-preview:large","max-video-preview":"max-video-preview:-1"},"canonical":"https:\/\/rioonwatch.org.br\/?p=41981","og_locale":"pt_BR","og_type":"article","og_title":"Se Reconectando Aos 'Sentidos, Sabores e Saberes' da Serra da Miseric\u00f3rdia - RioOnWatch","og_description":"Click Here for English No dia 29 de junho, o Verdejar, uma organiza\u00e7\u00e3o socioambiental do Complexo do Alem\u00e3o, na Zona Norte do Rio de Janeiro, realizou um evento para celebrar o meio ambiente da Serra [...]","og_url":"https:\/\/rioonwatch.org.br\/?p=41981","og_site_name":"RioOnWatch","article_published_time":"2019-07-24T06:59:21+00:00","article_modified_time":"2023-08-23T00:08:07+00:00","og_image":[{"width":1000,"height":750,"url":"https:\/\/rioonwatch.org.br\/wp-content\/uploads\/2019\/07\/Jogo-Sensorial-Verdejar.jpg","type":"image\/jpeg"}],"author":"Luisa Fenizola","twitter_card":"summary_large_image","twitter_misc":{"Escrito por":"Luisa Fenizola","Est. tempo de leitura":"4 minutos"},"schema":{"@context":"https:\/\/schema.org","@graph":[{"@type":"Article","@id":"https:\/\/rioonwatch.org.br\/?p=41981#article","isPartOf":{"@id":"https:\/\/rioonwatch.org.br\/?p=41981"},"author":{"name":"Luisa Fenizola","@id":"https:\/\/rioonwatch.org.br\/#\/schema\/person\/f443c6b55bb6e80842280318076491c5"},"headline":"Se Reconectando Aos &#8216;Sentidos, Sabores e Saberes&#8217; da Serra da Miseric\u00f3rdia","datePublished":"2019-07-24T06:59:21+00:00","dateModified":"2023-08-23T00:08:07+00:00","mainEntityOfPage":{"@id":"https:\/\/rioonwatch.org.br\/?p=41981"},"wordCount":813,"publisher":{"@id":"https:\/\/rioonwatch.org.br\/#organization"},"image":{"@id":"https:\/\/rioonwatch.org.br\/?p=41981#primaryimage"},"thumbnailUrl":"https:\/\/rioonwatch.org.br\/wp-content\/uploads\/2019\/07\/Jogo-Sensorial-Verdejar.jpg","keywords":["artesanato","CIEP","Complexo do Alem\u00e3o","Eduardo Paes","educa\u00e7\u00e3o","educa\u00e7\u00e3o ambiental","Engenho da Rainha","espa\u00e7os verdes","fotografia","Ilhas de Calor","meio ambiente","organiza\u00e7\u00e3o comunit\u00e1ria","reflorestamento","Rocinha","Serra da Miseric\u00f3rdia","solu\u00e7\u00e3o","solu\u00e7\u00e3o comunit\u00e1ria","sustentabilidade","Verdejar","Zona Norte"],"articleSection":["*Destaque","Cobertura de Eventos","Escrito por Aliados","Sociedade Civil","Solu\u00e7\u00f5es","Sustentabilidade"],"inLanguage":"pt-BR"},{"@type":"WebPage","@id":"https:\/\/rioonwatch.org.br\/?p=41981","url":"https:\/\/rioonwatch.org.br\/?p=41981","name":"Se Reconectando Aos 'Sentidos, Sabores e Saberes' da Serra da Miseric\u00f3rdia - RioOnWatch","isPartOf":{"@id":"https:\/\/rioonwatch.org.br\/#website"},"primaryImageOfPage":{"@id":"https:\/\/rioonwatch.org.br\/?p=41981#primaryimage"},"image":{"@id":"https:\/\/rioonwatch.org.br\/?p=41981#primaryimage"},"thumbnailUrl":"https:\/\/rioonwatch.org.br\/wp-content\/uploads\/2019\/07\/Jogo-Sensorial-Verdejar.jpg","datePublished":"2019-07-24T06:59:21+00:00","dateModified":"2023-08-23T00:08:07+00:00","breadcrumb":{"@id":"https:\/\/rioonwatch.org.br\/?p=41981#breadcrumb"},"inLanguage":"pt-BR","potentialAction":[{"@type":"ReadAction","target":["https:\/\/rioonwatch.org.br\/?p=41981"]}]},{"@type":"ImageObject","inLanguage":"pt-BR","@id":"https:\/\/rioonwatch.org.br\/?p=41981#primaryimage","url":"https:\/\/rioonwatch.org.br\/wp-content\/uploads\/2019\/07\/Jogo-Sensorial-Verdejar.jpg","contentUrl":"https:\/\/rioonwatch.org.br\/wp-content\/uploads\/2019\/07\/Jogo-Sensorial-Verdejar.jpg","width":1000,"height":750},{"@type":"BreadcrumbList","@id":"https:\/\/rioonwatch.org.br\/?p=41981#breadcrumb","itemListElement":[{"@type":"ListItem","position":1,"name":"In\u00edcio","item":"https:\/\/rioonwatch.org.br\/"},{"@type":"ListItem","position":2,"name":"Se Reconectando Aos &#8216;Sentidos, Sabores e Saberes&#8217; da Serra da Miseric\u00f3rdia"}]},{"@type":"WebSite","@id":"https:\/\/rioonwatch.org.br\/#website","url":"https:\/\/rioonwatch.org.br\/","name":"RioOnWatch","description":"relatos das favelas cariocas","publisher":{"@id":"https:\/\/rioonwatch.org.br\/#organization"},"potentialAction":[{"@type":"SearchAction","target":{"@type":"EntryPoint","urlTemplate":"https:\/\/rioonwatch.org.br\/?s={search_term_string}"},"query-input":{"@type":"PropertyValueSpecification","valueRequired":true,"valueName":"search_term_string"}}],"inLanguage":"pt-BR"},{"@type":"Organization","@id":"https:\/\/rioonwatch.org.br\/#organization","name":"RioOnWatch","url":"https:\/\/rioonwatch.org.br\/","logo":{"@type":"ImageObject","inLanguage":"pt-BR","@id":"https:\/\/rioonwatch.org.br\/#\/schema\/logo\/image\/","url":"https:\/\/rioonwatch.org.br\/wp-content\/uploads\/2021\/06\/RioOnWatchcabecalhoPT11anos-2.png","contentUrl":"https:\/\/rioonwatch.org.br\/wp-content\/uploads\/2021\/06\/RioOnWatchcabecalhoPT11anos-2.png","width":779,"height":277,"caption":"RioOnWatch"},"image":{"@id":"https:\/\/rioonwatch.org.br\/#\/schema\/logo\/image\/"}},{"@type":"Person","@id":"https:\/\/rioonwatch.org.br\/#\/schema\/person\/f443c6b55bb6e80842280318076491c5","name":"Luisa Fenizola","image":{"@type":"ImageObject","inLanguage":"pt-BR","@id":"https:\/\/rioonwatch.org.br\/#\/schema\/person\/image\/","url":"https:\/\/secure.gravatar.com\/avatar\/a3d551110162b9f876cbbdaaecf75663?s=96&d=blank&r=g","contentUrl":"https:\/\/secure.gravatar.com\/avatar\/a3d551110162b9f876cbbdaaecf75663?s=96&d=blank&r=g","caption":"Luisa Fenizola"},"url":"https:\/\/rioonwatch.org.br\/?author=152"}]}},"_links":{"self":[{"href":"https:\/\/rioonwatch.org.br\/index.php?rest_route=\/wp\/v2\/posts\/41981"}],"collection":[{"href":"https:\/\/rioonwatch.org.br\/index.php?rest_route=\/wp\/v2\/posts"}],"about":[{"href":"https:\/\/rioonwatch.org.br\/index.php?rest_route=\/wp\/v2\/types\/post"}],"author":[{"embeddable":true,"href":"https:\/\/rioonwatch.org.br\/index.php?rest_route=\/wp\/v2\/users\/152"}],"replies":[{"embeddable":true,"href":"https:\/\/rioonwatch.org.br\/index.php?rest_route=%2Fwp%2Fv2%2Fcomments&post=41981"}],"version-history":[{"count":21,"href":"https:\/\/rioonwatch.org.br\/index.php?rest_route=\/wp\/v2\/posts\/41981\/revisions"}],"predecessor-version":[{"id":42023,"href":"https:\/\/rioonwatch.org.br\/index.php?rest_route=\/wp\/v2\/posts\/41981\/revisions\/42023"}],"wp:featuredmedia":[{"embeddable":true,"href":"https:\/\/rioonwatch.org.br\/index.php?rest_route=\/wp\/v2\/media\/41982"}],"wp:attachment":[{"href":"https:\/\/rioonwatch.org.br\/index.php?rest_route=%2Fwp%2Fv2%2Fmedia&parent=41981"}],"wp:term":[{"taxonomy":"category","embeddable":true,"href":"https:\/\/rioonwatch.org.br\/index.php?rest_route=%2Fwp%2Fv2%2Fcategories&post=41981"},{"taxonomy":"post_tag","embeddable":true,"href":"https:\/\/rioonwatch.org.br\/index.php?rest_route=%2Fwp%2Fv2%2Ftags&post=41981"},{"taxonomy":"writer","embeddable":true,"href":"https:\/\/rioonwatch.org.br\/index.php?rest_route=%2Fwp%2Fv2%2Fwriter&post=41981"},{"taxonomy":"translator","embeddable":true,"href":"https:\/\/rioonwatch.org.br\/index.php?rest_route=%2Fwp%2Fv2%2Ftranslator&post=41981"},{"taxonomy":"source","embeddable":true,"href":"https:\/\/rioonwatch.org.br\/index.php?rest_route=%2Fwp%2Fv2%2Fsource&post=41981"},{"taxonomy":"ilustrador","embeddable":true,"href":"https:\/\/rioonwatch.org.br\/index.php?rest_route=%2Fwp%2Fv2%2Filustrador&post=41981"},{"taxonomy":"fotografo","embeddable":true,"href":"https:\/\/rioonwatch.org.br\/index.php?rest_route=%2Fwp%2Fv2%2Ffotografo&post=41981"}],"curies":[{"name":"wp","href":"https:\/\/api.w.org\/{rel}","templated":true}]}}