{"id":42031,"date":"2019-08-26T09:51:20","date_gmt":"2019-08-26T12:51:20","guid":{"rendered":"https:\/\/rioonwatch.org.br\/?p=42031"},"modified":"2019-10-01T17:11:47","modified_gmt":"2019-10-01T20:11:47","slug":"vai-na-web-empoderamento-da-favela-atraves-da-programacao-nos-prazeres-e-alemao-redefavelasustentavel-perfil","status":"publish","type":"post","link":"https:\/\/rioonwatch.org.br\/?p=42031","title":{"rendered":"Vai na Web: Empoderamento Atrav\u00e9s da Programa\u00e7\u00e3o nos Prazeres e Alem\u00e3o #RedeFavelaSustent\u00e1vel [PERFIL]"},"content":{"rendered":"<p style=\"text-align: right;\"><em><strong><a href=\"http:\/\/bit.ly\/32oFO09\" target=\"_blank\" rel=\"noopener noreferrer\">Click Here for English<\/a><a href=\"http:\/\/bit.ly\/32oFO09\" target=\"_blank\" rel=\"noopener noreferrer\"><img decoding=\"async\" width=\"20\" height=\"20\" class=\"alignright wp-image-15790\" src=\"http:\/\/rioonwatch.org.br\/wp-content\/uploads\/2012\/08\/EN-standard-e1439583104716.jpg\" \/><\/a><\/strong><\/em><\/p>\n<blockquote><p><span style=\"text-decoration: underline;\"><strong>Iniciativa<\/strong><\/span>: Vai na Web<br \/>\n<span style=\"text-decoration: underline;\"><b>Contato<\/b><\/span>: <a href=\"http:\/\/bit.ly\/2QGQIsF\" target=\"_blank\" rel=\"noopener noreferrer\">Website<\/a>\u00a0|\u00a0<a href=\"http:\/\/bit.ly\/2yMIXs9\" target=\"_blank\" rel=\"noopener noreferrer\">Facebook<\/a>\u00a0|\u00a0<a href=\"http:\/\/bit.ly\/2Iut9Qn\" target=\"_blank\" rel=\"noopener noreferrer\">Instagram<\/a>\u00a0|\u00a0<a href=\"mailto:vainaweb@favelasustentavel.org\" target=\"_blank\" rel=\"noopener noreferrer\">Email<\/a>\u00a0<a href=\"http:\/\/bit.ly\/29Rg1Xk\"><br \/>\n<\/a><span style=\"text-decoration: underline;\"><b>Ano de Funda\u00e7\u00e3o<\/b><\/span>: 2017<br \/>\n<span style=\"text-decoration: underline;\"><b>Comunidade<\/b><\/span>: Morro dos Prazeres (Centro) e Complexo do Alem\u00e3o (Zona Norte)<br \/>\n<span style=\"text-decoration: underline;\"><b>Miss\u00e3o<\/b><\/span>: Promover a melhoria da comunidade atrav\u00e9s da prosperidade socialmente justa.<br \/>\n<span style=\"text-decoration: underline;\"><b>Eventos P\u00fablicos<\/b><\/span>: Plataformas na Web e em aplicativos centrados na educa\u00e7\u00e3o, no financiamento de projetos sociais e na articula\u00e7\u00e3o de ativistas apoiadores.<br \/>\n<span style=\"text-decoration: underline;\"><b>Como Contribuir<\/b><\/span>: Voluntariar-se e doar para a organiza\u00e7\u00e3o, contratar um profissional formado pelo programa ou patrocinar um poss\u00edvel aluno.<\/p><\/blockquote>\n<p>O <a href=\"http:\/\/bit.ly\/2Tf3BeC\" target=\"_blank\" rel=\"noopener noreferrer\">Morro dos Prazeres<\/a> e o <a href=\"http:\/\/bit.ly\/2Jz2yW3\" target=\"_blank\" rel=\"noopener noreferrer\">Complexo do Alem\u00e3o<\/a> exemplificam as muitas diferen\u00e7as geogr\u00e1ficas, demogr\u00e1ficas, econ\u00f4micas e culturais entre as numerosas favelas cariocas. Constru\u00eddo em uma encosta, com \u00e2ngulo de 55 graus, do bairro de <a href=\"http:\/\/bit.ly\/2zSL7aO\" target=\"_blank\" rel=\"noopener noreferrer\">Santa Teresa<\/a>, o Morro dos Prazeres\u2014que abriga aproximadamente 10.000 habitantes, segundo os moradores\u2014tem poucas ruas formais e est\u00e1 entre as \u00e1reas urbanizadas situadas nas maiores altitudes do Rio. Apesar da proximidade geogr\u00e1fica do bairro com o <a href=\"http:\/\/bit.ly\/2x1dXEP\" target=\"_blank\" rel=\"noopener noreferrer\">Centro do Rio<\/a>, os moradores dos Prazeres relatam acesso prec\u00e1rio a empregos est\u00e1veis, um cen\u00e1rio agravado pelo relativamente limitado com\u00e9rcio local e acesso ao transporte p\u00fablico, na \u00e1rea.<\/p>\n<p>Enquanto isso, na <a href=\"http:\/\/bit.ly\/2ETpYR1\" target=\"_blank\" rel=\"noopener noreferrer\">Zona Norte<\/a> do Rio, o Complexo do Alem\u00e3o \u00e9 um complexo de 17 favelas que abriga mais de 150.000 habitantes, <a href=\"http:\/\/bit.ly\/29mGZ8p\" target=\"_blank\" rel=\"noopener noreferrer\">segundo organiza\u00e7\u00f5es locais<\/a> (em compara\u00e7\u00e3o com <a href=\"http:\/\/bit.ly\/1U8FIwP\" target=\"_blank\" rel=\"noopener noreferrer\">dados do censo<\/a> que apontam a popula\u00e7\u00e3o em 70.000). Embora v\u00e1rios morros proeminentes estejam sob as \u00e1reas do Alem\u00e3o, grande parte do territ\u00f3rio \u00e9 plano. Com uma economia local vibrante e diversificada, o Alem\u00e3o se parece com uma cidade dentro de uma cidade. Sua localiza\u00e7\u00e3o na Zona Norte, em grande parte residencial e de classe m\u00e9dia baixa, no entanto, coloca os moradores \u00e0 dist\u00e2ncia de muitas oportunidades de carreira com maior potencial de ganhos e centros de forma\u00e7\u00e3o.<\/p>\n<p>Trabalhando no contexto dessas duas favelas muito diferentes, uma organiza\u00e7\u00e3o engenhosa e florescente come\u00e7ou a causar impacto na vida de centenas de fam\u00edlias. Essa organiza\u00e7\u00e3o, <a href=\"http:\/\/bit.ly\/2HSwPwb\" target=\"_blank\" rel=\"noopener noreferrer\">Vai na Web<\/a>, realiza programas de nove meses de dura\u00e7\u00e3o que oferecem aos jovens locais capacita\u00e7\u00f5es valiosas em termos de carreira em ci\u00eancia da computa\u00e7\u00e3o, finan\u00e7as e comunica\u00e7\u00f5es\u2014campos que a organiza\u00e7\u00e3o identificou que carecem de novos profissionais.<\/p>\n<p><a href=\"https:\/\/rioonwatch.org.br\/wp-content\/uploads\/2019\/07\/Vai-na-Web-2.jpg\"><img fetchpriority=\"high\" decoding=\"async\" class=\"aligncenter wp-image-42036 size-content\" title=\"Foto: Vai na Web\" src=\"https:\/\/rioonwatch.org.br\/wp-content\/uploads\/2019\/07\/Vai-na-Web-2-620x264.jpg\" alt=\"\" width=\"620\" height=\"264\" srcset=\"https:\/\/rioonwatch.org.br\/wp-content\/uploads\/2019\/07\/Vai-na-Web-2-620x264.jpg 620w, https:\/\/rioonwatch.org.br\/wp-content\/uploads\/2019\/07\/Vai-na-Web-2-940x400.jpg 940w\" sizes=\"(max-width: 620px) 100vw, 620px\" \/><\/a><\/p>\n<p>Em contraste com outros setores que est\u00e3o vendo o aumento do desemprego no Brasil, a <a href=\"https:\/\/glo.bo\/318v8SW\" target=\"_blank\" rel=\"noopener noreferrer\">demanda por trabalhadores de tecnologia da informa\u00e7\u00e3o<\/a> est\u00e1 aumentando rapidamente, explicou o diretor do Vai na Web, Jo\u00e3o Silva, em entrevista em junho de 2019. Segundo a <a href=\"http:\/\/bit.ly\/2PcNq3i\" target=\"_blank\" rel=\"noopener noreferrer\">Associa\u00e7\u00e3o para a Promo\u00e7\u00e3o da Excel\u00eancia do Software Brasileiro<\/a>, at\u00e9 2020, a economia brasileira ir\u00e1 ter <a href=\"http:\/\/bit.ly\/2XSshid\" target=\"_blank\" rel=\"noopener noreferrer\">falta de 400.000 programadores<\/a>. Levando em considera\u00e7\u00e3o o relacionamento prec\u00e1rio entre muitas das fam\u00edlias de classe trabalhadora carioca com a educa\u00e7\u00e3o e o emprego, os cursos do Vai na Web s\u00e3o oferecidos gratuitamente dentro da comunidade e s\u00e3o de apenas algumas horas por semana. Dessa forma, o Vai na Web reduz o tempo de deslocamento e as despesas extras que normalmente ocorrem com a necessidade de frequ\u00eancia nas universidades, onde esses cursos s\u00e3o oferecidos.<\/p>\n<p><a href=\"https:\/\/rioonwatch.org.br\/wp-content\/uploads\/2019\/07\/Alema\u0303o-para-o-Mundo-Projeto.png\"><img decoding=\"async\" class=\"aligncenter wp-image-42046 size-content\" title=\"Plataforma desenvolvida pelo Vai na Web para disseminar o trabalho dos empreendedores da comunidade para os mais de 150 mil moradores. Imagem: Vai na Web\" src=\"https:\/\/rioonwatch.org.br\/wp-content\/uploads\/2019\/07\/Alema\u0303o-para-o-Mundo-Projeto-620x264.png\" alt=\"\" width=\"620\" height=\"264\" srcset=\"https:\/\/rioonwatch.org.br\/wp-content\/uploads\/2019\/07\/Alema\u0303o-para-o-Mundo-Projeto-620x264.png 620w, https:\/\/rioonwatch.org.br\/wp-content\/uploads\/2019\/07\/Alema\u0303o-para-o-Mundo-Projeto-940x400.png 940w\" sizes=\"(max-width: 620px) 100vw, 620px\" \/><\/a><\/p>\n<p>A iniciativa <a href=\"http:\/\/bit.ly\/2WICoW2\" target=\"_blank\" rel=\"noopener noreferrer\">n\u00e3o apenas ensina aos jovens como entrar no mercado de trabalho<\/a>, mas tamb\u00e9m faz parcerias com empresas que precisam de funcion\u00e1rios qualificados. Jo\u00e3o diz que os estudantes s\u00e3o frequentemente capazes de encontrar empregos com sal\u00e1rios iniciais \u201cbem mais altos do que os dos pr\u00f3prios pais\u201d depois de completar o programa de nove meses. De acordo com o <a href=\"http:\/\/bit.ly\/2X4B6F5\" target=\"_blank\" rel=\"noopener noreferrer\">site do Vai na Web<\/a>, 48% dos participantes retornam aos estudos ou ingressam na universidade, e 55% est\u00e3o empregados. Alguns formados pelo programa encontraram carreiras fora do Brasil, como um jovem que atualmente trabalha no Canad\u00e1. Outra formada pelo programa, a moradora dos Prazeres Evelyn Mendes, <a href=\"http:\/\/bit.ly\/2XFpWqJ\" target=\"_blank\" rel=\"noopener noreferrer\">fez recentemente uma apresenta\u00e7\u00e3o<\/a> na Universidade de Stanford, na Calif\u00f3rnia, sobre o aplicativo de impacto social em que trabalhou como desenvolvedora colaboradora, o <a class=\"aq cc iy iz ja jb\" href=\"http:\/\/bit.ly\/2XF94An\" target=\"_blank\" rel=\"noopener noreferrer\">Match4Action<\/a>.<\/p>\n<p>Jo\u00e3o afirma que &#8220;<span style=\"font-weight: 400;\">para cada ano de escolaridade, voc\u00ea pode aumentar de 10-13% o valor do seu sal\u00e1rio<\/span>&#8220;. No entanto, Jo\u00e3o e seus alunos afirmam que poucos moradores do Morro dos Prazeres ou do Complexo do Alem\u00e3o v\u00eaem esse n\u00edvel de educa\u00e7\u00e3o como vi\u00e1vel e nem mesmo procuram alcan\u00e7\u00e1-lo. Como resultado, um dos principais objetivos do Vai na Web \u00e9 convencer n\u00e3o s\u00f3 os jovens do programa, mas tamb\u00e9m suas fam\u00edlias e a comunidade como um todo que o tempo adicional gasto na escola vale a pena. H\u00e1 dois anos, quando o programa come\u00e7ou, primeiro no Alem\u00e3o e depois nos Prazeres, \u201cas pessoas n\u00e3o confiavam [em n\u00f3s]\u201d, admite Jo\u00e3o. Isso se deveu em grande parte a fracassos de programas sociais anteriores nas favelas, \u201cque prometem muitas coisas, mas entregam muito pouco\u201d. Muitas fam\u00edlias n\u00e3o viam o valor de enviarem seus filhos para aprenderem programa\u00e7\u00e3o e outras habilidades baseadas em computadores. &#8220;A m\u00e3e de um jovem n\u00e3o acreditava que algu\u00e9m pudesse ganhar a vida sentado em frente do computador todo o dia&#8221;, diz Jo\u00e3o.<\/p>\n<p><a href=\"https:\/\/rioonwatch.org.br\/wp-content\/uploads\/2019\/07\/Vai-na-Web-3.jpg\"><img loading=\"lazy\" decoding=\"async\" class=\"aligncenter wp-image-42047 size-content\" title=\"Sala de aula do Vai na Web no Complexo do Alem\u00e3o. Foto: Vai na Web\" src=\"https:\/\/rioonwatch.org.br\/wp-content\/uploads\/2019\/07\/Vai-na-Web-3-620x264.jpg\" alt=\"\" width=\"620\" height=\"264\" srcset=\"https:\/\/rioonwatch.org.br\/wp-content\/uploads\/2019\/07\/Vai-na-Web-3-620x264.jpg 620w, https:\/\/rioonwatch.org.br\/wp-content\/uploads\/2019\/07\/Vai-na-Web-3-940x400.jpg 940w\" sizes=\"(max-width: 620px) 100vw, 620px\" \/><\/a><\/p>\n<p>Hoje em dia, no entanto, a <a href=\"http:\/\/bit.ly\/2zSYVRQ\" target=\"_blank\" rel=\"noopener noreferrer\">not\u00edcia se espalhou<\/a> e, no in\u00edcio de cada semestre, centenas de candidatos se inscrevem para as poucas dezenas de vagas dispon\u00edveis em cada um dos locais. Jovens talentosos e motivados de toda a cidade come\u00e7aram a se interessar pelo programa tamb\u00e9m. Embora consciente da necessidade de continuar apoiando a comunidade local, Vai na Web tamb\u00e9m come\u00e7ou a trazer alunos de outras favelas. Um estudante que estuda na unidade dos Prazeres mora em <a href=\"http:\/\/bit.ly\/2KhbY5J\" target=\"_blank\" rel=\"noopener noreferrer\">Bangu<\/a>, a 40km de dist\u00e2ncia, na <a href=\"http:\/\/bit.ly\/2x3k8bw\" target=\"_blank\" rel=\"noopener noreferrer\">Zona Oeste<\/a>. Para chegar na aula a tempo, ela deve sair de casa quatro horas antes do in\u00edcio da aula. O programa normalmente abrange mais os jovens de 16 a 29 anos, mas para os candidatos certos, exce\u00e7\u00f5es s\u00e3o feitas. &#8220;Um de nossos jovens tem mais de 40 anos&#8221;, diz Jo\u00e3o, &#8220;e no pr\u00f3ximo semestre teremos um aluno que tem s\u00f3 13 anos&#8221;.<\/p>\n<p><a href=\"https:\/\/rioonwatch.org.br\/wp-content\/uploads\/2019\/07\/Vai-na-Web-4.jpg\"><img loading=\"lazy\" decoding=\"async\" class=\"aligncenter wp-image-42048 size-content\" title=\"Ex-aluno e atual professor do Vai na Web, Kelvin Fernandes. Foto: Vai na Web\" src=\"https:\/\/rioonwatch.org.br\/wp-content\/uploads\/2019\/07\/Vai-na-Web-4-620x264.jpg\" alt=\"\" width=\"620\" height=\"264\" srcset=\"https:\/\/rioonwatch.org.br\/wp-content\/uploads\/2019\/07\/Vai-na-Web-4-620x264.jpg 620w, https:\/\/rioonwatch.org.br\/wp-content\/uploads\/2019\/07\/Vai-na-Web-4-940x400.jpg 940w\" sizes=\"(max-width: 620px) 100vw, 620px\" \/><\/a><\/p>\n<p>Embora a equipe do Vai na Web seja pequena e constitu\u00edda por volunt\u00e1rios, menos de vinte pessoas no total, elas trabalham intensamente e s\u00e3o fortemente conectadas a outras organiza\u00e7\u00f5es localizadas no Rio e al\u00e9m. O <a href=\"http:\/\/bit.ly\/2MqTofs\" target=\"_blank\" rel=\"noopener noreferrer\">Instituto Precisa Ser<\/a> e o <a href=\"http:\/\/bit.ly\/2WG9YMw\" target=\"_blank\" rel=\"noopener noreferrer\">1sti<\/a> s\u00e3o duas das suas principais fontes de financiamento. O espa\u00e7o de aula e apoio v\u00eam do <a href=\"http:\/\/bit.ly\/2EKBo9J\" target=\"_blank\" rel=\"noopener noreferrer\">Grupo PROA<\/a> (Preven\u00e7\u00e3o Realizada com Organiza\u00e7\u00e3o e Amor), nos Prazeres e do <a href=\"http:\/\/bit.ly\/2Aek5dA\" target=\"_blank\" rel=\"noopener noreferrer\">EDUCAP<\/a> (Espa\u00e7o Democr\u00e1tico de Uni\u00e3o, Conviv\u00eancia, Aprendizagem e Preven\u00e7\u00e3o), no Alem\u00e3o. Embora o pr\u00f3prio Jo\u00e3o n\u00e3o seja morador de nenhuma das comunidades, sua carreira profissional e acad\u00eamica tem sido totalmente centrada no desenvolvimento e defesa de causas para favelas, quilombos e outras comunidades. Jo\u00e3o tem trabalhado e pesquisado no Complexo do Alem\u00e3o desde 2006.<\/p>\n<p>Quando o <em>RioOnWatch<\/em> visitou o projeto, o fim do semestre do Vai na Web se aproximava e os estudantes dos Prazeres estavam trabalhando diligentemente em seus projetos finais. Havia um sentimento de orgulho e positividade na sala de aula, os alunos estavam abertos a compartilhar sua experi\u00eancia com a iniciativa e seus objetivos para o futuro. &#8220;[Este programa] permitiu o meu desenvolvimento pessoal e acad\u00eamico&#8221;, proclamou um estudante. \u201cEu quero entrar no mercado como programador. Para mim n\u00e3o \u00e9 importante onde, mas quero programar\u201d, disse Giseal, um aluno mais velho do programa. &#8220;Quando entrei neste programa depois do ensino m\u00e9dio, eu n\u00e3o queria ir para a faculdade&#8221;, admite outra aluna, Juliana. Mas aqui tudo mudou. \u201cAgora, eu\u2014e na verdade todos aqui\u2014t\u00eam a oportunidade de estudar na <a href=\"http:\/\/bit.ly\/2p7wATJ\" target=\"_blank\" rel=\"noopener noreferrer\">FGV<\/a> com uma bolsa de 100%.\u201d<\/p>\n<p><a href=\"https:\/\/rioonwatch.org.br\/wp-content\/uploads\/2019\/07\/Vai-na-Web-5.jpg\"><img loading=\"lazy\" decoding=\"async\" class=\"aligncenter wp-image-42049 size-content\" title=\"Estudantes do Vai na Web no Morro dos Prazeres. Foto: Vai na Web\" src=\"https:\/\/rioonwatch.org.br\/wp-content\/uploads\/2019\/07\/Vai-na-Web-5-620x264.jpg\" alt=\"\" width=\"620\" height=\"264\" srcset=\"https:\/\/rioonwatch.org.br\/wp-content\/uploads\/2019\/07\/Vai-na-Web-5-620x264.jpg 620w, https:\/\/rioonwatch.org.br\/wp-content\/uploads\/2019\/07\/Vai-na-Web-5-940x400.jpg 940w\" sizes=\"(max-width: 620px) 100vw, 620px\" \/><\/a><\/p>\n<p>O sentimento era semelhante no Complexo do Alem\u00e3o, onde o programa \u00e9 realizado em um local maior, com um corpo estudantil maior. V\u00e1rios ex-alunos do programa tamb\u00e9m estiveram presentes durante a visita e estavam ansiosos para discutir como o programa Vai na Web influenciou suas vidas. Vitor, um ex-aluno que voltou para ajudar a ensinar programa\u00e7\u00e3o, foi enf\u00e1tico: \u201cO impacto que o Vai na Web me trouxe foi literalmente novos horizontes\u201d. Muitos estudantes concordaram. \u201cAprendi bastante, mais do que eu esperava!\u201d Declarou um dos alunos mais jovens da turma, refletindo sobre o programa. \u201cVai na Web come\u00e7ou tudo isso [na minha vida]\u201d, diz Ana Luiza, formada pelo programa que, ap\u00f3s concluir um est\u00e1gio, agora trabalha em ci\u00eancia da computa\u00e7\u00e3o para uma empresa em S\u00e3o Paulo.<\/p>\n<p>Lidar com as v\u00e1rias press\u00f5es que ocorrem na vida, nessas comunidades, pode tornar as conclus\u00f5es das tarefas e o aprendizado desafiadores. Terminar o \u00faltimo semestre foi um desafio em ambas as comunidades. Nos Prazeres, redes de energia foram destru\u00eddas pelas <a href=\"http:\/\/bit.ly\/2DaolgT\" target=\"_blank\" rel=\"noopener noreferrer\">fortes chuvas no in\u00edcio de abril<\/a>, fazendo com que a equipe e estudantes se esfor\u00e7assem para encontrar uma maneira de realizarem suas aulas que usam bastante tecnologia. No Alem\u00e3o, n\u00e3o foi seguro ter estudantes frequentando as aulas mais de quarenta dias consecutivos por causa do aumento da <a href=\"http:\/\/bit.ly\/2MepXM4\" target=\"_blank\" rel=\"noopener noreferrer\">viol\u00eancia armada<\/a> entre traficantes e policiais. O bairro viu <a href=\"http:\/\/bit.ly\/2wf24L9\" target=\"_blank\" rel=\"noopener noreferrer\">103 tiroteios registrados<\/a> pela plataforma de monitoramento Fogo Cruzado nos primeiros 100 dias de 2019, o n\u00edvel mais alto dentre os bairro no Rio de Janeiro.<\/p>\n<p>Vai na Web visa mitigar essas dificuldades atrav\u00e9s de suas aulas socioemocionais, que ajudam os alunos a permanecerem ancorados. Jo\u00e3o citou <a href=\"http:\/\/bit.ly\/317L4EU\" target=\"_blank\" rel=\"noopener noreferrer\">Paulo Freire<\/a>: \u201c<a href=\"http:\/\/bit.ly\/2JPBaB0\" target=\"_blank\" rel=\"noopener noreferrer\">Quando a educa\u00e7\u00e3o n\u00e3o \u00e9 libertadora, o sonho do oprimido \u00e9 ser opressor<\/a>\u201d. Essas aulas ajudam os alunos no dia-a-dia, pois muitos \u201ct\u00eam viol\u00eancia em suas casas, falta de alimento, [e] dificuldades para chegar na sala de aula\u201d, explica Jo\u00e3o.<\/p>\n<p><a href=\"https:\/\/rioonwatch.org.br\/wp-content\/uploads\/2019\/07\/Vai-na-Web-6.jpg\"><img loading=\"lazy\" decoding=\"async\" class=\"aligncenter wp-image-42050 size-content\" title=\"Jo\u00e3o Silva com a coordenadora de servi\u00e7os sociais do Vai na Web, Desir\u00e9e Queiroz, nos Prazeres. Foto: Vai na Web\" src=\"https:\/\/rioonwatch.org.br\/wp-content\/uploads\/2019\/07\/Vai-na-Web-6-620x264.jpg\" alt=\"\" width=\"620\" height=\"264\" srcset=\"https:\/\/rioonwatch.org.br\/wp-content\/uploads\/2019\/07\/Vai-na-Web-6-620x264.jpg 620w, https:\/\/rioonwatch.org.br\/wp-content\/uploads\/2019\/07\/Vai-na-Web-6-940x400.jpg 940w\" sizes=\"(max-width: 620px) 100vw, 620px\" \/><\/a><\/p>\n<p>A vis\u00e3o de Jo\u00e3o \u00e9 que o Vai na Web \u201cn\u00e3o gasta em projetos sociais [de caridade]. [O programa] <a href=\"http:\/\/bit.ly\/BRASA2018painel\" target=\"_blank\" rel=\"noopener noreferrer\">investe<\/a> na transforma\u00e7\u00e3o de jovens dentro das favelas do Rio\u201d. Ele explica que \u201cquando voc\u00ea eleva uma comunidade, voc\u00ea cria uma esp\u00e9cie de riqueza\u201d. Isto n\u00e3o \u00e9 riqueza monet\u00e1ria, mas uma forma de prosperidade socialmente justa que s\u00f3 vem do desenvolvimento da educa\u00e7\u00e3o, cultura, sa\u00fade e sustentabilidade. Em \u00faltima an\u00e1lise, o Vai na Web pretende mudar comunidades inteiras, transformando os jovens em profissionais qualificados. O programa pode atingir apenas uma parte da comunidade, mas \u201cse voc\u00ea impacta 5% da comunidade, voc\u00ea impacta a comunidade inteira\u201d, explica Jo\u00e3o.<\/p>\n<p><a href=\"https:\/\/rioonwatch.org.br\/wp-content\/uploads\/2019\/07\/Mapa-Vai-na-Web.png\"><img loading=\"lazy\" decoding=\"async\" class=\"aligncenter wp-image-42051 size-content\" title=\"Localiza\u00e7\u00e3o do projeto no Rio de Janeiro. Imagem: Google Maps\" src=\"https:\/\/rioonwatch.org.br\/wp-content\/uploads\/2019\/07\/Mapa-Vai-na-Web-620x264.png\" alt=\"\" width=\"620\" height=\"264\" srcset=\"https:\/\/rioonwatch.org.br\/wp-content\/uploads\/2019\/07\/Mapa-Vai-na-Web-620x264.png 620w, https:\/\/rioonwatch.org.br\/wp-content\/uploads\/2019\/07\/Mapa-Vai-na-Web-940x400.png 940w\" sizes=\"(max-width: 620px) 100vw, 620px\" \/><\/a><\/p>\n<p>*Vai na Web <span data-ccp-props=\"{&quot;201341983&quot;:0,&quot;335559739&quot;:160,&quot;335559740&quot;:259}\">\u00e9 um dos mais de <a href=\"http:\/\/www.bit.ly\/RFSMapa\">100 projetos comunit\u00e1rios mapeados<\/a>\u00a0pela\u00a0<a href=\"http:\/\/bit.ly\/1aI.gif\">Comunidades Catalisadoras<\/a>\u00a0(ComCat)\u2014a organiza\u00e7\u00e3o que publica o\u00a0<i>RioOnWatch\u2014<\/i>como parte do nosso programa paralelo &#8216;<a href=\"http:\/\/bit.ly\/RFSRelatorio\">Rede Favela Sustent\u00e1vel<\/a>&#8216; lan\u00e7ado em 2017 para reconhecer, apoiar, fortalecer e expandir as <a href=\"http:\/\/www.bit.ly\/FavelaModelo\">qualidades sustent\u00e1veis e movimentos comunit\u00e1rios inerentes<\/a>\u00a0\u00e0s favelas do Rio de Janeiro. Siga a\u00a0<a href=\"http:\/\/bit.ly\/FBRFS\">Rede Favela Sustent\u00e1vel no Facebook<\/a>. Leia outros\u00a0<a href=\"http:\/\/bit.ly\/FavelasSustentaveis\">perfis dos projetos da Rede Favela Sustent\u00e1vel aqui<\/a>.<\/span><\/p>\n<!-- AddThis Advanced Settings generic via filter on the_content --><!-- AddThis Share Buttons generic via filter on the_content -->","protected":false},"excerpt":{"rendered":"<div class=\"mh-excerpt\"><p>Click Here for English Iniciativa: Vai na Web Contato: Website\u00a0|\u00a0Facebook\u00a0|\u00a0Instagram\u00a0|\u00a0Email\u00a0 Ano de Funda\u00e7\u00e3o: 2017 Comunidade: Morro dos Prazeres (Centro) e Complexo do Alem\u00e3o (Zona Norte) Miss\u00e3o: Promover a melhoria da comunidade atrav\u00e9s da prosperidade socialmente <a class=\"mh-excerpt-more\" href=\"https:\/\/rioonwatch.org.br\/?p=42031\" title=\"Vai na Web: Empoderamento Atrav\u00e9s da Programa\u00e7\u00e3o nos Prazeres e Alem\u00e3o #RedeFavelaSustent\u00e1vel [PERFIL]\">[&#8230;]<\/a><!-- AddThis Advanced Settings generic via filter on get_the_excerpt --><!-- AddThis Share Buttons generic via filter on get_the_excerpt --><\/p>\n<\/div>","protected":false},"author":152,"featured_media":42032,"comment_status":"closed","ping_status":"closed","sticky":false,"template":"","format":"standard","meta":{"_acf_changed":false,"_monsterinsights_skip_tracking":false,"_monsterinsights_sitenote_active":false,"_monsterinsights_sitenote_note":"","_monsterinsights_sitenote_category":0,"footnotes":""},"categories":[1621,1629,1626,1616,342,1639],"tags":[2402,259,11,217,2418,2680,44,2388,2074,35,404,578,239,30,218],"writer":[2609],"translator":[1971],"source":[],"ilustrador":[],"fotografo":[],"class_list":{"0":"post-42031","1":"post","2":"type-post","3":"status-publish","4":"format-standard","5":"has-post-thumbnail","7":"category-destaque","8":"category-entrevistas-e-perfis","9":"category-por-observadores-internacionais","10":"category-qualidades-da-favela","11":"category-solucoes","12":"category-sustentabilidade","13":"tag-acesso-a-universidade","14":"tag-centro","15":"tag-chuvas","16":"tag-complexo-do-alemao","17":"tag-comunidade","18":"tag-educap","19":"tag-prazeres","20":"tag-objetivos-de-desenvolvimento-sustentavel","21":"tag-rede-favela-sustentavel","22":"tag-santa-teresa","23":"tag-sustentabilidade","24":"tag-trabalho-e-renda","25":"tag-universidade","26":"tag-violencia","27":"tag-zona-norte","28":"writer-ben-bildsten","29":"translator-geovanna-giannini"},"acf":[],"yoast_head":"<!-- This site is optimized with the Yoast SEO plugin v25.6 - https:\/\/yoast.com\/wordpress\/plugins\/seo\/ -->\n<title>Vai na Web: Empoderamento Atrav\u00e9s da Programa\u00e7\u00e3o nos Prazeres e Alem\u00e3o #RedeFavelaSustent\u00e1vel [PERFIL] - RioOnWatch<\/title>\n<meta name=\"robots\" content=\"index, follow, max-snippet:-1, max-image-preview:large, max-video-preview:-1\" \/>\n<link rel=\"canonical\" href=\"https:\/\/rioonwatch.org.br\/?p=42031\" \/>\n<meta property=\"og:locale\" content=\"pt_BR\" \/>\n<meta property=\"og:type\" content=\"article\" \/>\n<meta property=\"og:title\" content=\"Vai na Web: Empoderamento Atrav\u00e9s da Programa\u00e7\u00e3o nos Prazeres e Alem\u00e3o #RedeFavelaSustent\u00e1vel [PERFIL] - RioOnWatch\" \/>\n<meta property=\"og:description\" content=\"Click Here for English Iniciativa: Vai na Web Contato: Website\u00a0|\u00a0Facebook\u00a0|\u00a0Instagram\u00a0|\u00a0Email\u00a0 Ano de Funda\u00e7\u00e3o: 2017 Comunidade: Morro dos Prazeres (Centro) e Complexo do Alem\u00e3o (Zona Norte) Miss\u00e3o: Promover a melhoria da comunidade atrav\u00e9s da prosperidade socialmente [...]\" \/>\n<meta property=\"og:url\" content=\"https:\/\/rioonwatch.org.br\/?p=42031\" \/>\n<meta property=\"og:site_name\" content=\"RioOnWatch\" \/>\n<meta property=\"article:published_time\" content=\"2019-08-26T12:51:20+00:00\" \/>\n<meta property=\"article:modified_time\" content=\"2019-10-01T20:11:47+00:00\" \/>\n<meta property=\"og:image\" content=\"https:\/\/rioonwatch.org.br\/wp-content\/uploads\/2019\/07\/complexo-do-alemao-1.jpg\" \/>\n\t<meta property=\"og:image:width\" content=\"1000\" \/>\n\t<meta property=\"og:image:height\" content=\"667\" \/>\n\t<meta property=\"og:image:type\" content=\"image\/jpeg\" \/>\n<meta name=\"author\" content=\"Luisa Fenizola\" \/>\n<meta name=\"twitter:card\" content=\"summary_large_image\" \/>\n<meta name=\"twitter:label1\" content=\"Escrito por\" \/>\n\t<meta name=\"twitter:data1\" content=\"Luisa Fenizola\" \/>\n\t<meta name=\"twitter:label2\" content=\"Est. tempo de leitura\" \/>\n\t<meta name=\"twitter:data2\" content=\"9 minutos\" \/>\n<script type=\"application\/ld+json\" class=\"yoast-schema-graph\">{\"@context\":\"https:\/\/schema.org\",\"@graph\":[{\"@type\":\"Article\",\"@id\":\"https:\/\/rioonwatch.org.br\/?p=42031#article\",\"isPartOf\":{\"@id\":\"https:\/\/rioonwatch.org.br\/?p=42031\"},\"author\":{\"name\":\"Luisa Fenizola\",\"@id\":\"https:\/\/rioonwatch.org.br\/#\/schema\/person\/f443c6b55bb6e80842280318076491c5\"},\"headline\":\"Vai na Web: Empoderamento Atrav\u00e9s da Programa\u00e7\u00e3o nos Prazeres e Alem\u00e3o #RedeFavelaSustent\u00e1vel [PERFIL]\",\"datePublished\":\"2019-08-26T12:51:20+00:00\",\"dateModified\":\"2019-10-01T20:11:47+00:00\",\"mainEntityOfPage\":{\"@id\":\"https:\/\/rioonwatch.org.br\/?p=42031\"},\"wordCount\":1839,\"publisher\":{\"@id\":\"https:\/\/rioonwatch.org.br\/#organization\"},\"image\":{\"@id\":\"https:\/\/rioonwatch.org.br\/?p=42031#primaryimage\"},\"thumbnailUrl\":\"https:\/\/rioonwatch.org.br\/wp-content\/uploads\/2019\/07\/complexo-do-alemao-1.jpg\",\"keywords\":[\"acesso \u00e0 universidade\",\"Centro\",\"chuvas\",\"Complexo do Alem\u00e3o\",\"comunidade\",\"EDUCAP\",\"Morro dos Prazeres\",\"Objetivos de Desenvolvimento Sustent\u00e1vel\",\"Perfis Integrantes da Rede Favela Sustent\u00e1vel\",\"Santa Teresa\",\"sustentabilidade\",\"Trabalho e renda\",\"universidade\",\"viol\u00eancia\",\"Zona Norte\"],\"articleSection\":[\"*Destaque\",\"Entrevistas e Perfis\",\"Escrito por Aliados\",\"Qualidades da Favela\",\"Solu\u00e7\u00f5es\",\"Sustentabilidade\"],\"inLanguage\":\"pt-BR\"},{\"@type\":\"WebPage\",\"@id\":\"https:\/\/rioonwatch.org.br\/?p=42031\",\"url\":\"https:\/\/rioonwatch.org.br\/?p=42031\",\"name\":\"Vai na Web: Empoderamento Atrav\u00e9s da Programa\u00e7\u00e3o nos Prazeres e Alem\u00e3o #RedeFavelaSustent\u00e1vel [PERFIL] - RioOnWatch\",\"isPartOf\":{\"@id\":\"https:\/\/rioonwatch.org.br\/#website\"},\"primaryImageOfPage\":{\"@id\":\"https:\/\/rioonwatch.org.br\/?p=42031#primaryimage\"},\"image\":{\"@id\":\"https:\/\/rioonwatch.org.br\/?p=42031#primaryimage\"},\"thumbnailUrl\":\"https:\/\/rioonwatch.org.br\/wp-content\/uploads\/2019\/07\/complexo-do-alemao-1.jpg\",\"datePublished\":\"2019-08-26T12:51:20+00:00\",\"dateModified\":\"2019-10-01T20:11:47+00:00\",\"breadcrumb\":{\"@id\":\"https:\/\/rioonwatch.org.br\/?p=42031#breadcrumb\"},\"inLanguage\":\"pt-BR\",\"potentialAction\":[{\"@type\":\"ReadAction\",\"target\":[\"https:\/\/rioonwatch.org.br\/?p=42031\"]}]},{\"@type\":\"ImageObject\",\"inLanguage\":\"pt-BR\",\"@id\":\"https:\/\/rioonwatch.org.br\/?p=42031#primaryimage\",\"url\":\"https:\/\/rioonwatch.org.br\/wp-content\/uploads\/2019\/07\/complexo-do-alemao-1.jpg\",\"contentUrl\":\"https:\/\/rioonwatch.org.br\/wp-content\/uploads\/2019\/07\/complexo-do-alemao-1.jpg\",\"width\":1000,\"height\":667},{\"@type\":\"BreadcrumbList\",\"@id\":\"https:\/\/rioonwatch.org.br\/?p=42031#breadcrumb\",\"itemListElement\":[{\"@type\":\"ListItem\",\"position\":1,\"name\":\"In\u00edcio\",\"item\":\"https:\/\/rioonwatch.org.br\/\"},{\"@type\":\"ListItem\",\"position\":2,\"name\":\"Vai na Web: Empoderamento Atrav\u00e9s da Programa\u00e7\u00e3o nos Prazeres e Alem\u00e3o #RedeFavelaSustent\u00e1vel [PERFIL]\"}]},{\"@type\":\"WebSite\",\"@id\":\"https:\/\/rioonwatch.org.br\/#website\",\"url\":\"https:\/\/rioonwatch.org.br\/\",\"name\":\"RioOnWatch\",\"description\":\"relatos das favelas cariocas\",\"publisher\":{\"@id\":\"https:\/\/rioonwatch.org.br\/#organization\"},\"potentialAction\":[{\"@type\":\"SearchAction\",\"target\":{\"@type\":\"EntryPoint\",\"urlTemplate\":\"https:\/\/rioonwatch.org.br\/?s={search_term_string}\"},\"query-input\":{\"@type\":\"PropertyValueSpecification\",\"valueRequired\":true,\"valueName\":\"search_term_string\"}}],\"inLanguage\":\"pt-BR\"},{\"@type\":\"Organization\",\"@id\":\"https:\/\/rioonwatch.org.br\/#organization\",\"name\":\"RioOnWatch\",\"url\":\"https:\/\/rioonwatch.org.br\/\",\"logo\":{\"@type\":\"ImageObject\",\"inLanguage\":\"pt-BR\",\"@id\":\"https:\/\/rioonwatch.org.br\/#\/schema\/logo\/image\/\",\"url\":\"https:\/\/rioonwatch.org.br\/wp-content\/uploads\/2021\/06\/RioOnWatchcabecalhoPT11anos-2.png\",\"contentUrl\":\"https:\/\/rioonwatch.org.br\/wp-content\/uploads\/2021\/06\/RioOnWatchcabecalhoPT11anos-2.png\",\"width\":779,\"height\":277,\"caption\":\"RioOnWatch\"},\"image\":{\"@id\":\"https:\/\/rioonwatch.org.br\/#\/schema\/logo\/image\/\"}},{\"@type\":\"Person\",\"@id\":\"https:\/\/rioonwatch.org.br\/#\/schema\/person\/f443c6b55bb6e80842280318076491c5\",\"name\":\"Luisa Fenizola\",\"image\":{\"@type\":\"ImageObject\",\"inLanguage\":\"pt-BR\",\"@id\":\"https:\/\/rioonwatch.org.br\/#\/schema\/person\/image\/\",\"url\":\"https:\/\/secure.gravatar.com\/avatar\/a3d551110162b9f876cbbdaaecf75663?s=96&d=blank&r=g\",\"contentUrl\":\"https:\/\/secure.gravatar.com\/avatar\/a3d551110162b9f876cbbdaaecf75663?s=96&d=blank&r=g\",\"caption\":\"Luisa Fenizola\"},\"url\":\"https:\/\/rioonwatch.org.br\/?author=152\"}]}<\/script>\n<!-- \/ Yoast SEO plugin. -->","yoast_head_json":{"title":"Vai na Web: Empoderamento Atrav\u00e9s da Programa\u00e7\u00e3o nos Prazeres e Alem\u00e3o #RedeFavelaSustent\u00e1vel [PERFIL] - RioOnWatch","robots":{"index":"index","follow":"follow","max-snippet":"max-snippet:-1","max-image-preview":"max-image-preview:large","max-video-preview":"max-video-preview:-1"},"canonical":"https:\/\/rioonwatch.org.br\/?p=42031","og_locale":"pt_BR","og_type":"article","og_title":"Vai na Web: Empoderamento Atrav\u00e9s da Programa\u00e7\u00e3o nos Prazeres e Alem\u00e3o #RedeFavelaSustent\u00e1vel [PERFIL] - RioOnWatch","og_description":"Click Here for English Iniciativa: Vai na Web Contato: Website\u00a0|\u00a0Facebook\u00a0|\u00a0Instagram\u00a0|\u00a0Email\u00a0 Ano de Funda\u00e7\u00e3o: 2017 Comunidade: Morro dos Prazeres (Centro) e Complexo do Alem\u00e3o (Zona Norte) Miss\u00e3o: Promover a melhoria da comunidade atrav\u00e9s da prosperidade socialmente [...]","og_url":"https:\/\/rioonwatch.org.br\/?p=42031","og_site_name":"RioOnWatch","article_published_time":"2019-08-26T12:51:20+00:00","article_modified_time":"2019-10-01T20:11:47+00:00","og_image":[{"width":1000,"height":667,"url":"https:\/\/rioonwatch.org.br\/wp-content\/uploads\/2019\/07\/complexo-do-alemao-1.jpg","type":"image\/jpeg"}],"author":"Luisa Fenizola","twitter_card":"summary_large_image","twitter_misc":{"Escrito por":"Luisa Fenizola","Est. tempo de leitura":"9 minutos"},"schema":{"@context":"https:\/\/schema.org","@graph":[{"@type":"Article","@id":"https:\/\/rioonwatch.org.br\/?p=42031#article","isPartOf":{"@id":"https:\/\/rioonwatch.org.br\/?p=42031"},"author":{"name":"Luisa Fenizola","@id":"https:\/\/rioonwatch.org.br\/#\/schema\/person\/f443c6b55bb6e80842280318076491c5"},"headline":"Vai na Web: Empoderamento Atrav\u00e9s da Programa\u00e7\u00e3o nos Prazeres e Alem\u00e3o #RedeFavelaSustent\u00e1vel [PERFIL]","datePublished":"2019-08-26T12:51:20+00:00","dateModified":"2019-10-01T20:11:47+00:00","mainEntityOfPage":{"@id":"https:\/\/rioonwatch.org.br\/?p=42031"},"wordCount":1839,"publisher":{"@id":"https:\/\/rioonwatch.org.br\/#organization"},"image":{"@id":"https:\/\/rioonwatch.org.br\/?p=42031#primaryimage"},"thumbnailUrl":"https:\/\/rioonwatch.org.br\/wp-content\/uploads\/2019\/07\/complexo-do-alemao-1.jpg","keywords":["acesso \u00e0 universidade","Centro","chuvas","Complexo do Alem\u00e3o","comunidade","EDUCAP","Morro dos Prazeres","Objetivos de Desenvolvimento Sustent\u00e1vel","Perfis Integrantes da Rede Favela Sustent\u00e1vel","Santa Teresa","sustentabilidade","Trabalho e renda","universidade","viol\u00eancia","Zona Norte"],"articleSection":["*Destaque","Entrevistas e Perfis","Escrito por Aliados","Qualidades da Favela","Solu\u00e7\u00f5es","Sustentabilidade"],"inLanguage":"pt-BR"},{"@type":"WebPage","@id":"https:\/\/rioonwatch.org.br\/?p=42031","url":"https:\/\/rioonwatch.org.br\/?p=42031","name":"Vai na Web: Empoderamento Atrav\u00e9s da Programa\u00e7\u00e3o nos Prazeres e Alem\u00e3o #RedeFavelaSustent\u00e1vel [PERFIL] - RioOnWatch","isPartOf":{"@id":"https:\/\/rioonwatch.org.br\/#website"},"primaryImageOfPage":{"@id":"https:\/\/rioonwatch.org.br\/?p=42031#primaryimage"},"image":{"@id":"https:\/\/rioonwatch.org.br\/?p=42031#primaryimage"},"thumbnailUrl":"https:\/\/rioonwatch.org.br\/wp-content\/uploads\/2019\/07\/complexo-do-alemao-1.jpg","datePublished":"2019-08-26T12:51:20+00:00","dateModified":"2019-10-01T20:11:47+00:00","breadcrumb":{"@id":"https:\/\/rioonwatch.org.br\/?p=42031#breadcrumb"},"inLanguage":"pt-BR","potentialAction":[{"@type":"ReadAction","target":["https:\/\/rioonwatch.org.br\/?p=42031"]}]},{"@type":"ImageObject","inLanguage":"pt-BR","@id":"https:\/\/rioonwatch.org.br\/?p=42031#primaryimage","url":"https:\/\/rioonwatch.org.br\/wp-content\/uploads\/2019\/07\/complexo-do-alemao-1.jpg","contentUrl":"https:\/\/rioonwatch.org.br\/wp-content\/uploads\/2019\/07\/complexo-do-alemao-1.jpg","width":1000,"height":667},{"@type":"BreadcrumbList","@id":"https:\/\/rioonwatch.org.br\/?p=42031#breadcrumb","itemListElement":[{"@type":"ListItem","position":1,"name":"In\u00edcio","item":"https:\/\/rioonwatch.org.br\/"},{"@type":"ListItem","position":2,"name":"Vai na Web: Empoderamento Atrav\u00e9s da Programa\u00e7\u00e3o nos Prazeres e Alem\u00e3o #RedeFavelaSustent\u00e1vel [PERFIL]"}]},{"@type":"WebSite","@id":"https:\/\/rioonwatch.org.br\/#website","url":"https:\/\/rioonwatch.org.br\/","name":"RioOnWatch","description":"relatos das favelas cariocas","publisher":{"@id":"https:\/\/rioonwatch.org.br\/#organization"},"potentialAction":[{"@type":"SearchAction","target":{"@type":"EntryPoint","urlTemplate":"https:\/\/rioonwatch.org.br\/?s={search_term_string}"},"query-input":{"@type":"PropertyValueSpecification","valueRequired":true,"valueName":"search_term_string"}}],"inLanguage":"pt-BR"},{"@type":"Organization","@id":"https:\/\/rioonwatch.org.br\/#organization","name":"RioOnWatch","url":"https:\/\/rioonwatch.org.br\/","logo":{"@type":"ImageObject","inLanguage":"pt-BR","@id":"https:\/\/rioonwatch.org.br\/#\/schema\/logo\/image\/","url":"https:\/\/rioonwatch.org.br\/wp-content\/uploads\/2021\/06\/RioOnWatchcabecalhoPT11anos-2.png","contentUrl":"https:\/\/rioonwatch.org.br\/wp-content\/uploads\/2021\/06\/RioOnWatchcabecalhoPT11anos-2.png","width":779,"height":277,"caption":"RioOnWatch"},"image":{"@id":"https:\/\/rioonwatch.org.br\/#\/schema\/logo\/image\/"}},{"@type":"Person","@id":"https:\/\/rioonwatch.org.br\/#\/schema\/person\/f443c6b55bb6e80842280318076491c5","name":"Luisa Fenizola","image":{"@type":"ImageObject","inLanguage":"pt-BR","@id":"https:\/\/rioonwatch.org.br\/#\/schema\/person\/image\/","url":"https:\/\/secure.gravatar.com\/avatar\/a3d551110162b9f876cbbdaaecf75663?s=96&d=blank&r=g","contentUrl":"https:\/\/secure.gravatar.com\/avatar\/a3d551110162b9f876cbbdaaecf75663?s=96&d=blank&r=g","caption":"Luisa Fenizola"},"url":"https:\/\/rioonwatch.org.br\/?author=152"}]}},"_links":{"self":[{"href":"https:\/\/rioonwatch.org.br\/index.php?rest_route=\/wp\/v2\/posts\/42031"}],"collection":[{"href":"https:\/\/rioonwatch.org.br\/index.php?rest_route=\/wp\/v2\/posts"}],"about":[{"href":"https:\/\/rioonwatch.org.br\/index.php?rest_route=\/wp\/v2\/types\/post"}],"author":[{"embeddable":true,"href":"https:\/\/rioonwatch.org.br\/index.php?rest_route=\/wp\/v2\/users\/152"}],"replies":[{"embeddable":true,"href":"https:\/\/rioonwatch.org.br\/index.php?rest_route=%2Fwp%2Fv2%2Fcomments&post=42031"}],"version-history":[{"count":32,"href":"https:\/\/rioonwatch.org.br\/index.php?rest_route=\/wp\/v2\/posts\/42031\/revisions"}],"predecessor-version":[{"id":43574,"href":"https:\/\/rioonwatch.org.br\/index.php?rest_route=\/wp\/v2\/posts\/42031\/revisions\/43574"}],"wp:featuredmedia":[{"embeddable":true,"href":"https:\/\/rioonwatch.org.br\/index.php?rest_route=\/wp\/v2\/media\/42032"}],"wp:attachment":[{"href":"https:\/\/rioonwatch.org.br\/index.php?rest_route=%2Fwp%2Fv2%2Fmedia&parent=42031"}],"wp:term":[{"taxonomy":"category","embeddable":true,"href":"https:\/\/rioonwatch.org.br\/index.php?rest_route=%2Fwp%2Fv2%2Fcategories&post=42031"},{"taxonomy":"post_tag","embeddable":true,"href":"https:\/\/rioonwatch.org.br\/index.php?rest_route=%2Fwp%2Fv2%2Ftags&post=42031"},{"taxonomy":"writer","embeddable":true,"href":"https:\/\/rioonwatch.org.br\/index.php?rest_route=%2Fwp%2Fv2%2Fwriter&post=42031"},{"taxonomy":"translator","embeddable":true,"href":"https:\/\/rioonwatch.org.br\/index.php?rest_route=%2Fwp%2Fv2%2Ftranslator&post=42031"},{"taxonomy":"source","embeddable":true,"href":"https:\/\/rioonwatch.org.br\/index.php?rest_route=%2Fwp%2Fv2%2Fsource&post=42031"},{"taxonomy":"ilustrador","embeddable":true,"href":"https:\/\/rioonwatch.org.br\/index.php?rest_route=%2Fwp%2Fv2%2Filustrador&post=42031"},{"taxonomy":"fotografo","embeddable":true,"href":"https:\/\/rioonwatch.org.br\/index.php?rest_route=%2Fwp%2Fv2%2Ffotografo&post=42031"}],"curies":[{"name":"wp","href":"https:\/\/api.w.org\/{rel}","templated":true}]}}