{"id":4207,"date":"2012-11-29T13:58:49","date_gmt":"2012-11-29T16:58:49","guid":{"rendered":"http:\/\/rioonwatch.org.br\/?p=4207"},"modified":"2016-02-19T09:05:37","modified_gmt":"2016-02-19T12:05:37","slug":"zumbi-vive-celebrando-a-consciencia-negra-na-providencia","status":"publish","type":"post","link":"https:\/\/rioonwatch.org.br\/?p=4207","title":{"rendered":"Zumbi Vive! Celebrando a Consci\u00eancia Negra na Provid\u00eancia"},"content":{"rendered":"<p style=\"text-align: right;\"><em><strong><a href=\"http:\/\/bit.ly\/1qMqy3Y\" target=\"_blank\">Click Here for English<img decoding=\"async\" width=\"20\" height=\"20\" class=\"alignright wp-image-15790\" src=\"http:\/\/rioonwatch.org.br\/wp-content\/uploads\/2012\/08\/EN-standard-e1439583104716.jpg\" alt=\"\" \/><\/a><\/strong><\/em><\/p>\n<p><a href=\"http:\/\/rioonwatch.org.br\/?attachment_id=6049\" rel=\"attachment wp-att-6049\"><img fetchpriority=\"high\" decoding=\"async\" class=\"alignright size-full wp-image-6049\" title=\"A capoeira roda on the site of the Cais do Valongo slave trading complex\" src=\"http:\/\/rioonwatch.org\/wp-content\/uploads\/2012\/11\/capa4-300x300.jpg\" alt=\"A capoeira roda on the site of the Cais do Valongo slave trading complex\" width=\"300\" height=\"300\" \/><\/a><\/p>\n<p>A Semana da Consci\u00eancia Negra encerra, no Rio, nesta sexta-feira com ZUMBI VIVE! Um evento cheio de m\u00fasica, teatro e festa no <a href=\"http:\/\/bit.ly\/UiTCSh\">Morro da Provid\u00eancia<\/a>, a primeira favela do Brasil, que est\u00e1 celebrando 115 anos neste m\u00eas e que \u00e9 o cora\u00e7\u00e3o da regi\u00e3o, possivelmente, mais significativa da hist\u00f3ria Afro-brasileira.<\/p>\n<p>Conhecido como &#8220;Pequena \u00c1frica&#8221;, a <a href=\"http:\/\/bit.ly\/Sskhvi\">Regi\u00e3o do Porto<\/a> do Rio de Janeiro, que inclui Provid\u00eancia, Morro da Concei\u00e7\u00e3o, Morro do Pinto e os bairros de Santo Cristo, Gamboa e Sa\u00fade; \u00e9 considerada uma das regi\u00f5es mais historicamente e culturalmente rica da cidade, especialmente na hist\u00f3ria dos brasileiros de ascend\u00eancia africana, que, segundo o <a href=\"http:\/\/bit.ly\/TvUaDH\">censo do ano passado<\/a>, agora representam mais da metade da popula\u00e7\u00e3o.<\/p>\n<p>Antes da aboli\u00e7\u00e3o da escravatura, em 1888, estima-se que mais de um milh\u00e3o de escravos chegaram ao porto do Rio de Janeiro e foram vendidos no, recentemente descoberto, complexo de com\u00e9rcio de escravos <a href=\"http:\/\/glo.bo\/UdQx3M\">Cais Valongo<\/a>. Ap\u00f3s a aboli\u00e7\u00e3o da escravatura, em 1888, e com os soldados da Guerra de Canudos, que vieram para o Rio com a promessa de receber terras, a colina com vista para o porto foi ocupada e chamada Morro da Favela. Esta primeira favela do Brasil, foi rebatizado mais tarde de Morro da Provid\u00eancia, e assentou-se no centro de uma regi\u00e3o onde tradi\u00e7\u00f5es afro-brasileiras como a <a href=\"http:\/\/bit.ly\/Peg621\">capoeira<\/a>, o <a href=\"http:\/\/bit.ly\/Sw2HVB\">candombl\u00e9<\/a> e o <a href=\"http:\/\/bit.ly\/Oj8fDS\">samba<\/a> floresceu apesar dos grandes lutas enfrentadas por essas comunidades.<\/p>\n<p><a href=\"http:\/\/rioonwatch.org.br\/?attachment_id=6053\" rel=\"attachment wp-att-6053\"><img decoding=\"async\" class=\"alignright size-medium wp-image-6053\" title=\"Rosiete Marinho, 50, Provid\u00eancia resident and president of the Port Zone League of Blocos &amp; Bands\" src=\"http:\/\/rioonwatch.org\/wp-content\/uploads\/2012\/11\/rosiete-300x225.jpg\" alt=\"Rosiete Marinho, 50, Provid\u00eancia resident and president of the Port Zone League of Blocos &amp; Bands\" width=\"300\" height=\"225\" \/><\/a><\/p>\n<p>Rosiete Marinho, 50, viveu na Provid\u00eancia toda a sua vida e \u00e9 presidente da Liga de Blocos e Bandas da Zona Portu\u00e1ria, que est\u00e1 organizando o evento de sexta-feira com o apoio da <a href=\"http:\/\/bit.ly\/Y6n0hr\">Secretaria de Estado de Assist\u00eancia Social e Direitos Humanos<\/a>. Ela enfatiza a import\u00e2ncia de reconhecer e comemorar a hist\u00f3ria afro-brasileira na regi\u00e3o do Porto, dizendo: &#8220;Todos os bairros t\u00eam suas responsabilidades e suas cren\u00e7as. Mas a pedra fundamental da consci\u00eancia negra est\u00e1 aqui, \u00e9 nossa. Ent\u00e3o porque n\u00e3o fazer a nossa hist\u00f3ria aqui? Porque n\u00e3o relembrar nossa hist\u00f3ria aqui com respeito e sabedoria? Principalmente homenageando com o maior sentimento e respeito a todos esses negros que passarem pela nossa terra&#8221;.<\/p>\n<p>A partir de 14:00h da sexta-feira, 30 de novembro na Quadra da Vila Portu\u00e1ria, que fica na Rua Am\u00e9rica na Provid\u00eancia, ser\u00e1 realizada uma tarde e noite cheia de atividades e entretenimento, incluindo o samba tradicional, artesanato, servi\u00e7os de a\u00e7\u00e3o social e performances de artistas locais. O destaque do in\u00edcio da tarde ser\u00e1 uma pe\u00e7a de teatro para crian\u00e7as contando a hist\u00f3ria dos afro-brasileiros na regi\u00e3o. &#8220;Isso vale muito porque essas crian\u00e7as est\u00e3o aprendendo a nossa hist\u00f3ria, que \u00e9 a hist\u00f3ria deles\u201d, diz Rosiete, \u201cTem muita crian\u00e7a que vai para escola mas n\u00e3o sabe de onde veio, qual \u00e9 sua origem. N\u00e3o \u00e9 que seja sobre a sua \u00e1rvore geneal\u00f3gica, \u00e9 sobre a origem da sua vida, de onde ela nasceu\u201d.<\/p>\n<p><a href=\"http:\/\/rioonwatch.org.br\/?attachment_id=6050\" rel=\"attachment wp-att-6050\"><img loading=\"lazy\" decoding=\"async\" class=\"alignright size-medium wp-image-6050\" title=\"18th Century portrait of Afro-Brazilian woman \" src=\"http:\/\/rioonwatch.org\/wp-content\/uploads\/2012\/11\/Alberto_Henschel_-_Negra_com_turbante-193x300.jpg\" alt=\"18th Century portrait of Afro-Brazilian woman\" width=\"193\" height=\"300\" \/><\/a><\/p>\n<p>Rosiete, que vem organizando eventos culturais na comunidade por 32 anos, fala de como os afro-brasileiros subiram a rua hoje conhecida como Ladeira do Livramento para estabelecer a Provid\u00eancia. A rua inclinada costumava ser chamada de Trilha do Livramento, ou Trilha do libertar porque subi-la e estabelecer suas vidas foi visto como um caminho para a liberdade. Ela expressa um grande orgulho do que sua comunidade tem alcan\u00e7ado e da sua import\u00e2ncia hist\u00f3rica, o que conclama um reconhecimento mais oficial. Ela teme que os turistas que visitam Provid\u00eancia possam apreciar a vista estonteante de 360 graus da cidade, mas n\u00e3o o significado hist\u00f3rico da favela. Ela diz: &#8220;O que eu queria \u00e9 que as pessoas que viessem aqui, viessem aqui para dentro, e visem o que est\u00e1 acontecendo conosco. O turista vem, sobe, e diz &#8220;ah que vista linda!&#8221; mas eles n\u00e3o veem o que est\u00e1 nas costas deles&#8221;. Ela faz sugest\u00f5es para um museu da comunidade: &#8220;montar uma casa, recolhendo objetos, livros e hist\u00f3rias e l\u00e1 teriam jovens da comunidade contando essa hist\u00f3ria para quem chegasse. Isso seria original, mostrar como come\u00e7amos e onde estamos. Essa seria nossa hist\u00f3ria&#8221;.<\/p>\n<p>O evento chamado Zumbi Vive ser\u00e1 nesta sexta-feira, e \u00e9 o \u00faltimo de uma s\u00e9rie de eventos para a comunidade afro-brasileira comemorando a Semana da Consci\u00eancia Negra. <a href=\"http:\/\/bit.ly\/Sh2BkQ\">Zumbi dos Palmares<\/a>, foi o famoso l\u00edder do s\u00e9culo 17, do Quilombo Palmares (assentamento de escravos fugitivos). Zumbi \u00e9 homenageado como um her\u00f3i nacional e um combatente da liberdade. O Dia da Consci\u00eancia Negra, um feriado nacional, \u00e9 celebrado em 20 de novembro, anivers\u00e1rio da morte de Zumbi.<\/p>\n<p>ZUMBI VIVE NA Provid\u00eancia!\u00a0Sexta-feira 30 de novembro, 14:00 \u00e0s 22:00 Hs<\/p>\n<p>Quadra da Vila Portu\u00e1ria &#8211;\u00a0Rua Am\u00e9rica, 81<\/p>\n<p><iframe src=\"http:\/\/www.youtube.com\/embed\/it-bdOXxqI4\" width=\"560\" height=\"315\" frameborder=\"0\"><\/iframe><\/p>\n<!-- AddThis Advanced Settings generic via filter on the_content --><!-- AddThis Share Buttons generic via filter on the_content -->","protected":false},"excerpt":{"rendered":"<div class=\"mh-excerpt\"><p>Click Here for English A Semana da Consci\u00eancia Negra encerra, no Rio, nesta sexta-feira com ZUMBI VIVE! Um evento cheio de m\u00fasica, teatro e festa no Morro da Provid\u00eancia, a primeira favela do Brasil, que <a class=\"mh-excerpt-more\" href=\"https:\/\/rioonwatch.org.br\/?p=4207\" title=\"Zumbi Vive! Celebrando a Consci\u00eancia Negra na Provid\u00eancia\">[&#8230;]<\/a><!-- AddThis Advanced Settings generic via filter on get_the_excerpt --><!-- AddThis Share Buttons generic via filter on get_the_excerpt --><\/p>\n<\/div>","protected":false},"author":129,"featured_media":4212,"comment_status":"closed","ping_status":"closed","sticky":false,"template":"","format":"standard","meta":{"_acf_changed":false,"_monsterinsights_skip_tracking":false,"_monsterinsights_sitenote_active":false,"_monsterinsights_sitenote_note":"","_monsterinsights_sitenote_category":0,"footnotes":""},"categories":[342],"tags":[513,421,514,128,257,494,476],"writer":[402],"translator":[273],"source":[],"ilustrador":[],"fotografo":[],"class_list":{"0":"post-4207","1":"post","2":"type-post","3":"status-publish","4":"format-standard","5":"has-post-thumbnail","7":"category-solucoes","8":"tag-cultura-afro-brasileira","9":"tag-cultura-da-favela","10":"tag-escravidao","11":"tag-historia","12":"tag-providencia","13":"tag-regiao-do-porto","14":"tag-solucao-comunitaria","15":"writer-felicity-clarke","16":"translator-roseli-franco"},"acf":[],"yoast_head":"<!-- This site is optimized with the Yoast SEO plugin v25.6 - https:\/\/yoast.com\/wordpress\/plugins\/seo\/ -->\n<title>Zumbi Vive! Celebrando a Consci\u00eancia Negra na Provid\u00eancia - RioOnWatch<\/title>\n<meta name=\"robots\" content=\"index, follow, max-snippet:-1, max-image-preview:large, max-video-preview:-1\" \/>\n<link rel=\"canonical\" href=\"https:\/\/rioonwatch.org.br\/?p=4207\" \/>\n<meta property=\"og:locale\" content=\"pt_BR\" \/>\n<meta property=\"og:type\" content=\"article\" \/>\n<meta property=\"og:title\" content=\"Zumbi Vive! Celebrando a Consci\u00eancia Negra na Provid\u00eancia - RioOnWatch\" \/>\n<meta property=\"og:description\" content=\"Click Here for English A Semana da Consci\u00eancia Negra encerra, no Rio, nesta sexta-feira com ZUMBI VIVE! Um evento cheio de m\u00fasica, teatro e festa no Morro da Provid\u00eancia, a primeira favela do Brasil, que [...]\" \/>\n<meta property=\"og:url\" content=\"https:\/\/rioonwatch.org.br\/?p=4207\" \/>\n<meta property=\"og:site_name\" content=\"RioOnWatch\" \/>\n<meta property=\"article:published_time\" content=\"2012-11-29T16:58:49+00:00\" \/>\n<meta property=\"article:modified_time\" content=\"2016-02-19T12:05:37+00:00\" \/>\n<meta property=\"og:image\" content=\"https:\/\/rioonwatch.org.br\/wp-content\/uploads\/2012\/11\/parada-negra-consciencia_opt.jpg\" \/>\n\t<meta property=\"og:image:width\" content=\"300\" \/>\n\t<meta property=\"og:image:height\" content=\"211\" \/>\n\t<meta property=\"og:image:type\" content=\"image\/jpeg\" \/>\n<meta name=\"author\" content=\"Admin\" \/>\n<meta name=\"twitter:card\" content=\"summary_large_image\" \/>\n<meta name=\"twitter:label1\" content=\"Escrito por\" \/>\n\t<meta name=\"twitter:data1\" content=\"Admin\" \/>\n\t<meta name=\"twitter:label2\" content=\"Est. tempo de leitura\" \/>\n\t<meta name=\"twitter:data2\" content=\"4 minutos\" \/>\n<script type=\"application\/ld+json\" class=\"yoast-schema-graph\">{\"@context\":\"https:\/\/schema.org\",\"@graph\":[{\"@type\":\"Article\",\"@id\":\"https:\/\/rioonwatch.org.br\/?p=4207#article\",\"isPartOf\":{\"@id\":\"https:\/\/rioonwatch.org.br\/?p=4207\"},\"author\":{\"name\":\"Admin\",\"@id\":\"https:\/\/rioonwatch.org.br\/#\/schema\/person\/11d64c290506f9df50c71b850c473f68\"},\"headline\":\"Zumbi Vive! Celebrando a Consci\u00eancia Negra na Provid\u00eancia\",\"datePublished\":\"2012-11-29T16:58:49+00:00\",\"dateModified\":\"2016-02-19T12:05:37+00:00\",\"mainEntityOfPage\":{\"@id\":\"https:\/\/rioonwatch.org.br\/?p=4207\"},\"wordCount\":815,\"publisher\":{\"@id\":\"https:\/\/rioonwatch.org.br\/#organization\"},\"image\":{\"@id\":\"https:\/\/rioonwatch.org.br\/?p=4207#primaryimage\"},\"thumbnailUrl\":\"https:\/\/rioonwatch.org.br\/wp-content\/uploads\/2012\/11\/parada-negra-consciencia_opt.jpg\",\"keywords\":[\"Cultura Afro-brasileira\",\"cultura da favela\",\"escravid\u00e3o\",\"hist\u00f3ria\",\"Morro da Provid\u00eancia\",\"Regi\u00e3o do Porto\",\"solu\u00e7\u00e3o comunit\u00e1ria\"],\"articleSection\":[\"Solu\u00e7\u00f5es\"],\"inLanguage\":\"pt-BR\"},{\"@type\":\"WebPage\",\"@id\":\"https:\/\/rioonwatch.org.br\/?p=4207\",\"url\":\"https:\/\/rioonwatch.org.br\/?p=4207\",\"name\":\"Zumbi Vive! Celebrando a Consci\u00eancia Negra na Provid\u00eancia - RioOnWatch\",\"isPartOf\":{\"@id\":\"https:\/\/rioonwatch.org.br\/#website\"},\"primaryImageOfPage\":{\"@id\":\"https:\/\/rioonwatch.org.br\/?p=4207#primaryimage\"},\"image\":{\"@id\":\"https:\/\/rioonwatch.org.br\/?p=4207#primaryimage\"},\"thumbnailUrl\":\"https:\/\/rioonwatch.org.br\/wp-content\/uploads\/2012\/11\/parada-negra-consciencia_opt.jpg\",\"datePublished\":\"2012-11-29T16:58:49+00:00\",\"dateModified\":\"2016-02-19T12:05:37+00:00\",\"breadcrumb\":{\"@id\":\"https:\/\/rioonwatch.org.br\/?p=4207#breadcrumb\"},\"inLanguage\":\"pt-BR\",\"potentialAction\":[{\"@type\":\"ReadAction\",\"target\":[\"https:\/\/rioonwatch.org.br\/?p=4207\"]}]},{\"@type\":\"ImageObject\",\"inLanguage\":\"pt-BR\",\"@id\":\"https:\/\/rioonwatch.org.br\/?p=4207#primaryimage\",\"url\":\"https:\/\/rioonwatch.org.br\/wp-content\/uploads\/2012\/11\/parada-negra-consciencia_opt.jpg\",\"contentUrl\":\"https:\/\/rioonwatch.org.br\/wp-content\/uploads\/2012\/11\/parada-negra-consciencia_opt.jpg\",\"width\":300,\"height\":211},{\"@type\":\"BreadcrumbList\",\"@id\":\"https:\/\/rioonwatch.org.br\/?p=4207#breadcrumb\",\"itemListElement\":[{\"@type\":\"ListItem\",\"position\":1,\"name\":\"In\u00edcio\",\"item\":\"https:\/\/rioonwatch.org.br\/\"},{\"@type\":\"ListItem\",\"position\":2,\"name\":\"Zumbi Vive! Celebrando a Consci\u00eancia Negra na Provid\u00eancia\"}]},{\"@type\":\"WebSite\",\"@id\":\"https:\/\/rioonwatch.org.br\/#website\",\"url\":\"https:\/\/rioonwatch.org.br\/\",\"name\":\"RioOnWatch\",\"description\":\"relatos das favelas cariocas\",\"publisher\":{\"@id\":\"https:\/\/rioonwatch.org.br\/#organization\"},\"potentialAction\":[{\"@type\":\"SearchAction\",\"target\":{\"@type\":\"EntryPoint\",\"urlTemplate\":\"https:\/\/rioonwatch.org.br\/?s={search_term_string}\"},\"query-input\":{\"@type\":\"PropertyValueSpecification\",\"valueRequired\":true,\"valueName\":\"search_term_string\"}}],\"inLanguage\":\"pt-BR\"},{\"@type\":\"Organization\",\"@id\":\"https:\/\/rioonwatch.org.br\/#organization\",\"name\":\"RioOnWatch\",\"url\":\"https:\/\/rioonwatch.org.br\/\",\"logo\":{\"@type\":\"ImageObject\",\"inLanguage\":\"pt-BR\",\"@id\":\"https:\/\/rioonwatch.org.br\/#\/schema\/logo\/image\/\",\"url\":\"https:\/\/rioonwatch.org.br\/wp-content\/uploads\/2021\/06\/RioOnWatchcabecalhoPT11anos-2.png\",\"contentUrl\":\"https:\/\/rioonwatch.org.br\/wp-content\/uploads\/2021\/06\/RioOnWatchcabecalhoPT11anos-2.png\",\"width\":779,\"height\":277,\"caption\":\"RioOnWatch\"},\"image\":{\"@id\":\"https:\/\/rioonwatch.org.br\/#\/schema\/logo\/image\/\"}},{\"@type\":\"Person\",\"@id\":\"https:\/\/rioonwatch.org.br\/#\/schema\/person\/11d64c290506f9df50c71b850c473f68\",\"name\":\"Admin\",\"image\":{\"@type\":\"ImageObject\",\"inLanguage\":\"pt-BR\",\"@id\":\"https:\/\/rioonwatch.org.br\/#\/schema\/person\/image\/\",\"url\":\"https:\/\/secure.gravatar.com\/avatar\/56211ac74568383903349a1485e3c325?s=96&d=blank&r=g\",\"contentUrl\":\"https:\/\/secure.gravatar.com\/avatar\/56211ac74568383903349a1485e3c325?s=96&d=blank&r=g\",\"caption\":\"Admin\"},\"url\":\"https:\/\/rioonwatch.org.br\/?author=129\"}]}<\/script>\n<!-- \/ Yoast SEO plugin. -->","yoast_head_json":{"title":"Zumbi Vive! Celebrando a Consci\u00eancia Negra na Provid\u00eancia - RioOnWatch","robots":{"index":"index","follow":"follow","max-snippet":"max-snippet:-1","max-image-preview":"max-image-preview:large","max-video-preview":"max-video-preview:-1"},"canonical":"https:\/\/rioonwatch.org.br\/?p=4207","og_locale":"pt_BR","og_type":"article","og_title":"Zumbi Vive! Celebrando a Consci\u00eancia Negra na Provid\u00eancia - RioOnWatch","og_description":"Click Here for English A Semana da Consci\u00eancia Negra encerra, no Rio, nesta sexta-feira com ZUMBI VIVE! Um evento cheio de m\u00fasica, teatro e festa no Morro da Provid\u00eancia, a primeira favela do Brasil, que [...]","og_url":"https:\/\/rioonwatch.org.br\/?p=4207","og_site_name":"RioOnWatch","article_published_time":"2012-11-29T16:58:49+00:00","article_modified_time":"2016-02-19T12:05:37+00:00","og_image":[{"width":300,"height":211,"url":"https:\/\/rioonwatch.org.br\/wp-content\/uploads\/2012\/11\/parada-negra-consciencia_opt.jpg","type":"image\/jpeg"}],"author":"Admin","twitter_card":"summary_large_image","twitter_misc":{"Escrito por":"Admin","Est. tempo de leitura":"4 minutos"},"schema":{"@context":"https:\/\/schema.org","@graph":[{"@type":"Article","@id":"https:\/\/rioonwatch.org.br\/?p=4207#article","isPartOf":{"@id":"https:\/\/rioonwatch.org.br\/?p=4207"},"author":{"name":"Admin","@id":"https:\/\/rioonwatch.org.br\/#\/schema\/person\/11d64c290506f9df50c71b850c473f68"},"headline":"Zumbi Vive! Celebrando a Consci\u00eancia Negra na Provid\u00eancia","datePublished":"2012-11-29T16:58:49+00:00","dateModified":"2016-02-19T12:05:37+00:00","mainEntityOfPage":{"@id":"https:\/\/rioonwatch.org.br\/?p=4207"},"wordCount":815,"publisher":{"@id":"https:\/\/rioonwatch.org.br\/#organization"},"image":{"@id":"https:\/\/rioonwatch.org.br\/?p=4207#primaryimage"},"thumbnailUrl":"https:\/\/rioonwatch.org.br\/wp-content\/uploads\/2012\/11\/parada-negra-consciencia_opt.jpg","keywords":["Cultura Afro-brasileira","cultura da favela","escravid\u00e3o","hist\u00f3ria","Morro da Provid\u00eancia","Regi\u00e3o do Porto","solu\u00e7\u00e3o comunit\u00e1ria"],"articleSection":["Solu\u00e7\u00f5es"],"inLanguage":"pt-BR"},{"@type":"WebPage","@id":"https:\/\/rioonwatch.org.br\/?p=4207","url":"https:\/\/rioonwatch.org.br\/?p=4207","name":"Zumbi Vive! Celebrando a Consci\u00eancia Negra na Provid\u00eancia - RioOnWatch","isPartOf":{"@id":"https:\/\/rioonwatch.org.br\/#website"},"primaryImageOfPage":{"@id":"https:\/\/rioonwatch.org.br\/?p=4207#primaryimage"},"image":{"@id":"https:\/\/rioonwatch.org.br\/?p=4207#primaryimage"},"thumbnailUrl":"https:\/\/rioonwatch.org.br\/wp-content\/uploads\/2012\/11\/parada-negra-consciencia_opt.jpg","datePublished":"2012-11-29T16:58:49+00:00","dateModified":"2016-02-19T12:05:37+00:00","breadcrumb":{"@id":"https:\/\/rioonwatch.org.br\/?p=4207#breadcrumb"},"inLanguage":"pt-BR","potentialAction":[{"@type":"ReadAction","target":["https:\/\/rioonwatch.org.br\/?p=4207"]}]},{"@type":"ImageObject","inLanguage":"pt-BR","@id":"https:\/\/rioonwatch.org.br\/?p=4207#primaryimage","url":"https:\/\/rioonwatch.org.br\/wp-content\/uploads\/2012\/11\/parada-negra-consciencia_opt.jpg","contentUrl":"https:\/\/rioonwatch.org.br\/wp-content\/uploads\/2012\/11\/parada-negra-consciencia_opt.jpg","width":300,"height":211},{"@type":"BreadcrumbList","@id":"https:\/\/rioonwatch.org.br\/?p=4207#breadcrumb","itemListElement":[{"@type":"ListItem","position":1,"name":"In\u00edcio","item":"https:\/\/rioonwatch.org.br\/"},{"@type":"ListItem","position":2,"name":"Zumbi Vive! Celebrando a Consci\u00eancia Negra na Provid\u00eancia"}]},{"@type":"WebSite","@id":"https:\/\/rioonwatch.org.br\/#website","url":"https:\/\/rioonwatch.org.br\/","name":"RioOnWatch","description":"relatos das favelas cariocas","publisher":{"@id":"https:\/\/rioonwatch.org.br\/#organization"},"potentialAction":[{"@type":"SearchAction","target":{"@type":"EntryPoint","urlTemplate":"https:\/\/rioonwatch.org.br\/?s={search_term_string}"},"query-input":{"@type":"PropertyValueSpecification","valueRequired":true,"valueName":"search_term_string"}}],"inLanguage":"pt-BR"},{"@type":"Organization","@id":"https:\/\/rioonwatch.org.br\/#organization","name":"RioOnWatch","url":"https:\/\/rioonwatch.org.br\/","logo":{"@type":"ImageObject","inLanguage":"pt-BR","@id":"https:\/\/rioonwatch.org.br\/#\/schema\/logo\/image\/","url":"https:\/\/rioonwatch.org.br\/wp-content\/uploads\/2021\/06\/RioOnWatchcabecalhoPT11anos-2.png","contentUrl":"https:\/\/rioonwatch.org.br\/wp-content\/uploads\/2021\/06\/RioOnWatchcabecalhoPT11anos-2.png","width":779,"height":277,"caption":"RioOnWatch"},"image":{"@id":"https:\/\/rioonwatch.org.br\/#\/schema\/logo\/image\/"}},{"@type":"Person","@id":"https:\/\/rioonwatch.org.br\/#\/schema\/person\/11d64c290506f9df50c71b850c473f68","name":"Admin","image":{"@type":"ImageObject","inLanguage":"pt-BR","@id":"https:\/\/rioonwatch.org.br\/#\/schema\/person\/image\/","url":"https:\/\/secure.gravatar.com\/avatar\/56211ac74568383903349a1485e3c325?s=96&d=blank&r=g","contentUrl":"https:\/\/secure.gravatar.com\/avatar\/56211ac74568383903349a1485e3c325?s=96&d=blank&r=g","caption":"Admin"},"url":"https:\/\/rioonwatch.org.br\/?author=129"}]}},"_links":{"self":[{"href":"https:\/\/rioonwatch.org.br\/index.php?rest_route=\/wp\/v2\/posts\/4207"}],"collection":[{"href":"https:\/\/rioonwatch.org.br\/index.php?rest_route=\/wp\/v2\/posts"}],"about":[{"href":"https:\/\/rioonwatch.org.br\/index.php?rest_route=\/wp\/v2\/types\/post"}],"author":[{"embeddable":true,"href":"https:\/\/rioonwatch.org.br\/index.php?rest_route=\/wp\/v2\/users\/129"}],"replies":[{"embeddable":true,"href":"https:\/\/rioonwatch.org.br\/index.php?rest_route=%2Fwp%2Fv2%2Fcomments&post=4207"}],"version-history":[{"count":26,"href":"https:\/\/rioonwatch.org.br\/index.php?rest_route=\/wp\/v2\/posts\/4207\/revisions"}],"predecessor-version":[{"id":18390,"href":"https:\/\/rioonwatch.org.br\/index.php?rest_route=\/wp\/v2\/posts\/4207\/revisions\/18390"}],"wp:featuredmedia":[{"embeddable":true,"href":"https:\/\/rioonwatch.org.br\/index.php?rest_route=\/wp\/v2\/media\/4212"}],"wp:attachment":[{"href":"https:\/\/rioonwatch.org.br\/index.php?rest_route=%2Fwp%2Fv2%2Fmedia&parent=4207"}],"wp:term":[{"taxonomy":"category","embeddable":true,"href":"https:\/\/rioonwatch.org.br\/index.php?rest_route=%2Fwp%2Fv2%2Fcategories&post=4207"},{"taxonomy":"post_tag","embeddable":true,"href":"https:\/\/rioonwatch.org.br\/index.php?rest_route=%2Fwp%2Fv2%2Ftags&post=4207"},{"taxonomy":"writer","embeddable":true,"href":"https:\/\/rioonwatch.org.br\/index.php?rest_route=%2Fwp%2Fv2%2Fwriter&post=4207"},{"taxonomy":"translator","embeddable":true,"href":"https:\/\/rioonwatch.org.br\/index.php?rest_route=%2Fwp%2Fv2%2Ftranslator&post=4207"},{"taxonomy":"source","embeddable":true,"href":"https:\/\/rioonwatch.org.br\/index.php?rest_route=%2Fwp%2Fv2%2Fsource&post=4207"},{"taxonomy":"ilustrador","embeddable":true,"href":"https:\/\/rioonwatch.org.br\/index.php?rest_route=%2Fwp%2Fv2%2Filustrador&post=4207"},{"taxonomy":"fotografo","embeddable":true,"href":"https:\/\/rioonwatch.org.br\/index.php?rest_route=%2Fwp%2Fv2%2Ffotografo&post=4207"}],"curies":[{"name":"wp","href":"https:\/\/api.w.org\/{rel}","templated":true}]}}