{"id":42121,"date":"2019-07-31T09:46:55","date_gmt":"2019-07-31T12:46:55","guid":{"rendered":"https:\/\/rioonwatch.org.br\/?p=42121"},"modified":"2024-05-24T12:37:06","modified_gmt":"2024-05-24T15:37:06","slug":"iv-julho-negro-favelas-na-luta-contra-o-racismo-e-a-militarizacao-parte-1-lgtfobia-e-resistencia-favelada","status":"publish","type":"post","link":"https:\/\/rioonwatch.org.br\/?p=42121","title":{"rendered":"IV Julho Negro: Favelas na Luta, Parte 1\u2014LGTfobia e Resist\u00eancia Favelada"},"content":{"rendered":"<p style=\"text-align: right;\"><em><strong><a href=\"http:\/\/bit.ly\/2T9fMde\" target=\"_blank\" rel=\"noopener noreferrer\">Click Here for English<\/a><a href=\"http:\/\/bit.ly\/2T9fMde\" target=\"_blank\" rel=\"noopener noreferrer\"><img decoding=\"async\" width=\"20\" height=\"20\" class=\"alignright wp-image-15790\" src=\"http:\/\/rioonwatch.org.br\/wp-content\/uploads\/2012\/08\/EN-standard-e1439583104716.jpg\" \/><\/a><\/strong><\/em><\/p>\n<p><em>Esta \u00e9 a primeira de duas mat\u00e9rias sobre o<span style=\"font-weight: 400;\"> Julho Negro, este ano em sua <a href=\"http:\/\/bit.ly\/2Y9Ob1i\" target=\"_blank\" rel=\"noopener noreferrer\">4\u00aa edi\u00e7\u00e3o<\/a>. Esta s\u00e9rie foca nas tr\u00eas mesas de debate do segundo dia do e<\/span><span style=\"font-weight: 400;\">vento de 2019. Segundo os organizadores, <\/span>&#8220;<a href=\"http:\/\/bit.ly\/2Ydy82n\" target=\"_blank\" rel=\"noopener noreferrer\">Julho Negro \u00e9<\/a> uma Articula\u00e7\u00e3o Internacional de Luta contra o Racismo, a Militariza\u00e7\u00e3o e o Apartheid. Ele \u00e9 organizado por movimento de m\u00e3es e familiares de v\u00edtimas do Estado e por grupos que integram o movimento de favelas do Rio de Janeiro.&#8221; Leia a parte 2 <a href=\"http:\/\/bit.ly\/2Yx7sor\" target=\"_blank\" rel=\"noopener noreferrer\">aqui<\/a>.<\/em><\/p>\n<h3><strong>A 4<em><span style=\"font-weight: 400;\">\u00aa<\/span><\/em>\u00a0Edi\u00e7\u00e3o<\/strong><\/h3>\n<p><span style=\"font-weight: 400;\">Em sua 4\u00aa edi\u00e7\u00e3o, o <a href=\"http:\/\/bit.ly\/2MnBo48\" target=\"_blank\" rel=\"noopener noreferrer\">Julho Negro<\/a> deste ano aconteceu nos dias<\/span><span style=\"font-weight: 400;\"> 24, 25 e 26 de julho.<\/span><span style=\"font-weight: 400;\"> O encontro reafirmou a sua ess\u00eancia: combater o racismo, o apartheid, e\u2014segundo os organizadores do evento\u2014<\/span><span style=\"font-weight: 400;\">&#8220;<a href=\"http:\/\/bit.ly\/2x1wErZ\" target=\"_blank\" rel=\"noopener noreferrer\">internacionalizar as lutas<\/a>, contar e denunciar as nossas dores, e juntar as nossas for\u00e7as contra aquelas que nos oprimem e matam&#8221;.<\/span><\/p>\n<p><span style=\"font-weight: 400;\"> <a href=\"http:\/\/bit.ly\/2SSsOeT\" target=\"_blank\" rel=\"noopener noreferrer\">No dia 24<\/a>, houve o debate &#8220;Racismo Ambiental e Sua Interface com a Viol\u00eancia&#8221; no <a href=\"http:\/\/bit.ly\/32QPjFA\" target=\"_blank\" rel=\"noopener noreferrer\">Terreiro Il\u00ea Omolu Oxum<\/a>, em <a href=\"http:\/\/bit.ly\/32hi3Hn\" target=\"_blank\" rel=\"noopener noreferrer\">S\u00e3o Jo\u00e3o de Meriti<\/a>, na Baixada Fluminense.<\/span><\/p>\n<p><a href=\"https:\/\/rioonwatch.org.br\/wp-content\/uploads\/2019\/07\/Il\u00ea.jpg\"><img fetchpriority=\"high\" decoding=\"async\" class=\"aligncenter wp-image-42141 size-content\" title=\"Debate &quot;Racismo Ambiental e Sua Interface com a Viol\u00eancia&quot; no Terreiro Il\u00ea Omolu Oxum, em S\u00e3o Jo\u00e3o de Meriti. Foto da p\u00e1gina Julho Negro no Facebook\" src=\"https:\/\/rioonwatch.org.br\/wp-content\/uploads\/2019\/07\/Il\u00ea-620x264.jpg\" alt=\"\" width=\"620\" height=\"264\" srcset=\"https:\/\/rioonwatch.org.br\/wp-content\/uploads\/2019\/07\/Il\u00ea-620x264.jpg 620w, https:\/\/rioonwatch.org.br\/wp-content\/uploads\/2019\/07\/Il\u00ea-940x400.jpg 940w\" sizes=\"(max-width: 620px) 100vw, 620px\" \/><\/a><\/p>\n<p><span style=\"font-weight: 400;\"><a href=\"http:\/\/bit.ly\/32Y4T29\" target=\"_blank\" rel=\"noopener noreferrer\">No dia 25<\/a>, durante \u00e0 tarde, o evento ocorreu no <a href=\"http:\/\/bit.ly\/2XhXQkQ\" target=\"_blank\" rel=\"noopener noreferrer\">Museu da Mar\u00e9<\/a> com tr\u00eas rodas de conversa\u2014as quais esta s\u00e9rie de duas mat\u00e9rias se dedica\u2014e \u00e0 noite houve a apresenta\u00e7\u00e3o da pe\u00e7a <a href=\"http:\/\/bit.ly\/2YDDnrL\" target=\"_blank\" rel=\"noopener noreferrer\">Encruzilhada Feminina<\/a>. Nesta mesma noite, tamb\u00e9m <a href=\"http:\/\/bit.ly\/2Ou7z4y\" target=\"_blank\" rel=\"noopener noreferrer\">foi realizado o Slam Manguinhos<\/a>, na esta\u00e7\u00e3o de trem de <a href=\"http:\/\/bit.ly\/2F7nJtG\" target=\"_blank\" rel=\"noopener noreferrer\">Manguinhos<\/a> em frente a <a href=\"http:\/\/bit.ly\/2WDhuUk\" target=\"_blank\" rel=\"noopener noreferrer\">Fiocruz<\/a>.<\/span><\/p>\n<p><a href=\"https:\/\/rioonwatch.org.br\/wp-content\/uploads\/2019\/07\/Encruzilhada-feminina.jpg\"><img decoding=\"async\" class=\"aligncenter wp-image-42142 size-content\" title=\"Apresenta\u00e7\u00e3o da pe\u00e7a Encruzilhada Feminina no segundo dia da 4a edi\u00e7\u00e3o do Julho negro. Foto da p\u00e1gina Encruzilhada Feminina no Facebook\" src=\"https:\/\/rioonwatch.org.br\/wp-content\/uploads\/2019\/07\/Encruzilhada-feminina-620x264.jpg\" alt=\"\" width=\"620\" height=\"264\" \/><\/a><\/p>\n<p><span style=\"font-weight: 400;\">J\u00e1 no dia 26, foi realizada a &#8220;Tenda da Resist\u00eancia&#8221; no Largo da Carioca, que distribuiu roupas, brinquedos, livros em bom estado e que foi palco da \u00faltima atividade da programa\u00e7\u00e3o do IV Julho Negro, o &#8216;<a href=\"http:\/\/bit.ly\/310ZNAt\" target=\"_blank\" rel=\"noopener noreferrer\">Tribunal Popular: Os Estados Latino Americanos nos bancos dos r\u00e9us<\/a>&#8220;, que foi composto por duas mesas de debate <\/span><span style=\"font-weight: 400;\">com a participa\u00e7\u00e3o de militantes do M\u00e9xico, Venezuela, Povo Mapuche (Chile), m\u00e3es e familiares v\u00edtimas de viol\u00eancia de Estado e moradores de favelas. Abaixo<\/span> o\u00a0<a href=\"http:\/\/bit.ly\/2YeQujt\" target=\"_blank\" rel=\"noopener noreferrer\">v\u00eddeo completo<\/a> do &#8220;Tribunal Popular&#8221;:<\/p>\n<p><iframe style=\"border: none; overflow: hidden;\" src=\"https:\/\/www.facebook.com\/plugins\/video.php?href=https%3A%2F%2Fwww.facebook.com%2F3julhonegro%2Fvideos%2F488413211923827%2F&amp;show_text=0&amp;width=560\" width=\"620\" height=\"349\" frameborder=\"0\" scrolling=\"no\" allowfullscreen=\"allowfullscreen\"><span data-mce-type=\"bookmark\" style=\"display: inline-block; width: 0px; overflow: hidden; line-height: 0;\" class=\"mce_SELRES_start\">\ufeff<\/span><span data-mce-type=\"bookmark\" style=\"display: inline-block; width: 0px; overflow: hidden; line-height: 0;\" class=\"mce_SELRES_start\">\ufeff<\/span><span data-mce-type=\"bookmark\" style=\"display: inline-block; width: 0px; overflow: hidden; line-height: 0;\" class=\"mce_SELRES_start\">\ufeff<\/span><\/iframe><\/p>\n<p><span style=\"font-weight: 400;\">Este ano, al\u00e9m da programa\u00e7\u00e3o oficial, aconteceram oficinas autogestionadas em outros pontos da cidade, sendo elas:<\/span><span style=\"font-weight: 400;\"> O Festival Nossa Hist\u00f3ria Nossa Voz, em <a href=\"http:\/\/bit.ly\/2YdiJ25\" target=\"_blank\" rel=\"noopener noreferrer\">Belford Roxo<\/a> no dia 27 e o debate <a href=\"http:\/\/bit.ly\/2LQtG30\" target=\"_blank\" rel=\"noopener noreferrer\">Racismo Religioso e o Impacto da Militariza\u00e7\u00e3o na Vida da Popula\u00e7\u00e3o Negra e Perif\u00e9rica<\/a>, no Terreiro de Ologunede-Il\u00ea \u00c0se Alade Ode Lomi, em <a href=\"http:\/\/bit.ly\/2YytCa6\" target=\"_blank\" rel=\"noopener noreferrer\">Nova Igua\u00e7u<\/a>, onde houve a confraterniza\u00e7\u00e3o final de encerramento Julho Negro, no dia 28.<\/span><\/p>\n<p><a href=\"https:\/\/rioonwatch.org.br\/wp-content\/uploads\/2019\/07\/Il\u00e9-\u00c1se.jpg\"><img loading=\"lazy\" decoding=\"async\" class=\"aligncenter wp-image-42152 size-content\" title=\"Debate Religioso e o Impacto da Militariza\u00e7\u00e3o na Vida da Popula\u00e7\u00e3o Negra e Perif\u00e9rica, no Terreiro de Ologunede- Il\u00ea \u00c0se Alade Ode Lomi. Foto da p\u00e1gina Julho Negro no Facebook\" src=\"https:\/\/rioonwatch.org.br\/wp-content\/uploads\/2019\/07\/Il\u00e9-\u00c1se-620x264.jpg\" alt=\"\" width=\"620\" height=\"264\" srcset=\"https:\/\/rioonwatch.org.br\/wp-content\/uploads\/2019\/07\/Il\u00e9-\u00c1se-620x264.jpg 620w, https:\/\/rioonwatch.org.br\/wp-content\/uploads\/2019\/07\/Il\u00e9-\u00c1se-940x400.jpg 940w\" sizes=\"(max-width: 620px) 100vw, 620px\" \/><\/a><\/p>\n<h3><strong>Sua Ess\u00eancia<\/strong><\/h3>\n<p><span style=\"font-weight: 400;\">Para <a href=\"http:\/\/bit.ly\/2OtcaUL\" target=\"_blank\" rel=\"noopener noreferrer\">Gizele Martins<\/a>, jornalista, moradora da <a href=\"http:\/\/bit.ly\/2K1s59x\" target=\"_blank\" rel=\"noopener noreferrer\">Mar\u00e9<\/a> e uma das organizadoras do evento, o Julho Negro tem como objetivo <\/span><span style=\"font-weight: 400;\">\u201cdiscutir a militariza\u00e7\u00e3o, o racismo e o apartheid a <a href=\"http:\/\/bit.ly\/2YuduWX\" target=\"_blank\" rel=\"noopener noreferrer\">n\u00edvel internacional<\/a>, trazendo pessoas de outros pa\u00edses que vivem e pautam esta tem\u00e1tica, como uma forma tanto de forma\u00e7\u00e3o quanto de den\u00fancia tamb\u00e9m&#8221;. Gizele afirma que &#8220;\u00e9 uma maneira de aumentar as nossas for\u00e7as nesta luta, quando a gente <a href=\"http:\/\/bit.ly\/2OhVZJD\" target=\"_blank\" rel=\"noopener noreferrer\">se re\u00fane com outros pa\u00edses<\/a>, com outras m\u00e3es e familiares para discutir estas pautas. \u00c9 uma forma de ganhar for\u00e7as e reconhecer estas tem\u00e1ticas para al\u00e9m daquilo que a gente vivencia aqui no Rio\u201d.<\/span><\/p>\n<p><a href=\"https:\/\/rioonwatch.org.br\/wp-content\/uploads\/2019\/07\/Gizele-BarbaraDias-2.jpg\"><img loading=\"lazy\" decoding=\"async\" class=\"aligncenter wp-image-42205 size-content\" title=\"Gizele Martins. Foto por B\u00e1rbara Dias\" src=\"https:\/\/rioonwatch.org.br\/wp-content\/uploads\/2019\/07\/Gizele-BarbaraDias-2-620x264.jpg\" alt=\"\" width=\"620\" height=\"264\" srcset=\"https:\/\/rioonwatch.org.br\/wp-content\/uploads\/2019\/07\/Gizele-BarbaraDias-2-620x264.jpg 620w, https:\/\/rioonwatch.org.br\/wp-content\/uploads\/2019\/07\/Gizele-BarbaraDias-2-940x400.jpg 940w\" sizes=\"(max-width: 620px) 100vw, 620px\" \/><\/a><\/p>\n<p><span style=\"font-weight: 400;\">No dia 25 de julho, o <em>RioOnWatch<\/em> esteve no Museu da Mar\u00e9 ouvindo, nas rodas de conversa, militantes\u2014muitos, moradores de favelas\u2014que a partir de suas viv\u00eancias se organizaram para tentar suprir a falta de pol\u00edticas p\u00fablicas efetivas e eficazes para uma parcela da popula\u00e7\u00e3o. No evento, ficou not\u00e1vel que ser um militante oriundo destes espa\u00e7os leva a luta a um patamar afetivo, pois as lutas n\u00e3o s\u00e3o do outro, as lutas s\u00e3o dos \u201cnossos\u201d, como muitas vezes foi repetido nas mesas do Julho Negro. Falar do seu lugar e para pessoas que s\u00e3o \u201csuas\u201d t\u00eam um valor muito significativo. Esta aproxima\u00e7\u00e3o de viv\u00eancias t\u00e3o particulares e ao mesmo tempo universais, levou ao evento um clima de acolhimento, mesmo estando em combate contra uma estrutura racista que tem cada vez mais artif\u00edcios cerceadores para que esta parte da popula\u00e7\u00e3o n\u00e3o consiga ter seus diretos validados, sejam de seguran\u00e7a, moradia, educa\u00e7\u00e3o, dentre outros.<\/span><\/p>\n<p><a href=\"https:\/\/rioonwatch.org.br\/wp-content\/uploads\/2019\/07\/exposi\u00e7\u00e3o-museu-da-mar\u00e9.jpg\"><img loading=\"lazy\" decoding=\"async\" class=\"aligncenter wp-image-42164 size-content\" title=\"Exposi\u00e7\u00e3o na parte externa do Museu da Mar\u00e9. Foto da p\u00e1gina Julho negro no Facebook\" src=\"https:\/\/rioonwatch.org.br\/wp-content\/uploads\/2019\/07\/exposi\u00e7\u00e3o-museu-da-mar\u00e9-620x264.jpg\" alt=\"\" width=\"620\" height=\"264\" \/><\/a><\/p>\n<h3><strong>O Espa\u00e7o<\/strong><\/h3>\n<p><span style=\"font-weight: 400;\">O segundo dia do IV Julho Negro, aconteceu em um museu dentro da favela da Mar\u00e9. O Museu da Mar\u00e9 <a href=\"http:\/\/bit.ly\/2ylYwI9\" target=\"_blank\" rel=\"noopener noreferrer\">conta a hist\u00f3ria<\/a> do seu povo e <a href=\"http:\/\/bit.ly\/2SOLKeC\" target=\"_blank\" rel=\"noopener noreferrer\">suas formas de re-existir<\/a> dentro de uma sociedade que valida as pr\u00e1ticas de exclus\u00e3o do Estado. O museu dialoga com o Julho Negro atrav\u00e9s da experi\u00eancia da arte contra as pr\u00e1ticas de exclus\u00e3o e inviabilidade dos governantes. Al\u00e9m da exposi\u00e7\u00e3o permanente do museu, enquanto as mesas n\u00e3o come\u00e7avam, era poss\u00edvel refletir sobre os temas em debate atrav\u00e9s de hist\u00f3rias apresentadas por meio de fotografias e de trechos de falas de v\u00e1rios militantes de favelas, na \u00e1rea externa do museu.<\/span><\/p>\n<h3><strong>E por Falar em Arte&#8230;<\/strong><\/h3>\n<p><span style=\"font-weight: 400;\">Lucas Francisco, morador da Mar\u00e9, frequentador desde a inf\u00e2ncia do Museu da Mar\u00e9, e estudante de dan\u00e7a da <a href=\"http:\/\/bit.ly\/2XQ3Rma\" target=\"_blank\" rel=\"noopener noreferrer\">UFRJ<\/a>, abriu os debates do dia 25 com uma impactante apresenta\u00e7\u00e3o. Misturando dan\u00e7a e milit\u00e2ncia de uma forma tocante, as criticas \u00e0 LGTfobia, aos padr\u00f5es impostos aos meninos em especial, mesclando com uma cena forte falando de militariza\u00e7\u00e3o e tortura, nos deixaram silenciados diante do poder da arte em dizer coisas t\u00e3o doloridas de forma bela e intensa.<\/span><\/p>\n<p><a href=\"https:\/\/rioonwatch.org.br\/wp-content\/uploads\/2019\/07\/BarbaraDias-3Lucas.jpg\"><img loading=\"lazy\" decoding=\"async\" class=\"aligncenter wp-image-42176 size-content\" title=\"Lucas Francisco. Foto por B\u00e1rbara Dias\" src=\"https:\/\/rioonwatch.org.br\/wp-content\/uploads\/2019\/07\/BarbaraDias-3Lucas-620x264.jpg\" alt=\"\" width=\"620\" height=\"264\" srcset=\"https:\/\/rioonwatch.org.br\/wp-content\/uploads\/2019\/07\/BarbaraDias-3Lucas-620x264.jpg 620w, https:\/\/rioonwatch.org.br\/wp-content\/uploads\/2019\/07\/BarbaraDias-3Lucas-940x400.jpg 940w\" sizes=\"(max-width: 620px) 100vw, 620px\" \/><\/a><\/p>\n<h3><strong>Mesa 1: LGBTI+ Militariza\u00e7\u00e3o e Resist\u00eancia Favelada<\/strong><\/h3>\n<p><span style=\"font-weight: 400;\">Estreando este ano no Julho Negro, a mesa LGBTI+ foi composta por pessoas que tiraram as suas experi\u00eancias do campo pessoal e resolveram cobrar dos governantes a\u00e7\u00f5es para esta popula\u00e7\u00e3o que ainda v\u00ea seus diretos bem longe de serem conquistados. Betto Duarti, representante do <a href=\"http:\/\/bit.ly\/2YtWWyf\" target=\"_blank\" rel=\"noopener noreferrer\">movimento LGBTI+ da Mar\u00e9<\/a>, morador da Mar\u00e9 na <a href=\"http:\/\/bit.ly\/2ZjJpe9\" target=\"_blank\" rel=\"noopener noreferrer\">Vila do Jo\u00e3o<\/a> h\u00e1 mais de 30 anos, e um dos respons\u00e1veis pelas <a href=\"http:\/\/bit.ly\/333LfSo\" target=\"_blank\" rel=\"noopener noreferrer\">primeiras paradas LGBT da Mar\u00e9<\/a>, foi um dos integrantes da mesa. Ele relatou que como representante do movimento LGBTI+ da Mar\u00e9, uma das pr\u00e1ticas mais comuns \u00e9 a de agir para viabilizar a garantia no atendimento de qualidade para esta popula\u00e7\u00e3o em postos de sa\u00fade. Betto \u00e9 constantemente solicitado quando o <a href=\"http:\/\/bit.ly\/2SEv1dU\" target=\"_blank\" rel=\"noopener noreferrer\">preconceito gera algum tipo de mau atendimento<\/a>.\u00a0<\/span><\/p>\n<p><span style=\"font-weight: 400;\">Outras componentes da mesa eram Dayana Gusm\u00e3o, cria da Mar\u00e9 e integrante da <a href=\"http:\/\/bit.ly\/2K62CdZ\" target=\"_blank\" rel=\"noopener noreferrer\">Coletiva Resist\u00eancia Lesbi de Favelas<\/a> e Michele Seixas, da <a href=\"http:\/\/bit.ly\/2YtAKVe\" target=\"_blank\" rel=\"noopener noreferrer\">Articula\u00e7\u00e3o Brasileira de L\u00e9sbicas<\/a> e moradora do <a href=\"http:\/\/bit.ly\/2K1s59x\" target=\"_blank\" rel=\"noopener noreferrer\">Alem\u00e3o<\/a>. As falas destas mulheres, l\u00e9sbicas e intelectuais, se concentraram na viol\u00eancia do machismo que rondam as l\u00e9sbicas fazendo subir o \u00edndice de lesboc\u00eddio.<\/span><\/p>\n<p><a href=\"https:\/\/rioonwatch.org.br\/wp-content\/uploads\/2019\/07\/BarbaraDias-4.jpg\"><img loading=\"lazy\" decoding=\"async\" class=\"wp-image-42181 size-content aligncenter\" title=\"Betto Duarti, Michele Seixas, Dayana Gusm\u00e3o e uma integrante da mesa. Foto por B\u00e1rbara Dias\" src=\"https:\/\/rioonwatch.org.br\/wp-content\/uploads\/2019\/07\/BarbaraDias-4-620x264.jpg\" alt=\"\" width=\"620\" height=\"264\" srcset=\"https:\/\/rioonwatch.org.br\/wp-content\/uploads\/2019\/07\/BarbaraDias-4-620x264.jpg 620w, https:\/\/rioonwatch.org.br\/wp-content\/uploads\/2019\/07\/BarbaraDias-4-940x400.jpg 940w\" sizes=\"(max-width: 620px) 100vw, 620px\" \/><\/a><\/p>\n<p><span style=\"font-weight: 400;\">Um ponto importante do debate foi a quest\u00e3o da popula\u00e7\u00e3o carcer\u00e1ria LGBT. De acordo com Michele Seixas, os dados\u2014t\u00e3o importantes na constru\u00e7\u00e3o de medidas para melhoria da vida de todos\u2014s\u00e3o muitas vezes negligenciados, dificultando dentre outras coisas, o mapeamento de quantos LGBTIs est\u00e3o em situa\u00e7\u00e3o de priva\u00e7\u00e3o de liberdade e quais as a\u00e7\u00f5es para reinser\u00e7\u00e3o destes na sociedade. Para Michele Seixas, tal atitude faz parte da pol\u00edtica de invisibilidade, como afirmou em sua fala: \u201c<\/span><span style=\"font-weight: 400;\">A aus\u00eancia destes dados \u00e9 proposital, porque a aus\u00eancia destes impossibilita a constru\u00e7\u00e3o de pol\u00edticas p\u00fabicas e a [sua] execu\u00e7\u00e3o&#8230; Dentro das pol\u00edticas p\u00fablicas [para a popula\u00e7\u00e3o carcer\u00e1ria] j\u00e1 existentes, a invisibilidade \u00e9 maior ainda quando se \u00e9 l\u00e9sbica, negra e moradora de favela&#8221;, e para finalizar a roda de conversa Michele concluiu que &#8220;dado ao fato que a <a href=\"http:\/\/bit.ly\/2K4oKp8\" target=\"_blank\" rel=\"noopener noreferrer\">necropol\u00edtica<\/a> tem funcionado muito bem, e n\u00e3o \u00e9 de hoje&#8230; matar LGBTs virou algo banal, uma vez que o Brasil \u00e9 [l\u00edder no] <a href=\"http:\/\/bit.ly\/2ImlzXV\" target=\"_blank\" rel=\"noopener noreferrer\">ranking de morte<\/a> [desta popula\u00e7\u00e3o]\u201d.<\/span><\/p>\n<p><em>Este \u00e9 a primeiro mat\u00e9ria de uma s\u00e9rie de duas partes sobre o IV Julho Negro. Para a parte 2, clique <a href=\"http:\/\/bit.ly\/2Yx7sor\" target=\"_blank\" rel=\"noopener noreferrer\">aqui<\/a>.<\/em><\/p>\n<p><em>Carla Souza \u00e9 pedagoga por forma\u00e7\u00e3o e professora de educa\u00e7\u00e3o infantil apaixonada pela profiss\u00e3o. Cria da\u00a0<a href=\"http:\/\/bit.ly\/16w2zz1\" target=\"_blank\" rel=\"noopener noreferrer\">Rocinha<\/a>, entende sua exist\u00eancia em ser negra e favelada, como um foco de luta e de resist\u00eancia no mundo.<\/em><\/p>\n<!-- AddThis Advanced Settings generic via filter on the_content --><!-- AddThis Share Buttons generic via filter on the_content -->","protected":false},"excerpt":{"rendered":"<div class=\"mh-excerpt\"><p>Click Here for English Esta \u00e9 a primeira de duas mat\u00e9rias sobre o Julho Negro, este ano em sua 4\u00aa edi\u00e7\u00e3o. Esta s\u00e9rie foca nas tr\u00eas mesas de debate do segundo dia do evento de <a class=\"mh-excerpt-more\" href=\"https:\/\/rioonwatch.org.br\/?p=42121\" title=\"IV Julho Negro: Favelas na Luta, Parte 1\u2014LGTfobia e Resist\u00eancia Favelada\">[&#8230;]<\/a><!-- AddThis Advanced Settings generic via filter on get_the_excerpt --><!-- AddThis Share Buttons generic via filter on get_the_excerpt --><\/p>\n<\/div>","protected":false},"author":129,"featured_media":42170,"comment_status":"closed","ping_status":"closed","sticky":false,"template":"","format":"standard","meta":{"_acf_changed":false,"_monsterinsights_skip_tracking":false,"_monsterinsights_sitenote_active":false,"_monsterinsights_sitenote_note":"","_monsterinsights_sitenote_category":0,"footnotes":""},"categories":[1621,1627,1615,1625,1612],"tags":[3253,334,2633,1579,2672,759,332,217,513,922,2146,1936,1398,636,1560,1304,1106,2561,961,432,2539,2671,2600,2193,2670,1081],"writer":[2311],"translator":[],"source":[],"ilustrador":[],"fotografo":[],"class_list":{"0":"post-42121","1":"post","2":"type-post","3":"status-publish","4":"format-standard","5":"has-post-thumbnail","7":"category-destaque","8":"category-relato-de-evento","9":"category-cultura-da-favela","10":"category-por-correspondentes-comunitarios","11":"category-sociedade-civil","12":"tag-antirracismo","13":"tag-arte","14":"tag-auto-gestao","15":"tag-belford-roxo","16":"tag-chile","17":"tag-comparacao-internacional","18":"tag-complexo-da-mare","19":"tag-complexo-do-alemao","20":"tag-cultura-afro-brasileira","21":"tag-evento","22":"tag-fiocruz","23":"tag-julho-negro","24":"tag-lgbt","25":"tag-manguinhos","26":"tag-mexico","27":"tag-organizacao-criativa","28":"tag-museu-da-mare","29":"tag-necropolitica","30":"tag-nova-iguacu","31":"tag-resistencia","32":"tag-sentimento-de-pertencimento","33":"tag-slam","34":"tag-solidariedade-internacional","35":"tag-ufrj","36":"tag-venezuela","37":"tag-vila-do-joao","38":"writer-carla-souza"},"acf":[],"yoast_head":"<!-- This site is optimized with the Yoast SEO plugin v25.6 - https:\/\/yoast.com\/wordpress\/plugins\/seo\/ -->\n<title>IV Julho Negro: Favelas na Luta, Parte 1\u2014LGTfobia e Resist\u00eancia Favelada - RioOnWatch<\/title>\n<meta name=\"robots\" content=\"index, follow, max-snippet:-1, max-image-preview:large, max-video-preview:-1\" \/>\n<link rel=\"canonical\" href=\"https:\/\/rioonwatch.org.br\/?p=42121\" \/>\n<meta property=\"og:locale\" content=\"pt_BR\" \/>\n<meta property=\"og:type\" content=\"article\" \/>\n<meta property=\"og:title\" content=\"IV Julho Negro: Favelas na Luta, Parte 1\u2014LGTfobia e Resist\u00eancia Favelada - RioOnWatch\" \/>\n<meta property=\"og:description\" content=\"Click Here for English Esta \u00e9 a primeira de duas mat\u00e9rias sobre o Julho Negro, este ano em sua 4\u00aa edi\u00e7\u00e3o. Esta s\u00e9rie foca nas tr\u00eas mesas de debate do segundo dia do evento de [...]\" \/>\n<meta property=\"og:url\" content=\"https:\/\/rioonwatch.org.br\/?p=42121\" \/>\n<meta property=\"og:site_name\" content=\"RioOnWatch\" \/>\n<meta property=\"article:published_time\" content=\"2019-07-31T12:46:55+00:00\" \/>\n<meta property=\"article:modified_time\" content=\"2024-05-24T15:37:06+00:00\" \/>\n<meta property=\"og:image\" content=\"https:\/\/rioonwatch.org.br\/wp-content\/uploads\/2019\/07\/4a-Edi\u00e7\u00e3o-do-Julho-Negro2.jpg\" \/>\n\t<meta property=\"og:image:width\" content=\"2008\" \/>\n\t<meta property=\"og:image:height\" content=\"1180\" \/>\n\t<meta property=\"og:image:type\" content=\"image\/jpeg\" \/>\n<meta name=\"author\" content=\"Admin\" \/>\n<meta name=\"twitter:card\" content=\"summary_large_image\" \/>\n<meta name=\"twitter:label1\" content=\"Escrito por\" \/>\n\t<meta name=\"twitter:data1\" content=\"Admin\" \/>\n\t<meta name=\"twitter:label2\" content=\"Est. tempo de leitura\" \/>\n\t<meta name=\"twitter:data2\" content=\"7 minutos\" \/>\n<script type=\"application\/ld+json\" class=\"yoast-schema-graph\">{\"@context\":\"https:\/\/schema.org\",\"@graph\":[{\"@type\":\"Article\",\"@id\":\"https:\/\/rioonwatch.org.br\/?p=42121#article\",\"isPartOf\":{\"@id\":\"https:\/\/rioonwatch.org.br\/?p=42121\"},\"author\":{\"name\":\"Admin\",\"@id\":\"https:\/\/rioonwatch.org.br\/#\/schema\/person\/11d64c290506f9df50c71b850c473f68\"},\"headline\":\"IV Julho Negro: Favelas na Luta, Parte 1\u2014LGTfobia e Resist\u00eancia Favelada\",\"datePublished\":\"2019-07-31T12:46:55+00:00\",\"dateModified\":\"2024-05-24T15:37:06+00:00\",\"mainEntityOfPage\":{\"@id\":\"https:\/\/rioonwatch.org.br\/?p=42121\"},\"wordCount\":1356,\"publisher\":{\"@id\":\"https:\/\/rioonwatch.org.br\/#organization\"},\"image\":{\"@id\":\"https:\/\/rioonwatch.org.br\/?p=42121#primaryimage\"},\"thumbnailUrl\":\"https:\/\/rioonwatch.org.br\/wp-content\/uploads\/2019\/07\/4a-Edi\u00e7\u00e3o-do-Julho-Negro2.jpg\",\"keywords\":[\"Antirracismo\",\"arte\",\"autogest\u00e3o\",\"Belford Roxo\",\"Chile\",\"compara\u00e7\u00e3o internacional\",\"Complexo da Mar\u00e9\",\"Complexo do Alem\u00e3o\",\"Cultura Afro-brasileira\",\"evento\",\"Fiocruz\",\"Julho Negro\",\"LGBTQIAPN+\",\"Manguinhos\",\"M\u00e9xico\",\"mobiliza\u00e7\u00e3o criativa\",\"Museu da Mar\u00e9\",\"necropol\u00edtica\",\"Nova Igua\u00e7u\",\"resist\u00eancia\",\"sentimento de pertencimento\",\"slam\",\"solidariedade internacional\",\"UFRJ\",\"Venezuela\",\"Vila do Jo\u00e3o\"],\"articleSection\":[\"*Destaque\",\"Cobertura de Eventos\",\"Cultura da Favela\",\"Escrito por Comunicadores Populares\",\"Sociedade Civil\"],\"inLanguage\":\"pt-BR\"},{\"@type\":\"WebPage\",\"@id\":\"https:\/\/rioonwatch.org.br\/?p=42121\",\"url\":\"https:\/\/rioonwatch.org.br\/?p=42121\",\"name\":\"IV Julho Negro: Favelas na Luta, Parte 1\u2014LGTfobia e Resist\u00eancia Favelada - RioOnWatch\",\"isPartOf\":{\"@id\":\"https:\/\/rioonwatch.org.br\/#website\"},\"primaryImageOfPage\":{\"@id\":\"https:\/\/rioonwatch.org.br\/?p=42121#primaryimage\"},\"image\":{\"@id\":\"https:\/\/rioonwatch.org.br\/?p=42121#primaryimage\"},\"thumbnailUrl\":\"https:\/\/rioonwatch.org.br\/wp-content\/uploads\/2019\/07\/4a-Edi\u00e7\u00e3o-do-Julho-Negro2.jpg\",\"datePublished\":\"2019-07-31T12:46:55+00:00\",\"dateModified\":\"2024-05-24T15:37:06+00:00\",\"breadcrumb\":{\"@id\":\"https:\/\/rioonwatch.org.br\/?p=42121#breadcrumb\"},\"inLanguage\":\"pt-BR\",\"potentialAction\":[{\"@type\":\"ReadAction\",\"target\":[\"https:\/\/rioonwatch.org.br\/?p=42121\"]}]},{\"@type\":\"ImageObject\",\"inLanguage\":\"pt-BR\",\"@id\":\"https:\/\/rioonwatch.org.br\/?p=42121#primaryimage\",\"url\":\"https:\/\/rioonwatch.org.br\/wp-content\/uploads\/2019\/07\/4a-Edi\u00e7\u00e3o-do-Julho-Negro2.jpg\",\"contentUrl\":\"https:\/\/rioonwatch.org.br\/wp-content\/uploads\/2019\/07\/4a-Edi\u00e7\u00e3o-do-Julho-Negro2.jpg\",\"width\":2008,\"height\":1180},{\"@type\":\"BreadcrumbList\",\"@id\":\"https:\/\/rioonwatch.org.br\/?p=42121#breadcrumb\",\"itemListElement\":[{\"@type\":\"ListItem\",\"position\":1,\"name\":\"In\u00edcio\",\"item\":\"https:\/\/rioonwatch.org.br\/\"},{\"@type\":\"ListItem\",\"position\":2,\"name\":\"IV Julho Negro: Favelas na Luta, Parte 1\u2014LGTfobia e Resist\u00eancia Favelada\"}]},{\"@type\":\"WebSite\",\"@id\":\"https:\/\/rioonwatch.org.br\/#website\",\"url\":\"https:\/\/rioonwatch.org.br\/\",\"name\":\"RioOnWatch\",\"description\":\"relatos das favelas cariocas\",\"publisher\":{\"@id\":\"https:\/\/rioonwatch.org.br\/#organization\"},\"potentialAction\":[{\"@type\":\"SearchAction\",\"target\":{\"@type\":\"EntryPoint\",\"urlTemplate\":\"https:\/\/rioonwatch.org.br\/?s={search_term_string}\"},\"query-input\":{\"@type\":\"PropertyValueSpecification\",\"valueRequired\":true,\"valueName\":\"search_term_string\"}}],\"inLanguage\":\"pt-BR\"},{\"@type\":\"Organization\",\"@id\":\"https:\/\/rioonwatch.org.br\/#organization\",\"name\":\"RioOnWatch\",\"url\":\"https:\/\/rioonwatch.org.br\/\",\"logo\":{\"@type\":\"ImageObject\",\"inLanguage\":\"pt-BR\",\"@id\":\"https:\/\/rioonwatch.org.br\/#\/schema\/logo\/image\/\",\"url\":\"https:\/\/rioonwatch.org.br\/wp-content\/uploads\/2021\/06\/RioOnWatchcabecalhoPT11anos-2.png\",\"contentUrl\":\"https:\/\/rioonwatch.org.br\/wp-content\/uploads\/2021\/06\/RioOnWatchcabecalhoPT11anos-2.png\",\"width\":779,\"height\":277,\"caption\":\"RioOnWatch\"},\"image\":{\"@id\":\"https:\/\/rioonwatch.org.br\/#\/schema\/logo\/image\/\"}},{\"@type\":\"Person\",\"@id\":\"https:\/\/rioonwatch.org.br\/#\/schema\/person\/11d64c290506f9df50c71b850c473f68\",\"name\":\"Admin\",\"image\":{\"@type\":\"ImageObject\",\"inLanguage\":\"pt-BR\",\"@id\":\"https:\/\/rioonwatch.org.br\/#\/schema\/person\/image\/\",\"url\":\"https:\/\/secure.gravatar.com\/avatar\/56211ac74568383903349a1485e3c325?s=96&d=blank&r=g\",\"contentUrl\":\"https:\/\/secure.gravatar.com\/avatar\/56211ac74568383903349a1485e3c325?s=96&d=blank&r=g\",\"caption\":\"Admin\"},\"url\":\"https:\/\/rioonwatch.org.br\/?author=129\"}]}<\/script>\n<!-- \/ Yoast SEO plugin. -->","yoast_head_json":{"title":"IV Julho Negro: Favelas na Luta, Parte 1\u2014LGTfobia e Resist\u00eancia Favelada - RioOnWatch","robots":{"index":"index","follow":"follow","max-snippet":"max-snippet:-1","max-image-preview":"max-image-preview:large","max-video-preview":"max-video-preview:-1"},"canonical":"https:\/\/rioonwatch.org.br\/?p=42121","og_locale":"pt_BR","og_type":"article","og_title":"IV Julho Negro: Favelas na Luta, Parte 1\u2014LGTfobia e Resist\u00eancia Favelada - RioOnWatch","og_description":"Click Here for English Esta \u00e9 a primeira de duas mat\u00e9rias sobre o Julho Negro, este ano em sua 4\u00aa edi\u00e7\u00e3o. Esta s\u00e9rie foca nas tr\u00eas mesas de debate do segundo dia do evento de [...]","og_url":"https:\/\/rioonwatch.org.br\/?p=42121","og_site_name":"RioOnWatch","article_published_time":"2019-07-31T12:46:55+00:00","article_modified_time":"2024-05-24T15:37:06+00:00","og_image":[{"width":2008,"height":1180,"url":"https:\/\/rioonwatch.org.br\/wp-content\/uploads\/2019\/07\/4a-Edi\u00e7\u00e3o-do-Julho-Negro2.jpg","type":"image\/jpeg"}],"author":"Admin","twitter_card":"summary_large_image","twitter_misc":{"Escrito por":"Admin","Est. tempo de leitura":"7 minutos"},"schema":{"@context":"https:\/\/schema.org","@graph":[{"@type":"Article","@id":"https:\/\/rioonwatch.org.br\/?p=42121#article","isPartOf":{"@id":"https:\/\/rioonwatch.org.br\/?p=42121"},"author":{"name":"Admin","@id":"https:\/\/rioonwatch.org.br\/#\/schema\/person\/11d64c290506f9df50c71b850c473f68"},"headline":"IV Julho Negro: Favelas na Luta, Parte 1\u2014LGTfobia e Resist\u00eancia Favelada","datePublished":"2019-07-31T12:46:55+00:00","dateModified":"2024-05-24T15:37:06+00:00","mainEntityOfPage":{"@id":"https:\/\/rioonwatch.org.br\/?p=42121"},"wordCount":1356,"publisher":{"@id":"https:\/\/rioonwatch.org.br\/#organization"},"image":{"@id":"https:\/\/rioonwatch.org.br\/?p=42121#primaryimage"},"thumbnailUrl":"https:\/\/rioonwatch.org.br\/wp-content\/uploads\/2019\/07\/4a-Edi\u00e7\u00e3o-do-Julho-Negro2.jpg","keywords":["Antirracismo","arte","autogest\u00e3o","Belford Roxo","Chile","compara\u00e7\u00e3o internacional","Complexo da Mar\u00e9","Complexo do Alem\u00e3o","Cultura Afro-brasileira","evento","Fiocruz","Julho Negro","LGBTQIAPN+","Manguinhos","M\u00e9xico","mobiliza\u00e7\u00e3o criativa","Museu da Mar\u00e9","necropol\u00edtica","Nova Igua\u00e7u","resist\u00eancia","sentimento de pertencimento","slam","solidariedade internacional","UFRJ","Venezuela","Vila do Jo\u00e3o"],"articleSection":["*Destaque","Cobertura de Eventos","Cultura da Favela","Escrito por Comunicadores Populares","Sociedade Civil"],"inLanguage":"pt-BR"},{"@type":"WebPage","@id":"https:\/\/rioonwatch.org.br\/?p=42121","url":"https:\/\/rioonwatch.org.br\/?p=42121","name":"IV Julho Negro: Favelas na Luta, Parte 1\u2014LGTfobia e Resist\u00eancia Favelada - RioOnWatch","isPartOf":{"@id":"https:\/\/rioonwatch.org.br\/#website"},"primaryImageOfPage":{"@id":"https:\/\/rioonwatch.org.br\/?p=42121#primaryimage"},"image":{"@id":"https:\/\/rioonwatch.org.br\/?p=42121#primaryimage"},"thumbnailUrl":"https:\/\/rioonwatch.org.br\/wp-content\/uploads\/2019\/07\/4a-Edi\u00e7\u00e3o-do-Julho-Negro2.jpg","datePublished":"2019-07-31T12:46:55+00:00","dateModified":"2024-05-24T15:37:06+00:00","breadcrumb":{"@id":"https:\/\/rioonwatch.org.br\/?p=42121#breadcrumb"},"inLanguage":"pt-BR","potentialAction":[{"@type":"ReadAction","target":["https:\/\/rioonwatch.org.br\/?p=42121"]}]},{"@type":"ImageObject","inLanguage":"pt-BR","@id":"https:\/\/rioonwatch.org.br\/?p=42121#primaryimage","url":"https:\/\/rioonwatch.org.br\/wp-content\/uploads\/2019\/07\/4a-Edi\u00e7\u00e3o-do-Julho-Negro2.jpg","contentUrl":"https:\/\/rioonwatch.org.br\/wp-content\/uploads\/2019\/07\/4a-Edi\u00e7\u00e3o-do-Julho-Negro2.jpg","width":2008,"height":1180},{"@type":"BreadcrumbList","@id":"https:\/\/rioonwatch.org.br\/?p=42121#breadcrumb","itemListElement":[{"@type":"ListItem","position":1,"name":"In\u00edcio","item":"https:\/\/rioonwatch.org.br\/"},{"@type":"ListItem","position":2,"name":"IV Julho Negro: Favelas na Luta, Parte 1\u2014LGTfobia e Resist\u00eancia Favelada"}]},{"@type":"WebSite","@id":"https:\/\/rioonwatch.org.br\/#website","url":"https:\/\/rioonwatch.org.br\/","name":"RioOnWatch","description":"relatos das favelas cariocas","publisher":{"@id":"https:\/\/rioonwatch.org.br\/#organization"},"potentialAction":[{"@type":"SearchAction","target":{"@type":"EntryPoint","urlTemplate":"https:\/\/rioonwatch.org.br\/?s={search_term_string}"},"query-input":{"@type":"PropertyValueSpecification","valueRequired":true,"valueName":"search_term_string"}}],"inLanguage":"pt-BR"},{"@type":"Organization","@id":"https:\/\/rioonwatch.org.br\/#organization","name":"RioOnWatch","url":"https:\/\/rioonwatch.org.br\/","logo":{"@type":"ImageObject","inLanguage":"pt-BR","@id":"https:\/\/rioonwatch.org.br\/#\/schema\/logo\/image\/","url":"https:\/\/rioonwatch.org.br\/wp-content\/uploads\/2021\/06\/RioOnWatchcabecalhoPT11anos-2.png","contentUrl":"https:\/\/rioonwatch.org.br\/wp-content\/uploads\/2021\/06\/RioOnWatchcabecalhoPT11anos-2.png","width":779,"height":277,"caption":"RioOnWatch"},"image":{"@id":"https:\/\/rioonwatch.org.br\/#\/schema\/logo\/image\/"}},{"@type":"Person","@id":"https:\/\/rioonwatch.org.br\/#\/schema\/person\/11d64c290506f9df50c71b850c473f68","name":"Admin","image":{"@type":"ImageObject","inLanguage":"pt-BR","@id":"https:\/\/rioonwatch.org.br\/#\/schema\/person\/image\/","url":"https:\/\/secure.gravatar.com\/avatar\/56211ac74568383903349a1485e3c325?s=96&d=blank&r=g","contentUrl":"https:\/\/secure.gravatar.com\/avatar\/56211ac74568383903349a1485e3c325?s=96&d=blank&r=g","caption":"Admin"},"url":"https:\/\/rioonwatch.org.br\/?author=129"}]}},"_links":{"self":[{"href":"https:\/\/rioonwatch.org.br\/index.php?rest_route=\/wp\/v2\/posts\/42121"}],"collection":[{"href":"https:\/\/rioonwatch.org.br\/index.php?rest_route=\/wp\/v2\/posts"}],"about":[{"href":"https:\/\/rioonwatch.org.br\/index.php?rest_route=\/wp\/v2\/types\/post"}],"author":[{"embeddable":true,"href":"https:\/\/rioonwatch.org.br\/index.php?rest_route=\/wp\/v2\/users\/129"}],"replies":[{"embeddable":true,"href":"https:\/\/rioonwatch.org.br\/index.php?rest_route=%2Fwp%2Fv2%2Fcomments&post=42121"}],"version-history":[{"count":68,"href":"https:\/\/rioonwatch.org.br\/index.php?rest_route=\/wp\/v2\/posts\/42121\/revisions"}],"predecessor-version":[{"id":42416,"href":"https:\/\/rioonwatch.org.br\/index.php?rest_route=\/wp\/v2\/posts\/42121\/revisions\/42416"}],"wp:featuredmedia":[{"embeddable":true,"href":"https:\/\/rioonwatch.org.br\/index.php?rest_route=\/wp\/v2\/media\/42170"}],"wp:attachment":[{"href":"https:\/\/rioonwatch.org.br\/index.php?rest_route=%2Fwp%2Fv2%2Fmedia&parent=42121"}],"wp:term":[{"taxonomy":"category","embeddable":true,"href":"https:\/\/rioonwatch.org.br\/index.php?rest_route=%2Fwp%2Fv2%2Fcategories&post=42121"},{"taxonomy":"post_tag","embeddable":true,"href":"https:\/\/rioonwatch.org.br\/index.php?rest_route=%2Fwp%2Fv2%2Ftags&post=42121"},{"taxonomy":"writer","embeddable":true,"href":"https:\/\/rioonwatch.org.br\/index.php?rest_route=%2Fwp%2Fv2%2Fwriter&post=42121"},{"taxonomy":"translator","embeddable":true,"href":"https:\/\/rioonwatch.org.br\/index.php?rest_route=%2Fwp%2Fv2%2Ftranslator&post=42121"},{"taxonomy":"source","embeddable":true,"href":"https:\/\/rioonwatch.org.br\/index.php?rest_route=%2Fwp%2Fv2%2Fsource&post=42121"},{"taxonomy":"ilustrador","embeddable":true,"href":"https:\/\/rioonwatch.org.br\/index.php?rest_route=%2Fwp%2Fv2%2Filustrador&post=42121"},{"taxonomy":"fotografo","embeddable":true,"href":"https:\/\/rioonwatch.org.br\/index.php?rest_route=%2Fwp%2Fv2%2Ffotografo&post=42121"}],"curies":[{"name":"wp","href":"https:\/\/api.w.org\/{rel}","templated":true}]}}