{"id":42429,"date":"2019-08-20T08:39:00","date_gmt":"2019-08-20T11:39:00","guid":{"rendered":"https:\/\/rioonwatch.org.br\/?p=42429"},"modified":"2026-04-27T05:27:21","modified_gmt":"2026-04-27T08:27:21","slug":"mulheres-de-atitude-e-compromisso-social-da-baixada-redefavelasustentavel-perfil","status":"publish","type":"post","link":"https:\/\/rioonwatch.org.br\/?p=42429","title":{"rendered":"Mulheres de Atitude e Compromisso Social da Baixada #RedeFavelaSustent\u00e1vel [PERFIL]"},"content":{"rendered":"<p style=\"text-align: right;\"><em><strong><a href=\"http:\/\/bit.ly\/2HU5KZh\" target=\"_blank\" rel=\"noopener noreferrer\">Click Here for English<\/a><a href=\"http:\/\/bit.ly\/2HU5KZh\" target=\"_blank\" rel=\"noopener noreferrer\"><img decoding=\"async\" width=\"20\" height=\"20\" class=\"alignright wp-image-15790\" src=\"http:\/\/rioonwatch.org.br\/wp-content\/uploads\/2012\/08\/EN-standard-e1439583104716.jpg\" \/><\/a><\/strong><\/em><\/p>\n<blockquote><p><span style=\"text-decoration: underline;\"><strong>Iniciativa<\/strong><\/span>: Associa\u00e7\u00e3o de Mulheres de Atitude e Compromisso Social (AMAC)<br \/>\n<span style=\"text-decoration: underline;\"><b>Contato<\/b><\/span>: <a href=\"https:\/\/www.atitudeamac.org.br\/\" target=\"_blank\" rel=\"noopener\">Site<\/a> | <a href=\"https:\/\/www.facebook.com\/AmacAtitudes\/\" target=\"_blank\" rel=\"noopener noreferrer\">Facebook<\/a>\u00a0|\u00a0<a href=\"http:\/\/bit.ly\/2SPIejm\" target=\"_blank\" rel=\"noopener noreferrer\">Twitter<\/a>\u00a0|\u00a0<a href=\"mailto:amac@favelasustentavel.org\" target=\"_blank\" rel=\"noopener noreferrer\">Email<\/a><br \/>\n<span style=\"text-decoration: underline;\"><b>Ano de Funda\u00e7\u00e3o<\/b><\/span>: 2012<br \/>\n<span style=\"text-decoration: underline;\"><b>Comunidade<\/b><\/span>: S\u00e3o Bento, Duque de Caxias (Baixada Fluminense)<br \/>\n<span style=\"text-decoration: underline;\"><b>Miss\u00e3o<\/b><\/span>: Empoderar mulheres, especialmente aquelas que s\u00e3o v\u00edtimas de viol\u00eancia dom\u00e9stica, e educar pessoas sobre como lutar contra as disparidades de g\u00eanero.<br \/>\n<span style=\"text-decoration: underline;\"><b>Eventos P\u00fablicos<\/b><\/span>: AMAC organiza doa\u00e7\u00f5es de comida e roupas, uma caminhada e corrida anual pela conscientiza\u00e7\u00e3o do c\u00e2ncer de mama, e mesas redondas, oficinas e palestras sobre quest\u00f5es femininas. Os eventos podem ser encontrados na <a href=\"http:\/\/bit.ly\/2STPQ4n\" target=\"_blank\" rel=\"noopener noreferrer\">p\u00e1gina do Facebook da AMAC<\/a>.<\/p><\/blockquote>\n<p>Em um pa\u00eds com <a href=\"https:\/\/bbc.in\/2YJW7l1\" target=\"_blank\" rel=\"noopener noreferrer\">alt\u00edssimos \u00edndices de feminic\u00eddio e ass\u00e9dio sexual<\/a>, a <a href=\"http:\/\/bit.ly\/2EF7aoE\" target=\"_blank\" rel=\"noopener noreferrer\">Baixada Fluminense<\/a> lidera o estado do Rio de Janeiro em <a href=\"http:\/\/bit.ly\/2ALQcmy\" target=\"_blank\" rel=\"noopener noreferrer\">casos de viol\u00eancia contra a mulher<\/a>. Durante anos, as autoridades brasileiras tentaram abordar a viol\u00eancia baseada no g\u00eanero\u2014que est\u00e1 <a href=\"http:\/\/bit.ly\/2YGzzWA\" target=\"_blank\" rel=\"noopener noreferrer\">intimamente ligada \u00e0 ra\u00e7a, classe<\/a> e <a href=\"http:\/\/bit.ly\/SerieMulherXRemocao\" target=\"_blank\" rel=\"noopener noreferrer\">localiza\u00e7\u00e3o<\/a>\u2014por meio de leis criminais e pol\u00edticas de prote\u00e7\u00e3o mais severas, com pouco resultado.<\/p>\n<p>Destemida neste cen\u00e1rio aparentemente desanimador, a <a href=\"http:\/\/bit.ly\/2A6BjLw\" target=\"_blank\" rel=\"noopener noreferrer\">Associa\u00e7\u00e3o de Mulheres de Atitude e Compromisso Social<\/a> (AMAC) continua a fortalecer sua luta em favor das mulheres locais, especialmente \u00e0quelas que foram v\u00edtimas de viol\u00eancia dom\u00e9stica. A AMAC \u00e9 respons\u00e1vel por muitas atividades e movimentos em <a href=\"http:\/\/bit.ly\/2LuXpiH\" target=\"_blank\" rel=\"noopener noreferrer\">Duque de Caxias<\/a>, que visam capacitar as mulheres e educar as comunidades sobre os direitos e quest\u00f5es das mulheres. Com uma variedade de abordagens e origens, as mulheres que comandam essa ONG comunit\u00e1ria mant\u00eam um senso de otimismo e progresso em sua comunidade.<\/p>\n<h3>Funda\u00e7\u00e3o e Hist\u00f3ria<\/h3>\n<blockquote><p>\u201cEu fui v\u00edtima de viol\u00eancia dom\u00e9stica dentro do meu casamento. Eu fiquei casada dez anos e separei em 2007. Quebrei o ciclo da viol\u00eancia.\u201d\u2014Nill Santos, fundadora e coordenadora da AMAC.<\/p><\/blockquote>\n<p><a href=\"https:\/\/rioonwatch.org.br\/wp-content\/uploads\/2019\/08\/Nill-Santos.jpeg\"><img fetchpriority=\"high\" decoding=\"async\" class=\"aligncenter wp-image-42436 size-content\" title=\"Nill Santos (esquerda), fundadora da AMAC. Foto: Breno Assis\/Atados\" src=\"https:\/\/rioonwatch.org.br\/wp-content\/uploads\/2019\/08\/Nill-Santos-620x264.jpeg\" alt=\"\" width=\"620\" height=\"264\" srcset=\"https:\/\/rioonwatch.org.br\/wp-content\/uploads\/2019\/08\/Nill-Santos-620x264.jpeg 620w, https:\/\/rioonwatch.org.br\/wp-content\/uploads\/2019\/08\/Nill-Santos-940x400.jpeg 940w\" sizes=\"(max-width: 620px) 100vw, 620px\" \/><\/a><\/p>\n<p>Nilcimar \u201cNill\u201d Maria Santos, 47, \u00e9 motivada a promover a miss\u00e3o da AMAC por sua pr\u00f3pria experi\u00eancia como v\u00edtima de viol\u00eancia dom\u00e9stica a longo prazo nas m\u00e3os de seu marido. Ela explica que a viol\u00eancia come\u00e7ou como f\u00edsica, mas se transformou em dano psicol\u00f3gico tamb\u00e9m\u2014o que, ela diz, ter sido ainda pior.<\/p>\n<p>Ao longo do tempo, explica Nill, a discuss\u00e3o em torno do que constitui a viol\u00eancia contra as mulheres tornou-se <a href=\"https:\/\/bit.ly\/2NpzpNI\" target=\"_blank\" rel=\"noopener noreferrer\">mais sutil e extensa<\/a>: \u201cAntigamente, n\u00e3o t\u00ednhamos tanta informa\u00e7\u00e3o [sobre esse fen\u00f4meno] como hoje. Por exemplo, quando me separei do meu marido em 2007, [a viol\u00eancia dom\u00e9stica] era pouco divulgada; poucas pessoas sabiam\u201d. Al\u00e9m disso, diz Nill, estamos come\u00e7ando a reconhecer socialmente que a viol\u00eancia e a intimida\u00e7\u00e3o sexual podem ocorrer no casamento. No entanto, existem segmentos da sociedade que est\u00e3o atrasados na compreens\u00e3o da viol\u00eancia motivada por g\u00eanero, incluindo alguns <a href=\"http:\/\/bit.ly\/31DWQqF\" target=\"_blank\" rel=\"noopener noreferrer\">homens<\/a> e <a href=\"http:\/\/bit.ly\/2YNS6MC\" target=\"_blank\" rel=\"noopener noreferrer\">mulheres idosas<\/a>.<\/p>\n<p>Como \u00e9 o caso de muitas mulheres que deixam relacionamentos t\u00f3xicos, Nill se viu deprimida e sem trabalho logo ap\u00f3s deixar o marido: \u201c<span style=\"font-weight: 400;\">Eu n\u00e3o tinha mais nenhuma forma de me sustentar, fiquei desempregada<\/span>\u201d. Navegar neste per\u00edodo de instabilidade emocional e econ\u00f4mica \u00e9 especialmente importante para enfrentar o v\u00f3rtice vicioso de abuso em que muitas mulheres se encontram.<\/p>\n<p>Assim, o empoderamento financeiro das mulheres por meio do empreendedorismo e das oportunidades de emprego \u00e9 uma das principais iniciativas empreendidas pela AMAC: \u201cA grande dificuldade delas [para as mulheres com quem trabalhamos] \u00e9 financeira. Com recursos, elas conseguem fazer os trabalhos e vendem [seus produtos]\u2026\u201d explicam as volunt\u00e1rias Simone Souza Martins, Cl\u00e1udia Helena Machado da Matta e Cristiana Antunes.<\/p>\n<p>Nill decidiu fundar a AMAC ap\u00f3s sua experi\u00eancia ao iniciar um clube de futebol em sua comunidade, que foi evoluindo ao longo do ano de 2011, quando come\u00e7ou a incorporar mesas redondas e f\u00f3runs nos quais compartilhava sua hist\u00f3ria com outras pessoas. Ela diz: \u201cO projeto durou um ano com rodas de conversas. Quando falei a minha hist\u00f3ria, outras mulheres compartilharam suas hist\u00f3rias com a gente, e entenderam que suas experi\u00eancias eram de viol\u00eancia dom\u00e9stica\u201d. Nill manteve contato com algumas das mulheres envolvidas nessas reuni\u00f5es iniciais e construiu o que finalmente se tornaria a ONG conhecida como AMAC.<\/p>\n<h3>Atividades e Ativismo<\/h3>\n<p>Embora a organiza\u00e7\u00e3o tenha menos de uma d\u00e9cada de exist\u00eancia, ela j\u00e1 acumulou uma <a href=\"https:\/\/bit.ly\/2RqliGv\" target=\"_blank\" rel=\"noopener noreferrer\">s\u00e9rie de elogios locais<\/a> e ampla aten\u00e7\u00e3o em toda a regi\u00e3o por sua abordagem multifacetada para reduzir a viol\u00eancia e capacitar as mulheres a serem independentes e seguras. Em graus variados, a organiza\u00e7\u00e3o ajuda as mulheres a acessar <a href=\"https:\/\/bit.ly\/2zABQoz\" target=\"_blank\" rel=\"noopener noreferrer\">cursos, discuss\u00f5es, assessoria jur\u00eddica, exames m\u00e9dicos de rotina e exames ginecol\u00f3gicos<\/a>. \u201cA gente realiza uma roda por m\u00eas em cada munic\u00edpio ou bairro em que operamos. J\u00e1 temos cinco planejados [no pr\u00f3ximo m\u00eas] \u201d, dizem as mulheres. Os eventos apresentados pela organiza\u00e7\u00e3o s\u00e3o acompanhados por um grupo diversificado de membros da comunidade, com t\u00f3picos que v\u00e3o desde os efeitos psicol\u00f3gicos da viol\u00eancia at\u00e9 o impacto sobre as crian\u00e7as.<\/p>\n<p><a href=\"https:\/\/rioonwatch.org.br\/wp-content\/uploads\/2019\/08\/AMAC-Grupo.jpeg\"><img decoding=\"async\" class=\"aligncenter wp-image-42435 size-medium\" title=\"Foto: Breno Assis\/Atados\" src=\"https:\/\/rioonwatch.org.br\/wp-content\/uploads\/2019\/08\/AMAC-Grupo-620x413.jpeg\" alt=\"\" width=\"620\" height=\"413\" srcset=\"https:\/\/rioonwatch.org.br\/wp-content\/uploads\/2019\/08\/AMAC-Grupo-620x413.jpeg 620w, https:\/\/rioonwatch.org.br\/wp-content\/uploads\/2019\/08\/AMAC-Grupo-396x264.jpeg 396w, https:\/\/rioonwatch.org.br\/wp-content\/uploads\/2019\/08\/AMAC-Grupo-768x512.jpeg 768w, https:\/\/rioonwatch.org.br\/wp-content\/uploads\/2019\/08\/AMAC-Grupo-1024x683.jpeg 1024w, https:\/\/rioonwatch.org.br\/wp-content\/uploads\/2019\/08\/AMAC-Grupo.jpeg 1200w\" sizes=\"(max-width: 620px) 100vw, 620px\" \/><\/a><\/p>\n<p>\u201cA gente come\u00e7ou em 2012. Em 2014, a gente se legalizou, e em 2015 ganhamos nosso primeiro pr\u00eamio\u2014o <a href=\"http:\/\/bit.ly\/2SW8gRN\" target=\"_blank\" rel=\"noopener noreferrer\">Pr\u00eamio Acolher Natura<\/a>\u00a0[um pr\u00eamio concedido a l\u00edderes de projetos de impacto social]. Em 2014, conduzimos nossa primeira caminhada [de conscientiza\u00e7\u00e3o sobre o c\u00e2ncer de mama], colocamos 740 mulheres na rua. [Antes disso] em 2013, a gente fez um tributo \u00e0 <a href=\"http:\/\/bit.ly\/1LIqBFM\" target=\"_blank\" rel=\"noopener noreferrer\">Carolina Maria de Jesus<\/a>&#8220;.<\/p>\n<p>Em grande parte, o sucesso da AMAC decorre do poder ou lideran\u00e7a e forma\u00e7\u00e3o de Nill. Nill diz: &#8220;Minha dor \u00e9 um rem\u00e9dio para elas [outras mulheres na mesma situa\u00e7\u00e3o], porque com a minha fala sobre o que vivi&#8230; Quando falo sobre minha hist\u00f3ria, [posso ajudar] aquelas mulheres a sa\u00edrem de suas situa\u00e7\u00f5es&#8230;&#8221; Com o tempo, a AMAC investiu em suas mensagens: vendendo camisetas e bon\u00e9s, encarregando Gabriel Santos, o filho de Nill, do design gr\u00e1fico e mantendo uma forte presen\u00e7a nas m\u00eddias sociais com ajuda da diretora Debora Veiga. No entanto, uma das ferramentas mais poderosas que permite \u00e0 AMAC expandir seu escopo e mensagem \u00e9 o compartilhamento de informa\u00e7\u00f5es boca-a-boca pelas mulheres que participam das atividades e eventos da organiza\u00e7\u00e3o.<\/p>\n<h3>Futuras Esperan\u00e7as e Impacto<\/h3>\n<p>Hoje em dia, a organiza\u00e7\u00e3o est\u00e1 cada vez mais focada em como fortalecer financeiramente as mulheres atrav\u00e9s do empreendedorismo e do emprego. Volunt\u00e1rias como Cristiana e Helena organizam diferentes tipos de oficinas com base em suas disponibilidades\u2014croch\u00ea, reciclagem, confec\u00e7\u00e3o de roupas, pintura e muito mais. A AMAC est\u00e1 preocupada com a sustentabilidade em v\u00e1rios n\u00edveis. Os esfor\u00e7os art\u00edsticos de seus membros geralmente envolvem o uso de materiais que normalmente seriam jogados fora ou reciclados. \u201cPara mim, \u00e9 um prazer\u2026 eu procuro coisas que sejam f\u00e1ceis, coisas que podem ser reutilizadas\u2026 <span style=\"font-weight: 400;\">A gente ficou encantada&#8230; [por exemplo] quando viu uma caixa de ovo se tornar uma flor<\/span>\u201d, diz Helena, observando tamb\u00e9m que ela tem visto um maior entusiasmo pela reciclagem entre mulheres com quem ela trabalha. Cristiana tamb\u00e9m entra na conversa, e fala como muitos dos participantes transformam o \u201clixo\u201d em arte e compartilham suas cria\u00e7\u00f5es com outras mulheres que est\u00e3o empolgadas para comprar artesanatos e bijuterias a pre\u00e7os acess\u00edveis.<\/p>\n<p><a href=\"https:\/\/rioonwatch.org.br\/wp-content\/uploads\/2019\/08\/AMAC.jpg\"><img loading=\"lazy\" decoding=\"async\" class=\"aligncenter wp-image-42434 size-full\" title=\"Foto: T\u00e2nia de Oliveira\" src=\"https:\/\/rioonwatch.org.br\/wp-content\/uploads\/2019\/08\/AMAC.jpg\" alt=\"\" width=\"620\" height=\"264\" \/><\/a><\/p>\n<p>Em uma escala maior, a AMAC espera crescer de uma maneira que seja financeiramente sustent\u00e1vel. Atualmente, a ONG \u00e9 financiada em grande parte pelo apoio p\u00fablico e doa\u00e7\u00f5es. Recentemente, a AMAC recebeu R$40.000 como benefici\u00e1ria da campanha \u201c<a href=\"http:\/\/bit.ly\/2H49nLF\" target=\"_blank\" rel=\"noopener noreferrer\">Ningu\u00e9m Fica pra Tr\u00e1s<\/a>\u201d\u2014uma campanha de arrecada\u00e7\u00e3o de fundos para organiza\u00e7\u00f5es que apoiam v\u00edtimas de viol\u00eancia e popula\u00e7\u00f5es vulner\u00e1veis ap\u00f3s as elei\u00e7\u00f5es gerais de 2018. No futuro, a organiza\u00e7\u00e3o espera expandir-se regionalmente e nacionalmente, construir espa\u00e7os seguros para as mulheres e expandir sua rede de volunt\u00e1rios.<\/p>\n<p>Enquanto a AMAC n\u00e3o se depara com escassez de desafios, as mulheres que lideram sua miss\u00e3o e vis\u00e3o permanecem esperan\u00e7osas e motivadas. Mesmo quando enfrentam aqueles que s\u00e3o hostis aos ideais feministas da organiza\u00e7\u00e3o, Nill consegue transmitir sua mensagem. Ela colocou esse talento para funcionar quando falou no in\u00edcio do ano em uma confer\u00eancia de l\u00edderes crist\u00e3os sobre viol\u00eancia dom\u00e9stica e direitos das mulheres: \u201cEu falei assim: &#8216;Bom dia, meu nome \u00e9 Nill Santos, sou crist\u00e3 e sou feminista. Quero apresentar para voc\u00eas o maior feminista da hist\u00f3ria: Jesus Cristo. Ele foi um homem que respeitava muito todas as mulheres. Hoje em dia, nossas feministas s\u00e3o atacadas&#8230; <span style=\"font-weight: 400;\">Nossos l\u00edderes est\u00e3o doentes, porque dentro de nossas igrejas, nossas mulheres est\u00e3o sendo estupradas&#8221;.<\/span><\/p>\n<p>Sob a dire\u00e7\u00e3o de Nill, a AMAC foca em tornar quest\u00f5es de feminismo e direitos das mulheres acess\u00edveis a pessoas de todas as origens educacionais, ideol\u00f3gicas e econ\u00f4micas. \u201c<span style=\"font-weight: 400;\">As pessoas [hoje] n\u00e3o entendem o que \u00e9 o feminismo. Ent\u00e3o, \u00e9 preciso explicar para elas que a gente est\u00e1 em um momento de retrocesso, a gente n\u00e3o quer ser melhor do que nenhum homem<\/span>\u201d, diz Nill. Ela enfatiza a import\u00e2ncia de discutir o feminismo com as mulheres da favela de uma forma que torne essas quest\u00f5es relevantes para suas vidas.<\/p>\n<p>Como as mulheres da AMAC t\u00eam visto muitas vezes, conhecimento \u00e9 poder. Ao fornecer \u00e0 v\u00edtimas de viol\u00eancia dom\u00e9stica as ferramentas para iniciar seus pr\u00f3prios neg\u00f3cios ou compartilhar informa\u00e7\u00f5es sobre o feminismo em reuni\u00f5es de bairro, a AMAC est\u00e1 divulgando sua mensagem e filosofia. Empoderar as comunidades para investir e proteger suas mulheres n\u00e3o \u00e9 tarefa f\u00e1cil, mas organiza\u00e7\u00f5es como a AMAC mostram que \u00e9 poss\u00edvel fazer progressos duradouros e construir coaliz\u00f5es de apoio desde o in\u00edcio.<\/p>\n<p><a href=\"https:\/\/rioonwatch.org.br\/wp-content\/uploads\/2019\/08\/AMAC-mapa.png\"><img loading=\"lazy\" decoding=\"async\" class=\"aligncenter wp-image-42433 size-content\" title=\"Localiza\u00e7\u00e3o da AMAC no mapa. Imagem: Google Maps\" src=\"https:\/\/rioonwatch.org.br\/wp-content\/uploads\/2019\/08\/AMAC-mapa-620x264.png\" alt=\"\" width=\"620\" height=\"264\" srcset=\"https:\/\/rioonwatch.org.br\/wp-content\/uploads\/2019\/08\/AMAC-mapa-620x264.png 620w, https:\/\/rioonwatch.org.br\/wp-content\/uploads\/2019\/08\/AMAC-mapa-940x400.png 940w\" sizes=\"(max-width: 620px) 100vw, 620px\" \/><\/a><\/p>\n<p>*A AMAC <span data-ccp-props=\"{&quot;201341983&quot;:0,&quot;335559739&quot;:160,&quot;335559740&quot;:259}\">\u00e9 um dos mais de <a href=\"http:\/\/www.bit.ly\/RFSMapa\">100 projetos comunit\u00e1rios mapeados<\/a>\u00a0pela\u00a0<a href=\"http:\/\/bit.ly\/1aI.gif\">Comunidades Catalisadoras<\/a>\u00a0(ComCat)\u2014a organiza\u00e7\u00e3o que publica o\u00a0<i>RioOnWatch\u2014<\/i>como parte do nosso programa paralelo &#8216;<a href=\"http:\/\/bit.ly\/RFSRelatorio\">Rede Favela Sustent\u00e1vel<\/a>&#8216; lan\u00e7ado em 2017 para reconhecer, apoiar, fortalecer e expandir as <a href=\"http:\/\/www.bit.ly\/FavelaModelo\">qualidades sustent\u00e1veis e movimentos comunit\u00e1rios inerentes<\/a>\u00a0\u00e0s favelas do Rio de Janeiro. Siga a\u00a0<a href=\"http:\/\/bit.ly\/FBRFS\">Rede Favela Sustent\u00e1vel no Facebook<\/a>. Leia outros\u00a0<a href=\"http:\/\/bit.ly\/FavelasSustentaveis\">perfis dos projetos da Rede Favela Sustent\u00e1vel aqui<\/a>.<\/span><\/p>\n<!-- AddThis Advanced Settings generic via filter on the_content --><!-- AddThis Share Buttons generic via filter on the_content -->","protected":false},"excerpt":{"rendered":"<div class=\"mh-excerpt\"><p>Click Here for English Iniciativa: Associa\u00e7\u00e3o de Mulheres de Atitude e Compromisso Social (AMAC) Contato: Site | Facebook\u00a0|\u00a0Twitter\u00a0|\u00a0Email Ano de Funda\u00e7\u00e3o: 2012 Comunidade: S\u00e3o Bento, Duque de Caxias (Baixada Fluminense) Miss\u00e3o: Empoderar mulheres, especialmente aquelas <a class=\"mh-excerpt-more\" href=\"https:\/\/rioonwatch.org.br\/?p=42429\" title=\"Mulheres de Atitude e Compromisso Social da Baixada #RedeFavelaSustent\u00e1vel [PERFIL]\">[&#8230;]<\/a><!-- AddThis Advanced Settings generic via filter on get_the_excerpt --><!-- AddThis Share Buttons generic via filter on get_the_excerpt --><\/p>\n<\/div>","protected":false},"author":152,"featured_media":42437,"comment_status":"closed","ping_status":"closed","sticky":false,"template":"","format":"standard","meta":{"_acf_changed":false,"_monsterinsights_skip_tracking":false,"_monsterinsights_sitenote_active":false,"_monsterinsights_sitenote_note":"","_monsterinsights_sitenote_category":0,"footnotes":""},"categories":[1621,1629,1626,1612,342,1639],"tags":[334,573,959,293,1091,688,731,1790,42,1372,2074,361,294,404,30,2387],"writer":[2479],"translator":[2377],"source":[],"ilustrador":[],"fotografo":[],"class_list":{"0":"post-42429","1":"post","2":"type-post","3":"status-publish","4":"format-standard","5":"has-post-thumbnail","7":"category-destaque","8":"category-entrevistas-e-perfis","9":"category-por-observadores-internacionais","10":"category-sociedade-civil","11":"category-solucoes","12":"category-sustentabilidade","13":"tag-arte","14":"tag-artesanato","15":"tag-baixada-fluminense","16":"tag-cancer","17":"tag-duque-de-caxias","18":"tag-empoderamento","19":"tag-empreendedorismo","20":"tag-feminismo","21":"tag-genero","22":"tag-grande-rio","23":"tag-rede-favela-sustentavel","24":"tag-reciclagem","25":"tag-saude","26":"tag-sustentabilidade","27":"tag-violencia","28":"tag-violencia-contra-a-mulher","29":"writer-sharonya-vadakattu","30":"translator-camila-moraes"},"acf":[],"yoast_head":"<!-- This site is optimized with the Yoast SEO plugin v25.6 - https:\/\/yoast.com\/wordpress\/plugins\/seo\/ -->\n<title>Mulheres de Atitude e Compromisso Social da Baixada #RedeFavelaSustent\u00e1vel [PERFIL] - RioOnWatch<\/title>\n<meta name=\"robots\" content=\"index, follow, max-snippet:-1, max-image-preview:large, max-video-preview:-1\" \/>\n<link rel=\"canonical\" href=\"https:\/\/rioonwatch.org.br\/?p=42429\" \/>\n<meta property=\"og:locale\" content=\"pt_BR\" \/>\n<meta property=\"og:type\" content=\"article\" \/>\n<meta property=\"og:title\" content=\"Mulheres de Atitude e Compromisso Social da Baixada #RedeFavelaSustent\u00e1vel [PERFIL] - RioOnWatch\" \/>\n<meta property=\"og:description\" content=\"Click Here for English Iniciativa: Associa\u00e7\u00e3o de Mulheres de Atitude e Compromisso Social (AMAC) Contato: Site | Facebook\u00a0|\u00a0Twitter\u00a0|\u00a0Email Ano de Funda\u00e7\u00e3o: 2012 Comunidade: S\u00e3o Bento, Duque de Caxias (Baixada Fluminense) Miss\u00e3o: Empoderar mulheres, especialmente aquelas [...]\" \/>\n<meta property=\"og:url\" content=\"https:\/\/rioonwatch.org.br\/?p=42429\" \/>\n<meta property=\"og:site_name\" content=\"RioOnWatch\" \/>\n<meta property=\"article:published_time\" content=\"2019-08-20T11:39:00+00:00\" \/>\n<meta property=\"article:modified_time\" content=\"2026-04-27T08:27:21+00:00\" \/>\n<meta property=\"og:image\" content=\"https:\/\/rioonwatch.org.br\/wp-content\/uploads\/2019\/08\/AMAC-Caminhada-e-corrida-contra-o-c\u00e2ncer-de-mama.jpeg\" \/>\n\t<meta property=\"og:image:width\" content=\"960\" \/>\n\t<meta property=\"og:image:height\" content=\"720\" \/>\n\t<meta property=\"og:image:type\" content=\"image\/jpeg\" \/>\n<meta name=\"author\" content=\"Luisa Fenizola\" \/>\n<meta name=\"twitter:card\" content=\"summary_large_image\" \/>\n<meta name=\"twitter:label1\" content=\"Escrito por\" \/>\n\t<meta name=\"twitter:data1\" content=\"Luisa Fenizola\" \/>\n\t<meta name=\"twitter:label2\" content=\"Est. tempo de leitura\" \/>\n\t<meta name=\"twitter:data2\" content=\"10 minutos\" \/>\n<script type=\"application\/ld+json\" class=\"yoast-schema-graph\">{\"@context\":\"https:\/\/schema.org\",\"@graph\":[{\"@type\":\"Article\",\"@id\":\"https:\/\/rioonwatch.org.br\/?p=42429#article\",\"isPartOf\":{\"@id\":\"https:\/\/rioonwatch.org.br\/?p=42429\"},\"author\":{\"name\":\"Luisa Fenizola\",\"@id\":\"https:\/\/rioonwatch.org.br\/#\/schema\/person\/f443c6b55bb6e80842280318076491c5\"},\"headline\":\"Mulheres de Atitude e Compromisso Social da Baixada #RedeFavelaSustent\u00e1vel [PERFIL]\",\"datePublished\":\"2019-08-20T11:39:00+00:00\",\"dateModified\":\"2026-04-27T08:27:21+00:00\",\"mainEntityOfPage\":{\"@id\":\"https:\/\/rioonwatch.org.br\/?p=42429\"},\"wordCount\":1741,\"publisher\":{\"@id\":\"https:\/\/rioonwatch.org.br\/#organization\"},\"image\":{\"@id\":\"https:\/\/rioonwatch.org.br\/?p=42429#primaryimage\"},\"thumbnailUrl\":\"https:\/\/rioonwatch.org.br\/wp-content\/uploads\/2019\/08\/AMAC-Caminhada-e-corrida-contra-o-c\u00e2ncer-de-mama.jpeg\",\"keywords\":[\"arte\",\"artesanato\",\"Baixada Fluminense\",\"C\u00e2ncer\",\"Duque de Caxias\",\"empoderamento\",\"empreendedorismo\",\"feminismo\",\"g\u00eanero\",\"Grande Rio\",\"Perfis Integrantes da Rede Favela Sustent\u00e1vel\",\"reciclagem\",\"sa\u00fade\",\"sustentabilidade\",\"viol\u00eancia\",\"viol\u00eancia contra a mulher\"],\"articleSection\":[\"*Destaque\",\"Entrevistas e Perfis\",\"Escrito por Aliados\",\"Sociedade Civil\",\"Solu\u00e7\u00f5es\",\"Sustentabilidade\"],\"inLanguage\":\"pt-BR\"},{\"@type\":\"WebPage\",\"@id\":\"https:\/\/rioonwatch.org.br\/?p=42429\",\"url\":\"https:\/\/rioonwatch.org.br\/?p=42429\",\"name\":\"Mulheres de Atitude e Compromisso Social da Baixada #RedeFavelaSustent\u00e1vel [PERFIL] - RioOnWatch\",\"isPartOf\":{\"@id\":\"https:\/\/rioonwatch.org.br\/#website\"},\"primaryImageOfPage\":{\"@id\":\"https:\/\/rioonwatch.org.br\/?p=42429#primaryimage\"},\"image\":{\"@id\":\"https:\/\/rioonwatch.org.br\/?p=42429#primaryimage\"},\"thumbnailUrl\":\"https:\/\/rioonwatch.org.br\/wp-content\/uploads\/2019\/08\/AMAC-Caminhada-e-corrida-contra-o-c\u00e2ncer-de-mama.jpeg\",\"datePublished\":\"2019-08-20T11:39:00+00:00\",\"dateModified\":\"2026-04-27T08:27:21+00:00\",\"breadcrumb\":{\"@id\":\"https:\/\/rioonwatch.org.br\/?p=42429#breadcrumb\"},\"inLanguage\":\"pt-BR\",\"potentialAction\":[{\"@type\":\"ReadAction\",\"target\":[\"https:\/\/rioonwatch.org.br\/?p=42429\"]}]},{\"@type\":\"ImageObject\",\"inLanguage\":\"pt-BR\",\"@id\":\"https:\/\/rioonwatch.org.br\/?p=42429#primaryimage\",\"url\":\"https:\/\/rioonwatch.org.br\/wp-content\/uploads\/2019\/08\/AMAC-Caminhada-e-corrida-contra-o-c\u00e2ncer-de-mama.jpeg\",\"contentUrl\":\"https:\/\/rioonwatch.org.br\/wp-content\/uploads\/2019\/08\/AMAC-Caminhada-e-corrida-contra-o-c\u00e2ncer-de-mama.jpeg\",\"width\":960,\"height\":720},{\"@type\":\"BreadcrumbList\",\"@id\":\"https:\/\/rioonwatch.org.br\/?p=42429#breadcrumb\",\"itemListElement\":[{\"@type\":\"ListItem\",\"position\":1,\"name\":\"In\u00edcio\",\"item\":\"https:\/\/rioonwatch.org.br\/\"},{\"@type\":\"ListItem\",\"position\":2,\"name\":\"Mulheres de Atitude e Compromisso Social da Baixada #RedeFavelaSustent\u00e1vel [PERFIL]\"}]},{\"@type\":\"WebSite\",\"@id\":\"https:\/\/rioonwatch.org.br\/#website\",\"url\":\"https:\/\/rioonwatch.org.br\/\",\"name\":\"RioOnWatch\",\"description\":\"relatos das favelas cariocas\",\"publisher\":{\"@id\":\"https:\/\/rioonwatch.org.br\/#organization\"},\"potentialAction\":[{\"@type\":\"SearchAction\",\"target\":{\"@type\":\"EntryPoint\",\"urlTemplate\":\"https:\/\/rioonwatch.org.br\/?s={search_term_string}\"},\"query-input\":{\"@type\":\"PropertyValueSpecification\",\"valueRequired\":true,\"valueName\":\"search_term_string\"}}],\"inLanguage\":\"pt-BR\"},{\"@type\":\"Organization\",\"@id\":\"https:\/\/rioonwatch.org.br\/#organization\",\"name\":\"RioOnWatch\",\"url\":\"https:\/\/rioonwatch.org.br\/\",\"logo\":{\"@type\":\"ImageObject\",\"inLanguage\":\"pt-BR\",\"@id\":\"https:\/\/rioonwatch.org.br\/#\/schema\/logo\/image\/\",\"url\":\"https:\/\/rioonwatch.org.br\/wp-content\/uploads\/2021\/06\/RioOnWatchcabecalhoPT11anos-2.png\",\"contentUrl\":\"https:\/\/rioonwatch.org.br\/wp-content\/uploads\/2021\/06\/RioOnWatchcabecalhoPT11anos-2.png\",\"width\":779,\"height\":277,\"caption\":\"RioOnWatch\"},\"image\":{\"@id\":\"https:\/\/rioonwatch.org.br\/#\/schema\/logo\/image\/\"}},{\"@type\":\"Person\",\"@id\":\"https:\/\/rioonwatch.org.br\/#\/schema\/person\/f443c6b55bb6e80842280318076491c5\",\"name\":\"Luisa Fenizola\",\"image\":{\"@type\":\"ImageObject\",\"inLanguage\":\"pt-BR\",\"@id\":\"https:\/\/rioonwatch.org.br\/#\/schema\/person\/image\/\",\"url\":\"https:\/\/secure.gravatar.com\/avatar\/a3d551110162b9f876cbbdaaecf75663?s=96&d=blank&r=g\",\"contentUrl\":\"https:\/\/secure.gravatar.com\/avatar\/a3d551110162b9f876cbbdaaecf75663?s=96&d=blank&r=g\",\"caption\":\"Luisa Fenizola\"},\"url\":\"https:\/\/rioonwatch.org.br\/?author=152\"}]}<\/script>\n<!-- \/ Yoast SEO plugin. -->","yoast_head_json":{"title":"Mulheres de Atitude e Compromisso Social da Baixada #RedeFavelaSustent\u00e1vel [PERFIL] - RioOnWatch","robots":{"index":"index","follow":"follow","max-snippet":"max-snippet:-1","max-image-preview":"max-image-preview:large","max-video-preview":"max-video-preview:-1"},"canonical":"https:\/\/rioonwatch.org.br\/?p=42429","og_locale":"pt_BR","og_type":"article","og_title":"Mulheres de Atitude e Compromisso Social da Baixada #RedeFavelaSustent\u00e1vel [PERFIL] - RioOnWatch","og_description":"Click Here for English Iniciativa: Associa\u00e7\u00e3o de Mulheres de Atitude e Compromisso Social (AMAC) Contato: Site | Facebook\u00a0|\u00a0Twitter\u00a0|\u00a0Email Ano de Funda\u00e7\u00e3o: 2012 Comunidade: S\u00e3o Bento, Duque de Caxias (Baixada Fluminense) Miss\u00e3o: Empoderar mulheres, especialmente aquelas [...]","og_url":"https:\/\/rioonwatch.org.br\/?p=42429","og_site_name":"RioOnWatch","article_published_time":"2019-08-20T11:39:00+00:00","article_modified_time":"2026-04-27T08:27:21+00:00","og_image":[{"width":960,"height":720,"url":"https:\/\/rioonwatch.org.br\/wp-content\/uploads\/2019\/08\/AMAC-Caminhada-e-corrida-contra-o-c\u00e2ncer-de-mama.jpeg","type":"image\/jpeg"}],"author":"Luisa Fenizola","twitter_card":"summary_large_image","twitter_misc":{"Escrito por":"Luisa Fenizola","Est. tempo de leitura":"10 minutos"},"schema":{"@context":"https:\/\/schema.org","@graph":[{"@type":"Article","@id":"https:\/\/rioonwatch.org.br\/?p=42429#article","isPartOf":{"@id":"https:\/\/rioonwatch.org.br\/?p=42429"},"author":{"name":"Luisa Fenizola","@id":"https:\/\/rioonwatch.org.br\/#\/schema\/person\/f443c6b55bb6e80842280318076491c5"},"headline":"Mulheres de Atitude e Compromisso Social da Baixada #RedeFavelaSustent\u00e1vel [PERFIL]","datePublished":"2019-08-20T11:39:00+00:00","dateModified":"2026-04-27T08:27:21+00:00","mainEntityOfPage":{"@id":"https:\/\/rioonwatch.org.br\/?p=42429"},"wordCount":1741,"publisher":{"@id":"https:\/\/rioonwatch.org.br\/#organization"},"image":{"@id":"https:\/\/rioonwatch.org.br\/?p=42429#primaryimage"},"thumbnailUrl":"https:\/\/rioonwatch.org.br\/wp-content\/uploads\/2019\/08\/AMAC-Caminhada-e-corrida-contra-o-c\u00e2ncer-de-mama.jpeg","keywords":["arte","artesanato","Baixada Fluminense","C\u00e2ncer","Duque de Caxias","empoderamento","empreendedorismo","feminismo","g\u00eanero","Grande Rio","Perfis Integrantes da Rede Favela Sustent\u00e1vel","reciclagem","sa\u00fade","sustentabilidade","viol\u00eancia","viol\u00eancia contra a mulher"],"articleSection":["*Destaque","Entrevistas e Perfis","Escrito por Aliados","Sociedade Civil","Solu\u00e7\u00f5es","Sustentabilidade"],"inLanguage":"pt-BR"},{"@type":"WebPage","@id":"https:\/\/rioonwatch.org.br\/?p=42429","url":"https:\/\/rioonwatch.org.br\/?p=42429","name":"Mulheres de Atitude e Compromisso Social da Baixada #RedeFavelaSustent\u00e1vel [PERFIL] - RioOnWatch","isPartOf":{"@id":"https:\/\/rioonwatch.org.br\/#website"},"primaryImageOfPage":{"@id":"https:\/\/rioonwatch.org.br\/?p=42429#primaryimage"},"image":{"@id":"https:\/\/rioonwatch.org.br\/?p=42429#primaryimage"},"thumbnailUrl":"https:\/\/rioonwatch.org.br\/wp-content\/uploads\/2019\/08\/AMAC-Caminhada-e-corrida-contra-o-c\u00e2ncer-de-mama.jpeg","datePublished":"2019-08-20T11:39:00+00:00","dateModified":"2026-04-27T08:27:21+00:00","breadcrumb":{"@id":"https:\/\/rioonwatch.org.br\/?p=42429#breadcrumb"},"inLanguage":"pt-BR","potentialAction":[{"@type":"ReadAction","target":["https:\/\/rioonwatch.org.br\/?p=42429"]}]},{"@type":"ImageObject","inLanguage":"pt-BR","@id":"https:\/\/rioonwatch.org.br\/?p=42429#primaryimage","url":"https:\/\/rioonwatch.org.br\/wp-content\/uploads\/2019\/08\/AMAC-Caminhada-e-corrida-contra-o-c\u00e2ncer-de-mama.jpeg","contentUrl":"https:\/\/rioonwatch.org.br\/wp-content\/uploads\/2019\/08\/AMAC-Caminhada-e-corrida-contra-o-c\u00e2ncer-de-mama.jpeg","width":960,"height":720},{"@type":"BreadcrumbList","@id":"https:\/\/rioonwatch.org.br\/?p=42429#breadcrumb","itemListElement":[{"@type":"ListItem","position":1,"name":"In\u00edcio","item":"https:\/\/rioonwatch.org.br\/"},{"@type":"ListItem","position":2,"name":"Mulheres de Atitude e Compromisso Social da Baixada #RedeFavelaSustent\u00e1vel [PERFIL]"}]},{"@type":"WebSite","@id":"https:\/\/rioonwatch.org.br\/#website","url":"https:\/\/rioonwatch.org.br\/","name":"RioOnWatch","description":"relatos das favelas cariocas","publisher":{"@id":"https:\/\/rioonwatch.org.br\/#organization"},"potentialAction":[{"@type":"SearchAction","target":{"@type":"EntryPoint","urlTemplate":"https:\/\/rioonwatch.org.br\/?s={search_term_string}"},"query-input":{"@type":"PropertyValueSpecification","valueRequired":true,"valueName":"search_term_string"}}],"inLanguage":"pt-BR"},{"@type":"Organization","@id":"https:\/\/rioonwatch.org.br\/#organization","name":"RioOnWatch","url":"https:\/\/rioonwatch.org.br\/","logo":{"@type":"ImageObject","inLanguage":"pt-BR","@id":"https:\/\/rioonwatch.org.br\/#\/schema\/logo\/image\/","url":"https:\/\/rioonwatch.org.br\/wp-content\/uploads\/2021\/06\/RioOnWatchcabecalhoPT11anos-2.png","contentUrl":"https:\/\/rioonwatch.org.br\/wp-content\/uploads\/2021\/06\/RioOnWatchcabecalhoPT11anos-2.png","width":779,"height":277,"caption":"RioOnWatch"},"image":{"@id":"https:\/\/rioonwatch.org.br\/#\/schema\/logo\/image\/"}},{"@type":"Person","@id":"https:\/\/rioonwatch.org.br\/#\/schema\/person\/f443c6b55bb6e80842280318076491c5","name":"Luisa Fenizola","image":{"@type":"ImageObject","inLanguage":"pt-BR","@id":"https:\/\/rioonwatch.org.br\/#\/schema\/person\/image\/","url":"https:\/\/secure.gravatar.com\/avatar\/a3d551110162b9f876cbbdaaecf75663?s=96&d=blank&r=g","contentUrl":"https:\/\/secure.gravatar.com\/avatar\/a3d551110162b9f876cbbdaaecf75663?s=96&d=blank&r=g","caption":"Luisa Fenizola"},"url":"https:\/\/rioonwatch.org.br\/?author=152"}]}},"_links":{"self":[{"href":"https:\/\/rioonwatch.org.br\/index.php?rest_route=\/wp\/v2\/posts\/42429"}],"collection":[{"href":"https:\/\/rioonwatch.org.br\/index.php?rest_route=\/wp\/v2\/posts"}],"about":[{"href":"https:\/\/rioonwatch.org.br\/index.php?rest_route=\/wp\/v2\/types\/post"}],"author":[{"embeddable":true,"href":"https:\/\/rioonwatch.org.br\/index.php?rest_route=\/wp\/v2\/users\/152"}],"replies":[{"embeddable":true,"href":"https:\/\/rioonwatch.org.br\/index.php?rest_route=%2Fwp%2Fv2%2Fcomments&post=42429"}],"version-history":[{"count":23,"href":"https:\/\/rioonwatch.org.br\/index.php?rest_route=\/wp\/v2\/posts\/42429\/revisions"}],"predecessor-version":[{"id":81886,"href":"https:\/\/rioonwatch.org.br\/index.php?rest_route=\/wp\/v2\/posts\/42429\/revisions\/81886"}],"wp:featuredmedia":[{"embeddable":true,"href":"https:\/\/rioonwatch.org.br\/index.php?rest_route=\/wp\/v2\/media\/42437"}],"wp:attachment":[{"href":"https:\/\/rioonwatch.org.br\/index.php?rest_route=%2Fwp%2Fv2%2Fmedia&parent=42429"}],"wp:term":[{"taxonomy":"category","embeddable":true,"href":"https:\/\/rioonwatch.org.br\/index.php?rest_route=%2Fwp%2Fv2%2Fcategories&post=42429"},{"taxonomy":"post_tag","embeddable":true,"href":"https:\/\/rioonwatch.org.br\/index.php?rest_route=%2Fwp%2Fv2%2Ftags&post=42429"},{"taxonomy":"writer","embeddable":true,"href":"https:\/\/rioonwatch.org.br\/index.php?rest_route=%2Fwp%2Fv2%2Fwriter&post=42429"},{"taxonomy":"translator","embeddable":true,"href":"https:\/\/rioonwatch.org.br\/index.php?rest_route=%2Fwp%2Fv2%2Ftranslator&post=42429"},{"taxonomy":"source","embeddable":true,"href":"https:\/\/rioonwatch.org.br\/index.php?rest_route=%2Fwp%2Fv2%2Fsource&post=42429"},{"taxonomy":"ilustrador","embeddable":true,"href":"https:\/\/rioonwatch.org.br\/index.php?rest_route=%2Fwp%2Fv2%2Filustrador&post=42429"},{"taxonomy":"fotografo","embeddable":true,"href":"https:\/\/rioonwatch.org.br\/index.php?rest_route=%2Fwp%2Fv2%2Ffotografo&post=42429"}],"curies":[{"name":"wp","href":"https:\/\/api.w.org\/{rel}","templated":true}]}}