{"id":42552,"date":"2019-08-22T15:41:35","date_gmt":"2019-08-22T18:41:35","guid":{"rendered":"https:\/\/rioonwatch.org.br\/?p=42552"},"modified":"2024-06-20T12:33:54","modified_gmt":"2024-06-20T15:33:54","slug":"por-que-a-suecia-importa-residuos-de-outros-paises-explicando-o-sistema-sueco-de-gestao-de-residuos","status":"publish","type":"post","link":"https:\/\/rioonwatch.org.br\/?p=42552","title":{"rendered":"Por Que a Su\u00e9cia Importa Res\u00edduos? Explicando o Sistema Sueco de Gest\u00e3o de Res\u00edduos [REFER\u00caNCIA]"},"content":{"rendered":"<p style=\"text-align: right;\"><em><strong><a href=\"http:\/\/bit.ly\/2Y7m7LR\" target=\"_blank\" rel=\"noopener noreferrer\">Click Here for English<\/a><a href=\"http:\/\/bit.ly\/2Y7m7LR\" target=\"_blank\" rel=\"noopener noreferrer\"><img decoding=\"async\" width=\"20\" height=\"20\" class=\"alignright wp-image-15790\" src=\"http:\/\/rioonwatch.org.br\/wp-content\/uploads\/2012\/08\/EN-standard-e1439583104716.jpg\" \/><\/a><\/strong><\/em><\/p>\n<p><em>No dia 7 de junho, Carlos Andr\u00e9 do Nascimento, diretor da <\/em><em><a href=\"http:\/\/bit.ly\/2XPW5M8\" target=\"_blank\" rel=\"noopener noreferrer\">Regi\u00e3o de Oficina Nacional de Grafite Organizado<\/a><\/em><em> (RONGO)\u2014uma iniciativa art\u00edstica e ambiental comunit\u00e1ria e parte da <a href=\"http:\/\/bit.ly\/RFSRelatorio\">Rede Favela Sustent\u00e1vel<\/a><\/em><em>, do Rio de Janeiro\u2014convidou a colaboradora da <a href=\"http:\/\/bit.ly\/2Ziqwv5\" target=\"_blank\" rel=\"noopener prettyphoto noreferrer\">Comunidades Catalisadoras<\/a><\/em><em>* e estudante pesquisadora da <\/em><a href=\"http:\/\/bit.ly\/30pUAlq\"><em>Universidade de Lund<\/em><\/a><em>, Emma Bergman, para realizar uma apresenta\u00e7\u00e3o sobre o sistema de gest\u00e3o de res\u00edduos da Su\u00e9cia na sede da organiza\u00e7\u00e3o, na\u00a0<a href=\"http:\/\/bit.ly\/21tKRUF\" target=\"_blank\" rel=\"noopener noreferrer\">Pavuna<\/a>,\u00a0<a href=\"http:\/\/bit.ly\/WximDf\" target=\"_blank\" rel=\"noopener noreferrer\">Zona Norte<\/a><\/em><em>. A apresenta\u00e7\u00e3o de Emma na RONGO \u00e9 um exemplo de <\/em><a href=\"http:\/\/bit.ly\/31wXDsK\" target=\"_blank\" rel=\"noopener noreferrer\"><em>interc\u00e2mbio de conhecimento<\/em><\/a><em> da Rede Favela Sustent\u00e1vel em apoio ao desenvolvimento de solu\u00e7\u00f5es sustent\u00e1veis vindas de favelas do Rio. O <a href=\"http:\/\/bit.ly\/33KqOKG\" target=\"_blank\" rel=\"noopener noreferrer\">pr\u00f3ximo interc\u00e2mbio<\/a> da Rede, inclusive, aberto ao p\u00fablico, ser\u00e1 na RONGO este 31 de agosto (<a href=\"http:\/\/bit.ly\/33KqOKG\" target=\"_blank\" rel=\"noopener noreferrer\">saiba mais<\/a>). Abaixo, Emma explica os detalhes das pr\u00e1ticas de sustentabilidade suecas.<\/em><\/p>\n<h3><strong>Os Fundamentos do Sistema de Gerenciamento de Res\u00edduos da Su\u00e9cia<\/strong><\/h3>\n<p><a href=\"https:\/\/rioonwatch.org.br\/wp-content\/uploads\/2019\/08\/Gest\u00e3o-de-Res\u00edduos-na-Su\u00e9cia.jpeg\"><img fetchpriority=\"high\" decoding=\"async\" class=\"alignright wp-image-42558 size-thumbnail\" src=\"https:\/\/rioonwatch.org.br\/wp-content\/uploads\/2019\/08\/Gest\u00e3o-de-Res\u00edduos-na-Su\u00e9cia-352x264.jpeg\" alt=\"\" width=\"352\" height=\"264\" srcset=\"https:\/\/rioonwatch.org.br\/wp-content\/uploads\/2019\/08\/Gest\u00e3o-de-Res\u00edduos-na-Su\u00e9cia-352x264.jpeg 352w, https:\/\/rioonwatch.org.br\/wp-content\/uploads\/2019\/08\/Gest\u00e3o-de-Res\u00edduos-na-Su\u00e9cia-620x465.jpeg 620w, https:\/\/rioonwatch.org.br\/wp-content\/uploads\/2019\/08\/Gest\u00e3o-de-Res\u00edduos-na-Su\u00e9cia-768x576.jpeg 768w, https:\/\/rioonwatch.org.br\/wp-content\/uploads\/2019\/08\/Gest\u00e3o-de-Res\u00edduos-na-Su\u00e9cia-1024x768.jpeg 1024w, https:\/\/rioonwatch.org.br\/wp-content\/uploads\/2019\/08\/Gest\u00e3o-de-Res\u00edduos-na-Su\u00e9cia-174x131.jpeg 174w, https:\/\/rioonwatch.org.br\/wp-content\/uploads\/2019\/08\/Gest\u00e3o-de-Res\u00edduos-na-Su\u00e9cia-300x225.jpeg 300w, https:\/\/rioonwatch.org.br\/wp-content\/uploads\/2019\/08\/Gest\u00e3o-de-Res\u00edduos-na-Su\u00e9cia-70x53.jpeg 70w, https:\/\/rioonwatch.org.br\/wp-content\/uploads\/2019\/08\/Gest\u00e3o-de-Res\u00edduos-na-Su\u00e9cia.jpeg 1158w\" sizes=\"(max-width: 352px) 100vw, 352px\" \/><\/a>A Su\u00e9cia tem uma das <a href=\"http:\/\/bit.ly\/2WUjwiP\">mais altas taxas de reciclagem do mundo<\/a>: em 2017, <a href=\"http:\/\/bit.ly\/2Ks5lzN\">99,5%<\/a> de res\u00edduos dom\u00e9sticos foram desviados de aterros sanit\u00e1rios e reciclados de uma forma ou de outra. Isso se tornou poss\u00edvel atrav\u00e9s de esfor\u00e7os do governo sueco, de munic\u00edpios, de associa\u00e7\u00f5es comerciais, de companhias privadas e de uma popula\u00e7\u00e3o dedicada.<\/p>\n<p>Leis que regulam o sistema de gerenciamento de res\u00edduos da Su\u00e9cia podem ser encontradas no <a href=\"http:\/\/bit.ly\/2KsRgSy\">C\u00f3digo Ambiental Sueco<\/a>. De acordo com o Cap\u00edtulo 15<em>\u2014<\/em>que fornece a funda\u00e7\u00e3o do sistema definindo e regulando todas as partes e atores no sistema<em>\u2014<\/em>um &#8220;detentor de res\u00edduo&#8221; \u00e9 definido como qualquer um que tenha, em sua posse, um produto ou material que ele descarte, pretenda descartar ou \u00e9 obrigado a descartar. Isso significa que os detentores de res\u00edduos podem ser indiv\u00edduos, restaurantes, escolas, ou mesmo com\u00e9rcios. Nesta mat\u00e9ria procuramos explicar algumas das leis mais importantes do C\u00f3digo sobre res\u00edduos s\u00f3lidos e como elas s\u00e3o interpretadas e colocadas em pr\u00e1tica.<\/p>\n<p>Um dos maiores ativos do sistema sueco de reciclagem (e uma raz\u00e3o para a elevada taxa de reciclagem do pa\u00eds) \u00e9 a consci\u00eancia ambiental da popula\u00e7\u00e3o: os indiv\u00edduos est\u00e3o acostumados \u00e0 ideia de separar os res\u00edduos materiais gerados em seus lares. Enquanto a lei apenas estipula que o detentor de res\u00edduos \u00e9 respons\u00e1vel por garantir que o lixo seja manipulado de forma aceit\u00e1vel quanto \u00e0 sa\u00fade humana e ao ambiente, muitos suecos v\u00e3o al\u00e9m.<\/p>\n<h3><strong>A Hierarquia dos Res\u00edduos<\/strong><\/h3>\n<p><a href=\"https:\/\/rioonwatch.org.br\/wp-content\/uploads\/2019\/08\/gr\u00e1fico-sue.jpg\"><img decoding=\"async\" class=\"wp-image-42645 alignright\" src=\"https:\/\/rioonwatch.org.br\/wp-content\/uploads\/2019\/08\/gr\u00e1fico-sue.jpg\" alt=\"\" width=\"280\" height=\"298\" srcset=\"https:\/\/rioonwatch.org.br\/wp-content\/uploads\/2019\/08\/gr\u00e1fico-sue.jpg 525w, https:\/\/rioonwatch.org.br\/wp-content\/uploads\/2019\/08\/gr\u00e1fico-sue-248x264.jpg 248w\" sizes=\"(max-width: 280px) 100vw, 280px\" \/><\/a>A legisla\u00e7\u00e3o <a href=\"http:\/\/bit.ly\/30qiP2U\">Sueca<\/a> e da <a href=\"http:\/\/bit.ly\/30puijb\">Uni\u00e3o Europeia<\/a> estabelece o que \u00e9 conhecido como &#8220;hierarquia dos res\u00edduos&#8221;, uma classifica\u00e7\u00e3o do conjunto de prioridades no gerenciamento de res\u00edduos em rela\u00e7\u00e3o ao potencial de escolhas de elimina\u00e7\u00e3o em termos de sustentabilidade. A lista a seguir, classificada a partir da op\u00e7\u00e3o mais sustent\u00e1vel para a menos sustent\u00e1vel, serve como um guia para prevenir o esgotamento de recursos e deve ser considerada na ordem:<\/p>\n<ol>\n<li><strong>Evitar e reduzir a gera\u00e7\u00e3o de res\u00edduos<\/strong><\/li>\n<li><strong>Reutilizar produtos e materiais tanto quanto poss\u00edvel em sua forma atual<\/strong><\/li>\n<li><strong>Reciclar materiais [transformando-os] em novos produtos<\/strong><\/li>\n<li><strong>Recuperar energia a partir do material<\/strong><\/li>\n<li><strong>Descarte de res\u00edduos em um aterro<\/strong><\/li>\n<\/ol>\n<p>Qualquer um que colete, transporte, recicle, descarte ou trate de res\u00edduos deve aplicar e agir de acordo com essa lista.<\/p>\n<p>Outro fator importante a contribuir com as altas taxas de reciclagem na Su\u00e9cia \u00e9 o sistema de coleta altamente funcional, que \u00e9 baseado em uma <a href=\"http:\/\/bit.ly\/2XSGjQK\" target=\"_blank\" rel=\"noopener noreferrer\">lei que dita a responsabilidade do produtor<\/a>. O regulamento de 1994 declara que qualquer um que manufature, transfira ou importe um certo tipo de produto deve assegurar que este produto\u2014depois de ser descartado\u2014seja coletado, levado, reciclado ou descartado de um modo aceit\u00e1vel para a sa\u00fade e para o ambiente. A lei se aplica a <a href=\"http:\/\/bit.ly\/2RpS4s8\" target=\"_blank\" rel=\"noopener noreferrer\">oito tipos de materiais<\/a> ou categorias de produtos: carros (abaixo de tr\u00eas toneladas), pneus de carros, medicamentos, materiais para embalagem, eletr\u00f4nicos, equipamentos el\u00e9tricos, baterias e pap\u00e9is (jornais, revistas e outros produtos similares feitos de papel). Dentro desse grupo, &#8220;materiais para embalagem&#8221; inclui tudo desde o pl\u00e1stico a vidros coloridos ou n\u00e3o, papel\u00e3o e metais como alum\u00ednio, a\u00e7o e cobre.<\/p>\n<p>Como consequ\u00eancia dessa lei, produtores de produtos similares tipicamente se unem e criam associa\u00e7\u00f5es comerciais com o prop\u00f3sito de facilitar a coleta e reciclagem. Uma dessas associa\u00e7\u00f5es, <a href=\"http:\/\/bit.ly\/2x87vMo\" target=\"_blank\" rel=\"noopener noreferrer\">Associa\u00e7\u00e3o de Coleta de Embalagens e Jornais<\/a>, \u00e9 respons\u00e1vel pela coleta de todos os res\u00edduos desse tipo gerados na Su\u00e9cia. Outra grande associa\u00e7\u00e3o \u00e9 a <a href=\"http:\/\/bit.ly\/2Y1YjbD\" target=\"_blank\" rel=\"noopener noreferrer\">Associa\u00e7\u00e3o de Circuito El\u00e9trico<\/a>, que lida com res\u00edduos de equipamentos el\u00e9tricos e eletr\u00f4nicos, <em>waste<\/em> <em>electric and electronic equipment<\/em>\u00a0(WEEE).<\/p>\n<p><a href=\"https:\/\/rioonwatch.org.br\/wp-content\/uploads\/2019\/08\/Coletor.jpg\"><img loading=\"lazy\" decoding=\"async\" class=\"alignright wp-image-42560 size-thumbnail\" title=\"Coletor para reciclagem de material eletr\u00f4nico. Foto: JL Richter\/Universidade de Lund\" src=\"https:\/\/rioonwatch.org.br\/wp-content\/uploads\/2019\/08\/Coletor-209x264.jpg\" alt=\"\" width=\"209\" height=\"264\" srcset=\"https:\/\/rioonwatch.org.br\/wp-content\/uploads\/2019\/08\/Coletor-209x264.jpg 209w, https:\/\/rioonwatch.org.br\/wp-content\/uploads\/2019\/08\/Coletor-491x620.jpg 491w, https:\/\/rioonwatch.org.br\/wp-content\/uploads\/2019\/08\/Coletor-768x969.jpg 768w, https:\/\/rioonwatch.org.br\/wp-content\/uploads\/2019\/08\/Coletor-812x1024.jpg 812w, https:\/\/rioonwatch.org.br\/wp-content\/uploads\/2019\/08\/Coletor.jpg 1200w\" sizes=\"(max-width: 209px) 100vw, 209px\" \/><\/a>O sistema de coleta de WEEE, que inclui alguns res\u00edduos perigosos\/danosos ao ambiente, como luzes tubulares e baterias, \u00e9 um pouco diferente daquele de embalagens. Desde 2007, muitos supermercados adotaram um cont\u00eainer de coleta chamado &#8220;o Coletor&#8221;, localizado nas proximidades ou dentro do estabelecimento para facilitar o descarte apropriado de pequenos dispositivos. Outros pontos de coleta para esses tipos de materiais s\u00e3o chamados de<em> waste and recycling stations<\/em> (WRS) (esta\u00e7\u00f5es de res\u00edduos e reciclagem). Gerenciadas por companhias municipais de gest\u00e3o de res\u00edduos, essas esta\u00e7\u00f5es oferecem cont\u00eaineres para a separa\u00e7\u00e3o e coleta de todos os tipos de res\u00edduos dom\u00e9sticos, incluindo lixo danoso, res\u00edduos de jardim, materiais de reforma, m\u00f3veis, metal, papel\u00e3o, partes de carro e t\u00eaxteis.<\/p>\n<blockquote><p><strong><em>Li\u00e7\u00f5es para o Rio<\/em><\/strong><em>: Res\u00edduos el\u00e9tricos e eletr\u00f4nicos cont\u00eam muitos metais valiosos que podem ser vendidos para gerar renda. Este mercado <\/em><a href=\"https:\/\/glo.bo\/2ZkdcT3\" target=\"_blank\" rel=\"noopener noreferrer\"><em>n\u00e3o \u00e9 explorado amplamente<\/em><\/a><em>\u00a0no Rio ou no Brasil e apresenta oportunidades significativas para a coleta e reciclagem locais. Deve ser observado, contudo, que res\u00edduos el\u00e9tricos e eletr\u00f4nicos precisam de manuseio apropriado sob condi\u00e7\u00f5es controladas, uma vez que alguns produtos cont\u00eam componentes perigosos.<\/em><\/p><\/blockquote>\n<p><a href=\"https:\/\/rioonwatch.org.br\/wp-content\/uploads\/2019\/08\/AndersHolmberg.png\"><img loading=\"lazy\" decoding=\"async\" class=\"aligncenter wp-image-42561 size-medium\" title=\"Sistema de separa\u00e7\u00e3o e processamento de res\u00edduos el\u00e9tricos e eletr\u00f4nicos. Gr\u00e1fico por Anders Holmberg\" src=\"https:\/\/rioonwatch.org.br\/wp-content\/uploads\/2019\/08\/AndersHolmberg-620x444.png\" alt=\"\" width=\"620\" height=\"444\" srcset=\"https:\/\/rioonwatch.org.br\/wp-content\/uploads\/2019\/08\/AndersHolmberg-620x444.png 620w, https:\/\/rioonwatch.org.br\/wp-content\/uploads\/2019\/08\/AndersHolmberg-368x264.png 368w, https:\/\/rioonwatch.org.br\/wp-content\/uploads\/2019\/08\/AndersHolmberg-768x550.png 768w, https:\/\/rioonwatch.org.br\/wp-content\/uploads\/2019\/08\/AndersHolmberg-1024x734.png 1024w, https:\/\/rioonwatch.org.br\/wp-content\/uploads\/2019\/08\/AndersHolmberg.png 1185w\" sizes=\"(max-width: 620px) 100vw, 620px\" \/><\/a><\/p>\n<p>Em seguida \u00e0 coleta de WEEE, seja no supermercado ou em uma WRS, os res\u00edduos s\u00e3o transportados a instala\u00e7\u00f5es de reciclagem onde s\u00e3o separados e tratados. Um dos primeiros passos desse processo se mant\u00e9m totalmente manual at\u00e9 hoje, uma vez que ainda n\u00e3o h\u00e1 tecnologia capaz de substituir a habilidade das pessoas de identificarem cuidadosamente e separaram delicadamente diferentes produtos. Depois da separa\u00e7\u00e3o manual, muitos dos componentes dos produtos s\u00e3o reciclados atrav\u00e9s de um processo automatizado, resultando em produtos finais de qualidade que podem ser introduzidos como mat\u00e9ria-prima em outros processos de produ\u00e7\u00e3o.<\/p>\n<p>Al\u00e9m de leis relativas \u00e0 responsabilidade do produtor, o c\u00f3digo ambiental estipula que, devido ao grande valor ambiental de certos materiais, produtores de embalagens para recipientes de bebidas prontas para o consumo como garrafas de polietileno tereftalato (PET) e latas de alum\u00ednio s\u00e3o obrigados a planejar e implementar um sistema de coleta envolvendo pagamentos de pr\u00eamios. Esses pr\u00eamios, por sua vez, encorajam consumidores a retornarem as embalagens ao sistema. Um sistema separado de coleta foi agora implementado em conex\u00e3o com supermercados, tornando f\u00e1cil e lucrativo para consumidores devolverem as embalagens. Atrav\u00e9s de um acordo com supermercados, a empresa que comercializa esses produtos, <a href=\"http:\/\/bit.ly\/2xcyxlz\">Pantamera<\/a>, cobra dos clientes aproximadamente R$0,44 extras por garrafas PET pequenas e latas de alum\u00ednio e R$0,88 extras por garrafas PET grandes. Esse valor \u00e9 reembolsado ao consumidor como um vale-presente no supermercado afiliado quando ele retorna a embalagem vazia ao sistema.<\/p>\n<blockquote><p><strong><em><u>Li\u00e7\u00f5es para o Rio<\/u><\/em><\/strong><em>: Infelizmente, o material coletado, separado e vendido por catadores informais de res\u00edduos e cooperativas continua a ser pouco valorizado no Rio de Janeiro. O real valor dos servi\u00e7os ambientais e de mercado que esses trabalhadores oferecem \u00e9 maior do que aquele que lhes \u00e9 pago. Material de baixa qualidade que demanda muitas horas de trabalho por pagamentos baixos poderia, em vez disso, ser reutilizado para o valor retornar para lares na comunidade. Transformar materiais de baixa qualidade em bijuterias ou outros artefatos vend\u00e1veis, por exemplo, poderia potencialmente aumentar a rentabilidade dos res\u00edduos que de outra forma recebem pouco pagamento em troca. Materiais, como embalagens TetraPak, tamb\u00e9m podem ser usados como revestimento reflexivo para manter as casas frescas.<\/em><\/p><\/blockquote>\n<p>Objetivos nacionais de reciclagem para materiais de embalagens e pap\u00e9is s\u00e3o decididos pelo <a href=\"http:\/\/bit.ly\/2KuOvQI\">governo sueco<\/a>. De acordo com empresas comerciais, em 2017, 70% do vidro; 65% do papel\u00e3o, cartolina e papel\u00e3o ondulado; 70% dos metais; 30% dos pl\u00e1sticos; 75% dos jornais e pap\u00e9is; 90% das garrafas PET; e 90% das latas de alum\u00ednio no pa\u00eds foram reciclados. Como a Su\u00e9cia tem uma longa tradi\u00e7\u00e3o em reciclar papel e vidro, estes s\u00e3o os dois materiais com o mais alto \u00edndice de reciclagem, de 95,5% e 93% respectivamente. Em torno de 81,3% das embalagens de metal, 81,3% de papel\u00e3o e 80,2% das embalagens pl\u00e1sticas foram recicladas. Apesar do sistema separado de coleta para PET e alum\u00ednio, a reciclagem de PET apenas alcan\u00e7ou 83.3% e a de alum\u00ednio, 85,9%, o que significa que essas duas categorias foram as \u00fanicas que falharam em atingir os objetivos nacionais em 2017.<\/p>\n<p><a href=\"https:\/\/rioonwatch.org.br\/wp-content\/uploads\/2019\/08\/Reciclagem-Su\u00e9cia.png\"><img loading=\"lazy\" decoding=\"async\" class=\"aligncenter wp-image-42564 size-content\" title=\"Ponto de reciclagem instalado em um complexo de apartamentos. Foto: Prefeitura de Estocolmo\" src=\"https:\/\/rioonwatch.org.br\/wp-content\/uploads\/2019\/08\/Reciclagem-Su\u00e9cia-620x264.png\" alt=\"\" width=\"620\" height=\"264\" srcset=\"https:\/\/rioonwatch.org.br\/wp-content\/uploads\/2019\/08\/Reciclagem-Su\u00e9cia-620x264.png 620w, https:\/\/rioonwatch.org.br\/wp-content\/uploads\/2019\/08\/Reciclagem-Su\u00e9cia-940x400.png 940w\" sizes=\"(max-width: 620px) 100vw, 620px\" \/><\/a><\/p>\n<p>Para todo res\u00edduo que n\u00e3o se encaixe em nenhuma das categorias de responsabilidade do produtor (como lixo residual, res\u00edduos de jardim, m\u00f3veis e partes menores de carros), o <a href=\"http:\/\/bit.ly\/2JzCarE\">governo municipal \u00e9 respons\u00e1vel pela coleta e pelo tratamento<\/a>. Isso resultou em v\u00e1rios modelos e experimentos para se descobrir sistemas adequados para cada munic\u00edpio. Contudo, a maioria dos diferentes sistemas de coleta na Su\u00e9cia \u00e9 integrada, o que significa que um ponto de coleta tem cont\u00eaineres para a maior parte dos tipos de materiais e res\u00edduos, seja aqueles de responsabilidade do produtor ou do munic\u00edpio. A ideia por tr\u00e1s disso \u00e9 facilitar o descarte apropriado de res\u00edduos a fim de aumentar o \u00edndice de reciclagem. O ponto de coleta para embalagens, lixo residual e itens menores normalmente est\u00e1 localizado pr\u00f3ximo a propriedades residenciais, chamado &#8220;<a href=\"http:\/\/bit.ly\/30nLRQH\">ponto de coleta perto de propriedades<\/a>\u201d. Para itens maiores como m\u00f3veis, res\u00edduos de jardinagem e partes de carros, o detentor de res\u00edduos \u00e9 obrigado a ir \u00e0 WRS. Numa tentativa de aumentar o \u00edndice de reciclagem, em 2018, o <a href=\"http:\/\/bit.ly\/31KVLNZ\">governo sueco decidiu<\/a> que coletas perto de propriedades devem estar conectadas a n\u00e3o menos do que 60% de todas as propriedades na Su\u00e9cia at\u00e9 2021 e que o financiamento completo dessa iniciativa \u00e9 de responsabilidade dos produtores.<\/p>\n<p>Tamb\u00e9m \u00e9 responsabilidade dos munic\u00edpios coletar e tratar res\u00edduos de alimentos. Como a lei sueca n\u00e3o requer que res\u00edduos aliment\u00edcios sejam separados de outros tipos de res\u00edduos, apenas 223 dos 290 munic\u00edpios oferecem cont\u00eaineres separados para restos de comida atualmente. Contudo, em 2018, o governo nacional optou por obrigar os munic\u00edpios a oferecer e financiar esse servi\u00e7o para todos os lares a partir de 2021. A maioria dos restos de comida coletados na Su\u00e9cia \u00e9 tratada atrav\u00e9s de digest\u00e3o anaer\u00f3bica para produzir biog\u00e1s, embora parte seja compostada no solo. Em 2017, o total de <a href=\"http:\/\/bit.ly\/2Ks5lzN\">produ\u00e7\u00e3o de energia de restos de comida suecos<\/a> foi de 975.680 MWh, dos quais 856.170 MWh foi de biog\u00e1s pr\u00f3prio para ve\u00edculos. Isso <a href=\"http:\/\/bit.ly\/2x64tbg\">substituiu em torno de 83,3 milh\u00f5es de metros c\u00fabicos de g\u00e1s natural<\/a> que, quando queimado, \u00e9 <a href=\"http:\/\/bit.ly\/2L4CDEH\">equivalente a aproximadamente 42.000 toneladas de CO<sub>2<\/sub><\/a>.<\/p>\n<blockquote><p><em><strong>Li\u00e7\u00f5es para o Rio<\/strong>: Embora o protocolo ideal para lidar com res\u00edduos aliment\u00edcios permane\u00e7a sendo a digest\u00e3o anaer\u00f3bica com a produ\u00e7\u00e3o de biog\u00e1s e reciclagem de nutrientes, <a href=\"http:\/\/bit.ly\/2DsZarI\" target=\"_blank\" rel=\"noopener noreferrer\">atualmente ocorrendo em uma favela<\/a> no Rio, comunidades no Rio e pelo Brasil podem facilmente melhorar seus ambientes apenas separando restos de comida (particularmente mat\u00e9ria vegetal) do restante do lixo dom\u00e9stico atrav\u00e9s de simples compostagem em casa. Dessa forma, as fam\u00edlias podem tanto reduzir os riscos para a sa\u00fade quanto reciclar nutrientes que retornam \u00e0 comunidade, tudo isso enquanto reduzem o impacto ambiental. Compostar restos de comida em casa ajuda a reduzir emiss\u00f5es e devolve os nutrientes ao solo local. Lembre-se de que nem todo res\u00edduo aliment\u00edcio \u00e9 apropriado para a compostagem, leia mais a respeito do que fazer e do que n\u00e3o fazer <a href=\"http:\/\/bit.ly\/32woDtu\">aqui<\/a>.<\/em><\/p><\/blockquote>\n<h3>Importando Res\u00edduos<\/h3>\n<p>Localizado bem ao norte na Europa, o clima da Su\u00e9cia \u00e9 frio e escuro durante a maior parte do ano. Como resultado, a na\u00e7\u00e3o tem necessidade de um sistema el\u00e9trico de aquecimento eficiente e de alto funcionamento. Por essa raz\u00e3o, o lixo residual \u00e9 usado como combust\u00edvel para incineradores produzirem calor e eletricidade. Em 2017, <a href=\"http:\/\/bit.ly\/2Ks5lzN\">a energia recuperada atrav\u00e9s de incinera\u00e7\u00e3o de res\u00edduos na Su\u00e9cia<\/a> foi equivalente \u00e0 demanda de aquecimento de 1.250.000 apartamentos e \u00e0 demanda de eletricidade de 680.000 apartamentos. Isso tamb\u00e9m minimizou a quantidade de res\u00edduos sendo descartado em aterros, e a emiss\u00e3o de gases de efeito estufa vinda de aterros foi <a href=\"http:\/\/bit.ly\/2Y33PY3\">reduzida em mais de 76% desde 1990<\/a> como resultado. Ademais, a incinera\u00e7\u00e3o de res\u00edduos substitui a necessidade de combust\u00edvel f\u00f3ssil e desse modo evita mais emiss\u00f5es.<\/p>\n<p><a href=\"https:\/\/rioonwatch.org.br\/wp-content\/uploads\/2019\/08\/Incinerador-de-lixo.jpg\"><img loading=\"lazy\" decoding=\"async\" class=\"aligncenter wp-image-42565 size-content\" title=\"Foto: Martin Almqvist\/John\u00e9r Images\/Corbis\" src=\"https:\/\/rioonwatch.org.br\/wp-content\/uploads\/2019\/08\/Incinerador-de-lixo-620x264.jpg\" alt=\"\" width=\"620\" height=\"264\" srcset=\"https:\/\/rioonwatch.org.br\/wp-content\/uploads\/2019\/08\/Incinerador-de-lixo-620x264.jpg 620w, https:\/\/rioonwatch.org.br\/wp-content\/uploads\/2019\/08\/Incinerador-de-lixo-940x400.jpg 940w\" sizes=\"(max-width: 620px) 100vw, 620px\" \/><\/a><\/p>\n<p>De acordo com a Associa\u00e7\u00e3o Sueca de Gest\u00e3o de Res\u00edduos, a <a href=\"http:\/\/bit.ly\/2L4pwU8\">capacidade de instala\u00e7\u00f5es de incinera\u00e7\u00e3o<\/a> \u00e9 aproximadamente 21% maior do que a quantidade de lixo residual gerada na Su\u00e9cia hoje. Dessa forma, h\u00e1 uma <a href=\"https:\/\/nyti.ms\/2XXyhGd\">demanda para mais lixo residual como combust\u00edvel<\/a> e a solu\u00e7\u00e3o foi importar res\u00edduos de outros pa\u00edses. Segundo a Ag\u00eancia Sueca de Prote\u00e7\u00e3o Ambiental, mais de 2,5 milh\u00f5es de toneladas de res\u00edduos s\u00e3o importados para a Su\u00e9cia a cada ano, a maioria da Noruega e da Gr\u00e3-Bretanha.<\/p>\n<p>Nos \u00faltimos seis anos, cerca de 50% de todos os res\u00edduos dom\u00e9sticos foram tratados atrav\u00e9s de recupera\u00e7\u00e3o de energia. Em torno de 15% s\u00e3o res\u00edduos org\u00e2nicos reciclados, 34% materiais reciclados e menos de 0,5% vai para aterros sanit\u00e1rios.<\/p>\n<p><a href=\"https:\/\/rioonwatch.org.br\/wp-content\/uploads\/2019\/08\/Tabela-su\u00e9ciaok.jpg\"><img loading=\"lazy\" decoding=\"async\" class=\"aligncenter wp-image-42640 size-content\" title=\"Compara\u00e7\u00e3o entre as tend\u00eancias de tratamento de lixo atuais e a hierarquia dos res\u00edduos. Gr\u00e1fico: Emma Bergman. Fonte: Associa\u00e7\u00e3o Sueca de Gest\u00e3o de Res\u00edduos\" src=\"https:\/\/rioonwatch.org.br\/wp-content\/uploads\/2019\/08\/Tabela-su\u00e9ciaok-620x264.jpg\" alt=\"\" width=\"620\" height=\"264\" srcset=\"https:\/\/rioonwatch.org.br\/wp-content\/uploads\/2019\/08\/Tabela-su\u00e9ciaok-620x264.jpg 620w, https:\/\/rioonwatch.org.br\/wp-content\/uploads\/2019\/08\/Tabela-su\u00e9ciaok-940x400.jpg 940w\" sizes=\"(max-width: 620px) 100vw, 620px\" \/><\/a><\/p>\n<p>O sistema de gest\u00e3o de res\u00edduos sueco \u00e9 bem-sucedido devido \u00e0s suas ambiciosas pol\u00edticas ambientais, ao respeito em geral pela lei sueca e a uma popula\u00e7\u00e3o com um hist\u00f3rico de aprecia\u00e7\u00e3o e respeito pela natureza. <a href=\"http:\/\/bit.ly\/31KVLNZ\">As novas regulamenta\u00e7\u00f5es<\/a> a serem implementadas nos pr\u00f3ximos dois a tr\u00eas anos v\u00e3o, provavelmente, continuar a melhorar as taxas de reciclagem e a diminuir ainda mais os efeitos ambientais de se gerar lixo.<\/p>\n<h3>Veja a apresenta\u00e7\u00e3o completa de Emma aqui:<\/h3>\n<p><iframe src=\"https:\/\/docs.google.com\/presentation\/d\/e\/2PACX-1vS1eD7c3irylN-61b55XmYTf9J_nzMBo1RUpWN1cCInVGGbY6BW386hteM7DVdk2w\/embed?start=false&amp;loop=false&amp;delayms=3000\" width=\"640\" height=\"389\" frameborder=\"0\" allowfullscreen=\"allowfullscreen\"><\/iframe><br \/>\n<em>Emma Bergman \u00e9 mestranda em engenharia ambiental na Faculdade de Engenharia da Universidade de Lund, na Su\u00e9cia. Sua pesquisa analisa a gest\u00e3o de res\u00edduos nas favelas do Rio.<\/em><\/p>\n<p>*Comunidades Catalisadoras \u00e9 a organiza\u00e7\u00e3o que publica o <em>RioOnWatch<\/em> e facilita a Rede Favela Sustent\u00e1vel.<a href=\"https:\/\/www.rioonwatch.org\/wp-content\/uploads\/2019\/07\/Recycling-Sweden.png\"><br \/>\n<\/a><\/p>\n<!-- AddThis Advanced Settings generic via filter on the_content --><!-- AddThis Share Buttons generic via filter on the_content -->","protected":false},"excerpt":{"rendered":"<div class=\"mh-excerpt\"><p>Click Here for English No dia 7 de junho, Carlos Andr\u00e9 do Nascimento, diretor da Regi\u00e3o de Oficina Nacional de Grafite Organizado (RONGO)\u2014uma iniciativa art\u00edstica e ambiental comunit\u00e1ria e parte da Rede Favela Sustent\u00e1vel, do <a class=\"mh-excerpt-more\" href=\"https:\/\/rioonwatch.org.br\/?p=42552\" title=\"Por Que a Su\u00e9cia Importa Res\u00edduos? Explicando o Sistema Sueco de Gest\u00e3o de Res\u00edduos [REFER\u00caNCIA]\">[&#8230;]<\/a><!-- AddThis Advanced Settings generic via filter on get_the_excerpt --><!-- AddThis Share Buttons generic via filter on get_the_excerpt --><\/p>\n<\/div>","protected":false},"author":152,"featured_media":42557,"comment_status":"closed","ping_status":"closed","sticky":false,"template":"","format":"standard","meta":{"_acf_changed":false,"_monsterinsights_skip_tracking":false,"_monsterinsights_sitenote_active":false,"_monsterinsights_sitenote_note":"","_monsterinsights_sitenote_category":0,"footnotes":""},"categories":[1621,1627,1632,1626,342],"tags":[299,821,759,1442,1554,635,2147,1637,106,1719,1360,361,1347,404,218],"writer":[2638],"translator":[1895],"source":[],"ilustrador":[],"fotografo":[],"class_list":{"0":"post-42552","1":"post","2":"type-post","3":"status-publish","4":"format-standard","5":"has-post-thumbnail","7":"category-destaque","8":"category-relato-de-evento","9":"category-pesquisa-e-analise","10":"category-por-observadores-internacionais","11":"category-solucoes","12":"tag-alimentacao","13":"tag-biodigestor","14":"tag-comparacao-internacional","15":"tag-compostagem","16":"tag-gestao-de-residuos","17":"tag-light","18":"tag-lixo-zero","19":"tag-referencia","20":"tag-meio-ambiente","21":"tag-mudancas-climaticas","22":"tag-pavuna","23":"tag-reciclagem","24":"tag-solucao","25":"tag-sustentabilidade","26":"tag-zona-norte","27":"writer-emma-bergman","28":"translator-francine-oliveira"},"acf":[],"yoast_head":"<!-- This site is optimized with the Yoast SEO plugin v25.6 - https:\/\/yoast.com\/wordpress\/plugins\/seo\/ -->\n<title>Por Que a Su\u00e9cia Importa Res\u00edduos? Explicando o Sistema Sueco de Gest\u00e3o de Res\u00edduos [REFER\u00caNCIA] - RioOnWatch<\/title>\n<meta name=\"robots\" content=\"index, follow, max-snippet:-1, max-image-preview:large, max-video-preview:-1\" \/>\n<link rel=\"canonical\" href=\"https:\/\/rioonwatch.org.br\/?p=42552\" \/>\n<meta property=\"og:locale\" content=\"pt_BR\" \/>\n<meta property=\"og:type\" content=\"article\" \/>\n<meta property=\"og:title\" content=\"Por Que a Su\u00e9cia Importa Res\u00edduos? Explicando o Sistema Sueco de Gest\u00e3o de Res\u00edduos [REFER\u00caNCIA] - RioOnWatch\" \/>\n<meta property=\"og:description\" content=\"Click Here for English No dia 7 de junho, Carlos Andr\u00e9 do Nascimento, diretor da Regi\u00e3o de Oficina Nacional de Grafite Organizado (RONGO)\u2014uma iniciativa art\u00edstica e ambiental comunit\u00e1ria e parte da Rede Favela Sustent\u00e1vel, do [...]\" \/>\n<meta property=\"og:url\" content=\"https:\/\/rioonwatch.org.br\/?p=42552\" \/>\n<meta property=\"og:site_name\" content=\"RioOnWatch\" \/>\n<meta property=\"article:published_time\" content=\"2019-08-22T18:41:35+00:00\" \/>\n<meta property=\"article:modified_time\" content=\"2024-06-20T15:33:54+00:00\" \/>\n<meta property=\"og:image\" content=\"https:\/\/rioonwatch.org.br\/wp-content\/uploads\/2019\/08\/Coletor-de-reciclados.jpg\" \/>\n\t<meta property=\"og:image:width\" content=\"600\" \/>\n\t<meta property=\"og:image:height\" content=\"400\" \/>\n\t<meta property=\"og:image:type\" content=\"image\/jpeg\" \/>\n<meta name=\"author\" content=\"Luisa Fenizola\" \/>\n<meta name=\"twitter:card\" content=\"summary_large_image\" \/>\n<meta name=\"twitter:label1\" content=\"Escrito por\" \/>\n\t<meta name=\"twitter:data1\" content=\"Luisa Fenizola\" \/>\n\t<meta name=\"twitter:label2\" content=\"Est. tempo de leitura\" \/>\n\t<meta name=\"twitter:data2\" content=\"13 minutos\" \/>\n<script type=\"application\/ld+json\" class=\"yoast-schema-graph\">{\"@context\":\"https:\/\/schema.org\",\"@graph\":[{\"@type\":\"Article\",\"@id\":\"https:\/\/rioonwatch.org.br\/?p=42552#article\",\"isPartOf\":{\"@id\":\"https:\/\/rioonwatch.org.br\/?p=42552\"},\"author\":{\"name\":\"Luisa Fenizola\",\"@id\":\"https:\/\/rioonwatch.org.br\/#\/schema\/person\/f443c6b55bb6e80842280318076491c5\"},\"headline\":\"Por Que a Su\u00e9cia Importa Res\u00edduos? Explicando o Sistema Sueco de Gest\u00e3o de Res\u00edduos [REFER\u00caNCIA]\",\"datePublished\":\"2019-08-22T18:41:35+00:00\",\"dateModified\":\"2024-06-20T15:33:54+00:00\",\"mainEntityOfPage\":{\"@id\":\"https:\/\/rioonwatch.org.br\/?p=42552\"},\"wordCount\":2473,\"publisher\":{\"@id\":\"https:\/\/rioonwatch.org.br\/#organization\"},\"image\":{\"@id\":\"https:\/\/rioonwatch.org.br\/?p=42552#primaryimage\"},\"thumbnailUrl\":\"https:\/\/rioonwatch.org.br\/wp-content\/uploads\/2019\/08\/Coletor-de-reciclados.jpg\",\"keywords\":[\"alimenta\u00e7\u00e3o\",\"biodigestor\",\"compara\u00e7\u00e3o internacional\",\"compostagem\",\"gest\u00e3o de res\u00edduos\",\"Light\",\"lixo zero\",\"Mat\u00e9rias de Refer\u00eancia\",\"meio ambiente\",\"mudan\u00e7as clim\u00e1ticas\",\"Pavuna\",\"reciclagem\",\"solu\u00e7\u00e3o\",\"sustentabilidade\",\"Zona Norte\"],\"articleSection\":[\"*Destaque\",\"Cobertura de Eventos\",\"Dados e Pesquisa\",\"Escrito por Aliados\",\"Solu\u00e7\u00f5es\"],\"inLanguage\":\"pt-BR\"},{\"@type\":\"WebPage\",\"@id\":\"https:\/\/rioonwatch.org.br\/?p=42552\",\"url\":\"https:\/\/rioonwatch.org.br\/?p=42552\",\"name\":\"Por Que a Su\u00e9cia Importa Res\u00edduos? Explicando o Sistema Sueco de Gest\u00e3o de Res\u00edduos [REFER\u00caNCIA] - RioOnWatch\",\"isPartOf\":{\"@id\":\"https:\/\/rioonwatch.org.br\/#website\"},\"primaryImageOfPage\":{\"@id\":\"https:\/\/rioonwatch.org.br\/?p=42552#primaryimage\"},\"image\":{\"@id\":\"https:\/\/rioonwatch.org.br\/?p=42552#primaryimage\"},\"thumbnailUrl\":\"https:\/\/rioonwatch.org.br\/wp-content\/uploads\/2019\/08\/Coletor-de-reciclados.jpg\",\"datePublished\":\"2019-08-22T18:41:35+00:00\",\"dateModified\":\"2024-06-20T15:33:54+00:00\",\"breadcrumb\":{\"@id\":\"https:\/\/rioonwatch.org.br\/?p=42552#breadcrumb\"},\"inLanguage\":\"pt-BR\",\"potentialAction\":[{\"@type\":\"ReadAction\",\"target\":[\"https:\/\/rioonwatch.org.br\/?p=42552\"]}]},{\"@type\":\"ImageObject\",\"inLanguage\":\"pt-BR\",\"@id\":\"https:\/\/rioonwatch.org.br\/?p=42552#primaryimage\",\"url\":\"https:\/\/rioonwatch.org.br\/wp-content\/uploads\/2019\/08\/Coletor-de-reciclados.jpg\",\"contentUrl\":\"https:\/\/rioonwatch.org.br\/wp-content\/uploads\/2019\/08\/Coletor-de-reciclados.jpg\",\"width\":600,\"height\":400},{\"@type\":\"BreadcrumbList\",\"@id\":\"https:\/\/rioonwatch.org.br\/?p=42552#breadcrumb\",\"itemListElement\":[{\"@type\":\"ListItem\",\"position\":1,\"name\":\"In\u00edcio\",\"item\":\"https:\/\/rioonwatch.org.br\/\"},{\"@type\":\"ListItem\",\"position\":2,\"name\":\"Por Que a Su\u00e9cia Importa Res\u00edduos? Explicando o Sistema Sueco de Gest\u00e3o de Res\u00edduos [REFER\u00caNCIA]\"}]},{\"@type\":\"WebSite\",\"@id\":\"https:\/\/rioonwatch.org.br\/#website\",\"url\":\"https:\/\/rioonwatch.org.br\/\",\"name\":\"RioOnWatch\",\"description\":\"relatos das favelas cariocas\",\"publisher\":{\"@id\":\"https:\/\/rioonwatch.org.br\/#organization\"},\"potentialAction\":[{\"@type\":\"SearchAction\",\"target\":{\"@type\":\"EntryPoint\",\"urlTemplate\":\"https:\/\/rioonwatch.org.br\/?s={search_term_string}\"},\"query-input\":{\"@type\":\"PropertyValueSpecification\",\"valueRequired\":true,\"valueName\":\"search_term_string\"}}],\"inLanguage\":\"pt-BR\"},{\"@type\":\"Organization\",\"@id\":\"https:\/\/rioonwatch.org.br\/#organization\",\"name\":\"RioOnWatch\",\"url\":\"https:\/\/rioonwatch.org.br\/\",\"logo\":{\"@type\":\"ImageObject\",\"inLanguage\":\"pt-BR\",\"@id\":\"https:\/\/rioonwatch.org.br\/#\/schema\/logo\/image\/\",\"url\":\"https:\/\/rioonwatch.org.br\/wp-content\/uploads\/2021\/06\/RioOnWatchcabecalhoPT11anos-2.png\",\"contentUrl\":\"https:\/\/rioonwatch.org.br\/wp-content\/uploads\/2021\/06\/RioOnWatchcabecalhoPT11anos-2.png\",\"width\":779,\"height\":277,\"caption\":\"RioOnWatch\"},\"image\":{\"@id\":\"https:\/\/rioonwatch.org.br\/#\/schema\/logo\/image\/\"}},{\"@type\":\"Person\",\"@id\":\"https:\/\/rioonwatch.org.br\/#\/schema\/person\/f443c6b55bb6e80842280318076491c5\",\"name\":\"Luisa Fenizola\",\"image\":{\"@type\":\"ImageObject\",\"inLanguage\":\"pt-BR\",\"@id\":\"https:\/\/rioonwatch.org.br\/#\/schema\/person\/image\/\",\"url\":\"https:\/\/secure.gravatar.com\/avatar\/a3d551110162b9f876cbbdaaecf75663?s=96&d=blank&r=g\",\"contentUrl\":\"https:\/\/secure.gravatar.com\/avatar\/a3d551110162b9f876cbbdaaecf75663?s=96&d=blank&r=g\",\"caption\":\"Luisa Fenizola\"},\"url\":\"https:\/\/rioonwatch.org.br\/?author=152\"}]}<\/script>\n<!-- \/ Yoast SEO plugin. -->","yoast_head_json":{"title":"Por Que a Su\u00e9cia Importa Res\u00edduos? Explicando o Sistema Sueco de Gest\u00e3o de Res\u00edduos [REFER\u00caNCIA] - RioOnWatch","robots":{"index":"index","follow":"follow","max-snippet":"max-snippet:-1","max-image-preview":"max-image-preview:large","max-video-preview":"max-video-preview:-1"},"canonical":"https:\/\/rioonwatch.org.br\/?p=42552","og_locale":"pt_BR","og_type":"article","og_title":"Por Que a Su\u00e9cia Importa Res\u00edduos? Explicando o Sistema Sueco de Gest\u00e3o de Res\u00edduos [REFER\u00caNCIA] - RioOnWatch","og_description":"Click Here for English No dia 7 de junho, Carlos Andr\u00e9 do Nascimento, diretor da Regi\u00e3o de Oficina Nacional de Grafite Organizado (RONGO)\u2014uma iniciativa art\u00edstica e ambiental comunit\u00e1ria e parte da Rede Favela Sustent\u00e1vel, do [...]","og_url":"https:\/\/rioonwatch.org.br\/?p=42552","og_site_name":"RioOnWatch","article_published_time":"2019-08-22T18:41:35+00:00","article_modified_time":"2024-06-20T15:33:54+00:00","og_image":[{"width":600,"height":400,"url":"https:\/\/rioonwatch.org.br\/wp-content\/uploads\/2019\/08\/Coletor-de-reciclados.jpg","type":"image\/jpeg"}],"author":"Luisa Fenizola","twitter_card":"summary_large_image","twitter_misc":{"Escrito por":"Luisa Fenizola","Est. tempo de leitura":"13 minutos"},"schema":{"@context":"https:\/\/schema.org","@graph":[{"@type":"Article","@id":"https:\/\/rioonwatch.org.br\/?p=42552#article","isPartOf":{"@id":"https:\/\/rioonwatch.org.br\/?p=42552"},"author":{"name":"Luisa Fenizola","@id":"https:\/\/rioonwatch.org.br\/#\/schema\/person\/f443c6b55bb6e80842280318076491c5"},"headline":"Por Que a Su\u00e9cia Importa Res\u00edduos? Explicando o Sistema Sueco de Gest\u00e3o de Res\u00edduos [REFER\u00caNCIA]","datePublished":"2019-08-22T18:41:35+00:00","dateModified":"2024-06-20T15:33:54+00:00","mainEntityOfPage":{"@id":"https:\/\/rioonwatch.org.br\/?p=42552"},"wordCount":2473,"publisher":{"@id":"https:\/\/rioonwatch.org.br\/#organization"},"image":{"@id":"https:\/\/rioonwatch.org.br\/?p=42552#primaryimage"},"thumbnailUrl":"https:\/\/rioonwatch.org.br\/wp-content\/uploads\/2019\/08\/Coletor-de-reciclados.jpg","keywords":["alimenta\u00e7\u00e3o","biodigestor","compara\u00e7\u00e3o internacional","compostagem","gest\u00e3o de res\u00edduos","Light","lixo zero","Mat\u00e9rias de Refer\u00eancia","meio ambiente","mudan\u00e7as clim\u00e1ticas","Pavuna","reciclagem","solu\u00e7\u00e3o","sustentabilidade","Zona Norte"],"articleSection":["*Destaque","Cobertura de Eventos","Dados e Pesquisa","Escrito por Aliados","Solu\u00e7\u00f5es"],"inLanguage":"pt-BR"},{"@type":"WebPage","@id":"https:\/\/rioonwatch.org.br\/?p=42552","url":"https:\/\/rioonwatch.org.br\/?p=42552","name":"Por Que a Su\u00e9cia Importa Res\u00edduos? Explicando o Sistema Sueco de Gest\u00e3o de Res\u00edduos [REFER\u00caNCIA] - RioOnWatch","isPartOf":{"@id":"https:\/\/rioonwatch.org.br\/#website"},"primaryImageOfPage":{"@id":"https:\/\/rioonwatch.org.br\/?p=42552#primaryimage"},"image":{"@id":"https:\/\/rioonwatch.org.br\/?p=42552#primaryimage"},"thumbnailUrl":"https:\/\/rioonwatch.org.br\/wp-content\/uploads\/2019\/08\/Coletor-de-reciclados.jpg","datePublished":"2019-08-22T18:41:35+00:00","dateModified":"2024-06-20T15:33:54+00:00","breadcrumb":{"@id":"https:\/\/rioonwatch.org.br\/?p=42552#breadcrumb"},"inLanguage":"pt-BR","potentialAction":[{"@type":"ReadAction","target":["https:\/\/rioonwatch.org.br\/?p=42552"]}]},{"@type":"ImageObject","inLanguage":"pt-BR","@id":"https:\/\/rioonwatch.org.br\/?p=42552#primaryimage","url":"https:\/\/rioonwatch.org.br\/wp-content\/uploads\/2019\/08\/Coletor-de-reciclados.jpg","contentUrl":"https:\/\/rioonwatch.org.br\/wp-content\/uploads\/2019\/08\/Coletor-de-reciclados.jpg","width":600,"height":400},{"@type":"BreadcrumbList","@id":"https:\/\/rioonwatch.org.br\/?p=42552#breadcrumb","itemListElement":[{"@type":"ListItem","position":1,"name":"In\u00edcio","item":"https:\/\/rioonwatch.org.br\/"},{"@type":"ListItem","position":2,"name":"Por Que a Su\u00e9cia Importa Res\u00edduos? Explicando o Sistema Sueco de Gest\u00e3o de Res\u00edduos [REFER\u00caNCIA]"}]},{"@type":"WebSite","@id":"https:\/\/rioonwatch.org.br\/#website","url":"https:\/\/rioonwatch.org.br\/","name":"RioOnWatch","description":"relatos das favelas cariocas","publisher":{"@id":"https:\/\/rioonwatch.org.br\/#organization"},"potentialAction":[{"@type":"SearchAction","target":{"@type":"EntryPoint","urlTemplate":"https:\/\/rioonwatch.org.br\/?s={search_term_string}"},"query-input":{"@type":"PropertyValueSpecification","valueRequired":true,"valueName":"search_term_string"}}],"inLanguage":"pt-BR"},{"@type":"Organization","@id":"https:\/\/rioonwatch.org.br\/#organization","name":"RioOnWatch","url":"https:\/\/rioonwatch.org.br\/","logo":{"@type":"ImageObject","inLanguage":"pt-BR","@id":"https:\/\/rioonwatch.org.br\/#\/schema\/logo\/image\/","url":"https:\/\/rioonwatch.org.br\/wp-content\/uploads\/2021\/06\/RioOnWatchcabecalhoPT11anos-2.png","contentUrl":"https:\/\/rioonwatch.org.br\/wp-content\/uploads\/2021\/06\/RioOnWatchcabecalhoPT11anos-2.png","width":779,"height":277,"caption":"RioOnWatch"},"image":{"@id":"https:\/\/rioonwatch.org.br\/#\/schema\/logo\/image\/"}},{"@type":"Person","@id":"https:\/\/rioonwatch.org.br\/#\/schema\/person\/f443c6b55bb6e80842280318076491c5","name":"Luisa Fenizola","image":{"@type":"ImageObject","inLanguage":"pt-BR","@id":"https:\/\/rioonwatch.org.br\/#\/schema\/person\/image\/","url":"https:\/\/secure.gravatar.com\/avatar\/a3d551110162b9f876cbbdaaecf75663?s=96&d=blank&r=g","contentUrl":"https:\/\/secure.gravatar.com\/avatar\/a3d551110162b9f876cbbdaaecf75663?s=96&d=blank&r=g","caption":"Luisa Fenizola"},"url":"https:\/\/rioonwatch.org.br\/?author=152"}]}},"_links":{"self":[{"href":"https:\/\/rioonwatch.org.br\/index.php?rest_route=\/wp\/v2\/posts\/42552"}],"collection":[{"href":"https:\/\/rioonwatch.org.br\/index.php?rest_route=\/wp\/v2\/posts"}],"about":[{"href":"https:\/\/rioonwatch.org.br\/index.php?rest_route=\/wp\/v2\/types\/post"}],"author":[{"embeddable":true,"href":"https:\/\/rioonwatch.org.br\/index.php?rest_route=\/wp\/v2\/users\/152"}],"replies":[{"embeddable":true,"href":"https:\/\/rioonwatch.org.br\/index.php?rest_route=%2Fwp%2Fv2%2Fcomments&post=42552"}],"version-history":[{"count":30,"href":"https:\/\/rioonwatch.org.br\/index.php?rest_route=\/wp\/v2\/posts\/42552\/revisions"}],"predecessor-version":[{"id":74110,"href":"https:\/\/rioonwatch.org.br\/index.php?rest_route=\/wp\/v2\/posts\/42552\/revisions\/74110"}],"wp:featuredmedia":[{"embeddable":true,"href":"https:\/\/rioonwatch.org.br\/index.php?rest_route=\/wp\/v2\/media\/42557"}],"wp:attachment":[{"href":"https:\/\/rioonwatch.org.br\/index.php?rest_route=%2Fwp%2Fv2%2Fmedia&parent=42552"}],"wp:term":[{"taxonomy":"category","embeddable":true,"href":"https:\/\/rioonwatch.org.br\/index.php?rest_route=%2Fwp%2Fv2%2Fcategories&post=42552"},{"taxonomy":"post_tag","embeddable":true,"href":"https:\/\/rioonwatch.org.br\/index.php?rest_route=%2Fwp%2Fv2%2Ftags&post=42552"},{"taxonomy":"writer","embeddable":true,"href":"https:\/\/rioonwatch.org.br\/index.php?rest_route=%2Fwp%2Fv2%2Fwriter&post=42552"},{"taxonomy":"translator","embeddable":true,"href":"https:\/\/rioonwatch.org.br\/index.php?rest_route=%2Fwp%2Fv2%2Ftranslator&post=42552"},{"taxonomy":"source","embeddable":true,"href":"https:\/\/rioonwatch.org.br\/index.php?rest_route=%2Fwp%2Fv2%2Fsource&post=42552"},{"taxonomy":"ilustrador","embeddable":true,"href":"https:\/\/rioonwatch.org.br\/index.php?rest_route=%2Fwp%2Fv2%2Filustrador&post=42552"},{"taxonomy":"fotografo","embeddable":true,"href":"https:\/\/rioonwatch.org.br\/index.php?rest_route=%2Fwp%2Fv2%2Ffotografo&post=42552"}],"curies":[{"name":"wp","href":"https:\/\/api.w.org\/{rel}","templated":true}]}}