{"id":42751,"date":"2019-08-29T11:25:07","date_gmt":"2019-08-29T14:25:07","guid":{"rendered":"https:\/\/rioonwatch.org.br\/?p=42751"},"modified":"2019-10-01T17:09:02","modified_gmt":"2019-10-01T20:09:02","slug":"sos-jardim-gramacho-mobiliza-moradores-e-cooperativas-de-reciclagem-no-antigo-aterro-sanitario-redefavelasustentavel-perfil","status":"publish","type":"post","link":"https:\/\/rioonwatch.org.br\/?p=42751","title":{"rendered":"SOS Jardim Gramacho Mobiliza Moradores e Cooperativas de Reciclagem do Antigo Aterro Sanit\u00e1rio #RedeFavelaSustent\u00e1vel [PERFIL]"},"content":{"rendered":"<p style=\"text-align: right;\"><em><strong><a href=\"http:\/\/bit.ly\/2TFaSVx\" target=\"_blank\" rel=\"noopener noreferrer\">Click Here for English<\/a><a href=\"http:\/\/bit.ly\/2TFaSVx\" target=\"_blank\" rel=\"noopener noreferrer\"><img decoding=\"async\" width=\"20\" height=\"20\" class=\"alignright wp-image-15790\" src=\"http:\/\/rioonwatch.org.br\/wp-content\/uploads\/2012\/08\/EN-standard-e1439583104716.jpg\" \/><\/a><\/strong><\/em><\/p>\n<blockquote>\n<p style=\"text-align: left;\"><span style=\"text-decoration: underline;\"><strong>Iniciativa<\/strong><\/span>: SOS Jardim Gramacho<br \/>\n<span style=\"text-decoration: underline;\"><strong>Contato<\/strong><\/span>: <a href=\"http:\/\/bit.ly\/2xE7XCk\" target=\"_blank\" rel=\"noopener noreferrer\">Facebook<\/a> | <a href=\"mailto: sosgramacho@favelasustentavel.org\" target=\"_blank\" rel=\"noopener noreferrer\">Email<\/a><br \/>\n<span style=\"text-decoration: underline;\"><strong>Ano de Funda\u00e7\u00e3o<\/strong><\/span>: 2015<br \/>\n<span style=\"text-decoration: underline;\"><strong>Comunidade<\/strong><\/span>: Jardim Gramacho (Baixada Fluminense)<br \/>\n<span style=\"text-decoration: underline;\"><strong>Miss\u00e3o<\/strong><\/span>: Mobilizar e conscientizar moradores, incentivando a reciclagem<br \/>\n<span style=\"text-decoration: underline;\"><strong>Eventos P\u00fablicos<\/strong><\/span>: SOS Jardim Gramacho organiza um <a href=\"http:\/\/bit.ly\/2Z8JfoP\" target=\"_blank\" rel=\"noopener noreferrer\">protesto p\u00fablico anual<\/a> no anivers\u00e1rio do fechamento do aterro sanit\u00e1rio de Jardim Gramacho (3 de junho)<br \/>\n<span style=\"text-decoration: underline;\"><strong>Como Contribuir<\/strong><\/span>: Participar nos eventos, ser volunt\u00e1rio e doar para a iniciativa e para as cooperativas de reciclagem<\/p>\n<\/blockquote>\n<p>O SOS Jardim Gramacho \u00e9 um movimento social dirigido por moradores para moradores. Fundado em janeiro de 2015, o projeto busca melhorar a qualidade de vida da comunidade do <a href=\"http:\/\/bit.ly\/1Swouxt\" target=\"_blank\" rel=\"noopener noreferrer\">Jardim Gramacho<\/a>, localizado na <a href=\"http:\/\/bit.ly\/2EF7aoE\" target=\"_blank\" rel=\"noopener noreferrer\">Baixada Fluminense<\/a>, combatendo a \u201ccultura de res\u00edduos\u201d que permite que <a href=\"http:\/\/bit.ly\/2tXIhP3\" target=\"_blank\" rel=\"noopener noreferrer\">consequ\u00eancias da cria\u00e7\u00e3o e da coleta desestruturadas de res\u00edduos<\/a> sejam ignoradas. A iniciativa concentra-se em sensibilizar moradores para os benef\u00edcios da triagem de res\u00edduos e colabora com cooperativas de reciclagem, empresas e outros movimentos sociais na Baixada para promover o aprendizado cont\u00ednuo e apoiar oportunidades de gera\u00e7\u00e3o de renda para os catadores de materiais recicl\u00e1veis. \u201cA gente sempre brigou pela melhoria do bairro, depois do <a href=\"http:\/\/bit.ly\/2WLgkLf\" target=\"_blank\" rel=\"noopener noreferrer\">fechamento<\/a> [do aterro sanit\u00e1rio]. A\u00a0promessa era que se tornasse um bairro moderno, teria escolas, pra\u00e7as, saneamento b\u00e1sico. S\u00f3 que isso nunca aconteceu\u201d, diz Jovelita Miranda, uma das organizadoras da SOS Jardim Gramacho.<\/p>\n<p><a href=\"https:\/\/www.rioonwatch.org\/wp-content\/uploads\/2019\/06\/Jovelita.jpg\"><img fetchpriority=\"high\" decoding=\"async\" class=\"aligncenter wp-image-54049 size-large\" title=\"Jovelita Miranda. Foto: Daiana Contini\" src=\"https:\/\/www.rioonwatch.org\/wp-content\/uploads\/2019\/06\/Jovelita-1024x768.jpg\" alt=\"\" width=\"620\" height=\"465\" \/><\/a><\/p>\n<p>Constru\u00eddo na d\u00e9cada de 1970, e ganhando notoriedade mundial atrav\u00e9s da sua representa\u00e7\u00e3o no document\u00e1rio <a href=\"http:\/\/bit.ly\/2HrQja1\" target=\"_blank\" rel=\"noopener noreferrer\">Lixo Extraordin\u00e1rio<\/a> (<a href=\"https:\/\/glo.bo\/2HSaPUc\" target=\"_blank\" rel=\"noopener noreferrer\">indicado ao Oscar em 2011<\/a> e dispon\u00edvel <a href=\"http:\/\/bit.ly\/2RtA4vC\" target=\"_blank\" rel=\"noopener noreferrer\">aqui<\/a>), o aterro de Jardim Gramacho era anteriormente o <a href=\"https:\/\/glo.bo\/30kkbfA\" target=\"_blank\" rel=\"noopener noreferrer\">maior aterro de lixo da Am\u00e9rica Latina<\/a> e <a href=\"https:\/\/cnn.it\/2JzWaKC\" target=\"_blank\" rel=\"noopener noreferrer\">um dos maiores aterros ao ar livre do mundo<\/a>. Os catadores confiavam no enorme aterro para obter renda, <a href=\"http:\/\/bit.ly\/2tXIhP3\" target=\"_blank\" rel=\"noopener noreferrer\">subsistindo da coleta informal de materiais recicl\u00e1veis<\/a> para viver e prover suas fam\u00edlias. Ap\u00f3s o fechamento do aterro, a Prefeitura de <a href=\"http:\/\/bit.ly\/2LuXpiH\" target=\"_blank\" rel=\"noopener noreferrer\">Duque de Caxias<\/a> concedeu uma compensa\u00e7\u00e3o aos coletores cadastrados de materiais recicl\u00e1veis, mas <a href=\"https:\/\/glo.bo\/2JyrQAk\" target=\"_blank\" rel=\"noopener noreferrer\">muitos ficaram de fora do acordo<\/a>.<\/p>\n<p>A prefeitura <a href=\"https:\/\/glo.bo\/2MJEfFA\" target=\"_blank\" rel=\"noopener noreferrer\">planejava transformar o bairro<\/a> de Jardim Gramacho, mas <a href=\"https:\/\/glo.bo\/2JyrQAk\" target=\"_blank\" rel=\"noopener noreferrer\">o dinheiro nunca chegou<\/a>. Quando as autoridades da prefeitura implementaram um sistema de coleta de materiais recicl\u00e1veis na \u00e1rea circundante, apenas alguns bairros foram contemplados no projeto\u2014Jardim Gramacho foi deixado de fora. \u201cJardim Gramacho n\u00e3o foi inclu\u00eddo na coleta seletiva porque a \u00e1rea que foi projetada para a coleta \u00e9 uma \u00e1rea rica, \u00e9 um &#8216;lixo rico&#8217;\u2014lixo que certamente d\u00e1 mais dinheiro do que o lixo de uma \u00e1rea mais pobre. Essa \u00e1rea [o bairro vizinho Vila S\u00e3o Lu\u00eds] n\u00e3o \u00e9 \u00e1rea uma favela, mas sim [no Jardim Gramacho] \u00e9 considerada \u00e1rea de favela\u201d, explica Jovelita.<\/p>\n<p><a href=\"https:\/\/rioonwatch.org.br\/wp-content\/uploads\/2019\/08\/catadores2.jpg\"><img decoding=\"async\" class=\"aligncenter wp-image-42759 size-content\" title=\"Foto: Daiana Contini\" src=\"https:\/\/rioonwatch.org.br\/wp-content\/uploads\/2019\/08\/catadores2-620x264.jpg\" alt=\"\" width=\"620\" height=\"264\" srcset=\"https:\/\/rioonwatch.org.br\/wp-content\/uploads\/2019\/08\/catadores2-620x264.jpg 620w, https:\/\/rioonwatch.org.br\/wp-content\/uploads\/2019\/08\/catadores2-940x400.jpg 940w\" sizes=\"(max-width: 620px) 100vw, 620px\" \/><\/a><\/p>\n<p>Sem se intimidar, Jovelita e amigos seguiram em frente. \u201cA gente ent\u00e3o continuou a conversar com os moradores para criarmos o projeto. Eu fiz um cadastro onde a pessoa coloca o nome, endere\u00e7o, telefone e levamos para o centro de triagem. Tamb\u00e9m criamos um grupo no WhatsApp onde a gente come\u00e7ou a inserir as pessoas que estavam fazendo parte e que vinham aderindo ao projeto. E a gente continua fazendo esse trabalho de pessoa em pessoa, inserindo essas pessoas no grupo, e a\u00ed a gente fica ligada com elas e a gente vai monitorando, elas tamb\u00e9m monitoram. Isso ajudou a dinamizar.\u201d O centro de triagem inclui tr\u00eas cooperativas de reciclagem que estavam entre as que foram deixadas de fora do projeto original de coleta de reciclagem da prefeitura de Duque de Caxias. Atualmente, o centro fornece subsist\u00eancia a 21 fam\u00edlias.<\/p>\n<div>\n<p>O espa\u00e7o do centro de triagem \u00e9 alugado. A prefeitura pagou o aluguel e sal\u00e1rios m\u00ednimos aos trabalhadores por um ano, mas o financiamento foi encerrado no final da administra\u00e7\u00e3o do Prefeito Alexandre Cardoso em 2016. \u201cEles [da prefeitura] n\u00e3o estavam muito bem estruturados porque esse \u00e9 um trabalho que exige investimento, divulga\u00e7\u00e3o, o trabalho de conscientiza\u00e7\u00e3o das pessoas, trabalho feito de porta em porta. Ent\u00e3o, a gente, como moradores, procurou dar um suporte na conversa\u00e7\u00e3o, tamb\u00e9m atrav\u00e9s de parcerias com movimentos maiores e mais fortes, como o <a href=\"http:\/\/bit.ly\/2Why8sO\" target=\"_blank\" rel=\"noopener noreferrer\">F\u00f3rum Grita Baixada<\/a> e a <a href=\"http:\/\/bit.ly\/2NHhfqX\" target=\"_blank\" rel=\"noopener noreferrer\">Casa Fluminense<\/a>\u201d, lembra Jovelita.<\/p>\n<p><a href=\"https:\/\/rioonwatch.org.br\/wp-content\/uploads\/2019\/08\/Res\u00edduos-Centro-de-Triagem.jpg\"><img loading=\"lazy\" decoding=\"async\" class=\"aligncenter wp-image-42760 size-medium\" title=\"Foto: Daiana Contini\" src=\"https:\/\/rioonwatch.org.br\/wp-content\/uploads\/2019\/08\/Res\u00edduos-Centro-de-Triagem-620x465.jpg\" alt=\"\" width=\"620\" height=\"465\" srcset=\"https:\/\/rioonwatch.org.br\/wp-content\/uploads\/2019\/08\/Res\u00edduos-Centro-de-Triagem-620x465.jpg 620w, https:\/\/rioonwatch.org.br\/wp-content\/uploads\/2019\/08\/Res\u00edduos-Centro-de-Triagem-352x264.jpg 352w, https:\/\/rioonwatch.org.br\/wp-content\/uploads\/2019\/08\/Res\u00edduos-Centro-de-Triagem-768x576.jpg 768w, https:\/\/rioonwatch.org.br\/wp-content\/uploads\/2019\/08\/Res\u00edduos-Centro-de-Triagem-1024x768.jpg 1024w, https:\/\/rioonwatch.org.br\/wp-content\/uploads\/2019\/08\/Res\u00edduos-Centro-de-Triagem-174x131.jpg 174w, https:\/\/rioonwatch.org.br\/wp-content\/uploads\/2019\/08\/Res\u00edduos-Centro-de-Triagem-300x225.jpg 300w, https:\/\/rioonwatch.org.br\/wp-content\/uploads\/2019\/08\/Res\u00edduos-Centro-de-Triagem-70x53.jpg 70w, https:\/\/rioonwatch.org.br\/wp-content\/uploads\/2019\/08\/Res\u00edduos-Centro-de-Triagem.jpg 2000w\" sizes=\"(max-width: 620px) 100vw, 620px\" \/><\/a><\/p>\n<div>\n<p>\u201cFunciona assim: as pessoas que est\u00e3o cadastradas fazem a separa\u00e7\u00e3o do material em casa mesmo\u2014essa \u00e9 a conscientiza\u00e7\u00e3o que a gente faz. As pessoas separam os materiais recicl\u00e1veis dos materiais org\u00e2nicos, que s\u00e3o colocados no lixo comum. Em seguida, o caminh\u00e3o deles [do centro de triagem] passa e recolhe o material recicl\u00e1vel. Antes da coleta seletiva, as pessoas misturavam tudo, material recicl\u00e1vel com lixo org\u00e2nico. A prefeitura recolhe e leva para esses pontos estrat\u00e9gicos onde o lixo \u00e9 prensado e depois tratado para depois ser enterrado.\u201d<\/p>\n<div>\n<p>Desde o primeiro ano de apoio financeiro, a prefeitura forneceu apenas caminh\u00f5es e gasolina necess\u00e1rios para a coleta de lixo, apoio com os documentos e licen\u00e7as necess\u00e1rios e v\u00e1rios materiais. O aluguel do espa\u00e7o e a renda dos trabalhadores s\u00e3o gerados integralmente pelas cooperativas, que lucram com o material de reciclagem, atingindo uma m\u00e9dia de quatro a cinco toneladas por dia. Segundo a diretora de uma das cooperativas, o apoio da SOS Jardim Gramacho \u00e9 crucial para garantir que a coleta e a renda dos catadores de materiais recicl\u00e1veis continuem fluindo. \u201cEstamos cientes de que o SOS [Jardim Gramacho] nos traz for\u00e7a. Jovelita \u00e9 como uma madrinha nossa\u201d, diz ela.<\/p>\n<p><a href=\"https:\/\/rioonwatch.org.br\/wp-content\/uploads\/2019\/08\/Diretor-de-uma-das-cooperativas-do-Centro-de-Triagem.jpg\"><img loading=\"lazy\" decoding=\"async\" class=\"aligncenter wp-image-42761 size-medium\" title=\"Foto: Daiana Contini\" src=\"https:\/\/rioonwatch.org.br\/wp-content\/uploads\/2019\/08\/Diretor-de-uma-das-cooperativas-do-Centro-de-Triagem-620x465.jpg\" alt=\"\" width=\"620\" height=\"465\" srcset=\"https:\/\/rioonwatch.org.br\/wp-content\/uploads\/2019\/08\/Diretor-de-uma-das-cooperativas-do-Centro-de-Triagem-620x465.jpg 620w, https:\/\/rioonwatch.org.br\/wp-content\/uploads\/2019\/08\/Diretor-de-uma-das-cooperativas-do-Centro-de-Triagem-352x264.jpg 352w, https:\/\/rioonwatch.org.br\/wp-content\/uploads\/2019\/08\/Diretor-de-uma-das-cooperativas-do-Centro-de-Triagem-768x576.jpg 768w, https:\/\/rioonwatch.org.br\/wp-content\/uploads\/2019\/08\/Diretor-de-uma-das-cooperativas-do-Centro-de-Triagem-1024x768.jpg 1024w, https:\/\/rioonwatch.org.br\/wp-content\/uploads\/2019\/08\/Diretor-de-uma-das-cooperativas-do-Centro-de-Triagem-174x131.jpg 174w, https:\/\/rioonwatch.org.br\/wp-content\/uploads\/2019\/08\/Diretor-de-uma-das-cooperativas-do-Centro-de-Triagem-300x225.jpg 300w, https:\/\/rioonwatch.org.br\/wp-content\/uploads\/2019\/08\/Diretor-de-uma-das-cooperativas-do-Centro-de-Triagem-70x53.jpg 70w, https:\/\/rioonwatch.org.br\/wp-content\/uploads\/2019\/08\/Diretor-de-uma-das-cooperativas-do-Centro-de-Triagem.jpg 2000w\" sizes=\"(max-width: 620px) 100vw, 620px\" \/><\/a><\/p>\n<div>\n<p>No entanto, Jovelita observa que as cooperativas do centro de triagem muitas vezes lutam para arcar com seus custos e ainda conseguem conceder apenas sal\u00e1rios m\u00ednimos aos trabalhadores. \u00c9 dif\u00edcil manter o espa\u00e7o sem o apoio da prefeitura ou de parceiros externos: o aluguel \u00e9 caro e, em alguns dias, n\u00e3o h\u00e1 res\u00edduo suficiente para coletar. Se essas cooperativas pudessem possuir o espa\u00e7o onde operam, como prometido originalmente pela prefeitura quando o aterro de Jardim Gramacho foi fechado, diz Jovelita, muitas dessas quest\u00f5es poderiam ser evitadas.<\/p>\n<div>\n<p>Infelizmente, essa promessa n\u00e3o foi cumprida. As conversas de 2011 a 2013 entre a prefeitura, as cooperativas e os coletores de materiais recicl\u00e1veis sobre a cria\u00e7\u00e3o de <a href=\"http:\/\/bit.ly\/2x5a5mc\" target=\"_blank\" rel=\"noopener noreferrer\">centros de reciclagem para fornecer subsist\u00eancia adicional<\/a> n\u00e3o tiveram resposta. Enquanto a lei estadual do Rio de Janeiro <a href=\"http:\/\/bit.ly\/2LJ3hmU\" target=\"_blank\" rel=\"noopener noreferrer\">autoriza o governo<\/a> a financiar e apoiar cooperativas de reciclagem, Jovelita e seus colegas de trabalho criticam a falta de a\u00e7\u00e3o por parte das autoridades em uma \u00e1rea que se tornou simb\u00f3lica quanto a promessas n\u00e3o cumpridas nas periferias do Rio de Janeiro.<\/p>\n<p><a href=\"https:\/\/rioonwatch.org.br\/wp-content\/uploads\/2019\/08\/Catadores3.jpg\"><img loading=\"lazy\" decoding=\"async\" class=\"aligncenter wp-image-42762 size-medium\" title=\"Foto: Daiana Contini\" src=\"https:\/\/rioonwatch.org.br\/wp-content\/uploads\/2019\/08\/Catadores3-620x465.jpg\" alt=\"\" width=\"620\" height=\"465\" srcset=\"https:\/\/rioonwatch.org.br\/wp-content\/uploads\/2019\/08\/Catadores3-620x465.jpg 620w, https:\/\/rioonwatch.org.br\/wp-content\/uploads\/2019\/08\/Catadores3-352x264.jpg 352w, https:\/\/rioonwatch.org.br\/wp-content\/uploads\/2019\/08\/Catadores3-768x576.jpg 768w, https:\/\/rioonwatch.org.br\/wp-content\/uploads\/2019\/08\/Catadores3-1024x768.jpg 1024w, https:\/\/rioonwatch.org.br\/wp-content\/uploads\/2019\/08\/Catadores3-174x131.jpg 174w, https:\/\/rioonwatch.org.br\/wp-content\/uploads\/2019\/08\/Catadores3-300x225.jpg 300w, https:\/\/rioonwatch.org.br\/wp-content\/uploads\/2019\/08\/Catadores3-70x53.jpg 70w, https:\/\/rioonwatch.org.br\/wp-content\/uploads\/2019\/08\/Catadores3.jpg 2000w\" sizes=\"(max-width: 620px) 100vw, 620px\" \/><\/a><\/p>\n<div>\n<p>\u00c9 exatamente essa presen\u00e7a p\u00fablica que Jovelita considera crucial para o bem-estar de sua comunidade e a continuidade da coleta seletiva no bairro. \u201cO trabalho mais dif\u00edcil foi come\u00e7ar, trazer a coleta seletiva para o bairro, fazer que os moradores tenham consci\u00eancia. Eles j\u00e1 t\u00eam consci\u00eancia porque, com o movimento, n\u00f3s j\u00e1 fizemos manifesta\u00e7\u00f5es tr\u00eas vezes, onde sa\u00edmos nas ruas para divulgar nosso trabalho. Tamb\u00e9m temos uma <a href=\"http:\/\/bit.ly\/2xE7XCk\" target=\"_blank\" rel=\"noopener noreferrer\">p\u00e1gina no Facebook<\/a> que \u00e9 bem acompanhada. Ent\u00e3o, a popula\u00e7\u00e3o de Jardim Gramacho j\u00e1 tem consci\u00eancia, mas n\u00e3o h\u00e1 como avan\u00e7ar se n\u00e3o houver ningu\u00e9m para nos apoiar. Ent\u00e3o, o que falta e o que esperamos \u00e9 que nossos governantes fa\u00e7am a parte deles para ter continuidade [da coleta de recicl\u00e1veis].&#8221; Esse \u00e9 o papel do SOS Jardim Gramacho como um movimento: chamar a aten\u00e7\u00e3o para essas quest\u00f5es, pressionar pelos servi\u00e7os necess\u00e1rios e lan\u00e7ar luz sobre a neglig\u00eancia das autoridades at\u00e9 receberem o devido atendimento e apoio.<\/p>\n<p><a href=\"https:\/\/rioonwatch.org.br\/wp-content\/uploads\/2019\/08\/Jardim-Gramacho-mapa.png\"><img loading=\"lazy\" decoding=\"async\" class=\"aligncenter size-content wp-image-42763\" src=\"https:\/\/rioonwatch.org.br\/wp-content\/uploads\/2019\/08\/Jardim-Gramacho-mapa-620x264.png\" alt=\"\" width=\"620\" height=\"264\" srcset=\"https:\/\/rioonwatch.org.br\/wp-content\/uploads\/2019\/08\/Jardim-Gramacho-mapa-620x264.png 620w, https:\/\/rioonwatch.org.br\/wp-content\/uploads\/2019\/08\/Jardim-Gramacho-mapa-940x400.png 940w\" sizes=\"(max-width: 620px) 100vw, 620px\" \/><\/a><\/p>\n<p>*SOS Jardim Gramacho \u00e9 um dos mais de <a href=\"http:\/\/www.bit.ly\/RFSMapa\">100 projetos comunit\u00e1rios mapeados<\/a>\u00a0pela\u00a0<a href=\"http:\/\/bit.ly\/1aI.gif\">Comunidades Catalisadoras<\/a>\u00a0(ComCat)\u2014a organiza\u00e7\u00e3o que publica o\u00a0<i>RioOnWatch\u2014<\/i>como parte do nosso programa paralelo &#8216;<a href=\"http:\/\/bit.ly\/RFSRelatorio\">Rede Favela Sustent\u00e1vel<\/a>&#8216; lan\u00e7ado em 2017 para reconhecer, apoiar, fortalecer e expandir as <a href=\"http:\/\/www.bit.ly\/FavelaModelo\">qualidades sustent\u00e1veis e movimentos comunit\u00e1rios inerentes<\/a>\u00a0\u00e0s favelas do Rio de Janeiro. Siga a\u00a0<a href=\"http:\/\/bit.ly\/FBRFS\">Rede Favela Sustent\u00e1vel no Facebook<\/a>. Leia outros\u00a0<a href=\"http:\/\/bit.ly\/FavelasSustentaveis\">perfis dos projetos da Rede Favela Sustent\u00e1vel aqui<\/a>.<\/p>\n<\/div>\n<\/div>\n<\/div>\n<\/div>\n<\/div>\n<\/div>\n<!-- AddThis Advanced Settings generic via filter on the_content --><!-- AddThis Share Buttons generic via filter on the_content -->","protected":false},"excerpt":{"rendered":"<div class=\"mh-excerpt\"><p>Click Here for English Iniciativa: SOS Jardim Gramacho Contato: Facebook | Email Ano de Funda\u00e7\u00e3o: 2015 Comunidade: Jardim Gramacho (Baixada Fluminense) Miss\u00e3o: Mobilizar e conscientizar moradores, incentivando a reciclagem Eventos P\u00fablicos: SOS Jardim Gramacho organiza <a class=\"mh-excerpt-more\" href=\"https:\/\/rioonwatch.org.br\/?p=42751\" title=\"SOS Jardim Gramacho Mobiliza Moradores e Cooperativas de Reciclagem do Antigo Aterro Sanit\u00e1rio #RedeFavelaSustent\u00e1vel [PERFIL]\">[&#8230;]<\/a><!-- AddThis Advanced Settings generic via filter on get_the_excerpt --><!-- AddThis Share Buttons generic via filter on get_the_excerpt --><\/p>\n<\/div>","protected":false},"author":152,"featured_media":42752,"comment_status":"closed","ping_status":"closed","sticky":false,"template":"","format":"standard","meta":{"_acf_changed":false,"_monsterinsights_skip_tracking":false,"_monsterinsights_sitenote_active":false,"_monsterinsights_sitenote_note":"","_monsterinsights_sitenote_category":0,"footnotes":""},"categories":[1621,1629,1626,1388,1616,342,1639],"tags":[2551,959,1597,2553,826,1808,1091,2179,1554,1372,710,1795,797,417,1830,358,2074,361,476,578],"writer":[2598],"translator":[2377],"source":[],"ilustrador":[],"fotografo":[],"class_list":{"0":"post-42751","1":"post","2":"type-post","3":"status-publish","4":"format-standard","5":"has-post-thumbnail","7":"category-destaque","8":"category-entrevistas-e-perfis","9":"category-por-observadores-internacionais","10":"category-formas-de-apoiar","11":"category-qualidades-da-favela","12":"category-solucoes","13":"category-sustentabilidade","14":"tag-aterro-sanitario","15":"tag-baixada-fluminense","16":"tag-casa-fluminense","17":"tag-coleta-de-lixo","18":"tag-cooperativa","19":"tag-criatividade","20":"tag-duque-de-caxias","21":"tag-forum-grita-baixada","22":"tag-gestao-de-residuos","23":"tag-grande-rio","24":"tag-jardim-gramacho","25":"tag-lideranca-comunitaria","26":"tag-movimentos-sociais","27":"tag-negligencia-do-estado","28":"tag-nos-por-nos","29":"tag-organizacao-comunitaria","30":"tag-rede-favela-sustentavel","31":"tag-reciclagem","32":"tag-solucao-comunitaria","33":"tag-trabalho-e-renda","34":"writer-daiana-contini","35":"translator-camila-moraes"},"acf":[],"yoast_head":"<!-- This site is optimized with the Yoast SEO plugin v25.6 - https:\/\/yoast.com\/wordpress\/plugins\/seo\/ -->\n<title>SOS Jardim Gramacho Mobiliza Moradores e Cooperativas de Reciclagem do Antigo Aterro Sanit\u00e1rio #RedeFavelaSustent\u00e1vel [PERFIL] - RioOnWatch<\/title>\n<meta name=\"robots\" content=\"index, follow, max-snippet:-1, max-image-preview:large, max-video-preview:-1\" \/>\n<link rel=\"canonical\" href=\"https:\/\/rioonwatch.org.br\/?p=42751\" \/>\n<meta property=\"og:locale\" content=\"pt_BR\" \/>\n<meta property=\"og:type\" content=\"article\" \/>\n<meta property=\"og:title\" content=\"SOS Jardim Gramacho Mobiliza Moradores e Cooperativas de Reciclagem do Antigo Aterro Sanit\u00e1rio #RedeFavelaSustent\u00e1vel [PERFIL] - RioOnWatch\" \/>\n<meta property=\"og:description\" content=\"Click Here for English Iniciativa: SOS Jardim Gramacho Contato: Facebook | Email Ano de Funda\u00e7\u00e3o: 2015 Comunidade: Jardim Gramacho (Baixada Fluminense) Miss\u00e3o: Mobilizar e conscientizar moradores, incentivando a reciclagem Eventos P\u00fablicos: SOS Jardim Gramacho organiza [...]\" \/>\n<meta property=\"og:url\" content=\"https:\/\/rioonwatch.org.br\/?p=42751\" \/>\n<meta property=\"og:site_name\" content=\"RioOnWatch\" \/>\n<meta property=\"article:published_time\" content=\"2019-08-29T14:25:07+00:00\" \/>\n<meta property=\"article:modified_time\" content=\"2019-10-01T20:09:02+00:00\" \/>\n<meta property=\"og:image\" content=\"https:\/\/rioonwatch.org.br\/wp-content\/uploads\/2019\/08\/Catadores1-839x629.jpg\" \/>\n\t<meta property=\"og:image:width\" content=\"839\" \/>\n\t<meta property=\"og:image:height\" content=\"629\" \/>\n\t<meta property=\"og:image:type\" content=\"image\/jpeg\" \/>\n<meta name=\"author\" content=\"Luisa Fenizola\" \/>\n<meta name=\"twitter:card\" content=\"summary_large_image\" \/>\n<meta name=\"twitter:label1\" content=\"Escrito por\" \/>\n\t<meta name=\"twitter:data1\" content=\"Luisa Fenizola\" \/>\n\t<meta name=\"twitter:label2\" content=\"Est. tempo de leitura\" \/>\n\t<meta name=\"twitter:data2\" content=\"7 minutos\" \/>\n<script type=\"application\/ld+json\" class=\"yoast-schema-graph\">{\"@context\":\"https:\/\/schema.org\",\"@graph\":[{\"@type\":\"Article\",\"@id\":\"https:\/\/rioonwatch.org.br\/?p=42751#article\",\"isPartOf\":{\"@id\":\"https:\/\/rioonwatch.org.br\/?p=42751\"},\"author\":{\"name\":\"Luisa Fenizola\",\"@id\":\"https:\/\/rioonwatch.org.br\/#\/schema\/person\/f443c6b55bb6e80842280318076491c5\"},\"headline\":\"SOS Jardim Gramacho Mobiliza Moradores e Cooperativas de Reciclagem do Antigo Aterro Sanit\u00e1rio #RedeFavelaSustent\u00e1vel [PERFIL]\",\"datePublished\":\"2019-08-29T14:25:07+00:00\",\"dateModified\":\"2019-10-01T20:09:02+00:00\",\"mainEntityOfPage\":{\"@id\":\"https:\/\/rioonwatch.org.br\/?p=42751\"},\"wordCount\":1369,\"publisher\":{\"@id\":\"https:\/\/rioonwatch.org.br\/#organization\"},\"image\":{\"@id\":\"https:\/\/rioonwatch.org.br\/?p=42751#primaryimage\"},\"thumbnailUrl\":\"https:\/\/rioonwatch.org.br\/wp-content\/uploads\/2019\/08\/Catadores1.jpg\",\"keywords\":[\"aterro sanit\u00e1rio\",\"Baixada Fluminense\",\"Casa Fluminense\",\"coleta de lixo\",\"cooperativa\",\"criatividade\",\"Duque de Caxias\",\"F\u00f3rum Grita Baixada\",\"gest\u00e3o de res\u00edduos\",\"Grande Rio\",\"Jardim Gramacho\",\"lideran\u00e7a comunit\u00e1ria\",\"movimentos sociais\",\"Neglig\u00eancia do Estado\",\"N\u00f3s por N\u00f3s\",\"organiza\u00e7\u00e3o comunit\u00e1ria\",\"Perfis Integrantes da Rede Favela Sustent\u00e1vel\",\"reciclagem\",\"solu\u00e7\u00e3o comunit\u00e1ria\",\"Trabalho e renda\"],\"articleSection\":[\"*Destaque\",\"Entrevistas e Perfis\",\"Escrito por Aliados\",\"Formas de Apoiar\",\"Qualidades da Favela\",\"Solu\u00e7\u00f5es\",\"Sustentabilidade\"],\"inLanguage\":\"pt-BR\"},{\"@type\":\"WebPage\",\"@id\":\"https:\/\/rioonwatch.org.br\/?p=42751\",\"url\":\"https:\/\/rioonwatch.org.br\/?p=42751\",\"name\":\"SOS Jardim Gramacho Mobiliza Moradores e Cooperativas de Reciclagem do Antigo Aterro Sanit\u00e1rio #RedeFavelaSustent\u00e1vel [PERFIL] - RioOnWatch\",\"isPartOf\":{\"@id\":\"https:\/\/rioonwatch.org.br\/#website\"},\"primaryImageOfPage\":{\"@id\":\"https:\/\/rioonwatch.org.br\/?p=42751#primaryimage\"},\"image\":{\"@id\":\"https:\/\/rioonwatch.org.br\/?p=42751#primaryimage\"},\"thumbnailUrl\":\"https:\/\/rioonwatch.org.br\/wp-content\/uploads\/2019\/08\/Catadores1.jpg\",\"datePublished\":\"2019-08-29T14:25:07+00:00\",\"dateModified\":\"2019-10-01T20:09:02+00:00\",\"breadcrumb\":{\"@id\":\"https:\/\/rioonwatch.org.br\/?p=42751#breadcrumb\"},\"inLanguage\":\"pt-BR\",\"potentialAction\":[{\"@type\":\"ReadAction\",\"target\":[\"https:\/\/rioonwatch.org.br\/?p=42751\"]}]},{\"@type\":\"ImageObject\",\"inLanguage\":\"pt-BR\",\"@id\":\"https:\/\/rioonwatch.org.br\/?p=42751#primaryimage\",\"url\":\"https:\/\/rioonwatch.org.br\/wp-content\/uploads\/2019\/08\/Catadores1.jpg\",\"contentUrl\":\"https:\/\/rioonwatch.org.br\/wp-content\/uploads\/2019\/08\/Catadores1.jpg\",\"width\":2000,\"height\":1500},{\"@type\":\"BreadcrumbList\",\"@id\":\"https:\/\/rioonwatch.org.br\/?p=42751#breadcrumb\",\"itemListElement\":[{\"@type\":\"ListItem\",\"position\":1,\"name\":\"In\u00edcio\",\"item\":\"https:\/\/rioonwatch.org.br\/\"},{\"@type\":\"ListItem\",\"position\":2,\"name\":\"SOS Jardim Gramacho Mobiliza Moradores e Cooperativas de Reciclagem do Antigo Aterro Sanit\u00e1rio #RedeFavelaSustent\u00e1vel [PERFIL]\"}]},{\"@type\":\"WebSite\",\"@id\":\"https:\/\/rioonwatch.org.br\/#website\",\"url\":\"https:\/\/rioonwatch.org.br\/\",\"name\":\"RioOnWatch\",\"description\":\"relatos das favelas cariocas\",\"publisher\":{\"@id\":\"https:\/\/rioonwatch.org.br\/#organization\"},\"potentialAction\":[{\"@type\":\"SearchAction\",\"target\":{\"@type\":\"EntryPoint\",\"urlTemplate\":\"https:\/\/rioonwatch.org.br\/?s={search_term_string}\"},\"query-input\":{\"@type\":\"PropertyValueSpecification\",\"valueRequired\":true,\"valueName\":\"search_term_string\"}}],\"inLanguage\":\"pt-BR\"},{\"@type\":\"Organization\",\"@id\":\"https:\/\/rioonwatch.org.br\/#organization\",\"name\":\"RioOnWatch\",\"url\":\"https:\/\/rioonwatch.org.br\/\",\"logo\":{\"@type\":\"ImageObject\",\"inLanguage\":\"pt-BR\",\"@id\":\"https:\/\/rioonwatch.org.br\/#\/schema\/logo\/image\/\",\"url\":\"https:\/\/rioonwatch.org.br\/wp-content\/uploads\/2021\/06\/RioOnWatchcabecalhoPT11anos-2.png\",\"contentUrl\":\"https:\/\/rioonwatch.org.br\/wp-content\/uploads\/2021\/06\/RioOnWatchcabecalhoPT11anos-2.png\",\"width\":779,\"height\":277,\"caption\":\"RioOnWatch\"},\"image\":{\"@id\":\"https:\/\/rioonwatch.org.br\/#\/schema\/logo\/image\/\"}},{\"@type\":\"Person\",\"@id\":\"https:\/\/rioonwatch.org.br\/#\/schema\/person\/f443c6b55bb6e80842280318076491c5\",\"name\":\"Luisa Fenizola\",\"image\":{\"@type\":\"ImageObject\",\"inLanguage\":\"pt-BR\",\"@id\":\"https:\/\/rioonwatch.org.br\/#\/schema\/person\/image\/\",\"url\":\"https:\/\/secure.gravatar.com\/avatar\/a3d551110162b9f876cbbdaaecf75663?s=96&d=blank&r=g\",\"contentUrl\":\"https:\/\/secure.gravatar.com\/avatar\/a3d551110162b9f876cbbdaaecf75663?s=96&d=blank&r=g\",\"caption\":\"Luisa Fenizola\"},\"url\":\"https:\/\/rioonwatch.org.br\/?author=152\"}]}<\/script>\n<!-- \/ Yoast SEO plugin. -->","yoast_head_json":{"title":"SOS Jardim Gramacho Mobiliza Moradores e Cooperativas de Reciclagem do Antigo Aterro Sanit\u00e1rio #RedeFavelaSustent\u00e1vel [PERFIL] - RioOnWatch","robots":{"index":"index","follow":"follow","max-snippet":"max-snippet:-1","max-image-preview":"max-image-preview:large","max-video-preview":"max-video-preview:-1"},"canonical":"https:\/\/rioonwatch.org.br\/?p=42751","og_locale":"pt_BR","og_type":"article","og_title":"SOS Jardim Gramacho Mobiliza Moradores e Cooperativas de Reciclagem do Antigo Aterro Sanit\u00e1rio #RedeFavelaSustent\u00e1vel [PERFIL] - RioOnWatch","og_description":"Click Here for English Iniciativa: SOS Jardim Gramacho Contato: Facebook | Email Ano de Funda\u00e7\u00e3o: 2015 Comunidade: Jardim Gramacho (Baixada Fluminense) Miss\u00e3o: Mobilizar e conscientizar moradores, incentivando a reciclagem Eventos P\u00fablicos: SOS Jardim Gramacho organiza [...]","og_url":"https:\/\/rioonwatch.org.br\/?p=42751","og_site_name":"RioOnWatch","article_published_time":"2019-08-29T14:25:07+00:00","article_modified_time":"2019-10-01T20:09:02+00:00","og_image":[{"width":839,"height":629,"url":"https:\/\/rioonwatch.org.br\/wp-content\/uploads\/2019\/08\/Catadores1-839x629.jpg","type":"image\/jpeg"}],"author":"Luisa Fenizola","twitter_card":"summary_large_image","twitter_misc":{"Escrito por":"Luisa Fenizola","Est. tempo de leitura":"7 minutos"},"schema":{"@context":"https:\/\/schema.org","@graph":[{"@type":"Article","@id":"https:\/\/rioonwatch.org.br\/?p=42751#article","isPartOf":{"@id":"https:\/\/rioonwatch.org.br\/?p=42751"},"author":{"name":"Luisa Fenizola","@id":"https:\/\/rioonwatch.org.br\/#\/schema\/person\/f443c6b55bb6e80842280318076491c5"},"headline":"SOS Jardim Gramacho Mobiliza Moradores e Cooperativas de Reciclagem do Antigo Aterro Sanit\u00e1rio #RedeFavelaSustent\u00e1vel [PERFIL]","datePublished":"2019-08-29T14:25:07+00:00","dateModified":"2019-10-01T20:09:02+00:00","mainEntityOfPage":{"@id":"https:\/\/rioonwatch.org.br\/?p=42751"},"wordCount":1369,"publisher":{"@id":"https:\/\/rioonwatch.org.br\/#organization"},"image":{"@id":"https:\/\/rioonwatch.org.br\/?p=42751#primaryimage"},"thumbnailUrl":"https:\/\/rioonwatch.org.br\/wp-content\/uploads\/2019\/08\/Catadores1.jpg","keywords":["aterro sanit\u00e1rio","Baixada Fluminense","Casa Fluminense","coleta de lixo","cooperativa","criatividade","Duque de Caxias","F\u00f3rum Grita Baixada","gest\u00e3o de res\u00edduos","Grande Rio","Jardim Gramacho","lideran\u00e7a comunit\u00e1ria","movimentos sociais","Neglig\u00eancia do Estado","N\u00f3s por N\u00f3s","organiza\u00e7\u00e3o comunit\u00e1ria","Perfis Integrantes da Rede Favela Sustent\u00e1vel","reciclagem","solu\u00e7\u00e3o comunit\u00e1ria","Trabalho e renda"],"articleSection":["*Destaque","Entrevistas e Perfis","Escrito por Aliados","Formas de Apoiar","Qualidades da Favela","Solu\u00e7\u00f5es","Sustentabilidade"],"inLanguage":"pt-BR"},{"@type":"WebPage","@id":"https:\/\/rioonwatch.org.br\/?p=42751","url":"https:\/\/rioonwatch.org.br\/?p=42751","name":"SOS Jardim Gramacho Mobiliza Moradores e Cooperativas de Reciclagem do Antigo Aterro Sanit\u00e1rio #RedeFavelaSustent\u00e1vel [PERFIL] - RioOnWatch","isPartOf":{"@id":"https:\/\/rioonwatch.org.br\/#website"},"primaryImageOfPage":{"@id":"https:\/\/rioonwatch.org.br\/?p=42751#primaryimage"},"image":{"@id":"https:\/\/rioonwatch.org.br\/?p=42751#primaryimage"},"thumbnailUrl":"https:\/\/rioonwatch.org.br\/wp-content\/uploads\/2019\/08\/Catadores1.jpg","datePublished":"2019-08-29T14:25:07+00:00","dateModified":"2019-10-01T20:09:02+00:00","breadcrumb":{"@id":"https:\/\/rioonwatch.org.br\/?p=42751#breadcrumb"},"inLanguage":"pt-BR","potentialAction":[{"@type":"ReadAction","target":["https:\/\/rioonwatch.org.br\/?p=42751"]}]},{"@type":"ImageObject","inLanguage":"pt-BR","@id":"https:\/\/rioonwatch.org.br\/?p=42751#primaryimage","url":"https:\/\/rioonwatch.org.br\/wp-content\/uploads\/2019\/08\/Catadores1.jpg","contentUrl":"https:\/\/rioonwatch.org.br\/wp-content\/uploads\/2019\/08\/Catadores1.jpg","width":2000,"height":1500},{"@type":"BreadcrumbList","@id":"https:\/\/rioonwatch.org.br\/?p=42751#breadcrumb","itemListElement":[{"@type":"ListItem","position":1,"name":"In\u00edcio","item":"https:\/\/rioonwatch.org.br\/"},{"@type":"ListItem","position":2,"name":"SOS Jardim Gramacho Mobiliza Moradores e Cooperativas de Reciclagem do Antigo Aterro Sanit\u00e1rio #RedeFavelaSustent\u00e1vel [PERFIL]"}]},{"@type":"WebSite","@id":"https:\/\/rioonwatch.org.br\/#website","url":"https:\/\/rioonwatch.org.br\/","name":"RioOnWatch","description":"relatos das favelas cariocas","publisher":{"@id":"https:\/\/rioonwatch.org.br\/#organization"},"potentialAction":[{"@type":"SearchAction","target":{"@type":"EntryPoint","urlTemplate":"https:\/\/rioonwatch.org.br\/?s={search_term_string}"},"query-input":{"@type":"PropertyValueSpecification","valueRequired":true,"valueName":"search_term_string"}}],"inLanguage":"pt-BR"},{"@type":"Organization","@id":"https:\/\/rioonwatch.org.br\/#organization","name":"RioOnWatch","url":"https:\/\/rioonwatch.org.br\/","logo":{"@type":"ImageObject","inLanguage":"pt-BR","@id":"https:\/\/rioonwatch.org.br\/#\/schema\/logo\/image\/","url":"https:\/\/rioonwatch.org.br\/wp-content\/uploads\/2021\/06\/RioOnWatchcabecalhoPT11anos-2.png","contentUrl":"https:\/\/rioonwatch.org.br\/wp-content\/uploads\/2021\/06\/RioOnWatchcabecalhoPT11anos-2.png","width":779,"height":277,"caption":"RioOnWatch"},"image":{"@id":"https:\/\/rioonwatch.org.br\/#\/schema\/logo\/image\/"}},{"@type":"Person","@id":"https:\/\/rioonwatch.org.br\/#\/schema\/person\/f443c6b55bb6e80842280318076491c5","name":"Luisa Fenizola","image":{"@type":"ImageObject","inLanguage":"pt-BR","@id":"https:\/\/rioonwatch.org.br\/#\/schema\/person\/image\/","url":"https:\/\/secure.gravatar.com\/avatar\/a3d551110162b9f876cbbdaaecf75663?s=96&d=blank&r=g","contentUrl":"https:\/\/secure.gravatar.com\/avatar\/a3d551110162b9f876cbbdaaecf75663?s=96&d=blank&r=g","caption":"Luisa Fenizola"},"url":"https:\/\/rioonwatch.org.br\/?author=152"}]}},"_links":{"self":[{"href":"https:\/\/rioonwatch.org.br\/index.php?rest_route=\/wp\/v2\/posts\/42751"}],"collection":[{"href":"https:\/\/rioonwatch.org.br\/index.php?rest_route=\/wp\/v2\/posts"}],"about":[{"href":"https:\/\/rioonwatch.org.br\/index.php?rest_route=\/wp\/v2\/types\/post"}],"author":[{"embeddable":true,"href":"https:\/\/rioonwatch.org.br\/index.php?rest_route=\/wp\/v2\/users\/152"}],"replies":[{"embeddable":true,"href":"https:\/\/rioonwatch.org.br\/index.php?rest_route=%2Fwp%2Fv2%2Fcomments&post=42751"}],"version-history":[{"count":32,"href":"https:\/\/rioonwatch.org.br\/index.php?rest_route=\/wp\/v2\/posts\/42751\/revisions"}],"predecessor-version":[{"id":43572,"href":"https:\/\/rioonwatch.org.br\/index.php?rest_route=\/wp\/v2\/posts\/42751\/revisions\/43572"}],"wp:featuredmedia":[{"embeddable":true,"href":"https:\/\/rioonwatch.org.br\/index.php?rest_route=\/wp\/v2\/media\/42752"}],"wp:attachment":[{"href":"https:\/\/rioonwatch.org.br\/index.php?rest_route=%2Fwp%2Fv2%2Fmedia&parent=42751"}],"wp:term":[{"taxonomy":"category","embeddable":true,"href":"https:\/\/rioonwatch.org.br\/index.php?rest_route=%2Fwp%2Fv2%2Fcategories&post=42751"},{"taxonomy":"post_tag","embeddable":true,"href":"https:\/\/rioonwatch.org.br\/index.php?rest_route=%2Fwp%2Fv2%2Ftags&post=42751"},{"taxonomy":"writer","embeddable":true,"href":"https:\/\/rioonwatch.org.br\/index.php?rest_route=%2Fwp%2Fv2%2Fwriter&post=42751"},{"taxonomy":"translator","embeddable":true,"href":"https:\/\/rioonwatch.org.br\/index.php?rest_route=%2Fwp%2Fv2%2Ftranslator&post=42751"},{"taxonomy":"source","embeddable":true,"href":"https:\/\/rioonwatch.org.br\/index.php?rest_route=%2Fwp%2Fv2%2Fsource&post=42751"},{"taxonomy":"ilustrador","embeddable":true,"href":"https:\/\/rioonwatch.org.br\/index.php?rest_route=%2Fwp%2Fv2%2Filustrador&post=42751"},{"taxonomy":"fotografo","embeddable":true,"href":"https:\/\/rioonwatch.org.br\/index.php?rest_route=%2Fwp%2Fv2%2Ffotografo&post=42751"}],"curies":[{"name":"wp","href":"https:\/\/api.w.org\/{rel}","templated":true}]}}