{"id":42807,"date":"2019-09-03T05:59:19","date_gmt":"2019-09-03T08:59:19","guid":{"rendered":"https:\/\/rioonwatch.org.br\/?p=42807"},"modified":"2024-06-20T13:32:25","modified_gmt":"2024-06-20T16:32:25","slug":"flavio-da-silva-fotografado-quando-garoto-na-antiga-favela-da-catacumba-fala-sobre-as-imagens-que-indignaram","status":"publish","type":"post","link":"https:\/\/rioonwatch.org.br\/?p=42807","title":{"rendered":"Fl\u00e1vio da Silva, Fotografado Quando Garoto na Catacumba, Fala Sobre as Imagens que Indignaram"},"content":{"rendered":"<p style=\"text-align: right;\"><em><strong><a href=\"https:\/\/lat.ms\/2Z3y1Tm\" target=\"_blank\" rel=\"noopener noreferrer\">Click Here for English<\/a><a href=\"https:\/\/lat.ms\/2Z3y1Tm\" target=\"_blank\" rel=\"noopener noreferrer\"><img decoding=\"async\" width=\"20\" height=\"20\" class=\"alignright wp-image-15790\" src=\"http:\/\/rioonwatch.org.br\/wp-content\/uploads\/2012\/08\/EN-standard-e1439583104716.jpg\" \/><\/a><\/strong><\/em><\/p>\n<p><em>Leia a mat\u00e9ria original por <a href=\"https:\/\/lat.ms\/2Nz5eTL\" target=\"_blank\" rel=\"noopener noreferrer\">Carolina A. Miranda<\/a>, em ingl\u00eas, no Los Angeles Times <a href=\"https:\/\/lat.ms\/2Z3y1Tm\" target=\"_blank\" rel=\"noopener noreferrer\">aqui<\/a><\/em><em>. <\/em><em>O RioOnWatch traduz mat\u00e9rias do ingl\u00eas para que brasileiros possam ter acesso e acompanhar temas ou an\u00e1lises cobertos fora do pa\u00eds que nem sempre s\u00e3o cobertos no Brasil. Carolina \u00e9 escritora da equipe da Times de Los Angeles que cobre diversos assuntos sobre cultura, incluindo arte visual, arquitetura e filmes, inclusive as divas de cabar\u00e9 de artes perform\u00e1ticas. Seu trabalho muitas vezes analisa como a arte se mistura com pol\u00edtica, g\u00eanero e ra\u00e7a\u2014desde das formas que os artistas est\u00e3o enfrentando a fronteira entre Estados Unidos e M\u00e9xico at\u00e9 as formas com que a arte se cruza com o desenvolvimento e gentrifica\u00e7\u00e3o. Ela contribui regularmente com o \u201cPress Play\u201d, da KCRW e recebeu o pr\u00eamio Rabkin em Jornalismo de Artes Visuais de 2017.<\/em><\/p>\n<p><strong>As imagens do menino Fl\u00e1vio da Silva\u2014da favela da <a href=\"http:\/\/bit.ly\/1S3J7yL\" target=\"_blank\" rel=\"noopener noreferrer\">Catacumba<\/a> que existia na \u00e9poca na Lagoa Rodrigo de Freitas\u2014tiradas pelo fot\u00f3grafo Gordon Parks em 1961 para a revista <a href=\"http:\/\/bit.ly\/2ZmitOT\" target=\"_blank\" rel=\"noopener noreferrer\"><em>Life<\/em><\/a>, est\u00e3o sendo apresentadas em uma exposi\u00e7\u00e3o atual no Getty Museum em Los Angeles. As imagens<\/strong><strong> provocaram uma briga midi\u00e1tica entre Brasil e Estados Unidos. Fl\u00e1vio conta para o <em>Los Angeles Times<\/em> o que a s\u00e9rie significou para ele.<\/strong><\/p>\n<figure id=\"attachment_42808\" aria-describedby=\"caption-attachment-42808\" style=\"width: 620px\" class=\"wp-caption aligncenter\"><a href=\"https:\/\/rioonwatch.org.br\/wp-content\/uploads\/2019\/08\/Flavio-da-Silva.jpg\"><img fetchpriority=\"high\" decoding=\"async\" class=\"wp-image-42808\" title=\"\u201cFl\u00e1vio da Silva, Rio de Janeiro, Brasil\u201d, 1961, por Gordon Parks - uma das muitas imagens do jovem morador da favela que Park fotografou para a revista Life. (J. Paul Getty Museum \/ Funda\u00e7\u00e3o Gordon Parks)\" src=\"https:\/\/rioonwatch.org.br\/wp-content\/uploads\/2019\/08\/Flavio-da-Silva.jpg\" alt=\"\" width=\"620\" height=\"939\" srcset=\"https:\/\/rioonwatch.org.br\/wp-content\/uploads\/2019\/08\/Flavio-da-Silva.jpg 840w, https:\/\/rioonwatch.org.br\/wp-content\/uploads\/2019\/08\/Flavio-da-Silva-174x264.jpg 174w, https:\/\/rioonwatch.org.br\/wp-content\/uploads\/2019\/08\/Flavio-da-Silva-409x620.jpg 409w, https:\/\/rioonwatch.org.br\/wp-content\/uploads\/2019\/08\/Flavio-da-Silva-768x1163.jpg 768w, https:\/\/rioonwatch.org.br\/wp-content\/uploads\/2019\/08\/Flavio-da-Silva-676x1024.jpg 676w\" sizes=\"(max-width: 620px) 100vw, 620px\" \/><\/a><figcaption id=\"caption-attachment-42808\" class=\"wp-caption-text\">\u201cFl\u00e1vio da Silva, Rio de Janeiro, Brasil\u201d, 1961, por Gordon Parks &#8211; uma das muitas imagens do jovem morador da favela que Park fotografou para a revista Life. (J. Paul Getty Museum \/ Funda\u00e7\u00e3o Gordon Parks)<\/figcaption><\/figure>\n<p>No come\u00e7o da d\u00e9cada de 1960, Gordon Parks aceitou da revista <em>Life<\/em> a miss\u00e3o de fazer uma reportagem especial sobre pobreza na <a href=\"http:\/\/bit.ly\/2XNCFYa\" target=\"_blank\" rel=\"noopener noreferrer\">Am\u00e9rica Latina<\/a>. O fot\u00f3grafo, conhecido por suas imagens de conflitos e retratos magn\u00e9ticos, foi enviado para o Brasil, onde sua principal tarefa seria registrar a vida di\u00e1ria de uma fam\u00edlia pobre <a href=\"http:\/\/bit.ly\/1mDqBSO\" target=\"_blank\" rel=\"noopener noreferrer\">em uma favela do Rio de Janeiro<\/a>.<\/p>\n<p>Quando aceitou o trabalho, Gordon n\u00e3o poderia suspeitar que aquele trabalho iria marcar o resto de sua carreira de forma indel\u00e9vel. Ele tamb\u00e9m n\u00e3o poderia saber que mudaria a vida de seu assunto principal: Fl\u00e1vio da Silva, um garoto raqu\u00edtico de 12 anos que vivia em situa\u00e7\u00e3o de plena pobreza em uma favela chamada <a href=\"https:\/\/glo.bo\/327DxWg\" target=\"_blank\" rel=\"noopener noreferrer\">Catacumba<\/a>. Certamente, nenhum deles teria imaginado que seu primeiro e breve encontro, em um beco que levava a uma encosta \u00edngreme no Rio, estabeleceria uma conex\u00e3o que duraria por d\u00e9cadas, at\u00e9 a morte de Gordon em 2006.<\/p>\n<p>\u201cEu vejo ele, Gordon Parks\u2014ele faz parte da fam\u00edlia\u201d, Fl\u00e1vio, agora com 70 anos, diz com afei\u00e7\u00e3o em um ingl\u00eas hesitante. \u201cAmizade, boa amizade.\u201d<\/p>\n<figure id=\"attachment_42809\" aria-describedby=\"caption-attachment-42809\" style=\"width: 620px\" class=\"wp-caption aligncenter\"><a href=\"https:\/\/rioonwatch.org.br\/wp-content\/uploads\/2019\/08\/Flavio-da-Silva2.jpg\"><img decoding=\"async\" class=\"wp-image-42809 size-large\" title=\"No Getty Museum, Fl\u00e1vio da Silva relembra a pose da foto que fez dele um garoto-propaganda para a luta latino-americana da d\u00e9cada de 1960. Foto: Francine Orr \/ Los Angeles Times\" src=\"https:\/\/rioonwatch.org.br\/wp-content\/uploads\/2019\/08\/Flavio-da-Silva2-683x1024.jpg\" alt=\"\" width=\"620\" height=\"930\" srcset=\"https:\/\/rioonwatch.org.br\/wp-content\/uploads\/2019\/08\/Flavio-da-Silva2-683x1024.jpg 683w, https:\/\/rioonwatch.org.br\/wp-content\/uploads\/2019\/08\/Flavio-da-Silva2-176x264.jpg 176w, https:\/\/rioonwatch.org.br\/wp-content\/uploads\/2019\/08\/Flavio-da-Silva2-413x620.jpg 413w, https:\/\/rioonwatch.org.br\/wp-content\/uploads\/2019\/08\/Flavio-da-Silva2-768x1152.jpg 768w, https:\/\/rioonwatch.org.br\/wp-content\/uploads\/2019\/08\/Flavio-da-Silva2.jpg 840w\" sizes=\"(max-width: 620px) 100vw, 620px\" \/><\/a><figcaption id=\"caption-attachment-42809\" class=\"wp-caption-text\">No Getty Museum, Fl\u00e1vio da Silva relembra a pose da foto que fez dele um garoto-propaganda para a luta latino-americana da d\u00e9cada de 1960. Foto: Francine Orr \/ Los Angeles Times<\/figcaption><\/figure>\n<p>Para a tarefa, Gordon criou um contundente portf\u00f3lio preto e branco, de imagens que mostravam Fl\u00e1vio, o mais velho de sete irm\u00e3os, em seus atos di\u00e1rios de sobreviv\u00eancia: puxando baldes de 18 litros de \u00e1gua morro acima, organizando o modesto barraco da fam\u00edlia, alimentando seus irm\u00e3os com feij\u00e3o, lutando contra seus ataques de asma\u2014todas as coisas que ele encarava com o estoicismo de um adulto.<\/p>\n<p>\u201cEu n\u00e3o tenho medo da morte\u201d, ele disse para Gordon na hist\u00f3ria que acompanhava o texto em 1961. \u201cMas o que [minha fam\u00edlia] vai fazer depois?\u201d<\/p>\n<p>A hist\u00f3ria, que estreou nas p\u00e1ginas da <em>Life<\/em> em junho daquele ano, gerou empatia e revolta: empatia dos leitores norte-americanos da revista, que enviaram diversas doa\u00e7\u00f5es para Fl\u00e1vio atrav\u00e9s do escrit\u00f3rio da revista <em>Life<\/em>; revolta no Brasil, onde os cr\u00edticos acusavam a revista de estar contaminada de <a href=\"http:\/\/bit.ly\/2x39npy\" target=\"_blank\" rel=\"noopener noreferrer\">estere\u00f3tipos<\/a> sobre a Am\u00e9rica Latina.<\/p>\n<p>A indigna\u00e7\u00e3o foi tal que a revista <em><a href=\"http:\/\/bit.ly\/2PeJkYs\" target=\"_blank\" rel=\"noopener noreferrer\">O Cruzeiro<\/a><\/em>, que n\u00e3o existe mais, <a href=\"http:\/\/bit.ly\/2lWHHR3\" target=\"_blank\" rel=\"noopener noreferrer\">enviou um fot\u00f3grafo para Nova Iorque para fotografar uma fam\u00edlia pobre de l\u00e1<\/a> e registrar uma mis\u00e9ria semelhante.<\/p>\n<p>Essa hist\u00f3ria complexa\u2014que aborda quest\u00f5es sobre ag\u00eancia de not\u00edcia e explora\u00e7\u00e3o, pol\u00edticas e propaganda e o relacionamento entre jornalista e o assunto em pauta\u2014\u00e9 o cerne da nova exposi\u00e7\u00e3o &#8220;<a href=\"http:\/\/bit.ly\/2MFB1CR\" target=\"_blank\" rel=\"noopener noreferrer\">Gordon Parks: A Hist\u00f3ria de Fl\u00e1vio<\/a>&#8220;, agora em exibi\u00e7\u00e3o no Getty Museum em Los Angeles. A exposi\u00e7\u00e3o (<a href=\"http:\/\/bit.ly\/3467tnl\" target=\"_blank\" rel=\"noopener noreferrer\">e seu valios\u00edssimo cat\u00e1logo<\/a>) coletou imagens da reportagem inicial de Gordon, com seus desdobramentos e exibe juntamente as imagens feitas por Henri Battol em Nova Iorque para <em>O Cruzeiro<\/em>.<\/p>\n<p>O Getty tamb\u00e9m convidou Fl\u00e1vio, que vive no Rio de Janeiro, para ver a apresenta\u00e7\u00e3o que foi elaborada a partir da sua vida.<\/p>\n<p>Fl\u00e1vio \u00e9 um homem esbelto, com bastante cabelo na cabe\u00e7a e com apenas alguns fios grisalhos. Ele \u00e9 extremamente educado, mas, quando sorri, seu rosto parece se iluminar por uma eletricidade crepitante. Foi o sorriso de Fl\u00e1vio que atraiu os olhos de Gordon quando eles se conheceram na Catacumba.<\/p>\n<p>Sentado em um terra\u00e7o ensolarado no Getty Museum, Fl\u00e1vio diz que tinha pouco entendimento sobre o significado da hist\u00f3ria de Gordon na \u00e9poca em que ela foi publicada. &#8220;Eu apenas ou\u00e7o sobre isso e vejo fotos&#8221;, diz ele. &#8220;Mas n\u00e3o sei qu\u00e3o grande \u00e9 a situa\u00e7\u00e3o.&#8221;<\/p>\n<p>Seus pais, na \u00e9poca, trabalhavam duro para conseguir sobreviver com US$25 por m\u00eas (o que representa, hoje, cerca de US$215\/R$887). Revistas n\u00e3o faziam parte de sua vida cotidiana. Mas aparecer na revista <em>Life<\/em> mudou sua vida de uma forma marcante, por\u00e9m custosa.<\/p>\n<figure id=\"attachment_42811\" aria-describedby=\"caption-attachment-42811\" style=\"width: 620px\" class=\"wp-caption aligncenter\"><a href=\"https:\/\/rioonwatch.org.br\/wp-content\/uploads\/2019\/08\/Flavio-da-Silva3.jpg\"><img loading=\"lazy\" decoding=\"async\" class=\"wp-image-42811 size-medium\" title=\"Uma imagem do registro sobre a pobreza na Am\u00e9rica Latina de Gordon Parks para a Life mostra a fam\u00edlia da Silva esmagada em um pequeno barraco na favela do Rio. Foto: J. Paul Getty Museum \/ Gordon Parks Foundation\" src=\"https:\/\/rioonwatch.org.br\/wp-content\/uploads\/2019\/08\/Flavio-da-Silva3-620x484.jpg\" alt=\"\" width=\"620\" height=\"484\" srcset=\"https:\/\/rioonwatch.org.br\/wp-content\/uploads\/2019\/08\/Flavio-da-Silva3-620x484.jpg 620w, https:\/\/rioonwatch.org.br\/wp-content\/uploads\/2019\/08\/Flavio-da-Silva3-338x264.jpg 338w, https:\/\/rioonwatch.org.br\/wp-content\/uploads\/2019\/08\/Flavio-da-Silva3-768x600.jpg 768w, https:\/\/rioonwatch.org.br\/wp-content\/uploads\/2019\/08\/Flavio-da-Silva3.jpg 840w\" sizes=\"(max-width: 620px) 100vw, 620px\" \/><\/a><figcaption id=\"caption-attachment-42811\" class=\"wp-caption-text\">Uma imagem do registro sobre a pobreza na Am\u00e9rica Latina de Gordon Parks para a Life mostra a fam\u00edlia da Silva esmagada em um pequeno barraco na favela do Rio. Foto: J. Paul Getty Museum \/ Gordon Parks Foundation<\/figcaption><\/figure>\n<p>Em um momento em que quest\u00f5es de poder e representa\u00e7\u00e3o na m\u00eddia est\u00e3o sendo fortemente debatidas, \u201cA Hist\u00f3ria de Fl\u00e1vio\u201d \u00e9 uma exposi\u00e7\u00e3o que n\u00e3o poderia vir em melhor momento.<\/p>\n<p>\u201cEssa hist\u00f3ria \u00e9 de 1961\u201d, diz a curadora associada do Getty, Amanda Maddox, que organizou a exposi\u00e7\u00e3o com Paul Roth, diretor do <a href=\"http:\/\/bit.ly\/2ZhgjQB\" target=\"_blank\" rel=\"noopener noreferrer\">Ryerson Image Centre<\/a> em Toronto. \u201cNos mostra que a quest\u00e3o de quem \u00e9 o agente humano do assunto em pauta\u2014a natureza do relacionamento entre um fot\u00f3grafo e o fotografado\u2014\u00e9 um ponto complicado h\u00e1 muito tempo\u201d.<\/p>\n<p>No caso de Gordon e Fl\u00e1vio, esse foi um relacionamento que foi ainda mais complicado quando Gordon e a revista<em> Life<\/em> se tornaram parte da hist\u00f3ria.<\/p>\n<p>Isso porque a mat\u00e9ria caiu como um raio. No momento de sua publica\u00e7\u00e3o, a <em>Life<\/em> recebeu mais de US$26,000 em doa\u00e7\u00f5es de leitores que queriam ajudar (o equivalente a mais de US$223.000\/R$920.042 em 2019). Com os fundos, a equipe da revista comprou uma casa para a fam\u00edlia de Fl\u00e1vio, uma casa modesta, de alvenaria, em um bairro popular que representava uma melhoria imensa de vida em rela\u00e7\u00e3o a seu barraco na favela. A revista tamb\u00e9m providenciou o transporte do jovem Fl\u00e1vio para os Estados Unidos, para ele receber dois anos de tratamento m\u00e9dico gratuito.<\/p>\n<p>No m\u00eas depois da hist\u00f3ria sair, Gordon voou para o Brasil para encontrar a fam\u00edlia e garantir a permiss\u00e3o para levar Fl\u00e1vio para os EUA\u2014que foi quando o caos come\u00e7ou. No curso de um \u00fanico dia, os da Silva foram realocados em sua nova casa\u2014a foto na exibi\u00e7\u00e3o os mostra olhando por uma janela, atordoados\u2014e Fl\u00e1vio e Gordon embarcaram em um voo, para um centro de tratamento de asma em Denver. Uma imagem tirada por um fot\u00f3grafo brasileiro, que serve como capa do cat\u00e1logo, mostra Fl\u00e1vio, olhos lacrimejados, agarrado a Gordon, enquanto eles andam pelo aeroporto.<\/p>\n<figure id=\"attachment_42812\" aria-describedby=\"caption-attachment-42812\" style=\"width: 620px\" class=\"wp-caption aligncenter\"><a href=\"https:\/\/rioonwatch.org.br\/wp-content\/uploads\/2019\/08\/Flavio-da-Silva4.jpg\"><img loading=\"lazy\" decoding=\"async\" class=\"wp-image-42812 size-large\" title=\"Fl\u00e1vio da Silva agarrado a Gordon Parks enquanto eles se preparam para deixar o Rio de Janeiro para os EUA em julho de 1961. Foto: Estate of Paulo Muniz \/ IMS\" src=\"https:\/\/rioonwatch.org.br\/wp-content\/uploads\/2019\/08\/Flavio-da-Silva4-708x1024.jpg\" alt=\"\" width=\"620\" height=\"897\" srcset=\"https:\/\/rioonwatch.org.br\/wp-content\/uploads\/2019\/08\/Flavio-da-Silva4-708x1024.jpg 708w, https:\/\/rioonwatch.org.br\/wp-content\/uploads\/2019\/08\/Flavio-da-Silva4-183x264.jpg 183w, https:\/\/rioonwatch.org.br\/wp-content\/uploads\/2019\/08\/Flavio-da-Silva4-429x620.jpg 429w, https:\/\/rioonwatch.org.br\/wp-content\/uploads\/2019\/08\/Flavio-da-Silva4-768x1111.jpg 768w, https:\/\/rioonwatch.org.br\/wp-content\/uploads\/2019\/08\/Flavio-da-Silva4.jpg 840w\" sizes=\"(max-width: 620px) 100vw, 620px\" \/><\/a><figcaption id=\"caption-attachment-42812\" class=\"wp-caption-text\">Fl\u00e1vio da Silva agarrado a Gordon Parks enquanto eles se preparam para deixar o Rio de Janeiro para os EUA em julho de 1961. Foto: Estate of Paulo Muniz \/ IMS<\/figcaption><\/figure>\n<p>A viagem para Denver trouxe para Fl\u00e1vio o tratamento m\u00e9dico necess\u00e1rio. Al\u00e9m da asma, ele estava desnutrido e sofria de infec\u00e7\u00e3o. A viagem tamb\u00e9m o levou para um lugar em que ele n\u00e3o conhecia a l\u00edngua ou entendia a cultura.<\/p>\n<p>\u201cEu senti falta da minha fam\u00edlia\u201d, ele se lembra de suas primeiras semanas l\u00e1. \u201cAlgumas vezes eu chorei sozinho. Voc\u00ea n\u00e3o podia imaginar se eles eram bons\u201d.<\/p>\n<p>Se sair do Brasil foi dif\u00edcil, seu retorno foi ainda mais.<\/p>\n<p>Depois de dois anos, Fl\u00e1vio tinha se aclimatado com a vida nos EUA. A fam\u00edlia que o hospedou, Jos\u00e9 e Kathy Gon\u00e7alves, tinham praticamente o adotado. Ele jogava beisebol com os amigos, estava apaixonado por uma garota chamada Deborah e aprendeu a falar ingl\u00eas (que ele ainda fala muito bem). Em uma foto tirada pela fam\u00edlia Gon\u00e7alves na exposi\u00e7\u00e3o do Getty, Fl\u00e1vio \u00e9 visto em um terno elegante, posando alegremente com um p\u00e9 no para-choque de um carro. Ele parece feliz e saud\u00e1vel.<\/p>\n<p>Sobre seu retorno para o Brasil, ele diz: \u201cEu n\u00e3o me senti feliz\u201d.<\/p>\n<figure id=\"attachment_42912\" aria-describedby=\"caption-attachment-42912\" style=\"width: 620px\" class=\"wp-caption aligncenter\"><a href=\"https:\/\/rioonwatch.org.br\/wp-content\/uploads\/2019\/09\/Flavio-da-Silva5.jpg\"><img loading=\"lazy\" decoding=\"async\" class=\"wp-image-42912\" title=\"Uma foto da fam\u00edlia mostra Fl\u00e1vio da Silva (em p\u00e9) com membros da fam\u00edlia Gon\u00e7alves, que o hospedou em Denver em 1961. Foto: Jos\u00e9 Gon\u00e7alves \/ Gordon Parks Foundation\" src=\"https:\/\/rioonwatch.org.br\/wp-content\/uploads\/2019\/09\/Flavio-da-Silva5.jpg\" alt=\"\" width=\"620\" height=\"899\" srcset=\"https:\/\/rioonwatch.org.br\/wp-content\/uploads\/2019\/09\/Flavio-da-Silva5.jpg 762w, https:\/\/rioonwatch.org.br\/wp-content\/uploads\/2019\/09\/Flavio-da-Silva5-182x264.jpg 182w, https:\/\/rioonwatch.org.br\/wp-content\/uploads\/2019\/09\/Flavio-da-Silva5-428x620.jpg 428w, https:\/\/rioonwatch.org.br\/wp-content\/uploads\/2019\/09\/Flavio-da-Silva5-706x1024.jpg 706w\" sizes=\"(max-width: 620px) 100vw, 620px\" \/><\/a><figcaption id=\"caption-attachment-42912\" class=\"wp-caption-text\">Uma foto da fam\u00edlia mostra Fl\u00e1vio da Silva (em p\u00e9) com membros da fam\u00edlia Gon\u00e7alves, que o hospedou em Denver em 1961. Foto: Jos\u00e9 Gon\u00e7alves \/ Gordon Parks Foundation<\/figcaption><\/figure>\n<p>Seu retorno significava confrontar a pobreza que sua fam\u00edlia vivia, bem como a educa\u00e7\u00e3o limitada e falta de oportunidades econ\u00f4micas. A vida profissional de Fl\u00e1vio consistiu, desde ent\u00e3o, de uma constela\u00e7\u00e3o de empregos mal remunerados: trabalho em restaurante, limpeza, constru\u00e7\u00e3o, um bico como seguran\u00e7a e outros pequenos trabalhos que marcam a economia informal latino-americana. Ser a estrela da s\u00e9rie de Gordon mudou sua vida\u2014<a href=\"https:\/\/lat.ms\/2NCexCj\" target=\"_blank\" rel=\"noopener noreferrer\">mas s\u00f3 um pouco<\/a>.<\/p>\n<p>Havia tamb\u00e9m o modo como a hist\u00f3ria de Fl\u00e1vio foi usada politicamente. Primeiro, pela revista <em>Life<\/em>, cujo relato sobre a pobreza na Am\u00e9rica Latina foi motivado n\u00e3o por uma curiosidade investigativa, mas por uma preocupa\u00e7\u00e3o, gerada pela Guerra Fria, de que as condi\u00e7\u00f5es de vida abaixo do padr\u00e3o pudessem gerar comunistas (a linha de capa da reportagem sobre o Brasil dizia: \u201cpobreza chocante cria vermelhos\u201d, em alus\u00e3o aos comunistas).<\/p>\n<p>E houve a resposta da m\u00eddia brasileira. Muitos jornalistas brasileiros acusaram a reportagem da <em>Life<\/em>\u2014e as hist\u00f3rias que se seguiram, incluindo a hist\u00f3ria de capa da <em>Life<\/em> sobre o tratamento m\u00e9dico de Fl\u00e1vio em Denver\u2014como paternalismo e imperialismo norte-americano. \u00c0 revista <em>Life<\/em>, escreveu um jornalista do jornal <em><a href=\"http:\/\/bit.ly\/2HrgIou\" target=\"_blank\" rel=\"noopener noreferrer\">O Dia<\/a><\/em>, criou um \u201cfalso entendimento\u201d sobre os problemas econ\u00f4micos e sociais do pa\u00eds. \u201cEm vista desse problema que envolve evidentes inten\u00e7\u00f5es ocultas, nossa atitude s\u00f3 pode ser a de protestar.\u201d<\/p>\n<p><em>O<\/em> <em>Cruzeiro<\/em> acusou Gordon de encenar suas fotografias. Em contrapartida, a revista<em> <a href=\"http:\/\/bit.ly\/2HpG7io\" target=\"_blank\" rel=\"noopener noreferrer\">Time<\/a><\/em> (que, como a <em>Life<\/em>, pertencia a Time Inc.) acusou <em>O Cruzeiro<\/em> de encenar as imagens feitas em Nova Iorque. Essa discuss\u00e3o afastou os holofotes do verdadeiro ponto em quest\u00e3o, diz o curador Sergio Burgi, que ajudou a organizar &#8220;<a href=\"http:\/\/bit.ly\/2U9pr3G\" target=\"_blank\" rel=\"noopener noreferrer\">O Caso Fl\u00e1vio<\/a>&#8220;, uma exposi\u00e7\u00e3o que explorou a competi\u00e7\u00e3o entre essas narrativas de m\u00eddia no <a href=\"http:\/\/bit.ly\/30Hg7GU\" target=\"_blank\" rel=\"noopener noreferrer\">Instituto Moreira Salles<\/a>, no Rio de Janeiro no ano passado.<\/p>\n<p>\u201cA pobreza nunca foi o que se tornou a discuss\u00e3o p\u00fablica\u201d, ele diz. \u201cSe tornou mais uma quest\u00e3o de constru\u00e7\u00e3o de not\u00edcias verdadeiras e falsas.\u201d<\/p>\n<p>Curiosamente, no meio de toda essa disputa de m\u00eddia, ningu\u00e9m nunca pensou em entregar uma c\u00e2mera para Fl\u00e1vio e pedir para que ele documentasse sua pr\u00f3pria realidade. Essas verdades, talvez, teriam sido dif\u00edceis de negar.<\/p>\n<figure id=\"attachment_42913\" aria-describedby=\"caption-attachment-42913\" style=\"width: 620px\" class=\"wp-caption aligncenter\"><a href=\"https:\/\/rioonwatch.org.br\/wp-content\/uploads\/2019\/09\/Flavio-da-Silva6.png\"><img loading=\"lazy\" decoding=\"async\" class=\"wp-image-42913\" title=\"Uma imagem por Henry Ballot para a revista brasileira O Cruzeiro captura a pobreza de uma fam\u00edlia porto-riquenha em Nova Iorque em 1961. Foto: Henri Ballot \/ Instituto Moreira Salles Collections\" src=\"https:\/\/rioonwatch.org.br\/wp-content\/uploads\/2019\/09\/Flavio-da-Silva6.png\" alt=\"\" width=\"620\" height=\"472\" srcset=\"https:\/\/rioonwatch.org.br\/wp-content\/uploads\/2019\/09\/Flavio-da-Silva6.png 804w, https:\/\/rioonwatch.org.br\/wp-content\/uploads\/2019\/09\/Flavio-da-Silva6-347x264.png 347w, https:\/\/rioonwatch.org.br\/wp-content\/uploads\/2019\/09\/Flavio-da-Silva6-620x472.png 620w, https:\/\/rioonwatch.org.br\/wp-content\/uploads\/2019\/09\/Flavio-da-Silva6-768x585.png 768w, https:\/\/rioonwatch.org.br\/wp-content\/uploads\/2019\/09\/Flavio-da-Silva6-174x131.png 174w, https:\/\/rioonwatch.org.br\/wp-content\/uploads\/2019\/09\/Flavio-da-Silva6-70x53.png 70w\" sizes=\"(max-width: 620px) 100vw, 620px\" \/><\/a><figcaption id=\"caption-attachment-42913\" class=\"wp-caption-text\">Uma imagem por Henry Ballot para a revista brasileira O Cruzeiro captura a pobreza de uma fam\u00edlia porto-riquenha em Nova Iorque em 1961. Foto: Henri Ballot \/ Instituto Moreira Salles Collections<\/figcaption><\/figure>\n<p>Gordon se manteve imperturb\u00e1vel durante o debate pol\u00edtico.<\/p>\n<p>\u201cEle realmente n\u00e3o se importava com o que os outros sentiam\u201d, diz Peter Kunhardt Jr., diretor executivo do <a href=\"http:\/\/bit.ly\/2NzbT0b\" target=\"_blank\" rel=\"noopener noreferrer\">Gordon Parks Foundation<\/a>, a organiza\u00e7\u00e3o com sede em Nova Iorque que mant\u00e9m o arquivo fotogr\u00e1fico. \u201cEle estava fazendo algo que ajudou Fl\u00e1vio e a fam\u00edlia dele.\u201d<\/p>\n<p>Fl\u00e1vio da Silva foi mais do que apenas uma hist\u00f3ria. Nas d\u00e9cadas depois da reportagem ser publicada, Gordon e Fl\u00e1vio continuaram trocando correspond\u00eancias. O fot\u00f3grafo voltou para o Brasil para visitas na d\u00e9cada 1970 e novamente na d\u00e9cada de 1990. Em 1978, ele publicou <em><a href=\"http:\/\/bit.ly\/2MHRgze\" target=\"_blank\" rel=\"noopener noreferrer\">The Fl\u00e1vio Story<\/a><\/em> (<em>A Hist\u00f3ria de Fl\u00e1vio<\/em>), um livro de mem\u00f3rias sobre a hist\u00f3ria.<\/p>\n<p>No livro, Gordon expressa d\u00favidas sobre o papel que ele teve na vida de Fl\u00e1vio: \u201cComo um fotojornalista eu tive a chance de fazer hist\u00f3rias que mudaram bastante vidas humanas\u201d, ele escreve. \u201cEm retrospectiva, eu \u00e0s vezes me pergunto se n\u00e3o teria sido mais sensato ter deixado tais vidas intocadas\u201d.<\/p>\n<figure id=\"attachment_42816\" aria-describedby=\"caption-attachment-42816\" style=\"width: 620px\" class=\"wp-caption aligncenter\"><a href=\"https:\/\/rioonwatch.org.br\/wp-content\/uploads\/2019\/08\/Flavio-da-Silva7.jpg\"><img loading=\"lazy\" decoding=\"async\" class=\"wp-image-42816 size-large\" title=\"\u201cSem t\u00edtulo\u201d (Fl\u00e1vio da Silva), Rio de Janeiro, Brasil\u201d 1976 \u2013 uma imagem tirada por Gordon Parks quando ele voltou ao Brasil em 1976 para ver como estava o Fl\u00e1vio. Da exibi\u00e7\u00e3o \u201cGordon Parks: A Hist\u00f3ria de Fl\u00e1vio\u201d no Getty Museum. Foto: J. Paul Getty Museum \/ Gordon Parks Foundation\" src=\"https:\/\/rioonwatch.org.br\/wp-content\/uploads\/2019\/08\/Flavio-da-Silva7-809x1024.jpg\" alt=\"\" width=\"620\" height=\"785\" srcset=\"https:\/\/rioonwatch.org.br\/wp-content\/uploads\/2019\/08\/Flavio-da-Silva7-809x1024.jpg 809w, https:\/\/rioonwatch.org.br\/wp-content\/uploads\/2019\/08\/Flavio-da-Silva7-209x264.jpg 209w, https:\/\/rioonwatch.org.br\/wp-content\/uploads\/2019\/08\/Flavio-da-Silva7-490x620.jpg 490w, https:\/\/rioonwatch.org.br\/wp-content\/uploads\/2019\/08\/Flavio-da-Silva7-768x972.jpg 768w, https:\/\/rioonwatch.org.br\/wp-content\/uploads\/2019\/08\/Flavio-da-Silva7.jpg 840w\" sizes=\"(max-width: 620px) 100vw, 620px\" \/><\/a><figcaption id=\"caption-attachment-42816\" class=\"wp-caption-text\">\u201cSem t\u00edtulo\u201d (Fl\u00e1vio da Silva), Rio de Janeiro, Brasil\u201d 1976 \u2013 uma imagem tirada por Gordon Parks quando ele voltou ao Brasil em 1976 para ver como estava o Fl\u00e1vio. Da exibi\u00e7\u00e3o \u201cGordon Parks: A Hist\u00f3ria de Fl\u00e1vio\u201d no Getty Museum. Foto: J. Paul Getty Museum \/ Gordon Parks Foundation<\/figcaption><\/figure>\n<p>Mas suas imagens tiveram o poder de atra\u00e7\u00e3o\u2014e regularmente Fl\u00e1vio \u00e9 abordado por jornalistas que querem saber mais sobre os eventos.<\/p>\n<p>\u201cO que foi fascinante sobre essa hist\u00f3ria \u00e9 que ela foi recontada diversas vezes\u201d, diz Amanda. \u201cEla est\u00e1 sendo recontada agora. E toda vez que ela \u00e9 recontada, ela \u00e9 um pouco diferente. Voc\u00ea nunca v\u00ea a mesma vers\u00e3o sendo repetida. Isso, em parte, \u00e9 o produto do tempo e da mem\u00f3ria. Mas eu estava compelida pelo impulso de voltar a essa hist\u00f3ria e recont\u00e1-la.\u201d<\/p>\n<p>Perguntado sobre como ele se sente sobre revisitar continuamente esse momento de sua vida, Fl\u00e1vio n\u00e3o d\u00e1 muita aten\u00e7\u00e3o para a pergunta.<\/p>\n<p>\u201c\u00c9 a escolha divina\u201d, ele diz. \u201cEle fez voc\u00ea do jeito que voc\u00ea \u00e9. Eu sou do jeito que ele me quer.&#8221;<\/p>\n<p>O simples encontro que ainda reverbera? Era tudo uma quest\u00e3o de destino.<\/p>\n<figure id=\"attachment_42817\" aria-describedby=\"caption-attachment-42817\" style=\"width: 620px\" class=\"wp-caption aligncenter\"><a href=\"https:\/\/rioonwatch.org.br\/wp-content\/uploads\/2019\/08\/Flavio-da-Silva8.jpg\"><img loading=\"lazy\" decoding=\"async\" class=\"wp-image-42817 size-medium\" title=\"O Getty Museum convidou Fl\u00e1vio da Silva, que vive no Rio de Janeiro, para ver a apresenta\u00e7\u00e3o que retrata sua vida. Foto: Francine Orr \/ Los Angeles Times\" src=\"https:\/\/rioonwatch.org.br\/wp-content\/uploads\/2019\/08\/Flavio-da-Silva8-620x413.jpg\" alt=\"\" width=\"620\" height=\"413\" srcset=\"https:\/\/rioonwatch.org.br\/wp-content\/uploads\/2019\/08\/Flavio-da-Silva8-620x413.jpg 620w, https:\/\/rioonwatch.org.br\/wp-content\/uploads\/2019\/08\/Flavio-da-Silva8-396x264.jpg 396w, https:\/\/rioonwatch.org.br\/wp-content\/uploads\/2019\/08\/Flavio-da-Silva8-768x512.jpg 768w, https:\/\/rioonwatch.org.br\/wp-content\/uploads\/2019\/08\/Flavio-da-Silva8.jpg 840w\" sizes=\"(max-width: 620px) 100vw, 620px\" \/><\/a><figcaption id=\"caption-attachment-42817\" class=\"wp-caption-text\">O Getty Museum convidou Fl\u00e1vio da Silva, que vive no Rio de Janeiro, para ver a apresenta\u00e7\u00e3o que retrata sua vida. Foto: Francine Orr \/ Los Angeles Times<\/figcaption><\/figure>\n<p><strong>\u201cGordon Parks: A hist\u00f3ria de Fl\u00e1vio\u201d<\/strong><br \/>\n<strong>Onde:<\/strong> Getty Museum, 1200 Getty Center Dr., Los Angeles<br \/>\n<strong>Quando: <\/strong>At\u00e9 10 de novembro<br \/>\n<strong>Informa\u00e7\u00f5es:<\/strong> <a href=\"http:\/\/bit.ly\/2MFB1CR\" target=\"_blank\" rel=\"noopener noreferrer\">getty.edu<\/a><\/p>\n<!-- AddThis Advanced Settings generic via filter on the_content --><!-- AddThis Share Buttons generic via filter on the_content -->","protected":false},"excerpt":{"rendered":"<div class=\"mh-excerpt\"><p>Click Here for English Leia a mat\u00e9ria original por Carolina A. Miranda, em ingl\u00eas, no Los Angeles Times aqui. O RioOnWatch traduz mat\u00e9rias do ingl\u00eas para que brasileiros possam ter acesso e acompanhar temas ou <a class=\"mh-excerpt-more\" href=\"https:\/\/rioonwatch.org.br\/?p=42807\" title=\"Fl\u00e1vio da Silva, Fotografado Quando Garoto na Catacumba, Fala Sobre as Imagens que Indignaram\">[&#8230;]<\/a><!-- AddThis Advanced Settings generic via filter on get_the_excerpt --><!-- AddThis Share Buttons generic via filter on get_the_excerpt --><\/p>\n<\/div>","protected":false},"author":152,"featured_media":42835,"comment_status":"closed","ping_status":"closed","sticky":false,"template":"","format":"standard","meta":{"_acf_changed":false,"_monsterinsights_skip_tracking":false,"_monsterinsights_sitenote_active":false,"_monsterinsights_sitenote_note":"","_monsterinsights_sitenote_category":0,"footnotes":""},"categories":[1621,1633,1634],"tags":[386,1170,1676,1803,759,2343,818,1146,83,128,1166,2102,1760,1046,727,1168],"writer":[2683],"translator":[2610],"source":[2684],"ilustrador":[],"fotografo":[],"class_list":{"0":"post-42807","1":"post","2":"type-post","3":"status-publish","4":"format-standard","5":"has-post-thumbnail","7":"category-destaque","8":"category-foto-reportagens","9":"category-traducoes","10":"tag-estigma","11":"tag-america-latina","12":"tag-analise-cobertura-de-favelas","13":"tag-catacumba","14":"tag-comparacao-internacional","15":"tag-economia-informal","16":"tag-eua","17":"tag-exposicao","18":"tag-fotografia","19":"tag-historia","20":"tag-jornalismo","21":"tag-los-angeles","22":"tag-narrativa-midiatica","23":"tag-nova-york","24":"tag-pobreza","25":"tag-traducao","26":"writer-carolina-a-miranda","27":"translator-lia-matos-viegas","28":"source-los-angeles-times"},"acf":[],"yoast_head":"<!-- This site is optimized with the Yoast SEO plugin v25.6 - https:\/\/yoast.com\/wordpress\/plugins\/seo\/ -->\n<title>Fl\u00e1vio da Silva, Fotografado Quando Garoto na Catacumba, Fala Sobre as Imagens que Indignaram - RioOnWatch<\/title>\n<meta name=\"robots\" content=\"index, follow, max-snippet:-1, max-image-preview:large, max-video-preview:-1\" \/>\n<link rel=\"canonical\" href=\"https:\/\/rioonwatch.org.br\/?p=42807\" \/>\n<meta property=\"og:locale\" content=\"pt_BR\" \/>\n<meta property=\"og:type\" content=\"article\" \/>\n<meta property=\"og:title\" content=\"Fl\u00e1vio da Silva, Fotografado Quando Garoto na Catacumba, Fala Sobre as Imagens que Indignaram - RioOnWatch\" \/>\n<meta property=\"og:description\" content=\"Click Here for English Leia a mat\u00e9ria original por Carolina A. Miranda, em ingl\u00eas, no Los Angeles Times aqui. O RioOnWatch traduz mat\u00e9rias do ingl\u00eas para que brasileiros possam ter acesso e acompanhar temas ou [...]\" \/>\n<meta property=\"og:url\" content=\"https:\/\/rioonwatch.org.br\/?p=42807\" \/>\n<meta property=\"og:site_name\" content=\"RioOnWatch\" \/>\n<meta property=\"article:published_time\" content=\"2019-09-03T08:59:19+00:00\" \/>\n<meta property=\"article:modified_time\" content=\"2024-06-20T16:32:25+00:00\" \/>\n<meta property=\"og:image\" content=\"https:\/\/rioonwatch.org.br\/wp-content\/uploads\/2019\/08\/Flavio-da-Silvaok2.jpg\" \/>\n\t<meta property=\"og:image:width\" content=\"840\" \/>\n\t<meta property=\"og:image:height\" content=\"475\" \/>\n\t<meta property=\"og:image:type\" content=\"image\/jpeg\" \/>\n<meta name=\"author\" content=\"Luisa Fenizola\" \/>\n<meta name=\"twitter:card\" content=\"summary_large_image\" \/>\n<meta name=\"twitter:label1\" content=\"Escrito por\" \/>\n\t<meta name=\"twitter:data1\" content=\"Luisa Fenizola\" \/>\n\t<meta name=\"twitter:label2\" content=\"Est. tempo de leitura\" \/>\n\t<meta name=\"twitter:data2\" content=\"12 minutos\" \/>\n<script type=\"application\/ld+json\" class=\"yoast-schema-graph\">{\"@context\":\"https:\/\/schema.org\",\"@graph\":[{\"@type\":\"Article\",\"@id\":\"https:\/\/rioonwatch.org.br\/?p=42807#article\",\"isPartOf\":{\"@id\":\"https:\/\/rioonwatch.org.br\/?p=42807\"},\"author\":{\"name\":\"Luisa Fenizola\",\"@id\":\"https:\/\/rioonwatch.org.br\/#\/schema\/person\/f443c6b55bb6e80842280318076491c5\"},\"headline\":\"Fl\u00e1vio da Silva, Fotografado Quando Garoto na Catacumba, Fala Sobre as Imagens que Indignaram\",\"datePublished\":\"2019-09-03T08:59:19+00:00\",\"dateModified\":\"2024-06-20T16:32:25+00:00\",\"mainEntityOfPage\":{\"@id\":\"https:\/\/rioonwatch.org.br\/?p=42807\"},\"wordCount\":2514,\"publisher\":{\"@id\":\"https:\/\/rioonwatch.org.br\/#organization\"},\"image\":{\"@id\":\"https:\/\/rioonwatch.org.br\/?p=42807#primaryimage\"},\"thumbnailUrl\":\"https:\/\/rioonwatch.org.br\/wp-content\/uploads\/2019\/08\/Flavio-da-Silvaok2.jpg\",\"keywords\":[\"#StopFavelaStigma\",\"Am\u00e9rica Latina\",\"an\u00e1lise cobertura de favelas\",\"Catacumba\",\"compara\u00e7\u00e3o internacional\",\"economia informal\",\"EUA\",\"exposi\u00e7\u00e3o\",\"fotografia\",\"hist\u00f3ria\",\"jornalismo\",\"Los Angeles\",\"narrativa midi\u00e1tica\",\"Nova York\",\"pobreza\",\"tradu\u00e7\u00e3o\"],\"articleSection\":[\"*Destaque\",\"Fotorreportagens\",\"Traduzidas do Ingl\u00eas\"],\"inLanguage\":\"pt-BR\"},{\"@type\":\"WebPage\",\"@id\":\"https:\/\/rioonwatch.org.br\/?p=42807\",\"url\":\"https:\/\/rioonwatch.org.br\/?p=42807\",\"name\":\"Fl\u00e1vio da Silva, Fotografado Quando Garoto na Catacumba, Fala Sobre as Imagens que Indignaram - RioOnWatch\",\"isPartOf\":{\"@id\":\"https:\/\/rioonwatch.org.br\/#website\"},\"primaryImageOfPage\":{\"@id\":\"https:\/\/rioonwatch.org.br\/?p=42807#primaryimage\"},\"image\":{\"@id\":\"https:\/\/rioonwatch.org.br\/?p=42807#primaryimage\"},\"thumbnailUrl\":\"https:\/\/rioonwatch.org.br\/wp-content\/uploads\/2019\/08\/Flavio-da-Silvaok2.jpg\",\"datePublished\":\"2019-09-03T08:59:19+00:00\",\"dateModified\":\"2024-06-20T16:32:25+00:00\",\"breadcrumb\":{\"@id\":\"https:\/\/rioonwatch.org.br\/?p=42807#breadcrumb\"},\"inLanguage\":\"pt-BR\",\"potentialAction\":[{\"@type\":\"ReadAction\",\"target\":[\"https:\/\/rioonwatch.org.br\/?p=42807\"]}]},{\"@type\":\"ImageObject\",\"inLanguage\":\"pt-BR\",\"@id\":\"https:\/\/rioonwatch.org.br\/?p=42807#primaryimage\",\"url\":\"https:\/\/rioonwatch.org.br\/wp-content\/uploads\/2019\/08\/Flavio-da-Silvaok2.jpg\",\"contentUrl\":\"https:\/\/rioonwatch.org.br\/wp-content\/uploads\/2019\/08\/Flavio-da-Silvaok2.jpg\",\"width\":840,\"height\":475},{\"@type\":\"BreadcrumbList\",\"@id\":\"https:\/\/rioonwatch.org.br\/?p=42807#breadcrumb\",\"itemListElement\":[{\"@type\":\"ListItem\",\"position\":1,\"name\":\"In\u00edcio\",\"item\":\"https:\/\/rioonwatch.org.br\/\"},{\"@type\":\"ListItem\",\"position\":2,\"name\":\"Fl\u00e1vio da Silva, Fotografado Quando Garoto na Catacumba, Fala Sobre as Imagens que Indignaram\"}]},{\"@type\":\"WebSite\",\"@id\":\"https:\/\/rioonwatch.org.br\/#website\",\"url\":\"https:\/\/rioonwatch.org.br\/\",\"name\":\"RioOnWatch\",\"description\":\"relatos das favelas cariocas\",\"publisher\":{\"@id\":\"https:\/\/rioonwatch.org.br\/#organization\"},\"potentialAction\":[{\"@type\":\"SearchAction\",\"target\":{\"@type\":\"EntryPoint\",\"urlTemplate\":\"https:\/\/rioonwatch.org.br\/?s={search_term_string}\"},\"query-input\":{\"@type\":\"PropertyValueSpecification\",\"valueRequired\":true,\"valueName\":\"search_term_string\"}}],\"inLanguage\":\"pt-BR\"},{\"@type\":\"Organization\",\"@id\":\"https:\/\/rioonwatch.org.br\/#organization\",\"name\":\"RioOnWatch\",\"url\":\"https:\/\/rioonwatch.org.br\/\",\"logo\":{\"@type\":\"ImageObject\",\"inLanguage\":\"pt-BR\",\"@id\":\"https:\/\/rioonwatch.org.br\/#\/schema\/logo\/image\/\",\"url\":\"https:\/\/rioonwatch.org.br\/wp-content\/uploads\/2021\/06\/RioOnWatchcabecalhoPT11anos-2.png\",\"contentUrl\":\"https:\/\/rioonwatch.org.br\/wp-content\/uploads\/2021\/06\/RioOnWatchcabecalhoPT11anos-2.png\",\"width\":779,\"height\":277,\"caption\":\"RioOnWatch\"},\"image\":{\"@id\":\"https:\/\/rioonwatch.org.br\/#\/schema\/logo\/image\/\"}},{\"@type\":\"Person\",\"@id\":\"https:\/\/rioonwatch.org.br\/#\/schema\/person\/f443c6b55bb6e80842280318076491c5\",\"name\":\"Luisa Fenizola\",\"image\":{\"@type\":\"ImageObject\",\"inLanguage\":\"pt-BR\",\"@id\":\"https:\/\/rioonwatch.org.br\/#\/schema\/person\/image\/\",\"url\":\"https:\/\/secure.gravatar.com\/avatar\/a3d551110162b9f876cbbdaaecf75663?s=96&d=blank&r=g\",\"contentUrl\":\"https:\/\/secure.gravatar.com\/avatar\/a3d551110162b9f876cbbdaaecf75663?s=96&d=blank&r=g\",\"caption\":\"Luisa Fenizola\"},\"url\":\"https:\/\/rioonwatch.org.br\/?author=152\"}]}<\/script>\n<!-- \/ Yoast SEO plugin. -->","yoast_head_json":{"title":"Fl\u00e1vio da Silva, Fotografado Quando Garoto na Catacumba, Fala Sobre as Imagens que Indignaram - RioOnWatch","robots":{"index":"index","follow":"follow","max-snippet":"max-snippet:-1","max-image-preview":"max-image-preview:large","max-video-preview":"max-video-preview:-1"},"canonical":"https:\/\/rioonwatch.org.br\/?p=42807","og_locale":"pt_BR","og_type":"article","og_title":"Fl\u00e1vio da Silva, Fotografado Quando Garoto na Catacumba, Fala Sobre as Imagens que Indignaram - RioOnWatch","og_description":"Click Here for English Leia a mat\u00e9ria original por Carolina A. Miranda, em ingl\u00eas, no Los Angeles Times aqui. O RioOnWatch traduz mat\u00e9rias do ingl\u00eas para que brasileiros possam ter acesso e acompanhar temas ou [...]","og_url":"https:\/\/rioonwatch.org.br\/?p=42807","og_site_name":"RioOnWatch","article_published_time":"2019-09-03T08:59:19+00:00","article_modified_time":"2024-06-20T16:32:25+00:00","og_image":[{"width":840,"height":475,"url":"https:\/\/rioonwatch.org.br\/wp-content\/uploads\/2019\/08\/Flavio-da-Silvaok2.jpg","type":"image\/jpeg"}],"author":"Luisa Fenizola","twitter_card":"summary_large_image","twitter_misc":{"Escrito por":"Luisa Fenizola","Est. tempo de leitura":"12 minutos"},"schema":{"@context":"https:\/\/schema.org","@graph":[{"@type":"Article","@id":"https:\/\/rioonwatch.org.br\/?p=42807#article","isPartOf":{"@id":"https:\/\/rioonwatch.org.br\/?p=42807"},"author":{"name":"Luisa Fenizola","@id":"https:\/\/rioonwatch.org.br\/#\/schema\/person\/f443c6b55bb6e80842280318076491c5"},"headline":"Fl\u00e1vio da Silva, Fotografado Quando Garoto na Catacumba, Fala Sobre as Imagens que Indignaram","datePublished":"2019-09-03T08:59:19+00:00","dateModified":"2024-06-20T16:32:25+00:00","mainEntityOfPage":{"@id":"https:\/\/rioonwatch.org.br\/?p=42807"},"wordCount":2514,"publisher":{"@id":"https:\/\/rioonwatch.org.br\/#organization"},"image":{"@id":"https:\/\/rioonwatch.org.br\/?p=42807#primaryimage"},"thumbnailUrl":"https:\/\/rioonwatch.org.br\/wp-content\/uploads\/2019\/08\/Flavio-da-Silvaok2.jpg","keywords":["#StopFavelaStigma","Am\u00e9rica Latina","an\u00e1lise cobertura de favelas","Catacumba","compara\u00e7\u00e3o internacional","economia informal","EUA","exposi\u00e7\u00e3o","fotografia","hist\u00f3ria","jornalismo","Los Angeles","narrativa midi\u00e1tica","Nova York","pobreza","tradu\u00e7\u00e3o"],"articleSection":["*Destaque","Fotorreportagens","Traduzidas do Ingl\u00eas"],"inLanguage":"pt-BR"},{"@type":"WebPage","@id":"https:\/\/rioonwatch.org.br\/?p=42807","url":"https:\/\/rioonwatch.org.br\/?p=42807","name":"Fl\u00e1vio da Silva, Fotografado Quando Garoto na Catacumba, Fala Sobre as Imagens que Indignaram - RioOnWatch","isPartOf":{"@id":"https:\/\/rioonwatch.org.br\/#website"},"primaryImageOfPage":{"@id":"https:\/\/rioonwatch.org.br\/?p=42807#primaryimage"},"image":{"@id":"https:\/\/rioonwatch.org.br\/?p=42807#primaryimage"},"thumbnailUrl":"https:\/\/rioonwatch.org.br\/wp-content\/uploads\/2019\/08\/Flavio-da-Silvaok2.jpg","datePublished":"2019-09-03T08:59:19+00:00","dateModified":"2024-06-20T16:32:25+00:00","breadcrumb":{"@id":"https:\/\/rioonwatch.org.br\/?p=42807#breadcrumb"},"inLanguage":"pt-BR","potentialAction":[{"@type":"ReadAction","target":["https:\/\/rioonwatch.org.br\/?p=42807"]}]},{"@type":"ImageObject","inLanguage":"pt-BR","@id":"https:\/\/rioonwatch.org.br\/?p=42807#primaryimage","url":"https:\/\/rioonwatch.org.br\/wp-content\/uploads\/2019\/08\/Flavio-da-Silvaok2.jpg","contentUrl":"https:\/\/rioonwatch.org.br\/wp-content\/uploads\/2019\/08\/Flavio-da-Silvaok2.jpg","width":840,"height":475},{"@type":"BreadcrumbList","@id":"https:\/\/rioonwatch.org.br\/?p=42807#breadcrumb","itemListElement":[{"@type":"ListItem","position":1,"name":"In\u00edcio","item":"https:\/\/rioonwatch.org.br\/"},{"@type":"ListItem","position":2,"name":"Fl\u00e1vio da Silva, Fotografado Quando Garoto na Catacumba, Fala Sobre as Imagens que Indignaram"}]},{"@type":"WebSite","@id":"https:\/\/rioonwatch.org.br\/#website","url":"https:\/\/rioonwatch.org.br\/","name":"RioOnWatch","description":"relatos das favelas cariocas","publisher":{"@id":"https:\/\/rioonwatch.org.br\/#organization"},"potentialAction":[{"@type":"SearchAction","target":{"@type":"EntryPoint","urlTemplate":"https:\/\/rioonwatch.org.br\/?s={search_term_string}"},"query-input":{"@type":"PropertyValueSpecification","valueRequired":true,"valueName":"search_term_string"}}],"inLanguage":"pt-BR"},{"@type":"Organization","@id":"https:\/\/rioonwatch.org.br\/#organization","name":"RioOnWatch","url":"https:\/\/rioonwatch.org.br\/","logo":{"@type":"ImageObject","inLanguage":"pt-BR","@id":"https:\/\/rioonwatch.org.br\/#\/schema\/logo\/image\/","url":"https:\/\/rioonwatch.org.br\/wp-content\/uploads\/2021\/06\/RioOnWatchcabecalhoPT11anos-2.png","contentUrl":"https:\/\/rioonwatch.org.br\/wp-content\/uploads\/2021\/06\/RioOnWatchcabecalhoPT11anos-2.png","width":779,"height":277,"caption":"RioOnWatch"},"image":{"@id":"https:\/\/rioonwatch.org.br\/#\/schema\/logo\/image\/"}},{"@type":"Person","@id":"https:\/\/rioonwatch.org.br\/#\/schema\/person\/f443c6b55bb6e80842280318076491c5","name":"Luisa Fenizola","image":{"@type":"ImageObject","inLanguage":"pt-BR","@id":"https:\/\/rioonwatch.org.br\/#\/schema\/person\/image\/","url":"https:\/\/secure.gravatar.com\/avatar\/a3d551110162b9f876cbbdaaecf75663?s=96&d=blank&r=g","contentUrl":"https:\/\/secure.gravatar.com\/avatar\/a3d551110162b9f876cbbdaaecf75663?s=96&d=blank&r=g","caption":"Luisa Fenizola"},"url":"https:\/\/rioonwatch.org.br\/?author=152"}]}},"_links":{"self":[{"href":"https:\/\/rioonwatch.org.br\/index.php?rest_route=\/wp\/v2\/posts\/42807"}],"collection":[{"href":"https:\/\/rioonwatch.org.br\/index.php?rest_route=\/wp\/v2\/posts"}],"about":[{"href":"https:\/\/rioonwatch.org.br\/index.php?rest_route=\/wp\/v2\/types\/post"}],"author":[{"embeddable":true,"href":"https:\/\/rioonwatch.org.br\/index.php?rest_route=\/wp\/v2\/users\/152"}],"replies":[{"embeddable":true,"href":"https:\/\/rioonwatch.org.br\/index.php?rest_route=%2Fwp%2Fv2%2Fcomments&post=42807"}],"version-history":[{"count":24,"href":"https:\/\/rioonwatch.org.br\/index.php?rest_route=\/wp\/v2\/posts\/42807\/revisions"}],"predecessor-version":[{"id":42974,"href":"https:\/\/rioonwatch.org.br\/index.php?rest_route=\/wp\/v2\/posts\/42807\/revisions\/42974"}],"wp:featuredmedia":[{"embeddable":true,"href":"https:\/\/rioonwatch.org.br\/index.php?rest_route=\/wp\/v2\/media\/42835"}],"wp:attachment":[{"href":"https:\/\/rioonwatch.org.br\/index.php?rest_route=%2Fwp%2Fv2%2Fmedia&parent=42807"}],"wp:term":[{"taxonomy":"category","embeddable":true,"href":"https:\/\/rioonwatch.org.br\/index.php?rest_route=%2Fwp%2Fv2%2Fcategories&post=42807"},{"taxonomy":"post_tag","embeddable":true,"href":"https:\/\/rioonwatch.org.br\/index.php?rest_route=%2Fwp%2Fv2%2Ftags&post=42807"},{"taxonomy":"writer","embeddable":true,"href":"https:\/\/rioonwatch.org.br\/index.php?rest_route=%2Fwp%2Fv2%2Fwriter&post=42807"},{"taxonomy":"translator","embeddable":true,"href":"https:\/\/rioonwatch.org.br\/index.php?rest_route=%2Fwp%2Fv2%2Ftranslator&post=42807"},{"taxonomy":"source","embeddable":true,"href":"https:\/\/rioonwatch.org.br\/index.php?rest_route=%2Fwp%2Fv2%2Fsource&post=42807"},{"taxonomy":"ilustrador","embeddable":true,"href":"https:\/\/rioonwatch.org.br\/index.php?rest_route=%2Fwp%2Fv2%2Filustrador&post=42807"},{"taxonomy":"fotografo","embeddable":true,"href":"https:\/\/rioonwatch.org.br\/index.php?rest_route=%2Fwp%2Fv2%2Ffotografo&post=42807"}],"curies":[{"name":"wp","href":"https:\/\/api.w.org\/{rel}","templated":true}]}}