{"id":42916,"date":"2019-09-05T11:38:13","date_gmt":"2019-09-05T14:38:13","guid":{"rendered":"https:\/\/rioonwatch.org.br\/?p=42916"},"modified":"2024-06-20T16:23:37","modified_gmt":"2024-06-20T19:23:37","slug":"2o-intercambio-da-rede-favela-sustentavel-de-2019-mutirao-no-quilombo-do-camorim","status":"publish","type":"post","link":"https:\/\/rioonwatch.org.br\/?p=42916","title":{"rendered":"2\u00ba Interc\u00e2mbio da Rede Favela Sustent\u00e1vel de 2019: Mutir\u00e3o no Quilombo do Camorim"},"content":{"rendered":"<p style=\"text-align: right;\"><em><strong><a href=\"http:\/\/bit.ly\/2Pqccgn\" target=\"_blank\" rel=\"noopener noreferrer\">Click Here for English<\/a><a href=\"http:\/\/bit.ly\/2Pqccgn\" target=\"_blank\" rel=\"noopener noreferrer\"><img decoding=\"async\" width=\"20\" height=\"20\" class=\"alignright wp-image-15790\" src=\"http:\/\/rioonwatch.org.br\/wp-content\/uploads\/2012\/08\/EN-standard-e1439583104716.jpg\" \/><\/a><\/strong><\/em><\/p>\n<p><em>A\u00a0<a href=\"http:\/\/www.bit.ly\/RFSMapa\" target=\"_blank\" rel=\"noopener noreferrer\">Rede Favela Sustent\u00e1vel<\/a>\u00a0(RFS) \u00e9 um projeto da\u00a0<a href=\"http:\/\/comcat.org\/\" target=\"_blank\" rel=\"noopener noreferrer\">Comunidades Catalisadoras<\/a>\u00a0(ComCat)* desenhado para construir redes de solidariedade, dar visibilidade, e desenvolver a\u00e7\u00f5es conjuntas que apoiem a expans\u00e3o de iniciativas comunit\u00e1rias que fortalecem a sustentabilidade ambiental e a resili\u00eancia social em favelas de toda a regi\u00e3o metropolitana\u00a0do Rio de Janeiro. O projeto come\u00e7ou em 2012 com a produ\u00e7\u00e3o do filme\u00a0<a href=\"http:\/\/bit.ly\/FavelaModelo\" target=\"_blank\" rel=\"noopener noreferrer\">Favela como Modelo Sustent\u00e1vel<\/a>,\u00a0tendo continuidade em 2017, quando foram\u00a0<a href=\"http:\/\/www.bit.ly\/RFSMapa\" target=\"_blank\" rel=\"noopener noreferrer\">mapeadas 111 iniciativas sustent\u00e1veis<\/a>\u00a0e foi publicado um\u00a0<a href=\"http:\/\/bit.ly\/RFSRelatorio\" target=\"_blank\" rel=\"noopener noreferrer\">relat\u00f3rio final<\/a>\u00a0que analisa os resultados.\u00a0<\/em><\/p>\n<p><em>Em 2018 o projeto realizou\u00a0<a href=\"http:\/\/bit.ly\/IntercambiosRFS\" target=\"_blank\" rel=\"noopener noreferrer\">uma\u00a0s\u00e9rie de interc\u00e2mbios entre oito das mais duradouras e estabelecidas iniciativas<\/a>\u00a0que foram mapeadas na Rede Favela Sustent\u00e1vel e em seguida foi realizado, no dia 10 de novembro, um dia inteiro de interc\u00e2mbio com toda a Rede Favela Sustent\u00e1vel.\u00a0Assista ao v\u00eddeo que acompanha os interc\u00e2mbios de 2018\u00a0clicando\u00a0<a href=\"http:\/\/bit.ly\/TecendoRFS\" target=\"_blank\" rel=\"noopener noreferrer\">aqui<\/a>.<\/em><\/p>\n<p><em>Em 2019, o projeto est\u00e1 realizando uma segunda rodada de interc\u00e2mbios\u2014dessa vez abertos a todos os membros da RFS e ao p\u00fablico geral\u2014em projetos baseados na <a href=\"http:\/\/bit.ly\/2Xh2LCV\" target=\"_blank\" rel=\"noopener noreferrer\">Babil\u00f4nia<\/a>, Camorim, Pavuna, Vila Kennedy e Manguinhos. Essa segunda troca do ano contou com uma visita ao Quilombo do Camorim, que havia sido devastado pelas chuvas no in\u00edcio do ano. Deste modo, o foco n\u00e3o estava apenas no aprendizado sobre o Quilombo do Camorim, mas em um mutir\u00e3o para limpar, replantar e embelezar o local hist\u00f3rico, seguido de uma roda de capacita\u00e7\u00e3o sobre abordagens de capta\u00e7\u00e3o de recursos apresentadas pelos membros da RFS. O projeto tem o apoio da <a href=\"http:\/\/bit.ly\/1jCIAqW\" target=\"_blank\" rel=\"noopener noreferrer\">Funda\u00e7\u00e3o Heinrich B\u00f6ll Brasil<\/a>.<\/em><\/p>\n<hr \/>\n<h2>Segundo Interc\u00e2mbio de 2019 Realizado Como Mutir\u00e3o<\/h2>\n<p>Na manh\u00e3 do s\u00e1bado, 10 de agosto, 69 pessoas se reuniram no <a href=\"http:\/\/bit.ly\/2jXRlCd\" target=\"_blank\" rel=\"noopener noreferrer\">Quilombo do Camorim<\/a>, em <a href=\"http:\/\/bit.ly\/1HgPTzq\" target=\"_blank\" rel=\"noopener noreferrer\">Jacarepagu\u00e1<\/a>, na\u00a0<a href=\"http:\/\/bit.ly\/2x3k8bw\" target=\"_blank\" rel=\"noopener noreferrer\">Zona Oeste<\/a>, prontas para por as m\u00e3os na massa. Adilson Almeida, fundador e presidente da <a href=\"http:\/\/bit.ly\/2Ov7iyr\" target=\"_blank\" rel=\"noopener noreferrer\">Associa\u00e7\u00e3o Cultural Quilombo do Camorim<\/a> (ACUQCA) cumprimentou o grupo na chegada, explicando como o quilombo foi severamente impactado pelas <a href=\"http:\/\/bit.ly\/2QfSSPC\" target=\"_blank\" rel=\"noopener noreferrer\">intensas chuvas<\/a> que assolaram o Rio no in\u00edcio deste ano. Adilson, que fundou a ACUQCA em 2003 para relembrar, preservar e promover a cultura quilombola (arque\u00f3logos identificaram materiais no local desde os anos 1500) explicou que as chuvas haviam varrido a <a href=\"http:\/\/bit.ly\/2rBUppD\" target=\"_blank\" rel=\"noopener noreferrer\">horta comunit\u00e1ria<\/a>, e que causaram uma invas\u00e3o de capim alto e espesso em toda a \u00e1rea, que apesar das tentativas constantes, os membros do quilombo n\u00e3o conseguiram limpar durante todos esses meses. Portanto, eles n\u00e3o conseguiram realizar seus eventos p\u00fablicos e comunit\u00e1rios habituais desde abril deste ano.<\/p>\n<p><a href=\"https:\/\/rioonwatch.org.br\/wp-content\/uploads\/2019\/09\/Camorim-1.jpg\"><img fetchpriority=\"high\" decoding=\"async\" class=\"aligncenter wp-image-42918 size-content\" title=\"Na organiza\u00e7\u00e3o do in\u00edcio do dia, Adilson apresenta as necessidades do Quilombo.\" src=\"https:\/\/rioonwatch.org.br\/wp-content\/uploads\/2019\/09\/Camorim-1-620x264.jpg\" alt=\"\" width=\"620\" height=\"264\" srcset=\"https:\/\/rioonwatch.org.br\/wp-content\/uploads\/2019\/09\/Camorim-1-620x264.jpg 620w, https:\/\/rioonwatch.org.br\/wp-content\/uploads\/2019\/09\/Camorim-1-940x400.jpg 940w\" sizes=\"(max-width: 620px) 100vw, 620px\" \/><\/a><\/p>\n<p>Devido a esses danos, o rec\u00e9m-lan\u00e7ado Grupo de Trabalho Hortas e Reflorestamento da Rede Favela Sustent\u00e1vel decidiu fazer do Quilombo do Camorim o foco de seu primeiro ato. Em resposta aos pedidos de ajuda de Adilson, a Rede organizou seu segundo interc\u00e2mbio de 2019 em forma de mutir\u00e3o\u2014o termo de origem Tupi para a\u00e7\u00e3o coletiva, amplamente usado nas comunidades cariocas para descrever esfor\u00e7os colaborativos para revitalizar espa\u00e7os comunit\u00e1rios.<\/p>\n<p><a href=\"https:\/\/rioonwatch.org.br\/wp-content\/uploads\/2019\/09\/Camorim2.jpg\"><img decoding=\"async\" class=\"aligncenter wp-image-42919 size-content\" title=\"Esfor\u00e7o colaborativo para capinar e retirar plantas invasoras no primeiro mutir\u00e3o no Quilombo do Camorim.\" src=\"https:\/\/rioonwatch.org.br\/wp-content\/uploads\/2019\/09\/Camorim2-620x264.jpg\" alt=\"\" width=\"620\" height=\"264\" srcset=\"https:\/\/rioonwatch.org.br\/wp-content\/uploads\/2019\/09\/Camorim2-620x264.jpg 620w, https:\/\/rioonwatch.org.br\/wp-content\/uploads\/2019\/09\/Camorim2-940x400.jpg 940w\" sizes=\"(max-width: 620px) 100vw, 620px\" \/><\/a><\/p>\n<p>Depois de apresentar as tarefas a serem realizadas, Adilson convidou os participantes a se unirem a um dos tr\u00eas grupos: um para retirar a infesta\u00e7\u00e3o generalizada do capim alto, um segundo para recuperar a horta comunit\u00e1ria e um terceiro para cobrir o lado de fora do muro do quilombo com grafites sinalizando a presen\u00e7a do quilombo para as pessoas de fora. V\u00e1rios coletivos vieram em apoio ao quilombo: <a href=\"http:\/\/bit.ly\/2Nmmpb7\" target=\"_blank\" rel=\"noopener noreferrer\">Planta na Rua<\/a>, um coletivo de jardinagem urbana, que trabalha em toda a cidade, trouxe equipamentos, sementes e mudas e dirigiu o replantio da horta comunit\u00e1ria. Representantes de grupos comunit\u00e1rios e dos <a href=\"http:\/\/bit.ly\/2Ms95Cp\" target=\"_blank\" rel=\"noopener noreferrer\">Engenheiros Sem Fronteiras<\/a> trabalharam incansavelmente com ro\u00e7adeiras e outros equipamentos para limpar e retirar o capim que invadiu o local. Enquanto isso, 16 crian\u00e7as totalmente dedicadas da <a href=\"http:\/\/bit.ly\/2Ms9mVX\" target=\"_blank\" rel=\"noopener noreferrer\">Cine &amp; Rock<\/a>, uma organiza\u00e7\u00e3o de m\u00fasica e cultura da favela <a href=\"http:\/\/bit.ly\/2lvBTO8\" target=\"_blank\" rel=\"noopener noreferrer\">Rio das Pedras<\/a>, na Zona Oeste, apoiaram os dois conjuntos de atividades.<\/p>\n<p><a href=\"https:\/\/rioonwatch.org.br\/wp-content\/uploads\/2019\/09\/Camorim3.jpg\"><img loading=\"lazy\" decoding=\"async\" class=\"aligncenter wp-image-42920 size-medium\" title=\"Crian\u00e7as do Rio das Pedras tiveram papel importante para capinar, preparar o solo e semear as plantas. \" src=\"https:\/\/rioonwatch.org.br\/wp-content\/uploads\/2019\/09\/Camorim3-620x348.jpg\" alt=\"\" width=\"620\" height=\"348\" srcset=\"https:\/\/rioonwatch.org.br\/wp-content\/uploads\/2019\/09\/Camorim3-620x348.jpg 620w, https:\/\/rioonwatch.org.br\/wp-content\/uploads\/2019\/09\/Camorim3-470x264.jpg 470w, https:\/\/rioonwatch.org.br\/wp-content\/uploads\/2019\/09\/Camorim3-768x432.jpg 768w, https:\/\/rioonwatch.org.br\/wp-content\/uploads\/2019\/09\/Camorim3-1024x576.jpg 1024w, https:\/\/rioonwatch.org.br\/wp-content\/uploads\/2019\/09\/Camorim3-580x326.jpg 580w, https:\/\/rioonwatch.org.br\/wp-content\/uploads\/2019\/09\/Camorim3-174x98.jpg 174w, https:\/\/rioonwatch.org.br\/wp-content\/uploads\/2019\/09\/Camorim3.jpg 2048w\" sizes=\"(max-width: 620px) 100vw, 620px\" \/><\/a><\/p>\n<h3>Grafitagem pelo Preta Pinta Preta<\/h3>\n<p>Enquanto os volunt\u00e1rios trabalhavam para limpar os detritos no quilombo, as mulheres do coletivo de graffiti Preta Pinta Preta trabalharam com o objetivo de cobrir a entrada do quilombo com grafites novos e sugestivos sobre temas afro-brasileiros. O grupo levou seu talento art\u00edstico aos esfor\u00e7os do dia, trabalhando o dia inteiro para cobrir as paredes do quilombo com murais de figuras afro-brasileiras ic\u00f4nicas.<\/p>\n<p><a href=\"https:\/\/rioonwatch.org.br\/wp-content\/uploads\/2019\/09\/Preta-Printa-Preta.jpg\"><img loading=\"lazy\" decoding=\"async\" class=\"aligncenter size-content wp-image-42921\" src=\"https:\/\/rioonwatch.org.br\/wp-content\/uploads\/2019\/09\/Preta-Printa-Preta-620x264.jpg\" alt=\"\" width=\"620\" height=\"264\" srcset=\"https:\/\/rioonwatch.org.br\/wp-content\/uploads\/2019\/09\/Preta-Printa-Preta-620x264.jpg 620w, https:\/\/rioonwatch.org.br\/wp-content\/uploads\/2019\/09\/Preta-Printa-Preta-940x400.jpg 940w\" sizes=\"(max-width: 620px) 100vw, 620px\" \/><\/a><\/p>\n<p>O coletivo feminino de grafite da <a href=\"http:\/\/bit.ly\/2ETpYR1\" target=\"_blank\" rel=\"noopener noreferrer\">Zona Norte<\/a>, Preta Pinta Preta, usa a arte do grafite para valorizar a identidade cultural \u00e9tnica e a mem\u00f3ria de artistas negros. O grupo que tem pintado murais em escolas p\u00fablicas do Rio de Janeiro, foi atra\u00eddo pelo interc\u00e2mbio de s\u00e1bado pela oportunidade de representar mulheres negras historicamente importantes. A obra de arte do coletivo representou <a href=\"http:\/\/bit.ly\/1LIqBFM\" target=\"_blank\" rel=\"noopener noreferrer\">Carolina de Jesus<\/a>, <a href=\"http:\/\/bit.ly\/2lYFbKd\" target=\"_blank\" rel=\"noopener noreferrer\">Dandara dos Palmares<\/a>, <a href=\"http:\/\/bit.ly\/2lYFgxv\" target=\"_blank\" rel=\"noopener noreferrer\">Maria Felipa<\/a> e <a href=\"http:\/\/bit.ly\/2ksrRwW\" target=\"_blank\" rel=\"noopener noreferrer\">Ruth de Souza<\/a>\u2014figuras cruciais na luta contra o racismo e o colonialismo. Nahya Nogueira, uma das artistas do coletivo, explicou sua sele\u00e7\u00e3o: \u201cA nossa escolha das imagens surgiu a partir de uma conversa, sentimos que havia necessidade da representa\u00e7\u00e3o forte da nossa cultura negra afro-brasileira&#8221;.<\/p>\n<p><a href=\"https:\/\/rioonwatch.org.br\/wp-content\/uploads\/2019\/09\/Camorim-Preta-Pinta-Preta.jpg\"><img loading=\"lazy\" decoding=\"async\" class=\"aligncenter wp-image-42922 size-medium\" title=\"O coletivo de grafite Preta Pinta Preta\" src=\"https:\/\/rioonwatch.org.br\/wp-content\/uploads\/2019\/09\/Camorim-Preta-Pinta-Preta-620x348.jpg\" alt=\"\" width=\"620\" height=\"348\" srcset=\"https:\/\/rioonwatch.org.br\/wp-content\/uploads\/2019\/09\/Camorim-Preta-Pinta-Preta-620x348.jpg 620w, https:\/\/rioonwatch.org.br\/wp-content\/uploads\/2019\/09\/Camorim-Preta-Pinta-Preta-470x264.jpg 470w, https:\/\/rioonwatch.org.br\/wp-content\/uploads\/2019\/09\/Camorim-Preta-Pinta-Preta-768x432.jpg 768w, https:\/\/rioonwatch.org.br\/wp-content\/uploads\/2019\/09\/Camorim-Preta-Pinta-Preta-1024x576.jpg 1024w, https:\/\/rioonwatch.org.br\/wp-content\/uploads\/2019\/09\/Camorim-Preta-Pinta-Preta-580x326.jpg 580w, https:\/\/rioonwatch.org.br\/wp-content\/uploads\/2019\/09\/Camorim-Preta-Pinta-Preta-174x98.jpg 174w, https:\/\/rioonwatch.org.br\/wp-content\/uploads\/2019\/09\/Camorim-Preta-Pinta-Preta.jpg 2048w\" sizes=\"(max-width: 620px) 100vw, 620px\" \/><\/a><\/p>\n<p>Jussara Miranda Gomes, Nahya Nogueira, Thais Ramos de Cunha, Natalia de Souza Flores, Juliana Messias, Izah Beyaz e Carina Bickel colocam seus talentos art\u00edsticos em pr\u00e1tica. Na entrada do quilombo, Natalia pintou o s\u00edmbolo do Quilombo do Camorim: o <a href=\"http:\/\/bit.ly\/2bAEKv9\" target=\"_blank\" rel=\"noopener noreferrer\">sankofa<\/a>, um s\u00edmbolo africano Adrinka de um p\u00e1ssaro virando a cabe\u00e7a para tr\u00e1s com as patas firmemente plantadas para frente, simbolizando a necessidade de considerar o passado \u00e0 medida que avan\u00e7amos para o futuro. Pintado ao lado do logotipo da ACUQCA, o sankofa encara a comunidade, servindo como um lembrete para olhar a hist\u00f3ria como um meio de levar o conhecimento do passado para decis\u00f5es futuras.<\/p>\n<p><a href=\"https:\/\/rioonwatch.org.br\/wp-content\/uploads\/2019\/09\/Camorim5.jpg\"><img loading=\"lazy\" decoding=\"async\" class=\"aligncenter wp-image-42923 size-medium\" title=\"Novo grafite na entrada do quilombo\" src=\"https:\/\/rioonwatch.org.br\/wp-content\/uploads\/2019\/09\/Camorim5-620x348.jpg\" alt=\"\" width=\"620\" height=\"348\" srcset=\"https:\/\/rioonwatch.org.br\/wp-content\/uploads\/2019\/09\/Camorim5-620x348.jpg 620w, https:\/\/rioonwatch.org.br\/wp-content\/uploads\/2019\/09\/Camorim5-470x264.jpg 470w, https:\/\/rioonwatch.org.br\/wp-content\/uploads\/2019\/09\/Camorim5-768x432.jpg 768w, https:\/\/rioonwatch.org.br\/wp-content\/uploads\/2019\/09\/Camorim5-1024x576.jpg 1024w, https:\/\/rioonwatch.org.br\/wp-content\/uploads\/2019\/09\/Camorim5-580x326.jpg 580w, https:\/\/rioonwatch.org.br\/wp-content\/uploads\/2019\/09\/Camorim5-174x98.jpg 174w, https:\/\/rioonwatch.org.br\/wp-content\/uploads\/2019\/09\/Camorim5.jpg 2048w\" sizes=\"(max-width: 620px) 100vw, 620px\" \/><\/a><\/p>\n<h3>Almo\u00e7o, Hist\u00f3ria do Quilombo e Gratid\u00e3o<\/h3>\n<p>Enquanto o grupo se reunia nas mesas ao ar livre do quilombo para um desejado almo\u00e7o, Adilson contou sua <a href=\"http:\/\/bit.ly\/2r4dXBb\" target=\"_blank\" rel=\"noopener noreferrer\">hist\u00f3ria pessoal<\/a> em rela\u00e7\u00e3o ao espa\u00e7o e ao desenvolvimento da ACUQCA. Nascido e criado no local, Adilson dedica sua vida a se reconectar com a heran\u00e7a ancestral do quilombo. Desde do come\u00e7o da jornada pelo reconhecimento, h\u00e1 quase duas d\u00e9cadas\u2014apesar das provas de 400 anos de hist\u00f3ria\u2014o Quilombo do Camorim enfrentou in\u00fameras amea\u00e7as nos \u00faltimos 15 anos, incluindo desafios ao seu status de quilombo e constru\u00e7\u00f5es forasteiras em terras pertencentes ao quilombo. Em 2015, um <a href=\"http:\/\/bit.ly\/29KAfxF\" target=\"_blank\" rel=\"noopener noreferrer\">enorme condom\u00ednio<\/a> foi constru\u00eddo para a Vila da M\u00eddia das Olimp\u00edadas 2016 sobre um cemit\u00e9rio ancestral. Centenas de \u00e1rvores centen\u00e1rias do local sagrado foram derrubadas.<\/p>\n<p>Diante dessas amea\u00e7as, o Quilombo do Camorim <a href=\"http:\/\/bit.ly\/29R58Su\" target=\"_blank\" rel=\"noopener noreferrer\">permanece resiliente<\/a> gra\u00e7as ao trabalho de Adilson e outros membros e volunt\u00e1rios da ACUQCA. A associa\u00e7\u00e3o organiza v\u00e1rios eventos comunit\u00e1rios anuais durante datas hist\u00f3ricas como forma de cuidar, conectar-se e manter as tradi\u00e7\u00f5es afro-brasileiras. Aulas regulares de capoeira e rodas de <a href=\"http:\/\/bit.ly\/2boThOg\" target=\"_blank\" rel=\"noopener noreferrer\">jongo<\/a>, juntamente com as festividades anuais de S\u00e3o Jorge, Dandara e <a href=\"http:\/\/bit.ly\/2AYTLr2\" target=\"_blank\" rel=\"noopener noreferrer\">Zumbi dos Palmares<\/a>, ajudam o Quilombo do Camorim a preservar a cultura quilombola.<\/p>\n<p><a href=\"https:\/\/rioonwatch.org.br\/wp-content\/uploads\/2019\/09\/Camorim4.jpg\"><img loading=\"lazy\" decoding=\"async\" class=\"aligncenter wp-image-42924 size-medium\" title=\"Adilson Almeida fala ao grupo.\" src=\"https:\/\/rioonwatch.org.br\/wp-content\/uploads\/2019\/09\/Camorim4-620x348.jpg\" alt=\"\" width=\"620\" height=\"348\" srcset=\"https:\/\/rioonwatch.org.br\/wp-content\/uploads\/2019\/09\/Camorim4-620x348.jpg 620w, https:\/\/rioonwatch.org.br\/wp-content\/uploads\/2019\/09\/Camorim4-470x264.jpg 470w, https:\/\/rioonwatch.org.br\/wp-content\/uploads\/2019\/09\/Camorim4-768x432.jpg 768w, https:\/\/rioonwatch.org.br\/wp-content\/uploads\/2019\/09\/Camorim4-1024x576.jpg 1024w, https:\/\/rioonwatch.org.br\/wp-content\/uploads\/2019\/09\/Camorim4-580x326.jpg 580w, https:\/\/rioonwatch.org.br\/wp-content\/uploads\/2019\/09\/Camorim4-174x98.jpg 174w, https:\/\/rioonwatch.org.br\/wp-content\/uploads\/2019\/09\/Camorim4.jpg 2048w\" sizes=\"(max-width: 620px) 100vw, 620px\" \/><\/a><\/p>\n<p>Adilson fechou o almo\u00e7o expressando sua sincera gratid\u00e3o aos participantes do dia. Ele guiou o grupo em uma din\u00e2mica, instruindo todos a baterem palmas juntos, primeiro usando apenas os dedos indicadores, depois dois dedos e depois tr\u00eas, at\u00e9 que todos estivessem batendo palmas com o volume m\u00e1ximo. \u201cTrabalhando sozinhos, ficamos calados\u201d, disse Adilson, \u201cmas juntos as nossas vozes s\u00e3o muito mais altas\u201d.<\/p>\n<h3>Mutir\u00e3o Terminou com Roda de Capacita\u00e7\u00e3o em Capta\u00e7\u00e3o de Recursos<\/h3>\n<p>Ap\u00f3s um breve passeio pelo s\u00edtio arqueol\u00f3gico do Quilombo do Camorim, o dia chegou ao terceiro e \u00faltimo segmento, com um c\u00edrculo de capacita\u00e7\u00e3o focado na capta\u00e7\u00e3o de recursos. O tema havia sido identificado como um dos cinco principais t\u00f3picos de interesse pelos membros da rede no <a href=\"http:\/\/bit.ly\/GrandeEncontroRFS\" target=\"_blank\" rel=\"noopener noreferrer\">lan\u00e7amento da Rede Favela Sustent\u00e1vel<\/a> em novembro de 2018. Theresa Williamson, diretora da <a href=\"http:\/\/www.comcat.org\/\" target=\"_blank\" rel=\"noopener noreferrer\">Comunidades Catalisadoras<\/a> (ComCat)* abriu a sess\u00e3o com um breve resumo da <a href=\"http:\/\/bit.ly\/2Ov5lSw\" target=\"_blank\" rel=\"noopener noreferrer\">hist\u00f3ria da Rede Favela Sustent\u00e1vel<\/a> que conduziu o interc\u00e2mbio.<\/p>\n<p><a href=\"https:\/\/rioonwatch.org.br\/wp-content\/uploads\/2019\/09\/Camorim6.jpg\"><img loading=\"lazy\" decoding=\"async\" class=\"aligncenter size-content wp-image-42925\" src=\"https:\/\/rioonwatch.org.br\/wp-content\/uploads\/2019\/09\/Camorim6-620x264.jpg\" alt=\"\" width=\"620\" height=\"264\" srcset=\"https:\/\/rioonwatch.org.br\/wp-content\/uploads\/2019\/09\/Camorim6-620x264.jpg 620w, https:\/\/rioonwatch.org.br\/wp-content\/uploads\/2019\/09\/Camorim6-940x400.jpg 940w\" sizes=\"(max-width: 620px) 100vw, 620px\" \/><\/a><\/p>\n<p>Tr\u00eas membros da Rede com experi\u00eancias diversificadas em capta\u00e7\u00e3o de recursos em prol de projetos comunit\u00e1rios, forneceram ao grupo recursos pr\u00e1ticos, sugest\u00f5es de estrat\u00e9gia e orienta\u00e7\u00e3o geral para aumentar a confian\u00e7a dos participantes ao buscar financiamento. Edna Thomaz Rodrigues, da ADACI Conex\u00e3o Rio e <a href=\"http:\/\/bit.ly\/2P8K7dz\" target=\"_blank\" rel=\"noopener noreferrer\">Educafro Rio<\/a>, come\u00e7ou descrevendo a capta\u00e7\u00e3o de recursos como a &#8220;sedu\u00e7\u00e3o de parceiros&#8221;. O trabalho de uma pessoa na capta\u00e7\u00e3o de recursos \u00e9, portanto, provocar, em um potencial doador, entusiasmo e uma sensa\u00e7\u00e3o de impacto. Ela tamb\u00e9m compartilhou recursos pr\u00e1ticos para os participantes revisitarem mais tarde, como a <a href=\"http:\/\/bit.ly\/2zfdnV0\" target=\"_blank\" rel=\"noopener noreferrer\">Associa\u00e7\u00e3o Brasileira de Capta\u00e7\u00e3o de Recursos<\/a>.<\/p>\n<p><a href=\"https:\/\/rioonwatch.org.br\/wp-content\/uploads\/2019\/09\/Marcelle.jpg\"><img loading=\"lazy\" decoding=\"async\" class=\"aligncenter size-content wp-image-42926\" src=\"https:\/\/rioonwatch.org.br\/wp-content\/uploads\/2019\/09\/Marcelle-620x264.jpg\" alt=\"\" width=\"620\" height=\"264\" srcset=\"https:\/\/rioonwatch.org.br\/wp-content\/uploads\/2019\/09\/Marcelle-620x264.jpg 620w, https:\/\/rioonwatch.org.br\/wp-content\/uploads\/2019\/09\/Marcelle-940x400.jpg 940w\" sizes=\"(max-width: 620px) 100vw, 620px\" \/><\/a><\/p>\n<p>Marcele Ribeiro, do <a href=\"http:\/\/bit.ly\/2JA4rBw\" target=\"_blank\" rel=\"noopener noreferrer\">Favela Org\u00e2nica<\/a> e Projeto Del\u00edria, no entanto, expandiu o foco da busca por recursos para al\u00e9m dos recursos financeiros. Ela enfatizou a import\u00e2ncia de utilizar os recursos humanos, entre outros, j\u00e1 presentes nas organiza\u00e7\u00f5es, bem como definir necessidades exatas, conduzir an\u00e1lises de mercado, manter dados organizacionais e aperfei\u00e7oar propostas. Para concluir o c\u00edrculo, Clara Ferraz da ComCat, se concentrou em um meio pr\u00e1tico de arrecadar fundos confi\u00e1veis, o de doa\u00e7\u00f5es mensais recorrentes e a manuten\u00e7\u00e3o de relacionamentos com doadores. A roda de capacita\u00e7\u00e3o foi bem recebida pelos participantes do dia, muitos dos quais operam projetos em suas comunidades e sentem a press\u00e3o que as restri\u00e7\u00f5es de financiamento colocam sobre suas iniciativas.<\/p>\n<p><a href=\"https:\/\/rioonwatch.org.br\/wp-content\/uploads\/2019\/09\/Camorim-horta.jpg\"><img loading=\"lazy\" decoding=\"async\" class=\"aligncenter wp-image-42927 size-medium\" src=\"https:\/\/rioonwatch.org.br\/wp-content\/uploads\/2019\/09\/Camorim-horta-620x348.jpg\" alt=\"\" width=\"620\" height=\"348\" srcset=\"https:\/\/rioonwatch.org.br\/wp-content\/uploads\/2019\/09\/Camorim-horta-620x348.jpg 620w, https:\/\/rioonwatch.org.br\/wp-content\/uploads\/2019\/09\/Camorim-horta-470x264.jpg 470w, https:\/\/rioonwatch.org.br\/wp-content\/uploads\/2019\/09\/Camorim-horta-768x432.jpg 768w, https:\/\/rioonwatch.org.br\/wp-content\/uploads\/2019\/09\/Camorim-horta-1024x576.jpg 1024w, https:\/\/rioonwatch.org.br\/wp-content\/uploads\/2019\/09\/Camorim-horta-580x326.jpg 580w, https:\/\/rioonwatch.org.br\/wp-content\/uploads\/2019\/09\/Camorim-horta-174x98.jpg 174w, https:\/\/rioonwatch.org.br\/wp-content\/uploads\/2019\/09\/Camorim-horta.jpg 2048w\" sizes=\"(max-width: 620px) 100vw, 620px\" \/><\/a><\/p>\n<p>No final do dia, os participantes conseguiram limpar os detritos do local e enriqueceram-se com novas conex\u00f5es e capacidade organizacional. O lugar que estava complicado e fora do controle para os respons\u00e1veis pelo quilombo, agora tornou-se gerenci\u00e1vel novamente. V\u00e1rias pessoas se ofereceram para ajudar e essa ajuda veio com muita alegria e zelo. \u00c9 incr\u00edvel o que um grupo comprometido de pessoas pode fazer em um dia.<\/p>\n<p><a href=\"https:\/\/bit.ly\/RFSVK2019\" target=\"_blank\" rel=\"noopener noreferrer\">Participe do pr\u00f3ximo interc\u00e2mbio da Rede Favela Sustent\u00e1vel<\/a>, marcado para 14 de setembro no <a href=\"http:\/\/bit.ly\/2AlQ5OB\" target=\"_blank\" rel=\"noopener noreferrer\">CCIK na Vila Kennedy<\/a>, Zona Oeste da cidade. <a href=\"https:\/\/bit.ly\/RFSVK2019\" target=\"_blank\" rel=\"noopener noreferrer\">Inscri\u00e7\u00f5es<\/a> ser\u00e3o encerradas no dia 11 de setembro. Veja o <a href=\"http:\/\/bit.ly\/RFSVKFace\" target=\"_blank\" rel=\"noopener noreferrer\">convite no Facebook aqui<\/a>.<\/p>\n<h3>Veja fotos do interc\u00e2mbio no Camorim (ou <a href=\"http:\/\/bit.ly\/2MhVL3u\" target=\"_blank\" rel=\"noopener noreferrer\">clique aqui<\/a>):<\/h3>\n<p><a title=\"Interc\u00e2mbio-Mutir\u00e3o da Rede Favela Sustent\u00e1vel no Quilombo do Camorim\" href=\"https:\/\/www.flickr.com\/photos\/catcomm\/albums\/72157710319793487\" data-flickr-embed=\"true\"><img loading=\"lazy\" decoding=\"async\" src=\"https:\/\/live.staticflickr.com\/65535\/48540888857_a9fdc6e622_z.jpg\" alt=\"Interc\u00e2mbio-Mutir\u00e3o da Rede Favela Sustent\u00e1vel no Quilombo do Camorim\" width=\"640\" height=\"383\" \/><\/a><script async src=\"\/\/embedr.flickr.com\/assets\/client-code.js\" charset=\"utf-8\"><\/script><\/p>\n<p><em>*Tanto o RioOnWatch quanto a Rede Favela Sustent\u00e1vel s\u00e3o iniciativas da <a href=\"http:\/\/www.comcat.org\/\" target=\"_blank\" rel=\"noopener noreferrer\">Comunidades Catalisadoras<\/a>.<\/em><\/p>\n<!-- AddThis Advanced Settings generic via filter on the_content --><!-- AddThis Share Buttons generic via filter on the_content -->","protected":false},"excerpt":{"rendered":"<div class=\"mh-excerpt\"><p>Click Here for English A\u00a0Rede Favela Sustent\u00e1vel\u00a0(RFS) \u00e9 um projeto da\u00a0Comunidades Catalisadoras\u00a0(ComCat)* desenhado para construir redes de solidariedade, dar visibilidade, e desenvolver a\u00e7\u00f5es conjuntas que apoiem a expans\u00e3o de iniciativas comunit\u00e1rias que fortalecem a sustentabilidade <a class=\"mh-excerpt-more\" href=\"https:\/\/rioonwatch.org.br\/?p=42916\" title=\"2\u00ba Interc\u00e2mbio da Rede Favela Sustent\u00e1vel de 2019: Mutir\u00e3o no Quilombo do Camorim\">[&#8230;]<\/a><!-- AddThis Advanced Settings generic via filter on get_the_excerpt --><!-- AddThis Share Buttons generic via filter on get_the_excerpt --><\/p>\n<\/div>","protected":false},"author":152,"featured_media":42917,"comment_status":"closed","ping_status":"closed","sticky":false,"template":"","format":"standard","meta":{"_acf_changed":false,"_monsterinsights_skip_tracking":false,"_monsterinsights_sitenote_active":false,"_monsterinsights_sitenote_note":"","_monsterinsights_sitenote_category":0,"footnotes":""},"categories":[1621,1627,1626,1633,342,1639],"tags":[334,1446,1738,513,333,514,1314,1097,447,1240,276,78,567,1740,297,1393,2289,2549,184],"writer":[2687,2129],"translator":[1491],"source":[],"ilustrador":[],"fotografo":[],"class_list":{"0":"post-42916","1":"post","2":"type-post","3":"status-publish","4":"format-standard","5":"has-post-thumbnail","7":"category-destaque","8":"category-relato-de-evento","9":"category-por-observadores-internacionais","10":"category-foto-reportagens","11":"category-solucoes","12":"category-sustentabilidade","13":"tag-arte","14":"tag-capacitacao","15":"tag-captacao-de-recursos","16":"tag-cultura-afro-brasileira","17":"tag-diaspora","18":"tag-escravidao","19":"tag-grafite","20":"tag-horta-comunitaria","21":"tag-jacarepagua","22":"tag-megaeventos","23":"tag-mutirao","24":"tag-olimpiadas","25":"tag-quilombo","26":"tag-quilombo-do-camorim","27":"tag-reflorestamento","28":"tag-rio-das-pedras","29":"tag-serie","30":"tag-serie-intercambios-da-rfs","31":"tag-zona-oeste","32":"writer-chauncie-bigler","33":"writer-chloe-villalobos","34":"translator-patricia-gomes"},"acf":[],"yoast_head":"<!-- This site is optimized with the Yoast SEO plugin v25.6 - https:\/\/yoast.com\/wordpress\/plugins\/seo\/ -->\n<title>2\u00ba Interc\u00e2mbio da Rede Favela Sustent\u00e1vel de 2019: Mutir\u00e3o no Quilombo do Camorim - RioOnWatch<\/title>\n<meta name=\"robots\" content=\"index, follow, max-snippet:-1, max-image-preview:large, max-video-preview:-1\" \/>\n<link rel=\"canonical\" href=\"https:\/\/rioonwatch.org.br\/?p=42916\" \/>\n<meta property=\"og:locale\" content=\"pt_BR\" \/>\n<meta property=\"og:type\" content=\"article\" \/>\n<meta property=\"og:title\" content=\"2\u00ba Interc\u00e2mbio da Rede Favela Sustent\u00e1vel de 2019: Mutir\u00e3o no Quilombo do Camorim - RioOnWatch\" \/>\n<meta property=\"og:description\" content=\"Click Here for English A\u00a0Rede Favela Sustent\u00e1vel\u00a0(RFS) \u00e9 um projeto da\u00a0Comunidades Catalisadoras\u00a0(ComCat)* desenhado para construir redes de solidariedade, dar visibilidade, e desenvolver a\u00e7\u00f5es conjuntas que apoiem a expans\u00e3o de iniciativas comunit\u00e1rias que fortalecem a sustentabilidade [...]\" \/>\n<meta property=\"og:url\" content=\"https:\/\/rioonwatch.org.br\/?p=42916\" \/>\n<meta property=\"og:site_name\" content=\"RioOnWatch\" \/>\n<meta property=\"article:published_time\" content=\"2019-09-05T14:38:13+00:00\" \/>\n<meta property=\"article:modified_time\" content=\"2024-06-20T19:23:37+00:00\" \/>\n<meta property=\"og:image\" content=\"https:\/\/rioonwatch.org.br\/wp-content\/uploads\/2019\/09\/Camorim7.jpg\" \/>\n\t<meta property=\"og:image:width\" content=\"2048\" \/>\n\t<meta property=\"og:image:height\" content=\"1227\" \/>\n\t<meta property=\"og:image:type\" content=\"image\/jpeg\" \/>\n<meta name=\"author\" content=\"Luisa Fenizola\" \/>\n<meta name=\"twitter:card\" content=\"summary_large_image\" \/>\n<meta name=\"twitter:label1\" content=\"Escrito por\" \/>\n\t<meta name=\"twitter:data1\" content=\"Luisa Fenizola\" \/>\n\t<meta name=\"twitter:label2\" content=\"Est. tempo de leitura\" \/>\n\t<meta name=\"twitter:data2\" content=\"9 minutos\" \/>\n<script type=\"application\/ld+json\" class=\"yoast-schema-graph\">{\"@context\":\"https:\/\/schema.org\",\"@graph\":[{\"@type\":\"Article\",\"@id\":\"https:\/\/rioonwatch.org.br\/?p=42916#article\",\"isPartOf\":{\"@id\":\"https:\/\/rioonwatch.org.br\/?p=42916\"},\"author\":{\"name\":\"Luisa Fenizola\",\"@id\":\"https:\/\/rioonwatch.org.br\/#\/schema\/person\/f443c6b55bb6e80842280318076491c5\"},\"headline\":\"2\u00ba Interc\u00e2mbio da Rede Favela Sustent\u00e1vel de 2019: Mutir\u00e3o no Quilombo do Camorim\",\"datePublished\":\"2019-09-05T14:38:13+00:00\",\"dateModified\":\"2024-06-20T19:23:37+00:00\",\"mainEntityOfPage\":{\"@id\":\"https:\/\/rioonwatch.org.br\/?p=42916\"},\"wordCount\":1770,\"publisher\":{\"@id\":\"https:\/\/rioonwatch.org.br\/#organization\"},\"image\":{\"@id\":\"https:\/\/rioonwatch.org.br\/?p=42916#primaryimage\"},\"thumbnailUrl\":\"https:\/\/rioonwatch.org.br\/wp-content\/uploads\/2019\/09\/Camorim7.jpg\",\"keywords\":[\"arte\",\"capacita\u00e7\u00e3o\",\"capta\u00e7\u00e3o de recursos\",\"Cultura Afro-brasileira\",\"Di\u00e1spora Africana\",\"escravid\u00e3o\",\"grafite\",\"horta comunit\u00e1ria\",\"Jacarepagu\u00e1\",\"Megaeventos\",\"mutir\u00e3o\",\"Olimp\u00edadas\",\"Quilombo\",\"Quilombo do Camorim\",\"reflorestamento\",\"Rio das Pedras\",\"S\u00e9rie\",\"S\u00e9rie: Interc\u00e2mbios da RFS\",\"Zona Oeste\"],\"articleSection\":[\"*Destaque\",\"Cobertura de Eventos\",\"Escrito por Aliados\",\"Fotorreportagens\",\"Solu\u00e7\u00f5es\",\"Sustentabilidade\"],\"inLanguage\":\"pt-BR\"},{\"@type\":\"WebPage\",\"@id\":\"https:\/\/rioonwatch.org.br\/?p=42916\",\"url\":\"https:\/\/rioonwatch.org.br\/?p=42916\",\"name\":\"2\u00ba Interc\u00e2mbio da Rede Favela Sustent\u00e1vel de 2019: Mutir\u00e3o no Quilombo do Camorim - RioOnWatch\",\"isPartOf\":{\"@id\":\"https:\/\/rioonwatch.org.br\/#website\"},\"primaryImageOfPage\":{\"@id\":\"https:\/\/rioonwatch.org.br\/?p=42916#primaryimage\"},\"image\":{\"@id\":\"https:\/\/rioonwatch.org.br\/?p=42916#primaryimage\"},\"thumbnailUrl\":\"https:\/\/rioonwatch.org.br\/wp-content\/uploads\/2019\/09\/Camorim7.jpg\",\"datePublished\":\"2019-09-05T14:38:13+00:00\",\"dateModified\":\"2024-06-20T19:23:37+00:00\",\"breadcrumb\":{\"@id\":\"https:\/\/rioonwatch.org.br\/?p=42916#breadcrumb\"},\"inLanguage\":\"pt-BR\",\"potentialAction\":[{\"@type\":\"ReadAction\",\"target\":[\"https:\/\/rioonwatch.org.br\/?p=42916\"]}]},{\"@type\":\"ImageObject\",\"inLanguage\":\"pt-BR\",\"@id\":\"https:\/\/rioonwatch.org.br\/?p=42916#primaryimage\",\"url\":\"https:\/\/rioonwatch.org.br\/wp-content\/uploads\/2019\/09\/Camorim7.jpg\",\"contentUrl\":\"https:\/\/rioonwatch.org.br\/wp-content\/uploads\/2019\/09\/Camorim7.jpg\",\"width\":2048,\"height\":1227},{\"@type\":\"BreadcrumbList\",\"@id\":\"https:\/\/rioonwatch.org.br\/?p=42916#breadcrumb\",\"itemListElement\":[{\"@type\":\"ListItem\",\"position\":1,\"name\":\"In\u00edcio\",\"item\":\"https:\/\/rioonwatch.org.br\/\"},{\"@type\":\"ListItem\",\"position\":2,\"name\":\"2\u00ba Interc\u00e2mbio da Rede Favela Sustent\u00e1vel de 2019: Mutir\u00e3o no Quilombo do Camorim\"}]},{\"@type\":\"WebSite\",\"@id\":\"https:\/\/rioonwatch.org.br\/#website\",\"url\":\"https:\/\/rioonwatch.org.br\/\",\"name\":\"RioOnWatch\",\"description\":\"relatos das favelas cariocas\",\"publisher\":{\"@id\":\"https:\/\/rioonwatch.org.br\/#organization\"},\"potentialAction\":[{\"@type\":\"SearchAction\",\"target\":{\"@type\":\"EntryPoint\",\"urlTemplate\":\"https:\/\/rioonwatch.org.br\/?s={search_term_string}\"},\"query-input\":{\"@type\":\"PropertyValueSpecification\",\"valueRequired\":true,\"valueName\":\"search_term_string\"}}],\"inLanguage\":\"pt-BR\"},{\"@type\":\"Organization\",\"@id\":\"https:\/\/rioonwatch.org.br\/#organization\",\"name\":\"RioOnWatch\",\"url\":\"https:\/\/rioonwatch.org.br\/\",\"logo\":{\"@type\":\"ImageObject\",\"inLanguage\":\"pt-BR\",\"@id\":\"https:\/\/rioonwatch.org.br\/#\/schema\/logo\/image\/\",\"url\":\"https:\/\/rioonwatch.org.br\/wp-content\/uploads\/2021\/06\/RioOnWatchcabecalhoPT11anos-2.png\",\"contentUrl\":\"https:\/\/rioonwatch.org.br\/wp-content\/uploads\/2021\/06\/RioOnWatchcabecalhoPT11anos-2.png\",\"width\":779,\"height\":277,\"caption\":\"RioOnWatch\"},\"image\":{\"@id\":\"https:\/\/rioonwatch.org.br\/#\/schema\/logo\/image\/\"}},{\"@type\":\"Person\",\"@id\":\"https:\/\/rioonwatch.org.br\/#\/schema\/person\/f443c6b55bb6e80842280318076491c5\",\"name\":\"Luisa Fenizola\",\"image\":{\"@type\":\"ImageObject\",\"inLanguage\":\"pt-BR\",\"@id\":\"https:\/\/rioonwatch.org.br\/#\/schema\/person\/image\/\",\"url\":\"https:\/\/secure.gravatar.com\/avatar\/a3d551110162b9f876cbbdaaecf75663?s=96&d=blank&r=g\",\"contentUrl\":\"https:\/\/secure.gravatar.com\/avatar\/a3d551110162b9f876cbbdaaecf75663?s=96&d=blank&r=g\",\"caption\":\"Luisa Fenizola\"},\"url\":\"https:\/\/rioonwatch.org.br\/?author=152\"}]}<\/script>\n<!-- \/ Yoast SEO plugin. -->","yoast_head_json":{"title":"2\u00ba Interc\u00e2mbio da Rede Favela Sustent\u00e1vel de 2019: Mutir\u00e3o no Quilombo do Camorim - RioOnWatch","robots":{"index":"index","follow":"follow","max-snippet":"max-snippet:-1","max-image-preview":"max-image-preview:large","max-video-preview":"max-video-preview:-1"},"canonical":"https:\/\/rioonwatch.org.br\/?p=42916","og_locale":"pt_BR","og_type":"article","og_title":"2\u00ba Interc\u00e2mbio da Rede Favela Sustent\u00e1vel de 2019: Mutir\u00e3o no Quilombo do Camorim - RioOnWatch","og_description":"Click Here for English A\u00a0Rede Favela Sustent\u00e1vel\u00a0(RFS) \u00e9 um projeto da\u00a0Comunidades Catalisadoras\u00a0(ComCat)* desenhado para construir redes de solidariedade, dar visibilidade, e desenvolver a\u00e7\u00f5es conjuntas que apoiem a expans\u00e3o de iniciativas comunit\u00e1rias que fortalecem a sustentabilidade [...]","og_url":"https:\/\/rioonwatch.org.br\/?p=42916","og_site_name":"RioOnWatch","article_published_time":"2019-09-05T14:38:13+00:00","article_modified_time":"2024-06-20T19:23:37+00:00","og_image":[{"width":2048,"height":1227,"url":"https:\/\/rioonwatch.org.br\/wp-content\/uploads\/2019\/09\/Camorim7.jpg","type":"image\/jpeg"}],"author":"Luisa Fenizola","twitter_card":"summary_large_image","twitter_misc":{"Escrito por":"Luisa Fenizola","Est. tempo de leitura":"9 minutos"},"schema":{"@context":"https:\/\/schema.org","@graph":[{"@type":"Article","@id":"https:\/\/rioonwatch.org.br\/?p=42916#article","isPartOf":{"@id":"https:\/\/rioonwatch.org.br\/?p=42916"},"author":{"name":"Luisa Fenizola","@id":"https:\/\/rioonwatch.org.br\/#\/schema\/person\/f443c6b55bb6e80842280318076491c5"},"headline":"2\u00ba Interc\u00e2mbio da Rede Favela Sustent\u00e1vel de 2019: Mutir\u00e3o no Quilombo do Camorim","datePublished":"2019-09-05T14:38:13+00:00","dateModified":"2024-06-20T19:23:37+00:00","mainEntityOfPage":{"@id":"https:\/\/rioonwatch.org.br\/?p=42916"},"wordCount":1770,"publisher":{"@id":"https:\/\/rioonwatch.org.br\/#organization"},"image":{"@id":"https:\/\/rioonwatch.org.br\/?p=42916#primaryimage"},"thumbnailUrl":"https:\/\/rioonwatch.org.br\/wp-content\/uploads\/2019\/09\/Camorim7.jpg","keywords":["arte","capacita\u00e7\u00e3o","capta\u00e7\u00e3o de recursos","Cultura Afro-brasileira","Di\u00e1spora Africana","escravid\u00e3o","grafite","horta comunit\u00e1ria","Jacarepagu\u00e1","Megaeventos","mutir\u00e3o","Olimp\u00edadas","Quilombo","Quilombo do Camorim","reflorestamento","Rio das Pedras","S\u00e9rie","S\u00e9rie: Interc\u00e2mbios da RFS","Zona Oeste"],"articleSection":["*Destaque","Cobertura de Eventos","Escrito por Aliados","Fotorreportagens","Solu\u00e7\u00f5es","Sustentabilidade"],"inLanguage":"pt-BR"},{"@type":"WebPage","@id":"https:\/\/rioonwatch.org.br\/?p=42916","url":"https:\/\/rioonwatch.org.br\/?p=42916","name":"2\u00ba Interc\u00e2mbio da Rede Favela Sustent\u00e1vel de 2019: Mutir\u00e3o no Quilombo do Camorim - RioOnWatch","isPartOf":{"@id":"https:\/\/rioonwatch.org.br\/#website"},"primaryImageOfPage":{"@id":"https:\/\/rioonwatch.org.br\/?p=42916#primaryimage"},"image":{"@id":"https:\/\/rioonwatch.org.br\/?p=42916#primaryimage"},"thumbnailUrl":"https:\/\/rioonwatch.org.br\/wp-content\/uploads\/2019\/09\/Camorim7.jpg","datePublished":"2019-09-05T14:38:13+00:00","dateModified":"2024-06-20T19:23:37+00:00","breadcrumb":{"@id":"https:\/\/rioonwatch.org.br\/?p=42916#breadcrumb"},"inLanguage":"pt-BR","potentialAction":[{"@type":"ReadAction","target":["https:\/\/rioonwatch.org.br\/?p=42916"]}]},{"@type":"ImageObject","inLanguage":"pt-BR","@id":"https:\/\/rioonwatch.org.br\/?p=42916#primaryimage","url":"https:\/\/rioonwatch.org.br\/wp-content\/uploads\/2019\/09\/Camorim7.jpg","contentUrl":"https:\/\/rioonwatch.org.br\/wp-content\/uploads\/2019\/09\/Camorim7.jpg","width":2048,"height":1227},{"@type":"BreadcrumbList","@id":"https:\/\/rioonwatch.org.br\/?p=42916#breadcrumb","itemListElement":[{"@type":"ListItem","position":1,"name":"In\u00edcio","item":"https:\/\/rioonwatch.org.br\/"},{"@type":"ListItem","position":2,"name":"2\u00ba Interc\u00e2mbio da Rede Favela Sustent\u00e1vel de 2019: Mutir\u00e3o no Quilombo do Camorim"}]},{"@type":"WebSite","@id":"https:\/\/rioonwatch.org.br\/#website","url":"https:\/\/rioonwatch.org.br\/","name":"RioOnWatch","description":"relatos das favelas cariocas","publisher":{"@id":"https:\/\/rioonwatch.org.br\/#organization"},"potentialAction":[{"@type":"SearchAction","target":{"@type":"EntryPoint","urlTemplate":"https:\/\/rioonwatch.org.br\/?s={search_term_string}"},"query-input":{"@type":"PropertyValueSpecification","valueRequired":true,"valueName":"search_term_string"}}],"inLanguage":"pt-BR"},{"@type":"Organization","@id":"https:\/\/rioonwatch.org.br\/#organization","name":"RioOnWatch","url":"https:\/\/rioonwatch.org.br\/","logo":{"@type":"ImageObject","inLanguage":"pt-BR","@id":"https:\/\/rioonwatch.org.br\/#\/schema\/logo\/image\/","url":"https:\/\/rioonwatch.org.br\/wp-content\/uploads\/2021\/06\/RioOnWatchcabecalhoPT11anos-2.png","contentUrl":"https:\/\/rioonwatch.org.br\/wp-content\/uploads\/2021\/06\/RioOnWatchcabecalhoPT11anos-2.png","width":779,"height":277,"caption":"RioOnWatch"},"image":{"@id":"https:\/\/rioonwatch.org.br\/#\/schema\/logo\/image\/"}},{"@type":"Person","@id":"https:\/\/rioonwatch.org.br\/#\/schema\/person\/f443c6b55bb6e80842280318076491c5","name":"Luisa Fenizola","image":{"@type":"ImageObject","inLanguage":"pt-BR","@id":"https:\/\/rioonwatch.org.br\/#\/schema\/person\/image\/","url":"https:\/\/secure.gravatar.com\/avatar\/a3d551110162b9f876cbbdaaecf75663?s=96&d=blank&r=g","contentUrl":"https:\/\/secure.gravatar.com\/avatar\/a3d551110162b9f876cbbdaaecf75663?s=96&d=blank&r=g","caption":"Luisa Fenizola"},"url":"https:\/\/rioonwatch.org.br\/?author=152"}]}},"_links":{"self":[{"href":"https:\/\/rioonwatch.org.br\/index.php?rest_route=\/wp\/v2\/posts\/42916"}],"collection":[{"href":"https:\/\/rioonwatch.org.br\/index.php?rest_route=\/wp\/v2\/posts"}],"about":[{"href":"https:\/\/rioonwatch.org.br\/index.php?rest_route=\/wp\/v2\/types\/post"}],"author":[{"embeddable":true,"href":"https:\/\/rioonwatch.org.br\/index.php?rest_route=\/wp\/v2\/users\/152"}],"replies":[{"embeddable":true,"href":"https:\/\/rioonwatch.org.br\/index.php?rest_route=%2Fwp%2Fv2%2Fcomments&post=42916"}],"version-history":[{"count":22,"href":"https:\/\/rioonwatch.org.br\/index.php?rest_route=\/wp\/v2\/posts\/42916\/revisions"}],"predecessor-version":[{"id":42978,"href":"https:\/\/rioonwatch.org.br\/index.php?rest_route=\/wp\/v2\/posts\/42916\/revisions\/42978"}],"wp:featuredmedia":[{"embeddable":true,"href":"https:\/\/rioonwatch.org.br\/index.php?rest_route=\/wp\/v2\/media\/42917"}],"wp:attachment":[{"href":"https:\/\/rioonwatch.org.br\/index.php?rest_route=%2Fwp%2Fv2%2Fmedia&parent=42916"}],"wp:term":[{"taxonomy":"category","embeddable":true,"href":"https:\/\/rioonwatch.org.br\/index.php?rest_route=%2Fwp%2Fv2%2Fcategories&post=42916"},{"taxonomy":"post_tag","embeddable":true,"href":"https:\/\/rioonwatch.org.br\/index.php?rest_route=%2Fwp%2Fv2%2Ftags&post=42916"},{"taxonomy":"writer","embeddable":true,"href":"https:\/\/rioonwatch.org.br\/index.php?rest_route=%2Fwp%2Fv2%2Fwriter&post=42916"},{"taxonomy":"translator","embeddable":true,"href":"https:\/\/rioonwatch.org.br\/index.php?rest_route=%2Fwp%2Fv2%2Ftranslator&post=42916"},{"taxonomy":"source","embeddable":true,"href":"https:\/\/rioonwatch.org.br\/index.php?rest_route=%2Fwp%2Fv2%2Fsource&post=42916"},{"taxonomy":"ilustrador","embeddable":true,"href":"https:\/\/rioonwatch.org.br\/index.php?rest_route=%2Fwp%2Fv2%2Filustrador&post=42916"},{"taxonomy":"fotografo","embeddable":true,"href":"https:\/\/rioonwatch.org.br\/index.php?rest_route=%2Fwp%2Fv2%2Ffotografo&post=42916"}],"curies":[{"name":"wp","href":"https:\/\/api.w.org\/{rel}","templated":true}]}}