{"id":43277,"date":"2019-10-07T05:00:03","date_gmt":"2019-10-07T08:00:03","guid":{"rendered":"https:\/\/rioonwatch.org.br\/?p=43277"},"modified":"2019-10-30T14:49:37","modified_gmt":"2019-10-30T17:49:37","slug":"pedala-queimados-pedalando-para-mudar-o-cep-da-oportunidade-redefavelasustentavel-perfil","status":"publish","type":"post","link":"https:\/\/rioonwatch.org.br\/?p=43277","title":{"rendered":"Pedala Queimados: Pedalando para &#8216;Mudar o CEP da Oportunidade&#8217; #RedeFavelaSustent\u00e1vel [PERFIL]"},"content":{"rendered":"<p style=\"text-align: right;\"><em><strong><a href=\"http:\/\/bit.ly\/2kpSp20\" target=\"_blank\" rel=\"noopener noreferrer\">Click Here for English<\/a><a href=\"http:\/\/bit.ly\/2kpSp20\" target=\"_blank\" rel=\"noopener noreferrer\"><img decoding=\"async\" width=\"20\" height=\"20\" class=\"alignright wp-image-15790\" src=\"http:\/\/rioonwatch.org.br\/wp-content\/uploads\/2012\/08\/EN-standard-e1439583104716.jpg\" \/><\/a><\/strong><\/em><\/p>\n<blockquote><p><span style=\"text-decoration: underline;\"><strong>Iniciativa<\/strong><\/span>: Pedala Queimados<br \/>\n<span style=\"text-decoration: underline;\"><b>Contato<\/b><\/span>: <a href=\"http:\/\/bit.ly\/2Xy5Puw\">Facebook<\/a> | <a href=\"http:\/\/bit.ly\/2J7sUea\">Instagram<\/a> |\u00a0<a href=\"mailto:pedalaqueimados@favelasustentavel.org\">E-mail<\/a><a href=\"http:\/\/bit.ly\/29Rg1Xk\"><br \/>\n<\/a><span style=\"text-decoration: underline;\"><b>Ano de Funda\u00e7\u00e3o<\/b><\/span>: 2016<br \/>\n<span style=\"text-decoration: underline;\"><b>Comunidade<\/b><\/span>: Queimados (Baixada Fluminense)<br \/>\n<span style=\"text-decoration: underline;\"><b>Miss\u00e3o<\/b><\/span>: Estimular o uso da bicicleta como meio de transporte, democratizar o uso da terra, integrar movimentos de luta pelo transporte ativo e sustent\u00e1vel, debater e propor pol\u00edticas p\u00fablicas para melhorar a qualidade da mobilidade urbana.<br \/>\n<span style=\"text-decoration: underline;\"><b>Eventos P\u00fablicos<\/b><\/span>: Pedala Queimados realiza passeios de bicicleta, palestras frequentes e participa de eventos importantes no Grande Rio. Confira na p\u00e1gina do Pedala Queimados, no <a href=\"http:\/\/bit.ly\/2Xy5Puw\">Facebook<\/a>, para mais informa\u00e7\u00f5es.<br \/>\n<span style=\"text-decoration: underline;\"><b>Como Contribuir<\/b><\/span>: Participe de eventos, seja volunt\u00e1rio e apoie financeiramente a iniciativa.<\/p><\/blockquote>\n<p>Carlos Leandro de Oliveira viveu sua vida inteira em <a href=\"http:\/\/bit.ly\/2Jf4sWd\" target=\"_blank\" rel=\"noopener noreferrer\">Queimados<\/a>, uma cidade de aproximadamente 150.000 habitantes localizada a 50km ao norte do Centro do Rio de Janeiro, na <a href=\"http:\/\/bit.ly\/2XXECxy\" target=\"_blank\" rel=\"noopener noreferrer\">Baixada Fluminense<\/a>. Ele estava l\u00e1 antes da <a href=\"http:\/\/bit.ly\/2YRNgyI\">inaugura\u00e7\u00e3o oficial da cidade em 1990<\/a>. Ele estava l\u00e1 antes das estradas serem pavimentadas e os canos de esgoto serem instalados na terra. Ele estava l\u00e1 antes de milhares migrarem para Queimados nas d\u00e9cadas de 2000 e 2010, como resultado do deslocamento e <a href=\"http:\/\/bit.ly\/2YNyedl\">suposta oportunidade econ\u00f4mica<\/a>. Ele estava l\u00e1 antes da cidade receber o t\u00edtulo sombrio que tem hoje: <a href=\"https:\/\/glo.bo\/2LsZZWp\">o munic\u00edpio mais violento de todo o Brasil<\/a>\u2014registrando a mais alta taxa de homic\u00eddio do pa\u00eds, de acordo com o <a href=\"http:\/\/bit.ly\/2Z7dblD\">Atlas da Viol\u00eancia de 2018<\/a>.<\/p>\n<p>Algu\u00e9m poderia dizer que viver em uma favela em Queimados \u00e9 viver na periferia da periferia urbana. \u00c0 luz das amplas disparidades econ\u00f4micas regionais e <a href=\"http:\/\/bit.ly\/2MwVdCN\" target=\"_blank\" rel=\"noopener noreferrer\">da falta de integra\u00e7\u00e3o da \u00e1rea metropolitana,<\/a> muitos moradores do Grande Rio viajam muitas horas di\u00e1rias todos os dias\u2014para os tr\u00eas milh\u00f5es de moradores da regi\u00e3o, a m\u00e9dia da viagem di\u00e1ria \u00e9 de <a href=\"https:\/\/glo.bo\/2X30CGv\">2 horas e 21 minutos<\/a>\u2014para \u00e1reas comercialmente ativas como a\u00a0<a href=\"http:\/\/bit.ly\/2WL6FUi\" target=\"_blank\" rel=\"noopener noreferrer\">Zona Sul<\/a> e o <a href=\"http:\/\/bit.ly\/2x1dXEP\" target=\"_blank\" rel=\"noopener noreferrer\">Centro do Rio<\/a>. Desemprego, pobreza, viol\u00eancia, analfabetismo, desigualdade, falta de servi\u00e7os p\u00fablicos e habita\u00e7\u00e3o adequada est\u00e3o entre os problemas e obst\u00e1culos que eles enfrentam.<\/p>\n<p><a href=\"https:\/\/rioonwatch.org.br\/wp-content\/uploads\/2019\/09\/Pedala-Queimados-Grupo.jpg\"><img fetchpriority=\"high\" decoding=\"async\" class=\"aligncenter wp-image-43283 size-content\" title=\"Foto do grupo em um dia de pedalada organizado pelo Pedala Queimados. Foto: P\u00e1gina do Facebook do Pedala Queimados\" src=\"https:\/\/rioonwatch.org.br\/wp-content\/uploads\/2019\/09\/Pedala-Queimados-Grupo-620x264.jpg\" alt=\"\" width=\"620\" height=\"264\" srcset=\"https:\/\/rioonwatch.org.br\/wp-content\/uploads\/2019\/09\/Pedala-Queimados-Grupo-620x264.jpg 620w, https:\/\/rioonwatch.org.br\/wp-content\/uploads\/2019\/09\/Pedala-Queimados-Grupo-940x400.jpg 940w\" sizes=\"(max-width: 620px) 100vw, 620px\" \/><\/a><\/p>\n<p>Crescendo nessa situa\u00e7\u00e3o de pobreza, Carlos deixou sua educa\u00e7\u00e3o de lado para dar apoio a sua fam\u00edlia desde cedo. \u201c<span style=\"font-weight: 400;\">Com sete anos de idade eu era camel\u00f4 de trem<\/span>\u201d, diz Carlos. O trabalho fez com que ele s\u00f3 conseguisse se formar no ensino fundamental com mais de 20 anos.<\/p>\n<p>Perto dos 30 anos, Carlos terminou o ensino m\u00e9dio e se matriculou em um curso de gest\u00e3o ambiental de dois anos na universidade local. Trabalhando simultaneamente, ele levou cinco anos para completar o curso. Nesse per\u00edodo, ele estava trabalhando na GlaxoSmithKline Pharmaceuticals em <a href=\"http:\/\/bit.ly\/2ksixJI\" target=\"_blank\" rel=\"noopener noreferrer\">Jacarepagu\u00e1<\/a>, na <a href=\"http:\/\/bit.ly\/2x3k8bw\" target=\"_blank\" rel=\"noopener noreferrer\">Zona Oeste<\/a> do Rio de Janeiro, e precisava acordar \u00e0s 2 da manh\u00e3 para conseguir chegar no hor\u00e1rio e se preparar para a aula mais tarde.<\/p>\n<p>No meio do curso, Carlos foi escolhido para um est\u00e1gio num processo seletivo rigoroso e se viu ensinando sobre educa\u00e7\u00e3o ambiental em <a href=\"http:\/\/bit.ly\/2ceVTuy\" target=\"_blank\" rel=\"noopener noreferrer\">Japeri,<\/a> munic\u00edpio adjacente a sua cidade natal, Queimados. L\u00e1, ele come\u00e7ou a ver o valor do conhecimento acad\u00eamico que tinha adquirido na universidade e tamb\u00e9m o impacto positivo que iniciativas baseadas localmente podem ter em uma comunidade.<\/p>\n<p>Quando Carlos terminou seu curso de gest\u00e3o ambiental em 2014, seu est\u00e1gio tamb\u00e9m acabou. Faltando v\u00e1rios meses para seu diploma ser processado, Carlos viu-se sem uma fonte de renda. Incapaz de arcar com o <a href=\"http:\/\/bit.ly\/2zyezEN\" target=\"_blank\" rel=\"noopener noreferrer\">transporte p\u00fablico intermunicipal custoso,<\/a> ele descreve: \u201cE<span style=\"font-weight: 400;\">u peguei minha bicicleta e sa\u00ed pedalando para o Rio de Janeiro. 50 ou 55 quil\u00f4metros, quatro horas pra chegar na capital. Deixei minha bicicleta l\u00e1, voltei de trem, desci [para o Rio] de trem, e voltei de bike. At\u00e9 eu come\u00e7ar a fazer isso todo dia<\/span>\u201d. Apoiado por sua fam\u00edlia e amigos, ele fez isso para mostrar para as pessoas de Queimados que havia modos alternativos de transporte digno a pre\u00e7o acess\u00edvel. \u201c<span style=\"font-weight: 400;\">Muita gente aqui n\u00e3o considera bicicleta como meio de transporte, s\u00f3 [considera] lazer ou brinquedo&#8221;.<\/span><\/p>\n<p>Foi durante esse per\u00edodo que Carlos conheceu <a href=\"http:\/\/bit.ly\/2mi9uvf\" target=\"_blank\" rel=\"noopener noreferrer\">Ricardo Martins<\/a>. Ricardo tinha terminado recentemente de pedalar pela Am\u00e9rica do Sul em uma bicicleta que ele mesmo fizera com bambu. Ele deu para Carlos seu livro, <a href=\"http:\/\/bit.ly\/2xH7HCv\"><em>Roda Am\u00e9rica<\/em><\/a>, sobre sua experi\u00eancia e filosofia. Depois de ler o livro, Carlos conta: \u201cEu pensei: &#8216;<span style=\"font-weight: 400;\">Se esse cara fez [toda] Am\u00e9rica do Sul com um sal\u00e1rio m\u00ednimo da \u00e9poca, que era R$385, ent\u00e3o, eu posso pedalar para S\u00e3o Paulo!<\/span>\u201d Carlos fez uma viagem de cinco dias e 400km at\u00e9 S\u00e3o Paulo, e depois muitas outras viagens se seguiram. Devagar, ele ganhou reconhecimento por seu ativismo, ficou conhecido carinhosamente como \u201c<a href=\"http:\/\/bit.ly\/2kTiu9Z\" target=\"_blank\" rel=\"noopener noreferrer\">Carlos GreenBike<\/a>\u201d, por defender a causa socioambiental. Ricardo agora \u00e9 o diretor das rela\u00e7\u00f5es institucionais do Pedala Queimados.<\/p>\n<p><a href=\"https:\/\/rioonwatch.org.br\/wp-content\/uploads\/2019\/09\/Itau\u0301-Bikes-Queimados.jpg\"><img decoding=\"async\" class=\"aligncenter wp-image-43284 size-medium\" title=\"As primeiras bicicletas compartilhadas do Ita\u00fa\/TemBici chegam em Queimados em 2 de junho de 2019 por meio da articula\u00e7\u00e3o pol\u00edtica do Pedala Queimados. Foto: P\u00e1gina do Facebook do Pedala Queimados\" src=\"https:\/\/rioonwatch.org.br\/wp-content\/uploads\/2019\/09\/Itau\u0301-Bikes-Queimados-620x435.jpg\" alt=\"\" width=\"620\" height=\"435\" srcset=\"https:\/\/rioonwatch.org.br\/wp-content\/uploads\/2019\/09\/Itau\u0301-Bikes-Queimados-620x435.jpg 620w, https:\/\/rioonwatch.org.br\/wp-content\/uploads\/2019\/09\/Itau\u0301-Bikes-Queimados-377x264.jpg 377w, https:\/\/rioonwatch.org.br\/wp-content\/uploads\/2019\/09\/Itau\u0301-Bikes-Queimados-768x538.jpg 768w, https:\/\/rioonwatch.org.br\/wp-content\/uploads\/2019\/09\/Itau\u0301-Bikes-Queimados-1024x718.jpg 1024w, https:\/\/rioonwatch.org.br\/wp-content\/uploads\/2019\/09\/Itau\u0301-Bikes-Queimados.jpg 1187w\" sizes=\"(max-width: 620px) 100vw, 620px\" \/><\/a><\/p>\n<p>Em 2016, \u201cmuitas coisas ficaram ruins [em Queimados]\u201d, Carlos admite. A cidade recebeu milhares de <a href=\"http:\/\/bit.ly\/1hk1ja8\" target=\"_blank\" rel=\"noopener noreferrer\">pessoas deslocadas devido \u00e0 prepara\u00e7\u00e3o da Copa do Mundo e dos Jogos Ol\u00edmpicos<\/a>. \u201c<span style=\"font-weight: 400;\">Essas pessoas foram retiradas do seu territ\u00f3rio, sua cultura, das suas fam\u00edlias, seus amigos e foram jogadas em Queimados<\/span>\u201d. Consequentemente, veio a <a href=\"http:\/\/bit.ly\/2EMciZ5\" target=\"_blank\" rel=\"noopener noreferrer\">mil\u00edcia<\/a> e o conflito intenso entre os membros da mil\u00edcia e os traficantes de drogas. Em resposta a essa nova realidade, Carlos organizou um semin\u00e1rio. \u201c<span style=\"font-weight: 400;\">N\u00f3s fizemos um semin\u00e1rio. Juntei todas as pessoas. Falamos sobre onde queremos estar daqui a 25 anos. Daquele semin\u00e1rio veio a ideia de Queimados pedalar para o futuro, para uma cidade mais humana.&#8221; <\/span>Mais tarde, Carlos lan\u00e7aria essa ideia como \u201cPedalando para o Futuro\u201d. Pedala Queimados \u00e9 a realiza\u00e7\u00e3o dessa ideia.<\/p>\n<p><a href=\"https:\/\/rioonwatch.org.br\/wp-content\/uploads\/2019\/09\/Pedala-Queimados-Curso.jpg\"><img loading=\"lazy\" decoding=\"async\" class=\"aligncenter wp-image-43285 size-content\" title=\"Participantes do curso de constru\u00e7\u00e3o da bicicleta de bambu com suas novas bicicletas. Foto: P\u00e1gina do Facebook do Pedala Queimados\" src=\"https:\/\/rioonwatch.org.br\/wp-content\/uploads\/2019\/09\/Pedala-Queimados-Curso-620x264.jpg\" alt=\"\" width=\"620\" height=\"264\" srcset=\"https:\/\/rioonwatch.org.br\/wp-content\/uploads\/2019\/09\/Pedala-Queimados-Curso-620x264.jpg 620w, https:\/\/rioonwatch.org.br\/wp-content\/uploads\/2019\/09\/Pedala-Queimados-Curso-940x400.jpg 940w\" sizes=\"(max-width: 620px) 100vw, 620px\" \/><\/a><\/p>\n<p>Desde ent\u00e3o, Pedala Queimados cresceu de uma iniciativa de um homem s\u00f3 para uma iniciativa com cerca de vinte membros centrais. Al\u00e9m de se juntar e apoiar Carlos <a href=\"http:\/\/bit.ly\/2dkwXI7\" target=\"_blank\" rel=\"noopener noreferrer\">em seus empreendimentos sobre rodas<\/a>, muitos membros do Pedala Queimados ensinam e auxiliam em um curso de bicicleta de bambu ministrado pelo artes\u00e3o holand\u00eas Klaus Volkmann, de <a href=\"http:\/\/bit.ly\/2G8uJab\">Art Bike Bamboo<\/a>, que tem sua sede na cidade de Porto Alegre, no sul do Brasil. Esse curso \u00e9 organizado com o apoio financeiro do programa <a href=\"http:\/\/bit.ly\/2V6slJr\">CASA Cidades<\/a>, o <a href=\"http:\/\/bit.ly\/2lVKgmk\" target=\"_blank\" rel=\"noopener noreferrer\">Fundo CASA Socioambiental,<\/a> e o <a href=\"http:\/\/bit.ly\/2GlV6tp\">Dutch Cycling Embassy<\/a>, e \u00e9 organizado em parceria com diversas organiza\u00e7\u00f5es, incluindo <a href=\"http:\/\/bit.ly\/2G9l7Me\">AmeCiclo<\/a>, <a href=\"http:\/\/bit.ly\/2G9ov9N\">Transporte Ativo<\/a>, <a href=\"http:\/\/bit.ly\/2G6POBS\">Bike Anjo Rio<\/a>, <a href=\"http:\/\/bit.ly\/2G85WmG\">AMPARA<\/a>, e <a href=\"http:\/\/bit.ly\/2KNrw4s\" target=\"_blank\" rel=\"noopener noreferrer\">Casa Fluminense<\/a>.<\/p>\n<p>Durante essa oficina de nove dias, jovens selecionados da comunidade aprendem a construir suas pr\u00f3prias bicicletas de bambu\u2014como Ricardo fez. Por dez horas por dia, os jovens trabalham juntos para construir seis bicicletas. \u201c<span style=\"font-weight: 400;\">Eles cortam o bambu verde, tratam, fazem a montagem e a arquitetura da bicicleta. A bike \u00e9 feita como eles desejam&#8221;, <\/span>Carlos explica. \u201c<span style=\"font-weight: 400;\">Quando a gente pegou um jovem que saiu recentemente da cadeia, e que tem liberdade para fazer qualquer coisa, e ele escolheu fazer uma bicicleta de bambu\u2014e passa a ensinar a produzir a bike de bambu\u2014as pr\u00f3prias pessoas que criminalizavam ele, v\u00eaem ele sob uma luz diferente<\/span>\u201d. Dos vinte jovens que completaram o novo programa, dezesseis participaram de forma gratuita, grande parte gra\u00e7as <a href=\"http:\/\/bit.ly\/2X4HvvN\">a uma organiza\u00e7\u00e3o holandesa que comprou uma das bicicletas originais<\/a> por \u20ac1.500 (aproximadamente R$6.862). As not\u00edcias do sucesso do programa se espalharam: Pedala Queimados foi apresentado em uma mat\u00e9ria por Ricardo na edi\u00e7\u00e3o de abril da <a href=\"http:\/\/bit.ly\/2G5KOgv\"><em>Revista Bicicleta<\/em><\/a><em>, <\/em>uma grande revista de ciclismo nacional, e iniciativas similares est\u00e3o sendo iniciadas em Porto Alegre e no Peru.<\/p>\n<p><a href=\"https:\/\/rioonwatch.org.br\/wp-content\/uploads\/2019\/09\/PedalaQueimadosCarlos.jpg\"><img loading=\"lazy\" decoding=\"async\" class=\"aligncenter wp-image-43286 size-medium\" title=\"Carlos Leandro faz apresenta\u00e7\u00e3o em Queimados durante a Semana do Meio Ambiente em junho de 2019. Foto: P\u00e1gina do Facebook do Pedala Queimados\" src=\"https:\/\/rioonwatch.org.br\/wp-content\/uploads\/2019\/09\/PedalaQueimadosCarlos-620x426.jpg\" alt=\"\" width=\"620\" height=\"426\" srcset=\"https:\/\/rioonwatch.org.br\/wp-content\/uploads\/2019\/09\/PedalaQueimadosCarlos-620x426.jpg 620w, https:\/\/rioonwatch.org.br\/wp-content\/uploads\/2019\/09\/PedalaQueimadosCarlos-384x264.jpg 384w, https:\/\/rioonwatch.org.br\/wp-content\/uploads\/2019\/09\/PedalaQueimadosCarlos-768x527.jpg 768w, https:\/\/rioonwatch.org.br\/wp-content\/uploads\/2019\/09\/PedalaQueimadosCarlos-1024x703.jpg 1024w, https:\/\/rioonwatch.org.br\/wp-content\/uploads\/2019\/09\/PedalaQueimadosCarlos.jpg 1200w\" sizes=\"(max-width: 620px) 100vw, 620px\" \/><\/a><\/p>\n<p>Carlos, um homem de discurso e a\u00e7\u00e3o prol\u00edficos, participa e fala regularmente em confer\u00eancias de sustentabilidade, liderando eventos de bicicleta por todo Grande Rio e mesmo fora. Depois de participar da <a href=\"http:\/\/bit.ly\/2YQd6TQ\">Confer\u00eancia Velo-City 2018 no Rio<\/a>, a maior confer\u00eancia sobre bicicletas e ambiente urbano do mundo, Carlos recebeu patroc\u00ednio para participar da <a href=\"http:\/\/bit.ly\/2KEPI86\">Velo-City 2019<\/a> em Dublin, na Irlanda.<\/p>\n<p>O objetivo do Pedala Queimados \u00e9 \u201ctransformar nossa realidade atrav\u00e9s da bicicleta\u201d, diz Carlos. Isso inclui <a href=\"http:\/\/bit.ly\/2kDO4bL\" target=\"_blank\" rel=\"noopener noreferrer\">desestigmatizar<\/a> Queimados. \u201c<span style=\"font-weight: 400;\">A m\u00eddia fala [que Queimados \u00e9] violenta, nos falamos <em>violentada. <\/em>Quando se fala &#8216;violenta&#8217; reflete nas pessoas, e voc\u00ea [visitando Queimados] acabou de observar que as pessoas n\u00e3o s\u00e3o violentas&#8221;, <\/span>ele diz. Carlos pretende mudar essa narrativa contando a sua hist\u00f3ria para o mundo e trazendo visitantes para Queimados. &#8220;<span style=\"font-weight: 400;\">A partir da bicicleta, principalmente a bicicleta de bambu, a gente conseguiu mudar pessoas mais fechadas, porque a bicicleta abre espa\u00e7o.&#8221; <\/span><\/p>\n<p>Pedala Queimados vai continuar a lutar para garantir os direitos humanos b\u00e1sicos para sua comunidade e melhorar a mobilidade urbana dentro da regi\u00e3o metropolitana do Rio. \u201c<span style=\"font-weight: 400;\">A gente quer uma cidade mais saud\u00e1vel, mais humana. Uma cidade onde as pessoas consigam olhar mais.&#8221;<\/span><\/p>\n<p><a href=\"https:\/\/rioonwatch.org.br\/wp-content\/uploads\/2019\/09\/Pedala-Queimados-mapa.png\"><img loading=\"lazy\" decoding=\"async\" class=\"aligncenter wp-image-43287 size-content\" title=\"Localiza\u00e7\u00e3o do Pedala Queimados no Rio de Janeiro. Imagem: Google Maps\" src=\"https:\/\/rioonwatch.org.br\/wp-content\/uploads\/2019\/09\/Pedala-Queimados-mapa-620x264.png\" alt=\"\" width=\"620\" height=\"264\" srcset=\"https:\/\/rioonwatch.org.br\/wp-content\/uploads\/2019\/09\/Pedala-Queimados-mapa-620x264.png 620w, https:\/\/rioonwatch.org.br\/wp-content\/uploads\/2019\/09\/Pedala-Queimados-mapa-940x400.png 940w\" sizes=\"(max-width: 620px) 100vw, 620px\" \/><\/a><\/p>\n<p>*Pedala Queimados\u00a0<span data-ccp-props=\"{&quot;201341983&quot;:0,&quot;335559739&quot;:160,&quot;335559740&quot;:259}\">\u00e9 um dos mais de <a href=\"http:\/\/www.bit.ly\/RFSMapa\">100 projetos comunit\u00e1rios mapeados<\/a>\u00a0pela\u00a0<a href=\"http:\/\/bit.ly\/1aI.gif\">Comunidades Catalisadoras<\/a>\u00a0(ComCat)\u2014a organiza\u00e7\u00e3o que publica o\u00a0<i>RioOnWatch\u2014<\/i>como parte do nosso programa paralelo &#8216;<a href=\"http:\/\/bit.ly\/RFSRelatorio\">Rede Favela Sustent\u00e1vel<\/a>&#8216; lan\u00e7ado em 2017 para reconhecer, apoiar, fortalecer e expandir as <a href=\"http:\/\/www.bit.ly\/FavelaModelo\">qualidades sustent\u00e1veis e movimentos comunit\u00e1rios inerentes<\/a>\u00a0\u00e0s favelas do Rio de Janeiro. Siga a\u00a0<a href=\"http:\/\/bit.ly\/FBRFS\">Rede Favela Sustent\u00e1vel no Facebook<\/a>. Leia outros\u00a0<a href=\"http:\/\/bit.ly\/FavelasSustentaveis\">perfis dos projetos da Rede Favela Sustent\u00e1vel aqui<\/a>.<\/span><\/p>\n<!-- AddThis Advanced Settings generic via filter on the_content --><!-- AddThis Share Buttons generic via filter on the_content -->","protected":false},"excerpt":{"rendered":"<div class=\"mh-excerpt\"><p>Click Here for English Iniciativa: Pedala Queimados Contato: Facebook | Instagram |\u00a0E-mail Ano de Funda\u00e7\u00e3o: 2016 Comunidade: Queimados (Baixada Fluminense) Miss\u00e3o: Estimular o uso da bicicleta como meio de transporte, democratizar o uso da terra, <a class=\"mh-excerpt-more\" href=\"https:\/\/rioonwatch.org.br\/?p=43277\" title=\"Pedala Queimados: Pedalando para &#8216;Mudar o CEP da Oportunidade&#8217; #RedeFavelaSustent\u00e1vel [PERFIL]\">[&#8230;]<\/a><!-- AddThis Advanced Settings generic via filter on get_the_excerpt --><!-- AddThis Share Buttons generic via filter on get_the_excerpt --><\/p>\n<\/div>","protected":false},"author":152,"featured_media":43281,"comment_status":"closed","ping_status":"closed","sticky":false,"template":"","format":"standard","meta":{"_acf_changed":false,"_monsterinsights_skip_tracking":false,"_monsterinsights_sitenote_active":false,"_monsterinsights_sitenote_note":"","_monsterinsights_sitenote_category":0,"footnotes":""},"categories":[2323,1621,1629,1626,1388,1616,342,1639,1726],"tags":[386,959,413,937,363,1147,1372,447,1584,106,482,560,1760,2074,727,1590,522,1347,476,404,764,1153,30],"writer":[2609],"translator":[2610],"source":[],"ilustrador":[],"fotografo":[],"class_list":{"0":"post-43277","1":"post","2":"type-post","3":"status-publish","4":"format-standard","5":"has-post-thumbnail","7":"category-urbanismopopular","8":"category-destaque","9":"category-entrevistas-e-perfis","10":"category-por-observadores-internacionais","11":"category-formas-de-apoiar","12":"category-qualidades-da-favela","13":"category-solucoes","14":"category-sustentabilidade","15":"category-transporte","16":"tag-estigma","17":"tag-baixada-fluminense","18":"tag-desigualdade","19":"tag-direito-de-ir-e-vir","20":"tag-educacao-ambiental","21":"tag-espacos-verdes","22":"tag-grande-rio","23":"tag-jacarepagua","24":"tag-japeri","25":"tag-meio-ambiente","26":"tag-milicia","27":"tag-mobilidade","28":"tag-narrativa-midiatica","29":"tag-rede-favela-sustentavel","30":"tag-pobreza","31":"tag-queimados","32":"tag-regiao-dormitorio","33":"tag-solucao","34":"tag-solucao-comunitaria","35":"tag-sustentabilidade","36":"tag-transporte","37":"tag-uso-de-bicicleta","38":"tag-violencia","39":"writer-ben-bildsten","40":"translator-lia-matos-viegas"},"acf":[],"yoast_head":"<!-- This site is optimized with the Yoast SEO plugin v25.6 - https:\/\/yoast.com\/wordpress\/plugins\/seo\/ -->\n<title>Pedala Queimados: Pedalando para &#039;Mudar o CEP da Oportunidade&#039; #RedeFavelaSustent\u00e1vel [PERFIL] - RioOnWatch<\/title>\n<meta name=\"robots\" content=\"index, follow, max-snippet:-1, max-image-preview:large, max-video-preview:-1\" \/>\n<link rel=\"canonical\" href=\"https:\/\/rioonwatch.org.br\/?p=43277\" \/>\n<meta property=\"og:locale\" content=\"pt_BR\" \/>\n<meta property=\"og:type\" content=\"article\" \/>\n<meta property=\"og:title\" content=\"Pedala Queimados: Pedalando para &#039;Mudar o CEP da Oportunidade&#039; #RedeFavelaSustent\u00e1vel [PERFIL] - RioOnWatch\" \/>\n<meta property=\"og:description\" content=\"Click Here for English Iniciativa: Pedala Queimados Contato: Facebook | Instagram |\u00a0E-mail Ano de Funda\u00e7\u00e3o: 2016 Comunidade: Queimados (Baixada Fluminense) Miss\u00e3o: Estimular o uso da bicicleta como meio de transporte, democratizar o uso da terra, [...]\" \/>\n<meta property=\"og:url\" content=\"https:\/\/rioonwatch.org.br\/?p=43277\" \/>\n<meta property=\"og:site_name\" content=\"RioOnWatch\" \/>\n<meta property=\"article:published_time\" content=\"2019-10-07T08:00:03+00:00\" \/>\n<meta property=\"article:modified_time\" content=\"2019-10-30T17:49:37+00:00\" \/>\n<meta property=\"og:image\" content=\"https:\/\/rioonwatch.org.br\/wp-content\/uploads\/2019\/09\/Pedala-Queimados-.jpg\" \/>\n\t<meta property=\"og:image:width\" content=\"1280\" \/>\n\t<meta property=\"og:image:height\" content=\"810\" \/>\n\t<meta property=\"og:image:type\" content=\"image\/jpeg\" \/>\n<meta name=\"author\" content=\"Luisa Fenizola\" \/>\n<meta name=\"twitter:card\" content=\"summary_large_image\" \/>\n<meta name=\"twitter:label1\" content=\"Escrito por\" \/>\n\t<meta name=\"twitter:data1\" content=\"Luisa Fenizola\" \/>\n\t<meta name=\"twitter:label2\" content=\"Est. tempo de leitura\" \/>\n\t<meta name=\"twitter:data2\" content=\"7 minutos\" \/>\n<script type=\"application\/ld+json\" class=\"yoast-schema-graph\">{\"@context\":\"https:\/\/schema.org\",\"@graph\":[{\"@type\":\"Article\",\"@id\":\"https:\/\/rioonwatch.org.br\/?p=43277#article\",\"isPartOf\":{\"@id\":\"https:\/\/rioonwatch.org.br\/?p=43277\"},\"author\":{\"name\":\"Luisa Fenizola\",\"@id\":\"https:\/\/rioonwatch.org.br\/#\/schema\/person\/f443c6b55bb6e80842280318076491c5\"},\"headline\":\"Pedala Queimados: Pedalando para &#8216;Mudar o CEP da Oportunidade&#8217; #RedeFavelaSustent\u00e1vel [PERFIL]\",\"datePublished\":\"2019-10-07T08:00:03+00:00\",\"dateModified\":\"2019-10-30T17:49:37+00:00\",\"mainEntityOfPage\":{\"@id\":\"https:\/\/rioonwatch.org.br\/?p=43277\"},\"wordCount\":1511,\"publisher\":{\"@id\":\"https:\/\/rioonwatch.org.br\/#organization\"},\"image\":{\"@id\":\"https:\/\/rioonwatch.org.br\/?p=43277#primaryimage\"},\"thumbnailUrl\":\"https:\/\/rioonwatch.org.br\/wp-content\/uploads\/2019\/09\/Pedala-Queimados-.jpg\",\"keywords\":[\"#StopFavelaStigma\",\"Baixada Fluminense\",\"desigualdade\",\"direito de ir e vir\",\"educa\u00e7\u00e3o ambiental\",\"espa\u00e7os verdes\",\"Grande Rio\",\"Jacarepagu\u00e1\",\"Japeri\",\"meio ambiente\",\"Mil\u00edcia\",\"mobilidade\",\"narrativa midi\u00e1tica\",\"Perfis Integrantes da Rede Favela Sustent\u00e1vel\",\"pobreza\",\"Queimados\",\"regi\u00e3o dormit\u00f3rio\",\"solu\u00e7\u00e3o\",\"solu\u00e7\u00e3o comunit\u00e1ria\",\"sustentabilidade\",\"transporte\",\"uso de bicicleta\",\"viol\u00eancia\"],\"articleSection\":[\"#UrbanismoPopular\",\"*Destaque\",\"Entrevistas e Perfis\",\"Escrito por Aliados\",\"Formas de Apoiar\",\"Qualidades da Favela\",\"Solu\u00e7\u00f5es\",\"Sustentabilidade\",\"Transporte\"],\"inLanguage\":\"pt-BR\"},{\"@type\":\"WebPage\",\"@id\":\"https:\/\/rioonwatch.org.br\/?p=43277\",\"url\":\"https:\/\/rioonwatch.org.br\/?p=43277\",\"name\":\"Pedala Queimados: Pedalando para 'Mudar o CEP da Oportunidade' #RedeFavelaSustent\u00e1vel [PERFIL] - RioOnWatch\",\"isPartOf\":{\"@id\":\"https:\/\/rioonwatch.org.br\/#website\"},\"primaryImageOfPage\":{\"@id\":\"https:\/\/rioonwatch.org.br\/?p=43277#primaryimage\"},\"image\":{\"@id\":\"https:\/\/rioonwatch.org.br\/?p=43277#primaryimage\"},\"thumbnailUrl\":\"https:\/\/rioonwatch.org.br\/wp-content\/uploads\/2019\/09\/Pedala-Queimados-.jpg\",\"datePublished\":\"2019-10-07T08:00:03+00:00\",\"dateModified\":\"2019-10-30T17:49:37+00:00\",\"breadcrumb\":{\"@id\":\"https:\/\/rioonwatch.org.br\/?p=43277#breadcrumb\"},\"inLanguage\":\"pt-BR\",\"potentialAction\":[{\"@type\":\"ReadAction\",\"target\":[\"https:\/\/rioonwatch.org.br\/?p=43277\"]}]},{\"@type\":\"ImageObject\",\"inLanguage\":\"pt-BR\",\"@id\":\"https:\/\/rioonwatch.org.br\/?p=43277#primaryimage\",\"url\":\"https:\/\/rioonwatch.org.br\/wp-content\/uploads\/2019\/09\/Pedala-Queimados-.jpg\",\"contentUrl\":\"https:\/\/rioonwatch.org.br\/wp-content\/uploads\/2019\/09\/Pedala-Queimados-.jpg\",\"width\":1280,\"height\":810},{\"@type\":\"BreadcrumbList\",\"@id\":\"https:\/\/rioonwatch.org.br\/?p=43277#breadcrumb\",\"itemListElement\":[{\"@type\":\"ListItem\",\"position\":1,\"name\":\"In\u00edcio\",\"item\":\"https:\/\/rioonwatch.org.br\/\"},{\"@type\":\"ListItem\",\"position\":2,\"name\":\"Pedala Queimados: Pedalando para &#8216;Mudar o CEP da Oportunidade&#8217; #RedeFavelaSustent\u00e1vel [PERFIL]\"}]},{\"@type\":\"WebSite\",\"@id\":\"https:\/\/rioonwatch.org.br\/#website\",\"url\":\"https:\/\/rioonwatch.org.br\/\",\"name\":\"RioOnWatch\",\"description\":\"relatos das favelas cariocas\",\"publisher\":{\"@id\":\"https:\/\/rioonwatch.org.br\/#organization\"},\"potentialAction\":[{\"@type\":\"SearchAction\",\"target\":{\"@type\":\"EntryPoint\",\"urlTemplate\":\"https:\/\/rioonwatch.org.br\/?s={search_term_string}\"},\"query-input\":{\"@type\":\"PropertyValueSpecification\",\"valueRequired\":true,\"valueName\":\"search_term_string\"}}],\"inLanguage\":\"pt-BR\"},{\"@type\":\"Organization\",\"@id\":\"https:\/\/rioonwatch.org.br\/#organization\",\"name\":\"RioOnWatch\",\"url\":\"https:\/\/rioonwatch.org.br\/\",\"logo\":{\"@type\":\"ImageObject\",\"inLanguage\":\"pt-BR\",\"@id\":\"https:\/\/rioonwatch.org.br\/#\/schema\/logo\/image\/\",\"url\":\"https:\/\/rioonwatch.org.br\/wp-content\/uploads\/2021\/06\/RioOnWatchcabecalhoPT11anos-2.png\",\"contentUrl\":\"https:\/\/rioonwatch.org.br\/wp-content\/uploads\/2021\/06\/RioOnWatchcabecalhoPT11anos-2.png\",\"width\":779,\"height\":277,\"caption\":\"RioOnWatch\"},\"image\":{\"@id\":\"https:\/\/rioonwatch.org.br\/#\/schema\/logo\/image\/\"}},{\"@type\":\"Person\",\"@id\":\"https:\/\/rioonwatch.org.br\/#\/schema\/person\/f443c6b55bb6e80842280318076491c5\",\"name\":\"Luisa Fenizola\",\"image\":{\"@type\":\"ImageObject\",\"inLanguage\":\"pt-BR\",\"@id\":\"https:\/\/rioonwatch.org.br\/#\/schema\/person\/image\/\",\"url\":\"https:\/\/secure.gravatar.com\/avatar\/a3d551110162b9f876cbbdaaecf75663?s=96&d=blank&r=g\",\"contentUrl\":\"https:\/\/secure.gravatar.com\/avatar\/a3d551110162b9f876cbbdaaecf75663?s=96&d=blank&r=g\",\"caption\":\"Luisa Fenizola\"},\"url\":\"https:\/\/rioonwatch.org.br\/?author=152\"}]}<\/script>\n<!-- \/ Yoast SEO plugin. -->","yoast_head_json":{"title":"Pedala Queimados: Pedalando para 'Mudar o CEP da Oportunidade' #RedeFavelaSustent\u00e1vel [PERFIL] - RioOnWatch","robots":{"index":"index","follow":"follow","max-snippet":"max-snippet:-1","max-image-preview":"max-image-preview:large","max-video-preview":"max-video-preview:-1"},"canonical":"https:\/\/rioonwatch.org.br\/?p=43277","og_locale":"pt_BR","og_type":"article","og_title":"Pedala Queimados: Pedalando para 'Mudar o CEP da Oportunidade' #RedeFavelaSustent\u00e1vel [PERFIL] - RioOnWatch","og_description":"Click Here for English Iniciativa: Pedala Queimados Contato: Facebook | Instagram |\u00a0E-mail Ano de Funda\u00e7\u00e3o: 2016 Comunidade: Queimados (Baixada Fluminense) Miss\u00e3o: Estimular o uso da bicicleta como meio de transporte, democratizar o uso da terra, [...]","og_url":"https:\/\/rioonwatch.org.br\/?p=43277","og_site_name":"RioOnWatch","article_published_time":"2019-10-07T08:00:03+00:00","article_modified_time":"2019-10-30T17:49:37+00:00","og_image":[{"width":1280,"height":810,"url":"https:\/\/rioonwatch.org.br\/wp-content\/uploads\/2019\/09\/Pedala-Queimados-.jpg","type":"image\/jpeg"}],"author":"Luisa Fenizola","twitter_card":"summary_large_image","twitter_misc":{"Escrito por":"Luisa Fenizola","Est. tempo de leitura":"7 minutos"},"schema":{"@context":"https:\/\/schema.org","@graph":[{"@type":"Article","@id":"https:\/\/rioonwatch.org.br\/?p=43277#article","isPartOf":{"@id":"https:\/\/rioonwatch.org.br\/?p=43277"},"author":{"name":"Luisa Fenizola","@id":"https:\/\/rioonwatch.org.br\/#\/schema\/person\/f443c6b55bb6e80842280318076491c5"},"headline":"Pedala Queimados: Pedalando para &#8216;Mudar o CEP da Oportunidade&#8217; #RedeFavelaSustent\u00e1vel [PERFIL]","datePublished":"2019-10-07T08:00:03+00:00","dateModified":"2019-10-30T17:49:37+00:00","mainEntityOfPage":{"@id":"https:\/\/rioonwatch.org.br\/?p=43277"},"wordCount":1511,"publisher":{"@id":"https:\/\/rioonwatch.org.br\/#organization"},"image":{"@id":"https:\/\/rioonwatch.org.br\/?p=43277#primaryimage"},"thumbnailUrl":"https:\/\/rioonwatch.org.br\/wp-content\/uploads\/2019\/09\/Pedala-Queimados-.jpg","keywords":["#StopFavelaStigma","Baixada Fluminense","desigualdade","direito de ir e vir","educa\u00e7\u00e3o ambiental","espa\u00e7os verdes","Grande Rio","Jacarepagu\u00e1","Japeri","meio ambiente","Mil\u00edcia","mobilidade","narrativa midi\u00e1tica","Perfis Integrantes da Rede Favela Sustent\u00e1vel","pobreza","Queimados","regi\u00e3o dormit\u00f3rio","solu\u00e7\u00e3o","solu\u00e7\u00e3o comunit\u00e1ria","sustentabilidade","transporte","uso de bicicleta","viol\u00eancia"],"articleSection":["#UrbanismoPopular","*Destaque","Entrevistas e Perfis","Escrito por Aliados","Formas de Apoiar","Qualidades da Favela","Solu\u00e7\u00f5es","Sustentabilidade","Transporte"],"inLanguage":"pt-BR"},{"@type":"WebPage","@id":"https:\/\/rioonwatch.org.br\/?p=43277","url":"https:\/\/rioonwatch.org.br\/?p=43277","name":"Pedala Queimados: Pedalando para 'Mudar o CEP da Oportunidade' #RedeFavelaSustent\u00e1vel [PERFIL] - RioOnWatch","isPartOf":{"@id":"https:\/\/rioonwatch.org.br\/#website"},"primaryImageOfPage":{"@id":"https:\/\/rioonwatch.org.br\/?p=43277#primaryimage"},"image":{"@id":"https:\/\/rioonwatch.org.br\/?p=43277#primaryimage"},"thumbnailUrl":"https:\/\/rioonwatch.org.br\/wp-content\/uploads\/2019\/09\/Pedala-Queimados-.jpg","datePublished":"2019-10-07T08:00:03+00:00","dateModified":"2019-10-30T17:49:37+00:00","breadcrumb":{"@id":"https:\/\/rioonwatch.org.br\/?p=43277#breadcrumb"},"inLanguage":"pt-BR","potentialAction":[{"@type":"ReadAction","target":["https:\/\/rioonwatch.org.br\/?p=43277"]}]},{"@type":"ImageObject","inLanguage":"pt-BR","@id":"https:\/\/rioonwatch.org.br\/?p=43277#primaryimage","url":"https:\/\/rioonwatch.org.br\/wp-content\/uploads\/2019\/09\/Pedala-Queimados-.jpg","contentUrl":"https:\/\/rioonwatch.org.br\/wp-content\/uploads\/2019\/09\/Pedala-Queimados-.jpg","width":1280,"height":810},{"@type":"BreadcrumbList","@id":"https:\/\/rioonwatch.org.br\/?p=43277#breadcrumb","itemListElement":[{"@type":"ListItem","position":1,"name":"In\u00edcio","item":"https:\/\/rioonwatch.org.br\/"},{"@type":"ListItem","position":2,"name":"Pedala Queimados: Pedalando para &#8216;Mudar o CEP da Oportunidade&#8217; #RedeFavelaSustent\u00e1vel [PERFIL]"}]},{"@type":"WebSite","@id":"https:\/\/rioonwatch.org.br\/#website","url":"https:\/\/rioonwatch.org.br\/","name":"RioOnWatch","description":"relatos das favelas cariocas","publisher":{"@id":"https:\/\/rioonwatch.org.br\/#organization"},"potentialAction":[{"@type":"SearchAction","target":{"@type":"EntryPoint","urlTemplate":"https:\/\/rioonwatch.org.br\/?s={search_term_string}"},"query-input":{"@type":"PropertyValueSpecification","valueRequired":true,"valueName":"search_term_string"}}],"inLanguage":"pt-BR"},{"@type":"Organization","@id":"https:\/\/rioonwatch.org.br\/#organization","name":"RioOnWatch","url":"https:\/\/rioonwatch.org.br\/","logo":{"@type":"ImageObject","inLanguage":"pt-BR","@id":"https:\/\/rioonwatch.org.br\/#\/schema\/logo\/image\/","url":"https:\/\/rioonwatch.org.br\/wp-content\/uploads\/2021\/06\/RioOnWatchcabecalhoPT11anos-2.png","contentUrl":"https:\/\/rioonwatch.org.br\/wp-content\/uploads\/2021\/06\/RioOnWatchcabecalhoPT11anos-2.png","width":779,"height":277,"caption":"RioOnWatch"},"image":{"@id":"https:\/\/rioonwatch.org.br\/#\/schema\/logo\/image\/"}},{"@type":"Person","@id":"https:\/\/rioonwatch.org.br\/#\/schema\/person\/f443c6b55bb6e80842280318076491c5","name":"Luisa Fenizola","image":{"@type":"ImageObject","inLanguage":"pt-BR","@id":"https:\/\/rioonwatch.org.br\/#\/schema\/person\/image\/","url":"https:\/\/secure.gravatar.com\/avatar\/a3d551110162b9f876cbbdaaecf75663?s=96&d=blank&r=g","contentUrl":"https:\/\/secure.gravatar.com\/avatar\/a3d551110162b9f876cbbdaaecf75663?s=96&d=blank&r=g","caption":"Luisa Fenizola"},"url":"https:\/\/rioonwatch.org.br\/?author=152"}]}},"_links":{"self":[{"href":"https:\/\/rioonwatch.org.br\/index.php?rest_route=\/wp\/v2\/posts\/43277"}],"collection":[{"href":"https:\/\/rioonwatch.org.br\/index.php?rest_route=\/wp\/v2\/posts"}],"about":[{"href":"https:\/\/rioonwatch.org.br\/index.php?rest_route=\/wp\/v2\/types\/post"}],"author":[{"embeddable":true,"href":"https:\/\/rioonwatch.org.br\/index.php?rest_route=\/wp\/v2\/users\/152"}],"replies":[{"embeddable":true,"href":"https:\/\/rioonwatch.org.br\/index.php?rest_route=%2Fwp%2Fv2%2Fcomments&post=43277"}],"version-history":[{"count":19,"href":"https:\/\/rioonwatch.org.br\/index.php?rest_route=\/wp\/v2\/posts\/43277\/revisions"}],"predecessor-version":[{"id":44134,"href":"https:\/\/rioonwatch.org.br\/index.php?rest_route=\/wp\/v2\/posts\/43277\/revisions\/44134"}],"wp:featuredmedia":[{"embeddable":true,"href":"https:\/\/rioonwatch.org.br\/index.php?rest_route=\/wp\/v2\/media\/43281"}],"wp:attachment":[{"href":"https:\/\/rioonwatch.org.br\/index.php?rest_route=%2Fwp%2Fv2%2Fmedia&parent=43277"}],"wp:term":[{"taxonomy":"category","embeddable":true,"href":"https:\/\/rioonwatch.org.br\/index.php?rest_route=%2Fwp%2Fv2%2Fcategories&post=43277"},{"taxonomy":"post_tag","embeddable":true,"href":"https:\/\/rioonwatch.org.br\/index.php?rest_route=%2Fwp%2Fv2%2Ftags&post=43277"},{"taxonomy":"writer","embeddable":true,"href":"https:\/\/rioonwatch.org.br\/index.php?rest_route=%2Fwp%2Fv2%2Fwriter&post=43277"},{"taxonomy":"translator","embeddable":true,"href":"https:\/\/rioonwatch.org.br\/index.php?rest_route=%2Fwp%2Fv2%2Ftranslator&post=43277"},{"taxonomy":"source","embeddable":true,"href":"https:\/\/rioonwatch.org.br\/index.php?rest_route=%2Fwp%2Fv2%2Fsource&post=43277"},{"taxonomy":"ilustrador","embeddable":true,"href":"https:\/\/rioonwatch.org.br\/index.php?rest_route=%2Fwp%2Fv2%2Filustrador&post=43277"},{"taxonomy":"fotografo","embeddable":true,"href":"https:\/\/rioonwatch.org.br\/index.php?rest_route=%2Fwp%2Fv2%2Ffotografo&post=43277"}],"curies":[{"name":"wp","href":"https:\/\/api.w.org\/{rel}","templated":true}]}}