{"id":43345,"date":"2019-09-24T07:00:14","date_gmt":"2019-09-24T10:00:14","guid":{"rendered":"https:\/\/rioonwatch.org.br\/?p=43345"},"modified":"2026-04-14T10:00:32","modified_gmt":"2026-04-14T13:00:32","slug":"para-onde-estas-pessoas-irao-demolicao-relampago-no-canal-do-anil","status":"publish","type":"post","link":"https:\/\/rioonwatch.org.br\/?p=43345","title":{"rendered":"&#8216;Para Onde Estas Pessoas Ir\u00e3o?&#8217; Demoli\u00e7\u00e3o Rel\u00e2mpago no Canal do Anil"},"content":{"rendered":"<p style=\"text-align: right;\"><em><strong><a href=\"http:\/\/bit.ly\/2l3AwWX\" target=\"_blank\" rel=\"noopener noreferrer\">Click Here for English<\/a><a href=\"http:\/\/bit.ly\/2l3AwWX\" target=\"_blank\" rel=\"noopener noreferrer\"><img decoding=\"async\" width=\"20\" height=\"20\" class=\"alignright wp-image-15790\" src=\"http:\/\/rioonwatch.org.br\/wp-content\/uploads\/2012\/08\/EN-standard-e1439583104716.jpg\" \/><\/a><\/strong><\/em><\/p>\n<p><span style=\"font-weight: 400;\">\u00c0s 7:15 da manh\u00e3 de quinta-feira, dia 19 de setembro, moradores do <a href=\"http:\/\/bit.ly\/2mcrYgA\" target=\"_blank\" rel=\"noopener noreferrer\">Canal do Anil<\/a>, uma pequena favela localizada em <a href=\"http:\/\/bit.ly\/2ksixJI\" target=\"_blank\" rel=\"noopener noreferrer\">Jacarepagu\u00e1<\/a>, <a href=\"http:\/\/bit.ly\/2x3k8bw\" target=\"_blank\" rel=\"noopener noreferrer\">Zona Oeste<\/a>, acordaram em meio ao caos. Nas primeiras horas da manh\u00e3, funcion\u00e1rios da Secretaria Municipal de Conserva\u00e7\u00e3o (<\/span><a href=\"http:\/\/bit.ly\/2ZOBlTo\"><span style=\"font-weight: 400;\">SECONSERVA<\/span><\/a><span style=\"font-weight: 400;\">) chegaram sem liminar alguma, com escavadeiras, acompanhados por membros da <a href=\"http:\/\/bit.ly\/2x488q5\" target=\"_blank\" rel=\"noopener noreferrer\">Pol\u00edcia Militar<\/a>, <a href=\"http:\/\/bit.ly\/2mbrkQu\" target=\"_blank\" rel=\"noopener noreferrer\">Guarda Municipal<\/a> e <a href=\"http:\/\/bit.ly\/31F9MfN\" target=\"_blank\" rel=\"noopener noreferrer\">Pol\u00edcia Militar Ambiental<\/a>. Sem sequer aviso pr\u00e9vio, come\u00e7aram a demolir casas dos moradores e uma cozinha comunit\u00e1ria sendo constru\u00edda por uma igreja local. Foram destru\u00eddas 52 moradias. Muitos moradores j\u00e1 haviam sa\u00eddo cedo para fazer longos trajetos para trabalhar. Outros ainda estavam dormindo.<\/span><\/p>\n<p><span style=\"font-weight: 400;\">A maioria das casas foram constru\u00eddas em anos recentes por fam\u00edlias de baixa renda sem alternativa para moradia. As casas que foram poupadas (a prefeitura teria chegado com o objetivo de demolir apenas estruturas desabitadas) foram deixadas isoladas em um mar de destro\u00e7os. Apontando para uma estrutura de apar\u00eancia solit\u00e1ria no meio da destrui\u00e7\u00e3o, Allan Silvio, vice-presidente da <a href=\"http:\/\/bit.ly\/31RocsY\" target=\"_blank\" rel=\"noopener noreferrer\">Associa\u00e7\u00e3o de Moradores do Canal do Anil<\/a>, pontuou: &#8220;L\u00e1 eles n\u00e3o derrubaram porque tinha tr\u00eas crian\u00e7as\u201d.<\/span><\/p>\n<p><a href=\"https:\/\/rioonwatch.org.br\/wp-content\/uploads\/2019\/09\/Demoli\u00e7\u00e3o-2.png\"><img fetchpriority=\"high\" decoding=\"async\" class=\"aligncenter wp-image-43353 size-medium\" title=\"Uma casa fica isolada no meio de escombros ap\u00f3s demoli\u00e7\u00f5es no Canal do Anil.\" src=\"https:\/\/rioonwatch.org.br\/wp-content\/uploads\/2019\/09\/Demoli\u00e7\u00e3o-2-620x362.png\" alt=\"\" width=\"620\" height=\"362\" srcset=\"https:\/\/rioonwatch.org.br\/wp-content\/uploads\/2019\/09\/Demoli\u00e7\u00e3o-2-620x362.png 620w, https:\/\/rioonwatch.org.br\/wp-content\/uploads\/2019\/09\/Demoli\u00e7\u00e3o-2-452x264.png 452w, https:\/\/rioonwatch.org.br\/wp-content\/uploads\/2019\/09\/Demoli\u00e7\u00e3o-2-768x449.png 768w, https:\/\/rioonwatch.org.br\/wp-content\/uploads\/2019\/09\/Demoli\u00e7\u00e3o-2-1024x598.png 1024w, https:\/\/rioonwatch.org.br\/wp-content\/uploads\/2019\/09\/Demoli\u00e7\u00e3o-2.png 1188w\" sizes=\"(max-width: 620px) 100vw, 620px\" \/><\/a><\/p>\n<p><span style=\"font-weight: 400;\">No que se tem se tornado a forma mais familiar de interven\u00e7\u00e3o do Estado nas favelas na \u00faltima d\u00e9cada, o governo municipal chegou com extrema for\u00e7a. <\/span><a href=\"http:\/\/bit.ly\/31HbnBB\"><span style=\"font-weight: 400;\">Em entrevista ao <\/span><i><span style=\"font-weight: 400;\">O Dia<\/span><\/i><\/a><span style=\"font-weight: 400;\">, o Tenente-Coronel do 18\u00ba Batalh\u00e3o da Pol\u00edcia Militar Leonardo Oliveira disse: \u201cA Pol\u00edcia Militar est\u00e1 aqui para garantir a integridade de todos, dos moradores e da equipe da prefeitura. Estamos aqui para assegurar que nada saia do controle\u201d. Ao serem recebidos pelos moradores, que imploraram por respostas, a Pol\u00edcia Militar respondeu com amea\u00e7as e agress\u00f5es. &#8220;<\/span><span style=\"font-weight: 400;\">Se voc\u00eas fizerem motim v\u00e3o ser presos<\/span><span style=\"font-weight: 400;\">&#8220;, disse um policial, deixando os moradores sem outra escolha sen\u00e3o permanecer como observadores silenciosos enquanto suas propriedades eram destru\u00eddas. Allan refletiu: &#8220;A pol\u00edcia \u00e9 para servir e proteger a todos&#8230; Mas q<\/span><span style=\"font-weight: 400;\">uando vem para comunidade, ela n\u00e3o protege a gente<\/span><span style=\"font-weight: 400;\">&#8220;.<\/span><\/p>\n<p><span style=\"font-weight: 400;\">N\u00e3o s\u00f3 a prefeitura n\u00e3o alertou os moradores anteriormente, acerca das demoli\u00e7\u00f5es, mas tamb\u00e9m n\u00e3o enviou assistentes sociais ao local, nem forneceu nenhuma forma de indeniza\u00e7\u00e3o aos que perderam suas casas e com\u00e9rcios, como a op\u00e7\u00e3o de reassentamento. Um morador que preferiu n\u00e3o se identificar disse que estava terminando uma casa ao lado da sua para seus dois irm\u00e3os. A nova casa foi completamente destru\u00edda. \u201cEles [SECONSERVA] <\/span><span style=\"font-weight: 400;\">quebraram a janela, viram que n\u00e3o tinha nada dentro, nem cama, nem nada, e falaram \u2018essa casa pode derrubar\u2019<\/span><span style=\"font-weight: 400;\">&#8221;, lembra Allan. A casa adjacente foi salva pela presen\u00e7a de crian\u00e7as, mas eles foram avisados \u200b\u200bque a prefeitura retornaria com avisos para demoli-la em breve, criando um clima de incerteza dentre os moradores acerca do futuro de seus lares.<\/span><\/p>\n<p><a href=\"https:\/\/rioonwatch.org.br\/wp-content\/uploads\/2019\/09\/Demoli\u00e7\u00e3o-3.png\"><img decoding=\"async\" class=\"aligncenter wp-image-43357 size-medium\" title=\"Casa parcialmente demolida no Canal do Anil.\" src=\"https:\/\/rioonwatch.org.br\/wp-content\/uploads\/2019\/09\/Demoli\u00e7\u00e3o-3-620x399.png\" alt=\"\" width=\"620\" height=\"399\" srcset=\"https:\/\/rioonwatch.org.br\/wp-content\/uploads\/2019\/09\/Demoli\u00e7\u00e3o-3-620x399.png 620w, https:\/\/rioonwatch.org.br\/wp-content\/uploads\/2019\/09\/Demoli\u00e7\u00e3o-3-410x264.png 410w, https:\/\/rioonwatch.org.br\/wp-content\/uploads\/2019\/09\/Demoli\u00e7\u00e3o-3-768x494.png 768w, https:\/\/rioonwatch.org.br\/wp-content\/uploads\/2019\/09\/Demoli\u00e7\u00e3o-3-1024x659.png 1024w, https:\/\/rioonwatch.org.br\/wp-content\/uploads\/2019\/09\/Demoli\u00e7\u00e3o-3.png 1197w\" sizes=\"(max-width: 620px) 100vw, 620px\" \/><\/a><\/p>\n<p><span style=\"font-weight: 400;\">Moradores dizem que a prefeitura negligencia o Canal do Anil h\u00e1 anos e que as obras p\u00fablicas prometidas nunca foram realizadas. H\u00e1 tr\u00eas anos, a prefeitura prometeu melhorias por meio do projeto <a href=\"http:\/\/bit.ly\/30b3zeN\" target=\"_blank\" rel=\"noopener noreferrer\">Bairro Maravilha<\/a>, mas o projeto nunca se materializou. Hoje, a \u00fanica infraestrutura vis\u00edvel n\u00e3o constru\u00edda pela pr\u00f3pria comunidade \u00e9 um pequeno campo de futebol \u00e0 beira do rio, constru\u00eddo por uma ONG.<\/span><\/p>\n<p><span style=\"font-weight: 400;\">Na entrada da comunidade fica um complexo de moradias sociais, resultado do programa <a href=\"http:\/\/bit.ly\/2wYPD6w\" target=\"_blank\" rel=\"noopener noreferrer\">Minha Casa Minha Vida<\/a> (MCMV). Segundo Allan, \u201ce<\/span><span style=\"font-weight: 400;\">ra para a gente daqui [do Canal do Anil], moradores, em 2007. Hoje, t\u00eam gente de <a href=\"http:\/\/bit.ly\/2IUYpbd\" target=\"_blank\" rel=\"noopener noreferrer\">Santa Cruz<\/a>, t\u00eam gente de <a href=\"http:\/\/bit.ly\/2IEkISu\" target=\"_blank\" rel=\"noopener noreferrer\">Guadalupe<\/a>, t\u00eam gente sei l\u00e1 de onde<\/span><span style=\"font-weight: 400;\">\u201d. Os moradores do Canal do Anil nunca tiveram a op\u00e7\u00e3o de solicitar habita\u00e7\u00e3o social em sua pr\u00f3pria comunidade, apesar de existirem apartamentos vazios nos pr\u00e9dios. Seu <a href=\"http:\/\/bit.ly\/2kC34H5\" target=\"_blank\" rel=\"noopener noreferrer\">direito \u00e0 cidade<\/a> tem sido repetidamente negado, o que os leva a levantarem suas pr\u00f3prias constru\u00e7\u00f5es.<\/span><\/p>\n<p><span style=\"font-weight: 400;\">Os motivos das demoli\u00e7\u00f5es pela prefeitura s\u00e3o question\u00e1veis. Enquanto a <a href=\"https:\/\/glo.bo\/2m7CkyA\" target=\"_blank\" rel=\"noopener noreferrer\">prefeitura alega que as moradias foram constru\u00eddas em \u00e1reas de prote\u00e7\u00e3o ambiental<\/a>, a presen\u00e7a <a href=\"https:\/\/glo.bo\/31HI9Tk\" target=\"_blank\" rel=\"noopener noreferrer\">vis\u00edvel de novos arranha-c\u00e9us<\/a> de luxo nas proximidades coloca essa alega\u00e7\u00e3o em xeque. A comunidade \u00e9 localizada entre a Vila Pan-Americana e um novo shopping afiliado ao Barra Shopping. <\/span><span style=\"font-weight: 400;\">Os moradores acreditam que as demoli\u00e7\u00f5es rel\u00e2mpago est\u00e3o na verdade ligadas a planos futuros de desenvolver a pen\u00ednsula em que est\u00e1 localizada a comunidade. <\/span><\/p>\n<p><span style=\"font-weight: 400;\">A apenas alguns quil\u00f4metros, o Via Parque, um grande shopping center constru\u00eddo em 1993 no local onde havia antes uma favela, \u00e9 um lembrete dos planos da prefeitura para a \u00e1rea da Barra da Tijuca. E <a href=\"http:\/\/bit.ly\/2mz9g39\" target=\"_blank\" rel=\"noopener noreferrer\">remo\u00e7\u00f5es n\u00e3o s\u00e3o novidade<\/a> no pr\u00f3prio Canal do Anil, que sofreu amea\u00e7as e remo\u00e7\u00f5es de fato \u200b\u200bantes dos Jogos Pan-Americanos, da Copa do Mundo de 2014 e das Olimp\u00edadas de 2016. Mais recentemente, come\u00e7aram a surgir grandes obras em torno do Anil, como uma nova estrada ligando a Barra aos novos arranha-c\u00e9us de luxo. Sobre os investimentos da prefeitura em Jacarepagu\u00e1, outra moradora expressou sua opini\u00e3o: \u201cEles n\u00e3o fazem nada pelos pobres, s\u00f3 pelos ricos\u201d.<\/span><\/p>\n<p><a href=\"https:\/\/rioonwatch.org.br\/wp-content\/uploads\/2019\/09\/demoli\u00e7\u00e3o4.png\"><img loading=\"lazy\" decoding=\"async\" class=\"aligncenter wp-image-43362 size-medium\" title=\"Demoli\u00e7\u00e3o em andamento no Canal do Anil.\" src=\"https:\/\/rioonwatch.org.br\/wp-content\/uploads\/2019\/09\/demoli\u00e7\u00e3o4-620x348.png\" alt=\"\" width=\"620\" height=\"348\" srcset=\"https:\/\/rioonwatch.org.br\/wp-content\/uploads\/2019\/09\/demoli\u00e7\u00e3o4-620x348.png 620w, https:\/\/rioonwatch.org.br\/wp-content\/uploads\/2019\/09\/demoli\u00e7\u00e3o4-471x264.png 471w, https:\/\/rioonwatch.org.br\/wp-content\/uploads\/2019\/09\/demoli\u00e7\u00e3o4-768x431.png 768w, https:\/\/rioonwatch.org.br\/wp-content\/uploads\/2019\/09\/demoli\u00e7\u00e3o4-1024x574.png 1024w, https:\/\/rioonwatch.org.br\/wp-content\/uploads\/2019\/09\/demoli\u00e7\u00e3o4-580x326.png 580w, https:\/\/rioonwatch.org.br\/wp-content\/uploads\/2019\/09\/demoli\u00e7\u00e3o4-174x98.png 174w, https:\/\/rioonwatch.org.br\/wp-content\/uploads\/2019\/09\/demoli\u00e7\u00e3o4.png 1200w\" sizes=\"(max-width: 620px) 100vw, 620px\" \/><\/a><\/p>\n<p><span style=\"font-weight: 400;\">&#8220;Hoje eles destru\u00edram os sonhos de muita gente&#8221;, disse Jianne Araujo, que vive no Canal do Anil h\u00e1 dois anos. Mais uma vez, a prefeitura atacou os direitos e meios de subsist\u00eancia daqueles que s\u00e3o mais vulner\u00e1veis. Enquanto a Associa\u00e7\u00e3o de Moradores do Canal do Anil mobiliza a comunidade, a <a href=\"http:\/\/bit.ly\/2My7N57\" target=\"_blank\" rel=\"noopener noreferrer\">Pastoral de Favelas<\/a> e N\u00facleo de Terras e Habita\u00e7\u00e3o (NUTH) da Defensoria P\u00fablica tamb\u00e9m se preparam para apoiar a comunidade e um prov\u00e1vel retorno da equipe de demoli\u00e7\u00e3o da prefeitura. Existem temores de remo\u00e7\u00f5es violentas como as da vizinha <a href=\"http:\/\/bit.ly\/2m79TRe\" target=\"_blank\" rel=\"noopener noreferrer\">Vila Aut\u00f3dromo<\/a> antes das <a href=\"http:\/\/bit.ly\/2x1r6O2\" target=\"_blank\" rel=\"noopener noreferrer\">Olimp\u00edadas de 2016<\/a>. Diante da falta de alternativas e de um governo que n\u00e3o est\u00e1 disposto a fornecer moradia social adequada, essas pessoas t\u00eam poucas op\u00e7\u00f5es a n\u00e3o ser continuar vivendo irregularmente no Canal do Anil com a amea\u00e7a iminente de demoli\u00e7\u00e3o. Como Allan disse, &#8220;para onde estas pessoas ir\u00e3o?&#8221;.<\/span><\/p>\n<!-- AddThis Advanced Settings generic via filter on the_content --><!-- AddThis Share Buttons generic via filter on the_content -->","protected":false},"excerpt":{"rendered":"<div class=\"mh-excerpt\"><p>Click Here for English \u00c0s 7:15 da manh\u00e3 de quinta-feira, dia 19 de setembro, moradores do Canal do Anil, uma pequena favela localizada em Jacarepagu\u00e1, Zona Oeste, acordaram em meio ao caos. Nas primeiras horas <a class=\"mh-excerpt-more\" href=\"https:\/\/rioonwatch.org.br\/?p=43345\" title=\"&#8216;Para Onde Estas Pessoas Ir\u00e3o?&#8217; Demoli\u00e7\u00e3o Rel\u00e2mpago no Canal do Anil\">[&#8230;]<\/a><!-- AddThis Advanced Settings generic via filter on get_the_excerpt --><!-- AddThis Share Buttons generic via filter on get_the_excerpt --><\/p>\n<\/div>","protected":false},"author":129,"featured_media":43349,"comment_status":"closed","ping_status":"closed","sticky":false,"template":"","format":"standard","meta":{"_acf_changed":false,"_monsterinsights_skip_tracking":false,"_monsterinsights_sitenote_active":false,"_monsterinsights_sitenote_note":"","_monsterinsights_sitenote_category":0,"footnotes":""},"categories":[1614,1621,346,1626],"tags":[1232,3470,54,1052,413,424,88,1372,1173,994,2548,447,465,2558,106,246,1037,728,86,774,838,2697,55,184],"writer":[2695],"translator":[2696],"source":[],"ilustrador":[],"fotografo":[],"class_list":{"0":"post-43345","1":"post","2":"type-post","3":"status-publish","4":"format-standard","5":"has-post-thumbnail","7":"category-olhonasremocoes","8":"category-destaque","9":"category-denuncias","10":"category-por-observadores-internacionais","11":"tag-area-de-protecao-ambiental","12":"tag-bairro-maravilha","13":"tag-anil","14":"tag-construcao","15":"tag-desigualdade","16":"tag-direito-a-moradia","17":"tag-direitos-humanos","18":"tag-grande-rio","19":"tag-guarda-municipal","20":"tag-habitacao-publica","21":"tag-igreja-catolica","22":"tag-jacarepagua","23":"tag-lagoa-de-jacarepagua","24":"tag-lei-de-habitacao","25":"tag-meio-ambiente","26":"tag-minha-casa-minha-vida","27":"tag-moradia","28":"tag-moradias-precarias","29":"tag-pastoral-de-favelas","30":"tag-policia-militar","31":"tag-politica-publica","32":"tag-seconserva","33":"tag-vila-autodromo","34":"tag-zona-oeste","35":"writer-tara-nelson","36":"translator-luisa-fenizola"},"acf":[],"yoast_head":"<!-- This site is optimized with the Yoast SEO plugin v25.6 - https:\/\/yoast.com\/wordpress\/plugins\/seo\/ -->\n<title>&#039;Para Onde Estas Pessoas Ir\u00e3o?&#039; Demoli\u00e7\u00e3o Rel\u00e2mpago no Canal do Anil - RioOnWatch<\/title>\n<meta name=\"robots\" content=\"index, follow, max-snippet:-1, max-image-preview:large, max-video-preview:-1\" \/>\n<link rel=\"canonical\" href=\"https:\/\/rioonwatch.org.br\/?p=43345\" \/>\n<meta property=\"og:locale\" content=\"pt_BR\" \/>\n<meta property=\"og:type\" content=\"article\" \/>\n<meta property=\"og:title\" content=\"&#039;Para Onde Estas Pessoas Ir\u00e3o?&#039; Demoli\u00e7\u00e3o Rel\u00e2mpago no Canal do Anil - RioOnWatch\" \/>\n<meta property=\"og:description\" content=\"Click Here for English \u00c0s 7:15 da manh\u00e3 de quinta-feira, dia 19 de setembro, moradores do Canal do Anil, uma pequena favela localizada em Jacarepagu\u00e1, Zona Oeste, acordaram em meio ao caos. Nas primeiras horas [...]\" \/>\n<meta property=\"og:url\" content=\"https:\/\/rioonwatch.org.br\/?p=43345\" \/>\n<meta property=\"og:site_name\" content=\"RioOnWatch\" \/>\n<meta property=\"article:published_time\" content=\"2019-09-24T10:00:14+00:00\" \/>\n<meta property=\"article:modified_time\" content=\"2026-04-14T13:00:32+00:00\" \/>\n<meta property=\"og:image\" content=\"https:\/\/rioonwatch.org.br\/wp-content\/uploads\/2019\/09\/Demoli\u00e7\u00e3o.png\" \/>\n\t<meta property=\"og:image:width\" content=\"1200\" \/>\n\t<meta property=\"og:image:height\" content=\"673\" \/>\n\t<meta property=\"og:image:type\" content=\"image\/png\" \/>\n<meta name=\"author\" content=\"Admin\" \/>\n<meta name=\"twitter:card\" content=\"summary_large_image\" \/>\n<meta name=\"twitter:label1\" content=\"Escrito por\" \/>\n\t<meta name=\"twitter:data1\" content=\"Admin\" \/>\n\t<meta name=\"twitter:label2\" content=\"Est. tempo de leitura\" \/>\n\t<meta name=\"twitter:data2\" content=\"7 minutos\" \/>\n<script type=\"application\/ld+json\" class=\"yoast-schema-graph\">{\"@context\":\"https:\/\/schema.org\",\"@graph\":[{\"@type\":\"Article\",\"@id\":\"https:\/\/rioonwatch.org.br\/?p=43345#article\",\"isPartOf\":{\"@id\":\"https:\/\/rioonwatch.org.br\/?p=43345\"},\"author\":{\"name\":\"Admin\",\"@id\":\"https:\/\/rioonwatch.org.br\/#\/schema\/person\/11d64c290506f9df50c71b850c473f68\"},\"headline\":\"&#8216;Para Onde Estas Pessoas Ir\u00e3o?&#8217; Demoli\u00e7\u00e3o Rel\u00e2mpago no Canal do Anil\",\"datePublished\":\"2019-09-24T10:00:14+00:00\",\"dateModified\":\"2026-04-14T13:00:32+00:00\",\"mainEntityOfPage\":{\"@id\":\"https:\/\/rioonwatch.org.br\/?p=43345\"},\"wordCount\":1034,\"publisher\":{\"@id\":\"https:\/\/rioonwatch.org.br\/#organization\"},\"image\":{\"@id\":\"https:\/\/rioonwatch.org.br\/?p=43345#primaryimage\"},\"thumbnailUrl\":\"https:\/\/rioonwatch.org.br\/wp-content\/uploads\/2019\/09\/Demoli\u00e7\u00e3o.png\",\"keywords\":[\"\u00c1rea de Prote\u00e7\u00e3o Ambiental\",\"Bairro Maravilha\",\"Canal do Anil\",\"constru\u00e7\u00e3o\",\"desigualdade\",\"Direito \u00e0 Moradia\",\"Direitos Humanos\",\"Grande Rio\",\"Guarda Municipal\",\"habita\u00e7\u00e3o p\u00fablica\",\"Igreja Cat\u00f3lica\",\"Jacarepagu\u00e1\",\"Lagoa de Jacarepagu\u00e1\",\"lei de habita\u00e7\u00e3o\",\"meio ambiente\",\"Minha Casa Minha Vida\",\"moradia\",\"moradias prec\u00e1rias\",\"Pastoral das Favelas\",\"Pol\u00edcia Militar\",\"pol\u00edtica p\u00fablica\",\"SECONSERVA\",\"Vila Aut\u00f3dromo\",\"Zona Oeste\"],\"articleSection\":[\"#OlhoNasRemo\u00e7\u00f5es\",\"*Destaque\",\"Den\u00fancias\",\"Escrito por Aliados\"],\"inLanguage\":\"pt-BR\"},{\"@type\":\"WebPage\",\"@id\":\"https:\/\/rioonwatch.org.br\/?p=43345\",\"url\":\"https:\/\/rioonwatch.org.br\/?p=43345\",\"name\":\"'Para Onde Estas Pessoas Ir\u00e3o?' Demoli\u00e7\u00e3o Rel\u00e2mpago no Canal do Anil - RioOnWatch\",\"isPartOf\":{\"@id\":\"https:\/\/rioonwatch.org.br\/#website\"},\"primaryImageOfPage\":{\"@id\":\"https:\/\/rioonwatch.org.br\/?p=43345#primaryimage\"},\"image\":{\"@id\":\"https:\/\/rioonwatch.org.br\/?p=43345#primaryimage\"},\"thumbnailUrl\":\"https:\/\/rioonwatch.org.br\/wp-content\/uploads\/2019\/09\/Demoli\u00e7\u00e3o.png\",\"datePublished\":\"2019-09-24T10:00:14+00:00\",\"dateModified\":\"2026-04-14T13:00:32+00:00\",\"breadcrumb\":{\"@id\":\"https:\/\/rioonwatch.org.br\/?p=43345#breadcrumb\"},\"inLanguage\":\"pt-BR\",\"potentialAction\":[{\"@type\":\"ReadAction\",\"target\":[\"https:\/\/rioonwatch.org.br\/?p=43345\"]}]},{\"@type\":\"ImageObject\",\"inLanguage\":\"pt-BR\",\"@id\":\"https:\/\/rioonwatch.org.br\/?p=43345#primaryimage\",\"url\":\"https:\/\/rioonwatch.org.br\/wp-content\/uploads\/2019\/09\/Demoli\u00e7\u00e3o.png\",\"contentUrl\":\"https:\/\/rioonwatch.org.br\/wp-content\/uploads\/2019\/09\/Demoli\u00e7\u00e3o.png\",\"width\":1200,\"height\":673},{\"@type\":\"BreadcrumbList\",\"@id\":\"https:\/\/rioonwatch.org.br\/?p=43345#breadcrumb\",\"itemListElement\":[{\"@type\":\"ListItem\",\"position\":1,\"name\":\"In\u00edcio\",\"item\":\"https:\/\/rioonwatch.org.br\/\"},{\"@type\":\"ListItem\",\"position\":2,\"name\":\"&#8216;Para Onde Estas Pessoas Ir\u00e3o?&#8217; Demoli\u00e7\u00e3o Rel\u00e2mpago no Canal do Anil\"}]},{\"@type\":\"WebSite\",\"@id\":\"https:\/\/rioonwatch.org.br\/#website\",\"url\":\"https:\/\/rioonwatch.org.br\/\",\"name\":\"RioOnWatch\",\"description\":\"relatos das favelas cariocas\",\"publisher\":{\"@id\":\"https:\/\/rioonwatch.org.br\/#organization\"},\"potentialAction\":[{\"@type\":\"SearchAction\",\"target\":{\"@type\":\"EntryPoint\",\"urlTemplate\":\"https:\/\/rioonwatch.org.br\/?s={search_term_string}\"},\"query-input\":{\"@type\":\"PropertyValueSpecification\",\"valueRequired\":true,\"valueName\":\"search_term_string\"}}],\"inLanguage\":\"pt-BR\"},{\"@type\":\"Organization\",\"@id\":\"https:\/\/rioonwatch.org.br\/#organization\",\"name\":\"RioOnWatch\",\"url\":\"https:\/\/rioonwatch.org.br\/\",\"logo\":{\"@type\":\"ImageObject\",\"inLanguage\":\"pt-BR\",\"@id\":\"https:\/\/rioonwatch.org.br\/#\/schema\/logo\/image\/\",\"url\":\"https:\/\/rioonwatch.org.br\/wp-content\/uploads\/2021\/06\/RioOnWatchcabecalhoPT11anos-2.png\",\"contentUrl\":\"https:\/\/rioonwatch.org.br\/wp-content\/uploads\/2021\/06\/RioOnWatchcabecalhoPT11anos-2.png\",\"width\":779,\"height\":277,\"caption\":\"RioOnWatch\"},\"image\":{\"@id\":\"https:\/\/rioonwatch.org.br\/#\/schema\/logo\/image\/\"}},{\"@type\":\"Person\",\"@id\":\"https:\/\/rioonwatch.org.br\/#\/schema\/person\/11d64c290506f9df50c71b850c473f68\",\"name\":\"Admin\",\"image\":{\"@type\":\"ImageObject\",\"inLanguage\":\"pt-BR\",\"@id\":\"https:\/\/rioonwatch.org.br\/#\/schema\/person\/image\/\",\"url\":\"https:\/\/secure.gravatar.com\/avatar\/56211ac74568383903349a1485e3c325?s=96&d=blank&r=g\",\"contentUrl\":\"https:\/\/secure.gravatar.com\/avatar\/56211ac74568383903349a1485e3c325?s=96&d=blank&r=g\",\"caption\":\"Admin\"},\"url\":\"https:\/\/rioonwatch.org.br\/?author=129\"}]}<\/script>\n<!-- \/ Yoast SEO plugin. -->","yoast_head_json":{"title":"'Para Onde Estas Pessoas Ir\u00e3o?' Demoli\u00e7\u00e3o Rel\u00e2mpago no Canal do Anil - RioOnWatch","robots":{"index":"index","follow":"follow","max-snippet":"max-snippet:-1","max-image-preview":"max-image-preview:large","max-video-preview":"max-video-preview:-1"},"canonical":"https:\/\/rioonwatch.org.br\/?p=43345","og_locale":"pt_BR","og_type":"article","og_title":"'Para Onde Estas Pessoas Ir\u00e3o?' Demoli\u00e7\u00e3o Rel\u00e2mpago no Canal do Anil - RioOnWatch","og_description":"Click Here for English \u00c0s 7:15 da manh\u00e3 de quinta-feira, dia 19 de setembro, moradores do Canal do Anil, uma pequena favela localizada em Jacarepagu\u00e1, Zona Oeste, acordaram em meio ao caos. Nas primeiras horas [...]","og_url":"https:\/\/rioonwatch.org.br\/?p=43345","og_site_name":"RioOnWatch","article_published_time":"2019-09-24T10:00:14+00:00","article_modified_time":"2026-04-14T13:00:32+00:00","og_image":[{"width":1200,"height":673,"url":"https:\/\/rioonwatch.org.br\/wp-content\/uploads\/2019\/09\/Demoli\u00e7\u00e3o.png","type":"image\/png"}],"author":"Admin","twitter_card":"summary_large_image","twitter_misc":{"Escrito por":"Admin","Est. tempo de leitura":"7 minutos"},"schema":{"@context":"https:\/\/schema.org","@graph":[{"@type":"Article","@id":"https:\/\/rioonwatch.org.br\/?p=43345#article","isPartOf":{"@id":"https:\/\/rioonwatch.org.br\/?p=43345"},"author":{"name":"Admin","@id":"https:\/\/rioonwatch.org.br\/#\/schema\/person\/11d64c290506f9df50c71b850c473f68"},"headline":"&#8216;Para Onde Estas Pessoas Ir\u00e3o?&#8217; Demoli\u00e7\u00e3o Rel\u00e2mpago no Canal do Anil","datePublished":"2019-09-24T10:00:14+00:00","dateModified":"2026-04-14T13:00:32+00:00","mainEntityOfPage":{"@id":"https:\/\/rioonwatch.org.br\/?p=43345"},"wordCount":1034,"publisher":{"@id":"https:\/\/rioonwatch.org.br\/#organization"},"image":{"@id":"https:\/\/rioonwatch.org.br\/?p=43345#primaryimage"},"thumbnailUrl":"https:\/\/rioonwatch.org.br\/wp-content\/uploads\/2019\/09\/Demoli\u00e7\u00e3o.png","keywords":["\u00c1rea de Prote\u00e7\u00e3o Ambiental","Bairro Maravilha","Canal do Anil","constru\u00e7\u00e3o","desigualdade","Direito \u00e0 Moradia","Direitos Humanos","Grande Rio","Guarda Municipal","habita\u00e7\u00e3o p\u00fablica","Igreja Cat\u00f3lica","Jacarepagu\u00e1","Lagoa de Jacarepagu\u00e1","lei de habita\u00e7\u00e3o","meio ambiente","Minha Casa Minha Vida","moradia","moradias prec\u00e1rias","Pastoral das Favelas","Pol\u00edcia Militar","pol\u00edtica p\u00fablica","SECONSERVA","Vila Aut\u00f3dromo","Zona Oeste"],"articleSection":["#OlhoNasRemo\u00e7\u00f5es","*Destaque","Den\u00fancias","Escrito por Aliados"],"inLanguage":"pt-BR"},{"@type":"WebPage","@id":"https:\/\/rioonwatch.org.br\/?p=43345","url":"https:\/\/rioonwatch.org.br\/?p=43345","name":"'Para Onde Estas Pessoas Ir\u00e3o?' Demoli\u00e7\u00e3o Rel\u00e2mpago no Canal do Anil - RioOnWatch","isPartOf":{"@id":"https:\/\/rioonwatch.org.br\/#website"},"primaryImageOfPage":{"@id":"https:\/\/rioonwatch.org.br\/?p=43345#primaryimage"},"image":{"@id":"https:\/\/rioonwatch.org.br\/?p=43345#primaryimage"},"thumbnailUrl":"https:\/\/rioonwatch.org.br\/wp-content\/uploads\/2019\/09\/Demoli\u00e7\u00e3o.png","datePublished":"2019-09-24T10:00:14+00:00","dateModified":"2026-04-14T13:00:32+00:00","breadcrumb":{"@id":"https:\/\/rioonwatch.org.br\/?p=43345#breadcrumb"},"inLanguage":"pt-BR","potentialAction":[{"@type":"ReadAction","target":["https:\/\/rioonwatch.org.br\/?p=43345"]}]},{"@type":"ImageObject","inLanguage":"pt-BR","@id":"https:\/\/rioonwatch.org.br\/?p=43345#primaryimage","url":"https:\/\/rioonwatch.org.br\/wp-content\/uploads\/2019\/09\/Demoli\u00e7\u00e3o.png","contentUrl":"https:\/\/rioonwatch.org.br\/wp-content\/uploads\/2019\/09\/Demoli\u00e7\u00e3o.png","width":1200,"height":673},{"@type":"BreadcrumbList","@id":"https:\/\/rioonwatch.org.br\/?p=43345#breadcrumb","itemListElement":[{"@type":"ListItem","position":1,"name":"In\u00edcio","item":"https:\/\/rioonwatch.org.br\/"},{"@type":"ListItem","position":2,"name":"&#8216;Para Onde Estas Pessoas Ir\u00e3o?&#8217; Demoli\u00e7\u00e3o Rel\u00e2mpago no Canal do Anil"}]},{"@type":"WebSite","@id":"https:\/\/rioonwatch.org.br\/#website","url":"https:\/\/rioonwatch.org.br\/","name":"RioOnWatch","description":"relatos das favelas cariocas","publisher":{"@id":"https:\/\/rioonwatch.org.br\/#organization"},"potentialAction":[{"@type":"SearchAction","target":{"@type":"EntryPoint","urlTemplate":"https:\/\/rioonwatch.org.br\/?s={search_term_string}"},"query-input":{"@type":"PropertyValueSpecification","valueRequired":true,"valueName":"search_term_string"}}],"inLanguage":"pt-BR"},{"@type":"Organization","@id":"https:\/\/rioonwatch.org.br\/#organization","name":"RioOnWatch","url":"https:\/\/rioonwatch.org.br\/","logo":{"@type":"ImageObject","inLanguage":"pt-BR","@id":"https:\/\/rioonwatch.org.br\/#\/schema\/logo\/image\/","url":"https:\/\/rioonwatch.org.br\/wp-content\/uploads\/2021\/06\/RioOnWatchcabecalhoPT11anos-2.png","contentUrl":"https:\/\/rioonwatch.org.br\/wp-content\/uploads\/2021\/06\/RioOnWatchcabecalhoPT11anos-2.png","width":779,"height":277,"caption":"RioOnWatch"},"image":{"@id":"https:\/\/rioonwatch.org.br\/#\/schema\/logo\/image\/"}},{"@type":"Person","@id":"https:\/\/rioonwatch.org.br\/#\/schema\/person\/11d64c290506f9df50c71b850c473f68","name":"Admin","image":{"@type":"ImageObject","inLanguage":"pt-BR","@id":"https:\/\/rioonwatch.org.br\/#\/schema\/person\/image\/","url":"https:\/\/secure.gravatar.com\/avatar\/56211ac74568383903349a1485e3c325?s=96&d=blank&r=g","contentUrl":"https:\/\/secure.gravatar.com\/avatar\/56211ac74568383903349a1485e3c325?s=96&d=blank&r=g","caption":"Admin"},"url":"https:\/\/rioonwatch.org.br\/?author=129"}]}},"_links":{"self":[{"href":"https:\/\/rioonwatch.org.br\/index.php?rest_route=\/wp\/v2\/posts\/43345"}],"collection":[{"href":"https:\/\/rioonwatch.org.br\/index.php?rest_route=\/wp\/v2\/posts"}],"about":[{"href":"https:\/\/rioonwatch.org.br\/index.php?rest_route=\/wp\/v2\/types\/post"}],"author":[{"embeddable":true,"href":"https:\/\/rioonwatch.org.br\/index.php?rest_route=\/wp\/v2\/users\/129"}],"replies":[{"embeddable":true,"href":"https:\/\/rioonwatch.org.br\/index.php?rest_route=%2Fwp%2Fv2%2Fcomments&post=43345"}],"version-history":[{"count":28,"href":"https:\/\/rioonwatch.org.br\/index.php?rest_route=\/wp\/v2\/posts\/43345\/revisions"}],"predecessor-version":[{"id":43371,"href":"https:\/\/rioonwatch.org.br\/index.php?rest_route=\/wp\/v2\/posts\/43345\/revisions\/43371"}],"wp:featuredmedia":[{"embeddable":true,"href":"https:\/\/rioonwatch.org.br\/index.php?rest_route=\/wp\/v2\/media\/43349"}],"wp:attachment":[{"href":"https:\/\/rioonwatch.org.br\/index.php?rest_route=%2Fwp%2Fv2%2Fmedia&parent=43345"}],"wp:term":[{"taxonomy":"category","embeddable":true,"href":"https:\/\/rioonwatch.org.br\/index.php?rest_route=%2Fwp%2Fv2%2Fcategories&post=43345"},{"taxonomy":"post_tag","embeddable":true,"href":"https:\/\/rioonwatch.org.br\/index.php?rest_route=%2Fwp%2Fv2%2Ftags&post=43345"},{"taxonomy":"writer","embeddable":true,"href":"https:\/\/rioonwatch.org.br\/index.php?rest_route=%2Fwp%2Fv2%2Fwriter&post=43345"},{"taxonomy":"translator","embeddable":true,"href":"https:\/\/rioonwatch.org.br\/index.php?rest_route=%2Fwp%2Fv2%2Ftranslator&post=43345"},{"taxonomy":"source","embeddable":true,"href":"https:\/\/rioonwatch.org.br\/index.php?rest_route=%2Fwp%2Fv2%2Fsource&post=43345"},{"taxonomy":"ilustrador","embeddable":true,"href":"https:\/\/rioonwatch.org.br\/index.php?rest_route=%2Fwp%2Fv2%2Filustrador&post=43345"},{"taxonomy":"fotografo","embeddable":true,"href":"https:\/\/rioonwatch.org.br\/index.php?rest_route=%2Fwp%2Fv2%2Ffotografo&post=43345"}],"curies":[{"name":"wp","href":"https:\/\/api.w.org\/{rel}","templated":true}]}}