{"id":43376,"date":"2019-09-24T16:56:04","date_gmt":"2019-09-24T19:56:04","guid":{"rendered":"https:\/\/rioonwatch.org.br\/?p=43376"},"modified":"2024-06-20T13:46:11","modified_gmt":"2024-06-20T16:46:11","slug":"4o-intercambio-da-rede-favela-sustentavel-de-2019-historia-arte-e-autocuidado-em-vila-kennedy","status":"publish","type":"post","link":"https:\/\/rioonwatch.org.br\/?p=43376","title":{"rendered":"4\u00ba Interc\u00e2mbio da Rede Favela Sustent\u00e1vel de 2019: Hist\u00f3ria, Arte e Autocuidado na Vila Kennedy"},"content":{"rendered":"<p style=\"text-align: right;\"><em><strong><a href=\"http:\/\/bit.ly\/2kxQNmR\" target=\"_blank\" rel=\"noopener noreferrer\">Click Here for English<\/a><a href=\"http:\/\/bit.ly\/2kxQNmR\" target=\"_blank\" rel=\"noopener noreferrer\"><img decoding=\"async\" width=\"20\" height=\"20\" class=\"alignright wp-image-15790\" src=\"http:\/\/rioonwatch.org.br\/wp-content\/uploads\/2012\/08\/EN-standard-e1439583104716.jpg\" \/><\/a><\/strong><\/em><\/p>\n<p><em>A\u00a0<a href=\"http:\/\/www.bit.ly\/RFSMapa\" target=\"_blank\" rel=\"noopener noreferrer\">Rede Favela Sustent\u00e1vel<\/a>\u00a0(RFS) \u00e9 um projeto da\u00a0<a href=\"http:\/\/comcat.org\/\" target=\"_blank\" rel=\"noopener noreferrer\">Comunidades Catalisadoras<\/a>\u00a0(ComCat)* desenhado para construir redes de solidariedade, dar visibilidade, e desenvolver a\u00e7\u00f5es conjuntas que apoiem a expans\u00e3o de iniciativas comunit\u00e1rias que fortalecem a sustentabilidade ambiental e a resili\u00eancia social em favelas de toda a regi\u00e3o metropolitana\u00a0do Rio de Janeiro. O projeto come\u00e7ou em 2012 com a produ\u00e7\u00e3o do filme\u00a0<a href=\"http:\/\/bit.ly\/FavelaModelo\" target=\"_blank\" rel=\"noopener noreferrer\">Favela como Modelo Sustent\u00e1vel<\/a>,\u00a0tendo continuidade em 2017, quando foram\u00a0<a href=\"http:\/\/www.bit.ly\/RFSMapa\" target=\"_blank\" rel=\"noopener noreferrer\">mapeadas 111 iniciativas sustent\u00e1veis<\/a>\u00a0e foi publicado um\u00a0<a href=\"http:\/\/bit.ly\/RFSRelatorio\" target=\"_blank\" rel=\"noopener noreferrer\">relat\u00f3rio final<\/a>\u00a0que analisa os resultados.\u00a0<\/em><\/p>\n<p><em>Em 2018 o projeto realizou\u00a0<a href=\"http:\/\/bit.ly\/IntercambiosRFS\" target=\"_blank\" rel=\"noopener noreferrer\">uma\u00a0s\u00e9rie de interc\u00e2mbios entre oito das mais duradouras e estabelecidas iniciativas<\/a>\u00a0que foram mapeadas na Rede Favela Sustent\u00e1vel e em seguida foi realizado, no dia 10 de novembro, um dia inteiro de interc\u00e2mbio com toda a Rede Favela Sustent\u00e1vel.\u00a0Assista ao v\u00eddeo que acompanha os interc\u00e2mbios de 2018\u00a0clicando\u00a0<a href=\"http:\/\/bit.ly\/TecendoRFS\" target=\"_blank\" rel=\"noopener noreferrer\">aqui<\/a>.<\/em><\/p>\n<p><em>Em 2019, o projeto est\u00e1 realizando uma segunda rodada de interc\u00e2mbios\u2014dessa vez abertos a todos os membros da RFS e ao p\u00fablico geral\u2014em projetos baseados na <a href=\"http:\/\/bit.ly\/2Xh2LCV\" target=\"_blank\" rel=\"noopener noreferrer\">Babil\u00f4nia<\/a>, <a href=\"http:\/\/bit.ly\/2kk8BSB\" target=\"_blank\" rel=\"noopener noreferrer\">Camorim<\/a><i>,\u00a0<a href=\"http:\/\/bit.ly\/34D5dEl\" target=\"_blank\" rel=\"noopener noreferrer\">Pavuna<\/a>,<\/i> Vila Kennedy e Manguinhos. Neste quarto interc\u00e2mbio do ano, os participantes visitaram o Centro Comunit\u00e1rio Irm\u00e3os Kennedy (CCIK) na Vila Kennedy, come\u00e7ando o dia com um aul\u00e3o de ioga comunit\u00e1rio, seguido de uma apresenta\u00e7\u00e3o sobre a hist\u00f3ria da Vila Kennedy pelo historiador local Alex Belchior. Durante a parte da tarde, os participantes se dividiram em grupos para oficinas de cestaria com jornais e jardinagem antes de se reunirem para uma roda de capacita\u00e7\u00e3o sobre autocuidado conduzido pela diretora da ComCat, Theresa Williamson. Todas os interc\u00e2mbios do RFS s\u00e3o apoiados pela <a href=\"http:\/\/bit.ly\/1jCIAqW\" target=\"_blank\" rel=\"noopener noreferrer\">Funda\u00e7\u00e3o Heinrich B\u00f6ll Brasil<\/a>.<\/em><\/p>\n<hr \/>\n<p>Na manh\u00e3 do dia 14 de setembro, 42 pessoas se reuniram no <a href=\"http:\/\/bit.ly\/2AlQ5OB\">Centro Comunit\u00e1rio Irm\u00e3os Kennedy<\/a> (CCIK), na <a href=\"http:\/\/bit.ly\/1g63Krv\" target=\"_blank\" rel=\"noopener noreferrer\">Vila Kennedy<\/a>, <a href=\"http:\/\/bit.ly\/11tBmFR\" target=\"_blank\" rel=\"noopener noreferrer\">Zona Oeste<\/a>, para o quarto interc\u00e2mbio da Rede Favela Sustent\u00e1vel de 2019. Uma chuva suave caia do lado de fora do centro comunit\u00e1rio, mas no interior, o instrutor de ioga e morador da Vila Kennedy, Giorgio Freitas, orientava uma aula de ioga comunit\u00e1ria, uma atividade regular de autocuidado no CCIK. Nesta aula da manh\u00e3 de s\u00e1bado, o comparecimento foi quase total, e Giorgio conduziu aproximadamente 30 moradoras\u2014durante a sess\u00e3o restauradora\u2014incentivando-as a serem ousadas, mas sem deixar de respeitar seus limites em cada uma das diferentes posi\u00e7\u00f5es de ioga. Enquanto isso, membros da Rede Favela Sustent\u00e1vel de toda a cidade chegavam no CCIK. Alguns tamb\u00e9m alongaram e fortaleceram seus corpos, e a sess\u00e3o com novos integrantes terminou com todos os participantes deitados de olhos fechados para um exerc\u00edcio final de Shavasana.<\/p>\n<p><a href=\"https:\/\/rioonwatch.org.br\/wp-content\/uploads\/2019\/09\/VilaKennedy1.jpg\"><img fetchpriority=\"high\" decoding=\"async\" class=\"aligncenter wp-image-43378 size-content\" title=\"A aula de ioga, que iniciou o dia, teve ampla participa\u00e7\u00e3o.\" src=\"https:\/\/rioonwatch.org.br\/wp-content\/uploads\/2019\/09\/VilaKennedy1-620x264.jpg\" alt=\"\" width=\"620\" height=\"264\" srcset=\"https:\/\/rioonwatch.org.br\/wp-content\/uploads\/2019\/09\/VilaKennedy1-620x264.jpg 620w, https:\/\/rioonwatch.org.br\/wp-content\/uploads\/2019\/09\/VilaKennedy1-940x400.jpg 940w\" sizes=\"(max-width: 620px) 100vw, 620px\" \/><\/a><br \/>\nVer\u00f4nica Gomes Martins da Silva, presidente do CCIK, cumprimentou os participantes do dia, agora energizados, e em seguida houveram falas por Theresa Williamson da Comunidades Catalisadoras, Geiza de Andrade Moura, uma Agente Ambiental (os Agentes Ambientais s\u00e3o membros da comunidade treinados pelo <a href=\"http:\/\/bit.ly\/2O9ZNuK\" target=\"_blank\" rel=\"noopener noreferrer\">Centro de Educa\u00e7\u00e3o Ambiental<\/a> da Prefeitura do Rio) e <a href=\"http:\/\/bit.ly\/2DmmTtT\" target=\"_blank\" rel=\"noopener noreferrer\">Alex Belchior<\/a>, historiador da comunidade e guia tur\u00edstico. Theresa explicou o objetivo da Rede Favela Sustent\u00e1vel, enfatizando a import\u00e2ncia do interc\u00e2mbio do dia para a rede. Geiza apresentou o trabalho fundamental que os Agentes Ambientais realizam na comunidade, explicando uma das campanhas centrais do Programa Educativo em \u00c1reas de Reflorestamento (PEAR), cujo tema \u00e9 \u201cpobreza n\u00e3o \u00e9 sin\u00f4nimo de sujeira\u201d. O programa, que \u00e9 implementado pelo <a href=\"http:\/\/bit.ly\/2O9ZNuK\" target=\"_blank\" rel=\"noopener noreferrer\">Centro de Educa\u00e7\u00e3o Ambiental<\/a> da Prefeitura, visa criar uma comunidade mais sustent\u00e1vel, reduzindo o n\u00edvel de lixo nas ruas e introduzindo pontos adicionais de coleta de lixo pelo bairro, entre muitos outros elementos.<\/p>\n<p><a href=\"https:\/\/rioonwatch.org.br\/wp-content\/uploads\/2019\/09\/VilaKennedy8.jpg\"><img decoding=\"async\" class=\"aligncenter wp-image-43379 size-content\" title=\"Ver\u00f4nica Gomes apresenta o trabalho do CCIK para o grupo.\" src=\"https:\/\/rioonwatch.org.br\/wp-content\/uploads\/2019\/09\/VilaKennedy8-620x264.jpg\" alt=\"\" width=\"620\" height=\"264\" srcset=\"https:\/\/rioonwatch.org.br\/wp-content\/uploads\/2019\/09\/VilaKennedy8-620x264.jpg 620w, https:\/\/rioonwatch.org.br\/wp-content\/uploads\/2019\/09\/VilaKennedy8-940x400.jpg 940w\" sizes=\"(max-width: 620px) 100vw, 620px\" \/><\/a><br \/>\nO CCIK comemorou seu 50\u00ba anivers\u00e1rio em abril. O centro \u00e9 uma manancial de atividades que sempre ofereceu apoio e servi\u00e7os vitais \u00e0 comunidade. Ver\u00f4nica elogiou os incans\u00e1veis \u200b\u200bvolunt\u00e1rios do CCIK como \u201cpontos de luz para a Vila Kennedy\u201d, que, devido \u00e0 falta de apoio do setor p\u00fablico\u2014que chega mais com interven\u00e7\u00f5es policiais e ocupa\u00e7\u00f5es militares\u2014atua onde o Estado est\u00e1 ausente, realizando a\u00e7\u00f5es sociais, projetos para melhorar, empoderar e oferecer oportunidades para a comunidade. O Centro oferece uma variedade de servi\u00e7os, de terapia \u00e0 pr\u00e9-vestibulares. Acima de tudo, por\u00e9m, o Centro \u00e9 um local para os moradores simplesmente pararem, fazer uma pausa e recuperar o f\u00f4lego.<\/p>\n<h3>Conectando-se com a Hist\u00f3ria da Comunidade<\/h3>\n<p>Iniciando as atividades do dia, Alex apresentou seu trabalho na compila\u00e7\u00e3o de uma hist\u00f3ria abrangente da Vila Kennedy (acess\u00edvel a todos no site <a href=\"http:\/\/bit.ly\/XmkBQG\" target=\"_blank\" rel=\"noopener noreferrer\" data-saferedirecturl=\"https:\/\/www.google.com\/url?q=http:\/\/www.vilakennedy.com&amp;source=gmail&amp;ust=1569349219745000&amp;usg=AFQjCNGAoj1hsTU4G8k0yTat-V-0YVGesw\">www.vilakennedy.com<\/a>) e seguiu explicando as origens do bairro. A Vila Kennedy, constru\u00edda sob o mandato do governador do Rio (ent\u00e3o estado de Guanabara), <a href=\"http:\/\/bit.ly\/2pZiAyc\" target=\"_blank\" rel=\"noopener noreferrer\">Carlos Lacerda<\/a>, surgiu da assist\u00eancia dos EUA , na era da Guerra Fria, no \u00e2mbito do programa <a href=\"http:\/\/bit.ly\/2kmdJ5e\" target=\"_blank\" rel=\"noopener noreferrer\">Alian\u00e7a para o Progresso<\/a> do Presidente John F. Kennedy. Fundada em 1964 como a primeira comunidade planejada do Brasil\u2014antigamente um laranjal, segundo Alex\u2014a Vila Kennedy foi constru\u00edda para abrigar os moradores removidos da <a href=\"http:\/\/bit.ly\/2NSG97Y\" target=\"_blank\" rel=\"noopener noreferrer\">Favela do Esqueleto<\/a>, perto do est\u00e1dio do <a href=\"http:\/\/bit.ly\/2KbmFYu\" target=\"_blank\" rel=\"noopener noreferrer\">Maracan\u00e3<\/a>, cujas casas foram demolidas para dar lugar \u00e0 constru\u00e7\u00e3o da Universidade Estadual do Rio de Janeiro (<a href=\"http:\/\/bit.ly\/2KQx9xm\">UERJ<\/a>).<\/p>\n<p>Alex, morador da Vila Kennedy ha 46 anos, enfatizou que, t\u00e3o importante quanto a hist\u00f3ria documentada do bairro, \u00e9 a conex\u00e3o dos moradores com a hist\u00f3ria da comunidade, o que \u00e9 igualmente vital. Ele perguntou aos moradores participantes se eles conheciam a hist\u00f3ria de suas fam\u00edlias, especialmente no que diz respeito a como eles vieram morar na Vila Kennedy. Alguns descreveram que suas fam\u00edlias n\u00e3o tiveram escolhas quanto ao modo como chegaram, tendo sido for\u00e7adas a se mudar ap\u00f3s serem removidas de outras favelas. Outros, no entanto, vieram por escolha, atra\u00eddos para a Vila Kennedy por suas instala\u00e7\u00f5es planejadas desde o in\u00edcio, como postos m\u00e9dicos, supermercados e escolas.<\/p>\n<p><a href=\"https:\/\/rioonwatch.org.br\/wp-content\/uploads\/2019\/09\/VilaKennedy10.jpg\"><img loading=\"lazy\" decoding=\"async\" class=\"aligncenter wp-image-43380 size-content\" title=\"O historiador local Alex Belchior conta um pouco da rica hist\u00f3ria da comunidade.\" src=\"https:\/\/rioonwatch.org.br\/wp-content\/uploads\/2019\/09\/VilaKennedy10-620x264.jpg\" alt=\"\" width=\"620\" height=\"264\" srcset=\"https:\/\/rioonwatch.org.br\/wp-content\/uploads\/2019\/09\/VilaKennedy10-620x264.jpg 620w, https:\/\/rioonwatch.org.br\/wp-content\/uploads\/2019\/09\/VilaKennedy10-940x400.jpg 940w\" sizes=\"(max-width: 620px) 100vw, 620px\" \/><\/a><\/p>\n<p>Enquanto os moradores trocavam hist\u00f3rias e reconheciam suas semelhan\u00e7as, o orgulho da comunidade aumentava. Os participantes estavam cheios de ideias, como instituir reuni\u00f5es regulares na comunidade e trazer fotografias antigas para ajudar Alex a criar uma imagem mais completa da hist\u00f3ria da favela e de seu povo.<\/p>\n<p>&#8220;Fa\u00e7o isso por amor&#8221;, disse Alex, um incr\u00edvel contador de hist\u00f3rias, quando perguntado sobre o objetivo por tr\u00e1s de seu trabalho. Seu projeto de longo prazo de coletar hist\u00f3rias de moradores, pesquisar e arquivar a hist\u00f3ria da comunidade \u00e9 mais que um hobby: Alex acredita que se as pessoas entenderem a hist\u00f3ria de sua comunidade, come\u00e7ar\u00e3o a ver onde vivem de forma diferente, se sentir\u00e3o mais conectadas e avan\u00e7ar\u0101o para a cria\u00e7\u00e3o de uma identidade coletiva de moradores que se orgulham da comunidade. Ele espera retratar a Vila Kennedy como mais do que uma \u00e1rea atingida pela viol\u00eancia. Pelo contr\u00e1rio, como um lugar que &#8220;tem hist\u00f3ria e tem mem\u00f3rias&#8221;. Alex incentivou os moradores a continuarem a pesquisar as hist\u00f3rias de suas fam\u00edlias na comunidade e a se lembrarem das batalhas que os primeiros moradores de Vila Kennedy enfrentaram para tornar o bairro o que \u00e9 hoje.<\/p>\n<p>Os participantes do encontro concordaram que documentar as mem\u00f3rias e hist\u00f3rias de uma comunidade \u00e9 essencial e um elemento fundamental para envolver os moradores nos esfor\u00e7os de sustentabilidade da comunidade. Um senso de hist\u00f3ria e orgulho do lugar \u00e9 o que impulsiona o sentimento de pertencimento que, por sua vez, engaja os moradores na melhoria de suas comunidades e no envolvimento com seus resultados.<\/p>\n<h3>Artesanato Sustent\u00e1vel e Jardinagem<span style=\"font-size: 16px;\">\u00a0<\/span>com Agentes Ambientais do Rio<\/h3>\n<p>Ap\u00f3s um delicioso almo\u00e7o preparado por volunt\u00e1rios na cozinha do CCIK, os participantes se dividiram em dois grupos e mergulharam nas oficinas da tarde, realizadas pelos Agentes Ambientais da comunidade. Geiza de Andrade guiou um grupo atrav\u00e9s de uma oficina sustent\u00e1vel de tecelagem de cestas de jornais, enquanto Nair Rom\u00e3o levou um segundo grupo para uma oficina de plantio no jardim do CCIK.<br \/>\n\ufffc<br \/>\nNa oficina de artesanato sustent\u00e1vel, Geiza mostrou aos participantes como criar suas pr\u00f3prias cestas com materiais reciclados: usando revistas enroladas e p\u00e1ginas de jornais, Geiza prendeu os tubos de papel cuidadosamente preparados a uma base de papel\u00e3o usando cola. Os tubos foram ent\u00e3o colocados um a um de cada lado, entrela\u00e7ados para criar um cesto quadrado em espiral. Os produtos finais foram cestas bonitas e robustas, de v\u00e1rios tamanhos. Geiza explicou que as cestas s\u00e3o um dos muitos produtos que ela incentiva as participantes do seu grupo de Empoderamento da Mulher a vender em mercados e feiras locais.<\/p>\n<p><a href=\"https:\/\/rioonwatch.org.br\/wp-content\/uploads\/2019\/09\/VilaKennedy2.jpg\"><img loading=\"lazy\" decoding=\"async\" class=\"aligncenter wp-image-43382 size-content\" title=\"Participantes fazem uma cesta sustent\u00e1vel a partir de material recicl\u00e1vel.\" src=\"https:\/\/rioonwatch.org.br\/wp-content\/uploads\/2019\/09\/VilaKennedy2-620x264.jpg\" alt=\"\" width=\"620\" height=\"264\" srcset=\"https:\/\/rioonwatch.org.br\/wp-content\/uploads\/2019\/09\/VilaKennedy2-620x264.jpg 620w, https:\/\/rioonwatch.org.br\/wp-content\/uploads\/2019\/09\/VilaKennedy2-940x400.jpg 940w\" sizes=\"(max-width: 620px) 100vw, 620px\" \/><\/a><\/p>\n<p>Os participantes tamb\u00e9m tiveram a chance de trocar ideias sobre como reduzir o lixo di\u00e1rio. Geiza explicou maneiras pelas quais os moradores podem n\u00e3o apenas reduzir o lixo e o consumo de pl\u00e1sticos descart\u00e1veis, mas tamb\u00e9m economizar dinheiro usando artesanato caseiro para eventos como festas de anivers\u00e1rio infantil. Geiza desfez o mito de que \u00e9 &#8220;mais f\u00e1cil&#8221; simplesmente comprar toda uma carga de materiais descart\u00e1veis \u200b\u200bpara esses eventos.<\/p>\n<p>No escopo do o tema responsabilidade ambiental e sustentabilidade, a conversa passou para a import\u00e2ncia do reflorestamento, trabalho defendido pelos Agentes Ambientais de Vila Kennedy. Geiza destacou os benef\u00edcios do reflorestamento, como barreiras naturais anti-inunda\u00e7\u00e3o e na melhoria da qualidade do ar, apontando como refer\u00eancia o reflorestamento bem-sucedido que ocorreu na favela de Babil\u00f4nia em 1995, que levou a uma melhoria not\u00e1vel na qualidade do ar uma d\u00e9cada depois. Na verdade, foi devido aos projetos de reflorestamento que surgiram as oficinas de artesanato. Algumas \u00e1reas a serem reflorestadas estavam cheias de lixo, ent\u00e3o os Agentes Ambientais come\u00e7aram conversando com os moradores e analisando o conte\u00fado do lixo. Eles perceberam que grande parte do lixo era resultado de jornais e revistas descartados e desenvolveram um destino alternativo para esse material: artesanato que os moradores poderiam vender e gerar renda.<\/p>\n<p>Do lado de fora, na horta do CCIK, Nair Rom\u00e3o, uma Agente Ambiental, conduziu os participantes para uma oficina de jardinagem. Enquanto o grupo se reunia, pronto para por as m\u00e3os na massa, Nair deu conselhos sobre como preparar e regar o solo. Coletivamente, o grupo plantou espinafre e coentro, e alguns moradores levaram sementes para plantar em casa. Existem planos futuros para que um jardim suspenso seja feito com garrafas pl\u00e1sticas recicladas.<\/p>\n<h3><a href=\"https:\/\/rioonwatch.org.br\/wp-content\/uploads\/2019\/09\/VilaKennedy5.jpg\"><img loading=\"lazy\" decoding=\"async\" class=\"aligncenter wp-image-43383 size-content\" title=\"Participantes colocam a m\u00e3o na massa na oficina de horta comunit\u00e1ria.\" src=\"https:\/\/rioonwatch.org.br\/wp-content\/uploads\/2019\/09\/VilaKennedy5-620x264.jpg\" alt=\"\" width=\"620\" height=\"264\" srcset=\"https:\/\/rioonwatch.org.br\/wp-content\/uploads\/2019\/09\/VilaKennedy5-620x264.jpg 620w, https:\/\/rioonwatch.org.br\/wp-content\/uploads\/2019\/09\/VilaKennedy5-940x400.jpg 940w\" sizes=\"(max-width: 620px) 100vw, 620px\" \/><\/a><br \/>\n\ufffcAutocuidado e Sa\u00fade Mental<\/h3>\n<p>Para a sess\u00e3o do final do dia, os participantes se reuniram novamente em c\u00edrculo, desta vez para discutir cuidados pessoais e sa\u00fade mental. Theresa Williamson come\u00e7ou, distribuindo post-its e canetas, solicitando que os participantes escrevessem os temas, pensamentos ou sentimentos que mais lhes davam ansiedade. \u00c0 medida que as respostas foram coletadas e lidas individualmente, os participantes foram solicitados a levantar as m\u00e3os se tamb\u00e9m sentissem ou tivessem ansiedade nas v\u00e1rias situa\u00e7\u00f5es. Muitas m\u00e3os foram levantadas para temas relacionados a dinheiro e emprego. Em seguida, a roda de conversa se abriu em uma discuss\u00e3o franca, na qual os participantes estavam livres para compartilhar experi\u00eancias ou dar conselhos. Eles exploraram o que significa ter problemas financeiros para as pessoas da comunidade e como o sistema econ\u00f4mico em que vivemos causa uma necessidade de dinheiro que \u00e0s vezes \u00e9 dissociado da busca pela qualidade de vida.<\/p>\n<p><a href=\"https:\/\/rioonwatch.org.br\/wp-content\/uploads\/2019\/09\/VilaKennedy3.jpg\"><img loading=\"lazy\" decoding=\"async\" class=\"aligncenter wp-image-43384 size-content\" title=\"Coisas que s\u00e3o gatilhos para ansiedade, compartilhadas anonimamente como parte da oficina de autocuidado de Theresa.\" src=\"https:\/\/rioonwatch.org.br\/wp-content\/uploads\/2019\/09\/VilaKennedy3-620x264.jpg\" alt=\"\" width=\"620\" height=\"264\" srcset=\"https:\/\/rioonwatch.org.br\/wp-content\/uploads\/2019\/09\/VilaKennedy3-620x264.jpg 620w, https:\/\/rioonwatch.org.br\/wp-content\/uploads\/2019\/09\/VilaKennedy3-940x400.jpg 940w\" sizes=\"(max-width: 620px) 100vw, 620px\" \/><\/a><\/p>\n<p>Aline Barcellos da Cruz, do <a href=\"http:\/\/bit.ly\/Ecomuseu_Sepetiba_Perfil\" target=\"_blank\" rel=\"noopener noreferrer\">Ecomuseu Sepetiba<\/a>, localizado na <a href=\"http:\/\/bit.ly\/11tBmFR\" target=\"_blank\" rel=\"noopener noreferrer\">Zona Oeste<\/a> do Rio, liderou o grupo em uma atividade interativa envolvendo bal\u00f5es e m\u00fasica. Cada participante tinha seu pr\u00f3prio bal\u00e3o e foi solicitado mant\u00ea-lo no ar, alternando de m\u00e3o em m\u00e3o. Aline explicou que os bal\u00f5es representavam a vida e as responsabilidades de cada indiv\u00edduo, e o desafio de manter o equil\u00edbrio. Todos foram incentivados a pensar em como podemos ajudar aos outros com suas vidas e responsabilidades, enquanto mantendo nosso pr\u00f3prio equil\u00edbrio e respeitando nossos pr\u00f3prios limites. Voltando ao c\u00edrculo quando o exerc\u00edcio terminou, Marcella Vieira, do programa <a href=\"http:\/\/bit.ly\/2gLgo9U\" target=\"_blank\" rel=\"noopener noreferrer\">ReciclA\u00e7\u00e3o<\/a> do <a href=\"http:\/\/bit.ly\/2SD6Uwa\" target=\"_blank\" rel=\"noopener noreferrer\">Morro dos Prazeres<\/a>, mencionou a pr\u00e1tica da <a href=\"http:\/\/bit.ly\/2bSN9Qc\" target=\"_blank\" rel=\"noopener noreferrer\">Comunica\u00e7\u00e3o N\u00e3o-Violenta<\/a> como um meio de autocuidado, e outros tamb\u00e9m enfatizaram como a autoconsci\u00eancia e a comunica\u00e7\u00e3o interpessoal s\u00e3o chaves para o bem-estar.<\/p>\n<p><a href=\"https:\/\/rioonwatch.org.br\/wp-content\/uploads\/2019\/09\/VilaKennedy6.jpg\"><img loading=\"lazy\" decoding=\"async\" class=\"aligncenter wp-image-43385 size-content\" title=\"Participantes falam de suas pr\u00e1ticas de autocuidado, comunica\u00e7\u00e3o n\u00e3o-violenta e solidariedade.\" src=\"https:\/\/rioonwatch.org.br\/wp-content\/uploads\/2019\/09\/VilaKennedy6-620x264.jpg\" alt=\"\" width=\"620\" height=\"264\" srcset=\"https:\/\/rioonwatch.org.br\/wp-content\/uploads\/2019\/09\/VilaKennedy6-620x264.jpg 620w, https:\/\/rioonwatch.org.br\/wp-content\/uploads\/2019\/09\/VilaKennedy6-940x400.jpg 940w\" sizes=\"(max-width: 620px) 100vw, 620px\" \/><\/a><\/p>\n<p>A sess\u00e3o de autocuidado terminou com uma sess\u00e3o de medita\u00e7\u00e3o guiada por Adam Newman, nascido nos EUA. Adam, criador do <a href=\"http:\/\/bit.ly\/30acux0\" target=\"_blank\" rel=\"noopener noreferrer\">Favela Inc.<\/a>, mudou-se para o Rio h\u00e1 sete anos e vive na favela do <a href=\"http:\/\/bit.ly\/2QWdaOP\" target=\"_blank\" rel=\"noopener noreferrer\">Vidigal<\/a> h\u00e1 cinco. Ele explicou que se mudou para o Rio por amor \u00e0 cultura, mas tamb\u00e9m em busca de uma vida mais simples e equilibrada. Adam convidou o grupo a compartilhar suas prioridades de vida, um por um. \u00c0 medida que respostas como amor, servi\u00e7o e fam\u00edlia se repetiam pela sala, os participantes foram incentivados a pensar em encontrar equil\u00edbrio e descobrir-se no caminho para alcan\u00e7ar essas prioridades. A atividade terminou com uma sess\u00e3o de medita\u00e7\u00e3o guiada, em seis etapas. No encerramento da sess\u00e3o, os participantes se levantaram, deram as m\u00e3os e<em>\u2014<\/em>em homenagem ao dia inspirador que tiveram<em>\u2014<\/em>compartilharam sua gratid\u00e3o a comunidade Vila Kennedy, pelo belo final do dia.<\/p>\n<p>Ainda h\u00e1 tempo para participar do interc\u00e2mbio final da Rede de Favela Sustent\u00e1vel de 2019! O quinto e \u00faltimo interc\u00e2mbio do ano ocorrer\u00e1 neste domingo, 29 de setembro, em Manguinhos e Parque Arar\u00e1, com as organiza\u00e7\u00f5es comunit\u00e1rias, Atelier do Hadasha e Teto Verde Favela. <a href=\"https:\/\/comcat.org\/rfs-2019-manguinhos\/\" target=\"_blank\" rel=\"noopener noreferrer\">Inscreva-se aqui<\/a> ou entre em contato com a rede pelo e-mail <a href=\"mailto:rede@favelasustentavel.org\" target=\"_blank\" rel=\"noopener noreferrer\">rede@favelasustentavel.org<\/a> para saber mais.<\/p>\n<h3>Confira nosso \u00e1lbum completo dos eventos do dia (ou <a href=\"http:\/\/bit.ly\/2kKMfda\" target=\"_blank\" rel=\"noopener noreferrer\">clique aqui<\/a>):<\/h3>\n<p><img loading=\"lazy\" decoding=\"async\" src=\"https:\/\/live.staticflickr.com\/65535\/48764984286_d0304ea8f4_z.jpg\" alt=\"Interc\u00e2mbio da Rede Favela Sustent\u00e1vel com o CCIK na Vila Kennedy | 4th Sustainable Favela Network Exchange of 2019\" width=\"640\" height=\"387\" \/><\/p>\n<p><em>*Tanto o RioOnWatch quanto a Rede Favela Sustent\u00e1vel s\u00e3o iniciativas da <a href=\"http:\/\/www.comcat.org\/\" target=\"_blank\" rel=\"noopener noreferrer\">Comunidades Catalisadoras<\/a>.<\/em><\/p>\n<!-- AddThis Advanced Settings generic via filter on the_content --><!-- AddThis Share Buttons generic via filter on the_content -->","protected":false},"excerpt":{"rendered":"<div class=\"mh-excerpt\"><p>Click Here for English A\u00a0Rede Favela Sustent\u00e1vel\u00a0(RFS) \u00e9 um projeto da\u00a0Comunidades Catalisadoras\u00a0(ComCat)* desenhado para construir redes de solidariedade, dar visibilidade, e desenvolver a\u00e7\u00f5es conjuntas que apoiem a expans\u00e3o de iniciativas comunit\u00e1rias que fortalecem a sustentabilidade <a class=\"mh-excerpt-more\" href=\"https:\/\/rioonwatch.org.br\/?p=43376\" title=\"4\u00ba Interc\u00e2mbio da Rede Favela Sustent\u00e1vel de 2019: Hist\u00f3ria, Arte e Autocuidado na Vila Kennedy\">[&#8230;]<\/a><!-- AddThis Advanced Settings generic via filter on get_the_excerpt --><!-- AddThis Share Buttons generic via filter on get_the_excerpt --><\/p>\n<\/div>","protected":false},"author":152,"featured_media":43387,"comment_status":"closed","ping_status":"closed","sticky":false,"template":"","format":"standard","meta":{"_acf_changed":false,"_monsterinsights_skip_tracking":false,"_monsterinsights_sitenote_active":false,"_monsterinsights_sitenote_note":"","_monsterinsights_sitenote_category":0,"footnotes":""},"categories":[1621,1627,1626,1616,1639],"tags":[1446,2228,363,1786,818,842,128,841,1097,2046,466,469,708,44,361,297,2069,2549,2037,354,544,184,383],"writer":[2695],"translator":[1491],"source":[],"ilustrador":[],"fotografo":[],"class_list":{"0":"post-43376","1":"post","2":"type-post","3":"status-publish","4":"format-standard","5":"has-post-thumbnail","7":"category-destaque","8":"category-relato-de-evento","9":"category-por-observadores-internacionais","10":"category-qualidades-da-favela","11":"category-sustentabilidade","12":"tag-capacitacao","13":"tag-ecomuseu-de-sepetiba","14":"tag-educacao-ambiental","15":"tag-espaco-comunitario","16":"tag-eua","17":"tag-favela-do-esqueleto","18":"tag-historia","19":"tag-historia-oral","20":"tag-horta-comunitaria","21":"tag-lacerda","22":"tag-maracana","23":"tag-memoria","24":"tag-morro-da-babilonia","25":"tag-prazeres","26":"tag-reciclagem","27":"tag-reflorestamento","28":"tag-saude-mental","29":"tag-serie-intercambios-da-rfs","30":"tag-uerj","31":"tag-vidigal","32":"tag-vila-kennedy","33":"tag-zona-oeste","34":"tag-zona-sul","35":"writer-tara-nelson","36":"translator-patricia-gomes"},"acf":[],"yoast_head":"<!-- This site is optimized with the Yoast SEO plugin v25.6 - https:\/\/yoast.com\/wordpress\/plugins\/seo\/ -->\n<title>4\u00ba Interc\u00e2mbio da Rede Favela Sustent\u00e1vel de 2019: Hist\u00f3ria, Arte e Autocuidado na Vila Kennedy - RioOnWatch<\/title>\n<meta name=\"robots\" content=\"index, follow, max-snippet:-1, max-image-preview:large, max-video-preview:-1\" \/>\n<link rel=\"canonical\" href=\"https:\/\/rioonwatch.org.br\/?p=43376\" \/>\n<meta property=\"og:locale\" content=\"pt_BR\" \/>\n<meta property=\"og:type\" content=\"article\" \/>\n<meta property=\"og:title\" content=\"4\u00ba Interc\u00e2mbio da Rede Favela Sustent\u00e1vel de 2019: Hist\u00f3ria, Arte e Autocuidado na Vila Kennedy - RioOnWatch\" \/>\n<meta property=\"og:description\" content=\"Click Here for English A\u00a0Rede Favela Sustent\u00e1vel\u00a0(RFS) \u00e9 um projeto da\u00a0Comunidades Catalisadoras\u00a0(ComCat)* desenhado para construir redes de solidariedade, dar visibilidade, e desenvolver a\u00e7\u00f5es conjuntas que apoiem a expans\u00e3o de iniciativas comunit\u00e1rias que fortalecem a sustentabilidade [...]\" \/>\n<meta property=\"og:url\" content=\"https:\/\/rioonwatch.org.br\/?p=43376\" \/>\n<meta property=\"og:site_name\" content=\"RioOnWatch\" \/>\n<meta property=\"article:published_time\" content=\"2019-09-24T19:56:04+00:00\" \/>\n<meta property=\"article:modified_time\" content=\"2024-06-20T16:46:11+00:00\" \/>\n<meta property=\"og:image\" content=\"https:\/\/rioonwatch.org.br\/wp-content\/uploads\/2019\/09\/VillaKennedy4.jpg\" \/>\n\t<meta property=\"og:image:width\" content=\"2048\" \/>\n\t<meta property=\"og:image:height\" content=\"1359\" \/>\n\t<meta property=\"og:image:type\" content=\"image\/jpeg\" \/>\n<meta name=\"author\" content=\"Luisa Fenizola\" \/>\n<meta name=\"twitter:card\" content=\"summary_large_image\" \/>\n<meta name=\"twitter:label1\" content=\"Escrito por\" \/>\n\t<meta name=\"twitter:data1\" content=\"Luisa Fenizola\" \/>\n\t<meta name=\"twitter:label2\" content=\"Est. tempo de leitura\" \/>\n\t<meta name=\"twitter:data2\" content=\"12 minutos\" \/>\n<script type=\"application\/ld+json\" class=\"yoast-schema-graph\">{\"@context\":\"https:\/\/schema.org\",\"@graph\":[{\"@type\":\"Article\",\"@id\":\"https:\/\/rioonwatch.org.br\/?p=43376#article\",\"isPartOf\":{\"@id\":\"https:\/\/rioonwatch.org.br\/?p=43376\"},\"author\":{\"name\":\"Luisa Fenizola\",\"@id\":\"https:\/\/rioonwatch.org.br\/#\/schema\/person\/f443c6b55bb6e80842280318076491c5\"},\"headline\":\"4\u00ba Interc\u00e2mbio da Rede Favela Sustent\u00e1vel de 2019: Hist\u00f3ria, Arte e Autocuidado na Vila Kennedy\",\"datePublished\":\"2019-09-24T19:56:04+00:00\",\"dateModified\":\"2024-06-20T16:46:11+00:00\",\"mainEntityOfPage\":{\"@id\":\"https:\/\/rioonwatch.org.br\/?p=43376\"},\"wordCount\":2329,\"publisher\":{\"@id\":\"https:\/\/rioonwatch.org.br\/#organization\"},\"image\":{\"@id\":\"https:\/\/rioonwatch.org.br\/?p=43376#primaryimage\"},\"thumbnailUrl\":\"https:\/\/rioonwatch.org.br\/wp-content\/uploads\/2019\/09\/VillaKennedy4.jpg\",\"keywords\":[\"capacita\u00e7\u00e3o\",\"Ecomuseu de Sepetiba\",\"educa\u00e7\u00e3o ambiental\",\"espa\u00e7o comunit\u00e1rio\",\"EUA\",\"Favela do Esqueleto\",\"hist\u00f3ria\",\"hist\u00f3ria oral\",\"horta comunit\u00e1ria\",\"Lacerda\",\"Maracan\u00e3\",\"Mem\u00f3rias Faveladas\",\"Morro da Babil\u00f4nia\",\"Morro dos Prazeres\",\"reciclagem\",\"reflorestamento\",\"sa\u00fade mental\",\"S\u00e9rie: Interc\u00e2mbios da RFS\",\"UERJ\",\"Vidigal\",\"Vila Kennedy\",\"Zona Oeste\",\"Zona Sul\"],\"articleSection\":[\"*Destaque\",\"Cobertura de Eventos\",\"Escrito por Aliados\",\"Qualidades da Favela\",\"Sustentabilidade\"],\"inLanguage\":\"pt-BR\"},{\"@type\":\"WebPage\",\"@id\":\"https:\/\/rioonwatch.org.br\/?p=43376\",\"url\":\"https:\/\/rioonwatch.org.br\/?p=43376\",\"name\":\"4\u00ba Interc\u00e2mbio da Rede Favela Sustent\u00e1vel de 2019: Hist\u00f3ria, Arte e Autocuidado na Vila Kennedy - RioOnWatch\",\"isPartOf\":{\"@id\":\"https:\/\/rioonwatch.org.br\/#website\"},\"primaryImageOfPage\":{\"@id\":\"https:\/\/rioonwatch.org.br\/?p=43376#primaryimage\"},\"image\":{\"@id\":\"https:\/\/rioonwatch.org.br\/?p=43376#primaryimage\"},\"thumbnailUrl\":\"https:\/\/rioonwatch.org.br\/wp-content\/uploads\/2019\/09\/VillaKennedy4.jpg\",\"datePublished\":\"2019-09-24T19:56:04+00:00\",\"dateModified\":\"2024-06-20T16:46:11+00:00\",\"breadcrumb\":{\"@id\":\"https:\/\/rioonwatch.org.br\/?p=43376#breadcrumb\"},\"inLanguage\":\"pt-BR\",\"potentialAction\":[{\"@type\":\"ReadAction\",\"target\":[\"https:\/\/rioonwatch.org.br\/?p=43376\"]}]},{\"@type\":\"ImageObject\",\"inLanguage\":\"pt-BR\",\"@id\":\"https:\/\/rioonwatch.org.br\/?p=43376#primaryimage\",\"url\":\"https:\/\/rioonwatch.org.br\/wp-content\/uploads\/2019\/09\/VillaKennedy4.jpg\",\"contentUrl\":\"https:\/\/rioonwatch.org.br\/wp-content\/uploads\/2019\/09\/VillaKennedy4.jpg\",\"width\":2048,\"height\":1359},{\"@type\":\"BreadcrumbList\",\"@id\":\"https:\/\/rioonwatch.org.br\/?p=43376#breadcrumb\",\"itemListElement\":[{\"@type\":\"ListItem\",\"position\":1,\"name\":\"In\u00edcio\",\"item\":\"https:\/\/rioonwatch.org.br\/\"},{\"@type\":\"ListItem\",\"position\":2,\"name\":\"4\u00ba Interc\u00e2mbio da Rede Favela Sustent\u00e1vel de 2019: Hist\u00f3ria, Arte e Autocuidado na Vila Kennedy\"}]},{\"@type\":\"WebSite\",\"@id\":\"https:\/\/rioonwatch.org.br\/#website\",\"url\":\"https:\/\/rioonwatch.org.br\/\",\"name\":\"RioOnWatch\",\"description\":\"relatos das favelas cariocas\",\"publisher\":{\"@id\":\"https:\/\/rioonwatch.org.br\/#organization\"},\"potentialAction\":[{\"@type\":\"SearchAction\",\"target\":{\"@type\":\"EntryPoint\",\"urlTemplate\":\"https:\/\/rioonwatch.org.br\/?s={search_term_string}\"},\"query-input\":{\"@type\":\"PropertyValueSpecification\",\"valueRequired\":true,\"valueName\":\"search_term_string\"}}],\"inLanguage\":\"pt-BR\"},{\"@type\":\"Organization\",\"@id\":\"https:\/\/rioonwatch.org.br\/#organization\",\"name\":\"RioOnWatch\",\"url\":\"https:\/\/rioonwatch.org.br\/\",\"logo\":{\"@type\":\"ImageObject\",\"inLanguage\":\"pt-BR\",\"@id\":\"https:\/\/rioonwatch.org.br\/#\/schema\/logo\/image\/\",\"url\":\"https:\/\/rioonwatch.org.br\/wp-content\/uploads\/2021\/06\/RioOnWatchcabecalhoPT11anos-2.png\",\"contentUrl\":\"https:\/\/rioonwatch.org.br\/wp-content\/uploads\/2021\/06\/RioOnWatchcabecalhoPT11anos-2.png\",\"width\":779,\"height\":277,\"caption\":\"RioOnWatch\"},\"image\":{\"@id\":\"https:\/\/rioonwatch.org.br\/#\/schema\/logo\/image\/\"}},{\"@type\":\"Person\",\"@id\":\"https:\/\/rioonwatch.org.br\/#\/schema\/person\/f443c6b55bb6e80842280318076491c5\",\"name\":\"Luisa Fenizola\",\"image\":{\"@type\":\"ImageObject\",\"inLanguage\":\"pt-BR\",\"@id\":\"https:\/\/rioonwatch.org.br\/#\/schema\/person\/image\/\",\"url\":\"https:\/\/secure.gravatar.com\/avatar\/a3d551110162b9f876cbbdaaecf75663?s=96&d=blank&r=g\",\"contentUrl\":\"https:\/\/secure.gravatar.com\/avatar\/a3d551110162b9f876cbbdaaecf75663?s=96&d=blank&r=g\",\"caption\":\"Luisa Fenizola\"},\"url\":\"https:\/\/rioonwatch.org.br\/?author=152\"}]}<\/script>\n<!-- \/ Yoast SEO plugin. -->","yoast_head_json":{"title":"4\u00ba Interc\u00e2mbio da Rede Favela Sustent\u00e1vel de 2019: Hist\u00f3ria, Arte e Autocuidado na Vila Kennedy - RioOnWatch","robots":{"index":"index","follow":"follow","max-snippet":"max-snippet:-1","max-image-preview":"max-image-preview:large","max-video-preview":"max-video-preview:-1"},"canonical":"https:\/\/rioonwatch.org.br\/?p=43376","og_locale":"pt_BR","og_type":"article","og_title":"4\u00ba Interc\u00e2mbio da Rede Favela Sustent\u00e1vel de 2019: Hist\u00f3ria, Arte e Autocuidado na Vila Kennedy - RioOnWatch","og_description":"Click Here for English A\u00a0Rede Favela Sustent\u00e1vel\u00a0(RFS) \u00e9 um projeto da\u00a0Comunidades Catalisadoras\u00a0(ComCat)* desenhado para construir redes de solidariedade, dar visibilidade, e desenvolver a\u00e7\u00f5es conjuntas que apoiem a expans\u00e3o de iniciativas comunit\u00e1rias que fortalecem a sustentabilidade [...]","og_url":"https:\/\/rioonwatch.org.br\/?p=43376","og_site_name":"RioOnWatch","article_published_time":"2019-09-24T19:56:04+00:00","article_modified_time":"2024-06-20T16:46:11+00:00","og_image":[{"width":2048,"height":1359,"url":"https:\/\/rioonwatch.org.br\/wp-content\/uploads\/2019\/09\/VillaKennedy4.jpg","type":"image\/jpeg"}],"author":"Luisa Fenizola","twitter_card":"summary_large_image","twitter_misc":{"Escrito por":"Luisa Fenizola","Est. tempo de leitura":"12 minutos"},"schema":{"@context":"https:\/\/schema.org","@graph":[{"@type":"Article","@id":"https:\/\/rioonwatch.org.br\/?p=43376#article","isPartOf":{"@id":"https:\/\/rioonwatch.org.br\/?p=43376"},"author":{"name":"Luisa Fenizola","@id":"https:\/\/rioonwatch.org.br\/#\/schema\/person\/f443c6b55bb6e80842280318076491c5"},"headline":"4\u00ba Interc\u00e2mbio da Rede Favela Sustent\u00e1vel de 2019: Hist\u00f3ria, Arte e Autocuidado na Vila Kennedy","datePublished":"2019-09-24T19:56:04+00:00","dateModified":"2024-06-20T16:46:11+00:00","mainEntityOfPage":{"@id":"https:\/\/rioonwatch.org.br\/?p=43376"},"wordCount":2329,"publisher":{"@id":"https:\/\/rioonwatch.org.br\/#organization"},"image":{"@id":"https:\/\/rioonwatch.org.br\/?p=43376#primaryimage"},"thumbnailUrl":"https:\/\/rioonwatch.org.br\/wp-content\/uploads\/2019\/09\/VillaKennedy4.jpg","keywords":["capacita\u00e7\u00e3o","Ecomuseu de Sepetiba","educa\u00e7\u00e3o ambiental","espa\u00e7o comunit\u00e1rio","EUA","Favela do Esqueleto","hist\u00f3ria","hist\u00f3ria oral","horta comunit\u00e1ria","Lacerda","Maracan\u00e3","Mem\u00f3rias Faveladas","Morro da Babil\u00f4nia","Morro dos Prazeres","reciclagem","reflorestamento","sa\u00fade mental","S\u00e9rie: Interc\u00e2mbios da RFS","UERJ","Vidigal","Vila Kennedy","Zona Oeste","Zona Sul"],"articleSection":["*Destaque","Cobertura de Eventos","Escrito por Aliados","Qualidades da Favela","Sustentabilidade"],"inLanguage":"pt-BR"},{"@type":"WebPage","@id":"https:\/\/rioonwatch.org.br\/?p=43376","url":"https:\/\/rioonwatch.org.br\/?p=43376","name":"4\u00ba Interc\u00e2mbio da Rede Favela Sustent\u00e1vel de 2019: Hist\u00f3ria, Arte e Autocuidado na Vila Kennedy - RioOnWatch","isPartOf":{"@id":"https:\/\/rioonwatch.org.br\/#website"},"primaryImageOfPage":{"@id":"https:\/\/rioonwatch.org.br\/?p=43376#primaryimage"},"image":{"@id":"https:\/\/rioonwatch.org.br\/?p=43376#primaryimage"},"thumbnailUrl":"https:\/\/rioonwatch.org.br\/wp-content\/uploads\/2019\/09\/VillaKennedy4.jpg","datePublished":"2019-09-24T19:56:04+00:00","dateModified":"2024-06-20T16:46:11+00:00","breadcrumb":{"@id":"https:\/\/rioonwatch.org.br\/?p=43376#breadcrumb"},"inLanguage":"pt-BR","potentialAction":[{"@type":"ReadAction","target":["https:\/\/rioonwatch.org.br\/?p=43376"]}]},{"@type":"ImageObject","inLanguage":"pt-BR","@id":"https:\/\/rioonwatch.org.br\/?p=43376#primaryimage","url":"https:\/\/rioonwatch.org.br\/wp-content\/uploads\/2019\/09\/VillaKennedy4.jpg","contentUrl":"https:\/\/rioonwatch.org.br\/wp-content\/uploads\/2019\/09\/VillaKennedy4.jpg","width":2048,"height":1359},{"@type":"BreadcrumbList","@id":"https:\/\/rioonwatch.org.br\/?p=43376#breadcrumb","itemListElement":[{"@type":"ListItem","position":1,"name":"In\u00edcio","item":"https:\/\/rioonwatch.org.br\/"},{"@type":"ListItem","position":2,"name":"4\u00ba Interc\u00e2mbio da Rede Favela Sustent\u00e1vel de 2019: Hist\u00f3ria, Arte e Autocuidado na Vila Kennedy"}]},{"@type":"WebSite","@id":"https:\/\/rioonwatch.org.br\/#website","url":"https:\/\/rioonwatch.org.br\/","name":"RioOnWatch","description":"relatos das favelas cariocas","publisher":{"@id":"https:\/\/rioonwatch.org.br\/#organization"},"potentialAction":[{"@type":"SearchAction","target":{"@type":"EntryPoint","urlTemplate":"https:\/\/rioonwatch.org.br\/?s={search_term_string}"},"query-input":{"@type":"PropertyValueSpecification","valueRequired":true,"valueName":"search_term_string"}}],"inLanguage":"pt-BR"},{"@type":"Organization","@id":"https:\/\/rioonwatch.org.br\/#organization","name":"RioOnWatch","url":"https:\/\/rioonwatch.org.br\/","logo":{"@type":"ImageObject","inLanguage":"pt-BR","@id":"https:\/\/rioonwatch.org.br\/#\/schema\/logo\/image\/","url":"https:\/\/rioonwatch.org.br\/wp-content\/uploads\/2021\/06\/RioOnWatchcabecalhoPT11anos-2.png","contentUrl":"https:\/\/rioonwatch.org.br\/wp-content\/uploads\/2021\/06\/RioOnWatchcabecalhoPT11anos-2.png","width":779,"height":277,"caption":"RioOnWatch"},"image":{"@id":"https:\/\/rioonwatch.org.br\/#\/schema\/logo\/image\/"}},{"@type":"Person","@id":"https:\/\/rioonwatch.org.br\/#\/schema\/person\/f443c6b55bb6e80842280318076491c5","name":"Luisa Fenizola","image":{"@type":"ImageObject","inLanguage":"pt-BR","@id":"https:\/\/rioonwatch.org.br\/#\/schema\/person\/image\/","url":"https:\/\/secure.gravatar.com\/avatar\/a3d551110162b9f876cbbdaaecf75663?s=96&d=blank&r=g","contentUrl":"https:\/\/secure.gravatar.com\/avatar\/a3d551110162b9f876cbbdaaecf75663?s=96&d=blank&r=g","caption":"Luisa Fenizola"},"url":"https:\/\/rioonwatch.org.br\/?author=152"}]}},"_links":{"self":[{"href":"https:\/\/rioonwatch.org.br\/index.php?rest_route=\/wp\/v2\/posts\/43376"}],"collection":[{"href":"https:\/\/rioonwatch.org.br\/index.php?rest_route=\/wp\/v2\/posts"}],"about":[{"href":"https:\/\/rioonwatch.org.br\/index.php?rest_route=\/wp\/v2\/types\/post"}],"author":[{"embeddable":true,"href":"https:\/\/rioonwatch.org.br\/index.php?rest_route=\/wp\/v2\/users\/152"}],"replies":[{"embeddable":true,"href":"https:\/\/rioonwatch.org.br\/index.php?rest_route=%2Fwp%2Fv2%2Fcomments&post=43376"}],"version-history":[{"count":31,"href":"https:\/\/rioonwatch.org.br\/index.php?rest_route=\/wp\/v2\/posts\/43376\/revisions"}],"predecessor-version":[{"id":43890,"href":"https:\/\/rioonwatch.org.br\/index.php?rest_route=\/wp\/v2\/posts\/43376\/revisions\/43890"}],"wp:featuredmedia":[{"embeddable":true,"href":"https:\/\/rioonwatch.org.br\/index.php?rest_route=\/wp\/v2\/media\/43387"}],"wp:attachment":[{"href":"https:\/\/rioonwatch.org.br\/index.php?rest_route=%2Fwp%2Fv2%2Fmedia&parent=43376"}],"wp:term":[{"taxonomy":"category","embeddable":true,"href":"https:\/\/rioonwatch.org.br\/index.php?rest_route=%2Fwp%2Fv2%2Fcategories&post=43376"},{"taxonomy":"post_tag","embeddable":true,"href":"https:\/\/rioonwatch.org.br\/index.php?rest_route=%2Fwp%2Fv2%2Ftags&post=43376"},{"taxonomy":"writer","embeddable":true,"href":"https:\/\/rioonwatch.org.br\/index.php?rest_route=%2Fwp%2Fv2%2Fwriter&post=43376"},{"taxonomy":"translator","embeddable":true,"href":"https:\/\/rioonwatch.org.br\/index.php?rest_route=%2Fwp%2Fv2%2Ftranslator&post=43376"},{"taxonomy":"source","embeddable":true,"href":"https:\/\/rioonwatch.org.br\/index.php?rest_route=%2Fwp%2Fv2%2Fsource&post=43376"},{"taxonomy":"ilustrador","embeddable":true,"href":"https:\/\/rioonwatch.org.br\/index.php?rest_route=%2Fwp%2Fv2%2Filustrador&post=43376"},{"taxonomy":"fotografo","embeddable":true,"href":"https:\/\/rioonwatch.org.br\/index.php?rest_route=%2Fwp%2Fv2%2Ffotografo&post=43376"}],"curies":[{"name":"wp","href":"https:\/\/api.w.org\/{rel}","templated":true}]}}