{"id":43705,"date":"2019-10-23T12:52:30","date_gmt":"2019-10-23T15:52:30","guid":{"rendered":"https:\/\/rioonwatch.org.br\/?p=43705"},"modified":"2024-06-20T16:16:53","modified_gmt":"2024-06-20T19:16:53","slug":"baixadacine-quer-transformar-belford-roxo-em-a-cidade-do-amor-ao-cinema","status":"publish","type":"post","link":"https:\/\/rioonwatch.org.br\/?p=43705","title":{"rendered":"BaixadaCine Quer Transformar Belford Roxo na &#8216;Cidade do Amor&#8217; ao Cinema"},"content":{"rendered":"<p style=\"text-align: right;\"><em><strong><a href=\"http:\/\/bit.ly\/2KbewTq\" target=\"_blank\" rel=\"noopener noreferrer\">Click Here for English<\/a><a href=\"http:\/\/bit.ly\/2KbewTq\" target=\"_blank\" rel=\"noopener noreferrer\"><img decoding=\"async\" width=\"20\" height=\"20\" class=\"alignright wp-image-15790\" src=\"http:\/\/rioonwatch.org.br\/wp-content\/uploads\/2012\/08\/EN-standard-e1439583104716.jpg\" \/><\/a><\/strong><\/em><\/p>\n<p><span style=\"font-weight: 400;\">Os desafios para a produ\u00e7\u00e3o cultural brasileira se imp\u00f5em cada vez mais em 2019. Em apenas dez meses, j\u00e1 ouvimos falar no an\u00fancio de <\/span><a href=\"http:\/\/bit.ly\/2OyKKez\" target=\"_blank\" rel=\"noopener noreferrer\"><span style=\"font-weight: 400;\">fechamento de teatros<\/span><\/a><span style=\"font-weight: 400;\">, <\/span><span style=\"font-weight: 400;\">no risco do <a href=\"http:\/\/bit.ly\/2AYjyhe\" target=\"_blank\" rel=\"noopener noreferrer\">fim da Ag\u00eancia Nacional de Cinema<\/a> (ANCINE)<\/span><span style=\"font-weight: 400;\">, na <\/span><span style=\"font-weight: 400;\">redu\u00e7\u00e3o or\u00e7ament\u00e1ria <a href=\"http:\/\/bit.ly\/321VVQK\" target=\"_blank\" rel=\"noopener noreferrer\">para o Fundo Setorial do Audiovisual<\/a><\/span><span style=\"font-weight: 400;\"> por parte do governo federal<\/span><span style=\"font-weight: 400;\">, no risco de importantes festivais de cinema <\/span><a href=\"http:\/\/bit.ly\/33e4OqD\" target=\"_blank\" rel=\"noopener noreferrer\"><span style=\"font-weight: 400;\">n\u00e3o acontecerem<\/span><\/a><span style=\"font-weight: 400;\"> ou, at\u00e9 mesmo, do carnaval do Rio <\/span><span style=\"font-weight: 400;\"><a href=\"https:\/\/glo.bo\/30ZtBx7\" target=\"_blank\" rel=\"noopener noreferrer\">perder importante investimento<\/a> em 2020<\/span><span style=\"font-weight: 400;\">. A economia criativa \u00e9 um ativo econ\u00f4mico importante no Brasil. Produ\u00e7\u00f5es pequenas de cinema podem gerar milhares de empregos diretos e indiretos, por exemplo. Al\u00e9m disso, o acesso \u00e0 arte, ao lazer e a cultura \u00e9 um direito. Contudo, existem cidades a poucos quil\u00f4metros das grandes capitais que n\u00e3o t\u00eam nenhuma sala de cinema ou espa\u00e7o cultural. E essa \u00e9 a realidade de <a href=\"http:\/\/bit.ly\/2YdiJ25\" target=\"_blank\" rel=\"noopener noreferrer\">Belford Roxo<\/a>, munic\u00edpio da <a href=\"http:\/\/bit.ly\/2XXECxy\" target=\"_blank\" rel=\"noopener noreferrer\">Baixada Fluminense<\/a>, na <a href=\"http:\/\/bit.ly\/2kFp5ol\" target=\"_blank\" rel=\"noopener noreferrer\">Regi\u00e3o Metropolitana<\/a> do Rio de Janeiro, a maior cidade em n\u00famero de habitantes <a href=\"http:\/\/bit.ly\/2Mfs3uU\" target=\"_blank\" rel=\"noopener noreferrer\">do Brasil sem sala de cinema<\/a>.\u00a0<\/span><\/p>\n<p><span style=\"font-weight: 400;\">Belford Roxo, como muitos outros munic\u00edpios da Baixada, sofre com sucessivas faltas: <a href=\"http:\/\/bit.ly\/2VtNpHM\" target=\"_blank\" rel=\"noopener noreferrer\">faltam oportunidades<\/a> de emprego, <a href=\"http:\/\/bit.ly\/33gjxBh\" target=\"_blank\" rel=\"noopener noreferrer\">falta efetiva mobilidade<\/a> urbana, <a href=\"http:\/\/bit.ly\/2IELUBs\" target=\"_blank\" rel=\"noopener noreferrer\">faltam hospitais<\/a> e, claro, <a href=\"http:\/\/bit.ly\/2Ozgikw\" target=\"_blank\" rel=\"noopener noreferrer\">faltam salas de cinema, teatro<\/a> e espa\u00e7os p\u00fablicos de lazer.<\/span><\/p>\n<p><span style=\"font-weight: 400;\">Neste contexto, um grupo de jovens que ama cinema est\u00e1 nadando contra a corrente para compensar algumas dessas faltas. Eles formam o coletivo <\/span><a href=\"http:\/\/bit.ly\/2AZwcN4\" target=\"_blank\" rel=\"noopener noreferrer\"><span style=\"font-weight: 400;\">BaixadaCine<\/span><\/a>, que<span style=\"font-weight: 400;\"> produz filmes, exibe outros no <a href=\"http:\/\/bit.ly\/360Z6KY\" target=\"_blank\" rel=\"noopener noreferrer\">cineclube<\/a> criado por eles, al\u00e9m de formar novos cineastas.<\/span><\/p>\n<p><span style=\"font-weight: 400;\"><a href=\"https:\/\/rioonwatch.org.br\/wp-content\/uploads\/2019\/10\/CineBaixada8.jpeg\"><img fetchpriority=\"high\" decoding=\"async\" class=\"aligncenter wp-image-43766 size-content\" title=\"O coletivo posa para a foto. Foto: Leandro da Hora\" src=\"https:\/\/rioonwatch.org.br\/wp-content\/uploads\/2019\/10\/CineBaixada8-620x264.jpeg\" alt=\"\" width=\"620\" height=\"264\" srcset=\"https:\/\/rioonwatch.org.br\/wp-content\/uploads\/2019\/10\/CineBaixada8-620x264.jpeg 620w, https:\/\/rioonwatch.org.br\/wp-content\/uploads\/2019\/10\/CineBaixada8-940x400.jpeg 940w\" sizes=\"(max-width: 620px) 100vw, 620px\" \/><\/a><\/span><\/p>\n<p><span style=\"font-weight: 400;\">O BaixadaCine foi criado em 2016 para suprir uma lacuna em uma cidade onde n\u00e3o h\u00e1 uma sequer sala de cinema. Querendo ver filmes em sua cidade, Sandro Garcia e um amigo decidiram organizar um coletivo para produzir filmes independentes que pudessem ser exibidos na cidade. Hoje, o BaixadaCine \u00e9 composto por oito integrantes: Sandro Garcia, 23, Beatriz Rodrigues, 21, C\u00edntia Lima, 32, Adrian Monteiro, 42, Vitor Sena, 21, Lorrane Mota, 20, Kalebe Nascimento, 23 e Artur Fortes, 24.\u00a0<\/span><\/p>\n<p><span style=\"font-weight: 400;\">Para ter acesso ao cinema, o morador de Belford Roxo precisa ir para os munic\u00edpios vizinhos, como <a href=\"http:\/\/bit.ly\/2KMwrB3\" target=\"_blank\" rel=\"noopener noreferrer\">Duque de Caxias<\/a>. Mas esse deslocamento tem um alto custo: \u00e9 preciso dois ou tr\u00eas \u00f4nibus para assistir filmes <\/span><i><span style=\"font-weight: 400;\">blockbuster <\/span><\/i><span style=\"font-weight: 400;\">em um shopping. Cinema nacional ou filmes fora do circuito comercial n\u00e3o s\u00e3o uma op\u00e7\u00e3o\u2014esses filmes n\u00e3o comerciais s\u00f3 s\u00e3o exibidos nos \u201ccinemas de rua\u201d e hoje, no Rio de Janeiro, o que sobrou dos cinemas de rua est\u00e1 na Zona Sul. A cidade do amor, como Belford Roxo \u00e9 conhecida, tamb\u00e9m j\u00e1 teve seu cinema de rua. Mas, como em outros munic\u00edpios, o endere\u00e7o hoje abriga uma loja de eletrodom\u00e9sticos da rede Casas Bahia.<\/span><\/p>\n<p><a href=\"https:\/\/rioonwatch.org.br\/wp-content\/uploads\/2019\/10\/CineBaixada7-e1570735736269.jpeg\"><img decoding=\"async\" class=\"aligncenter wp-image-43772 size-content\" title=\"O time do BaixadaCine. Foto: Leandro Hora\" src=\"https:\/\/rioonwatch.org.br\/wp-content\/uploads\/2019\/10\/CineBaixada7-e1570735736269-620x264.jpeg\" alt=\"\" width=\"620\" height=\"264\" srcset=\"https:\/\/rioonwatch.org.br\/wp-content\/uploads\/2019\/10\/CineBaixada7-e1570735736269-620x264.jpeg 620w, https:\/\/rioonwatch.org.br\/wp-content\/uploads\/2019\/10\/CineBaixada7-e1570735736269-768x327.jpeg 768w, https:\/\/rioonwatch.org.br\/wp-content\/uploads\/2019\/10\/CineBaixada7-e1570735736269.jpeg 800w\" sizes=\"(max-width: 620px) 100vw, 620px\" \/><\/a><\/p>\n<p><span style=\"font-weight: 400;\">Al\u00e9m da dist\u00e2ncia, os valores do ingresso acabam sendo um fator determinante para que muitos n\u00e3o acessem os espa\u00e7os culturais. Uma entrada no cinema de rua varia de R$30-50. Nos fins de semana, esse valor pode ultrapassar os R$60. O impeditivo de adquirir o h\u00e1bito de assistir filmes marca a vida dos integrantes do BaixadaCine. Sem condi\u00e7\u00f5es de frequentar cinema, os integrantes s\u00f3 conseguem ver filmes porque plataformas de <em>streaming<\/em>, como a Netflix, possibilitam um acesso maior a quem n\u00e3o pode pagar por esse lazer.<\/span><\/p>\n<p><span style=\"font-weight: 400;\">Vitor, por exemplo, s\u00f3 vai ao cinema uma vez no ano. Sem televis\u00e3o, assiste filmes na casa de amigos ou em <a href=\"http:\/\/bit.ly\/360Z6KY\" target=\"_blank\" rel=\"noopener noreferrer\">cineclubes<\/a>. \u201cO cinema tem uma f\u00f3rmula que te faz pensar e reagir. Desperta a criatividade e te faz querer aprender. Na escola, quando eu n\u00e3o entendia as mat\u00e9rias, eu via um filme e aprendia o assunto. Quando voc\u00ea tem acesso a isso, se depara com um meio de pensar e imaginar incr\u00edvel. Mas o valor da passagem me prende, me priva de estar no cinema\u201d, afirma ele.<\/span><\/p>\n<p><span style=\"font-weight: 400;\"><a href=\"https:\/\/rioonwatch.org.br\/wp-content\/uploads\/2019\/10\/CineBaixada5.jpeg\"><img loading=\"lazy\" decoding=\"async\" class=\"aligncenter wp-image-43771 size-medium\" title=\"O time do CineBaixada em frente \u00e0 esta\u00e7\u00e3o de trem de Belford Roxo. Foto: Leandro da Hora\" src=\"https:\/\/rioonwatch.org.br\/wp-content\/uploads\/2019\/10\/CineBaixada5-620x404.jpeg\" alt=\"\" width=\"620\" height=\"404\" srcset=\"https:\/\/rioonwatch.org.br\/wp-content\/uploads\/2019\/10\/CineBaixada5-620x404.jpeg 620w, https:\/\/rioonwatch.org.br\/wp-content\/uploads\/2019\/10\/CineBaixada5-405x264.jpeg 405w, https:\/\/rioonwatch.org.br\/wp-content\/uploads\/2019\/10\/CineBaixada5-768x500.jpeg 768w, https:\/\/rioonwatch.org.br\/wp-content\/uploads\/2019\/10\/CineBaixada5-1024x667.jpeg 1024w, https:\/\/rioonwatch.org.br\/wp-content\/uploads\/2019\/10\/CineBaixada5.jpeg 1122w\" sizes=\"(max-width: 620px) 100vw, 620px\" \/><\/a><\/span><\/p>\n<p><span style=\"font-weight: 400;\">Artur, por sua vez, conta que dessa priva\u00e7\u00e3o surgiu a vontade de fazer cinema: &#8220;S\u00f3 v\u00edamos filmes de Hollywood. [Depois] a gente assistiu a mostras de cinema no <a href=\"http:\/\/bit.ly\/2GHFnSq\" target=\"_blank\" rel=\"noopener noreferrer\">Sesc<\/a> e vimos que dava pra fazer, descobrimos que a gente poderia fazer [filmes] tamb\u00e9m. Era importante ver filmes nacionais ou independentes. A Baixada tamb\u00e9m pode fazer filme. \u00c0s vezes temos ideias incr\u00edveis e a\u00ed adaptamos para nossa realidade de pouco dinheiro e estrutura. Mas mesmo assim, percebemos que dava para passar para frente e ensinar os outros a fazerem o que a gente faz&#8221;.<\/span><\/p>\n<p><span style=\"font-weight: 400;\">Os integrantes do BaixadaCine enfrentam o desafio da continuidade da atua\u00e7\u00e3o do coletivo. Sem um aporte financeiro permanente que garanta a realiza\u00e7\u00e3o das atividades, o BaixadaCine participa de pequenos editais. Quando consegue um recurso financeiro, produz o m\u00e1ximo poss\u00edvel, entendendo que a realidade padr\u00e3o \u00e9 n\u00e3o ter algum. \u201cConseguir fazer coisas com baixo ou nenhum or\u00e7amento \u00e9 a nossa ideia. E essa foi a principal mensagem que tentamos passar na Oficina Cinema de Periferia que fizemos\u201d, conta Beatriz.<\/span><\/p>\n<p><span style=\"font-weight: 400;\">A oficina foi parte do projeto do coletivo para formar cineastas da Baixada e foi realizada com apoio do Fundo <a href=\"http:\/\/bit.ly\/2NHhfqX\" target=\"_blank\" rel=\"noopener noreferrer\">Casa Fluminense<\/a>, como parte do <\/span><a href=\"http:\/\/bit.ly\/2pgpwHO\" target=\"_blank\" rel=\"noopener noreferrer\"><span style=\"font-weight: 400;\">edital Agenda Rio 2030<\/span><\/a><span style=\"font-weight: 400;\">. Em parceria com o <\/span><a href=\"http:\/\/bit.ly\/2GPMXic\" target=\"_blank\" rel=\"noopener noreferrer\"><span style=\"font-weight: 400;\">Centro Cultural Donana<\/span><\/a><span style=\"font-weight: 400;\">, o curso de forma\u00e7\u00e3o teve dura\u00e7\u00e3o de quatro semanas e os 20 alunos puderam, ao final, criar quatro curtas metragens com os pr\u00f3prios celulares. Os filmes \u201c<\/span><a href=\"http:\/\/bit.ly\/2M6jPow\" target=\"_blank\" rel=\"noopener noreferrer\"><span style=\"font-weight: 400;\">Inf\u00e2ncia<\/span><\/a><span style=\"font-weight: 400;\">\u201d, \u201c<\/span><a href=\"http:\/\/bit.ly\/2opuq5e\" target=\"_blank\" rel=\"noopener noreferrer\"><span style=\"font-weight: 400;\">Marrento<\/span><\/a><span style=\"font-weight: 400;\">\u201d, \u201c<\/span><a href=\"http:\/\/bit.ly\/2pgpH5W\" target=\"_blank\" rel=\"noopener noreferrer\"><span style=\"font-weight: 400;\">Bica da Mulata<\/span><\/a><span style=\"font-weight: 400;\">\u201d e \u201c<\/span><a href=\"http:\/\/bit.ly\/2B6pnck\" target=\"_blank\" rel=\"noopener noreferrer\"><span style=\"font-weight: 400;\">Cinema do Futuro: nossa verdade seja dita<\/span><\/a><span style=\"font-weight: 400;\">\u201d foram produzidos nos arredores do centro cultural com a participa\u00e7\u00e3o dos frequentadores do espa\u00e7o. A exibi\u00e7\u00e3o dos curtas contou com cerca de 50 moradores do bairro Piam.<\/span><\/p>\n<p><span style=\"font-weight: 400;\"><a href=\"https:\/\/rioonwatch.org.br\/wp-content\/uploads\/2019\/10\/CineBaixada2.jpeg\"><img loading=\"lazy\" decoding=\"async\" class=\"aligncenter wp-image-43768 size-content\" title=\"Momento de grava\u00e7\u00e3o dos curtas. Foto: Arquivo BaixadaCine\" src=\"https:\/\/rioonwatch.org.br\/wp-content\/uploads\/2019\/10\/CineBaixada2-620x264.jpeg\" alt=\"\" width=\"620\" height=\"264\" srcset=\"https:\/\/rioonwatch.org.br\/wp-content\/uploads\/2019\/10\/CineBaixada2-620x264.jpeg 620w, https:\/\/rioonwatch.org.br\/wp-content\/uploads\/2019\/10\/CineBaixada2-940x400.jpeg 940w\" sizes=\"(max-width: 620px) 100vw, 620px\" \/><\/a><\/span><\/p>\n<p><span style=\"font-weight: 400;\">\u201cFoi muito gratificante ver no dia da estreia as m\u00e3es das crian\u00e7as que participaram dos curtas produzidos no curso de forma\u00e7\u00e3o. Cinema n\u00e3o \u00e9 inclusivo, n\u00e3o \u00e9 para todos. \u00c9 preciso pol\u00edtica de incentivo para trazer p\u00fablico popular pras salas de cinema. \u00c9 preciso que a \u2018Dona Maria\u2019 e o \u2018Seu Z\u00e9\u2019 estejam nas mostras\u201d, afirma Sandro. Em paralelo \u00e0s oficinas de forma\u00e7\u00e3o, o BaixadaCine est\u00e1 produzindo um curta metragem chamado L.G. BAIXADA.T, com apoio do <\/span><a href=\"http:\/\/bit.ly\/35quTVk\" target=\"_blank\" rel=\"noopener noreferrer\"><span style=\"font-weight: 400;\">Lab Curta<\/span><\/a><span style=\"font-weight: 400;\">, uma chamada p\u00fablica com apoio da Secretaria de Estado de Cultura e da Light para fomentar curtas-metragens de baixo or\u00e7amento e incentivar a forma\u00e7\u00e3o de p\u00fablico colocando em circula\u00e7\u00e3o novas produ\u00e7\u00f5es cinematogr\u00e1ficas regionais.<\/span><\/p>\n<p><span style=\"font-weight: 400;\">O BaixadaCine, por meio de seu cineclube <\/span><a href=\"https:\/\/www.facebook.com\/CINEVELHOBREJO\/\"><span style=\"font-weight: 400;\">Velho Brejo<\/span><\/a><span style=\"font-weight: 400;\">, exibe suas pr\u00f3prias produ\u00e7\u00f5es e o <\/span><a href=\"http:\/\/bit.ly\/2Vzr23w\" target=\"_blank\" rel=\"noopener noreferrer\"><span style=\"font-weight: 400;\">cat\u00e1logo da Vitrine Filmes<\/span><\/a><span style=\"font-weight: 400;\"> em escolas p\u00fablicas, no campus do Instituto Federal do Rio de Janeiro (IFRJ) de Belford Roxo e no Centro Cultural Donana. Apesar de ser o \u00fanico exibidor de filmes na cidade, <\/span><span style=\"font-weight: 400;\">o coletivo BaixadaCine n\u00e3o conta com nenhum cineasta formado no grupo. O \u201ccorre\u201d dessa galera que ama cinema se divide entre a busca por est\u00e1gio, emprego e tamb\u00e9m pela entrada na universidade. A dificuldade no acesso a oportunidades \u00e9 uma preocupa\u00e7\u00e3o para os integrantes do coletivo.<\/span><\/p>\n<p><span style=\"font-weight: 400;\"><a href=\"https:\/\/rioonwatch.org.br\/wp-content\/uploads\/2019\/10\/CineBaixada3.jpeg\"><img loading=\"lazy\" decoding=\"async\" class=\"aligncenter wp-image-43769 size-medium\" title=\"No dia da exibi\u00e7\u00e3o dos curtas no Centro Cultural Donana. Foto: Arquivo BaixadaCine\" src=\"https:\/\/rioonwatch.org.br\/wp-content\/uploads\/2019\/10\/CineBaixada3-620x465.jpeg\" alt=\"\" width=\"620\" height=\"465\" srcset=\"https:\/\/rioonwatch.org.br\/wp-content\/uploads\/2019\/10\/CineBaixada3-620x465.jpeg 620w, https:\/\/rioonwatch.org.br\/wp-content\/uploads\/2019\/10\/CineBaixada3-352x264.jpeg 352w, https:\/\/rioonwatch.org.br\/wp-content\/uploads\/2019\/10\/CineBaixada3-174x131.jpeg 174w, https:\/\/rioonwatch.org.br\/wp-content\/uploads\/2019\/10\/CineBaixada3-300x225.jpeg 300w, https:\/\/rioonwatch.org.br\/wp-content\/uploads\/2019\/10\/CineBaixada3-70x53.jpeg 70w, https:\/\/rioonwatch.org.br\/wp-content\/uploads\/2019\/10\/CineBaixada3.jpeg 712w\" sizes=\"(max-width: 620px) 100vw, 620px\" \/><\/a><\/span><\/p>\n<p><span style=\"font-weight: 400;\">Atualmente, <\/span><span style=\"font-weight: 400;\">grupos e produtores culturais da Baixada <a href=\"http:\/\/bit.ly\/2MDV8iA\" target=\"_blank\" rel=\"noopener noreferrer\">v\u00eam se organizando para debater<\/a> a possibilidade de ampliar oportunidades na regi\u00e3o por meio da vinda do curso de Licenciatura em Audiovisual para o polo da <a href=\"http:\/\/bit.ly\/2KQx9xm\" target=\"_blank\" rel=\"noopener noreferrer\">UERJ<\/a> na Baixada, a Faculdade de Educa\u00e7\u00e3o da Baixada Fluminense (<a href=\"http:\/\/bit.ly\/2INK2GE\" target=\"_blank\" rel=\"noopener noreferrer\">FEBF<\/a>)<\/span><span style=\"font-weight: 400;\">. A Baixada Fluminense tem 3 milh\u00f5es de habitantes e nenhum curso de forma\u00e7\u00e3o em Cinema. No Rio de Janeiro, hoje, s\u00f3 existem dois cursos de gradua\u00e7\u00e3o em audiovisual: na <a href=\"http:\/\/bit.ly\/2wR1FPk\" target=\"_blank\" rel=\"noopener noreferrer\">UFF<\/a>, em Niter\u00f3i e na <a href=\"http:\/\/bit.ly\/2kb6iAY\" target=\"_blank\" rel=\"noopener noreferrer\">PUC<\/a>, na G\u00e1vea, na <a href=\"http:\/\/bit.ly\/2WL6FUi\" target=\"_blank\" rel=\"noopener noreferrer\">Zona Sul<\/a> do Rio. Al\u00e9m dessas poucas op\u00e7\u00f5es, existe o curso livre de cinema na <\/span><a href=\"http:\/\/bit.ly\/33yfQqC\" target=\"_blank\" rel=\"noopener noreferrer\"><span style=\"font-weight: 400;\">escola Darcy Ribeiro<\/span><\/a><span style=\"font-weight: 400;\">, no <a href=\"http:\/\/bit.ly\/2x1dXEP\" target=\"_blank\" rel=\"noopener noreferrer\">Centro<\/a> da cidade, mas o alto custo dos cursos \u00e9 um impeditivo para que jovens da periferia possam se qualificar na \u00e1rea. <\/span><\/p>\n<p><span style=\"font-weight: 400;\">Ter acesso \u00e0 capacita\u00e7\u00e3o espec\u00edfica facilita e amplia as possibilidades profissionais para quem tem interesse em trabalhar com cinema. Para Beatriz, \u00e9 necess\u00e1rio mudar o olhar que circunda o trabalho cultural,<\/span><span style=\"font-weight: 400;\"> sempre visto como uma profiss\u00e3o menor, pouco valorizada. Segundo ela, o preconceito, o conservadorismo e a falta de acesso aos produtos culturais tiram a possibilidade de sonhar dos jovens, principalmente os de periferia. \u201c\u00c9 negado a todas as pessoas que trabalham de segunda a sexta, pegando o trem lotado, a oportunidade de trabalhar com algo prazeroso, de acessar cultura e estudar com qualidade. A massa brasileira frequenta escolas que n\u00e3o t\u00eam professor. Como vai ter aula de artes? \u00c9 claro que \u00e9 preciso incentivar as pessoas da periferia a cursarem medicina e tecnologia, tamb\u00e9m. Mas quando n\u00e3o se tem acesso nenhum, o que resta \u00e9 arrumar um emprego no mercadinho e sobreviver. A vida pode ser muito maior e melhor que isso, e a gente s\u00f3 n\u00e3o pensa assim porque n\u00e3o deixam a gente sonhar\u201d, desabafa ela.<\/span><\/p>\n<p><span style=\"font-weight: 400;\"><a href=\"https:\/\/rioonwatch.org.br\/wp-content\/uploads\/2019\/10\/CineBaixada1.jpeg\"><img loading=\"lazy\" decoding=\"async\" class=\"aligncenter wp-image-43767 size-medium\" title=\"A equipe com crian\u00e7as durante uma oficina. Foto: Arquivo BaixadaCine\" src=\"https:\/\/rioonwatch.org.br\/wp-content\/uploads\/2019\/10\/CineBaixada1-620x465.jpeg\" alt=\"\" width=\"620\" height=\"465\" srcset=\"https:\/\/rioonwatch.org.br\/wp-content\/uploads\/2019\/10\/CineBaixada1-620x465.jpeg 620w, https:\/\/rioonwatch.org.br\/wp-content\/uploads\/2019\/10\/CineBaixada1-352x264.jpeg 352w, https:\/\/rioonwatch.org.br\/wp-content\/uploads\/2019\/10\/CineBaixada1-768x576.jpeg 768w, https:\/\/rioonwatch.org.br\/wp-content\/uploads\/2019\/10\/CineBaixada1-1024x768.jpeg 1024w, https:\/\/rioonwatch.org.br\/wp-content\/uploads\/2019\/10\/CineBaixada1-174x131.jpeg 174w, https:\/\/rioonwatch.org.br\/wp-content\/uploads\/2019\/10\/CineBaixada1-300x225.jpeg 300w, https:\/\/rioonwatch.org.br\/wp-content\/uploads\/2019\/10\/CineBaixada1-70x53.jpeg 70w, https:\/\/rioonwatch.org.br\/wp-content\/uploads\/2019\/10\/CineBaixada1.jpeg 1040w\" sizes=\"(max-width: 620px) 100vw, 620px\" \/><\/a><\/span><\/p>\n<p><span style=\"font-weight: 400;\">Quanto \u00e0s refer\u00eancias e que tipo de filmes gostariam de produzir, Sandro conta que existe hoje uma demanda pelo \u201ccinema de guerrilha\u201d produzido na periferia e por pessoas que vivem nesses territ\u00f3rios. \u201cFazer cinema na Baixada \u00e9 saber que todo sufoco que a gente t\u00e1 passando agora n\u00e3o vai acabar t\u00e3o cedo\u201d, conta o jovem cineasta. Influenciado por um diretor da periferia de Belo Horizonte, Andr\u00e9 Novais, da <\/span><a href=\"http:\/\/bit.ly\/35zpsn2\" target=\"_blank\" rel=\"noopener noreferrer\"><span style=\"font-weight: 400;\">Filmes de Pl\u00e1stico<\/span><\/a><span style=\"font-weight: 400;\">, o BaixadaCine quer democratizar o acesso das pessoas que moram na Baixada a uma produ\u00e7\u00e3o cultural menos elitizada e ajudar a popula\u00e7\u00e3o a se identificar com essas obras, fazendo-os se sentirem pertencentes. Al\u00e9m disso, querem produzir obras que tenham a representatividade que eles n\u00e3o cresceram vendo\u2014afinal, as produ\u00e7\u00f5es de cinema t\u00eam sempre os mesmos rostos. Para o coletivo, \u00e9 preciso que a periferia produza sobre a periferia, <a href=\"http:\/\/bit.ly\/2kDO4bL\" target=\"_blank\" rel=\"noopener noreferrer\">rompendo com os estere\u00f3tipos<\/a>.\u00a0<\/span><\/p>\n<p><span style=\"font-weight: 400;\">Os estere\u00f3tipos na produ\u00e7\u00e3o audiovisual n\u00e3o est\u00e3o somente em torno da caracteriza\u00e7\u00e3o da periferia, mas tamb\u00e9m ajudam a refor\u00e7ar outras desigualdades, como as raciais e de g\u00eanero. Beatriz afirma que o g\u00eanero \u00e9 mais que um impeditivo no audiovisual\u2014existem poucas mulheres produzindo. Dentre as poucas que existem, elas quase nunca s\u00e3o negras. \u201cS\u00e3o rar\u00edssimas as refer\u00eancias. Em v\u00e1rios momentos sinto que o que eu falo n\u00e3o \u00e9 levado a s\u00e9rio. Mulheres negras n\u00e3o t\u00eam credibilidade e eu trabalho para quebrar esse padr\u00e3o, mostrando para outras meninas e mulheres negras de periferia que elas podem ser o que quiserem e ocupar os cargos que quiserem ocupar e sonhar\u201d, afirma ela.<\/span><\/p>\n<p><span style=\"font-weight: 400;\">Indagados sobre onde querem chegar com o coletivo, a resposta \u00e9 un\u00e2nime: tornar-se refer\u00eancia na produ\u00e7\u00e3o audiovisual e cultural na Baixada Fluminense. Sandro cita a felicidade em ver outros coletivos na Baixada, em <a href=\"http:\/\/bit.ly\/2YytCa6\" target=\"_blank\" rel=\"noopener noreferrer\">Nova Igua\u00e7u<\/a> e Caxias que realizam cineclubes. O <\/span><a href=\"http:\/\/bit.ly\/32hi25F\" target=\"_blank\" rel=\"noopener noreferrer\"><span style=\"font-weight: 400;\">Mate com Ang\u00fa<\/span><\/a><span style=\"font-weight: 400;\"> e o <\/span><a href=\"http:\/\/bit.ly\/2OKLNIk\" target=\"_blank\" rel=\"noopener noreferrer\"><span style=\"font-weight: 400;\">Cineclube Imbari\u00ea nos Trilhos<\/span><\/a><span style=\"font-weight: 400;\"> tamb\u00e9m realizam exibi\u00e7\u00f5es em espa\u00e7os culturais, promovendo debates sobre cinema e fomentando a cena cultural na regi\u00e3o. Para al\u00e9m dessa felicidade, ele faz uma ressalva: &#8220;Fazemos cinema, mas precisamos comer e pagar as contas. O que a gente faz \u00e9 trabalho e a gente precisa de incentivo\u201d. Lorrane, emocionada, admite o qu\u00e3o desafiador \u00e9 produzir cinema em Belford Roxo, em meio a tantas demandas que existem na Baixada. \u201cA linguagem \u00e9 outra. A Baixada \u00e9 m\u00faltipla. A Baixada \u00e9 um g\u00eanero pr\u00f3prio de cinema\u201d, finaliza ela.<\/span><\/p>\n<p><em>Th\u00e1bara Garcia, moradora de Mag\u00e9, \u00e9 professora e faz parte do coletivo\u00a0<a href=\"http:\/\/bit.ly\/2wyjOkB\" target=\"_blank\" rel=\"noopener noreferrer\">Roda de Mulheres da Baixada<\/a>.<\/em><\/p>\n<!-- AddThis Advanced Settings generic via filter on the_content --><!-- AddThis Share Buttons generic via filter on the_content -->","protected":false},"excerpt":{"rendered":"<div class=\"mh-excerpt\"><p>Click Here for English Os desafios para a produ\u00e7\u00e3o cultural brasileira se imp\u00f5em cada vez mais em 2019. Em apenas dez meses, j\u00e1 ouvimos falar no an\u00fancio de fechamento de teatros, no risco do fim <a class=\"mh-excerpt-more\" href=\"https:\/\/rioonwatch.org.br\/?p=43705\" title=\"BaixadaCine Quer Transformar Belford Roxo na &#8216;Cidade do Amor&#8217; ao Cinema\">[&#8230;]<\/a><!-- AddThis Advanced Settings generic via filter on get_the_excerpt --><!-- AddThis Share Buttons generic via filter on get_the_excerpt --><\/p>\n<\/div>","protected":false},"author":152,"featured_media":43770,"comment_status":"closed","ping_status":"closed","sticky":false,"template":"","format":"standard","meta":{"_acf_changed":false,"_monsterinsights_skip_tracking":false,"_monsterinsights_sitenote_active":false,"_monsterinsights_sitenote_note":"","_monsterinsights_sitenote_category":0,"footnotes":""},"categories":[1621,1615,1625,342],"tags":[386,934,334,959,1579,2315,50,948,81,413,42,1372,719,635,560,1412,936,2120,751,476,370,2037],"writer":[2644],"translator":[],"source":[],"ilustrador":[],"fotografo":[],"class_list":{"0":"post-43705","1":"post","2":"type-post","3":"status-publish","4":"format-standard","5":"has-post-thumbnail","7":"category-destaque","8":"category-cultura-da-favela","9":"category-por-correspondentes-comunitarios","10":"category-solucoes","11":"tag-estigma","12":"tag-acesso","13":"tag-arte","14":"tag-baixada-fluminense","15":"tag-belford-roxo","16":"tag-cineclube","17":"tag-cinema","18":"tag-coletivo","19":"tag-cultura","20":"tag-desigualdade","21":"tag-genero","22":"tag-grande-rio","23":"tag-lazer","24":"tag-light","25":"tag-mobilidade","26":"tag-producao-cultural","27":"tag-raca","28":"tag-secretaria-de-cultura","29":"tag-sesc","30":"tag-solucao-comunitaria","31":"tag-transporte-publico","32":"tag-uerj","33":"writer-thabara-garcia"},"acf":[],"yoast_head":"<!-- This site is optimized with the Yoast SEO plugin v25.6 - https:\/\/yoast.com\/wordpress\/plugins\/seo\/ -->\n<title>BaixadaCine Quer Transformar Belford Roxo na &#039;Cidade do Amor&#039; ao Cinema - RioOnWatch<\/title>\n<meta name=\"robots\" content=\"index, follow, max-snippet:-1, max-image-preview:large, max-video-preview:-1\" \/>\n<link rel=\"canonical\" href=\"https:\/\/rioonwatch.org.br\/?p=43705\" \/>\n<meta property=\"og:locale\" content=\"pt_BR\" \/>\n<meta property=\"og:type\" content=\"article\" \/>\n<meta property=\"og:title\" content=\"BaixadaCine Quer Transformar Belford Roxo na &#039;Cidade do Amor&#039; ao Cinema - RioOnWatch\" \/>\n<meta property=\"og:description\" content=\"Click Here for English Os desafios para a produ\u00e7\u00e3o cultural brasileira se imp\u00f5em cada vez mais em 2019. Em apenas dez meses, j\u00e1 ouvimos falar no an\u00fancio de fechamento de teatros, no risco do fim [...]\" \/>\n<meta property=\"og:url\" content=\"https:\/\/rioonwatch.org.br\/?p=43705\" \/>\n<meta property=\"og:site_name\" content=\"RioOnWatch\" \/>\n<meta property=\"article:published_time\" content=\"2019-10-23T15:52:30+00:00\" \/>\n<meta property=\"article:modified_time\" content=\"2024-06-20T19:16:53+00:00\" \/>\n<meta property=\"og:image\" content=\"https:\/\/rioonwatch.org.br\/wp-content\/uploads\/2019\/10\/CineBaixada4-e1571806747831.jpeg\" \/>\n\t<meta property=\"og:image:width\" content=\"1280\" \/>\n\t<meta property=\"og:image:height\" content=\"588\" \/>\n\t<meta property=\"og:image:type\" content=\"image\/jpeg\" \/>\n<meta name=\"author\" content=\"Luisa Fenizola\" \/>\n<meta name=\"twitter:card\" content=\"summary_large_image\" \/>\n<meta name=\"twitter:label1\" content=\"Escrito por\" \/>\n\t<meta name=\"twitter:data1\" content=\"Luisa Fenizola\" \/>\n\t<meta name=\"twitter:label2\" content=\"Est. tempo de leitura\" \/>\n\t<meta name=\"twitter:data2\" content=\"9 minutos\" \/>\n<script type=\"application\/ld+json\" class=\"yoast-schema-graph\">{\"@context\":\"https:\/\/schema.org\",\"@graph\":[{\"@type\":\"Article\",\"@id\":\"https:\/\/rioonwatch.org.br\/?p=43705#article\",\"isPartOf\":{\"@id\":\"https:\/\/rioonwatch.org.br\/?p=43705\"},\"author\":{\"name\":\"Luisa Fenizola\",\"@id\":\"https:\/\/rioonwatch.org.br\/#\/schema\/person\/f443c6b55bb6e80842280318076491c5\"},\"headline\":\"BaixadaCine Quer Transformar Belford Roxo na &#8216;Cidade do Amor&#8217; ao Cinema\",\"datePublished\":\"2019-10-23T15:52:30+00:00\",\"dateModified\":\"2024-06-20T19:16:53+00:00\",\"mainEntityOfPage\":{\"@id\":\"https:\/\/rioonwatch.org.br\/?p=43705\"},\"wordCount\":1901,\"publisher\":{\"@id\":\"https:\/\/rioonwatch.org.br\/#organization\"},\"image\":{\"@id\":\"https:\/\/rioonwatch.org.br\/?p=43705#primaryimage\"},\"thumbnailUrl\":\"https:\/\/rioonwatch.org.br\/wp-content\/uploads\/2019\/10\/CineBaixada4-e1571806747831.jpeg\",\"keywords\":[\"#StopFavelaStigma\",\"acesso\",\"arte\",\"Baixada Fluminense\",\"Belford Roxo\",\"cineclube\",\"cinema\",\"coletivo\",\"cultura\",\"desigualdade\",\"g\u00eanero\",\"Grande Rio\",\"lazer\",\"Light\",\"mobilidade\",\"produ\u00e7\u00e3o cultural\",\"ra\u00e7a\",\"Secretaria de Cultura\",\"SESC\",\"solu\u00e7\u00e3o comunit\u00e1ria\",\"transporte p\u00fablico\",\"UERJ\"],\"articleSection\":[\"*Destaque\",\"Cultura da Favela\",\"Escrito por Comunicadores Populares\",\"Solu\u00e7\u00f5es\"],\"inLanguage\":\"pt-BR\"},{\"@type\":\"WebPage\",\"@id\":\"https:\/\/rioonwatch.org.br\/?p=43705\",\"url\":\"https:\/\/rioonwatch.org.br\/?p=43705\",\"name\":\"BaixadaCine Quer Transformar Belford Roxo na 'Cidade do Amor' ao Cinema - RioOnWatch\",\"isPartOf\":{\"@id\":\"https:\/\/rioonwatch.org.br\/#website\"},\"primaryImageOfPage\":{\"@id\":\"https:\/\/rioonwatch.org.br\/?p=43705#primaryimage\"},\"image\":{\"@id\":\"https:\/\/rioonwatch.org.br\/?p=43705#primaryimage\"},\"thumbnailUrl\":\"https:\/\/rioonwatch.org.br\/wp-content\/uploads\/2019\/10\/CineBaixada4-e1571806747831.jpeg\",\"datePublished\":\"2019-10-23T15:52:30+00:00\",\"dateModified\":\"2024-06-20T19:16:53+00:00\",\"breadcrumb\":{\"@id\":\"https:\/\/rioonwatch.org.br\/?p=43705#breadcrumb\"},\"inLanguage\":\"pt-BR\",\"potentialAction\":[{\"@type\":\"ReadAction\",\"target\":[\"https:\/\/rioonwatch.org.br\/?p=43705\"]}]},{\"@type\":\"ImageObject\",\"inLanguage\":\"pt-BR\",\"@id\":\"https:\/\/rioonwatch.org.br\/?p=43705#primaryimage\",\"url\":\"https:\/\/rioonwatch.org.br\/wp-content\/uploads\/2019\/10\/CineBaixada4-e1571806747831.jpeg\",\"contentUrl\":\"https:\/\/rioonwatch.org.br\/wp-content\/uploads\/2019\/10\/CineBaixada4-e1571806747831.jpeg\",\"width\":1280,\"height\":588},{\"@type\":\"BreadcrumbList\",\"@id\":\"https:\/\/rioonwatch.org.br\/?p=43705#breadcrumb\",\"itemListElement\":[{\"@type\":\"ListItem\",\"position\":1,\"name\":\"In\u00edcio\",\"item\":\"https:\/\/rioonwatch.org.br\/\"},{\"@type\":\"ListItem\",\"position\":2,\"name\":\"BaixadaCine Quer Transformar Belford Roxo na &#8216;Cidade do Amor&#8217; ao Cinema\"}]},{\"@type\":\"WebSite\",\"@id\":\"https:\/\/rioonwatch.org.br\/#website\",\"url\":\"https:\/\/rioonwatch.org.br\/\",\"name\":\"RioOnWatch\",\"description\":\"relatos das favelas cariocas\",\"publisher\":{\"@id\":\"https:\/\/rioonwatch.org.br\/#organization\"},\"potentialAction\":[{\"@type\":\"SearchAction\",\"target\":{\"@type\":\"EntryPoint\",\"urlTemplate\":\"https:\/\/rioonwatch.org.br\/?s={search_term_string}\"},\"query-input\":{\"@type\":\"PropertyValueSpecification\",\"valueRequired\":true,\"valueName\":\"search_term_string\"}}],\"inLanguage\":\"pt-BR\"},{\"@type\":\"Organization\",\"@id\":\"https:\/\/rioonwatch.org.br\/#organization\",\"name\":\"RioOnWatch\",\"url\":\"https:\/\/rioonwatch.org.br\/\",\"logo\":{\"@type\":\"ImageObject\",\"inLanguage\":\"pt-BR\",\"@id\":\"https:\/\/rioonwatch.org.br\/#\/schema\/logo\/image\/\",\"url\":\"https:\/\/rioonwatch.org.br\/wp-content\/uploads\/2021\/06\/RioOnWatchcabecalhoPT11anos-2.png\",\"contentUrl\":\"https:\/\/rioonwatch.org.br\/wp-content\/uploads\/2021\/06\/RioOnWatchcabecalhoPT11anos-2.png\",\"width\":779,\"height\":277,\"caption\":\"RioOnWatch\"},\"image\":{\"@id\":\"https:\/\/rioonwatch.org.br\/#\/schema\/logo\/image\/\"}},{\"@type\":\"Person\",\"@id\":\"https:\/\/rioonwatch.org.br\/#\/schema\/person\/f443c6b55bb6e80842280318076491c5\",\"name\":\"Luisa Fenizola\",\"image\":{\"@type\":\"ImageObject\",\"inLanguage\":\"pt-BR\",\"@id\":\"https:\/\/rioonwatch.org.br\/#\/schema\/person\/image\/\",\"url\":\"https:\/\/secure.gravatar.com\/avatar\/a3d551110162b9f876cbbdaaecf75663?s=96&d=blank&r=g\",\"contentUrl\":\"https:\/\/secure.gravatar.com\/avatar\/a3d551110162b9f876cbbdaaecf75663?s=96&d=blank&r=g\",\"caption\":\"Luisa Fenizola\"},\"url\":\"https:\/\/rioonwatch.org.br\/?author=152\"}]}<\/script>\n<!-- \/ Yoast SEO plugin. -->","yoast_head_json":{"title":"BaixadaCine Quer Transformar Belford Roxo na 'Cidade do Amor' ao Cinema - RioOnWatch","robots":{"index":"index","follow":"follow","max-snippet":"max-snippet:-1","max-image-preview":"max-image-preview:large","max-video-preview":"max-video-preview:-1"},"canonical":"https:\/\/rioonwatch.org.br\/?p=43705","og_locale":"pt_BR","og_type":"article","og_title":"BaixadaCine Quer Transformar Belford Roxo na 'Cidade do Amor' ao Cinema - RioOnWatch","og_description":"Click Here for English Os desafios para a produ\u00e7\u00e3o cultural brasileira se imp\u00f5em cada vez mais em 2019. Em apenas dez meses, j\u00e1 ouvimos falar no an\u00fancio de fechamento de teatros, no risco do fim [...]","og_url":"https:\/\/rioonwatch.org.br\/?p=43705","og_site_name":"RioOnWatch","article_published_time":"2019-10-23T15:52:30+00:00","article_modified_time":"2024-06-20T19:16:53+00:00","og_image":[{"width":1280,"height":588,"url":"https:\/\/rioonwatch.org.br\/wp-content\/uploads\/2019\/10\/CineBaixada4-e1571806747831.jpeg","type":"image\/jpeg"}],"author":"Luisa Fenizola","twitter_card":"summary_large_image","twitter_misc":{"Escrito por":"Luisa Fenizola","Est. tempo de leitura":"9 minutos"},"schema":{"@context":"https:\/\/schema.org","@graph":[{"@type":"Article","@id":"https:\/\/rioonwatch.org.br\/?p=43705#article","isPartOf":{"@id":"https:\/\/rioonwatch.org.br\/?p=43705"},"author":{"name":"Luisa Fenizola","@id":"https:\/\/rioonwatch.org.br\/#\/schema\/person\/f443c6b55bb6e80842280318076491c5"},"headline":"BaixadaCine Quer Transformar Belford Roxo na &#8216;Cidade do Amor&#8217; ao Cinema","datePublished":"2019-10-23T15:52:30+00:00","dateModified":"2024-06-20T19:16:53+00:00","mainEntityOfPage":{"@id":"https:\/\/rioonwatch.org.br\/?p=43705"},"wordCount":1901,"publisher":{"@id":"https:\/\/rioonwatch.org.br\/#organization"},"image":{"@id":"https:\/\/rioonwatch.org.br\/?p=43705#primaryimage"},"thumbnailUrl":"https:\/\/rioonwatch.org.br\/wp-content\/uploads\/2019\/10\/CineBaixada4-e1571806747831.jpeg","keywords":["#StopFavelaStigma","acesso","arte","Baixada Fluminense","Belford Roxo","cineclube","cinema","coletivo","cultura","desigualdade","g\u00eanero","Grande Rio","lazer","Light","mobilidade","produ\u00e7\u00e3o cultural","ra\u00e7a","Secretaria de Cultura","SESC","solu\u00e7\u00e3o comunit\u00e1ria","transporte p\u00fablico","UERJ"],"articleSection":["*Destaque","Cultura da Favela","Escrito por Comunicadores Populares","Solu\u00e7\u00f5es"],"inLanguage":"pt-BR"},{"@type":"WebPage","@id":"https:\/\/rioonwatch.org.br\/?p=43705","url":"https:\/\/rioonwatch.org.br\/?p=43705","name":"BaixadaCine Quer Transformar Belford Roxo na 'Cidade do Amor' ao Cinema - RioOnWatch","isPartOf":{"@id":"https:\/\/rioonwatch.org.br\/#website"},"primaryImageOfPage":{"@id":"https:\/\/rioonwatch.org.br\/?p=43705#primaryimage"},"image":{"@id":"https:\/\/rioonwatch.org.br\/?p=43705#primaryimage"},"thumbnailUrl":"https:\/\/rioonwatch.org.br\/wp-content\/uploads\/2019\/10\/CineBaixada4-e1571806747831.jpeg","datePublished":"2019-10-23T15:52:30+00:00","dateModified":"2024-06-20T19:16:53+00:00","breadcrumb":{"@id":"https:\/\/rioonwatch.org.br\/?p=43705#breadcrumb"},"inLanguage":"pt-BR","potentialAction":[{"@type":"ReadAction","target":["https:\/\/rioonwatch.org.br\/?p=43705"]}]},{"@type":"ImageObject","inLanguage":"pt-BR","@id":"https:\/\/rioonwatch.org.br\/?p=43705#primaryimage","url":"https:\/\/rioonwatch.org.br\/wp-content\/uploads\/2019\/10\/CineBaixada4-e1571806747831.jpeg","contentUrl":"https:\/\/rioonwatch.org.br\/wp-content\/uploads\/2019\/10\/CineBaixada4-e1571806747831.jpeg","width":1280,"height":588},{"@type":"BreadcrumbList","@id":"https:\/\/rioonwatch.org.br\/?p=43705#breadcrumb","itemListElement":[{"@type":"ListItem","position":1,"name":"In\u00edcio","item":"https:\/\/rioonwatch.org.br\/"},{"@type":"ListItem","position":2,"name":"BaixadaCine Quer Transformar Belford Roxo na &#8216;Cidade do Amor&#8217; ao Cinema"}]},{"@type":"WebSite","@id":"https:\/\/rioonwatch.org.br\/#website","url":"https:\/\/rioonwatch.org.br\/","name":"RioOnWatch","description":"relatos das favelas cariocas","publisher":{"@id":"https:\/\/rioonwatch.org.br\/#organization"},"potentialAction":[{"@type":"SearchAction","target":{"@type":"EntryPoint","urlTemplate":"https:\/\/rioonwatch.org.br\/?s={search_term_string}"},"query-input":{"@type":"PropertyValueSpecification","valueRequired":true,"valueName":"search_term_string"}}],"inLanguage":"pt-BR"},{"@type":"Organization","@id":"https:\/\/rioonwatch.org.br\/#organization","name":"RioOnWatch","url":"https:\/\/rioonwatch.org.br\/","logo":{"@type":"ImageObject","inLanguage":"pt-BR","@id":"https:\/\/rioonwatch.org.br\/#\/schema\/logo\/image\/","url":"https:\/\/rioonwatch.org.br\/wp-content\/uploads\/2021\/06\/RioOnWatchcabecalhoPT11anos-2.png","contentUrl":"https:\/\/rioonwatch.org.br\/wp-content\/uploads\/2021\/06\/RioOnWatchcabecalhoPT11anos-2.png","width":779,"height":277,"caption":"RioOnWatch"},"image":{"@id":"https:\/\/rioonwatch.org.br\/#\/schema\/logo\/image\/"}},{"@type":"Person","@id":"https:\/\/rioonwatch.org.br\/#\/schema\/person\/f443c6b55bb6e80842280318076491c5","name":"Luisa Fenizola","image":{"@type":"ImageObject","inLanguage":"pt-BR","@id":"https:\/\/rioonwatch.org.br\/#\/schema\/person\/image\/","url":"https:\/\/secure.gravatar.com\/avatar\/a3d551110162b9f876cbbdaaecf75663?s=96&d=blank&r=g","contentUrl":"https:\/\/secure.gravatar.com\/avatar\/a3d551110162b9f876cbbdaaecf75663?s=96&d=blank&r=g","caption":"Luisa Fenizola"},"url":"https:\/\/rioonwatch.org.br\/?author=152"}]}},"_links":{"self":[{"href":"https:\/\/rioonwatch.org.br\/index.php?rest_route=\/wp\/v2\/posts\/43705"}],"collection":[{"href":"https:\/\/rioonwatch.org.br\/index.php?rest_route=\/wp\/v2\/posts"}],"about":[{"href":"https:\/\/rioonwatch.org.br\/index.php?rest_route=\/wp\/v2\/types\/post"}],"author":[{"embeddable":true,"href":"https:\/\/rioonwatch.org.br\/index.php?rest_route=\/wp\/v2\/users\/152"}],"replies":[{"embeddable":true,"href":"https:\/\/rioonwatch.org.br\/index.php?rest_route=%2Fwp%2Fv2%2Fcomments&post=43705"}],"version-history":[{"count":24,"href":"https:\/\/rioonwatch.org.br\/index.php?rest_route=\/wp\/v2\/posts\/43705\/revisions"}],"predecessor-version":[{"id":44661,"href":"https:\/\/rioonwatch.org.br\/index.php?rest_route=\/wp\/v2\/posts\/43705\/revisions\/44661"}],"wp:featuredmedia":[{"embeddable":true,"href":"https:\/\/rioonwatch.org.br\/index.php?rest_route=\/wp\/v2\/media\/43770"}],"wp:attachment":[{"href":"https:\/\/rioonwatch.org.br\/index.php?rest_route=%2Fwp%2Fv2%2Fmedia&parent=43705"}],"wp:term":[{"taxonomy":"category","embeddable":true,"href":"https:\/\/rioonwatch.org.br\/index.php?rest_route=%2Fwp%2Fv2%2Fcategories&post=43705"},{"taxonomy":"post_tag","embeddable":true,"href":"https:\/\/rioonwatch.org.br\/index.php?rest_route=%2Fwp%2Fv2%2Ftags&post=43705"},{"taxonomy":"writer","embeddable":true,"href":"https:\/\/rioonwatch.org.br\/index.php?rest_route=%2Fwp%2Fv2%2Fwriter&post=43705"},{"taxonomy":"translator","embeddable":true,"href":"https:\/\/rioonwatch.org.br\/index.php?rest_route=%2Fwp%2Fv2%2Ftranslator&post=43705"},{"taxonomy":"source","embeddable":true,"href":"https:\/\/rioonwatch.org.br\/index.php?rest_route=%2Fwp%2Fv2%2Fsource&post=43705"},{"taxonomy":"ilustrador","embeddable":true,"href":"https:\/\/rioonwatch.org.br\/index.php?rest_route=%2Fwp%2Fv2%2Filustrador&post=43705"},{"taxonomy":"fotografo","embeddable":true,"href":"https:\/\/rioonwatch.org.br\/index.php?rest_route=%2Fwp%2Fv2%2Ffotografo&post=43705"}],"curies":[{"name":"wp","href":"https:\/\/api.w.org\/{rel}","templated":true}]}}