{"id":43742,"date":"2020-01-21T02:10:26","date_gmt":"2020-01-21T05:10:26","guid":{"rendered":"https:\/\/rioonwatch.org.br\/?p=43742"},"modified":"2020-02-18T14:28:16","modified_gmt":"2020-02-18T17:28:16","slug":"os-artistas-cidadaos-do-cine-rock-em-rio-das-pedras-redefavelasustentavel-perfil","status":"publish","type":"post","link":"https:\/\/rioonwatch.org.br\/?p=43742","title":{"rendered":"&#8216;Os Artistas Cidad\u00e3os&#8217; do Cine &#038; Rock, em Rio das Pedras #RedeFavelaSustent\u00e1vel [PERFIL]"},"content":{"rendered":"<p style=\"text-align: right;\"><em><strong><a href=\"http:\/\/bit.ly\/2SyRnih\" target=\"_blank\" rel=\"noopener noreferrer\">Click Here for English<\/a><a href=\"http:\/\/bit.ly\/2SyRnih\" target=\"_blank\" rel=\"noopener noreferrer\"><img decoding=\"async\" width=\"20\" height=\"20\" class=\"alignright wp-image-15790\" src=\"http:\/\/rioonwatch.org.br\/wp-content\/uploads\/2012\/08\/EN-standard-e1439583104716.jpg\" \/><\/a><\/strong><\/em><\/p>\n<blockquote><p><span style=\"text-decoration: underline;\"><strong>Iniciativa<\/strong><\/span>: Cine &amp; Rock<br \/>\n<span style=\"text-decoration: underline;\"><b>Contato<\/b><\/span>: <a href=\"http:\/\/bit.ly\/2MV4NBc\" target=\"_blank\" rel=\"noopener noreferrer\">Blog<\/a> | <a href=\"http:\/\/bit.ly\/2IBRgNz\" target=\"_blank\" rel=\"noopener noreferrer\">Facebook<\/a> | <a href=\"mailto:cinerock@favelasustentavel.org\" target=\"_blank\" rel=\"noopener noreferrer\">Email<\/a><a href=\"http:\/\/bit.ly\/29Rg1Xk\"><br \/>\n<\/a><span style=\"text-decoration: underline;\"><b>Ano de Funda\u00e7\u00e3o<\/b><\/span>: 2013<br \/>\n<span style=\"text-decoration: underline;\"><b>Comunidade<\/b><\/span>: <span style=\"font-weight: 400;\">Rio das Pedras<\/span><br \/>\n<span style=\"text-decoration: underline;\"><b>Miss\u00e3o<\/b><\/span>: Promover o fortalecimento da cidadania plena e da justi\u00e7a social atrav\u00e9s do desenvolvimento das culturas urbanas como meio democr\u00e1tico de transforma\u00e7\u00e3o social.<br \/>\n<span style=\"text-decoration: underline;\"><b>Eventos P\u00fablicos<\/b><\/span>: Conjunto de a\u00e7\u00f5es afirmativas como ensaio das bandas em est\u00fadios, exibi\u00e7\u00e3o de filmes, apresenta\u00e7\u00f5es de bandas de rock com shows ao vivo em pra\u00e7as p\u00fablicas para um p\u00fablico adulto e infantil. Confira a p\u00e1gina do Cine &amp; Rock no <a href=\"http:\/\/bit.ly\/2IBRgNz\" target=\"_blank\" rel=\"noopener noreferrer\">Facebook<\/a> para mais informa\u00e7\u00f5es.<br \/>\n<span style=\"text-decoration: underline;\"><b>Como Contribuir<\/b><\/span>: Divulgue e participe dos eventos, apoie financeiramente a iniciativa. A iniciativa est\u00e1 precisando de computadores.<\/p><\/blockquote>\n<p>Ao chegar de tarde na comunidade <a href=\"http:\/\/bit.ly\/2MJsZq4\" target=\"_blank\" rel=\"noopener noreferrer\">Rio das Pedras<\/a>, na antiga Pra\u00e7a dos Pinheiros, conhecida hoje como Pra\u00e7a dos Rockeiros, visitantes curiosos podem se deparar com crian\u00e7as de todas as idades, brincando de perna-de-pau ou fazendo capoeira, acompanhadas por <a href=\"http:\/\/bit.ly\/2BrHGsB\" target=\"_blank\" rel=\"noopener noreferrer\">L\u00e9u Oliveira<\/a>, fundador do <a href=\"http:\/\/bit.ly\/2IBRgNz\" target=\"_blank\" rel=\"noopener noreferrer\">Movimento Cultural Cine e Rock<\/a>.<\/p>\n<p>Origin\u00e1rio de Bras\u00edlia\u2014considerada capital nacional do Rock\u2014L\u00e9u se formou em Ci\u00eancias Sociais com \u00eanfase em Produ\u00e7\u00e3o e Pol\u00edticas Culturais. Ao longo do seu percurso, se especializou em comunica\u00e7\u00e3o social e produ\u00e7\u00e3o cultural. Enquanto produtor cultural, membro do <a href=\"http:\/\/bit.ly\/31o39gW\" target=\"_blank\" rel=\"noopener noreferrer\">Conselho Nacional de Pol\u00edticas Culturais<\/a> (CNPC) e parecerista do <a href=\"http:\/\/bit.ly\/2ryfiDy\" target=\"_blank\" rel=\"noopener noreferrer\">Minist\u00e9rio do Cultura<\/a>, L\u00e9u sempre considerou a arte como agente potente de transforma\u00e7\u00e3o social e cultural. Para tal, dentre outras, ele tem trabalhado com t\u00e9cnicas do <a href=\"http:\/\/bit.ly\/2P0x8c0\" target=\"_blank\" rel=\"noopener noreferrer\">Teatro do Oprimido<\/a>.<\/p>\n<p><a href=\"https:\/\/rioonwatch.org.br\/wp-content\/uploads\/2019\/10\/Cine-Rock-1.jpg\"><img fetchpriority=\"high\" decoding=\"async\" class=\"aligncenter wp-image-43869 size-content\" title=\"Crian\u00e7as brincando de Perna-de-Pau na Pra\u00e7a dos Rockeiros\" src=\"https:\/\/rioonwatch.org.br\/wp-content\/uploads\/2019\/10\/Cine-Rock-1-620x264.jpg\" alt=\"\" width=\"620\" height=\"264\" srcset=\"https:\/\/rioonwatch.org.br\/wp-content\/uploads\/2019\/10\/Cine-Rock-1-620x264.jpg 620w, https:\/\/rioonwatch.org.br\/wp-content\/uploads\/2019\/10\/Cine-Rock-1-940x400.jpg 940w\" sizes=\"(max-width: 620px) 100vw, 620px\" \/><\/a><\/p>\n<h3><b>&#8216;Essa pra\u00e7a aqui era um grande lix\u00e3o&#8217;<\/b><\/h3>\n<p>Em 2009, L\u00e9u chegou ao Rio de Janeiro e atrav\u00e9s de amigos do Rock, descobriu Rio das Pedras e particularmente a Pra\u00e7a dos Pinheiros. Na Pra\u00e7a dos Pinheiros, jovens e adolescentes se encontravam para bater papo, beber, ouvir e tocar Rock, formando a partir de 2012 o Coletivo <a href=\"http:\/\/bit.ly\/33G6UQ6\" target=\"_blank\" rel=\"noopener noreferrer\">Rockeiros do Pinheiro em A\u00e7\u00e3o<\/a>.<\/p>\n<p>Rio das Pedras, uma das maiores favelas do Rio de Janeiro, na \u00e9poca vivia sobre press\u00e3o por poderes locais. <em>\u201c<\/em>Na verdade, eu n\u00e3o sou do Rock. Eu sou da cultura popular, do teatro. Trabalhei muito como palha\u00e7o\u201d, disse L\u00e9u ao relatar seu percurso. \u201cMas naquele momento, o Rock estava sofrendo uma grande opress\u00e3o. Poderia ter sido qualquer outro movimento musical, como o funk, o rap por exemplo&#8221;.<\/p>\n<p><a href=\"https:\/\/rioonwatch.org.br\/wp-content\/uploads\/2019\/10\/Cine-Rock-5-e1571364809799.jpg\"><img decoding=\"async\" class=\"aligncenter wp-image-43933 size-medium\" title=\"Os Rockeiros do Pinheiro em A\u00e7\u00e3o no dia da limpeza da Pra\u00e7a \" src=\"https:\/\/rioonwatch.org.br\/wp-content\/uploads\/2019\/10\/Cine-Rock-5-e1571364809799-620x265.jpg\" alt=\"\" width=\"620\" height=\"265\" srcset=\"https:\/\/rioonwatch.org.br\/wp-content\/uploads\/2019\/10\/Cine-Rock-5-e1571364809799-620x264.jpg 620w, https:\/\/rioonwatch.org.br\/wp-content\/uploads\/2019\/10\/Cine-Rock-5-e1571364809799-618x264.jpg 618w, https:\/\/rioonwatch.org.br\/wp-content\/uploads\/2019\/10\/Cine-Rock-5-e1571364809799-768x328.jpg 768w, https:\/\/rioonwatch.org.br\/wp-content\/uploads\/2019\/10\/Cine-Rock-5-e1571364809799-1024x438.jpg 1024w, https:\/\/rioonwatch.org.br\/wp-content\/uploads\/2019\/10\/Cine-Rock-5-e1571364809799-940x400.jpg 940w, https:\/\/rioonwatch.org.br\/wp-content\/uploads\/2019\/10\/Cine-Rock-5-e1571364809799.jpg 2048w\" sizes=\"(max-width: 620px) 100vw, 620px\" \/><\/a><\/p>\n<p>&#8220;A seguran\u00e7a local n\u00e3o queria ter dor de cabe\u00e7a, jovens reunidos traziam o medo de dar problema. Ent\u00e3o eles botavam armas nas caras dos meninos e finalmente expulsaram eles da pra\u00e7a&#8221;, explicou L\u00e9u. Os jovens tentarem se reunir em outra pra\u00e7a de Rio das Pedras, a Pra\u00e7a do Pist\u00e3o, mas acabaram sendo expulsos de la tamb\u00e9m. Al\u00e9m disso, os rockeiros sofriam de uma forte estigmatiza\u00e7\u00e3o da parte dos moradores de Rio das Pedras, considerados como &#8220;marginais, sujos, filhos do dem\u00f4nio&#8221;.<\/p>\n<p><a href=\"https:\/\/rioonwatch.org.br\/wp-content\/uploads\/2019\/10\/Cine-Rock-3-e1571359660118.jpg\"><img loading=\"lazy\" decoding=\"async\" class=\"aligncenter wp-image-43928 size-content\" title=\"Limpeza da Pra\u00e7a \" src=\"https:\/\/rioonwatch.org.br\/wp-content\/uploads\/2019\/10\/Cine-Rock-3-e1571359660118-620x264.jpg\" alt=\"\" width=\"620\" height=\"264\" srcset=\"https:\/\/rioonwatch.org.br\/wp-content\/uploads\/2019\/10\/Cine-Rock-3-e1571359660118-620x264.jpg 620w, https:\/\/rioonwatch.org.br\/wp-content\/uploads\/2019\/10\/Cine-Rock-3-e1571359660118-618x264.jpg 618w, https:\/\/rioonwatch.org.br\/wp-content\/uploads\/2019\/10\/Cine-Rock-3-e1571359660118-768x328.jpg 768w, https:\/\/rioonwatch.org.br\/wp-content\/uploads\/2019\/10\/Cine-Rock-3-e1571359660118-1024x438.jpg 1024w, https:\/\/rioonwatch.org.br\/wp-content\/uploads\/2019\/10\/Cine-Rock-3-e1571359660118-940x400.jpg 940w, https:\/\/rioonwatch.org.br\/wp-content\/uploads\/2019\/10\/Cine-Rock-3-e1571359660118.jpg 2048w\" sizes=\"(max-width: 620px) 100vw, 620px\" \/><\/a><\/p>\n<p>Para sair desta situa\u00e7\u00e3o, L\u00e9u decidiu &#8220;tomar a frente com a galera para limpar o grande lix\u00e3o que era a Pra\u00e7a dos Pinheiros&#8221;. Ent\u00e3o, em mar\u00e7o de 2013, os Rockeiros do Pinheiro em A\u00e7\u00e3o organizaram uma tarde de mutir\u00e3o, reunindo 54 crian\u00e7as e jovens para transformar n\u00e3o somente a imagem da pra\u00e7a, mas tamb\u00e9m a imagem do rock dentro da pr\u00f3pria comunidade. &#8220;A galera se juntou em busca de um pertencimento territorial&#8221;, conta L\u00e9u. Ap\u00f3s a limpeza e a cria\u00e7\u00e3o de uma horta no local, os jovens rockeiros ocuparem o Centro de Conviv\u00eancia da Prefeitura situado na pra\u00e7a, que estava sem uso a muito tempo. Eles organizavam regularmente shows de rock e proje\u00e7\u00e3o de filmes ao ponto da iniciativa trocar de nome e se tornar, em 2013, Cine &amp; Rock. Em 2015, a Prefeitura expulsou os rockeiros do Centro de Conviv\u00eancia.<\/p>\n<p><a href=\"https:\/\/rioonwatch.org.br\/wp-content\/uploads\/2019\/12\/Est\u00fadio-M\u00f3vel.jpg\"><img loading=\"lazy\" decoding=\"async\" class=\"aligncenter wp-image-44990 size-content\" title=\"Est\u00fadio m\u00f3vel da Caravana Cine &amp; Rock\" src=\"https:\/\/rioonwatch.org.br\/wp-content\/uploads\/2019\/12\/Est\u00fadio-M\u00f3vel-620x264.jpg\" alt=\"\" width=\"620\" height=\"264\" \/><\/a><\/p>\n<p>Por\u00e9m, no in\u00edcio de 2015 o Cine &amp; Rock <a href=\"http:\/\/bit.ly\/2EXYfhC\" target=\"_blank\" rel=\"noopener noreferrer\">foi contemplado com o pr\u00eamio A\u00e7\u00f5es Locais,<\/a> da Prefeitura do Rio, que reconheceu que o Cine &amp; Rock \u00e9 o primeiro e \u00fanico ponto de cultura com a linguagem do rock no Rio de Janeiro. Com a verba do pr\u00eamio, a iniciativa adquiriu um \u00f4nibus que foi transformado em um est\u00fadio m\u00f3vel, permitindo levar suas atra\u00e7\u00f5es a v\u00e1rios lugares. Assim, foi criada a <a href=\"http:\/\/bit.ly\/354GAzL\" target=\"_blank\" rel=\"noopener noreferrer\">Caravana Cine &amp; Rock<\/a> de valoriza\u00e7\u00e3o da cultura urbana em pra\u00e7as p\u00fablicas, e as atividades do Cine &amp; Rock continuaram, passando a ser realizadas em pra\u00e7as ao redor do pa\u00eds.<\/p>\n<p>No entanto, Em 2016, gra\u00e7as a v\u00e1rias doa\u00e7\u00f5es, principal meio de financiamento do movimento, o Cine &amp; Rock p\u00f4de finalmente come\u00e7ar a construir sua pr\u00f3pria sede na pra\u00e7a.<\/p>\n<p><a href=\"https:\/\/rioonwatch.org.br\/wp-content\/uploads\/2019\/10\/Cine-e-Rock-10.jpg\"><img loading=\"lazy\" decoding=\"async\" class=\"aligncenter wp-image-43968 size-content\" title=\"Obras da Casa do Cine e Rock.\" src=\"https:\/\/rioonwatch.org.br\/wp-content\/uploads\/2019\/10\/Cine-e-Rock-10-620x264.jpg\" alt=\"\" width=\"620\" height=\"264\" srcset=\"https:\/\/rioonwatch.org.br\/wp-content\/uploads\/2019\/10\/Cine-e-Rock-10-620x264.jpg 620w, https:\/\/rioonwatch.org.br\/wp-content\/uploads\/2019\/10\/Cine-e-Rock-10-940x400.jpg 940w\" sizes=\"(max-width: 620px) 100vw, 620px\" \/><\/a><\/p>\n<h3>A Chegada da Crian\u00e7ada, Uma Transforma\u00e7\u00e3o Progressiva<\/h3>\n<p>Como \u00fanico movimento social e cultural ativo de Rio das Pedras, o Cine &amp; Rock luta no cotidiano contra a falta de acesso a bens culturais e oportunidades \u00e0 produ\u00e7\u00e3o cultural. No seu <a href=\"http:\/\/bit.ly\/2MV4NBc\" target=\"_blank\" rel=\"noopener noreferrer\">blog<\/a>, L\u00e9u explica que a filosofia do movimento \u00e9 baseada na valoriza\u00e7\u00e3o das &#8220;pedagogias urbanas&#8221;. O objetivo do movimento \u00e9 &#8220;buscar contribuir para que outras pessoas, especialmente jovens, possam se tornar sujeitos de suas a\u00e7\u00f5es, protagonistas de suas vidas e agentes de transforma\u00e7\u00e3o social&#8221;. Para isso, o Cine &amp; Rock se baseia nas artes e culturas urbanas como meio democr\u00e1tico de transforma\u00e7\u00e3o social e de constru\u00e7\u00e3o de uma cidadania plena para os jovens de favelas.<\/p>\n<p><a href=\"https:\/\/rioonwatch.org.br\/wp-content\/uploads\/2019\/10\/Cine-e-Rock-7-e1571530482137.jpg\"><img loading=\"lazy\" decoding=\"async\" class=\"aligncenter wp-image-43943 size-content\" title=\"Sess\u00e3o CIneClub na Pra\u00e7a dos Rockeiros\" src=\"https:\/\/rioonwatch.org.br\/wp-content\/uploads\/2019\/10\/Cine-e-Rock-7-e1571530482137-620x264.jpg\" alt=\"\" width=\"620\" height=\"264\" srcset=\"https:\/\/rioonwatch.org.br\/wp-content\/uploads\/2019\/10\/Cine-e-Rock-7-e1571530482137-620x264.jpg 620w, https:\/\/rioonwatch.org.br\/wp-content\/uploads\/2019\/10\/Cine-e-Rock-7-e1571530482137-618x264.jpg 618w, https:\/\/rioonwatch.org.br\/wp-content\/uploads\/2019\/10\/Cine-e-Rock-7-e1571530482137-768x328.jpg 768w, https:\/\/rioonwatch.org.br\/wp-content\/uploads\/2019\/10\/Cine-e-Rock-7-e1571530482137-1024x438.jpg 1024w, https:\/\/rioonwatch.org.br\/wp-content\/uploads\/2019\/10\/Cine-e-Rock-7-e1571530482137-940x400.jpg 940w, https:\/\/rioonwatch.org.br\/wp-content\/uploads\/2019\/10\/Cine-e-Rock-7-e1571530482137.jpg 1830w\" sizes=\"(max-width: 620px) 100vw, 620px\" \/><\/a><\/p>\n<p>Apesar de ter sido inicialmente pensado como um movimento para jovens adultos, &#8220;com o tempo, a crian\u00e7ada veio tomando o Cine &amp; Rock&#8221;, brinca L\u00e9u. De fato, ao longo dos anos, irm\u00e3os e amigos come\u00e7aram a se juntar aos adultos. &#8220;Finalmente, a partir de 2017, os adultos meteram o p\u00e9, e sobraram as crian\u00e7as&#8221;, descreve L\u00e9u, olhando fotos. A maioria est\u00e1 hoje estudando ou trabalhando. Mas tr\u00eas dos integrantes originais\u2014L\u00e9u, Diego Gomes e Daniel Araujo\u2014continuam na coordena\u00e7\u00e3o do grupo.<\/p>\n<p>At\u00e9 setembro de 2018, o Cine &amp; Rock havia cadastrado 194 crian\u00e7as entre 4 e 10 anos. Todas as crian\u00e7as de Rio das Pedras s\u00e3o bem-vindas, contanto que elas estejam matriculadas em escolas p\u00fablicas. Com a chegada da nova gera\u00e7\u00e3o, as atividades do movimento se ampliaram com outras modalidades, sendo elas: perna-de-pau, v\u00eddeo games, pingue-pongue, aulas de capoeira e rodas de rimas. Abertas a todas as crian\u00e7as cadastradas, as atividades d\u00e3o vida a sede. Veja abaixo o quadro de hor\u00e1rio das atividades do Cine &amp; Rock.<\/p>\n<p><a href=\"https:\/\/rioonwatch.org.br\/wp-content\/uploads\/2019\/11\/Cine-e-Rock.jpg\"><img loading=\"lazy\" decoding=\"async\" class=\"aligncenter wp-image-44245 size-full\" title=\"Detalhe das actividades do Cine e Rock.\" src=\"https:\/\/rioonwatch.org.br\/wp-content\/uploads\/2019\/11\/Cine-e-Rock.jpg\" alt=\"\" width=\"542\" height=\"386\" srcset=\"https:\/\/rioonwatch.org.br\/wp-content\/uploads\/2019\/11\/Cine-e-Rock.jpg 542w, https:\/\/rioonwatch.org.br\/wp-content\/uploads\/2019\/11\/Cine-e-Rock-371x264.jpg 371w\" sizes=\"(max-width: 542px) 100vw, 542px\" \/><\/a><\/p>\n<p>Al\u00e9m das atividades semanais, o Cine &amp; Rock organiza eventos pontuais abertos ao p\u00fablico como a <a href=\"http:\/\/bit.ly\/2NKZdln\" target=\"_blank\" rel=\"noopener noreferrer\">Festa das Crian\u00e7as<\/a>, e recebe outros como o <a href=\"http:\/\/bit.ly\/36CjTES\" target=\"_blank\" rel=\"noopener noreferrer\">1\u00ba Encontro Mundial de Pernas-de-Pau<\/a>. Ele tamb\u00e9m financia e acompanha as crian\u00e7as em eventos fora de Rio das Pedras, como nos exemplos o <a href=\"http:\/\/bit.ly\/2kk8BSB\" target=\"_blank\" rel=\"noopener noreferrer\">1\u00ba<\/a> e <a href=\"http:\/\/bit.ly\/34D5dEl\" target=\"_blank\" rel=\"noopener noreferrer\">3\u00ba Interc\u00e2mbio da Rede Favela Sustent\u00e1vel (RFS)<\/a>.<\/p>\n<h3>Casa Coletiva e Constru\u00e7\u00e3o de Autonomia<\/h3>\n<p>&#8220;Forma\u00e7\u00e3o social e cultural sim, mas educa\u00e7\u00e3o n\u00e3o \u00e9 por minha conta. O principal aqui \u00e9 a constru\u00e7\u00e3o de autonomia<em>&#8220;,<\/em> explica L\u00e9u. <em>&#8220;<\/em>Eu n\u00e3o sou tio, n\u00e3o sou padrasto, n\u00e3o sou bab\u00e1 e acima de tudo, o Cine &amp; Rock n\u00e3o \u00e9 um dep\u00f3sito de crian\u00e7as! \u00c9 uma casa coletiva&#8221;. Todas as crian\u00e7as s\u00e3o respons\u00e1veis pela organiza\u00e7\u00e3o da casa. Elas participam da limpeza da casa, da prepara\u00e7\u00e3o do comida e da manuten\u00e7\u00e3o da horta. Al\u00e9m disso, &#8220;quando faltam na aula, eles n\u00e3o podem voltar na sede at\u00e9 ir na escola de novo&#8221;, relatou Wesley Pereira, um dos dois monitores. A partir dos quinze anos, os que querem, podem ser monitor. Eles s\u00e3o respons\u00e1veis pelo cuidado dos mais novos, &#8220;mas na verdade, cada um cuida do outro&#8221;.<\/p>\n<p><a href=\"https:\/\/rioonwatch.org.br\/wp-content\/uploads\/2019\/10\/Cine-Rock-8.jpg\"><img loading=\"lazy\" decoding=\"async\" class=\"aligncenter wp-image-43961 size-content\" title=\"Horta do Cine e Rock\" src=\"https:\/\/rioonwatch.org.br\/wp-content\/uploads\/2019\/10\/Cine-Rock-8-620x264.jpg\" alt=\"\" width=\"620\" height=\"264\" srcset=\"https:\/\/rioonwatch.org.br\/wp-content\/uploads\/2019\/10\/Cine-Rock-8-620x264.jpg 620w, https:\/\/rioonwatch.org.br\/wp-content\/uploads\/2019\/10\/Cine-Rock-8-940x400.jpg 940w\" sizes=\"(max-width: 620px) 100vw, 620px\" \/><\/a><\/p>\n<p>O movimento cultural Cine &amp; Rock vai continuar lutando pelo acesso aos bens culturais para jovens e crian\u00e7as de Rio das Pedras. &#8220;Porque se voc\u00ea trabalha com cultura, educa\u00e7\u00e3o, esporte, lazer e sa\u00fade, voc\u00ea n\u00e3o precisa de pres\u00eddio. Voc\u00ea estar\u00e1 na constru\u00e7\u00e3o de uma cidadania plena. Isso \u00e9 seguran\u00e7a p\u00fablica preventiva!&#8221; diz L\u00e9u.<\/p>\n<p>*Cine &amp; Rock \u00e9 um dos mais de <a href=\"http:\/\/www.bit.ly\/RFSMapa\">100 projetos comunit\u00e1rios mapeados<\/a>\u00a0pela\u00a0<a href=\"http:\/\/bit.ly\/1aI.gif\" rel=\"prettyPhoto\">Comunidades Catalisadoras<\/a>\u00a0(ComCat)\u2013a organiza\u00e7\u00e3o que publica o\u00a0<i>RioOnWatch<\/i><i>\u2013<\/i>como parte do nosso programa paralelo \u2018<a href=\"http:\/\/bit.ly\/RFSRelatorio\">Rede Favela Sustent\u00e1vel<\/a>\u2018 lan\u00e7ado\u00a0em 2017 para reconhecer, apoiar, fortalecer e expandir as\u00a0<a href=\"http:\/\/www.bit.ly\/FavelaModelo\">qualidades sustent\u00e1veis e movimentos comunit\u00e1rios inerentes<\/a>\u00a0\u00e0s favelas do Rio de Janeiro. Siga a\u00a0<a href=\"http:\/\/bit.ly\/FBRFS\">Rede Favela Sustent\u00e1vel no Facebook<\/a>. Leia outros\u00a0<a href=\"http:\/\/bit.ly\/FavelasSustentaveis\">perfis dos projetos da Rede Favela Sustent\u00e1vel aqui<\/a>.<\/p>\n<p><a href=\"https:\/\/rioonwatch.org.br\/wp-content\/uploads\/2019\/10\/Cine-Rock-4.png\"><img loading=\"lazy\" decoding=\"async\" class=\"aligncenter wp-image-43936 size-content\" src=\"https:\/\/rioonwatch.org.br\/wp-content\/uploads\/2019\/10\/Cine-Rock-4-620x264.png\" alt=\"\" width=\"620\" height=\"264\" srcset=\"https:\/\/rioonwatch.org.br\/wp-content\/uploads\/2019\/10\/Cine-Rock-4-620x264.png 620w, https:\/\/rioonwatch.org.br\/wp-content\/uploads\/2019\/10\/Cine-Rock-4-940x400.png 940w\" sizes=\"(max-width: 620px) 100vw, 620px\" \/><\/a><\/p>\n<div class=\"main\">\n<div class=\"content left\">\n<hr \/>\n<h4>Apoie o jornalismo hiperlocal, cr\u00edtico, inovador e incans\u00e1vel do\u00a0<em>RioOnWatch<\/em>. #QueroReportagensSobreFavelas\u2014<a href=\"http:\/\/bit.ly\/CatalisandoComunidades\">doe aqui<\/a>.<\/h4>\n<\/div>\n<\/div>\n<!-- AddThis Advanced Settings generic via filter on the_content --><!-- AddThis Share Buttons generic via filter on the_content -->","protected":false},"excerpt":{"rendered":"<div class=\"mh-excerpt\"><p>Click Here for English Iniciativa: Cine &amp; Rock Contato: Blog | Facebook | Email Ano de Funda\u00e7\u00e3o: 2013 Comunidade: Rio das Pedras Miss\u00e3o: Promover o fortalecimento da cidadania plena e da justi\u00e7a social atrav\u00e9s do <a class=\"mh-excerpt-more\" href=\"https:\/\/rioonwatch.org.br\/?p=43742\" title=\"&#8216;Os Artistas Cidad\u00e3os&#8217; do Cine &#038; Rock, em Rio das Pedras #RedeFavelaSustent\u00e1vel [PERFIL]\">[&#8230;]<\/a><!-- AddThis Advanced Settings generic via filter on get_the_excerpt --><!-- AddThis Share Buttons generic via filter on get_the_excerpt --><\/p>\n<\/div>","protected":false},"author":164,"featured_media":43934,"comment_status":"closed","ping_status":"closed","sticky":false,"template":"","format":"standard","meta":{"_acf_changed":false,"_monsterinsights_skip_tracking":false,"_monsterinsights_sitenote_active":false,"_monsterinsights_sitenote_note":"","_monsterinsights_sitenote_category":0,"footnotes":""},"categories":[1621,1615,1629,1626,1616,342],"tags":[531,334,50,81,421,422,876,316,292,113,719,20,358,2074,1393,1347,476,1325],"writer":[2688],"translator":[],"source":[],"ilustrador":[],"fotografo":[],"class_list":{"0":"post-43742","1":"post","2":"type-post","3":"status-publish","4":"format-standard","5":"has-post-thumbnail","7":"category-destaque","8":"category-cultura-da-favela","9":"category-entrevistas-e-perfis","10":"category-por-observadores-internacionais","11":"category-qualidades-da-favela","12":"category-solucoes","13":"tag-area-de-lazer","14":"tag-arte","15":"tag-cinema","16":"tag-cultura","17":"tag-cultura-da-favela","18":"tag-cultura-de-rua","19":"tag-direitos-da-crianca","20":"tag-educacao","21":"tag-esporte","22":"tag-juventude","23":"tag-lazer","24":"tag-musica","25":"tag-organizacao-comunitaria","26":"tag-rede-favela-sustentavel","27":"tag-rio-das-pedras","28":"tag-solucao","29":"tag-solucao-comunitaria","30":"tag-zone-oeste","31":"writer-sofia-bazin"},"acf":[],"yoast_head":"<!-- This site is optimized with the Yoast SEO plugin v25.6 - https:\/\/yoast.com\/wordpress\/plugins\/seo\/ -->\n<title>&#039;Os Artistas Cidad\u00e3os&#039; do Cine &amp; Rock, em Rio das Pedras #RedeFavelaSustent\u00e1vel [PERFIL] - RioOnWatch<\/title>\n<meta name=\"robots\" content=\"index, follow, max-snippet:-1, max-image-preview:large, max-video-preview:-1\" \/>\n<link rel=\"canonical\" href=\"https:\/\/rioonwatch.org.br\/?p=43742\" \/>\n<meta property=\"og:locale\" content=\"pt_BR\" \/>\n<meta property=\"og:type\" content=\"article\" \/>\n<meta property=\"og:title\" content=\"&#039;Os Artistas Cidad\u00e3os&#039; do Cine &amp; Rock, em Rio das Pedras #RedeFavelaSustent\u00e1vel [PERFIL] - RioOnWatch\" \/>\n<meta property=\"og:description\" content=\"Click Here for English Iniciativa: Cine &amp; Rock Contato: Blog | Facebook | Email Ano de Funda\u00e7\u00e3o: 2013 Comunidade: Rio das Pedras Miss\u00e3o: Promover o fortalecimento da cidadania plena e da justi\u00e7a social atrav\u00e9s do [...]\" \/>\n<meta property=\"og:url\" content=\"https:\/\/rioonwatch.org.br\/?p=43742\" \/>\n<meta property=\"og:site_name\" content=\"RioOnWatch\" \/>\n<meta property=\"article:published_time\" content=\"2020-01-21T05:10:26+00:00\" \/>\n<meta property=\"article:modified_time\" content=\"2020-02-18T17:28:16+00:00\" \/>\n<meta property=\"og:image\" content=\"https:\/\/rioonwatch.org.br\/wp-content\/uploads\/2019\/10\/Cine-Rock-6-e1571364902255.jpg\" \/>\n\t<meta property=\"og:image:width\" content=\"926\" \/>\n\t<meta property=\"og:image:height\" content=\"410\" \/>\n\t<meta property=\"og:image:type\" content=\"image\/jpeg\" \/>\n<meta name=\"author\" content=\"Sofia Bazin\" \/>\n<meta name=\"twitter:card\" content=\"summary_large_image\" \/>\n<meta name=\"twitter:label1\" content=\"Escrito por\" \/>\n\t<meta name=\"twitter:data1\" content=\"Sofia Bazin\" \/>\n\t<meta name=\"twitter:label2\" content=\"Est. tempo de leitura\" \/>\n\t<meta name=\"twitter:data2\" content=\"7 minutos\" \/>\n<script type=\"application\/ld+json\" class=\"yoast-schema-graph\">{\"@context\":\"https:\/\/schema.org\",\"@graph\":[{\"@type\":\"Article\",\"@id\":\"https:\/\/rioonwatch.org.br\/?p=43742#article\",\"isPartOf\":{\"@id\":\"https:\/\/rioonwatch.org.br\/?p=43742\"},\"author\":{\"name\":\"Sofia Bazin\",\"@id\":\"https:\/\/rioonwatch.org.br\/#\/schema\/person\/48d13976d14b08743b5ac52b506afaa3\"},\"headline\":\"&#8216;Os Artistas Cidad\u00e3os&#8217; do Cine &#038; Rock, em Rio das Pedras #RedeFavelaSustent\u00e1vel [PERFIL]\",\"datePublished\":\"2020-01-21T05:10:26+00:00\",\"dateModified\":\"2020-02-18T17:28:16+00:00\",\"mainEntityOfPage\":{\"@id\":\"https:\/\/rioonwatch.org.br\/?p=43742\"},\"wordCount\":1474,\"publisher\":{\"@id\":\"https:\/\/rioonwatch.org.br\/#organization\"},\"image\":{\"@id\":\"https:\/\/rioonwatch.org.br\/?p=43742#primaryimage\"},\"thumbnailUrl\":\"https:\/\/rioonwatch.org.br\/wp-content\/uploads\/2019\/10\/Cine-Rock-6-e1571364902255.jpg\",\"keywords\":[\"\u00e1rea de lazer\",\"arte\",\"cinema\",\"cultura\",\"cultura da favela\",\"cultura de rua\",\"direitos da crian\u00e7a\",\"educa\u00e7\u00e3o\",\"esporte\",\"juventude\",\"lazer\",\"m\u00fasica\",\"organiza\u00e7\u00e3o comunit\u00e1ria\",\"Perfis Integrantes da Rede Favela Sustent\u00e1vel\",\"Rio das Pedras\",\"solu\u00e7\u00e3o\",\"solu\u00e7\u00e3o comunit\u00e1ria\",\"Zone Oeste\"],\"articleSection\":[\"*Destaque\",\"Cultura da Favela\",\"Entrevistas e Perfis\",\"Escrito por Aliados\",\"Qualidades da Favela\",\"Solu\u00e7\u00f5es\"],\"inLanguage\":\"pt-BR\"},{\"@type\":\"WebPage\",\"@id\":\"https:\/\/rioonwatch.org.br\/?p=43742\",\"url\":\"https:\/\/rioonwatch.org.br\/?p=43742\",\"name\":\"'Os Artistas Cidad\u00e3os' do Cine & Rock, em Rio das Pedras #RedeFavelaSustent\u00e1vel [PERFIL] - RioOnWatch\",\"isPartOf\":{\"@id\":\"https:\/\/rioonwatch.org.br\/#website\"},\"primaryImageOfPage\":{\"@id\":\"https:\/\/rioonwatch.org.br\/?p=43742#primaryimage\"},\"image\":{\"@id\":\"https:\/\/rioonwatch.org.br\/?p=43742#primaryimage\"},\"thumbnailUrl\":\"https:\/\/rioonwatch.org.br\/wp-content\/uploads\/2019\/10\/Cine-Rock-6-e1571364902255.jpg\",\"datePublished\":\"2020-01-21T05:10:26+00:00\",\"dateModified\":\"2020-02-18T17:28:16+00:00\",\"breadcrumb\":{\"@id\":\"https:\/\/rioonwatch.org.br\/?p=43742#breadcrumb\"},\"inLanguage\":\"pt-BR\",\"potentialAction\":[{\"@type\":\"ReadAction\",\"target\":[\"https:\/\/rioonwatch.org.br\/?p=43742\"]}]},{\"@type\":\"ImageObject\",\"inLanguage\":\"pt-BR\",\"@id\":\"https:\/\/rioonwatch.org.br\/?p=43742#primaryimage\",\"url\":\"https:\/\/rioonwatch.org.br\/wp-content\/uploads\/2019\/10\/Cine-Rock-6-e1571364902255.jpg\",\"contentUrl\":\"https:\/\/rioonwatch.org.br\/wp-content\/uploads\/2019\/10\/Cine-Rock-6-e1571364902255.jpg\",\"width\":926,\"height\":410},{\"@type\":\"BreadcrumbList\",\"@id\":\"https:\/\/rioonwatch.org.br\/?p=43742#breadcrumb\",\"itemListElement\":[{\"@type\":\"ListItem\",\"position\":1,\"name\":\"In\u00edcio\",\"item\":\"https:\/\/rioonwatch.org.br\/\"},{\"@type\":\"ListItem\",\"position\":2,\"name\":\"&#8216;Os Artistas Cidad\u00e3os&#8217; do Cine &#038; Rock, em Rio das Pedras #RedeFavelaSustent\u00e1vel [PERFIL]\"}]},{\"@type\":\"WebSite\",\"@id\":\"https:\/\/rioonwatch.org.br\/#website\",\"url\":\"https:\/\/rioonwatch.org.br\/\",\"name\":\"RioOnWatch\",\"description\":\"relatos das favelas cariocas\",\"publisher\":{\"@id\":\"https:\/\/rioonwatch.org.br\/#organization\"},\"potentialAction\":[{\"@type\":\"SearchAction\",\"target\":{\"@type\":\"EntryPoint\",\"urlTemplate\":\"https:\/\/rioonwatch.org.br\/?s={search_term_string}\"},\"query-input\":{\"@type\":\"PropertyValueSpecification\",\"valueRequired\":true,\"valueName\":\"search_term_string\"}}],\"inLanguage\":\"pt-BR\"},{\"@type\":\"Organization\",\"@id\":\"https:\/\/rioonwatch.org.br\/#organization\",\"name\":\"RioOnWatch\",\"url\":\"https:\/\/rioonwatch.org.br\/\",\"logo\":{\"@type\":\"ImageObject\",\"inLanguage\":\"pt-BR\",\"@id\":\"https:\/\/rioonwatch.org.br\/#\/schema\/logo\/image\/\",\"url\":\"https:\/\/rioonwatch.org.br\/wp-content\/uploads\/2021\/06\/RioOnWatchcabecalhoPT11anos-2.png\",\"contentUrl\":\"https:\/\/rioonwatch.org.br\/wp-content\/uploads\/2021\/06\/RioOnWatchcabecalhoPT11anos-2.png\",\"width\":779,\"height\":277,\"caption\":\"RioOnWatch\"},\"image\":{\"@id\":\"https:\/\/rioonwatch.org.br\/#\/schema\/logo\/image\/\"}},{\"@type\":\"Person\",\"@id\":\"https:\/\/rioonwatch.org.br\/#\/schema\/person\/48d13976d14b08743b5ac52b506afaa3\",\"name\":\"Sofia Bazin\",\"image\":{\"@type\":\"ImageObject\",\"inLanguage\":\"pt-BR\",\"@id\":\"https:\/\/rioonwatch.org.br\/#\/schema\/person\/image\/\",\"url\":\"https:\/\/secure.gravatar.com\/avatar\/9391f5418353a656955767c8aa40765f?s=96&d=blank&r=g\",\"contentUrl\":\"https:\/\/secure.gravatar.com\/avatar\/9391f5418353a656955767c8aa40765f?s=96&d=blank&r=g\",\"caption\":\"Sofia Bazin\"},\"url\":\"https:\/\/rioonwatch.org.br\/?author=164\"}]}<\/script>\n<!-- \/ Yoast SEO plugin. -->","yoast_head_json":{"title":"'Os Artistas Cidad\u00e3os' do Cine & Rock, em Rio das Pedras #RedeFavelaSustent\u00e1vel [PERFIL] - RioOnWatch","robots":{"index":"index","follow":"follow","max-snippet":"max-snippet:-1","max-image-preview":"max-image-preview:large","max-video-preview":"max-video-preview:-1"},"canonical":"https:\/\/rioonwatch.org.br\/?p=43742","og_locale":"pt_BR","og_type":"article","og_title":"'Os Artistas Cidad\u00e3os' do Cine & Rock, em Rio das Pedras #RedeFavelaSustent\u00e1vel [PERFIL] - RioOnWatch","og_description":"Click Here for English Iniciativa: Cine &amp; Rock Contato: Blog | Facebook | Email Ano de Funda\u00e7\u00e3o: 2013 Comunidade: Rio das Pedras Miss\u00e3o: Promover o fortalecimento da cidadania plena e da justi\u00e7a social atrav\u00e9s do [...]","og_url":"https:\/\/rioonwatch.org.br\/?p=43742","og_site_name":"RioOnWatch","article_published_time":"2020-01-21T05:10:26+00:00","article_modified_time":"2020-02-18T17:28:16+00:00","og_image":[{"width":926,"height":410,"url":"https:\/\/rioonwatch.org.br\/wp-content\/uploads\/2019\/10\/Cine-Rock-6-e1571364902255.jpg","type":"image\/jpeg"}],"author":"Sofia Bazin","twitter_card":"summary_large_image","twitter_misc":{"Escrito por":"Sofia Bazin","Est. tempo de leitura":"7 minutos"},"schema":{"@context":"https:\/\/schema.org","@graph":[{"@type":"Article","@id":"https:\/\/rioonwatch.org.br\/?p=43742#article","isPartOf":{"@id":"https:\/\/rioonwatch.org.br\/?p=43742"},"author":{"name":"Sofia Bazin","@id":"https:\/\/rioonwatch.org.br\/#\/schema\/person\/48d13976d14b08743b5ac52b506afaa3"},"headline":"&#8216;Os Artistas Cidad\u00e3os&#8217; do Cine &#038; Rock, em Rio das Pedras #RedeFavelaSustent\u00e1vel [PERFIL]","datePublished":"2020-01-21T05:10:26+00:00","dateModified":"2020-02-18T17:28:16+00:00","mainEntityOfPage":{"@id":"https:\/\/rioonwatch.org.br\/?p=43742"},"wordCount":1474,"publisher":{"@id":"https:\/\/rioonwatch.org.br\/#organization"},"image":{"@id":"https:\/\/rioonwatch.org.br\/?p=43742#primaryimage"},"thumbnailUrl":"https:\/\/rioonwatch.org.br\/wp-content\/uploads\/2019\/10\/Cine-Rock-6-e1571364902255.jpg","keywords":["\u00e1rea de lazer","arte","cinema","cultura","cultura da favela","cultura de rua","direitos da crian\u00e7a","educa\u00e7\u00e3o","esporte","juventude","lazer","m\u00fasica","organiza\u00e7\u00e3o comunit\u00e1ria","Perfis Integrantes da Rede Favela Sustent\u00e1vel","Rio das Pedras","solu\u00e7\u00e3o","solu\u00e7\u00e3o comunit\u00e1ria","Zone Oeste"],"articleSection":["*Destaque","Cultura da Favela","Entrevistas e Perfis","Escrito por Aliados","Qualidades da Favela","Solu\u00e7\u00f5es"],"inLanguage":"pt-BR"},{"@type":"WebPage","@id":"https:\/\/rioonwatch.org.br\/?p=43742","url":"https:\/\/rioonwatch.org.br\/?p=43742","name":"'Os Artistas Cidad\u00e3os' do Cine & Rock, em Rio das Pedras #RedeFavelaSustent\u00e1vel [PERFIL] - RioOnWatch","isPartOf":{"@id":"https:\/\/rioonwatch.org.br\/#website"},"primaryImageOfPage":{"@id":"https:\/\/rioonwatch.org.br\/?p=43742#primaryimage"},"image":{"@id":"https:\/\/rioonwatch.org.br\/?p=43742#primaryimage"},"thumbnailUrl":"https:\/\/rioonwatch.org.br\/wp-content\/uploads\/2019\/10\/Cine-Rock-6-e1571364902255.jpg","datePublished":"2020-01-21T05:10:26+00:00","dateModified":"2020-02-18T17:28:16+00:00","breadcrumb":{"@id":"https:\/\/rioonwatch.org.br\/?p=43742#breadcrumb"},"inLanguage":"pt-BR","potentialAction":[{"@type":"ReadAction","target":["https:\/\/rioonwatch.org.br\/?p=43742"]}]},{"@type":"ImageObject","inLanguage":"pt-BR","@id":"https:\/\/rioonwatch.org.br\/?p=43742#primaryimage","url":"https:\/\/rioonwatch.org.br\/wp-content\/uploads\/2019\/10\/Cine-Rock-6-e1571364902255.jpg","contentUrl":"https:\/\/rioonwatch.org.br\/wp-content\/uploads\/2019\/10\/Cine-Rock-6-e1571364902255.jpg","width":926,"height":410},{"@type":"BreadcrumbList","@id":"https:\/\/rioonwatch.org.br\/?p=43742#breadcrumb","itemListElement":[{"@type":"ListItem","position":1,"name":"In\u00edcio","item":"https:\/\/rioonwatch.org.br\/"},{"@type":"ListItem","position":2,"name":"&#8216;Os Artistas Cidad\u00e3os&#8217; do Cine &#038; Rock, em Rio das Pedras #RedeFavelaSustent\u00e1vel [PERFIL]"}]},{"@type":"WebSite","@id":"https:\/\/rioonwatch.org.br\/#website","url":"https:\/\/rioonwatch.org.br\/","name":"RioOnWatch","description":"relatos das favelas cariocas","publisher":{"@id":"https:\/\/rioonwatch.org.br\/#organization"},"potentialAction":[{"@type":"SearchAction","target":{"@type":"EntryPoint","urlTemplate":"https:\/\/rioonwatch.org.br\/?s={search_term_string}"},"query-input":{"@type":"PropertyValueSpecification","valueRequired":true,"valueName":"search_term_string"}}],"inLanguage":"pt-BR"},{"@type":"Organization","@id":"https:\/\/rioonwatch.org.br\/#organization","name":"RioOnWatch","url":"https:\/\/rioonwatch.org.br\/","logo":{"@type":"ImageObject","inLanguage":"pt-BR","@id":"https:\/\/rioonwatch.org.br\/#\/schema\/logo\/image\/","url":"https:\/\/rioonwatch.org.br\/wp-content\/uploads\/2021\/06\/RioOnWatchcabecalhoPT11anos-2.png","contentUrl":"https:\/\/rioonwatch.org.br\/wp-content\/uploads\/2021\/06\/RioOnWatchcabecalhoPT11anos-2.png","width":779,"height":277,"caption":"RioOnWatch"},"image":{"@id":"https:\/\/rioonwatch.org.br\/#\/schema\/logo\/image\/"}},{"@type":"Person","@id":"https:\/\/rioonwatch.org.br\/#\/schema\/person\/48d13976d14b08743b5ac52b506afaa3","name":"Sofia Bazin","image":{"@type":"ImageObject","inLanguage":"pt-BR","@id":"https:\/\/rioonwatch.org.br\/#\/schema\/person\/image\/","url":"https:\/\/secure.gravatar.com\/avatar\/9391f5418353a656955767c8aa40765f?s=96&d=blank&r=g","contentUrl":"https:\/\/secure.gravatar.com\/avatar\/9391f5418353a656955767c8aa40765f?s=96&d=blank&r=g","caption":"Sofia Bazin"},"url":"https:\/\/rioonwatch.org.br\/?author=164"}]}},"_links":{"self":[{"href":"https:\/\/rioonwatch.org.br\/index.php?rest_route=\/wp\/v2\/posts\/43742"}],"collection":[{"href":"https:\/\/rioonwatch.org.br\/index.php?rest_route=\/wp\/v2\/posts"}],"about":[{"href":"https:\/\/rioonwatch.org.br\/index.php?rest_route=\/wp\/v2\/types\/post"}],"author":[{"embeddable":true,"href":"https:\/\/rioonwatch.org.br\/index.php?rest_route=\/wp\/v2\/users\/164"}],"replies":[{"embeddable":true,"href":"https:\/\/rioonwatch.org.br\/index.php?rest_route=%2Fwp%2Fv2%2Fcomments&post=43742"}],"version-history":[{"count":53,"href":"https:\/\/rioonwatch.org.br\/index.php?rest_route=\/wp\/v2\/posts\/43742\/revisions"}],"predecessor-version":[{"id":45395,"href":"https:\/\/rioonwatch.org.br\/index.php?rest_route=\/wp\/v2\/posts\/43742\/revisions\/45395"}],"wp:featuredmedia":[{"embeddable":true,"href":"https:\/\/rioonwatch.org.br\/index.php?rest_route=\/wp\/v2\/media\/43934"}],"wp:attachment":[{"href":"https:\/\/rioonwatch.org.br\/index.php?rest_route=%2Fwp%2Fv2%2Fmedia&parent=43742"}],"wp:term":[{"taxonomy":"category","embeddable":true,"href":"https:\/\/rioonwatch.org.br\/index.php?rest_route=%2Fwp%2Fv2%2Fcategories&post=43742"},{"taxonomy":"post_tag","embeddable":true,"href":"https:\/\/rioonwatch.org.br\/index.php?rest_route=%2Fwp%2Fv2%2Ftags&post=43742"},{"taxonomy":"writer","embeddable":true,"href":"https:\/\/rioonwatch.org.br\/index.php?rest_route=%2Fwp%2Fv2%2Fwriter&post=43742"},{"taxonomy":"translator","embeddable":true,"href":"https:\/\/rioonwatch.org.br\/index.php?rest_route=%2Fwp%2Fv2%2Ftranslator&post=43742"},{"taxonomy":"source","embeddable":true,"href":"https:\/\/rioonwatch.org.br\/index.php?rest_route=%2Fwp%2Fv2%2Fsource&post=43742"},{"taxonomy":"ilustrador","embeddable":true,"href":"https:\/\/rioonwatch.org.br\/index.php?rest_route=%2Fwp%2Fv2%2Filustrador&post=43742"},{"taxonomy":"fotografo","embeddable":true,"href":"https:\/\/rioonwatch.org.br\/index.php?rest_route=%2Fwp%2Fv2%2Ffotografo&post=43742"}],"curies":[{"name":"wp","href":"https:\/\/api.w.org\/{rel}","templated":true}]}}