{"id":43799,"date":"2019-10-27T16:59:55","date_gmt":"2019-10-27T19:59:55","guid":{"rendered":"https:\/\/rioonwatch.org.br\/?p=43799"},"modified":"2023-05-09T09:55:23","modified_gmt":"2023-05-09T12:55:23","slug":"o-crescimento-do-movimento-global-do-ttc-parte-3-belgica","status":"publish","type":"post","link":"https:\/\/rioonwatch.org.br\/?p=43799","title":{"rendered":"O Crescimento do Movimento Global do TTC, Parte 3: B\u00e9lgica, Onde Inovadoras Organiza\u00e7\u00f5es Sociais Lideram o Movimento para Solu\u00e7\u00f5es Habitacionais"},"content":{"rendered":"<p style=\"text-align: right;\"><em><strong><a href=\"http:\/\/bit.ly\/357diSg\" target=\"_blank\" rel=\"noopener noreferrer\">Click Here for English<\/a><a href=\"http:\/\/bit.ly\/357diSg\" target=\"_blank\" rel=\"noopener noreferrer\"><img decoding=\"async\" width=\"20\" height=\"20\" class=\"alignright wp-image-15790\" src=\"http:\/\/rioonwatch.org.br\/wp-content\/uploads\/2012\/08\/EN-standard-e1439583104716.jpg\" \/><\/a><\/strong><\/em><\/p>\n<p><em>Em comemora\u00e7\u00e3o ao 50\u00ba anivers\u00e1rio do\u00a0<a href=\"http:\/\/bit.ly\/2Dcsv7m\" target=\"_blank\" rel=\"noopener noreferrer\">New Communities<\/a>, o primeiro\u00a0<a href=\"http:\/\/bit.ly\/1mig1hx\" target=\"_blank\" rel=\"noopener noreferrer\">Termo Territorial Coletivo<\/a>* do mundo, e \u00e0 medida que planejadores e moradores de TTCs se reuniram para comemorar de 2 a 5 de outubro na <a href=\"http:\/\/bit.ly\/2mX3gSr\" target=\"_blank\" rel=\"noopener noreferrer\">Confer\u00eancia \u2018Recuperando Terrenos Baldios 2019\u2019<\/a>\u00a0em Atlanta, Ge\u00f3rgia, o RioOnWatch emitiu uma chamada por mat\u00e9rias destacando o crescimento atual do movimento TTC em todo o mundo. Colaboradores de v\u00e1rias partes do mundo\u00a0<a href=\"http:\/\/bit.ly\/TTCsPeloMundo\" target=\"_blank\" rel=\"noopener noreferrer\">escreveram hist\u00f3rias sobre a expans\u00e3o de TTCs<\/a>\u2014tanto em n\u00famero quanto em abordagem\u2014no <a href=\"http:\/\/bit.ly\/2BaiIxU\" target=\"_blank\" rel=\"noopener noreferrer\">Mississippi<\/a>,\u00a0<a href=\"http:\/\/bit.ly\/2VYsOeR\" target=\"_blank\" rel=\"noopener noreferrer\">Reino Unido<\/a>,\u00a0<a href=\"http:\/\/bit.ly\/2PmeZpm\" target=\"_blank\" rel=\"noopener noreferrer\">B\u00e9lgica<\/a>,\u00a0<a href=\"http:\/\/bit.ly\/2WHWNrK\" target=\"_blank\" rel=\"noopener noreferrer\">Fran\u00e7a<\/a>, <a href=\"http:\/\/bit.ly\/2Qfiyy2\" target=\"_blank\" rel=\"noopener noreferrer\">Porto Rico<\/a>, <a href=\"http:\/\/bit.ly\/32TmVBK\" target=\"_blank\" rel=\"noopener noreferrer\">Rio de Janeiro<\/a> e <a href=\"http:\/\/bit.ly\/379PDBG\" target=\"_blank\" rel=\"noopener noreferrer\">Fl\u00f3rida<\/a>. Esta s\u00e9rie variada tem como objetivo disseminar not\u00edcias dos sucessos do modelo TTC \u00e0 medida que se adapta a novos tempos e circunst\u00e2ncias, chamando mais aten\u00e7\u00e3o para esta solu\u00e7\u00e3o inovadora para garantir o direito \u00e0 moradia e ao desenvolvimento comunit\u00e1rio, e seu potencial na resolu\u00e7\u00e3o da crise habitacional global.<\/em><\/p>\n<p><em>A mat\u00e9ria de hoje, escrita por Alix Vadot, aluna de direito da Universidade da Calif\u00f3rnia em Berkeley e ex-volunt\u00e1ria da Comunidades Catalisadoras, foca no crescimento dos TTCs na B\u00e9lgica e na experi\u00eancia, desses TTCs, em mitigar os efeitos da disparada de pre\u00e7os de moradias.<\/em><\/p>\n<p><em>Para mais informa\u00e7\u00f5es sobre TTCs e seu potencial para as favelas do Rio de Janeiro, clique\u00a0<a href=\"http:\/\/bit.ly\/TTCnoROW\" target=\"_blank\" rel=\"noopener noreferrer\">aqui<\/a>\u00a0e para aprofundar sobre como ser\u00e1 realiz\u00e1vel no Brasil,\u00a0<a href=\"http:\/\/bit.ly\/ConhecendoTTC\" target=\"_blank\" rel=\"noopener noreferrer\">clique aqui<\/a>.<\/em><\/p>\n<hr \/>\n<p>Quando os pre\u00e7os das casas na Regi\u00e3o de Bruxelas <a href=\"http:\/\/bit.ly\/2oDxYAv\">come\u00e7aram a subir<\/a> em torno do ano 2000, quase duplicando no per\u00edodo entre 2000 e 2010, os que possu\u00edam menos recursos foram for\u00e7ados a se mudar do centro da cidade, indo para longe de suas comunidades e oportunidades de trabalho. Em resposta \u00e0 gentrifica\u00e7\u00e3o e \u00e0 crise socioecon\u00f4mica que ocorreu, pessoas e organiza\u00e7\u00f5es se uniram para encontrar solu\u00e7\u00f5es. Uma dessas organiza\u00e7\u00f5es foi a ONG belga <a href=\"http:\/\/bit.ly\/2oapxfW\">Periferia<\/a>, uma organiza\u00e7\u00e3o sem fins lucrativos cujo nome se deve \u00e0 influ\u00eancia de experi\u00eancias sociais realizadas no Brasil, e que atua na B\u00e9lgica, na Regi\u00e3o da <span lang=\"pt-br\">Val\u00f4nia e<\/span> em Bruxelas, no Sudoeste da Fran\u00e7a e na Am\u00e9rica Latina. Depois de conhecer o modelo do Termo Territorial Coletivo (TTC) atrav\u00e9s da Periferia, um grupo de organiza\u00e7\u00f5es sem fins lucrativos da B\u00e9lgica se reuniu e se mobilizou para trabalhar de forma intensa na cria\u00e7\u00e3o do primeiro TTC do pa\u00eds.<\/p>\n<p>Modelado a partir dos TTCs norte-americanos, os TTCs belgas seguiram o esquema de participa\u00e7\u00e3o tripartida t\u00edpica\u2014no caso belga, as decis\u00f5es s\u00e3o tomadas por meio de contribui\u00e7\u00f5es vindas de tr\u00eas grupos: comunidades ao redor, o governo e os moradores atuais e futuros (para uma descri\u00e7\u00e3o mais profunda, veja o v\u00eddeo abaixo, dispon\u00edvel apenas com legendas em ingl\u00eas, ou clique <a href=\"http:\/\/bit.ly\/32XMjGI\">aqui<\/a><u>)<\/u>.<\/p>\n<p><iframe src=\"https:\/\/www.youtube.com\/embed\/HIJ9uhduSBI\" width=\"620\" height=\"349\" frameborder=\"0\" allowfullscreen=\"allowfullscreen\"><span data-mce-type=\"bookmark\" style=\"display: inline-block; width: 0px; overflow: hidden; line-height: 0;\" class=\"mce_SELRES_start\">\ufeff<\/span><\/iframe><\/p>\n<p>Para poder garantir que esse modelo pudesse ser aplicado ao contexto belga, a Periferia, a\u00a0<a href=\"http:\/\/bit.ly\/2MgasBw\">Maison de Quartiers Bonnevie<\/a> e outras organiza\u00e7\u00f5es sem fins lucrativos realizaram um estudo de viabilidade, conforme solicitado e financiado em 2011 pela Secretaria do Estado respons\u00e1vel pela habita\u00e7\u00e3o social na Regi\u00e3o de Bruxelas-Capital. <a href=\"http:\/\/bit.ly\/2pIVtIU\">O estudo<\/a> respondeu uma s\u00e9rie de perguntas, como: quais mecanismos legais seriam usados para separar a propriedade da terra da propriedade da constru\u00e7\u00e3o sobre ela, quais parceiros estariam envolvidos no processo e quais m\u00e9todos de financiamento e gerenciamento seriam melhores para o TTC.<\/p>\n<p>Com a finaliza\u00e7\u00e3o do estudo, a pr\u00f3xima etapa seria estabelecer os TTCs de fato como solu\u00e7\u00f5es reais para a habita\u00e7\u00e3o social. Fundado no fim de 2012 como o primeiro TTC belga, o <a href=\"http:\/\/bit.ly\/354eKEG\">TTC de Bruxelas<\/a> (CLTB) foi afortunado o bastante para receber um amplo suporte financeiro do projeto Habita\u00e7\u00e3o Europeia Sustent\u00e1vel para Cidades Inclusivas e Coesas (<a href=\"http:\/\/bit.ly\/2pGS79b\">SHICC<\/a>), bem como da Prefeitura de Bruxelas, que se comprometeu a financiar as opera\u00e7\u00f5es do CLTB, subsidiar investimentos para aquisi\u00e7\u00e3o de terras e para as constru\u00e7\u00f5es. A Uni\u00e3o Europeia tamb\u00e9m se comprometeu a financiar projetos espec\u00edficos e patrocinou o projeto Cuidar e Viver em Comunidades (<a href=\"http:\/\/bit.ly\/356koGk\" target=\"_blank\" rel=\"noopener noreferrer\">CALICO<\/a>), que planeja construir 34 unidades habitacionais na \u00e1rea florestal de Bruxelas, com um subs\u00eddio de \u20ac5 milh\u00f5es (cerca de R$23 milh\u00f5es). O CLTB tamb\u00e9m \u00e9 um parceiro de habita\u00e7\u00e3o social no Projeto de Lei de Habita\u00e7\u00e3o de Bruxelas\u2014o que demonstra o suporte do governo local desde o in\u00edcio do programa. A vizinha flamenga de Bruxelas, a cidade de Ghent, por outro lado, recebeu financiamento escasso, o que diminuiu a velocidade dos projetos por l\u00e1.<\/p>\n<p><a href=\"https:\/\/rioonwatch.org.br\/wp-content\/uploads\/2019\/10\/Verheyden-Le-Nid.jpg\"><img fetchpriority=\"high\" decoding=\"async\" class=\"aligncenter wp-image-43803 size-content\" title=\"Verheyden \/ Le Nid, um projeto para unidades habitacionais de 7 apartamentos, em Bruxelas, incluindo espa\u00e7os comuns, acessibilidade para pessoas com defici\u00eancia, jardins e escrit\u00f3rios para organiza\u00e7\u00f5es sem fins lucrativos. Imagem: Website do CLT Brussels\" src=\"https:\/\/rioonwatch.org.br\/wp-content\/uploads\/2019\/10\/Verheyden-Le-Nid-620x264.jpg\" alt=\"\" width=\"620\" height=\"264\" \/><\/a><\/p>\n<p>De acordo com Joaquin de Santos, gerente do programa SHICC no CLTB, h\u00e1 diversas condi\u00e7\u00f5es essenciais para um TTC ter sucesso e que exigem aten\u00e7\u00e3o especial no contexto da B\u00e9lgica. Primeiro, o modelo americano de participa\u00e7\u00e3o em ter\u00e7os pede que cada grupo seja um membro ativo no processo. Al\u00e9m dos gabinetes de habita\u00e7\u00e3o social tradicionais dentro do governo, a colabora\u00e7\u00e3o com a comunidade local, com moradores atuais e futuros na defini\u00e7\u00e3o e respeito \u00e0s regras de coabita\u00e7\u00e3o \u00e9 essencial, e os contextos econ\u00f4mico, urbano e pol\u00edtico subjacentes s\u00e3o fatores cruciais. Sem ter uma quantidade de terra suficiente ou recursos para adquirir terras, a funda\u00e7\u00e3o de um modelo de TTC simplesmente n\u00e3o \u00e9 vi\u00e1vel. Na B\u00e9lgica, os altos pre\u00e7os das terras s\u00e3o atualmente uma barreira significativa para o desenvolvimento em larga escala dos TTCs. A capacidade de moradores (em geral, fam\u00edlias de baixa renda) para obter financiamento social tamb\u00e9m \u00e9 importante. Finalmente, um amplo apoio entre organiza\u00e7\u00f5es locais, governo e comunidades vizinhas \u00e9 essencial. Sem esse \u00faltimo ingrediente, a natureza central de um TTC estar\u00e1 comprometida.<\/p>\n<h4><strong>Na B\u00e9lgica, uma s\u00e9rie de passos est\u00e3o envolvidos no processo de tornar uma ideia em um projeto de habita\u00e7\u00e3o estabelecido:<\/strong><\/h4>\n<ol>\n<li>O primeiro \u00e9 a aquisi\u00e7\u00e3o da terra. Na B\u00e9lgica, \u00e9 melhor fazer um <a href=\"http:\/\/bit.ly\/353drpI\">Contrat de Quartier Durable<\/a> (contrato de bairro sustent\u00e1vel), um plano colaborativo entre a Regi\u00e3o, a comuna e os moradores de um bairro, para ajudar a comprar a terra no melhor pre\u00e7o poss\u00edvel.<\/li>\n<li>Em seguida, um estudo de viabilidade \u00e9 realizado para determinar o n\u00famero de unidades habitacionais, bem como os planos de arquitetura para as unidades. Uma vez que o desenvolvimento atual do TTC tem financiamento p\u00fablico na B\u00e9lgica, o projeto precisa ser submetido \u00e0s regras do <a href=\"http:\/\/bit.ly\/2oLeGJB\">March\u00e9 Public<\/a>, em que a oferta do plano arquitet\u00f4nico se torna p\u00fablica para todos os arquitetos.<\/li>\n<li>Ap\u00f3s a constru\u00e7\u00e3o das unidades, os moradores s\u00e3o selecionados a partir de uma lista de espera. Uma vez selecionados, solicita-se que economizem todos os meses e participem de uma s\u00e9rie de oficinas relacionadas a diferentes quest\u00f5es, incluindo gerenciamento de energia, din\u00e2micas de grupo, integra\u00e7\u00e3o de bairros e muito mais. Moradores muitas vezes acabam por ser das mais baixas faixas de renda (o n\u00edvel m\u00e1ximo de sal\u00e1rio permitido para se qualificar para a habita\u00e7\u00e3o social \u00e9 em torno de \u20ac24.000, ou R$109.350, por ano), muitos dos quais s\u00e3o imigrantes que n\u00e3o falam franc\u00eas.<\/li>\n<li>Tamb\u00e9m se solicita que moradores fa\u00e7am o pedido de financiamento\u2014outra tarefa dif\u00edcil, se levarmos em conta sua renda e hist\u00f3rico de cr\u00e9dito. Moradores podem, todavia, procurar assist\u00eancia do <em>Brussels Fond de Logement<\/em>, um programa de financiamento social.<\/li>\n<li>Uma vez que o TTC seja estabelecido e esteja em andamento, o gerenciamento e apoio comunit\u00e1rio s\u00e3o cruciais para a sustentabilidade de longo prazo. Um sistema de gerenciamento eficiente deve ser designado desde o in\u00edcio, garantindo que moradores estejam cientes das regras da comunidade e de coabita\u00e7\u00e3o, e continuem a respeit\u00e1-las ao longo do tempo.<\/li>\n<\/ol>\n<p>Desde a sua conclus\u00e3o em 2015, o CLTB, considerado o primeiro desenvolvimento habitacional de TTC na Europa continental, inclui nove unidades habitacionais e mais tr\u00eas projetos de habita\u00e7\u00e3o em constru\u00e7\u00e3o. Cinco novos projetos est\u00e3o sendo planejados, totalizando 129 unidades habitacionais. Em Ghent, um projeto com 34 unidades est\u00e1 em constru\u00e7\u00e3o e dois outros projetos habitacionais com 19 e 5 unidades, respectivamente, sendo planejados. Informa\u00e7\u00f5es mais detalhadas sobre o contexto do TTC est\u00e3o dispon\u00edveis, em ingl\u00eas, <a href=\"http:\/\/bit.ly\/2pGWiBT\">aqui pra Bruxelas<\/a> e <a href=\"http:\/\/bit.ly\/3509PVj\">aqui para Ghent<\/a>.<\/p>\n<p><a href=\"https:\/\/rioonwatch.org.br\/wp-content\/uploads\/2019\/10\/mapa-ttc-belgica.png\"><img decoding=\"async\" class=\"aligncenter wp-image-43802 size-medium\" title=\"Mapa dos TTCs na B\u00e9lgica. Imagem: Website do CLT Brussels\" src=\"https:\/\/rioonwatch.org.br\/wp-content\/uploads\/2019\/10\/mapa-ttc-belgica-620x524.png\" alt=\"\" width=\"620\" height=\"524\" srcset=\"https:\/\/rioonwatch.org.br\/wp-content\/uploads\/2019\/10\/mapa-ttc-belgica-620x524.png 620w, https:\/\/rioonwatch.org.br\/wp-content\/uploads\/2019\/10\/mapa-ttc-belgica-312x264.png 312w, https:\/\/rioonwatch.org.br\/wp-content\/uploads\/2019\/10\/mapa-ttc-belgica-768x649.png 768w, https:\/\/rioonwatch.org.br\/wp-content\/uploads\/2019\/10\/mapa-ttc-belgica-1024x865.png 1024w, https:\/\/rioonwatch.org.br\/wp-content\/uploads\/2019\/10\/mapa-ttc-belgica.png 1666w\" sizes=\"(max-width: 620px) 100vw, 620px\" \/><\/a><\/p>\n<p>O conceito de desenvolvimento comunit\u00e1rio participativo n\u00e3o \u00e9 in\u00e9dito na B\u00e9lgica. Antes da funda\u00e7\u00e3o do CLTB, a cidade j\u00e1 sediava projetos semelhantes como o projeto de habita\u00e7\u00e3o colaborativa <a href=\"http:\/\/bit.ly\/2pynanq\" target=\"_blank\" rel=\"noopener noreferrer\"><em>l\u2019Espoir<\/em><\/a>, uma horta comunit\u00e1ria e um empreendimento habitacional para 14 fam\u00edlias, que usa um modelo de participa\u00e7\u00e3o semelhante ao dos TTCs. Tais projetos tiveram um papel significativo em ajudar moradores da cidade a lidar com o aumento dos pre\u00e7os da moradia e a reconstruir la\u00e7os comunit\u00e1rios que foram rompidos como consequ\u00eancia desse aumento de pre\u00e7os. Os TTCs fornecem uma alternativa focada nas pessoas para um projeto de habita\u00e7\u00e3o mais tradicional, oferecendo um lugar onde fam\u00edlias de baixa renda podem se beneficiar de pre\u00e7os de alugueis adequados e oportunidades de emprego, tudo isso enquanto se tornam parte de uma comunidade.<\/p>\n<p><em>Essa \u00e9 a terceira mat\u00e9ria da nossa <a href=\"http:\/\/bit.ly\/TTCsPeloMundo\" target=\"_blank\" rel=\"noopener noreferrer\">s\u00e9rie sobre o crescimento global do movimento de TTCs<\/a>.<\/em><\/p>\n<p>*O TTC \u00e9 um arranjo fundi\u00e1rio onde os moradores s\u00e3o donos ou inquilinos nas suas casas, enquanto todos, coletivamente, atrav\u00e9s de uma associa\u00e7\u00e3o, s\u00e3o donos da terra e zelam pela comunidade como um todo. Tirando a terra da equa\u00e7\u00e3o do valor das moradias, os moradores s\u00e3o resguardados em rela\u00e7\u00e3o aos impactos nocivos de terras em \u00e1reas de especula\u00e7\u00e3o.<\/p>\n<!-- AddThis Advanced Settings generic via filter on the_content --><!-- AddThis Share Buttons generic via filter on the_content -->","protected":false},"excerpt":{"rendered":"<div class=\"mh-excerpt\"><p>Click Here for English Em comemora\u00e7\u00e3o ao 50\u00ba anivers\u00e1rio do\u00a0New Communities, o primeiro\u00a0Termo Territorial Coletivo* do mundo, e \u00e0 medida que planejadores e moradores de TTCs se reuniram para comemorar de 2 a 5 de <a class=\"mh-excerpt-more\" href=\"https:\/\/rioonwatch.org.br\/?p=43799\" title=\"O Crescimento do Movimento Global do TTC, Parte 3: B\u00e9lgica, Onde Inovadoras Organiza\u00e7\u00f5es Sociais Lideram o Movimento para Solu\u00e7\u00f5es Habitacionais\">[&#8230;]<\/a><!-- AddThis Advanced Settings generic via filter on get_the_excerpt --><!-- AddThis Share Buttons generic via filter on get_the_excerpt --><\/p>\n<\/div>","protected":false},"author":152,"featured_media":43804,"comment_status":"closed","ping_status":"closed","sticky":false,"template":"","format":"standard","meta":{"_acf_changed":false,"_monsterinsights_skip_tracking":false,"_monsterinsights_sitenote_active":false,"_monsterinsights_sitenote_note":"","_monsterinsights_sitenote_category":0,"footnotes":""},"categories":[1621,1626,342],"tags":[2711,759,1220,1885,395,909,1795,1037,304,838,2710,476,711],"writer":[1945],"translator":[2610],"source":[],"ilustrador":[],"fotografo":[],"class_list":{"0":"post-43799","1":"post","2":"type-post","3":"status-publish","4":"format-standard","5":"has-post-thumbnail","7":"category-destaque","8":"category-por-observadores-internacionais","9":"category-solucoes","10":"tag-belgica","11":"tag-comparacao-internacional","12":"tag-deficit-habitacional","13":"tag-europa","14":"tag-gentrificacao-remocao-branca","15":"tag-habitacao-acessivel","16":"tag-lideranca-comunitaria","17":"tag-moradia","18":"tag-participacao","19":"tag-politica-publica","20":"tag-serie-crescimento-global-do-movimento-ttc","21":"tag-solucao-comunitaria","22":"tag-clt","23":"writer-alix-vadot","24":"translator-lia-matos-viegas"},"acf":[],"yoast_head":"<!-- This site is optimized with the Yoast SEO plugin v25.6 - https:\/\/yoast.com\/wordpress\/plugins\/seo\/ -->\n<title>O Crescimento do Movimento Global do TTC, Parte 3: B\u00e9lgica, Onde Inovadoras Organiza\u00e7\u00f5es Sociais Lideram o Movimento para Solu\u00e7\u00f5es Habitacionais - RioOnWatch<\/title>\n<meta name=\"robots\" content=\"index, follow, max-snippet:-1, max-image-preview:large, max-video-preview:-1\" \/>\n<link rel=\"canonical\" href=\"https:\/\/rioonwatch.org.br\/?p=43799\" \/>\n<meta property=\"og:locale\" content=\"pt_BR\" \/>\n<meta property=\"og:type\" content=\"article\" \/>\n<meta property=\"og:title\" content=\"O Crescimento do Movimento Global do TTC, Parte 3: B\u00e9lgica, Onde Inovadoras Organiza\u00e7\u00f5es Sociais Lideram o Movimento para Solu\u00e7\u00f5es Habitacionais - RioOnWatch\" \/>\n<meta property=\"og:description\" content=\"Click Here for English Em comemora\u00e7\u00e3o ao 50\u00ba anivers\u00e1rio do\u00a0New Communities, o primeiro\u00a0Termo Territorial Coletivo* do mundo, e \u00e0 medida que planejadores e moradores de TTCs se reuniram para comemorar de 2 a 5 de [...]\" \/>\n<meta property=\"og:url\" content=\"https:\/\/rioonwatch.org.br\/?p=43799\" \/>\n<meta property=\"og:site_name\" content=\"RioOnWatch\" \/>\n<meta property=\"article:published_time\" content=\"2019-10-27T19:59:55+00:00\" \/>\n<meta property=\"article:modified_time\" content=\"2023-05-09T12:55:23+00:00\" \/>\n<meta property=\"og:image\" content=\"https:\/\/rioonwatch.org.br\/wp-content\/uploads\/2019\/10\/TTC-Belgica-scaled.jpg\" \/>\n\t<meta property=\"og:image:width\" content=\"2560\" \/>\n\t<meta property=\"og:image:height\" content=\"1920\" \/>\n\t<meta property=\"og:image:type\" content=\"image\/jpeg\" \/>\n<meta name=\"author\" content=\"Luisa Fenizola\" \/>\n<meta name=\"twitter:card\" content=\"summary_large_image\" \/>\n<meta name=\"twitter:label1\" content=\"Escrito por\" \/>\n\t<meta name=\"twitter:data1\" content=\"Luisa Fenizola\" \/>\n\t<meta name=\"twitter:label2\" content=\"Est. tempo de leitura\" \/>\n\t<meta name=\"twitter:data2\" content=\"8 minutos\" \/>\n<script type=\"application\/ld+json\" class=\"yoast-schema-graph\">{\"@context\":\"https:\/\/schema.org\",\"@graph\":[{\"@type\":\"Article\",\"@id\":\"https:\/\/rioonwatch.org.br\/?p=43799#article\",\"isPartOf\":{\"@id\":\"https:\/\/rioonwatch.org.br\/?p=43799\"},\"author\":{\"name\":\"Luisa Fenizola\",\"@id\":\"https:\/\/rioonwatch.org.br\/#\/schema\/person\/f443c6b55bb6e80842280318076491c5\"},\"headline\":\"O Crescimento do Movimento Global do TTC, Parte 3: B\u00e9lgica, Onde Inovadoras Organiza\u00e7\u00f5es Sociais Lideram o Movimento para Solu\u00e7\u00f5es Habitacionais\",\"datePublished\":\"2019-10-27T19:59:55+00:00\",\"dateModified\":\"2023-05-09T12:55:23+00:00\",\"mainEntityOfPage\":{\"@id\":\"https:\/\/rioonwatch.org.br\/?p=43799\"},\"wordCount\":1640,\"publisher\":{\"@id\":\"https:\/\/rioonwatch.org.br\/#organization\"},\"image\":{\"@id\":\"https:\/\/rioonwatch.org.br\/?p=43799#primaryimage\"},\"thumbnailUrl\":\"https:\/\/rioonwatch.org.br\/wp-content\/uploads\/2019\/10\/TTC-Belgica-scaled.jpg\",\"keywords\":[\"B\u00e9lgica\",\"compara\u00e7\u00e3o internacional\",\"d\u00e9ficit habitacional\",\"Europa\",\"gentrifica\u00e7\u00e3o\",\"habita\u00e7\u00e3o acess\u00edvel\",\"lideran\u00e7a comunit\u00e1ria\",\"moradia\",\"participa\u00e7\u00e3o\",\"pol\u00edtica p\u00fablica\",\"S\u00e9rie: Crescimento Global do Movimento TTC\",\"solu\u00e7\u00e3o comunit\u00e1ria\",\"Termo Territorial Coletivo (TTC) \/ Community Land Trust (CLT)\"],\"articleSection\":[\"*Destaque\",\"Escrito por Aliados\",\"Solu\u00e7\u00f5es\"],\"inLanguage\":\"pt-BR\"},{\"@type\":\"WebPage\",\"@id\":\"https:\/\/rioonwatch.org.br\/?p=43799\",\"url\":\"https:\/\/rioonwatch.org.br\/?p=43799\",\"name\":\"O Crescimento do Movimento Global do TTC, Parte 3: B\u00e9lgica, Onde Inovadoras Organiza\u00e7\u00f5es Sociais Lideram o Movimento para Solu\u00e7\u00f5es Habitacionais - RioOnWatch\",\"isPartOf\":{\"@id\":\"https:\/\/rioonwatch.org.br\/#website\"},\"primaryImageOfPage\":{\"@id\":\"https:\/\/rioonwatch.org.br\/?p=43799#primaryimage\"},\"image\":{\"@id\":\"https:\/\/rioonwatch.org.br\/?p=43799#primaryimage\"},\"thumbnailUrl\":\"https:\/\/rioonwatch.org.br\/wp-content\/uploads\/2019\/10\/TTC-Belgica-scaled.jpg\",\"datePublished\":\"2019-10-27T19:59:55+00:00\",\"dateModified\":\"2023-05-09T12:55:23+00:00\",\"breadcrumb\":{\"@id\":\"https:\/\/rioonwatch.org.br\/?p=43799#breadcrumb\"},\"inLanguage\":\"pt-BR\",\"potentialAction\":[{\"@type\":\"ReadAction\",\"target\":[\"https:\/\/rioonwatch.org.br\/?p=43799\"]}]},{\"@type\":\"ImageObject\",\"inLanguage\":\"pt-BR\",\"@id\":\"https:\/\/rioonwatch.org.br\/?p=43799#primaryimage\",\"url\":\"https:\/\/rioonwatch.org.br\/wp-content\/uploads\/2019\/10\/TTC-Belgica-scaled.jpg\",\"contentUrl\":\"https:\/\/rioonwatch.org.br\/wp-content\/uploads\/2019\/10\/TTC-Belgica-scaled.jpg\",\"width\":2560,\"height\":1920},{\"@type\":\"BreadcrumbList\",\"@id\":\"https:\/\/rioonwatch.org.br\/?p=43799#breadcrumb\",\"itemListElement\":[{\"@type\":\"ListItem\",\"position\":1,\"name\":\"In\u00edcio\",\"item\":\"https:\/\/rioonwatch.org.br\/\"},{\"@type\":\"ListItem\",\"position\":2,\"name\":\"O Crescimento do Movimento Global do TTC, Parte 3: B\u00e9lgica, Onde Inovadoras Organiza\u00e7\u00f5es Sociais Lideram o Movimento para Solu\u00e7\u00f5es Habitacionais\"}]},{\"@type\":\"WebSite\",\"@id\":\"https:\/\/rioonwatch.org.br\/#website\",\"url\":\"https:\/\/rioonwatch.org.br\/\",\"name\":\"RioOnWatch\",\"description\":\"relatos das favelas cariocas\",\"publisher\":{\"@id\":\"https:\/\/rioonwatch.org.br\/#organization\"},\"potentialAction\":[{\"@type\":\"SearchAction\",\"target\":{\"@type\":\"EntryPoint\",\"urlTemplate\":\"https:\/\/rioonwatch.org.br\/?s={search_term_string}\"},\"query-input\":{\"@type\":\"PropertyValueSpecification\",\"valueRequired\":true,\"valueName\":\"search_term_string\"}}],\"inLanguage\":\"pt-BR\"},{\"@type\":\"Organization\",\"@id\":\"https:\/\/rioonwatch.org.br\/#organization\",\"name\":\"RioOnWatch\",\"url\":\"https:\/\/rioonwatch.org.br\/\",\"logo\":{\"@type\":\"ImageObject\",\"inLanguage\":\"pt-BR\",\"@id\":\"https:\/\/rioonwatch.org.br\/#\/schema\/logo\/image\/\",\"url\":\"https:\/\/rioonwatch.org.br\/wp-content\/uploads\/2021\/06\/RioOnWatchcabecalhoPT11anos-2.png\",\"contentUrl\":\"https:\/\/rioonwatch.org.br\/wp-content\/uploads\/2021\/06\/RioOnWatchcabecalhoPT11anos-2.png\",\"width\":779,\"height\":277,\"caption\":\"RioOnWatch\"},\"image\":{\"@id\":\"https:\/\/rioonwatch.org.br\/#\/schema\/logo\/image\/\"}},{\"@type\":\"Person\",\"@id\":\"https:\/\/rioonwatch.org.br\/#\/schema\/person\/f443c6b55bb6e80842280318076491c5\",\"name\":\"Luisa Fenizola\",\"image\":{\"@type\":\"ImageObject\",\"inLanguage\":\"pt-BR\",\"@id\":\"https:\/\/rioonwatch.org.br\/#\/schema\/person\/image\/\",\"url\":\"https:\/\/secure.gravatar.com\/avatar\/a3d551110162b9f876cbbdaaecf75663?s=96&d=blank&r=g\",\"contentUrl\":\"https:\/\/secure.gravatar.com\/avatar\/a3d551110162b9f876cbbdaaecf75663?s=96&d=blank&r=g\",\"caption\":\"Luisa Fenizola\"},\"url\":\"https:\/\/rioonwatch.org.br\/?author=152\"}]}<\/script>\n<!-- \/ Yoast SEO plugin. -->","yoast_head_json":{"title":"O Crescimento do Movimento Global do TTC, Parte 3: B\u00e9lgica, Onde Inovadoras Organiza\u00e7\u00f5es Sociais Lideram o Movimento para Solu\u00e7\u00f5es Habitacionais - RioOnWatch","robots":{"index":"index","follow":"follow","max-snippet":"max-snippet:-1","max-image-preview":"max-image-preview:large","max-video-preview":"max-video-preview:-1"},"canonical":"https:\/\/rioonwatch.org.br\/?p=43799","og_locale":"pt_BR","og_type":"article","og_title":"O Crescimento do Movimento Global do TTC, Parte 3: B\u00e9lgica, Onde Inovadoras Organiza\u00e7\u00f5es Sociais Lideram o Movimento para Solu\u00e7\u00f5es Habitacionais - RioOnWatch","og_description":"Click Here for English Em comemora\u00e7\u00e3o ao 50\u00ba anivers\u00e1rio do\u00a0New Communities, o primeiro\u00a0Termo Territorial Coletivo* do mundo, e \u00e0 medida que planejadores e moradores de TTCs se reuniram para comemorar de 2 a 5 de [...]","og_url":"https:\/\/rioonwatch.org.br\/?p=43799","og_site_name":"RioOnWatch","article_published_time":"2019-10-27T19:59:55+00:00","article_modified_time":"2023-05-09T12:55:23+00:00","og_image":[{"width":2560,"height":1920,"url":"https:\/\/rioonwatch.org.br\/wp-content\/uploads\/2019\/10\/TTC-Belgica-scaled.jpg","type":"image\/jpeg"}],"author":"Luisa Fenizola","twitter_card":"summary_large_image","twitter_misc":{"Escrito por":"Luisa Fenizola","Est. tempo de leitura":"8 minutos"},"schema":{"@context":"https:\/\/schema.org","@graph":[{"@type":"Article","@id":"https:\/\/rioonwatch.org.br\/?p=43799#article","isPartOf":{"@id":"https:\/\/rioonwatch.org.br\/?p=43799"},"author":{"name":"Luisa Fenizola","@id":"https:\/\/rioonwatch.org.br\/#\/schema\/person\/f443c6b55bb6e80842280318076491c5"},"headline":"O Crescimento do Movimento Global do TTC, Parte 3: B\u00e9lgica, Onde Inovadoras Organiza\u00e7\u00f5es Sociais Lideram o Movimento para Solu\u00e7\u00f5es Habitacionais","datePublished":"2019-10-27T19:59:55+00:00","dateModified":"2023-05-09T12:55:23+00:00","mainEntityOfPage":{"@id":"https:\/\/rioonwatch.org.br\/?p=43799"},"wordCount":1640,"publisher":{"@id":"https:\/\/rioonwatch.org.br\/#organization"},"image":{"@id":"https:\/\/rioonwatch.org.br\/?p=43799#primaryimage"},"thumbnailUrl":"https:\/\/rioonwatch.org.br\/wp-content\/uploads\/2019\/10\/TTC-Belgica-scaled.jpg","keywords":["B\u00e9lgica","compara\u00e7\u00e3o internacional","d\u00e9ficit habitacional","Europa","gentrifica\u00e7\u00e3o","habita\u00e7\u00e3o acess\u00edvel","lideran\u00e7a comunit\u00e1ria","moradia","participa\u00e7\u00e3o","pol\u00edtica p\u00fablica","S\u00e9rie: Crescimento Global do Movimento TTC","solu\u00e7\u00e3o comunit\u00e1ria","Termo Territorial Coletivo (TTC) \/ Community Land Trust (CLT)"],"articleSection":["*Destaque","Escrito por Aliados","Solu\u00e7\u00f5es"],"inLanguage":"pt-BR"},{"@type":"WebPage","@id":"https:\/\/rioonwatch.org.br\/?p=43799","url":"https:\/\/rioonwatch.org.br\/?p=43799","name":"O Crescimento do Movimento Global do TTC, Parte 3: B\u00e9lgica, Onde Inovadoras Organiza\u00e7\u00f5es Sociais Lideram o Movimento para Solu\u00e7\u00f5es Habitacionais - RioOnWatch","isPartOf":{"@id":"https:\/\/rioonwatch.org.br\/#website"},"primaryImageOfPage":{"@id":"https:\/\/rioonwatch.org.br\/?p=43799#primaryimage"},"image":{"@id":"https:\/\/rioonwatch.org.br\/?p=43799#primaryimage"},"thumbnailUrl":"https:\/\/rioonwatch.org.br\/wp-content\/uploads\/2019\/10\/TTC-Belgica-scaled.jpg","datePublished":"2019-10-27T19:59:55+00:00","dateModified":"2023-05-09T12:55:23+00:00","breadcrumb":{"@id":"https:\/\/rioonwatch.org.br\/?p=43799#breadcrumb"},"inLanguage":"pt-BR","potentialAction":[{"@type":"ReadAction","target":["https:\/\/rioonwatch.org.br\/?p=43799"]}]},{"@type":"ImageObject","inLanguage":"pt-BR","@id":"https:\/\/rioonwatch.org.br\/?p=43799#primaryimage","url":"https:\/\/rioonwatch.org.br\/wp-content\/uploads\/2019\/10\/TTC-Belgica-scaled.jpg","contentUrl":"https:\/\/rioonwatch.org.br\/wp-content\/uploads\/2019\/10\/TTC-Belgica-scaled.jpg","width":2560,"height":1920},{"@type":"BreadcrumbList","@id":"https:\/\/rioonwatch.org.br\/?p=43799#breadcrumb","itemListElement":[{"@type":"ListItem","position":1,"name":"In\u00edcio","item":"https:\/\/rioonwatch.org.br\/"},{"@type":"ListItem","position":2,"name":"O Crescimento do Movimento Global do TTC, Parte 3: B\u00e9lgica, Onde Inovadoras Organiza\u00e7\u00f5es Sociais Lideram o Movimento para Solu\u00e7\u00f5es Habitacionais"}]},{"@type":"WebSite","@id":"https:\/\/rioonwatch.org.br\/#website","url":"https:\/\/rioonwatch.org.br\/","name":"RioOnWatch","description":"relatos das favelas cariocas","publisher":{"@id":"https:\/\/rioonwatch.org.br\/#organization"},"potentialAction":[{"@type":"SearchAction","target":{"@type":"EntryPoint","urlTemplate":"https:\/\/rioonwatch.org.br\/?s={search_term_string}"},"query-input":{"@type":"PropertyValueSpecification","valueRequired":true,"valueName":"search_term_string"}}],"inLanguage":"pt-BR"},{"@type":"Organization","@id":"https:\/\/rioonwatch.org.br\/#organization","name":"RioOnWatch","url":"https:\/\/rioonwatch.org.br\/","logo":{"@type":"ImageObject","inLanguage":"pt-BR","@id":"https:\/\/rioonwatch.org.br\/#\/schema\/logo\/image\/","url":"https:\/\/rioonwatch.org.br\/wp-content\/uploads\/2021\/06\/RioOnWatchcabecalhoPT11anos-2.png","contentUrl":"https:\/\/rioonwatch.org.br\/wp-content\/uploads\/2021\/06\/RioOnWatchcabecalhoPT11anos-2.png","width":779,"height":277,"caption":"RioOnWatch"},"image":{"@id":"https:\/\/rioonwatch.org.br\/#\/schema\/logo\/image\/"}},{"@type":"Person","@id":"https:\/\/rioonwatch.org.br\/#\/schema\/person\/f443c6b55bb6e80842280318076491c5","name":"Luisa Fenizola","image":{"@type":"ImageObject","inLanguage":"pt-BR","@id":"https:\/\/rioonwatch.org.br\/#\/schema\/person\/image\/","url":"https:\/\/secure.gravatar.com\/avatar\/a3d551110162b9f876cbbdaaecf75663?s=96&d=blank&r=g","contentUrl":"https:\/\/secure.gravatar.com\/avatar\/a3d551110162b9f876cbbdaaecf75663?s=96&d=blank&r=g","caption":"Luisa Fenizola"},"url":"https:\/\/rioonwatch.org.br\/?author=152"}]}},"_links":{"self":[{"href":"https:\/\/rioonwatch.org.br\/index.php?rest_route=\/wp\/v2\/posts\/43799"}],"collection":[{"href":"https:\/\/rioonwatch.org.br\/index.php?rest_route=\/wp\/v2\/posts"}],"about":[{"href":"https:\/\/rioonwatch.org.br\/index.php?rest_route=\/wp\/v2\/types\/post"}],"author":[{"embeddable":true,"href":"https:\/\/rioonwatch.org.br\/index.php?rest_route=\/wp\/v2\/users\/152"}],"replies":[{"embeddable":true,"href":"https:\/\/rioonwatch.org.br\/index.php?rest_route=%2Fwp%2Fv2%2Fcomments&post=43799"}],"version-history":[{"count":33,"href":"https:\/\/rioonwatch.org.br\/index.php?rest_route=\/wp\/v2\/posts\/43799\/revisions"}],"predecessor-version":[{"id":44424,"href":"https:\/\/rioonwatch.org.br\/index.php?rest_route=\/wp\/v2\/posts\/43799\/revisions\/44424"}],"wp:featuredmedia":[{"embeddable":true,"href":"https:\/\/rioonwatch.org.br\/index.php?rest_route=\/wp\/v2\/media\/43804"}],"wp:attachment":[{"href":"https:\/\/rioonwatch.org.br\/index.php?rest_route=%2Fwp%2Fv2%2Fmedia&parent=43799"}],"wp:term":[{"taxonomy":"category","embeddable":true,"href":"https:\/\/rioonwatch.org.br\/index.php?rest_route=%2Fwp%2Fv2%2Fcategories&post=43799"},{"taxonomy":"post_tag","embeddable":true,"href":"https:\/\/rioonwatch.org.br\/index.php?rest_route=%2Fwp%2Fv2%2Ftags&post=43799"},{"taxonomy":"writer","embeddable":true,"href":"https:\/\/rioonwatch.org.br\/index.php?rest_route=%2Fwp%2Fv2%2Fwriter&post=43799"},{"taxonomy":"translator","embeddable":true,"href":"https:\/\/rioonwatch.org.br\/index.php?rest_route=%2Fwp%2Fv2%2Ftranslator&post=43799"},{"taxonomy":"source","embeddable":true,"href":"https:\/\/rioonwatch.org.br\/index.php?rest_route=%2Fwp%2Fv2%2Fsource&post=43799"},{"taxonomy":"ilustrador","embeddable":true,"href":"https:\/\/rioonwatch.org.br\/index.php?rest_route=%2Fwp%2Fv2%2Filustrador&post=43799"},{"taxonomy":"fotografo","embeddable":true,"href":"https:\/\/rioonwatch.org.br\/index.php?rest_route=%2Fwp%2Fv2%2Ffotografo&post=43799"}],"curies":[{"name":"wp","href":"https:\/\/api.w.org\/{rel}","templated":true}]}}