{"id":43857,"date":"2019-11-05T07:13:32","date_gmt":"2019-11-05T10:13:32","guid":{"rendered":"https:\/\/rioonwatch.org.br\/?p=43857"},"modified":"2023-05-09T09:55:23","modified_gmt":"2023-05-09T12:55:23","slug":"o-crescimento-do-movimento-global-do-ttc-parte-4-franca-a-institucionalizacao-da-habitacao-participativa","status":"publish","type":"post","link":"https:\/\/rioonwatch.org.br\/?p=43857","title":{"rendered":"O Crescimento do Movimento Global do TTC, Parte 4: Fran\u00e7a\u2014Institucionaliza\u00e7\u00e3o da Habita\u00e7\u00e3o Participativa"},"content":{"rendered":"<p style=\"text-align: right;\"><em><strong><a href=\"http:\/\/bit.ly\/2IFE5LV\" target=\"_blank\" rel=\"noopener noreferrer\">Click Here for English<\/a><a href=\"http:\/\/bit.ly\/2IFE5LV\" target=\"_blank\" rel=\"noopener noreferrer\"><img decoding=\"async\" width=\"20\" height=\"20\" class=\"alignright wp-image-15790\" src=\"http:\/\/rioonwatch.org.br\/wp-content\/uploads\/2012\/08\/EN-standard-e1439583104716.jpg\" \/><\/a><\/strong><\/em><\/p>\n<p><em>Em comemora\u00e7\u00e3o ao 50\u00ba anivers\u00e1rio do\u00a0<a href=\"http:\/\/bit.ly\/2Dcsv7m\" target=\"_blank\" rel=\"noopener noreferrer\">New Communities<\/a>, o primeiro\u00a0<a href=\"http:\/\/bit.ly\/1mig1hx\" target=\"_blank\" rel=\"noopener noreferrer\">Termo Territorial Coletivo<\/a>* do mundo, e \u00e0 medida que planejadores e moradores de TTCs se reuniram para comemorar de 2 a 5 de outubro na\u00a0<a href=\"http:\/\/bit.ly\/2mX3gSr\" target=\"_blank\" rel=\"noopener noreferrer\">Confer\u00eancia \u2018Recuperando Terrenos Baldios 2019\u2019<\/a>\u00a0em Atlanta, Ge\u00f3rgia, o RioOnWatch emitiu uma chamada por mat\u00e9rias destacando o crescimento atual do movimento TTC em todo o mundo. Colaboradores de v\u00e1rias partes do mundo\u00a0<a href=\"http:\/\/bit.ly\/TTCsPeloMundo\" target=\"_blank\" rel=\"noopener noreferrer\">escreveram hist\u00f3rias sobre a expans\u00e3o de TTCs<\/a>\u2014tanto em n\u00famero quanto em abordagem\u2014no <a href=\"http:\/\/bit.ly\/2BaiIxU\" target=\"_blank\" rel=\"noopener noreferrer\">Mississippi<\/a>,\u00a0<a href=\"http:\/\/bit.ly\/2VYsOeR\" target=\"_blank\" rel=\"noopener noreferrer\">Reino Unido<\/a>,\u00a0<a href=\"http:\/\/bit.ly\/2PmeZpm\" target=\"_blank\" rel=\"noopener noreferrer\">B\u00e9lgica<\/a>,\u00a0<a href=\"http:\/\/bit.ly\/2WHWNrK\" target=\"_blank\" rel=\"noopener noreferrer\">Fran\u00e7a<\/a>, <a href=\"http:\/\/bit.ly\/2Qfiyy2\" target=\"_blank\" rel=\"noopener noreferrer\">Porto Rico<\/a>, <a href=\"http:\/\/bit.ly\/32TmVBK\" target=\"_blank\" rel=\"noopener noreferrer\">Rio de Janeiro<\/a> e <a href=\"http:\/\/bit.ly\/379PDBG\" target=\"_blank\" rel=\"noopener noreferrer\">Fl\u00f3rida<\/a>. Esta s\u00e9rie variada tem como objetivo disseminar not\u00edcias dos sucessos do modelo TTC \u00e0 medida que se adapta a novos tempos e circunst\u00e2ncias, chamando mais aten\u00e7\u00e3o para esta solu\u00e7\u00e3o inovadora para garantir o direito \u00e0 moradia e ao desenvolvimento comunit\u00e1rio, e seu potencial na resolu\u00e7\u00e3o da crise habitacional global.<\/em><\/p>\n<p><em>A mat\u00e9ria de hoje, da assistente da Comiss\u00e3o Europeia e ex-volunt\u00e1ria da Comunidades Catalisadoras Katja Majcen, explica os processos legais por tr\u00e1s do crescimento dos TTCs na Fran\u00e7a.<\/em><\/p>\n<p><em>Para mais informa\u00e7\u00f5es sobre TTCs e seu potencial para as favelas do Rio de Janeiro, clique\u00a0<a href=\"http:\/\/bit.ly\/TTCnoROW\" target=\"_blank\" rel=\"noopener noreferrer\">aqui<\/a>\u00a0e para aprofundar sobre como ser\u00e1 realiz\u00e1vel no Brasil,\u00a0<a href=\"http:\/\/bit.ly\/ConhecendoTTC\" target=\"_blank\" rel=\"noopener noreferrer\">clique aqui<\/a>.<\/em><\/p>\n<hr \/>\n<p dir=\"ltr\">Na Fran\u00e7a, a no\u00e7\u00e3o de <a href=\"http:\/\/bit.ly\/2nYsuQf\" target=\"_blank\" rel=\"noopener noreferrer\"><em>habitat participatif<\/em><\/a> (habita\u00e7\u00e3o participativa, autogerenciada e\/ou autoconstru\u00edda) tem tido grande sucesso. Refor\u00e7ado pelo movimento hippie e v\u00e1rias d\u00e9cadas de tens\u00e3o no setor imobili\u00e1rio, o apoio ao movimento atingiu um pico ap\u00f3s os tumultuosos eventos de <a href=\"http:\/\/bit.ly\/2VQIkto\" target=\"_blank\" rel=\"noopener noreferrer\">maio de 1968<\/a>, em meio \u00e0 crescente press\u00e3o sobre o mercado imobili\u00e1rio e ao aumento de pre\u00e7os. Na d\u00e9cada de 1970, as tend\u00eancias sociais e iniciativas voltadas para comunidades em todo o pa\u00eds come\u00e7aram a dar lugar a solu\u00e7\u00f5es alternativas \u00e0s pr\u00e1ticas habitacionais convencionais, confrontando o legado do C\u00f3digo Civil Napole\u00f4nico, onde a propriedade da terra e da edifica\u00e7\u00e3o est\u00e3o intimamente entrela\u00e7ada.<\/p>\n<p dir=\"ltr\"><a href=\"https:\/\/rioonwatch.org.br\/wp-content\/uploads\/2019\/10\/TTCFran\u00e7a2.jpg\"><img fetchpriority=\"high\" decoding=\"async\" class=\"aligncenter wp-image-43861 size-content\" title=\"Protesto durante a Confer\u00eancia Nacional de Habita\u00e7\u00e3o Grand-Caillou (CNL), no final dos anos 70. Foto: CNL\" src=\"https:\/\/rioonwatch.org.br\/wp-content\/uploads\/2019\/10\/TTCFran\u00e7a2-620x264.jpg\" alt=\"\" width=\"620\" height=\"264\" srcset=\"https:\/\/rioonwatch.org.br\/wp-content\/uploads\/2019\/10\/TTCFran\u00e7a2-620x264.jpg 620w, https:\/\/rioonwatch.org.br\/wp-content\/uploads\/2019\/10\/TTCFran\u00e7a2-940x400.jpg 940w\" sizes=\"(max-width: 620px) 100vw, 620px\" \/><\/a><\/p>\n<p dir=\"ltr\">Projetos participativos continuaram a se organizar na d\u00e9cada de 2000, especialmente em grandes cidades como Grenoble, <a href=\"http:\/\/bit.ly\/2ovjUsy\" target=\"_blank\" rel=\"noopener noreferrer\">Lille<\/a>, Estrasburgo e <a href=\"http:\/\/bit.ly\/2oCpdGS\" target=\"_blank\" rel=\"noopener noreferrer\">Paris<\/a>. Erguendo-se para abordar quest\u00f5es de acesso \u00e0 moradia, os projetos foram apoiados pela presen\u00e7a de poderosos grupos ativistas, incluindo movimentos cooperativos e autogestionados, grupos de a\u00e7\u00e3o municipal, grupos de <a href=\"http:\/\/bit.ly\/2MPi5iz\" target=\"_blank\" rel=\"noopener noreferrer\">educa\u00e7\u00e3o popular<\/a>, entre outros.<\/p>\n<p dir=\"ltr\">Para ganhar legitimidade e visibilidade nacional, esses grupos uniram for\u00e7as. Em 2007, eles come\u00e7aram a organizar reuni\u00f5es nacionais anuais, reunindo moradores, arquitetos, senhorios sociais, representantes de autoridades p\u00fablicas e outros, com o objetivo de divulgar suas a\u00e7\u00f5es e reunir recursos e conhecimentos. <a href=\"http:\/\/bit.ly\/2IWyOzq\" target=\"_blank\" rel=\"noopener noreferrer\">Uma reuni\u00e3o, em 2010 em Estrasburgo<\/a>, marcou um verdadeiro ponto de virada, levando ao estabelecimento de uma <a href=\"http:\/\/bit.ly\/30RXYpi\" target=\"_blank\" rel=\"noopener noreferrer\">Rede Nacional de Comunidades para Habita\u00e7\u00e3o Participativa<\/a> (RNCHP), incluindo associa\u00e7\u00f5es, profissionais e funcion\u00e1rios eleitos. O RNCHP \u00e9 uma plataforma para compartilhar experi\u00eancias e uma ferramenta operacional para incluir a habita\u00e7\u00e3o participativa como um componente de pol\u00edticas p\u00fablicas. \u00c9 uma rede aberta \u00e0 comunidade e outras institui\u00e7\u00f5es, e tamb\u00e9m funciona como um grupo de press\u00e3o pol\u00edtica.<\/p>\n<p dir=\"ltr\">Ao mesmo tempo, o interesse no modelo do Termo Territorial Coletivo (<a href=\"http:\/\/bit.ly\/1mig1hx\" target=\"_blank\" rel=\"noopener noreferrer\">TTC<\/a>) come\u00e7ou a aumentar na Fran\u00e7a, ap\u00f3s a implementa\u00e7\u00e3o bem-sucedida de TTCs na <a href=\"http:\/\/bit.ly\/2VYsOeR\" target=\"_blank\" rel=\"noopener noreferrer\">Inglaterra<\/a> e em <a href=\"http:\/\/bit.ly\/2PmeZpm\" target=\"_blank\" rel=\"noopener noreferrer\">Bruxelas<\/a>. No final de 2013, a associa\u00e7\u00e3o <em><a href=\"http:\/\/bit.ly\/2ATR3kV\" target=\"_blank\" rel=\"noopener noreferrer\">Community Land Trust France<\/a><\/em> foi criada para promover os princ\u00edpios e valores dos TTCs, adapt\u00e1-los ao contexto franc\u00eas e aumentar a conscientiza\u00e7\u00e3o entre grupos e propriet\u00e1rios de terras.<\/p>\n<p dir=\"ltr\"><a href=\"https:\/\/rioonwatch.org.br\/wp-content\/uploads\/2019\/10\/TTCFran\u00e7a3.jpg\"><img decoding=\"async\" class=\"aligncenter wp-image-43864 size-content\" title=\"Encontro sobre habita\u00e7\u00e3o participativa no Minist\u00e9rio de Habita\u00e7\u00e3o franc\u00eas em 6 de outubro de 2015. Fonte: Minist\u00e9rio da Habita\u00e7\u00e3o franc\u00eas\" src=\"https:\/\/rioonwatch.org.br\/wp-content\/uploads\/2019\/10\/TTCFran\u00e7a3-620x264.jpg\" alt=\"\" width=\"620\" height=\"264\" srcset=\"https:\/\/rioonwatch.org.br\/wp-content\/uploads\/2019\/10\/TTCFran\u00e7a3-620x264.jpg 620w, https:\/\/rioonwatch.org.br\/wp-content\/uploads\/2019\/10\/TTCFran\u00e7a3-940x400.jpg 940w\" sizes=\"(max-width: 620px) 100vw, 620px\" \/><\/a><\/p>\n<p dir=\"ltr\">A rede nacional participou regularmente do grupo de trabalho liderado pela ent\u00e3o Ministra da Igualdade Territorial e Habita\u00e7\u00e3o C\u00e9cile Duflot, fazendo press\u00e3o efetiva e obtendo maior reconhecimento nacional. A rede tamb\u00e9m desempenhou um papel importante na ado\u00e7\u00e3o de novas estruturas legais para implementar iniciativas habitacionais participativas, incluindo TTCs, na Fran\u00e7a.<\/p>\n<p dir=\"ltr\">Diferentemente de seus colegas na Inglaterra e nos EUA, que come\u00e7aram a implementa\u00e7\u00e3o antes de obter apoio legislativo, os TTCs franceses surgiram atrav\u00e9s do processo legislativo. Ap\u00f3s anos de incuba\u00e7\u00e3o nas redes associativas e ativistas, habita\u00e7\u00e3o participativa foi reconhecida e regulamentada pela primeira vez em 2013, quando Duflot apresentou \u00e0 Assembl\u00e9ia Nacional um projeto de lei (<a href=\"http:\/\/bit.ly\/30Jn9Kj\" target=\"_blank\" rel=\"noopener noreferrer\">projeto n\u00ba 1179<\/a>), conhecido como <a href=\"http:\/\/bit.ly\/33DC8HL\" target=\"_blank\" rel=\"noopener noreferrer\">projeto de lei ALUR<\/a>. O texto foi discutido, emendado e votado, entrando na lei em 2014, com um cap\u00edtulo intitulado \u201cCriando novas formas de acesso \u00e0 moradia atrav\u00e9s da habita\u00e7\u00e3o participativa\u201d. O texto tamb\u00e9m inclu\u00eda um artigo (L 200-1) que foi introduzido no C\u00f3digo de Constru\u00e7\u00e3o e Habita\u00e7\u00e3o do pa\u00eds, descrevendo a habita\u00e7\u00e3o participativa como uma abordagem cidad\u00e3, que permite que indiv\u00edduos contribuam para o projeto, bem como na defini\u00e7\u00e3o e, se necess\u00e1rio, na gest\u00e3o e constru\u00e7\u00e3o coletiva de sua habita\u00e7\u00e3o.<\/p>\n<p dir=\"ltr\"><a href=\"https:\/\/rioonwatch.org.br\/wp-content\/uploads\/2019\/11\/ato-aluar.jpeg\"><img loading=\"lazy\" decoding=\"async\" class=\"aligncenter wp-image-44211 size-full\" src=\"https:\/\/rioonwatch.org.br\/wp-content\/uploads\/2019\/11\/ato-aluar.jpeg\" alt=\"\" width=\"842\" height=\"595\" srcset=\"https:\/\/rioonwatch.org.br\/wp-content\/uploads\/2019\/11\/ato-aluar.jpeg 842w, https:\/\/rioonwatch.org.br\/wp-content\/uploads\/2019\/11\/ato-aluar-374x264.jpeg 374w, https:\/\/rioonwatch.org.br\/wp-content\/uploads\/2019\/11\/ato-aluar-620x438.jpeg 620w, https:\/\/rioonwatch.org.br\/wp-content\/uploads\/2019\/11\/ato-aluar-768x543.jpeg 768w\" sizes=\"(max-width: 842px) 100vw, 842px\" \/><\/a>A lei permitiu, assim, a cria\u00e7\u00e3o dos <em>Organismes Fonciers Solidaires<\/em> (OFS), baseado no modelo do Termo Territorial Coletivo, mas n\u00e3o igual. A lei de Crescimento, Atividade e Igualdade de Oportunidades Econ\u00f4micas, conhecida como \u201c<a href=\"http:\/\/bit.ly\/2MK3Hsc\" target=\"_blank\" rel=\"noopener noreferrer\">lei Macron<\/a>\u201d, de 6 de agosto de 2015, concluiu as adapta\u00e7\u00f5es legais necess\u00e1rias, criando um<em> bail r\u00e9el solidaire<\/em> (\u201cconcess\u00e3o de solidariedade real\u201d) para melhor atender a certas restri\u00e7\u00f5es relacionadas ao direito contratual, incluindo um limite de 99 anos para arrendamentos enfit\u00eauticos (que obrigam os arrendat\u00e1rios a melhorar suas propriedades com a constru\u00e7\u00e3o), bem como desassociar terras do pr\u00f3prio edif\u00edcio, diminuindo o pre\u00e7o da habita\u00e7\u00e3o.<\/p>\n<p dir=\"ltr\">Esse novo arcabou\u00e7o legal viabilizou \u201ccorpora\u00e7\u00f5es habitacionais participativas\u201d destinadas a apoiar indiv\u00edduos na constru\u00e7\u00e3o ou aquisi\u00e7\u00e3o da propriedade para sua habita\u00e7\u00e3o, bem como em espa\u00e7os compartilhados. Esses indiv\u00edduos s\u00e3o considerados parceiros e cada um adquire a\u00e7\u00f5es correspondentes ao seu lote. Cada um deles tem o mesmo peso no processo de tomada de decis\u00e3o, participa ativamente do processo de design e, quando necess\u00e1rio, no gerenciamento da propriedade.<\/p>\n<p dir=\"ltr\">Essas empresas habitacionais participativas podem assumir a forma de uma \u201ccorpora\u00e7\u00e3o de aloca\u00e7\u00e3o e autodesenvolvimento\u201d, na qual cada morador det\u00e9m a\u00e7\u00f5es ou uma \u201ccooperativa de moradores\u201d, adotando uma l\u00f3gica de propriedade coletiva, na qual os moradores t\u00eam o duplo status de parceiros e inquilinos. Eles ent\u00e3o pagam uma taxa mensal para reembolsar o empr\u00e9stimo coletivo.<\/p>\n<p dir=\"ltr\"><a href=\"https:\/\/rioonwatch.org.br\/wp-content\/uploads\/2019\/10\/TTCFran\u00e7a4.jpg\"><img loading=\"lazy\" decoding=\"async\" class=\"aligncenter wp-image-43863 size-medium\" title=\"Projeto &quot;Blancho-Zamenhof&quot;, feito pela Habitat 44, uma empresa de aluguel social, na cidade de Nantes, onde pelo menos 13 de 174 domic\u00edlios ir\u00e3o se beneficiar da &quot;bail r\u00e9el solidaire&quot;. Fonte: Habitat 44\" src=\"https:\/\/rioonwatch.org.br\/wp-content\/uploads\/2019\/10\/TTCFran\u00e7a4-620x440.jpg\" alt=\"\" width=\"620\" height=\"440\" srcset=\"https:\/\/rioonwatch.org.br\/wp-content\/uploads\/2019\/10\/TTCFran\u00e7a4-620x440.jpg 620w, https:\/\/rioonwatch.org.br\/wp-content\/uploads\/2019\/10\/TTCFran\u00e7a4-372x264.jpg 372w, https:\/\/rioonwatch.org.br\/wp-content\/uploads\/2019\/10\/TTCFran\u00e7a4-768x545.jpg 768w, https:\/\/rioonwatch.org.br\/wp-content\/uploads\/2019\/10\/TTCFran\u00e7a4-1024x726.jpg 1024w, https:\/\/rioonwatch.org.br\/wp-content\/uploads\/2019\/10\/TTCFran\u00e7a4.jpg 1200w\" sizes=\"(max-width: 620px) 100vw, 620px\" \/><\/a><\/p>\n<p dir=\"ltr\">O modelo franc\u00eas se destaca devido ao papel do morador no processo. O papel essencial dos moradores nos projetos ingleses e norte-americanos est\u00e1 relacionado \u00e0 sua ancoragem bastante local, no n\u00edvel do bairro. O modelo franc\u00eas, no entanto, mant\u00e9m um foco na quest\u00e3o da habita\u00e7\u00e3o em si, com uma miss\u00e3o social em um escopo al\u00e9m do n\u00edvel local. A a\u00e7\u00e3o urbana na Fran\u00e7a continua sendo em grande parte responsabilidade da comunidade p\u00fablica, que representa todos os moradores do territ\u00f3rio de maneira democr\u00e1tica. Ao acompanhar a cria\u00e7\u00e3o de um coletivo envolvido na quest\u00e3o da habita\u00e7\u00e3o, no entanto, e ao se concentrar mais no pr\u00f3prio bairro, os OFSs podem incentivar e apoiar a constru\u00e7\u00e3o de iniciativas populares.<\/p>\n<p dir=\"ltr\">Os OFSs representam, portanto, oportunidades para incentivar uma nova forma de mobiliza\u00e7\u00e3o cidad\u00e3 na Fran\u00e7a. Seu maior foco nos moradores pode ser essencial para superar a fun\u00e7\u00e3o puramente t\u00e9cnica do OFS (isto \u00e9, da propriedade da terra), chamando a aten\u00e7\u00e3o para o papel social do morador e valorizando essa nova forma de propriedade desassociada e seus benefici\u00e1rios.<\/p>\n<div class=\"yj6qo ajU\">\n<p><em>Essa \u00e9 a quarta mat\u00e9ria da nossa <a href=\"http:\/\/bit.ly\/TTCsPeloMundo\" target=\"_blank\" rel=\"noopener noreferrer\">s\u00e9rie sobre o crescimento global do movimento de TTCs<\/a>.<\/em><\/p>\n<p>*O TTC \u00e9 um arranjo fundi\u00e1rio onde os moradores s\u00e3o donos ou inquilinos nas suas casas, enquanto todos, coletivamente, atrav\u00e9s de uma associa\u00e7\u00e3o, s\u00e3o donos da terra e zelam pela comunidade como um todo. Tirando a terra da equa\u00e7\u00e3o do valor das moradias, os moradores s\u00e3o resguardados em rela\u00e7\u00e3o aos impactos nocivos de terras em \u00e1reas de especula\u00e7\u00e3o.<\/p>\n<\/div>\n<!-- AddThis Advanced Settings generic via filter on the_content --><!-- AddThis Share Buttons generic via filter on the_content -->","protected":false},"excerpt":{"rendered":"<div class=\"mh-excerpt\"><p>Click Here for English Em comemora\u00e7\u00e3o ao 50\u00ba anivers\u00e1rio do\u00a0New Communities, o primeiro\u00a0Termo Territorial Coletivo* do mundo, e \u00e0 medida que planejadores e moradores de TTCs se reuniram para comemorar de 2 a 5 de <a class=\"mh-excerpt-more\" href=\"https:\/\/rioonwatch.org.br\/?p=43857\" title=\"O Crescimento do Movimento Global do TTC, Parte 4: Fran\u00e7a\u2014Institucionaliza\u00e7\u00e3o da Habita\u00e7\u00e3o Participativa\">[&#8230;]<\/a><!-- AddThis Advanced Settings generic via filter on get_the_excerpt --><!-- AddThis Share Buttons generic via filter on get_the_excerpt --><\/p>\n<\/div>","protected":false},"author":152,"featured_media":43859,"comment_status":"closed","ping_status":"closed","sticky":false,"template":"","format":"standard","meta":{"_acf_changed":false,"_monsterinsights_skip_tracking":false,"_monsterinsights_sitenote_active":false,"_monsterinsights_sitenote_note":"","_monsterinsights_sitenote_category":0,"footnotes":""},"categories":[1618,1621,1626,344,342],"tags":[948,759,1220,424,1885,2542,909,1795,1037,358,2289,2710,711],"writer":[1571],"translator":[1875],"source":[],"ilustrador":[],"fotografo":[],"class_list":{"0":"post-43857","1":"post","2":"type-post","3":"status-publish","4":"format-standard","5":"has-post-thumbnail","7":"category-olhonaparticipacao","8":"category-destaque","9":"category-por-observadores-internacionais","10":"category-politicas","11":"category-solucoes","12":"tag-coletivo","13":"tag-comparacao-internacional","14":"tag-deficit-habitacional","15":"tag-direito-a-moradia","16":"tag-europa","17":"tag-franca","18":"tag-habitacao-acessivel","19":"tag-lideranca-comunitaria","20":"tag-moradia","21":"tag-organizacao-comunitaria","22":"tag-serie","23":"tag-serie-crescimento-global-do-movimento-ttc","24":"tag-clt","25":"writer-katja-majcen","26":"translator-marina-hennies"},"acf":[],"yoast_head":"<!-- This site is optimized with the Yoast SEO plugin v25.6 - https:\/\/yoast.com\/wordpress\/plugins\/seo\/ -->\n<title>O Crescimento do Movimento Global do TTC, Parte 4: Fran\u00e7a\u2014Institucionaliza\u00e7\u00e3o da Habita\u00e7\u00e3o Participativa - RioOnWatch<\/title>\n<meta name=\"robots\" content=\"index, follow, max-snippet:-1, max-image-preview:large, max-video-preview:-1\" \/>\n<link rel=\"canonical\" href=\"https:\/\/rioonwatch.org.br\/?p=43857\" \/>\n<meta property=\"og:locale\" content=\"pt_BR\" \/>\n<meta property=\"og:type\" content=\"article\" \/>\n<meta property=\"og:title\" content=\"O Crescimento do Movimento Global do TTC, Parte 4: Fran\u00e7a\u2014Institucionaliza\u00e7\u00e3o da Habita\u00e7\u00e3o Participativa - RioOnWatch\" \/>\n<meta property=\"og:description\" content=\"Click Here for English Em comemora\u00e7\u00e3o ao 50\u00ba anivers\u00e1rio do\u00a0New Communities, o primeiro\u00a0Termo Territorial Coletivo* do mundo, e \u00e0 medida que planejadores e moradores de TTCs se reuniram para comemorar de 2 a 5 de [...]\" \/>\n<meta property=\"og:url\" content=\"https:\/\/rioonwatch.org.br\/?p=43857\" \/>\n<meta property=\"og:site_name\" content=\"RioOnWatch\" \/>\n<meta property=\"article:published_time\" content=\"2019-11-05T10:13:32+00:00\" \/>\n<meta property=\"article:modified_time\" content=\"2023-05-09T12:55:23+00:00\" \/>\n<meta property=\"og:image\" content=\"https:\/\/rioonwatch.org.br\/wp-content\/uploads\/2019\/10\/TTCFran\u00e7a1.jpg\" \/>\n\t<meta property=\"og:image:width\" content=\"800\" \/>\n\t<meta property=\"og:image:height\" content=\"452\" \/>\n\t<meta property=\"og:image:type\" content=\"image\/jpeg\" \/>\n<meta name=\"author\" content=\"Luisa Fenizola\" \/>\n<meta name=\"twitter:card\" content=\"summary_large_image\" \/>\n<meta name=\"twitter:label1\" content=\"Escrito por\" \/>\n\t<meta name=\"twitter:data1\" content=\"Luisa Fenizola\" \/>\n\t<meta name=\"twitter:label2\" content=\"Est. tempo de leitura\" \/>\n\t<meta name=\"twitter:data2\" content=\"7 minutos\" \/>\n<script type=\"application\/ld+json\" class=\"yoast-schema-graph\">{\"@context\":\"https:\/\/schema.org\",\"@graph\":[{\"@type\":\"Article\",\"@id\":\"https:\/\/rioonwatch.org.br\/?p=43857#article\",\"isPartOf\":{\"@id\":\"https:\/\/rioonwatch.org.br\/?p=43857\"},\"author\":{\"name\":\"Luisa Fenizola\",\"@id\":\"https:\/\/rioonwatch.org.br\/#\/schema\/person\/f443c6b55bb6e80842280318076491c5\"},\"headline\":\"O Crescimento do Movimento Global do TTC, Parte 4: Fran\u00e7a\u2014Institucionaliza\u00e7\u00e3o da Habita\u00e7\u00e3o Participativa\",\"datePublished\":\"2019-11-05T10:13:32+00:00\",\"dateModified\":\"2023-05-09T12:55:23+00:00\",\"mainEntityOfPage\":{\"@id\":\"https:\/\/rioonwatch.org.br\/?p=43857\"},\"wordCount\":1359,\"publisher\":{\"@id\":\"https:\/\/rioonwatch.org.br\/#organization\"},\"image\":{\"@id\":\"https:\/\/rioonwatch.org.br\/?p=43857#primaryimage\"},\"thumbnailUrl\":\"https:\/\/rioonwatch.org.br\/wp-content\/uploads\/2019\/10\/TTCFran\u00e7a1.jpg\",\"keywords\":[\"coletivo\",\"compara\u00e7\u00e3o internacional\",\"d\u00e9ficit habitacional\",\"Direito \u00e0 Moradia\",\"Europa\",\"Fran\u00e7a\",\"habita\u00e7\u00e3o acess\u00edvel\",\"lideran\u00e7a comunit\u00e1ria\",\"moradia\",\"organiza\u00e7\u00e3o comunit\u00e1ria\",\"S\u00e9rie\",\"S\u00e9rie: Crescimento Global do Movimento TTC\",\"Termo Territorial Coletivo (TTC) \/ Community Land Trust (CLT)\"],\"articleSection\":[\"#OlhoNaParticipa\u00e7\u00e3o\",\"*Destaque\",\"Escrito por Aliados\",\"Pol\u00edticas\",\"Solu\u00e7\u00f5es\"],\"inLanguage\":\"pt-BR\"},{\"@type\":\"WebPage\",\"@id\":\"https:\/\/rioonwatch.org.br\/?p=43857\",\"url\":\"https:\/\/rioonwatch.org.br\/?p=43857\",\"name\":\"O Crescimento do Movimento Global do TTC, Parte 4: Fran\u00e7a\u2014Institucionaliza\u00e7\u00e3o da Habita\u00e7\u00e3o Participativa - RioOnWatch\",\"isPartOf\":{\"@id\":\"https:\/\/rioonwatch.org.br\/#website\"},\"primaryImageOfPage\":{\"@id\":\"https:\/\/rioonwatch.org.br\/?p=43857#primaryimage\"},\"image\":{\"@id\":\"https:\/\/rioonwatch.org.br\/?p=43857#primaryimage\"},\"thumbnailUrl\":\"https:\/\/rioonwatch.org.br\/wp-content\/uploads\/2019\/10\/TTCFran\u00e7a1.jpg\",\"datePublished\":\"2019-11-05T10:13:32+00:00\",\"dateModified\":\"2023-05-09T12:55:23+00:00\",\"breadcrumb\":{\"@id\":\"https:\/\/rioonwatch.org.br\/?p=43857#breadcrumb\"},\"inLanguage\":\"pt-BR\",\"potentialAction\":[{\"@type\":\"ReadAction\",\"target\":[\"https:\/\/rioonwatch.org.br\/?p=43857\"]}]},{\"@type\":\"ImageObject\",\"inLanguage\":\"pt-BR\",\"@id\":\"https:\/\/rioonwatch.org.br\/?p=43857#primaryimage\",\"url\":\"https:\/\/rioonwatch.org.br\/wp-content\/uploads\/2019\/10\/TTCFran\u00e7a1.jpg\",\"contentUrl\":\"https:\/\/rioonwatch.org.br\/wp-content\/uploads\/2019\/10\/TTCFran\u00e7a1.jpg\",\"width\":800,\"height\":452},{\"@type\":\"BreadcrumbList\",\"@id\":\"https:\/\/rioonwatch.org.br\/?p=43857#breadcrumb\",\"itemListElement\":[{\"@type\":\"ListItem\",\"position\":1,\"name\":\"In\u00edcio\",\"item\":\"https:\/\/rioonwatch.org.br\/\"},{\"@type\":\"ListItem\",\"position\":2,\"name\":\"O Crescimento do Movimento Global do TTC, Parte 4: Fran\u00e7a\u2014Institucionaliza\u00e7\u00e3o da Habita\u00e7\u00e3o Participativa\"}]},{\"@type\":\"WebSite\",\"@id\":\"https:\/\/rioonwatch.org.br\/#website\",\"url\":\"https:\/\/rioonwatch.org.br\/\",\"name\":\"RioOnWatch\",\"description\":\"relatos das favelas cariocas\",\"publisher\":{\"@id\":\"https:\/\/rioonwatch.org.br\/#organization\"},\"potentialAction\":[{\"@type\":\"SearchAction\",\"target\":{\"@type\":\"EntryPoint\",\"urlTemplate\":\"https:\/\/rioonwatch.org.br\/?s={search_term_string}\"},\"query-input\":{\"@type\":\"PropertyValueSpecification\",\"valueRequired\":true,\"valueName\":\"search_term_string\"}}],\"inLanguage\":\"pt-BR\"},{\"@type\":\"Organization\",\"@id\":\"https:\/\/rioonwatch.org.br\/#organization\",\"name\":\"RioOnWatch\",\"url\":\"https:\/\/rioonwatch.org.br\/\",\"logo\":{\"@type\":\"ImageObject\",\"inLanguage\":\"pt-BR\",\"@id\":\"https:\/\/rioonwatch.org.br\/#\/schema\/logo\/image\/\",\"url\":\"https:\/\/rioonwatch.org.br\/wp-content\/uploads\/2021\/06\/RioOnWatchcabecalhoPT11anos-2.png\",\"contentUrl\":\"https:\/\/rioonwatch.org.br\/wp-content\/uploads\/2021\/06\/RioOnWatchcabecalhoPT11anos-2.png\",\"width\":779,\"height\":277,\"caption\":\"RioOnWatch\"},\"image\":{\"@id\":\"https:\/\/rioonwatch.org.br\/#\/schema\/logo\/image\/\"}},{\"@type\":\"Person\",\"@id\":\"https:\/\/rioonwatch.org.br\/#\/schema\/person\/f443c6b55bb6e80842280318076491c5\",\"name\":\"Luisa Fenizola\",\"image\":{\"@type\":\"ImageObject\",\"inLanguage\":\"pt-BR\",\"@id\":\"https:\/\/rioonwatch.org.br\/#\/schema\/person\/image\/\",\"url\":\"https:\/\/secure.gravatar.com\/avatar\/a3d551110162b9f876cbbdaaecf75663?s=96&d=blank&r=g\",\"contentUrl\":\"https:\/\/secure.gravatar.com\/avatar\/a3d551110162b9f876cbbdaaecf75663?s=96&d=blank&r=g\",\"caption\":\"Luisa Fenizola\"},\"url\":\"https:\/\/rioonwatch.org.br\/?author=152\"}]}<\/script>\n<!-- \/ Yoast SEO plugin. -->","yoast_head_json":{"title":"O Crescimento do Movimento Global do TTC, Parte 4: Fran\u00e7a\u2014Institucionaliza\u00e7\u00e3o da Habita\u00e7\u00e3o Participativa - RioOnWatch","robots":{"index":"index","follow":"follow","max-snippet":"max-snippet:-1","max-image-preview":"max-image-preview:large","max-video-preview":"max-video-preview:-1"},"canonical":"https:\/\/rioonwatch.org.br\/?p=43857","og_locale":"pt_BR","og_type":"article","og_title":"O Crescimento do Movimento Global do TTC, Parte 4: Fran\u00e7a\u2014Institucionaliza\u00e7\u00e3o da Habita\u00e7\u00e3o Participativa - RioOnWatch","og_description":"Click Here for English Em comemora\u00e7\u00e3o ao 50\u00ba anivers\u00e1rio do\u00a0New Communities, o primeiro\u00a0Termo Territorial Coletivo* do mundo, e \u00e0 medida que planejadores e moradores de TTCs se reuniram para comemorar de 2 a 5 de [...]","og_url":"https:\/\/rioonwatch.org.br\/?p=43857","og_site_name":"RioOnWatch","article_published_time":"2019-11-05T10:13:32+00:00","article_modified_time":"2023-05-09T12:55:23+00:00","og_image":[{"width":800,"height":452,"url":"https:\/\/rioonwatch.org.br\/wp-content\/uploads\/2019\/10\/TTCFran\u00e7a1.jpg","type":"image\/jpeg"}],"author":"Luisa Fenizola","twitter_card":"summary_large_image","twitter_misc":{"Escrito por":"Luisa Fenizola","Est. tempo de leitura":"7 minutos"},"schema":{"@context":"https:\/\/schema.org","@graph":[{"@type":"Article","@id":"https:\/\/rioonwatch.org.br\/?p=43857#article","isPartOf":{"@id":"https:\/\/rioonwatch.org.br\/?p=43857"},"author":{"name":"Luisa Fenizola","@id":"https:\/\/rioonwatch.org.br\/#\/schema\/person\/f443c6b55bb6e80842280318076491c5"},"headline":"O Crescimento do Movimento Global do TTC, Parte 4: Fran\u00e7a\u2014Institucionaliza\u00e7\u00e3o da Habita\u00e7\u00e3o Participativa","datePublished":"2019-11-05T10:13:32+00:00","dateModified":"2023-05-09T12:55:23+00:00","mainEntityOfPage":{"@id":"https:\/\/rioonwatch.org.br\/?p=43857"},"wordCount":1359,"publisher":{"@id":"https:\/\/rioonwatch.org.br\/#organization"},"image":{"@id":"https:\/\/rioonwatch.org.br\/?p=43857#primaryimage"},"thumbnailUrl":"https:\/\/rioonwatch.org.br\/wp-content\/uploads\/2019\/10\/TTCFran\u00e7a1.jpg","keywords":["coletivo","compara\u00e7\u00e3o internacional","d\u00e9ficit habitacional","Direito \u00e0 Moradia","Europa","Fran\u00e7a","habita\u00e7\u00e3o acess\u00edvel","lideran\u00e7a comunit\u00e1ria","moradia","organiza\u00e7\u00e3o comunit\u00e1ria","S\u00e9rie","S\u00e9rie: Crescimento Global do Movimento TTC","Termo Territorial Coletivo (TTC) \/ Community Land Trust (CLT)"],"articleSection":["#OlhoNaParticipa\u00e7\u00e3o","*Destaque","Escrito por Aliados","Pol\u00edticas","Solu\u00e7\u00f5es"],"inLanguage":"pt-BR"},{"@type":"WebPage","@id":"https:\/\/rioonwatch.org.br\/?p=43857","url":"https:\/\/rioonwatch.org.br\/?p=43857","name":"O Crescimento do Movimento Global do TTC, Parte 4: Fran\u00e7a\u2014Institucionaliza\u00e7\u00e3o da Habita\u00e7\u00e3o Participativa - RioOnWatch","isPartOf":{"@id":"https:\/\/rioonwatch.org.br\/#website"},"primaryImageOfPage":{"@id":"https:\/\/rioonwatch.org.br\/?p=43857#primaryimage"},"image":{"@id":"https:\/\/rioonwatch.org.br\/?p=43857#primaryimage"},"thumbnailUrl":"https:\/\/rioonwatch.org.br\/wp-content\/uploads\/2019\/10\/TTCFran\u00e7a1.jpg","datePublished":"2019-11-05T10:13:32+00:00","dateModified":"2023-05-09T12:55:23+00:00","breadcrumb":{"@id":"https:\/\/rioonwatch.org.br\/?p=43857#breadcrumb"},"inLanguage":"pt-BR","potentialAction":[{"@type":"ReadAction","target":["https:\/\/rioonwatch.org.br\/?p=43857"]}]},{"@type":"ImageObject","inLanguage":"pt-BR","@id":"https:\/\/rioonwatch.org.br\/?p=43857#primaryimage","url":"https:\/\/rioonwatch.org.br\/wp-content\/uploads\/2019\/10\/TTCFran\u00e7a1.jpg","contentUrl":"https:\/\/rioonwatch.org.br\/wp-content\/uploads\/2019\/10\/TTCFran\u00e7a1.jpg","width":800,"height":452},{"@type":"BreadcrumbList","@id":"https:\/\/rioonwatch.org.br\/?p=43857#breadcrumb","itemListElement":[{"@type":"ListItem","position":1,"name":"In\u00edcio","item":"https:\/\/rioonwatch.org.br\/"},{"@type":"ListItem","position":2,"name":"O Crescimento do Movimento Global do TTC, Parte 4: Fran\u00e7a\u2014Institucionaliza\u00e7\u00e3o da Habita\u00e7\u00e3o Participativa"}]},{"@type":"WebSite","@id":"https:\/\/rioonwatch.org.br\/#website","url":"https:\/\/rioonwatch.org.br\/","name":"RioOnWatch","description":"relatos das favelas cariocas","publisher":{"@id":"https:\/\/rioonwatch.org.br\/#organization"},"potentialAction":[{"@type":"SearchAction","target":{"@type":"EntryPoint","urlTemplate":"https:\/\/rioonwatch.org.br\/?s={search_term_string}"},"query-input":{"@type":"PropertyValueSpecification","valueRequired":true,"valueName":"search_term_string"}}],"inLanguage":"pt-BR"},{"@type":"Organization","@id":"https:\/\/rioonwatch.org.br\/#organization","name":"RioOnWatch","url":"https:\/\/rioonwatch.org.br\/","logo":{"@type":"ImageObject","inLanguage":"pt-BR","@id":"https:\/\/rioonwatch.org.br\/#\/schema\/logo\/image\/","url":"https:\/\/rioonwatch.org.br\/wp-content\/uploads\/2021\/06\/RioOnWatchcabecalhoPT11anos-2.png","contentUrl":"https:\/\/rioonwatch.org.br\/wp-content\/uploads\/2021\/06\/RioOnWatchcabecalhoPT11anos-2.png","width":779,"height":277,"caption":"RioOnWatch"},"image":{"@id":"https:\/\/rioonwatch.org.br\/#\/schema\/logo\/image\/"}},{"@type":"Person","@id":"https:\/\/rioonwatch.org.br\/#\/schema\/person\/f443c6b55bb6e80842280318076491c5","name":"Luisa Fenizola","image":{"@type":"ImageObject","inLanguage":"pt-BR","@id":"https:\/\/rioonwatch.org.br\/#\/schema\/person\/image\/","url":"https:\/\/secure.gravatar.com\/avatar\/a3d551110162b9f876cbbdaaecf75663?s=96&d=blank&r=g","contentUrl":"https:\/\/secure.gravatar.com\/avatar\/a3d551110162b9f876cbbdaaecf75663?s=96&d=blank&r=g","caption":"Luisa Fenizola"},"url":"https:\/\/rioonwatch.org.br\/?author=152"}]}},"_links":{"self":[{"href":"https:\/\/rioonwatch.org.br\/index.php?rest_route=\/wp\/v2\/posts\/43857"}],"collection":[{"href":"https:\/\/rioonwatch.org.br\/index.php?rest_route=\/wp\/v2\/posts"}],"about":[{"href":"https:\/\/rioonwatch.org.br\/index.php?rest_route=\/wp\/v2\/types\/post"}],"author":[{"embeddable":true,"href":"https:\/\/rioonwatch.org.br\/index.php?rest_route=\/wp\/v2\/users\/152"}],"replies":[{"embeddable":true,"href":"https:\/\/rioonwatch.org.br\/index.php?rest_route=%2Fwp%2Fv2%2Fcomments&post=43857"}],"version-history":[{"count":33,"href":"https:\/\/rioonwatch.org.br\/index.php?rest_route=\/wp\/v2\/posts\/43857\/revisions"}],"predecessor-version":[{"id":44658,"href":"https:\/\/rioonwatch.org.br\/index.php?rest_route=\/wp\/v2\/posts\/43857\/revisions\/44658"}],"wp:featuredmedia":[{"embeddable":true,"href":"https:\/\/rioonwatch.org.br\/index.php?rest_route=\/wp\/v2\/media\/43859"}],"wp:attachment":[{"href":"https:\/\/rioonwatch.org.br\/index.php?rest_route=%2Fwp%2Fv2%2Fmedia&parent=43857"}],"wp:term":[{"taxonomy":"category","embeddable":true,"href":"https:\/\/rioonwatch.org.br\/index.php?rest_route=%2Fwp%2Fv2%2Fcategories&post=43857"},{"taxonomy":"post_tag","embeddable":true,"href":"https:\/\/rioonwatch.org.br\/index.php?rest_route=%2Fwp%2Fv2%2Ftags&post=43857"},{"taxonomy":"writer","embeddable":true,"href":"https:\/\/rioonwatch.org.br\/index.php?rest_route=%2Fwp%2Fv2%2Fwriter&post=43857"},{"taxonomy":"translator","embeddable":true,"href":"https:\/\/rioonwatch.org.br\/index.php?rest_route=%2Fwp%2Fv2%2Ftranslator&post=43857"},{"taxonomy":"source","embeddable":true,"href":"https:\/\/rioonwatch.org.br\/index.php?rest_route=%2Fwp%2Fv2%2Fsource&post=43857"},{"taxonomy":"ilustrador","embeddable":true,"href":"https:\/\/rioonwatch.org.br\/index.php?rest_route=%2Fwp%2Fv2%2Filustrador&post=43857"},{"taxonomy":"fotografo","embeddable":true,"href":"https:\/\/rioonwatch.org.br\/index.php?rest_route=%2Fwp%2Fv2%2Ffotografo&post=43857"}],"curies":[{"name":"wp","href":"https:\/\/api.w.org\/{rel}","templated":true}]}}