{"id":43868,"date":"2019-10-17T09:09:39","date_gmt":"2019-10-17T12:09:39","guid":{"rendered":"https:\/\/rioonwatch.org.br\/?p=43868"},"modified":"2019-10-26T04:11:31","modified_gmt":"2019-10-26T07:11:31","slug":"virada-sustentavel-2019-eventos-promovem-sustentabilidade-em-favelas-e-periferias","status":"publish","type":"post","link":"https:\/\/rioonwatch.org.br\/?p=43868","title":{"rendered":"Virada Sustent\u00e1vel 2019: Eventos Que Promovem Sustentabilidade em Favelas e Periferias"},"content":{"rendered":"<p style=\"text-align: right;\"><em><strong><a href=\"http:\/\/bit.ly\/2oVthSV\" target=\"_blank\" rel=\"noopener noreferrer\">Click Here for English<\/a><a href=\"http:\/\/bit.ly\/2oVthSV\" target=\"_blank\" rel=\"noopener noreferrer\"><img decoding=\"async\" width=\"20\" height=\"20\" class=\"alignright wp-image-15790\" src=\"http:\/\/rioonwatch.org.br\/wp-content\/uploads\/2012\/08\/EN-standard-e1439583104716.jpg\" \/><\/a><\/strong><\/em><\/p>\n<p data-testid=\"event-permalink-event-name\">Entre os dias 17 e 20 de outubro o Rio de Janeiro receber\u00e1 mais uma edi\u00e7\u00e3o da <a href=\"http:\/\/bit.ly\/2t2fabA\" target=\"_blank\" rel=\"noopener noreferrer\">Virada Sustent\u00e1vel<\/a>, festival de sustentabilidade que acontece em v\u00e1rias cidades brasileiras a partir de um movimento de articula\u00e7\u00e3o entre pessoas, grupos e institui\u00e7\u00f5es, p\u00fablicas e privadas, norteadas pelo princ\u00edpio comum da sustentabilidade. As atividades est\u00e3o espalhadas por diversos locais em todas as Zonas da cidade. Algumas iniciativas que integram a <a href=\"https:\/\/comcat.org\/rfs\" target=\"_blank\" rel=\"noopener noreferrer\">Rede Favela Sustent\u00e1vel<\/a>, que visa fortalecer e multiplicar iniciativas socioambientais nas favelas do Rio, de forma a concretizar o potencial das favelas como parte de um futuro urbano sustent\u00e1vel\u2014estar\u00e3o realizando eventos dentro da programa\u00e7\u00e3o da Virada. Confira abaixo os temas, locais e hor\u00e1rios. Participe e divulge!<\/p>\n<h3 id=\"seo_h1_tag\" class=\"_5gmx\" data-testid=\"event-permalink-event-name\">Na Babil\u00f4nia<\/h3>\n<p><a href=\"https:\/\/rioonwatch.org.br\/wp-content\/uploads\/2019\/02\/regina-tchelly.jpg\"><img fetchpriority=\"high\" decoding=\"async\" class=\"aligncenter size-content wp-image-39054\" src=\"https:\/\/rioonwatch.org.br\/wp-content\/uploads\/2019\/02\/regina-tchelly-620x264.jpg\" alt=\"\" width=\"620\" height=\"264\" srcset=\"https:\/\/rioonwatch.org.br\/wp-content\/uploads\/2019\/02\/regina-tchelly-620x264.jpg 620w, https:\/\/rioonwatch.org.br\/wp-content\/uploads\/2019\/02\/regina-tchelly-940x400.jpg 940w\" sizes=\"(max-width: 620px) 100vw, 620px\" \/><\/a><\/p>\n<p><strong>Data: s\u00e1bado, 19 de outubro<\/strong><\/p>\n<p><strong>Local:\u00a0<\/strong>Escola Tia Perc\u00edlia \u2013 Babil\u00f4nia,\u00a0Ladeira Ary Barroso, 66 \u2013\u00a0Leme<br \/>\n9h \u00e0s 12h \u2013\u00a0<a href=\"http:\/\/bit.ly\/2oxlY3X\" target=\"_blank\" rel=\"noopener noreferrer\">Trilha na Babil\u00f4nia<\/a><br \/>\n10h \u00e0s 14h \u2013\u00a0<a href=\"https:\/\/www.viradasustentavel.org.br\/atracao\/plantas-e-mudas-hortas-e-praca\" target=\"_blank\" rel=\"noopener noreferrer\">Plantas e mudas, hortas e pra\u00e7as<\/a><br \/>\n11h \u00e0s 13h \u2013\u00a0<a href=\"http:\/\/bit.ly\/2MgkS5u\">Mural coletivo da Escolinha de Arte Urbana<\/a><br \/>\n11h \u00e0s 13h \u2013\u00a0<a href=\"http:\/\/bit.ly\/2BdKgCs\" target=\"_blank\" rel=\"noopener noreferrer\">Exposi\u00e7\u00e3o art\u00edstica fotogr\u00e1fica da Associa\u00e7\u00e3o dos Moradores da Babil\u00f4nia<\/a><\/p>\n<p><strong>Local:\u00a0<\/strong>Espa\u00e7o Jardim Babil\u00f4nia, Rua Santo Amaro, 4 \u2013 Leme<br \/>\n12h \u00e0s 14h \u2013\u00a0<a href=\"http:\/\/bit.ly\/2nP8Qqo\" target=\"_blank\" rel=\"noopener noreferrer\">An\u00e1lise sensorial dos alimentos com Regina Tchelly<\/a><em> (com o\u00a0<a href=\"http:\/\/bit.ly\/2JA4rBw\" target=\"_blank\" rel=\"noopener noreferrer\">Favela Org\u00e2nica<\/a>)<\/em><br \/>\n14h \u00e0s 16h \u2013\u00a0<a href=\"http:\/\/bit.ly\/2MhGcaW\" target=\"_blank\" rel=\"noopener noreferrer\">Oficina sobre mem\u00f3ria afetiva na gastronomia<\/a><em> (com o\u00a0<a href=\"http:\/\/bit.ly\/2JA4rBw\" target=\"_blank\" rel=\"noopener noreferrer\">Favela Org\u00e2nica<\/a>)<\/em><\/p>\n<p><strong>Local<\/strong>: Deck da Babil\u00f4nia, R. S\u00e3o Francisco, 5 \u2013 Leme<br \/>\n9h \u00e0s 10h \u2013\u00a0<a href=\"http:\/\/bit.ly\/2ONXk9U\">Yoga &amp; Ecologia<\/a><br \/>\n9h \u00e0s 10h \u2013\u00a0<a href=\"http:\/\/bit.ly\/2OKcFYO\">Aula de Zumba<\/a><br \/>\n11h \u00e0s 12h \u2013\u00a0<a href=\"http:\/\/bit.ly\/2BdZXKa\" target=\"_blank\" rel=\"noopener noreferrer\">Conta\u00e7\u00e3o de hist\u00f3rias para crian\u00e7as<\/a><br \/>\n11h \u00e0s 14h \u2013\u00a0<a href=\"http:\/\/bit.ly\/2MgqqNt\" target=\"_blank\" rel=\"noopener noreferrer\">Energia Solar nas Favelas<\/a>\u00a0(<em>com o <a href=\"http:\/\/bit.ly\/2KAjqet\" target=\"_blank\" rel=\"noopener noreferrer\">Revolusolar<\/a>)<\/em><br \/>\n14h \u00e0s 15:30h \u2013\u00a0<a href=\"http:\/\/bit.ly\/2McYKJg\" target=\"_blank\" rel=\"noopener noreferrer\">Roda de conversa:\u00a0<\/a><a href=\"http:\/\/bit.ly\/2McYKJg\" target=\"_blank\" rel=\"noopener noreferrer\">Desenvolvimento sustent\u00e1vel da favela com liberdade e seguran\u00e7a<\/a><br \/>\n15:30 \u00e0s 17h \u2013\u00a0<a href=\"http:\/\/bit.ly\/2Bag5fx\" target=\"_blank\" rel=\"noopener noreferrer\">Roda de conversa: Acesso a energia el\u00e9trica nas favelas<\/a>\u00a0(<em>com o <a href=\"http:\/\/bit.ly\/2KAjqet\" target=\"_blank\" rel=\"noopener noreferrer\">Revolusolar<\/a>, <a href=\"http:\/\/bit.ly\/2GtCzxH\" target=\"_blank\" rel=\"noopener noreferrer\">Insolar<\/a> e <a href=\"http:\/\/bit.ly\/2Ms95Cp\" target=\"_blank\" rel=\"noopener noreferrer\">Engenheiros Sem Fronteiras<\/a>)<\/em><\/p>\n<h3>No Salgueiro<\/h3>\n<p><a href=\"https:\/\/rioonwatch.org.br\/wp-content\/uploads\/2019\/10\/salgueiro_1200x638.jpg\"><img decoding=\"async\" class=\"aligncenter wp-image-43875 size-medium\" title=\"Horta org\u00e2nica do Salgueiro\" src=\"https:\/\/rioonwatch.org.br\/wp-content\/uploads\/2019\/10\/salgueiro_1200x638-620x330.jpg\" alt=\"\" width=\"620\" height=\"330\" srcset=\"https:\/\/rioonwatch.org.br\/wp-content\/uploads\/2019\/10\/salgueiro_1200x638-620x330.jpg 620w, https:\/\/rioonwatch.org.br\/wp-content\/uploads\/2019\/10\/salgueiro_1200x638-497x264.jpg 497w, https:\/\/rioonwatch.org.br\/wp-content\/uploads\/2019\/10\/salgueiro_1200x638-768x408.jpg 768w, https:\/\/rioonwatch.org.br\/wp-content\/uploads\/2019\/10\/salgueiro_1200x638-1024x544.jpg 1024w, https:\/\/rioonwatch.org.br\/wp-content\/uploads\/2019\/10\/salgueiro_1200x638.jpg 1200w\" sizes=\"(max-width: 620px) 100vw, 620px\" \/><\/a><\/p>\n<p><strong>Data: s\u00e1bado, 19 de outubro<br \/>\n<\/strong><a href=\"http:\/\/bit.ly\/2MJOYNW\" target=\"_blank\" rel=\"noopener noreferrer\">(programa\u00e7\u00e3o completa do dia)<\/a><\/p>\n<p><strong>Local:<\/strong>\u00a0Biblioteca Comunit\u00e1ria Jurema Gomes Baptista<strong><br \/>\n<\/strong>9h \u2013 Caf\u00e9 da manh\u00e3 e roda de conversa com Mulheres Erveiras do Salgueiro<br \/>\n11h \u2013 Oficina de plantio com materiais de reuso<\/p>\n<p><strong>Local:<\/strong>\u00a0Padaria Caliel<br \/>\n14h \u2013 Feira de troca de mudas e sementes<\/p>\n<p><strong>Local:<\/strong>\u00a0Quadra Ra\u00edzes do Salgueiro, Rua Francisco Gra\u00e7a, 39 \u2013 Tijuca<br \/>\n15h \u2013 Oficina de compostagem dom\u00e9stica<br \/>\n17h \u2013 Sa\u00edda da pedalada at\u00e1 a Pra\u00e7a Mau\u00e1, onde ocorrer\u00e1 uma feira de troca de mudas e sementes \u00e0s 18h<\/p>\n<h3>Em Sepetiba<\/h3>\n<p><a href=\"https:\/\/rioonwatch.org.br\/wp-content\/uploads\/2017\/10\/Passeio-de-Reconhecimento-Photo-by-Yuri-Borbo.jpg\"><img loading=\"lazy\" decoding=\"async\" class=\"aligncenter size-content wp-image-28831\" src=\"https:\/\/rioonwatch.org.br\/wp-content\/uploads\/2017\/10\/Passeio-de-Reconhecimento-Photo-by-Yuri-Borbo-620x264.jpg\" alt=\"\" width=\"620\" height=\"264\" srcset=\"https:\/\/rioonwatch.org.br\/wp-content\/uploads\/2017\/10\/Passeio-de-Reconhecimento-Photo-by-Yuri-Borbo-620x264.jpg 620w, https:\/\/rioonwatch.org.br\/wp-content\/uploads\/2017\/10\/Passeio-de-Reconhecimento-Photo-by-Yuri-Borbo-1030x438.jpg 1030w, https:\/\/rioonwatch.org.br\/wp-content\/uploads\/2017\/10\/Passeio-de-Reconhecimento-Photo-by-Yuri-Borbo-940x400.jpg 940w\" sizes=\"(max-width: 620px) 100vw, 620px\" \/><\/a><\/p>\n<p><strong>Local:<\/strong>\u00a0Pra\u00e7a Washington Lu\u00eds \u2013 Sepetiba<\/p>\n<p><strong>Data: s\u00e1bado, 19 de outubro<\/strong><br \/>\n08:30h \u00e0s 12h \u2013\u00a0<a href=\"http:\/\/bit.ly\/2B8tSDk\">Passeio de Reconhecimento e Ecoturismo<\/a>\u00a0(<em>com o\u00a0<a href=\"http:\/\/bit.ly\/2yiVC7W\" target=\"_blank\" rel=\"noopener noreferrer\">Ecomuseu de Sepetiba<\/a>)<\/em><\/p>\n<h3>Em Santa Cruz<\/h3>\n<p><a href=\"https:\/\/rioonwatch.org.br\/wp-content\/uploads\/2019\/10\/palacete-princesa-isabel-santa-cruz.jpg\"><img loading=\"lazy\" decoding=\"async\" class=\"aligncenter wp-image-43877 size-content\" title=\"Palacete Princesa Isabel em Santa Cruz\" src=\"https:\/\/rioonwatch.org.br\/wp-content\/uploads\/2019\/10\/palacete-princesa-isabel-santa-cruz-620x264.jpg\" alt=\"\" width=\"620\" height=\"264\" srcset=\"https:\/\/rioonwatch.org.br\/wp-content\/uploads\/2019\/10\/palacete-princesa-isabel-santa-cruz-620x264.jpg 620w, https:\/\/rioonwatch.org.br\/wp-content\/uploads\/2019\/10\/palacete-princesa-isabel-santa-cruz-940x400.jpg 940w\" sizes=\"(max-width: 620px) 100vw, 620px\" \/><\/a><\/p>\n<p><strong>Local:<\/strong>\u00a0Rua do Matadouro, 43 \u2013 Santa Cruz<\/p>\n<p><strong>Data: sexta, 18 de outubro<\/strong><br \/>\n14h \u00e0s 16h \u2013\u00a0<a href=\"http:\/\/bit.ly\/35yUQCh\" target=\"_blank\" rel=\"noopener noreferrer\">Redescobrindo o Palacete Princesa Isabel<\/a>\u00a0(<em>com o\u00a0<a href=\"http:\/\/bit.ly\/2yG3wJR\" target=\"_blank\" rel=\"noopener noreferrer\">Ecomuseu de Santa Cruz<\/a> | <a href=\"http:\/\/bit.ly\/2IVvyo5\" target=\"_blank\" rel=\"noopener noreferrer\">NOPH \u2013 N\u00facleo de Orienta\u00e7\u00e3o e Pesquisa Hist\u00f3rica de Santa Cruz<\/a>)<\/em><\/p>\n<p><a href=\"http:\/\/bit.ly\/2BifIzz\" target=\"_blank\" rel=\"noopener noreferrer\"><strong>F\u00f3rum Rio<\/strong><\/a><em>\u00a0(com <a href=\"http:\/\/bit.ly\/2NHhfqX\" target=\"_blank\" rel=\"noopener noreferrer\">Casa Fluminense<\/a>)<br \/>\n<\/em><strong>Local:<\/strong>\u00a0ONG SerCidad\u00e3o \u2013 Rua Fernanda, 140 \u2013 Santa Cruz<\/p>\n<p><strong>Data: sexta, 18 de outubro<br \/>\n<\/strong>11 \u00e0s 12:30h \u2013 <a href=\"http:\/\/bit.ly\/2MLMXAP\" target=\"_blank\" rel=\"noopener noreferrer\">Janela Fluminense | Novos olhares sobre a metr\u00f3pole do Rio<\/a> <em>(com <a href=\"http:\/\/bit.ly\/3432OCy\" target=\"_blank\" rel=\"noopener noreferrer\">Imagens do Povo<\/a>, <a href=\"http:\/\/bit.ly\/2Ybf9F1\" target=\"_blank\" rel=\"noopener noreferrer\">Favela em Foco<\/a> e <a href=\"http:\/\/bit.ly\/2GbTnsI\" target=\"_blank\" rel=\"noopener noreferrer\">Observat\u00f3rio de Favelas<\/a>)<br \/>\n<\/em>11 \u00e0s 12:30h <em>\u2013 <\/em><a href=\"http:\/\/bit.ly\/2pwRZsH\" target=\"_blank\" rel=\"noopener noreferrer\">Santa Cruz 2030 | Articula\u00e7\u00e3o para o Desenvolvimento Territorial<\/a><br \/>\n14 \u00e0s 15:45h <em>\u2013 <\/em><a href=\"http:\/\/bit.ly\/2nVyFFk\" target=\"_blank\" rel=\"noopener noreferrer\">Acesso ao Ensino M\u00e9dio e Oportunidades para a Juventude<\/a><br \/>\n14 \u00e0s 15:45h <em>\u2013 <\/em><a href=\"http:\/\/bit.ly\/2VNlqmm\" target=\"_blank\" rel=\"noopener noreferrer\">Fortalecimento de Organiza\u00e7\u00f5es e Movimentos Locais I | Filantropia de Justi\u00e7a Social<\/a><br \/>\n14 \u00e0s 15:45h <em>\u2013 <\/em><a href=\"http:\/\/bit.ly\/2qkRqmn\" target=\"_blank\" rel=\"noopener noreferrer\">Sistemas de Cultura | Participa\u00e7\u00e3o e Gest\u00e3o da Pol\u00edtica Cultural<\/a><br \/>\n16 \u00e0s 17:30h <em>\u2013 <\/em><a href=\"http:\/\/bit.ly\/2Mmuv2L\" target=\"_blank\" rel=\"noopener noreferrer\">Juventude Popular, Universidade e Desenvolvimento Regional do Rio<\/a><br \/>\n16 \u00e0s 17:30h <em>\u2013 <\/em><a href=\"http:\/\/bit.ly\/2BilfpP\" target=\"_blank\" rel=\"noopener noreferrer\">Liberdade Religiosa | Respeitem meu Sagrado<\/a><\/p>\n<p><strong>Data: s\u00e1bado, 19 de outubro<br \/>\n<\/strong>11 \u00e0s 12:30h \u2013 <a href=\"http:\/\/bit.ly\/35Dm5vi\" target=\"_blank\" rel=\"noopener noreferrer\">Lan\u00e7amento do livro N\u00e3o foi em v\u00e3o<\/a><br \/>\n11 \u00e0s 12:30h \u2013 <a href=\"http:\/\/bit.ly\/2pqMkVj\" target=\"_blank\" rel=\"noopener noreferrer\">M\u00eddia alternativa e grande m\u00eddia: \u00e9 poss\u00edvel cooperar?\u00a0<\/a> <em>(com <a href=\"http:\/\/bit.ly\/2MKP8od\" target=\"_blank\" rel=\"noopener noreferrer\">Voz da Baixada<\/a>)<br \/>\n<\/em>14 \u00e0s 15:30h \u2013 <a href=\"http:\/\/bit.ly\/2oBKUqZ\" target=\"_blank\" rel=\"noopener noreferrer\">Democracia, participa\u00e7\u00e3o social e elei\u00e7\u00f5es 2020<\/a><br \/>\n14 \u00e0s 15:30h \u2013 <a href=\"http:\/\/bit.ly\/33MmJoL\" target=\"_blank\" rel=\"noopener noreferrer\">Ba\u00eda de Sepetiba | Saneamento B\u00e1sico e Sa\u00fade na Zona Oeste<\/a> <em>(com <a href=\"http:\/\/bit.ly\/2yiVC7W\" target=\"_blank\" rel=\"noopener noreferrer\">Ecomuseu de Sepetiba <\/a>e <a href=\"http:\/\/bit.ly\/290hjd8\" target=\"_blank\" rel=\"noopener noreferrer\">Ba\u00eda Viva<\/a>)<br \/>\n<\/em>14 \u00e0s 15:30h <em>\u2013 <\/em><a href=\"http:\/\/bit.ly\/2VRyzLw\" target=\"_blank\" rel=\"noopener noreferrer\">Mudan\u00e7as Clim\u00e1ticas e Enchentes no Rio<\/a><br \/>\n16 \u00e0s 17:30h \u2013\u00a0<a href=\"http:\/\/bit.ly\/33xUnOA\" target=\"_blank\" rel=\"noopener noreferrer\">\u00c9 poss\u00edvel outro modelo de seguran\u00e7a p\u00fablica?<\/a>\u00a0<em>(com Redes da Mar\u00e9)<br \/>\n<\/em>16 \u00e0s 17:30h \u2013 <a href=\"http:\/\/bit.ly\/2MG6p1y\" target=\"_blank\" rel=\"noopener noreferrer\">Samba e Funk | Criminaliza\u00e7\u00e3o e Resist\u00eancia da Cultura Negra Carioca<\/a><\/p>\n<h3>Na Casa Firjan (Botafogo)<\/h3>\n<p><strong>Local:<\/strong>\u00a0Casa Firjan \u2013 Rua Guilhermina Guinle, 211 \u2013 Botafogo<\/p>\n<p><strong>Data: sexta, 18 de outubro<br \/>\n<\/strong>16h \u00e0s 19:30h \u2013\u00a0<a href=\"http:\/\/bit.ly\/35FPRzs\" target=\"_blank\" rel=\"noopener noreferrer\" data-saferedirecturl=\"https:\/\/www.google.com\/url?q=http:\/\/bit.ly\/35FPRzs&amp;source=gmail&amp;ust=1571348550511000&amp;usg=AFQjCNHZz3VhE6g2BhXEJ7VcAj5yY3xeKA\">Seguran\u00e7a P\u00fablica<\/a>\u00a0<em>(com Coletivo Papo Reto)\u00a0<\/em><\/p>\n<p><strong>Data: s\u00e1bado, 19 de outubro<br \/>\n<\/strong>13:30h \u00e0s 15h \u2013\u00a0<a href=\"http:\/\/bit.ly\/35HSzEy\" target=\"_blank\" rel=\"noopener noreferrer\" data-saferedirecturl=\"https:\/\/www.google.com\/url?q=http:\/\/bit.ly\/35HSzEy&amp;source=gmail&amp;ust=1571348550511000&amp;usg=AFQjCNHMNSpsRQz4OhGnYa4sSHTKHdRqbg\">Pot\u00eancia das Favelas na Cidade<\/a>\u00a0<em>(com Vai Na Web, Recicla\u00e7\u00e3o e Revolusolar)\u00a0<\/em><\/p>\n<h3>No Complexo do Alem\u00e3o<\/h3>\n<p><strong>Local: <\/strong>Vila Ol\u00edmpica Carlos Castilho, Estrada de Itarar\u00e9 460 \u2013 Ramos<\/p>\n<p><strong>Data: domingo, 20 de outubro<\/strong><\/p>\n<p>Engenharia Humana (com <a href=\"http:\/\/bit.ly\/2Ms95Cp\" target=\"_blank\" rel=\"noopener noreferrer\"><em>Engenheiros Sem Fronteiras<\/em><\/a>)<br \/>\n11h \u00e0s 13h \u2013 <a href=\"http:\/\/bit.ly\/2MUDSFI\" target=\"_blank\" rel=\"noopener noreferrer\">Oficina de capta\u00e7\u00e3o da \u00e1gua da chuva<\/a><br \/>\n12h \u00e0s 14h \u2013 <a href=\"http:\/\/bit.ly\/2BqcOJf\" target=\"_blank\" rel=\"noopener noreferrer\">Oficina de \u00d3leo Revers\u00edvel<\/a><br \/>\n14h \u00e0s 17h \u2013 <a href=\"http:\/\/bit.ly\/35KtgSl\" target=\"_blank\" rel=\"noopener noreferrer\">Bate-papo Mobilidade Urbana e Oficina de Bike<\/a><\/p>\n<h3>No Cantagalo<\/h3>\n<p><a href=\"https:\/\/rioonwatch.org.br\/wp-content\/uploads\/2019\/10\/oficina-de-cabelos-naturais.jpg\"><img loading=\"lazy\" decoding=\"async\" class=\"aligncenter wp-image-43879 size-medium\" title=\"Grupo no espa\u00e7o Favela Hub, no Cantagalo\" src=\"https:\/\/rioonwatch.org.br\/wp-content\/uploads\/2019\/10\/oficina-de-cabelos-naturais-620x330.jpg\" alt=\"\" width=\"620\" height=\"330\" srcset=\"https:\/\/rioonwatch.org.br\/wp-content\/uploads\/2019\/10\/oficina-de-cabelos-naturais-620x330.jpg 620w, https:\/\/rioonwatch.org.br\/wp-content\/uploads\/2019\/10\/oficina-de-cabelos-naturais-497x264.jpg 497w, https:\/\/rioonwatch.org.br\/wp-content\/uploads\/2019\/10\/oficina-de-cabelos-naturais-768x408.jpg 768w, https:\/\/rioonwatch.org.br\/wp-content\/uploads\/2019\/10\/oficina-de-cabelos-naturais-1024x544.jpg 1024w, https:\/\/rioonwatch.org.br\/wp-content\/uploads\/2019\/10\/oficina-de-cabelos-naturais.jpg 1200w\" sizes=\"(max-width: 620px) 100vw, 620px\" \/><\/a><\/p>\n<p><strong>Local:\u00a0<\/strong><a href=\"http:\/\/bit.ly\/2zmGmpE\" target=\"_blank\" rel=\"noopener noreferrer\">Favela Hub<\/a> \u2013 Morro do Cantagalo, Rua Alberto de Campos, 12<\/p>\n<p><strong>Data: quinta, 17 de outubro<br \/>\n<\/strong>09h \u00e0s 12h \u2013\u00a0<a href=\"http:\/\/bit.ly\/33uG11r\" target=\"_blank\" rel=\"noopener noreferrer\">Oficina de Cabelos Naturais<\/a><\/p>\n<p><strong>Data: sexta, 18 de outubro<\/strong><br \/>\n09h \u00e0s 13h \u2013\u00a0<a href=\"http:\/\/bit.ly\/2MzR0ji\" target=\"_blank\" rel=\"noopener noreferrer\">Oficina de Auto-maquiagem Vegana e Natural<\/a><br \/>\n10h \u00e0s 18h \u2013\u00a0<a href=\"http:\/\/bit.ly\/33rN76Q\" target=\"_blank\" rel=\"noopener noreferrer\">Feira de Empreendedores Hol\u00edsticos<\/a><br \/>\n18h \u00e0s 19h \u2013\u00a0<a href=\"http:\/\/bit.ly\/2oxI32k\" target=\"_blank\" rel=\"noopener noreferrer\">Apresenta\u00e7\u00e3o do espet\u00e1culo \u201cN\u00f3s, Sementes\u201d<\/a>\u00a0<em>(com o\u00a0<a href=\"http:\/\/bit.ly\/2SRwzUn\" target=\"_blank\" rel=\"noopener noreferrer\">Teatre-Se<\/a>)<\/em><\/p>\n<p><strong>Data: s\u00e1bado, 19 de outubro<\/strong><br \/>\n10 \u00e0s 17h \u2013\u00a0<a href=\"http:\/\/bit.ly\/35yGL7z\">Feira Borogod\u00f3<\/a><br \/>\n11h \u2013 Rodas de conversa:\u00a0<a href=\"http:\/\/bit.ly\/2MEdm3i\" target=\"_blank\" rel=\"noopener noreferrer\">Empreendedorismo Social<\/a>,\u00a0<a href=\"http:\/\/bit.ly\/35yp48j\" target=\"_blank\" rel=\"noopener noreferrer\">Empreendedorismo Feminino<\/a>,\u00a0<a href=\"http:\/\/bit.ly\/2OTO8AV\" target=\"_blank\" rel=\"noopener noreferrer\">Marketing Digital<\/a><br \/>\n13h \u2013 Oficinas:\u00a0<a href=\"http:\/\/bit.ly\/2OJ2tQu\" target=\"_blank\" rel=\"noopener noreferrer\">Modelagem de Neg\u00f3cios Sociais<\/a>,\u00a0<a href=\"http:\/\/bit.ly\/2OMIXm7\" target=\"_blank\" rel=\"noopener noreferrer\">Ferramentas de Projeto<\/a><\/p>\n<h3>Na Ecocasa Silvestre (Santa Teresa\/Cosme Velho)<\/h3>\n<p><a href=\"https:\/\/rioonwatch.org.br\/wp-content\/uploads\/2019\/10\/ecocasa-silvestre.jpg\"><img loading=\"lazy\" decoding=\"async\" class=\"aligncenter wp-image-43880 size-content\" title=\"Placa na entrada da Ecocasa Silvestre\" src=\"https:\/\/rioonwatch.org.br\/wp-content\/uploads\/2019\/10\/ecocasa-silvestre-620x264.jpg\" alt=\"\" width=\"620\" height=\"264\" \/><\/a><\/p>\n<p><strong>Local:\u00a0<\/strong>Ecocasa Silvestre \u2013 Rua Almirante Alexandrino, 5025 \u2013 Santa Teresa\/Silvestre<br \/>\n<a href=\"http:\/\/bit.ly\/2MD1MFE\">Link da programa\u00e7\u00e3o completa<\/a>.<\/p>\n<p><strong>Data: sexta, 18 de outubro<\/strong><br \/>\n8h \u00e0s 12h \u2013 Mutir\u00e3o de limpeza na Floresta da Tijuca<\/p>\n<p><strong>Data: s\u00e1bado, 19 de outubro<\/strong><br \/>\n8h \u00e0s 12h \u2013 Mutir\u00e3o de limpeza na Floresta da Tijuca<br \/>\n9h \u00e0s 11h \u2013 Introdu\u00e7\u00e3o \u00e0 agrofloresta: viv\u00eancia e roda de conversa<br \/>\n10h \u00e0s 17h \u2013 Espa\u00e7o Zen<br \/>\n10h \u00e0s 17h \u2013 Mercado Verde: adubo, composteira dom\u00e9stica, produtos org\u00e2nicos<br \/>\n10h \u00e0s 17h \u2013 Feira do Empreendedor Sustent\u00e1vel<br \/>\n14h \u00e0s 16h \u2013 Introdu\u00e7\u00e3o \u00e0 agrofloresta: viv\u00eancia e produ\u00e7\u00e3o de substrato instant\u00e2neo<br \/>\n15h \u00e0s 17h \u2013 Oficina de saneamento ecol\u00f3gico<br \/>\n16h \u00e0s 18h \u2013 Introdu\u00e7\u00e3o \u00e0 agrofloresta: oficina de mudas<br \/>\n17h \u00e0s 20h \u2013 Voz e viol\u00e3o com Glad Azevedo<\/p>\n<p><strong>Data: domingo, 20 de outubro<br \/>\n<\/strong>8h \u00e0s 12h \u2013 Mutir\u00e3o de limpeza na Floresta da Tijuca<br \/>\n9h \u00e0s 11h \u2013 Introdu\u00e7\u00e3o \u00e0 agrofloresta: viv\u00eancia e roda de conversa<br \/>\n09:30h \u00e0s 11:30h \u2013 Oficina de compostagem dom\u00e9stica<br \/>\n10h \u00e0s 11h \u2013 Espiral de ervas medicinais<br \/>\n10h \u00e0s 17h \u2013 Espa\u00e7o Zen<br \/>\n10h \u00e0s 17h \u2013 Mercado Verde: adubo, composteira dom\u00e9stica, produtos org\u00e2nicos<br \/>\n10h \u00e0s 17h \u2013 Feira do Empreendedor Sustent\u00e1vel<br \/>\n14h \u00e0s 16h \u2013 Introdu\u00e7\u00e3o \u00e0 agrofloresta: viv\u00eancia e produ\u00e7\u00e3o de substrato instant\u00e2neo<br \/>\n16h \u00e0s 18h \u2013 Introdu\u00e7\u00e3o \u00e0 agrofloresta: oficina de mudas<br \/>\n17h \u00e0s 20h \u2013 M\u00fasica na Ecocasa<\/p>\n<h3>Confira a programa\u00e7\u00e3o completa da Virada Sustent\u00e1vel\u00a0<a href=\"http:\/\/bit.ly\/2pp0VQM\">aqui<\/a>.<\/h3>\n<p><em>*Tanto o RioOnWatch quanto a Rede Favela Sustent\u00e1vel s\u00e3o iniciativas da\u00a0<a href=\"http:\/\/www.comcat.org\/\" target=\"_blank\" rel=\"noopener noreferrer\">Comunidades Catalisadoras<\/a>.<\/em><\/p>\n<!-- AddThis Advanced Settings generic via filter on the_content --><!-- AddThis Share Buttons generic via filter on the_content -->","protected":false},"excerpt":{"rendered":"<div class=\"mh-excerpt\"><p>Click Here for English Entre os dias 17 e 20 de outubro o Rio de Janeiro receber\u00e1 mais uma edi\u00e7\u00e3o da Virada Sustent\u00e1vel, festival de sustentabilidade que acontece em v\u00e1rias cidades brasileiras a partir de <a class=\"mh-excerpt-more\" href=\"https:\/\/rioonwatch.org.br\/?p=43868\" title=\"Virada Sustent\u00e1vel 2019: Eventos Que Promovem Sustentabilidade em Favelas e Periferias\">[&#8230;]<\/a><!-- AddThis Advanced Settings generic via filter on get_the_excerpt --><!-- AddThis Share Buttons generic via filter on get_the_excerpt --><\/p>\n<\/div>","protected":false},"author":152,"featured_media":43874,"comment_status":"closed","ping_status":"closed","sticky":false,"template":"","format":"standard","meta":{"_acf_changed":false,"_monsterinsights_skip_tracking":false,"_monsterinsights_sitenote_active":false,"_monsterinsights_sitenote_note":"","_monsterinsights_sitenote_category":0,"footnotes":""},"categories":[1621,1627,1616,1612,342,1639],"tags":[301,300,299,229,1597,303,2228,731,1998,1096,2026,1743,735,1097,1720,1418,708,276,663,1297,754,134,23,1347,404,2386],"writer":[2035,1994],"translator":[],"source":[],"ilustrador":[],"fotografo":[],"class_list":{"0":"post-43868","1":"post","2":"type-post","3":"status-publish","4":"format-standard","5":"has-post-thumbnail","7":"category-destaque","8":"category-relato-de-evento","9":"category-qualidades-da-favela","10":"category-sociedade-civil","11":"category-solucoes","12":"category-sustentabilidade","13":"tag-agroecologia","14":"tag-agrofloresta","15":"tag-alimentacao","16":"tag-cantagalo","17":"tag-casa-fluminense","18":"tag-ecologia","19":"tag-ecomuseu-de-sepetiba","20":"tag-empreendedorismo","21":"tag-energia-solar","22":"tag-favela-como-modelo-sustentavel","23":"tag-favela-e-solucao","24":"tag-favela-em-foco","25":"tag-floresta-da-tijuca","26":"tag-horta-comunitaria","27":"tag-imagens-do-povo","28":"tag-coletivo-papo-reto","29":"tag-morro-da-babilonia","30":"tag-mutirao","31":"tag-observatorio-de-favelas","32":"tag-preservacao-historica","33":"tag-salgueiro","34":"tag-santa-cruz","35":"tag-sepetiba","36":"tag-solucao","37":"tag-sustentabilidade","38":"tag-virada-sustentavel","39":"writer-clara-ferraz","40":"writer-luisa-fenizola"},"acf":[],"yoast_head":"<!-- This site is optimized with the Yoast SEO plugin v25.6 - https:\/\/yoast.com\/wordpress\/plugins\/seo\/ -->\n<title>Virada Sustent\u00e1vel 2019: Eventos Que Promovem Sustentabilidade em Favelas e Periferias - RioOnWatch<\/title>\n<meta name=\"robots\" content=\"index, follow, max-snippet:-1, max-image-preview:large, max-video-preview:-1\" \/>\n<link rel=\"canonical\" href=\"https:\/\/rioonwatch.org.br\/?p=43868\" \/>\n<meta property=\"og:locale\" content=\"pt_BR\" \/>\n<meta property=\"og:type\" content=\"article\" \/>\n<meta property=\"og:title\" content=\"Virada Sustent\u00e1vel 2019: Eventos Que Promovem Sustentabilidade em Favelas e Periferias - RioOnWatch\" \/>\n<meta property=\"og:description\" content=\"Click Here for English Entre os dias 17 e 20 de outubro o Rio de Janeiro receber\u00e1 mais uma edi\u00e7\u00e3o da Virada Sustent\u00e1vel, festival de sustentabilidade que acontece em v\u00e1rias cidades brasileiras a partir de [...]\" \/>\n<meta property=\"og:url\" content=\"https:\/\/rioonwatch.org.br\/?p=43868\" \/>\n<meta property=\"og:site_name\" content=\"RioOnWatch\" \/>\n<meta property=\"article:published_time\" content=\"2019-10-17T12:09:39+00:00\" \/>\n<meta property=\"article:modified_time\" content=\"2019-10-26T07:11:31+00:00\" \/>\n<meta property=\"og:image\" content=\"https:\/\/rioonwatch.org.br\/wp-content\/uploads\/2019\/10\/virada-sustentavel-2019.png\" \/>\n\t<meta property=\"og:image:width\" content=\"960\" \/>\n\t<meta property=\"og:image:height\" content=\"480\" \/>\n\t<meta property=\"og:image:type\" content=\"image\/png\" \/>\n<meta name=\"author\" content=\"Luisa Fenizola\" \/>\n<meta name=\"twitter:card\" content=\"summary_large_image\" \/>\n<meta name=\"twitter:label1\" content=\"Escrito por\" \/>\n\t<meta name=\"twitter:data1\" content=\"Luisa Fenizola\" \/>\n\t<meta name=\"twitter:label2\" content=\"Est. tempo de leitura\" \/>\n\t<meta name=\"twitter:data2\" content=\"6 minutos\" \/>\n<script type=\"application\/ld+json\" class=\"yoast-schema-graph\">{\"@context\":\"https:\/\/schema.org\",\"@graph\":[{\"@type\":\"Article\",\"@id\":\"https:\/\/rioonwatch.org.br\/?p=43868#article\",\"isPartOf\":{\"@id\":\"https:\/\/rioonwatch.org.br\/?p=43868\"},\"author\":{\"name\":\"Luisa Fenizola\",\"@id\":\"https:\/\/rioonwatch.org.br\/#\/schema\/person\/f443c6b55bb6e80842280318076491c5\"},\"headline\":\"Virada Sustent\u00e1vel 2019: Eventos Que Promovem Sustentabilidade em Favelas e Periferias\",\"datePublished\":\"2019-10-17T12:09:39+00:00\",\"dateModified\":\"2019-10-26T07:11:31+00:00\",\"mainEntityOfPage\":{\"@id\":\"https:\/\/rioonwatch.org.br\/?p=43868\"},\"wordCount\":1139,\"publisher\":{\"@id\":\"https:\/\/rioonwatch.org.br\/#organization\"},\"image\":{\"@id\":\"https:\/\/rioonwatch.org.br\/?p=43868#primaryimage\"},\"thumbnailUrl\":\"https:\/\/rioonwatch.org.br\/wp-content\/uploads\/2019\/10\/virada-sustentavel-2019.png\",\"keywords\":[\"agroecologia\",\"agrofloresta\",\"alimenta\u00e7\u00e3o\",\"Cantagalo\",\"Casa Fluminense\",\"ecologia\",\"Ecomuseu de Sepetiba\",\"empreendedorismo\",\"energia solar\",\"Favela Como Modelo Sustent\u00e1vel\",\"Favela \u00e9 solu\u00e7\u00e3o\",\"Favela em Foco\",\"Floresta da Tijuca\",\"horta comunit\u00e1ria\",\"Imagens do Povo\",\"Instituto Papo Reto\",\"Morro da Babil\u00f4nia\",\"mutir\u00e3o\",\"Observat\u00f3rio de Favelas\",\"preserva\u00e7\u00e3o hist\u00f3rica\",\"Salgueiro\",\"Santa Cruz\",\"Sepetiba\",\"solu\u00e7\u00e3o\",\"sustentabilidade\",\"Virada Sustent\u00e1vel\"],\"articleSection\":[\"*Destaque\",\"Cobertura de Eventos\",\"Qualidades da Favela\",\"Sociedade Civil\",\"Solu\u00e7\u00f5es\",\"Sustentabilidade\"],\"inLanguage\":\"pt-BR\"},{\"@type\":\"WebPage\",\"@id\":\"https:\/\/rioonwatch.org.br\/?p=43868\",\"url\":\"https:\/\/rioonwatch.org.br\/?p=43868\",\"name\":\"Virada Sustent\u00e1vel 2019: Eventos Que Promovem Sustentabilidade em Favelas e Periferias - RioOnWatch\",\"isPartOf\":{\"@id\":\"https:\/\/rioonwatch.org.br\/#website\"},\"primaryImageOfPage\":{\"@id\":\"https:\/\/rioonwatch.org.br\/?p=43868#primaryimage\"},\"image\":{\"@id\":\"https:\/\/rioonwatch.org.br\/?p=43868#primaryimage\"},\"thumbnailUrl\":\"https:\/\/rioonwatch.org.br\/wp-content\/uploads\/2019\/10\/virada-sustentavel-2019.png\",\"datePublished\":\"2019-10-17T12:09:39+00:00\",\"dateModified\":\"2019-10-26T07:11:31+00:00\",\"breadcrumb\":{\"@id\":\"https:\/\/rioonwatch.org.br\/?p=43868#breadcrumb\"},\"inLanguage\":\"pt-BR\",\"potentialAction\":[{\"@type\":\"ReadAction\",\"target\":[\"https:\/\/rioonwatch.org.br\/?p=43868\"]}]},{\"@type\":\"ImageObject\",\"inLanguage\":\"pt-BR\",\"@id\":\"https:\/\/rioonwatch.org.br\/?p=43868#primaryimage\",\"url\":\"https:\/\/rioonwatch.org.br\/wp-content\/uploads\/2019\/10\/virada-sustentavel-2019.png\",\"contentUrl\":\"https:\/\/rioonwatch.org.br\/wp-content\/uploads\/2019\/10\/virada-sustentavel-2019.png\",\"width\":960,\"height\":480},{\"@type\":\"BreadcrumbList\",\"@id\":\"https:\/\/rioonwatch.org.br\/?p=43868#breadcrumb\",\"itemListElement\":[{\"@type\":\"ListItem\",\"position\":1,\"name\":\"In\u00edcio\",\"item\":\"https:\/\/rioonwatch.org.br\/\"},{\"@type\":\"ListItem\",\"position\":2,\"name\":\"Virada Sustent\u00e1vel 2019: Eventos Que Promovem Sustentabilidade em Favelas e Periferias\"}]},{\"@type\":\"WebSite\",\"@id\":\"https:\/\/rioonwatch.org.br\/#website\",\"url\":\"https:\/\/rioonwatch.org.br\/\",\"name\":\"RioOnWatch\",\"description\":\"relatos das favelas cariocas\",\"publisher\":{\"@id\":\"https:\/\/rioonwatch.org.br\/#organization\"},\"potentialAction\":[{\"@type\":\"SearchAction\",\"target\":{\"@type\":\"EntryPoint\",\"urlTemplate\":\"https:\/\/rioonwatch.org.br\/?s={search_term_string}\"},\"query-input\":{\"@type\":\"PropertyValueSpecification\",\"valueRequired\":true,\"valueName\":\"search_term_string\"}}],\"inLanguage\":\"pt-BR\"},{\"@type\":\"Organization\",\"@id\":\"https:\/\/rioonwatch.org.br\/#organization\",\"name\":\"RioOnWatch\",\"url\":\"https:\/\/rioonwatch.org.br\/\",\"logo\":{\"@type\":\"ImageObject\",\"inLanguage\":\"pt-BR\",\"@id\":\"https:\/\/rioonwatch.org.br\/#\/schema\/logo\/image\/\",\"url\":\"https:\/\/rioonwatch.org.br\/wp-content\/uploads\/2021\/06\/RioOnWatchcabecalhoPT11anos-2.png\",\"contentUrl\":\"https:\/\/rioonwatch.org.br\/wp-content\/uploads\/2021\/06\/RioOnWatchcabecalhoPT11anos-2.png\",\"width\":779,\"height\":277,\"caption\":\"RioOnWatch\"},\"image\":{\"@id\":\"https:\/\/rioonwatch.org.br\/#\/schema\/logo\/image\/\"}},{\"@type\":\"Person\",\"@id\":\"https:\/\/rioonwatch.org.br\/#\/schema\/person\/f443c6b55bb6e80842280318076491c5\",\"name\":\"Luisa Fenizola\",\"image\":{\"@type\":\"ImageObject\",\"inLanguage\":\"pt-BR\",\"@id\":\"https:\/\/rioonwatch.org.br\/#\/schema\/person\/image\/\",\"url\":\"https:\/\/secure.gravatar.com\/avatar\/a3d551110162b9f876cbbdaaecf75663?s=96&d=blank&r=g\",\"contentUrl\":\"https:\/\/secure.gravatar.com\/avatar\/a3d551110162b9f876cbbdaaecf75663?s=96&d=blank&r=g\",\"caption\":\"Luisa Fenizola\"},\"url\":\"https:\/\/rioonwatch.org.br\/?author=152\"}]}<\/script>\n<!-- \/ Yoast SEO plugin. -->","yoast_head_json":{"title":"Virada Sustent\u00e1vel 2019: Eventos Que Promovem Sustentabilidade em Favelas e Periferias - RioOnWatch","robots":{"index":"index","follow":"follow","max-snippet":"max-snippet:-1","max-image-preview":"max-image-preview:large","max-video-preview":"max-video-preview:-1"},"canonical":"https:\/\/rioonwatch.org.br\/?p=43868","og_locale":"pt_BR","og_type":"article","og_title":"Virada Sustent\u00e1vel 2019: Eventos Que Promovem Sustentabilidade em Favelas e Periferias - RioOnWatch","og_description":"Click Here for English Entre os dias 17 e 20 de outubro o Rio de Janeiro receber\u00e1 mais uma edi\u00e7\u00e3o da Virada Sustent\u00e1vel, festival de sustentabilidade que acontece em v\u00e1rias cidades brasileiras a partir de [...]","og_url":"https:\/\/rioonwatch.org.br\/?p=43868","og_site_name":"RioOnWatch","article_published_time":"2019-10-17T12:09:39+00:00","article_modified_time":"2019-10-26T07:11:31+00:00","og_image":[{"width":960,"height":480,"url":"https:\/\/rioonwatch.org.br\/wp-content\/uploads\/2019\/10\/virada-sustentavel-2019.png","type":"image\/png"}],"author":"Luisa Fenizola","twitter_card":"summary_large_image","twitter_misc":{"Escrito por":"Luisa Fenizola","Est. tempo de leitura":"6 minutos"},"schema":{"@context":"https:\/\/schema.org","@graph":[{"@type":"Article","@id":"https:\/\/rioonwatch.org.br\/?p=43868#article","isPartOf":{"@id":"https:\/\/rioonwatch.org.br\/?p=43868"},"author":{"name":"Luisa Fenizola","@id":"https:\/\/rioonwatch.org.br\/#\/schema\/person\/f443c6b55bb6e80842280318076491c5"},"headline":"Virada Sustent\u00e1vel 2019: Eventos Que Promovem Sustentabilidade em Favelas e Periferias","datePublished":"2019-10-17T12:09:39+00:00","dateModified":"2019-10-26T07:11:31+00:00","mainEntityOfPage":{"@id":"https:\/\/rioonwatch.org.br\/?p=43868"},"wordCount":1139,"publisher":{"@id":"https:\/\/rioonwatch.org.br\/#organization"},"image":{"@id":"https:\/\/rioonwatch.org.br\/?p=43868#primaryimage"},"thumbnailUrl":"https:\/\/rioonwatch.org.br\/wp-content\/uploads\/2019\/10\/virada-sustentavel-2019.png","keywords":["agroecologia","agrofloresta","alimenta\u00e7\u00e3o","Cantagalo","Casa Fluminense","ecologia","Ecomuseu de Sepetiba","empreendedorismo","energia solar","Favela Como Modelo Sustent\u00e1vel","Favela \u00e9 solu\u00e7\u00e3o","Favela em Foco","Floresta da Tijuca","horta comunit\u00e1ria","Imagens do Povo","Instituto Papo Reto","Morro da Babil\u00f4nia","mutir\u00e3o","Observat\u00f3rio de Favelas","preserva\u00e7\u00e3o hist\u00f3rica","Salgueiro","Santa Cruz","Sepetiba","solu\u00e7\u00e3o","sustentabilidade","Virada Sustent\u00e1vel"],"articleSection":["*Destaque","Cobertura de Eventos","Qualidades da Favela","Sociedade Civil","Solu\u00e7\u00f5es","Sustentabilidade"],"inLanguage":"pt-BR"},{"@type":"WebPage","@id":"https:\/\/rioonwatch.org.br\/?p=43868","url":"https:\/\/rioonwatch.org.br\/?p=43868","name":"Virada Sustent\u00e1vel 2019: Eventos Que Promovem Sustentabilidade em Favelas e Periferias - RioOnWatch","isPartOf":{"@id":"https:\/\/rioonwatch.org.br\/#website"},"primaryImageOfPage":{"@id":"https:\/\/rioonwatch.org.br\/?p=43868#primaryimage"},"image":{"@id":"https:\/\/rioonwatch.org.br\/?p=43868#primaryimage"},"thumbnailUrl":"https:\/\/rioonwatch.org.br\/wp-content\/uploads\/2019\/10\/virada-sustentavel-2019.png","datePublished":"2019-10-17T12:09:39+00:00","dateModified":"2019-10-26T07:11:31+00:00","breadcrumb":{"@id":"https:\/\/rioonwatch.org.br\/?p=43868#breadcrumb"},"inLanguage":"pt-BR","potentialAction":[{"@type":"ReadAction","target":["https:\/\/rioonwatch.org.br\/?p=43868"]}]},{"@type":"ImageObject","inLanguage":"pt-BR","@id":"https:\/\/rioonwatch.org.br\/?p=43868#primaryimage","url":"https:\/\/rioonwatch.org.br\/wp-content\/uploads\/2019\/10\/virada-sustentavel-2019.png","contentUrl":"https:\/\/rioonwatch.org.br\/wp-content\/uploads\/2019\/10\/virada-sustentavel-2019.png","width":960,"height":480},{"@type":"BreadcrumbList","@id":"https:\/\/rioonwatch.org.br\/?p=43868#breadcrumb","itemListElement":[{"@type":"ListItem","position":1,"name":"In\u00edcio","item":"https:\/\/rioonwatch.org.br\/"},{"@type":"ListItem","position":2,"name":"Virada Sustent\u00e1vel 2019: Eventos Que Promovem Sustentabilidade em Favelas e Periferias"}]},{"@type":"WebSite","@id":"https:\/\/rioonwatch.org.br\/#website","url":"https:\/\/rioonwatch.org.br\/","name":"RioOnWatch","description":"relatos das favelas cariocas","publisher":{"@id":"https:\/\/rioonwatch.org.br\/#organization"},"potentialAction":[{"@type":"SearchAction","target":{"@type":"EntryPoint","urlTemplate":"https:\/\/rioonwatch.org.br\/?s={search_term_string}"},"query-input":{"@type":"PropertyValueSpecification","valueRequired":true,"valueName":"search_term_string"}}],"inLanguage":"pt-BR"},{"@type":"Organization","@id":"https:\/\/rioonwatch.org.br\/#organization","name":"RioOnWatch","url":"https:\/\/rioonwatch.org.br\/","logo":{"@type":"ImageObject","inLanguage":"pt-BR","@id":"https:\/\/rioonwatch.org.br\/#\/schema\/logo\/image\/","url":"https:\/\/rioonwatch.org.br\/wp-content\/uploads\/2021\/06\/RioOnWatchcabecalhoPT11anos-2.png","contentUrl":"https:\/\/rioonwatch.org.br\/wp-content\/uploads\/2021\/06\/RioOnWatchcabecalhoPT11anos-2.png","width":779,"height":277,"caption":"RioOnWatch"},"image":{"@id":"https:\/\/rioonwatch.org.br\/#\/schema\/logo\/image\/"}},{"@type":"Person","@id":"https:\/\/rioonwatch.org.br\/#\/schema\/person\/f443c6b55bb6e80842280318076491c5","name":"Luisa Fenizola","image":{"@type":"ImageObject","inLanguage":"pt-BR","@id":"https:\/\/rioonwatch.org.br\/#\/schema\/person\/image\/","url":"https:\/\/secure.gravatar.com\/avatar\/a3d551110162b9f876cbbdaaecf75663?s=96&d=blank&r=g","contentUrl":"https:\/\/secure.gravatar.com\/avatar\/a3d551110162b9f876cbbdaaecf75663?s=96&d=blank&r=g","caption":"Luisa Fenizola"},"url":"https:\/\/rioonwatch.org.br\/?author=152"}]}},"_links":{"self":[{"href":"https:\/\/rioonwatch.org.br\/index.php?rest_route=\/wp\/v2\/posts\/43868"}],"collection":[{"href":"https:\/\/rioonwatch.org.br\/index.php?rest_route=\/wp\/v2\/posts"}],"about":[{"href":"https:\/\/rioonwatch.org.br\/index.php?rest_route=\/wp\/v2\/types\/post"}],"author":[{"embeddable":true,"href":"https:\/\/rioonwatch.org.br\/index.php?rest_route=\/wp\/v2\/users\/152"}],"replies":[{"embeddable":true,"href":"https:\/\/rioonwatch.org.br\/index.php?rest_route=%2Fwp%2Fv2%2Fcomments&post=43868"}],"version-history":[{"count":13,"href":"https:\/\/rioonwatch.org.br\/index.php?rest_route=\/wp\/v2\/posts\/43868\/revisions"}],"predecessor-version":[{"id":44043,"href":"https:\/\/rioonwatch.org.br\/index.php?rest_route=\/wp\/v2\/posts\/43868\/revisions\/44043"}],"wp:featuredmedia":[{"embeddable":true,"href":"https:\/\/rioonwatch.org.br\/index.php?rest_route=\/wp\/v2\/media\/43874"}],"wp:attachment":[{"href":"https:\/\/rioonwatch.org.br\/index.php?rest_route=%2Fwp%2Fv2%2Fmedia&parent=43868"}],"wp:term":[{"taxonomy":"category","embeddable":true,"href":"https:\/\/rioonwatch.org.br\/index.php?rest_route=%2Fwp%2Fv2%2Fcategories&post=43868"},{"taxonomy":"post_tag","embeddable":true,"href":"https:\/\/rioonwatch.org.br\/index.php?rest_route=%2Fwp%2Fv2%2Ftags&post=43868"},{"taxonomy":"writer","embeddable":true,"href":"https:\/\/rioonwatch.org.br\/index.php?rest_route=%2Fwp%2Fv2%2Fwriter&post=43868"},{"taxonomy":"translator","embeddable":true,"href":"https:\/\/rioonwatch.org.br\/index.php?rest_route=%2Fwp%2Fv2%2Ftranslator&post=43868"},{"taxonomy":"source","embeddable":true,"href":"https:\/\/rioonwatch.org.br\/index.php?rest_route=%2Fwp%2Fv2%2Fsource&post=43868"},{"taxonomy":"ilustrador","embeddable":true,"href":"https:\/\/rioonwatch.org.br\/index.php?rest_route=%2Fwp%2Fv2%2Filustrador&post=43868"},{"taxonomy":"fotografo","embeddable":true,"href":"https:\/\/rioonwatch.org.br\/index.php?rest_route=%2Fwp%2Fv2%2Ffotografo&post=43868"}],"curies":[{"name":"wp","href":"https:\/\/api.w.org\/{rel}","templated":true}]}}