{"id":43974,"date":"2019-11-13T11:54:10","date_gmt":"2019-11-13T14:54:10","guid":{"rendered":"https:\/\/rioonwatch.org.br\/?p=43974"},"modified":"2022-05-10T11:39:14","modified_gmt":"2022-05-10T14:39:14","slug":"cooperativa-transvida-e-lar-dos-sonhos-vidas-transformadas-na-vila-cruzeiro-redefavelasustentavel-perfil","status":"publish","type":"post","link":"https:\/\/rioonwatch.org.br\/?p=43974","title":{"rendered":"Cooperativa Transvida e Lar dos Sonhos: Vidas Transformadas na Vila Cruzeiro [PERFIL]"},"content":{"rendered":"<p style=\"text-align: right;\"><em><strong><a href=\"http:\/\/bit.ly\/2TxBgSM\" target=\"_blank\" rel=\"noopener noreferrer\">Click Here for English<\/a><a href=\"http:\/\/bit.ly\/2TxBgSM\" target=\"_blank\" rel=\"noopener noreferrer\"><img decoding=\"async\" width=\"20\" height=\"20\" class=\"alignright wp-image-15790\" src=\"https:\/\/rioonwatch.org.br\/wp-content\/uploads\/2012\/08\/EN-standard-e1439583104716.jpg\" \/><\/a><\/strong><\/em><\/p>\n<blockquote><p><b><u>Iniciativa<\/u><\/b>: Cooperativa Transvida<br \/>\n<span style=\"text-decoration: underline;\"><b>Contato<\/b><\/span>: <a href=\"http:\/\/bit.ly\/2BN07s8\" target=\"_blank\" rel=\"noopener noreferrer\">Facebook<\/a> | <a href=\"mailto:transvida@favelasustentavel.org\" target=\"_blank\" rel=\"noopener noreferrer\">Email<\/a><a href=\"http:\/\/bit.ly\/29Rg1Xk\"><br \/>\n<\/a><span style=\"text-decoration: underline;\"><b>Ano de Funda\u00e7\u00e3o<\/b><\/span>: 2011<br \/>\n<span style=\"text-decoration: underline;\"><b>Comunidade<\/b><\/span>: Vila Cruzeiro, Complexo da Penha<br \/>\n<span style=\"text-decoration: underline;\"><b>Miss\u00e3o<\/b><\/span>: Produ\u00e7\u00e3o de uma renda para catadores e suas fam\u00edlias. Promo\u00e7\u00e3o da consci\u00eancia ambiental, principalmente entorno do tratamento do lixo dentro da comunidade.<br \/>\n<span style=\"text-decoration: underline;\"><b>Como Contribuir<\/b><\/span>: Doa\u00e7\u00f5es de materiais recicl\u00e1veis<\/p>\n<p><span style=\"text-decoration: underline;\"><strong>Iniciativa<\/strong><\/span>: Instituto Nacional Lar dos Sonhos<br \/>\n<span style=\"text-decoration: underline;\"><b>Contato<\/b><\/span>: <a href=\"http:\/\/bit.ly\/2qaf2KL\" target=\"_blank\" rel=\"noopener noreferrer\">Facebook<\/a><a href=\"http:\/\/bit.ly\/29Rg1Xk\"><br \/>\n<\/a><span style=\"text-decoration: underline;\"><b>Ano de Funda\u00e7\u00e3o<\/b><\/span>: 2014<br \/>\n<span style=\"text-decoration: underline;\"><b>Comunidade<\/b><\/span>: Vila Cruzeiro, Complexo da Penha<br \/>\n<span style=\"text-decoration: underline;\"><b>Miss\u00e3o<\/b><\/span>: Proporcionar atividades l\u00fadicas e educativas para as crian\u00e7as e adolescente da comunidade depois do per\u00edodo escolar. Sensibilizar sobre a import\u00e2ncia da escola.<br \/>\n<span style=\"text-decoration: underline;\"><b>Como Contribuir<\/b><\/span>: Doa\u00e7\u00f5es e apadrinhamento (apoio financeiro destinado \u00e0 crian\u00e7a escolhida pelo apoiador)<\/p><\/blockquote>\n<p>Ao atravessar as ruas da <a href=\"http:\/\/bit.ly\/2m1TMEr\" target=\"_blank\" rel=\"noopener noreferrer\">Vila Cruzeiro<\/a>, no <a href=\"http:\/\/bit.ly\/371i9p1\" target=\"_blank\" rel=\"noopener noreferrer\">Complexo da Penha<\/a>, <a href=\"http:\/\/bit.ly\/2ETpYR1\" target=\"_blank\" rel=\"noopener noreferrer\">Zona Norte<\/a>, Ilaci Oliveira Luiz n\u00e3o passa desapercebida. Conhecida de todos, ela nunca perde a oportunidade de cumprimentar e pedir not\u00edcias de moradores da comunidade. &#8220;Antes mesmo de saber o que \u00e9 uma educadora social, eu j\u00e1 estava em busca de algo melhor para minha comunidade&#8221;, relata Ilaci sobre a origem do seu engajamento. Origin\u00e1ria do Complexo da Penha a educadora social, Ilaci trabalha h\u00e1 mais de 25 anos com diferentes projetos sociais, todos dedicados \u00e0s popula\u00e7\u00e3o &#8220;mais pobres e mais carentes da Penha&#8221;.<\/p>\n<h3>Cooperativa Transvida Promove Reciclagem e Consci\u00eancia Ambiental<\/h3>\n<p>Em 2011, at\u00e9 ent\u00e3o engajada em v\u00e1rios projetos atrav\u00e9s da sua igreja, Ilaci viu um grupo de moradores catando lixo na comunidade a procura de materiais recicl\u00e1veis. Procurando uma maneira de ajud\u00e1-los, ela acabou propondo: &#8220;Gente, voc\u00eas n\u00e3o querem formar uma cooperativa?&#8221; Foi assim que ela conheceu Ana Lucia Rozeno da Paz.<\/p>\n<p>Origin\u00e1ria da <a href=\"http:\/\/bit.ly\/2XuTtjt\" target=\"_blank\" rel=\"noopener noreferrer\">Rocinha<\/a>, ao se casar h\u00e1 25 anos, Ana se mudou para o Complexo da Penha. Por\u00e9m, depois que o seu marido perdeu seu emprego, eles tiveram que trabalhar com coleta de materiais recicl\u00e1veis para sustentar a fam\u00edlia. &#8220;No come\u00e7o, ningu\u00e9m conhecia nada. S\u00f3 sab\u00edamos separar o lixo e entender o valor de cada material&#8221;, conta Ana. &#8220;Na verdade, s\u00f3 faltava organiza\u00e7\u00e3o e administra\u00e7\u00e3o.&#8221; Gra\u00e7as a ajuda volunt\u00e1ria de Ilaci, no desenvolvimento administrativo da organiza\u00e7\u00e3o, a <a href=\"http:\/\/bit.ly\/2m12umm\" target=\"_blank\" rel=\"noopener noreferrer\">Cooperativa de Reciclagem Transvida<\/a> p\u00f4de iniciar sua jornada, com quatro volunt\u00e1rios e cerca de vinte catadores.<\/p>\n<p>No in\u00edcio os catadores n\u00e3o tinham um local para concentrar o que recolhiam. Por\u00e9m, em 2014 administradores da empresa de cimento Lagarfe, que possu\u00eda uma quadra abandonada e cheia de mato na Rua Moreira de Abreu na Vila Cruzeiro, ao verem os esfor\u00e7os dos catadores locais cederam a quadra para a Cooperativa Transvida. Agora com a capacidade de armazenar os res\u00edduos, os catadores passaram a reunir e separar todos os res\u00edduos recicl\u00e1veis. No final de cada m\u00eas todo o material \u00e9 recolhido por um catador do grupo, que tem um caminh\u00e3o, e que leva tudo para ser vendido no <a href=\"http:\/\/bit.ly\/2XduHF5\" target=\"_blank\" rel=\"noopener noreferrer\">Centro de Reciclagem Rio<\/a> (CRR). Este processo \u00e9 denominado &#8220;venda conjunta&#8221; e o valor da venda \u00e9 dividido entre os catadores da Transvida.<\/p>\n<p><a href=\"https:\/\/rioonwatch.org.br\/wp-content\/uploads\/2019\/11\/Transvida-3.jpg\"><img fetchpriority=\"high\" decoding=\"async\" class=\"aligncenter wp-image-44252 size-full\" title=\"Ana fazendo a triagem dos materiais reciclaveis. \" src=\"https:\/\/rioonwatch.org.br\/wp-content\/uploads\/2019\/11\/Transvida-3.jpg\" alt=\"\" width=\"1152\" height=\"560\" srcset=\"https:\/\/rioonwatch.org.br\/wp-content\/uploads\/2019\/11\/Transvida-3.jpg 1152w, https:\/\/rioonwatch.org.br\/wp-content\/uploads\/2019\/11\/Transvida-3-543x264.jpg 543w, https:\/\/rioonwatch.org.br\/wp-content\/uploads\/2019\/11\/Transvida-3-620x301.jpg 620w, https:\/\/rioonwatch.org.br\/wp-content\/uploads\/2019\/11\/Transvida-3-768x373.jpg 768w, https:\/\/rioonwatch.org.br\/wp-content\/uploads\/2019\/11\/Transvida-3-1024x498.jpg 1024w\" sizes=\"(max-width: 1152px) 100vw, 1152px\" \/><\/a><\/p>\n<p>Somente com a for\u00e7a dos bra\u00e7os, os catadores da Transvida realizam &#8220;um excelente trabalho&#8221;, explica Ana. Apesar de n\u00e3o ser o suficiente para trazer uma base salarial regular para os catadores, a iniciativa ajuda v\u00e1rias fam\u00edlias que vivem somente do <a href=\"http:\/\/bit.ly\/34yCCPV\" target=\"_blank\" rel=\"noopener noreferrer\">Bolsa Fam\u00edlia<\/a> e das cestas b\u00e1sicas dadas por igrejas. A maior parte do lixo coletado pela Transvida prov\u00e9m da pr\u00f3pria comunidade, mas mesmo assim a cooperativa participa regularmente do <a href=\"http:\/\/bit.ly\/2JWNIGF\" target=\"_blank\" rel=\"noopener noreferrer\">Projeto Recicla CCS<\/a>\u2014que faz parte do Programa Recicla da <a href=\"http:\/\/bit.ly\/2KgADIe\" target=\"_blank\" rel=\"noopener noreferrer\">UFRJ<\/a>\u2014que organiza a cada seis meses um edital para selecionar cooperativas e associa\u00e7\u00f5es de catadores que receber\u00e3o os res\u00edduos recicl\u00e1veis da Ilha do Fund\u00e3o.<\/p>\n<p><a href=\"https:\/\/rioonwatch.org.br\/wp-content\/uploads\/2019\/11\/Transvida-1.jpg\"><img decoding=\"async\" class=\"aligncenter wp-image-44247 size-full\" title=\"Caminh\u00e3o buscando lixo recicl\u00e1vel. \" src=\"https:\/\/rioonwatch.org.br\/wp-content\/uploads\/2019\/11\/Transvida-1.jpg\" alt=\"\" width=\"1152\" height=\"560\" srcset=\"https:\/\/rioonwatch.org.br\/wp-content\/uploads\/2019\/11\/Transvida-1.jpg 1152w, https:\/\/rioonwatch.org.br\/wp-content\/uploads\/2019\/11\/Transvida-1-543x264.jpg 543w, https:\/\/rioonwatch.org.br\/wp-content\/uploads\/2019\/11\/Transvida-1-620x301.jpg 620w, https:\/\/rioonwatch.org.br\/wp-content\/uploads\/2019\/11\/Transvida-1-768x373.jpg 768w, https:\/\/rioonwatch.org.br\/wp-content\/uploads\/2019\/11\/Transvida-1-1024x498.jpg 1024w\" sizes=\"(max-width: 1152px) 100vw, 1152px\" \/><\/a><\/p>\n<p>Gra\u00e7as a materiais valiosos, como o cobre<em>\u2014<\/em>advindo dos res\u00edduos recebidos pelo programa da UFRJ<em>\u2014<\/em>cada catador da Transvida pode ganhar at\u00e9 R$500 por m\u00eas. &#8220;Essas s\u00e3o as \u00e9pocas de engorda, \u00e9pocas de riqueza&#8221;, brincou Ilaci. Mas pela falta de infraestrutura de armazenamento, os materiais como o papel\u00e3o acabem perdendo valor em \u00e9pocas de chuvas. &#8220;No ver\u00e3o, n\u00e3o \u00e9 melhor. \u00c9 muito dif\u00edcil trabalhar no sol&#8221;, relatou Ana.<\/p>\n<p>Mas ela insiste dizendo que apesar de ser um trabalho muito cansativo, &#8220;as pessoas est\u00e3o aprendendo a fazer a separa\u00e7\u00e3o do lixo, aprendendo a cuidar do meio ambiente&#8221;. Moradores falam uns com outros sobre os resultados do trabalho feito pela cooperativa, e &#8220;isso est\u00e1 abrindo mentes na nossa comunidade&#8221;, conclui Ana. Ent\u00e3o, al\u00e9m de trazer uma renda para os catadores e suas fam\u00edlias, Transvida promove a consci\u00eancia ambiental, principalmente em rela\u00e7\u00e3o ao tratamento do lixo dentro da comunidade.<\/p>\n<p><a href=\"https:\/\/rioonwatch.org.br\/wp-content\/uploads\/2019\/11\/Lar-dos-Sonhos-3.jpg\"><img loading=\"lazy\" decoding=\"async\" class=\"aligncenter wp-image-44248 size-full\" title=\"Ilaci e Ana em frente \u00e0 sede do Instituto Nacional Lar dos Sonhos.\" src=\"https:\/\/rioonwatch.org.br\/wp-content\/uploads\/2019\/11\/Lar-dos-Sonhos-3.jpg\" alt=\"\" width=\"1152\" height=\"560\" srcset=\"https:\/\/rioonwatch.org.br\/wp-content\/uploads\/2019\/11\/Lar-dos-Sonhos-3.jpg 1152w, https:\/\/rioonwatch.org.br\/wp-content\/uploads\/2019\/11\/Lar-dos-Sonhos-3-543x264.jpg 543w, https:\/\/rioonwatch.org.br\/wp-content\/uploads\/2019\/11\/Lar-dos-Sonhos-3-620x301.jpg 620w, https:\/\/rioonwatch.org.br\/wp-content\/uploads\/2019\/11\/Lar-dos-Sonhos-3-768x373.jpg 768w, https:\/\/rioonwatch.org.br\/wp-content\/uploads\/2019\/11\/Lar-dos-Sonhos-3-1024x498.jpg 1024w\" sizes=\"(max-width: 1152px) 100vw, 1152px\" \/><\/a><\/p>\n<h3>Lar dos Sonhos Resgata Inf\u00e2ncias<\/h3>\n<p>&#8220;Elei\u00e7\u00f5es me deixaram como presidente [da Cooperativa Transvida]&#8221;, disse Ilaci. Hoje, Ilaci n\u00e3o quer mais ser presidente, insistindo que Ana, que \u00e9 vice-presidente, deveria assumir o cargo junto com as outras volunt\u00e1rias. &#8220;Eu s\u00f3 queria dar um empurr\u00e3o. Ela n\u00e3o precisa mais de minha ajuda. Agora quero ficar mesmo com as crian\u00e7as.&#8221; &#8220;As crian\u00e7as&#8221; s\u00e3o as crian\u00e7as do projeto Instituto Nacional Lar dos Sonhos. Em 2014,&#8221;eu tinha visto cinco, seis crian\u00e7as trabalhando no lix\u00e3o junto com os catadores&#8221;, relatou Ilaci. Por n\u00e3o se conformar com essa situa\u00e7\u00e3o, Ilaci acabou chamando algumas crian\u00e7as para a casa dela, para ensin\u00e1-las a ler e escrever.<\/p>\n<p>Hoje, ela acompanha mais de 60 crian\u00e7as e adolescentes na Vila Cruzeiro, no chamado Instituto Nacional Lar dos Sonhos. &#8220;Lar dos Sonhos, \u00e9 porque muitas crian\u00e7as aqui n\u00e3o t\u00eam casa no sentido de um lar. Muitas est\u00e3o em um barraco.&#8221; A iniciativa funciona de segunda \u00e0 sexta de 10:00h \u00e0s 12:30h atendendo crian\u00e7as de 4 a 6 anos e de 14:30h \u00e0s 16:30h atendendo crian\u00e7as de 9 a 14 anos. O turno da manh\u00e3 conta com o apoio da volunt\u00e1ria M\u00e1rcia Nogueira e o da tarde da psicopedagoga Renata Correa.<\/p>\n<p><a href=\"https:\/\/rioonwatch.org.br\/wp-content\/uploads\/2019\/11\/Lar-dos-Sonhos-4-e1573067421723.jpg\"><img loading=\"lazy\" decoding=\"async\" class=\"aligncenter wp-image-44251 size-full\" title=\"Ilaci com as crian\u00e7as na sede do Lar dos Sonhos.\" src=\"https:\/\/rioonwatch.org.br\/wp-content\/uploads\/2019\/11\/Lar-dos-Sonhos-4-e1573067421723.jpg\" alt=\"\" width=\"1152\" height=\"457\" srcset=\"https:\/\/rioonwatch.org.br\/wp-content\/uploads\/2019\/11\/Lar-dos-Sonhos-4-e1573067421723.jpg 1152w, https:\/\/rioonwatch.org.br\/wp-content\/uploads\/2019\/11\/Lar-dos-Sonhos-4-e1573067421723-620x246.jpg 620w, https:\/\/rioonwatch.org.br\/wp-content\/uploads\/2019\/11\/Lar-dos-Sonhos-4-e1573067421723-768x305.jpg 768w, https:\/\/rioonwatch.org.br\/wp-content\/uploads\/2019\/11\/Lar-dos-Sonhos-4-e1573067421723-1024x406.jpg 1024w\" sizes=\"(max-width: 1152px) 100vw, 1152px\" \/><\/a><\/p>\n<p>Atrav\u00e9s desse projeto, Ilaci tenta proporcionar &#8220;uma volta a inf\u00e2ncia que eles n\u00e3o viveram, por causa da vida muito sofrida que eles t\u00eam&#8221;. Lar dos Sonhos funciona unicamente gra\u00e7as a doa\u00e7\u00f5es e apadrinhamento (quando um doador escolhe uma crian\u00e7a para dar suporte). As doa\u00e7\u00f5es e apadrinhamento proporcionam comida, brinquedos e roupas para as crian\u00e7as.<\/p>\n<p>Todo dia, depois do per\u00edodo escolar, Ilaci prop\u00f5e alfabetiza\u00e7\u00e3o, refor\u00e7o escolar, oficinas de leitura e artesanato para crian\u00e7as e adolescentes. A escola da atividade \u00e9 de acordo com a vontade e necessidades dos jovens. Ilaci relatou o caso de uma menina de 15 anos que n\u00e3o tinha sido alfabetizada. &#8220;Ela achava que nunca ia aprender a ler.&#8221; Mas hoje, gra\u00e7as a um trabalho personalizado no Lar dos Sonhos, ela est\u00e1 lendo. &#8220;Isso \u00e9 na verdade um trabalho b\u00e1sico, que qualquer crian\u00e7a deveria acessar&#8221;, explica Ilaci.<\/p>\n<p>Al\u00e9m disso, Ilaci incentiva as crian\u00e7as a irem \u00e0 escola. &#8220;Crian\u00e7as que fazem parte do projeto t\u00eam que ir para escola.&#8221; Mas o Instituto n\u00e3o trabalha somente com crian\u00e7as. Ilaci procura tamb\u00e9m sensibilizar os pais sobre a import\u00e2ncia de mandar as crian\u00e7as para a escola. &#8220;O principal \u00e9 n\u00e3o deixar as crian\u00e7as sozinhas na rua, sem ir para escola ou para o Lar dos Sonhos.&#8221; De acordo com Ilaci, este acompanhamento permite manter as crian\u00e7as longe do tr\u00e1fico.&#8221; Eu vou at\u00e9 as escolas da comunidade para seguir o ensino que as crian\u00e7as est\u00e3o recebendo e falar com os professores.&#8221; Ilaci acolhe tamb\u00e9m jovens m\u00e3es, com crian\u00e7as no colo, para discutir m\u00e9todos contraceptivos.<\/p>\n<p><a href=\"https:\/\/rioonwatch.org.br\/wp-content\/uploads\/2019\/11\/Lar-dos-Sonhos2.jpg\"><img loading=\"lazy\" decoding=\"async\" class=\"aligncenter wp-image-44322 size-full\" src=\"https:\/\/rioonwatch.org.br\/wp-content\/uploads\/2019\/11\/Lar-dos-Sonhos2.jpg\" alt=\"\" width=\"1316\" height=\"537\" srcset=\"https:\/\/rioonwatch.org.br\/wp-content\/uploads\/2019\/11\/Lar-dos-Sonhos2.jpg 1316w, https:\/\/rioonwatch.org.br\/wp-content\/uploads\/2019\/11\/Lar-dos-Sonhos2-620x253.jpg 620w, https:\/\/rioonwatch.org.br\/wp-content\/uploads\/2019\/11\/Lar-dos-Sonhos2-768x313.jpg 768w, https:\/\/rioonwatch.org.br\/wp-content\/uploads\/2019\/11\/Lar-dos-Sonhos2-1024x418.jpg 1024w\" sizes=\"(max-width: 1316px) 100vw, 1316px\" \/><\/a><\/p>\n<p>Nos \u00faltimos tempos, Ilaci criou junto com uma psic\u00f3loga um projeto de musicaliza\u00e7\u00e3o dedicado as meninas e adolescentes do Lar dos Sonhos. &#8220;Vamos p\u00f4r as meninas para tocar bateria, elas t\u00eam que colocar toda a raiva delas nas latas.&#8221; Motivada e batalhadora, Ilaci est\u00e1 sempre em busca de algo melhor para sua comunidade.<\/p>\n<p>*A Cooperativa Transvida e o Instituto Nacional Lar dos Sonhos s\u00e3o dois de mais de <a href=\"http:\/\/www.bit.ly\/RFSMapa\">100 projetos comunit\u00e1rios mapeados<\/a>\u00a0pela\u00a0<a href=\"http:\/\/bit.ly\/1aI.gif\" rel=\"prettyPhoto\">Comunidades Catalisadoras<\/a>\u00a0(ComCat)\u2013a organiza\u00e7\u00e3o que publica o\u00a0<i>RioOnWatch<\/i><i>\u2013<\/i>como parte do nosso programa paralelo \u2018<a href=\"http:\/\/bit.ly\/RFSRelatorio\">Rede Favela Sustent\u00e1vel<\/a>\u2018 lan\u00e7ado\u00a0em 2017 para reconhecer, apoiar, fortalecer e expandir as\u00a0<a href=\"http:\/\/www.bit.ly\/FavelaModelo\">qualidades sustent\u00e1veis e movimentos comunit\u00e1rios inerentes<\/a>\u00a0\u00e0s favelas do Rio de Janeiro. Siga a\u00a0<a href=\"http:\/\/bit.ly\/FBRFS\">Rede Favela Sustent\u00e1vel no Facebook<\/a>. Leia outros\u00a0<a href=\"http:\/\/bit.ly\/FavelasSustentaveis\">perfis dos projetos da Rede Favela Sustent\u00e1vel aqui<\/a>.<\/p>\n<!-- AddThis Advanced Settings generic via filter on the_content --><!-- AddThis Share Buttons generic via filter on the_content -->","protected":false},"excerpt":{"rendered":"<div class=\"mh-excerpt\"><p>Click Here for English Iniciativa: Cooperativa Transvida Contato: Facebook | Email Ano de Funda\u00e7\u00e3o: 2011 Comunidade: Vila Cruzeiro, Complexo da Penha Miss\u00e3o: Produ\u00e7\u00e3o de uma renda para catadores e suas fam\u00edlias. Promo\u00e7\u00e3o da consci\u00eancia ambiental, <a class=\"mh-excerpt-more\" href=\"https:\/\/rioonwatch.org.br\/?p=43974\" title=\"Cooperativa Transvida e Lar dos Sonhos: Vidas Transformadas na Vila Cruzeiro [PERFIL]\">[&#8230;]<\/a><!-- AddThis Advanced Settings generic via filter on get_the_excerpt --><!-- AddThis Share Buttons generic via filter on get_the_excerpt --><\/p>\n<\/div>","protected":false},"author":164,"featured_media":44250,"comment_status":"closed","ping_status":"closed","sticky":false,"template":"","format":"standard","meta":{"_acf_changed":false,"_monsterinsights_skip_tracking":false,"_monsterinsights_sitenote_active":false,"_monsterinsights_sitenote_note":"","_monsterinsights_sitenote_category":0,"footnotes":""},"categories":[1621,1629,1626,1616,342,1639],"tags":[334,103,2717,876,316,1554,360,106,20,358,498,2074,361,16,1347,476,404,578,2193,1001,218],"writer":[2688],"translator":[],"source":[],"ilustrador":[],"fotografo":[],"class_list":{"0":"post-43974","1":"post","2":"type-post","3":"status-publish","4":"format-standard","5":"has-post-thumbnail","7":"category-destaque","8":"category-entrevistas-e-perfis","9":"category-por-observadores-internacionais","10":"category-qualidades-da-favela","11":"category-solucoes","12":"category-sustentabilidade","13":"tag-arte","14":"tag-catadores","15":"tag-complexo-da-penha","16":"tag-direitos-da-crianca","17":"tag-educacao","18":"tag-gestao-de-residuos","19":"tag-lixo","20":"tag-meio-ambiente","21":"tag-musica","22":"tag-organizacao-comunitaria","23":"tag-penha","24":"tag-rede-favela-sustentavel","25":"tag-reciclagem","26":"tag-rocinha","27":"tag-solucao","28":"tag-solucao-comunitaria","29":"tag-sustentabilidade","30":"tag-trabalho-e-renda","31":"tag-ufrj","32":"tag-vila-cruzeiro","33":"tag-zona-norte","34":"writer-sofia-bazin"},"acf":[],"yoast_head":"<!-- This site is optimized with the Yoast SEO plugin v25.6 - https:\/\/yoast.com\/wordpress\/plugins\/seo\/ -->\n<title>Cooperativa Transvida e Lar dos Sonhos: Vidas Transformadas na Vila Cruzeiro [PERFIL] - RioOnWatch<\/title>\n<meta name=\"robots\" content=\"index, follow, max-snippet:-1, max-image-preview:large, max-video-preview:-1\" \/>\n<link rel=\"canonical\" href=\"https:\/\/rioonwatch.org.br\/?p=43974\" \/>\n<meta property=\"og:locale\" content=\"pt_BR\" \/>\n<meta property=\"og:type\" content=\"article\" \/>\n<meta property=\"og:title\" content=\"Cooperativa Transvida e Lar dos Sonhos: Vidas Transformadas na Vila Cruzeiro [PERFIL] - RioOnWatch\" \/>\n<meta property=\"og:description\" content=\"Click Here for English Iniciativa: Cooperativa Transvida Contato: Facebook | Email Ano de Funda\u00e7\u00e3o: 2011 Comunidade: Vila Cruzeiro, Complexo da Penha Miss\u00e3o: Produ\u00e7\u00e3o de uma renda para catadores e suas fam\u00edlias. Promo\u00e7\u00e3o da consci\u00eancia ambiental, [...]\" \/>\n<meta property=\"og:url\" content=\"https:\/\/rioonwatch.org.br\/?p=43974\" \/>\n<meta property=\"og:site_name\" content=\"RioOnWatch\" \/>\n<meta property=\"article:published_time\" content=\"2019-11-13T14:54:10+00:00\" \/>\n<meta property=\"article:modified_time\" content=\"2022-05-10T14:39:14+00:00\" \/>\n<meta property=\"og:image\" content=\"https:\/\/rioonwatch.org.br\/wp-content\/uploads\/2019\/11\/Lar-dos-Sonhos-1-e1573580579661.jpg\" \/>\n\t<meta property=\"og:image:width\" content=\"960\" \/>\n\t<meta property=\"og:image:height\" content=\"571\" \/>\n\t<meta property=\"og:image:type\" content=\"image\/jpeg\" \/>\n<meta name=\"author\" content=\"Sofia Bazin\" \/>\n<meta name=\"twitter:card\" content=\"summary_large_image\" \/>\n<meta name=\"twitter:label1\" content=\"Escrito por\" \/>\n\t<meta name=\"twitter:data1\" content=\"Sofia Bazin\" \/>\n\t<meta name=\"twitter:label2\" content=\"Est. tempo de leitura\" \/>\n\t<meta name=\"twitter:data2\" content=\"9 minutos\" \/>\n<script type=\"application\/ld+json\" class=\"yoast-schema-graph\">{\"@context\":\"https:\/\/schema.org\",\"@graph\":[{\"@type\":\"Article\",\"@id\":\"https:\/\/rioonwatch.org.br\/?p=43974#article\",\"isPartOf\":{\"@id\":\"https:\/\/rioonwatch.org.br\/?p=43974\"},\"author\":{\"name\":\"Sofia Bazin\",\"@id\":\"https:\/\/rioonwatch.org.br\/#\/schema\/person\/48d13976d14b08743b5ac52b506afaa3\"},\"headline\":\"Cooperativa Transvida e Lar dos Sonhos: Vidas Transformadas na Vila Cruzeiro [PERFIL]\",\"datePublished\":\"2019-11-13T14:54:10+00:00\",\"dateModified\":\"2022-05-10T14:39:14+00:00\",\"mainEntityOfPage\":{\"@id\":\"https:\/\/rioonwatch.org.br\/?p=43974\"},\"wordCount\":1440,\"publisher\":{\"@id\":\"https:\/\/rioonwatch.org.br\/#organization\"},\"image\":{\"@id\":\"https:\/\/rioonwatch.org.br\/?p=43974#primaryimage\"},\"thumbnailUrl\":\"https:\/\/rioonwatch.org.br\/wp-content\/uploads\/2019\/11\/Lar-dos-Sonhos-1-e1573580579661.jpg\",\"keywords\":[\"arte\",\"catadores\",\"Complexo da Penha\",\"direitos da crian\u00e7a\",\"educa\u00e7\u00e3o\",\"gest\u00e3o de res\u00edduos\",\"lixo\",\"meio ambiente\",\"m\u00fasica\",\"organiza\u00e7\u00e3o comunit\u00e1ria\",\"Penha\",\"Perfis Integrantes da Rede Favela Sustent\u00e1vel\",\"reciclagem\",\"Rocinha\",\"solu\u00e7\u00e3o\",\"solu\u00e7\u00e3o comunit\u00e1ria\",\"sustentabilidade\",\"Trabalho e renda\",\"UFRJ\",\"Vila Cruzeiro\",\"Zona Norte\"],\"articleSection\":[\"*Destaque\",\"Entrevistas e Perfis\",\"Escrito por Aliados\",\"Qualidades da Favela\",\"Solu\u00e7\u00f5es\",\"Sustentabilidade\"],\"inLanguage\":\"pt-BR\"},{\"@type\":\"WebPage\",\"@id\":\"https:\/\/rioonwatch.org.br\/?p=43974\",\"url\":\"https:\/\/rioonwatch.org.br\/?p=43974\",\"name\":\"Cooperativa Transvida e Lar dos Sonhos: Vidas Transformadas na Vila Cruzeiro [PERFIL] - RioOnWatch\",\"isPartOf\":{\"@id\":\"https:\/\/rioonwatch.org.br\/#website\"},\"primaryImageOfPage\":{\"@id\":\"https:\/\/rioonwatch.org.br\/?p=43974#primaryimage\"},\"image\":{\"@id\":\"https:\/\/rioonwatch.org.br\/?p=43974#primaryimage\"},\"thumbnailUrl\":\"https:\/\/rioonwatch.org.br\/wp-content\/uploads\/2019\/11\/Lar-dos-Sonhos-1-e1573580579661.jpg\",\"datePublished\":\"2019-11-13T14:54:10+00:00\",\"dateModified\":\"2022-05-10T14:39:14+00:00\",\"breadcrumb\":{\"@id\":\"https:\/\/rioonwatch.org.br\/?p=43974#breadcrumb\"},\"inLanguage\":\"pt-BR\",\"potentialAction\":[{\"@type\":\"ReadAction\",\"target\":[\"https:\/\/rioonwatch.org.br\/?p=43974\"]}]},{\"@type\":\"ImageObject\",\"inLanguage\":\"pt-BR\",\"@id\":\"https:\/\/rioonwatch.org.br\/?p=43974#primaryimage\",\"url\":\"https:\/\/rioonwatch.org.br\/wp-content\/uploads\/2019\/11\/Lar-dos-Sonhos-1-e1573580579661.jpg\",\"contentUrl\":\"https:\/\/rioonwatch.org.br\/wp-content\/uploads\/2019\/11\/Lar-dos-Sonhos-1-e1573580579661.jpg\",\"width\":960,\"height\":571},{\"@type\":\"BreadcrumbList\",\"@id\":\"https:\/\/rioonwatch.org.br\/?p=43974#breadcrumb\",\"itemListElement\":[{\"@type\":\"ListItem\",\"position\":1,\"name\":\"In\u00edcio\",\"item\":\"https:\/\/rioonwatch.org.br\/\"},{\"@type\":\"ListItem\",\"position\":2,\"name\":\"Cooperativa Transvida e Lar dos Sonhos: Vidas Transformadas na Vila Cruzeiro [PERFIL]\"}]},{\"@type\":\"WebSite\",\"@id\":\"https:\/\/rioonwatch.org.br\/#website\",\"url\":\"https:\/\/rioonwatch.org.br\/\",\"name\":\"RioOnWatch\",\"description\":\"relatos das favelas cariocas\",\"publisher\":{\"@id\":\"https:\/\/rioonwatch.org.br\/#organization\"},\"potentialAction\":[{\"@type\":\"SearchAction\",\"target\":{\"@type\":\"EntryPoint\",\"urlTemplate\":\"https:\/\/rioonwatch.org.br\/?s={search_term_string}\"},\"query-input\":{\"@type\":\"PropertyValueSpecification\",\"valueRequired\":true,\"valueName\":\"search_term_string\"}}],\"inLanguage\":\"pt-BR\"},{\"@type\":\"Organization\",\"@id\":\"https:\/\/rioonwatch.org.br\/#organization\",\"name\":\"RioOnWatch\",\"url\":\"https:\/\/rioonwatch.org.br\/\",\"logo\":{\"@type\":\"ImageObject\",\"inLanguage\":\"pt-BR\",\"@id\":\"https:\/\/rioonwatch.org.br\/#\/schema\/logo\/image\/\",\"url\":\"https:\/\/rioonwatch.org.br\/wp-content\/uploads\/2021\/06\/RioOnWatchcabecalhoPT11anos-2.png\",\"contentUrl\":\"https:\/\/rioonwatch.org.br\/wp-content\/uploads\/2021\/06\/RioOnWatchcabecalhoPT11anos-2.png\",\"width\":779,\"height\":277,\"caption\":\"RioOnWatch\"},\"image\":{\"@id\":\"https:\/\/rioonwatch.org.br\/#\/schema\/logo\/image\/\"}},{\"@type\":\"Person\",\"@id\":\"https:\/\/rioonwatch.org.br\/#\/schema\/person\/48d13976d14b08743b5ac52b506afaa3\",\"name\":\"Sofia Bazin\",\"image\":{\"@type\":\"ImageObject\",\"inLanguage\":\"pt-BR\",\"@id\":\"https:\/\/rioonwatch.org.br\/#\/schema\/person\/image\/\",\"url\":\"https:\/\/secure.gravatar.com\/avatar\/9391f5418353a656955767c8aa40765f?s=96&d=blank&r=g\",\"contentUrl\":\"https:\/\/secure.gravatar.com\/avatar\/9391f5418353a656955767c8aa40765f?s=96&d=blank&r=g\",\"caption\":\"Sofia Bazin\"},\"url\":\"https:\/\/rioonwatch.org.br\/?author=164\"}]}<\/script>\n<!-- \/ Yoast SEO plugin. -->","yoast_head_json":{"title":"Cooperativa Transvida e Lar dos Sonhos: Vidas Transformadas na Vila Cruzeiro [PERFIL] - RioOnWatch","robots":{"index":"index","follow":"follow","max-snippet":"max-snippet:-1","max-image-preview":"max-image-preview:large","max-video-preview":"max-video-preview:-1"},"canonical":"https:\/\/rioonwatch.org.br\/?p=43974","og_locale":"pt_BR","og_type":"article","og_title":"Cooperativa Transvida e Lar dos Sonhos: Vidas Transformadas na Vila Cruzeiro [PERFIL] - RioOnWatch","og_description":"Click Here for English Iniciativa: Cooperativa Transvida Contato: Facebook | Email Ano de Funda\u00e7\u00e3o: 2011 Comunidade: Vila Cruzeiro, Complexo da Penha Miss\u00e3o: Produ\u00e7\u00e3o de uma renda para catadores e suas fam\u00edlias. Promo\u00e7\u00e3o da consci\u00eancia ambiental, [...]","og_url":"https:\/\/rioonwatch.org.br\/?p=43974","og_site_name":"RioOnWatch","article_published_time":"2019-11-13T14:54:10+00:00","article_modified_time":"2022-05-10T14:39:14+00:00","og_image":[{"width":960,"height":571,"url":"https:\/\/rioonwatch.org.br\/wp-content\/uploads\/2019\/11\/Lar-dos-Sonhos-1-e1573580579661.jpg","type":"image\/jpeg"}],"author":"Sofia Bazin","twitter_card":"summary_large_image","twitter_misc":{"Escrito por":"Sofia Bazin","Est. tempo de leitura":"9 minutos"},"schema":{"@context":"https:\/\/schema.org","@graph":[{"@type":"Article","@id":"https:\/\/rioonwatch.org.br\/?p=43974#article","isPartOf":{"@id":"https:\/\/rioonwatch.org.br\/?p=43974"},"author":{"name":"Sofia Bazin","@id":"https:\/\/rioonwatch.org.br\/#\/schema\/person\/48d13976d14b08743b5ac52b506afaa3"},"headline":"Cooperativa Transvida e Lar dos Sonhos: Vidas Transformadas na Vila Cruzeiro [PERFIL]","datePublished":"2019-11-13T14:54:10+00:00","dateModified":"2022-05-10T14:39:14+00:00","mainEntityOfPage":{"@id":"https:\/\/rioonwatch.org.br\/?p=43974"},"wordCount":1440,"publisher":{"@id":"https:\/\/rioonwatch.org.br\/#organization"},"image":{"@id":"https:\/\/rioonwatch.org.br\/?p=43974#primaryimage"},"thumbnailUrl":"https:\/\/rioonwatch.org.br\/wp-content\/uploads\/2019\/11\/Lar-dos-Sonhos-1-e1573580579661.jpg","keywords":["arte","catadores","Complexo da Penha","direitos da crian\u00e7a","educa\u00e7\u00e3o","gest\u00e3o de res\u00edduos","lixo","meio ambiente","m\u00fasica","organiza\u00e7\u00e3o comunit\u00e1ria","Penha","Perfis Integrantes da Rede Favela Sustent\u00e1vel","reciclagem","Rocinha","solu\u00e7\u00e3o","solu\u00e7\u00e3o comunit\u00e1ria","sustentabilidade","Trabalho e renda","UFRJ","Vila Cruzeiro","Zona Norte"],"articleSection":["*Destaque","Entrevistas e Perfis","Escrito por Aliados","Qualidades da Favela","Solu\u00e7\u00f5es","Sustentabilidade"],"inLanguage":"pt-BR"},{"@type":"WebPage","@id":"https:\/\/rioonwatch.org.br\/?p=43974","url":"https:\/\/rioonwatch.org.br\/?p=43974","name":"Cooperativa Transvida e Lar dos Sonhos: Vidas Transformadas na Vila Cruzeiro [PERFIL] - RioOnWatch","isPartOf":{"@id":"https:\/\/rioonwatch.org.br\/#website"},"primaryImageOfPage":{"@id":"https:\/\/rioonwatch.org.br\/?p=43974#primaryimage"},"image":{"@id":"https:\/\/rioonwatch.org.br\/?p=43974#primaryimage"},"thumbnailUrl":"https:\/\/rioonwatch.org.br\/wp-content\/uploads\/2019\/11\/Lar-dos-Sonhos-1-e1573580579661.jpg","datePublished":"2019-11-13T14:54:10+00:00","dateModified":"2022-05-10T14:39:14+00:00","breadcrumb":{"@id":"https:\/\/rioonwatch.org.br\/?p=43974#breadcrumb"},"inLanguage":"pt-BR","potentialAction":[{"@type":"ReadAction","target":["https:\/\/rioonwatch.org.br\/?p=43974"]}]},{"@type":"ImageObject","inLanguage":"pt-BR","@id":"https:\/\/rioonwatch.org.br\/?p=43974#primaryimage","url":"https:\/\/rioonwatch.org.br\/wp-content\/uploads\/2019\/11\/Lar-dos-Sonhos-1-e1573580579661.jpg","contentUrl":"https:\/\/rioonwatch.org.br\/wp-content\/uploads\/2019\/11\/Lar-dos-Sonhos-1-e1573580579661.jpg","width":960,"height":571},{"@type":"BreadcrumbList","@id":"https:\/\/rioonwatch.org.br\/?p=43974#breadcrumb","itemListElement":[{"@type":"ListItem","position":1,"name":"In\u00edcio","item":"https:\/\/rioonwatch.org.br\/"},{"@type":"ListItem","position":2,"name":"Cooperativa Transvida e Lar dos Sonhos: Vidas Transformadas na Vila Cruzeiro [PERFIL]"}]},{"@type":"WebSite","@id":"https:\/\/rioonwatch.org.br\/#website","url":"https:\/\/rioonwatch.org.br\/","name":"RioOnWatch","description":"relatos das favelas cariocas","publisher":{"@id":"https:\/\/rioonwatch.org.br\/#organization"},"potentialAction":[{"@type":"SearchAction","target":{"@type":"EntryPoint","urlTemplate":"https:\/\/rioonwatch.org.br\/?s={search_term_string}"},"query-input":{"@type":"PropertyValueSpecification","valueRequired":true,"valueName":"search_term_string"}}],"inLanguage":"pt-BR"},{"@type":"Organization","@id":"https:\/\/rioonwatch.org.br\/#organization","name":"RioOnWatch","url":"https:\/\/rioonwatch.org.br\/","logo":{"@type":"ImageObject","inLanguage":"pt-BR","@id":"https:\/\/rioonwatch.org.br\/#\/schema\/logo\/image\/","url":"https:\/\/rioonwatch.org.br\/wp-content\/uploads\/2021\/06\/RioOnWatchcabecalhoPT11anos-2.png","contentUrl":"https:\/\/rioonwatch.org.br\/wp-content\/uploads\/2021\/06\/RioOnWatchcabecalhoPT11anos-2.png","width":779,"height":277,"caption":"RioOnWatch"},"image":{"@id":"https:\/\/rioonwatch.org.br\/#\/schema\/logo\/image\/"}},{"@type":"Person","@id":"https:\/\/rioonwatch.org.br\/#\/schema\/person\/48d13976d14b08743b5ac52b506afaa3","name":"Sofia Bazin","image":{"@type":"ImageObject","inLanguage":"pt-BR","@id":"https:\/\/rioonwatch.org.br\/#\/schema\/person\/image\/","url":"https:\/\/secure.gravatar.com\/avatar\/9391f5418353a656955767c8aa40765f?s=96&d=blank&r=g","contentUrl":"https:\/\/secure.gravatar.com\/avatar\/9391f5418353a656955767c8aa40765f?s=96&d=blank&r=g","caption":"Sofia Bazin"},"url":"https:\/\/rioonwatch.org.br\/?author=164"}]}},"_links":{"self":[{"href":"https:\/\/rioonwatch.org.br\/index.php?rest_route=\/wp\/v2\/posts\/43974"}],"collection":[{"href":"https:\/\/rioonwatch.org.br\/index.php?rest_route=\/wp\/v2\/posts"}],"about":[{"href":"https:\/\/rioonwatch.org.br\/index.php?rest_route=\/wp\/v2\/types\/post"}],"author":[{"embeddable":true,"href":"https:\/\/rioonwatch.org.br\/index.php?rest_route=\/wp\/v2\/users\/164"}],"replies":[{"embeddable":true,"href":"https:\/\/rioonwatch.org.br\/index.php?rest_route=%2Fwp%2Fv2%2Fcomments&post=43974"}],"version-history":[{"count":69,"href":"https:\/\/rioonwatch.org.br\/index.php?rest_route=\/wp\/v2\/posts\/43974\/revisions"}],"predecessor-version":[{"id":61532,"href":"https:\/\/rioonwatch.org.br\/index.php?rest_route=\/wp\/v2\/posts\/43974\/revisions\/61532"}],"wp:featuredmedia":[{"embeddable":true,"href":"https:\/\/rioonwatch.org.br\/index.php?rest_route=\/wp\/v2\/media\/44250"}],"wp:attachment":[{"href":"https:\/\/rioonwatch.org.br\/index.php?rest_route=%2Fwp%2Fv2%2Fmedia&parent=43974"}],"wp:term":[{"taxonomy":"category","embeddable":true,"href":"https:\/\/rioonwatch.org.br\/index.php?rest_route=%2Fwp%2Fv2%2Fcategories&post=43974"},{"taxonomy":"post_tag","embeddable":true,"href":"https:\/\/rioonwatch.org.br\/index.php?rest_route=%2Fwp%2Fv2%2Ftags&post=43974"},{"taxonomy":"writer","embeddable":true,"href":"https:\/\/rioonwatch.org.br\/index.php?rest_route=%2Fwp%2Fv2%2Fwriter&post=43974"},{"taxonomy":"translator","embeddable":true,"href":"https:\/\/rioonwatch.org.br\/index.php?rest_route=%2Fwp%2Fv2%2Ftranslator&post=43974"},{"taxonomy":"source","embeddable":true,"href":"https:\/\/rioonwatch.org.br\/index.php?rest_route=%2Fwp%2Fv2%2Fsource&post=43974"},{"taxonomy":"ilustrador","embeddable":true,"href":"https:\/\/rioonwatch.org.br\/index.php?rest_route=%2Fwp%2Fv2%2Filustrador&post=43974"},{"taxonomy":"fotografo","embeddable":true,"href":"https:\/\/rioonwatch.org.br\/index.php?rest_route=%2Fwp%2Fv2%2Ffotografo&post=43974"}],"curies":[{"name":"wp","href":"https:\/\/api.w.org\/{rel}","templated":true}]}}