{"id":44093,"date":"2019-11-04T09:36:42","date_gmt":"2019-11-04T12:36:42","guid":{"rendered":"https:\/\/rioonwatch.org.br\/?p=44093"},"modified":"2020-11-03T10:03:34","modified_gmt":"2020-11-03T13:03:34","slug":"muda-mare-parceria-universitaria-para-educacao-ambiental-e-agricultura-urbana-na-mare-perfil","status":"publish","type":"post","link":"https:\/\/rioonwatch.org.br\/?p=44093","title":{"rendered":"Muda Mar\u00e9: Parceria Universit\u00e1ria para Educa\u00e7\u00e3o Ambiental e Agricultura Urbana na Mar\u00e9 #RedeFavelaSustent\u00e1vel [PERFIL]"},"content":{"rendered":"<p style=\"text-align: right;\"><em><strong><a href=\"http:\/\/bit.ly\/2MH7urp\" target=\"_blank\" rel=\"noopener noreferrer\">Click Here for English<\/a><a href=\"http:\/\/bit.ly\/2MH7urp\" target=\"_blank\" rel=\"noopener noreferrer\"><img decoding=\"async\" width=\"20\" height=\"20\" class=\"alignright wp-image-15790\" src=\"http:\/\/rioonwatch.org.br\/wp-content\/uploads\/2012\/08\/EN-standard-e1439583104716.jpg\" \/><\/a><\/strong><\/em><\/p>\n<blockquote><p><span style=\"text-decoration: underline;\"><strong>Iniciativa<\/strong><\/span>: <span style=\"font-weight: 400;\">Muda Mar\u00e9<\/span><br \/>\n<span style=\"text-decoration: underline;\"><b>Contato<\/b><\/span>: <a href=\"http:\/\/bit.ly\/2kJBZl4\" target=\"_blank\" rel=\"noopener noreferrer\">Blog<\/a>\u00a0|\u00a0<a href=\"http:\/\/bit.ly\/2Jsrf2Q\" target=\"_blank\" rel=\"noopener noreferrer\">Facebook<\/a>\u00a0|\u00a0<a href=\"mailto:%20mudamare@redefavelasustentavel.org\" target=\"_blank\" rel=\"noopener noreferrer\">Email<\/a><a href=\"http:\/\/bit.ly\/29Rg1Xk\"><br \/>\n<\/a><span style=\"text-decoration: underline;\"><b>Ano de Funda\u00e7\u00e3o<\/b><\/span>: 2011<br \/>\n<span style=\"text-decoration: underline;\"><b>Comunidade<\/b><\/span>: <span style=\"font-weight: 400;\">Complexo da Mar\u00e9<\/span><br \/>\n<span style=\"text-decoration: underline;\"><b>Miss\u00e3o<\/b><\/span>: &#8220;Promover, atrave\u0301s dos conhecimentos acumulados nas a\u0301reas de educac\u0327a\u0303o ambiental e agroecologia, uma interac\u0327a\u0303o transformadora com o complexo de favelas da Mare\u0301 visando articular diferentes segmentos da sociedade atrav\u00e9s da interdisciplinaridade de suas a\u00e7\u00f5es, promover a troca de saberes, a elaborac\u0327a\u0303o de ac\u0327o\u0303es conjuntas e contribuir para o seu desenvolvimento sustenta\u0301vel.&#8221;<br \/>\n<span style=\"text-decoration: underline;\"><b>Eventos P\u00fablicos<\/b><\/span>: <span style=\"font-weight: 400;\">Aulas p\u00fablicas, oficinas, exibi\u00e7\u00e3o de filmes e projetos de trabalho colaborativos<\/span><br \/>\n<span style=\"text-decoration: underline;\"><b>Como Contribuir<\/b><\/span>: <span style=\"font-weight: 400;\">Participar de uma oficina ou se voluntariar para ajudar em um projeto colaborativo<\/span><\/p><\/blockquote>\n<p><span style=\"font-weight: 400;\">Para Ruth Os\u00f3rio de Lima, <\/span><span style=\"font-weight: 400;\">o<\/span> <a href=\"http:\/\/bit.ly\/2Mz3PxF\" target=\"_blank\" rel=\"noopener noreferrer\"><span style=\"font-weight: 400;\">Complexo da Mar\u00e9<\/span><\/a><span style=\"font-weight: 400;\"> sempre foi seu lar. Nascida e criada no complexo de dezesseis favelas, na <\/span><a href=\"http:\/\/bit.ly\/2ETpYR1\" target=\"_blank\" rel=\"noopener noreferrer\"><span style=\"font-weight: 400;\">Zona Norte<\/span><\/a><span style=\"font-weight: 400;\"> do Rio de Janeiro, Ruth chama a Mar\u00e9 de uma &#8220;cidade completa&#8221;, onde moradores podem achar tudo que precisam, de escolas a supermercados.<\/span><\/p>\n<p><span style=\"font-weight: 400;\">Enquanto as primeiras mem\u00f3rias de Ruth envolvem passar tempo com sua fam\u00edlia e <\/span><a href=\"http:\/\/bit.ly\/30Z5eQK\" target=\"_blank\" rel=\"noopener noreferrer\"><span style=\"font-weight: 400;\">brincar nas ruas de Mar\u00e9<\/span><\/a><span style=\"font-weight: 400;\">, ela tamb\u00e9m se lembra de per\u00edodos sombrios de tiros e viol\u00eancia, e diz que moradores podem se tornar acostumados com essa realidade. Do mesmo modo, Ruth diz que problemas de saneamento na Mar\u00e9 tamb\u00e9m s\u00e3o aceitos como normais. Lixo nas ruas, esgoto a c\u00e9u aberto e transbordante<em>\u2014<\/em>devido a uma falta de drenagem apropriada<em>\u2014<\/em>e a proximidade entre as casas e locais de descarte do lixo s\u00e3o alguns dos aspectos aceitos como parte do <\/span><i><span style=\"font-weight: 400;\">status quo<\/span><\/i><span style=\"font-weight: 400;\"> que aflige todos os moradores da comunidade.<\/span><\/p>\n<p><span style=\"font-weight: 400;\">Ruth tamb\u00e9m nota que pela proximidade da Mar\u00e9 com o Centro, a \u00e1rea tem car\u00eancia de \u00e1reas verdes. &#8220;\u00c9 um tipo de selva de pedras. S\u00f3 tem constru\u00e7\u00e3o.&#8221;<\/span><span style=\"font-weight: 400;\">\u00a0Ao crescer, ela diz: &#8220;N\u00e3o tinha \u00e1rvores. N\u00e3o tinha muito espa\u00e7o de lazer&#8221;. Ao passo em que as favelas costumam servir como <\/span><a href=\"http:\/\/bit.ly\/31k18U3\" target=\"_blank\" rel=\"noopener noreferrer\"><span style=\"font-weight: 400;\">solu\u00e7\u00e3o que atende a necessidade de moradia<\/span><\/a><span style=\"font-weight: 400;\">, Ruth sente que os moradores foram for\u00e7ados a abrir m\u00e3o de espa\u00e7os naturais e verdes a fim de encontrarem casas. &#8220;\u00c9 como se as pessoas nem tivessem direito a uma \u00e1rvore, sabe? As pessoas querem ter uma \u00e1rvore. Se voc\u00ea perguntar a qualquer pessoa que mora na Mar\u00e9, ela vai falar que quer um espa\u00e7o verde, um espa\u00e7o mais bonito&#8221;.<\/span><\/p>\n<p><span style=\"font-weight: 400;\">Diante desses desafios, moradores da Mar\u00e9 frequentemente apoiam uns aos outros, trabalhando para melhorar a comunidade. Esse esp\u00edrito de solidariedade inspirou a cria\u00e7\u00e3o do <\/span><a href=\"http:\/\/bit.ly\/2Jsrf2Q\" target=\"_blank\" rel=\"noopener noreferrer\"><span style=\"font-weight: 400;\">Muda Mar\u00e9<\/span><\/a><span style=\"font-weight: 400;\">, <\/span><a href=\"http:\/\/bit.ly\/2kItcjm\" target=\"_blank\" rel=\"noopener noreferrer\"><span style=\"font-weight: 400;\">um projeto<\/span><\/a> <span style=\"font-weight: 400;\">sediado na <\/span><a href=\"http:\/\/bit.ly\/2XQ3Rma\" target=\"_blank\" rel=\"noopener noreferrer\"><span style=\"font-weight: 400;\">UFRJ<\/span><\/a><span style=\"font-weight: 400;\"> que foca na educa\u00e7\u00e3o ambiental e agricultura urbana nas favelas da Mar\u00e9.<\/span><\/p>\n<p><a href=\"https:\/\/rioonwatch.org.br\/wp-content\/uploads\/2019\/10\/MudaMare1.jpg\"><img fetchpriority=\"high\" decoding=\"async\" class=\"aligncenter wp-image-44098 size-content\" title=\"Oficina de planta\u00e7\u00e3o e de uso de materiais reciclados. Foto: P\u00e1gina do Facebook do Muda Mar\u00e9\" src=\"https:\/\/rioonwatch.org.br\/wp-content\/uploads\/2019\/10\/MudaMare1-620x264.jpg\" alt=\"\" width=\"620\" height=\"264\" srcset=\"https:\/\/rioonwatch.org.br\/wp-content\/uploads\/2019\/10\/MudaMare1-620x264.jpg 620w, https:\/\/rioonwatch.org.br\/wp-content\/uploads\/2019\/10\/MudaMare1-940x400.jpg 940w\" sizes=\"(max-width: 620px) 100vw, 620px\" \/><\/a><\/p>\n<p><span style=\"font-weight: 400;\">Em 2010, a ONG comunit\u00e1ria <\/span><a href=\"http:\/\/bit.ly\/2ZuAJEX\" target=\"_blank\" rel=\"noopener noreferrer\"><span style=\"font-weight: 400;\">Redes da Mar\u00e9<\/span><\/a><span style=\"font-weight: 400;\"> (Redes de Desenvolvimento da Mar\u00e9) formou a iniciativa <\/span><a href=\"http:\/\/bit.ly\/2ma7eWU\"><span style=\"font-weight: 400;\">Mar\u00e9 Que Queremos<\/span><\/a><span style=\"font-weight: 400;\">, que resultou na cria\u00e7\u00e3o do F\u00f3rum das Associa\u00e7\u00f5es de Moradores (FAM), que se re\u00fane mensalmente, unindo os presidentes das 16 associa\u00e7\u00f5es da Mar\u00e9 para planejar projetos com o objetivo de melhorar a qualidade de vida local. Em 2011, procurando ajudar a FAM em abordar problemas com rela\u00e7\u00e3o ao meio ambiente e sa\u00fade, tr\u00eas estudantes da UFRJ decidiram dar in\u00edcio ao Muda Mar\u00e9 como um projeto de extens\u00e3o universit\u00e1rio. Para sua primeira atividade, <\/span><a href=\"http:\/\/bit.ly\/2lMD1gC\"><span style=\"font-weight: 400;\">Rua da Muda<\/span><\/a><span style=\"font-weight: 400;\">, o Muda Mar\u00e9 colaborou com membros da comunidade para plantar mudas ao longo da Rua Sargento Silva Nunes na comunidade <\/span><a href=\"http:\/\/bit.ly\/2LMcg6I\" target=\"_blank\" rel=\"noopener noreferrer\"><span style=\"font-weight: 400;\">Nova Holanda<\/span><\/a><span style=\"font-weight: 400;\">. Foi neste momento que a adolescente Ruth teve seu primeiro envolvimento com o Muda Mar\u00e9, se juntando \u00e0 organiza\u00e7\u00e3o formalmente em 2015. Agora, ela mesma \u00e9 estudante de engenharia da UFRJ. Ruth \u00e9 a integrante mais veterana do Muda Mar\u00e9, administrando projetos e integrando novos membros no quadro da organiza\u00e7\u00e3o.<\/span><\/p>\n<p><span style=\"font-weight: 400;\">O Muda Mar\u00e9 foi lan\u00e7ado com a meta de fortalecer o esp\u00edrito de troca entre a universidade\u2014localizada logo no outro lado do mangue na Ilha do Fund\u00e3o\u2014e a Mar\u00e9. Os sete estudantes membros da iniciativa, incluindo Ruth, assim como seu orientador, um professor da UFRJ, todos se empenham em construir uma parceria entre a UFRJ e a Mar\u00e9. &#8220;O que est\u00e1 sendo produzido dentro da universidade tem que ser trocado com quem est\u00e1 fora daquele espa\u00e7o&#8221;, diz Ruth. &#8220;\u00c9 para todo mundo ter acesso ao que est\u00e1 sendo produzido l\u00e1 dentro [da universidade]. Ent\u00e3o, [o projeto de] extens\u00e3o surgiu nessa iniciativa de troca&#8221;.<\/span><\/p>\n<p><a href=\"https:\/\/rioonwatch.org.br\/wp-content\/uploads\/2019\/10\/Muda-Mare\u0301-aula-educa\u00e7ao-ambiental.jpg\"><img decoding=\"async\" class=\"aligncenter wp-image-44097 size-content\" title=\"Aula de educa\u00e7\u00e3o ambiental sobre o ciclo da \u00e1gua com alunos de um pr\u00e9-vestibular social. em outubro de 2018. Foto: P\u00e1gina do Facebook do Muda Mar\u00e9\" src=\"https:\/\/rioonwatch.org.br\/wp-content\/uploads\/2019\/10\/Muda-Mare\u0301-aula-educa\u00e7ao-ambiental-620x264.jpg\" alt=\"\" width=\"620\" height=\"264\" srcset=\"https:\/\/rioonwatch.org.br\/wp-content\/uploads\/2019\/10\/Muda-Mare\u0301-aula-educa\u00e7ao-ambiental-620x264.jpg 620w, https:\/\/rioonwatch.org.br\/wp-content\/uploads\/2019\/10\/Muda-Mare\u0301-aula-educa\u00e7ao-ambiental-940x400.jpg 940w\" sizes=\"(max-width: 620px) 100vw, 620px\" \/><\/a><\/p>\n<p><span style=\"font-weight: 400;\">O Muda Mar\u00e9 frequentemente trabalha em colabora\u00e7\u00e3o com a Redes da Mar\u00e9, especialmente no campo da educa\u00e7\u00e3o. Essa colabora\u00e7\u00e3o inclui ensinar educa\u00e7\u00e3o ambiental para crian\u00e7as e jovens inscritos no pr\u00e9-vestibular da Redes da Mar\u00e9, assim como estudos de campo projetados para tirar os estudantes da sala. Esses cursos, que cobrem tudo, desde biomas e gest\u00e3o de res\u00edduos at\u00e9 \u00e1gua e energia, s\u00e3o feitos para ajudar entender melhor as aulas em sala e tamb\u00e9m a rela\u00e7\u00e3o entre seres humanos e o meio ambiente.<\/span><\/p>\n<p><span style=\"font-weight: 400;\">O Muda Mar\u00e9 luta para abordar esses assuntos pela perspectiva de seus moradores, prestando aten\u00e7\u00e3o em problemas espec\u00edficos que a comunidade enfrenta, e em como moradores est\u00e3o implementando solu\u00e7\u00f5es. Ambos, na classe e em campo, os membros do Muda Mar\u00e9 enfatizam que o meio ambiente n\u00e3o \u00e9 simplesmente um objeto a ser examinado. Ruth acredita que ela e seus colegas desempenham mais o papel de facilitadores, porque os alunos de suas turmas j\u00e1 possuem amplo conhecimento de temas ambientais.<\/span><\/p>\n<p><span style=\"font-weight: 400;\">Al\u00e9m de liderar cursos de educa\u00e7\u00e3o ambiental e aulas de campo, o Muda Mar\u00e9 tamb\u00e9m colabora com a Redes da Mar\u00e9 na iniciativa <\/span><a href=\"http:\/\/bit.ly\/2maySmB\"><span style=\"font-weight: 400;\">Mar\u00e9 de Sabores<\/span><\/a><span style=\"font-weight: 400;\">, um curso de gastronomia e g\u00eanero, de um semestre de dura\u00e7\u00e3o, realizado para permitir que mulheres locais se tornem chefs de cozinha certificadas e alcancem autonomia financeira. Desde 2013, estudantes do Muda Mar\u00e9 ministraram oficinas para o Mar\u00e9 de Sabores sobre seguran\u00e7a alimentar, soberania nutricional, pesticidas e Plantas Aliment\u00edcias N\u00e3o Convencionais (PANCs). As oficinas tamb\u00e9m incluem uma se\u00e7\u00e3o te\u00f3rica focada em problemas com o meio ambiente e com a nutri\u00e7\u00e3o do corpo humano, assim como &#8220;a desmistifica\u00e7\u00e3o dos h\u00e1bitos alimentares&#8221; tais como o vegetarianismo, veganismo e a antropoentomofagia (consumo de insetos). Os membros do Muda Mar\u00e9 tamb\u00e9m guiam mulheres da Mar\u00e9 de Sabores em tours pelo campus da UFRJ, visitando projetos da universidade e espa\u00e7os dedicados \u00e0 agroecologia.<\/span><\/p>\n<p><a href=\"https:\/\/rioonwatch.org.br\/wp-content\/uploads\/2019\/10\/Muda-Mar\u00e9-Projeto-Escola-Jorges-Jo\u00e3o-Borges.jpg\"><img loading=\"lazy\" decoding=\"async\" class=\"aligncenter wp-image-44096 size-content\" title=\"Mutir\u00e3o com os alunos do Col\u00e9gio Estadual Jo\u00e3o Borges, em 8 de outubro de 2018. Foto: Facebook do Muda Mar\u00e9\" src=\"https:\/\/rioonwatch.org.br\/wp-content\/uploads\/2019\/10\/Muda-Mar\u00e9-Projeto-Escola-Jorges-Jo\u00e3o-Borges-620x264.jpg\" alt=\"\" width=\"620\" height=\"264\" srcset=\"https:\/\/rioonwatch.org.br\/wp-content\/uploads\/2019\/10\/Muda-Mar\u00e9-Projeto-Escola-Jorges-Jo\u00e3o-Borges-620x264.jpg 620w, https:\/\/rioonwatch.org.br\/wp-content\/uploads\/2019\/10\/Muda-Mar\u00e9-Projeto-Escola-Jorges-Jo\u00e3o-Borges-940x400.jpg 940w\" sizes=\"(max-width: 620px) 100vw, 620px\" \/><\/a><\/p>\n<p><span style=\"font-weight: 400;\">Fora da Redes da Mar\u00e9, o Muda Mar\u00e9 come\u00e7ou a dar aulas de educa\u00e7\u00e3o ambiental no Col\u00e9gio Estadual Jo\u00e3o Borges. Localizado em um pr\u00e9dio previamente abandonado, a escola foi criada por professores e estudantes que ocuparam a estrutura com a vis\u00e3o de promover um ambiente dedicado \u00e0 educa\u00e7\u00e3o participativa e conhecimento coletivo. Na Redes, membros do Muda Mar\u00e9 d\u00e3o aulas e lideram projetos no Col\u00e9gio Estado Jo\u00e3o Borges, focando em educa\u00e7\u00e3o ambiental e desafios ambientais.<\/span><\/p>\n<p><span style=\"font-weight: 400;\">Fora da Mar\u00e9, Ruth e outros membros do Muda Mar\u00e9 est\u00e3o sempre envolvidos com atividades na UFRJ. Na universidade, o Muda Mar\u00e9 \u00e9 um membro da <\/span><a href=\"http:\/\/bit.ly\/2kIqtXj\" target=\"_blank\" rel=\"noopener noreferrer\"><span style=\"font-weight: 400;\">Rede de Agroecologia<\/span><\/a> <span style=\"font-weight: 400;\">junto com 17 outros projetos de extens\u00e3o. Como um membro da rede, o Muda Mar\u00e9 ajudou a organizar o Encontro Regional de Grupos de Agroecologia do Sudeste (<\/span><a href=\"http:\/\/bit.ly\/35EN9u8\"><span style=\"font-weight: 400;\">ERGA-SE<\/span><\/a><span style=\"font-weight: 400;\">), no ano passado no Rio de Janeiro. Al\u00e9m do mais, cada ano Ruth e seus colegas s\u00e3o anfitri\u00f5es de recep\u00e7\u00f5es de boas vindas aos novos estudantes de agroecologia.<\/span><\/p>\n<p><span style=\"font-weight: 400;\">Refletindo sobre todas as mudan\u00e7as do Muda Mar\u00e9, Ruth afirma que a iniciativa empenha-se em manter uma vis\u00e3o completa e abordagem cr\u00edtica acerca de problemas ambientais na Mar\u00e9. Subjacente \u00e0s atividades da iniciativa h\u00e1 uma vis\u00e3o de sustentabilidade em viver em harmonia com o lugar em que voc\u00ea mora. &#8220;Voc\u00ea se identifica com seu territ\u00f3rio, se reconhece enquanto parte daquele espa\u00e7o e a\u00ed automaticamente vem o respeito [por seu territ\u00f3rio], e a\u00ed vem a conviv\u00eancia harm\u00f4nica&#8221;,<\/span><span style=\"font-weight: 400;\">\u00a0comenta Ruth.<\/span><\/p>\n<p><a href=\"https:\/\/rioonwatch.org.br\/wp-content\/uploads\/2019\/10\/MudaMaremapa.png\"><img loading=\"lazy\" decoding=\"async\" class=\"aligncenter wp-image-44095 size-content\" title=\"Localiza\u00e7\u00e3o do projeto no mapa do Rio de Janeiro. Imagem: Google maps\" src=\"https:\/\/rioonwatch.org.br\/wp-content\/uploads\/2019\/10\/MudaMaremapa-620x264.png\" alt=\"\" width=\"620\" height=\"264\" srcset=\"https:\/\/rioonwatch.org.br\/wp-content\/uploads\/2019\/10\/MudaMaremapa-620x264.png 620w, https:\/\/rioonwatch.org.br\/wp-content\/uploads\/2019\/10\/MudaMaremapa-940x400.png 940w\" sizes=\"(max-width: 620px) 100vw, 620px\" \/><\/a><\/p>\n<p><span data-ccp-props=\"{&quot;201341983&quot;:0,&quot;335559739&quot;:160,&quot;335559740&quot;:259}\">*Muda Mar\u00e9 \u00e9 um dos mais de <a href=\"http:\/\/www.bit.ly\/RFSMapa\">100 projetos comunit\u00e1rios mapeados<\/a>\u00a0pela\u00a0<a href=\"http:\/\/bit.ly\/1aI.gif\">Comunidades Catalisadoras<\/a>\u00a0(ComCat)\u2014a organiza\u00e7\u00e3o que publica o\u00a0<i>RioOnWatch\u2014<\/i>como parte do nosso programa paralelo &#8216;<a href=\"http:\/\/bit.ly\/RFSRelatorio\">Rede Favela Sustent\u00e1vel<\/a>&#8216; lan\u00e7ado em 2017 para reconhecer, apoiar, fortalecer e expandir as <a href=\"http:\/\/www.bit.ly\/FavelaModelo\">qualidades sustent\u00e1veis e movimentos comunit\u00e1rios inerentes<\/a>\u00a0\u00e0s favelas do Rio de Janeiro. Siga a\u00a0<a href=\"http:\/\/bit.ly\/FBRFS\">Rede Favela Sustent\u00e1vel no Facebook<\/a>. Leia outros\u00a0<a href=\"http:\/\/bit.ly\/FavelasSustentaveis\">perfis dos projetos da Rede Favela Sustent\u00e1vel aqui<\/a>.<\/span><\/p>\n<!-- AddThis Advanced Settings generic via filter on the_content --><!-- AddThis Share Buttons generic via filter on the_content -->","protected":false},"excerpt":{"rendered":"<div class=\"mh-excerpt\"><p>Click Here for English Iniciativa: Muda Mar\u00e9 Contato: Blog\u00a0|\u00a0Facebook\u00a0|\u00a0Email Ano de Funda\u00e7\u00e3o: 2011 Comunidade: Complexo da Mar\u00e9 Miss\u00e3o: &#8220;Promover, atrave\u0301s dos conhecimentos acumulados nas a\u0301reas de educac\u0327a\u0303o ambiental e agroecologia, uma interac\u0327a\u0303o transformadora com o <a class=\"mh-excerpt-more\" href=\"https:\/\/rioonwatch.org.br\/?p=44093\" title=\"Muda Mar\u00e9: Parceria Universit\u00e1ria para Educa\u00e7\u00e3o Ambiental e Agricultura Urbana na Mar\u00e9 #RedeFavelaSustent\u00e1vel [PERFIL]\">[&#8230;]<\/a><!-- AddThis Advanced Settings generic via filter on get_the_excerpt --><!-- AddThis Share Buttons generic via filter on get_the_excerpt --><\/p>\n<\/div>","protected":false},"author":152,"featured_media":44094,"comment_status":"closed","ping_status":"closed","sticky":false,"template":"","format":"standard","meta":{"_acf_changed":false,"_monsterinsights_skip_tracking":false,"_monsterinsights_sitenote_active":false,"_monsterinsights_sitenote_note":"","_monsterinsights_sitenote_category":0,"footnotes":""},"categories":[1621,1629,1626,1616,342,1639],"tags":[301,332,1917,363,1147,1097,350,2074,1107,2539,1347,404,2193,218],"writer":[2712],"translator":[2713],"source":[],"ilustrador":[],"fotografo":[],"class_list":{"0":"post-44093","1":"post","2":"type-post","3":"status-publish","4":"format-standard","5":"has-post-thumbnail","7":"category-destaque","8":"category-entrevistas-e-perfis","9":"category-por-observadores-internacionais","10":"category-qualidades-da-favela","11":"category-solucoes","12":"category-sustentabilidade","13":"tag-agroecologia","14":"tag-complexo-da-mare","15":"tag-comunidade-x-academia","16":"tag-educacao-ambiental","17":"tag-espacos-verdes","18":"tag-horta-comunitaria","19":"tag-nova-holanda","20":"tag-rede-favela-sustentavel","21":"tag-redes-da-mare","22":"tag-sentimento-de-pertencimento","23":"tag-solucao","24":"tag-sustentabilidade","25":"tag-ufrj","26":"tag-zona-norte","27":"writer-colin-andrew","28":"translator-sofia-kawall"},"acf":[],"yoast_head":"<!-- This site is optimized with the Yoast SEO plugin v25.6 - https:\/\/yoast.com\/wordpress\/plugins\/seo\/ -->\n<title>Muda Mar\u00e9: Parceria Universit\u00e1ria para Educa\u00e7\u00e3o Ambiental e Agricultura Urbana na Mar\u00e9 #RedeFavelaSustent\u00e1vel [PERFIL] - RioOnWatch<\/title>\n<meta name=\"robots\" content=\"index, follow, max-snippet:-1, max-image-preview:large, max-video-preview:-1\" \/>\n<link rel=\"canonical\" href=\"https:\/\/rioonwatch.org.br\/?p=44093\" \/>\n<meta property=\"og:locale\" content=\"pt_BR\" \/>\n<meta property=\"og:type\" content=\"article\" \/>\n<meta property=\"og:title\" content=\"Muda Mar\u00e9: Parceria Universit\u00e1ria para Educa\u00e7\u00e3o Ambiental e Agricultura Urbana na Mar\u00e9 #RedeFavelaSustent\u00e1vel [PERFIL] - RioOnWatch\" \/>\n<meta property=\"og:description\" content=\"Click Here for English Iniciativa: Muda Mar\u00e9 Contato: Blog\u00a0|\u00a0Facebook\u00a0|\u00a0Email Ano de Funda\u00e7\u00e3o: 2011 Comunidade: Complexo da Mar\u00e9 Miss\u00e3o: &#8220;Promover, atrave\u0301s dos conhecimentos acumulados nas a\u0301reas de educac\u0327a\u0303o ambiental e agroecologia, uma interac\u0327a\u0303o transformadora com o [...]\" \/>\n<meta property=\"og:url\" content=\"https:\/\/rioonwatch.org.br\/?p=44093\" \/>\n<meta property=\"og:site_name\" content=\"RioOnWatch\" \/>\n<meta property=\"article:published_time\" content=\"2019-11-04T12:36:42+00:00\" \/>\n<meta property=\"article:modified_time\" content=\"2020-11-03T13:03:34+00:00\" \/>\n<meta property=\"og:image\" content=\"https:\/\/rioonwatch.org.br\/wp-content\/uploads\/2019\/10\/MudaMar\u00e9.jpg\" \/>\n\t<meta property=\"og:image:width\" content=\"1250\" \/>\n\t<meta property=\"og:image:height\" content=\"515\" \/>\n\t<meta property=\"og:image:type\" content=\"image\/jpeg\" \/>\n<meta name=\"author\" content=\"Luisa Fenizola\" \/>\n<meta name=\"twitter:card\" content=\"summary_large_image\" \/>\n<meta name=\"twitter:label1\" content=\"Escrito por\" \/>\n\t<meta name=\"twitter:data1\" content=\"Luisa Fenizola\" \/>\n\t<meta name=\"twitter:label2\" content=\"Est. tempo de leitura\" \/>\n\t<meta name=\"twitter:data2\" content=\"7 minutos\" \/>\n<script type=\"application\/ld+json\" class=\"yoast-schema-graph\">{\"@context\":\"https:\/\/schema.org\",\"@graph\":[{\"@type\":\"Article\",\"@id\":\"https:\/\/rioonwatch.org.br\/?p=44093#article\",\"isPartOf\":{\"@id\":\"https:\/\/rioonwatch.org.br\/?p=44093\"},\"author\":{\"name\":\"Luisa Fenizola\",\"@id\":\"https:\/\/rioonwatch.org.br\/#\/schema\/person\/f443c6b55bb6e80842280318076491c5\"},\"headline\":\"Muda Mar\u00e9: Parceria Universit\u00e1ria para Educa\u00e7\u00e3o Ambiental e Agricultura Urbana na Mar\u00e9 #RedeFavelaSustent\u00e1vel [PERFIL]\",\"datePublished\":\"2019-11-04T12:36:42+00:00\",\"dateModified\":\"2020-11-03T13:03:34+00:00\",\"mainEntityOfPage\":{\"@id\":\"https:\/\/rioonwatch.org.br\/?p=44093\"},\"wordCount\":1416,\"publisher\":{\"@id\":\"https:\/\/rioonwatch.org.br\/#organization\"},\"image\":{\"@id\":\"https:\/\/rioonwatch.org.br\/?p=44093#primaryimage\"},\"thumbnailUrl\":\"https:\/\/rioonwatch.org.br\/wp-content\/uploads\/2019\/10\/MudaMar\u00e9.jpg\",\"keywords\":[\"agroecologia\",\"Complexo da Mar\u00e9\",\"comunidade x academia\",\"educa\u00e7\u00e3o ambiental\",\"espa\u00e7os verdes\",\"horta comunit\u00e1ria\",\"Nova Holanda\",\"Perfis Integrantes da Rede Favela Sustent\u00e1vel\",\"Redes da Mar\u00e9\",\"sentimento de pertencimento\",\"solu\u00e7\u00e3o\",\"sustentabilidade\",\"UFRJ\",\"Zona Norte\"],\"articleSection\":[\"*Destaque\",\"Entrevistas e Perfis\",\"Escrito por Aliados\",\"Qualidades da Favela\",\"Solu\u00e7\u00f5es\",\"Sustentabilidade\"],\"inLanguage\":\"pt-BR\"},{\"@type\":\"WebPage\",\"@id\":\"https:\/\/rioonwatch.org.br\/?p=44093\",\"url\":\"https:\/\/rioonwatch.org.br\/?p=44093\",\"name\":\"Muda Mar\u00e9: Parceria Universit\u00e1ria para Educa\u00e7\u00e3o Ambiental e Agricultura Urbana na Mar\u00e9 #RedeFavelaSustent\u00e1vel [PERFIL] - RioOnWatch\",\"isPartOf\":{\"@id\":\"https:\/\/rioonwatch.org.br\/#website\"},\"primaryImageOfPage\":{\"@id\":\"https:\/\/rioonwatch.org.br\/?p=44093#primaryimage\"},\"image\":{\"@id\":\"https:\/\/rioonwatch.org.br\/?p=44093#primaryimage\"},\"thumbnailUrl\":\"https:\/\/rioonwatch.org.br\/wp-content\/uploads\/2019\/10\/MudaMar\u00e9.jpg\",\"datePublished\":\"2019-11-04T12:36:42+00:00\",\"dateModified\":\"2020-11-03T13:03:34+00:00\",\"breadcrumb\":{\"@id\":\"https:\/\/rioonwatch.org.br\/?p=44093#breadcrumb\"},\"inLanguage\":\"pt-BR\",\"potentialAction\":[{\"@type\":\"ReadAction\",\"target\":[\"https:\/\/rioonwatch.org.br\/?p=44093\"]}]},{\"@type\":\"ImageObject\",\"inLanguage\":\"pt-BR\",\"@id\":\"https:\/\/rioonwatch.org.br\/?p=44093#primaryimage\",\"url\":\"https:\/\/rioonwatch.org.br\/wp-content\/uploads\/2019\/10\/MudaMar\u00e9.jpg\",\"contentUrl\":\"https:\/\/rioonwatch.org.br\/wp-content\/uploads\/2019\/10\/MudaMar\u00e9.jpg\",\"width\":1250,\"height\":515},{\"@type\":\"BreadcrumbList\",\"@id\":\"https:\/\/rioonwatch.org.br\/?p=44093#breadcrumb\",\"itemListElement\":[{\"@type\":\"ListItem\",\"position\":1,\"name\":\"In\u00edcio\",\"item\":\"https:\/\/rioonwatch.org.br\/\"},{\"@type\":\"ListItem\",\"position\":2,\"name\":\"Muda Mar\u00e9: Parceria Universit\u00e1ria para Educa\u00e7\u00e3o Ambiental e Agricultura Urbana na Mar\u00e9 #RedeFavelaSustent\u00e1vel [PERFIL]\"}]},{\"@type\":\"WebSite\",\"@id\":\"https:\/\/rioonwatch.org.br\/#website\",\"url\":\"https:\/\/rioonwatch.org.br\/\",\"name\":\"RioOnWatch\",\"description\":\"relatos das favelas cariocas\",\"publisher\":{\"@id\":\"https:\/\/rioonwatch.org.br\/#organization\"},\"potentialAction\":[{\"@type\":\"SearchAction\",\"target\":{\"@type\":\"EntryPoint\",\"urlTemplate\":\"https:\/\/rioonwatch.org.br\/?s={search_term_string}\"},\"query-input\":{\"@type\":\"PropertyValueSpecification\",\"valueRequired\":true,\"valueName\":\"search_term_string\"}}],\"inLanguage\":\"pt-BR\"},{\"@type\":\"Organization\",\"@id\":\"https:\/\/rioonwatch.org.br\/#organization\",\"name\":\"RioOnWatch\",\"url\":\"https:\/\/rioonwatch.org.br\/\",\"logo\":{\"@type\":\"ImageObject\",\"inLanguage\":\"pt-BR\",\"@id\":\"https:\/\/rioonwatch.org.br\/#\/schema\/logo\/image\/\",\"url\":\"https:\/\/rioonwatch.org.br\/wp-content\/uploads\/2021\/06\/RioOnWatchcabecalhoPT11anos-2.png\",\"contentUrl\":\"https:\/\/rioonwatch.org.br\/wp-content\/uploads\/2021\/06\/RioOnWatchcabecalhoPT11anos-2.png\",\"width\":779,\"height\":277,\"caption\":\"RioOnWatch\"},\"image\":{\"@id\":\"https:\/\/rioonwatch.org.br\/#\/schema\/logo\/image\/\"}},{\"@type\":\"Person\",\"@id\":\"https:\/\/rioonwatch.org.br\/#\/schema\/person\/f443c6b55bb6e80842280318076491c5\",\"name\":\"Luisa Fenizola\",\"image\":{\"@type\":\"ImageObject\",\"inLanguage\":\"pt-BR\",\"@id\":\"https:\/\/rioonwatch.org.br\/#\/schema\/person\/image\/\",\"url\":\"https:\/\/secure.gravatar.com\/avatar\/a3d551110162b9f876cbbdaaecf75663?s=96&d=blank&r=g\",\"contentUrl\":\"https:\/\/secure.gravatar.com\/avatar\/a3d551110162b9f876cbbdaaecf75663?s=96&d=blank&r=g\",\"caption\":\"Luisa Fenizola\"},\"url\":\"https:\/\/rioonwatch.org.br\/?author=152\"}]}<\/script>\n<!-- \/ Yoast SEO plugin. -->","yoast_head_json":{"title":"Muda Mar\u00e9: Parceria Universit\u00e1ria para Educa\u00e7\u00e3o Ambiental e Agricultura Urbana na Mar\u00e9 #RedeFavelaSustent\u00e1vel [PERFIL] - RioOnWatch","robots":{"index":"index","follow":"follow","max-snippet":"max-snippet:-1","max-image-preview":"max-image-preview:large","max-video-preview":"max-video-preview:-1"},"canonical":"https:\/\/rioonwatch.org.br\/?p=44093","og_locale":"pt_BR","og_type":"article","og_title":"Muda Mar\u00e9: Parceria Universit\u00e1ria para Educa\u00e7\u00e3o Ambiental e Agricultura Urbana na Mar\u00e9 #RedeFavelaSustent\u00e1vel [PERFIL] - RioOnWatch","og_description":"Click Here for English Iniciativa: Muda Mar\u00e9 Contato: Blog\u00a0|\u00a0Facebook\u00a0|\u00a0Email Ano de Funda\u00e7\u00e3o: 2011 Comunidade: Complexo da Mar\u00e9 Miss\u00e3o: &#8220;Promover, atrave\u0301s dos conhecimentos acumulados nas a\u0301reas de educac\u0327a\u0303o ambiental e agroecologia, uma interac\u0327a\u0303o transformadora com o [...]","og_url":"https:\/\/rioonwatch.org.br\/?p=44093","og_site_name":"RioOnWatch","article_published_time":"2019-11-04T12:36:42+00:00","article_modified_time":"2020-11-03T13:03:34+00:00","og_image":[{"width":1250,"height":515,"url":"https:\/\/rioonwatch.org.br\/wp-content\/uploads\/2019\/10\/MudaMar\u00e9.jpg","type":"image\/jpeg"}],"author":"Luisa Fenizola","twitter_card":"summary_large_image","twitter_misc":{"Escrito por":"Luisa Fenizola","Est. tempo de leitura":"7 minutos"},"schema":{"@context":"https:\/\/schema.org","@graph":[{"@type":"Article","@id":"https:\/\/rioonwatch.org.br\/?p=44093#article","isPartOf":{"@id":"https:\/\/rioonwatch.org.br\/?p=44093"},"author":{"name":"Luisa Fenizola","@id":"https:\/\/rioonwatch.org.br\/#\/schema\/person\/f443c6b55bb6e80842280318076491c5"},"headline":"Muda Mar\u00e9: Parceria Universit\u00e1ria para Educa\u00e7\u00e3o Ambiental e Agricultura Urbana na Mar\u00e9 #RedeFavelaSustent\u00e1vel [PERFIL]","datePublished":"2019-11-04T12:36:42+00:00","dateModified":"2020-11-03T13:03:34+00:00","mainEntityOfPage":{"@id":"https:\/\/rioonwatch.org.br\/?p=44093"},"wordCount":1416,"publisher":{"@id":"https:\/\/rioonwatch.org.br\/#organization"},"image":{"@id":"https:\/\/rioonwatch.org.br\/?p=44093#primaryimage"},"thumbnailUrl":"https:\/\/rioonwatch.org.br\/wp-content\/uploads\/2019\/10\/MudaMar\u00e9.jpg","keywords":["agroecologia","Complexo da Mar\u00e9","comunidade x academia","educa\u00e7\u00e3o ambiental","espa\u00e7os verdes","horta comunit\u00e1ria","Nova Holanda","Perfis Integrantes da Rede Favela Sustent\u00e1vel","Redes da Mar\u00e9","sentimento de pertencimento","solu\u00e7\u00e3o","sustentabilidade","UFRJ","Zona Norte"],"articleSection":["*Destaque","Entrevistas e Perfis","Escrito por Aliados","Qualidades da Favela","Solu\u00e7\u00f5es","Sustentabilidade"],"inLanguage":"pt-BR"},{"@type":"WebPage","@id":"https:\/\/rioonwatch.org.br\/?p=44093","url":"https:\/\/rioonwatch.org.br\/?p=44093","name":"Muda Mar\u00e9: Parceria Universit\u00e1ria para Educa\u00e7\u00e3o Ambiental e Agricultura Urbana na Mar\u00e9 #RedeFavelaSustent\u00e1vel [PERFIL] - RioOnWatch","isPartOf":{"@id":"https:\/\/rioonwatch.org.br\/#website"},"primaryImageOfPage":{"@id":"https:\/\/rioonwatch.org.br\/?p=44093#primaryimage"},"image":{"@id":"https:\/\/rioonwatch.org.br\/?p=44093#primaryimage"},"thumbnailUrl":"https:\/\/rioonwatch.org.br\/wp-content\/uploads\/2019\/10\/MudaMar\u00e9.jpg","datePublished":"2019-11-04T12:36:42+00:00","dateModified":"2020-11-03T13:03:34+00:00","breadcrumb":{"@id":"https:\/\/rioonwatch.org.br\/?p=44093#breadcrumb"},"inLanguage":"pt-BR","potentialAction":[{"@type":"ReadAction","target":["https:\/\/rioonwatch.org.br\/?p=44093"]}]},{"@type":"ImageObject","inLanguage":"pt-BR","@id":"https:\/\/rioonwatch.org.br\/?p=44093#primaryimage","url":"https:\/\/rioonwatch.org.br\/wp-content\/uploads\/2019\/10\/MudaMar\u00e9.jpg","contentUrl":"https:\/\/rioonwatch.org.br\/wp-content\/uploads\/2019\/10\/MudaMar\u00e9.jpg","width":1250,"height":515},{"@type":"BreadcrumbList","@id":"https:\/\/rioonwatch.org.br\/?p=44093#breadcrumb","itemListElement":[{"@type":"ListItem","position":1,"name":"In\u00edcio","item":"https:\/\/rioonwatch.org.br\/"},{"@type":"ListItem","position":2,"name":"Muda Mar\u00e9: Parceria Universit\u00e1ria para Educa\u00e7\u00e3o Ambiental e Agricultura Urbana na Mar\u00e9 #RedeFavelaSustent\u00e1vel [PERFIL]"}]},{"@type":"WebSite","@id":"https:\/\/rioonwatch.org.br\/#website","url":"https:\/\/rioonwatch.org.br\/","name":"RioOnWatch","description":"relatos das favelas cariocas","publisher":{"@id":"https:\/\/rioonwatch.org.br\/#organization"},"potentialAction":[{"@type":"SearchAction","target":{"@type":"EntryPoint","urlTemplate":"https:\/\/rioonwatch.org.br\/?s={search_term_string}"},"query-input":{"@type":"PropertyValueSpecification","valueRequired":true,"valueName":"search_term_string"}}],"inLanguage":"pt-BR"},{"@type":"Organization","@id":"https:\/\/rioonwatch.org.br\/#organization","name":"RioOnWatch","url":"https:\/\/rioonwatch.org.br\/","logo":{"@type":"ImageObject","inLanguage":"pt-BR","@id":"https:\/\/rioonwatch.org.br\/#\/schema\/logo\/image\/","url":"https:\/\/rioonwatch.org.br\/wp-content\/uploads\/2021\/06\/RioOnWatchcabecalhoPT11anos-2.png","contentUrl":"https:\/\/rioonwatch.org.br\/wp-content\/uploads\/2021\/06\/RioOnWatchcabecalhoPT11anos-2.png","width":779,"height":277,"caption":"RioOnWatch"},"image":{"@id":"https:\/\/rioonwatch.org.br\/#\/schema\/logo\/image\/"}},{"@type":"Person","@id":"https:\/\/rioonwatch.org.br\/#\/schema\/person\/f443c6b55bb6e80842280318076491c5","name":"Luisa Fenizola","image":{"@type":"ImageObject","inLanguage":"pt-BR","@id":"https:\/\/rioonwatch.org.br\/#\/schema\/person\/image\/","url":"https:\/\/secure.gravatar.com\/avatar\/a3d551110162b9f876cbbdaaecf75663?s=96&d=blank&r=g","contentUrl":"https:\/\/secure.gravatar.com\/avatar\/a3d551110162b9f876cbbdaaecf75663?s=96&d=blank&r=g","caption":"Luisa Fenizola"},"url":"https:\/\/rioonwatch.org.br\/?author=152"}]}},"_links":{"self":[{"href":"https:\/\/rioonwatch.org.br\/index.php?rest_route=\/wp\/v2\/posts\/44093"}],"collection":[{"href":"https:\/\/rioonwatch.org.br\/index.php?rest_route=\/wp\/v2\/posts"}],"about":[{"href":"https:\/\/rioonwatch.org.br\/index.php?rest_route=\/wp\/v2\/types\/post"}],"author":[{"embeddable":true,"href":"https:\/\/rioonwatch.org.br\/index.php?rest_route=\/wp\/v2\/users\/152"}],"replies":[{"embeddable":true,"href":"https:\/\/rioonwatch.org.br\/index.php?rest_route=%2Fwp%2Fv2%2Fcomments&post=44093"}],"version-history":[{"count":24,"href":"https:\/\/rioonwatch.org.br\/index.php?rest_route=\/wp\/v2\/posts\/44093\/revisions"}],"predecessor-version":[{"id":44573,"href":"https:\/\/rioonwatch.org.br\/index.php?rest_route=\/wp\/v2\/posts\/44093\/revisions\/44573"}],"wp:featuredmedia":[{"embeddable":true,"href":"https:\/\/rioonwatch.org.br\/index.php?rest_route=\/wp\/v2\/media\/44094"}],"wp:attachment":[{"href":"https:\/\/rioonwatch.org.br\/index.php?rest_route=%2Fwp%2Fv2%2Fmedia&parent=44093"}],"wp:term":[{"taxonomy":"category","embeddable":true,"href":"https:\/\/rioonwatch.org.br\/index.php?rest_route=%2Fwp%2Fv2%2Fcategories&post=44093"},{"taxonomy":"post_tag","embeddable":true,"href":"https:\/\/rioonwatch.org.br\/index.php?rest_route=%2Fwp%2Fv2%2Ftags&post=44093"},{"taxonomy":"writer","embeddable":true,"href":"https:\/\/rioonwatch.org.br\/index.php?rest_route=%2Fwp%2Fv2%2Fwriter&post=44093"},{"taxonomy":"translator","embeddable":true,"href":"https:\/\/rioonwatch.org.br\/index.php?rest_route=%2Fwp%2Fv2%2Ftranslator&post=44093"},{"taxonomy":"source","embeddable":true,"href":"https:\/\/rioonwatch.org.br\/index.php?rest_route=%2Fwp%2Fv2%2Fsource&post=44093"},{"taxonomy":"ilustrador","embeddable":true,"href":"https:\/\/rioonwatch.org.br\/index.php?rest_route=%2Fwp%2Fv2%2Filustrador&post=44093"},{"taxonomy":"fotografo","embeddable":true,"href":"https:\/\/rioonwatch.org.br\/index.php?rest_route=%2Fwp%2Fv2%2Ffotografo&post=44093"}],"curies":[{"name":"wp","href":"https:\/\/api.w.org\/{rel}","templated":true}]}}