{"id":44125,"date":"2019-11-12T13:58:15","date_gmt":"2019-11-12T16:58:15","guid":{"rendered":"https:\/\/rioonwatch.org.br\/?p=44125"},"modified":"2023-05-09T09:55:21","modified_gmt":"2023-05-09T12:55:21","slug":"o-crescimento-do-movimento-global-do-ttc-parte-5-em-porto-rico-um-ttc-de-favela-ganha-reconhecimento-mundial","status":"publish","type":"post","link":"https:\/\/rioonwatch.org.br\/?p=44125","title":{"rendered":"O Crescimento do Movimento Global do TTC, Parte 5: O TTC das Favelas do Porto Rico"},"content":{"rendered":"<p style=\"text-align: right;\"><em><strong><a href=\"http:\/\/bit.ly\/30MOhbr\" target=\"_blank\" rel=\"noopener noreferrer\">Click Here for English<\/a><a href=\"http:\/\/bit.ly\/30MOhbr\" target=\"_blank\" rel=\"noopener noreferrer\"><img decoding=\"async\" width=\"20\" height=\"20\" class=\"alignright wp-image-15790\" src=\"http:\/\/rioonwatch.org.br\/wp-content\/uploads\/2012\/08\/EN-standard-e1439583104716.jpg\" \/><\/a><\/strong><\/em><\/p>\n<p><em>Em comemora\u00e7\u00e3o ao 50\u00ba anivers\u00e1rio do\u00a0<a href=\"http:\/\/bit.ly\/2Dcsv7m\" target=\"_blank\" rel=\"noopener noreferrer\">New Communities<\/a>, o primeiro\u00a0<a href=\"http:\/\/bit.ly\/1mig1hx\" target=\"_blank\" rel=\"noopener noreferrer\">Termo Territorial Coletivo<\/a>* do mundo, e \u00e0 medida que planejadores e moradores de TTCs se reuniram para comemorar de 2 a 5 de outubro na\u00a0<a href=\"http:\/\/bit.ly\/2mX3gSr\" target=\"_blank\" rel=\"noopener noreferrer\">Confer\u00eancia \u2018Recuperando Terrenos Baldios 2019\u2019<\/a>\u00a0em Atlanta, Ge\u00f3rgia, o RioOnWatch emitiu uma chamada por mat\u00e9rias destacando o crescimento atual do movimento TTC em todo o mundo. Colaboradores de v\u00e1rias partes do mundo\u00a0<a href=\"http:\/\/bit.ly\/TTCsPeloMundo\" target=\"_blank\" rel=\"noopener noreferrer\">escreveram hist\u00f3rias sobre a expans\u00e3o de TTCs<\/a>\u2014tanto em n\u00famero quanto em abordagem\u2014no <a href=\"http:\/\/bit.ly\/2BaiIxU\" target=\"_blank\" rel=\"noopener noreferrer\">Mississippi<\/a>,\u00a0<a href=\"http:\/\/bit.ly\/2VYsOeR\" target=\"_blank\" rel=\"noopener noreferrer\">Reino Unido<\/a>,\u00a0<a href=\"http:\/\/bit.ly\/2PmeZpm\" target=\"_blank\" rel=\"noopener noreferrer\">B\u00e9lgica<\/a>,\u00a0<a href=\"http:\/\/bit.ly\/2WHWNrK\" target=\"_blank\" rel=\"noopener noreferrer\">Fran\u00e7a<\/a>, <a href=\"http:\/\/bit.ly\/2Qfiyy2\" target=\"_blank\" rel=\"noopener noreferrer\">Porto Rico<\/a>, <a href=\"http:\/\/bit.ly\/32TmVBK\" target=\"_blank\" rel=\"noopener noreferrer\">Rio de Janeiro<\/a> e <a href=\"http:\/\/bit.ly\/379PDBG\" target=\"_blank\" rel=\"noopener noreferrer\">Fl\u00f3rida<\/a><\/em><em>. Esta s\u00e9rie vari<\/em><em>ad<\/em><em>a tem como objetivo disseminar not\u00edcias dos sucessos do modelo TTC \u00e0 medida que se adapta a novos tempos e circunst\u00e2ncias, chamando mais aten\u00e7\u00e3o para esta solu\u00e7\u00e3o inovadora para garantir o direito \u00e0 moradia e ao desenvolvimento comunit\u00e1rio, e seu potencial na resolu\u00e7\u00e3o da crise habitacional global.<\/em><\/p>\n<p><em>A mat\u00e9ria de hoje, escrita por Patricia Basile, doutora em Ambientes Constru\u00eddos pela Universidade de Virginia e pesquisadora independente em Albuquerque, Novo Mexico, e Priscilla Mayrink, professora de Arquitetura e Urbanismo na FAP-CE, Faculdade Para\u00edso do Cear\u00e1, descreve o reconhecimento internacional alcan\u00e7ado pelo TTC do Ca\u00f1o Mart\u00edn Pe\u00f1a, em Porto Rico.<\/em><\/p>\n<p><em>Para mais informa\u00e7\u00f5es sobre TTCs e seu potencial para as favelas do Rio de Janeiro, clique\u00a0<a href=\"http:\/\/bit.ly\/TTCnoROW\" target=\"_blank\" rel=\"noopener noreferrer\">aqui<\/a>\u00a0e para aprofundar sobre como ser\u00e1 realiz\u00e1vel no Brasil,\u00a0<a href=\"http:\/\/bit.ly\/ConhecendoTTC\" target=\"_blank\" rel=\"noopener noreferrer\">clique aqui<\/a>.<\/em><\/p>\n<hr \/>\n<p>No in\u00edcio dos anos 2000, as favelas que ficam em torno do Ca\u00f1o Mart\u00edn Pe\u00f1a, no centro de San Juan, capital de Porto Rico, <a href=\"http:\/\/bit.ly\/2CEtnVd\" target=\"_blank\" rel=\"noopener noreferrer\">foram entre as primeiras do mundo<\/a> a organizar e estabelecer um <a href=\"http:\/\/bit.ly\/2nYnEPR\" target=\"_blank\" rel=\"noopener noreferrer\">Termo Territorial Coletivo<\/a> (TTC) para combater a gentrifica\u00e7\u00e3o e o deslocamento de moradores. Desde a sua implementa\u00e7\u00e3o, o TTC Ca\u00f1o Mart\u00edn Pe\u00f1a vem recebendo aten\u00e7\u00e3o internacional significativa, e tem usado esse reconhecimento estrategicamente para contar sua hist\u00f3ria e <a href=\"http:\/\/bit.ly\/OficinasTTCPortoRico\" target=\"_blank\" rel=\"noopener noreferrer\">compartilhar o modelo TTC com outros assentamentos informais ao redor do mundo<\/a>.<\/p>\n<p><a href=\"https:\/\/rioonwatch.org.br\/wp-content\/uploads\/2019\/10\/TTCCano2.jpg\"><img fetchpriority=\"high\" decoding=\"async\" class=\"aligncenter wp-image-44129 size-content\" title=\"O canal que amea\u00e7a encher as comunidades ao redor com \u00e1gua contaminada.\" src=\"https:\/\/rioonwatch.org.br\/wp-content\/uploads\/2019\/10\/TTCCano2-620x264.jpg\" alt=\"\" width=\"620\" height=\"264\" \/><\/a><br \/>\nUma \u00e1rea com hist\u00f3rico de amea\u00e7as de remo\u00e7\u00e3o e reassentamento, as oito comunidades ao redor do Ca\u00f1o Mart\u00edn Pe\u00f1a abrigam hoje cerca de 25.000 moradores. Embora os moradores desfrutem de algumas medidas de infraestrutura\u2014acesso a \u00e1gua encanada, estradas pavimentadas e eletricidade\u2014muitas casas ainda sofrem com inunda\u00e7\u00f5es e servi\u00e7os inadequados de saneamento. A combina\u00e7\u00e3o desses fatores cria um grande risco para as fam\u00edlias, pois as inunda\u00e7\u00f5es do canal enchem a comunidade de \u00e1gua altamente contaminada.<\/p>\n<p>As comunidades ao redor do canal responderam positivamente quando o governo prop\u00f4s um projeto de dragagem do canal no in\u00edcio dos anos 2000. Os moradores temiam, no entanto, que fossem deslocados da \u00e1rea se a dragagem do canal ocorresse. Eles tinham tido experi\u00eancias anteriores de amea\u00e7as de remo\u00e7\u00e3o. E eles sabiam que suas comunidades, originalmente assentadas antes do desenvolvimento da \u00e1rea, passaram a estar localizadas em terras no centro de San Juan, pr\u00f3ximas ao distrito financeiro e, portanto, propensas \u00e0 gentrifica\u00e7\u00e3o. O processo de dragagem aumentaria o valor da terra, tornando a \u00e1rea altamente atraente para agentes imobili\u00e1rios.<\/p>\n<p><a href=\"https:\/\/rioonwatch.org.br\/wp-content\/uploads\/2019\/10\/TTCCano3.jpg\"><img decoding=\"async\" class=\"aligncenter wp-image-44130 size-content\" title=\"Treino de time de beisebol no Ca\u00f1o - enquanto treina beisebol, o treinador enfatiza pr\u00e1ticas que refor\u00e7am o senso de pertencimento.\" src=\"https:\/\/rioonwatch.org.br\/wp-content\/uploads\/2019\/10\/TTCCano3-620x264.jpg\" alt=\"\" width=\"620\" height=\"264\" srcset=\"https:\/\/rioonwatch.org.br\/wp-content\/uploads\/2019\/10\/TTCCano3-620x264.jpg 620w, https:\/\/rioonwatch.org.br\/wp-content\/uploads\/2019\/10\/TTCCano3-940x400.jpg 940w\" sizes=\"(max-width: 620px) 100vw, 620px\" \/><\/a><br \/>\nEm resposta \u00e0 resist\u00eancia dos moradores, a equipe t\u00e9cnica respons\u00e1vel pelas obras de dragagem realizou uma s\u00e9rie de reuni\u00f5es p\u00fablicas, nas quais essas preocupa\u00e7\u00f5es foram manifestadas, assim como as possibilidades de lidar com o risco por meio de pol\u00edticas p\u00fablicas. O objetivo era garantir que a dragagem pudesse ser realizada <a href=\"http:\/\/bit.ly\/2WttzQL\" target=\"_blank\" rel=\"noopener noreferrer\">sem amea\u00e7ar as fam\u00edlias de serem removidas<\/a>, fosse essa remo\u00e7\u00e3o pelo governo ou por imobili\u00e1rias que, posteriormente \u00e0 dragagem, iriam querer adquirir a terra. O que come\u00e7ou como um projeto de infraestrutura para o canal tornou-se um amplo plano de desenvolvimento local, levando \u00e0 <a href=\"http:\/\/bit.ly\/2sDUcQj\" target=\"_blank\" rel=\"noopener noreferrer\">cria\u00e7\u00e3o do TTC do Ca\u00f1o Mart\u00edn Pe\u00f1a<\/a>, ou Fideicomiso de la Tierra, juntamente com o projeto <a href=\"http:\/\/bit.ly\/2NFD75R\" target=\"_blank\" rel=\"noopener noreferrer\">ENLACE<\/a> e o Grupo de Oito Comunidades (G-8).<\/p>\n<p>De 2002 a 2004, o\u00a0<a href=\"http:\/\/bit.ly\/2sDUcQj\" target=\"_blank\" rel=\"noopener noreferrer\">TTC do Ca\u00f1o<\/a> foi estabelecido para regularizar a propriedade da terra e proteger os moradores de baixa renda do Ca\u00f1o contra a remo\u00e7\u00e3o e gentrifica\u00e7\u00e3o. O processo de organiza\u00e7\u00e3o da comunidade produziu uma nova lei que reconheceu o G-8 como uma organiza\u00e7\u00e3o que representa as oito comunidades, al\u00e9m de <a href=\"http:\/\/bit.ly\/32yhhEU\" target=\"_blank\" rel=\"noopener noreferrer\">criar o projeto ENLACE<\/a>\u2014uma empresa p\u00fablica de prazo limitado para implementar o Plano Especial do Distrito do Ca\u00f1o Mart\u00edn Pe\u00f1a elaborado pela comunidade, usando recursos p\u00fablicos e em parceria com os moradores\u2014e reconhecendo e transferindo oficialmente a propriedade da terra para o TTC do Ca\u00f1o Mart\u00edn Pe\u00f1a. A cria\u00e7\u00e3o do TTC alterou a posse das terras em que as comunidades est\u00e3o localizadas: as terras p\u00fablicas ficaram sob a propriedade do TTC do Ca\u00f1o, que \u00e9 gerenciado coletivamente pelos moradores, que ent\u00e3o agora administram suas terras. Assim, eles removeram as terras perpetuamente do mercado imobili\u00e1rio especulativo. O TTC do Ca\u00f1o inclui 2.000 fam\u00edlias de baixa renda (nem todas as fam\u00edlias das oito comunidades participam), que obtiveram acesso \u00e0 moradia atrav\u00e9s da regulariza\u00e7\u00e3o do direito de superf\u00edcie sobre suas terras coletivas, gra\u00e7as \u00e0 mobiliza\u00e7\u00e3o coletiva.<\/p>\n<h3>Reconhecimento Internacional<\/h3>\n<p>Mais de dez anos ap\u00f3s a funda\u00e7\u00e3o e ap\u00f3s o sucesso do seu modelo de TTC, o TTC do Ca\u00f1o recebeu o <a href=\"http:\/\/bit.ly\/2mdcPeY\" target=\"_blank\" rel=\"noopener noreferrer\">Pr\u00eamio Mundial do Habitat em 2015<\/a>. Organizado pela institui\u00e7\u00e3o filantr\u00f3pica internacional World Habitat em parceria com a <a href=\"http:\/\/bit.ly\/2zKOUXJ\" target=\"_blank\" rel=\"noopener noreferrer\">ONU-Habitat<\/a>, o pr\u00eamio destaca solu\u00e7\u00f5es habitacionais inovadoras e replic\u00e1veis em todo o mundo, e inclui um pr\u00eamio de \u00a310.000 (aproximadamente R$53.000) e a oportunidade de compartilhar experi\u00eancias dos vencedores com organiza\u00e7\u00f5es de sete outros pa\u00edses em um <a href=\"http:\/\/bit.ly\/2mAYIRf\" target=\"_blank\" rel=\"noopener noreferrer\">evento de interc\u00e2mbio entre pares<\/a>. Essa foi uma das primeiras oportunidades que o TTC do Ca\u00f1o teve para compartilhar seu modelo com outras iniciativas habitacionais ao redor do mundo.<\/p>\n<p><iframe src=\"https:\/\/www.youtube.com\/embed\/oo5k98yrryM\" width=\"620\" height=\"349\" frameborder=\"0\" allowfullscreen=\"allowfullscreen\"><span data-mce-type=\"bookmark\" style=\"display: inline-block; width: 0px; overflow: hidden; line-height: 0;\" class=\"mce_SELRES_start\">\ufeff<\/span><\/iframe><\/p>\n<p><a href=\"https:\/\/nbcnews.to\/2mB4D8P\" target=\"_blank\" rel=\"noopener noreferrer\">Ao falar com a <em>NBC News<\/em><\/a>, a relatora especial da ONU Leilani Fahra explicou por que o TTC do Ca\u00f1o ganhou o pr\u00eamio, dizendo: \u201cO projeto aborda v\u00e1rios elementos essenciais para o direito \u00e0 moradia, como garantir a seguran\u00e7a da posse para aqueles que vivem em assentamentos informais, participa\u00e7\u00e3o da comunidade e prote\u00e7\u00e3o da terra&#8230; Reconhece que a habita\u00e7\u00e3o \u00e9 um direito humano e n\u00e3o uma mercadoria. As mulheres s\u00e3o l\u00edderes comunit\u00e1rias, e o projeto garante o t\u00edtulo de propriedade&#8221;.<\/p>\n<p>Tamb\u00e9m na <em>NBC<\/em>, Lyvia N. Rodr\u00edguez Del Valle, diretora executiva do TTC na \u00e9poca, <a href=\"https:\/\/nbcnews.to\/2mB4D8P\" target=\"_blank\" rel=\"noopener noreferrer\">comentou<\/a> a import\u00e2ncia do pr\u00eamio para sua comunidade. &#8220;Ter esse reconhecimento significa muito para as humildes comunidades de San Juan&#8221;, disse Lyvia. &#8220;\u00c9 uma chance de chamar a aten\u00e7\u00e3o para o que est\u00e1 acontecendo aqui e, finalmente, continuar a incentivar o apoio que nossas comunidades precisam para alcan\u00e7ar a cura ambiental do canal e resolver o problema de sa\u00fade p\u00fablica que est\u00e1 afetando nosso povo&#8221;.<\/p>\n<p>O pr\u00eamio foi comemorado em 2016 na <a href=\"http:\/\/bit.ly\/2mbvyrG\" target=\"_blank\" rel=\"noopener noreferrer\">Confer\u00eancia Habitat III no Equador<\/a>, quando representantes do TTC do Ca\u00f1o Mart\u00edn Pe\u00f1a tiveram a oportunidade de apresentar o projeto, incluindo seus sucessos, desafios e impactos, al\u00e9m de responder perguntas do p\u00fablico. Foi l\u00e1 que os <a href=\"http:\/\/bit.ly\/2kztr0h\" target=\"_blank\" rel=\"noopener noreferrer\">funcion\u00e1rios da EPA<\/a> e outros, incluindo uma colaboradora da Comunidades Catalisadoras (ComCat)**, tiveram a oportunidade de conhecer o TTC do Ca\u00f1o em primeira m\u00e3o, resultando na primeira mat\u00e9ria sobre a hist\u00f3ria e o modo de opera\u00e7\u00e3o do TTC do Ca\u00f1o <a href=\"http:\/\/bit.ly\/2sDUcQj\" target=\"_blank\" rel=\"noopener noreferrer\">aqui no <em>RioOnWatch<\/em><\/a>. Esta mat\u00e9ria foi republicado posteriormente no <em><a href=\"http:\/\/bit.ly\/2rXUJOe\" target=\"_blank\" rel=\"noopener noreferrer\" data-saferedirecturl=\"https:\/\/www.google.com\/url?q=http:\/\/bit.ly\/2rXUJOe&amp;source=gmail&amp;ust=1570130775966000&amp;usg=AFQjCNHaAsmuJbEyW_ICvCAT0ecv-Kz4OQ\">Progressive City<\/a><\/em>. O sucesso do TTC do Ca\u00f1o tem sido relatado e elogiado amplamente por ag\u00eancias de not\u00edcias internacionais como <em><a href=\"http:\/\/bit.ly\/2kCtdFJ\" target=\"_blank\" rel=\"noopener noreferrer\" data-saferedirecturl=\"https:\/\/www.google.com\/url?q=http:\/\/bit.ly\/2kCtdFJ&amp;source=gmail&amp;ust=1570130775966000&amp;usg=AFQjCNGqC081nNpXhEJaj2sg8OJTcojKvQ\">Rolling Stone<\/a>,\u00a0<a href=\"http:\/\/bit.ly\/2sprzHW\" target=\"_blank\" rel=\"noopener noreferrer\" data-saferedirecturl=\"https:\/\/www.google.com\/url?q=http:\/\/bit.ly\/2sprzHW&amp;source=gmail&amp;ust=1570130775966000&amp;usg=AFQjCNEH2vOL9feB70zqSVnGkrrl0Zs8sA\">Next City<\/a>,\u00a0<a href=\"http:\/\/bit.ly\/2qbzmqo\" target=\"_blank\" rel=\"noopener noreferrer\">The Guardian<\/a><\/em> e muitas outras.<\/p>\n<p>Em 2017, o TTC do Ca\u00f1o foi um dos seis finalistas do <a href=\"http:\/\/bit.ly\/2mzsrtI\" target=\"_blank\" rel=\"noopener noreferrer\" data-saferedirecturl=\"https:\/\/www.google.com\/url?q=http:\/\/bit.ly\/2mzsrtI&amp;source=gmail&amp;ust=1570130775966000&amp;usg=AFQjCNHAG0T7yMzkOmz91n1_P9xyd8ZmzQ\">Buckminster Fuller Award<\/a>, que chama a aten\u00e7\u00e3o para iniciativas que abordam criativamente as quest\u00f5es mais urgentes do mundo. O Buckminster Fuller Institute considerou o TTC do Ca\u00f1o verdadeiramente revolucion\u00e1rio, pois inspirou outras comunidades no Brasil, Equador, Paraguai, Peru e \u00c1frica do Sul a seguir caminhos semelhantes. Nesse mesmo ano, o TTC do Ca\u00f1o se inscreveu com a ComCat no Instituto Lincoln de Pol\u00edtica da Terra para investigar o potencial do modelo do Ca\u00f1o no contexto do Rio de Janeiro. Com o apoio do Instituto, os parceiros passaram a investigar as estruturas legais dispon\u00edveis para e as limita\u00e7\u00f5es \u00e0 aplica\u00e7\u00e3o de TTCs no Brasil e organizaram uma <a href=\"http:\/\/bit.ly\/OficinasTTCPortoRico\" target=\"_blank\" rel=\"noopener noreferrer\">s\u00e9rie de interc\u00e2mbios<\/a> em 2018, que deu origem ao Grupo de Trabalho do TTC no Rio de Janeiro, hoje ativo com mais de 150 integrantes.<\/p>\n<h3>Esfor\u00e7os para Difundir o Modelo<\/h3>\n<p>Em 2018, o TTC do Ca\u00f1o foi uma das dez iniciativas selecionadas para receber apoio do <a href=\"http:\/\/bit.ly\/2kTc8rg\" target=\"_blank\" rel=\"noopener noreferrer\" data-saferedirecturl=\"https:\/\/www.google.com\/url?q=http:\/\/bit.ly\/2kTc8rg&amp;source=gmail&amp;ust=1570130775966000&amp;usg=AFQjCNHjyXdjfCFMBkIYh_8w_wg1DKjsZw\">Communities Thrive Challenge<\/a> (Desafio para Comunidades Prosperar). Patrocinado pela Rockefeller Foundation e pela Chan Zuckerberg Initiative, a doa\u00e7\u00e3o inclui US$1 milh\u00e3o (aproximadamente R$4 milh\u00f5es) e assist\u00eancia t\u00e9cnica para dimensionar e <a href=\"http:\/\/bit.ly\/2kyXZ23\" target=\"_blank\" rel=\"noopener noreferrer\">compartilhar solu\u00e7\u00f5es com o maior n\u00famero poss\u00edvel de pessoas<\/a>. O projeto foi selecionado atrav\u00e9s de um <a href=\"http:\/\/bit.ly\/2kTc8rg\" target=\"_blank\" rel=\"noopener noreferrer\">processo de revis\u00e3o por pares<\/a> com base em seu impacto na vida dos membros da comunidade, no potencial de escala e replica\u00e7\u00e3o, no grau em que a comunidade estava envolvida no desenvolvimento do projeto e no compromisso da lideran\u00e7a do projeto que representa sua comunidade.<\/p>\n<p><a href=\"https:\/\/rioonwatch.org.br\/wp-content\/uploads\/2019\/10\/TTCCano6.jpg\"><img loading=\"lazy\" decoding=\"async\" class=\"aligncenter wp-image-44133 size-content\" title=\"Paulo Roberto, presidente da Associa\u00e7\u00e3o de Moradores do Trapicheiros, visita o Ca\u00f1o.\" src=\"https:\/\/rioonwatch.org.br\/wp-content\/uploads\/2019\/10\/TTCCano6-620x264.jpg\" alt=\"\" width=\"620\" height=\"264\" srcset=\"https:\/\/rioonwatch.org.br\/wp-content\/uploads\/2019\/10\/TTCCano6-620x264.jpg 620w, https:\/\/rioonwatch.org.br\/wp-content\/uploads\/2019\/10\/TTCCano6-940x400.jpg 940w\" sizes=\"(max-width: 620px) 100vw, 620px\" \/><\/a><\/p>\n<p>Receber essa doa\u00e7\u00e3o foi uma conquista importante para o TTC do Ca\u00f1o. Dado que um componente cr\u00edtico da doa\u00e7\u00e3o envolve o compartilhamento de experi\u00eancias e conhecimentos com outros assentamentos informais em todo o mundo\u2014especialmente aqueles que sofrem as condi\u00e7\u00f5es semelhantes de falta de infraestrutura, injusti\u00e7as ambientais e <a href=\"http:\/\/bit.ly\/2hq7gD6\" target=\"_blank\" rel=\"noopener noreferrer\">amea\u00e7as de gentrifica\u00e7\u00e3o e remo\u00e7\u00e3o<\/a>\u2014ela marcou um passo decisivo para os esfor\u00e7os de espalhar o modelo do TTC do Ca\u00f1o globalmente.<\/p>\n<p><a href=\"https:\/\/rioonwatch.org.br\/wp-content\/uploads\/2019\/10\/TTCCano5.jpg\"><img loading=\"lazy\" decoding=\"async\" class=\"aligncenter wp-image-44132 size-content\" title=\"Confer\u00eancia internacional promovida pelo Ca\u00f1o Mart\u00edn Pe\u00f1a.\" src=\"https:\/\/rioonwatch.org.br\/wp-content\/uploads\/2019\/10\/TTCCano5-620x264.jpg\" alt=\"\" width=\"620\" height=\"264\" srcset=\"https:\/\/rioonwatch.org.br\/wp-content\/uploads\/2019\/10\/TTCCano5-620x264.jpg 620w, https:\/\/rioonwatch.org.br\/wp-content\/uploads\/2019\/10\/TTCCano5-940x400.jpg 940w\" sizes=\"(max-width: 620px) 100vw, 620px\" \/><\/a><\/p>\n<p>Al\u00e9m disso, em abril de 2019 a Ford Foundation financiou um <a href=\"http:\/\/bit.ly\/2pp7Zgp\" target=\"_blank\" rel=\"noopener noreferrer\">evento de interc\u00e2mbio entre 16 pa\u00edses<\/a> e uma confer\u00eancia p\u00fablica internacional em Porto Rico, organizada pelo TTC do Ca\u00f1o, com a participa\u00e7\u00e3o de grupos e l\u00edderes comunit\u00e1rios de pa\u00edses como Argentina, Bangladesh, Barbuda, Belize, Brasil, Equador, Indon\u00e9sia, M\u00e9xico e \u00c1frica do Sul. Entre outros, membros da comunidade e l\u00edderes de um campo de deslocados internos de longo prazo em Bangladesh tiveram a oportunidade de ver de perto o TTC do Ca\u00f1o, aprendendo sobre seu processo de implementa\u00e7\u00e3o e o que o modelo TTC pode alcan\u00e7ar em termos de empoderamento da comunidade, disponibilidade de moradias e seguran\u00e7a. O participante de Bangladesh Imran Ali <a href=\"http:\/\/bit.ly\/2pp7Zgp\" target=\"_blank\" rel=\"noopener noreferrer\">descreveria mais tarde o que aprendeu<\/a>, dizendo \u00e0 Global Land Alliance:<\/p>\n<p>&#8220;As li\u00e7\u00f5es que vou levar para Bangladesh incluem:<\/p>\n<ul>\n<li>A uni\u00e3o da comunidade \u00e9 o mais importante;<\/li>\n<li>Atrav\u00e9s do TTC, as pessoas que vivem em terras vulner\u00e1veis (por exemplo, propensas a inunda\u00e7\u00f5es) podem ser realocadas para moradias apropriadas e seguras;<\/li>\n<li>Os TTCs permitem a regulariza\u00e7\u00e3o da posse da terra;<\/li>\n<li>Os TTCs garantem moradias acess\u00edveis a pre\u00e7os baixos de longo prazo e evitam deslocamentos;<\/li>\n<li>A situa\u00e7\u00e3o da minha comunidade \u00e9 semelhante \u00e0s outras comunidades [que conheci] de diferentes partes do mundo.&#8221;<\/li>\n<\/ul>\n<p><a href=\"https:\/\/rioonwatch.org.br\/wp-content\/uploads\/2019\/10\/TTCCano4.jpg\"><img loading=\"lazy\" decoding=\"async\" class=\"aligncenter wp-image-44131 size-content\" title=\"Mobilizadores de habita\u00e7\u00e3o de 16 pa\u00edses compartilham reflex\u00f5es no final do interc\u00e2mbio internacional de abril de 2019.\" src=\"https:\/\/rioonwatch.org.br\/wp-content\/uploads\/2019\/10\/TTCCano4-620x264.jpg\" alt=\"\" width=\"620\" height=\"264\" srcset=\"https:\/\/rioonwatch.org.br\/wp-content\/uploads\/2019\/10\/TTCCano4-620x264.jpg 620w, https:\/\/rioonwatch.org.br\/wp-content\/uploads\/2019\/10\/TTCCano4-940x400.jpg 940w\" sizes=\"(max-width: 620px) 100vw, 620px\" \/><\/a><\/p>\n<p>Esse grupo e outros assentamentos informais de todo o mundo inspirados pelo Ca\u00f1o come\u00e7aram a considerar o modelo TTC para suas pr\u00f3prias comunidades como uma maneira de alcan\u00e7ar condi\u00e7\u00f5es de moradia melhores e mais seguras. As trocas com o Ca\u00f1o tamb\u00e9m contribuem para o desenvolvimento e fortalecimento de uma rede de especialistas, ativistas e l\u00edderes comprometidos em alcan\u00e7ar a justi\u00e7a habitacional em todo o mundo, chamando a aten\u00e7\u00e3o para o modelo TTC e seu potencial para alcan\u00e7ar moradias justas e acess\u00edveis.<\/p>\n<p>Greg Rosenberg, veterano do movimento do TTC e co-diretor do Center for CLT Innovation (Centro para a Inova\u00e7\u00e3o de TTCs), diz sem hesitar que &#8220;em termos de impacto atrav\u00e9s do modelo TTC, os assentamentos informais s\u00e3o onde podemos ter o maior impacto globalmente, e em uma escala gigante&#8221;.<\/p>\n<p><em>Essa \u00e9 a quinta mat\u00e9ria da nossa <a href=\"http:\/\/bit.ly\/TTCsPeloMundo\" target=\"_blank\" rel=\"noopener noreferrer\">s\u00e9rie sobre o crescimento global do movimento de TTCs<\/a>.<\/em><\/p>\n<p><em>*O TTC \u00e9 um arranjo fundi\u00e1rio onde os moradores s\u00e3o donos ou inquilinos nas suas casas, enquanto todos, coletivamente, atrav\u00e9s de uma associa\u00e7\u00e3o, s\u00e3o donos da terra e zelam pela comunidade como um todo. Tirando a terra da equa\u00e7\u00e3o do valor das moradias, os moradores s\u00e3o resguardados em rela\u00e7\u00e3o aos impactos nocivos de terras em \u00e1reas de especula\u00e7\u00e3o.<\/em><\/p>\n<p>**Comunidades Catalisadoras \u00e9 a associa\u00e7\u00e3o sem fins lucrativos que publica o\u00a0<em>RioOnWatch<\/em>.<\/p>\n<!-- AddThis Advanced Settings generic via filter on the_content --><!-- AddThis Share Buttons generic via filter on the_content -->","protected":false},"excerpt":{"rendered":"<div class=\"mh-excerpt\"><p>Click Here for English Em comemora\u00e7\u00e3o ao 50\u00ba anivers\u00e1rio do\u00a0New Communities, o primeiro\u00a0Termo Territorial Coletivo* do mundo, e \u00e0 medida que planejadores e moradores de TTCs se reuniram para comemorar de 2 a 5 de <a class=\"mh-excerpt-more\" href=\"https:\/\/rioonwatch.org.br\/?p=44125\" title=\"O Crescimento do Movimento Global do TTC, Parte 5: O TTC das Favelas do Porto Rico\">[&#8230;]<\/a><!-- AddThis Advanced Settings generic via filter on get_the_excerpt --><!-- AddThis Share Buttons generic via filter on get_the_excerpt --><\/p>\n<\/div>","protected":false},"author":152,"featured_media":44128,"comment_status":"closed","ping_status":"closed","sticky":false,"template":"","format":"standard","meta":{"_acf_changed":false,"_monsterinsights_skip_tracking":false,"_monsterinsights_sitenote_active":false,"_monsterinsights_sitenote_note":"","_monsterinsights_sitenote_category":0,"footnotes":""},"categories":[1621,1626,344,342],"tags":[2522,759,424,550,1037,2016,2017,358,2138,950,14,2710,711],"writer":[2399,2234],"translator":[2377],"source":[],"ilustrador":[],"fotografo":[],"class_list":{"0":"post-44125","1":"post","2":"type-post","3":"status-publish","4":"format-standard","5":"has-post-thumbnail","7":"category-destaque","8":"category-por-observadores-internacionais","9":"category-politicas","10":"category-solucoes","11":"tag-cano-martin-pena","12":"tag-comparacao-internacional","13":"tag-direito-a-moradia","14":"tag-direito-a-terra","15":"tag-moradia","16":"tag-nova-agenda-urbana","17":"tag-onu-habitat","18":"tag-organizacao-comunitaria","19":"tag-porto-rico","20":"tag-premio","21":"tag-remocao","22":"tag-serie-crescimento-global-do-movimento-ttc","23":"tag-clt","24":"writer-patricia-basile","25":"writer-priscilla-mayrink","26":"translator-camila-moraes"},"acf":[],"yoast_head":"<!-- This site is optimized with the Yoast SEO plugin v25.6 - https:\/\/yoast.com\/wordpress\/plugins\/seo\/ -->\n<title>O Crescimento do Movimento Global do TTC, Parte 5: O TTC das Favelas do Porto Rico - RioOnWatch<\/title>\n<meta name=\"robots\" content=\"index, follow, max-snippet:-1, max-image-preview:large, max-video-preview:-1\" \/>\n<link rel=\"canonical\" href=\"https:\/\/rioonwatch.org.br\/?p=44125\" \/>\n<meta property=\"og:locale\" content=\"pt_BR\" \/>\n<meta property=\"og:type\" content=\"article\" \/>\n<meta property=\"og:title\" content=\"O Crescimento do Movimento Global do TTC, Parte 5: O TTC das Favelas do Porto Rico - RioOnWatch\" \/>\n<meta property=\"og:description\" content=\"Click Here for English Em comemora\u00e7\u00e3o ao 50\u00ba anivers\u00e1rio do\u00a0New Communities, o primeiro\u00a0Termo Territorial Coletivo* do mundo, e \u00e0 medida que planejadores e moradores de TTCs se reuniram para comemorar de 2 a 5 de [...]\" \/>\n<meta property=\"og:url\" content=\"https:\/\/rioonwatch.org.br\/?p=44125\" \/>\n<meta property=\"og:site_name\" content=\"RioOnWatch\" \/>\n<meta property=\"article:published_time\" content=\"2019-11-12T16:58:15+00:00\" \/>\n<meta property=\"article:modified_time\" content=\"2023-05-09T12:55:21+00:00\" \/>\n<meta property=\"og:image\" content=\"https:\/\/rioonwatch.org.br\/wp-content\/uploads\/2019\/10\/TTCCano1.jpg\" \/>\n\t<meta property=\"og:image:width\" content=\"1460\" \/>\n\t<meta property=\"og:image:height\" content=\"830\" \/>\n\t<meta property=\"og:image:type\" content=\"image\/jpeg\" \/>\n<meta name=\"author\" content=\"Luisa Fenizola\" \/>\n<meta name=\"twitter:card\" content=\"summary_large_image\" \/>\n<meta name=\"twitter:label1\" content=\"Escrito por\" \/>\n\t<meta name=\"twitter:data1\" content=\"Luisa Fenizola\" \/>\n\t<meta name=\"twitter:label2\" content=\"Est. tempo de leitura\" \/>\n\t<meta name=\"twitter:data2\" content=\"11 minutos\" \/>\n<script type=\"application\/ld+json\" class=\"yoast-schema-graph\">{\"@context\":\"https:\/\/schema.org\",\"@graph\":[{\"@type\":\"Article\",\"@id\":\"https:\/\/rioonwatch.org.br\/?p=44125#article\",\"isPartOf\":{\"@id\":\"https:\/\/rioonwatch.org.br\/?p=44125\"},\"author\":{\"name\":\"Luisa Fenizola\",\"@id\":\"https:\/\/rioonwatch.org.br\/#\/schema\/person\/f443c6b55bb6e80842280318076491c5\"},\"headline\":\"O Crescimento do Movimento Global do TTC, Parte 5: O TTC das Favelas do Porto Rico\",\"datePublished\":\"2019-11-12T16:58:15+00:00\",\"dateModified\":\"2023-05-09T12:55:21+00:00\",\"mainEntityOfPage\":{\"@id\":\"https:\/\/rioonwatch.org.br\/?p=44125\"},\"wordCount\":2151,\"publisher\":{\"@id\":\"https:\/\/rioonwatch.org.br\/#organization\"},\"image\":{\"@id\":\"https:\/\/rioonwatch.org.br\/?p=44125#primaryimage\"},\"thumbnailUrl\":\"https:\/\/rioonwatch.org.br\/wp-content\/uploads\/2019\/10\/TTCCano1.jpg\",\"keywords\":[\"Ca\u00f1o Mart\u00edn Pe\u00f1a\",\"compara\u00e7\u00e3o internacional\",\"Direito \u00e0 Moradia\",\"direito \u00e0 terra\",\"moradia\",\"Nova Agenda Urbana \/ Habitat III\",\"ONU-Habitat\",\"organiza\u00e7\u00e3o comunit\u00e1ria\",\"Porto Rico\",\"pr\u00eamio\",\"Remo\u00e7\u00e3o\",\"S\u00e9rie: Crescimento Global do Movimento TTC\",\"Termo Territorial Coletivo (TTC) \/ Community Land Trust (CLT)\"],\"articleSection\":[\"*Destaque\",\"Escrito por Aliados\",\"Pol\u00edticas\",\"Solu\u00e7\u00f5es\"],\"inLanguage\":\"pt-BR\"},{\"@type\":\"WebPage\",\"@id\":\"https:\/\/rioonwatch.org.br\/?p=44125\",\"url\":\"https:\/\/rioonwatch.org.br\/?p=44125\",\"name\":\"O Crescimento do Movimento Global do TTC, Parte 5: O TTC das Favelas do Porto Rico - RioOnWatch\",\"isPartOf\":{\"@id\":\"https:\/\/rioonwatch.org.br\/#website\"},\"primaryImageOfPage\":{\"@id\":\"https:\/\/rioonwatch.org.br\/?p=44125#primaryimage\"},\"image\":{\"@id\":\"https:\/\/rioonwatch.org.br\/?p=44125#primaryimage\"},\"thumbnailUrl\":\"https:\/\/rioonwatch.org.br\/wp-content\/uploads\/2019\/10\/TTCCano1.jpg\",\"datePublished\":\"2019-11-12T16:58:15+00:00\",\"dateModified\":\"2023-05-09T12:55:21+00:00\",\"breadcrumb\":{\"@id\":\"https:\/\/rioonwatch.org.br\/?p=44125#breadcrumb\"},\"inLanguage\":\"pt-BR\",\"potentialAction\":[{\"@type\":\"ReadAction\",\"target\":[\"https:\/\/rioonwatch.org.br\/?p=44125\"]}]},{\"@type\":\"ImageObject\",\"inLanguage\":\"pt-BR\",\"@id\":\"https:\/\/rioonwatch.org.br\/?p=44125#primaryimage\",\"url\":\"https:\/\/rioonwatch.org.br\/wp-content\/uploads\/2019\/10\/TTCCano1.jpg\",\"contentUrl\":\"https:\/\/rioonwatch.org.br\/wp-content\/uploads\/2019\/10\/TTCCano1.jpg\",\"width\":1460,\"height\":830},{\"@type\":\"BreadcrumbList\",\"@id\":\"https:\/\/rioonwatch.org.br\/?p=44125#breadcrumb\",\"itemListElement\":[{\"@type\":\"ListItem\",\"position\":1,\"name\":\"In\u00edcio\",\"item\":\"https:\/\/rioonwatch.org.br\/\"},{\"@type\":\"ListItem\",\"position\":2,\"name\":\"O Crescimento do Movimento Global do TTC, Parte 5: O TTC das Favelas do Porto Rico\"}]},{\"@type\":\"WebSite\",\"@id\":\"https:\/\/rioonwatch.org.br\/#website\",\"url\":\"https:\/\/rioonwatch.org.br\/\",\"name\":\"RioOnWatch\",\"description\":\"relatos das favelas cariocas\",\"publisher\":{\"@id\":\"https:\/\/rioonwatch.org.br\/#organization\"},\"potentialAction\":[{\"@type\":\"SearchAction\",\"target\":{\"@type\":\"EntryPoint\",\"urlTemplate\":\"https:\/\/rioonwatch.org.br\/?s={search_term_string}\"},\"query-input\":{\"@type\":\"PropertyValueSpecification\",\"valueRequired\":true,\"valueName\":\"search_term_string\"}}],\"inLanguage\":\"pt-BR\"},{\"@type\":\"Organization\",\"@id\":\"https:\/\/rioonwatch.org.br\/#organization\",\"name\":\"RioOnWatch\",\"url\":\"https:\/\/rioonwatch.org.br\/\",\"logo\":{\"@type\":\"ImageObject\",\"inLanguage\":\"pt-BR\",\"@id\":\"https:\/\/rioonwatch.org.br\/#\/schema\/logo\/image\/\",\"url\":\"https:\/\/rioonwatch.org.br\/wp-content\/uploads\/2021\/06\/RioOnWatchcabecalhoPT11anos-2.png\",\"contentUrl\":\"https:\/\/rioonwatch.org.br\/wp-content\/uploads\/2021\/06\/RioOnWatchcabecalhoPT11anos-2.png\",\"width\":779,\"height\":277,\"caption\":\"RioOnWatch\"},\"image\":{\"@id\":\"https:\/\/rioonwatch.org.br\/#\/schema\/logo\/image\/\"}},{\"@type\":\"Person\",\"@id\":\"https:\/\/rioonwatch.org.br\/#\/schema\/person\/f443c6b55bb6e80842280318076491c5\",\"name\":\"Luisa Fenizola\",\"image\":{\"@type\":\"ImageObject\",\"inLanguage\":\"pt-BR\",\"@id\":\"https:\/\/rioonwatch.org.br\/#\/schema\/person\/image\/\",\"url\":\"https:\/\/secure.gravatar.com\/avatar\/a3d551110162b9f876cbbdaaecf75663?s=96&d=blank&r=g\",\"contentUrl\":\"https:\/\/secure.gravatar.com\/avatar\/a3d551110162b9f876cbbdaaecf75663?s=96&d=blank&r=g\",\"caption\":\"Luisa Fenizola\"},\"url\":\"https:\/\/rioonwatch.org.br\/?author=152\"}]}<\/script>\n<!-- \/ Yoast SEO plugin. -->","yoast_head_json":{"title":"O Crescimento do Movimento Global do TTC, Parte 5: O TTC das Favelas do Porto Rico - RioOnWatch","robots":{"index":"index","follow":"follow","max-snippet":"max-snippet:-1","max-image-preview":"max-image-preview:large","max-video-preview":"max-video-preview:-1"},"canonical":"https:\/\/rioonwatch.org.br\/?p=44125","og_locale":"pt_BR","og_type":"article","og_title":"O Crescimento do Movimento Global do TTC, Parte 5: O TTC das Favelas do Porto Rico - RioOnWatch","og_description":"Click Here for English Em comemora\u00e7\u00e3o ao 50\u00ba anivers\u00e1rio do\u00a0New Communities, o primeiro\u00a0Termo Territorial Coletivo* do mundo, e \u00e0 medida que planejadores e moradores de TTCs se reuniram para comemorar de 2 a 5 de [...]","og_url":"https:\/\/rioonwatch.org.br\/?p=44125","og_site_name":"RioOnWatch","article_published_time":"2019-11-12T16:58:15+00:00","article_modified_time":"2023-05-09T12:55:21+00:00","og_image":[{"width":1460,"height":830,"url":"https:\/\/rioonwatch.org.br\/wp-content\/uploads\/2019\/10\/TTCCano1.jpg","type":"image\/jpeg"}],"author":"Luisa Fenizola","twitter_card":"summary_large_image","twitter_misc":{"Escrito por":"Luisa Fenizola","Est. tempo de leitura":"11 minutos"},"schema":{"@context":"https:\/\/schema.org","@graph":[{"@type":"Article","@id":"https:\/\/rioonwatch.org.br\/?p=44125#article","isPartOf":{"@id":"https:\/\/rioonwatch.org.br\/?p=44125"},"author":{"name":"Luisa Fenizola","@id":"https:\/\/rioonwatch.org.br\/#\/schema\/person\/f443c6b55bb6e80842280318076491c5"},"headline":"O Crescimento do Movimento Global do TTC, Parte 5: O TTC das Favelas do Porto Rico","datePublished":"2019-11-12T16:58:15+00:00","dateModified":"2023-05-09T12:55:21+00:00","mainEntityOfPage":{"@id":"https:\/\/rioonwatch.org.br\/?p=44125"},"wordCount":2151,"publisher":{"@id":"https:\/\/rioonwatch.org.br\/#organization"},"image":{"@id":"https:\/\/rioonwatch.org.br\/?p=44125#primaryimage"},"thumbnailUrl":"https:\/\/rioonwatch.org.br\/wp-content\/uploads\/2019\/10\/TTCCano1.jpg","keywords":["Ca\u00f1o Mart\u00edn Pe\u00f1a","compara\u00e7\u00e3o internacional","Direito \u00e0 Moradia","direito \u00e0 terra","moradia","Nova Agenda Urbana \/ Habitat III","ONU-Habitat","organiza\u00e7\u00e3o comunit\u00e1ria","Porto Rico","pr\u00eamio","Remo\u00e7\u00e3o","S\u00e9rie: Crescimento Global do Movimento TTC","Termo Territorial Coletivo (TTC) \/ Community Land Trust (CLT)"],"articleSection":["*Destaque","Escrito por Aliados","Pol\u00edticas","Solu\u00e7\u00f5es"],"inLanguage":"pt-BR"},{"@type":"WebPage","@id":"https:\/\/rioonwatch.org.br\/?p=44125","url":"https:\/\/rioonwatch.org.br\/?p=44125","name":"O Crescimento do Movimento Global do TTC, Parte 5: O TTC das Favelas do Porto Rico - RioOnWatch","isPartOf":{"@id":"https:\/\/rioonwatch.org.br\/#website"},"primaryImageOfPage":{"@id":"https:\/\/rioonwatch.org.br\/?p=44125#primaryimage"},"image":{"@id":"https:\/\/rioonwatch.org.br\/?p=44125#primaryimage"},"thumbnailUrl":"https:\/\/rioonwatch.org.br\/wp-content\/uploads\/2019\/10\/TTCCano1.jpg","datePublished":"2019-11-12T16:58:15+00:00","dateModified":"2023-05-09T12:55:21+00:00","breadcrumb":{"@id":"https:\/\/rioonwatch.org.br\/?p=44125#breadcrumb"},"inLanguage":"pt-BR","potentialAction":[{"@type":"ReadAction","target":["https:\/\/rioonwatch.org.br\/?p=44125"]}]},{"@type":"ImageObject","inLanguage":"pt-BR","@id":"https:\/\/rioonwatch.org.br\/?p=44125#primaryimage","url":"https:\/\/rioonwatch.org.br\/wp-content\/uploads\/2019\/10\/TTCCano1.jpg","contentUrl":"https:\/\/rioonwatch.org.br\/wp-content\/uploads\/2019\/10\/TTCCano1.jpg","width":1460,"height":830},{"@type":"BreadcrumbList","@id":"https:\/\/rioonwatch.org.br\/?p=44125#breadcrumb","itemListElement":[{"@type":"ListItem","position":1,"name":"In\u00edcio","item":"https:\/\/rioonwatch.org.br\/"},{"@type":"ListItem","position":2,"name":"O Crescimento do Movimento Global do TTC, Parte 5: O TTC das Favelas do Porto Rico"}]},{"@type":"WebSite","@id":"https:\/\/rioonwatch.org.br\/#website","url":"https:\/\/rioonwatch.org.br\/","name":"RioOnWatch","description":"relatos das favelas cariocas","publisher":{"@id":"https:\/\/rioonwatch.org.br\/#organization"},"potentialAction":[{"@type":"SearchAction","target":{"@type":"EntryPoint","urlTemplate":"https:\/\/rioonwatch.org.br\/?s={search_term_string}"},"query-input":{"@type":"PropertyValueSpecification","valueRequired":true,"valueName":"search_term_string"}}],"inLanguage":"pt-BR"},{"@type":"Organization","@id":"https:\/\/rioonwatch.org.br\/#organization","name":"RioOnWatch","url":"https:\/\/rioonwatch.org.br\/","logo":{"@type":"ImageObject","inLanguage":"pt-BR","@id":"https:\/\/rioonwatch.org.br\/#\/schema\/logo\/image\/","url":"https:\/\/rioonwatch.org.br\/wp-content\/uploads\/2021\/06\/RioOnWatchcabecalhoPT11anos-2.png","contentUrl":"https:\/\/rioonwatch.org.br\/wp-content\/uploads\/2021\/06\/RioOnWatchcabecalhoPT11anos-2.png","width":779,"height":277,"caption":"RioOnWatch"},"image":{"@id":"https:\/\/rioonwatch.org.br\/#\/schema\/logo\/image\/"}},{"@type":"Person","@id":"https:\/\/rioonwatch.org.br\/#\/schema\/person\/f443c6b55bb6e80842280318076491c5","name":"Luisa Fenizola","image":{"@type":"ImageObject","inLanguage":"pt-BR","@id":"https:\/\/rioonwatch.org.br\/#\/schema\/person\/image\/","url":"https:\/\/secure.gravatar.com\/avatar\/a3d551110162b9f876cbbdaaecf75663?s=96&d=blank&r=g","contentUrl":"https:\/\/secure.gravatar.com\/avatar\/a3d551110162b9f876cbbdaaecf75663?s=96&d=blank&r=g","caption":"Luisa Fenizola"},"url":"https:\/\/rioonwatch.org.br\/?author=152"}]}},"_links":{"self":[{"href":"https:\/\/rioonwatch.org.br\/index.php?rest_route=\/wp\/v2\/posts\/44125"}],"collection":[{"href":"https:\/\/rioonwatch.org.br\/index.php?rest_route=\/wp\/v2\/posts"}],"about":[{"href":"https:\/\/rioonwatch.org.br\/index.php?rest_route=\/wp\/v2\/types\/post"}],"author":[{"embeddable":true,"href":"https:\/\/rioonwatch.org.br\/index.php?rest_route=\/wp\/v2\/users\/152"}],"replies":[{"embeddable":true,"href":"https:\/\/rioonwatch.org.br\/index.php?rest_route=%2Fwp%2Fv2%2Fcomments&post=44125"}],"version-history":[{"count":16,"href":"https:\/\/rioonwatch.org.br\/index.php?rest_route=\/wp\/v2\/posts\/44125\/revisions"}],"predecessor-version":[{"id":44426,"href":"https:\/\/rioonwatch.org.br\/index.php?rest_route=\/wp\/v2\/posts\/44125\/revisions\/44426"}],"wp:featuredmedia":[{"embeddable":true,"href":"https:\/\/rioonwatch.org.br\/index.php?rest_route=\/wp\/v2\/media\/44128"}],"wp:attachment":[{"href":"https:\/\/rioonwatch.org.br\/index.php?rest_route=%2Fwp%2Fv2%2Fmedia&parent=44125"}],"wp:term":[{"taxonomy":"category","embeddable":true,"href":"https:\/\/rioonwatch.org.br\/index.php?rest_route=%2Fwp%2Fv2%2Fcategories&post=44125"},{"taxonomy":"post_tag","embeddable":true,"href":"https:\/\/rioonwatch.org.br\/index.php?rest_route=%2Fwp%2Fv2%2Ftags&post=44125"},{"taxonomy":"writer","embeddable":true,"href":"https:\/\/rioonwatch.org.br\/index.php?rest_route=%2Fwp%2Fv2%2Fwriter&post=44125"},{"taxonomy":"translator","embeddable":true,"href":"https:\/\/rioonwatch.org.br\/index.php?rest_route=%2Fwp%2Fv2%2Ftranslator&post=44125"},{"taxonomy":"source","embeddable":true,"href":"https:\/\/rioonwatch.org.br\/index.php?rest_route=%2Fwp%2Fv2%2Fsource&post=44125"},{"taxonomy":"ilustrador","embeddable":true,"href":"https:\/\/rioonwatch.org.br\/index.php?rest_route=%2Fwp%2Fv2%2Filustrador&post=44125"},{"taxonomy":"fotografo","embeddable":true,"href":"https:\/\/rioonwatch.org.br\/index.php?rest_route=%2Fwp%2Fv2%2Ffotografo&post=44125"}],"curies":[{"name":"wp","href":"https:\/\/api.w.org\/{rel}","templated":true}]}}